{"id":135361,"date":"2021-02-10T14:36:45","date_gmt":"2021-02-10T18:36:45","guid":{"rendered":"https:\/\/digital58.com.ve\/site\/?p=135361"},"modified":"2021-02-10T14:36:45","modified_gmt":"2021-02-10T18:36:45","slug":"zulia-distribuyen-agua-potable-en-comunidades-de-la-parroquia-el-bajo","status":"publish","type":"post","link":"https:\/\/digital58.com.ve\/site\/2021\/02\/10\/zulia-distribuyen-agua-potable-en-comunidades-de-la-parroquia-el-bajo\/","title":{"rendered":"#Zulia: Distribuyen agua potable en comunidades de la parroquia \u00abEl Bajo\u00bb"},"content":{"rendered":"<p><a href=\"https:\/\/digital58.com.ve\/site\/wp-content\/uploads\/2021\/02\/photo_2021-02-10_14-34-58.jpg\"><img loading=\"lazy\" decoding=\"async\" class=\"aligncenter size-full wp-image-135362\" src=\"https:\/\/digital58.com.ve\/site\/wp-content\/uploads\/2021\/02\/photo_2021-02-10_14-34-58.jpg\" alt=\"\" width=\"581\" height=\"587\" srcset=\"https:\/\/digital58.com.ve\/site\/wp-content\/uploads\/2021\/02\/photo_2021-02-10_14-34-58.jpg 581w, https:\/\/digital58.com.ve\/site\/wp-content\/uploads\/2021\/02\/photo_2021-02-10_14-34-58-297x300.jpg 297w\" sizes=\"auto, (max-width: 581px) 100vw, 581px\" \/><\/a><\/p>\n<p>Durante tres d\u00edas se llev\u00f3 a cabo un despliegue de distribuci\u00f3n de agua gratuita, a trav\u00e9s de cisternas, en las comunidades Mucubaj\u00ed, Playa Villa y San Miguel, parroquia El Bajo, de la ciudad de San Francisco, en pro de alivianar la falta del preciado l\u00edquido en la entidad sure\u00f1a.<\/p>\n<p><strong>San Francisco, Zulia, Venezuela, 10 de febrero de 2021 (ND58).-<\/strong> La distribuci\u00f3n se llev\u00f3 a cabo por instrucciones del Alcalde de San Francisco, Lcdo. Dirwings Arrieta, y cont\u00f3 con el apoyo de la Concejala Erebia Berm\u00fadez, la vocera Milani Barboza, junto a la empresa privada, para de esta manera trabajar unidos en la atenci\u00f3n de los habitantes sanfranciscanos, garantizando el bienestar social, como parte de los lineamientos nacionales del Presidente Nicol\u00e1s Maduro.<\/p>\n<p>Cabe destacar que este despliegue en la Ciudad de San Francisco se realiz\u00f3 en el marco del plan de atenci\u00f3n de los servicios p\u00fablicos, as\u00ed como tambi\u00e9n forma parte de los acuerdos alcanzados en consenso con la Alcald\u00eda de la localidad sure\u00f1a, Concejo Municipal, aguadas y gremio de los camiones cisternas.<\/p><div class=\"vewxt69f10e6264adb\" ><p style=\"text-align: center;\"><a href=\"https:\/\/t.me\/noticiasdigital58\" target=\"_blank\" rel=\"noopener\"><img class=\"aligncenter size-full wp-image-125363\" src=\"https:\/\/digital58.com.ve\/site\/wp-content\/uploads\/2021\/04\/banner-telegram-web-2021.png\" alt=\"\" width=\"600\" height=\"90\" \/><\/a><\/p><\/div><style type=\"text\/css\">\r\n@media screen and (min-width: 1201px) {\r\n.vewxt69f10e6264adb {\r\ndisplay: block;\r\n}\r\n}\r\n@media screen and (min-width: 993px) and (max-width: 1200px) {\r\n.vewxt69f10e6264adb {\r\ndisplay: block;\r\n}\r\n}\r\n@media screen and (min-width: 769px) and (max-width: 992px) {\r\n.vewxt69f10e6264adb {\r\ndisplay: block;\r\n}\r\n}\r\n@media screen and (min-width: 768px) and (max-width: 768px) {\r\n.vewxt69f10e6264adb {\r\ndisplay: block;\r\n}\r\n}\r\n@media screen and (max-width: 767px) {\r\n.vewxt69f10e6264adb {\r\ndisplay: block;\r\n}\r\n}\r\n<\/style>\r\n\n<p><strong>Redacci\u00f3n ND58 | Fuente: Molero, Luis<\/strong><br \/>\n<strong>Edici\u00f3n: Villasmil, Henry<\/strong><br \/>\n<strong>Gr\u00e1ficas: Cortes\u00eda<\/strong><\/p>\n<div style=\"margin-top: 0px; margin-bottom: 0px;\" class=\"sharethis-inline-share-buttons\" ><\/div>","protected":false},"excerpt":{"rendered":"<p>Durante tres d\u00edas se llev\u00f3 a cabo un despliegue de distribuci\u00f3n de agua gratuita, a trav\u00e9s de cisternas, en las<\/p>\n","protected":false},"author":1,"featured_media":135362,"comment_status":"open","ping_status":"closed","sticky":false,"template":"","format":"standard","meta":{"colormag_page_container_layout":"default_layout","colormag_page_sidebar_layout":"default_layout","_uag_custom_page_level_css":"","footnotes":""},"categories":[14504],"tags":[13455,4205,5816,233,14767,2354,32,761],"class_list":["post-135361","post","type-post","status-publish","format-standard","has-post-thumbnail","hentry","category-zulia","tag-agua-potable","tag-alcaldia-de-san-francisco","tag-municipio-san-francisco","tag-nacionales","tag-parroquia-el-bajo","tag-regionales","tag-venezuela","tag-zulia"],"yoast_head":"<!-- This site is optimized with the Yoast SEO plugin v27.5 - https:\/\/yoast.com\/product\/yoast-seo-wordpress\/ -->\n<title>#Zulia: Distribuyen agua potable en comunidades de la parroquia \u00abEl Bajo\u00bb<\/title>\n<meta name=\"description\" content=\"Zulia\" \/>\n<meta name=\"robots\" content=\"index, follow, max-snippet:-1, max-image-preview:large, max-video-preview:-1\" \/>\n<link rel=\"canonical\" href=\"https:\/\/digital58.com.ve\/site\/2021\/02\/10\/zulia-distribuyen-agua-potable-en-comunidades-de-la-parroquia-el-bajo\/\" \/>\n<meta property=\"og:locale\" content=\"es_ES\" \/>\n<meta property=\"og:type\" content=\"article\" \/>\n<meta property=\"og:title\" content=\"#Zulia: Distribuyen agua potable en comunidades de la parroquia \u00abEl Bajo\u00bb\" \/>\n<meta property=\"og:description\" content=\"Zulia\" \/>\n<meta property=\"og:url\" content=\"https:\/\/digital58.com.ve\/site\/2021\/02\/10\/zulia-distribuyen-agua-potable-en-comunidades-de-la-parroquia-el-bajo\/\" \/>\n<meta property=\"og:site_name\" content=\"Noticias Digital58\" \/>\n<meta property=\"article:published_time\" content=\"2021-02-10T18:36:45+00:00\" \/>\n<meta property=\"og:image\" content=\"https:\/\/digital58.com.ve\/site\/wp-content\/uploads\/2021\/02\/photo_2021-02-10_14-34-58.jpg\" \/>\n\t<meta property=\"og:image:width\" content=\"581\" \/>\n\t<meta property=\"og:image:height\" content=\"587\" \/>\n\t<meta property=\"og:image:type\" content=\"image\/jpeg\" \/>\n<meta name=\"author\" content=\"Villasmil Henry\" \/>\n<meta name=\"twitter:card\" content=\"summary_large_image\" \/>\n<meta name=\"twitter:creator\" content=\"@https:\/\/twitter.com\/villasmilhfoto\" \/>\n<meta name=\"twitter:site\" content=\"@villasmilhfoto\" \/>\n<meta name=\"twitter:label1\" content=\"Escrito por\" \/>\n\t<meta name=\"twitter:data1\" content=\"Villasmil Henry\" \/>\n\t<meta name=\"twitter:label2\" content=\"Tiempo estimado de lectura\" \/>\n\t<meta name=\"twitter:data2\" content=\"2 minutos\" \/>\n<script type=\"application\/ld+json\" class=\"yoast-schema-graph\">{\"@context\":\"https:\\\/\\\/schema.org\",\"@graph\":[{\"@type\":\"Article\",\"@id\":\"https:\\\/\\\/digital58.com.ve\\\/site\\\/2021\\\/02\\\/10\\\/zulia-distribuyen-agua-potable-en-comunidades-de-la-parroquia-el-bajo\\\/#article\",\"isPartOf\":{\"@id\":\"https:\\\/\\\/digital58.com.ve\\\/site\\\/2021\\\/02\\\/10\\\/zulia-distribuyen-agua-potable-en-comunidades-de-la-parroquia-el-bajo\\\/\"},\"author\":{\"name\":\"Villasmil Henry\",\"@id\":\"https:\\\/\\\/digital58.com.ve\\\/site\\\/#\\\/schema\\\/person\\\/64d1c2e4d0d4fd1b849980c4331c2951\"},\"headline\":\"#Zulia: Distribuyen agua potable en comunidades de la parroquia \u00abEl Bajo\u00bb\",\"datePublished\":\"2021-02-10T18:36:45+00:00\",\"mainEntityOfPage\":{\"@id\":\"https:\\\/\\\/digital58.com.ve\\\/site\\\/2021\\\/02\\\/10\\\/zulia-distribuyen-agua-potable-en-comunidades-de-la-parroquia-el-bajo\\\/\"},\"wordCount\":210,\"commentCount\":0,\"publisher\":{\"@id\":\"https:\\\/\\\/digital58.com.ve\\\/site\\\/#\\\/schema\\\/person\\\/64d1c2e4d0d4fd1b849980c4331c2951\"},\"image\":{\"@id\":\"https:\\\/\\\/digital58.com.ve\\\/site\\\/2021\\\/02\\\/10\\\/zulia-distribuyen-agua-potable-en-comunidades-de-la-parroquia-el-bajo\\\/#primaryimage\"},\"thumbnailUrl\":\"https:\\\/\\\/digital58.com.ve\\\/site\\\/wp-content\\\/uploads\\\/2021\\\/02\\\/photo_2021-02-10_14-34-58.jpg\",\"keywords\":[\"Agua Potable\",\"Alcald\u00eda de San Francisco\",\"Municipio San Francisco\",\"Nacionales\",\"Parroquia El Bajo\",\"Regionales\",\"Venezuela\",\"Zulia\"],\"articleSection\":[\"Zulia\"],\"inLanguage\":\"es\",\"potentialAction\":[{\"@type\":\"CommentAction\",\"name\":\"Comment\",\"target\":[\"https:\\\/\\\/digital58.com.ve\\\/site\\\/2021\\\/02\\\/10\\\/zulia-distribuyen-agua-potable-en-comunidades-de-la-parroquia-el-bajo\\\/#respond\"]}]},{\"@type\":\"WebPage\",\"@id\":\"https:\\\/\\\/digital58.com.ve\\\/site\\\/2021\\\/02\\\/10\\\/zulia-distribuyen-agua-potable-en-comunidades-de-la-parroquia-el-bajo\\\/\",\"url\":\"https:\\\/\\\/digital58.com.ve\\\/site\\\/2021\\\/02\\\/10\\\/zulia-distribuyen-agua-potable-en-comunidades-de-la-parroquia-el-bajo\\\/\",\"name\":\"#Zulia: Distribuyen agua potable en comunidades de la parroquia \u00abEl Bajo\u00bb\",\"isPartOf\":{\"@id\":\"https:\\\/\\\/digital58.com.ve\\\/site\\\/#website\"},\"primaryImageOfPage\":{\"@id\":\"https:\\\/\\\/digital58.com.ve\\\/site\\\/2021\\\/02\\\/10\\\/zulia-distribuyen-agua-potable-en-comunidades-de-la-parroquia-el-bajo\\\/#primaryimage\"},\"image\":{\"@id\":\"https:\\\/\\\/digital58.com.ve\\\/site\\\/2021\\\/02\\\/10\\\/zulia-distribuyen-agua-potable-en-comunidades-de-la-parroquia-el-bajo\\\/#primaryimage\"},\"thumbnailUrl\":\"https:\\\/\\\/digital58.com.ve\\\/site\\\/wp-content\\\/uploads\\\/2021\\\/02\\\/photo_2021-02-10_14-34-58.jpg\",\"datePublished\":\"2021-02-10T18:36:45+00:00\",\"description\":\"Zulia\",\"breadcrumb\":{\"@id\":\"https:\\\/\\\/digital58.com.ve\\\/site\\\/2021\\\/02\\\/10\\\/zulia-distribuyen-agua-potable-en-comunidades-de-la-parroquia-el-bajo\\\/#breadcrumb\"},\"inLanguage\":\"es\",\"potentialAction\":[{\"@type\":\"ReadAction\",\"target\":[\"https:\\\/\\\/digital58.com.ve\\\/site\\\/2021\\\/02\\\/10\\\/zulia-distribuyen-agua-potable-en-comunidades-de-la-parroquia-el-bajo\\\/\"]}]},{\"@type\":\"ImageObject\",\"inLanguage\":\"es\",\"@id\":\"https:\\\/\\\/digital58.com.ve\\\/site\\\/2021\\\/02\\\/10\\\/zulia-distribuyen-agua-potable-en-comunidades-de-la-parroquia-el-bajo\\\/#primaryimage\",\"url\":\"https:\\\/\\\/digital58.com.ve\\\/site\\\/wp-content\\\/uploads\\\/2021\\\/02\\\/photo_2021-02-10_14-34-58.jpg\",\"contentUrl\":\"https:\\\/\\\/digital58.com.ve\\\/site\\\/wp-content\\\/uploads\\\/2021\\\/02\\\/photo_2021-02-10_14-34-58.jpg\",\"width\":581,\"height\":587},{\"@type\":\"BreadcrumbList\",\"@id\":\"https:\\\/\\\/digital58.com.ve\\\/site\\\/2021\\\/02\\\/10\\\/zulia-distribuyen-agua-potable-en-comunidades-de-la-parroquia-el-bajo\\\/#breadcrumb\",\"itemListElement\":[{\"@type\":\"ListItem\",\"position\":1,\"name\":\"Home\",\"item\":\"https:\\\/\\\/digital58.com.ve\\\/site\\\/\"},{\"@type\":\"ListItem\",\"position\":2,\"name\":\"#Zulia: Distribuyen agua potable en comunidades de la parroquia \u00abEl Bajo\u00bb\"}]},{\"@type\":\"WebSite\",\"@id\":\"https:\\\/\\\/digital58.com.ve\\\/site\\\/#website\",\"url\":\"https:\\\/\\\/digital58.com.ve\\\/site\\\/\",\"name\":\"Noticias Digital58\",\"description\":\"Portal de Noticias \u00a1Periodismo web de verdad! Lanzamiento web 22.11.2005 \\\/ Maracaibo, Venezuela\",\"publisher\":{\"@id\":\"https:\\\/\\\/digital58.com.ve\\\/site\\\/#\\\/schema\\\/person\\\/64d1c2e4d0d4fd1b849980c4331c2951\"},\"alternateName\":\"ND58\",\"potentialAction\":[{\"@type\":\"SearchAction\",\"target\":{\"@type\":\"EntryPoint\",\"urlTemplate\":\"https:\\\/\\\/digital58.com.ve\\\/site\\\/?s={search_term_string}\"},\"query-input\":{\"@type\":\"PropertyValueSpecification\",\"valueRequired\":true,\"valueName\":\"search_term_string\"}}],\"inLanguage\":\"es\"},{\"@type\":[\"Person\",\"Organization\"],\"@id\":\"https:\\\/\\\/digital58.com.ve\\\/site\\\/#\\\/schema\\\/person\\\/64d1c2e4d0d4fd1b849980c4331c2951\",\"name\":\"Villasmil Henry\",\"image\":{\"@type\":\"ImageObject\",\"inLanguage\":\"es\",\"@id\":\"https:\\\/\\\/secure.gravatar.com\\\/avatar\\\/bb0c4a2fcb7970138239f7e404ea75757b1b507b28b5ce4c53fbd62d797c5a7c?s=96&d=mm&r=g\",\"url\":\"https:\\\/\\\/secure.gravatar.com\\\/avatar\\\/bb0c4a2fcb7970138239f7e404ea75757b1b507b28b5ce4c53fbd62d797c5a7c?s=96&d=mm&r=g\",\"contentUrl\":\"https:\\\/\\\/secure.gravatar.com\\\/avatar\\\/bb0c4a2fcb7970138239f7e404ea75757b1b507b28b5ce4c53fbd62d797c5a7c?s=96&d=mm&r=g\",\"caption\":\"Villasmil Henry\"},\"logo\":{\"@id\":\"https:\\\/\\\/secure.gravatar.com\\\/avatar\\\/bb0c4a2fcb7970138239f7e404ea75757b1b507b28b5ce4c53fbd62d797c5a7c?s=96&d=mm&r=g\"},\"sameAs\":[\"http:\\\/\\\/www.henryvillasmil.com.ve\",\"https:\\\/\\\/www.instagram.com\\\/villasmilhfoto\\\/\",\"https:\\\/\\\/x.com\\\/https:\\\/\\\/twitter.com\\\/villasmilhfoto\"],\"url\":\"https:\\\/\\\/digital58.com.ve\\\/site\\\/author\\\/droopy_68\\\/\"}]}<\/script>\n<!-- \/ Yoast SEO plugin. -->","yoast_head_json":{"title":"#Zulia: Distribuyen agua potable en comunidades de la parroquia \u00abEl Bajo\u00bb","description":"Zulia","robots":{"index":"index","follow":"follow","max-snippet":"max-snippet:-1","max-image-preview":"max-image-preview:large","max-video-preview":"max-video-preview:-1"},"canonical":"https:\/\/digital58.com.ve\/site\/2021\/02\/10\/zulia-distribuyen-agua-potable-en-comunidades-de-la-parroquia-el-bajo\/","og_locale":"es_ES","og_type":"article","og_title":"#Zulia: Distribuyen agua potable en comunidades de la parroquia \u00abEl Bajo\u00bb","og_description":"Zulia","og_url":"https:\/\/digital58.com.ve\/site\/2021\/02\/10\/zulia-distribuyen-agua-potable-en-comunidades-de-la-parroquia-el-bajo\/","og_site_name":"Noticias Digital58","article_published_time":"2021-02-10T18:36:45+00:00","og_image":[{"width":581,"height":587,"url":"https:\/\/digital58.com.ve\/site\/wp-content\/uploads\/2021\/02\/photo_2021-02-10_14-34-58.jpg","type":"image\/jpeg"}],"author":"Villasmil Henry","twitter_card":"summary_large_image","twitter_creator":"@https:\/\/twitter.com\/villasmilhfoto","twitter_site":"@villasmilhfoto","twitter_misc":{"Escrito por":"Villasmil Henry","Tiempo estimado de lectura":"2 minutos"},"schema":{"@context":"https:\/\/schema.org","@graph":[{"@type":"Article","@id":"https:\/\/digital58.com.ve\/site\/2021\/02\/10\/zulia-distribuyen-agua-potable-en-comunidades-de-la-parroquia-el-bajo\/#article","isPartOf":{"@id":"https:\/\/digital58.com.ve\/site\/2021\/02\/10\/zulia-distribuyen-agua-potable-en-comunidades-de-la-parroquia-el-bajo\/"},"author":{"name":"Villasmil Henry","@id":"https:\/\/digital58.com.ve\/site\/#\/schema\/person\/64d1c2e4d0d4fd1b849980c4331c2951"},"headline":"#Zulia: Distribuyen agua potable en comunidades de la parroquia \u00abEl Bajo\u00bb","datePublished":"2021-02-10T18:36:45+00:00","mainEntityOfPage":{"@id":"https:\/\/digital58.com.ve\/site\/2021\/02\/10\/zulia-distribuyen-agua-potable-en-comunidades-de-la-parroquia-el-bajo\/"},"wordCount":210,"commentCount":0,"publisher":{"@id":"https:\/\/digital58.com.ve\/site\/#\/schema\/person\/64d1c2e4d0d4fd1b849980c4331c2951"},"image":{"@id":"https:\/\/digital58.com.ve\/site\/2021\/02\/10\/zulia-distribuyen-agua-potable-en-comunidades-de-la-parroquia-el-bajo\/#primaryimage"},"thumbnailUrl":"https:\/\/digital58.com.ve\/site\/wp-content\/uploads\/2021\/02\/photo_2021-02-10_14-34-58.jpg","keywords":["Agua Potable","Alcald\u00eda de San Francisco","Municipio San Francisco","Nacionales","Parroquia El Bajo","Regionales","Venezuela","Zulia"],"articleSection":["Zulia"],"inLanguage":"es","potentialAction":[{"@type":"CommentAction","name":"Comment","target":["https:\/\/digital58.com.ve\/site\/2021\/02\/10\/zulia-distribuyen-agua-potable-en-comunidades-de-la-parroquia-el-bajo\/#respond"]}]},{"@type":"WebPage","@id":"https:\/\/digital58.com.ve\/site\/2021\/02\/10\/zulia-distribuyen-agua-potable-en-comunidades-de-la-parroquia-el-bajo\/","url":"https:\/\/digital58.com.ve\/site\/2021\/02\/10\/zulia-distribuyen-agua-potable-en-comunidades-de-la-parroquia-el-bajo\/","name":"#Zulia: Distribuyen agua potable en comunidades de la parroquia \u00abEl Bajo\u00bb","isPartOf":{"@id":"https:\/\/digital58.com.ve\/site\/#website"},"primaryImageOfPage":{"@id":"https:\/\/digital58.com.ve\/site\/2021\/02\/10\/zulia-distribuyen-agua-potable-en-comunidades-de-la-parroquia-el-bajo\/#primaryimage"},"image":{"@id":"https:\/\/digital58.com.ve\/site\/2021\/02\/10\/zulia-distribuyen-agua-potable-en-comunidades-de-la-parroquia-el-bajo\/#primaryimage"},"thumbnailUrl":"https:\/\/digital58.com.ve\/site\/wp-content\/uploads\/2021\/02\/photo_2021-02-10_14-34-58.jpg","datePublished":"2021-02-10T18:36:45+00:00","description":"Zulia","breadcrumb":{"@id":"https:\/\/digital58.com.ve\/site\/2021\/02\/10\/zulia-distribuyen-agua-potable-en-comunidades-de-la-parroquia-el-bajo\/#breadcrumb"},"inLanguage":"es","potentialAction":[{"@type":"ReadAction","target":["https:\/\/digital58.com.ve\/site\/2021\/02\/10\/zulia-distribuyen-agua-potable-en-comunidades-de-la-parroquia-el-bajo\/"]}]},{"@type":"ImageObject","inLanguage":"es","@id":"https:\/\/digital58.com.ve\/site\/2021\/02\/10\/zulia-distribuyen-agua-potable-en-comunidades-de-la-parroquia-el-bajo\/#primaryimage","url":"https:\/\/digital58.com.ve\/site\/wp-content\/uploads\/2021\/02\/photo_2021-02-10_14-34-58.jpg","contentUrl":"https:\/\/digital58.com.ve\/site\/wp-content\/uploads\/2021\/02\/photo_2021-02-10_14-34-58.jpg","width":581,"height":587},{"@type":"BreadcrumbList","@id":"https:\/\/digital58.com.ve\/site\/2021\/02\/10\/zulia-distribuyen-agua-potable-en-comunidades-de-la-parroquia-el-bajo\/#breadcrumb","itemListElement":[{"@type":"ListItem","position":1,"name":"Home","item":"https:\/\/digital58.com.ve\/site\/"},{"@type":"ListItem","position":2,"name":"#Zulia: Distribuyen agua potable en comunidades de la parroquia \u00abEl Bajo\u00bb"}]},{"@type":"WebSite","@id":"https:\/\/digital58.com.ve\/site\/#website","url":"https:\/\/digital58.com.ve\/site\/","name":"Noticias Digital58","description":"Portal de Noticias \u00a1Periodismo web de verdad! Lanzamiento web 22.11.2005 \/ Maracaibo, Venezuela","publisher":{"@id":"https:\/\/digital58.com.ve\/site\/#\/schema\/person\/64d1c2e4d0d4fd1b849980c4331c2951"},"alternateName":"ND58","potentialAction":[{"@type":"SearchAction","target":{"@type":"EntryPoint","urlTemplate":"https:\/\/digital58.com.ve\/site\/?s={search_term_string}"},"query-input":{"@type":"PropertyValueSpecification","valueRequired":true,"valueName":"search_term_string"}}],"inLanguage":"es"},{"@type":["Person","Organization"],"@id":"https:\/\/digital58.com.ve\/site\/#\/schema\/person\/64d1c2e4d0d4fd1b849980c4331c2951","name":"Villasmil Henry","image":{"@type":"ImageObject","inLanguage":"es","@id":"https:\/\/secure.gravatar.com\/avatar\/bb0c4a2fcb7970138239f7e404ea75757b1b507b28b5ce4c53fbd62d797c5a7c?s=96&d=mm&r=g","url":"https:\/\/secure.gravatar.com\/avatar\/bb0c4a2fcb7970138239f7e404ea75757b1b507b28b5ce4c53fbd62d797c5a7c?s=96&d=mm&r=g","contentUrl":"https:\/\/secure.gravatar.com\/avatar\/bb0c4a2fcb7970138239f7e404ea75757b1b507b28b5ce4c53fbd62d797c5a7c?s=96&d=mm&r=g","caption":"Villasmil Henry"},"logo":{"@id":"https:\/\/secure.gravatar.com\/avatar\/bb0c4a2fcb7970138239f7e404ea75757b1b507b28b5ce4c53fbd62d797c5a7c?s=96&d=mm&r=g"},"sameAs":["http:\/\/www.henryvillasmil.com.ve","https:\/\/www.instagram.com\/villasmilhfoto\/","https:\/\/x.com\/https:\/\/twitter.com\/villasmilhfoto"],"url":"https:\/\/digital58.com.ve\/site\/author\/droopy_68\/"}]}},"uagb_featured_image_src":{"full":["https:\/\/digital58.com.ve\/site\/wp-content\/uploads\/2021\/02\/photo_2021-02-10_14-34-58.jpg",581,587,false],"thumbnail":["https:\/\/digital58.com.ve\/site\/wp-content\/uploads\/2021\/02\/photo_2021-02-10_14-34-58-150x150.jpg",150,150,true],"medium":["https:\/\/digital58.com.ve\/site\/wp-content\/uploads\/2021\/02\/photo_2021-02-10_14-34-58-297x300.jpg",297,300,true],"medium_large":["https:\/\/digital58.com.ve\/site\/wp-content\/uploads\/2021\/02\/photo_2021-02-10_14-34-58.jpg",581,587,false],"large":["https:\/\/digital58.com.ve\/site\/wp-content\/uploads\/2021\/02\/photo_2021-02-10_14-34-58.jpg",581,587,false],"1536x1536":["https:\/\/digital58.com.ve\/site\/wp-content\/uploads\/2021\/02\/photo_2021-02-10_14-34-58.jpg",581,587,false],"2048x2048":["https:\/\/digital58.com.ve\/site\/wp-content\/uploads\/2021\/02\/photo_2021-02-10_14-34-58.jpg",581,587,false],"colormag-highlighted-post":["https:\/\/digital58.com.ve\/site\/wp-content\/uploads\/2021\/02\/photo_2021-02-10_14-34-58.jpg",269,272,false],"colormag-featured-post-medium":["https:\/\/digital58.com.ve\/site\/wp-content\/uploads\/2021\/02\/photo_2021-02-10_14-34-58.jpg",203,205,false],"colormag-featured-post-small":["https:\/\/digital58.com.ve\/site\/wp-content\/uploads\/2021\/02\/photo_2021-02-10_14-34-58.jpg",89,90,false],"colormag-featured-image":["https:\/\/digital58.com.ve\/site\/wp-content\/uploads\/2021\/02\/photo_2021-02-10_14-34-58.jpg",440,445,false],"colormag-default-news":["https:\/\/digital58.com.ve\/site\/wp-content\/uploads\/2021\/02\/photo_2021-02-10_14-34-58.jpg",148,150,false],"colormag-featured-image-large":["https:\/\/digital58.com.ve\/site\/wp-content\/uploads\/2021\/02\/photo_2021-02-10_14-34-58.jpg",581,587,false]},"uagb_author_info":{"display_name":"Villasmil Henry","author_link":"https:\/\/digital58.com.ve\/site\/author\/droopy_68\/"},"uagb_comment_info":0,"uagb_excerpt":"Durante tres d\u00edas se llev\u00f3 a cabo un despliegue de distribuci\u00f3n de agua gratuita, a trav\u00e9s de cisternas, en las","_links":{"self":[{"href":"https:\/\/digital58.com.ve\/site\/wp-json\/wp\/v2\/posts\/135361","targetHints":{"allow":["GET"]}}],"collection":[{"href":"https:\/\/digital58.com.ve\/site\/wp-json\/wp\/v2\/posts"}],"about":[{"href":"https:\/\/digital58.com.ve\/site\/wp-json\/wp\/v2\/types\/post"}],"author":[{"embeddable":true,"href":"https:\/\/digital58.com.ve\/site\/wp-json\/wp\/v2\/users\/1"}],"replies":[{"embeddable":true,"href":"https:\/\/digital58.com.ve\/site\/wp-json\/wp\/v2\/comments?post=135361"}],"version-history":[{"count":0,"href":"https:\/\/digital58.com.ve\/site\/wp-json\/wp\/v2\/posts\/135361\/revisions"}],"wp:featuredmedia":[{"embeddable":true,"href":"https:\/\/digital58.com.ve\/site\/wp-json\/wp\/v2\/media\/135362"}],"wp:attachment":[{"href":"https:\/\/digital58.com.ve\/site\/wp-json\/wp\/v2\/media?parent=135361"}],"wp:term":[{"taxonomy":"category","embeddable":true,"href":"https:\/\/digital58.com.ve\/site\/wp-json\/wp\/v2\/categories?post=135361"},{"taxonomy":"post_tag","embeddable":true,"href":"https:\/\/digital58.com.ve\/site\/wp-json\/wp\/v2\/tags?post=135361"}],"curies":[{"name":"wp","href":"https:\/\/api.w.org\/{rel}","templated":true}]}}