{"id":135411,"date":"2021-02-12T13:19:58","date_gmt":"2021-02-12T17:19:58","guid":{"rendered":"https:\/\/digital58.com.ve\/site\/?p=135411"},"modified":"2021-02-12T13:26:21","modified_gmt":"2021-02-12T17:26:21","slug":"corpoelec-reemplazo-transformador-danado-en-la-parroquia-los-cortijos-de-san-francisco","status":"publish","type":"post","link":"https:\/\/digital58.com.ve\/site\/2021\/02\/12\/corpoelec-reemplazo-transformador-danado-en-la-parroquia-los-cortijos-de-san-francisco\/","title":{"rendered":"Corpoelec reemplaz\u00f3 transformador da\u00f1ado en la parroquia Los Cortijos de San Francisco"},"content":{"rendered":"<p><img loading=\"lazy\" decoding=\"async\" class=\"aligncenter wp-image-135413\" src=\"https:\/\/digital58.com.ve\/site\/wp-content\/uploads\/2021\/02\/Diseno-sin-titulo-10-300x300.png\" alt=\"\" width=\"600\" height=\"600\" srcset=\"https:\/\/digital58.com.ve\/site\/wp-content\/uploads\/2021\/02\/Diseno-sin-titulo-10-300x300.png 300w, https:\/\/digital58.com.ve\/site\/wp-content\/uploads\/2021\/02\/Diseno-sin-titulo-10-1024x1024.png 1024w, https:\/\/digital58.com.ve\/site\/wp-content\/uploads\/2021\/02\/Diseno-sin-titulo-10-150x150.png 150w, https:\/\/digital58.com.ve\/site\/wp-content\/uploads\/2021\/02\/Diseno-sin-titulo-10-768x768.png 768w, https:\/\/digital58.com.ve\/site\/wp-content\/uploads\/2021\/02\/Diseno-sin-titulo-10.png 1080w\" sizes=\"auto, (max-width: 600px) 100vw, 600px\" \/><\/p>\n<p>M\u00e1s de 50 familias que habitan en la calle 11 del sector Santa Fe 2, parroquia Los Cortijos de la ciudad de San Francisco, se vieron beneficiadas al ser remplazado un transformador da\u00f1ado que no les permit\u00eda disfrutar del servicio el\u00e9ctrico.<\/p>\n<p><strong>San Francisco, Zulia, Venezuela 12 de febrero de 2021 (ND58).-<\/strong> Los trabajos fueron realizados por el equipo de Corpoelec San Francisco, cumpliendo instrucciones del Gobernador del Zulia, Econ. Omar Prieto, y el Alcalde de la ciudad Dirwings Arrieta, quienes d\u00edas antes se hab\u00edan comprometido con la comunidad sure\u00f1a a sustituir el generador el\u00e9ctrico, as\u00ed como lo ejecutaron en la comunidad M\u00fcller Rojas, del sector Santa Fe 2, con el reemplazo de dos transformadores da\u00f1ados.<\/p>\n<p><img loading=\"lazy\" decoding=\"async\" class=\"aligncenter wp-image-135414\" src=\"https:\/\/digital58.com.ve\/site\/wp-content\/uploads\/2021\/02\/Diseno-sin-titulo-11-300x300.png\" alt=\"\" width=\"600\" height=\"600\" srcset=\"https:\/\/digital58.com.ve\/site\/wp-content\/uploads\/2021\/02\/Diseno-sin-titulo-11-300x300.png 300w, https:\/\/digital58.com.ve\/site\/wp-content\/uploads\/2021\/02\/Diseno-sin-titulo-11-1024x1024.png 1024w, https:\/\/digital58.com.ve\/site\/wp-content\/uploads\/2021\/02\/Diseno-sin-titulo-11-150x150.png 150w, https:\/\/digital58.com.ve\/site\/wp-content\/uploads\/2021\/02\/Diseno-sin-titulo-11-768x768.png 768w, https:\/\/digital58.com.ve\/site\/wp-content\/uploads\/2021\/02\/Diseno-sin-titulo-11.png 1080w\" sizes=\"auto, (max-width: 600px) 100vw, 600px\" \/><\/p>\n<p>En la jornada de sustituci\u00f3n del transformador estuvo presente el concejal Ram\u00f3n Isea, vicepresidente del Concejo Municipal de San Francisco, junto al gerente de Corpoelec de la localidad sure\u00f1a, Yonder Medina.<\/p>\n<p>De esta manera se contin\u00faa dando respuesta a las comunidades con el objetivo de atender las necesidades en materia de servicios p\u00fablicos, como una de las pol\u00edticas principales del presidente Nicol\u00e1s Maduro.<\/p>\n<p><strong>Redacci\u00f3n ND58 | Fuente: Luis Molero<\/strong><br \/>\n<strong>Edici\u00f3n: Villasmil, Henry<\/strong><br \/>\n<strong>Gr\u00e1fica: Cortes\u00eda<\/strong><\/p>\n<p><strong><em>\u00a0<\/em><\/strong><\/p><div class=\"dxcvs69ee428fd7e14\" ><p style=\"text-align: center;\"><a href=\"https:\/\/t.me\/noticiasdigital58\" target=\"_blank\" rel=\"noopener\"><img class=\"aligncenter size-full wp-image-125363\" src=\"https:\/\/digital58.com.ve\/site\/wp-content\/uploads\/2021\/04\/banner-telegram-web-2021.png\" alt=\"\" width=\"600\" height=\"90\" \/><\/a><\/p><\/div><style type=\"text\/css\">\r\n@media screen and (min-width: 1201px) {\r\n.dxcvs69ee428fd7e14 {\r\ndisplay: block;\r\n}\r\n}\r\n@media screen and (min-width: 993px) and (max-width: 1200px) {\r\n.dxcvs69ee428fd7e14 {\r\ndisplay: block;\r\n}\r\n}\r\n@media screen and (min-width: 769px) and (max-width: 992px) {\r\n.dxcvs69ee428fd7e14 {\r\ndisplay: block;\r\n}\r\n}\r\n@media screen and (min-width: 768px) and (max-width: 768px) {\r\n.dxcvs69ee428fd7e14 {\r\ndisplay: block;\r\n}\r\n}\r\n@media screen and (max-width: 767px) {\r\n.dxcvs69ee428fd7e14 {\r\ndisplay: block;\r\n}\r\n}\r\n<\/style>\r\n\n<p><strong><em>\u00a0<\/em><\/strong><\/p>\n<div style=\"margin-top: 0px; margin-bottom: 0px;\" class=\"sharethis-inline-share-buttons\" ><\/div>","protected":false},"excerpt":{"rendered":"<p>M\u00e1s de 50 familias que habitan en la calle 11 del sector Santa Fe 2, parroquia Los Cortijos de la<\/p>\n","protected":false},"author":34,"featured_media":135413,"comment_status":"open","ping_status":"closed","sticky":false,"template":"","format":"standard","meta":{"colormag_page_container_layout":"default_layout","colormag_page_sidebar_layout":"default_layout","_uag_custom_page_level_css":"","footnotes":""},"categories":[14504],"tags":[12161,18100,5816,233,2354,10665,21077,32,761],"class_list":["post-135411","post","type-post","status-publish","format-standard","has-post-thumbnail","hentry","category-zulia","tag-corpoelec","tag-los-cortijos","tag-municipio-san-francisco","tag-nacionales","tag-regionales","tag-servicios-publicos","tag-transformadores","tag-venezuela","tag-zulia"],"yoast_head":"<!-- This site is optimized with the Yoast SEO plugin v27.4 - https:\/\/yoast.com\/product\/yoast-seo-wordpress\/ -->\n<title>Corpoelec reemplaz\u00f3 transformador da\u00f1ado en la parroquia Los Cortijos de San Francisco<\/title>\n<meta name=\"description\" content=\"Zulia\" \/>\n<meta name=\"robots\" content=\"index, follow, max-snippet:-1, max-image-preview:large, max-video-preview:-1\" \/>\n<link rel=\"canonical\" href=\"https:\/\/digital58.com.ve\/site\/2021\/02\/12\/corpoelec-reemplazo-transformador-danado-en-la-parroquia-los-cortijos-de-san-francisco\/\" \/>\n<meta property=\"og:locale\" content=\"es_ES\" \/>\n<meta property=\"og:type\" content=\"article\" \/>\n<meta property=\"og:title\" content=\"Corpoelec reemplaz\u00f3 transformador da\u00f1ado en la parroquia Los Cortijos de San Francisco\" \/>\n<meta property=\"og:description\" content=\"Zulia\" \/>\n<meta property=\"og:url\" content=\"https:\/\/digital58.com.ve\/site\/2021\/02\/12\/corpoelec-reemplazo-transformador-danado-en-la-parroquia-los-cortijos-de-san-francisco\/\" \/>\n<meta property=\"og:site_name\" content=\"Noticias Digital58\" \/>\n<meta property=\"article:published_time\" content=\"2021-02-12T17:19:58+00:00\" \/>\n<meta property=\"article:modified_time\" content=\"2021-02-12T17:26:21+00:00\" \/>\n<meta property=\"og:image\" content=\"https:\/\/digital58.com.ve\/site\/wp-content\/uploads\/2021\/02\/Diseno-sin-titulo-10.png\" \/>\n\t<meta property=\"og:image:width\" content=\"1080\" \/>\n\t<meta property=\"og:image:height\" content=\"1080\" \/>\n\t<meta property=\"og:image:type\" content=\"image\/png\" \/>\n<meta name=\"author\" content=\"Carolina del Valle Morales\" \/>\n<meta name=\"twitter:card\" content=\"summary_large_image\" \/>\n<meta name=\"twitter:creator\" content=\"@Digital_58\" \/>\n<meta name=\"twitter:site\" content=\"@villasmilhfoto\" \/>\n<meta name=\"twitter:label1\" content=\"Escrito por\" \/>\n\t<meta name=\"twitter:data1\" content=\"Carolina del Valle Morales\" \/>\n\t<meta name=\"twitter:label2\" content=\"Tiempo estimado de lectura\" \/>\n\t<meta name=\"twitter:data2\" content=\"2 minutos\" \/>\n<script type=\"application\/ld+json\" class=\"yoast-schema-graph\">{\"@context\":\"https:\\\/\\\/schema.org\",\"@graph\":[{\"@type\":\"Article\",\"@id\":\"https:\\\/\\\/digital58.com.ve\\\/site\\\/2021\\\/02\\\/12\\\/corpoelec-reemplazo-transformador-danado-en-la-parroquia-los-cortijos-de-san-francisco\\\/#article\",\"isPartOf\":{\"@id\":\"https:\\\/\\\/digital58.com.ve\\\/site\\\/2021\\\/02\\\/12\\\/corpoelec-reemplazo-transformador-danado-en-la-parroquia-los-cortijos-de-san-francisco\\\/\"},\"author\":{\"name\":\"Carolina del Valle Morales\",\"@id\":\"https:\\\/\\\/digital58.com.ve\\\/site\\\/#\\\/schema\\\/person\\\/5ef3ed6588a1de18f098d7d8c909834b\"},\"headline\":\"Corpoelec reemplaz\u00f3 transformador da\u00f1ado en la parroquia Los Cortijos de San Francisco\",\"datePublished\":\"2021-02-12T17:19:58+00:00\",\"dateModified\":\"2021-02-12T17:26:21+00:00\",\"mainEntityOfPage\":{\"@id\":\"https:\\\/\\\/digital58.com.ve\\\/site\\\/2021\\\/02\\\/12\\\/corpoelec-reemplazo-transformador-danado-en-la-parroquia-los-cortijos-de-san-francisco\\\/\"},\"wordCount\":217,\"commentCount\":0,\"publisher\":{\"@id\":\"https:\\\/\\\/digital58.com.ve\\\/site\\\/#\\\/schema\\\/person\\\/64d1c2e4d0d4fd1b849980c4331c2951\"},\"image\":{\"@id\":\"https:\\\/\\\/digital58.com.ve\\\/site\\\/2021\\\/02\\\/12\\\/corpoelec-reemplazo-transformador-danado-en-la-parroquia-los-cortijos-de-san-francisco\\\/#primaryimage\"},\"thumbnailUrl\":\"https:\\\/\\\/digital58.com.ve\\\/site\\\/wp-content\\\/uploads\\\/2021\\\/02\\\/Diseno-sin-titulo-10.png\",\"keywords\":[\"Corpoelec\",\"Los Cortijos\",\"Municipio San Francisco\",\"Nacionales\",\"Regionales\",\"Servicios P\u00fablicos\",\"Transformadores\",\"Venezuela\",\"Zulia\"],\"articleSection\":[\"Zulia\"],\"inLanguage\":\"es\",\"potentialAction\":[{\"@type\":\"CommentAction\",\"name\":\"Comment\",\"target\":[\"https:\\\/\\\/digital58.com.ve\\\/site\\\/2021\\\/02\\\/12\\\/corpoelec-reemplazo-transformador-danado-en-la-parroquia-los-cortijos-de-san-francisco\\\/#respond\"]}]},{\"@type\":\"WebPage\",\"@id\":\"https:\\\/\\\/digital58.com.ve\\\/site\\\/2021\\\/02\\\/12\\\/corpoelec-reemplazo-transformador-danado-en-la-parroquia-los-cortijos-de-san-francisco\\\/\",\"url\":\"https:\\\/\\\/digital58.com.ve\\\/site\\\/2021\\\/02\\\/12\\\/corpoelec-reemplazo-transformador-danado-en-la-parroquia-los-cortijos-de-san-francisco\\\/\",\"name\":\"Corpoelec reemplaz\u00f3 transformador da\u00f1ado en la parroquia Los Cortijos de San Francisco\",\"isPartOf\":{\"@id\":\"https:\\\/\\\/digital58.com.ve\\\/site\\\/#website\"},\"primaryImageOfPage\":{\"@id\":\"https:\\\/\\\/digital58.com.ve\\\/site\\\/2021\\\/02\\\/12\\\/corpoelec-reemplazo-transformador-danado-en-la-parroquia-los-cortijos-de-san-francisco\\\/#primaryimage\"},\"image\":{\"@id\":\"https:\\\/\\\/digital58.com.ve\\\/site\\\/2021\\\/02\\\/12\\\/corpoelec-reemplazo-transformador-danado-en-la-parroquia-los-cortijos-de-san-francisco\\\/#primaryimage\"},\"thumbnailUrl\":\"https:\\\/\\\/digital58.com.ve\\\/site\\\/wp-content\\\/uploads\\\/2021\\\/02\\\/Diseno-sin-titulo-10.png\",\"datePublished\":\"2021-02-12T17:19:58+00:00\",\"dateModified\":\"2021-02-12T17:26:21+00:00\",\"description\":\"Zulia\",\"breadcrumb\":{\"@id\":\"https:\\\/\\\/digital58.com.ve\\\/site\\\/2021\\\/02\\\/12\\\/corpoelec-reemplazo-transformador-danado-en-la-parroquia-los-cortijos-de-san-francisco\\\/#breadcrumb\"},\"inLanguage\":\"es\",\"potentialAction\":[{\"@type\":\"ReadAction\",\"target\":[\"https:\\\/\\\/digital58.com.ve\\\/site\\\/2021\\\/02\\\/12\\\/corpoelec-reemplazo-transformador-danado-en-la-parroquia-los-cortijos-de-san-francisco\\\/\"]}]},{\"@type\":\"ImageObject\",\"inLanguage\":\"es\",\"@id\":\"https:\\\/\\\/digital58.com.ve\\\/site\\\/2021\\\/02\\\/12\\\/corpoelec-reemplazo-transformador-danado-en-la-parroquia-los-cortijos-de-san-francisco\\\/#primaryimage\",\"url\":\"https:\\\/\\\/digital58.com.ve\\\/site\\\/wp-content\\\/uploads\\\/2021\\\/02\\\/Diseno-sin-titulo-10.png\",\"contentUrl\":\"https:\\\/\\\/digital58.com.ve\\\/site\\\/wp-content\\\/uploads\\\/2021\\\/02\\\/Diseno-sin-titulo-10.png\",\"width\":1080,\"height\":1080},{\"@type\":\"BreadcrumbList\",\"@id\":\"https:\\\/\\\/digital58.com.ve\\\/site\\\/2021\\\/02\\\/12\\\/corpoelec-reemplazo-transformador-danado-en-la-parroquia-los-cortijos-de-san-francisco\\\/#breadcrumb\",\"itemListElement\":[{\"@type\":\"ListItem\",\"position\":1,\"name\":\"Home\",\"item\":\"https:\\\/\\\/digital58.com.ve\\\/site\\\/\"},{\"@type\":\"ListItem\",\"position\":2,\"name\":\"Corpoelec reemplaz\u00f3 transformador da\u00f1ado en la parroquia Los Cortijos de San Francisco\"}]},{\"@type\":\"WebSite\",\"@id\":\"https:\\\/\\\/digital58.com.ve\\\/site\\\/#website\",\"url\":\"https:\\\/\\\/digital58.com.ve\\\/site\\\/\",\"name\":\"Noticias Digital58\",\"description\":\"Portal de Noticias \u00a1Periodismo web de verdad! Lanzamiento web 22.11.2005 \\\/ Maracaibo, Venezuela\",\"publisher\":{\"@id\":\"https:\\\/\\\/digital58.com.ve\\\/site\\\/#\\\/schema\\\/person\\\/64d1c2e4d0d4fd1b849980c4331c2951\"},\"alternateName\":\"ND58\",\"potentialAction\":[{\"@type\":\"SearchAction\",\"target\":{\"@type\":\"EntryPoint\",\"urlTemplate\":\"https:\\\/\\\/digital58.com.ve\\\/site\\\/?s={search_term_string}\"},\"query-input\":{\"@type\":\"PropertyValueSpecification\",\"valueRequired\":true,\"valueName\":\"search_term_string\"}}],\"inLanguage\":\"es\"},{\"@type\":[\"Person\",\"Organization\"],\"@id\":\"https:\\\/\\\/digital58.com.ve\\\/site\\\/#\\\/schema\\\/person\\\/64d1c2e4d0d4fd1b849980c4331c2951\",\"name\":\"Villasmil Henry\",\"image\":{\"@type\":\"ImageObject\",\"inLanguage\":\"es\",\"@id\":\"https:\\\/\\\/secure.gravatar.com\\\/avatar\\\/bb0c4a2fcb7970138239f7e404ea75757b1b507b28b5ce4c53fbd62d797c5a7c?s=96&d=mm&r=g\",\"url\":\"https:\\\/\\\/secure.gravatar.com\\\/avatar\\\/bb0c4a2fcb7970138239f7e404ea75757b1b507b28b5ce4c53fbd62d797c5a7c?s=96&d=mm&r=g\",\"contentUrl\":\"https:\\\/\\\/secure.gravatar.com\\\/avatar\\\/bb0c4a2fcb7970138239f7e404ea75757b1b507b28b5ce4c53fbd62d797c5a7c?s=96&d=mm&r=g\",\"caption\":\"Villasmil Henry\"},\"logo\":{\"@id\":\"https:\\\/\\\/secure.gravatar.com\\\/avatar\\\/bb0c4a2fcb7970138239f7e404ea75757b1b507b28b5ce4c53fbd62d797c5a7c?s=96&d=mm&r=g\"},\"sameAs\":[\"http:\\\/\\\/www.henryvillasmil.com.ve\",\"https:\\\/\\\/www.instagram.com\\\/villasmilhfoto\\\/\",\"https:\\\/\\\/x.com\\\/https:\\\/\\\/twitter.com\\\/villasmilhfoto\"]},{\"@type\":\"Person\",\"@id\":\"https:\\\/\\\/digital58.com.ve\\\/site\\\/#\\\/schema\\\/person\\\/5ef3ed6588a1de18f098d7d8c909834b\",\"name\":\"Carolina del Valle Morales\",\"image\":{\"@type\":\"ImageObject\",\"inLanguage\":\"es\",\"@id\":\"https:\\\/\\\/secure.gravatar.com\\\/avatar\\\/0cdf0a8cbb9d61ccd1c45dac3181142ad3ad1771aecb28412b09b868d168ef63?s=96&d=mm&r=g\",\"url\":\"https:\\\/\\\/secure.gravatar.com\\\/avatar\\\/0cdf0a8cbb9d61ccd1c45dac3181142ad3ad1771aecb28412b09b868d168ef63?s=96&d=mm&r=g\",\"contentUrl\":\"https:\\\/\\\/secure.gravatar.com\\\/avatar\\\/0cdf0a8cbb9d61ccd1c45dac3181142ad3ad1771aecb28412b09b868d168ef63?s=96&d=mm&r=g\",\"caption\":\"Carolina del Valle Morales\"},\"url\":\"https:\\\/\\\/digital58.com.ve\\\/site\\\/author\\\/vallecarola\\\/\"}]}<\/script>\n<!-- \/ Yoast SEO plugin. -->","yoast_head_json":{"title":"Corpoelec reemplaz\u00f3 transformador da\u00f1ado en la parroquia Los Cortijos de San Francisco","description":"Zulia","robots":{"index":"index","follow":"follow","max-snippet":"max-snippet:-1","max-image-preview":"max-image-preview:large","max-video-preview":"max-video-preview:-1"},"canonical":"https:\/\/digital58.com.ve\/site\/2021\/02\/12\/corpoelec-reemplazo-transformador-danado-en-la-parroquia-los-cortijos-de-san-francisco\/","og_locale":"es_ES","og_type":"article","og_title":"Corpoelec reemplaz\u00f3 transformador da\u00f1ado en la parroquia Los Cortijos de San Francisco","og_description":"Zulia","og_url":"https:\/\/digital58.com.ve\/site\/2021\/02\/12\/corpoelec-reemplazo-transformador-danado-en-la-parroquia-los-cortijos-de-san-francisco\/","og_site_name":"Noticias Digital58","article_published_time":"2021-02-12T17:19:58+00:00","article_modified_time":"2021-02-12T17:26:21+00:00","og_image":[{"width":1080,"height":1080,"url":"https:\/\/digital58.com.ve\/site\/wp-content\/uploads\/2021\/02\/Diseno-sin-titulo-10.png","type":"image\/png"}],"author":"Carolina del Valle Morales","twitter_card":"summary_large_image","twitter_creator":"@Digital_58","twitter_site":"@villasmilhfoto","twitter_misc":{"Escrito por":"Carolina del Valle Morales","Tiempo estimado de lectura":"2 minutos"},"schema":{"@context":"https:\/\/schema.org","@graph":[{"@type":"Article","@id":"https:\/\/digital58.com.ve\/site\/2021\/02\/12\/corpoelec-reemplazo-transformador-danado-en-la-parroquia-los-cortijos-de-san-francisco\/#article","isPartOf":{"@id":"https:\/\/digital58.com.ve\/site\/2021\/02\/12\/corpoelec-reemplazo-transformador-danado-en-la-parroquia-los-cortijos-de-san-francisco\/"},"author":{"name":"Carolina del Valle Morales","@id":"https:\/\/digital58.com.ve\/site\/#\/schema\/person\/5ef3ed6588a1de18f098d7d8c909834b"},"headline":"Corpoelec reemplaz\u00f3 transformador da\u00f1ado en la parroquia Los Cortijos de San Francisco","datePublished":"2021-02-12T17:19:58+00:00","dateModified":"2021-02-12T17:26:21+00:00","mainEntityOfPage":{"@id":"https:\/\/digital58.com.ve\/site\/2021\/02\/12\/corpoelec-reemplazo-transformador-danado-en-la-parroquia-los-cortijos-de-san-francisco\/"},"wordCount":217,"commentCount":0,"publisher":{"@id":"https:\/\/digital58.com.ve\/site\/#\/schema\/person\/64d1c2e4d0d4fd1b849980c4331c2951"},"image":{"@id":"https:\/\/digital58.com.ve\/site\/2021\/02\/12\/corpoelec-reemplazo-transformador-danado-en-la-parroquia-los-cortijos-de-san-francisco\/#primaryimage"},"thumbnailUrl":"https:\/\/digital58.com.ve\/site\/wp-content\/uploads\/2021\/02\/Diseno-sin-titulo-10.png","keywords":["Corpoelec","Los Cortijos","Municipio San Francisco","Nacionales","Regionales","Servicios P\u00fablicos","Transformadores","Venezuela","Zulia"],"articleSection":["Zulia"],"inLanguage":"es","potentialAction":[{"@type":"CommentAction","name":"Comment","target":["https:\/\/digital58.com.ve\/site\/2021\/02\/12\/corpoelec-reemplazo-transformador-danado-en-la-parroquia-los-cortijos-de-san-francisco\/#respond"]}]},{"@type":"WebPage","@id":"https:\/\/digital58.com.ve\/site\/2021\/02\/12\/corpoelec-reemplazo-transformador-danado-en-la-parroquia-los-cortijos-de-san-francisco\/","url":"https:\/\/digital58.com.ve\/site\/2021\/02\/12\/corpoelec-reemplazo-transformador-danado-en-la-parroquia-los-cortijos-de-san-francisco\/","name":"Corpoelec reemplaz\u00f3 transformador da\u00f1ado en la parroquia Los Cortijos de San Francisco","isPartOf":{"@id":"https:\/\/digital58.com.ve\/site\/#website"},"primaryImageOfPage":{"@id":"https:\/\/digital58.com.ve\/site\/2021\/02\/12\/corpoelec-reemplazo-transformador-danado-en-la-parroquia-los-cortijos-de-san-francisco\/#primaryimage"},"image":{"@id":"https:\/\/digital58.com.ve\/site\/2021\/02\/12\/corpoelec-reemplazo-transformador-danado-en-la-parroquia-los-cortijos-de-san-francisco\/#primaryimage"},"thumbnailUrl":"https:\/\/digital58.com.ve\/site\/wp-content\/uploads\/2021\/02\/Diseno-sin-titulo-10.png","datePublished":"2021-02-12T17:19:58+00:00","dateModified":"2021-02-12T17:26:21+00:00","description":"Zulia","breadcrumb":{"@id":"https:\/\/digital58.com.ve\/site\/2021\/02\/12\/corpoelec-reemplazo-transformador-danado-en-la-parroquia-los-cortijos-de-san-francisco\/#breadcrumb"},"inLanguage":"es","potentialAction":[{"@type":"ReadAction","target":["https:\/\/digital58.com.ve\/site\/2021\/02\/12\/corpoelec-reemplazo-transformador-danado-en-la-parroquia-los-cortijos-de-san-francisco\/"]}]},{"@type":"ImageObject","inLanguage":"es","@id":"https:\/\/digital58.com.ve\/site\/2021\/02\/12\/corpoelec-reemplazo-transformador-danado-en-la-parroquia-los-cortijos-de-san-francisco\/#primaryimage","url":"https:\/\/digital58.com.ve\/site\/wp-content\/uploads\/2021\/02\/Diseno-sin-titulo-10.png","contentUrl":"https:\/\/digital58.com.ve\/site\/wp-content\/uploads\/2021\/02\/Diseno-sin-titulo-10.png","width":1080,"height":1080},{"@type":"BreadcrumbList","@id":"https:\/\/digital58.com.ve\/site\/2021\/02\/12\/corpoelec-reemplazo-transformador-danado-en-la-parroquia-los-cortijos-de-san-francisco\/#breadcrumb","itemListElement":[{"@type":"ListItem","position":1,"name":"Home","item":"https:\/\/digital58.com.ve\/site\/"},{"@type":"ListItem","position":2,"name":"Corpoelec reemplaz\u00f3 transformador da\u00f1ado en la parroquia Los Cortijos de San Francisco"}]},{"@type":"WebSite","@id":"https:\/\/digital58.com.ve\/site\/#website","url":"https:\/\/digital58.com.ve\/site\/","name":"Noticias Digital58","description":"Portal de Noticias \u00a1Periodismo web de verdad! Lanzamiento web 22.11.2005 \/ Maracaibo, Venezuela","publisher":{"@id":"https:\/\/digital58.com.ve\/site\/#\/schema\/person\/64d1c2e4d0d4fd1b849980c4331c2951"},"alternateName":"ND58","potentialAction":[{"@type":"SearchAction","target":{"@type":"EntryPoint","urlTemplate":"https:\/\/digital58.com.ve\/site\/?s={search_term_string}"},"query-input":{"@type":"PropertyValueSpecification","valueRequired":true,"valueName":"search_term_string"}}],"inLanguage":"es"},{"@type":["Person","Organization"],"@id":"https:\/\/digital58.com.ve\/site\/#\/schema\/person\/64d1c2e4d0d4fd1b849980c4331c2951","name":"Villasmil Henry","image":{"@type":"ImageObject","inLanguage":"es","@id":"https:\/\/secure.gravatar.com\/avatar\/bb0c4a2fcb7970138239f7e404ea75757b1b507b28b5ce4c53fbd62d797c5a7c?s=96&d=mm&r=g","url":"https:\/\/secure.gravatar.com\/avatar\/bb0c4a2fcb7970138239f7e404ea75757b1b507b28b5ce4c53fbd62d797c5a7c?s=96&d=mm&r=g","contentUrl":"https:\/\/secure.gravatar.com\/avatar\/bb0c4a2fcb7970138239f7e404ea75757b1b507b28b5ce4c53fbd62d797c5a7c?s=96&d=mm&r=g","caption":"Villasmil Henry"},"logo":{"@id":"https:\/\/secure.gravatar.com\/avatar\/bb0c4a2fcb7970138239f7e404ea75757b1b507b28b5ce4c53fbd62d797c5a7c?s=96&d=mm&r=g"},"sameAs":["http:\/\/www.henryvillasmil.com.ve","https:\/\/www.instagram.com\/villasmilhfoto\/","https:\/\/x.com\/https:\/\/twitter.com\/villasmilhfoto"]},{"@type":"Person","@id":"https:\/\/digital58.com.ve\/site\/#\/schema\/person\/5ef3ed6588a1de18f098d7d8c909834b","name":"Carolina del Valle Morales","image":{"@type":"ImageObject","inLanguage":"es","@id":"https:\/\/secure.gravatar.com\/avatar\/0cdf0a8cbb9d61ccd1c45dac3181142ad3ad1771aecb28412b09b868d168ef63?s=96&d=mm&r=g","url":"https:\/\/secure.gravatar.com\/avatar\/0cdf0a8cbb9d61ccd1c45dac3181142ad3ad1771aecb28412b09b868d168ef63?s=96&d=mm&r=g","contentUrl":"https:\/\/secure.gravatar.com\/avatar\/0cdf0a8cbb9d61ccd1c45dac3181142ad3ad1771aecb28412b09b868d168ef63?s=96&d=mm&r=g","caption":"Carolina del Valle Morales"},"url":"https:\/\/digital58.com.ve\/site\/author\/vallecarola\/"}]}},"uagb_featured_image_src":{"full":["https:\/\/digital58.com.ve\/site\/wp-content\/uploads\/2021\/02\/Diseno-sin-titulo-10.png",1080,1080,false],"thumbnail":["https:\/\/digital58.com.ve\/site\/wp-content\/uploads\/2021\/02\/Diseno-sin-titulo-10-150x150.png",150,150,true],"medium":["https:\/\/digital58.com.ve\/site\/wp-content\/uploads\/2021\/02\/Diseno-sin-titulo-10-300x300.png",300,300,true],"medium_large":["https:\/\/digital58.com.ve\/site\/wp-content\/uploads\/2021\/02\/Diseno-sin-titulo-10-768x768.png",768,768,true],"large":["https:\/\/digital58.com.ve\/site\/wp-content\/uploads\/2021\/02\/Diseno-sin-titulo-10-1024x1024.png",800,800,true],"1536x1536":["https:\/\/digital58.com.ve\/site\/wp-content\/uploads\/2021\/02\/Diseno-sin-titulo-10.png",1080,1080,false],"2048x2048":["https:\/\/digital58.com.ve\/site\/wp-content\/uploads\/2021\/02\/Diseno-sin-titulo-10.png",1080,1080,false],"colormag-highlighted-post":["https:\/\/digital58.com.ve\/site\/wp-content\/uploads\/2021\/02\/Diseno-sin-titulo-10.png",272,272,false],"colormag-featured-post-medium":["https:\/\/digital58.com.ve\/site\/wp-content\/uploads\/2021\/02\/Diseno-sin-titulo-10.png",205,205,false],"colormag-featured-post-small":["https:\/\/digital58.com.ve\/site\/wp-content\/uploads\/2021\/02\/Diseno-sin-titulo-10.png",90,90,false],"colormag-featured-image":["https:\/\/digital58.com.ve\/site\/wp-content\/uploads\/2021\/02\/Diseno-sin-titulo-10.png",445,445,false],"colormag-default-news":["https:\/\/digital58.com.ve\/site\/wp-content\/uploads\/2021\/02\/Diseno-sin-titulo-10.png",150,150,false],"colormag-featured-image-large":["https:\/\/digital58.com.ve\/site\/wp-content\/uploads\/2021\/02\/Diseno-sin-titulo-10.png",600,600,false]},"uagb_author_info":{"display_name":"Carolina del Valle Morales","author_link":"https:\/\/digital58.com.ve\/site\/author\/vallecarola\/"},"uagb_comment_info":0,"uagb_excerpt":"M\u00e1s de 50 familias que habitan en la calle 11 del sector Santa Fe 2, parroquia Los Cortijos de la","_links":{"self":[{"href":"https:\/\/digital58.com.ve\/site\/wp-json\/wp\/v2\/posts\/135411","targetHints":{"allow":["GET"]}}],"collection":[{"href":"https:\/\/digital58.com.ve\/site\/wp-json\/wp\/v2\/posts"}],"about":[{"href":"https:\/\/digital58.com.ve\/site\/wp-json\/wp\/v2\/types\/post"}],"author":[{"embeddable":true,"href":"https:\/\/digital58.com.ve\/site\/wp-json\/wp\/v2\/users\/34"}],"replies":[{"embeddable":true,"href":"https:\/\/digital58.com.ve\/site\/wp-json\/wp\/v2\/comments?post=135411"}],"version-history":[{"count":0,"href":"https:\/\/digital58.com.ve\/site\/wp-json\/wp\/v2\/posts\/135411\/revisions"}],"wp:featuredmedia":[{"embeddable":true,"href":"https:\/\/digital58.com.ve\/site\/wp-json\/wp\/v2\/media\/135413"}],"wp:attachment":[{"href":"https:\/\/digital58.com.ve\/site\/wp-json\/wp\/v2\/media?parent=135411"}],"wp:term":[{"taxonomy":"category","embeddable":true,"href":"https:\/\/digital58.com.ve\/site\/wp-json\/wp\/v2\/categories?post=135411"},{"taxonomy":"post_tag","embeddable":true,"href":"https:\/\/digital58.com.ve\/site\/wp-json\/wp\/v2\/tags?post=135411"}],"curies":[{"name":"wp","href":"https:\/\/api.w.org\/{rel}","templated":true}]}}