{"id":135557,"date":"2021-02-16T02:53:04","date_gmt":"2021-02-16T06:53:04","guid":{"rendered":"https:\/\/digital58.com.ve\/site\/?p=135557"},"modified":"2021-02-16T02:53:04","modified_gmt":"2021-02-16T06:53:04","slug":"venezuela-reta-a-la-covid-19-para-celebrar-el-carnaval","status":"publish","type":"post","link":"https:\/\/digital58.com.ve\/site\/2021\/02\/16\/venezuela-reta-a-la-covid-19-para-celebrar-el-carnaval\/","title":{"rendered":"Venezuela reta a la COVID-19 para celebrar el carnaval"},"content":{"rendered":"<p><a href=\"https:\/\/digital58.com.ve\/site\/wp-content\/uploads\/2021\/02\/carnavales-venezuela.jpg\"><img loading=\"lazy\" decoding=\"async\" class=\"aligncenter size-full wp-image-135558\" src=\"https:\/\/digital58.com.ve\/site\/wp-content\/uploads\/2021\/02\/carnavales-venezuela.jpg\" alt=\"\" width=\"900\" height=\"600\" srcset=\"https:\/\/digital58.com.ve\/site\/wp-content\/uploads\/2021\/02\/carnavales-venezuela.jpg 800w, https:\/\/digital58.com.ve\/site\/wp-content\/uploads\/2021\/02\/carnavales-venezuela-300x200.jpg 300w, https:\/\/digital58.com.ve\/site\/wp-content\/uploads\/2021\/02\/carnavales-venezuela-768x512.jpg 768w, https:\/\/digital58.com.ve\/site\/wp-content\/uploads\/2021\/02\/carnavales-venezuela-720x480.jpg 720w, https:\/\/digital58.com.ve\/site\/wp-content\/uploads\/2021\/02\/carnavales-venezuela-480x320.jpg 480w\" sizes=\"auto, (max-width: 900px) 100vw, 900px\" \/><\/a><\/p>\n<p>Seg\u00fan el <strong><a href=\"https:\/\/digital58.com.ve\/site\/2021\/02\/16\/venezuela-suma-359-contagios-de-la-covid-19\/\" target=\"_blank\" rel=\"noopener\">\u00faltimo reporte ofrecido por el Gobierno venezolano<\/a><\/strong>, desde el inicio de la pandemia en el pa\u00eds se han registrado 133.577 casos, de los cuales 6.727 contin\u00faan activos, 1.285 han fallecido y el resto se ha recuperado.<\/p>\n<p><strong>Caracas, DC, Venezuela, 16 de febrero de 2021 (ND58).-<\/strong> Miles de venezolanos han salido a las calles en los \u00faltimos tres d\u00edas retando a la pandemia de la COVID-19 para celebrar el carnaval que el Gobierno defiende como \u00abseguro\u00bb, siempre que se tomen las medidas de prevenci\u00f3n del virus que ha dejado m\u00e1s de un millar de muertes en el pa\u00eds, seg\u00fan cifras oficiales.<\/p>\n<p>La Administraci\u00f3n de Nicol\u00e1s Maduro relaj\u00f3 el confinamiento durante estos d\u00edas y lo extendi\u00f3, incluso, hasta el mi\u00e9rcoles 17, pese a que, la flexibilizaci\u00f3n de la cuarentena correspond\u00eda a la pr\u00f3xima semana, seg\u00fan el esquema que aplica y que consiste en siete d\u00edas de cierre seguido de otros siete de apertura.<\/p>\n<p>Maduro tom\u00f3 la decisi\u00f3n, tal y como lo hizo en diciembre, de flexibilizar la cuarentena estos d\u00edas para que los venezolanos pudieran celebrar las fiestas en parques, balnearios, cines, teatros o centros comerciales.<\/p>\n<p>Bajo el eslogan de \u00abcarnavales bioseguros\u00bb, el Gobierno promueve eventos recreativos como baioleterapias, concursos de disfraces, peque\u00f1as comparsas, mesas de dibujo o juegos de playa para el disfrute de sus ciudadanos.<\/p>\n<p>Ha desplegado a la polic\u00eda en varias regiones a fin de que vigilen el cumplimiento de las medidas de prevenci\u00f3n del virus, pero el uso incorrecto de las mascarillas o la falta de gel antibacterial es una constante en varios sitios, donde tambi\u00e9n ocurren aglomeraciones de personas.<\/p>\n<p>Seg\u00fan los propios ciudadanos, esto se debe a que hay gente que no cree en la existencia del virus o porque se cansan de usar las mascarillas.<\/p>\n<p>Los ciudadanos consultados por EFE que participan en estas actividades han recibido de forma positiva la decisi\u00f3n de Maduro de autorizar la flexibilizaci\u00f3n de la cuarentena para que se celebraran los carnavales.<\/p>\n<p>\u00abLos ni\u00f1os han estado muy encerrados \u00faltimamente y esta actividad para los ni\u00f1os es espectacular, para que se distraigan, para que jueguen, se diviertan, salten\u00bb, dijo la joven madre Alexandra Guerrero a EFE mientras observaba jugar y disfrutar a su hija en una fuente de un concurrido parque en el oeste caraque\u00f1o.<\/p>\n<p>Guerrero planea, adem\u00e1s, visitar en los pr\u00f3ximos dos d\u00edas alguna playa en el estado vecino de La Guaira.<\/p>\n<p>Por su parte, Nelsy Nava, una abuela de 60 a\u00f1os, defendi\u00f3 que siempre que se use el tapabocas \u00abtodo se puede hacer\u00bb.<\/p>\n<p>\u00abTodo depende de la mentalidad de las personas\u00bb, coment\u00f3 Nava, tras se\u00f1alar que no hab\u00eda visto a nadie sin mascarillas.<\/p>\n<p><strong>Un disfraz para promover el uso de mascarillas<\/strong><\/p>\n<p>Pero esta \u00faltima opini\u00f3n no es compartida por Rufina Monsalve, quien decidi\u00f3 disfrazar a su mascota, una perra mestiza de cuatro a\u00f1os, de coronavirus para participar en un concurso celebrado en otro parque del centro de la ciudad capital.<\/p>\n<p>Explic\u00f3 que decidi\u00f3 vestirla de esa manera debido a que es el tema \u00abde moda\u00bb y como una forma de promover el uso de la mascarilla, pues, seg\u00fan dijo, \u00abla gente no quiere usar el tapabocas porque no cree en eso\u00bb.<\/p>\n<p>Monsalve, adem\u00e1s, cargaba consigo un cartel con un mensaje en el que se pod\u00eda leer: \u00abNo seas otra v\u00edctima, usa tapabocas\u00bb.<\/p>\n<p>El Gobierno venezolano asegura que la celebraci\u00f3n de los carnavales es \u00absegura\u00bb y al mismo tiempo ha exhortado a la poblaci\u00f3n a cumplir con las normas para prevenir la COVID-19.<\/p>\n<p>Desde la oposici\u00f3n se ha criticado que el Gobierno de Maduro promueva la celebraci\u00f3n de los carnavales.<\/p>\n<p>El exdiputado opositor Omar Gonz\u00e1lez calific\u00f3 de \u00abimprudencia\u00bb estas celebraciones en un pa\u00eds donde la Administraci\u00f3n \u00abno equipa los hospitales centinelas ni distribuye insumos de prevenci\u00f3n, ni siquiera garantiza el acceso al agua potable para mantener los niveles de higiene necesarios para cortar la cadena de transmisi\u00f3n de la COVID-19\u00bb.<\/p>\n<p>En opini\u00f3n de Gonz\u00e1lez, la celebraci\u00f3n del carnaval en plena pandemia \u00abes el mayor acto de imprudencia del r\u00e9gimen, que trata de seguir con su pol\u00edtica de pan y circo en medio de una grave situaci\u00f3n como la actual\u00bb.<\/p><div class=\"mqctl69f236c583911\" ><p style=\"text-align: center;\"><a href=\"https:\/\/t.me\/noticiasdigital58\" target=\"_blank\" rel=\"noopener\"><img class=\"aligncenter size-full wp-image-125363\" src=\"https:\/\/digital58.com.ve\/site\/wp-content\/uploads\/2021\/04\/banner-telegram-web-2021.png\" alt=\"\" width=\"600\" height=\"90\" \/><\/a><\/p><\/div><style type=\"text\/css\">\r\n@media screen and (min-width: 1201px) {\r\n.mqctl69f236c583911 {\r\ndisplay: block;\r\n}\r\n}\r\n@media screen and (min-width: 993px) and (max-width: 1200px) {\r\n.mqctl69f236c583911 {\r\ndisplay: block;\r\n}\r\n}\r\n@media screen and (min-width: 769px) and (max-width: 992px) {\r\n.mqctl69f236c583911 {\r\ndisplay: block;\r\n}\r\n}\r\n@media screen and (min-width: 768px) and (max-width: 768px) {\r\n.mqctl69f236c583911 {\r\ndisplay: block;\r\n}\r\n}\r\n@media screen and (max-width: 767px) {\r\n.mqctl69f236c583911 {\r\ndisplay: block;\r\n}\r\n}\r\n<\/style>\r\n\n<p><strong>Redacci\u00f3n ND58 | Fuente: EFE<\/strong><br \/>\n<strong>Edici\u00f3n: Villasmil, Henry<\/strong><br \/>\n<strong>Gr\u00e1fica: EFE<\/strong><\/p>\n<div style=\"margin-top: 0px; margin-bottom: 0px;\" class=\"sharethis-inline-share-buttons\" ><\/div>","protected":false},"excerpt":{"rendered":"<p>Seg\u00fan el \u00faltimo reporte ofrecido por el Gobierno venezolano, desde el inicio de la pandemia en el pa\u00eds se han<\/p>\n","protected":false},"author":1,"featured_media":135558,"comment_status":"open","ping_status":"closed","sticky":false,"template":"","format":"standard","meta":{"colormag_page_container_layout":"default_layout","colormag_page_sidebar_layout":"default_layout","_uag_custom_page_level_css":"","footnotes":""},"categories":[16454],"tags":[10496,23133,13352,13648,1818,233,13723,32],"class_list":["post-135557","post","type-post","status-publish","format-standard","has-post-thumbnail","hentry","category-venezuela","tag-carnavales","tag-carnavales-2021","tag-coronavirus","tag-covid-19","tag-gobierno-nacional","tag-nacionales","tag-pandemia","tag-venezuela"],"yoast_head":"<!-- This site is optimized with the Yoast SEO plugin v27.5 - https:\/\/yoast.com\/product\/yoast-seo-wordpress\/ -->\n<title>Venezuela reta a la COVID-19 para celebrar el carnaval<\/title>\n<meta name=\"description\" content=\"Venezuela\" \/>\n<meta name=\"robots\" content=\"index, follow, max-snippet:-1, max-image-preview:large, max-video-preview:-1\" \/>\n<link rel=\"canonical\" href=\"https:\/\/digital58.com.ve\/site\/2021\/02\/16\/venezuela-reta-a-la-covid-19-para-celebrar-el-carnaval\/\" \/>\n<meta property=\"og:locale\" content=\"es_ES\" \/>\n<meta property=\"og:type\" content=\"article\" \/>\n<meta property=\"og:title\" content=\"Venezuela reta a la COVID-19 para celebrar el carnaval\" \/>\n<meta property=\"og:description\" content=\"Venezuela\" \/>\n<meta property=\"og:url\" content=\"https:\/\/digital58.com.ve\/site\/2021\/02\/16\/venezuela-reta-a-la-covid-19-para-celebrar-el-carnaval\/\" \/>\n<meta property=\"og:site_name\" content=\"Noticias Digital58\" \/>\n<meta property=\"article:published_time\" content=\"2021-02-16T06:53:04+00:00\" \/>\n<meta property=\"og:image\" content=\"https:\/\/digital58.com.ve\/site\/wp-content\/uploads\/2021\/02\/carnavales-venezuela.jpg\" \/>\n\t<meta property=\"og:image:width\" content=\"900\" \/>\n\t<meta property=\"og:image:height\" content=\"600\" \/>\n\t<meta property=\"og:image:type\" content=\"image\/jpeg\" \/>\n<meta name=\"author\" content=\"Villasmil Henry\" \/>\n<meta name=\"twitter:card\" content=\"summary_large_image\" \/>\n<meta name=\"twitter:creator\" content=\"@https:\/\/twitter.com\/villasmilhfoto\" \/>\n<meta name=\"twitter:site\" content=\"@villasmilhfoto\" \/>\n<meta name=\"twitter:label1\" content=\"Escrito por\" \/>\n\t<meta name=\"twitter:data1\" content=\"Villasmil Henry\" \/>\n\t<meta name=\"twitter:label2\" content=\"Tiempo estimado de lectura\" \/>\n\t<meta name=\"twitter:data2\" content=\"4 minutos\" \/>\n<script type=\"application\/ld+json\" class=\"yoast-schema-graph\">{\"@context\":\"https:\\\/\\\/schema.org\",\"@graph\":[{\"@type\":\"Article\",\"@id\":\"https:\\\/\\\/digital58.com.ve\\\/site\\\/2021\\\/02\\\/16\\\/venezuela-reta-a-la-covid-19-para-celebrar-el-carnaval\\\/#article\",\"isPartOf\":{\"@id\":\"https:\\\/\\\/digital58.com.ve\\\/site\\\/2021\\\/02\\\/16\\\/venezuela-reta-a-la-covid-19-para-celebrar-el-carnaval\\\/\"},\"author\":{\"name\":\"Villasmil Henry\",\"@id\":\"https:\\\/\\\/digital58.com.ve\\\/site\\\/#\\\/schema\\\/person\\\/64d1c2e4d0d4fd1b849980c4331c2951\"},\"headline\":\"Venezuela reta a la COVID-19 para celebrar el carnaval\",\"datePublished\":\"2021-02-16T06:53:04+00:00\",\"mainEntityOfPage\":{\"@id\":\"https:\\\/\\\/digital58.com.ve\\\/site\\\/2021\\\/02\\\/16\\\/venezuela-reta-a-la-covid-19-para-celebrar-el-carnaval\\\/\"},\"wordCount\":751,\"commentCount\":0,\"publisher\":{\"@id\":\"https:\\\/\\\/digital58.com.ve\\\/site\\\/#\\\/schema\\\/person\\\/64d1c2e4d0d4fd1b849980c4331c2951\"},\"image\":{\"@id\":\"https:\\\/\\\/digital58.com.ve\\\/site\\\/2021\\\/02\\\/16\\\/venezuela-reta-a-la-covid-19-para-celebrar-el-carnaval\\\/#primaryimage\"},\"thumbnailUrl\":\"https:\\\/\\\/digital58.com.ve\\\/site\\\/wp-content\\\/uploads\\\/2021\\\/02\\\/carnavales-venezuela.jpg\",\"keywords\":[\"Carnavales\",\"Carnavales 2021\",\"Coronavirus\",\"COVID-19\",\"Gobierno Nacional\",\"Nacionales\",\"Pandemia\",\"Venezuela\"],\"articleSection\":[\"Venezuela\"],\"inLanguage\":\"es\",\"potentialAction\":[{\"@type\":\"CommentAction\",\"name\":\"Comment\",\"target\":[\"https:\\\/\\\/digital58.com.ve\\\/site\\\/2021\\\/02\\\/16\\\/venezuela-reta-a-la-covid-19-para-celebrar-el-carnaval\\\/#respond\"]}]},{\"@type\":\"WebPage\",\"@id\":\"https:\\\/\\\/digital58.com.ve\\\/site\\\/2021\\\/02\\\/16\\\/venezuela-reta-a-la-covid-19-para-celebrar-el-carnaval\\\/\",\"url\":\"https:\\\/\\\/digital58.com.ve\\\/site\\\/2021\\\/02\\\/16\\\/venezuela-reta-a-la-covid-19-para-celebrar-el-carnaval\\\/\",\"name\":\"Venezuela reta a la COVID-19 para celebrar el carnaval\",\"isPartOf\":{\"@id\":\"https:\\\/\\\/digital58.com.ve\\\/site\\\/#website\"},\"primaryImageOfPage\":{\"@id\":\"https:\\\/\\\/digital58.com.ve\\\/site\\\/2021\\\/02\\\/16\\\/venezuela-reta-a-la-covid-19-para-celebrar-el-carnaval\\\/#primaryimage\"},\"image\":{\"@id\":\"https:\\\/\\\/digital58.com.ve\\\/site\\\/2021\\\/02\\\/16\\\/venezuela-reta-a-la-covid-19-para-celebrar-el-carnaval\\\/#primaryimage\"},\"thumbnailUrl\":\"https:\\\/\\\/digital58.com.ve\\\/site\\\/wp-content\\\/uploads\\\/2021\\\/02\\\/carnavales-venezuela.jpg\",\"datePublished\":\"2021-02-16T06:53:04+00:00\",\"description\":\"Venezuela\",\"breadcrumb\":{\"@id\":\"https:\\\/\\\/digital58.com.ve\\\/site\\\/2021\\\/02\\\/16\\\/venezuela-reta-a-la-covid-19-para-celebrar-el-carnaval\\\/#breadcrumb\"},\"inLanguage\":\"es\",\"potentialAction\":[{\"@type\":\"ReadAction\",\"target\":[\"https:\\\/\\\/digital58.com.ve\\\/site\\\/2021\\\/02\\\/16\\\/venezuela-reta-a-la-covid-19-para-celebrar-el-carnaval\\\/\"]}]},{\"@type\":\"ImageObject\",\"inLanguage\":\"es\",\"@id\":\"https:\\\/\\\/digital58.com.ve\\\/site\\\/2021\\\/02\\\/16\\\/venezuela-reta-a-la-covid-19-para-celebrar-el-carnaval\\\/#primaryimage\",\"url\":\"https:\\\/\\\/digital58.com.ve\\\/site\\\/wp-content\\\/uploads\\\/2021\\\/02\\\/carnavales-venezuela.jpg\",\"contentUrl\":\"https:\\\/\\\/digital58.com.ve\\\/site\\\/wp-content\\\/uploads\\\/2021\\\/02\\\/carnavales-venezuela.jpg\",\"width\":800,\"height\":533},{\"@type\":\"BreadcrumbList\",\"@id\":\"https:\\\/\\\/digital58.com.ve\\\/site\\\/2021\\\/02\\\/16\\\/venezuela-reta-a-la-covid-19-para-celebrar-el-carnaval\\\/#breadcrumb\",\"itemListElement\":[{\"@type\":\"ListItem\",\"position\":1,\"name\":\"Home\",\"item\":\"https:\\\/\\\/digital58.com.ve\\\/site\\\/\"},{\"@type\":\"ListItem\",\"position\":2,\"name\":\"Venezuela reta a la COVID-19 para celebrar el carnaval\"}]},{\"@type\":\"WebSite\",\"@id\":\"https:\\\/\\\/digital58.com.ve\\\/site\\\/#website\",\"url\":\"https:\\\/\\\/digital58.com.ve\\\/site\\\/\",\"name\":\"Noticias Digital58\",\"description\":\"Portal de Noticias \u00a1Periodismo web de verdad! Lanzamiento web 22.11.2005 \\\/ Maracaibo, Venezuela\",\"publisher\":{\"@id\":\"https:\\\/\\\/digital58.com.ve\\\/site\\\/#\\\/schema\\\/person\\\/64d1c2e4d0d4fd1b849980c4331c2951\"},\"alternateName\":\"ND58\",\"potentialAction\":[{\"@type\":\"SearchAction\",\"target\":{\"@type\":\"EntryPoint\",\"urlTemplate\":\"https:\\\/\\\/digital58.com.ve\\\/site\\\/?s={search_term_string}\"},\"query-input\":{\"@type\":\"PropertyValueSpecification\",\"valueRequired\":true,\"valueName\":\"search_term_string\"}}],\"inLanguage\":\"es\"},{\"@type\":[\"Person\",\"Organization\"],\"@id\":\"https:\\\/\\\/digital58.com.ve\\\/site\\\/#\\\/schema\\\/person\\\/64d1c2e4d0d4fd1b849980c4331c2951\",\"name\":\"Villasmil Henry\",\"image\":{\"@type\":\"ImageObject\",\"inLanguage\":\"es\",\"@id\":\"https:\\\/\\\/secure.gravatar.com\\\/avatar\\\/bb0c4a2fcb7970138239f7e404ea75757b1b507b28b5ce4c53fbd62d797c5a7c?s=96&d=mm&r=g\",\"url\":\"https:\\\/\\\/secure.gravatar.com\\\/avatar\\\/bb0c4a2fcb7970138239f7e404ea75757b1b507b28b5ce4c53fbd62d797c5a7c?s=96&d=mm&r=g\",\"contentUrl\":\"https:\\\/\\\/secure.gravatar.com\\\/avatar\\\/bb0c4a2fcb7970138239f7e404ea75757b1b507b28b5ce4c53fbd62d797c5a7c?s=96&d=mm&r=g\",\"caption\":\"Villasmil Henry\"},\"logo\":{\"@id\":\"https:\\\/\\\/secure.gravatar.com\\\/avatar\\\/bb0c4a2fcb7970138239f7e404ea75757b1b507b28b5ce4c53fbd62d797c5a7c?s=96&d=mm&r=g\"},\"sameAs\":[\"http:\\\/\\\/www.henryvillasmil.com.ve\",\"https:\\\/\\\/www.instagram.com\\\/villasmilhfoto\\\/\",\"https:\\\/\\\/x.com\\\/https:\\\/\\\/twitter.com\\\/villasmilhfoto\"],\"url\":\"https:\\\/\\\/digital58.com.ve\\\/site\\\/author\\\/droopy_68\\\/\"}]}<\/script>\n<!-- \/ Yoast SEO plugin. -->","yoast_head_json":{"title":"Venezuela reta a la COVID-19 para celebrar el carnaval","description":"Venezuela","robots":{"index":"index","follow":"follow","max-snippet":"max-snippet:-1","max-image-preview":"max-image-preview:large","max-video-preview":"max-video-preview:-1"},"canonical":"https:\/\/digital58.com.ve\/site\/2021\/02\/16\/venezuela-reta-a-la-covid-19-para-celebrar-el-carnaval\/","og_locale":"es_ES","og_type":"article","og_title":"Venezuela reta a la COVID-19 para celebrar el carnaval","og_description":"Venezuela","og_url":"https:\/\/digital58.com.ve\/site\/2021\/02\/16\/venezuela-reta-a-la-covid-19-para-celebrar-el-carnaval\/","og_site_name":"Noticias Digital58","article_published_time":"2021-02-16T06:53:04+00:00","og_image":[{"width":900,"height":600,"url":"https:\/\/digital58.com.ve\/site\/wp-content\/uploads\/2021\/02\/carnavales-venezuela.jpg","type":"image\/jpeg"}],"author":"Villasmil Henry","twitter_card":"summary_large_image","twitter_creator":"@https:\/\/twitter.com\/villasmilhfoto","twitter_site":"@villasmilhfoto","twitter_misc":{"Escrito por":"Villasmil Henry","Tiempo estimado de lectura":"4 minutos"},"schema":{"@context":"https:\/\/schema.org","@graph":[{"@type":"Article","@id":"https:\/\/digital58.com.ve\/site\/2021\/02\/16\/venezuela-reta-a-la-covid-19-para-celebrar-el-carnaval\/#article","isPartOf":{"@id":"https:\/\/digital58.com.ve\/site\/2021\/02\/16\/venezuela-reta-a-la-covid-19-para-celebrar-el-carnaval\/"},"author":{"name":"Villasmil Henry","@id":"https:\/\/digital58.com.ve\/site\/#\/schema\/person\/64d1c2e4d0d4fd1b849980c4331c2951"},"headline":"Venezuela reta a la COVID-19 para celebrar el carnaval","datePublished":"2021-02-16T06:53:04+00:00","mainEntityOfPage":{"@id":"https:\/\/digital58.com.ve\/site\/2021\/02\/16\/venezuela-reta-a-la-covid-19-para-celebrar-el-carnaval\/"},"wordCount":751,"commentCount":0,"publisher":{"@id":"https:\/\/digital58.com.ve\/site\/#\/schema\/person\/64d1c2e4d0d4fd1b849980c4331c2951"},"image":{"@id":"https:\/\/digital58.com.ve\/site\/2021\/02\/16\/venezuela-reta-a-la-covid-19-para-celebrar-el-carnaval\/#primaryimage"},"thumbnailUrl":"https:\/\/digital58.com.ve\/site\/wp-content\/uploads\/2021\/02\/carnavales-venezuela.jpg","keywords":["Carnavales","Carnavales 2021","Coronavirus","COVID-19","Gobierno Nacional","Nacionales","Pandemia","Venezuela"],"articleSection":["Venezuela"],"inLanguage":"es","potentialAction":[{"@type":"CommentAction","name":"Comment","target":["https:\/\/digital58.com.ve\/site\/2021\/02\/16\/venezuela-reta-a-la-covid-19-para-celebrar-el-carnaval\/#respond"]}]},{"@type":"WebPage","@id":"https:\/\/digital58.com.ve\/site\/2021\/02\/16\/venezuela-reta-a-la-covid-19-para-celebrar-el-carnaval\/","url":"https:\/\/digital58.com.ve\/site\/2021\/02\/16\/venezuela-reta-a-la-covid-19-para-celebrar-el-carnaval\/","name":"Venezuela reta a la COVID-19 para celebrar el carnaval","isPartOf":{"@id":"https:\/\/digital58.com.ve\/site\/#website"},"primaryImageOfPage":{"@id":"https:\/\/digital58.com.ve\/site\/2021\/02\/16\/venezuela-reta-a-la-covid-19-para-celebrar-el-carnaval\/#primaryimage"},"image":{"@id":"https:\/\/digital58.com.ve\/site\/2021\/02\/16\/venezuela-reta-a-la-covid-19-para-celebrar-el-carnaval\/#primaryimage"},"thumbnailUrl":"https:\/\/digital58.com.ve\/site\/wp-content\/uploads\/2021\/02\/carnavales-venezuela.jpg","datePublished":"2021-02-16T06:53:04+00:00","description":"Venezuela","breadcrumb":{"@id":"https:\/\/digital58.com.ve\/site\/2021\/02\/16\/venezuela-reta-a-la-covid-19-para-celebrar-el-carnaval\/#breadcrumb"},"inLanguage":"es","potentialAction":[{"@type":"ReadAction","target":["https:\/\/digital58.com.ve\/site\/2021\/02\/16\/venezuela-reta-a-la-covid-19-para-celebrar-el-carnaval\/"]}]},{"@type":"ImageObject","inLanguage":"es","@id":"https:\/\/digital58.com.ve\/site\/2021\/02\/16\/venezuela-reta-a-la-covid-19-para-celebrar-el-carnaval\/#primaryimage","url":"https:\/\/digital58.com.ve\/site\/wp-content\/uploads\/2021\/02\/carnavales-venezuela.jpg","contentUrl":"https:\/\/digital58.com.ve\/site\/wp-content\/uploads\/2021\/02\/carnavales-venezuela.jpg","width":800,"height":533},{"@type":"BreadcrumbList","@id":"https:\/\/digital58.com.ve\/site\/2021\/02\/16\/venezuela-reta-a-la-covid-19-para-celebrar-el-carnaval\/#breadcrumb","itemListElement":[{"@type":"ListItem","position":1,"name":"Home","item":"https:\/\/digital58.com.ve\/site\/"},{"@type":"ListItem","position":2,"name":"Venezuela reta a la COVID-19 para celebrar el carnaval"}]},{"@type":"WebSite","@id":"https:\/\/digital58.com.ve\/site\/#website","url":"https:\/\/digital58.com.ve\/site\/","name":"Noticias Digital58","description":"Portal de Noticias \u00a1Periodismo web de verdad! Lanzamiento web 22.11.2005 \/ Maracaibo, Venezuela","publisher":{"@id":"https:\/\/digital58.com.ve\/site\/#\/schema\/person\/64d1c2e4d0d4fd1b849980c4331c2951"},"alternateName":"ND58","potentialAction":[{"@type":"SearchAction","target":{"@type":"EntryPoint","urlTemplate":"https:\/\/digital58.com.ve\/site\/?s={search_term_string}"},"query-input":{"@type":"PropertyValueSpecification","valueRequired":true,"valueName":"search_term_string"}}],"inLanguage":"es"},{"@type":["Person","Organization"],"@id":"https:\/\/digital58.com.ve\/site\/#\/schema\/person\/64d1c2e4d0d4fd1b849980c4331c2951","name":"Villasmil Henry","image":{"@type":"ImageObject","inLanguage":"es","@id":"https:\/\/secure.gravatar.com\/avatar\/bb0c4a2fcb7970138239f7e404ea75757b1b507b28b5ce4c53fbd62d797c5a7c?s=96&d=mm&r=g","url":"https:\/\/secure.gravatar.com\/avatar\/bb0c4a2fcb7970138239f7e404ea75757b1b507b28b5ce4c53fbd62d797c5a7c?s=96&d=mm&r=g","contentUrl":"https:\/\/secure.gravatar.com\/avatar\/bb0c4a2fcb7970138239f7e404ea75757b1b507b28b5ce4c53fbd62d797c5a7c?s=96&d=mm&r=g","caption":"Villasmil Henry"},"logo":{"@id":"https:\/\/secure.gravatar.com\/avatar\/bb0c4a2fcb7970138239f7e404ea75757b1b507b28b5ce4c53fbd62d797c5a7c?s=96&d=mm&r=g"},"sameAs":["http:\/\/www.henryvillasmil.com.ve","https:\/\/www.instagram.com\/villasmilhfoto\/","https:\/\/x.com\/https:\/\/twitter.com\/villasmilhfoto"],"url":"https:\/\/digital58.com.ve\/site\/author\/droopy_68\/"}]}},"uagb_featured_image_src":{"full":["https:\/\/digital58.com.ve\/site\/wp-content\/uploads\/2021\/02\/carnavales-venezuela.jpg",800,533,false],"thumbnail":["https:\/\/digital58.com.ve\/site\/wp-content\/uploads\/2021\/02\/carnavales-venezuela-150x150.jpg",150,150,true],"medium":["https:\/\/digital58.com.ve\/site\/wp-content\/uploads\/2021\/02\/carnavales-venezuela-300x200.jpg",300,200,true],"medium_large":["https:\/\/digital58.com.ve\/site\/wp-content\/uploads\/2021\/02\/carnavales-venezuela-768x512.jpg",768,512,true],"large":["https:\/\/digital58.com.ve\/site\/wp-content\/uploads\/2021\/02\/carnavales-venezuela.jpg",800,533,false],"1536x1536":["https:\/\/digital58.com.ve\/site\/wp-content\/uploads\/2021\/02\/carnavales-venezuela.jpg",800,533,false],"2048x2048":["https:\/\/digital58.com.ve\/site\/wp-content\/uploads\/2021\/02\/carnavales-venezuela.jpg",800,533,false],"colormag-highlighted-post":["https:\/\/digital58.com.ve\/site\/wp-content\/uploads\/2021\/02\/carnavales-venezuela.jpg",392,261,false],"colormag-featured-post-medium":["https:\/\/digital58.com.ve\/site\/wp-content\/uploads\/2021\/02\/carnavales-venezuela.jpg",308,205,false],"colormag-featured-post-small":["https:\/\/digital58.com.ve\/site\/wp-content\/uploads\/2021\/02\/carnavales-venezuela.jpg",130,87,false],"colormag-featured-image":["https:\/\/digital58.com.ve\/site\/wp-content\/uploads\/2021\/02\/carnavales-venezuela.jpg",668,445,false],"colormag-default-news":["https:\/\/digital58.com.ve\/site\/wp-content\/uploads\/2021\/02\/carnavales-venezuela.jpg",150,100,false],"colormag-featured-image-large":["https:\/\/digital58.com.ve\/site\/wp-content\/uploads\/2021\/02\/carnavales-venezuela.jpg",800,533,false]},"uagb_author_info":{"display_name":"Villasmil Henry","author_link":"https:\/\/digital58.com.ve\/site\/author\/droopy_68\/"},"uagb_comment_info":0,"uagb_excerpt":"Seg\u00fan el \u00faltimo reporte ofrecido por el Gobierno venezolano, desde el inicio de la pandemia en el pa\u00eds se han","_links":{"self":[{"href":"https:\/\/digital58.com.ve\/site\/wp-json\/wp\/v2\/posts\/135557","targetHints":{"allow":["GET"]}}],"collection":[{"href":"https:\/\/digital58.com.ve\/site\/wp-json\/wp\/v2\/posts"}],"about":[{"href":"https:\/\/digital58.com.ve\/site\/wp-json\/wp\/v2\/types\/post"}],"author":[{"embeddable":true,"href":"https:\/\/digital58.com.ve\/site\/wp-json\/wp\/v2\/users\/1"}],"replies":[{"embeddable":true,"href":"https:\/\/digital58.com.ve\/site\/wp-json\/wp\/v2\/comments?post=135557"}],"version-history":[{"count":0,"href":"https:\/\/digital58.com.ve\/site\/wp-json\/wp\/v2\/posts\/135557\/revisions"}],"wp:featuredmedia":[{"embeddable":true,"href":"https:\/\/digital58.com.ve\/site\/wp-json\/wp\/v2\/media\/135558"}],"wp:attachment":[{"href":"https:\/\/digital58.com.ve\/site\/wp-json\/wp\/v2\/media?parent=135557"}],"wp:term":[{"taxonomy":"category","embeddable":true,"href":"https:\/\/digital58.com.ve\/site\/wp-json\/wp\/v2\/categories?post=135557"},{"taxonomy":"post_tag","embeddable":true,"href":"https:\/\/digital58.com.ve\/site\/wp-json\/wp\/v2\/tags?post=135557"}],"curies":[{"name":"wp","href":"https:\/\/api.w.org\/{rel}","templated":true}]}}