{"id":135668,"date":"2021-02-18T22:01:09","date_gmt":"2021-02-19T02:01:09","guid":{"rendered":"https:\/\/digital58.com.ve\/site\/?p=135668"},"modified":"2021-02-18T22:01:09","modified_gmt":"2021-02-19T02:01:09","slug":"venezuela-comienza-a-vacunar-contra-la-covid-19-al-personal-medico","status":"publish","type":"post","link":"https:\/\/digital58.com.ve\/site\/2021\/02\/18\/venezuela-comienza-a-vacunar-contra-la-covid-19-al-personal-medico\/","title":{"rendered":"Venezuela comienza a vacunar contra la COVID-19 al personal m\u00e9dico"},"content":{"rendered":"<p><a href=\"https:\/\/digital58.com.ve\/site\/wp-content\/uploads\/2021\/02\/Glendy-Rivero.jpg\"><img loading=\"lazy\" decoding=\"async\" class=\"aligncenter size-full wp-image-135669\" src=\"https:\/\/digital58.com.ve\/site\/wp-content\/uploads\/2021\/02\/Glendy-Rivero.jpg\" alt=\"\" width=\"900\" height=\"600\" srcset=\"https:\/\/digital58.com.ve\/site\/wp-content\/uploads\/2021\/02\/Glendy-Rivero.jpg 900w, https:\/\/digital58.com.ve\/site\/wp-content\/uploads\/2021\/02\/Glendy-Rivero-300x200.jpg 300w, https:\/\/digital58.com.ve\/site\/wp-content\/uploads\/2021\/02\/Glendy-Rivero-768x512.jpg 768w, https:\/\/digital58.com.ve\/site\/wp-content\/uploads\/2021\/02\/Glendy-Rivero-720x480.jpg 720w, https:\/\/digital58.com.ve\/site\/wp-content\/uploads\/2021\/02\/Glendy-Rivero-480x320.jpg 480w\" sizes=\"auto, (max-width: 900px) 100vw, 900px\" \/><\/a><\/p>\n<p>\u2014m\u00e9dica cirujana\u2014, se convirti\u00f3 este jueves 18 de febrero en la primera persona vacunada contra la COVID-19 en Venezuela en el hospital Victorino Santaella, en Los Teques, estado Miranda.<\/p>\n<p><strong>Caracas, DC, Venezuela, 18 de febrero de 2021 (ND58).-<\/strong> Venezuela comenz\u00f3 este jueves la \u00abprimera etapa\u00bb de su inmunizaci\u00f3n contra la COVID-19 con la inoculaci\u00f3n de las primeras dosis de la vacuna rusa Sputnik V al personal m\u00e9dico, en una jornada a la que s\u00f3lo tuvo acceso el canal del Estado.<\/p>\n<p>La vicepresidenta ejecutiva de Venezuela, Delcy Rodr\u00edguez, dijo en un acto televisado que el personal m\u00e9dico recibe las primeras dosis como una manera de rendir homenaje a quienes \u00abhan estado en la primera fila\u00bb del combate contra esta enfermedad, que ha matado a casi 1.300 personas en la naci\u00f3n sudamericana.<\/p>\n<p>\u00abEstamos muy contentos\u00bb, dijo Rodr\u00edguez despu\u00e9s de que el canal p\u00fablico Venezolana de Televisi\u00f3n (VTV) emitiera im\u00e1genes en las que se aprecia la vacunaci\u00f3n a una mujer. \u00abRendimos nuestro homenaje de esta manera a todo el personal de salud (&#8230;), lleg\u00f3 el momento de que nosotros los cuidemos a ellos\u00bb, agreg\u00f3 la funcionaria.<\/p>\n<p>El proceso de vacunaci\u00f3n se inicia despu\u00e9s de que arribaran a Venezuela las primeras 100.000 dosis de la vacuna Sputnik V el pasado s\u00e1bado.<\/p>\n<p>Rodr\u00edguez dijo que el proceso no toma m\u00e1s de tres minutos, por cuanto se estima un ratio de 20 vacunas por hora.<\/p>\n<p>Adem\u00e1s, indic\u00f3 que el Gobierno de Nicol\u00e1s Maduro espera haber vacunado al 70 % de la poblaci\u00f3n antes finalizar el a\u00f1o y asever\u00f3 que esta tasa ofrece \u00abinmunidad de reba\u00f1o\u00bb.<\/p>\n<p><a href=\"https:\/\/digital58.com.ve\/site\/wp-content\/uploads\/2021\/02\/primer-vacunado.jpg\"><img loading=\"lazy\" decoding=\"async\" class=\"aligncenter size-full wp-image-135670\" src=\"https:\/\/digital58.com.ve\/site\/wp-content\/uploads\/2021\/02\/primer-vacunado.jpg\" alt=\"\" width=\"900\" height=\"600\" srcset=\"https:\/\/digital58.com.ve\/site\/wp-content\/uploads\/2021\/02\/primer-vacunado.jpg 900w, https:\/\/digital58.com.ve\/site\/wp-content\/uploads\/2021\/02\/primer-vacunado-300x200.jpg 300w, https:\/\/digital58.com.ve\/site\/wp-content\/uploads\/2021\/02\/primer-vacunado-768x512.jpg 768w, https:\/\/digital58.com.ve\/site\/wp-content\/uploads\/2021\/02\/primer-vacunado-720x480.jpg 720w, https:\/\/digital58.com.ve\/site\/wp-content\/uploads\/2021\/02\/primer-vacunado-480x320.jpg 480w\" sizes=\"auto, (max-width: 900px) 100vw, 900px\" \/><\/a><\/p>\n<p>De acuerdo con las im\u00e1genes que emiti\u00f3 VTV, las primeras dosis de la vacuna se aplicaron en un hospital del c\u00e9ntrico estado de Miranda \u2014cercano a Caracas\u2014 que funciona como \u00abcentinela\u00bb para atender casos de la COVID-19.<\/p>\n<p>El gobernador de esta regi\u00f3n, el oficialista H\u00e9ctor Rodr\u00edguez, dijo en la misma transmisi\u00f3n televisiva que en ese centro se ha atendido a unas 80.000 personas contagiadas con el coronavirus SARS-COV-2, que causa la COVID-19, y que al menos 700 de ellas requirieron de cuidados intensivos.<\/p>\n<p>Asimismo, apunt\u00f3 que, \u00aben esta primera etapa\u00bb, unos 7.000 trabajadores sanitarios ser\u00e1n vacunados en esta regi\u00f3n.<\/p>\n<p>\u00abEs todo ese personal que est\u00e1 desplegado en el casa por casa haciendo el despistaje, todo el personal que est\u00e1 en los hoteles sanitarios atendiendo a los pacientes moderados, a los pacientes que no necesitan camas de terapia intensiva y todo ese personal que est\u00e1 en los seis hospitales centinelas (del estado)\u00bb, a\u00f1adi\u00f3.<\/p>\n<p><strong>La vacuna \u00abm\u00e1s segura\u00bb<\/strong><\/p>\n<p>Por su parte, el ministro venezolano para la Salud, Carlos Alvarado, se\u00f1al\u00f3 que la Sputnik V es \u00abla vacuna m\u00e1s segura\u00bb que tiene el mundo hasta ahora, al tiempo que envi\u00f3 un \u00abmensaje de tranquilidad\u00bb a la poblaci\u00f3n al asegurar que m\u00e1s dosis est\u00e1n en camino.<\/p>\n<p>\u00abSi todo sale seg\u00fan lo esperado, podremos llegar (a vacunar) al 70 % de la poblaci\u00f3n venezolana, que es la meta que tenemos para llegar a la inmunidad de reba\u00f1o\u00bb, dijo.<\/p>\n<p>El presidente Nicol\u00e1s Maduro se\u00f1al\u00f3 el mi\u00e9rcoles que Venezuela compr\u00f3 a Rusia diez millones de vacunas, para lo cual desembols\u00f3 200 millones de d\u00f3lares.<\/p>\n<p>Adem\u00e1s, adelant\u00f3 que espera que para abril Venezuela est\u00e9 en \u00abuna fase de vacunaci\u00f3n masiva\u00bb, y que el pa\u00eds pueda contar con las vacunas que desarrolla Cuba, China, Rusia y el Mecanismo Covax, aunque destac\u00f3 que ser\u00e1 el Instituto Nacional de Higiene \u00abquien d\u00e9 la \u00faltima palabra\u00bb acerca de su posible aprobaci\u00f3n.<\/p><div class=\"pzakj69f2e3bf393f4\" ><p style=\"text-align: center;\"><a href=\"https:\/\/t.me\/noticiasdigital58\" target=\"_blank\" rel=\"noopener\"><img class=\"aligncenter size-full wp-image-125363\" src=\"https:\/\/digital58.com.ve\/site\/wp-content\/uploads\/2021\/04\/banner-telegram-web-2021.png\" alt=\"\" width=\"600\" height=\"90\" \/><\/a><\/p><\/div><style type=\"text\/css\">\r\n@media screen and (min-width: 1201px) {\r\n.pzakj69f2e3bf393f4 {\r\ndisplay: block;\r\n}\r\n}\r\n@media screen and (min-width: 993px) and (max-width: 1200px) {\r\n.pzakj69f2e3bf393f4 {\r\ndisplay: block;\r\n}\r\n}\r\n@media screen and (min-width: 769px) and (max-width: 992px) {\r\n.pzakj69f2e3bf393f4 {\r\ndisplay: block;\r\n}\r\n}\r\n@media screen and (min-width: 768px) and (max-width: 768px) {\r\n.pzakj69f2e3bf393f4 {\r\ndisplay: block;\r\n}\r\n}\r\n@media screen and (max-width: 767px) {\r\n.pzakj69f2e3bf393f4 {\r\ndisplay: block;\r\n}\r\n}\r\n<\/style>\r\n\n<p><strong>Redacci\u00f3n ND58 | Fuente: EFE<\/strong><br \/>\n<strong>Edici\u00f3n: Villasmil, Henry<\/strong><br \/>\n<strong>Gr\u00e1fica: EFE<\/strong><\/p>\n<div style=\"margin-top: 0px; margin-bottom: 0px;\" class=\"sharethis-inline-share-buttons\" ><\/div>","protected":false},"excerpt":{"rendered":"<p>\u2014m\u00e9dica cirujana\u2014, se convirti\u00f3 este jueves 18 de febrero en la primera persona vacunada contra la COVID-19 en Venezuela en<\/p>\n","protected":false},"author":1,"featured_media":135670,"comment_status":"open","ping_status":"closed","sticky":false,"template":"","format":"standard","meta":{"colormag_page_container_layout":"default_layout","colormag_page_sidebar_layout":"default_layout","_uag_custom_page_level_css":"","footnotes":""},"categories":[16454],"tags":[13352,13648,23183,233,13723,23184,20194,32],"class_list":["post-135668","post","type-post","status-publish","format-standard","has-post-thumbnail","hentry","category-venezuela","tag-coronavirus","tag-covid-19","tag-glendy-rivero","tag-nacionales","tag-pandemia","tag-primer-vacunado","tag-vacuna-sputnik-v","tag-venezuela"],"yoast_head":"<!-- This site is optimized with the Yoast SEO plugin v27.5 - https:\/\/yoast.com\/product\/yoast-seo-wordpress\/ -->\n<title>Venezuela comienza a vacunar contra la COVID-19 al personal m\u00e9dico<\/title>\n<meta name=\"description\" content=\"Venezuela\" \/>\n<meta name=\"robots\" content=\"index, follow, max-snippet:-1, max-image-preview:large, max-video-preview:-1\" \/>\n<link rel=\"canonical\" href=\"https:\/\/digital58.com.ve\/site\/2021\/02\/18\/venezuela-comienza-a-vacunar-contra-la-covid-19-al-personal-medico\/\" \/>\n<meta property=\"og:locale\" content=\"es_ES\" \/>\n<meta property=\"og:type\" content=\"article\" \/>\n<meta property=\"og:title\" content=\"Venezuela comienza a vacunar contra la COVID-19 al personal m\u00e9dico\" \/>\n<meta property=\"og:description\" content=\"Venezuela\" \/>\n<meta property=\"og:url\" content=\"https:\/\/digital58.com.ve\/site\/2021\/02\/18\/venezuela-comienza-a-vacunar-contra-la-covid-19-al-personal-medico\/\" \/>\n<meta property=\"og:site_name\" content=\"Noticias Digital58\" \/>\n<meta property=\"article:published_time\" content=\"2021-02-19T02:01:09+00:00\" \/>\n<meta property=\"og:image\" content=\"https:\/\/digital58.com.ve\/site\/wp-content\/uploads\/2021\/02\/primer-vacunado.jpg\" \/>\n\t<meta property=\"og:image:width\" content=\"900\" \/>\n\t<meta property=\"og:image:height\" content=\"600\" \/>\n\t<meta property=\"og:image:type\" content=\"image\/jpeg\" \/>\n<meta name=\"author\" content=\"Villasmil Henry\" \/>\n<meta name=\"twitter:card\" content=\"summary_large_image\" \/>\n<meta name=\"twitter:creator\" content=\"@https:\/\/twitter.com\/villasmilhfoto\" \/>\n<meta name=\"twitter:site\" content=\"@villasmilhfoto\" \/>\n<meta name=\"twitter:label1\" content=\"Escrito por\" \/>\n\t<meta name=\"twitter:data1\" content=\"Villasmil Henry\" \/>\n\t<meta name=\"twitter:label2\" content=\"Tiempo estimado de lectura\" \/>\n\t<meta name=\"twitter:data2\" content=\"3 minutos\" \/>\n<script type=\"application\/ld+json\" class=\"yoast-schema-graph\">{\"@context\":\"https:\\\/\\\/schema.org\",\"@graph\":[{\"@type\":\"Article\",\"@id\":\"https:\\\/\\\/digital58.com.ve\\\/site\\\/2021\\\/02\\\/18\\\/venezuela-comienza-a-vacunar-contra-la-covid-19-al-personal-medico\\\/#article\",\"isPartOf\":{\"@id\":\"https:\\\/\\\/digital58.com.ve\\\/site\\\/2021\\\/02\\\/18\\\/venezuela-comienza-a-vacunar-contra-la-covid-19-al-personal-medico\\\/\"},\"author\":{\"name\":\"Villasmil Henry\",\"@id\":\"https:\\\/\\\/digital58.com.ve\\\/site\\\/#\\\/schema\\\/person\\\/64d1c2e4d0d4fd1b849980c4331c2951\"},\"headline\":\"Venezuela comienza a vacunar contra la COVID-19 al personal m\u00e9dico\",\"datePublished\":\"2021-02-19T02:01:09+00:00\",\"mainEntityOfPage\":{\"@id\":\"https:\\\/\\\/digital58.com.ve\\\/site\\\/2021\\\/02\\\/18\\\/venezuela-comienza-a-vacunar-contra-la-covid-19-al-personal-medico\\\/\"},\"wordCount\":627,\"commentCount\":0,\"publisher\":{\"@id\":\"https:\\\/\\\/digital58.com.ve\\\/site\\\/#\\\/schema\\\/person\\\/64d1c2e4d0d4fd1b849980c4331c2951\"},\"image\":{\"@id\":\"https:\\\/\\\/digital58.com.ve\\\/site\\\/2021\\\/02\\\/18\\\/venezuela-comienza-a-vacunar-contra-la-covid-19-al-personal-medico\\\/#primaryimage\"},\"thumbnailUrl\":\"https:\\\/\\\/digital58.com.ve\\\/site\\\/wp-content\\\/uploads\\\/2021\\\/02\\\/primer-vacunado.jpg\",\"keywords\":[\"Coronavirus\",\"COVID-19\",\"Glendy Rivero\",\"Nacionales\",\"Pandemia\",\"Primer vacunado\",\"Vacuna Sputnik V\",\"Venezuela\"],\"articleSection\":[\"Venezuela\"],\"inLanguage\":\"es\",\"potentialAction\":[{\"@type\":\"CommentAction\",\"name\":\"Comment\",\"target\":[\"https:\\\/\\\/digital58.com.ve\\\/site\\\/2021\\\/02\\\/18\\\/venezuela-comienza-a-vacunar-contra-la-covid-19-al-personal-medico\\\/#respond\"]}]},{\"@type\":\"WebPage\",\"@id\":\"https:\\\/\\\/digital58.com.ve\\\/site\\\/2021\\\/02\\\/18\\\/venezuela-comienza-a-vacunar-contra-la-covid-19-al-personal-medico\\\/\",\"url\":\"https:\\\/\\\/digital58.com.ve\\\/site\\\/2021\\\/02\\\/18\\\/venezuela-comienza-a-vacunar-contra-la-covid-19-al-personal-medico\\\/\",\"name\":\"Venezuela comienza a vacunar contra la COVID-19 al personal m\u00e9dico\",\"isPartOf\":{\"@id\":\"https:\\\/\\\/digital58.com.ve\\\/site\\\/#website\"},\"primaryImageOfPage\":{\"@id\":\"https:\\\/\\\/digital58.com.ve\\\/site\\\/2021\\\/02\\\/18\\\/venezuela-comienza-a-vacunar-contra-la-covid-19-al-personal-medico\\\/#primaryimage\"},\"image\":{\"@id\":\"https:\\\/\\\/digital58.com.ve\\\/site\\\/2021\\\/02\\\/18\\\/venezuela-comienza-a-vacunar-contra-la-covid-19-al-personal-medico\\\/#primaryimage\"},\"thumbnailUrl\":\"https:\\\/\\\/digital58.com.ve\\\/site\\\/wp-content\\\/uploads\\\/2021\\\/02\\\/primer-vacunado.jpg\",\"datePublished\":\"2021-02-19T02:01:09+00:00\",\"description\":\"Venezuela\",\"breadcrumb\":{\"@id\":\"https:\\\/\\\/digital58.com.ve\\\/site\\\/2021\\\/02\\\/18\\\/venezuela-comienza-a-vacunar-contra-la-covid-19-al-personal-medico\\\/#breadcrumb\"},\"inLanguage\":\"es\",\"potentialAction\":[{\"@type\":\"ReadAction\",\"target\":[\"https:\\\/\\\/digital58.com.ve\\\/site\\\/2021\\\/02\\\/18\\\/venezuela-comienza-a-vacunar-contra-la-covid-19-al-personal-medico\\\/\"]}]},{\"@type\":\"ImageObject\",\"inLanguage\":\"es\",\"@id\":\"https:\\\/\\\/digital58.com.ve\\\/site\\\/2021\\\/02\\\/18\\\/venezuela-comienza-a-vacunar-contra-la-covid-19-al-personal-medico\\\/#primaryimage\",\"url\":\"https:\\\/\\\/digital58.com.ve\\\/site\\\/wp-content\\\/uploads\\\/2021\\\/02\\\/primer-vacunado.jpg\",\"contentUrl\":\"https:\\\/\\\/digital58.com.ve\\\/site\\\/wp-content\\\/uploads\\\/2021\\\/02\\\/primer-vacunado.jpg\",\"width\":900,\"height\":600},{\"@type\":\"BreadcrumbList\",\"@id\":\"https:\\\/\\\/digital58.com.ve\\\/site\\\/2021\\\/02\\\/18\\\/venezuela-comienza-a-vacunar-contra-la-covid-19-al-personal-medico\\\/#breadcrumb\",\"itemListElement\":[{\"@type\":\"ListItem\",\"position\":1,\"name\":\"Home\",\"item\":\"https:\\\/\\\/digital58.com.ve\\\/site\\\/\"},{\"@type\":\"ListItem\",\"position\":2,\"name\":\"Venezuela comienza a vacunar contra la COVID-19 al personal m\u00e9dico\"}]},{\"@type\":\"WebSite\",\"@id\":\"https:\\\/\\\/digital58.com.ve\\\/site\\\/#website\",\"url\":\"https:\\\/\\\/digital58.com.ve\\\/site\\\/\",\"name\":\"Noticias Digital58\",\"description\":\"Portal de Noticias \u00a1Periodismo web de verdad! Lanzamiento web 22.11.2005 \\\/ Maracaibo, Venezuela\",\"publisher\":{\"@id\":\"https:\\\/\\\/digital58.com.ve\\\/site\\\/#\\\/schema\\\/person\\\/64d1c2e4d0d4fd1b849980c4331c2951\"},\"alternateName\":\"ND58\",\"potentialAction\":[{\"@type\":\"SearchAction\",\"target\":{\"@type\":\"EntryPoint\",\"urlTemplate\":\"https:\\\/\\\/digital58.com.ve\\\/site\\\/?s={search_term_string}\"},\"query-input\":{\"@type\":\"PropertyValueSpecification\",\"valueRequired\":true,\"valueName\":\"search_term_string\"}}],\"inLanguage\":\"es\"},{\"@type\":[\"Person\",\"Organization\"],\"@id\":\"https:\\\/\\\/digital58.com.ve\\\/site\\\/#\\\/schema\\\/person\\\/64d1c2e4d0d4fd1b849980c4331c2951\",\"name\":\"Villasmil Henry\",\"image\":{\"@type\":\"ImageObject\",\"inLanguage\":\"es\",\"@id\":\"https:\\\/\\\/secure.gravatar.com\\\/avatar\\\/bb0c4a2fcb7970138239f7e404ea75757b1b507b28b5ce4c53fbd62d797c5a7c?s=96&d=mm&r=g\",\"url\":\"https:\\\/\\\/secure.gravatar.com\\\/avatar\\\/bb0c4a2fcb7970138239f7e404ea75757b1b507b28b5ce4c53fbd62d797c5a7c?s=96&d=mm&r=g\",\"contentUrl\":\"https:\\\/\\\/secure.gravatar.com\\\/avatar\\\/bb0c4a2fcb7970138239f7e404ea75757b1b507b28b5ce4c53fbd62d797c5a7c?s=96&d=mm&r=g\",\"caption\":\"Villasmil Henry\"},\"logo\":{\"@id\":\"https:\\\/\\\/secure.gravatar.com\\\/avatar\\\/bb0c4a2fcb7970138239f7e404ea75757b1b507b28b5ce4c53fbd62d797c5a7c?s=96&d=mm&r=g\"},\"sameAs\":[\"http:\\\/\\\/www.henryvillasmil.com.ve\",\"https:\\\/\\\/www.instagram.com\\\/villasmilhfoto\\\/\",\"https:\\\/\\\/x.com\\\/https:\\\/\\\/twitter.com\\\/villasmilhfoto\"],\"url\":\"https:\\\/\\\/digital58.com.ve\\\/site\\\/author\\\/droopy_68\\\/\"}]}<\/script>\n<!-- \/ Yoast SEO plugin. -->","yoast_head_json":{"title":"Venezuela comienza a vacunar contra la COVID-19 al personal m\u00e9dico","description":"Venezuela","robots":{"index":"index","follow":"follow","max-snippet":"max-snippet:-1","max-image-preview":"max-image-preview:large","max-video-preview":"max-video-preview:-1"},"canonical":"https:\/\/digital58.com.ve\/site\/2021\/02\/18\/venezuela-comienza-a-vacunar-contra-la-covid-19-al-personal-medico\/","og_locale":"es_ES","og_type":"article","og_title":"Venezuela comienza a vacunar contra la COVID-19 al personal m\u00e9dico","og_description":"Venezuela","og_url":"https:\/\/digital58.com.ve\/site\/2021\/02\/18\/venezuela-comienza-a-vacunar-contra-la-covid-19-al-personal-medico\/","og_site_name":"Noticias Digital58","article_published_time":"2021-02-19T02:01:09+00:00","og_image":[{"width":900,"height":600,"url":"https:\/\/digital58.com.ve\/site\/wp-content\/uploads\/2021\/02\/primer-vacunado.jpg","type":"image\/jpeg"}],"author":"Villasmil Henry","twitter_card":"summary_large_image","twitter_creator":"@https:\/\/twitter.com\/villasmilhfoto","twitter_site":"@villasmilhfoto","twitter_misc":{"Escrito por":"Villasmil Henry","Tiempo estimado de lectura":"3 minutos"},"schema":{"@context":"https:\/\/schema.org","@graph":[{"@type":"Article","@id":"https:\/\/digital58.com.ve\/site\/2021\/02\/18\/venezuela-comienza-a-vacunar-contra-la-covid-19-al-personal-medico\/#article","isPartOf":{"@id":"https:\/\/digital58.com.ve\/site\/2021\/02\/18\/venezuela-comienza-a-vacunar-contra-la-covid-19-al-personal-medico\/"},"author":{"name":"Villasmil Henry","@id":"https:\/\/digital58.com.ve\/site\/#\/schema\/person\/64d1c2e4d0d4fd1b849980c4331c2951"},"headline":"Venezuela comienza a vacunar contra la COVID-19 al personal m\u00e9dico","datePublished":"2021-02-19T02:01:09+00:00","mainEntityOfPage":{"@id":"https:\/\/digital58.com.ve\/site\/2021\/02\/18\/venezuela-comienza-a-vacunar-contra-la-covid-19-al-personal-medico\/"},"wordCount":627,"commentCount":0,"publisher":{"@id":"https:\/\/digital58.com.ve\/site\/#\/schema\/person\/64d1c2e4d0d4fd1b849980c4331c2951"},"image":{"@id":"https:\/\/digital58.com.ve\/site\/2021\/02\/18\/venezuela-comienza-a-vacunar-contra-la-covid-19-al-personal-medico\/#primaryimage"},"thumbnailUrl":"https:\/\/digital58.com.ve\/site\/wp-content\/uploads\/2021\/02\/primer-vacunado.jpg","keywords":["Coronavirus","COVID-19","Glendy Rivero","Nacionales","Pandemia","Primer vacunado","Vacuna Sputnik V","Venezuela"],"articleSection":["Venezuela"],"inLanguage":"es","potentialAction":[{"@type":"CommentAction","name":"Comment","target":["https:\/\/digital58.com.ve\/site\/2021\/02\/18\/venezuela-comienza-a-vacunar-contra-la-covid-19-al-personal-medico\/#respond"]}]},{"@type":"WebPage","@id":"https:\/\/digital58.com.ve\/site\/2021\/02\/18\/venezuela-comienza-a-vacunar-contra-la-covid-19-al-personal-medico\/","url":"https:\/\/digital58.com.ve\/site\/2021\/02\/18\/venezuela-comienza-a-vacunar-contra-la-covid-19-al-personal-medico\/","name":"Venezuela comienza a vacunar contra la COVID-19 al personal m\u00e9dico","isPartOf":{"@id":"https:\/\/digital58.com.ve\/site\/#website"},"primaryImageOfPage":{"@id":"https:\/\/digital58.com.ve\/site\/2021\/02\/18\/venezuela-comienza-a-vacunar-contra-la-covid-19-al-personal-medico\/#primaryimage"},"image":{"@id":"https:\/\/digital58.com.ve\/site\/2021\/02\/18\/venezuela-comienza-a-vacunar-contra-la-covid-19-al-personal-medico\/#primaryimage"},"thumbnailUrl":"https:\/\/digital58.com.ve\/site\/wp-content\/uploads\/2021\/02\/primer-vacunado.jpg","datePublished":"2021-02-19T02:01:09+00:00","description":"Venezuela","breadcrumb":{"@id":"https:\/\/digital58.com.ve\/site\/2021\/02\/18\/venezuela-comienza-a-vacunar-contra-la-covid-19-al-personal-medico\/#breadcrumb"},"inLanguage":"es","potentialAction":[{"@type":"ReadAction","target":["https:\/\/digital58.com.ve\/site\/2021\/02\/18\/venezuela-comienza-a-vacunar-contra-la-covid-19-al-personal-medico\/"]}]},{"@type":"ImageObject","inLanguage":"es","@id":"https:\/\/digital58.com.ve\/site\/2021\/02\/18\/venezuela-comienza-a-vacunar-contra-la-covid-19-al-personal-medico\/#primaryimage","url":"https:\/\/digital58.com.ve\/site\/wp-content\/uploads\/2021\/02\/primer-vacunado.jpg","contentUrl":"https:\/\/digital58.com.ve\/site\/wp-content\/uploads\/2021\/02\/primer-vacunado.jpg","width":900,"height":600},{"@type":"BreadcrumbList","@id":"https:\/\/digital58.com.ve\/site\/2021\/02\/18\/venezuela-comienza-a-vacunar-contra-la-covid-19-al-personal-medico\/#breadcrumb","itemListElement":[{"@type":"ListItem","position":1,"name":"Home","item":"https:\/\/digital58.com.ve\/site\/"},{"@type":"ListItem","position":2,"name":"Venezuela comienza a vacunar contra la COVID-19 al personal m\u00e9dico"}]},{"@type":"WebSite","@id":"https:\/\/digital58.com.ve\/site\/#website","url":"https:\/\/digital58.com.ve\/site\/","name":"Noticias Digital58","description":"Portal de Noticias \u00a1Periodismo web de verdad! Lanzamiento web 22.11.2005 \/ Maracaibo, Venezuela","publisher":{"@id":"https:\/\/digital58.com.ve\/site\/#\/schema\/person\/64d1c2e4d0d4fd1b849980c4331c2951"},"alternateName":"ND58","potentialAction":[{"@type":"SearchAction","target":{"@type":"EntryPoint","urlTemplate":"https:\/\/digital58.com.ve\/site\/?s={search_term_string}"},"query-input":{"@type":"PropertyValueSpecification","valueRequired":true,"valueName":"search_term_string"}}],"inLanguage":"es"},{"@type":["Person","Organization"],"@id":"https:\/\/digital58.com.ve\/site\/#\/schema\/person\/64d1c2e4d0d4fd1b849980c4331c2951","name":"Villasmil Henry","image":{"@type":"ImageObject","inLanguage":"es","@id":"https:\/\/secure.gravatar.com\/avatar\/bb0c4a2fcb7970138239f7e404ea75757b1b507b28b5ce4c53fbd62d797c5a7c?s=96&d=mm&r=g","url":"https:\/\/secure.gravatar.com\/avatar\/bb0c4a2fcb7970138239f7e404ea75757b1b507b28b5ce4c53fbd62d797c5a7c?s=96&d=mm&r=g","contentUrl":"https:\/\/secure.gravatar.com\/avatar\/bb0c4a2fcb7970138239f7e404ea75757b1b507b28b5ce4c53fbd62d797c5a7c?s=96&d=mm&r=g","caption":"Villasmil Henry"},"logo":{"@id":"https:\/\/secure.gravatar.com\/avatar\/bb0c4a2fcb7970138239f7e404ea75757b1b507b28b5ce4c53fbd62d797c5a7c?s=96&d=mm&r=g"},"sameAs":["http:\/\/www.henryvillasmil.com.ve","https:\/\/www.instagram.com\/villasmilhfoto\/","https:\/\/x.com\/https:\/\/twitter.com\/villasmilhfoto"],"url":"https:\/\/digital58.com.ve\/site\/author\/droopy_68\/"}]}},"uagb_featured_image_src":{"full":["https:\/\/digital58.com.ve\/site\/wp-content\/uploads\/2021\/02\/primer-vacunado.jpg",900,600,false],"thumbnail":["https:\/\/digital58.com.ve\/site\/wp-content\/uploads\/2021\/02\/primer-vacunado-150x150.jpg",150,150,true],"medium":["https:\/\/digital58.com.ve\/site\/wp-content\/uploads\/2021\/02\/primer-vacunado-300x200.jpg",300,200,true],"medium_large":["https:\/\/digital58.com.ve\/site\/wp-content\/uploads\/2021\/02\/primer-vacunado-768x512.jpg",768,512,true],"large":["https:\/\/digital58.com.ve\/site\/wp-content\/uploads\/2021\/02\/primer-vacunado.jpg",800,533,false],"1536x1536":["https:\/\/digital58.com.ve\/site\/wp-content\/uploads\/2021\/02\/primer-vacunado.jpg",900,600,false],"2048x2048":["https:\/\/digital58.com.ve\/site\/wp-content\/uploads\/2021\/02\/primer-vacunado.jpg",900,600,false],"colormag-highlighted-post":["https:\/\/digital58.com.ve\/site\/wp-content\/uploads\/2021\/02\/primer-vacunado.jpg",392,261,false],"colormag-featured-post-medium":["https:\/\/digital58.com.ve\/site\/wp-content\/uploads\/2021\/02\/primer-vacunado.jpg",308,205,false],"colormag-featured-post-small":["https:\/\/digital58.com.ve\/site\/wp-content\/uploads\/2021\/02\/primer-vacunado.jpg",130,87,false],"colormag-featured-image":["https:\/\/digital58.com.ve\/site\/wp-content\/uploads\/2021\/02\/primer-vacunado.jpg",668,445,false],"colormag-default-news":["https:\/\/digital58.com.ve\/site\/wp-content\/uploads\/2021\/02\/primer-vacunado.jpg",150,100,false],"colormag-featured-image-large":["https:\/\/digital58.com.ve\/site\/wp-content\/uploads\/2021\/02\/primer-vacunado.jpg",900,600,false]},"uagb_author_info":{"display_name":"Villasmil Henry","author_link":"https:\/\/digital58.com.ve\/site\/author\/droopy_68\/"},"uagb_comment_info":0,"uagb_excerpt":"\u2014m\u00e9dica cirujana\u2014, se convirti\u00f3 este jueves 18 de febrero en la primera persona vacunada contra la COVID-19 en Venezuela en","_links":{"self":[{"href":"https:\/\/digital58.com.ve\/site\/wp-json\/wp\/v2\/posts\/135668","targetHints":{"allow":["GET"]}}],"collection":[{"href":"https:\/\/digital58.com.ve\/site\/wp-json\/wp\/v2\/posts"}],"about":[{"href":"https:\/\/digital58.com.ve\/site\/wp-json\/wp\/v2\/types\/post"}],"author":[{"embeddable":true,"href":"https:\/\/digital58.com.ve\/site\/wp-json\/wp\/v2\/users\/1"}],"replies":[{"embeddable":true,"href":"https:\/\/digital58.com.ve\/site\/wp-json\/wp\/v2\/comments?post=135668"}],"version-history":[{"count":0,"href":"https:\/\/digital58.com.ve\/site\/wp-json\/wp\/v2\/posts\/135668\/revisions"}],"wp:featuredmedia":[{"embeddable":true,"href":"https:\/\/digital58.com.ve\/site\/wp-json\/wp\/v2\/media\/135670"}],"wp:attachment":[{"href":"https:\/\/digital58.com.ve\/site\/wp-json\/wp\/v2\/media?parent=135668"}],"wp:term":[{"taxonomy":"category","embeddable":true,"href":"https:\/\/digital58.com.ve\/site\/wp-json\/wp\/v2\/categories?post=135668"},{"taxonomy":"post_tag","embeddable":true,"href":"https:\/\/digital58.com.ve\/site\/wp-json\/wp\/v2\/tags?post=135668"}],"curies":[{"name":"wp","href":"https:\/\/api.w.org\/{rel}","templated":true}]}}