{"id":135675,"date":"2021-02-19T18:54:13","date_gmt":"2021-02-19T22:54:13","guid":{"rendered":"https:\/\/digital58.com.ve\/site\/?p=135675"},"modified":"2021-02-19T18:54:30","modified_gmt":"2021-02-19T22:54:30","slug":"futve-la-furia-llanera-incorpora-dos-piezas-a-su-plantilla","status":"publish","type":"post","link":"https:\/\/digital58.com.ve\/site\/2021\/02\/19\/futve-la-furia-llanera-incorpora-dos-piezas-a-su-plantilla\/","title":{"rendered":"#F\u00fatVe: \u00abLa Furia Llanera\u00bb incorpora dos piezas a su plantilla"},"content":{"rendered":"<p><a href=\"https:\/\/digital58.com.ve\/site\/wp-content\/uploads\/2021\/02\/luna.jpg\"><img loading=\"lazy\" decoding=\"async\" class=\"aligncenter size-full wp-image-135677\" src=\"https:\/\/digital58.com.ve\/site\/wp-content\/uploads\/2021\/02\/luna.jpg\" alt=\"\" width=\"900\" height=\"600\" srcset=\"https:\/\/digital58.com.ve\/site\/wp-content\/uploads\/2021\/02\/luna.jpg 800w, https:\/\/digital58.com.ve\/site\/wp-content\/uploads\/2021\/02\/luna-300x200.jpg 300w, https:\/\/digital58.com.ve\/site\/wp-content\/uploads\/2021\/02\/luna-768x512.jpg 768w, https:\/\/digital58.com.ve\/site\/wp-content\/uploads\/2021\/02\/luna-720x480.jpg 720w, https:\/\/digital58.com.ve\/site\/wp-content\/uploads\/2021\/02\/luna-480x320.jpg 480w\" sizes=\"auto, (max-width: 900px) 100vw, 900px\" \/><\/a><\/p>\n<p>Juan Reyes y Diego Luna nuevos refuerzos para la temporada 2021<\/p>\n<p><strong>Barinas, Venezuela, 19 de febrero de 2021 (ND58).-<\/strong> Con la finalidad de rearmar un plantel aguerrido y que compita de principio a fin en la venidera temporada del f\u00fatbol venezolano.<\/p>\n<p>La directiva de Zamora F\u00fatbol Club, pact\u00f3 con el defensor Diego Luna y el guardameta Juan Reyes quienes desde ya se alistan con el objetivo de defender los colores blanquinegros con toda su entrega y profesionalismo, y poder aportar a la causa zamorana.<\/p>\n<p>En primer lugar, tras sus primeros entrenamientos como zamorano, Juan Reyes, dio algunas palabras con respecto a su llega al Club de Barinas. \u00abEstoy bastante contento, ha sido bastante satisfactoria la llega a \u00e9ste mi nuevo Club un grande del f\u00fatbol venezolano. Feliz por el recibimiento tanto de la directiva, cuerpo t\u00e9cnico y mis compa\u00f1eros, con una bonita ilusi\u00f3n tanto a nivel grupal como personal de lograr grandes cosas y conquistar t\u00edtulos. Ya me he ido acoplando r\u00e1pidamente al grupo y que a su vez ellos han sabido integrarme al equipo. Voy a entregar el todo por el todo en esta instituci\u00f3n para as\u00ed aportar mi granito de arena y llevar a Zamora, nuevamente a una Copa Internacional\u00bb, fueron las declaraciones del oriundo de Ocumare del Tuy (Miranda).<\/p>\n<p><a href=\"https:\/\/digital58.com.ve\/site\/wp-content\/uploads\/2021\/02\/reyes.jpg\"><img loading=\"lazy\" decoding=\"async\" class=\"aligncenter size-full wp-image-135676\" src=\"https:\/\/digital58.com.ve\/site\/wp-content\/uploads\/2021\/02\/reyes.jpg\" alt=\"\" width=\"900\" height=\"600\" srcset=\"https:\/\/digital58.com.ve\/site\/wp-content\/uploads\/2021\/02\/reyes.jpg 800w, https:\/\/digital58.com.ve\/site\/wp-content\/uploads\/2021\/02\/reyes-300x200.jpg 300w, https:\/\/digital58.com.ve\/site\/wp-content\/uploads\/2021\/02\/reyes-768x512.jpg 768w, https:\/\/digital58.com.ve\/site\/wp-content\/uploads\/2021\/02\/reyes-720x480.jpg 720w, https:\/\/digital58.com.ve\/site\/wp-content\/uploads\/2021\/02\/reyes-480x320.jpg 480w\" sizes=\"auto, (max-width: 900px) 100vw, 900px\" \/><\/a><\/p>\n<p>El guardameta viene procedente de las filas de Portuguesa FC, donde tuvo una pasant\u00eda de dos temporadas (2019- 2020) y en el que disput\u00f3 un total de 3.240 minutos en su totalidad como portero titular del conjunto acarig\u00fce\u00f1o.<\/p>\n<p>Seguidamente, tambi\u00e9n ofreci\u00f3 declaraciones el zaguero Diego Luna, quien se mostr\u00f3 bastante contento y motivado por llegar a un grande del FUTVE: \u00abPara mi es una gran motivaci\u00f3n y alegr\u00eda llegar ac\u00e1 a Zamora un gran Club que posee en su palmar\u00e9s una buena cantidad de t\u00edtulos. Vengo con la mentalidad de aportar al m\u00e1ximo y sumar junto con el grupo en general para colocar a la instituci\u00f3n en lo m\u00e1s alto posible. Desde mi llegada he podido ver un equipo bastante compacto con gran n\u00famero de jugadores j\u00f3venes y tambi\u00e9n con experiencia que te aportan y ense\u00f1an, nada m\u00e1s bonito que poder contar con compa\u00f1eros que ayuden a siempre estar motivado, corregir errores y tener su apoyo en todo momento. Los objetivos est\u00e1n bastante claros en este semestre, luchar por el campeonato y tener un cupo para una participaci\u00f3n internacional. Tanto yo como los dem\u00e1s que integramos el plantel lucharemos para colocar a Zamora FC donde merece estar\u00bb, dijo el futbolista nacido en Ciudad Bol\u00edvar.<\/p>\n<p>Luna viene procedente del RSD Alcal\u00e1 de la tercera divisi\u00f3n del f\u00fatbol espa\u00f1ol, elenco donde vio acci\u00f3n desde el 2019 hasta el pasado a\u00f1o, disputando un total de 374 minutos en seis partidos (cuatro como titular y dos en los que entr\u00f3 desde el banco), el Club venezolano donde dio el salto al extranjero fue Deportivo La Guaira, en el cual estuvo por tres a\u00f1os (2017-2019).<\/p>\n<p>Para cerrar, con la adici\u00f3n de este par de nuevos futbolistas, se debe resaltar que Zamora FC sigue apostando por el talento joven del pa\u00eds.<\/p>\n<p>El cancerbero cuenta con 26 a\u00f1os de edad, mientras que, el hombre de primera l\u00ednea apenas tiene 21 a\u00f1os. Desde la gerencia general y cuerpo t\u00e9cnico, apuestan el todo en la inclusi\u00f3n de estos profesionales que buscar\u00e1n explotar todo su potencial en el elenco barin\u00e9s.<\/p><div class=\"uevfa69f48a340e1a9\" ><p style=\"text-align: center;\"><a href=\"https:\/\/t.me\/noticiasdigital58\" target=\"_blank\" rel=\"noopener\"><img class=\"aligncenter size-full wp-image-125363\" src=\"https:\/\/digital58.com.ve\/site\/wp-content\/uploads\/2021\/04\/banner-telegram-web-2021.png\" alt=\"\" width=\"600\" height=\"90\" \/><\/a><\/p><\/div><style type=\"text\/css\">\r\n@media screen and (min-width: 1201px) {\r\n.uevfa69f48a340e1a9 {\r\ndisplay: block;\r\n}\r\n}\r\n@media screen and (min-width: 993px) and (max-width: 1200px) {\r\n.uevfa69f48a340e1a9 {\r\ndisplay: block;\r\n}\r\n}\r\n@media screen and (min-width: 769px) and (max-width: 992px) {\r\n.uevfa69f48a340e1a9 {\r\ndisplay: block;\r\n}\r\n}\r\n@media screen and (min-width: 768px) and (max-width: 768px) {\r\n.uevfa69f48a340e1a9 {\r\ndisplay: block;\r\n}\r\n}\r\n@media screen and (max-width: 767px) {\r\n.uevfa69f48a340e1a9 {\r\ndisplay: block;\r\n}\r\n}\r\n<\/style>\r\n\n<p><strong>Redacci\u00f3n ND58 | Fuente: Jos\u00e9 Borjas\/Prensa Zamora FC<\/strong><br \/>\n<strong>Edici\u00f3n: Villasmil, Henry<\/strong><br \/>\n<strong>Gr\u00e1fica: Cortes\u00eda<\/strong><\/p>\n<div style=\"margin-top: 0px; margin-bottom: 0px;\" class=\"sharethis-inline-share-buttons\" ><\/div>","protected":false},"excerpt":{"rendered":"<p>Juan Reyes y Diego Luna nuevos refuerzos para la temporada 2021 Barinas, Venezuela, 19 de febrero de 2021 (ND58).- Con<\/p>\n","protected":false},"author":1,"featured_media":135676,"comment_status":"open","ping_status":"closed","sticky":false,"template":"","format":"standard","meta":{"colormag_page_container_layout":"default_layout","colormag_page_sidebar_layout":"default_layout","_uag_custom_page_level_css":"","footnotes":""},"categories":[5402],"tags":[4027,13,5721,15,25,23185,233,19,32,5518],"class_list":["post-135675","post","type-post","status-publish","format-standard","has-post-thumbnail","hentry","category-deportes","tag-barinas","tag-futbol","tag-futbol-nacional","tag-futve","tag-fvf","tag-liga-futve-pretemporada-2021","tag-nacionales","tag-primera-division","tag-venezuela","tag-zamora-futbol-club"],"yoast_head":"<!-- This site is optimized with the Yoast SEO plugin v27.5 - https:\/\/yoast.com\/product\/yoast-seo-wordpress\/ -->\n<title>#F\u00fatVe: \u00abLa Furia Llanera\u00bb incorpora dos piezas a su plantilla<\/title>\n<meta name=\"description\" content=\"Deportes\" \/>\n<meta name=\"robots\" content=\"index, follow, max-snippet:-1, max-image-preview:large, max-video-preview:-1\" \/>\n<link rel=\"canonical\" href=\"https:\/\/digital58.com.ve\/site\/2021\/02\/19\/futve-la-furia-llanera-incorpora-dos-piezas-a-su-plantilla\/\" \/>\n<meta property=\"og:locale\" content=\"es_ES\" \/>\n<meta property=\"og:type\" content=\"article\" \/>\n<meta property=\"og:title\" content=\"#F\u00fatVe: \u00abLa Furia Llanera\u00bb incorpora dos piezas a su plantilla\" \/>\n<meta property=\"og:description\" content=\"Deportes\" \/>\n<meta property=\"og:url\" content=\"https:\/\/digital58.com.ve\/site\/2021\/02\/19\/futve-la-furia-llanera-incorpora-dos-piezas-a-su-plantilla\/\" \/>\n<meta property=\"og:site_name\" content=\"Noticias Digital58\" \/>\n<meta property=\"article:published_time\" content=\"2021-02-19T22:54:13+00:00\" \/>\n<meta property=\"article:modified_time\" content=\"2021-02-19T22:54:30+00:00\" \/>\n<meta property=\"og:image\" content=\"https:\/\/digital58.com.ve\/site\/wp-content\/uploads\/2021\/02\/reyes.jpg\" \/>\n\t<meta property=\"og:image:width\" content=\"900\" \/>\n\t<meta property=\"og:image:height\" content=\"600\" \/>\n\t<meta property=\"og:image:type\" content=\"image\/jpeg\" \/>\n<meta name=\"author\" content=\"Villasmil Henry\" \/>\n<meta name=\"twitter:card\" content=\"summary_large_image\" \/>\n<meta name=\"twitter:creator\" content=\"@https:\/\/twitter.com\/villasmilhfoto\" \/>\n<meta name=\"twitter:site\" content=\"@villasmilhfoto\" \/>\n<meta name=\"twitter:label1\" content=\"Escrito por\" \/>\n\t<meta name=\"twitter:data1\" content=\"Villasmil Henry\" \/>\n\t<meta name=\"twitter:label2\" content=\"Tiempo estimado de lectura\" \/>\n\t<meta name=\"twitter:data2\" content=\"3 minutos\" \/>\n<script type=\"application\/ld+json\" class=\"yoast-schema-graph\">{\"@context\":\"https:\\\/\\\/schema.org\",\"@graph\":[{\"@type\":\"Article\",\"@id\":\"https:\\\/\\\/digital58.com.ve\\\/site\\\/2021\\\/02\\\/19\\\/futve-la-furia-llanera-incorpora-dos-piezas-a-su-plantilla\\\/#article\",\"isPartOf\":{\"@id\":\"https:\\\/\\\/digital58.com.ve\\\/site\\\/2021\\\/02\\\/19\\\/futve-la-furia-llanera-incorpora-dos-piezas-a-su-plantilla\\\/\"},\"author\":{\"name\":\"Villasmil Henry\",\"@id\":\"https:\\\/\\\/digital58.com.ve\\\/site\\\/#\\\/schema\\\/person\\\/64d1c2e4d0d4fd1b849980c4331c2951\"},\"headline\":\"#F\u00fatVe: \u00abLa Furia Llanera\u00bb incorpora dos piezas a su plantilla\",\"datePublished\":\"2021-02-19T22:54:13+00:00\",\"dateModified\":\"2021-02-19T22:54:30+00:00\",\"mainEntityOfPage\":{\"@id\":\"https:\\\/\\\/digital58.com.ve\\\/site\\\/2021\\\/02\\\/19\\\/futve-la-furia-llanera-incorpora-dos-piezas-a-su-plantilla\\\/\"},\"wordCount\":617,\"commentCount\":0,\"publisher\":{\"@id\":\"https:\\\/\\\/digital58.com.ve\\\/site\\\/#\\\/schema\\\/person\\\/64d1c2e4d0d4fd1b849980c4331c2951\"},\"image\":{\"@id\":\"https:\\\/\\\/digital58.com.ve\\\/site\\\/2021\\\/02\\\/19\\\/futve-la-furia-llanera-incorpora-dos-piezas-a-su-plantilla\\\/#primaryimage\"},\"thumbnailUrl\":\"https:\\\/\\\/digital58.com.ve\\\/site\\\/wp-content\\\/uploads\\\/2021\\\/02\\\/reyes.jpg\",\"keywords\":[\"Barinas\",\"F\u00fatbol\",\"F\u00fatbol Nacional\",\"Futve\",\"FVF\",\"Liga F\u00fatVe Pretemporada 2021\",\"Nacionales\",\"Primera Divisi\u00f3n\",\"Venezuela\",\"Zamora F\u00fatbol Club\"],\"articleSection\":[\"Deportes\"],\"inLanguage\":\"es\",\"potentialAction\":[{\"@type\":\"CommentAction\",\"name\":\"Comment\",\"target\":[\"https:\\\/\\\/digital58.com.ve\\\/site\\\/2021\\\/02\\\/19\\\/futve-la-furia-llanera-incorpora-dos-piezas-a-su-plantilla\\\/#respond\"]}]},{\"@type\":\"WebPage\",\"@id\":\"https:\\\/\\\/digital58.com.ve\\\/site\\\/2021\\\/02\\\/19\\\/futve-la-furia-llanera-incorpora-dos-piezas-a-su-plantilla\\\/\",\"url\":\"https:\\\/\\\/digital58.com.ve\\\/site\\\/2021\\\/02\\\/19\\\/futve-la-furia-llanera-incorpora-dos-piezas-a-su-plantilla\\\/\",\"name\":\"#F\u00fatVe: \u00abLa Furia Llanera\u00bb incorpora dos piezas a su plantilla\",\"isPartOf\":{\"@id\":\"https:\\\/\\\/digital58.com.ve\\\/site\\\/#website\"},\"primaryImageOfPage\":{\"@id\":\"https:\\\/\\\/digital58.com.ve\\\/site\\\/2021\\\/02\\\/19\\\/futve-la-furia-llanera-incorpora-dos-piezas-a-su-plantilla\\\/#primaryimage\"},\"image\":{\"@id\":\"https:\\\/\\\/digital58.com.ve\\\/site\\\/2021\\\/02\\\/19\\\/futve-la-furia-llanera-incorpora-dos-piezas-a-su-plantilla\\\/#primaryimage\"},\"thumbnailUrl\":\"https:\\\/\\\/digital58.com.ve\\\/site\\\/wp-content\\\/uploads\\\/2021\\\/02\\\/reyes.jpg\",\"datePublished\":\"2021-02-19T22:54:13+00:00\",\"dateModified\":\"2021-02-19T22:54:30+00:00\",\"description\":\"Deportes\",\"breadcrumb\":{\"@id\":\"https:\\\/\\\/digital58.com.ve\\\/site\\\/2021\\\/02\\\/19\\\/futve-la-furia-llanera-incorpora-dos-piezas-a-su-plantilla\\\/#breadcrumb\"},\"inLanguage\":\"es\",\"potentialAction\":[{\"@type\":\"ReadAction\",\"target\":[\"https:\\\/\\\/digital58.com.ve\\\/site\\\/2021\\\/02\\\/19\\\/futve-la-furia-llanera-incorpora-dos-piezas-a-su-plantilla\\\/\"]}]},{\"@type\":\"ImageObject\",\"inLanguage\":\"es\",\"@id\":\"https:\\\/\\\/digital58.com.ve\\\/site\\\/2021\\\/02\\\/19\\\/futve-la-furia-llanera-incorpora-dos-piezas-a-su-plantilla\\\/#primaryimage\",\"url\":\"https:\\\/\\\/digital58.com.ve\\\/site\\\/wp-content\\\/uploads\\\/2021\\\/02\\\/reyes.jpg\",\"contentUrl\":\"https:\\\/\\\/digital58.com.ve\\\/site\\\/wp-content\\\/uploads\\\/2021\\\/02\\\/reyes.jpg\",\"width\":800,\"height\":533},{\"@type\":\"BreadcrumbList\",\"@id\":\"https:\\\/\\\/digital58.com.ve\\\/site\\\/2021\\\/02\\\/19\\\/futve-la-furia-llanera-incorpora-dos-piezas-a-su-plantilla\\\/#breadcrumb\",\"itemListElement\":[{\"@type\":\"ListItem\",\"position\":1,\"name\":\"Home\",\"item\":\"https:\\\/\\\/digital58.com.ve\\\/site\\\/\"},{\"@type\":\"ListItem\",\"position\":2,\"name\":\"#F\u00fatVe: \u00abLa Furia Llanera\u00bb incorpora dos piezas a su plantilla\"}]},{\"@type\":\"WebSite\",\"@id\":\"https:\\\/\\\/digital58.com.ve\\\/site\\\/#website\",\"url\":\"https:\\\/\\\/digital58.com.ve\\\/site\\\/\",\"name\":\"Noticias Digital58\",\"description\":\"Portal de Noticias \u00a1Periodismo web de verdad! Lanzamiento web 22.11.2005 \\\/ Maracaibo, Venezuela\",\"publisher\":{\"@id\":\"https:\\\/\\\/digital58.com.ve\\\/site\\\/#\\\/schema\\\/person\\\/64d1c2e4d0d4fd1b849980c4331c2951\"},\"alternateName\":\"ND58\",\"potentialAction\":[{\"@type\":\"SearchAction\",\"target\":{\"@type\":\"EntryPoint\",\"urlTemplate\":\"https:\\\/\\\/digital58.com.ve\\\/site\\\/?s={search_term_string}\"},\"query-input\":{\"@type\":\"PropertyValueSpecification\",\"valueRequired\":true,\"valueName\":\"search_term_string\"}}],\"inLanguage\":\"es\"},{\"@type\":[\"Person\",\"Organization\"],\"@id\":\"https:\\\/\\\/digital58.com.ve\\\/site\\\/#\\\/schema\\\/person\\\/64d1c2e4d0d4fd1b849980c4331c2951\",\"name\":\"Villasmil Henry\",\"image\":{\"@type\":\"ImageObject\",\"inLanguage\":\"es\",\"@id\":\"https:\\\/\\\/secure.gravatar.com\\\/avatar\\\/bb0c4a2fcb7970138239f7e404ea75757b1b507b28b5ce4c53fbd62d797c5a7c?s=96&d=mm&r=g\",\"url\":\"https:\\\/\\\/secure.gravatar.com\\\/avatar\\\/bb0c4a2fcb7970138239f7e404ea75757b1b507b28b5ce4c53fbd62d797c5a7c?s=96&d=mm&r=g\",\"contentUrl\":\"https:\\\/\\\/secure.gravatar.com\\\/avatar\\\/bb0c4a2fcb7970138239f7e404ea75757b1b507b28b5ce4c53fbd62d797c5a7c?s=96&d=mm&r=g\",\"caption\":\"Villasmil Henry\"},\"logo\":{\"@id\":\"https:\\\/\\\/secure.gravatar.com\\\/avatar\\\/bb0c4a2fcb7970138239f7e404ea75757b1b507b28b5ce4c53fbd62d797c5a7c?s=96&d=mm&r=g\"},\"sameAs\":[\"http:\\\/\\\/www.henryvillasmil.com.ve\",\"https:\\\/\\\/www.instagram.com\\\/villasmilhfoto\\\/\",\"https:\\\/\\\/x.com\\\/https:\\\/\\\/twitter.com\\\/villasmilhfoto\"],\"url\":\"https:\\\/\\\/digital58.com.ve\\\/site\\\/author\\\/droopy_68\\\/\"}]}<\/script>\n<!-- \/ Yoast SEO plugin. -->","yoast_head_json":{"title":"#F\u00fatVe: \u00abLa Furia Llanera\u00bb incorpora dos piezas a su plantilla","description":"Deportes","robots":{"index":"index","follow":"follow","max-snippet":"max-snippet:-1","max-image-preview":"max-image-preview:large","max-video-preview":"max-video-preview:-1"},"canonical":"https:\/\/digital58.com.ve\/site\/2021\/02\/19\/futve-la-furia-llanera-incorpora-dos-piezas-a-su-plantilla\/","og_locale":"es_ES","og_type":"article","og_title":"#F\u00fatVe: \u00abLa Furia Llanera\u00bb incorpora dos piezas a su plantilla","og_description":"Deportes","og_url":"https:\/\/digital58.com.ve\/site\/2021\/02\/19\/futve-la-furia-llanera-incorpora-dos-piezas-a-su-plantilla\/","og_site_name":"Noticias Digital58","article_published_time":"2021-02-19T22:54:13+00:00","article_modified_time":"2021-02-19T22:54:30+00:00","og_image":[{"width":900,"height":600,"url":"https:\/\/digital58.com.ve\/site\/wp-content\/uploads\/2021\/02\/reyes.jpg","type":"image\/jpeg"}],"author":"Villasmil Henry","twitter_card":"summary_large_image","twitter_creator":"@https:\/\/twitter.com\/villasmilhfoto","twitter_site":"@villasmilhfoto","twitter_misc":{"Escrito por":"Villasmil Henry","Tiempo estimado de lectura":"3 minutos"},"schema":{"@context":"https:\/\/schema.org","@graph":[{"@type":"Article","@id":"https:\/\/digital58.com.ve\/site\/2021\/02\/19\/futve-la-furia-llanera-incorpora-dos-piezas-a-su-plantilla\/#article","isPartOf":{"@id":"https:\/\/digital58.com.ve\/site\/2021\/02\/19\/futve-la-furia-llanera-incorpora-dos-piezas-a-su-plantilla\/"},"author":{"name":"Villasmil Henry","@id":"https:\/\/digital58.com.ve\/site\/#\/schema\/person\/64d1c2e4d0d4fd1b849980c4331c2951"},"headline":"#F\u00fatVe: \u00abLa Furia Llanera\u00bb incorpora dos piezas a su plantilla","datePublished":"2021-02-19T22:54:13+00:00","dateModified":"2021-02-19T22:54:30+00:00","mainEntityOfPage":{"@id":"https:\/\/digital58.com.ve\/site\/2021\/02\/19\/futve-la-furia-llanera-incorpora-dos-piezas-a-su-plantilla\/"},"wordCount":617,"commentCount":0,"publisher":{"@id":"https:\/\/digital58.com.ve\/site\/#\/schema\/person\/64d1c2e4d0d4fd1b849980c4331c2951"},"image":{"@id":"https:\/\/digital58.com.ve\/site\/2021\/02\/19\/futve-la-furia-llanera-incorpora-dos-piezas-a-su-plantilla\/#primaryimage"},"thumbnailUrl":"https:\/\/digital58.com.ve\/site\/wp-content\/uploads\/2021\/02\/reyes.jpg","keywords":["Barinas","F\u00fatbol","F\u00fatbol Nacional","Futve","FVF","Liga F\u00fatVe Pretemporada 2021","Nacionales","Primera Divisi\u00f3n","Venezuela","Zamora F\u00fatbol Club"],"articleSection":["Deportes"],"inLanguage":"es","potentialAction":[{"@type":"CommentAction","name":"Comment","target":["https:\/\/digital58.com.ve\/site\/2021\/02\/19\/futve-la-furia-llanera-incorpora-dos-piezas-a-su-plantilla\/#respond"]}]},{"@type":"WebPage","@id":"https:\/\/digital58.com.ve\/site\/2021\/02\/19\/futve-la-furia-llanera-incorpora-dos-piezas-a-su-plantilla\/","url":"https:\/\/digital58.com.ve\/site\/2021\/02\/19\/futve-la-furia-llanera-incorpora-dos-piezas-a-su-plantilla\/","name":"#F\u00fatVe: \u00abLa Furia Llanera\u00bb incorpora dos piezas a su plantilla","isPartOf":{"@id":"https:\/\/digital58.com.ve\/site\/#website"},"primaryImageOfPage":{"@id":"https:\/\/digital58.com.ve\/site\/2021\/02\/19\/futve-la-furia-llanera-incorpora-dos-piezas-a-su-plantilla\/#primaryimage"},"image":{"@id":"https:\/\/digital58.com.ve\/site\/2021\/02\/19\/futve-la-furia-llanera-incorpora-dos-piezas-a-su-plantilla\/#primaryimage"},"thumbnailUrl":"https:\/\/digital58.com.ve\/site\/wp-content\/uploads\/2021\/02\/reyes.jpg","datePublished":"2021-02-19T22:54:13+00:00","dateModified":"2021-02-19T22:54:30+00:00","description":"Deportes","breadcrumb":{"@id":"https:\/\/digital58.com.ve\/site\/2021\/02\/19\/futve-la-furia-llanera-incorpora-dos-piezas-a-su-plantilla\/#breadcrumb"},"inLanguage":"es","potentialAction":[{"@type":"ReadAction","target":["https:\/\/digital58.com.ve\/site\/2021\/02\/19\/futve-la-furia-llanera-incorpora-dos-piezas-a-su-plantilla\/"]}]},{"@type":"ImageObject","inLanguage":"es","@id":"https:\/\/digital58.com.ve\/site\/2021\/02\/19\/futve-la-furia-llanera-incorpora-dos-piezas-a-su-plantilla\/#primaryimage","url":"https:\/\/digital58.com.ve\/site\/wp-content\/uploads\/2021\/02\/reyes.jpg","contentUrl":"https:\/\/digital58.com.ve\/site\/wp-content\/uploads\/2021\/02\/reyes.jpg","width":800,"height":533},{"@type":"BreadcrumbList","@id":"https:\/\/digital58.com.ve\/site\/2021\/02\/19\/futve-la-furia-llanera-incorpora-dos-piezas-a-su-plantilla\/#breadcrumb","itemListElement":[{"@type":"ListItem","position":1,"name":"Home","item":"https:\/\/digital58.com.ve\/site\/"},{"@type":"ListItem","position":2,"name":"#F\u00fatVe: \u00abLa Furia Llanera\u00bb incorpora dos piezas a su plantilla"}]},{"@type":"WebSite","@id":"https:\/\/digital58.com.ve\/site\/#website","url":"https:\/\/digital58.com.ve\/site\/","name":"Noticias Digital58","description":"Portal de Noticias \u00a1Periodismo web de verdad! Lanzamiento web 22.11.2005 \/ Maracaibo, Venezuela","publisher":{"@id":"https:\/\/digital58.com.ve\/site\/#\/schema\/person\/64d1c2e4d0d4fd1b849980c4331c2951"},"alternateName":"ND58","potentialAction":[{"@type":"SearchAction","target":{"@type":"EntryPoint","urlTemplate":"https:\/\/digital58.com.ve\/site\/?s={search_term_string}"},"query-input":{"@type":"PropertyValueSpecification","valueRequired":true,"valueName":"search_term_string"}}],"inLanguage":"es"},{"@type":["Person","Organization"],"@id":"https:\/\/digital58.com.ve\/site\/#\/schema\/person\/64d1c2e4d0d4fd1b849980c4331c2951","name":"Villasmil Henry","image":{"@type":"ImageObject","inLanguage":"es","@id":"https:\/\/secure.gravatar.com\/avatar\/bb0c4a2fcb7970138239f7e404ea75757b1b507b28b5ce4c53fbd62d797c5a7c?s=96&d=mm&r=g","url":"https:\/\/secure.gravatar.com\/avatar\/bb0c4a2fcb7970138239f7e404ea75757b1b507b28b5ce4c53fbd62d797c5a7c?s=96&d=mm&r=g","contentUrl":"https:\/\/secure.gravatar.com\/avatar\/bb0c4a2fcb7970138239f7e404ea75757b1b507b28b5ce4c53fbd62d797c5a7c?s=96&d=mm&r=g","caption":"Villasmil Henry"},"logo":{"@id":"https:\/\/secure.gravatar.com\/avatar\/bb0c4a2fcb7970138239f7e404ea75757b1b507b28b5ce4c53fbd62d797c5a7c?s=96&d=mm&r=g"},"sameAs":["http:\/\/www.henryvillasmil.com.ve","https:\/\/www.instagram.com\/villasmilhfoto\/","https:\/\/x.com\/https:\/\/twitter.com\/villasmilhfoto"],"url":"https:\/\/digital58.com.ve\/site\/author\/droopy_68\/"}]}},"uagb_featured_image_src":{"full":["https:\/\/digital58.com.ve\/site\/wp-content\/uploads\/2021\/02\/reyes.jpg",800,533,false],"thumbnail":["https:\/\/digital58.com.ve\/site\/wp-content\/uploads\/2021\/02\/reyes-150x150.jpg",150,150,true],"medium":["https:\/\/digital58.com.ve\/site\/wp-content\/uploads\/2021\/02\/reyes-300x200.jpg",300,200,true],"medium_large":["https:\/\/digital58.com.ve\/site\/wp-content\/uploads\/2021\/02\/reyes-768x512.jpg",768,512,true],"large":["https:\/\/digital58.com.ve\/site\/wp-content\/uploads\/2021\/02\/reyes.jpg",800,533,false],"1536x1536":["https:\/\/digital58.com.ve\/site\/wp-content\/uploads\/2021\/02\/reyes.jpg",800,533,false],"2048x2048":["https:\/\/digital58.com.ve\/site\/wp-content\/uploads\/2021\/02\/reyes.jpg",800,533,false],"colormag-highlighted-post":["https:\/\/digital58.com.ve\/site\/wp-content\/uploads\/2021\/02\/reyes.jpg",392,261,false],"colormag-featured-post-medium":["https:\/\/digital58.com.ve\/site\/wp-content\/uploads\/2021\/02\/reyes.jpg",308,205,false],"colormag-featured-post-small":["https:\/\/digital58.com.ve\/site\/wp-content\/uploads\/2021\/02\/reyes.jpg",130,87,false],"colormag-featured-image":["https:\/\/digital58.com.ve\/site\/wp-content\/uploads\/2021\/02\/reyes.jpg",668,445,false],"colormag-default-news":["https:\/\/digital58.com.ve\/site\/wp-content\/uploads\/2021\/02\/reyes.jpg",150,100,false],"colormag-featured-image-large":["https:\/\/digital58.com.ve\/site\/wp-content\/uploads\/2021\/02\/reyes.jpg",800,533,false]},"uagb_author_info":{"display_name":"Villasmil Henry","author_link":"https:\/\/digital58.com.ve\/site\/author\/droopy_68\/"},"uagb_comment_info":0,"uagb_excerpt":"Juan Reyes y Diego Luna nuevos refuerzos para la temporada 2021 Barinas, Venezuela, 19 de febrero de 2021 (ND58).- Con","_links":{"self":[{"href":"https:\/\/digital58.com.ve\/site\/wp-json\/wp\/v2\/posts\/135675","targetHints":{"allow":["GET"]}}],"collection":[{"href":"https:\/\/digital58.com.ve\/site\/wp-json\/wp\/v2\/posts"}],"about":[{"href":"https:\/\/digital58.com.ve\/site\/wp-json\/wp\/v2\/types\/post"}],"author":[{"embeddable":true,"href":"https:\/\/digital58.com.ve\/site\/wp-json\/wp\/v2\/users\/1"}],"replies":[{"embeddable":true,"href":"https:\/\/digital58.com.ve\/site\/wp-json\/wp\/v2\/comments?post=135675"}],"version-history":[{"count":0,"href":"https:\/\/digital58.com.ve\/site\/wp-json\/wp\/v2\/posts\/135675\/revisions"}],"wp:featuredmedia":[{"embeddable":true,"href":"https:\/\/digital58.com.ve\/site\/wp-json\/wp\/v2\/media\/135676"}],"wp:attachment":[{"href":"https:\/\/digital58.com.ve\/site\/wp-json\/wp\/v2\/media?parent=135675"}],"wp:term":[{"taxonomy":"category","embeddable":true,"href":"https:\/\/digital58.com.ve\/site\/wp-json\/wp\/v2\/categories?post=135675"},{"taxonomy":"post_tag","embeddable":true,"href":"https:\/\/digital58.com.ve\/site\/wp-json\/wp\/v2\/tags?post=135675"}],"curies":[{"name":"wp","href":"https:\/\/api.w.org\/{rel}","templated":true}]}}