{"id":135938,"date":"2021-03-02T18:14:47","date_gmt":"2021-03-02T22:14:47","guid":{"rendered":"https:\/\/digital58.com.ve\/site\/?p=135938"},"modified":"2021-03-02T18:14:47","modified_gmt":"2021-03-02T22:14:47","slug":"futve-afez-expuso-su-memoria-y-cuenta-de-su-gestion-durante-2020","status":"publish","type":"post","link":"https:\/\/digital58.com.ve\/site\/2021\/03\/02\/futve-afez-expuso-su-memoria-y-cuenta-de-su-gestion-durante-2020\/","title":{"rendered":"#F\u00fatVe | AFEZ expuso su Memoria y Cuenta de su gesti\u00f3n durante 2020"},"content":{"rendered":"<p><a href=\"https:\/\/digital58.com.ve\/site\/wp-content\/uploads\/2021\/03\/afez-4.jpg\"><img loading=\"lazy\" decoding=\"async\" class=\"aligncenter size-full wp-image-135943\" src=\"https:\/\/digital58.com.ve\/site\/wp-content\/uploads\/2021\/03\/afez-4.jpg\" alt=\"\" width=\"900\" height=\"675\" srcset=\"https:\/\/digital58.com.ve\/site\/wp-content\/uploads\/2021\/03\/afez-4.jpg 800w, https:\/\/digital58.com.ve\/site\/wp-content\/uploads\/2021\/03\/afez-4-300x225.jpg 300w, https:\/\/digital58.com.ve\/site\/wp-content\/uploads\/2021\/03\/afez-4-768x576.jpg 768w\" sizes=\"auto, (max-width: 900px) 100vw, 900px\" \/><\/a><\/p>\n<p>Seg\u00fan la asociaci\u00f3n deportiva, los sufragios contaron con la participaci\u00f3n de m\u00e1s de 230 agremiados, lo que le dio a este acto un car\u00e1cter amplio y sumamente democr\u00e1tico.<\/p>\n<p><strong>Maracaibo, Zulia, Venezuela, 02 de marzo de 2021 (ND58).-<\/strong> En la recuperada sede de la Asociaci\u00f3n de F\u00fatbol del Estado Zulia (AFEZ), se realiz\u00f3 la Memoria y Cuenta la cual fue aprobada de manera contundente y participativa, con m\u00e1s de 300 personas que son afiliados de la AFEZ, como escuelas, clubes, entrenadores, jugadores y \u00e1rbitros en lo que fue una fiesta deportiva que se complet\u00f3 con las elecciones de las comisiones de f\u00e9minas, \u00e1rbitro, entrenadores y atletas.<\/p>\n<p>Suying Olivares, presidenta de la AFEZ, manifest\u00f3 estar muy contenta por el apoyo a su gesti\u00f3n al frente de la asociaci\u00f3n. \u00abEsto ha sido hist\u00f3rico dentro de un proceso electoral de asociaci\u00f3n, estuvieron presentes las 12 ligas del Estado Zulia, as\u00ed como los directores municipales de deportes, y directores regionales\u00bb.<\/p>\n<p><a href=\"https:\/\/digital58.com.ve\/site\/wp-content\/uploads\/2021\/03\/afez-8.jpg\"><img loading=\"lazy\" decoding=\"async\" class=\"aligncenter size-full wp-image-135939\" src=\"https:\/\/digital58.com.ve\/site\/wp-content\/uploads\/2021\/03\/afez-8.jpg\" alt=\"\" width=\"675\" height=\"900\" srcset=\"https:\/\/digital58.com.ve\/site\/wp-content\/uploads\/2021\/03\/afez-8.jpg 450w, https:\/\/digital58.com.ve\/site\/wp-content\/uploads\/2021\/03\/afez-8-225x300.jpg 225w\" sizes=\"auto, (max-width: 675px) 100vw, 675px\" \/><\/a><\/p>\n<p>\u00abEn esta actividad se le entreg\u00f3 tambi\u00e9n a los \u00e1rbitros, entrenadores y f\u00e9minas material deportivo, a pesar de la dif\u00edcil situaci\u00f3n en medio de esta pandemia, pero es una colaboraci\u00f3n para que cuando volvamos al reinicio de actividades, puedan contar con equipos necesarios para impulsar el f\u00fatbol en el Estado\u00bb.<\/p>\n<p>Estas elecciones fueron muy transparentes y apegadas a la Ley del Deporte para promover la participaci\u00f3n y protagonismo y sobre todo a nuestros estatutos asociativos y federativos y reglamentos que rigen la AFEZ.<\/p>\n<div id='gallery-1' class='gallery galleryid-135938 gallery-columns-1 gallery-size-large'><figure class='gallery-item'>\n\t\t\t<div class='gallery-icon landscape'>\n\t\t\t\t<a href='https:\/\/digital58.com.ve\/site\/2021\/03\/02\/futve-afez-expuso-su-memoria-y-cuenta-de-su-gestion-durante-2020\/afez-25\/'><img loading=\"lazy\" decoding=\"async\" width=\"800\" height=\"600\" src=\"https:\/\/digital58.com.ve\/site\/wp-content\/uploads\/2021\/03\/afez.jpg\" class=\"attachment-large size-large\" alt=\"\" srcset=\"https:\/\/digital58.com.ve\/site\/wp-content\/uploads\/2021\/03\/afez.jpg 800w, https:\/\/digital58.com.ve\/site\/wp-content\/uploads\/2021\/03\/afez-300x225.jpg 300w, https:\/\/digital58.com.ve\/site\/wp-content\/uploads\/2021\/03\/afez-768x576.jpg 768w\" sizes=\"auto, (max-width: 800px) 100vw, 800px\" \/><\/a>\n\t\t\t<\/div><\/figure><figure class='gallery-item'>\n\t\t\t<div class='gallery-icon landscape'>\n\t\t\t\t<a href='https:\/\/digital58.com.ve\/site\/2021\/03\/02\/futve-afez-expuso-su-memoria-y-cuenta-de-su-gestion-durante-2020\/afez-2-4\/'><img loading=\"lazy\" decoding=\"async\" width=\"800\" height=\"600\" src=\"https:\/\/digital58.com.ve\/site\/wp-content\/uploads\/2021\/03\/afez-2.jpg\" class=\"attachment-large size-large\" alt=\"\" srcset=\"https:\/\/digital58.com.ve\/site\/wp-content\/uploads\/2021\/03\/afez-2.jpg 800w, https:\/\/digital58.com.ve\/site\/wp-content\/uploads\/2021\/03\/afez-2-300x225.jpg 300w, https:\/\/digital58.com.ve\/site\/wp-content\/uploads\/2021\/03\/afez-2-768x576.jpg 768w\" sizes=\"auto, (max-width: 800px) 100vw, 800px\" \/><\/a>\n\t\t\t<\/div><\/figure><figure class='gallery-item'>\n\t\t\t<div class='gallery-icon landscape'>\n\t\t\t\t<a href='https:\/\/digital58.com.ve\/site\/2021\/03\/02\/futve-afez-expuso-su-memoria-y-cuenta-de-su-gestion-durante-2020\/afez-3-3\/'><img loading=\"lazy\" decoding=\"async\" width=\"800\" height=\"600\" src=\"https:\/\/digital58.com.ve\/site\/wp-content\/uploads\/2021\/03\/afez-3.jpg\" class=\"attachment-large size-large\" alt=\"\" srcset=\"https:\/\/digital58.com.ve\/site\/wp-content\/uploads\/2021\/03\/afez-3.jpg 800w, https:\/\/digital58.com.ve\/site\/wp-content\/uploads\/2021\/03\/afez-3-300x225.jpg 300w, https:\/\/digital58.com.ve\/site\/wp-content\/uploads\/2021\/03\/afez-3-768x576.jpg 768w\" sizes=\"auto, (max-width: 800px) 100vw, 800px\" \/><\/a>\n\t\t\t<\/div><\/figure><figure class='gallery-item'>\n\t\t\t<div class='gallery-icon landscape'>\n\t\t\t\t<a href='https:\/\/digital58.com.ve\/site\/2021\/03\/02\/futve-afez-expuso-su-memoria-y-cuenta-de-su-gestion-durante-2020\/afez-5-2\/'><img loading=\"lazy\" decoding=\"async\" width=\"800\" height=\"600\" src=\"https:\/\/digital58.com.ve\/site\/wp-content\/uploads\/2021\/03\/afez-5.jpg\" class=\"attachment-large size-large\" alt=\"\" srcset=\"https:\/\/digital58.com.ve\/site\/wp-content\/uploads\/2021\/03\/afez-5.jpg 800w, https:\/\/digital58.com.ve\/site\/wp-content\/uploads\/2021\/03\/afez-5-300x225.jpg 300w, https:\/\/digital58.com.ve\/site\/wp-content\/uploads\/2021\/03\/afez-5-768x576.jpg 768w\" sizes=\"auto, (max-width: 800px) 100vw, 800px\" \/><\/a>\n\t\t\t<\/div><\/figure><figure class='gallery-item'>\n\t\t\t<div class='gallery-icon landscape'>\n\t\t\t\t<a href='https:\/\/digital58.com.ve\/site\/2021\/03\/02\/futve-afez-expuso-su-memoria-y-cuenta-de-su-gestion-durante-2020\/afez-6-2\/'><img loading=\"lazy\" decoding=\"async\" width=\"800\" height=\"600\" src=\"https:\/\/digital58.com.ve\/site\/wp-content\/uploads\/2021\/03\/afez-6.jpg\" class=\"attachment-large size-large\" alt=\"\" srcset=\"https:\/\/digital58.com.ve\/site\/wp-content\/uploads\/2021\/03\/afez-6.jpg 800w, https:\/\/digital58.com.ve\/site\/wp-content\/uploads\/2021\/03\/afez-6-300x225.jpg 300w, https:\/\/digital58.com.ve\/site\/wp-content\/uploads\/2021\/03\/afez-6-768x576.jpg 768w\" sizes=\"auto, (max-width: 800px) 100vw, 800px\" \/><\/a>\n\t\t\t<\/div><\/figure><figure class='gallery-item'>\n\t\t\t<div class='gallery-icon landscape'>\n\t\t\t\t<a href='https:\/\/digital58.com.ve\/site\/2021\/03\/02\/futve-afez-expuso-su-memoria-y-cuenta-de-su-gestion-durante-2020\/afez-7-2\/'><img loading=\"lazy\" decoding=\"async\" width=\"800\" height=\"600\" src=\"https:\/\/digital58.com.ve\/site\/wp-content\/uploads\/2021\/03\/afez-7.jpg\" class=\"attachment-large size-large\" alt=\"\" srcset=\"https:\/\/digital58.com.ve\/site\/wp-content\/uploads\/2021\/03\/afez-7.jpg 800w, https:\/\/digital58.com.ve\/site\/wp-content\/uploads\/2021\/03\/afez-7-300x225.jpg 300w, https:\/\/digital58.com.ve\/site\/wp-content\/uploads\/2021\/03\/afez-7-768x576.jpg 768w\" sizes=\"auto, (max-width: 800px) 100vw, 800px\" \/><\/a>\n\t\t\t<\/div><\/figure>\n\t\t<\/div>\n\n<p>\u00abTodo proceso electoral, llegado el momento tendremos que llevarlo al ente rector como el IND, para que una vez que lo revise nos otorgue la providencia administrativa, luego del proceso electoral del 27 de febrero, cuando de manera contundente y participativa obtengamos la aprobaci\u00f3n de nuestra asamblea, tanto de estos 40 representantes que se eligieron, y m\u00e1s 100 clubes que participar\u00edan para lograr una plancha que ser\u00e1 votada uninominalmente, pero nuestro compromiso para este per\u00edodo 2021 al 2025, de seguir trabajando d\u00eda a d\u00eda para hacer crecer al f\u00fatbol zuliano, de manera organizada\u00bb.<\/p>\n<p>La presidenta de la AFEZ agradeci\u00f3 a todas las instituciones que han dado su aporte, en especial al Ministerio de Deportes y al IND, por el apoyo brindado a los clubes, en los diferentes municipios, a su consultor\u00eda, a la doctora Maril\u00fa Garc\u00eda Ter\u00e1n, por hacer todos los esfuerzos para que los clubes tengan su certificaci\u00f3n en el sistema del IND ya que con \u00abesto consiguen ser reconocidos por el ente competente para realizar su actividad deportiva\u00bb.<\/p><div class=\"lelvn69edd9d8006af\" ><p style=\"text-align: center;\"><a href=\"https:\/\/t.me\/noticiasdigital58\" target=\"_blank\" rel=\"noopener\"><img class=\"aligncenter size-full wp-image-125363\" src=\"https:\/\/digital58.com.ve\/site\/wp-content\/uploads\/2021\/04\/banner-telegram-web-2021.png\" alt=\"\" width=\"600\" height=\"90\" \/><\/a><\/p><\/div><style type=\"text\/css\">\r\n@media screen and (min-width: 1201px) {\r\n.lelvn69edd9d8006af {\r\ndisplay: block;\r\n}\r\n}\r\n@media screen and (min-width: 993px) and (max-width: 1200px) {\r\n.lelvn69edd9d8006af {\r\ndisplay: block;\r\n}\r\n}\r\n@media screen and (min-width: 769px) and (max-width: 992px) {\r\n.lelvn69edd9d8006af {\r\ndisplay: block;\r\n}\r\n}\r\n@media screen and (min-width: 768px) and (max-width: 768px) {\r\n.lelvn69edd9d8006af {\r\ndisplay: block;\r\n}\r\n}\r\n@media screen and (max-width: 767px) {\r\n.lelvn69edd9d8006af {\r\ndisplay: block;\r\n}\r\n}\r\n<\/style>\r\n\n<p><strong>Redacci\u00f3n ND58 | Fuente: Reggie Escobar | Prensa AFEZ<\/strong><br \/>\n<strong>Edici\u00f3n: Villasmil, Henry<\/strong><br \/>\n<strong>Gr\u00e1fica: Cortes\u00eda AFEZ<\/strong><\/p>\n<div style=\"margin-top: 0px; margin-bottom: 0px;\" class=\"sharethis-inline-share-buttons\" ><\/div>","protected":false},"excerpt":{"rendered":"<p>Seg\u00fan la asociaci\u00f3n deportiva, los sufragios contaron con la participaci\u00f3n de m\u00e1s de 230 agremiados, lo que le dio a<\/p>\n","protected":false},"author":1,"featured_media":135943,"comment_status":"open","ping_status":"closed","sticky":false,"template":"","format":"standard","meta":{"colormag_page_container_layout":"default_layout","colormag_page_sidebar_layout":"default_layout","_uag_custom_page_level_css":"","footnotes":""},"categories":[5402],"tags":[4091,13,14,15,25,646,233,2354,9379,32,761],"class_list":["post-135938","post","type-post","status-publish","format-standard","has-post-thumbnail","hentry","category-deportes","tag-afez","tag-futbol","tag-futbol-venezolano","tag-futve","tag-fvf","tag-ind","tag-nacionales","tag-regionales","tag-suying-olivares","tag-venezuela","tag-zulia"],"yoast_head":"<!-- This site is optimized with the Yoast SEO plugin v27.4 - https:\/\/yoast.com\/product\/yoast-seo-wordpress\/ -->\n<title>#F\u00fatVe | AFEZ expuso su Memoria y Cuenta de su gesti\u00f3n durante 2020<\/title>\n<meta name=\"description\" content=\"Deportes\" \/>\n<meta name=\"robots\" content=\"index, follow, max-snippet:-1, max-image-preview:large, max-video-preview:-1\" \/>\n<link rel=\"canonical\" href=\"https:\/\/digital58.com.ve\/site\/2021\/03\/02\/futve-afez-expuso-su-memoria-y-cuenta-de-su-gestion-durante-2020\/\" \/>\n<meta property=\"og:locale\" content=\"es_ES\" \/>\n<meta property=\"og:type\" content=\"article\" \/>\n<meta property=\"og:title\" content=\"#F\u00fatVe | AFEZ expuso su Memoria y Cuenta de su gesti\u00f3n durante 2020\" \/>\n<meta property=\"og:description\" content=\"Deportes\" \/>\n<meta property=\"og:url\" content=\"https:\/\/digital58.com.ve\/site\/2021\/03\/02\/futve-afez-expuso-su-memoria-y-cuenta-de-su-gestion-durante-2020\/\" \/>\n<meta property=\"og:site_name\" content=\"Noticias Digital58\" \/>\n<meta property=\"article:published_time\" content=\"2021-03-02T22:14:47+00:00\" \/>\n<meta property=\"og:image\" content=\"https:\/\/digital58.com.ve\/site\/wp-content\/uploads\/2021\/03\/afez-4.jpg\" \/>\n\t<meta property=\"og:image:width\" content=\"900\" \/>\n\t<meta property=\"og:image:height\" content=\"675\" \/>\n\t<meta property=\"og:image:type\" content=\"image\/jpeg\" \/>\n<meta name=\"author\" content=\"Villasmil Henry\" \/>\n<meta name=\"twitter:card\" content=\"summary_large_image\" \/>\n<meta name=\"twitter:creator\" content=\"@https:\/\/twitter.com\/villasmilhfoto\" \/>\n<meta name=\"twitter:site\" content=\"@villasmilhfoto\" \/>\n<meta name=\"twitter:label1\" content=\"Escrito por\" \/>\n\t<meta name=\"twitter:data1\" content=\"Villasmil Henry\" \/>\n\t<meta name=\"twitter:label2\" content=\"Tiempo estimado de lectura\" \/>\n\t<meta name=\"twitter:data2\" content=\"3 minutos\" \/>\n<script type=\"application\/ld+json\" class=\"yoast-schema-graph\">{\"@context\":\"https:\\\/\\\/schema.org\",\"@graph\":[{\"@type\":\"Article\",\"@id\":\"https:\\\/\\\/digital58.com.ve\\\/site\\\/2021\\\/03\\\/02\\\/futve-afez-expuso-su-memoria-y-cuenta-de-su-gestion-durante-2020\\\/#article\",\"isPartOf\":{\"@id\":\"https:\\\/\\\/digital58.com.ve\\\/site\\\/2021\\\/03\\\/02\\\/futve-afez-expuso-su-memoria-y-cuenta-de-su-gestion-durante-2020\\\/\"},\"author\":{\"name\":\"Villasmil Henry\",\"@id\":\"https:\\\/\\\/digital58.com.ve\\\/site\\\/#\\\/schema\\\/person\\\/64d1c2e4d0d4fd1b849980c4331c2951\"},\"headline\":\"#F\u00fatVe | AFEZ expuso su Memoria y Cuenta de su gesti\u00f3n durante 2020\",\"datePublished\":\"2021-03-02T22:14:47+00:00\",\"mainEntityOfPage\":{\"@id\":\"https:\\\/\\\/digital58.com.ve\\\/site\\\/2021\\\/03\\\/02\\\/futve-afez-expuso-su-memoria-y-cuenta-de-su-gestion-durante-2020\\\/\"},\"wordCount\":468,\"commentCount\":0,\"publisher\":{\"@id\":\"https:\\\/\\\/digital58.com.ve\\\/site\\\/#\\\/schema\\\/person\\\/64d1c2e4d0d4fd1b849980c4331c2951\"},\"image\":{\"@id\":\"https:\\\/\\\/digital58.com.ve\\\/site\\\/2021\\\/03\\\/02\\\/futve-afez-expuso-su-memoria-y-cuenta-de-su-gestion-durante-2020\\\/#primaryimage\"},\"thumbnailUrl\":\"https:\\\/\\\/digital58.com.ve\\\/site\\\/wp-content\\\/uploads\\\/2021\\\/03\\\/afez-4.jpg\",\"keywords\":[\"AFEZ\",\"F\u00fatbol\",\"F\u00fatbol Venezolano\",\"Futve\",\"FVF\",\"IND\",\"Nacionales\",\"Regionales\",\"Suying Olivares\",\"Venezuela\",\"Zulia\"],\"articleSection\":[\"Deportes\"],\"inLanguage\":\"es\",\"potentialAction\":[{\"@type\":\"CommentAction\",\"name\":\"Comment\",\"target\":[\"https:\\\/\\\/digital58.com.ve\\\/site\\\/2021\\\/03\\\/02\\\/futve-afez-expuso-su-memoria-y-cuenta-de-su-gestion-durante-2020\\\/#respond\"]}]},{\"@type\":\"WebPage\",\"@id\":\"https:\\\/\\\/digital58.com.ve\\\/site\\\/2021\\\/03\\\/02\\\/futve-afez-expuso-su-memoria-y-cuenta-de-su-gestion-durante-2020\\\/\",\"url\":\"https:\\\/\\\/digital58.com.ve\\\/site\\\/2021\\\/03\\\/02\\\/futve-afez-expuso-su-memoria-y-cuenta-de-su-gestion-durante-2020\\\/\",\"name\":\"#F\u00fatVe | AFEZ expuso su Memoria y Cuenta de su gesti\u00f3n durante 2020\",\"isPartOf\":{\"@id\":\"https:\\\/\\\/digital58.com.ve\\\/site\\\/#website\"},\"primaryImageOfPage\":{\"@id\":\"https:\\\/\\\/digital58.com.ve\\\/site\\\/2021\\\/03\\\/02\\\/futve-afez-expuso-su-memoria-y-cuenta-de-su-gestion-durante-2020\\\/#primaryimage\"},\"image\":{\"@id\":\"https:\\\/\\\/digital58.com.ve\\\/site\\\/2021\\\/03\\\/02\\\/futve-afez-expuso-su-memoria-y-cuenta-de-su-gestion-durante-2020\\\/#primaryimage\"},\"thumbnailUrl\":\"https:\\\/\\\/digital58.com.ve\\\/site\\\/wp-content\\\/uploads\\\/2021\\\/03\\\/afez-4.jpg\",\"datePublished\":\"2021-03-02T22:14:47+00:00\",\"description\":\"Deportes\",\"breadcrumb\":{\"@id\":\"https:\\\/\\\/digital58.com.ve\\\/site\\\/2021\\\/03\\\/02\\\/futve-afez-expuso-su-memoria-y-cuenta-de-su-gestion-durante-2020\\\/#breadcrumb\"},\"inLanguage\":\"es\",\"potentialAction\":[{\"@type\":\"ReadAction\",\"target\":[\"https:\\\/\\\/digital58.com.ve\\\/site\\\/2021\\\/03\\\/02\\\/futve-afez-expuso-su-memoria-y-cuenta-de-su-gestion-durante-2020\\\/\"]}]},{\"@type\":\"ImageObject\",\"inLanguage\":\"es\",\"@id\":\"https:\\\/\\\/digital58.com.ve\\\/site\\\/2021\\\/03\\\/02\\\/futve-afez-expuso-su-memoria-y-cuenta-de-su-gestion-durante-2020\\\/#primaryimage\",\"url\":\"https:\\\/\\\/digital58.com.ve\\\/site\\\/wp-content\\\/uploads\\\/2021\\\/03\\\/afez-4.jpg\",\"contentUrl\":\"https:\\\/\\\/digital58.com.ve\\\/site\\\/wp-content\\\/uploads\\\/2021\\\/03\\\/afez-4.jpg\",\"width\":800,\"height\":600},{\"@type\":\"BreadcrumbList\",\"@id\":\"https:\\\/\\\/digital58.com.ve\\\/site\\\/2021\\\/03\\\/02\\\/futve-afez-expuso-su-memoria-y-cuenta-de-su-gestion-durante-2020\\\/#breadcrumb\",\"itemListElement\":[{\"@type\":\"ListItem\",\"position\":1,\"name\":\"Home\",\"item\":\"https:\\\/\\\/digital58.com.ve\\\/site\\\/\"},{\"@type\":\"ListItem\",\"position\":2,\"name\":\"#F\u00fatVe | AFEZ expuso su Memoria y Cuenta de su gesti\u00f3n durante 2020\"}]},{\"@type\":\"WebSite\",\"@id\":\"https:\\\/\\\/digital58.com.ve\\\/site\\\/#website\",\"url\":\"https:\\\/\\\/digital58.com.ve\\\/site\\\/\",\"name\":\"Noticias Digital58\",\"description\":\"Portal de Noticias \u00a1Periodismo web de verdad! Lanzamiento web 22.11.2005 \\\/ Maracaibo, Venezuela\",\"publisher\":{\"@id\":\"https:\\\/\\\/digital58.com.ve\\\/site\\\/#\\\/schema\\\/person\\\/64d1c2e4d0d4fd1b849980c4331c2951\"},\"alternateName\":\"ND58\",\"potentialAction\":[{\"@type\":\"SearchAction\",\"target\":{\"@type\":\"EntryPoint\",\"urlTemplate\":\"https:\\\/\\\/digital58.com.ve\\\/site\\\/?s={search_term_string}\"},\"query-input\":{\"@type\":\"PropertyValueSpecification\",\"valueRequired\":true,\"valueName\":\"search_term_string\"}}],\"inLanguage\":\"es\"},{\"@type\":[\"Person\",\"Organization\"],\"@id\":\"https:\\\/\\\/digital58.com.ve\\\/site\\\/#\\\/schema\\\/person\\\/64d1c2e4d0d4fd1b849980c4331c2951\",\"name\":\"Villasmil Henry\",\"image\":{\"@type\":\"ImageObject\",\"inLanguage\":\"es\",\"@id\":\"https:\\\/\\\/secure.gravatar.com\\\/avatar\\\/bb0c4a2fcb7970138239f7e404ea75757b1b507b28b5ce4c53fbd62d797c5a7c?s=96&d=mm&r=g\",\"url\":\"https:\\\/\\\/secure.gravatar.com\\\/avatar\\\/bb0c4a2fcb7970138239f7e404ea75757b1b507b28b5ce4c53fbd62d797c5a7c?s=96&d=mm&r=g\",\"contentUrl\":\"https:\\\/\\\/secure.gravatar.com\\\/avatar\\\/bb0c4a2fcb7970138239f7e404ea75757b1b507b28b5ce4c53fbd62d797c5a7c?s=96&d=mm&r=g\",\"caption\":\"Villasmil Henry\"},\"logo\":{\"@id\":\"https:\\\/\\\/secure.gravatar.com\\\/avatar\\\/bb0c4a2fcb7970138239f7e404ea75757b1b507b28b5ce4c53fbd62d797c5a7c?s=96&d=mm&r=g\"},\"sameAs\":[\"http:\\\/\\\/www.henryvillasmil.com.ve\",\"https:\\\/\\\/www.instagram.com\\\/villasmilhfoto\\\/\",\"https:\\\/\\\/x.com\\\/https:\\\/\\\/twitter.com\\\/villasmilhfoto\"],\"url\":\"https:\\\/\\\/digital58.com.ve\\\/site\\\/author\\\/droopy_68\\\/\"}]}<\/script>\n<!-- \/ Yoast SEO plugin. -->","yoast_head_json":{"title":"#F\u00fatVe | AFEZ expuso su Memoria y Cuenta de su gesti\u00f3n durante 2020","description":"Deportes","robots":{"index":"index","follow":"follow","max-snippet":"max-snippet:-1","max-image-preview":"max-image-preview:large","max-video-preview":"max-video-preview:-1"},"canonical":"https:\/\/digital58.com.ve\/site\/2021\/03\/02\/futve-afez-expuso-su-memoria-y-cuenta-de-su-gestion-durante-2020\/","og_locale":"es_ES","og_type":"article","og_title":"#F\u00fatVe | AFEZ expuso su Memoria y Cuenta de su gesti\u00f3n durante 2020","og_description":"Deportes","og_url":"https:\/\/digital58.com.ve\/site\/2021\/03\/02\/futve-afez-expuso-su-memoria-y-cuenta-de-su-gestion-durante-2020\/","og_site_name":"Noticias Digital58","article_published_time":"2021-03-02T22:14:47+00:00","og_image":[{"width":900,"height":675,"url":"https:\/\/digital58.com.ve\/site\/wp-content\/uploads\/2021\/03\/afez-4.jpg","type":"image\/jpeg"}],"author":"Villasmil Henry","twitter_card":"summary_large_image","twitter_creator":"@https:\/\/twitter.com\/villasmilhfoto","twitter_site":"@villasmilhfoto","twitter_misc":{"Escrito por":"Villasmil Henry","Tiempo estimado de lectura":"3 minutos"},"schema":{"@context":"https:\/\/schema.org","@graph":[{"@type":"Article","@id":"https:\/\/digital58.com.ve\/site\/2021\/03\/02\/futve-afez-expuso-su-memoria-y-cuenta-de-su-gestion-durante-2020\/#article","isPartOf":{"@id":"https:\/\/digital58.com.ve\/site\/2021\/03\/02\/futve-afez-expuso-su-memoria-y-cuenta-de-su-gestion-durante-2020\/"},"author":{"name":"Villasmil Henry","@id":"https:\/\/digital58.com.ve\/site\/#\/schema\/person\/64d1c2e4d0d4fd1b849980c4331c2951"},"headline":"#F\u00fatVe | AFEZ expuso su Memoria y Cuenta de su gesti\u00f3n durante 2020","datePublished":"2021-03-02T22:14:47+00:00","mainEntityOfPage":{"@id":"https:\/\/digital58.com.ve\/site\/2021\/03\/02\/futve-afez-expuso-su-memoria-y-cuenta-de-su-gestion-durante-2020\/"},"wordCount":468,"commentCount":0,"publisher":{"@id":"https:\/\/digital58.com.ve\/site\/#\/schema\/person\/64d1c2e4d0d4fd1b849980c4331c2951"},"image":{"@id":"https:\/\/digital58.com.ve\/site\/2021\/03\/02\/futve-afez-expuso-su-memoria-y-cuenta-de-su-gestion-durante-2020\/#primaryimage"},"thumbnailUrl":"https:\/\/digital58.com.ve\/site\/wp-content\/uploads\/2021\/03\/afez-4.jpg","keywords":["AFEZ","F\u00fatbol","F\u00fatbol Venezolano","Futve","FVF","IND","Nacionales","Regionales","Suying Olivares","Venezuela","Zulia"],"articleSection":["Deportes"],"inLanguage":"es","potentialAction":[{"@type":"CommentAction","name":"Comment","target":["https:\/\/digital58.com.ve\/site\/2021\/03\/02\/futve-afez-expuso-su-memoria-y-cuenta-de-su-gestion-durante-2020\/#respond"]}]},{"@type":"WebPage","@id":"https:\/\/digital58.com.ve\/site\/2021\/03\/02\/futve-afez-expuso-su-memoria-y-cuenta-de-su-gestion-durante-2020\/","url":"https:\/\/digital58.com.ve\/site\/2021\/03\/02\/futve-afez-expuso-su-memoria-y-cuenta-de-su-gestion-durante-2020\/","name":"#F\u00fatVe | AFEZ expuso su Memoria y Cuenta de su gesti\u00f3n durante 2020","isPartOf":{"@id":"https:\/\/digital58.com.ve\/site\/#website"},"primaryImageOfPage":{"@id":"https:\/\/digital58.com.ve\/site\/2021\/03\/02\/futve-afez-expuso-su-memoria-y-cuenta-de-su-gestion-durante-2020\/#primaryimage"},"image":{"@id":"https:\/\/digital58.com.ve\/site\/2021\/03\/02\/futve-afez-expuso-su-memoria-y-cuenta-de-su-gestion-durante-2020\/#primaryimage"},"thumbnailUrl":"https:\/\/digital58.com.ve\/site\/wp-content\/uploads\/2021\/03\/afez-4.jpg","datePublished":"2021-03-02T22:14:47+00:00","description":"Deportes","breadcrumb":{"@id":"https:\/\/digital58.com.ve\/site\/2021\/03\/02\/futve-afez-expuso-su-memoria-y-cuenta-de-su-gestion-durante-2020\/#breadcrumb"},"inLanguage":"es","potentialAction":[{"@type":"ReadAction","target":["https:\/\/digital58.com.ve\/site\/2021\/03\/02\/futve-afez-expuso-su-memoria-y-cuenta-de-su-gestion-durante-2020\/"]}]},{"@type":"ImageObject","inLanguage":"es","@id":"https:\/\/digital58.com.ve\/site\/2021\/03\/02\/futve-afez-expuso-su-memoria-y-cuenta-de-su-gestion-durante-2020\/#primaryimage","url":"https:\/\/digital58.com.ve\/site\/wp-content\/uploads\/2021\/03\/afez-4.jpg","contentUrl":"https:\/\/digital58.com.ve\/site\/wp-content\/uploads\/2021\/03\/afez-4.jpg","width":800,"height":600},{"@type":"BreadcrumbList","@id":"https:\/\/digital58.com.ve\/site\/2021\/03\/02\/futve-afez-expuso-su-memoria-y-cuenta-de-su-gestion-durante-2020\/#breadcrumb","itemListElement":[{"@type":"ListItem","position":1,"name":"Home","item":"https:\/\/digital58.com.ve\/site\/"},{"@type":"ListItem","position":2,"name":"#F\u00fatVe | AFEZ expuso su Memoria y Cuenta de su gesti\u00f3n durante 2020"}]},{"@type":"WebSite","@id":"https:\/\/digital58.com.ve\/site\/#website","url":"https:\/\/digital58.com.ve\/site\/","name":"Noticias Digital58","description":"Portal de Noticias \u00a1Periodismo web de verdad! Lanzamiento web 22.11.2005 \/ Maracaibo, Venezuela","publisher":{"@id":"https:\/\/digital58.com.ve\/site\/#\/schema\/person\/64d1c2e4d0d4fd1b849980c4331c2951"},"alternateName":"ND58","potentialAction":[{"@type":"SearchAction","target":{"@type":"EntryPoint","urlTemplate":"https:\/\/digital58.com.ve\/site\/?s={search_term_string}"},"query-input":{"@type":"PropertyValueSpecification","valueRequired":true,"valueName":"search_term_string"}}],"inLanguage":"es"},{"@type":["Person","Organization"],"@id":"https:\/\/digital58.com.ve\/site\/#\/schema\/person\/64d1c2e4d0d4fd1b849980c4331c2951","name":"Villasmil Henry","image":{"@type":"ImageObject","inLanguage":"es","@id":"https:\/\/secure.gravatar.com\/avatar\/bb0c4a2fcb7970138239f7e404ea75757b1b507b28b5ce4c53fbd62d797c5a7c?s=96&d=mm&r=g","url":"https:\/\/secure.gravatar.com\/avatar\/bb0c4a2fcb7970138239f7e404ea75757b1b507b28b5ce4c53fbd62d797c5a7c?s=96&d=mm&r=g","contentUrl":"https:\/\/secure.gravatar.com\/avatar\/bb0c4a2fcb7970138239f7e404ea75757b1b507b28b5ce4c53fbd62d797c5a7c?s=96&d=mm&r=g","caption":"Villasmil Henry"},"logo":{"@id":"https:\/\/secure.gravatar.com\/avatar\/bb0c4a2fcb7970138239f7e404ea75757b1b507b28b5ce4c53fbd62d797c5a7c?s=96&d=mm&r=g"},"sameAs":["http:\/\/www.henryvillasmil.com.ve","https:\/\/www.instagram.com\/villasmilhfoto\/","https:\/\/x.com\/https:\/\/twitter.com\/villasmilhfoto"],"url":"https:\/\/digital58.com.ve\/site\/author\/droopy_68\/"}]}},"uagb_featured_image_src":{"full":["https:\/\/digital58.com.ve\/site\/wp-content\/uploads\/2021\/03\/afez-4.jpg",800,600,false],"thumbnail":["https:\/\/digital58.com.ve\/site\/wp-content\/uploads\/2021\/03\/afez-4-150x150.jpg",150,150,true],"medium":["https:\/\/digital58.com.ve\/site\/wp-content\/uploads\/2021\/03\/afez-4-300x225.jpg",300,225,true],"medium_large":["https:\/\/digital58.com.ve\/site\/wp-content\/uploads\/2021\/03\/afez-4-768x576.jpg",768,576,true],"large":["https:\/\/digital58.com.ve\/site\/wp-content\/uploads\/2021\/03\/afez-4.jpg",800,600,false],"1536x1536":["https:\/\/digital58.com.ve\/site\/wp-content\/uploads\/2021\/03\/afez-4.jpg",800,600,false],"2048x2048":["https:\/\/digital58.com.ve\/site\/wp-content\/uploads\/2021\/03\/afez-4.jpg",800,600,false],"colormag-highlighted-post":["https:\/\/digital58.com.ve\/site\/wp-content\/uploads\/2021\/03\/afez-4.jpg",363,272,false],"colormag-featured-post-medium":["https:\/\/digital58.com.ve\/site\/wp-content\/uploads\/2021\/03\/afez-4.jpg",273,205,false],"colormag-featured-post-small":["https:\/\/digital58.com.ve\/site\/wp-content\/uploads\/2021\/03\/afez-4.jpg",120,90,false],"colormag-featured-image":["https:\/\/digital58.com.ve\/site\/wp-content\/uploads\/2021\/03\/afez-4.jpg",593,445,false],"colormag-default-news":["https:\/\/digital58.com.ve\/site\/wp-content\/uploads\/2021\/03\/afez-4.jpg",150,113,false],"colormag-featured-image-large":["https:\/\/digital58.com.ve\/site\/wp-content\/uploads\/2021\/03\/afez-4.jpg",800,600,false]},"uagb_author_info":{"display_name":"Villasmil Henry","author_link":"https:\/\/digital58.com.ve\/site\/author\/droopy_68\/"},"uagb_comment_info":0,"uagb_excerpt":"Seg\u00fan la asociaci\u00f3n deportiva, los sufragios contaron con la participaci\u00f3n de m\u00e1s de 230 agremiados, lo que le dio a","_links":{"self":[{"href":"https:\/\/digital58.com.ve\/site\/wp-json\/wp\/v2\/posts\/135938","targetHints":{"allow":["GET"]}}],"collection":[{"href":"https:\/\/digital58.com.ve\/site\/wp-json\/wp\/v2\/posts"}],"about":[{"href":"https:\/\/digital58.com.ve\/site\/wp-json\/wp\/v2\/types\/post"}],"author":[{"embeddable":true,"href":"https:\/\/digital58.com.ve\/site\/wp-json\/wp\/v2\/users\/1"}],"replies":[{"embeddable":true,"href":"https:\/\/digital58.com.ve\/site\/wp-json\/wp\/v2\/comments?post=135938"}],"version-history":[{"count":0,"href":"https:\/\/digital58.com.ve\/site\/wp-json\/wp\/v2\/posts\/135938\/revisions"}],"wp:featuredmedia":[{"embeddable":true,"href":"https:\/\/digital58.com.ve\/site\/wp-json\/wp\/v2\/media\/135943"}],"wp:attachment":[{"href":"https:\/\/digital58.com.ve\/site\/wp-json\/wp\/v2\/media?parent=135938"}],"wp:term":[{"taxonomy":"category","embeddable":true,"href":"https:\/\/digital58.com.ve\/site\/wp-json\/wp\/v2\/categories?post=135938"},{"taxonomy":"post_tag","embeddable":true,"href":"https:\/\/digital58.com.ve\/site\/wp-json\/wp\/v2\/tags?post=135938"}],"curies":[{"name":"wp","href":"https:\/\/api.w.org\/{rel}","templated":true}]}}