{"id":136147,"date":"2021-03-05T10:01:15","date_gmt":"2021-03-05T14:01:15","guid":{"rendered":"https:\/\/digital58.com.ve\/site\/?p=136147"},"modified":"2021-03-05T10:01:15","modified_gmt":"2021-03-05T14:01:15","slug":"futve-el-argentino-rodrigo-de-brito-es-el-decimo-refuerzo-de-yaracuyanos","status":"publish","type":"post","link":"https:\/\/digital58.com.ve\/site\/2021\/03\/05\/futve-el-argentino-rodrigo-de-brito-es-el-decimo-refuerzo-de-yaracuyanos\/","title":{"rendered":"#F\u00fatVe | El argentino Rodrigo De Brito es el d\u00e9cimo refuerzo de Yaracuyanos"},"content":{"rendered":"<p><a href=\"https:\/\/digital58.com.ve\/site\/wp-content\/uploads\/2021\/03\/Rodrigo-De-Brito.jpg\"><img loading=\"lazy\" decoding=\"async\" class=\"aligncenter size-full wp-image-136148\" src=\"https:\/\/digital58.com.ve\/site\/wp-content\/uploads\/2021\/03\/Rodrigo-De-Brito.jpg\" alt=\"\" width=\"900\" height=\"600\" srcset=\"https:\/\/digital58.com.ve\/site\/wp-content\/uploads\/2021\/03\/Rodrigo-De-Brito.jpg 800w, https:\/\/digital58.com.ve\/site\/wp-content\/uploads\/2021\/03\/Rodrigo-De-Brito-300x200.jpg 300w, https:\/\/digital58.com.ve\/site\/wp-content\/uploads\/2021\/03\/Rodrigo-De-Brito-768x512.jpg 768w, https:\/\/digital58.com.ve\/site\/wp-content\/uploads\/2021\/03\/Rodrigo-De-Brito-720x480.jpg 720w, https:\/\/digital58.com.ve\/site\/wp-content\/uploads\/2021\/03\/Rodrigo-De-Brito-480x320.jpg 480w\" sizes=\"auto, (max-width: 900px) 100vw, 900px\" \/><\/a><br \/>\n\u00abLos Colosos\u00bb contin\u00faa reforzando su plantel para la venidera temporada.<\/p>\n<p><strong>Yaracuy, Venezuela, 05 de marzo de 2021 (ND58).-<\/strong> La junta directiva de Yaracuyanos F\u00fatbol Club sigue en plena faena de reforzar sus filas de cara al pr\u00f3ximo certamen 2021. Por eso, esta semana se dio a conocer la incorporaci\u00f3n del defensor argentino Rodrigo De Brito para reforzar la zaga en la plantilla de los Colosos para la venidera campa\u00f1a del presente a\u00f1o.<\/p>\n<p>El defensor nacido en Salto coment\u00f3 acerca de su llegada al equipo yaracuyano y su ilusi\u00f3n de volver a jugar en Suram\u00e9rica. \u00abLa verdad es una experiencia bastante buena el hecho de regresar a jugar en Sudam\u00e9rica. Me encontr\u00e9 con un club joven, que busca hacer las cosas bien, esa actitud es importante porque te hace la llegada m\u00e1s f\u00e1cil, que te adaptes m\u00e1s r\u00e1pido. Es un club que me entusiasma y promete cosas buenas para este a\u00f1o\u00bb.<\/p>\n<p>De Brito revel\u00f3 que antes de su arribo a territorio venezolano, estuvo en plena informaci\u00f3n y estudi\u00f3 acerca de su pr\u00f3ximo destino y encontr\u00f3 un reto m\u00e1s que interesante con la escuadra de los Colosos.<\/p>\n<p>\u00abEstuve estudiando un poco sobre su historia, hace ya m\u00e1s de un a\u00f1o que est\u00e1n de regreso en Primera Divisi\u00f3n, pero por los partidos que pude estar viendo y las estad\u00edsticas que pude observar parece un equipo bastante consolidado. Si bien ahora hay un cuerpo t\u00e9cnico nuevo y se hizo un recambio bastante grande, trataremos los que llegamos de adaptarnos lo mejor posible y hacer las cosas un poco mejor de lo que se hizo el torneo pasado\u00bb, indic\u00f3 el defensa central.<\/p>\n<p>\u00abYo creo que en el plantel hay bastantes jugadores de buen pie, el f\u00fatbol venezolano est\u00e1 creciendo mucho y ya se ha emparejado bastante con el resto de Sudam\u00e9rica as\u00ed que espero estar a la altura de lo que pide el cuerpo t\u00e9cnico, lo que quiere la directiva y a partir de ah\u00ed consolidar un solo grupo que obviamente tire para adelante. Como primera instancia, es consolidarnos como equipo, a partir de ah\u00ed los resultados se van a ir dando, pero siempre so\u00f1amos con salir campe\u00f3n, y aspirar a entrar en torneos internacionales\u00bb, agreg\u00f3 el zaguero en referencia a la dificultad del balompi\u00e9 nacional y las expectativas del club.<\/p>\n<p>El defensor sure\u00f1o luego de una larga estad\u00eda en el f\u00fatbol centroamericano, buscar\u00e1 en Venezuela tener un gran papel y aportar para la justa yaracuyana. \u00abVengo a sumar, vengo a aportar un poco de mi experiencia. Yo soy defensa central y s\u00e9 que es una zona complicada que no se pueden cometer errores, tratar de brindarle seguridad desde atr\u00e1s al equipo. Se va a ir plasmando en diferentes l\u00edneas del campo de juego, darles seguridad desde atr\u00e1s eso da confianza a todo el equipo, tengo que tratar de adaptarme r\u00e1pido, llegu\u00e9 en plena pretemporada, as\u00ed que estoy poni\u00e9ndome a tono f\u00edsicamente de la mejor forma, esperemos estar lo m\u00e1s pronto posible a disposici\u00f3n no solo para el equipo sino tambi\u00e9n para el cuerpo t\u00e9cnico\u00bb, expres\u00f3.<\/p>\n<p>Para finalizar, De Brito dej\u00f3 un mensaje para los seguidores del cuadro yaracuyano, que esperan tener a un club competitivo y lleno de ilusi\u00f3n para esta nueva temporada. \u00abA toda la afici\u00f3n de Yaracuyanos, que es una hinchada bastante importante y esperemos estar a la altura de las circunstancias de lo que brinda el club. Esperamos sacar la mayor cantidad de resultados positivos no solo para darle una alegr\u00eda a nuestra gente sino a la hinchada de Yaracuy que se lo merece. Esperamos cumplir con las expectativas que por lo que veo son altas, y como veo el equipo en mi llegada hay una plantilla que promete bastante\u00bb, finaliz\u00f3.<\/p>\n<p>Yaracuyanos F\u00fatbol Club seguir\u00e1 trabajando en busca de seguir reforz\u00e1ndose para asumir de la mejor forma una nueva temporada del balompi\u00e9 nacional. Planificando para guardar primeramente la salud de todo el plantel y trabajadores de la instituci\u00f3n. Apostando a un pronto regreso al certamen y del aporte de cada uno de su plantilla para alcanzar grandes resultados en lo deportivo, cuando las emociones regresen a la cancha de juego.<\/p>\n<p><strong>Ficha T\u00e9cnica:<\/strong><\/p>\n<p><strong>Nombre y Apellido:<\/strong> Rodrigo Luj\u00e1n de Brito<br \/>\n<strong>Fecha de nacimiento:<\/strong> 20 Enero 1992 (29 A\u00f1os)<br \/>\n<strong>Lugar de nacimiento:<\/strong> Salto, Argentina.<br \/>\n<strong>Posici\u00f3n:<\/strong> Defensa (Central)<br \/>\n<strong>Altura:<\/strong> 1.88 mts<br \/>\n<strong>Peso:<\/strong> 85 Kgs<\/p>\n<p><strong>Trayectoria:<\/strong> Municipal Ca\u00f1ar (Ecuador), Palmese (Italia), Deportivo Sebaco (Nicaragua), Luis \u00c1ngel Firpo (El Salvador), Santa Tecla (El Salvador).<\/p>\n<p><strong>Altas:<\/strong> Daniel Farrar (DT), Sergio Unrein (Delfines del Este\/RD), \u00c9dgar Mendoza (Trujillanos FC), Mateo Bustos (Persita\/Indonesia), Jes\u00fas Ordo\u00f1ez (Yaracuy FC), Davixson Florez (Dvo. T\u00e1chira\/Carabobo FC), Omar Perdomo (Gran Valencia), Jerson Montilla (Trujillanos FC), Richard Badillo (Carabobo FC), Rodrigo De Brito (Santa Tecla FC\/ El Salvador).<\/p>\n<p><strong>Bajas:<\/strong> \u00c9dgar G\u00f3ndola, Jos\u00e9 Acosta, George Arrieta, Orlando Peraza, Alexander Osorio, Jos\u00e9 Carrasquel, Rayder Arteaga, Romer Rojas, \u00c1ngel Osorio, Armando Maita, Jos\u00e9 Ir\u00e9 Sojo, Freddy G\u00f3ndola, Andris Herrera.<\/p><div class=\"levgy69f3765509ca7\" ><p style=\"text-align: center;\"><a href=\"https:\/\/t.me\/noticiasdigital58\" target=\"_blank\" rel=\"noopener\"><img class=\"aligncenter size-full wp-image-125363\" src=\"https:\/\/digital58.com.ve\/site\/wp-content\/uploads\/2021\/04\/banner-telegram-web-2021.png\" alt=\"\" width=\"600\" height=\"90\" \/><\/a><\/p><\/div><style type=\"text\/css\">\r\n@media screen and (min-width: 1201px) {\r\n.levgy69f3765509ca7 {\r\ndisplay: block;\r\n}\r\n}\r\n@media screen and (min-width: 993px) and (max-width: 1200px) {\r\n.levgy69f3765509ca7 {\r\ndisplay: block;\r\n}\r\n}\r\n@media screen and (min-width: 769px) and (max-width: 992px) {\r\n.levgy69f3765509ca7 {\r\ndisplay: block;\r\n}\r\n}\r\n@media screen and (min-width: 768px) and (max-width: 768px) {\r\n.levgy69f3765509ca7 {\r\ndisplay: block;\r\n}\r\n}\r\n@media screen and (max-width: 767px) {\r\n.levgy69f3765509ca7 {\r\ndisplay: block;\r\n}\r\n}\r\n<\/style>\r\n\n<p><strong>Redacci\u00f3n ND58 | Fuente: Prensa Yaracuyanos FC\/Luis D\u00edaz Rodr\u00edguez <\/strong><br \/>\n<strong>Edici\u00f3n: Villasmil, Henry<\/strong><br \/>\n<strong>Gr\u00e1fica: Cortes\u00eda Prensa Yaracuyanos<\/strong><\/p>\n<div style=\"margin-top: 0px; margin-bottom: 0px;\" class=\"sharethis-inline-share-buttons\" ><\/div>","protected":false},"excerpt":{"rendered":"<p>\u00abLos Colosos\u00bb contin\u00faa reforzando su plantel para la venidera temporada. Yaracuy, Venezuela, 05 de marzo de 2021 (ND58).- La junta<\/p>\n","protected":false},"author":1,"featured_media":136148,"comment_status":"open","ping_status":"closed","sticky":false,"template":"","format":"standard","meta":{"colormag_page_container_layout":"default_layout","colormag_page_sidebar_layout":"default_layout","_uag_custom_page_level_css":"","footnotes":""},"categories":[5402],"tags":[13,14,15,13707,23309,233,19,32,5699],"class_list":["post-136147","post","type-post","status-publish","format-standard","has-post-thumbnail","hentry","category-deportes","tag-futbol","tag-futbol-venezolano","tag-futve","tag-ligafutve","tag-ligafutve-2021","tag-nacionales","tag-primera-division","tag-venezuela","tag-yaracuyanos-futbol-club"],"yoast_head":"<!-- This site is optimized with the Yoast SEO plugin v27.5 - https:\/\/yoast.com\/product\/yoast-seo-wordpress\/ -->\n<title>#F\u00fatVe | El argentino Rodrigo De Brito es el d\u00e9cimo refuerzo de Yaracuyanos<\/title>\n<meta name=\"description\" content=\"Deportes\" \/>\n<meta name=\"robots\" content=\"index, follow, max-snippet:-1, max-image-preview:large, max-video-preview:-1\" \/>\n<link rel=\"canonical\" href=\"https:\/\/digital58.com.ve\/site\/2021\/03\/05\/futve-el-argentino-rodrigo-de-brito-es-el-decimo-refuerzo-de-yaracuyanos\/\" \/>\n<meta property=\"og:locale\" content=\"es_ES\" \/>\n<meta property=\"og:type\" content=\"article\" \/>\n<meta property=\"og:title\" content=\"#F\u00fatVe | El argentino Rodrigo De Brito es el d\u00e9cimo refuerzo de Yaracuyanos\" \/>\n<meta property=\"og:description\" content=\"Deportes\" \/>\n<meta property=\"og:url\" content=\"https:\/\/digital58.com.ve\/site\/2021\/03\/05\/futve-el-argentino-rodrigo-de-brito-es-el-decimo-refuerzo-de-yaracuyanos\/\" \/>\n<meta property=\"og:site_name\" content=\"Noticias Digital58\" \/>\n<meta property=\"article:published_time\" content=\"2021-03-05T14:01:15+00:00\" \/>\n<meta property=\"og:image\" content=\"https:\/\/digital58.com.ve\/site\/wp-content\/uploads\/2021\/03\/Rodrigo-De-Brito.jpg\" \/>\n\t<meta property=\"og:image:width\" content=\"900\" \/>\n\t<meta property=\"og:image:height\" content=\"600\" \/>\n\t<meta property=\"og:image:type\" content=\"image\/jpeg\" \/>\n<meta name=\"author\" content=\"Villasmil Henry\" \/>\n<meta name=\"twitter:card\" content=\"summary_large_image\" \/>\n<meta name=\"twitter:creator\" content=\"@https:\/\/twitter.com\/villasmilhfoto\" \/>\n<meta name=\"twitter:site\" content=\"@villasmilhfoto\" \/>\n<meta name=\"twitter:label1\" content=\"Escrito por\" \/>\n\t<meta name=\"twitter:data1\" content=\"Villasmil Henry\" \/>\n\t<meta name=\"twitter:label2\" content=\"Tiempo estimado de lectura\" \/>\n\t<meta name=\"twitter:data2\" content=\"4 minutos\" \/>\n<script type=\"application\/ld+json\" class=\"yoast-schema-graph\">{\"@context\":\"https:\\\/\\\/schema.org\",\"@graph\":[{\"@type\":\"Article\",\"@id\":\"https:\\\/\\\/digital58.com.ve\\\/site\\\/2021\\\/03\\\/05\\\/futve-el-argentino-rodrigo-de-brito-es-el-decimo-refuerzo-de-yaracuyanos\\\/#article\",\"isPartOf\":{\"@id\":\"https:\\\/\\\/digital58.com.ve\\\/site\\\/2021\\\/03\\\/05\\\/futve-el-argentino-rodrigo-de-brito-es-el-decimo-refuerzo-de-yaracuyanos\\\/\"},\"author\":{\"name\":\"Villasmil Henry\",\"@id\":\"https:\\\/\\\/digital58.com.ve\\\/site\\\/#\\\/schema\\\/person\\\/64d1c2e4d0d4fd1b849980c4331c2951\"},\"headline\":\"#F\u00fatVe | El argentino Rodrigo De Brito es el d\u00e9cimo refuerzo de Yaracuyanos\",\"datePublished\":\"2021-03-05T14:01:15+00:00\",\"mainEntityOfPage\":{\"@id\":\"https:\\\/\\\/digital58.com.ve\\\/site\\\/2021\\\/03\\\/05\\\/futve-el-argentino-rodrigo-de-brito-es-el-decimo-refuerzo-de-yaracuyanos\\\/\"},\"wordCount\":890,\"commentCount\":0,\"publisher\":{\"@id\":\"https:\\\/\\\/digital58.com.ve\\\/site\\\/#\\\/schema\\\/person\\\/64d1c2e4d0d4fd1b849980c4331c2951\"},\"image\":{\"@id\":\"https:\\\/\\\/digital58.com.ve\\\/site\\\/2021\\\/03\\\/05\\\/futve-el-argentino-rodrigo-de-brito-es-el-decimo-refuerzo-de-yaracuyanos\\\/#primaryimage\"},\"thumbnailUrl\":\"https:\\\/\\\/digital58.com.ve\\\/site\\\/wp-content\\\/uploads\\\/2021\\\/03\\\/Rodrigo-De-Brito.jpg\",\"keywords\":[\"F\u00fatbol\",\"F\u00fatbol Venezolano\",\"Futve\",\"LigaF\u00fatVe\",\"LigaF\u00fatVe 2021\",\"Nacionales\",\"Primera Divisi\u00f3n\",\"Venezuela\",\"Yaracuyanos F\u00fatbol Club\"],\"articleSection\":[\"Deportes\"],\"inLanguage\":\"es\",\"potentialAction\":[{\"@type\":\"CommentAction\",\"name\":\"Comment\",\"target\":[\"https:\\\/\\\/digital58.com.ve\\\/site\\\/2021\\\/03\\\/05\\\/futve-el-argentino-rodrigo-de-brito-es-el-decimo-refuerzo-de-yaracuyanos\\\/#respond\"]}]},{\"@type\":\"WebPage\",\"@id\":\"https:\\\/\\\/digital58.com.ve\\\/site\\\/2021\\\/03\\\/05\\\/futve-el-argentino-rodrigo-de-brito-es-el-decimo-refuerzo-de-yaracuyanos\\\/\",\"url\":\"https:\\\/\\\/digital58.com.ve\\\/site\\\/2021\\\/03\\\/05\\\/futve-el-argentino-rodrigo-de-brito-es-el-decimo-refuerzo-de-yaracuyanos\\\/\",\"name\":\"#F\u00fatVe | El argentino Rodrigo De Brito es el d\u00e9cimo refuerzo de Yaracuyanos\",\"isPartOf\":{\"@id\":\"https:\\\/\\\/digital58.com.ve\\\/site\\\/#website\"},\"primaryImageOfPage\":{\"@id\":\"https:\\\/\\\/digital58.com.ve\\\/site\\\/2021\\\/03\\\/05\\\/futve-el-argentino-rodrigo-de-brito-es-el-decimo-refuerzo-de-yaracuyanos\\\/#primaryimage\"},\"image\":{\"@id\":\"https:\\\/\\\/digital58.com.ve\\\/site\\\/2021\\\/03\\\/05\\\/futve-el-argentino-rodrigo-de-brito-es-el-decimo-refuerzo-de-yaracuyanos\\\/#primaryimage\"},\"thumbnailUrl\":\"https:\\\/\\\/digital58.com.ve\\\/site\\\/wp-content\\\/uploads\\\/2021\\\/03\\\/Rodrigo-De-Brito.jpg\",\"datePublished\":\"2021-03-05T14:01:15+00:00\",\"description\":\"Deportes\",\"breadcrumb\":{\"@id\":\"https:\\\/\\\/digital58.com.ve\\\/site\\\/2021\\\/03\\\/05\\\/futve-el-argentino-rodrigo-de-brito-es-el-decimo-refuerzo-de-yaracuyanos\\\/#breadcrumb\"},\"inLanguage\":\"es\",\"potentialAction\":[{\"@type\":\"ReadAction\",\"target\":[\"https:\\\/\\\/digital58.com.ve\\\/site\\\/2021\\\/03\\\/05\\\/futve-el-argentino-rodrigo-de-brito-es-el-decimo-refuerzo-de-yaracuyanos\\\/\"]}]},{\"@type\":\"ImageObject\",\"inLanguage\":\"es\",\"@id\":\"https:\\\/\\\/digital58.com.ve\\\/site\\\/2021\\\/03\\\/05\\\/futve-el-argentino-rodrigo-de-brito-es-el-decimo-refuerzo-de-yaracuyanos\\\/#primaryimage\",\"url\":\"https:\\\/\\\/digital58.com.ve\\\/site\\\/wp-content\\\/uploads\\\/2021\\\/03\\\/Rodrigo-De-Brito.jpg\",\"contentUrl\":\"https:\\\/\\\/digital58.com.ve\\\/site\\\/wp-content\\\/uploads\\\/2021\\\/03\\\/Rodrigo-De-Brito.jpg\",\"width\":800,\"height\":533},{\"@type\":\"BreadcrumbList\",\"@id\":\"https:\\\/\\\/digital58.com.ve\\\/site\\\/2021\\\/03\\\/05\\\/futve-el-argentino-rodrigo-de-brito-es-el-decimo-refuerzo-de-yaracuyanos\\\/#breadcrumb\",\"itemListElement\":[{\"@type\":\"ListItem\",\"position\":1,\"name\":\"Home\",\"item\":\"https:\\\/\\\/digital58.com.ve\\\/site\\\/\"},{\"@type\":\"ListItem\",\"position\":2,\"name\":\"#F\u00fatVe | El argentino Rodrigo De Brito es el d\u00e9cimo refuerzo de Yaracuyanos\"}]},{\"@type\":\"WebSite\",\"@id\":\"https:\\\/\\\/digital58.com.ve\\\/site\\\/#website\",\"url\":\"https:\\\/\\\/digital58.com.ve\\\/site\\\/\",\"name\":\"Noticias Digital58\",\"description\":\"Portal de Noticias \u00a1Periodismo web de verdad! Lanzamiento web 22.11.2005 \\\/ Maracaibo, Venezuela\",\"publisher\":{\"@id\":\"https:\\\/\\\/digital58.com.ve\\\/site\\\/#\\\/schema\\\/person\\\/64d1c2e4d0d4fd1b849980c4331c2951\"},\"alternateName\":\"ND58\",\"potentialAction\":[{\"@type\":\"SearchAction\",\"target\":{\"@type\":\"EntryPoint\",\"urlTemplate\":\"https:\\\/\\\/digital58.com.ve\\\/site\\\/?s={search_term_string}\"},\"query-input\":{\"@type\":\"PropertyValueSpecification\",\"valueRequired\":true,\"valueName\":\"search_term_string\"}}],\"inLanguage\":\"es\"},{\"@type\":[\"Person\",\"Organization\"],\"@id\":\"https:\\\/\\\/digital58.com.ve\\\/site\\\/#\\\/schema\\\/person\\\/64d1c2e4d0d4fd1b849980c4331c2951\",\"name\":\"Villasmil Henry\",\"image\":{\"@type\":\"ImageObject\",\"inLanguage\":\"es\",\"@id\":\"https:\\\/\\\/secure.gravatar.com\\\/avatar\\\/bb0c4a2fcb7970138239f7e404ea75757b1b507b28b5ce4c53fbd62d797c5a7c?s=96&d=mm&r=g\",\"url\":\"https:\\\/\\\/secure.gravatar.com\\\/avatar\\\/bb0c4a2fcb7970138239f7e404ea75757b1b507b28b5ce4c53fbd62d797c5a7c?s=96&d=mm&r=g\",\"contentUrl\":\"https:\\\/\\\/secure.gravatar.com\\\/avatar\\\/bb0c4a2fcb7970138239f7e404ea75757b1b507b28b5ce4c53fbd62d797c5a7c?s=96&d=mm&r=g\",\"caption\":\"Villasmil Henry\"},\"logo\":{\"@id\":\"https:\\\/\\\/secure.gravatar.com\\\/avatar\\\/bb0c4a2fcb7970138239f7e404ea75757b1b507b28b5ce4c53fbd62d797c5a7c?s=96&d=mm&r=g\"},\"sameAs\":[\"http:\\\/\\\/www.henryvillasmil.com.ve\",\"https:\\\/\\\/www.instagram.com\\\/villasmilhfoto\\\/\",\"https:\\\/\\\/x.com\\\/https:\\\/\\\/twitter.com\\\/villasmilhfoto\"],\"url\":\"https:\\\/\\\/digital58.com.ve\\\/site\\\/author\\\/droopy_68\\\/\"}]}<\/script>\n<!-- \/ Yoast SEO plugin. -->","yoast_head_json":{"title":"#F\u00fatVe | El argentino Rodrigo De Brito es el d\u00e9cimo refuerzo de Yaracuyanos","description":"Deportes","robots":{"index":"index","follow":"follow","max-snippet":"max-snippet:-1","max-image-preview":"max-image-preview:large","max-video-preview":"max-video-preview:-1"},"canonical":"https:\/\/digital58.com.ve\/site\/2021\/03\/05\/futve-el-argentino-rodrigo-de-brito-es-el-decimo-refuerzo-de-yaracuyanos\/","og_locale":"es_ES","og_type":"article","og_title":"#F\u00fatVe | El argentino Rodrigo De Brito es el d\u00e9cimo refuerzo de Yaracuyanos","og_description":"Deportes","og_url":"https:\/\/digital58.com.ve\/site\/2021\/03\/05\/futve-el-argentino-rodrigo-de-brito-es-el-decimo-refuerzo-de-yaracuyanos\/","og_site_name":"Noticias Digital58","article_published_time":"2021-03-05T14:01:15+00:00","og_image":[{"width":900,"height":600,"url":"https:\/\/digital58.com.ve\/site\/wp-content\/uploads\/2021\/03\/Rodrigo-De-Brito.jpg","type":"image\/jpeg"}],"author":"Villasmil Henry","twitter_card":"summary_large_image","twitter_creator":"@https:\/\/twitter.com\/villasmilhfoto","twitter_site":"@villasmilhfoto","twitter_misc":{"Escrito por":"Villasmil Henry","Tiempo estimado de lectura":"4 minutos"},"schema":{"@context":"https:\/\/schema.org","@graph":[{"@type":"Article","@id":"https:\/\/digital58.com.ve\/site\/2021\/03\/05\/futve-el-argentino-rodrigo-de-brito-es-el-decimo-refuerzo-de-yaracuyanos\/#article","isPartOf":{"@id":"https:\/\/digital58.com.ve\/site\/2021\/03\/05\/futve-el-argentino-rodrigo-de-brito-es-el-decimo-refuerzo-de-yaracuyanos\/"},"author":{"name":"Villasmil Henry","@id":"https:\/\/digital58.com.ve\/site\/#\/schema\/person\/64d1c2e4d0d4fd1b849980c4331c2951"},"headline":"#F\u00fatVe | El argentino Rodrigo De Brito es el d\u00e9cimo refuerzo de Yaracuyanos","datePublished":"2021-03-05T14:01:15+00:00","mainEntityOfPage":{"@id":"https:\/\/digital58.com.ve\/site\/2021\/03\/05\/futve-el-argentino-rodrigo-de-brito-es-el-decimo-refuerzo-de-yaracuyanos\/"},"wordCount":890,"commentCount":0,"publisher":{"@id":"https:\/\/digital58.com.ve\/site\/#\/schema\/person\/64d1c2e4d0d4fd1b849980c4331c2951"},"image":{"@id":"https:\/\/digital58.com.ve\/site\/2021\/03\/05\/futve-el-argentino-rodrigo-de-brito-es-el-decimo-refuerzo-de-yaracuyanos\/#primaryimage"},"thumbnailUrl":"https:\/\/digital58.com.ve\/site\/wp-content\/uploads\/2021\/03\/Rodrigo-De-Brito.jpg","keywords":["F\u00fatbol","F\u00fatbol Venezolano","Futve","LigaF\u00fatVe","LigaF\u00fatVe 2021","Nacionales","Primera Divisi\u00f3n","Venezuela","Yaracuyanos F\u00fatbol Club"],"articleSection":["Deportes"],"inLanguage":"es","potentialAction":[{"@type":"CommentAction","name":"Comment","target":["https:\/\/digital58.com.ve\/site\/2021\/03\/05\/futve-el-argentino-rodrigo-de-brito-es-el-decimo-refuerzo-de-yaracuyanos\/#respond"]}]},{"@type":"WebPage","@id":"https:\/\/digital58.com.ve\/site\/2021\/03\/05\/futve-el-argentino-rodrigo-de-brito-es-el-decimo-refuerzo-de-yaracuyanos\/","url":"https:\/\/digital58.com.ve\/site\/2021\/03\/05\/futve-el-argentino-rodrigo-de-brito-es-el-decimo-refuerzo-de-yaracuyanos\/","name":"#F\u00fatVe | El argentino Rodrigo De Brito es el d\u00e9cimo refuerzo de Yaracuyanos","isPartOf":{"@id":"https:\/\/digital58.com.ve\/site\/#website"},"primaryImageOfPage":{"@id":"https:\/\/digital58.com.ve\/site\/2021\/03\/05\/futve-el-argentino-rodrigo-de-brito-es-el-decimo-refuerzo-de-yaracuyanos\/#primaryimage"},"image":{"@id":"https:\/\/digital58.com.ve\/site\/2021\/03\/05\/futve-el-argentino-rodrigo-de-brito-es-el-decimo-refuerzo-de-yaracuyanos\/#primaryimage"},"thumbnailUrl":"https:\/\/digital58.com.ve\/site\/wp-content\/uploads\/2021\/03\/Rodrigo-De-Brito.jpg","datePublished":"2021-03-05T14:01:15+00:00","description":"Deportes","breadcrumb":{"@id":"https:\/\/digital58.com.ve\/site\/2021\/03\/05\/futve-el-argentino-rodrigo-de-brito-es-el-decimo-refuerzo-de-yaracuyanos\/#breadcrumb"},"inLanguage":"es","potentialAction":[{"@type":"ReadAction","target":["https:\/\/digital58.com.ve\/site\/2021\/03\/05\/futve-el-argentino-rodrigo-de-brito-es-el-decimo-refuerzo-de-yaracuyanos\/"]}]},{"@type":"ImageObject","inLanguage":"es","@id":"https:\/\/digital58.com.ve\/site\/2021\/03\/05\/futve-el-argentino-rodrigo-de-brito-es-el-decimo-refuerzo-de-yaracuyanos\/#primaryimage","url":"https:\/\/digital58.com.ve\/site\/wp-content\/uploads\/2021\/03\/Rodrigo-De-Brito.jpg","contentUrl":"https:\/\/digital58.com.ve\/site\/wp-content\/uploads\/2021\/03\/Rodrigo-De-Brito.jpg","width":800,"height":533},{"@type":"BreadcrumbList","@id":"https:\/\/digital58.com.ve\/site\/2021\/03\/05\/futve-el-argentino-rodrigo-de-brito-es-el-decimo-refuerzo-de-yaracuyanos\/#breadcrumb","itemListElement":[{"@type":"ListItem","position":1,"name":"Home","item":"https:\/\/digital58.com.ve\/site\/"},{"@type":"ListItem","position":2,"name":"#F\u00fatVe | El argentino Rodrigo De Brito es el d\u00e9cimo refuerzo de Yaracuyanos"}]},{"@type":"WebSite","@id":"https:\/\/digital58.com.ve\/site\/#website","url":"https:\/\/digital58.com.ve\/site\/","name":"Noticias Digital58","description":"Portal de Noticias \u00a1Periodismo web de verdad! Lanzamiento web 22.11.2005 \/ Maracaibo, Venezuela","publisher":{"@id":"https:\/\/digital58.com.ve\/site\/#\/schema\/person\/64d1c2e4d0d4fd1b849980c4331c2951"},"alternateName":"ND58","potentialAction":[{"@type":"SearchAction","target":{"@type":"EntryPoint","urlTemplate":"https:\/\/digital58.com.ve\/site\/?s={search_term_string}"},"query-input":{"@type":"PropertyValueSpecification","valueRequired":true,"valueName":"search_term_string"}}],"inLanguage":"es"},{"@type":["Person","Organization"],"@id":"https:\/\/digital58.com.ve\/site\/#\/schema\/person\/64d1c2e4d0d4fd1b849980c4331c2951","name":"Villasmil Henry","image":{"@type":"ImageObject","inLanguage":"es","@id":"https:\/\/secure.gravatar.com\/avatar\/bb0c4a2fcb7970138239f7e404ea75757b1b507b28b5ce4c53fbd62d797c5a7c?s=96&d=mm&r=g","url":"https:\/\/secure.gravatar.com\/avatar\/bb0c4a2fcb7970138239f7e404ea75757b1b507b28b5ce4c53fbd62d797c5a7c?s=96&d=mm&r=g","contentUrl":"https:\/\/secure.gravatar.com\/avatar\/bb0c4a2fcb7970138239f7e404ea75757b1b507b28b5ce4c53fbd62d797c5a7c?s=96&d=mm&r=g","caption":"Villasmil Henry"},"logo":{"@id":"https:\/\/secure.gravatar.com\/avatar\/bb0c4a2fcb7970138239f7e404ea75757b1b507b28b5ce4c53fbd62d797c5a7c?s=96&d=mm&r=g"},"sameAs":["http:\/\/www.henryvillasmil.com.ve","https:\/\/www.instagram.com\/villasmilhfoto\/","https:\/\/x.com\/https:\/\/twitter.com\/villasmilhfoto"],"url":"https:\/\/digital58.com.ve\/site\/author\/droopy_68\/"}]}},"uagb_featured_image_src":{"full":["https:\/\/digital58.com.ve\/site\/wp-content\/uploads\/2021\/03\/Rodrigo-De-Brito.jpg",800,533,false],"thumbnail":["https:\/\/digital58.com.ve\/site\/wp-content\/uploads\/2021\/03\/Rodrigo-De-Brito-150x150.jpg",150,150,true],"medium":["https:\/\/digital58.com.ve\/site\/wp-content\/uploads\/2021\/03\/Rodrigo-De-Brito-300x200.jpg",300,200,true],"medium_large":["https:\/\/digital58.com.ve\/site\/wp-content\/uploads\/2021\/03\/Rodrigo-De-Brito-768x512.jpg",768,512,true],"large":["https:\/\/digital58.com.ve\/site\/wp-content\/uploads\/2021\/03\/Rodrigo-De-Brito.jpg",800,533,false],"1536x1536":["https:\/\/digital58.com.ve\/site\/wp-content\/uploads\/2021\/03\/Rodrigo-De-Brito.jpg",800,533,false],"2048x2048":["https:\/\/digital58.com.ve\/site\/wp-content\/uploads\/2021\/03\/Rodrigo-De-Brito.jpg",800,533,false],"colormag-highlighted-post":["https:\/\/digital58.com.ve\/site\/wp-content\/uploads\/2021\/03\/Rodrigo-De-Brito.jpg",392,261,false],"colormag-featured-post-medium":["https:\/\/digital58.com.ve\/site\/wp-content\/uploads\/2021\/03\/Rodrigo-De-Brito.jpg",308,205,false],"colormag-featured-post-small":["https:\/\/digital58.com.ve\/site\/wp-content\/uploads\/2021\/03\/Rodrigo-De-Brito.jpg",130,87,false],"colormag-featured-image":["https:\/\/digital58.com.ve\/site\/wp-content\/uploads\/2021\/03\/Rodrigo-De-Brito.jpg",668,445,false],"colormag-default-news":["https:\/\/digital58.com.ve\/site\/wp-content\/uploads\/2021\/03\/Rodrigo-De-Brito.jpg",150,100,false],"colormag-featured-image-large":["https:\/\/digital58.com.ve\/site\/wp-content\/uploads\/2021\/03\/Rodrigo-De-Brito.jpg",800,533,false]},"uagb_author_info":{"display_name":"Villasmil Henry","author_link":"https:\/\/digital58.com.ve\/site\/author\/droopy_68\/"},"uagb_comment_info":0,"uagb_excerpt":"\u00abLos Colosos\u00bb contin\u00faa reforzando su plantel para la venidera temporada. Yaracuy, Venezuela, 05 de marzo de 2021 (ND58).- La junta","_links":{"self":[{"href":"https:\/\/digital58.com.ve\/site\/wp-json\/wp\/v2\/posts\/136147","targetHints":{"allow":["GET"]}}],"collection":[{"href":"https:\/\/digital58.com.ve\/site\/wp-json\/wp\/v2\/posts"}],"about":[{"href":"https:\/\/digital58.com.ve\/site\/wp-json\/wp\/v2\/types\/post"}],"author":[{"embeddable":true,"href":"https:\/\/digital58.com.ve\/site\/wp-json\/wp\/v2\/users\/1"}],"replies":[{"embeddable":true,"href":"https:\/\/digital58.com.ve\/site\/wp-json\/wp\/v2\/comments?post=136147"}],"version-history":[{"count":0,"href":"https:\/\/digital58.com.ve\/site\/wp-json\/wp\/v2\/posts\/136147\/revisions"}],"wp:featuredmedia":[{"embeddable":true,"href":"https:\/\/digital58.com.ve\/site\/wp-json\/wp\/v2\/media\/136148"}],"wp:attachment":[{"href":"https:\/\/digital58.com.ve\/site\/wp-json\/wp\/v2\/media?parent=136147"}],"wp:term":[{"taxonomy":"category","embeddable":true,"href":"https:\/\/digital58.com.ve\/site\/wp-json\/wp\/v2\/categories?post=136147"},{"taxonomy":"post_tag","embeddable":true,"href":"https:\/\/digital58.com.ve\/site\/wp-json\/wp\/v2\/tags?post=136147"}],"curies":[{"name":"wp","href":"https:\/\/api.w.org\/{rel}","templated":true}]}}