{"id":136177,"date":"2021-03-05T22:55:22","date_gmt":"2021-03-06T02:55:22","guid":{"rendered":"https:\/\/digital58.com.ve\/site\/?p=136177"},"modified":"2021-07-18T08:38:02","modified_gmt":"2021-07-18T12:38:02","slug":"zulianasprotagonistas-audrey-vera-ser-mujer-no-debe-ser-un-limite","status":"publish","type":"post","link":"https:\/\/digital58.com.ve\/site\/2021\/03\/05\/zulianasprotagonistas-audrey-vera-ser-mujer-no-debe-ser-un-limite\/","title":{"rendered":"#ZulianasProtagonistas | Audrey Vera: \u00abSer mujer no debe ser un l\u00edmite\u00bb"},"content":{"rendered":"<p><a href=\"https:\/\/digital58.com.ve\/site\/wp-content\/uploads\/2021\/03\/audrey-vera-2020-3.jpg\"><img loading=\"lazy\" decoding=\"async\" class=\"aligncenter size-full wp-image-136186\" src=\"https:\/\/digital58.com.ve\/site\/wp-content\/uploads\/2021\/03\/audrey-vera-2020-3.jpg\" alt=\"\" width=\"900\" height=\"577\" srcset=\"https:\/\/digital58.com.ve\/site\/wp-content\/uploads\/2021\/03\/audrey-vera-2020-3.jpg 800w, https:\/\/digital58.com.ve\/site\/wp-content\/uploads\/2021\/03\/audrey-vera-2020-3-300x192.jpg 300w, https:\/\/digital58.com.ve\/site\/wp-content\/uploads\/2021\/03\/audrey-vera-2020-3-768x492.jpg 768w\" sizes=\"auto, (max-width: 900px) 100vw, 900px\" \/><\/a><\/p>\n<p>\u00abMe siento bendecida porque he logrado ejercer mi profesi\u00f3n, cualquiera no tiene ese privilegio y yo lo he tenido\u00bb.<\/p>\n<p><strong>Maracaibo, Zulia, Venezuela, 05 de marzo de 2021 (ND58).-<\/strong> La maracaibera \u2014pero nacida en Caracas\u2014 <a href=\"https:\/\/www.instagram.com\/audreyveraprieto\/?hl=es-la\" target=\"_blank\" rel=\"noopener\">Audrey Vera<\/a> \u2014\u00abAu\u00bb, para sus \u00edntimos\u2014,comunicadora social egresada de la Universidad del Zulia y de reconocida trayectoria en la capital zuliana, se convierte en nuestra primera homenajeada en el marco del d\u00eda de la mujer con la serie de entrevistas Zulianas Protagonistas.<\/p>\n<p>Aunque se gradu\u00f3 en audiovisual, siempre ha preferido escribir, de hecho se inici\u00f3 en el a\u00f1o 2007 como transcriptora en el Diario La Verdad \u2014haciendo los obituarios, avisos y publicidad\u2014, peri\u00f3dico local donde permaneci\u00f3 poco m\u00e1s de una d\u00e9cada..<\/p>\n<p>Sin embargo \u00abAu\u00bb ha conseguido ser protagonista en diferentes vertientes de su carrera.<\/p>\n<p>Vera nos confiesa que luego de su pasant\u00eda por los avisos clasificados, aprovech\u00f3 una vacante de corrector en el peri\u00f3dico y durante los siguientes cinco a\u00f1os desarroll\u00f3 su verdadera historia profesional.<\/p>\n<p>En el transcurso de ese tiempo Audrey Vera termin\u00f3 de enamorarse de las letras, pas\u00f3 a formar parte del equipo de la revista dominical Estampas Zuliana (franquicia asociada entre Diario La Verdad y El Universal de Caracas), etapa que la llen\u00f3 de muchas alegr\u00edas y tambi\u00e9n de una de sus mayores tristezas cuando por falta de materia prima \u2014papel\u2014 la revista dej\u00f3 de circular.<\/p>\n<p><strong>\u00abUnas de las cosas m\u00e1s dif\u00edciles en mi vida fue renunciar al Diario La Verdad\u00bb<\/strong><\/p>\n<p>Los que conocemos a Audrey Vera sabemos de su honestidad y de su desapego a las medias tintas, as\u00ed que jam\u00e1s se va por las ramas, al final de su tiempo en el Diario La Verdad sent\u00eda que ya no era feliz haciendo su trabajo.<\/p>\n<p>\u00abYo parto del principio que cuando no hacemos las cosas con el coraz\u00f3n, no haces las cosas con \u00e1nimos, ya estas como los perros con los ojos \u00abpuy\u00faos y las orejas pa&#8217; atr\u00e1s\u00bb y eso me estaba pasando en el diario La Verdad, no tenia coraz\u00f3n, sent\u00eda que era una etapa que ya hab\u00eda quemado\u00bb.<\/p>\n<p><a href=\"https:\/\/digital58.com.ve\/site\/wp-content\/uploads\/2021\/03\/audrey-vera-2020.jpg\"><img loading=\"lazy\" decoding=\"async\" class=\"aligncenter wp-image-136188\" src=\"https:\/\/digital58.com.ve\/site\/wp-content\/uploads\/2021\/03\/audrey-vera-2020.jpg\" alt=\"\" width=\"600\" height=\"762\" srcset=\"https:\/\/digital58.com.ve\/site\/wp-content\/uploads\/2021\/03\/audrey-vera-2020.jpg 472w, https:\/\/digital58.com.ve\/site\/wp-content\/uploads\/2021\/03\/audrey-vera-2020-236x300.jpg 236w, https:\/\/digital58.com.ve\/site\/wp-content\/uploads\/2021\/03\/audrey-vera-2020-768x976.jpg 768w\" sizes=\"auto, (max-width: 600px) 100vw, 600px\" \/><\/a><\/p>\n<p><strong>Con Goya venc\u00ed el miedo de hablar en radio<\/strong><\/p>\n<p>Luego de salir de la que hab\u00eda sido su casa durante 10 a\u00f1os se regode\u00f3 meses pensando que hacer, finalmente tom\u00f3 la decisi\u00f3n de trabajar con su emprendimiento \u00abLa Ruta del Caf\u00e9\u00bb \u00abdecid\u00ed que con eso iba a trabajar, renunci\u00e9 en agosto y al mes y medio me llam\u00f3 Goya, yo mor\u00ed cuando ella me dijo que quer\u00eda trabajar conmigo\u00bb.<\/p>\n<p>Vera se pavonea expresando que siempre ha tenido la oportunidad de trabajar con grandes maestros \u00aben la universidad fui la mano derecha de la profesora Berenice Camacho muy reconocida, ahora en la radio trabajo con Goya, a quien considero una de las mejores de la regi\u00f3n\u00bb.<\/p>\n<p>\u00abTrabajar con Goya es demasiado divertido, estar en OK 101 es una gran responsabilidad, para m\u00ed, es la mejor emisora de Maracaibo\u00bb, asegur\u00e1 Vera entre risas.<\/p>\n<p>En fr\u00edo, Audrey Vera reflexiona y nos explica \u00aben aquel momento sent\u00ed una gran responsabilidad, Goya es muy exigente pero yo estoy acostumbrada a esa exigencia.<\/p>\n<p>Goya va m\u00e1s adelante, siempre est\u00e1 dos o tres pasos por delante, ese es el trabajo que todo periodista debe ejercer, por eso uno es periodista, porque t\u00fa debes ver la noticia antes de que suceda\u00bb.<\/p>\n<p>Entrar a trabajar con Goya Sumoza represent\u00f3 para Audrey Vera explorar nuevas oportunidades y vencer viejos miedos.<\/p>\n<p>\u00abCuando yo estaba muchacha, a punto de graduarme de periodista, yo quer\u00eda hacer el curso de locuci\u00f3n, soy extrovertida pero soy de poco hablar, m\u00e1s me gusta escribir y no lo hice por miedo, despu\u00e9s lo hago, despu\u00e9s lo hago, y as\u00ed pasaron 15 a\u00f1os\u00bb.<\/p>\n<p><strong>Candilejas<\/strong><\/p>\n<p>Finalmente Vera comprendi\u00f3 que dar el paso era fundamental \u00absi yo no aprovecho esta oportunidad ahora con Goya de enfrentar el miedo de hablar en radio estoy \u00abfuera de base\u00bb de participar en el programa, entonces hice el curso de locuci\u00f3n.<\/p>\n<p>Cuando haces ese curso obtienes herramientas, otros conocimientos y as\u00ed entr\u00e9 en Candilejas, secci\u00f3n con 28 a\u00f1os en la radio. Norge Bosc\u00e1n me dijo, que yo le hab\u00eda serruchado el puesto a Jes\u00fas Reyes, pero eso no es verdad\u00bb, culmina con una sabrosa carcajada la comunicadora social.<\/p>\n<p>Con su participaci\u00f3n en Candilejas, Vera pudo continuar su trabajo de periodismo cultural \u00abno solo hago la locuci\u00f3n de la secci\u00f3n, yo hago la producci\u00f3n del programa\u00bb.<\/p>\n<p>Un buen guion es vital en cualquier producci\u00f3n audiovisual \u00abes muy importante que tengas tu gui\u00f3n, muchos colegas no lo hacen y llegan a improvisar y eso se nota, debes tener todo listo para la semana, por otra parte ese trabajo que venia haciendo en Estampa Zuliana igual lo vengo haciendo en Candilejas, apoyando al talento regional, en resumen es una ventana para la gente que se quiere dar a conocer\u00bb.<\/p>\n<p>La jovial \u00abcaracucha\u00bb asegura que no le ha ido mal en radio, y con Goya \u2014pronto ser\u00e1n cuatro a\u00f1os junto a ella\u2014 ha sido muy f\u00e1cil.<\/p>\n<p><a href=\"https:\/\/digital58.com.ve\/site\/wp-content\/uploads\/2021\/03\/audrey-vera-2020-2.jpg\"><img loading=\"lazy\" decoding=\"async\" class=\"aligncenter size-full wp-image-136187\" src=\"https:\/\/digital58.com.ve\/site\/wp-content\/uploads\/2021\/03\/audrey-vera-2020-2.jpg\" alt=\"\" width=\"900\" height=\"648\" srcset=\"https:\/\/digital58.com.ve\/site\/wp-content\/uploads\/2021\/03\/audrey-vera-2020-2.jpg 800w, https:\/\/digital58.com.ve\/site\/wp-content\/uploads\/2021\/03\/audrey-vera-2020-2-300x216.jpg 300w, https:\/\/digital58.com.ve\/site\/wp-content\/uploads\/2021\/03\/audrey-vera-2020-2-768x553.jpg 768w\" sizes=\"auto, (max-width: 900px) 100vw, 900px\" \/><\/a><\/p>\n<p><strong>No todo es color de rosa<\/strong><\/p>\n<p>\u00abGracias a Dios como mujer nunca he tenido problemas haciendo mi trabajo\u00bb, asegura Vera, aunque \u00abuna sola vez tuve un \u201cproblemita\u201d con un jefe en el Diario la Verdad, me sent\u00ed maltratada porque estaba haciendo mi trabajo y esa persona como hombre, sent\u00eda que lo estaba sobrepasando, por lo dem\u00e1s, nunca he tenido problemas en mi trabajo period\u00edstico, siempre ha fluido, siempre ha sido poderoso.<\/p>\n<p>Es como el racismo, a veces las personas de color son m\u00e1s racistas que los dem\u00e1s, ellos mismos se ofenden incluso m\u00e1s, as\u00ed pienso, es un poco el caso de la mujer\u00bb.<\/p>\n<p><strong>La Ruta del Caf\u00e9 y TanHispano<\/strong><\/p>\n<p>Inquieta y polifac\u00e9tica Vera nos habla de su emprendimiento y otros trabajos. \u00abTengo un proyecto \u00abLa Ruta del Caf\u00e9\u00bb es una pagina web digital que trabaja la cultura del caf\u00e9, bueno ya no es tan proyecto, es una realidad, una de mis metas es lograr consolidar \u201c<a href=\"https:\/\/www.instagram.com\/larutadelcafe_\/?hl=es-la\" target=\"_blank\" rel=\"noopener\">La Ruta del Caf\u00e9<\/a>\u201d, que las personas tomen caf\u00e9 con conciencia y que se den cuentan de que est\u00e1n tomando por ejemplo, tambi\u00e9n estoy en <a href=\"https:\/\/tanhispano.com\/\" target=\"_blank\" rel=\"noopener\">TanHispano<\/a> que es una pagina internacional de noticias, estamos puros viejitos jajaja &#8230;pero son muy talentosos, Fanny Reyes, Julio Guti\u00e9rrez, Reina Carre\u00f1o, tenemos una \u00abni\u00f1a\u00bb Mar\u00eda Laura Semprum egresada de URBE, ella le da ese toque \u00abcentennial\u00bb, esa fusi\u00f3n entre lo experto y lo nobel\u00bb.<\/p>\n<p>Los tiempos dif\u00edciles nos obligan a tener que realizar diferentes actividades y trabajos para diversificar nuestra econom\u00eda, Audrey nos revela cu\u00e1l es su secreto. \u00abCuando el tema de los apagones fue muy dif\u00edcil para mi, cuando trabajas por tu cuenta (<em>freelance<\/em>) lo primero que tienes que hacer es administrar tu tiempo y entonces en casa te dispersas, el tiempo uno tiende a no invertirlo correctamente, y en eso es donde he estado trabajando.\u00a0 Yo tengo cinco trabajos, entonces no me puedo dispersar, trabajo con una planificaci\u00f3n semanal, a veces no la cumplo, pero he aprendido a que lo mas importante es la responsabilidad con cada uno de ellos, no dejar de entregar un guion, as\u00ed con todo lo que hago\u00bb.<\/p>\n<p><a href=\"https:\/\/digital58.com.ve\/site\/wp-content\/uploads\/2021\/03\/audrey-vera-2020-4.jpg\"><img loading=\"lazy\" decoding=\"async\" class=\"aligncenter size-full wp-image-136185\" src=\"https:\/\/digital58.com.ve\/site\/wp-content\/uploads\/2021\/03\/audrey-vera-2020-4.jpg\" alt=\"\" width=\"1000\" height=\"653\" srcset=\"https:\/\/digital58.com.ve\/site\/wp-content\/uploads\/2021\/03\/audrey-vera-2020-4.jpg 800w, https:\/\/digital58.com.ve\/site\/wp-content\/uploads\/2021\/03\/audrey-vera-2020-4-300x196.jpg 300w, https:\/\/digital58.com.ve\/site\/wp-content\/uploads\/2021\/03\/audrey-vera-2020-4-768x502.jpg 768w\" sizes=\"auto, (max-width: 1000px) 100vw, 1000px\" \/><\/a><\/p>\n<p><strong>Ser mam\u00e1, el trabajo mas dif\u00edcil, pero el m\u00e1s satisfactorio<\/strong><\/p>\n<p>El poder engendrar una nueva vida es sin duda una de las m\u00e1s hermosas bendiciones que poseen las mujeres pero tambi\u00e9n la de mayor responsabilidad y dedicaci\u00f3n, tarea que para Audrey Vera tambi\u00e9n es su mayor orgullo. \u00abYo soy mam\u00e1 y para mi, ser mam\u00e1 ha sido el trabajo m\u00e1s dif\u00edcil, no es remunerado (jajaja&#8230;), tienes que invertir mucho, pero cuando ves a tu hija que tiene 24 a\u00f1os, ahora toda una profesional, con valores, que sabe lo que quiere, a pesar de las vicisitudes, entonces piensas \u00a1co\u00f1o, lo logr\u00e9!, porque te acuerdas cuando la llevaste al kinder y todo eso pasa muy r\u00e1pido, para mi es un orgullo\u00bb, concluy\u00f3 Vera<br \/>\n.<br \/>\n\u00abNo hay que tener miedo, a veces no hacemos las cosas por miedo, pensamos que no tenemos el talento para hacerlo. Yo prefiero decir \u00abvoy a hacerlo, no importa lo que pase\u00bb, a decir \u00abyo lo pude hacer y no lo hice por miedo\u00bb. Ser mujer no debe ser un l\u00edmite\u00bb, Audrey Vera.<\/p>\n<p><strong>Redacci\u00f3n ND58 \/ Villasmil, Henry<\/strong><br \/>\n<strong>Gr\u00e1ficas: @villasmilhfoto<\/strong><\/p>\n<p>&nbsp;<\/p><div class=\"ppsms69f3997ae31d2\" ><p style=\"text-align: center;\"><a href=\"https:\/\/t.me\/noticiasdigital58\" target=\"_blank\" rel=\"noopener\"><img class=\"aligncenter size-full wp-image-125363\" src=\"https:\/\/digital58.com.ve\/site\/wp-content\/uploads\/2021\/04\/banner-telegram-web-2021.png\" alt=\"\" width=\"600\" height=\"90\" \/><\/a><\/p><\/div><style type=\"text\/css\">\r\n@media screen and (min-width: 1201px) {\r\n.ppsms69f3997ae31d2 {\r\ndisplay: block;\r\n}\r\n}\r\n@media screen and (min-width: 993px) and (max-width: 1200px) {\r\n.ppsms69f3997ae31d2 {\r\ndisplay: block;\r\n}\r\n}\r\n@media screen and (min-width: 769px) and (max-width: 992px) {\r\n.ppsms69f3997ae31d2 {\r\ndisplay: block;\r\n}\r\n}\r\n@media screen and (min-width: 768px) and (max-width: 768px) {\r\n.ppsms69f3997ae31d2 {\r\ndisplay: block;\r\n}\r\n}\r\n@media screen and (max-width: 767px) {\r\n.ppsms69f3997ae31d2 {\r\ndisplay: block;\r\n}\r\n}\r\n<\/style>\r\n\n<p>&nbsp;<\/p>\n<div style=\"margin-top: 0px; margin-bottom: 0px;\" class=\"sharethis-inline-share-buttons\" ><\/div>","protected":false},"excerpt":{"rendered":"<p>\u00abMe siento bendecida porque he logrado ejercer mi profesi\u00f3n, cualquiera no tiene ese privilegio y yo lo he tenido\u00bb. Maracaibo,<\/p>\n","protected":false},"author":1,"featured_media":136185,"comment_status":"open","ping_status":"closed","sticky":false,"template":"","format":"standard","meta":{"colormag_page_container_layout":"default_layout","colormag_page_sidebar_layout":"default_layout","_uag_custom_page_level_css":"","footnotes":""},"categories":[25003],"tags":[23321,11598,23320,369,73,233,2354,32,23318,23319],"class_list":["post-136177","post","type-post","status-publish","format-standard","has-post-thumbnail","hentry","category-zulianas-protagonistas","tag-audrey-vera","tag-comunicadores-sociales","tag-dia-de-la-mujer","tag-entrevistas","tag-maracaibo","tag-nacionales","tag-regionales","tag-venezuela","tag-zulianas-protagonistas","tag-zulianas-protagonistas-2021"],"yoast_head":"<!-- This site is optimized with the Yoast SEO plugin v27.5 - https:\/\/yoast.com\/product\/yoast-seo-wordpress\/ -->\n<title>#ZulianasProtagonistas | Audrey Vera: \u00abSer mujer no debe ser un l\u00edmite\u00bb<\/title>\n<meta name=\"robots\" content=\"index, follow, max-snippet:-1, max-image-preview:large, max-video-preview:-1\" \/>\n<link rel=\"canonical\" href=\"https:\/\/digital58.com.ve\/site\/2021\/03\/05\/zulianasprotagonistas-audrey-vera-ser-mujer-no-debe-ser-un-limite\/\" \/>\n<meta property=\"og:locale\" content=\"es_ES\" \/>\n<meta property=\"og:type\" content=\"article\" \/>\n<meta property=\"og:title\" content=\"#ZulianasProtagonistas | Audrey Vera: \u00abSer mujer no debe ser un l\u00edmite\u00bb\" \/>\n<meta property=\"og:url\" content=\"https:\/\/digital58.com.ve\/site\/2021\/03\/05\/zulianasprotagonistas-audrey-vera-ser-mujer-no-debe-ser-un-limite\/\" \/>\n<meta property=\"og:site_name\" content=\"Noticias Digital58\" \/>\n<meta property=\"article:published_time\" content=\"2021-03-06T02:55:22+00:00\" \/>\n<meta property=\"article:modified_time\" content=\"2021-07-18T12:38:02+00:00\" \/>\n<meta property=\"og:image\" content=\"https:\/\/digital58.com.ve\/site\/wp-content\/uploads\/2021\/03\/audrey-vera-2020-4.jpg\" \/>\n\t<meta property=\"og:image:width\" content=\"1000\" \/>\n\t<meta property=\"og:image:height\" content=\"653\" \/>\n\t<meta property=\"og:image:type\" content=\"image\/jpeg\" \/>\n<meta name=\"author\" content=\"Villasmil Henry\" \/>\n<meta name=\"twitter:card\" content=\"summary_large_image\" \/>\n<meta name=\"twitter:creator\" content=\"@https:\/\/twitter.com\/villasmilhfoto\" \/>\n<meta name=\"twitter:site\" content=\"@villasmilhfoto\" \/>\n<meta name=\"twitter:label1\" content=\"Escrito por\" \/>\n\t<meta name=\"twitter:data1\" content=\"Villasmil Henry\" \/>\n\t<meta name=\"twitter:label2\" content=\"Tiempo estimado de lectura\" \/>\n\t<meta name=\"twitter:data2\" content=\"7 minutos\" \/>\n<script type=\"application\/ld+json\" class=\"yoast-schema-graph\">{\"@context\":\"https:\\\/\\\/schema.org\",\"@graph\":[{\"@type\":\"Article\",\"@id\":\"https:\\\/\\\/digital58.com.ve\\\/site\\\/2021\\\/03\\\/05\\\/zulianasprotagonistas-audrey-vera-ser-mujer-no-debe-ser-un-limite\\\/#article\",\"isPartOf\":{\"@id\":\"https:\\\/\\\/digital58.com.ve\\\/site\\\/2021\\\/03\\\/05\\\/zulianasprotagonistas-audrey-vera-ser-mujer-no-debe-ser-un-limite\\\/\"},\"author\":{\"name\":\"Villasmil Henry\",\"@id\":\"https:\\\/\\\/digital58.com.ve\\\/site\\\/#\\\/schema\\\/person\\\/64d1c2e4d0d4fd1b849980c4331c2951\"},\"headline\":\"#ZulianasProtagonistas | Audrey Vera: \u00abSer mujer no debe ser un l\u00edmite\u00bb\",\"datePublished\":\"2021-03-06T02:55:22+00:00\",\"dateModified\":\"2021-07-18T12:38:02+00:00\",\"mainEntityOfPage\":{\"@id\":\"https:\\\/\\\/digital58.com.ve\\\/site\\\/2021\\\/03\\\/05\\\/zulianasprotagonistas-audrey-vera-ser-mujer-no-debe-ser-un-limite\\\/\"},\"wordCount\":1430,\"commentCount\":0,\"publisher\":{\"@id\":\"https:\\\/\\\/digital58.com.ve\\\/site\\\/#\\\/schema\\\/person\\\/64d1c2e4d0d4fd1b849980c4331c2951\"},\"image\":{\"@id\":\"https:\\\/\\\/digital58.com.ve\\\/site\\\/2021\\\/03\\\/05\\\/zulianasprotagonistas-audrey-vera-ser-mujer-no-debe-ser-un-limite\\\/#primaryimage\"},\"thumbnailUrl\":\"https:\\\/\\\/digital58.com.ve\\\/site\\\/wp-content\\\/uploads\\\/2021\\\/03\\\/audrey-vera-2020-4.jpg\",\"keywords\":[\"Audrey Vera\",\"Comunicadores Sociales\",\"D\u00eda de la mujer\",\"Entrevistas\",\"Maracaibo\",\"Nacionales\",\"Regionales\",\"Venezuela\",\"Zulianas Protagonistas\",\"Zulianas Protagonistas 2021\"],\"articleSection\":[\"Zulianas Protagonistas\"],\"inLanguage\":\"es\",\"potentialAction\":[{\"@type\":\"CommentAction\",\"name\":\"Comment\",\"target\":[\"https:\\\/\\\/digital58.com.ve\\\/site\\\/2021\\\/03\\\/05\\\/zulianasprotagonistas-audrey-vera-ser-mujer-no-debe-ser-un-limite\\\/#respond\"]}]},{\"@type\":\"WebPage\",\"@id\":\"https:\\\/\\\/digital58.com.ve\\\/site\\\/2021\\\/03\\\/05\\\/zulianasprotagonistas-audrey-vera-ser-mujer-no-debe-ser-un-limite\\\/\",\"url\":\"https:\\\/\\\/digital58.com.ve\\\/site\\\/2021\\\/03\\\/05\\\/zulianasprotagonistas-audrey-vera-ser-mujer-no-debe-ser-un-limite\\\/\",\"name\":\"#ZulianasProtagonistas | Audrey Vera: \u00abSer mujer no debe ser un l\u00edmite\u00bb\",\"isPartOf\":{\"@id\":\"https:\\\/\\\/digital58.com.ve\\\/site\\\/#website\"},\"primaryImageOfPage\":{\"@id\":\"https:\\\/\\\/digital58.com.ve\\\/site\\\/2021\\\/03\\\/05\\\/zulianasprotagonistas-audrey-vera-ser-mujer-no-debe-ser-un-limite\\\/#primaryimage\"},\"image\":{\"@id\":\"https:\\\/\\\/digital58.com.ve\\\/site\\\/2021\\\/03\\\/05\\\/zulianasprotagonistas-audrey-vera-ser-mujer-no-debe-ser-un-limite\\\/#primaryimage\"},\"thumbnailUrl\":\"https:\\\/\\\/digital58.com.ve\\\/site\\\/wp-content\\\/uploads\\\/2021\\\/03\\\/audrey-vera-2020-4.jpg\",\"datePublished\":\"2021-03-06T02:55:22+00:00\",\"dateModified\":\"2021-07-18T12:38:02+00:00\",\"breadcrumb\":{\"@id\":\"https:\\\/\\\/digital58.com.ve\\\/site\\\/2021\\\/03\\\/05\\\/zulianasprotagonistas-audrey-vera-ser-mujer-no-debe-ser-un-limite\\\/#breadcrumb\"},\"inLanguage\":\"es\",\"potentialAction\":[{\"@type\":\"ReadAction\",\"target\":[\"https:\\\/\\\/digital58.com.ve\\\/site\\\/2021\\\/03\\\/05\\\/zulianasprotagonistas-audrey-vera-ser-mujer-no-debe-ser-un-limite\\\/\"]}]},{\"@type\":\"ImageObject\",\"inLanguage\":\"es\",\"@id\":\"https:\\\/\\\/digital58.com.ve\\\/site\\\/2021\\\/03\\\/05\\\/zulianasprotagonistas-audrey-vera-ser-mujer-no-debe-ser-un-limite\\\/#primaryimage\",\"url\":\"https:\\\/\\\/digital58.com.ve\\\/site\\\/wp-content\\\/uploads\\\/2021\\\/03\\\/audrey-vera-2020-4.jpg\",\"contentUrl\":\"https:\\\/\\\/digital58.com.ve\\\/site\\\/wp-content\\\/uploads\\\/2021\\\/03\\\/audrey-vera-2020-4.jpg\",\"width\":800,\"height\":522},{\"@type\":\"BreadcrumbList\",\"@id\":\"https:\\\/\\\/digital58.com.ve\\\/site\\\/2021\\\/03\\\/05\\\/zulianasprotagonistas-audrey-vera-ser-mujer-no-debe-ser-un-limite\\\/#breadcrumb\",\"itemListElement\":[{\"@type\":\"ListItem\",\"position\":1,\"name\":\"Home\",\"item\":\"https:\\\/\\\/digital58.com.ve\\\/site\\\/\"},{\"@type\":\"ListItem\",\"position\":2,\"name\":\"#ZulianasProtagonistas | Audrey Vera: \u00abSer mujer no debe ser un l\u00edmite\u00bb\"}]},{\"@type\":\"WebSite\",\"@id\":\"https:\\\/\\\/digital58.com.ve\\\/site\\\/#website\",\"url\":\"https:\\\/\\\/digital58.com.ve\\\/site\\\/\",\"name\":\"Noticias Digital58\",\"description\":\"Portal de Noticias \u00a1Periodismo web de verdad! Lanzamiento web 22.11.2005 \\\/ Maracaibo, Venezuela\",\"publisher\":{\"@id\":\"https:\\\/\\\/digital58.com.ve\\\/site\\\/#\\\/schema\\\/person\\\/64d1c2e4d0d4fd1b849980c4331c2951\"},\"alternateName\":\"ND58\",\"potentialAction\":[{\"@type\":\"SearchAction\",\"target\":{\"@type\":\"EntryPoint\",\"urlTemplate\":\"https:\\\/\\\/digital58.com.ve\\\/site\\\/?s={search_term_string}\"},\"query-input\":{\"@type\":\"PropertyValueSpecification\",\"valueRequired\":true,\"valueName\":\"search_term_string\"}}],\"inLanguage\":\"es\"},{\"@type\":[\"Person\",\"Organization\"],\"@id\":\"https:\\\/\\\/digital58.com.ve\\\/site\\\/#\\\/schema\\\/person\\\/64d1c2e4d0d4fd1b849980c4331c2951\",\"name\":\"Villasmil Henry\",\"image\":{\"@type\":\"ImageObject\",\"inLanguage\":\"es\",\"@id\":\"https:\\\/\\\/secure.gravatar.com\\\/avatar\\\/bb0c4a2fcb7970138239f7e404ea75757b1b507b28b5ce4c53fbd62d797c5a7c?s=96&d=mm&r=g\",\"url\":\"https:\\\/\\\/secure.gravatar.com\\\/avatar\\\/bb0c4a2fcb7970138239f7e404ea75757b1b507b28b5ce4c53fbd62d797c5a7c?s=96&d=mm&r=g\",\"contentUrl\":\"https:\\\/\\\/secure.gravatar.com\\\/avatar\\\/bb0c4a2fcb7970138239f7e404ea75757b1b507b28b5ce4c53fbd62d797c5a7c?s=96&d=mm&r=g\",\"caption\":\"Villasmil Henry\"},\"logo\":{\"@id\":\"https:\\\/\\\/secure.gravatar.com\\\/avatar\\\/bb0c4a2fcb7970138239f7e404ea75757b1b507b28b5ce4c53fbd62d797c5a7c?s=96&d=mm&r=g\"},\"sameAs\":[\"http:\\\/\\\/www.henryvillasmil.com.ve\",\"https:\\\/\\\/www.instagram.com\\\/villasmilhfoto\\\/\",\"https:\\\/\\\/x.com\\\/https:\\\/\\\/twitter.com\\\/villasmilhfoto\"],\"url\":\"https:\\\/\\\/digital58.com.ve\\\/site\\\/author\\\/droopy_68\\\/\"}]}<\/script>\n<!-- \/ Yoast SEO plugin. -->","yoast_head_json":{"title":"#ZulianasProtagonistas | Audrey Vera: \u00abSer mujer no debe ser un l\u00edmite\u00bb","robots":{"index":"index","follow":"follow","max-snippet":"max-snippet:-1","max-image-preview":"max-image-preview:large","max-video-preview":"max-video-preview:-1"},"canonical":"https:\/\/digital58.com.ve\/site\/2021\/03\/05\/zulianasprotagonistas-audrey-vera-ser-mujer-no-debe-ser-un-limite\/","og_locale":"es_ES","og_type":"article","og_title":"#ZulianasProtagonistas | Audrey Vera: \u00abSer mujer no debe ser un l\u00edmite\u00bb","og_url":"https:\/\/digital58.com.ve\/site\/2021\/03\/05\/zulianasprotagonistas-audrey-vera-ser-mujer-no-debe-ser-un-limite\/","og_site_name":"Noticias Digital58","article_published_time":"2021-03-06T02:55:22+00:00","article_modified_time":"2021-07-18T12:38:02+00:00","og_image":[{"width":1000,"height":653,"url":"https:\/\/digital58.com.ve\/site\/wp-content\/uploads\/2021\/03\/audrey-vera-2020-4.jpg","type":"image\/jpeg"}],"author":"Villasmil Henry","twitter_card":"summary_large_image","twitter_creator":"@https:\/\/twitter.com\/villasmilhfoto","twitter_site":"@villasmilhfoto","twitter_misc":{"Escrito por":"Villasmil Henry","Tiempo estimado de lectura":"7 minutos"},"schema":{"@context":"https:\/\/schema.org","@graph":[{"@type":"Article","@id":"https:\/\/digital58.com.ve\/site\/2021\/03\/05\/zulianasprotagonistas-audrey-vera-ser-mujer-no-debe-ser-un-limite\/#article","isPartOf":{"@id":"https:\/\/digital58.com.ve\/site\/2021\/03\/05\/zulianasprotagonistas-audrey-vera-ser-mujer-no-debe-ser-un-limite\/"},"author":{"name":"Villasmil Henry","@id":"https:\/\/digital58.com.ve\/site\/#\/schema\/person\/64d1c2e4d0d4fd1b849980c4331c2951"},"headline":"#ZulianasProtagonistas | Audrey Vera: \u00abSer mujer no debe ser un l\u00edmite\u00bb","datePublished":"2021-03-06T02:55:22+00:00","dateModified":"2021-07-18T12:38:02+00:00","mainEntityOfPage":{"@id":"https:\/\/digital58.com.ve\/site\/2021\/03\/05\/zulianasprotagonistas-audrey-vera-ser-mujer-no-debe-ser-un-limite\/"},"wordCount":1430,"commentCount":0,"publisher":{"@id":"https:\/\/digital58.com.ve\/site\/#\/schema\/person\/64d1c2e4d0d4fd1b849980c4331c2951"},"image":{"@id":"https:\/\/digital58.com.ve\/site\/2021\/03\/05\/zulianasprotagonistas-audrey-vera-ser-mujer-no-debe-ser-un-limite\/#primaryimage"},"thumbnailUrl":"https:\/\/digital58.com.ve\/site\/wp-content\/uploads\/2021\/03\/audrey-vera-2020-4.jpg","keywords":["Audrey Vera","Comunicadores Sociales","D\u00eda de la mujer","Entrevistas","Maracaibo","Nacionales","Regionales","Venezuela","Zulianas Protagonistas","Zulianas Protagonistas 2021"],"articleSection":["Zulianas Protagonistas"],"inLanguage":"es","potentialAction":[{"@type":"CommentAction","name":"Comment","target":["https:\/\/digital58.com.ve\/site\/2021\/03\/05\/zulianasprotagonistas-audrey-vera-ser-mujer-no-debe-ser-un-limite\/#respond"]}]},{"@type":"WebPage","@id":"https:\/\/digital58.com.ve\/site\/2021\/03\/05\/zulianasprotagonistas-audrey-vera-ser-mujer-no-debe-ser-un-limite\/","url":"https:\/\/digital58.com.ve\/site\/2021\/03\/05\/zulianasprotagonistas-audrey-vera-ser-mujer-no-debe-ser-un-limite\/","name":"#ZulianasProtagonistas | Audrey Vera: \u00abSer mujer no debe ser un l\u00edmite\u00bb","isPartOf":{"@id":"https:\/\/digital58.com.ve\/site\/#website"},"primaryImageOfPage":{"@id":"https:\/\/digital58.com.ve\/site\/2021\/03\/05\/zulianasprotagonistas-audrey-vera-ser-mujer-no-debe-ser-un-limite\/#primaryimage"},"image":{"@id":"https:\/\/digital58.com.ve\/site\/2021\/03\/05\/zulianasprotagonistas-audrey-vera-ser-mujer-no-debe-ser-un-limite\/#primaryimage"},"thumbnailUrl":"https:\/\/digital58.com.ve\/site\/wp-content\/uploads\/2021\/03\/audrey-vera-2020-4.jpg","datePublished":"2021-03-06T02:55:22+00:00","dateModified":"2021-07-18T12:38:02+00:00","breadcrumb":{"@id":"https:\/\/digital58.com.ve\/site\/2021\/03\/05\/zulianasprotagonistas-audrey-vera-ser-mujer-no-debe-ser-un-limite\/#breadcrumb"},"inLanguage":"es","potentialAction":[{"@type":"ReadAction","target":["https:\/\/digital58.com.ve\/site\/2021\/03\/05\/zulianasprotagonistas-audrey-vera-ser-mujer-no-debe-ser-un-limite\/"]}]},{"@type":"ImageObject","inLanguage":"es","@id":"https:\/\/digital58.com.ve\/site\/2021\/03\/05\/zulianasprotagonistas-audrey-vera-ser-mujer-no-debe-ser-un-limite\/#primaryimage","url":"https:\/\/digital58.com.ve\/site\/wp-content\/uploads\/2021\/03\/audrey-vera-2020-4.jpg","contentUrl":"https:\/\/digital58.com.ve\/site\/wp-content\/uploads\/2021\/03\/audrey-vera-2020-4.jpg","width":800,"height":522},{"@type":"BreadcrumbList","@id":"https:\/\/digital58.com.ve\/site\/2021\/03\/05\/zulianasprotagonistas-audrey-vera-ser-mujer-no-debe-ser-un-limite\/#breadcrumb","itemListElement":[{"@type":"ListItem","position":1,"name":"Home","item":"https:\/\/digital58.com.ve\/site\/"},{"@type":"ListItem","position":2,"name":"#ZulianasProtagonistas | Audrey Vera: \u00abSer mujer no debe ser un l\u00edmite\u00bb"}]},{"@type":"WebSite","@id":"https:\/\/digital58.com.ve\/site\/#website","url":"https:\/\/digital58.com.ve\/site\/","name":"Noticias Digital58","description":"Portal de Noticias \u00a1Periodismo web de verdad! Lanzamiento web 22.11.2005 \/ Maracaibo, Venezuela","publisher":{"@id":"https:\/\/digital58.com.ve\/site\/#\/schema\/person\/64d1c2e4d0d4fd1b849980c4331c2951"},"alternateName":"ND58","potentialAction":[{"@type":"SearchAction","target":{"@type":"EntryPoint","urlTemplate":"https:\/\/digital58.com.ve\/site\/?s={search_term_string}"},"query-input":{"@type":"PropertyValueSpecification","valueRequired":true,"valueName":"search_term_string"}}],"inLanguage":"es"},{"@type":["Person","Organization"],"@id":"https:\/\/digital58.com.ve\/site\/#\/schema\/person\/64d1c2e4d0d4fd1b849980c4331c2951","name":"Villasmil Henry","image":{"@type":"ImageObject","inLanguage":"es","@id":"https:\/\/secure.gravatar.com\/avatar\/bb0c4a2fcb7970138239f7e404ea75757b1b507b28b5ce4c53fbd62d797c5a7c?s=96&d=mm&r=g","url":"https:\/\/secure.gravatar.com\/avatar\/bb0c4a2fcb7970138239f7e404ea75757b1b507b28b5ce4c53fbd62d797c5a7c?s=96&d=mm&r=g","contentUrl":"https:\/\/secure.gravatar.com\/avatar\/bb0c4a2fcb7970138239f7e404ea75757b1b507b28b5ce4c53fbd62d797c5a7c?s=96&d=mm&r=g","caption":"Villasmil Henry"},"logo":{"@id":"https:\/\/secure.gravatar.com\/avatar\/bb0c4a2fcb7970138239f7e404ea75757b1b507b28b5ce4c53fbd62d797c5a7c?s=96&d=mm&r=g"},"sameAs":["http:\/\/www.henryvillasmil.com.ve","https:\/\/www.instagram.com\/villasmilhfoto\/","https:\/\/x.com\/https:\/\/twitter.com\/villasmilhfoto"],"url":"https:\/\/digital58.com.ve\/site\/author\/droopy_68\/"}]}},"uagb_featured_image_src":{"full":["https:\/\/digital58.com.ve\/site\/wp-content\/uploads\/2021\/03\/audrey-vera-2020-4.jpg",800,522,false],"thumbnail":["https:\/\/digital58.com.ve\/site\/wp-content\/uploads\/2021\/03\/audrey-vera-2020-4-150x150.jpg",150,150,true],"medium":["https:\/\/digital58.com.ve\/site\/wp-content\/uploads\/2021\/03\/audrey-vera-2020-4-300x196.jpg",300,196,true],"medium_large":["https:\/\/digital58.com.ve\/site\/wp-content\/uploads\/2021\/03\/audrey-vera-2020-4-768x502.jpg",768,502,true],"large":["https:\/\/digital58.com.ve\/site\/wp-content\/uploads\/2021\/03\/audrey-vera-2020-4.jpg",800,522,false],"1536x1536":["https:\/\/digital58.com.ve\/site\/wp-content\/uploads\/2021\/03\/audrey-vera-2020-4.jpg",800,522,false],"2048x2048":["https:\/\/digital58.com.ve\/site\/wp-content\/uploads\/2021\/03\/audrey-vera-2020-4.jpg",800,522,false],"colormag-highlighted-post":["https:\/\/digital58.com.ve\/site\/wp-content\/uploads\/2021\/03\/audrey-vera-2020-4.jpg",392,256,false],"colormag-featured-post-medium":["https:\/\/digital58.com.ve\/site\/wp-content\/uploads\/2021\/03\/audrey-vera-2020-4.jpg",314,205,false],"colormag-featured-post-small":["https:\/\/digital58.com.ve\/site\/wp-content\/uploads\/2021\/03\/audrey-vera-2020-4.jpg",130,85,false],"colormag-featured-image":["https:\/\/digital58.com.ve\/site\/wp-content\/uploads\/2021\/03\/audrey-vera-2020-4.jpg",682,445,false],"colormag-default-news":["https:\/\/digital58.com.ve\/site\/wp-content\/uploads\/2021\/03\/audrey-vera-2020-4.jpg",150,98,false],"colormag-featured-image-large":["https:\/\/digital58.com.ve\/site\/wp-content\/uploads\/2021\/03\/audrey-vera-2020-4.jpg",800,522,false]},"uagb_author_info":{"display_name":"Villasmil Henry","author_link":"https:\/\/digital58.com.ve\/site\/author\/droopy_68\/"},"uagb_comment_info":0,"uagb_excerpt":"\u00abMe siento bendecida porque he logrado ejercer mi profesi\u00f3n, cualquiera no tiene ese privilegio y yo lo he tenido\u00bb. Maracaibo,","_links":{"self":[{"href":"https:\/\/digital58.com.ve\/site\/wp-json\/wp\/v2\/posts\/136177","targetHints":{"allow":["GET"]}}],"collection":[{"href":"https:\/\/digital58.com.ve\/site\/wp-json\/wp\/v2\/posts"}],"about":[{"href":"https:\/\/digital58.com.ve\/site\/wp-json\/wp\/v2\/types\/post"}],"author":[{"embeddable":true,"href":"https:\/\/digital58.com.ve\/site\/wp-json\/wp\/v2\/users\/1"}],"replies":[{"embeddable":true,"href":"https:\/\/digital58.com.ve\/site\/wp-json\/wp\/v2\/comments?post=136177"}],"version-history":[{"count":0,"href":"https:\/\/digital58.com.ve\/site\/wp-json\/wp\/v2\/posts\/136177\/revisions"}],"wp:featuredmedia":[{"embeddable":true,"href":"https:\/\/digital58.com.ve\/site\/wp-json\/wp\/v2\/media\/136185"}],"wp:attachment":[{"href":"https:\/\/digital58.com.ve\/site\/wp-json\/wp\/v2\/media?parent=136177"}],"wp:term":[{"taxonomy":"category","embeddable":true,"href":"https:\/\/digital58.com.ve\/site\/wp-json\/wp\/v2\/categories?post=136177"},{"taxonomy":"post_tag","embeddable":true,"href":"https:\/\/digital58.com.ve\/site\/wp-json\/wp\/v2\/tags?post=136177"}],"curies":[{"name":"wp","href":"https:\/\/api.w.org\/{rel}","templated":true}]}}