{"id":136428,"date":"2021-03-12T13:04:21","date_gmt":"2021-03-12T17:04:21","guid":{"rendered":"https:\/\/digital58.com.ve\/site\/?p=136428"},"modified":"2021-03-12T13:04:21","modified_gmt":"2021-03-12T17:04:21","slug":"la-oposicion-venezolana-rechaza-estigmatizacion-de-connacionales-en-colombia","status":"publish","type":"post","link":"https:\/\/digital58.com.ve\/site\/2021\/03\/12\/la-oposicion-venezolana-rechaza-estigmatizacion-de-connacionales-en-colombia\/","title":{"rendered":"La oposici\u00f3n venezolana rechaza estigmatizaci\u00f3n de connacionales en Colombia"},"content":{"rendered":"<p><a href=\"https:\/\/digital58.com.ve\/site\/wp-content\/uploads\/2020\/06\/tomas-guanipa-1140x530-1.jpg\"><img loading=\"lazy\" decoding=\"async\" class=\"aligncenter size-full wp-image-105181\" src=\"https:\/\/digital58.com.ve\/site\/wp-content\/uploads\/2020\/06\/tomas-guanipa-1140x530-1.jpg\" alt=\"\" width=\"1140\" height=\"530\" srcset=\"https:\/\/digital58.com.ve\/site\/wp-content\/uploads\/2020\/06\/tomas-guanipa-1140x530-1.jpg 800w, https:\/\/digital58.com.ve\/site\/wp-content\/uploads\/2020\/06\/tomas-guanipa-1140x530-1-300x139.jpg 300w, https:\/\/digital58.com.ve\/site\/wp-content\/uploads\/2020\/06\/tomas-guanipa-1140x530-1-768x357.jpg 768w\" sizes=\"auto, (max-width: 1140px) 100vw, 1140px\" \/><\/a><\/p>\n<p>La alcaldesa de Bogot\u00e1 ya hab\u00eda vinculado en otras ocasiones el aumento de la inseguridad en la capital con los delitos cometidos por algunos migrantes venezolanos, aunque se\u00f1al\u00f3 que esas conclusiones son respetuosas y no buscan generar \u00abning\u00fan acto de xenofobia\u00bb.<\/p>\n<p><strong>Maracaibo, Zulia, Venezuela, 12 de marzo de 2021 (ND58).-<\/strong> La oposici\u00f3n venezolana pidi\u00f3 este jueves no estigmatizar a sus nacionales, despu\u00e9s de que la alcaldesa de Bogot\u00e1, Claudia L\u00f3pez, vinculara nuevamente a los migrantes del pa\u00eds caribe\u00f1o con el aumento de la inseguridad en la capital colombiana tras la muerte de un polic\u00eda en un tiroteo en el norte de la ciudad.<\/p>\n<p>\u00abEl asesinato de Edwin Caro, polic\u00eda colombiano, me llena de indignaci\u00f3n. Espero que todo el peso de la ley caiga sobre los responsables\u00bb, dijo el opositor Tom\u00e1s Guanipa en su cuenta en Twitter.<\/p>\n<p>Guanipa, un estrecho colaborador del l\u00edder opositor Juan Guaid\u00f3, se\u00f1al\u00f3 que es \u00abimperativo que todo hecho delictivo sea castigado\u00bb, pero indic\u00f3 que \u00abestigmatizar a los venezolanos como delincuentes\u00bb incrementa la xenofobia y es \u00abinjusto con la gran mayor\u00eda\u00bb de ellos, pues, seg\u00fan dijo, est\u00e1n \u00abformados en valores honestos\u00bb.<\/p>\n<p>El opositor consider\u00f3 tambi\u00e9n que la muerte del patrullero colombiano est\u00e1 siendo usada \u00abcon fines pol\u00edticos\u00bb, los cuales, dijo, traer\u00e1n \u00abcomo consecuencia etiquetas\u00bb a los venezolanos \u00abhonestos y decentes\u00bb.<\/p>\n<p>El patrullero de la Polic\u00eda fue asesinado el mi\u00e9rcoles cuando le solicit\u00f3 una requisa a dos hombres que se movilizaban en una motocicleta negra por un concurrido sector de Bogot\u00e1.<\/p>\n<p>Seg\u00fan las autoridades, los dos hombres, de nacionalidad venezolana, son sospechosos de pertenecer a una banda criminal que se dedica a asaltar a ciudadanos cuando retiran altas sumas de dinero de los bancos.<\/p>\n<p>\u00abPrimero asesinan y luego roban, necesitamos garant\u00edas para los colombianos\u00bb, dijo L\u00f3pez en una declaraci\u00f3n que ha sido criticada por sectores que se\u00f1alan un tinte de xenofobia en sus palabras.<\/p>\n<p>L\u00f3pez record\u00f3 que esta no es la primera vez que un agente de seguridad es asesinado en Colombia por un venezolano y asegur\u00f3 que la ciudad \u00abno escatimar\u00e1 los recursos que sean necesarios\u00bb para combatir el crimen y para judicializarlo.<\/p><div class=\"tcfor69ef25a6c9dd7\" ><p style=\"text-align: center;\"><a href=\"https:\/\/t.me\/noticiasdigital58\" target=\"_blank\" rel=\"noopener\"><img class=\"aligncenter size-full wp-image-125363\" src=\"https:\/\/digital58.com.ve\/site\/wp-content\/uploads\/2021\/04\/banner-telegram-web-2021.png\" alt=\"\" width=\"600\" height=\"90\" \/><\/a><\/p><\/div><style type=\"text\/css\">\r\n@media screen and (min-width: 1201px) {\r\n.tcfor69ef25a6c9dd7 {\r\ndisplay: block;\r\n}\r\n}\r\n@media screen and (min-width: 993px) and (max-width: 1200px) {\r\n.tcfor69ef25a6c9dd7 {\r\ndisplay: block;\r\n}\r\n}\r\n@media screen and (min-width: 769px) and (max-width: 992px) {\r\n.tcfor69ef25a6c9dd7 {\r\ndisplay: block;\r\n}\r\n}\r\n@media screen and (min-width: 768px) and (max-width: 768px) {\r\n.tcfor69ef25a6c9dd7 {\r\ndisplay: block;\r\n}\r\n}\r\n@media screen and (max-width: 767px) {\r\n.tcfor69ef25a6c9dd7 {\r\ndisplay: block;\r\n}\r\n}\r\n<\/style>\r\n\n<p><strong>Redacci\u00f3n ND58 | Fuente: EFE<\/strong><br \/>\n<strong>Edici\u00f3n: Villasmil, Henry<\/strong><br \/>\n<strong>Gr\u00e1fica: Archivo<\/strong><\/p>\n<div style=\"margin-top: 0px; margin-bottom: 0px;\" class=\"sharethis-inline-share-buttons\" ><\/div>","protected":false},"excerpt":{"rendered":"<p>La alcaldesa de Bogot\u00e1 ya hab\u00eda vinculado en otras ocasiones el aumento de la inseguridad en la capital con los<\/p>\n","protected":false},"author":1,"featured_media":105181,"comment_status":"open","ping_status":"closed","sticky":false,"template":"","format":"standard","meta":{"colormag_page_container_layout":"default_layout","colormag_page_sidebar_layout":"default_layout","_uag_custom_page_level_css":"","footnotes":""},"categories":[16454],"tags":[23363,23364,98,5223,23365,1154,8605,13968,135,32,16482],"class_list":["post-136428","post","type-post","status-publish","format-standard","has-post-thumbnail","hentry","category-venezuela","tag-alcaldesa-de-bogota","tag-claudia-lopez","tag-colombia","tag-denuncias","tag-estigmatizacion","tag-migracion-venezolana","tag-oposicion-venezolana","tag-tomas-guanipa","tag-venezolanos-en-el-exterior","tag-venezuela","tag-xenofobia"],"yoast_head":"<!-- This site is optimized with the Yoast SEO plugin v27.4 - https:\/\/yoast.com\/product\/yoast-seo-wordpress\/ -->\n<title>La oposici\u00f3n venezolana rechaza estigmatizaci\u00f3n de connacionales en Colombia<\/title>\n<meta name=\"description\" content=\"Venezuela\" \/>\n<meta name=\"robots\" content=\"index, follow, max-snippet:-1, max-image-preview:large, max-video-preview:-1\" \/>\n<link rel=\"canonical\" href=\"https:\/\/digital58.com.ve\/site\/2021\/03\/12\/la-oposicion-venezolana-rechaza-estigmatizacion-de-connacionales-en-colombia\/\" \/>\n<meta property=\"og:locale\" content=\"es_ES\" \/>\n<meta property=\"og:type\" content=\"article\" \/>\n<meta property=\"og:title\" content=\"La oposici\u00f3n venezolana rechaza estigmatizaci\u00f3n de connacionales en Colombia\" \/>\n<meta property=\"og:description\" content=\"Venezuela\" \/>\n<meta property=\"og:url\" content=\"https:\/\/digital58.com.ve\/site\/2021\/03\/12\/la-oposicion-venezolana-rechaza-estigmatizacion-de-connacionales-en-colombia\/\" \/>\n<meta property=\"og:site_name\" content=\"Noticias Digital58\" \/>\n<meta property=\"article:published_time\" content=\"2021-03-12T17:04:21+00:00\" \/>\n<meta property=\"og:image\" content=\"https:\/\/digital58.com.ve\/site\/wp-content\/uploads\/2020\/06\/tomas-guanipa-1140x530-1.jpg\" \/>\n\t<meta property=\"og:image:width\" content=\"1140\" \/>\n\t<meta property=\"og:image:height\" content=\"530\" \/>\n\t<meta property=\"og:image:type\" content=\"image\/jpeg\" \/>\n<meta name=\"author\" content=\"Villasmil Henry\" \/>\n<meta name=\"twitter:card\" content=\"summary_large_image\" \/>\n<meta name=\"twitter:creator\" content=\"@https:\/\/twitter.com\/villasmilhfoto\" \/>\n<meta name=\"twitter:site\" content=\"@villasmilhfoto\" \/>\n<meta name=\"twitter:label1\" content=\"Escrito por\" \/>\n\t<meta name=\"twitter:data1\" content=\"Villasmil Henry\" \/>\n\t<meta name=\"twitter:label2\" content=\"Tiempo estimado de lectura\" \/>\n\t<meta name=\"twitter:data2\" content=\"2 minutos\" \/>\n<script type=\"application\/ld+json\" class=\"yoast-schema-graph\">{\"@context\":\"https:\\\/\\\/schema.org\",\"@graph\":[{\"@type\":\"Article\",\"@id\":\"https:\\\/\\\/digital58.com.ve\\\/site\\\/2021\\\/03\\\/12\\\/la-oposicion-venezolana-rechaza-estigmatizacion-de-connacionales-en-colombia\\\/#article\",\"isPartOf\":{\"@id\":\"https:\\\/\\\/digital58.com.ve\\\/site\\\/2021\\\/03\\\/12\\\/la-oposicion-venezolana-rechaza-estigmatizacion-de-connacionales-en-colombia\\\/\"},\"author\":{\"name\":\"Villasmil Henry\",\"@id\":\"https:\\\/\\\/digital58.com.ve\\\/site\\\/#\\\/schema\\\/person\\\/64d1c2e4d0d4fd1b849980c4331c2951\"},\"headline\":\"La oposici\u00f3n venezolana rechaza estigmatizaci\u00f3n de connacionales en Colombia\",\"datePublished\":\"2021-03-12T17:04:21+00:00\",\"mainEntityOfPage\":{\"@id\":\"https:\\\/\\\/digital58.com.ve\\\/site\\\/2021\\\/03\\\/12\\\/la-oposicion-venezolana-rechaza-estigmatizacion-de-connacionales-en-colombia\\\/\"},\"wordCount\":396,\"commentCount\":0,\"publisher\":{\"@id\":\"https:\\\/\\\/digital58.com.ve\\\/site\\\/#\\\/schema\\\/person\\\/64d1c2e4d0d4fd1b849980c4331c2951\"},\"image\":{\"@id\":\"https:\\\/\\\/digital58.com.ve\\\/site\\\/2021\\\/03\\\/12\\\/la-oposicion-venezolana-rechaza-estigmatizacion-de-connacionales-en-colombia\\\/#primaryimage\"},\"thumbnailUrl\":\"https:\\\/\\\/digital58.com.ve\\\/site\\\/wp-content\\\/uploads\\\/2020\\\/06\\\/tomas-guanipa-1140x530-1.jpg\",\"keywords\":[\"Alcaldesa de Bogot\u00e1\",\"Claudia L\u00f3pez\",\"Colombia\",\"Denuncias\",\"Estigmatizaci\u00f3n\",\"Migraci\u00f3n venezolana\",\"Oposici\u00f3n Venezolana\",\"Tomas Guanipa\",\"Venezolanos en el exterior\",\"Venezuela\",\"xenofobia\"],\"articleSection\":[\"Venezuela\"],\"inLanguage\":\"es\",\"potentialAction\":[{\"@type\":\"CommentAction\",\"name\":\"Comment\",\"target\":[\"https:\\\/\\\/digital58.com.ve\\\/site\\\/2021\\\/03\\\/12\\\/la-oposicion-venezolana-rechaza-estigmatizacion-de-connacionales-en-colombia\\\/#respond\"]}]},{\"@type\":\"WebPage\",\"@id\":\"https:\\\/\\\/digital58.com.ve\\\/site\\\/2021\\\/03\\\/12\\\/la-oposicion-venezolana-rechaza-estigmatizacion-de-connacionales-en-colombia\\\/\",\"url\":\"https:\\\/\\\/digital58.com.ve\\\/site\\\/2021\\\/03\\\/12\\\/la-oposicion-venezolana-rechaza-estigmatizacion-de-connacionales-en-colombia\\\/\",\"name\":\"La oposici\u00f3n venezolana rechaza estigmatizaci\u00f3n de connacionales en Colombia\",\"isPartOf\":{\"@id\":\"https:\\\/\\\/digital58.com.ve\\\/site\\\/#website\"},\"primaryImageOfPage\":{\"@id\":\"https:\\\/\\\/digital58.com.ve\\\/site\\\/2021\\\/03\\\/12\\\/la-oposicion-venezolana-rechaza-estigmatizacion-de-connacionales-en-colombia\\\/#primaryimage\"},\"image\":{\"@id\":\"https:\\\/\\\/digital58.com.ve\\\/site\\\/2021\\\/03\\\/12\\\/la-oposicion-venezolana-rechaza-estigmatizacion-de-connacionales-en-colombia\\\/#primaryimage\"},\"thumbnailUrl\":\"https:\\\/\\\/digital58.com.ve\\\/site\\\/wp-content\\\/uploads\\\/2020\\\/06\\\/tomas-guanipa-1140x530-1.jpg\",\"datePublished\":\"2021-03-12T17:04:21+00:00\",\"description\":\"Venezuela\",\"breadcrumb\":{\"@id\":\"https:\\\/\\\/digital58.com.ve\\\/site\\\/2021\\\/03\\\/12\\\/la-oposicion-venezolana-rechaza-estigmatizacion-de-connacionales-en-colombia\\\/#breadcrumb\"},\"inLanguage\":\"es\",\"potentialAction\":[{\"@type\":\"ReadAction\",\"target\":[\"https:\\\/\\\/digital58.com.ve\\\/site\\\/2021\\\/03\\\/12\\\/la-oposicion-venezolana-rechaza-estigmatizacion-de-connacionales-en-colombia\\\/\"]}]},{\"@type\":\"ImageObject\",\"inLanguage\":\"es\",\"@id\":\"https:\\\/\\\/digital58.com.ve\\\/site\\\/2021\\\/03\\\/12\\\/la-oposicion-venezolana-rechaza-estigmatizacion-de-connacionales-en-colombia\\\/#primaryimage\",\"url\":\"https:\\\/\\\/digital58.com.ve\\\/site\\\/wp-content\\\/uploads\\\/2020\\\/06\\\/tomas-guanipa-1140x530-1.jpg\",\"contentUrl\":\"https:\\\/\\\/digital58.com.ve\\\/site\\\/wp-content\\\/uploads\\\/2020\\\/06\\\/tomas-guanipa-1140x530-1.jpg\",\"width\":800,\"height\":372},{\"@type\":\"BreadcrumbList\",\"@id\":\"https:\\\/\\\/digital58.com.ve\\\/site\\\/2021\\\/03\\\/12\\\/la-oposicion-venezolana-rechaza-estigmatizacion-de-connacionales-en-colombia\\\/#breadcrumb\",\"itemListElement\":[{\"@type\":\"ListItem\",\"position\":1,\"name\":\"Home\",\"item\":\"https:\\\/\\\/digital58.com.ve\\\/site\\\/\"},{\"@type\":\"ListItem\",\"position\":2,\"name\":\"La oposici\u00f3n venezolana rechaza estigmatizaci\u00f3n de connacionales en Colombia\"}]},{\"@type\":\"WebSite\",\"@id\":\"https:\\\/\\\/digital58.com.ve\\\/site\\\/#website\",\"url\":\"https:\\\/\\\/digital58.com.ve\\\/site\\\/\",\"name\":\"Noticias Digital58\",\"description\":\"Portal de Noticias \u00a1Periodismo web de verdad! Lanzamiento web 22.11.2005 \\\/ Maracaibo, Venezuela\",\"publisher\":{\"@id\":\"https:\\\/\\\/digital58.com.ve\\\/site\\\/#\\\/schema\\\/person\\\/64d1c2e4d0d4fd1b849980c4331c2951\"},\"alternateName\":\"ND58\",\"potentialAction\":[{\"@type\":\"SearchAction\",\"target\":{\"@type\":\"EntryPoint\",\"urlTemplate\":\"https:\\\/\\\/digital58.com.ve\\\/site\\\/?s={search_term_string}\"},\"query-input\":{\"@type\":\"PropertyValueSpecification\",\"valueRequired\":true,\"valueName\":\"search_term_string\"}}],\"inLanguage\":\"es\"},{\"@type\":[\"Person\",\"Organization\"],\"@id\":\"https:\\\/\\\/digital58.com.ve\\\/site\\\/#\\\/schema\\\/person\\\/64d1c2e4d0d4fd1b849980c4331c2951\",\"name\":\"Villasmil Henry\",\"image\":{\"@type\":\"ImageObject\",\"inLanguage\":\"es\",\"@id\":\"https:\\\/\\\/secure.gravatar.com\\\/avatar\\\/bb0c4a2fcb7970138239f7e404ea75757b1b507b28b5ce4c53fbd62d797c5a7c?s=96&d=mm&r=g\",\"url\":\"https:\\\/\\\/secure.gravatar.com\\\/avatar\\\/bb0c4a2fcb7970138239f7e404ea75757b1b507b28b5ce4c53fbd62d797c5a7c?s=96&d=mm&r=g\",\"contentUrl\":\"https:\\\/\\\/secure.gravatar.com\\\/avatar\\\/bb0c4a2fcb7970138239f7e404ea75757b1b507b28b5ce4c53fbd62d797c5a7c?s=96&d=mm&r=g\",\"caption\":\"Villasmil Henry\"},\"logo\":{\"@id\":\"https:\\\/\\\/secure.gravatar.com\\\/avatar\\\/bb0c4a2fcb7970138239f7e404ea75757b1b507b28b5ce4c53fbd62d797c5a7c?s=96&d=mm&r=g\"},\"sameAs\":[\"http:\\\/\\\/www.henryvillasmil.com.ve\",\"https:\\\/\\\/www.instagram.com\\\/villasmilhfoto\\\/\",\"https:\\\/\\\/x.com\\\/https:\\\/\\\/twitter.com\\\/villasmilhfoto\"],\"url\":\"https:\\\/\\\/digital58.com.ve\\\/site\\\/author\\\/droopy_68\\\/\"}]}<\/script>\n<!-- \/ Yoast SEO plugin. -->","yoast_head_json":{"title":"La oposici\u00f3n venezolana rechaza estigmatizaci\u00f3n de connacionales en Colombia","description":"Venezuela","robots":{"index":"index","follow":"follow","max-snippet":"max-snippet:-1","max-image-preview":"max-image-preview:large","max-video-preview":"max-video-preview:-1"},"canonical":"https:\/\/digital58.com.ve\/site\/2021\/03\/12\/la-oposicion-venezolana-rechaza-estigmatizacion-de-connacionales-en-colombia\/","og_locale":"es_ES","og_type":"article","og_title":"La oposici\u00f3n venezolana rechaza estigmatizaci\u00f3n de connacionales en Colombia","og_description":"Venezuela","og_url":"https:\/\/digital58.com.ve\/site\/2021\/03\/12\/la-oposicion-venezolana-rechaza-estigmatizacion-de-connacionales-en-colombia\/","og_site_name":"Noticias Digital58","article_published_time":"2021-03-12T17:04:21+00:00","og_image":[{"width":1140,"height":530,"url":"https:\/\/digital58.com.ve\/site\/wp-content\/uploads\/2020\/06\/tomas-guanipa-1140x530-1.jpg","type":"image\/jpeg"}],"author":"Villasmil Henry","twitter_card":"summary_large_image","twitter_creator":"@https:\/\/twitter.com\/villasmilhfoto","twitter_site":"@villasmilhfoto","twitter_misc":{"Escrito por":"Villasmil Henry","Tiempo estimado de lectura":"2 minutos"},"schema":{"@context":"https:\/\/schema.org","@graph":[{"@type":"Article","@id":"https:\/\/digital58.com.ve\/site\/2021\/03\/12\/la-oposicion-venezolana-rechaza-estigmatizacion-de-connacionales-en-colombia\/#article","isPartOf":{"@id":"https:\/\/digital58.com.ve\/site\/2021\/03\/12\/la-oposicion-venezolana-rechaza-estigmatizacion-de-connacionales-en-colombia\/"},"author":{"name":"Villasmil Henry","@id":"https:\/\/digital58.com.ve\/site\/#\/schema\/person\/64d1c2e4d0d4fd1b849980c4331c2951"},"headline":"La oposici\u00f3n venezolana rechaza estigmatizaci\u00f3n de connacionales en Colombia","datePublished":"2021-03-12T17:04:21+00:00","mainEntityOfPage":{"@id":"https:\/\/digital58.com.ve\/site\/2021\/03\/12\/la-oposicion-venezolana-rechaza-estigmatizacion-de-connacionales-en-colombia\/"},"wordCount":396,"commentCount":0,"publisher":{"@id":"https:\/\/digital58.com.ve\/site\/#\/schema\/person\/64d1c2e4d0d4fd1b849980c4331c2951"},"image":{"@id":"https:\/\/digital58.com.ve\/site\/2021\/03\/12\/la-oposicion-venezolana-rechaza-estigmatizacion-de-connacionales-en-colombia\/#primaryimage"},"thumbnailUrl":"https:\/\/digital58.com.ve\/site\/wp-content\/uploads\/2020\/06\/tomas-guanipa-1140x530-1.jpg","keywords":["Alcaldesa de Bogot\u00e1","Claudia L\u00f3pez","Colombia","Denuncias","Estigmatizaci\u00f3n","Migraci\u00f3n venezolana","Oposici\u00f3n Venezolana","Tomas Guanipa","Venezolanos en el exterior","Venezuela","xenofobia"],"articleSection":["Venezuela"],"inLanguage":"es","potentialAction":[{"@type":"CommentAction","name":"Comment","target":["https:\/\/digital58.com.ve\/site\/2021\/03\/12\/la-oposicion-venezolana-rechaza-estigmatizacion-de-connacionales-en-colombia\/#respond"]}]},{"@type":"WebPage","@id":"https:\/\/digital58.com.ve\/site\/2021\/03\/12\/la-oposicion-venezolana-rechaza-estigmatizacion-de-connacionales-en-colombia\/","url":"https:\/\/digital58.com.ve\/site\/2021\/03\/12\/la-oposicion-venezolana-rechaza-estigmatizacion-de-connacionales-en-colombia\/","name":"La oposici\u00f3n venezolana rechaza estigmatizaci\u00f3n de connacionales en Colombia","isPartOf":{"@id":"https:\/\/digital58.com.ve\/site\/#website"},"primaryImageOfPage":{"@id":"https:\/\/digital58.com.ve\/site\/2021\/03\/12\/la-oposicion-venezolana-rechaza-estigmatizacion-de-connacionales-en-colombia\/#primaryimage"},"image":{"@id":"https:\/\/digital58.com.ve\/site\/2021\/03\/12\/la-oposicion-venezolana-rechaza-estigmatizacion-de-connacionales-en-colombia\/#primaryimage"},"thumbnailUrl":"https:\/\/digital58.com.ve\/site\/wp-content\/uploads\/2020\/06\/tomas-guanipa-1140x530-1.jpg","datePublished":"2021-03-12T17:04:21+00:00","description":"Venezuela","breadcrumb":{"@id":"https:\/\/digital58.com.ve\/site\/2021\/03\/12\/la-oposicion-venezolana-rechaza-estigmatizacion-de-connacionales-en-colombia\/#breadcrumb"},"inLanguage":"es","potentialAction":[{"@type":"ReadAction","target":["https:\/\/digital58.com.ve\/site\/2021\/03\/12\/la-oposicion-venezolana-rechaza-estigmatizacion-de-connacionales-en-colombia\/"]}]},{"@type":"ImageObject","inLanguage":"es","@id":"https:\/\/digital58.com.ve\/site\/2021\/03\/12\/la-oposicion-venezolana-rechaza-estigmatizacion-de-connacionales-en-colombia\/#primaryimage","url":"https:\/\/digital58.com.ve\/site\/wp-content\/uploads\/2020\/06\/tomas-guanipa-1140x530-1.jpg","contentUrl":"https:\/\/digital58.com.ve\/site\/wp-content\/uploads\/2020\/06\/tomas-guanipa-1140x530-1.jpg","width":800,"height":372},{"@type":"BreadcrumbList","@id":"https:\/\/digital58.com.ve\/site\/2021\/03\/12\/la-oposicion-venezolana-rechaza-estigmatizacion-de-connacionales-en-colombia\/#breadcrumb","itemListElement":[{"@type":"ListItem","position":1,"name":"Home","item":"https:\/\/digital58.com.ve\/site\/"},{"@type":"ListItem","position":2,"name":"La oposici\u00f3n venezolana rechaza estigmatizaci\u00f3n de connacionales en Colombia"}]},{"@type":"WebSite","@id":"https:\/\/digital58.com.ve\/site\/#website","url":"https:\/\/digital58.com.ve\/site\/","name":"Noticias Digital58","description":"Portal de Noticias \u00a1Periodismo web de verdad! Lanzamiento web 22.11.2005 \/ Maracaibo, Venezuela","publisher":{"@id":"https:\/\/digital58.com.ve\/site\/#\/schema\/person\/64d1c2e4d0d4fd1b849980c4331c2951"},"alternateName":"ND58","potentialAction":[{"@type":"SearchAction","target":{"@type":"EntryPoint","urlTemplate":"https:\/\/digital58.com.ve\/site\/?s={search_term_string}"},"query-input":{"@type":"PropertyValueSpecification","valueRequired":true,"valueName":"search_term_string"}}],"inLanguage":"es"},{"@type":["Person","Organization"],"@id":"https:\/\/digital58.com.ve\/site\/#\/schema\/person\/64d1c2e4d0d4fd1b849980c4331c2951","name":"Villasmil Henry","image":{"@type":"ImageObject","inLanguage":"es","@id":"https:\/\/secure.gravatar.com\/avatar\/bb0c4a2fcb7970138239f7e404ea75757b1b507b28b5ce4c53fbd62d797c5a7c?s=96&d=mm&r=g","url":"https:\/\/secure.gravatar.com\/avatar\/bb0c4a2fcb7970138239f7e404ea75757b1b507b28b5ce4c53fbd62d797c5a7c?s=96&d=mm&r=g","contentUrl":"https:\/\/secure.gravatar.com\/avatar\/bb0c4a2fcb7970138239f7e404ea75757b1b507b28b5ce4c53fbd62d797c5a7c?s=96&d=mm&r=g","caption":"Villasmil Henry"},"logo":{"@id":"https:\/\/secure.gravatar.com\/avatar\/bb0c4a2fcb7970138239f7e404ea75757b1b507b28b5ce4c53fbd62d797c5a7c?s=96&d=mm&r=g"},"sameAs":["http:\/\/www.henryvillasmil.com.ve","https:\/\/www.instagram.com\/villasmilhfoto\/","https:\/\/x.com\/https:\/\/twitter.com\/villasmilhfoto"],"url":"https:\/\/digital58.com.ve\/site\/author\/droopy_68\/"}]}},"uagb_featured_image_src":{"full":["https:\/\/digital58.com.ve\/site\/wp-content\/uploads\/2020\/06\/tomas-guanipa-1140x530-1.jpg",800,372,false],"thumbnail":["https:\/\/digital58.com.ve\/site\/wp-content\/uploads\/2020\/06\/tomas-guanipa-1140x530-1-150x150.jpg",150,150,true],"medium":["https:\/\/digital58.com.ve\/site\/wp-content\/uploads\/2020\/06\/tomas-guanipa-1140x530-1-300x139.jpg",300,139,true],"medium_large":["https:\/\/digital58.com.ve\/site\/wp-content\/uploads\/2020\/06\/tomas-guanipa-1140x530-1-768x357.jpg",768,357,true],"large":["https:\/\/digital58.com.ve\/site\/wp-content\/uploads\/2020\/06\/tomas-guanipa-1140x530-1.jpg",800,372,false],"1536x1536":["https:\/\/digital58.com.ve\/site\/wp-content\/uploads\/2020\/06\/tomas-guanipa-1140x530-1.jpg",800,372,false],"2048x2048":["https:\/\/digital58.com.ve\/site\/wp-content\/uploads\/2020\/06\/tomas-guanipa-1140x530-1.jpg",800,372,false],"colormag-highlighted-post":["https:\/\/digital58.com.ve\/site\/wp-content\/uploads\/2020\/06\/tomas-guanipa-1140x530-1.jpg",392,182,false],"colormag-featured-post-medium":["https:\/\/digital58.com.ve\/site\/wp-content\/uploads\/2020\/06\/tomas-guanipa-1140x530-1.jpg",390,181,false],"colormag-featured-post-small":["https:\/\/digital58.com.ve\/site\/wp-content\/uploads\/2020\/06\/tomas-guanipa-1140x530-1.jpg",130,60,false],"colormag-featured-image":["https:\/\/digital58.com.ve\/site\/wp-content\/uploads\/2020\/06\/tomas-guanipa-1140x530-1.jpg",800,372,false],"colormag-default-news":["https:\/\/digital58.com.ve\/site\/wp-content\/uploads\/2020\/06\/tomas-guanipa-1140x530-1.jpg",150,70,false],"colormag-featured-image-large":["https:\/\/digital58.com.ve\/site\/wp-content\/uploads\/2020\/06\/tomas-guanipa-1140x530-1.jpg",800,372,false]},"uagb_author_info":{"display_name":"Villasmil Henry","author_link":"https:\/\/digital58.com.ve\/site\/author\/droopy_68\/"},"uagb_comment_info":0,"uagb_excerpt":"La alcaldesa de Bogot\u00e1 ya hab\u00eda vinculado en otras ocasiones el aumento de la inseguridad en la capital con los","_links":{"self":[{"href":"https:\/\/digital58.com.ve\/site\/wp-json\/wp\/v2\/posts\/136428","targetHints":{"allow":["GET"]}}],"collection":[{"href":"https:\/\/digital58.com.ve\/site\/wp-json\/wp\/v2\/posts"}],"about":[{"href":"https:\/\/digital58.com.ve\/site\/wp-json\/wp\/v2\/types\/post"}],"author":[{"embeddable":true,"href":"https:\/\/digital58.com.ve\/site\/wp-json\/wp\/v2\/users\/1"}],"replies":[{"embeddable":true,"href":"https:\/\/digital58.com.ve\/site\/wp-json\/wp\/v2\/comments?post=136428"}],"version-history":[{"count":0,"href":"https:\/\/digital58.com.ve\/site\/wp-json\/wp\/v2\/posts\/136428\/revisions"}],"wp:featuredmedia":[{"embeddable":true,"href":"https:\/\/digital58.com.ve\/site\/wp-json\/wp\/v2\/media\/105181"}],"wp:attachment":[{"href":"https:\/\/digital58.com.ve\/site\/wp-json\/wp\/v2\/media?parent=136428"}],"wp:term":[{"taxonomy":"category","embeddable":true,"href":"https:\/\/digital58.com.ve\/site\/wp-json\/wp\/v2\/categories?post=136428"},{"taxonomy":"post_tag","embeddable":true,"href":"https:\/\/digital58.com.ve\/site\/wp-json\/wp\/v2\/tags?post=136428"}],"curies":[{"name":"wp","href":"https:\/\/api.w.org\/{rel}","templated":true}]}}