{"id":137116,"date":"2021-04-12T12:20:44","date_gmt":"2021-04-12T16:20:44","guid":{"rendered":"https:\/\/digital58.com.ve\/site\/?p=137116"},"modified":"2021-04-12T12:20:44","modified_gmt":"2021-04-12T16:20:44","slug":"omar-prieto-el-zulia-inicia-semana-de-flexibilizacion-bajo-estricta-supervision-para-contener-propagacion-de-contagios","status":"publish","type":"post","link":"https:\/\/digital58.com.ve\/site\/2021\/04\/12\/omar-prieto-el-zulia-inicia-semana-de-flexibilizacion-bajo-estricta-supervision-para-contener-propagacion-de-contagios\/","title":{"rendered":"Omar Prieto: \u00abEl Zulia inicia semana de flexibilizaci\u00f3n bajo estricta supervisi\u00f3n para contener propagaci\u00f3n de contagios\u00bb"},"content":{"rendered":"<p><a href=\"https:\/\/digital58.com.ve\/site\/wp-content\/uploads\/2021\/04\/omar-prieto.jpg\"><img loading=\"lazy\" decoding=\"async\" class=\"aligncenter size-full wp-image-137117\" src=\"https:\/\/digital58.com.ve\/site\/wp-content\/uploads\/2021\/04\/omar-prieto.jpg\" alt=\"\" width=\"900\" height=\"534\" srcset=\"https:\/\/digital58.com.ve\/site\/wp-content\/uploads\/2021\/04\/omar-prieto.jpg 800w, https:\/\/digital58.com.ve\/site\/wp-content\/uploads\/2021\/04\/omar-prieto-300x178.jpg 300w, https:\/\/digital58.com.ve\/site\/wp-content\/uploads\/2021\/04\/omar-prieto-768x456.jpg 768w\" sizes=\"auto, (max-width: 900px) 100vw, 900px\" \/><\/a><\/p>\n<p>El mandam\u00e1s regional resalt\u00f3 que desde el inicio de la pandemia se contabilizan 15 mil 382 casos de los cuales 14 mil 676 se han recuperados representando un 95 por de \u00e9xito en el tratamiento.<\/p>\n<p><strong>Maracaibo, Zulia, Venezuela, 12 de abril de 2021 (ND58).-<\/strong> El Gobernador Econ. Omar Prieto Fern\u00e1ndez, anunci\u00f3 este lunes que el estado Zulia comienza la semana de flexibilizaci\u00f3n establecida por el presidente Nicol\u00e1s Maduro cumpliendo estrictamente con las medidas de bioseguridad para garantizar la salud del pueblo. En este orden, inform\u00f3 que actualmente se registran 547 casos activos de la COVID-19 de los cuales 208 son sintom\u00e1ticos y 339 asintom\u00e1ticos.<\/p>\n<p>Detall\u00f3 el mandatario regional que los pacientes sintom\u00e1ticos se encuentran atendidos en su mayor\u00eda en la red hospitalaria del estado donde se garantizan todos los medicamentos y el tratamiento oportuno para superar el virus.<\/p>\n<p>Agreg\u00f3 que con el apoyo de los Intendentes municipales y parroquiales se mantendr\u00e1 un despliegue de supervisi\u00f3n para hacer cumplir las normas de bioseguridad establecidas por el estado en establecimientos comerciales autorizados para ejercer sus actividades.<\/p>\n<p>En otro orden de ideas, Prieto Fern\u00e1ndez se refiri\u00f3 al avance del plan quir\u00fargico que impulsa desde la plataforma comunicacional \u00abOmar a las 7\u00bb, enfatizando que durante la tercera semana de abril se tiene previsto atender 107 casos de diversas \u00edndole en los hospitales habilitados en la regi\u00f3n.<\/p>\n<p>A su vez, coment\u00f3 que el programa BanZulia se desplegar\u00e1 por Maracaibo para hacer entrega de medicamentos y continuar el proceso de vacunaci\u00f3n anticovid de los adultos mayores que tiene el objetivo de alcanzar 10 mil inmunizados.<\/p>\n<p>En materia educativa, afirm\u00f3 que el programa de Becas \u00abLuis H\u00f3mez\u00bb ya cuenta con 12 mil estudiantes y reanudar\u00e1 la entrega de carnet a los beneficiados esta semana: 13 y 14 de abril en el municipio San Francisco mientras que el jueves 15 y viernes 16 ser\u00e1 en Cabimas.<\/p>\n<p>En relaci\u00f3n al proceso de cedulaci\u00f3n infantil la m\u00e1xima autoridad en el estado explic\u00f3 que el Saime retoma las jornadas de cedulaci\u00f3n por primera vez con una nueva metodolog\u00eda de atenci\u00f3n por terminal de n\u00famero de c\u00e9dula del padre o representante en el horario comprendido de ocho de la ma\u00f1ana a una de la tarde, granizando la atenci\u00f3n de los usuarios en las 10 sedes de la instituci\u00f3n en el Zulia.<\/p>\n<p>Por otra parte, record\u00f3 que hoy 12 de abril se cumplen 19 a\u00f1os de la autoproclamaci\u00f3n de Pedro Carmona Estanga y la disoluci\u00f3n de todos los poderes p\u00fablicos tras el golpe de estado del 11 de abril. Sin embargo gracias a la presi\u00f3n del pueblo que sali\u00f3 a la calle y la dignidad de militares patriotas el Comandante Hugo Ch\u00e1vez retorn\u00f3 al poder. \u00abSal\u00ed a la calle a hacer pol\u00edtica el 12 de abril, un d\u00eda glorioso para la Patria y Venezuela y continuaremos al frente de esta lucha con el apoyo del pueblo venezolano en defensa de sus intereses\u00bb, puntualiz\u00f3.<\/p><div class=\"vjkxf69ec6b780d541\" ><p style=\"text-align: center;\"><a href=\"https:\/\/t.me\/noticiasdigital58\" target=\"_blank\" rel=\"noopener\"><img class=\"aligncenter size-full wp-image-125363\" src=\"https:\/\/digital58.com.ve\/site\/wp-content\/uploads\/2021\/04\/banner-telegram-web-2021.png\" alt=\"\" width=\"600\" height=\"90\" \/><\/a><\/p><\/div><style type=\"text\/css\">\r\n@media screen and (min-width: 1201px) {\r\n.vjkxf69ec6b780d541 {\r\ndisplay: block;\r\n}\r\n}\r\n@media screen and (min-width: 993px) and (max-width: 1200px) {\r\n.vjkxf69ec6b780d541 {\r\ndisplay: block;\r\n}\r\n}\r\n@media screen and (min-width: 769px) and (max-width: 992px) {\r\n.vjkxf69ec6b780d541 {\r\ndisplay: block;\r\n}\r\n}\r\n@media screen and (min-width: 768px) and (max-width: 768px) {\r\n.vjkxf69ec6b780d541 {\r\ndisplay: block;\r\n}\r\n}\r\n@media screen and (max-width: 767px) {\r\n.vjkxf69ec6b780d541 {\r\ndisplay: block;\r\n}\r\n}\r\n<\/style>\r\n\n<p><strong>Redacci\u00f3n ND58 | Fuente: V\u00edctor Paredes \/ Oipeez<\/strong><br \/>\n<strong>Edici\u00f3n: Villasmil, Henry<\/strong><br \/>\n<strong>Gr\u00e1fica: Cortes\u00eda Oipeez<\/strong><\/p>\n<div style=\"margin-top: 0px; margin-bottom: 0px;\" class=\"sharethis-inline-share-buttons\" ><\/div>","protected":false},"excerpt":{"rendered":"<p>El mandam\u00e1s regional resalt\u00f3 que desde el inicio de la pandemia se contabilizan 15 mil 382 casos de los cuales<\/p>\n","protected":false},"author":1,"featured_media":137117,"comment_status":"open","ping_status":"closed","sticky":false,"template":"","format":"standard","meta":{"colormag_page_container_layout":"default_layout","colormag_page_sidebar_layout":"default_layout","_uag_custom_page_level_css":"","footnotes":""},"categories":[14504],"tags":[13352,13648,13579,73,233,22941,15065,13723,2354,20001,32],"class_list":["post-137116","post","type-post","status-publish","format-standard","has-post-thumbnail","hentry","category-zulia","tag-coronavirus","tag-covid-19","tag-gobierno-del-zulia","tag-maracaibo","tag-nacionales","tag-omar-a-las-7","tag-omar-prieto-fernandez","tag-pandemia","tag-regionales","tag-semana-de-flexibilizacion","tag-venezuela"],"yoast_head":"<!-- This site is optimized with the Yoast SEO plugin v27.4 - https:\/\/yoast.com\/product\/yoast-seo-wordpress\/ -->\n<title>Omar Prieto: \u00abEl Zulia inicia semana de flexibilizaci\u00f3n bajo estricta supervisi\u00f3n para contener propagaci\u00f3n de contagios\u00bb<\/title>\n<meta name=\"description\" content=\"Zulia\" \/>\n<meta name=\"robots\" content=\"index, follow, max-snippet:-1, max-image-preview:large, max-video-preview:-1\" \/>\n<link rel=\"canonical\" href=\"https:\/\/digital58.com.ve\/site\/2021\/04\/12\/omar-prieto-el-zulia-inicia-semana-de-flexibilizacion-bajo-estricta-supervision-para-contener-propagacion-de-contagios\/\" \/>\n<meta property=\"og:locale\" content=\"es_ES\" \/>\n<meta property=\"og:type\" content=\"article\" \/>\n<meta property=\"og:title\" content=\"Omar Prieto: \u00abEl Zulia inicia semana de flexibilizaci\u00f3n bajo estricta supervisi\u00f3n para contener propagaci\u00f3n de contagios\u00bb\" \/>\n<meta property=\"og:description\" content=\"Zulia\" \/>\n<meta property=\"og:url\" content=\"https:\/\/digital58.com.ve\/site\/2021\/04\/12\/omar-prieto-el-zulia-inicia-semana-de-flexibilizacion-bajo-estricta-supervision-para-contener-propagacion-de-contagios\/\" \/>\n<meta property=\"og:site_name\" content=\"Noticias Digital58\" \/>\n<meta property=\"article:published_time\" content=\"2021-04-12T16:20:44+00:00\" \/>\n<meta property=\"og:image\" content=\"https:\/\/digital58.com.ve\/site\/wp-content\/uploads\/2021\/04\/omar-prieto.jpg\" \/>\n\t<meta property=\"og:image:width\" content=\"900\" \/>\n\t<meta property=\"og:image:height\" content=\"534\" \/>\n\t<meta property=\"og:image:type\" content=\"image\/jpeg\" \/>\n<meta name=\"author\" content=\"Villasmil Henry\" \/>\n<meta name=\"twitter:card\" content=\"summary_large_image\" \/>\n<meta name=\"twitter:creator\" content=\"@https:\/\/twitter.com\/villasmilhfoto\" \/>\n<meta name=\"twitter:site\" content=\"@villasmilhfoto\" \/>\n<meta name=\"twitter:label1\" content=\"Escrito por\" \/>\n\t<meta name=\"twitter:data1\" content=\"Villasmil Henry\" \/>\n\t<meta name=\"twitter:label2\" content=\"Tiempo estimado de lectura\" \/>\n\t<meta name=\"twitter:data2\" content=\"3 minutos\" \/>\n<script type=\"application\/ld+json\" class=\"yoast-schema-graph\">{\"@context\":\"https:\\\/\\\/schema.org\",\"@graph\":[{\"@type\":\"Article\",\"@id\":\"https:\\\/\\\/digital58.com.ve\\\/site\\\/2021\\\/04\\\/12\\\/omar-prieto-el-zulia-inicia-semana-de-flexibilizacion-bajo-estricta-supervision-para-contener-propagacion-de-contagios\\\/#article\",\"isPartOf\":{\"@id\":\"https:\\\/\\\/digital58.com.ve\\\/site\\\/2021\\\/04\\\/12\\\/omar-prieto-el-zulia-inicia-semana-de-flexibilizacion-bajo-estricta-supervision-para-contener-propagacion-de-contagios\\\/\"},\"author\":{\"name\":\"Villasmil Henry\",\"@id\":\"https:\\\/\\\/digital58.com.ve\\\/site\\\/#\\\/schema\\\/person\\\/64d1c2e4d0d4fd1b849980c4331c2951\"},\"headline\":\"Omar Prieto: \u00abEl Zulia inicia semana de flexibilizaci\u00f3n bajo estricta supervisi\u00f3n para contener propagaci\u00f3n de contagios\u00bb\",\"datePublished\":\"2021-04-12T16:20:44+00:00\",\"mainEntityOfPage\":{\"@id\":\"https:\\\/\\\/digital58.com.ve\\\/site\\\/2021\\\/04\\\/12\\\/omar-prieto-el-zulia-inicia-semana-de-flexibilizacion-bajo-estricta-supervision-para-contener-propagacion-de-contagios\\\/\"},\"wordCount\":527,\"commentCount\":0,\"publisher\":{\"@id\":\"https:\\\/\\\/digital58.com.ve\\\/site\\\/#\\\/schema\\\/person\\\/64d1c2e4d0d4fd1b849980c4331c2951\"},\"image\":{\"@id\":\"https:\\\/\\\/digital58.com.ve\\\/site\\\/2021\\\/04\\\/12\\\/omar-prieto-el-zulia-inicia-semana-de-flexibilizacion-bajo-estricta-supervision-para-contener-propagacion-de-contagios\\\/#primaryimage\"},\"thumbnailUrl\":\"https:\\\/\\\/digital58.com.ve\\\/site\\\/wp-content\\\/uploads\\\/2021\\\/04\\\/omar-prieto.jpg\",\"keywords\":[\"Coronavirus\",\"COVID-19\",\"Gobierno del Zulia\",\"Maracaibo\",\"Nacionales\",\"Omar a las 7\",\"Omar Prieto Fernandez\",\"Pandemia\",\"Regionales\",\"Semana de flexibilizaci\u00f3n\",\"Venezuela\"],\"articleSection\":[\"Zulia\"],\"inLanguage\":\"es\",\"potentialAction\":[{\"@type\":\"CommentAction\",\"name\":\"Comment\",\"target\":[\"https:\\\/\\\/digital58.com.ve\\\/site\\\/2021\\\/04\\\/12\\\/omar-prieto-el-zulia-inicia-semana-de-flexibilizacion-bajo-estricta-supervision-para-contener-propagacion-de-contagios\\\/#respond\"]}]},{\"@type\":\"WebPage\",\"@id\":\"https:\\\/\\\/digital58.com.ve\\\/site\\\/2021\\\/04\\\/12\\\/omar-prieto-el-zulia-inicia-semana-de-flexibilizacion-bajo-estricta-supervision-para-contener-propagacion-de-contagios\\\/\",\"url\":\"https:\\\/\\\/digital58.com.ve\\\/site\\\/2021\\\/04\\\/12\\\/omar-prieto-el-zulia-inicia-semana-de-flexibilizacion-bajo-estricta-supervision-para-contener-propagacion-de-contagios\\\/\",\"name\":\"Omar Prieto: \u00abEl Zulia inicia semana de flexibilizaci\u00f3n bajo estricta supervisi\u00f3n para contener propagaci\u00f3n de contagios\u00bb\",\"isPartOf\":{\"@id\":\"https:\\\/\\\/digital58.com.ve\\\/site\\\/#website\"},\"primaryImageOfPage\":{\"@id\":\"https:\\\/\\\/digital58.com.ve\\\/site\\\/2021\\\/04\\\/12\\\/omar-prieto-el-zulia-inicia-semana-de-flexibilizacion-bajo-estricta-supervision-para-contener-propagacion-de-contagios\\\/#primaryimage\"},\"image\":{\"@id\":\"https:\\\/\\\/digital58.com.ve\\\/site\\\/2021\\\/04\\\/12\\\/omar-prieto-el-zulia-inicia-semana-de-flexibilizacion-bajo-estricta-supervision-para-contener-propagacion-de-contagios\\\/#primaryimage\"},\"thumbnailUrl\":\"https:\\\/\\\/digital58.com.ve\\\/site\\\/wp-content\\\/uploads\\\/2021\\\/04\\\/omar-prieto.jpg\",\"datePublished\":\"2021-04-12T16:20:44+00:00\",\"description\":\"Zulia\",\"breadcrumb\":{\"@id\":\"https:\\\/\\\/digital58.com.ve\\\/site\\\/2021\\\/04\\\/12\\\/omar-prieto-el-zulia-inicia-semana-de-flexibilizacion-bajo-estricta-supervision-para-contener-propagacion-de-contagios\\\/#breadcrumb\"},\"inLanguage\":\"es\",\"potentialAction\":[{\"@type\":\"ReadAction\",\"target\":[\"https:\\\/\\\/digital58.com.ve\\\/site\\\/2021\\\/04\\\/12\\\/omar-prieto-el-zulia-inicia-semana-de-flexibilizacion-bajo-estricta-supervision-para-contener-propagacion-de-contagios\\\/\"]}]},{\"@type\":\"ImageObject\",\"inLanguage\":\"es\",\"@id\":\"https:\\\/\\\/digital58.com.ve\\\/site\\\/2021\\\/04\\\/12\\\/omar-prieto-el-zulia-inicia-semana-de-flexibilizacion-bajo-estricta-supervision-para-contener-propagacion-de-contagios\\\/#primaryimage\",\"url\":\"https:\\\/\\\/digital58.com.ve\\\/site\\\/wp-content\\\/uploads\\\/2021\\\/04\\\/omar-prieto.jpg\",\"contentUrl\":\"https:\\\/\\\/digital58.com.ve\\\/site\\\/wp-content\\\/uploads\\\/2021\\\/04\\\/omar-prieto.jpg\",\"width\":800,\"height\":475},{\"@type\":\"BreadcrumbList\",\"@id\":\"https:\\\/\\\/digital58.com.ve\\\/site\\\/2021\\\/04\\\/12\\\/omar-prieto-el-zulia-inicia-semana-de-flexibilizacion-bajo-estricta-supervision-para-contener-propagacion-de-contagios\\\/#breadcrumb\",\"itemListElement\":[{\"@type\":\"ListItem\",\"position\":1,\"name\":\"Home\",\"item\":\"https:\\\/\\\/digital58.com.ve\\\/site\\\/\"},{\"@type\":\"ListItem\",\"position\":2,\"name\":\"Omar Prieto: \u00abEl Zulia inicia semana de flexibilizaci\u00f3n bajo estricta supervisi\u00f3n para contener propagaci\u00f3n de contagios\u00bb\"}]},{\"@type\":\"WebSite\",\"@id\":\"https:\\\/\\\/digital58.com.ve\\\/site\\\/#website\",\"url\":\"https:\\\/\\\/digital58.com.ve\\\/site\\\/\",\"name\":\"Noticias Digital58\",\"description\":\"Portal de Noticias \u00a1Periodismo web de verdad! Lanzamiento web 22.11.2005 \\\/ Maracaibo, Venezuela\",\"publisher\":{\"@id\":\"https:\\\/\\\/digital58.com.ve\\\/site\\\/#\\\/schema\\\/person\\\/64d1c2e4d0d4fd1b849980c4331c2951\"},\"alternateName\":\"ND58\",\"potentialAction\":[{\"@type\":\"SearchAction\",\"target\":{\"@type\":\"EntryPoint\",\"urlTemplate\":\"https:\\\/\\\/digital58.com.ve\\\/site\\\/?s={search_term_string}\"},\"query-input\":{\"@type\":\"PropertyValueSpecification\",\"valueRequired\":true,\"valueName\":\"search_term_string\"}}],\"inLanguage\":\"es\"},{\"@type\":[\"Person\",\"Organization\"],\"@id\":\"https:\\\/\\\/digital58.com.ve\\\/site\\\/#\\\/schema\\\/person\\\/64d1c2e4d0d4fd1b849980c4331c2951\",\"name\":\"Villasmil Henry\",\"image\":{\"@type\":\"ImageObject\",\"inLanguage\":\"es\",\"@id\":\"https:\\\/\\\/secure.gravatar.com\\\/avatar\\\/bb0c4a2fcb7970138239f7e404ea75757b1b507b28b5ce4c53fbd62d797c5a7c?s=96&d=mm&r=g\",\"url\":\"https:\\\/\\\/secure.gravatar.com\\\/avatar\\\/bb0c4a2fcb7970138239f7e404ea75757b1b507b28b5ce4c53fbd62d797c5a7c?s=96&d=mm&r=g\",\"contentUrl\":\"https:\\\/\\\/secure.gravatar.com\\\/avatar\\\/bb0c4a2fcb7970138239f7e404ea75757b1b507b28b5ce4c53fbd62d797c5a7c?s=96&d=mm&r=g\",\"caption\":\"Villasmil Henry\"},\"logo\":{\"@id\":\"https:\\\/\\\/secure.gravatar.com\\\/avatar\\\/bb0c4a2fcb7970138239f7e404ea75757b1b507b28b5ce4c53fbd62d797c5a7c?s=96&d=mm&r=g\"},\"sameAs\":[\"http:\\\/\\\/www.henryvillasmil.com.ve\",\"https:\\\/\\\/www.instagram.com\\\/villasmilhfoto\\\/\",\"https:\\\/\\\/x.com\\\/https:\\\/\\\/twitter.com\\\/villasmilhfoto\"],\"url\":\"https:\\\/\\\/digital58.com.ve\\\/site\\\/author\\\/droopy_68\\\/\"}]}<\/script>\n<!-- \/ Yoast SEO plugin. -->","yoast_head_json":{"title":"Omar Prieto: \u00abEl Zulia inicia semana de flexibilizaci\u00f3n bajo estricta supervisi\u00f3n para contener propagaci\u00f3n de contagios\u00bb","description":"Zulia","robots":{"index":"index","follow":"follow","max-snippet":"max-snippet:-1","max-image-preview":"max-image-preview:large","max-video-preview":"max-video-preview:-1"},"canonical":"https:\/\/digital58.com.ve\/site\/2021\/04\/12\/omar-prieto-el-zulia-inicia-semana-de-flexibilizacion-bajo-estricta-supervision-para-contener-propagacion-de-contagios\/","og_locale":"es_ES","og_type":"article","og_title":"Omar Prieto: \u00abEl Zulia inicia semana de flexibilizaci\u00f3n bajo estricta supervisi\u00f3n para contener propagaci\u00f3n de contagios\u00bb","og_description":"Zulia","og_url":"https:\/\/digital58.com.ve\/site\/2021\/04\/12\/omar-prieto-el-zulia-inicia-semana-de-flexibilizacion-bajo-estricta-supervision-para-contener-propagacion-de-contagios\/","og_site_name":"Noticias Digital58","article_published_time":"2021-04-12T16:20:44+00:00","og_image":[{"width":900,"height":534,"url":"https:\/\/digital58.com.ve\/site\/wp-content\/uploads\/2021\/04\/omar-prieto.jpg","type":"image\/jpeg"}],"author":"Villasmil Henry","twitter_card":"summary_large_image","twitter_creator":"@https:\/\/twitter.com\/villasmilhfoto","twitter_site":"@villasmilhfoto","twitter_misc":{"Escrito por":"Villasmil Henry","Tiempo estimado de lectura":"3 minutos"},"schema":{"@context":"https:\/\/schema.org","@graph":[{"@type":"Article","@id":"https:\/\/digital58.com.ve\/site\/2021\/04\/12\/omar-prieto-el-zulia-inicia-semana-de-flexibilizacion-bajo-estricta-supervision-para-contener-propagacion-de-contagios\/#article","isPartOf":{"@id":"https:\/\/digital58.com.ve\/site\/2021\/04\/12\/omar-prieto-el-zulia-inicia-semana-de-flexibilizacion-bajo-estricta-supervision-para-contener-propagacion-de-contagios\/"},"author":{"name":"Villasmil Henry","@id":"https:\/\/digital58.com.ve\/site\/#\/schema\/person\/64d1c2e4d0d4fd1b849980c4331c2951"},"headline":"Omar Prieto: \u00abEl Zulia inicia semana de flexibilizaci\u00f3n bajo estricta supervisi\u00f3n para contener propagaci\u00f3n de contagios\u00bb","datePublished":"2021-04-12T16:20:44+00:00","mainEntityOfPage":{"@id":"https:\/\/digital58.com.ve\/site\/2021\/04\/12\/omar-prieto-el-zulia-inicia-semana-de-flexibilizacion-bajo-estricta-supervision-para-contener-propagacion-de-contagios\/"},"wordCount":527,"commentCount":0,"publisher":{"@id":"https:\/\/digital58.com.ve\/site\/#\/schema\/person\/64d1c2e4d0d4fd1b849980c4331c2951"},"image":{"@id":"https:\/\/digital58.com.ve\/site\/2021\/04\/12\/omar-prieto-el-zulia-inicia-semana-de-flexibilizacion-bajo-estricta-supervision-para-contener-propagacion-de-contagios\/#primaryimage"},"thumbnailUrl":"https:\/\/digital58.com.ve\/site\/wp-content\/uploads\/2021\/04\/omar-prieto.jpg","keywords":["Coronavirus","COVID-19","Gobierno del Zulia","Maracaibo","Nacionales","Omar a las 7","Omar Prieto Fernandez","Pandemia","Regionales","Semana de flexibilizaci\u00f3n","Venezuela"],"articleSection":["Zulia"],"inLanguage":"es","potentialAction":[{"@type":"CommentAction","name":"Comment","target":["https:\/\/digital58.com.ve\/site\/2021\/04\/12\/omar-prieto-el-zulia-inicia-semana-de-flexibilizacion-bajo-estricta-supervision-para-contener-propagacion-de-contagios\/#respond"]}]},{"@type":"WebPage","@id":"https:\/\/digital58.com.ve\/site\/2021\/04\/12\/omar-prieto-el-zulia-inicia-semana-de-flexibilizacion-bajo-estricta-supervision-para-contener-propagacion-de-contagios\/","url":"https:\/\/digital58.com.ve\/site\/2021\/04\/12\/omar-prieto-el-zulia-inicia-semana-de-flexibilizacion-bajo-estricta-supervision-para-contener-propagacion-de-contagios\/","name":"Omar Prieto: \u00abEl Zulia inicia semana de flexibilizaci\u00f3n bajo estricta supervisi\u00f3n para contener propagaci\u00f3n de contagios\u00bb","isPartOf":{"@id":"https:\/\/digital58.com.ve\/site\/#website"},"primaryImageOfPage":{"@id":"https:\/\/digital58.com.ve\/site\/2021\/04\/12\/omar-prieto-el-zulia-inicia-semana-de-flexibilizacion-bajo-estricta-supervision-para-contener-propagacion-de-contagios\/#primaryimage"},"image":{"@id":"https:\/\/digital58.com.ve\/site\/2021\/04\/12\/omar-prieto-el-zulia-inicia-semana-de-flexibilizacion-bajo-estricta-supervision-para-contener-propagacion-de-contagios\/#primaryimage"},"thumbnailUrl":"https:\/\/digital58.com.ve\/site\/wp-content\/uploads\/2021\/04\/omar-prieto.jpg","datePublished":"2021-04-12T16:20:44+00:00","description":"Zulia","breadcrumb":{"@id":"https:\/\/digital58.com.ve\/site\/2021\/04\/12\/omar-prieto-el-zulia-inicia-semana-de-flexibilizacion-bajo-estricta-supervision-para-contener-propagacion-de-contagios\/#breadcrumb"},"inLanguage":"es","potentialAction":[{"@type":"ReadAction","target":["https:\/\/digital58.com.ve\/site\/2021\/04\/12\/omar-prieto-el-zulia-inicia-semana-de-flexibilizacion-bajo-estricta-supervision-para-contener-propagacion-de-contagios\/"]}]},{"@type":"ImageObject","inLanguage":"es","@id":"https:\/\/digital58.com.ve\/site\/2021\/04\/12\/omar-prieto-el-zulia-inicia-semana-de-flexibilizacion-bajo-estricta-supervision-para-contener-propagacion-de-contagios\/#primaryimage","url":"https:\/\/digital58.com.ve\/site\/wp-content\/uploads\/2021\/04\/omar-prieto.jpg","contentUrl":"https:\/\/digital58.com.ve\/site\/wp-content\/uploads\/2021\/04\/omar-prieto.jpg","width":800,"height":475},{"@type":"BreadcrumbList","@id":"https:\/\/digital58.com.ve\/site\/2021\/04\/12\/omar-prieto-el-zulia-inicia-semana-de-flexibilizacion-bajo-estricta-supervision-para-contener-propagacion-de-contagios\/#breadcrumb","itemListElement":[{"@type":"ListItem","position":1,"name":"Home","item":"https:\/\/digital58.com.ve\/site\/"},{"@type":"ListItem","position":2,"name":"Omar Prieto: \u00abEl Zulia inicia semana de flexibilizaci\u00f3n bajo estricta supervisi\u00f3n para contener propagaci\u00f3n de contagios\u00bb"}]},{"@type":"WebSite","@id":"https:\/\/digital58.com.ve\/site\/#website","url":"https:\/\/digital58.com.ve\/site\/","name":"Noticias Digital58","description":"Portal de Noticias \u00a1Periodismo web de verdad! Lanzamiento web 22.11.2005 \/ Maracaibo, Venezuela","publisher":{"@id":"https:\/\/digital58.com.ve\/site\/#\/schema\/person\/64d1c2e4d0d4fd1b849980c4331c2951"},"alternateName":"ND58","potentialAction":[{"@type":"SearchAction","target":{"@type":"EntryPoint","urlTemplate":"https:\/\/digital58.com.ve\/site\/?s={search_term_string}"},"query-input":{"@type":"PropertyValueSpecification","valueRequired":true,"valueName":"search_term_string"}}],"inLanguage":"es"},{"@type":["Person","Organization"],"@id":"https:\/\/digital58.com.ve\/site\/#\/schema\/person\/64d1c2e4d0d4fd1b849980c4331c2951","name":"Villasmil Henry","image":{"@type":"ImageObject","inLanguage":"es","@id":"https:\/\/secure.gravatar.com\/avatar\/bb0c4a2fcb7970138239f7e404ea75757b1b507b28b5ce4c53fbd62d797c5a7c?s=96&d=mm&r=g","url":"https:\/\/secure.gravatar.com\/avatar\/bb0c4a2fcb7970138239f7e404ea75757b1b507b28b5ce4c53fbd62d797c5a7c?s=96&d=mm&r=g","contentUrl":"https:\/\/secure.gravatar.com\/avatar\/bb0c4a2fcb7970138239f7e404ea75757b1b507b28b5ce4c53fbd62d797c5a7c?s=96&d=mm&r=g","caption":"Villasmil Henry"},"logo":{"@id":"https:\/\/secure.gravatar.com\/avatar\/bb0c4a2fcb7970138239f7e404ea75757b1b507b28b5ce4c53fbd62d797c5a7c?s=96&d=mm&r=g"},"sameAs":["http:\/\/www.henryvillasmil.com.ve","https:\/\/www.instagram.com\/villasmilhfoto\/","https:\/\/x.com\/https:\/\/twitter.com\/villasmilhfoto"],"url":"https:\/\/digital58.com.ve\/site\/author\/droopy_68\/"}]}},"uagb_featured_image_src":{"full":["https:\/\/digital58.com.ve\/site\/wp-content\/uploads\/2021\/04\/omar-prieto.jpg",800,475,false],"thumbnail":["https:\/\/digital58.com.ve\/site\/wp-content\/uploads\/2021\/04\/omar-prieto-150x150.jpg",150,150,true],"medium":["https:\/\/digital58.com.ve\/site\/wp-content\/uploads\/2021\/04\/omar-prieto-300x178.jpg",300,178,true],"medium_large":["https:\/\/digital58.com.ve\/site\/wp-content\/uploads\/2021\/04\/omar-prieto-768x456.jpg",768,456,true],"large":["https:\/\/digital58.com.ve\/site\/wp-content\/uploads\/2021\/04\/omar-prieto.jpg",800,475,false],"1536x1536":["https:\/\/digital58.com.ve\/site\/wp-content\/uploads\/2021\/04\/omar-prieto.jpg",800,475,false],"2048x2048":["https:\/\/digital58.com.ve\/site\/wp-content\/uploads\/2021\/04\/omar-prieto.jpg",800,475,false],"colormag-highlighted-post":["https:\/\/digital58.com.ve\/site\/wp-content\/uploads\/2021\/04\/omar-prieto.jpg",392,233,false],"colormag-featured-post-medium":["https:\/\/digital58.com.ve\/site\/wp-content\/uploads\/2021\/04\/omar-prieto.jpg",345,205,false],"colormag-featured-post-small":["https:\/\/digital58.com.ve\/site\/wp-content\/uploads\/2021\/04\/omar-prieto.jpg",130,77,false],"colormag-featured-image":["https:\/\/digital58.com.ve\/site\/wp-content\/uploads\/2021\/04\/omar-prieto.jpg",749,445,false],"colormag-default-news":["https:\/\/digital58.com.ve\/site\/wp-content\/uploads\/2021\/04\/omar-prieto.jpg",150,89,false],"colormag-featured-image-large":["https:\/\/digital58.com.ve\/site\/wp-content\/uploads\/2021\/04\/omar-prieto.jpg",800,475,false]},"uagb_author_info":{"display_name":"Villasmil Henry","author_link":"https:\/\/digital58.com.ve\/site\/author\/droopy_68\/"},"uagb_comment_info":0,"uagb_excerpt":"El mandam\u00e1s regional resalt\u00f3 que desde el inicio de la pandemia se contabilizan 15 mil 382 casos de los cuales","_links":{"self":[{"href":"https:\/\/digital58.com.ve\/site\/wp-json\/wp\/v2\/posts\/137116","targetHints":{"allow":["GET"]}}],"collection":[{"href":"https:\/\/digital58.com.ve\/site\/wp-json\/wp\/v2\/posts"}],"about":[{"href":"https:\/\/digital58.com.ve\/site\/wp-json\/wp\/v2\/types\/post"}],"author":[{"embeddable":true,"href":"https:\/\/digital58.com.ve\/site\/wp-json\/wp\/v2\/users\/1"}],"replies":[{"embeddable":true,"href":"https:\/\/digital58.com.ve\/site\/wp-json\/wp\/v2\/comments?post=137116"}],"version-history":[{"count":0,"href":"https:\/\/digital58.com.ve\/site\/wp-json\/wp\/v2\/posts\/137116\/revisions"}],"wp:featuredmedia":[{"embeddable":true,"href":"https:\/\/digital58.com.ve\/site\/wp-json\/wp\/v2\/media\/137117"}],"wp:attachment":[{"href":"https:\/\/digital58.com.ve\/site\/wp-json\/wp\/v2\/media?parent=137116"}],"wp:term":[{"taxonomy":"category","embeddable":true,"href":"https:\/\/digital58.com.ve\/site\/wp-json\/wp\/v2\/categories?post=137116"},{"taxonomy":"post_tag","embeddable":true,"href":"https:\/\/digital58.com.ve\/site\/wp-json\/wp\/v2\/tags?post=137116"}],"curies":[{"name":"wp","href":"https:\/\/api.w.org\/{rel}","templated":true}]}}