{"id":137119,"date":"2021-04-12T12:48:03","date_gmt":"2021-04-12T16:48:03","guid":{"rendered":"https:\/\/digital58.com.ve\/site\/?p=137119"},"modified":"2021-04-12T12:48:03","modified_gmt":"2021-04-12T16:48:03","slug":"lideres-de-formaciones-espanolas-destacan-al-pcch-como-un-partido-del-pueblo","status":"publish","type":"post","link":"https:\/\/digital58.com.ve\/site\/2021\/04\/12\/lideres-de-formaciones-espanolas-destacan-al-pcch-como-un-partido-del-pueblo\/","title":{"rendered":"L\u00edderes de formaciones espa\u00f1olas destacan al PCCh como un partido del pueblo"},"content":{"rendered":"<p><a href=\"https:\/\/digital58.com.ve\/site\/wp-content\/uploads\/2021\/04\/Maria-Teresa-Mola.jpg\"><img loading=\"lazy\" decoding=\"async\" class=\"aligncenter size-full wp-image-137120\" src=\"https:\/\/digital58.com.ve\/site\/wp-content\/uploads\/2021\/04\/Maria-Teresa-Mola.jpg\" alt=\"\" width=\"898\" height=\"597\" srcset=\"https:\/\/digital58.com.ve\/site\/wp-content\/uploads\/2021\/04\/Maria-Teresa-Mola.jpg 800w, https:\/\/digital58.com.ve\/site\/wp-content\/uploads\/2021\/04\/Maria-Teresa-Mola-300x199.jpg 300w, https:\/\/digital58.com.ve\/site\/wp-content\/uploads\/2021\/04\/Maria-Teresa-Mola-768x511.jpg 768w, https:\/\/digital58.com.ve\/site\/wp-content\/uploads\/2021\/04\/Maria-Teresa-Mola-720x480.jpg 720w, https:\/\/digital58.com.ve\/site\/wp-content\/uploads\/2021\/04\/Maria-Teresa-Mola-480x320.jpg 480w\" sizes=\"auto, (max-width: 898px) 100vw, 898px\" \/><\/a><\/p>\n<p>La vicepresidenta del PIE, valora los trabajos que ha hecho China en el tema de las vacunas y otras ayudas y la cooperaci\u00f3n que est\u00e1 haciendo en Am\u00e9rica Latina y \u00c1frica.<\/p>\n<p><strong>Internacionales, 12 de abril de 2021 (ND58).-<\/strong> La vicepresidenta del Partido de la Izquierda Europea (PIE) Mar\u00eda Teresa Mola asegura que en las seis visitas que realiz\u00f3 a China entre 2008 y 2018 percibe que el pa\u00eds asi\u00e1tico ha vivido no diez sino cien a\u00f1os de progreso gracias al concepto de servir al pueblo, estructurado por el Partido Comunista de China (PCCh).<\/p>\n<p>La tambi\u00e9n miembro de Izquierda Unida y el presidente del Partido Comunista de Espa\u00f1a (PCE), Jos\u00e9 Luis Centella, atendieron desde Pamplona y M\u00e1laga, Espa\u00f1a, una entrevista en l\u00ednea con periodistas de Xinhua radicados en Beijing.<\/p>\n<p>Escuchando las valoraciones de Mola sobre los cambios y logros en China, Centella, quien tambi\u00e9n ha realizado varias veces visitas a China, se hizo eco de las palabras de su colega.<\/p>\n<p>En su opini\u00f3n, los cambios que China ha conseguido durante las \u00faltimas d\u00e9cadas se deben a las pol\u00edticas tomadas por el PCCh, incluido el proceso de reforma y apertura.<\/p>\n<p>Observ\u00f3 que en su primera visita not\u00f3 que el gran objetivo de las personas que habitan la zona rural china era irse a la capital, pero en su \u00faltima visita al pa\u00eds asi\u00e1tico en noviembre de 2019 vio que \u00abya hay perspectiva de asentamiento de personas que quieren vivir y trabajar en el mundo rural. Son fruto tambi\u00e9n de la mejora de vida y de servicios en la zona rural\u00bb.<\/p>\n<p>\u00abHe visto mucha vitalidad de la gente en la calle. Es una juventud muy activa y sobre todo he visto grandes avances en el mundo rural\u00bb, se\u00f1ala.<\/p>\n<p>Hablando sobre el desarrollo en China, Centella destaca que el pa\u00eds ha logrado grandes \u00e9xitos, incluido la lucha contra la pobreza, la protecci\u00f3n del medio ambiente, el desarrollo econ\u00f3mico y sobre todo el combate contra la pandemia de la COVID-19.<\/p>\n<p>El presidente del PCE consider\u00f3 que \u00abestos \u00e9xitos no se los ha regalado nadie, sino que han sido logrados gracias a los aciertos de los dirigentes, a la capacidad del Partido Comunista de China para liderar al pueblo\u00bb.<\/p>\n<p>Para Centella, el secreto del PCCh es que en sus cien a\u00f1os de funcionamiento se ha mostrado din\u00e1mico, \u00absiempre ha estado ligado al pueblo, siempre ha sido el partido del pueblo, el dinamismo del Partido Comunista Chino es el dinamismo del pueblo de China\u00bb.<\/p>\n<p>Mola, igualmente miembro del Partido Comunista de Espa\u00f1a, coincide con Centella en sus observaciones sobre la filosof\u00eda de desarrollo del PCCh enfocada en servir al pueblo.<\/p>\n<p>Ella rescata la frase \u00abpor el bien de mi pueblo dejar\u00e9 de lado mi propio bienestar\u00bb, declaraciones hechas por el presidente chino, Xi Jinping, al contestar una pregunta del presidente de la C\u00e1mara de Diputados de Italia, Roberto Fico, en una visita al pa\u00eds europeo en marzo de 2019.<\/p>\n<p>Mola valora que esa frase es exactamente la encarnaci\u00f3n del concepto de servir al pueblo, estructurado por el PCCh. Seg\u00fan la activista, las pol\u00edticas implementadas por China han contribuido a construir un mundo multipolar.<\/p>\n<p>China \u00abaplica el socialismo con caracter\u00edsticas chinas a un profundo respeto a la independencia y a las decisiones del resto de los pa\u00edses\u00bb, a\u00f1ade Mola, que quiere \u00abfelicitar profundamente a esta combinaci\u00f3n, de lo que se hace en el pa\u00eds con el enorme respeto hacia afuera en la construcci\u00f3n de un mundo multipolar\u00bb.<\/p>\n<p>Destac\u00f3 que la frase del presidente chino, \u00abpor el bien de mi pueblo dejar\u00e9 de lado mi propio bienestar\u00bb tiene plena vigencia en 2021.<\/p>\n<p>Durante la entrevista, se ve en la estanter\u00eda, a espaldas de Centella, unos libros relacionados con China incluido dos vol\u00famenes de \u00abXi Jinping: La gobernaci\u00f3n y administraci\u00f3n de China\u00bb.<\/p>\n<p>\u00abNo solamente yo, sino el Partido Comunista de Espa\u00f1a, seguimos las aportaciones del presidente Xi Jinping al pensamiento pol\u00edtico internacional\u00bb, acota Centella.<\/p>\n<p>El l\u00edder del PCE destac\u00f3 la importancia que tiene el pensamiento del presidente Xi Jinping al desarrollo de una pol\u00edtica en el siglo 21.<\/p>\n<p>Observa que el PCCh presta importancia a los intereses fundamentales del pueblo en la elaboraci\u00f3n y la orientaci\u00f3n pol\u00edtica de la misma formaci\u00f3n. \u00abDe esta manera (se puede) conseguir que el Partido Comunista de China sea realmente el partido del pueblo, algo que se ha visto claramente en la pandemia\u00bb.<\/p>\n<p>A su vez, Mola prest\u00f3 mucha atenci\u00f3n a las importantes exposiciones del l\u00edder chino sobre el fortalecimiento del liderazgo del partido, y la igualdad de las minor\u00edas \u00e9tnicas y de g\u00e9nero.<\/p>\n<p>Mola, quien ha le\u00eddo los dos primeros vol\u00famenes de la obra de Xi comenta que \u00abes cierto que hacen reflexionar mucho sobre la modernizaci\u00f3n del pensamiento marxista, del pensamiento socialista chino. Creo que es un avance muy importante\u00bb.<\/p>\n<p>En su opini\u00f3n, el tema de fortalecer el liderazgo es esencial en 2021, a\u00f1o en el que todav\u00eda el mundo enfrenta la pandemia.<\/p>\n<p>Desde el punto de vista de Centella, la pandemia ha demostrado a la humanidad que una crisis de esta naturaleza no puede resolverse desde un solo pa\u00eds y al mismo tiempo refleja la necesidad de la propuesta china de construir un futuro compartido para la humanidad y la relevancia de la iniciativa china de la Franja y la Ruta.<\/p>\n<p>\u00abPorque el virus y las enfermedades no respetan fronteras, y por tanto es muy importante poner en valores ese proyecto, esa propuesta de construir un futuro compartido para la humanidad\u00bb.<\/p>\n<p>Al final ambos pol\u00edticos espa\u00f1oles destacan que la propuesta presentada por el l\u00edder chino ha demostrado al mundo que los pa\u00edses pueden compartir los frutos del desarrollo y construir juntos un mundo mejor.<\/p><div class=\"hjizs69ee36a8a0d48\" ><p style=\"text-align: center;\"><a href=\"https:\/\/t.me\/noticiasdigital58\" target=\"_blank\" rel=\"noopener\"><img class=\"aligncenter size-full wp-image-125363\" src=\"https:\/\/digital58.com.ve\/site\/wp-content\/uploads\/2021\/04\/banner-telegram-web-2021.png\" alt=\"\" width=\"600\" height=\"90\" \/><\/a><\/p><\/div><style type=\"text\/css\">\r\n@media screen and (min-width: 1201px) {\r\n.hjizs69ee36a8a0d48 {\r\ndisplay: block;\r\n}\r\n}\r\n@media screen and (min-width: 993px) and (max-width: 1200px) {\r\n.hjizs69ee36a8a0d48 {\r\ndisplay: block;\r\n}\r\n}\r\n@media screen and (min-width: 769px) and (max-width: 992px) {\r\n.hjizs69ee36a8a0d48 {\r\ndisplay: block;\r\n}\r\n}\r\n@media screen and (min-width: 768px) and (max-width: 768px) {\r\n.hjizs69ee36a8a0d48 {\r\ndisplay: block;\r\n}\r\n}\r\n@media screen and (max-width: 767px) {\r\n.hjizs69ee36a8a0d48 {\r\ndisplay: block;\r\n}\r\n}\r\n<\/style>\r\n\n<p><strong>Redacci\u00f3n ND58 | Fuente: Xinhua<\/strong><br \/>\n<strong>Edici\u00f3n: Villasmil, Henry<\/strong><br \/>\n<strong>Gr\u00e1fica: Archivo<\/strong><\/p>\n<div style=\"margin-top: 0px; margin-bottom: 0px;\" class=\"sharethis-inline-share-buttons\" ><\/div>","protected":false},"excerpt":{"rendered":"<p>La vicepresidenta del PIE, valora los trabajos que ha hecho China en el tema de las vacunas y otras ayudas<\/p>\n","protected":false},"author":1,"featured_media":137120,"comment_status":"open","ping_status":"closed","sticky":false,"template":"","format":"standard","meta":{"colormag_page_container_layout":"default_layout","colormag_page_sidebar_layout":"default_layout","_uag_custom_page_level_css":"","footnotes":""},"categories":[16451],"tags":[14247,1793,115,8,23461,23238,23464,23462,23237,23465,23463],"class_list":["post-137119","post","type-post","status-publish","format-standard","has-post-thumbnail","hentry","category-mundo","tag-beijing","tag-china","tag-espana","tag-internacionales","tag-maria-teresa-mola","tag-partido-comunista-de-china","tag-partido-comunista-de-espana","tag-partido-de-la-izquierda-europea","tag-pcch","tag-pce","tag-pie"],"yoast_head":"<!-- This site is optimized with the Yoast SEO plugin v27.4 - https:\/\/yoast.com\/product\/yoast-seo-wordpress\/ -->\n<title>L\u00edderes de formaciones espa\u00f1olas destacan al PCCh como un partido del pueblo<\/title>\n<meta name=\"description\" content=\"Mundo\" \/>\n<meta name=\"robots\" content=\"index, follow, max-snippet:-1, max-image-preview:large, max-video-preview:-1\" \/>\n<link rel=\"canonical\" href=\"https:\/\/digital58.com.ve\/site\/2021\/04\/12\/lideres-de-formaciones-espanolas-destacan-al-pcch-como-un-partido-del-pueblo\/\" \/>\n<meta property=\"og:locale\" content=\"es_ES\" \/>\n<meta property=\"og:type\" content=\"article\" \/>\n<meta property=\"og:title\" content=\"L\u00edderes de formaciones espa\u00f1olas destacan al PCCh como un partido del pueblo\" \/>\n<meta property=\"og:description\" content=\"Mundo\" \/>\n<meta property=\"og:url\" content=\"https:\/\/digital58.com.ve\/site\/2021\/04\/12\/lideres-de-formaciones-espanolas-destacan-al-pcch-como-un-partido-del-pueblo\/\" \/>\n<meta property=\"og:site_name\" content=\"Noticias Digital58\" \/>\n<meta property=\"article:published_time\" content=\"2021-04-12T16:48:03+00:00\" \/>\n<meta property=\"og:image\" content=\"https:\/\/digital58.com.ve\/site\/wp-content\/uploads\/2021\/04\/Maria-Teresa-Mola.jpg\" \/>\n\t<meta property=\"og:image:width\" content=\"898\" \/>\n\t<meta property=\"og:image:height\" content=\"597\" \/>\n\t<meta property=\"og:image:type\" content=\"image\/jpeg\" \/>\n<meta name=\"author\" content=\"Villasmil Henry\" \/>\n<meta name=\"twitter:card\" content=\"summary_large_image\" \/>\n<meta name=\"twitter:creator\" content=\"@https:\/\/twitter.com\/villasmilhfoto\" \/>\n<meta name=\"twitter:site\" content=\"@villasmilhfoto\" \/>\n<meta name=\"twitter:label1\" content=\"Escrito por\" \/>\n\t<meta name=\"twitter:data1\" content=\"Villasmil Henry\" \/>\n\t<meta name=\"twitter:label2\" content=\"Tiempo estimado de lectura\" \/>\n\t<meta name=\"twitter:data2\" content=\"5 minutos\" \/>\n<script type=\"application\/ld+json\" class=\"yoast-schema-graph\">{\"@context\":\"https:\\\/\\\/schema.org\",\"@graph\":[{\"@type\":\"Article\",\"@id\":\"https:\\\/\\\/digital58.com.ve\\\/site\\\/2021\\\/04\\\/12\\\/lideres-de-formaciones-espanolas-destacan-al-pcch-como-un-partido-del-pueblo\\\/#article\",\"isPartOf\":{\"@id\":\"https:\\\/\\\/digital58.com.ve\\\/site\\\/2021\\\/04\\\/12\\\/lideres-de-formaciones-espanolas-destacan-al-pcch-como-un-partido-del-pueblo\\\/\"},\"author\":{\"name\":\"Villasmil Henry\",\"@id\":\"https:\\\/\\\/digital58.com.ve\\\/site\\\/#\\\/schema\\\/person\\\/64d1c2e4d0d4fd1b849980c4331c2951\"},\"headline\":\"L\u00edderes de formaciones espa\u00f1olas destacan al PCCh como un partido del pueblo\",\"datePublished\":\"2021-04-12T16:48:03+00:00\",\"mainEntityOfPage\":{\"@id\":\"https:\\\/\\\/digital58.com.ve\\\/site\\\/2021\\\/04\\\/12\\\/lideres-de-formaciones-espanolas-destacan-al-pcch-como-un-partido-del-pueblo\\\/\"},\"wordCount\":1014,\"commentCount\":0,\"publisher\":{\"@id\":\"https:\\\/\\\/digital58.com.ve\\\/site\\\/#\\\/schema\\\/person\\\/64d1c2e4d0d4fd1b849980c4331c2951\"},\"image\":{\"@id\":\"https:\\\/\\\/digital58.com.ve\\\/site\\\/2021\\\/04\\\/12\\\/lideres-de-formaciones-espanolas-destacan-al-pcch-como-un-partido-del-pueblo\\\/#primaryimage\"},\"thumbnailUrl\":\"https:\\\/\\\/digital58.com.ve\\\/site\\\/wp-content\\\/uploads\\\/2021\\\/04\\\/Maria-Teresa-Mola.jpg\",\"keywords\":[\"Beijing\",\"China\",\"Espa\u00f1a\",\"Internacionales\",\"Mar\u00eda Teresa Mola\",\"Partido Comunista de China\",\"Partido Comunista de Espa\u00f1a\",\"Partido de la Izquierda Europea\",\"PCCh\",\"PCE\",\"PIE\"],\"articleSection\":[\"Mundo\"],\"inLanguage\":\"es\",\"potentialAction\":[{\"@type\":\"CommentAction\",\"name\":\"Comment\",\"target\":[\"https:\\\/\\\/digital58.com.ve\\\/site\\\/2021\\\/04\\\/12\\\/lideres-de-formaciones-espanolas-destacan-al-pcch-como-un-partido-del-pueblo\\\/#respond\"]}]},{\"@type\":\"WebPage\",\"@id\":\"https:\\\/\\\/digital58.com.ve\\\/site\\\/2021\\\/04\\\/12\\\/lideres-de-formaciones-espanolas-destacan-al-pcch-como-un-partido-del-pueblo\\\/\",\"url\":\"https:\\\/\\\/digital58.com.ve\\\/site\\\/2021\\\/04\\\/12\\\/lideres-de-formaciones-espanolas-destacan-al-pcch-como-un-partido-del-pueblo\\\/\",\"name\":\"L\u00edderes de formaciones espa\u00f1olas destacan al PCCh como un partido del pueblo\",\"isPartOf\":{\"@id\":\"https:\\\/\\\/digital58.com.ve\\\/site\\\/#website\"},\"primaryImageOfPage\":{\"@id\":\"https:\\\/\\\/digital58.com.ve\\\/site\\\/2021\\\/04\\\/12\\\/lideres-de-formaciones-espanolas-destacan-al-pcch-como-un-partido-del-pueblo\\\/#primaryimage\"},\"image\":{\"@id\":\"https:\\\/\\\/digital58.com.ve\\\/site\\\/2021\\\/04\\\/12\\\/lideres-de-formaciones-espanolas-destacan-al-pcch-como-un-partido-del-pueblo\\\/#primaryimage\"},\"thumbnailUrl\":\"https:\\\/\\\/digital58.com.ve\\\/site\\\/wp-content\\\/uploads\\\/2021\\\/04\\\/Maria-Teresa-Mola.jpg\",\"datePublished\":\"2021-04-12T16:48:03+00:00\",\"description\":\"Mundo\",\"breadcrumb\":{\"@id\":\"https:\\\/\\\/digital58.com.ve\\\/site\\\/2021\\\/04\\\/12\\\/lideres-de-formaciones-espanolas-destacan-al-pcch-como-un-partido-del-pueblo\\\/#breadcrumb\"},\"inLanguage\":\"es\",\"potentialAction\":[{\"@type\":\"ReadAction\",\"target\":[\"https:\\\/\\\/digital58.com.ve\\\/site\\\/2021\\\/04\\\/12\\\/lideres-de-formaciones-espanolas-destacan-al-pcch-como-un-partido-del-pueblo\\\/\"]}]},{\"@type\":\"ImageObject\",\"inLanguage\":\"es\",\"@id\":\"https:\\\/\\\/digital58.com.ve\\\/site\\\/2021\\\/04\\\/12\\\/lideres-de-formaciones-espanolas-destacan-al-pcch-como-un-partido-del-pueblo\\\/#primaryimage\",\"url\":\"https:\\\/\\\/digital58.com.ve\\\/site\\\/wp-content\\\/uploads\\\/2021\\\/04\\\/Maria-Teresa-Mola.jpg\",\"contentUrl\":\"https:\\\/\\\/digital58.com.ve\\\/site\\\/wp-content\\\/uploads\\\/2021\\\/04\\\/Maria-Teresa-Mola.jpg\",\"width\":800,\"height\":532},{\"@type\":\"BreadcrumbList\",\"@id\":\"https:\\\/\\\/digital58.com.ve\\\/site\\\/2021\\\/04\\\/12\\\/lideres-de-formaciones-espanolas-destacan-al-pcch-como-un-partido-del-pueblo\\\/#breadcrumb\",\"itemListElement\":[{\"@type\":\"ListItem\",\"position\":1,\"name\":\"Home\",\"item\":\"https:\\\/\\\/digital58.com.ve\\\/site\\\/\"},{\"@type\":\"ListItem\",\"position\":2,\"name\":\"L\u00edderes de formaciones espa\u00f1olas destacan al PCCh como un partido del pueblo\"}]},{\"@type\":\"WebSite\",\"@id\":\"https:\\\/\\\/digital58.com.ve\\\/site\\\/#website\",\"url\":\"https:\\\/\\\/digital58.com.ve\\\/site\\\/\",\"name\":\"Noticias Digital58\",\"description\":\"Portal de Noticias \u00a1Periodismo web de verdad! Lanzamiento web 22.11.2005 \\\/ Maracaibo, Venezuela\",\"publisher\":{\"@id\":\"https:\\\/\\\/digital58.com.ve\\\/site\\\/#\\\/schema\\\/person\\\/64d1c2e4d0d4fd1b849980c4331c2951\"},\"alternateName\":\"ND58\",\"potentialAction\":[{\"@type\":\"SearchAction\",\"target\":{\"@type\":\"EntryPoint\",\"urlTemplate\":\"https:\\\/\\\/digital58.com.ve\\\/site\\\/?s={search_term_string}\"},\"query-input\":{\"@type\":\"PropertyValueSpecification\",\"valueRequired\":true,\"valueName\":\"search_term_string\"}}],\"inLanguage\":\"es\"},{\"@type\":[\"Person\",\"Organization\"],\"@id\":\"https:\\\/\\\/digital58.com.ve\\\/site\\\/#\\\/schema\\\/person\\\/64d1c2e4d0d4fd1b849980c4331c2951\",\"name\":\"Villasmil Henry\",\"image\":{\"@type\":\"ImageObject\",\"inLanguage\":\"es\",\"@id\":\"https:\\\/\\\/secure.gravatar.com\\\/avatar\\\/bb0c4a2fcb7970138239f7e404ea75757b1b507b28b5ce4c53fbd62d797c5a7c?s=96&d=mm&r=g\",\"url\":\"https:\\\/\\\/secure.gravatar.com\\\/avatar\\\/bb0c4a2fcb7970138239f7e404ea75757b1b507b28b5ce4c53fbd62d797c5a7c?s=96&d=mm&r=g\",\"contentUrl\":\"https:\\\/\\\/secure.gravatar.com\\\/avatar\\\/bb0c4a2fcb7970138239f7e404ea75757b1b507b28b5ce4c53fbd62d797c5a7c?s=96&d=mm&r=g\",\"caption\":\"Villasmil Henry\"},\"logo\":{\"@id\":\"https:\\\/\\\/secure.gravatar.com\\\/avatar\\\/bb0c4a2fcb7970138239f7e404ea75757b1b507b28b5ce4c53fbd62d797c5a7c?s=96&d=mm&r=g\"},\"sameAs\":[\"http:\\\/\\\/www.henryvillasmil.com.ve\",\"https:\\\/\\\/www.instagram.com\\\/villasmilhfoto\\\/\",\"https:\\\/\\\/x.com\\\/https:\\\/\\\/twitter.com\\\/villasmilhfoto\"],\"url\":\"https:\\\/\\\/digital58.com.ve\\\/site\\\/author\\\/droopy_68\\\/\"}]}<\/script>\n<!-- \/ Yoast SEO plugin. -->","yoast_head_json":{"title":"L\u00edderes de formaciones espa\u00f1olas destacan al PCCh como un partido del pueblo","description":"Mundo","robots":{"index":"index","follow":"follow","max-snippet":"max-snippet:-1","max-image-preview":"max-image-preview:large","max-video-preview":"max-video-preview:-1"},"canonical":"https:\/\/digital58.com.ve\/site\/2021\/04\/12\/lideres-de-formaciones-espanolas-destacan-al-pcch-como-un-partido-del-pueblo\/","og_locale":"es_ES","og_type":"article","og_title":"L\u00edderes de formaciones espa\u00f1olas destacan al PCCh como un partido del pueblo","og_description":"Mundo","og_url":"https:\/\/digital58.com.ve\/site\/2021\/04\/12\/lideres-de-formaciones-espanolas-destacan-al-pcch-como-un-partido-del-pueblo\/","og_site_name":"Noticias Digital58","article_published_time":"2021-04-12T16:48:03+00:00","og_image":[{"width":898,"height":597,"url":"https:\/\/digital58.com.ve\/site\/wp-content\/uploads\/2021\/04\/Maria-Teresa-Mola.jpg","type":"image\/jpeg"}],"author":"Villasmil Henry","twitter_card":"summary_large_image","twitter_creator":"@https:\/\/twitter.com\/villasmilhfoto","twitter_site":"@villasmilhfoto","twitter_misc":{"Escrito por":"Villasmil Henry","Tiempo estimado de lectura":"5 minutos"},"schema":{"@context":"https:\/\/schema.org","@graph":[{"@type":"Article","@id":"https:\/\/digital58.com.ve\/site\/2021\/04\/12\/lideres-de-formaciones-espanolas-destacan-al-pcch-como-un-partido-del-pueblo\/#article","isPartOf":{"@id":"https:\/\/digital58.com.ve\/site\/2021\/04\/12\/lideres-de-formaciones-espanolas-destacan-al-pcch-como-un-partido-del-pueblo\/"},"author":{"name":"Villasmil Henry","@id":"https:\/\/digital58.com.ve\/site\/#\/schema\/person\/64d1c2e4d0d4fd1b849980c4331c2951"},"headline":"L\u00edderes de formaciones espa\u00f1olas destacan al PCCh como un partido del pueblo","datePublished":"2021-04-12T16:48:03+00:00","mainEntityOfPage":{"@id":"https:\/\/digital58.com.ve\/site\/2021\/04\/12\/lideres-de-formaciones-espanolas-destacan-al-pcch-como-un-partido-del-pueblo\/"},"wordCount":1014,"commentCount":0,"publisher":{"@id":"https:\/\/digital58.com.ve\/site\/#\/schema\/person\/64d1c2e4d0d4fd1b849980c4331c2951"},"image":{"@id":"https:\/\/digital58.com.ve\/site\/2021\/04\/12\/lideres-de-formaciones-espanolas-destacan-al-pcch-como-un-partido-del-pueblo\/#primaryimage"},"thumbnailUrl":"https:\/\/digital58.com.ve\/site\/wp-content\/uploads\/2021\/04\/Maria-Teresa-Mola.jpg","keywords":["Beijing","China","Espa\u00f1a","Internacionales","Mar\u00eda Teresa Mola","Partido Comunista de China","Partido Comunista de Espa\u00f1a","Partido de la Izquierda Europea","PCCh","PCE","PIE"],"articleSection":["Mundo"],"inLanguage":"es","potentialAction":[{"@type":"CommentAction","name":"Comment","target":["https:\/\/digital58.com.ve\/site\/2021\/04\/12\/lideres-de-formaciones-espanolas-destacan-al-pcch-como-un-partido-del-pueblo\/#respond"]}]},{"@type":"WebPage","@id":"https:\/\/digital58.com.ve\/site\/2021\/04\/12\/lideres-de-formaciones-espanolas-destacan-al-pcch-como-un-partido-del-pueblo\/","url":"https:\/\/digital58.com.ve\/site\/2021\/04\/12\/lideres-de-formaciones-espanolas-destacan-al-pcch-como-un-partido-del-pueblo\/","name":"L\u00edderes de formaciones espa\u00f1olas destacan al PCCh como un partido del pueblo","isPartOf":{"@id":"https:\/\/digital58.com.ve\/site\/#website"},"primaryImageOfPage":{"@id":"https:\/\/digital58.com.ve\/site\/2021\/04\/12\/lideres-de-formaciones-espanolas-destacan-al-pcch-como-un-partido-del-pueblo\/#primaryimage"},"image":{"@id":"https:\/\/digital58.com.ve\/site\/2021\/04\/12\/lideres-de-formaciones-espanolas-destacan-al-pcch-como-un-partido-del-pueblo\/#primaryimage"},"thumbnailUrl":"https:\/\/digital58.com.ve\/site\/wp-content\/uploads\/2021\/04\/Maria-Teresa-Mola.jpg","datePublished":"2021-04-12T16:48:03+00:00","description":"Mundo","breadcrumb":{"@id":"https:\/\/digital58.com.ve\/site\/2021\/04\/12\/lideres-de-formaciones-espanolas-destacan-al-pcch-como-un-partido-del-pueblo\/#breadcrumb"},"inLanguage":"es","potentialAction":[{"@type":"ReadAction","target":["https:\/\/digital58.com.ve\/site\/2021\/04\/12\/lideres-de-formaciones-espanolas-destacan-al-pcch-como-un-partido-del-pueblo\/"]}]},{"@type":"ImageObject","inLanguage":"es","@id":"https:\/\/digital58.com.ve\/site\/2021\/04\/12\/lideres-de-formaciones-espanolas-destacan-al-pcch-como-un-partido-del-pueblo\/#primaryimage","url":"https:\/\/digital58.com.ve\/site\/wp-content\/uploads\/2021\/04\/Maria-Teresa-Mola.jpg","contentUrl":"https:\/\/digital58.com.ve\/site\/wp-content\/uploads\/2021\/04\/Maria-Teresa-Mola.jpg","width":800,"height":532},{"@type":"BreadcrumbList","@id":"https:\/\/digital58.com.ve\/site\/2021\/04\/12\/lideres-de-formaciones-espanolas-destacan-al-pcch-como-un-partido-del-pueblo\/#breadcrumb","itemListElement":[{"@type":"ListItem","position":1,"name":"Home","item":"https:\/\/digital58.com.ve\/site\/"},{"@type":"ListItem","position":2,"name":"L\u00edderes de formaciones espa\u00f1olas destacan al PCCh como un partido del pueblo"}]},{"@type":"WebSite","@id":"https:\/\/digital58.com.ve\/site\/#website","url":"https:\/\/digital58.com.ve\/site\/","name":"Noticias Digital58","description":"Portal de Noticias \u00a1Periodismo web de verdad! Lanzamiento web 22.11.2005 \/ Maracaibo, Venezuela","publisher":{"@id":"https:\/\/digital58.com.ve\/site\/#\/schema\/person\/64d1c2e4d0d4fd1b849980c4331c2951"},"alternateName":"ND58","potentialAction":[{"@type":"SearchAction","target":{"@type":"EntryPoint","urlTemplate":"https:\/\/digital58.com.ve\/site\/?s={search_term_string}"},"query-input":{"@type":"PropertyValueSpecification","valueRequired":true,"valueName":"search_term_string"}}],"inLanguage":"es"},{"@type":["Person","Organization"],"@id":"https:\/\/digital58.com.ve\/site\/#\/schema\/person\/64d1c2e4d0d4fd1b849980c4331c2951","name":"Villasmil Henry","image":{"@type":"ImageObject","inLanguage":"es","@id":"https:\/\/secure.gravatar.com\/avatar\/bb0c4a2fcb7970138239f7e404ea75757b1b507b28b5ce4c53fbd62d797c5a7c?s=96&d=mm&r=g","url":"https:\/\/secure.gravatar.com\/avatar\/bb0c4a2fcb7970138239f7e404ea75757b1b507b28b5ce4c53fbd62d797c5a7c?s=96&d=mm&r=g","contentUrl":"https:\/\/secure.gravatar.com\/avatar\/bb0c4a2fcb7970138239f7e404ea75757b1b507b28b5ce4c53fbd62d797c5a7c?s=96&d=mm&r=g","caption":"Villasmil Henry"},"logo":{"@id":"https:\/\/secure.gravatar.com\/avatar\/bb0c4a2fcb7970138239f7e404ea75757b1b507b28b5ce4c53fbd62d797c5a7c?s=96&d=mm&r=g"},"sameAs":["http:\/\/www.henryvillasmil.com.ve","https:\/\/www.instagram.com\/villasmilhfoto\/","https:\/\/x.com\/https:\/\/twitter.com\/villasmilhfoto"],"url":"https:\/\/digital58.com.ve\/site\/author\/droopy_68\/"}]}},"uagb_featured_image_src":{"full":["https:\/\/digital58.com.ve\/site\/wp-content\/uploads\/2021\/04\/Maria-Teresa-Mola.jpg",800,532,false],"thumbnail":["https:\/\/digital58.com.ve\/site\/wp-content\/uploads\/2021\/04\/Maria-Teresa-Mola-150x150.jpg",150,150,true],"medium":["https:\/\/digital58.com.ve\/site\/wp-content\/uploads\/2021\/04\/Maria-Teresa-Mola-300x199.jpg",300,199,true],"medium_large":["https:\/\/digital58.com.ve\/site\/wp-content\/uploads\/2021\/04\/Maria-Teresa-Mola-768x511.jpg",768,511,true],"large":["https:\/\/digital58.com.ve\/site\/wp-content\/uploads\/2021\/04\/Maria-Teresa-Mola.jpg",800,532,false],"1536x1536":["https:\/\/digital58.com.ve\/site\/wp-content\/uploads\/2021\/04\/Maria-Teresa-Mola.jpg",800,532,false],"2048x2048":["https:\/\/digital58.com.ve\/site\/wp-content\/uploads\/2021\/04\/Maria-Teresa-Mola.jpg",800,532,false],"colormag-highlighted-post":["https:\/\/digital58.com.ve\/site\/wp-content\/uploads\/2021\/04\/Maria-Teresa-Mola.jpg",392,261,false],"colormag-featured-post-medium":["https:\/\/digital58.com.ve\/site\/wp-content\/uploads\/2021\/04\/Maria-Teresa-Mola.jpg",308,205,false],"colormag-featured-post-small":["https:\/\/digital58.com.ve\/site\/wp-content\/uploads\/2021\/04\/Maria-Teresa-Mola.jpg",130,86,false],"colormag-featured-image":["https:\/\/digital58.com.ve\/site\/wp-content\/uploads\/2021\/04\/Maria-Teresa-Mola.jpg",669,445,false],"colormag-default-news":["https:\/\/digital58.com.ve\/site\/wp-content\/uploads\/2021\/04\/Maria-Teresa-Mola.jpg",150,100,false],"colormag-featured-image-large":["https:\/\/digital58.com.ve\/site\/wp-content\/uploads\/2021\/04\/Maria-Teresa-Mola.jpg",800,532,false]},"uagb_author_info":{"display_name":"Villasmil Henry","author_link":"https:\/\/digital58.com.ve\/site\/author\/droopy_68\/"},"uagb_comment_info":0,"uagb_excerpt":"La vicepresidenta del PIE, valora los trabajos que ha hecho China en el tema de las vacunas y otras ayudas","_links":{"self":[{"href":"https:\/\/digital58.com.ve\/site\/wp-json\/wp\/v2\/posts\/137119","targetHints":{"allow":["GET"]}}],"collection":[{"href":"https:\/\/digital58.com.ve\/site\/wp-json\/wp\/v2\/posts"}],"about":[{"href":"https:\/\/digital58.com.ve\/site\/wp-json\/wp\/v2\/types\/post"}],"author":[{"embeddable":true,"href":"https:\/\/digital58.com.ve\/site\/wp-json\/wp\/v2\/users\/1"}],"replies":[{"embeddable":true,"href":"https:\/\/digital58.com.ve\/site\/wp-json\/wp\/v2\/comments?post=137119"}],"version-history":[{"count":0,"href":"https:\/\/digital58.com.ve\/site\/wp-json\/wp\/v2\/posts\/137119\/revisions"}],"wp:featuredmedia":[{"embeddable":true,"href":"https:\/\/digital58.com.ve\/site\/wp-json\/wp\/v2\/media\/137120"}],"wp:attachment":[{"href":"https:\/\/digital58.com.ve\/site\/wp-json\/wp\/v2\/media?parent=137119"}],"wp:term":[{"taxonomy":"category","embeddable":true,"href":"https:\/\/digital58.com.ve\/site\/wp-json\/wp\/v2\/categories?post=137119"},{"taxonomy":"post_tag","embeddable":true,"href":"https:\/\/digital58.com.ve\/site\/wp-json\/wp\/v2\/tags?post=137119"}],"curies":[{"name":"wp","href":"https:\/\/api.w.org\/{rel}","templated":true}]}}