{"id":137192,"date":"2021-04-12T19:33:14","date_gmt":"2021-04-12T23:33:14","guid":{"rendered":"https:\/\/digital58.com.ve\/site\/?p=137192"},"modified":"2021-04-12T19:33:14","modified_gmt":"2021-04-12T23:33:14","slug":"mineapolis-en-toque-de-queda-por-muerte-de-joven-afroamericano-a-manos-de-la-policia","status":"publish","type":"post","link":"https:\/\/digital58.com.ve\/site\/2021\/04\/12\/mineapolis-en-toque-de-queda-por-muerte-de-joven-afroamericano-a-manos-de-la-policia\/","title":{"rendered":"Mine\u00e1polis, en toque de queda por muerte de joven afroamericano a manos de la Polic\u00eda"},"content":{"rendered":"<p><a href=\"https:\/\/digital58.com.ve\/site\/wp-content\/uploads\/2021\/04\/toque-de-queda-mineapolis-2.jpg\"><img loading=\"lazy\" decoding=\"async\" class=\"aligncenter size-full wp-image-137194\" src=\"https:\/\/digital58.com.ve\/site\/wp-content\/uploads\/2021\/04\/toque-de-queda-mineapolis-2.jpg\" alt=\"\" width=\"900\" height=\"599\" srcset=\"https:\/\/digital58.com.ve\/site\/wp-content\/uploads\/2021\/04\/toque-de-queda-mineapolis-2.jpg 800w, https:\/\/digital58.com.ve\/site\/wp-content\/uploads\/2021\/04\/toque-de-queda-mineapolis-2-300x200.jpg 300w, https:\/\/digital58.com.ve\/site\/wp-content\/uploads\/2021\/04\/toque-de-queda-mineapolis-2-768x511.jpg 768w, https:\/\/digital58.com.ve\/site\/wp-content\/uploads\/2021\/04\/toque-de-queda-mineapolis-2-720x480.jpg 720w, https:\/\/digital58.com.ve\/site\/wp-content\/uploads\/2021\/04\/toque-de-queda-mineapolis-2-480x320.jpg 480w\" sizes=\"auto, (max-width: 900px) 100vw, 900px\" \/><\/a><\/p>\n<p>El gobernador del estado, Tim Walz, y los alcaldes de la conurbaci\u00f3n formada por Mine\u00e1polis y Saint Paul (las dos mayores del estado) anunciaron las medidas, destinadas a evitar posibles altercados en las pr\u00f3ximas horas, en las que se prev\u00e9n protestas como las que ya se vivieron la noche del domingo.<\/p>\n<p><strong>Estados Unidos, 12 de abril de 2021 (ND58).-<\/strong> Las autoridades de Minesota (EE.UU.) declararon este lunes el estado de emergencia y un toque de queda a las 19.00 hora local (00.00 GMT del martes) en el \u00e1rea metropolitana de Mine\u00e1polis, tras la muerte de otro afroamericano a manos de la Polic\u00eda, justo cuando se acerca el fin del juicio por el caso de George Floyd.<\/p>\n<p>El estado de emergencia, que da a los alcaldes autoridad para tomar medidas urgentes si es necesario, afecta a las ciudades de Min\u00e9apolis y Saint Paul, mientras que el toque de queda \u2014de 19.00 hora local del lunes a las 06.00 del martes (11.00 hora GMT)\u2014 se extiende al conjunto de los condados de Hennepin, Ramsey y Anoka.<\/p>\n<p>Durante un control de tr\u00e1fico el domingo en la ciudad de Brooklyn Center, en las inmediaciones de Mine\u00e1polis, una agente blanca dispar\u00f3 de forma \u00abaccidental\u00bb al afroamericano Daunte Wright, de 20 a\u00f1os, explic\u00f3 este lunes en una rueda de prensa el jefe de Polic\u00eda de la localidad, Tim Ganno.<\/p>\n<p>Seg\u00fan Ganno, la polic\u00eda quer\u00eda usar una pistola el\u00e9ctrica conocida como \u00abtaser\u00bb para inmovilizar a Wright, pero se confundi\u00f3 y dispar\u00f3 con su arma de fuego una bala que acab\u00f3 con la vida del hombre.<\/p>\n<p>Sobre el motivo de la parada de tr\u00e1fico, el jefe de Polic\u00eda explic\u00f3 que el veh\u00edculo fue interceptado porque no ten\u00eda algunos papeles en regla, tras lo que pidieron la identificaci\u00f3n a Wright y entonces se dieron cuenta de que ten\u00eda una orden de arresto pendiente por no haber comparecido ante la Justicia por los delitos de posesi\u00f3n ilegal de un arma y resistencia a la autoridad.<\/p>\n<p><a href=\"https:\/\/digital58.com.ve\/site\/wp-content\/uploads\/2021\/04\/toque-de-queda-mineapolis.jpg\"><img loading=\"lazy\" decoding=\"async\" class=\"aligncenter size-full wp-image-137195\" src=\"https:\/\/digital58.com.ve\/site\/wp-content\/uploads\/2021\/04\/toque-de-queda-mineapolis.jpg\" alt=\"\" width=\"900\" height=\"599\" srcset=\"https:\/\/digital58.com.ve\/site\/wp-content\/uploads\/2021\/04\/toque-de-queda-mineapolis.jpg 800w, https:\/\/digital58.com.ve\/site\/wp-content\/uploads\/2021\/04\/toque-de-queda-mineapolis-300x200.jpg 300w, https:\/\/digital58.com.ve\/site\/wp-content\/uploads\/2021\/04\/toque-de-queda-mineapolis-768x511.jpg 768w, https:\/\/digital58.com.ve\/site\/wp-content\/uploads\/2021\/04\/toque-de-queda-mineapolis-720x480.jpg 720w, https:\/\/digital58.com.ve\/site\/wp-content\/uploads\/2021\/04\/toque-de-queda-mineapolis-480x320.jpg 480w\" sizes=\"auto, (max-width: 900px) 100vw, 900px\" \/><\/a><\/p>\n<p>Entonces, la agente intent\u00f3 esposarlo, pero \u00e9l se resisti\u00f3, intent\u00f3 entrar de nuevo en su veh\u00edculo y fue cuando la polic\u00eda le dispar\u00f3.<\/p>\n<p>El autom\u00f3vil sali\u00f3 propulsado hacia adelante y viaj\u00f3 varias manzanas antes de colisionar con otro autom\u00f3vil. Dentro del veh\u00edculo, hab\u00eda una mujer \u2014supuestamente la novia de Wright\u2014 que no result\u00f3 herida.<\/p>\n<p>El incidente tuvo lugar cuando los nervios est\u00e1n a flor de piel en Mine\u00e1polis, que espera con ansiedad el resultado del juicio contra Derek Chauvin, uno de los cuatro polic\u00edas acusados del asesinato de George Floyd el a\u00f1o pasado, que desat\u00f3 una oleada de protestas raciales en todo el pa\u00eds.<\/p><div class=\"hkpbv69edba81524ac\" ><p style=\"text-align: center;\"><a href=\"https:\/\/t.me\/noticiasdigital58\" target=\"_blank\" rel=\"noopener\"><img class=\"aligncenter size-full wp-image-125363\" src=\"https:\/\/digital58.com.ve\/site\/wp-content\/uploads\/2021\/04\/banner-telegram-web-2021.png\" alt=\"\" width=\"600\" height=\"90\" \/><\/a><\/p><\/div><style type=\"text\/css\">\r\n@media screen and (min-width: 1201px) {\r\n.hkpbv69edba81524ac {\r\ndisplay: block;\r\n}\r\n}\r\n@media screen and (min-width: 993px) and (max-width: 1200px) {\r\n.hkpbv69edba81524ac {\r\ndisplay: block;\r\n}\r\n}\r\n@media screen and (min-width: 769px) and (max-width: 992px) {\r\n.hkpbv69edba81524ac {\r\ndisplay: block;\r\n}\r\n}\r\n@media screen and (min-width: 768px) and (max-width: 768px) {\r\n.hkpbv69edba81524ac {\r\ndisplay: block;\r\n}\r\n}\r\n@media screen and (max-width: 767px) {\r\n.hkpbv69edba81524ac {\r\ndisplay: block;\r\n}\r\n}\r\n<\/style>\r\n\n<p><strong>Redacci\u00f3n ND58 | Fuente: EFE<\/strong><br \/>\n<strong>Edici\u00f3n: Villasmil, Henry<\/strong><br \/>\n<strong>Gr\u00e1fica: EFE<\/strong><\/p>\n<div style=\"margin-top: 0px; margin-bottom: 0px;\" class=\"sharethis-inline-share-buttons\" ><\/div>","protected":false},"excerpt":{"rendered":"<p>El gobernador del estado, Tim Walz, y los alcaldes de la conurbaci\u00f3n formada por Mine\u00e1polis y Saint Paul (las dos<\/p>\n","protected":false},"author":1,"featured_media":137195,"comment_status":"open","ping_status":"closed","sticky":false,"template":"","format":"standard","meta":{"colormag_page_container_layout":"default_layout","colormag_page_sidebar_layout":"default_layout","_uag_custom_page_level_css":"","footnotes":""},"categories":[16451],"tags":[23500,23501,13792,12740,1304,15201,8,15226,23499,4296,23498,23497,13825],"class_list":["post-137192","post","type-post","status-publish","format-standard","has-post-thumbnail","hentry","category-mundo","tag-brooklyn-center","tag-daunte-wright","tag-disturbios","tag-ee-uu","tag-estados-unidos","tag-george-floyd","tag-internacionales","tag-mineapolis","tag-minesota","tag-protestas","tag-saint-paul","tag-tim-walz","tag-toque-de-queda"],"yoast_head":"<!-- This site is optimized with the Yoast SEO plugin v27.4 - https:\/\/yoast.com\/product\/yoast-seo-wordpress\/ -->\n<title>Mine\u00e1polis, en toque de queda por muerte de joven afroamericano a manos de la Polic\u00eda<\/title>\n<meta name=\"description\" content=\"Mundo\" \/>\n<meta name=\"robots\" content=\"index, follow, max-snippet:-1, max-image-preview:large, max-video-preview:-1\" \/>\n<link rel=\"canonical\" href=\"https:\/\/digital58.com.ve\/site\/2021\/04\/12\/mineapolis-en-toque-de-queda-por-muerte-de-joven-afroamericano-a-manos-de-la-policia\/\" \/>\n<meta property=\"og:locale\" content=\"es_ES\" \/>\n<meta property=\"og:type\" content=\"article\" \/>\n<meta property=\"og:title\" content=\"Mine\u00e1polis, en toque de queda por muerte de joven afroamericano a manos de la Polic\u00eda\" \/>\n<meta property=\"og:description\" content=\"Mundo\" \/>\n<meta property=\"og:url\" content=\"https:\/\/digital58.com.ve\/site\/2021\/04\/12\/mineapolis-en-toque-de-queda-por-muerte-de-joven-afroamericano-a-manos-de-la-policia\/\" \/>\n<meta property=\"og:site_name\" content=\"Noticias Digital58\" \/>\n<meta property=\"article:published_time\" content=\"2021-04-12T23:33:14+00:00\" \/>\n<meta property=\"og:image\" content=\"https:\/\/digital58.com.ve\/site\/wp-content\/uploads\/2021\/04\/toque-de-queda-mineapolis.jpg\" \/>\n\t<meta property=\"og:image:width\" content=\"900\" \/>\n\t<meta property=\"og:image:height\" content=\"599\" \/>\n\t<meta property=\"og:image:type\" content=\"image\/jpeg\" \/>\n<meta name=\"author\" content=\"Villasmil Henry\" \/>\n<meta name=\"twitter:card\" content=\"summary_large_image\" \/>\n<meta name=\"twitter:creator\" content=\"@https:\/\/twitter.com\/villasmilhfoto\" \/>\n<meta name=\"twitter:site\" content=\"@villasmilhfoto\" \/>\n<meta name=\"twitter:label1\" content=\"Escrito por\" \/>\n\t<meta name=\"twitter:data1\" content=\"Villasmil Henry\" \/>\n\t<meta name=\"twitter:label2\" content=\"Tiempo estimado de lectura\" \/>\n\t<meta name=\"twitter:data2\" content=\"3 minutos\" \/>\n<script type=\"application\/ld+json\" class=\"yoast-schema-graph\">{\"@context\":\"https:\\\/\\\/schema.org\",\"@graph\":[{\"@type\":\"Article\",\"@id\":\"https:\\\/\\\/digital58.com.ve\\\/site\\\/2021\\\/04\\\/12\\\/mineapolis-en-toque-de-queda-por-muerte-de-joven-afroamericano-a-manos-de-la-policia\\\/#article\",\"isPartOf\":{\"@id\":\"https:\\\/\\\/digital58.com.ve\\\/site\\\/2021\\\/04\\\/12\\\/mineapolis-en-toque-de-queda-por-muerte-de-joven-afroamericano-a-manos-de-la-policia\\\/\"},\"author\":{\"name\":\"Villasmil Henry\",\"@id\":\"https:\\\/\\\/digital58.com.ve\\\/site\\\/#\\\/schema\\\/person\\\/64d1c2e4d0d4fd1b849980c4331c2951\"},\"headline\":\"Mine\u00e1polis, en toque de queda por muerte de joven afroamericano a manos de la Polic\u00eda\",\"datePublished\":\"2021-04-12T23:33:14+00:00\",\"mainEntityOfPage\":{\"@id\":\"https:\\\/\\\/digital58.com.ve\\\/site\\\/2021\\\/04\\\/12\\\/mineapolis-en-toque-de-queda-por-muerte-de-joven-afroamericano-a-manos-de-la-policia\\\/\"},\"wordCount\":485,\"commentCount\":0,\"publisher\":{\"@id\":\"https:\\\/\\\/digital58.com.ve\\\/site\\\/#\\\/schema\\\/person\\\/64d1c2e4d0d4fd1b849980c4331c2951\"},\"image\":{\"@id\":\"https:\\\/\\\/digital58.com.ve\\\/site\\\/2021\\\/04\\\/12\\\/mineapolis-en-toque-de-queda-por-muerte-de-joven-afroamericano-a-manos-de-la-policia\\\/#primaryimage\"},\"thumbnailUrl\":\"https:\\\/\\\/digital58.com.ve\\\/site\\\/wp-content\\\/uploads\\\/2021\\\/04\\\/toque-de-queda-mineapolis.jpg\",\"keywords\":[\"Brooklyn Center\",\"Daunte Wright\",\"Disturbios\",\"EE.UU\",\"Estados Unidos\",\"George Floyd\",\"Internacionales\",\"Mine\u00e1polis\",\"Minesota\",\"Protestas\",\"Saint Paul\",\"Tim Walz\",\"Toque de queda\"],\"articleSection\":[\"Mundo\"],\"inLanguage\":\"es\",\"potentialAction\":[{\"@type\":\"CommentAction\",\"name\":\"Comment\",\"target\":[\"https:\\\/\\\/digital58.com.ve\\\/site\\\/2021\\\/04\\\/12\\\/mineapolis-en-toque-de-queda-por-muerte-de-joven-afroamericano-a-manos-de-la-policia\\\/#respond\"]}]},{\"@type\":\"WebPage\",\"@id\":\"https:\\\/\\\/digital58.com.ve\\\/site\\\/2021\\\/04\\\/12\\\/mineapolis-en-toque-de-queda-por-muerte-de-joven-afroamericano-a-manos-de-la-policia\\\/\",\"url\":\"https:\\\/\\\/digital58.com.ve\\\/site\\\/2021\\\/04\\\/12\\\/mineapolis-en-toque-de-queda-por-muerte-de-joven-afroamericano-a-manos-de-la-policia\\\/\",\"name\":\"Mine\u00e1polis, en toque de queda por muerte de joven afroamericano a manos de la Polic\u00eda\",\"isPartOf\":{\"@id\":\"https:\\\/\\\/digital58.com.ve\\\/site\\\/#website\"},\"primaryImageOfPage\":{\"@id\":\"https:\\\/\\\/digital58.com.ve\\\/site\\\/2021\\\/04\\\/12\\\/mineapolis-en-toque-de-queda-por-muerte-de-joven-afroamericano-a-manos-de-la-policia\\\/#primaryimage\"},\"image\":{\"@id\":\"https:\\\/\\\/digital58.com.ve\\\/site\\\/2021\\\/04\\\/12\\\/mineapolis-en-toque-de-queda-por-muerte-de-joven-afroamericano-a-manos-de-la-policia\\\/#primaryimage\"},\"thumbnailUrl\":\"https:\\\/\\\/digital58.com.ve\\\/site\\\/wp-content\\\/uploads\\\/2021\\\/04\\\/toque-de-queda-mineapolis.jpg\",\"datePublished\":\"2021-04-12T23:33:14+00:00\",\"description\":\"Mundo\",\"breadcrumb\":{\"@id\":\"https:\\\/\\\/digital58.com.ve\\\/site\\\/2021\\\/04\\\/12\\\/mineapolis-en-toque-de-queda-por-muerte-de-joven-afroamericano-a-manos-de-la-policia\\\/#breadcrumb\"},\"inLanguage\":\"es\",\"potentialAction\":[{\"@type\":\"ReadAction\",\"target\":[\"https:\\\/\\\/digital58.com.ve\\\/site\\\/2021\\\/04\\\/12\\\/mineapolis-en-toque-de-queda-por-muerte-de-joven-afroamericano-a-manos-de-la-policia\\\/\"]}]},{\"@type\":\"ImageObject\",\"inLanguage\":\"es\",\"@id\":\"https:\\\/\\\/digital58.com.ve\\\/site\\\/2021\\\/04\\\/12\\\/mineapolis-en-toque-de-queda-por-muerte-de-joven-afroamericano-a-manos-de-la-policia\\\/#primaryimage\",\"url\":\"https:\\\/\\\/digital58.com.ve\\\/site\\\/wp-content\\\/uploads\\\/2021\\\/04\\\/toque-de-queda-mineapolis.jpg\",\"contentUrl\":\"https:\\\/\\\/digital58.com.ve\\\/site\\\/wp-content\\\/uploads\\\/2021\\\/04\\\/toque-de-queda-mineapolis.jpg\",\"width\":800,\"height\":532},{\"@type\":\"BreadcrumbList\",\"@id\":\"https:\\\/\\\/digital58.com.ve\\\/site\\\/2021\\\/04\\\/12\\\/mineapolis-en-toque-de-queda-por-muerte-de-joven-afroamericano-a-manos-de-la-policia\\\/#breadcrumb\",\"itemListElement\":[{\"@type\":\"ListItem\",\"position\":1,\"name\":\"Home\",\"item\":\"https:\\\/\\\/digital58.com.ve\\\/site\\\/\"},{\"@type\":\"ListItem\",\"position\":2,\"name\":\"Mine\u00e1polis, en toque de queda por muerte de joven afroamericano a manos de la Polic\u00eda\"}]},{\"@type\":\"WebSite\",\"@id\":\"https:\\\/\\\/digital58.com.ve\\\/site\\\/#website\",\"url\":\"https:\\\/\\\/digital58.com.ve\\\/site\\\/\",\"name\":\"Noticias Digital58\",\"description\":\"Portal de Noticias \u00a1Periodismo web de verdad! Lanzamiento web 22.11.2005 \\\/ Maracaibo, Venezuela\",\"publisher\":{\"@id\":\"https:\\\/\\\/digital58.com.ve\\\/site\\\/#\\\/schema\\\/person\\\/64d1c2e4d0d4fd1b849980c4331c2951\"},\"alternateName\":\"ND58\",\"potentialAction\":[{\"@type\":\"SearchAction\",\"target\":{\"@type\":\"EntryPoint\",\"urlTemplate\":\"https:\\\/\\\/digital58.com.ve\\\/site\\\/?s={search_term_string}\"},\"query-input\":{\"@type\":\"PropertyValueSpecification\",\"valueRequired\":true,\"valueName\":\"search_term_string\"}}],\"inLanguage\":\"es\"},{\"@type\":[\"Person\",\"Organization\"],\"@id\":\"https:\\\/\\\/digital58.com.ve\\\/site\\\/#\\\/schema\\\/person\\\/64d1c2e4d0d4fd1b849980c4331c2951\",\"name\":\"Villasmil Henry\",\"image\":{\"@type\":\"ImageObject\",\"inLanguage\":\"es\",\"@id\":\"https:\\\/\\\/secure.gravatar.com\\\/avatar\\\/bb0c4a2fcb7970138239f7e404ea75757b1b507b28b5ce4c53fbd62d797c5a7c?s=96&d=mm&r=g\",\"url\":\"https:\\\/\\\/secure.gravatar.com\\\/avatar\\\/bb0c4a2fcb7970138239f7e404ea75757b1b507b28b5ce4c53fbd62d797c5a7c?s=96&d=mm&r=g\",\"contentUrl\":\"https:\\\/\\\/secure.gravatar.com\\\/avatar\\\/bb0c4a2fcb7970138239f7e404ea75757b1b507b28b5ce4c53fbd62d797c5a7c?s=96&d=mm&r=g\",\"caption\":\"Villasmil Henry\"},\"logo\":{\"@id\":\"https:\\\/\\\/secure.gravatar.com\\\/avatar\\\/bb0c4a2fcb7970138239f7e404ea75757b1b507b28b5ce4c53fbd62d797c5a7c?s=96&d=mm&r=g\"},\"sameAs\":[\"http:\\\/\\\/www.henryvillasmil.com.ve\",\"https:\\\/\\\/www.instagram.com\\\/villasmilhfoto\\\/\",\"https:\\\/\\\/x.com\\\/https:\\\/\\\/twitter.com\\\/villasmilhfoto\"],\"url\":\"https:\\\/\\\/digital58.com.ve\\\/site\\\/author\\\/droopy_68\\\/\"}]}<\/script>\n<!-- \/ Yoast SEO plugin. -->","yoast_head_json":{"title":"Mine\u00e1polis, en toque de queda por muerte de joven afroamericano a manos de la Polic\u00eda","description":"Mundo","robots":{"index":"index","follow":"follow","max-snippet":"max-snippet:-1","max-image-preview":"max-image-preview:large","max-video-preview":"max-video-preview:-1"},"canonical":"https:\/\/digital58.com.ve\/site\/2021\/04\/12\/mineapolis-en-toque-de-queda-por-muerte-de-joven-afroamericano-a-manos-de-la-policia\/","og_locale":"es_ES","og_type":"article","og_title":"Mine\u00e1polis, en toque de queda por muerte de joven afroamericano a manos de la Polic\u00eda","og_description":"Mundo","og_url":"https:\/\/digital58.com.ve\/site\/2021\/04\/12\/mineapolis-en-toque-de-queda-por-muerte-de-joven-afroamericano-a-manos-de-la-policia\/","og_site_name":"Noticias Digital58","article_published_time":"2021-04-12T23:33:14+00:00","og_image":[{"width":900,"height":599,"url":"https:\/\/digital58.com.ve\/site\/wp-content\/uploads\/2021\/04\/toque-de-queda-mineapolis.jpg","type":"image\/jpeg"}],"author":"Villasmil Henry","twitter_card":"summary_large_image","twitter_creator":"@https:\/\/twitter.com\/villasmilhfoto","twitter_site":"@villasmilhfoto","twitter_misc":{"Escrito por":"Villasmil Henry","Tiempo estimado de lectura":"3 minutos"},"schema":{"@context":"https:\/\/schema.org","@graph":[{"@type":"Article","@id":"https:\/\/digital58.com.ve\/site\/2021\/04\/12\/mineapolis-en-toque-de-queda-por-muerte-de-joven-afroamericano-a-manos-de-la-policia\/#article","isPartOf":{"@id":"https:\/\/digital58.com.ve\/site\/2021\/04\/12\/mineapolis-en-toque-de-queda-por-muerte-de-joven-afroamericano-a-manos-de-la-policia\/"},"author":{"name":"Villasmil Henry","@id":"https:\/\/digital58.com.ve\/site\/#\/schema\/person\/64d1c2e4d0d4fd1b849980c4331c2951"},"headline":"Mine\u00e1polis, en toque de queda por muerte de joven afroamericano a manos de la Polic\u00eda","datePublished":"2021-04-12T23:33:14+00:00","mainEntityOfPage":{"@id":"https:\/\/digital58.com.ve\/site\/2021\/04\/12\/mineapolis-en-toque-de-queda-por-muerte-de-joven-afroamericano-a-manos-de-la-policia\/"},"wordCount":485,"commentCount":0,"publisher":{"@id":"https:\/\/digital58.com.ve\/site\/#\/schema\/person\/64d1c2e4d0d4fd1b849980c4331c2951"},"image":{"@id":"https:\/\/digital58.com.ve\/site\/2021\/04\/12\/mineapolis-en-toque-de-queda-por-muerte-de-joven-afroamericano-a-manos-de-la-policia\/#primaryimage"},"thumbnailUrl":"https:\/\/digital58.com.ve\/site\/wp-content\/uploads\/2021\/04\/toque-de-queda-mineapolis.jpg","keywords":["Brooklyn Center","Daunte Wright","Disturbios","EE.UU","Estados Unidos","George Floyd","Internacionales","Mine\u00e1polis","Minesota","Protestas","Saint Paul","Tim Walz","Toque de queda"],"articleSection":["Mundo"],"inLanguage":"es","potentialAction":[{"@type":"CommentAction","name":"Comment","target":["https:\/\/digital58.com.ve\/site\/2021\/04\/12\/mineapolis-en-toque-de-queda-por-muerte-de-joven-afroamericano-a-manos-de-la-policia\/#respond"]}]},{"@type":"WebPage","@id":"https:\/\/digital58.com.ve\/site\/2021\/04\/12\/mineapolis-en-toque-de-queda-por-muerte-de-joven-afroamericano-a-manos-de-la-policia\/","url":"https:\/\/digital58.com.ve\/site\/2021\/04\/12\/mineapolis-en-toque-de-queda-por-muerte-de-joven-afroamericano-a-manos-de-la-policia\/","name":"Mine\u00e1polis, en toque de queda por muerte de joven afroamericano a manos de la Polic\u00eda","isPartOf":{"@id":"https:\/\/digital58.com.ve\/site\/#website"},"primaryImageOfPage":{"@id":"https:\/\/digital58.com.ve\/site\/2021\/04\/12\/mineapolis-en-toque-de-queda-por-muerte-de-joven-afroamericano-a-manos-de-la-policia\/#primaryimage"},"image":{"@id":"https:\/\/digital58.com.ve\/site\/2021\/04\/12\/mineapolis-en-toque-de-queda-por-muerte-de-joven-afroamericano-a-manos-de-la-policia\/#primaryimage"},"thumbnailUrl":"https:\/\/digital58.com.ve\/site\/wp-content\/uploads\/2021\/04\/toque-de-queda-mineapolis.jpg","datePublished":"2021-04-12T23:33:14+00:00","description":"Mundo","breadcrumb":{"@id":"https:\/\/digital58.com.ve\/site\/2021\/04\/12\/mineapolis-en-toque-de-queda-por-muerte-de-joven-afroamericano-a-manos-de-la-policia\/#breadcrumb"},"inLanguage":"es","potentialAction":[{"@type":"ReadAction","target":["https:\/\/digital58.com.ve\/site\/2021\/04\/12\/mineapolis-en-toque-de-queda-por-muerte-de-joven-afroamericano-a-manos-de-la-policia\/"]}]},{"@type":"ImageObject","inLanguage":"es","@id":"https:\/\/digital58.com.ve\/site\/2021\/04\/12\/mineapolis-en-toque-de-queda-por-muerte-de-joven-afroamericano-a-manos-de-la-policia\/#primaryimage","url":"https:\/\/digital58.com.ve\/site\/wp-content\/uploads\/2021\/04\/toque-de-queda-mineapolis.jpg","contentUrl":"https:\/\/digital58.com.ve\/site\/wp-content\/uploads\/2021\/04\/toque-de-queda-mineapolis.jpg","width":800,"height":532},{"@type":"BreadcrumbList","@id":"https:\/\/digital58.com.ve\/site\/2021\/04\/12\/mineapolis-en-toque-de-queda-por-muerte-de-joven-afroamericano-a-manos-de-la-policia\/#breadcrumb","itemListElement":[{"@type":"ListItem","position":1,"name":"Home","item":"https:\/\/digital58.com.ve\/site\/"},{"@type":"ListItem","position":2,"name":"Mine\u00e1polis, en toque de queda por muerte de joven afroamericano a manos de la Polic\u00eda"}]},{"@type":"WebSite","@id":"https:\/\/digital58.com.ve\/site\/#website","url":"https:\/\/digital58.com.ve\/site\/","name":"Noticias Digital58","description":"Portal de Noticias \u00a1Periodismo web de verdad! Lanzamiento web 22.11.2005 \/ Maracaibo, Venezuela","publisher":{"@id":"https:\/\/digital58.com.ve\/site\/#\/schema\/person\/64d1c2e4d0d4fd1b849980c4331c2951"},"alternateName":"ND58","potentialAction":[{"@type":"SearchAction","target":{"@type":"EntryPoint","urlTemplate":"https:\/\/digital58.com.ve\/site\/?s={search_term_string}"},"query-input":{"@type":"PropertyValueSpecification","valueRequired":true,"valueName":"search_term_string"}}],"inLanguage":"es"},{"@type":["Person","Organization"],"@id":"https:\/\/digital58.com.ve\/site\/#\/schema\/person\/64d1c2e4d0d4fd1b849980c4331c2951","name":"Villasmil Henry","image":{"@type":"ImageObject","inLanguage":"es","@id":"https:\/\/secure.gravatar.com\/avatar\/bb0c4a2fcb7970138239f7e404ea75757b1b507b28b5ce4c53fbd62d797c5a7c?s=96&d=mm&r=g","url":"https:\/\/secure.gravatar.com\/avatar\/bb0c4a2fcb7970138239f7e404ea75757b1b507b28b5ce4c53fbd62d797c5a7c?s=96&d=mm&r=g","contentUrl":"https:\/\/secure.gravatar.com\/avatar\/bb0c4a2fcb7970138239f7e404ea75757b1b507b28b5ce4c53fbd62d797c5a7c?s=96&d=mm&r=g","caption":"Villasmil Henry"},"logo":{"@id":"https:\/\/secure.gravatar.com\/avatar\/bb0c4a2fcb7970138239f7e404ea75757b1b507b28b5ce4c53fbd62d797c5a7c?s=96&d=mm&r=g"},"sameAs":["http:\/\/www.henryvillasmil.com.ve","https:\/\/www.instagram.com\/villasmilhfoto\/","https:\/\/x.com\/https:\/\/twitter.com\/villasmilhfoto"],"url":"https:\/\/digital58.com.ve\/site\/author\/droopy_68\/"}]}},"uagb_featured_image_src":{"full":["https:\/\/digital58.com.ve\/site\/wp-content\/uploads\/2021\/04\/toque-de-queda-mineapolis.jpg",800,532,false],"thumbnail":["https:\/\/digital58.com.ve\/site\/wp-content\/uploads\/2021\/04\/toque-de-queda-mineapolis-150x150.jpg",150,150,true],"medium":["https:\/\/digital58.com.ve\/site\/wp-content\/uploads\/2021\/04\/toque-de-queda-mineapolis-300x200.jpg",300,200,true],"medium_large":["https:\/\/digital58.com.ve\/site\/wp-content\/uploads\/2021\/04\/toque-de-queda-mineapolis-768x511.jpg",768,511,true],"large":["https:\/\/digital58.com.ve\/site\/wp-content\/uploads\/2021\/04\/toque-de-queda-mineapolis.jpg",800,532,false],"1536x1536":["https:\/\/digital58.com.ve\/site\/wp-content\/uploads\/2021\/04\/toque-de-queda-mineapolis.jpg",800,532,false],"2048x2048":["https:\/\/digital58.com.ve\/site\/wp-content\/uploads\/2021\/04\/toque-de-queda-mineapolis.jpg",800,532,false],"colormag-highlighted-post":["https:\/\/digital58.com.ve\/site\/wp-content\/uploads\/2021\/04\/toque-de-queda-mineapolis.jpg",392,261,false],"colormag-featured-post-medium":["https:\/\/digital58.com.ve\/site\/wp-content\/uploads\/2021\/04\/toque-de-queda-mineapolis.jpg",308,205,false],"colormag-featured-post-small":["https:\/\/digital58.com.ve\/site\/wp-content\/uploads\/2021\/04\/toque-de-queda-mineapolis.jpg",130,86,false],"colormag-featured-image":["https:\/\/digital58.com.ve\/site\/wp-content\/uploads\/2021\/04\/toque-de-queda-mineapolis.jpg",669,445,false],"colormag-default-news":["https:\/\/digital58.com.ve\/site\/wp-content\/uploads\/2021\/04\/toque-de-queda-mineapolis.jpg",150,100,false],"colormag-featured-image-large":["https:\/\/digital58.com.ve\/site\/wp-content\/uploads\/2021\/04\/toque-de-queda-mineapolis.jpg",800,532,false]},"uagb_author_info":{"display_name":"Villasmil Henry","author_link":"https:\/\/digital58.com.ve\/site\/author\/droopy_68\/"},"uagb_comment_info":0,"uagb_excerpt":"El gobernador del estado, Tim Walz, y los alcaldes de la conurbaci\u00f3n formada por Mine\u00e1polis y Saint Paul (las dos","_links":{"self":[{"href":"https:\/\/digital58.com.ve\/site\/wp-json\/wp\/v2\/posts\/137192","targetHints":{"allow":["GET"]}}],"collection":[{"href":"https:\/\/digital58.com.ve\/site\/wp-json\/wp\/v2\/posts"}],"about":[{"href":"https:\/\/digital58.com.ve\/site\/wp-json\/wp\/v2\/types\/post"}],"author":[{"embeddable":true,"href":"https:\/\/digital58.com.ve\/site\/wp-json\/wp\/v2\/users\/1"}],"replies":[{"embeddable":true,"href":"https:\/\/digital58.com.ve\/site\/wp-json\/wp\/v2\/comments?post=137192"}],"version-history":[{"count":0,"href":"https:\/\/digital58.com.ve\/site\/wp-json\/wp\/v2\/posts\/137192\/revisions"}],"wp:featuredmedia":[{"embeddable":true,"href":"https:\/\/digital58.com.ve\/site\/wp-json\/wp\/v2\/media\/137195"}],"wp:attachment":[{"href":"https:\/\/digital58.com.ve\/site\/wp-json\/wp\/v2\/media?parent=137192"}],"wp:term":[{"taxonomy":"category","embeddable":true,"href":"https:\/\/digital58.com.ve\/site\/wp-json\/wp\/v2\/categories?post=137192"},{"taxonomy":"post_tag","embeddable":true,"href":"https:\/\/digital58.com.ve\/site\/wp-json\/wp\/v2\/tags?post=137192"}],"curies":[{"name":"wp","href":"https:\/\/api.w.org\/{rel}","templated":true}]}}