{"id":137249,"date":"2021-04-13T13:17:49","date_gmt":"2021-04-13T17:17:49","guid":{"rendered":"https:\/\/digital58.com.ve\/site\/?p=137249"},"modified":"2021-04-13T13:17:49","modified_gmt":"2021-04-13T17:17:49","slug":"peru-victima-de-la-indiferencia-el-venezolano-marcos-hernandez-puede-perder-sus-pies","status":"publish","type":"post","link":"https:\/\/digital58.com.ve\/site\/2021\/04\/13\/peru-victima-de-la-indiferencia-el-venezolano-marcos-hernandez-puede-perder-sus-pies\/","title":{"rendered":"#Per\u00fa | V\u00edctima de la indiferencia el venezolano Marcos Hern\u00e1ndez puede perder sus pies"},"content":{"rendered":"<p><a href=\"https:\/\/digital58.com.ve\/site\/wp-content\/uploads\/2021\/04\/Marcos-Hernandez.jpg\"><img loading=\"lazy\" decoding=\"async\" class=\"aligncenter size-full wp-image-137251\" src=\"https:\/\/digital58.com.ve\/site\/wp-content\/uploads\/2021\/04\/Marcos-Hernandez.jpg\" alt=\"\" width=\"900\" height=\"675\" srcset=\"https:\/\/digital58.com.ve\/site\/wp-content\/uploads\/2021\/04\/Marcos-Hernandez.jpg 800w, https:\/\/digital58.com.ve\/site\/wp-content\/uploads\/2021\/04\/Marcos-Hernandez-300x225.jpg 300w, https:\/\/digital58.com.ve\/site\/wp-content\/uploads\/2021\/04\/Marcos-Hernandez-768x576.jpg 768w\" sizes=\"auto, (max-width: 900px) 100vw, 900px\" \/><\/a><\/p>\n<p>Marcos Hern\u00e1ndez requiere ayuda, est\u00e1 en otro pa\u00eds, lejos de sus seres queridos y para su tratamiento pide que colaboren con \u00e9l a trav\u00e9s de su <a href=\"https:\/\/www.gofundme.com\/f\/Tratamiento-Quirrgico-Amputacion-Metatarciano?utm_source=customer&amp;utm_campaign=p_cp+share-sheet&amp;utm_medium=copy_link_all\" target=\"_blank\" rel=\"noopener\">Gofundme<\/a><\/p>\n<p><strong>Maracaibo, Zulia, Venezuela, 13 de abril de 2021 (ND58).-<\/strong> Son muchos los migrantes venezolanos que viven momentos dif\u00edciles a nivel de salud, pero si hay un caso que llama a la reflexi\u00f3n es el de Marcos Hern\u00e1ndez, de 57 a\u00f1os de edad, quien en septiembre de 2020, fue arrollado por un veh\u00edculo en Lima, Per\u00fa, recibiendo un importante traumatismo en ambos pies.<\/p>\n<p>La irresponsabilidad del conductor, la falta de acceso a tratamientos en centro de salud y la falta de recursos econ\u00f3micos lo han llevado a perder todos los dedos en el pie derecho y ahora corre el riesgo que suceda lo mismo en el izquierdo.<\/p>\n<p>Las heridas al no recibir tratamiento oportuno y adecuado se fueron necrosando y eso motiv\u00f3 a que varios miembros de sus pies fueran amputados. Marcos est\u00e1 necesitando una reconstrucci\u00f3n de lo que es el pie derecho para que pueda terminar de cicatrizar la herida. Luego se le har\u00e1 una nueva evaluaci\u00f3n de su pi\u00e9 izquierdo para determinar que se va a hacer, donde la necrosis ha avanzado considerablemente.<\/p>\n<p>Seg\u00fan el informe m\u00e9dico el pie izquierdo evidencia una \u00abnecrosis epid\u00e9rmica de F2 y F3 1er a 2do dedos de pie izquierdo, amputaci\u00f3n en raqueta de ambos dedos\u00bb.<\/p>\n<p>Lamentablemente Marcos ahora tiene en su pie izquierdo \u00abGrangrena Isqu\u00e9mica\u00bb y \u00e9l espera recibir apoyo a trav\u00e9s de su Gofundme, para financiar el tratamiento que le prescribi\u00f3 el m\u00e9dico traumat\u00f3logo y as\u00ed pueda haber mejor\u00eda, evitando la necesidad de amputar m\u00e1s dedos de su pie.<\/p>\n<p><script defer src=\"https:\/\/www.gofundme.com\/static\/js\/embed.js\"><\/script><\/p>\n<p>Vale resaltar que en septiembre de 2020, se hab\u00eda hecho una campa\u00f1a de Gofundme, en la cual, el dinero recaudado ha sido usado para pagar los tratamientos, consultas, ex\u00e1menes, medicinas e insumos m\u00e9dicos que ha necesitado hasta la actualidad, sin embargo su situaci\u00f3n sigue siendo precaria y necesita la ayuda de todos quienes puedan colaborar.<\/p>\n<p>Para seguir su caso visita sus redes sociales: <a href=\"https:\/\/www.instagram.com\/marcosh12001\/?hl=es-la\" target=\"_blank\" rel=\"noopener\">@marcosh12001<\/a> <a href=\"https:\/\/www.instagram.com\/ayudame_a_salvar_mis_pies\/?hl=es-la\" target=\"_blank\" rel=\"noopener\">@ayudame_a_salvar_mis_pies<\/a><\/p><div class=\"sqpzb69ee0282e71a7\" ><p style=\"text-align: center;\"><a href=\"https:\/\/t.me\/noticiasdigital58\" target=\"_blank\" rel=\"noopener\"><img class=\"aligncenter size-full wp-image-125363\" src=\"https:\/\/digital58.com.ve\/site\/wp-content\/uploads\/2021\/04\/banner-telegram-web-2021.png\" alt=\"\" width=\"600\" height=\"90\" \/><\/a><\/p><\/div><style type=\"text\/css\">\r\n@media screen and (min-width: 1201px) {\r\n.sqpzb69ee0282e71a7 {\r\ndisplay: block;\r\n}\r\n}\r\n@media screen and (min-width: 993px) and (max-width: 1200px) {\r\n.sqpzb69ee0282e71a7 {\r\ndisplay: block;\r\n}\r\n}\r\n@media screen and (min-width: 769px) and (max-width: 992px) {\r\n.sqpzb69ee0282e71a7 {\r\ndisplay: block;\r\n}\r\n}\r\n@media screen and (min-width: 768px) and (max-width: 768px) {\r\n.sqpzb69ee0282e71a7 {\r\ndisplay: block;\r\n}\r\n}\r\n@media screen and (max-width: 767px) {\r\n.sqpzb69ee0282e71a7 {\r\ndisplay: block;\r\n}\r\n}\r\n<\/style>\r\n\n<p><strong>Redacci\u00f3n ND58 | Fuente: <a href=\"https:\/\/www.instagram.com\/aleadriancm\/\" target=\"_blank\" rel=\"noopener\">Alejandro Adri\u00e1n<\/a> \/ <a href=\"https:\/\/crestametalica.com\/\" target=\"_blank\" rel=\"noopener\">crestametalica.com\u00a0<\/a><\/strong><br \/>\n<strong>Edici\u00f3n: Villasmil, Henry<\/strong><br \/>\n<strong>Gr\u00e1fica: Cortes\u00eda<\/strong><\/p>\n<div style=\"margin-top: 0px; margin-bottom: 0px;\" class=\"sharethis-inline-share-buttons\" ><\/div>","protected":false},"excerpt":{"rendered":"<p>Marcos Hern\u00e1ndez requiere ayuda, est\u00e1 en otro pa\u00eds, lejos de sus seres queridos y para su tratamiento pide que colaboren<\/p>\n","protected":false},"author":1,"featured_media":137251,"comment_status":"open","ping_status":"closed","sticky":false,"template":"","format":"standard","meta":{"colormag_page_container_layout":"default_layout","colormag_page_sidebar_layout":"default_layout","_uag_custom_page_level_css":"","footnotes":""},"categories":[21752],"tags":[780,18448,23522,8,23521,112,135],"class_list":["post-137249","post","type-post","status-publish","format-standard","has-post-thumbnail","hentry","category-servicio-publico","tag-ayuda-humanitaria","tag-gofundme","tag-grangrena-isquemica","tag-internacionales","tag-marcos-hernandez","tag-peru","tag-venezolanos-en-el-exterior"],"yoast_head":"<!-- This site is optimized with the Yoast SEO plugin v27.4 - https:\/\/yoast.com\/product\/yoast-seo-wordpress\/ -->\n<title>#Per\u00fa | V\u00edctima de la indiferencia el venezolano Marcos Hern\u00e1ndez puede perder sus pies<\/title>\n<meta name=\"description\" content=\"Servicio P\u00fablico\" \/>\n<meta name=\"robots\" content=\"index, follow, max-snippet:-1, max-image-preview:large, max-video-preview:-1\" \/>\n<link rel=\"canonical\" href=\"https:\/\/digital58.com.ve\/site\/2021\/04\/13\/peru-victima-de-la-indiferencia-el-venezolano-marcos-hernandez-puede-perder-sus-pies\/\" \/>\n<meta property=\"og:locale\" content=\"es_ES\" \/>\n<meta property=\"og:type\" content=\"article\" \/>\n<meta property=\"og:title\" content=\"#Per\u00fa | V\u00edctima de la indiferencia el venezolano Marcos Hern\u00e1ndez puede perder sus pies\" \/>\n<meta property=\"og:description\" content=\"Servicio P\u00fablico\" \/>\n<meta property=\"og:url\" content=\"https:\/\/digital58.com.ve\/site\/2021\/04\/13\/peru-victima-de-la-indiferencia-el-venezolano-marcos-hernandez-puede-perder-sus-pies\/\" \/>\n<meta property=\"og:site_name\" content=\"Noticias Digital58\" \/>\n<meta property=\"article:published_time\" content=\"2021-04-13T17:17:49+00:00\" \/>\n<meta property=\"og:image\" content=\"https:\/\/digital58.com.ve\/site\/wp-content\/uploads\/2021\/04\/Marcos-Hernandez.jpg\" \/>\n\t<meta property=\"og:image:width\" content=\"900\" \/>\n\t<meta property=\"og:image:height\" content=\"675\" \/>\n\t<meta property=\"og:image:type\" content=\"image\/jpeg\" \/>\n<meta name=\"author\" content=\"Villasmil Henry\" \/>\n<meta name=\"twitter:card\" content=\"summary_large_image\" \/>\n<meta name=\"twitter:creator\" content=\"@https:\/\/twitter.com\/villasmilhfoto\" \/>\n<meta name=\"twitter:site\" content=\"@villasmilhfoto\" \/>\n<meta name=\"twitter:label1\" content=\"Escrito por\" \/>\n\t<meta name=\"twitter:data1\" content=\"Villasmil Henry\" \/>\n\t<meta name=\"twitter:label2\" content=\"Tiempo estimado de lectura\" \/>\n\t<meta name=\"twitter:data2\" content=\"2 minutos\" \/>\n<script type=\"application\/ld+json\" class=\"yoast-schema-graph\">{\"@context\":\"https:\\\/\\\/schema.org\",\"@graph\":[{\"@type\":\"Article\",\"@id\":\"https:\\\/\\\/digital58.com.ve\\\/site\\\/2021\\\/04\\\/13\\\/peru-victima-de-la-indiferencia-el-venezolano-marcos-hernandez-puede-perder-sus-pies\\\/#article\",\"isPartOf\":{\"@id\":\"https:\\\/\\\/digital58.com.ve\\\/site\\\/2021\\\/04\\\/13\\\/peru-victima-de-la-indiferencia-el-venezolano-marcos-hernandez-puede-perder-sus-pies\\\/\"},\"author\":{\"name\":\"Villasmil Henry\",\"@id\":\"https:\\\/\\\/digital58.com.ve\\\/site\\\/#\\\/schema\\\/person\\\/64d1c2e4d0d4fd1b849980c4331c2951\"},\"headline\":\"#Per\u00fa | V\u00edctima de la indiferencia el venezolano Marcos Hern\u00e1ndez puede perder sus pies\",\"datePublished\":\"2021-04-13T17:17:49+00:00\",\"mainEntityOfPage\":{\"@id\":\"https:\\\/\\\/digital58.com.ve\\\/site\\\/2021\\\/04\\\/13\\\/peru-victima-de-la-indiferencia-el-venezolano-marcos-hernandez-puede-perder-sus-pies\\\/\"},\"wordCount\":397,\"commentCount\":0,\"publisher\":{\"@id\":\"https:\\\/\\\/digital58.com.ve\\\/site\\\/#\\\/schema\\\/person\\\/64d1c2e4d0d4fd1b849980c4331c2951\"},\"image\":{\"@id\":\"https:\\\/\\\/digital58.com.ve\\\/site\\\/2021\\\/04\\\/13\\\/peru-victima-de-la-indiferencia-el-venezolano-marcos-hernandez-puede-perder-sus-pies\\\/#primaryimage\"},\"thumbnailUrl\":\"https:\\\/\\\/digital58.com.ve\\\/site\\\/wp-content\\\/uploads\\\/2021\\\/04\\\/Marcos-Hernandez.jpg\",\"keywords\":[\"Ayuda Humanitaria\",\"Gofundme\",\"Grangrena Isqu\u00e9mica\",\"Internacionales\",\"Marcos Hern\u00e1ndez\",\"Per\u00fa\",\"Venezolanos en el exterior\"],\"articleSection\":[\"Servicio P\u00fablico\"],\"inLanguage\":\"es\",\"potentialAction\":[{\"@type\":\"CommentAction\",\"name\":\"Comment\",\"target\":[\"https:\\\/\\\/digital58.com.ve\\\/site\\\/2021\\\/04\\\/13\\\/peru-victima-de-la-indiferencia-el-venezolano-marcos-hernandez-puede-perder-sus-pies\\\/#respond\"]}]},{\"@type\":\"WebPage\",\"@id\":\"https:\\\/\\\/digital58.com.ve\\\/site\\\/2021\\\/04\\\/13\\\/peru-victima-de-la-indiferencia-el-venezolano-marcos-hernandez-puede-perder-sus-pies\\\/\",\"url\":\"https:\\\/\\\/digital58.com.ve\\\/site\\\/2021\\\/04\\\/13\\\/peru-victima-de-la-indiferencia-el-venezolano-marcos-hernandez-puede-perder-sus-pies\\\/\",\"name\":\"#Per\u00fa | V\u00edctima de la indiferencia el venezolano Marcos Hern\u00e1ndez puede perder sus pies\",\"isPartOf\":{\"@id\":\"https:\\\/\\\/digital58.com.ve\\\/site\\\/#website\"},\"primaryImageOfPage\":{\"@id\":\"https:\\\/\\\/digital58.com.ve\\\/site\\\/2021\\\/04\\\/13\\\/peru-victima-de-la-indiferencia-el-venezolano-marcos-hernandez-puede-perder-sus-pies\\\/#primaryimage\"},\"image\":{\"@id\":\"https:\\\/\\\/digital58.com.ve\\\/site\\\/2021\\\/04\\\/13\\\/peru-victima-de-la-indiferencia-el-venezolano-marcos-hernandez-puede-perder-sus-pies\\\/#primaryimage\"},\"thumbnailUrl\":\"https:\\\/\\\/digital58.com.ve\\\/site\\\/wp-content\\\/uploads\\\/2021\\\/04\\\/Marcos-Hernandez.jpg\",\"datePublished\":\"2021-04-13T17:17:49+00:00\",\"description\":\"Servicio P\u00fablico\",\"breadcrumb\":{\"@id\":\"https:\\\/\\\/digital58.com.ve\\\/site\\\/2021\\\/04\\\/13\\\/peru-victima-de-la-indiferencia-el-venezolano-marcos-hernandez-puede-perder-sus-pies\\\/#breadcrumb\"},\"inLanguage\":\"es\",\"potentialAction\":[{\"@type\":\"ReadAction\",\"target\":[\"https:\\\/\\\/digital58.com.ve\\\/site\\\/2021\\\/04\\\/13\\\/peru-victima-de-la-indiferencia-el-venezolano-marcos-hernandez-puede-perder-sus-pies\\\/\"]}]},{\"@type\":\"ImageObject\",\"inLanguage\":\"es\",\"@id\":\"https:\\\/\\\/digital58.com.ve\\\/site\\\/2021\\\/04\\\/13\\\/peru-victima-de-la-indiferencia-el-venezolano-marcos-hernandez-puede-perder-sus-pies\\\/#primaryimage\",\"url\":\"https:\\\/\\\/digital58.com.ve\\\/site\\\/wp-content\\\/uploads\\\/2021\\\/04\\\/Marcos-Hernandez.jpg\",\"contentUrl\":\"https:\\\/\\\/digital58.com.ve\\\/site\\\/wp-content\\\/uploads\\\/2021\\\/04\\\/Marcos-Hernandez.jpg\",\"width\":800,\"height\":600},{\"@type\":\"BreadcrumbList\",\"@id\":\"https:\\\/\\\/digital58.com.ve\\\/site\\\/2021\\\/04\\\/13\\\/peru-victima-de-la-indiferencia-el-venezolano-marcos-hernandez-puede-perder-sus-pies\\\/#breadcrumb\",\"itemListElement\":[{\"@type\":\"ListItem\",\"position\":1,\"name\":\"Home\",\"item\":\"https:\\\/\\\/digital58.com.ve\\\/site\\\/\"},{\"@type\":\"ListItem\",\"position\":2,\"name\":\"#Per\u00fa | V\u00edctima de la indiferencia el venezolano Marcos Hern\u00e1ndez puede perder sus pies\"}]},{\"@type\":\"WebSite\",\"@id\":\"https:\\\/\\\/digital58.com.ve\\\/site\\\/#website\",\"url\":\"https:\\\/\\\/digital58.com.ve\\\/site\\\/\",\"name\":\"Noticias Digital58\",\"description\":\"Portal de Noticias \u00a1Periodismo web de verdad! Lanzamiento web 22.11.2005 \\\/ Maracaibo, Venezuela\",\"publisher\":{\"@id\":\"https:\\\/\\\/digital58.com.ve\\\/site\\\/#\\\/schema\\\/person\\\/64d1c2e4d0d4fd1b849980c4331c2951\"},\"alternateName\":\"ND58\",\"potentialAction\":[{\"@type\":\"SearchAction\",\"target\":{\"@type\":\"EntryPoint\",\"urlTemplate\":\"https:\\\/\\\/digital58.com.ve\\\/site\\\/?s={search_term_string}\"},\"query-input\":{\"@type\":\"PropertyValueSpecification\",\"valueRequired\":true,\"valueName\":\"search_term_string\"}}],\"inLanguage\":\"es\"},{\"@type\":[\"Person\",\"Organization\"],\"@id\":\"https:\\\/\\\/digital58.com.ve\\\/site\\\/#\\\/schema\\\/person\\\/64d1c2e4d0d4fd1b849980c4331c2951\",\"name\":\"Villasmil Henry\",\"image\":{\"@type\":\"ImageObject\",\"inLanguage\":\"es\",\"@id\":\"https:\\\/\\\/secure.gravatar.com\\\/avatar\\\/bb0c4a2fcb7970138239f7e404ea75757b1b507b28b5ce4c53fbd62d797c5a7c?s=96&d=mm&r=g\",\"url\":\"https:\\\/\\\/secure.gravatar.com\\\/avatar\\\/bb0c4a2fcb7970138239f7e404ea75757b1b507b28b5ce4c53fbd62d797c5a7c?s=96&d=mm&r=g\",\"contentUrl\":\"https:\\\/\\\/secure.gravatar.com\\\/avatar\\\/bb0c4a2fcb7970138239f7e404ea75757b1b507b28b5ce4c53fbd62d797c5a7c?s=96&d=mm&r=g\",\"caption\":\"Villasmil Henry\"},\"logo\":{\"@id\":\"https:\\\/\\\/secure.gravatar.com\\\/avatar\\\/bb0c4a2fcb7970138239f7e404ea75757b1b507b28b5ce4c53fbd62d797c5a7c?s=96&d=mm&r=g\"},\"sameAs\":[\"http:\\\/\\\/www.henryvillasmil.com.ve\",\"https:\\\/\\\/www.instagram.com\\\/villasmilhfoto\\\/\",\"https:\\\/\\\/x.com\\\/https:\\\/\\\/twitter.com\\\/villasmilhfoto\"],\"url\":\"https:\\\/\\\/digital58.com.ve\\\/site\\\/author\\\/droopy_68\\\/\"}]}<\/script>\n<!-- \/ Yoast SEO plugin. -->","yoast_head_json":{"title":"#Per\u00fa | V\u00edctima de la indiferencia el venezolano Marcos Hern\u00e1ndez puede perder sus pies","description":"Servicio P\u00fablico","robots":{"index":"index","follow":"follow","max-snippet":"max-snippet:-1","max-image-preview":"max-image-preview:large","max-video-preview":"max-video-preview:-1"},"canonical":"https:\/\/digital58.com.ve\/site\/2021\/04\/13\/peru-victima-de-la-indiferencia-el-venezolano-marcos-hernandez-puede-perder-sus-pies\/","og_locale":"es_ES","og_type":"article","og_title":"#Per\u00fa | V\u00edctima de la indiferencia el venezolano Marcos Hern\u00e1ndez puede perder sus pies","og_description":"Servicio P\u00fablico","og_url":"https:\/\/digital58.com.ve\/site\/2021\/04\/13\/peru-victima-de-la-indiferencia-el-venezolano-marcos-hernandez-puede-perder-sus-pies\/","og_site_name":"Noticias Digital58","article_published_time":"2021-04-13T17:17:49+00:00","og_image":[{"width":900,"height":675,"url":"https:\/\/digital58.com.ve\/site\/wp-content\/uploads\/2021\/04\/Marcos-Hernandez.jpg","type":"image\/jpeg"}],"author":"Villasmil Henry","twitter_card":"summary_large_image","twitter_creator":"@https:\/\/twitter.com\/villasmilhfoto","twitter_site":"@villasmilhfoto","twitter_misc":{"Escrito por":"Villasmil Henry","Tiempo estimado de lectura":"2 minutos"},"schema":{"@context":"https:\/\/schema.org","@graph":[{"@type":"Article","@id":"https:\/\/digital58.com.ve\/site\/2021\/04\/13\/peru-victima-de-la-indiferencia-el-venezolano-marcos-hernandez-puede-perder-sus-pies\/#article","isPartOf":{"@id":"https:\/\/digital58.com.ve\/site\/2021\/04\/13\/peru-victima-de-la-indiferencia-el-venezolano-marcos-hernandez-puede-perder-sus-pies\/"},"author":{"name":"Villasmil Henry","@id":"https:\/\/digital58.com.ve\/site\/#\/schema\/person\/64d1c2e4d0d4fd1b849980c4331c2951"},"headline":"#Per\u00fa | V\u00edctima de la indiferencia el venezolano Marcos Hern\u00e1ndez puede perder sus pies","datePublished":"2021-04-13T17:17:49+00:00","mainEntityOfPage":{"@id":"https:\/\/digital58.com.ve\/site\/2021\/04\/13\/peru-victima-de-la-indiferencia-el-venezolano-marcos-hernandez-puede-perder-sus-pies\/"},"wordCount":397,"commentCount":0,"publisher":{"@id":"https:\/\/digital58.com.ve\/site\/#\/schema\/person\/64d1c2e4d0d4fd1b849980c4331c2951"},"image":{"@id":"https:\/\/digital58.com.ve\/site\/2021\/04\/13\/peru-victima-de-la-indiferencia-el-venezolano-marcos-hernandez-puede-perder-sus-pies\/#primaryimage"},"thumbnailUrl":"https:\/\/digital58.com.ve\/site\/wp-content\/uploads\/2021\/04\/Marcos-Hernandez.jpg","keywords":["Ayuda Humanitaria","Gofundme","Grangrena Isqu\u00e9mica","Internacionales","Marcos Hern\u00e1ndez","Per\u00fa","Venezolanos en el exterior"],"articleSection":["Servicio P\u00fablico"],"inLanguage":"es","potentialAction":[{"@type":"CommentAction","name":"Comment","target":["https:\/\/digital58.com.ve\/site\/2021\/04\/13\/peru-victima-de-la-indiferencia-el-venezolano-marcos-hernandez-puede-perder-sus-pies\/#respond"]}]},{"@type":"WebPage","@id":"https:\/\/digital58.com.ve\/site\/2021\/04\/13\/peru-victima-de-la-indiferencia-el-venezolano-marcos-hernandez-puede-perder-sus-pies\/","url":"https:\/\/digital58.com.ve\/site\/2021\/04\/13\/peru-victima-de-la-indiferencia-el-venezolano-marcos-hernandez-puede-perder-sus-pies\/","name":"#Per\u00fa | V\u00edctima de la indiferencia el venezolano Marcos Hern\u00e1ndez puede perder sus pies","isPartOf":{"@id":"https:\/\/digital58.com.ve\/site\/#website"},"primaryImageOfPage":{"@id":"https:\/\/digital58.com.ve\/site\/2021\/04\/13\/peru-victima-de-la-indiferencia-el-venezolano-marcos-hernandez-puede-perder-sus-pies\/#primaryimage"},"image":{"@id":"https:\/\/digital58.com.ve\/site\/2021\/04\/13\/peru-victima-de-la-indiferencia-el-venezolano-marcos-hernandez-puede-perder-sus-pies\/#primaryimage"},"thumbnailUrl":"https:\/\/digital58.com.ve\/site\/wp-content\/uploads\/2021\/04\/Marcos-Hernandez.jpg","datePublished":"2021-04-13T17:17:49+00:00","description":"Servicio P\u00fablico","breadcrumb":{"@id":"https:\/\/digital58.com.ve\/site\/2021\/04\/13\/peru-victima-de-la-indiferencia-el-venezolano-marcos-hernandez-puede-perder-sus-pies\/#breadcrumb"},"inLanguage":"es","potentialAction":[{"@type":"ReadAction","target":["https:\/\/digital58.com.ve\/site\/2021\/04\/13\/peru-victima-de-la-indiferencia-el-venezolano-marcos-hernandez-puede-perder-sus-pies\/"]}]},{"@type":"ImageObject","inLanguage":"es","@id":"https:\/\/digital58.com.ve\/site\/2021\/04\/13\/peru-victima-de-la-indiferencia-el-venezolano-marcos-hernandez-puede-perder-sus-pies\/#primaryimage","url":"https:\/\/digital58.com.ve\/site\/wp-content\/uploads\/2021\/04\/Marcos-Hernandez.jpg","contentUrl":"https:\/\/digital58.com.ve\/site\/wp-content\/uploads\/2021\/04\/Marcos-Hernandez.jpg","width":800,"height":600},{"@type":"BreadcrumbList","@id":"https:\/\/digital58.com.ve\/site\/2021\/04\/13\/peru-victima-de-la-indiferencia-el-venezolano-marcos-hernandez-puede-perder-sus-pies\/#breadcrumb","itemListElement":[{"@type":"ListItem","position":1,"name":"Home","item":"https:\/\/digital58.com.ve\/site\/"},{"@type":"ListItem","position":2,"name":"#Per\u00fa | V\u00edctima de la indiferencia el venezolano Marcos Hern\u00e1ndez puede perder sus pies"}]},{"@type":"WebSite","@id":"https:\/\/digital58.com.ve\/site\/#website","url":"https:\/\/digital58.com.ve\/site\/","name":"Noticias Digital58","description":"Portal de Noticias \u00a1Periodismo web de verdad! Lanzamiento web 22.11.2005 \/ Maracaibo, Venezuela","publisher":{"@id":"https:\/\/digital58.com.ve\/site\/#\/schema\/person\/64d1c2e4d0d4fd1b849980c4331c2951"},"alternateName":"ND58","potentialAction":[{"@type":"SearchAction","target":{"@type":"EntryPoint","urlTemplate":"https:\/\/digital58.com.ve\/site\/?s={search_term_string}"},"query-input":{"@type":"PropertyValueSpecification","valueRequired":true,"valueName":"search_term_string"}}],"inLanguage":"es"},{"@type":["Person","Organization"],"@id":"https:\/\/digital58.com.ve\/site\/#\/schema\/person\/64d1c2e4d0d4fd1b849980c4331c2951","name":"Villasmil Henry","image":{"@type":"ImageObject","inLanguage":"es","@id":"https:\/\/secure.gravatar.com\/avatar\/bb0c4a2fcb7970138239f7e404ea75757b1b507b28b5ce4c53fbd62d797c5a7c?s=96&d=mm&r=g","url":"https:\/\/secure.gravatar.com\/avatar\/bb0c4a2fcb7970138239f7e404ea75757b1b507b28b5ce4c53fbd62d797c5a7c?s=96&d=mm&r=g","contentUrl":"https:\/\/secure.gravatar.com\/avatar\/bb0c4a2fcb7970138239f7e404ea75757b1b507b28b5ce4c53fbd62d797c5a7c?s=96&d=mm&r=g","caption":"Villasmil Henry"},"logo":{"@id":"https:\/\/secure.gravatar.com\/avatar\/bb0c4a2fcb7970138239f7e404ea75757b1b507b28b5ce4c53fbd62d797c5a7c?s=96&d=mm&r=g"},"sameAs":["http:\/\/www.henryvillasmil.com.ve","https:\/\/www.instagram.com\/villasmilhfoto\/","https:\/\/x.com\/https:\/\/twitter.com\/villasmilhfoto"],"url":"https:\/\/digital58.com.ve\/site\/author\/droopy_68\/"}]}},"uagb_featured_image_src":{"full":["https:\/\/digital58.com.ve\/site\/wp-content\/uploads\/2021\/04\/Marcos-Hernandez.jpg",800,600,false],"thumbnail":["https:\/\/digital58.com.ve\/site\/wp-content\/uploads\/2021\/04\/Marcos-Hernandez-150x150.jpg",150,150,true],"medium":["https:\/\/digital58.com.ve\/site\/wp-content\/uploads\/2021\/04\/Marcos-Hernandez-300x225.jpg",300,225,true],"medium_large":["https:\/\/digital58.com.ve\/site\/wp-content\/uploads\/2021\/04\/Marcos-Hernandez-768x576.jpg",768,576,true],"large":["https:\/\/digital58.com.ve\/site\/wp-content\/uploads\/2021\/04\/Marcos-Hernandez.jpg",800,600,false],"1536x1536":["https:\/\/digital58.com.ve\/site\/wp-content\/uploads\/2021\/04\/Marcos-Hernandez.jpg",800,600,false],"2048x2048":["https:\/\/digital58.com.ve\/site\/wp-content\/uploads\/2021\/04\/Marcos-Hernandez.jpg",800,600,false],"colormag-highlighted-post":["https:\/\/digital58.com.ve\/site\/wp-content\/uploads\/2021\/04\/Marcos-Hernandez.jpg",363,272,false],"colormag-featured-post-medium":["https:\/\/digital58.com.ve\/site\/wp-content\/uploads\/2021\/04\/Marcos-Hernandez.jpg",273,205,false],"colormag-featured-post-small":["https:\/\/digital58.com.ve\/site\/wp-content\/uploads\/2021\/04\/Marcos-Hernandez.jpg",120,90,false],"colormag-featured-image":["https:\/\/digital58.com.ve\/site\/wp-content\/uploads\/2021\/04\/Marcos-Hernandez.jpg",593,445,false],"colormag-default-news":["https:\/\/digital58.com.ve\/site\/wp-content\/uploads\/2021\/04\/Marcos-Hernandez.jpg",150,113,false],"colormag-featured-image-large":["https:\/\/digital58.com.ve\/site\/wp-content\/uploads\/2021\/04\/Marcos-Hernandez.jpg",800,600,false]},"uagb_author_info":{"display_name":"Villasmil Henry","author_link":"https:\/\/digital58.com.ve\/site\/author\/droopy_68\/"},"uagb_comment_info":0,"uagb_excerpt":"Marcos Hern\u00e1ndez requiere ayuda, est\u00e1 en otro pa\u00eds, lejos de sus seres queridos y para su tratamiento pide que colaboren","_links":{"self":[{"href":"https:\/\/digital58.com.ve\/site\/wp-json\/wp\/v2\/posts\/137249","targetHints":{"allow":["GET"]}}],"collection":[{"href":"https:\/\/digital58.com.ve\/site\/wp-json\/wp\/v2\/posts"}],"about":[{"href":"https:\/\/digital58.com.ve\/site\/wp-json\/wp\/v2\/types\/post"}],"author":[{"embeddable":true,"href":"https:\/\/digital58.com.ve\/site\/wp-json\/wp\/v2\/users\/1"}],"replies":[{"embeddable":true,"href":"https:\/\/digital58.com.ve\/site\/wp-json\/wp\/v2\/comments?post=137249"}],"version-history":[{"count":0,"href":"https:\/\/digital58.com.ve\/site\/wp-json\/wp\/v2\/posts\/137249\/revisions"}],"wp:featuredmedia":[{"embeddable":true,"href":"https:\/\/digital58.com.ve\/site\/wp-json\/wp\/v2\/media\/137251"}],"wp:attachment":[{"href":"https:\/\/digital58.com.ve\/site\/wp-json\/wp\/v2\/media?parent=137249"}],"wp:term":[{"taxonomy":"category","embeddable":true,"href":"https:\/\/digital58.com.ve\/site\/wp-json\/wp\/v2\/categories?post=137249"},{"taxonomy":"post_tag","embeddable":true,"href":"https:\/\/digital58.com.ve\/site\/wp-json\/wp\/v2\/tags?post=137249"}],"curies":[{"name":"wp","href":"https:\/\/api.w.org\/{rel}","templated":true}]}}