{"id":137312,"date":"2021-04-14T16:21:34","date_gmt":"2021-04-14T20:21:34","guid":{"rendered":"https:\/\/digital58.com.ve\/site\/?p=137312"},"modified":"2021-04-14T16:21:34","modified_gmt":"2021-04-14T20:21:34","slug":"denuncian-que-cada-dia-aumentan-las-solicitudes-de-cremacion-en-los-cementerios-venezolanos","status":"publish","type":"post","link":"https:\/\/digital58.com.ve\/site\/2021\/04\/14\/denuncian-que-cada-dia-aumentan-las-solicitudes-de-cremacion-en-los-cementerios-venezolanos\/","title":{"rendered":"Denuncian que cada d\u00eda aumentan las solicitudes de cremaci\u00f3n en los cementerios venezolanos"},"content":{"rendered":"<p><img loading=\"lazy\" decoding=\"async\" class=\"aligncenter wp-image-132399\" src=\"https:\/\/digital58.com.ve\/site\/wp-content\/uploads\/2020\/11\/covid19-venezuela.jpg\" alt=\"\" width=\"800\" height=\"533\" srcset=\"https:\/\/digital58.com.ve\/site\/wp-content\/uploads\/2020\/11\/covid19-venezuela.jpg 800w, https:\/\/digital58.com.ve\/site\/wp-content\/uploads\/2020\/11\/covid19-venezuela-300x200.jpg 300w, https:\/\/digital58.com.ve\/site\/wp-content\/uploads\/2020\/11\/covid19-venezuela-768x512.jpg 768w, https:\/\/digital58.com.ve\/site\/wp-content\/uploads\/2020\/11\/covid19-venezuela-720x480.jpg 720w, https:\/\/digital58.com.ve\/site\/wp-content\/uploads\/2020\/11\/covid19-venezuela-480x320.jpg 480w\" sizes=\"auto, (max-width: 800px) 100vw, 800px\" \/><\/p>\n<p>Exigen a las autoridades nacionales \u00abtransparencia\u00bb en cuanto a las cifras de contagios y fallecidos por COVID-19 en el pa\u00eds.<\/p>\n<p><strong>Caracas, DC, Venezuela, 14 de abril de 2021 (ND58).- <\/strong>La ONG M\u00e9dicos Unidos Venezuela (MUV), denunci\u00f3 este mi\u00e9rcoles que las listas para cremaci\u00f3n de los cementerios en el pa\u00eds incrementa cada d\u00eda, mientras que la capacidad de los mismos ya fue superada, en un momento donde el pa\u00eds ha alcanzado el n\u00famero m\u00e1ximo de muertes reportadas en un d\u00eda, a causa de la COVID-19.<\/p>\n<p>As\u00ed lo revelo la organizaci\u00f3n a trav\u00e9s de su cuenta de Twitter, donde adem\u00e1s detallan que ante esta situaci\u00f3n, puede pasar hasta una semana antes de que sea cremado un cad\u00e1ver, lo que incrementa el riesgo de infecciones por coronavirus.<\/p>\n<p>\u00abHasta una semana de espera para realizar procedimientos de cremaci\u00f3n. Cad\u00e1veres deben mantenerse \u00aben refrigeraci\u00f3n\u00bb. Esto podr\u00eda aumentar riesgos de contagios\u00bb, manifiestan.<\/p>\n<p>Por otra parte, la ONG reiter\u00f3 su exigencia \u00abtransparencia\u00bb, por parte de las autoridades nacionales, respecto al n\u00famero de contagios y fallecidos, que se reporta en el pa\u00eds.<\/p>\n<blockquote class=\"twitter-tweet\" data-width=\"550\" data-dnt=\"true\">\n<p lang=\"es\" dir=\"ltr\">Listas para la cremaci\u00f3n de fallecidos por parte de cementerios cada d\u00eda se hace mayor porque superan sus capacidades.<\/p>\n<p>Hasta una semana de espera para realizar procedimientos de cremaci\u00f3n. Cad\u00e1veres deben mantenerse &quot;en refrigeraci\u00f3n&quot;. Esto podr\u00eda aumentar riesgos de contagios.<\/p>\n<p>&mdash; M\u00e9dicos Unidos Vzla (@MedicosUnidosVe) <a href=\"https:\/\/twitter.com\/MedicosUnidosVe\/status\/1382338368269352962?ref_src=twsrc%5Etfw\">April 14, 2021<\/a><\/p><\/blockquote>\n<p><script async src=\"https:\/\/platform.twitter.com\/widgets.js\" charset=\"utf-8\"><\/script><\/p>\n<p>\u00abExtraoficialmente se tiene informaci\u00f3n de lo que ocurre en algunos hospitales que no es la misma que manejan los voceros oficiales\u00bb, precisaron.<\/p>\n<p>Desde MUV, han denunciado reiteradamente que las cifras presentadas, sobre la pandemia, por parte de los voceros oficiales, no corresponden con los n\u00fameros que ellos manejan de manera extraoficial.<\/p><div class=\"rvpaa69f0219722658\" ><p style=\"text-align: center;\"><a href=\"https:\/\/t.me\/noticiasdigital58\" target=\"_blank\" rel=\"noopener\"><img class=\"aligncenter size-full wp-image-125363\" src=\"https:\/\/digital58.com.ve\/site\/wp-content\/uploads\/2021\/04\/banner-telegram-web-2021.png\" alt=\"\" width=\"600\" height=\"90\" \/><\/a><\/p><\/div><style type=\"text\/css\">\r\n@media screen and (min-width: 1201px) {\r\n.rvpaa69f0219722658 {\r\ndisplay: block;\r\n}\r\n}\r\n@media screen and (min-width: 993px) and (max-width: 1200px) {\r\n.rvpaa69f0219722658 {\r\ndisplay: block;\r\n}\r\n}\r\n@media screen and (min-width: 769px) and (max-width: 992px) {\r\n.rvpaa69f0219722658 {\r\ndisplay: block;\r\n}\r\n}\r\n@media screen and (min-width: 768px) and (max-width: 768px) {\r\n.rvpaa69f0219722658 {\r\ndisplay: block;\r\n}\r\n}\r\n@media screen and (max-width: 767px) {\r\n.rvpaa69f0219722658 {\r\ndisplay: block;\r\n}\r\n}\r\n<\/style>\r\n\n<p><strong>Redacci\u00f3n: Morales, Joel (@joeldmc32)<br \/>\nEdici\u00f3n: Villasmil, Henry<br \/>\nGr\u00e1fica: Archivo<\/strong><\/p>\n<div style=\"margin-top: 0px; margin-bottom: 0px;\" class=\"sharethis-inline-share-buttons\" ><\/div>","protected":false},"excerpt":{"rendered":"<p>Exigen a las autoridades nacionales \u00abtransparencia\u00bb en cuanto a las cifras de contagios y fallecidos por COVID-19 en el pa\u00eds.<\/p>\n","protected":false},"author":29,"featured_media":132399,"comment_status":"open","ping_status":"closed","sticky":false,"template":"","format":"standard","meta":{"colormag_page_container_layout":"default_layout","colormag_page_sidebar_layout":"default_layout","_uag_custom_page_level_css":"","footnotes":""},"categories":[16454],"tags":[29,13352,13648,21246,233,13723,32],"class_list":["post-137312","post","type-post","status-publish","format-standard","has-post-thumbnail","hentry","category-venezuela","tag-caracas","tag-coronavirus","tag-covid-19","tag-medicos-unidos-venezuela","tag-nacionales","tag-pandemia","tag-venezuela"],"yoast_head":"<!-- This site is optimized with the Yoast SEO plugin v27.4 - https:\/\/yoast.com\/product\/yoast-seo-wordpress\/ -->\n<title>Denuncian que cada d\u00eda aumentan las solicitudes de cremaci\u00f3n en los cementerios venezolanos<\/title>\n<meta name=\"description\" content=\"Venezuela\" \/>\n<meta name=\"robots\" content=\"index, follow, max-snippet:-1, max-image-preview:large, max-video-preview:-1\" \/>\n<link rel=\"canonical\" href=\"https:\/\/digital58.com.ve\/site\/2021\/04\/14\/denuncian-que-cada-dia-aumentan-las-solicitudes-de-cremacion-en-los-cementerios-venezolanos\/\" \/>\n<meta property=\"og:locale\" content=\"es_ES\" \/>\n<meta property=\"og:type\" content=\"article\" \/>\n<meta property=\"og:title\" content=\"Denuncian que cada d\u00eda aumentan las solicitudes de cremaci\u00f3n en los cementerios venezolanos\" \/>\n<meta property=\"og:description\" content=\"Venezuela\" \/>\n<meta property=\"og:url\" content=\"https:\/\/digital58.com.ve\/site\/2021\/04\/14\/denuncian-que-cada-dia-aumentan-las-solicitudes-de-cremacion-en-los-cementerios-venezolanos\/\" \/>\n<meta property=\"og:site_name\" content=\"Noticias Digital58\" \/>\n<meta property=\"article:published_time\" content=\"2021-04-14T20:21:34+00:00\" \/>\n<meta property=\"og:image\" content=\"https:\/\/digital58.com.ve\/site\/wp-content\/uploads\/2020\/11\/covid19-venezuela.jpg\" \/>\n\t<meta property=\"og:image:width\" content=\"900\" \/>\n\t<meta property=\"og:image:height\" content=\"600\" \/>\n\t<meta property=\"og:image:type\" content=\"image\/jpeg\" \/>\n<meta name=\"author\" content=\"Morales Joel\" \/>\n<meta name=\"twitter:card\" content=\"summary_large_image\" \/>\n<meta name=\"twitter:creator\" content=\"@Digital_58\" \/>\n<meta name=\"twitter:site\" content=\"@villasmilhfoto\" \/>\n<meta name=\"twitter:label1\" content=\"Escrito por\" \/>\n\t<meta name=\"twitter:data1\" content=\"Morales Joel\" \/>\n\t<meta name=\"twitter:label2\" content=\"Tiempo estimado de lectura\" \/>\n\t<meta name=\"twitter:data2\" content=\"2 minutos\" \/>\n<script type=\"application\/ld+json\" class=\"yoast-schema-graph\">{\"@context\":\"https:\\\/\\\/schema.org\",\"@graph\":[{\"@type\":\"Article\",\"@id\":\"https:\\\/\\\/digital58.com.ve\\\/site\\\/2021\\\/04\\\/14\\\/denuncian-que-cada-dia-aumentan-las-solicitudes-de-cremacion-en-los-cementerios-venezolanos\\\/#article\",\"isPartOf\":{\"@id\":\"https:\\\/\\\/digital58.com.ve\\\/site\\\/2021\\\/04\\\/14\\\/denuncian-que-cada-dia-aumentan-las-solicitudes-de-cremacion-en-los-cementerios-venezolanos\\\/\"},\"author\":{\"name\":\"Morales Joel\",\"@id\":\"https:\\\/\\\/digital58.com.ve\\\/site\\\/#\\\/schema\\\/person\\\/8daf5f8bfd9ebdb98150c62bff195b72\"},\"headline\":\"Denuncian que cada d\u00eda aumentan las solicitudes de cremaci\u00f3n en los cementerios venezolanos\",\"datePublished\":\"2021-04-14T20:21:34+00:00\",\"mainEntityOfPage\":{\"@id\":\"https:\\\/\\\/digital58.com.ve\\\/site\\\/2021\\\/04\\\/14\\\/denuncian-que-cada-dia-aumentan-las-solicitudes-de-cremacion-en-los-cementerios-venezolanos\\\/\"},\"wordCount\":279,\"commentCount\":0,\"publisher\":{\"@id\":\"https:\\\/\\\/digital58.com.ve\\\/site\\\/#\\\/schema\\\/person\\\/64d1c2e4d0d4fd1b849980c4331c2951\"},\"image\":{\"@id\":\"https:\\\/\\\/digital58.com.ve\\\/site\\\/2021\\\/04\\\/14\\\/denuncian-que-cada-dia-aumentan-las-solicitudes-de-cremacion-en-los-cementerios-venezolanos\\\/#primaryimage\"},\"thumbnailUrl\":\"https:\\\/\\\/digital58.com.ve\\\/site\\\/wp-content\\\/uploads\\\/2020\\\/11\\\/covid19-venezuela.jpg\",\"keywords\":[\"Caracas\",\"Coronavirus\",\"COVID-19\",\"M\u00e9dicos Unidos Venezuela\",\"Nacionales\",\"Pandemia\",\"Venezuela\"],\"articleSection\":[\"Venezuela\"],\"inLanguage\":\"es\",\"potentialAction\":[{\"@type\":\"CommentAction\",\"name\":\"Comment\",\"target\":[\"https:\\\/\\\/digital58.com.ve\\\/site\\\/2021\\\/04\\\/14\\\/denuncian-que-cada-dia-aumentan-las-solicitudes-de-cremacion-en-los-cementerios-venezolanos\\\/#respond\"]}]},{\"@type\":\"WebPage\",\"@id\":\"https:\\\/\\\/digital58.com.ve\\\/site\\\/2021\\\/04\\\/14\\\/denuncian-que-cada-dia-aumentan-las-solicitudes-de-cremacion-en-los-cementerios-venezolanos\\\/\",\"url\":\"https:\\\/\\\/digital58.com.ve\\\/site\\\/2021\\\/04\\\/14\\\/denuncian-que-cada-dia-aumentan-las-solicitudes-de-cremacion-en-los-cementerios-venezolanos\\\/\",\"name\":\"Denuncian que cada d\u00eda aumentan las solicitudes de cremaci\u00f3n en los cementerios venezolanos\",\"isPartOf\":{\"@id\":\"https:\\\/\\\/digital58.com.ve\\\/site\\\/#website\"},\"primaryImageOfPage\":{\"@id\":\"https:\\\/\\\/digital58.com.ve\\\/site\\\/2021\\\/04\\\/14\\\/denuncian-que-cada-dia-aumentan-las-solicitudes-de-cremacion-en-los-cementerios-venezolanos\\\/#primaryimage\"},\"image\":{\"@id\":\"https:\\\/\\\/digital58.com.ve\\\/site\\\/2021\\\/04\\\/14\\\/denuncian-que-cada-dia-aumentan-las-solicitudes-de-cremacion-en-los-cementerios-venezolanos\\\/#primaryimage\"},\"thumbnailUrl\":\"https:\\\/\\\/digital58.com.ve\\\/site\\\/wp-content\\\/uploads\\\/2020\\\/11\\\/covid19-venezuela.jpg\",\"datePublished\":\"2021-04-14T20:21:34+00:00\",\"description\":\"Venezuela\",\"breadcrumb\":{\"@id\":\"https:\\\/\\\/digital58.com.ve\\\/site\\\/2021\\\/04\\\/14\\\/denuncian-que-cada-dia-aumentan-las-solicitudes-de-cremacion-en-los-cementerios-venezolanos\\\/#breadcrumb\"},\"inLanguage\":\"es\",\"potentialAction\":[{\"@type\":\"ReadAction\",\"target\":[\"https:\\\/\\\/digital58.com.ve\\\/site\\\/2021\\\/04\\\/14\\\/denuncian-que-cada-dia-aumentan-las-solicitudes-de-cremacion-en-los-cementerios-venezolanos\\\/\"]}]},{\"@type\":\"ImageObject\",\"inLanguage\":\"es\",\"@id\":\"https:\\\/\\\/digital58.com.ve\\\/site\\\/2021\\\/04\\\/14\\\/denuncian-que-cada-dia-aumentan-las-solicitudes-de-cremacion-en-los-cementerios-venezolanos\\\/#primaryimage\",\"url\":\"https:\\\/\\\/digital58.com.ve\\\/site\\\/wp-content\\\/uploads\\\/2020\\\/11\\\/covid19-venezuela.jpg\",\"contentUrl\":\"https:\\\/\\\/digital58.com.ve\\\/site\\\/wp-content\\\/uploads\\\/2020\\\/11\\\/covid19-venezuela.jpg\",\"width\":800,\"height\":533},{\"@type\":\"BreadcrumbList\",\"@id\":\"https:\\\/\\\/digital58.com.ve\\\/site\\\/2021\\\/04\\\/14\\\/denuncian-que-cada-dia-aumentan-las-solicitudes-de-cremacion-en-los-cementerios-venezolanos\\\/#breadcrumb\",\"itemListElement\":[{\"@type\":\"ListItem\",\"position\":1,\"name\":\"Home\",\"item\":\"https:\\\/\\\/digital58.com.ve\\\/site\\\/\"},{\"@type\":\"ListItem\",\"position\":2,\"name\":\"Denuncian que cada d\u00eda aumentan las solicitudes de cremaci\u00f3n en los cementerios venezolanos\"}]},{\"@type\":\"WebSite\",\"@id\":\"https:\\\/\\\/digital58.com.ve\\\/site\\\/#website\",\"url\":\"https:\\\/\\\/digital58.com.ve\\\/site\\\/\",\"name\":\"Noticias Digital58\",\"description\":\"Portal de Noticias \u00a1Periodismo web de verdad! Lanzamiento web 22.11.2005 \\\/ Maracaibo, Venezuela\",\"publisher\":{\"@id\":\"https:\\\/\\\/digital58.com.ve\\\/site\\\/#\\\/schema\\\/person\\\/64d1c2e4d0d4fd1b849980c4331c2951\"},\"alternateName\":\"ND58\",\"potentialAction\":[{\"@type\":\"SearchAction\",\"target\":{\"@type\":\"EntryPoint\",\"urlTemplate\":\"https:\\\/\\\/digital58.com.ve\\\/site\\\/?s={search_term_string}\"},\"query-input\":{\"@type\":\"PropertyValueSpecification\",\"valueRequired\":true,\"valueName\":\"search_term_string\"}}],\"inLanguage\":\"es\"},{\"@type\":[\"Person\",\"Organization\"],\"@id\":\"https:\\\/\\\/digital58.com.ve\\\/site\\\/#\\\/schema\\\/person\\\/64d1c2e4d0d4fd1b849980c4331c2951\",\"name\":\"Villasmil Henry\",\"image\":{\"@type\":\"ImageObject\",\"inLanguage\":\"es\",\"@id\":\"https:\\\/\\\/secure.gravatar.com\\\/avatar\\\/bb0c4a2fcb7970138239f7e404ea75757b1b507b28b5ce4c53fbd62d797c5a7c?s=96&d=mm&r=g\",\"url\":\"https:\\\/\\\/secure.gravatar.com\\\/avatar\\\/bb0c4a2fcb7970138239f7e404ea75757b1b507b28b5ce4c53fbd62d797c5a7c?s=96&d=mm&r=g\",\"contentUrl\":\"https:\\\/\\\/secure.gravatar.com\\\/avatar\\\/bb0c4a2fcb7970138239f7e404ea75757b1b507b28b5ce4c53fbd62d797c5a7c?s=96&d=mm&r=g\",\"caption\":\"Villasmil Henry\"},\"logo\":{\"@id\":\"https:\\\/\\\/secure.gravatar.com\\\/avatar\\\/bb0c4a2fcb7970138239f7e404ea75757b1b507b28b5ce4c53fbd62d797c5a7c?s=96&d=mm&r=g\"},\"sameAs\":[\"http:\\\/\\\/www.henryvillasmil.com.ve\",\"https:\\\/\\\/www.instagram.com\\\/villasmilhfoto\\\/\",\"https:\\\/\\\/x.com\\\/https:\\\/\\\/twitter.com\\\/villasmilhfoto\"]},{\"@type\":\"Person\",\"@id\":\"https:\\\/\\\/digital58.com.ve\\\/site\\\/#\\\/schema\\\/person\\\/8daf5f8bfd9ebdb98150c62bff195b72\",\"name\":\"Morales Joel\",\"image\":{\"@type\":\"ImageObject\",\"inLanguage\":\"es\",\"@id\":\"https:\\\/\\\/secure.gravatar.com\\\/avatar\\\/e2cb5ce0e9279ab3c8e03d472e483f32e666716a18da3bfa7b0749a5465409f1?s=96&d=mm&r=g\",\"url\":\"https:\\\/\\\/secure.gravatar.com\\\/avatar\\\/e2cb5ce0e9279ab3c8e03d472e483f32e666716a18da3bfa7b0749a5465409f1?s=96&d=mm&r=g\",\"contentUrl\":\"https:\\\/\\\/secure.gravatar.com\\\/avatar\\\/e2cb5ce0e9279ab3c8e03d472e483f32e666716a18da3bfa7b0749a5465409f1?s=96&d=mm&r=g\",\"caption\":\"Morales Joel\"},\"url\":\"https:\\\/\\\/digital58.com.ve\\\/site\\\/author\\\/joelm\\\/\"}]}<\/script>\n<!-- \/ Yoast SEO plugin. -->","yoast_head_json":{"title":"Denuncian que cada d\u00eda aumentan las solicitudes de cremaci\u00f3n en los cementerios venezolanos","description":"Venezuela","robots":{"index":"index","follow":"follow","max-snippet":"max-snippet:-1","max-image-preview":"max-image-preview:large","max-video-preview":"max-video-preview:-1"},"canonical":"https:\/\/digital58.com.ve\/site\/2021\/04\/14\/denuncian-que-cada-dia-aumentan-las-solicitudes-de-cremacion-en-los-cementerios-venezolanos\/","og_locale":"es_ES","og_type":"article","og_title":"Denuncian que cada d\u00eda aumentan las solicitudes de cremaci\u00f3n en los cementerios venezolanos","og_description":"Venezuela","og_url":"https:\/\/digital58.com.ve\/site\/2021\/04\/14\/denuncian-que-cada-dia-aumentan-las-solicitudes-de-cremacion-en-los-cementerios-venezolanos\/","og_site_name":"Noticias Digital58","article_published_time":"2021-04-14T20:21:34+00:00","og_image":[{"width":900,"height":600,"url":"https:\/\/digital58.com.ve\/site\/wp-content\/uploads\/2020\/11\/covid19-venezuela.jpg","type":"image\/jpeg"}],"author":"Morales Joel","twitter_card":"summary_large_image","twitter_creator":"@Digital_58","twitter_site":"@villasmilhfoto","twitter_misc":{"Escrito por":"Morales Joel","Tiempo estimado de lectura":"2 minutos"},"schema":{"@context":"https:\/\/schema.org","@graph":[{"@type":"Article","@id":"https:\/\/digital58.com.ve\/site\/2021\/04\/14\/denuncian-que-cada-dia-aumentan-las-solicitudes-de-cremacion-en-los-cementerios-venezolanos\/#article","isPartOf":{"@id":"https:\/\/digital58.com.ve\/site\/2021\/04\/14\/denuncian-que-cada-dia-aumentan-las-solicitudes-de-cremacion-en-los-cementerios-venezolanos\/"},"author":{"name":"Morales Joel","@id":"https:\/\/digital58.com.ve\/site\/#\/schema\/person\/8daf5f8bfd9ebdb98150c62bff195b72"},"headline":"Denuncian que cada d\u00eda aumentan las solicitudes de cremaci\u00f3n en los cementerios venezolanos","datePublished":"2021-04-14T20:21:34+00:00","mainEntityOfPage":{"@id":"https:\/\/digital58.com.ve\/site\/2021\/04\/14\/denuncian-que-cada-dia-aumentan-las-solicitudes-de-cremacion-en-los-cementerios-venezolanos\/"},"wordCount":279,"commentCount":0,"publisher":{"@id":"https:\/\/digital58.com.ve\/site\/#\/schema\/person\/64d1c2e4d0d4fd1b849980c4331c2951"},"image":{"@id":"https:\/\/digital58.com.ve\/site\/2021\/04\/14\/denuncian-que-cada-dia-aumentan-las-solicitudes-de-cremacion-en-los-cementerios-venezolanos\/#primaryimage"},"thumbnailUrl":"https:\/\/digital58.com.ve\/site\/wp-content\/uploads\/2020\/11\/covid19-venezuela.jpg","keywords":["Caracas","Coronavirus","COVID-19","M\u00e9dicos Unidos Venezuela","Nacionales","Pandemia","Venezuela"],"articleSection":["Venezuela"],"inLanguage":"es","potentialAction":[{"@type":"CommentAction","name":"Comment","target":["https:\/\/digital58.com.ve\/site\/2021\/04\/14\/denuncian-que-cada-dia-aumentan-las-solicitudes-de-cremacion-en-los-cementerios-venezolanos\/#respond"]}]},{"@type":"WebPage","@id":"https:\/\/digital58.com.ve\/site\/2021\/04\/14\/denuncian-que-cada-dia-aumentan-las-solicitudes-de-cremacion-en-los-cementerios-venezolanos\/","url":"https:\/\/digital58.com.ve\/site\/2021\/04\/14\/denuncian-que-cada-dia-aumentan-las-solicitudes-de-cremacion-en-los-cementerios-venezolanos\/","name":"Denuncian que cada d\u00eda aumentan las solicitudes de cremaci\u00f3n en los cementerios venezolanos","isPartOf":{"@id":"https:\/\/digital58.com.ve\/site\/#website"},"primaryImageOfPage":{"@id":"https:\/\/digital58.com.ve\/site\/2021\/04\/14\/denuncian-que-cada-dia-aumentan-las-solicitudes-de-cremacion-en-los-cementerios-venezolanos\/#primaryimage"},"image":{"@id":"https:\/\/digital58.com.ve\/site\/2021\/04\/14\/denuncian-que-cada-dia-aumentan-las-solicitudes-de-cremacion-en-los-cementerios-venezolanos\/#primaryimage"},"thumbnailUrl":"https:\/\/digital58.com.ve\/site\/wp-content\/uploads\/2020\/11\/covid19-venezuela.jpg","datePublished":"2021-04-14T20:21:34+00:00","description":"Venezuela","breadcrumb":{"@id":"https:\/\/digital58.com.ve\/site\/2021\/04\/14\/denuncian-que-cada-dia-aumentan-las-solicitudes-de-cremacion-en-los-cementerios-venezolanos\/#breadcrumb"},"inLanguage":"es","potentialAction":[{"@type":"ReadAction","target":["https:\/\/digital58.com.ve\/site\/2021\/04\/14\/denuncian-que-cada-dia-aumentan-las-solicitudes-de-cremacion-en-los-cementerios-venezolanos\/"]}]},{"@type":"ImageObject","inLanguage":"es","@id":"https:\/\/digital58.com.ve\/site\/2021\/04\/14\/denuncian-que-cada-dia-aumentan-las-solicitudes-de-cremacion-en-los-cementerios-venezolanos\/#primaryimage","url":"https:\/\/digital58.com.ve\/site\/wp-content\/uploads\/2020\/11\/covid19-venezuela.jpg","contentUrl":"https:\/\/digital58.com.ve\/site\/wp-content\/uploads\/2020\/11\/covid19-venezuela.jpg","width":800,"height":533},{"@type":"BreadcrumbList","@id":"https:\/\/digital58.com.ve\/site\/2021\/04\/14\/denuncian-que-cada-dia-aumentan-las-solicitudes-de-cremacion-en-los-cementerios-venezolanos\/#breadcrumb","itemListElement":[{"@type":"ListItem","position":1,"name":"Home","item":"https:\/\/digital58.com.ve\/site\/"},{"@type":"ListItem","position":2,"name":"Denuncian que cada d\u00eda aumentan las solicitudes de cremaci\u00f3n en los cementerios venezolanos"}]},{"@type":"WebSite","@id":"https:\/\/digital58.com.ve\/site\/#website","url":"https:\/\/digital58.com.ve\/site\/","name":"Noticias Digital58","description":"Portal de Noticias \u00a1Periodismo web de verdad! Lanzamiento web 22.11.2005 \/ Maracaibo, Venezuela","publisher":{"@id":"https:\/\/digital58.com.ve\/site\/#\/schema\/person\/64d1c2e4d0d4fd1b849980c4331c2951"},"alternateName":"ND58","potentialAction":[{"@type":"SearchAction","target":{"@type":"EntryPoint","urlTemplate":"https:\/\/digital58.com.ve\/site\/?s={search_term_string}"},"query-input":{"@type":"PropertyValueSpecification","valueRequired":true,"valueName":"search_term_string"}}],"inLanguage":"es"},{"@type":["Person","Organization"],"@id":"https:\/\/digital58.com.ve\/site\/#\/schema\/person\/64d1c2e4d0d4fd1b849980c4331c2951","name":"Villasmil Henry","image":{"@type":"ImageObject","inLanguage":"es","@id":"https:\/\/secure.gravatar.com\/avatar\/bb0c4a2fcb7970138239f7e404ea75757b1b507b28b5ce4c53fbd62d797c5a7c?s=96&d=mm&r=g","url":"https:\/\/secure.gravatar.com\/avatar\/bb0c4a2fcb7970138239f7e404ea75757b1b507b28b5ce4c53fbd62d797c5a7c?s=96&d=mm&r=g","contentUrl":"https:\/\/secure.gravatar.com\/avatar\/bb0c4a2fcb7970138239f7e404ea75757b1b507b28b5ce4c53fbd62d797c5a7c?s=96&d=mm&r=g","caption":"Villasmil Henry"},"logo":{"@id":"https:\/\/secure.gravatar.com\/avatar\/bb0c4a2fcb7970138239f7e404ea75757b1b507b28b5ce4c53fbd62d797c5a7c?s=96&d=mm&r=g"},"sameAs":["http:\/\/www.henryvillasmil.com.ve","https:\/\/www.instagram.com\/villasmilhfoto\/","https:\/\/x.com\/https:\/\/twitter.com\/villasmilhfoto"]},{"@type":"Person","@id":"https:\/\/digital58.com.ve\/site\/#\/schema\/person\/8daf5f8bfd9ebdb98150c62bff195b72","name":"Morales Joel","image":{"@type":"ImageObject","inLanguage":"es","@id":"https:\/\/secure.gravatar.com\/avatar\/e2cb5ce0e9279ab3c8e03d472e483f32e666716a18da3bfa7b0749a5465409f1?s=96&d=mm&r=g","url":"https:\/\/secure.gravatar.com\/avatar\/e2cb5ce0e9279ab3c8e03d472e483f32e666716a18da3bfa7b0749a5465409f1?s=96&d=mm&r=g","contentUrl":"https:\/\/secure.gravatar.com\/avatar\/e2cb5ce0e9279ab3c8e03d472e483f32e666716a18da3bfa7b0749a5465409f1?s=96&d=mm&r=g","caption":"Morales Joel"},"url":"https:\/\/digital58.com.ve\/site\/author\/joelm\/"}]}},"uagb_featured_image_src":{"full":["https:\/\/digital58.com.ve\/site\/wp-content\/uploads\/2020\/11\/covid19-venezuela.jpg",800,533,false],"thumbnail":["https:\/\/digital58.com.ve\/site\/wp-content\/uploads\/2020\/11\/covid19-venezuela-150x150.jpg",150,150,true],"medium":["https:\/\/digital58.com.ve\/site\/wp-content\/uploads\/2020\/11\/covid19-venezuela-300x200.jpg",300,200,true],"medium_large":["https:\/\/digital58.com.ve\/site\/wp-content\/uploads\/2020\/11\/covid19-venezuela-768x512.jpg",768,512,true],"large":["https:\/\/digital58.com.ve\/site\/wp-content\/uploads\/2020\/11\/covid19-venezuela.jpg",800,533,false],"1536x1536":["https:\/\/digital58.com.ve\/site\/wp-content\/uploads\/2020\/11\/covid19-venezuela.jpg",800,533,false],"2048x2048":["https:\/\/digital58.com.ve\/site\/wp-content\/uploads\/2020\/11\/covid19-venezuela.jpg",800,533,false],"colormag-highlighted-post":["https:\/\/digital58.com.ve\/site\/wp-content\/uploads\/2020\/11\/covid19-venezuela.jpg",392,261,false],"colormag-featured-post-medium":["https:\/\/digital58.com.ve\/site\/wp-content\/uploads\/2020\/11\/covid19-venezuela.jpg",308,205,false],"colormag-featured-post-small":["https:\/\/digital58.com.ve\/site\/wp-content\/uploads\/2020\/11\/covid19-venezuela.jpg",130,87,false],"colormag-featured-image":["https:\/\/digital58.com.ve\/site\/wp-content\/uploads\/2020\/11\/covid19-venezuela.jpg",668,445,false],"colormag-default-news":["https:\/\/digital58.com.ve\/site\/wp-content\/uploads\/2020\/11\/covid19-venezuela.jpg",150,100,false],"colormag-featured-image-large":["https:\/\/digital58.com.ve\/site\/wp-content\/uploads\/2020\/11\/covid19-venezuela.jpg",800,533,false]},"uagb_author_info":{"display_name":"Morales Joel","author_link":"https:\/\/digital58.com.ve\/site\/author\/joelm\/"},"uagb_comment_info":0,"uagb_excerpt":"Exigen a las autoridades nacionales \u00abtransparencia\u00bb en cuanto a las cifras de contagios y fallecidos por COVID-19 en el pa\u00eds.","_links":{"self":[{"href":"https:\/\/digital58.com.ve\/site\/wp-json\/wp\/v2\/posts\/137312","targetHints":{"allow":["GET"]}}],"collection":[{"href":"https:\/\/digital58.com.ve\/site\/wp-json\/wp\/v2\/posts"}],"about":[{"href":"https:\/\/digital58.com.ve\/site\/wp-json\/wp\/v2\/types\/post"}],"author":[{"embeddable":true,"href":"https:\/\/digital58.com.ve\/site\/wp-json\/wp\/v2\/users\/29"}],"replies":[{"embeddable":true,"href":"https:\/\/digital58.com.ve\/site\/wp-json\/wp\/v2\/comments?post=137312"}],"version-history":[{"count":0,"href":"https:\/\/digital58.com.ve\/site\/wp-json\/wp\/v2\/posts\/137312\/revisions"}],"wp:featuredmedia":[{"embeddable":true,"href":"https:\/\/digital58.com.ve\/site\/wp-json\/wp\/v2\/media\/132399"}],"wp:attachment":[{"href":"https:\/\/digital58.com.ve\/site\/wp-json\/wp\/v2\/media?parent=137312"}],"wp:term":[{"taxonomy":"category","embeddable":true,"href":"https:\/\/digital58.com.ve\/site\/wp-json\/wp\/v2\/categories?post=137312"},{"taxonomy":"post_tag","embeddable":true,"href":"https:\/\/digital58.com.ve\/site\/wp-json\/wp\/v2\/tags?post=137312"}],"curies":[{"name":"wp","href":"https:\/\/api.w.org\/{rel}","templated":true}]}}