{"id":137528,"date":"2021-04-19T12:31:32","date_gmt":"2021-04-19T16:31:32","guid":{"rendered":"https:\/\/digital58.com.ve\/site\/?p=137528"},"modified":"2021-04-19T12:31:32","modified_gmt":"2021-04-19T16:31:32","slug":"budu-vuelve-a-sus-raices-musicales-con-el-lanzamiento-de-su-disco-te-lo-digo-a-mi-manera","status":"publish","type":"post","link":"https:\/\/digital58.com.ve\/site\/2021\/04\/19\/budu-vuelve-a-sus-raices-musicales-con-el-lanzamiento-de-su-disco-te-lo-digo-a-mi-manera\/","title":{"rendered":"\u00abBud\u00fa\u00bb vuelve a sus ra\u00edces musicales con el lanzamiento de su disco \u00abTe lo digo a mi manera\u00bb"},"content":{"rendered":"<p><a href=\"https:\/\/digital58.com.ve\/site\/wp-content\/uploads\/2021\/04\/budu-19.04.21.jpg\"><img loading=\"lazy\" decoding=\"async\" class=\"aligncenter size-full wp-image-137529\" src=\"https:\/\/digital58.com.ve\/site\/wp-content\/uploads\/2021\/04\/budu-19.04.21.jpg\" alt=\"\" width=\"900\" height=\"595\" srcset=\"https:\/\/digital58.com.ve\/site\/wp-content\/uploads\/2021\/04\/budu-19.04.21.jpg 900w, https:\/\/digital58.com.ve\/site\/wp-content\/uploads\/2021\/04\/budu-19.04.21-300x198.jpg 300w, https:\/\/digital58.com.ve\/site\/wp-content\/uploads\/2021\/04\/budu-19.04.21-768x508.jpg 768w\" sizes=\"auto, (max-width: 900px) 100vw, 900px\" \/><\/a><\/p>\n<p>El nombre del disco, surgi\u00f3 de una ronda de preguntas que el controvertido cantante urbano realiz\u00f3 con sus seguidores en su cuenta de Instagram.<\/p>\n<p><strong>Caracas, DC, Venezuela, 19 de abril de 2021 (ND58).-<\/strong> El cantante Pedro P\u00e9rez, conocido como \u00abBud\u00fa\u00bb, vuelve a sus ra\u00edces musicales con el lanzamiento de su disco y documental \u00abTe lo digo a mi manera\u00bb, un homenaje a su trayectoria art\u00edstica, que cuenta con 20 canciones, disponibles desde este 19 de abril en todas las plataformas digitales bajo la distribuci\u00f3n de Omerta Music Group, una divisi\u00f3n de JN Music Group.<\/p>\n<p>\u00abCuando mi madre muri\u00f3 qued\u00e9 en un limbo. No sab\u00eda qu\u00e9 hacer. Llegu\u00e9 a pensar en retirarme de la m\u00fasica porque ella era mi fan\u00e1tica y cr\u00edtica n\u00famero 1. Pero mi familia me motiv\u00f3 a continuar, por lo que empec\u00e9 a preparar este proyecto, el cual le dedico a mi madre y a mis seguidores\u00bb, detalla \u00abBud\u00fa\u00bb.<\/p>\n<p>\u00abCuando empec\u00e9 a trabajar en este disco no sab\u00eda qu\u00e9 nombre ponerle, as\u00ed que le ped\u00ed a mis fan\u00e1ticos por Instagram que me apoyaran en esta b\u00fasqueda. Me mandaron muy buenos nombres, pero en especial me llam\u00f3 la atenci\u00f3n \u00abTe lo digo a mi manera\u00bb, porque define lo que es \u00abBud\u00fa\u00bb, mis letras, lo que pienso. Estaba con una gran amiga y a ella tambi\u00e9n le gust\u00f3, as\u00ed que me qued\u00e9 con ese nombre\u00bb, cuenta.<\/p>\n<p>El documental, dirigido por Alejandro Hern\u00e1ndez, conocido como Alepuro, es un regalo para los productores, cantantes, fot\u00f3grafos y el talento que lo apoy\u00f3 y de una u otra manera particip\u00f3 en este proyecto: Audioplace Estudios, V\u00edctor Fern\u00e1ndez (V\u00edctor Soprano), Fuenma, Nafer el del mix, Yosef Fl\u00fameri, Andrea Lovera, El Hijo Pro, Humbria, Omerta Music Group, Mauro Mosquera, Don Fulano, Johnny Flecha (conocido como DJ 13), Eseoka, Ernesto Patintin, Gabriel Mart\u00ednez (Gabodirector), Brielerre, Dr. Norrys, Prieto Gang, Maxter, Afrolatino, Jariaspost y David Contreras.<\/p>\n<p>\u00abEste documental est\u00e1 dedicado al gran equipo que me apoy\u00f3 para hacer \u00abTe lo digo a mi manera\u00bb. Muchos artistas quieren trabajar con productores y artistas internacionales y se les olvida que en Venezuela contamos con gente talentosa que puede hacer un gran trabajo. Este documental es una ventana para que la gente conozca el gran trabajo que hacen\u00bb, cuenta \u00abBud\u00fa\u00bb.<\/p>\n<p>Omerta Music Group es una empresa americana dedicada al entretenimiento, teniendo como base la industria musical, el manejo y marketing de los Artistas as\u00ed como el desarrollo de sus carreras sus due\u00f1os son cuatro exitosos empresarios en distintas facetas de la industria musical, Juan Hidalgo, Nelson Est\u00e9vez, Magic Juan y Remil \u00abCobi\u00bb Renna.<\/p><div class=\"dinej69f4d2ee1a40e\" ><p style=\"text-align: center;\"><a href=\"https:\/\/t.me\/noticiasdigital58\" target=\"_blank\" rel=\"noopener\"><img class=\"aligncenter size-full wp-image-125363\" src=\"https:\/\/digital58.com.ve\/site\/wp-content\/uploads\/2021\/04\/banner-telegram-web-2021.png\" alt=\"\" width=\"600\" height=\"90\" \/><\/a><\/p><\/div><style type=\"text\/css\">\r\n@media screen and (min-width: 1201px) {\r\n.dinej69f4d2ee1a40e {\r\ndisplay: block;\r\n}\r\n}\r\n@media screen and (min-width: 993px) and (max-width: 1200px) {\r\n.dinej69f4d2ee1a40e {\r\ndisplay: block;\r\n}\r\n}\r\n@media screen and (min-width: 769px) and (max-width: 992px) {\r\n.dinej69f4d2ee1a40e {\r\ndisplay: block;\r\n}\r\n}\r\n@media screen and (min-width: 768px) and (max-width: 768px) {\r\n.dinej69f4d2ee1a40e {\r\ndisplay: block;\r\n}\r\n}\r\n@media screen and (max-width: 767px) {\r\n.dinej69f4d2ee1a40e {\r\ndisplay: block;\r\n}\r\n}\r\n<\/style>\r\n\n<p><strong>Redacci\u00f3n ND58 | Fuente: NDP<\/strong><br \/>\n<strong>Edici\u00f3n: Villasmil, Henry<\/strong><br \/>\n<strong>Gr\u00e1fica: Cortes\u00eda<\/strong><\/p>\n<div style=\"margin-top: 0px; margin-bottom: 0px;\" class=\"sharethis-inline-share-buttons\" ><\/div>","protected":false},"excerpt":{"rendered":"<p>El nombre del disco, surgi\u00f3 de una ronda de preguntas que el controvertido cantante urbano realiz\u00f3 con sus seguidores en<\/p>\n","protected":false},"author":1,"featured_media":137529,"comment_status":"open","ping_status":"closed","sticky":false,"template":"","format":"standard","meta":{"colormag_page_container_layout":"default_layout","colormag_page_sidebar_layout":"default_layout","_uag_custom_page_level_css":"","footnotes":""},"categories":[5414],"tags":[5420,78,50,273,3044,11583,61,233,1581,32],"class_list":["post-137528","post","type-post","status-publish","format-standard","has-post-thumbnail","hentry","category-talento_nacional","tag-budu","tag-cantantes","tag-entretenimiento","tag-farandula","tag-genero-urbano","tag-lanzamientos-musicales","tag-musica","tag-nacionales","tag-nuevos-discos","tag-venezuela"],"yoast_head":"<!-- This site is optimized with the Yoast SEO plugin v27.5 - https:\/\/yoast.com\/product\/yoast-seo-wordpress\/ -->\n<title>\u00abBud\u00fa\u00bb vuelve a sus ra\u00edces musicales con el lanzamiento de su disco \u00abTe lo digo a mi manera\u00bb<\/title>\n<meta name=\"description\" content=\"Talento Nacional\" \/>\n<meta name=\"robots\" content=\"index, follow, max-snippet:-1, max-image-preview:large, max-video-preview:-1\" \/>\n<link rel=\"canonical\" href=\"https:\/\/digital58.com.ve\/site\/2021\/04\/19\/budu-vuelve-a-sus-raices-musicales-con-el-lanzamiento-de-su-disco-te-lo-digo-a-mi-manera\/\" \/>\n<meta property=\"og:locale\" content=\"es_ES\" \/>\n<meta property=\"og:type\" content=\"article\" \/>\n<meta property=\"og:title\" content=\"\u00abBud\u00fa\u00bb vuelve a sus ra\u00edces musicales con el lanzamiento de su disco \u00abTe lo digo a mi manera\u00bb\" \/>\n<meta property=\"og:description\" content=\"Talento Nacional\" \/>\n<meta property=\"og:url\" content=\"https:\/\/digital58.com.ve\/site\/2021\/04\/19\/budu-vuelve-a-sus-raices-musicales-con-el-lanzamiento-de-su-disco-te-lo-digo-a-mi-manera\/\" \/>\n<meta property=\"og:site_name\" content=\"Noticias Digital58\" \/>\n<meta property=\"article:published_time\" content=\"2021-04-19T16:31:32+00:00\" \/>\n<meta property=\"og:image\" content=\"https:\/\/digital58.com.ve\/site\/wp-content\/uploads\/2021\/04\/budu-19.04.21.jpg\" \/>\n\t<meta property=\"og:image:width\" content=\"900\" \/>\n\t<meta property=\"og:image:height\" content=\"595\" \/>\n\t<meta property=\"og:image:type\" content=\"image\/jpeg\" \/>\n<meta name=\"author\" content=\"Villasmil Henry\" \/>\n<meta name=\"twitter:card\" content=\"summary_large_image\" \/>\n<meta name=\"twitter:creator\" content=\"@https:\/\/twitter.com\/villasmilhfoto\" \/>\n<meta name=\"twitter:site\" content=\"@villasmilhfoto\" \/>\n<meta name=\"twitter:label1\" content=\"Escrito por\" \/>\n\t<meta name=\"twitter:data1\" content=\"Villasmil Henry\" \/>\n\t<meta name=\"twitter:label2\" content=\"Tiempo estimado de lectura\" \/>\n\t<meta name=\"twitter:data2\" content=\"3 minutos\" \/>\n<script type=\"application\/ld+json\" class=\"yoast-schema-graph\">{\"@context\":\"https:\\\/\\\/schema.org\",\"@graph\":[{\"@type\":\"Article\",\"@id\":\"https:\\\/\\\/digital58.com.ve\\\/site\\\/2021\\\/04\\\/19\\\/budu-vuelve-a-sus-raices-musicales-con-el-lanzamiento-de-su-disco-te-lo-digo-a-mi-manera\\\/#article\",\"isPartOf\":{\"@id\":\"https:\\\/\\\/digital58.com.ve\\\/site\\\/2021\\\/04\\\/19\\\/budu-vuelve-a-sus-raices-musicales-con-el-lanzamiento-de-su-disco-te-lo-digo-a-mi-manera\\\/\"},\"author\":{\"name\":\"Villasmil Henry\",\"@id\":\"https:\\\/\\\/digital58.com.ve\\\/site\\\/#\\\/schema\\\/person\\\/64d1c2e4d0d4fd1b849980c4331c2951\"},\"headline\":\"\u00abBud\u00fa\u00bb vuelve a sus ra\u00edces musicales con el lanzamiento de su disco \u00abTe lo digo a mi manera\u00bb\",\"datePublished\":\"2021-04-19T16:31:32+00:00\",\"mainEntityOfPage\":{\"@id\":\"https:\\\/\\\/digital58.com.ve\\\/site\\\/2021\\\/04\\\/19\\\/budu-vuelve-a-sus-raices-musicales-con-el-lanzamiento-de-su-disco-te-lo-digo-a-mi-manera\\\/\"},\"wordCount\":473,\"commentCount\":0,\"publisher\":{\"@id\":\"https:\\\/\\\/digital58.com.ve\\\/site\\\/#\\\/schema\\\/person\\\/64d1c2e4d0d4fd1b849980c4331c2951\"},\"image\":{\"@id\":\"https:\\\/\\\/digital58.com.ve\\\/site\\\/2021\\\/04\\\/19\\\/budu-vuelve-a-sus-raices-musicales-con-el-lanzamiento-de-su-disco-te-lo-digo-a-mi-manera\\\/#primaryimage\"},\"thumbnailUrl\":\"https:\\\/\\\/digital58.com.ve\\\/site\\\/wp-content\\\/uploads\\\/2021\\\/04\\\/budu-19.04.21.jpg\",\"keywords\":[\"Bud\u00fa\",\"Cantantes\",\"Entretenimiento\",\"Far\u00e1ndula\",\"G\u00e9nero Urbano\",\"Lanzamientos Musicales\",\"M\u00fasica\",\"Nacionales\",\"Nuevos Discos\",\"Venezuela\"],\"articleSection\":[\"Talento Nacional\"],\"inLanguage\":\"es\",\"potentialAction\":[{\"@type\":\"CommentAction\",\"name\":\"Comment\",\"target\":[\"https:\\\/\\\/digital58.com.ve\\\/site\\\/2021\\\/04\\\/19\\\/budu-vuelve-a-sus-raices-musicales-con-el-lanzamiento-de-su-disco-te-lo-digo-a-mi-manera\\\/#respond\"]}]},{\"@type\":\"WebPage\",\"@id\":\"https:\\\/\\\/digital58.com.ve\\\/site\\\/2021\\\/04\\\/19\\\/budu-vuelve-a-sus-raices-musicales-con-el-lanzamiento-de-su-disco-te-lo-digo-a-mi-manera\\\/\",\"url\":\"https:\\\/\\\/digital58.com.ve\\\/site\\\/2021\\\/04\\\/19\\\/budu-vuelve-a-sus-raices-musicales-con-el-lanzamiento-de-su-disco-te-lo-digo-a-mi-manera\\\/\",\"name\":\"\u00abBud\u00fa\u00bb vuelve a sus ra\u00edces musicales con el lanzamiento de su disco \u00abTe lo digo a mi manera\u00bb\",\"isPartOf\":{\"@id\":\"https:\\\/\\\/digital58.com.ve\\\/site\\\/#website\"},\"primaryImageOfPage\":{\"@id\":\"https:\\\/\\\/digital58.com.ve\\\/site\\\/2021\\\/04\\\/19\\\/budu-vuelve-a-sus-raices-musicales-con-el-lanzamiento-de-su-disco-te-lo-digo-a-mi-manera\\\/#primaryimage\"},\"image\":{\"@id\":\"https:\\\/\\\/digital58.com.ve\\\/site\\\/2021\\\/04\\\/19\\\/budu-vuelve-a-sus-raices-musicales-con-el-lanzamiento-de-su-disco-te-lo-digo-a-mi-manera\\\/#primaryimage\"},\"thumbnailUrl\":\"https:\\\/\\\/digital58.com.ve\\\/site\\\/wp-content\\\/uploads\\\/2021\\\/04\\\/budu-19.04.21.jpg\",\"datePublished\":\"2021-04-19T16:31:32+00:00\",\"description\":\"Talento Nacional\",\"breadcrumb\":{\"@id\":\"https:\\\/\\\/digital58.com.ve\\\/site\\\/2021\\\/04\\\/19\\\/budu-vuelve-a-sus-raices-musicales-con-el-lanzamiento-de-su-disco-te-lo-digo-a-mi-manera\\\/#breadcrumb\"},\"inLanguage\":\"es\",\"potentialAction\":[{\"@type\":\"ReadAction\",\"target\":[\"https:\\\/\\\/digital58.com.ve\\\/site\\\/2021\\\/04\\\/19\\\/budu-vuelve-a-sus-raices-musicales-con-el-lanzamiento-de-su-disco-te-lo-digo-a-mi-manera\\\/\"]}]},{\"@type\":\"ImageObject\",\"inLanguage\":\"es\",\"@id\":\"https:\\\/\\\/digital58.com.ve\\\/site\\\/2021\\\/04\\\/19\\\/budu-vuelve-a-sus-raices-musicales-con-el-lanzamiento-de-su-disco-te-lo-digo-a-mi-manera\\\/#primaryimage\",\"url\":\"https:\\\/\\\/digital58.com.ve\\\/site\\\/wp-content\\\/uploads\\\/2021\\\/04\\\/budu-19.04.21.jpg\",\"contentUrl\":\"https:\\\/\\\/digital58.com.ve\\\/site\\\/wp-content\\\/uploads\\\/2021\\\/04\\\/budu-19.04.21.jpg\",\"width\":900,\"height\":595},{\"@type\":\"BreadcrumbList\",\"@id\":\"https:\\\/\\\/digital58.com.ve\\\/site\\\/2021\\\/04\\\/19\\\/budu-vuelve-a-sus-raices-musicales-con-el-lanzamiento-de-su-disco-te-lo-digo-a-mi-manera\\\/#breadcrumb\",\"itemListElement\":[{\"@type\":\"ListItem\",\"position\":1,\"name\":\"Home\",\"item\":\"https:\\\/\\\/digital58.com.ve\\\/site\\\/\"},{\"@type\":\"ListItem\",\"position\":2,\"name\":\"\u00abBud\u00fa\u00bb vuelve a sus ra\u00edces musicales con el lanzamiento de su disco \u00abTe lo digo a mi manera\u00bb\"}]},{\"@type\":\"WebSite\",\"@id\":\"https:\\\/\\\/digital58.com.ve\\\/site\\\/#website\",\"url\":\"https:\\\/\\\/digital58.com.ve\\\/site\\\/\",\"name\":\"Noticias Digital58\",\"description\":\"Portal de Noticias \u00a1Periodismo web de verdad! Lanzamiento web 22.11.2005 \\\/ Maracaibo, Venezuela\",\"publisher\":{\"@id\":\"https:\\\/\\\/digital58.com.ve\\\/site\\\/#\\\/schema\\\/person\\\/64d1c2e4d0d4fd1b849980c4331c2951\"},\"alternateName\":\"ND58\",\"potentialAction\":[{\"@type\":\"SearchAction\",\"target\":{\"@type\":\"EntryPoint\",\"urlTemplate\":\"https:\\\/\\\/digital58.com.ve\\\/site\\\/?s={search_term_string}\"},\"query-input\":{\"@type\":\"PropertyValueSpecification\",\"valueRequired\":true,\"valueName\":\"search_term_string\"}}],\"inLanguage\":\"es\"},{\"@type\":[\"Person\",\"Organization\"],\"@id\":\"https:\\\/\\\/digital58.com.ve\\\/site\\\/#\\\/schema\\\/person\\\/64d1c2e4d0d4fd1b849980c4331c2951\",\"name\":\"Villasmil Henry\",\"image\":{\"@type\":\"ImageObject\",\"inLanguage\":\"es\",\"@id\":\"https:\\\/\\\/secure.gravatar.com\\\/avatar\\\/bb0c4a2fcb7970138239f7e404ea75757b1b507b28b5ce4c53fbd62d797c5a7c?s=96&d=mm&r=g\",\"url\":\"https:\\\/\\\/secure.gravatar.com\\\/avatar\\\/bb0c4a2fcb7970138239f7e404ea75757b1b507b28b5ce4c53fbd62d797c5a7c?s=96&d=mm&r=g\",\"contentUrl\":\"https:\\\/\\\/secure.gravatar.com\\\/avatar\\\/bb0c4a2fcb7970138239f7e404ea75757b1b507b28b5ce4c53fbd62d797c5a7c?s=96&d=mm&r=g\",\"caption\":\"Villasmil Henry\"},\"logo\":{\"@id\":\"https:\\\/\\\/secure.gravatar.com\\\/avatar\\\/bb0c4a2fcb7970138239f7e404ea75757b1b507b28b5ce4c53fbd62d797c5a7c?s=96&d=mm&r=g\"},\"sameAs\":[\"http:\\\/\\\/www.henryvillasmil.com.ve\",\"https:\\\/\\\/www.instagram.com\\\/villasmilhfoto\\\/\",\"https:\\\/\\\/x.com\\\/https:\\\/\\\/twitter.com\\\/villasmilhfoto\"],\"url\":\"https:\\\/\\\/digital58.com.ve\\\/site\\\/author\\\/droopy_68\\\/\"}]}<\/script>\n<!-- \/ Yoast SEO plugin. -->","yoast_head_json":{"title":"\u00abBud\u00fa\u00bb vuelve a sus ra\u00edces musicales con el lanzamiento de su disco \u00abTe lo digo a mi manera\u00bb","description":"Talento Nacional","robots":{"index":"index","follow":"follow","max-snippet":"max-snippet:-1","max-image-preview":"max-image-preview:large","max-video-preview":"max-video-preview:-1"},"canonical":"https:\/\/digital58.com.ve\/site\/2021\/04\/19\/budu-vuelve-a-sus-raices-musicales-con-el-lanzamiento-de-su-disco-te-lo-digo-a-mi-manera\/","og_locale":"es_ES","og_type":"article","og_title":"\u00abBud\u00fa\u00bb vuelve a sus ra\u00edces musicales con el lanzamiento de su disco \u00abTe lo digo a mi manera\u00bb","og_description":"Talento Nacional","og_url":"https:\/\/digital58.com.ve\/site\/2021\/04\/19\/budu-vuelve-a-sus-raices-musicales-con-el-lanzamiento-de-su-disco-te-lo-digo-a-mi-manera\/","og_site_name":"Noticias Digital58","article_published_time":"2021-04-19T16:31:32+00:00","og_image":[{"width":900,"height":595,"url":"https:\/\/digital58.com.ve\/site\/wp-content\/uploads\/2021\/04\/budu-19.04.21.jpg","type":"image\/jpeg"}],"author":"Villasmil Henry","twitter_card":"summary_large_image","twitter_creator":"@https:\/\/twitter.com\/villasmilhfoto","twitter_site":"@villasmilhfoto","twitter_misc":{"Escrito por":"Villasmil Henry","Tiempo estimado de lectura":"3 minutos"},"schema":{"@context":"https:\/\/schema.org","@graph":[{"@type":"Article","@id":"https:\/\/digital58.com.ve\/site\/2021\/04\/19\/budu-vuelve-a-sus-raices-musicales-con-el-lanzamiento-de-su-disco-te-lo-digo-a-mi-manera\/#article","isPartOf":{"@id":"https:\/\/digital58.com.ve\/site\/2021\/04\/19\/budu-vuelve-a-sus-raices-musicales-con-el-lanzamiento-de-su-disco-te-lo-digo-a-mi-manera\/"},"author":{"name":"Villasmil Henry","@id":"https:\/\/digital58.com.ve\/site\/#\/schema\/person\/64d1c2e4d0d4fd1b849980c4331c2951"},"headline":"\u00abBud\u00fa\u00bb vuelve a sus ra\u00edces musicales con el lanzamiento de su disco \u00abTe lo digo a mi manera\u00bb","datePublished":"2021-04-19T16:31:32+00:00","mainEntityOfPage":{"@id":"https:\/\/digital58.com.ve\/site\/2021\/04\/19\/budu-vuelve-a-sus-raices-musicales-con-el-lanzamiento-de-su-disco-te-lo-digo-a-mi-manera\/"},"wordCount":473,"commentCount":0,"publisher":{"@id":"https:\/\/digital58.com.ve\/site\/#\/schema\/person\/64d1c2e4d0d4fd1b849980c4331c2951"},"image":{"@id":"https:\/\/digital58.com.ve\/site\/2021\/04\/19\/budu-vuelve-a-sus-raices-musicales-con-el-lanzamiento-de-su-disco-te-lo-digo-a-mi-manera\/#primaryimage"},"thumbnailUrl":"https:\/\/digital58.com.ve\/site\/wp-content\/uploads\/2021\/04\/budu-19.04.21.jpg","keywords":["Bud\u00fa","Cantantes","Entretenimiento","Far\u00e1ndula","G\u00e9nero Urbano","Lanzamientos Musicales","M\u00fasica","Nacionales","Nuevos Discos","Venezuela"],"articleSection":["Talento Nacional"],"inLanguage":"es","potentialAction":[{"@type":"CommentAction","name":"Comment","target":["https:\/\/digital58.com.ve\/site\/2021\/04\/19\/budu-vuelve-a-sus-raices-musicales-con-el-lanzamiento-de-su-disco-te-lo-digo-a-mi-manera\/#respond"]}]},{"@type":"WebPage","@id":"https:\/\/digital58.com.ve\/site\/2021\/04\/19\/budu-vuelve-a-sus-raices-musicales-con-el-lanzamiento-de-su-disco-te-lo-digo-a-mi-manera\/","url":"https:\/\/digital58.com.ve\/site\/2021\/04\/19\/budu-vuelve-a-sus-raices-musicales-con-el-lanzamiento-de-su-disco-te-lo-digo-a-mi-manera\/","name":"\u00abBud\u00fa\u00bb vuelve a sus ra\u00edces musicales con el lanzamiento de su disco \u00abTe lo digo a mi manera\u00bb","isPartOf":{"@id":"https:\/\/digital58.com.ve\/site\/#website"},"primaryImageOfPage":{"@id":"https:\/\/digital58.com.ve\/site\/2021\/04\/19\/budu-vuelve-a-sus-raices-musicales-con-el-lanzamiento-de-su-disco-te-lo-digo-a-mi-manera\/#primaryimage"},"image":{"@id":"https:\/\/digital58.com.ve\/site\/2021\/04\/19\/budu-vuelve-a-sus-raices-musicales-con-el-lanzamiento-de-su-disco-te-lo-digo-a-mi-manera\/#primaryimage"},"thumbnailUrl":"https:\/\/digital58.com.ve\/site\/wp-content\/uploads\/2021\/04\/budu-19.04.21.jpg","datePublished":"2021-04-19T16:31:32+00:00","description":"Talento Nacional","breadcrumb":{"@id":"https:\/\/digital58.com.ve\/site\/2021\/04\/19\/budu-vuelve-a-sus-raices-musicales-con-el-lanzamiento-de-su-disco-te-lo-digo-a-mi-manera\/#breadcrumb"},"inLanguage":"es","potentialAction":[{"@type":"ReadAction","target":["https:\/\/digital58.com.ve\/site\/2021\/04\/19\/budu-vuelve-a-sus-raices-musicales-con-el-lanzamiento-de-su-disco-te-lo-digo-a-mi-manera\/"]}]},{"@type":"ImageObject","inLanguage":"es","@id":"https:\/\/digital58.com.ve\/site\/2021\/04\/19\/budu-vuelve-a-sus-raices-musicales-con-el-lanzamiento-de-su-disco-te-lo-digo-a-mi-manera\/#primaryimage","url":"https:\/\/digital58.com.ve\/site\/wp-content\/uploads\/2021\/04\/budu-19.04.21.jpg","contentUrl":"https:\/\/digital58.com.ve\/site\/wp-content\/uploads\/2021\/04\/budu-19.04.21.jpg","width":900,"height":595},{"@type":"BreadcrumbList","@id":"https:\/\/digital58.com.ve\/site\/2021\/04\/19\/budu-vuelve-a-sus-raices-musicales-con-el-lanzamiento-de-su-disco-te-lo-digo-a-mi-manera\/#breadcrumb","itemListElement":[{"@type":"ListItem","position":1,"name":"Home","item":"https:\/\/digital58.com.ve\/site\/"},{"@type":"ListItem","position":2,"name":"\u00abBud\u00fa\u00bb vuelve a sus ra\u00edces musicales con el lanzamiento de su disco \u00abTe lo digo a mi manera\u00bb"}]},{"@type":"WebSite","@id":"https:\/\/digital58.com.ve\/site\/#website","url":"https:\/\/digital58.com.ve\/site\/","name":"Noticias Digital58","description":"Portal de Noticias \u00a1Periodismo web de verdad! Lanzamiento web 22.11.2005 \/ Maracaibo, Venezuela","publisher":{"@id":"https:\/\/digital58.com.ve\/site\/#\/schema\/person\/64d1c2e4d0d4fd1b849980c4331c2951"},"alternateName":"ND58","potentialAction":[{"@type":"SearchAction","target":{"@type":"EntryPoint","urlTemplate":"https:\/\/digital58.com.ve\/site\/?s={search_term_string}"},"query-input":{"@type":"PropertyValueSpecification","valueRequired":true,"valueName":"search_term_string"}}],"inLanguage":"es"},{"@type":["Person","Organization"],"@id":"https:\/\/digital58.com.ve\/site\/#\/schema\/person\/64d1c2e4d0d4fd1b849980c4331c2951","name":"Villasmil Henry","image":{"@type":"ImageObject","inLanguage":"es","@id":"https:\/\/secure.gravatar.com\/avatar\/bb0c4a2fcb7970138239f7e404ea75757b1b507b28b5ce4c53fbd62d797c5a7c?s=96&d=mm&r=g","url":"https:\/\/secure.gravatar.com\/avatar\/bb0c4a2fcb7970138239f7e404ea75757b1b507b28b5ce4c53fbd62d797c5a7c?s=96&d=mm&r=g","contentUrl":"https:\/\/secure.gravatar.com\/avatar\/bb0c4a2fcb7970138239f7e404ea75757b1b507b28b5ce4c53fbd62d797c5a7c?s=96&d=mm&r=g","caption":"Villasmil Henry"},"logo":{"@id":"https:\/\/secure.gravatar.com\/avatar\/bb0c4a2fcb7970138239f7e404ea75757b1b507b28b5ce4c53fbd62d797c5a7c?s=96&d=mm&r=g"},"sameAs":["http:\/\/www.henryvillasmil.com.ve","https:\/\/www.instagram.com\/villasmilhfoto\/","https:\/\/x.com\/https:\/\/twitter.com\/villasmilhfoto"],"url":"https:\/\/digital58.com.ve\/site\/author\/droopy_68\/"}]}},"uagb_featured_image_src":{"full":["https:\/\/digital58.com.ve\/site\/wp-content\/uploads\/2021\/04\/budu-19.04.21.jpg",900,595,false],"thumbnail":["https:\/\/digital58.com.ve\/site\/wp-content\/uploads\/2021\/04\/budu-19.04.21-150x150.jpg",150,150,true],"medium":["https:\/\/digital58.com.ve\/site\/wp-content\/uploads\/2021\/04\/budu-19.04.21-300x198.jpg",300,198,true],"medium_large":["https:\/\/digital58.com.ve\/site\/wp-content\/uploads\/2021\/04\/budu-19.04.21-768x508.jpg",768,508,true],"large":["https:\/\/digital58.com.ve\/site\/wp-content\/uploads\/2021\/04\/budu-19.04.21.jpg",800,529,false],"1536x1536":["https:\/\/digital58.com.ve\/site\/wp-content\/uploads\/2021\/04\/budu-19.04.21.jpg",900,595,false],"2048x2048":["https:\/\/digital58.com.ve\/site\/wp-content\/uploads\/2021\/04\/budu-19.04.21.jpg",900,595,false],"colormag-highlighted-post":["https:\/\/digital58.com.ve\/site\/wp-content\/uploads\/2021\/04\/budu-19.04.21.jpg",392,259,false],"colormag-featured-post-medium":["https:\/\/digital58.com.ve\/site\/wp-content\/uploads\/2021\/04\/budu-19.04.21.jpg",310,205,false],"colormag-featured-post-small":["https:\/\/digital58.com.ve\/site\/wp-content\/uploads\/2021\/04\/budu-19.04.21.jpg",130,86,false],"colormag-featured-image":["https:\/\/digital58.com.ve\/site\/wp-content\/uploads\/2021\/04\/budu-19.04.21.jpg",673,445,false],"colormag-default-news":["https:\/\/digital58.com.ve\/site\/wp-content\/uploads\/2021\/04\/budu-19.04.21.jpg",150,99,false],"colormag-featured-image-large":["https:\/\/digital58.com.ve\/site\/wp-content\/uploads\/2021\/04\/budu-19.04.21.jpg",900,595,false]},"uagb_author_info":{"display_name":"Villasmil Henry","author_link":"https:\/\/digital58.com.ve\/site\/author\/droopy_68\/"},"uagb_comment_info":0,"uagb_excerpt":"El nombre del disco, surgi\u00f3 de una ronda de preguntas que el controvertido cantante urbano realiz\u00f3 con sus seguidores en","_links":{"self":[{"href":"https:\/\/digital58.com.ve\/site\/wp-json\/wp\/v2\/posts\/137528","targetHints":{"allow":["GET"]}}],"collection":[{"href":"https:\/\/digital58.com.ve\/site\/wp-json\/wp\/v2\/posts"}],"about":[{"href":"https:\/\/digital58.com.ve\/site\/wp-json\/wp\/v2\/types\/post"}],"author":[{"embeddable":true,"href":"https:\/\/digital58.com.ve\/site\/wp-json\/wp\/v2\/users\/1"}],"replies":[{"embeddable":true,"href":"https:\/\/digital58.com.ve\/site\/wp-json\/wp\/v2\/comments?post=137528"}],"version-history":[{"count":0,"href":"https:\/\/digital58.com.ve\/site\/wp-json\/wp\/v2\/posts\/137528\/revisions"}],"wp:featuredmedia":[{"embeddable":true,"href":"https:\/\/digital58.com.ve\/site\/wp-json\/wp\/v2\/media\/137529"}],"wp:attachment":[{"href":"https:\/\/digital58.com.ve\/site\/wp-json\/wp\/v2\/media?parent=137528"}],"wp:term":[{"taxonomy":"category","embeddable":true,"href":"https:\/\/digital58.com.ve\/site\/wp-json\/wp\/v2\/categories?post=137528"},{"taxonomy":"post_tag","embeddable":true,"href":"https:\/\/digital58.com.ve\/site\/wp-json\/wp\/v2\/tags?post=137528"}],"curies":[{"name":"wp","href":"https:\/\/api.w.org\/{rel}","templated":true}]}}