{"id":137676,"date":"2021-04-22T19:07:57","date_gmt":"2021-04-22T23:07:57","guid":{"rendered":"https:\/\/digital58.com.ve\/site\/?p=137676"},"modified":"2021-04-22T22:02:21","modified_gmt":"2021-04-23T02:02:21","slug":"el-barcelona-se-queda-en-la-superliga-y-pide-reformas-estructurales","status":"publish","type":"post","link":"https:\/\/digital58.com.ve\/site\/2021\/04\/22\/el-barcelona-se-queda-en-la-superliga-y-pide-reformas-estructurales\/","title":{"rendered":"El Barcelona se queda en la Superliga y pide \u00abreformas estructurales\u00bb"},"content":{"rendered":"<p><a href=\"https:\/\/digital58.com.ve\/site\/wp-content\/uploads\/2021\/04\/Joan-Laporta.jpg\"><img loading=\"lazy\" decoding=\"async\" class=\"aligncenter size-full wp-image-137677\" src=\"https:\/\/digital58.com.ve\/site\/wp-content\/uploads\/2021\/04\/Joan-Laporta.jpg\" alt=\"\" width=\"900\" height=\"600\" srcset=\"https:\/\/digital58.com.ve\/site\/wp-content\/uploads\/2021\/04\/Joan-Laporta.jpg 900w, https:\/\/digital58.com.ve\/site\/wp-content\/uploads\/2021\/04\/Joan-Laporta-300x200.jpg 300w, https:\/\/digital58.com.ve\/site\/wp-content\/uploads\/2021\/04\/Joan-Laporta-768x512.jpg 768w, https:\/\/digital58.com.ve\/site\/wp-content\/uploads\/2021\/04\/Joan-Laporta-720x480.jpg 720w, https:\/\/digital58.com.ve\/site\/wp-content\/uploads\/2021\/04\/Joan-Laporta-480x320.jpg 480w\" sizes=\"auto, (max-width: 900px) 100vw, 900px\" \/><\/a><\/p>\n<p>Seg\u00fan el club azulgrana, el objetivo es mejorar \u00abel espect\u00e1culo que se ofrece a los aficionados de alrededor del mundo y consolidar, y hasta incrementar, la base social sobre la cual se sostiene este deporte\u00bb.<\/p>\n<p><strong>Barcelona, Espa\u00f1a, 22 de abril de 2021 (ND58).-<\/strong> El FC Barcelona pide \u00abreformas estructurales destinadas a garantizar la sostenibilidad financiera y la viabilidad del mundo del f\u00fatbol\u00bb en un comunicado oficial que se emite despu\u00e9s de los agitados acontecimientos que han tenido lugar alrededor del proyecto de la Superliga, el cual no explica que abandone.<\/p>\n<p>Y la junta directiva de Joan Laporta justifica as\u00ed su entrada en la competici\u00f3n: \u00aben este contexto, la junta directiva del FC Barcelona acept\u00f3, con car\u00e1cter de m\u00e1xima urgencia, formar parte, en calidad de club fundador, de la Superliga\u00bb.<\/p>\n<p>A lo que a\u00f1ade que \u00abla decisi\u00f3n se tom\u00f3 con el convencimiento de que una supuesta renuncia a formar parte de esta iniciativa en calidad de club fundador habr\u00eda sido un error hist\u00f3rico\u00bb.<\/p>\n<p>De todas maneras, el comunicado recuerda que el club \u00abse reserv\u00f3 expresamente el derecho a someter tan trascendente decisi\u00f3n a la aprobaci\u00f3n definitiva de sus \u00f3rganos sociales competentes despu\u00e9s de un necesario y profundo estudio\u00bb.<\/p>\n<p>A continuaci\u00f3n, dice que \u00abconstatada la reacci\u00f3n social que en muchos y diferentes \u00e1mbitos ha producido la iniciativa, es innegable que el FC Barcelona entiende que hace falta abrir un an\u00e1lisis mucho m\u00e1s profundo sobre las razones que han generado esta reacci\u00f3n a fin de reconsiderar, si es necesario, el planteamiento y la f\u00f3rmula propuesta inicialmente\u00bb.<\/p><div class=\"ocrqa69ef41c929c45\" ><p style=\"text-align: center;\"><a href=\"https:\/\/t.me\/noticiasdigital58\" target=\"_blank\" rel=\"noopener\"><img class=\"aligncenter size-full wp-image-125363\" src=\"https:\/\/digital58.com.ve\/site\/wp-content\/uploads\/2021\/04\/banner-telegram-web-2021.png\" alt=\"\" width=\"600\" height=\"90\" \/><\/a><\/p><\/div><style type=\"text\/css\">\r\n@media screen and (min-width: 1201px) {\r\n.ocrqa69ef41c929c45 {\r\ndisplay: block;\r\n}\r\n}\r\n@media screen and (min-width: 993px) and (max-width: 1200px) {\r\n.ocrqa69ef41c929c45 {\r\ndisplay: block;\r\n}\r\n}\r\n@media screen and (min-width: 769px) and (max-width: 992px) {\r\n.ocrqa69ef41c929c45 {\r\ndisplay: block;\r\n}\r\n}\r\n@media screen and (min-width: 768px) and (max-width: 768px) {\r\n.ocrqa69ef41c929c45 {\r\ndisplay: block;\r\n}\r\n}\r\n@media screen and (max-width: 767px) {\r\n.ocrqa69ef41c929c45 {\r\ndisplay: block;\r\n}\r\n}\r\n<\/style>\r\n\n<p><strong>Redacci\u00f3n ND58 | Fuente: EFE<\/strong><br \/>\n<strong>Edici\u00f3n: Villasmil, Henry<\/strong><br \/>\n<strong>Gr\u00e1fica: EFE<\/strong><\/p>\n<div style=\"margin-top: 0px; margin-bottom: 0px;\" class=\"sharethis-inline-share-buttons\" ><\/div>","protected":false},"excerpt":{"rendered":"<p>Seg\u00fan el club azulgrana, el objetivo es mejorar \u00abel espect\u00e1culo que se ofrece a los aficionados de alrededor del mundo<\/p>\n","protected":false},"author":1,"featured_media":137677,"comment_status":"open","ping_status":"closed","sticky":false,"template":"","format":"standard","meta":{"colormag_page_container_layout":"default_layout","colormag_page_sidebar_layout":"default_layout","_uag_custom_page_level_css":"","footnotes":""},"categories":[5402],"tags":[596,115,13,499,41,23611,22465],"class_list":["post-137676","post","type-post","status-publish","format-standard","has-post-thumbnail","hentry","category-deportes","tag-barcelona-futbol-club","tag-espana","tag-futbol","tag-futbol-espanol","tag-futbol-internacional","tag-joan-laporta","tag-superliga"],"yoast_head":"<!-- This site is optimized with the Yoast SEO plugin v27.4 - https:\/\/yoast.com\/product\/yoast-seo-wordpress\/ -->\n<title>El Barcelona se queda en la Superliga y pide \u00abreformas estructurales\u00bb<\/title>\n<meta name=\"description\" content=\"Deportes\" \/>\n<meta name=\"robots\" content=\"index, follow, max-snippet:-1, max-image-preview:large, max-video-preview:-1\" \/>\n<link rel=\"canonical\" href=\"https:\/\/digital58.com.ve\/site\/2021\/04\/22\/el-barcelona-se-queda-en-la-superliga-y-pide-reformas-estructurales\/\" \/>\n<meta property=\"og:locale\" content=\"es_ES\" \/>\n<meta property=\"og:type\" content=\"article\" \/>\n<meta property=\"og:title\" content=\"El Barcelona se queda en la Superliga y pide \u00abreformas estructurales\u00bb\" \/>\n<meta property=\"og:description\" content=\"Deportes\" \/>\n<meta property=\"og:url\" content=\"https:\/\/digital58.com.ve\/site\/2021\/04\/22\/el-barcelona-se-queda-en-la-superliga-y-pide-reformas-estructurales\/\" \/>\n<meta property=\"og:site_name\" content=\"Noticias Digital58\" \/>\n<meta property=\"article:published_time\" content=\"2021-04-22T23:07:57+00:00\" \/>\n<meta property=\"article:modified_time\" content=\"2021-04-23T02:02:21+00:00\" \/>\n<meta property=\"og:image\" content=\"https:\/\/digital58.com.ve\/site\/wp-content\/uploads\/2021\/04\/Joan-Laporta.jpg\" \/>\n\t<meta property=\"og:image:width\" content=\"900\" \/>\n\t<meta property=\"og:image:height\" content=\"600\" \/>\n\t<meta property=\"og:image:type\" content=\"image\/jpeg\" \/>\n<meta name=\"author\" content=\"Villasmil Henry\" \/>\n<meta name=\"twitter:card\" content=\"summary_large_image\" \/>\n<meta name=\"twitter:creator\" content=\"@https:\/\/twitter.com\/villasmilhfoto\" \/>\n<meta name=\"twitter:site\" content=\"@villasmilhfoto\" \/>\n<meta name=\"twitter:label1\" content=\"Escrito por\" \/>\n\t<meta name=\"twitter:data1\" content=\"Villasmil Henry\" \/>\n\t<meta name=\"twitter:label2\" content=\"Tiempo estimado de lectura\" \/>\n\t<meta name=\"twitter:data2\" content=\"2 minutos\" \/>\n<script type=\"application\/ld+json\" class=\"yoast-schema-graph\">{\"@context\":\"https:\\\/\\\/schema.org\",\"@graph\":[{\"@type\":\"Article\",\"@id\":\"https:\\\/\\\/digital58.com.ve\\\/site\\\/2021\\\/04\\\/22\\\/el-barcelona-se-queda-en-la-superliga-y-pide-reformas-estructurales\\\/#article\",\"isPartOf\":{\"@id\":\"https:\\\/\\\/digital58.com.ve\\\/site\\\/2021\\\/04\\\/22\\\/el-barcelona-se-queda-en-la-superliga-y-pide-reformas-estructurales\\\/\"},\"author\":{\"name\":\"Villasmil Henry\",\"@id\":\"https:\\\/\\\/digital58.com.ve\\\/site\\\/#\\\/schema\\\/person\\\/64d1c2e4d0d4fd1b849980c4331c2951\"},\"headline\":\"El Barcelona se queda en la Superliga y pide \u00abreformas estructurales\u00bb\",\"datePublished\":\"2021-04-22T23:07:57+00:00\",\"dateModified\":\"2021-04-23T02:02:21+00:00\",\"mainEntityOfPage\":{\"@id\":\"https:\\\/\\\/digital58.com.ve\\\/site\\\/2021\\\/04\\\/22\\\/el-barcelona-se-queda-en-la-superliga-y-pide-reformas-estructurales\\\/\"},\"wordCount\":296,\"commentCount\":0,\"publisher\":{\"@id\":\"https:\\\/\\\/digital58.com.ve\\\/site\\\/#\\\/schema\\\/person\\\/64d1c2e4d0d4fd1b849980c4331c2951\"},\"image\":{\"@id\":\"https:\\\/\\\/digital58.com.ve\\\/site\\\/2021\\\/04\\\/22\\\/el-barcelona-se-queda-en-la-superliga-y-pide-reformas-estructurales\\\/#primaryimage\"},\"thumbnailUrl\":\"https:\\\/\\\/digital58.com.ve\\\/site\\\/wp-content\\\/uploads\\\/2021\\\/04\\\/Joan-Laporta.jpg\",\"keywords\":[\"Barcelona F\u00fatbol Club\",\"Espa\u00f1a\",\"F\u00fatbol\",\"F\u00fatbol Espa\u00f1ol\",\"F\u00fatbol Internacional\",\"Joan Laporta\",\"Superliga\"],\"articleSection\":[\"Deportes\"],\"inLanguage\":\"es\",\"potentialAction\":[{\"@type\":\"CommentAction\",\"name\":\"Comment\",\"target\":[\"https:\\\/\\\/digital58.com.ve\\\/site\\\/2021\\\/04\\\/22\\\/el-barcelona-se-queda-en-la-superliga-y-pide-reformas-estructurales\\\/#respond\"]}]},{\"@type\":\"WebPage\",\"@id\":\"https:\\\/\\\/digital58.com.ve\\\/site\\\/2021\\\/04\\\/22\\\/el-barcelona-se-queda-en-la-superliga-y-pide-reformas-estructurales\\\/\",\"url\":\"https:\\\/\\\/digital58.com.ve\\\/site\\\/2021\\\/04\\\/22\\\/el-barcelona-se-queda-en-la-superliga-y-pide-reformas-estructurales\\\/\",\"name\":\"El Barcelona se queda en la Superliga y pide \u00abreformas estructurales\u00bb\",\"isPartOf\":{\"@id\":\"https:\\\/\\\/digital58.com.ve\\\/site\\\/#website\"},\"primaryImageOfPage\":{\"@id\":\"https:\\\/\\\/digital58.com.ve\\\/site\\\/2021\\\/04\\\/22\\\/el-barcelona-se-queda-en-la-superliga-y-pide-reformas-estructurales\\\/#primaryimage\"},\"image\":{\"@id\":\"https:\\\/\\\/digital58.com.ve\\\/site\\\/2021\\\/04\\\/22\\\/el-barcelona-se-queda-en-la-superliga-y-pide-reformas-estructurales\\\/#primaryimage\"},\"thumbnailUrl\":\"https:\\\/\\\/digital58.com.ve\\\/site\\\/wp-content\\\/uploads\\\/2021\\\/04\\\/Joan-Laporta.jpg\",\"datePublished\":\"2021-04-22T23:07:57+00:00\",\"dateModified\":\"2021-04-23T02:02:21+00:00\",\"description\":\"Deportes\",\"breadcrumb\":{\"@id\":\"https:\\\/\\\/digital58.com.ve\\\/site\\\/2021\\\/04\\\/22\\\/el-barcelona-se-queda-en-la-superliga-y-pide-reformas-estructurales\\\/#breadcrumb\"},\"inLanguage\":\"es\",\"potentialAction\":[{\"@type\":\"ReadAction\",\"target\":[\"https:\\\/\\\/digital58.com.ve\\\/site\\\/2021\\\/04\\\/22\\\/el-barcelona-se-queda-en-la-superliga-y-pide-reformas-estructurales\\\/\"]}]},{\"@type\":\"ImageObject\",\"inLanguage\":\"es\",\"@id\":\"https:\\\/\\\/digital58.com.ve\\\/site\\\/2021\\\/04\\\/22\\\/el-barcelona-se-queda-en-la-superliga-y-pide-reformas-estructurales\\\/#primaryimage\",\"url\":\"https:\\\/\\\/digital58.com.ve\\\/site\\\/wp-content\\\/uploads\\\/2021\\\/04\\\/Joan-Laporta.jpg\",\"contentUrl\":\"https:\\\/\\\/digital58.com.ve\\\/site\\\/wp-content\\\/uploads\\\/2021\\\/04\\\/Joan-Laporta.jpg\",\"width\":900,\"height\":600},{\"@type\":\"BreadcrumbList\",\"@id\":\"https:\\\/\\\/digital58.com.ve\\\/site\\\/2021\\\/04\\\/22\\\/el-barcelona-se-queda-en-la-superliga-y-pide-reformas-estructurales\\\/#breadcrumb\",\"itemListElement\":[{\"@type\":\"ListItem\",\"position\":1,\"name\":\"Home\",\"item\":\"https:\\\/\\\/digital58.com.ve\\\/site\\\/\"},{\"@type\":\"ListItem\",\"position\":2,\"name\":\"El Barcelona se queda en la Superliga y pide \u00abreformas estructurales\u00bb\"}]},{\"@type\":\"WebSite\",\"@id\":\"https:\\\/\\\/digital58.com.ve\\\/site\\\/#website\",\"url\":\"https:\\\/\\\/digital58.com.ve\\\/site\\\/\",\"name\":\"Noticias Digital58\",\"description\":\"Portal de Noticias \u00a1Periodismo web de verdad! Lanzamiento web 22.11.2005 \\\/ Maracaibo, Venezuela\",\"publisher\":{\"@id\":\"https:\\\/\\\/digital58.com.ve\\\/site\\\/#\\\/schema\\\/person\\\/64d1c2e4d0d4fd1b849980c4331c2951\"},\"alternateName\":\"ND58\",\"potentialAction\":[{\"@type\":\"SearchAction\",\"target\":{\"@type\":\"EntryPoint\",\"urlTemplate\":\"https:\\\/\\\/digital58.com.ve\\\/site\\\/?s={search_term_string}\"},\"query-input\":{\"@type\":\"PropertyValueSpecification\",\"valueRequired\":true,\"valueName\":\"search_term_string\"}}],\"inLanguage\":\"es\"},{\"@type\":[\"Person\",\"Organization\"],\"@id\":\"https:\\\/\\\/digital58.com.ve\\\/site\\\/#\\\/schema\\\/person\\\/64d1c2e4d0d4fd1b849980c4331c2951\",\"name\":\"Villasmil Henry\",\"image\":{\"@type\":\"ImageObject\",\"inLanguage\":\"es\",\"@id\":\"https:\\\/\\\/secure.gravatar.com\\\/avatar\\\/bb0c4a2fcb7970138239f7e404ea75757b1b507b28b5ce4c53fbd62d797c5a7c?s=96&d=mm&r=g\",\"url\":\"https:\\\/\\\/secure.gravatar.com\\\/avatar\\\/bb0c4a2fcb7970138239f7e404ea75757b1b507b28b5ce4c53fbd62d797c5a7c?s=96&d=mm&r=g\",\"contentUrl\":\"https:\\\/\\\/secure.gravatar.com\\\/avatar\\\/bb0c4a2fcb7970138239f7e404ea75757b1b507b28b5ce4c53fbd62d797c5a7c?s=96&d=mm&r=g\",\"caption\":\"Villasmil Henry\"},\"logo\":{\"@id\":\"https:\\\/\\\/secure.gravatar.com\\\/avatar\\\/bb0c4a2fcb7970138239f7e404ea75757b1b507b28b5ce4c53fbd62d797c5a7c?s=96&d=mm&r=g\"},\"sameAs\":[\"http:\\\/\\\/www.henryvillasmil.com.ve\",\"https:\\\/\\\/www.instagram.com\\\/villasmilhfoto\\\/\",\"https:\\\/\\\/x.com\\\/https:\\\/\\\/twitter.com\\\/villasmilhfoto\"],\"url\":\"https:\\\/\\\/digital58.com.ve\\\/site\\\/author\\\/droopy_68\\\/\"}]}<\/script>\n<!-- \/ Yoast SEO plugin. -->","yoast_head_json":{"title":"El Barcelona se queda en la Superliga y pide \u00abreformas estructurales\u00bb","description":"Deportes","robots":{"index":"index","follow":"follow","max-snippet":"max-snippet:-1","max-image-preview":"max-image-preview:large","max-video-preview":"max-video-preview:-1"},"canonical":"https:\/\/digital58.com.ve\/site\/2021\/04\/22\/el-barcelona-se-queda-en-la-superliga-y-pide-reformas-estructurales\/","og_locale":"es_ES","og_type":"article","og_title":"El Barcelona se queda en la Superliga y pide \u00abreformas estructurales\u00bb","og_description":"Deportes","og_url":"https:\/\/digital58.com.ve\/site\/2021\/04\/22\/el-barcelona-se-queda-en-la-superliga-y-pide-reformas-estructurales\/","og_site_name":"Noticias Digital58","article_published_time":"2021-04-22T23:07:57+00:00","article_modified_time":"2021-04-23T02:02:21+00:00","og_image":[{"width":900,"height":600,"url":"https:\/\/digital58.com.ve\/site\/wp-content\/uploads\/2021\/04\/Joan-Laporta.jpg","type":"image\/jpeg"}],"author":"Villasmil Henry","twitter_card":"summary_large_image","twitter_creator":"@https:\/\/twitter.com\/villasmilhfoto","twitter_site":"@villasmilhfoto","twitter_misc":{"Escrito por":"Villasmil Henry","Tiempo estimado de lectura":"2 minutos"},"schema":{"@context":"https:\/\/schema.org","@graph":[{"@type":"Article","@id":"https:\/\/digital58.com.ve\/site\/2021\/04\/22\/el-barcelona-se-queda-en-la-superliga-y-pide-reformas-estructurales\/#article","isPartOf":{"@id":"https:\/\/digital58.com.ve\/site\/2021\/04\/22\/el-barcelona-se-queda-en-la-superliga-y-pide-reformas-estructurales\/"},"author":{"name":"Villasmil Henry","@id":"https:\/\/digital58.com.ve\/site\/#\/schema\/person\/64d1c2e4d0d4fd1b849980c4331c2951"},"headline":"El Barcelona se queda en la Superliga y pide \u00abreformas estructurales\u00bb","datePublished":"2021-04-22T23:07:57+00:00","dateModified":"2021-04-23T02:02:21+00:00","mainEntityOfPage":{"@id":"https:\/\/digital58.com.ve\/site\/2021\/04\/22\/el-barcelona-se-queda-en-la-superliga-y-pide-reformas-estructurales\/"},"wordCount":296,"commentCount":0,"publisher":{"@id":"https:\/\/digital58.com.ve\/site\/#\/schema\/person\/64d1c2e4d0d4fd1b849980c4331c2951"},"image":{"@id":"https:\/\/digital58.com.ve\/site\/2021\/04\/22\/el-barcelona-se-queda-en-la-superliga-y-pide-reformas-estructurales\/#primaryimage"},"thumbnailUrl":"https:\/\/digital58.com.ve\/site\/wp-content\/uploads\/2021\/04\/Joan-Laporta.jpg","keywords":["Barcelona F\u00fatbol Club","Espa\u00f1a","F\u00fatbol","F\u00fatbol Espa\u00f1ol","F\u00fatbol Internacional","Joan Laporta","Superliga"],"articleSection":["Deportes"],"inLanguage":"es","potentialAction":[{"@type":"CommentAction","name":"Comment","target":["https:\/\/digital58.com.ve\/site\/2021\/04\/22\/el-barcelona-se-queda-en-la-superliga-y-pide-reformas-estructurales\/#respond"]}]},{"@type":"WebPage","@id":"https:\/\/digital58.com.ve\/site\/2021\/04\/22\/el-barcelona-se-queda-en-la-superliga-y-pide-reformas-estructurales\/","url":"https:\/\/digital58.com.ve\/site\/2021\/04\/22\/el-barcelona-se-queda-en-la-superliga-y-pide-reformas-estructurales\/","name":"El Barcelona se queda en la Superliga y pide \u00abreformas estructurales\u00bb","isPartOf":{"@id":"https:\/\/digital58.com.ve\/site\/#website"},"primaryImageOfPage":{"@id":"https:\/\/digital58.com.ve\/site\/2021\/04\/22\/el-barcelona-se-queda-en-la-superliga-y-pide-reformas-estructurales\/#primaryimage"},"image":{"@id":"https:\/\/digital58.com.ve\/site\/2021\/04\/22\/el-barcelona-se-queda-en-la-superliga-y-pide-reformas-estructurales\/#primaryimage"},"thumbnailUrl":"https:\/\/digital58.com.ve\/site\/wp-content\/uploads\/2021\/04\/Joan-Laporta.jpg","datePublished":"2021-04-22T23:07:57+00:00","dateModified":"2021-04-23T02:02:21+00:00","description":"Deportes","breadcrumb":{"@id":"https:\/\/digital58.com.ve\/site\/2021\/04\/22\/el-barcelona-se-queda-en-la-superliga-y-pide-reformas-estructurales\/#breadcrumb"},"inLanguage":"es","potentialAction":[{"@type":"ReadAction","target":["https:\/\/digital58.com.ve\/site\/2021\/04\/22\/el-barcelona-se-queda-en-la-superliga-y-pide-reformas-estructurales\/"]}]},{"@type":"ImageObject","inLanguage":"es","@id":"https:\/\/digital58.com.ve\/site\/2021\/04\/22\/el-barcelona-se-queda-en-la-superliga-y-pide-reformas-estructurales\/#primaryimage","url":"https:\/\/digital58.com.ve\/site\/wp-content\/uploads\/2021\/04\/Joan-Laporta.jpg","contentUrl":"https:\/\/digital58.com.ve\/site\/wp-content\/uploads\/2021\/04\/Joan-Laporta.jpg","width":900,"height":600},{"@type":"BreadcrumbList","@id":"https:\/\/digital58.com.ve\/site\/2021\/04\/22\/el-barcelona-se-queda-en-la-superliga-y-pide-reformas-estructurales\/#breadcrumb","itemListElement":[{"@type":"ListItem","position":1,"name":"Home","item":"https:\/\/digital58.com.ve\/site\/"},{"@type":"ListItem","position":2,"name":"El Barcelona se queda en la Superliga y pide \u00abreformas estructurales\u00bb"}]},{"@type":"WebSite","@id":"https:\/\/digital58.com.ve\/site\/#website","url":"https:\/\/digital58.com.ve\/site\/","name":"Noticias Digital58","description":"Portal de Noticias \u00a1Periodismo web de verdad! Lanzamiento web 22.11.2005 \/ Maracaibo, Venezuela","publisher":{"@id":"https:\/\/digital58.com.ve\/site\/#\/schema\/person\/64d1c2e4d0d4fd1b849980c4331c2951"},"alternateName":"ND58","potentialAction":[{"@type":"SearchAction","target":{"@type":"EntryPoint","urlTemplate":"https:\/\/digital58.com.ve\/site\/?s={search_term_string}"},"query-input":{"@type":"PropertyValueSpecification","valueRequired":true,"valueName":"search_term_string"}}],"inLanguage":"es"},{"@type":["Person","Organization"],"@id":"https:\/\/digital58.com.ve\/site\/#\/schema\/person\/64d1c2e4d0d4fd1b849980c4331c2951","name":"Villasmil Henry","image":{"@type":"ImageObject","inLanguage":"es","@id":"https:\/\/secure.gravatar.com\/avatar\/bb0c4a2fcb7970138239f7e404ea75757b1b507b28b5ce4c53fbd62d797c5a7c?s=96&d=mm&r=g","url":"https:\/\/secure.gravatar.com\/avatar\/bb0c4a2fcb7970138239f7e404ea75757b1b507b28b5ce4c53fbd62d797c5a7c?s=96&d=mm&r=g","contentUrl":"https:\/\/secure.gravatar.com\/avatar\/bb0c4a2fcb7970138239f7e404ea75757b1b507b28b5ce4c53fbd62d797c5a7c?s=96&d=mm&r=g","caption":"Villasmil Henry"},"logo":{"@id":"https:\/\/secure.gravatar.com\/avatar\/bb0c4a2fcb7970138239f7e404ea75757b1b507b28b5ce4c53fbd62d797c5a7c?s=96&d=mm&r=g"},"sameAs":["http:\/\/www.henryvillasmil.com.ve","https:\/\/www.instagram.com\/villasmilhfoto\/","https:\/\/x.com\/https:\/\/twitter.com\/villasmilhfoto"],"url":"https:\/\/digital58.com.ve\/site\/author\/droopy_68\/"}]}},"uagb_featured_image_src":{"full":["https:\/\/digital58.com.ve\/site\/wp-content\/uploads\/2021\/04\/Joan-Laporta.jpg",900,600,false],"thumbnail":["https:\/\/digital58.com.ve\/site\/wp-content\/uploads\/2021\/04\/Joan-Laporta-150x150.jpg",150,150,true],"medium":["https:\/\/digital58.com.ve\/site\/wp-content\/uploads\/2021\/04\/Joan-Laporta-300x200.jpg",300,200,true],"medium_large":["https:\/\/digital58.com.ve\/site\/wp-content\/uploads\/2021\/04\/Joan-Laporta-768x512.jpg",768,512,true],"large":["https:\/\/digital58.com.ve\/site\/wp-content\/uploads\/2021\/04\/Joan-Laporta.jpg",800,533,false],"1536x1536":["https:\/\/digital58.com.ve\/site\/wp-content\/uploads\/2021\/04\/Joan-Laporta.jpg",900,600,false],"2048x2048":["https:\/\/digital58.com.ve\/site\/wp-content\/uploads\/2021\/04\/Joan-Laporta.jpg",900,600,false],"colormag-highlighted-post":["https:\/\/digital58.com.ve\/site\/wp-content\/uploads\/2021\/04\/Joan-Laporta.jpg",392,261,false],"colormag-featured-post-medium":["https:\/\/digital58.com.ve\/site\/wp-content\/uploads\/2021\/04\/Joan-Laporta.jpg",308,205,false],"colormag-featured-post-small":["https:\/\/digital58.com.ve\/site\/wp-content\/uploads\/2021\/04\/Joan-Laporta.jpg",130,87,false],"colormag-featured-image":["https:\/\/digital58.com.ve\/site\/wp-content\/uploads\/2021\/04\/Joan-Laporta.jpg",668,445,false],"colormag-default-news":["https:\/\/digital58.com.ve\/site\/wp-content\/uploads\/2021\/04\/Joan-Laporta.jpg",150,100,false],"colormag-featured-image-large":["https:\/\/digital58.com.ve\/site\/wp-content\/uploads\/2021\/04\/Joan-Laporta.jpg",900,600,false]},"uagb_author_info":{"display_name":"Villasmil Henry","author_link":"https:\/\/digital58.com.ve\/site\/author\/droopy_68\/"},"uagb_comment_info":0,"uagb_excerpt":"Seg\u00fan el club azulgrana, el objetivo es mejorar \u00abel espect\u00e1culo que se ofrece a los aficionados de alrededor del mundo","_links":{"self":[{"href":"https:\/\/digital58.com.ve\/site\/wp-json\/wp\/v2\/posts\/137676","targetHints":{"allow":["GET"]}}],"collection":[{"href":"https:\/\/digital58.com.ve\/site\/wp-json\/wp\/v2\/posts"}],"about":[{"href":"https:\/\/digital58.com.ve\/site\/wp-json\/wp\/v2\/types\/post"}],"author":[{"embeddable":true,"href":"https:\/\/digital58.com.ve\/site\/wp-json\/wp\/v2\/users\/1"}],"replies":[{"embeddable":true,"href":"https:\/\/digital58.com.ve\/site\/wp-json\/wp\/v2\/comments?post=137676"}],"version-history":[{"count":0,"href":"https:\/\/digital58.com.ve\/site\/wp-json\/wp\/v2\/posts\/137676\/revisions"}],"wp:featuredmedia":[{"embeddable":true,"href":"https:\/\/digital58.com.ve\/site\/wp-json\/wp\/v2\/media\/137677"}],"wp:attachment":[{"href":"https:\/\/digital58.com.ve\/site\/wp-json\/wp\/v2\/media?parent=137676"}],"wp:term":[{"taxonomy":"category","embeddable":true,"href":"https:\/\/digital58.com.ve\/site\/wp-json\/wp\/v2\/categories?post=137676"},{"taxonomy":"post_tag","embeddable":true,"href":"https:\/\/digital58.com.ve\/site\/wp-json\/wp\/v2\/tags?post=137676"}],"curies":[{"name":"wp","href":"https:\/\/api.w.org\/{rel}","templated":true}]}}