{"id":137744,"date":"2021-04-26T19:55:18","date_gmt":"2021-04-26T23:55:18","guid":{"rendered":"https:\/\/digital58.com.ve\/site\/?p=137744"},"modified":"2021-04-26T21:59:55","modified_gmt":"2021-04-27T01:59:55","slug":"carora-prepara-protestara-por-escasez-de-agua","status":"publish","type":"post","link":"https:\/\/digital58.com.ve\/site\/2021\/04\/26\/carora-prepara-protestara-por-escasez-de-agua\/","title":{"rendered":"Carora prepara protesta por escasez de agua"},"content":{"rendered":"<p><img loading=\"lazy\" decoding=\"async\" class=\"size-full wp-image-137748 aligncenter\" src=\"https:\/\/digital58.com.ve\/site\/wp-content\/uploads\/2021\/04\/NO-MEJORA-EL-SUMINISTRO-DE-AGUA-PARA-LA-ZONA-BAJA-DE-CARORA.jpeg\" alt=\"\" width=\"800\" height=\"600\" srcset=\"https:\/\/digital58.com.ve\/site\/wp-content\/uploads\/2021\/04\/NO-MEJORA-EL-SUMINISTRO-DE-AGUA-PARA-LA-ZONA-BAJA-DE-CARORA.jpeg 800w, https:\/\/digital58.com.ve\/site\/wp-content\/uploads\/2021\/04\/NO-MEJORA-EL-SUMINISTRO-DE-AGUA-PARA-LA-ZONA-BAJA-DE-CARORA-300x225.jpeg 300w, https:\/\/digital58.com.ve\/site\/wp-content\/uploads\/2021\/04\/NO-MEJORA-EL-SUMINISTRO-DE-AGUA-PARA-LA-ZONA-BAJA-DE-CARORA-768x576.jpeg 768w\" sizes=\"auto, (max-width: 800px) 100vw, 800px\" \/><\/p>\n<p>Comunidades afectadas por la ausencia del vital l\u00edquido preparan una protesta para que sus quejas sean escuchadas.<\/p>\n<p><strong>Carora,Lara, Venezuela, 26 de abril de 2021 (ND58).-<\/strong>\u00a0A ra\u00edz de la falta \u00a0de un transformador de 1.500 kilovatios que active un tercer motor en la represa de Atarigua ha mantenido hasta ahora en estado ag\u00f3nico por falta de agua a la red alta de Carora que constituye m\u00e1s de la mitad de la poblaci\u00f3n en la capital del municipio Torres.<\/p>\n<p>Si bien son dos motores que se mantienen encendidos, uno de estos trabaja a medias imposibilitando suficiente caudal en la tuber\u00eda matriz y por consiguiente alta presi\u00f3n hacia las casas.<\/p>\n<p>En esta oportunidad llevan m\u00e1s de quince d\u00edas sin recibir el preciado l\u00edquido todas las familias de estas comunidades que conforman dicha red que se surten de la referida represa, debido a que de los dos motores que tiene instalados uno presenta una nueva aver\u00eda, de las tantas que le ocurren durante el a\u00f1o.<\/p>\n<p>Las poblaciones \u00a0m\u00e1s afectadas con el problema son quienes viven en las urbanizaciones Calicanto, Altos del Brasil, Altos de Lara, El Roble, Don P\u00edo Alvarado, Domingo Perera Riera y La Guzmana, y los sectores Sim\u00f3n Bol\u00edvar, Sim\u00f3n Rodr\u00edguez, Roble Viejo, Santo Domingo y Ezequiel Zamora entre otros.<\/p>\n<p>Est\u00e1s comunidades se reunieron en Calicanto a prop\u00f3sito de esta cr\u00edtica situaci\u00f3n y acordaron protestar este martes 26 de abril en la Plaza Lara, frente a la alcald\u00eda de Torres, en la avenida Francisca de Miranda, para exhortar al alcalde Edgar Carrasco a que de una vez por todas proceda a la instalaci\u00f3n del referido transformador.<\/p>\n<p>F\u00e9lix Nieves, expres\u00f3 que en el encuentro vecinal para planificar la manifestaci\u00f3n de calle hubo coincidencia en que las familias no pueden seguir pagando mil litros de agua a ocho d\u00f3lares porque con lo poco que ganan no les alcanza el presupuesto, considerando la venta de agua como un descomunal comercio.<\/p>\n<p>Record\u00f3 que Edgar Carrasco viene pregonando desde el 2020 que va a instalar el transformador en Atarigua, siempre que cuente con el apoyo econ\u00f3mico y log\u00edstico de la Gobernaci\u00f3n, el cual no logr\u00f3 tener durante el mandato de Carmen Mel\u00e9ndez.<\/p>\n<p>En este sentido, las comunidades que sufren los tormentos de la sed en la parte alta de Carora esperan que Adolfo Pereira escuche su llamado y les lleve el transformador que resolver\u00e1 la escasez de agua.<\/p><div class=\"pziys6a9ae339b3656\" ><p style=\"text-align: center;\"><a href=\"https:\/\/t.me\/noticiasdigital58\" target=\"_blank\" rel=\"noopener\"><img class=\"aligncenter size-full wp-image-125363\" src=\"https:\/\/digital58.com.ve\/site\/wp-content\/uploads\/2021\/04\/banner-telegram-web-2021.png\" alt=\"\" width=\"600\" height=\"90\" \/><\/a><\/p><\/div><style type=\"text\/css\">\r\n@media screen and (min-width: 1201px) {\r\n.pziys6a9ae339b3656 {\r\ndisplay: block;\r\n}\r\n}\r\n@media screen and (min-width: 993px) and (max-width: 1200px) {\r\n.pziys6a9ae339b3656 {\r\ndisplay: block;\r\n}\r\n}\r\n@media screen and (min-width: 769px) and (max-width: 992px) {\r\n.pziys6a9ae339b3656 {\r\ndisplay: block;\r\n}\r\n}\r\n@media screen and (min-width: 768px) and (max-width: 768px) {\r\n.pziys6a9ae339b3656 {\r\ndisplay: block;\r\n}\r\n}\r\n@media screen and (max-width: 767px) {\r\n.pziys6a9ae339b3656 {\r\ndisplay: block;\r\n}\r\n}\r\n<\/style>\r\n\n<p><strong>Redacci\u00f3n ND58 | Fuente: Agencias<\/strong><br \/>\n<strong>Edici\u00f3n: Villasmil, Henry<\/strong><br \/>\n<strong>Gr\u00e1fica: Archivo\u00a0<\/strong><\/p>\n<div style=\"margin-top: 0px; margin-bottom: 0px;\" class=\"sharethis-inline-share-buttons\" ><\/div>","protected":false},"excerpt":{"rendered":"<p>Comunidades afectadas por la ausencia del vital l\u00edquido preparan una protesta para que sus quejas sean escuchadas. Carora,Lara, Venezuela, 26<\/p>\n","protected":false},"author":26,"featured_media":137748,"comment_status":"open","ping_status":"closed","sticky":false,"template":"","format":"standard","meta":{"colormag_page_container_layout":"default_layout","colormag_page_sidebar_layout":"default_layout","_uag_custom_page_level_css":"","footnotes":""},"categories":[16454],"tags":[21466,23626,6072,14353,13842,1365,233,23625],"class_list":["post-137744","post","type-post","status-publish","format-standard","has-post-thumbnail","hentry","category-venezuela","tag-adolfo-pereira","tag-alcalde-edgar-carrasco","tag-carora","tag-comunidades","tag-escasez-de-agua","tag-lara","tag-nacionales","tag-plaza-lara"],"yoast_head":"<!-- This site is optimized with the Yoast SEO plugin v28.4 - https:\/\/yoast.com\/product\/yoast-seo-wordpress\/ -->\n<title>Carora prepara protesta por escasez de agua<\/title>\n<meta name=\"description\" content=\"Venezuela\" \/>\n<meta name=\"robots\" content=\"index, follow, max-snippet:-1, max-image-preview:large, max-video-preview:-1\" \/>\n<link rel=\"canonical\" href=\"https:\/\/digital58.com.ve\/site\/2021\/04\/26\/carora-prepara-protestara-por-escasez-de-agua\/\" \/>\n<meta property=\"og:locale\" content=\"es_ES\" \/>\n<meta property=\"og:type\" content=\"article\" \/>\n<meta property=\"og:title\" content=\"Carora prepara protesta por escasez de agua\" \/>\n<meta property=\"og:description\" content=\"Venezuela\" \/>\n<meta property=\"og:url\" content=\"https:\/\/digital58.com.ve\/site\/2021\/04\/26\/carora-prepara-protestara-por-escasez-de-agua\/\" \/>\n<meta property=\"og:site_name\" content=\"Noticias Digital58\" \/>\n<meta property=\"article:published_time\" content=\"2021-04-26T23:55:18+00:00\" \/>\n<meta property=\"article:modified_time\" content=\"2021-04-27T01:59:55+00:00\" \/>\n<meta property=\"og:image\" content=\"https:\/\/digital58.com.ve\/site\/wp-content\/uploads\/2021\/04\/NO-MEJORA-EL-SUMINISTRO-DE-AGUA-PARA-LA-ZONA-BAJA-DE-CARORA.jpeg\" \/>\n\t<meta property=\"og:image:width\" content=\"800\" \/>\n\t<meta property=\"og:image:height\" content=\"600\" \/>\n\t<meta property=\"og:image:type\" content=\"image\/jpeg\" \/>\n<meta name=\"author\" content=\"Molero Luis\" \/>\n<meta name=\"twitter:card\" content=\"summary_large_image\" \/>\n<meta name=\"twitter:creator\" content=\"@Digital_58\" \/>\n<meta name=\"twitter:site\" content=\"@villasmilhfoto\" \/>\n<meta name=\"twitter:label1\" content=\"Escrito por\" \/>\n\t<meta name=\"twitter:data1\" content=\"Molero Luis\" \/>\n\t<meta name=\"twitter:label2\" content=\"Tiempo estimado de lectura\" \/>\n\t<meta name=\"twitter:data2\" content=\"2 minutos\" \/>\n<script type=\"application\/ld+json\" class=\"yoast-schema-graph\">{\"@context\":\"https:\\\/\\\/schema.org\",\"@graph\":[{\"@type\":\"Article\",\"@id\":\"https:\\\/\\\/digital58.com.ve\\\/site\\\/2021\\\/04\\\/26\\\/carora-prepara-protestara-por-escasez-de-agua\\\/#article\",\"isPartOf\":{\"@id\":\"https:\\\/\\\/digital58.com.ve\\\/site\\\/2021\\\/04\\\/26\\\/carora-prepara-protestara-por-escasez-de-agua\\\/\"},\"author\":{\"name\":\"Molero Luis\",\"@id\":\"https:\\\/\\\/digital58.com.ve\\\/site\\\/#\\\/schema\\\/person\\\/c61667ce6845137620ee3f0aaabade17\"},\"headline\":\"Carora prepara protesta por escasez de agua\",\"datePublished\":\"2021-04-26T23:55:18+00:00\",\"dateModified\":\"2021-04-27T01:59:55+00:00\",\"mainEntityOfPage\":{\"@id\":\"https:\\\/\\\/digital58.com.ve\\\/site\\\/2021\\\/04\\\/26\\\/carora-prepara-protestara-por-escasez-de-agua\\\/\"},\"wordCount\":439,\"commentCount\":0,\"publisher\":{\"@id\":\"https:\\\/\\\/digital58.com.ve\\\/site\\\/#\\\/schema\\\/person\\\/64d1c2e4d0d4fd1b849980c4331c2951\"},\"image\":{\"@id\":\"https:\\\/\\\/digital58.com.ve\\\/site\\\/2021\\\/04\\\/26\\\/carora-prepara-protestara-por-escasez-de-agua\\\/#primaryimage\"},\"thumbnailUrl\":\"https:\\\/\\\/digital58.com.ve\\\/site\\\/wp-content\\\/uploads\\\/2021\\\/04\\\/NO-MEJORA-EL-SUMINISTRO-DE-AGUA-PARA-LA-ZONA-BAJA-DE-CARORA.jpeg\",\"keywords\":[\"Adolfo Pereira\",\"Alcalde Edgar Carrasco\",\"Carora\",\"Comunidades\",\"Escasez de agua\",\"Lara\",\"Nacionales\",\"Plaza Lara\"],\"articleSection\":[\"Venezuela\"],\"inLanguage\":\"es\",\"potentialAction\":[{\"@type\":\"CommentAction\",\"name\":\"Comment\",\"target\":[\"https:\\\/\\\/digital58.com.ve\\\/site\\\/2021\\\/04\\\/26\\\/carora-prepara-protestara-por-escasez-de-agua\\\/#respond\"]}]},{\"@type\":\"WebPage\",\"@id\":\"https:\\\/\\\/digital58.com.ve\\\/site\\\/2021\\\/04\\\/26\\\/carora-prepara-protestara-por-escasez-de-agua\\\/\",\"url\":\"https:\\\/\\\/digital58.com.ve\\\/site\\\/2021\\\/04\\\/26\\\/carora-prepara-protestara-por-escasez-de-agua\\\/\",\"name\":\"Carora prepara protesta por escasez de agua\",\"isPartOf\":{\"@id\":\"https:\\\/\\\/digital58.com.ve\\\/site\\\/#website\"},\"primaryImageOfPage\":{\"@id\":\"https:\\\/\\\/digital58.com.ve\\\/site\\\/2021\\\/04\\\/26\\\/carora-prepara-protestara-por-escasez-de-agua\\\/#primaryimage\"},\"image\":{\"@id\":\"https:\\\/\\\/digital58.com.ve\\\/site\\\/2021\\\/04\\\/26\\\/carora-prepara-protestara-por-escasez-de-agua\\\/#primaryimage\"},\"thumbnailUrl\":\"https:\\\/\\\/digital58.com.ve\\\/site\\\/wp-content\\\/uploads\\\/2021\\\/04\\\/NO-MEJORA-EL-SUMINISTRO-DE-AGUA-PARA-LA-ZONA-BAJA-DE-CARORA.jpeg\",\"datePublished\":\"2021-04-26T23:55:18+00:00\",\"dateModified\":\"2021-04-27T01:59:55+00:00\",\"description\":\"Venezuela\",\"breadcrumb\":{\"@id\":\"https:\\\/\\\/digital58.com.ve\\\/site\\\/2021\\\/04\\\/26\\\/carora-prepara-protestara-por-escasez-de-agua\\\/#breadcrumb\"},\"inLanguage\":\"es\",\"potentialAction\":[{\"@type\":\"ReadAction\",\"target\":[\"https:\\\/\\\/digital58.com.ve\\\/site\\\/2021\\\/04\\\/26\\\/carora-prepara-protestara-por-escasez-de-agua\\\/\"]}]},{\"@type\":\"ImageObject\",\"inLanguage\":\"es\",\"@id\":\"https:\\\/\\\/digital58.com.ve\\\/site\\\/2021\\\/04\\\/26\\\/carora-prepara-protestara-por-escasez-de-agua\\\/#primaryimage\",\"url\":\"https:\\\/\\\/digital58.com.ve\\\/site\\\/wp-content\\\/uploads\\\/2021\\\/04\\\/NO-MEJORA-EL-SUMINISTRO-DE-AGUA-PARA-LA-ZONA-BAJA-DE-CARORA.jpeg\",\"contentUrl\":\"https:\\\/\\\/digital58.com.ve\\\/site\\\/wp-content\\\/uploads\\\/2021\\\/04\\\/NO-MEJORA-EL-SUMINISTRO-DE-AGUA-PARA-LA-ZONA-BAJA-DE-CARORA.jpeg\",\"width\":800,\"height\":600},{\"@type\":\"BreadcrumbList\",\"@id\":\"https:\\\/\\\/digital58.com.ve\\\/site\\\/2021\\\/04\\\/26\\\/carora-prepara-protestara-por-escasez-de-agua\\\/#breadcrumb\",\"itemListElement\":[{\"@type\":\"ListItem\",\"position\":1,\"name\":\"Home\",\"item\":\"https:\\\/\\\/digital58.com.ve\\\/site\\\/\"},{\"@type\":\"ListItem\",\"position\":2,\"name\":\"Carora prepara protesta por escasez de agua\"}]},{\"@type\":\"WebSite\",\"@id\":\"https:\\\/\\\/digital58.com.ve\\\/site\\\/#website\",\"url\":\"https:\\\/\\\/digital58.com.ve\\\/site\\\/\",\"name\":\"Noticias Digital58\",\"description\":\"Portal de Noticias \u00a1Periodismo web de verdad! Lanzamiento web 22.11.2005 \\\/ Maracaibo, Venezuela\",\"publisher\":{\"@id\":\"https:\\\/\\\/digital58.com.ve\\\/site\\\/#\\\/schema\\\/person\\\/64d1c2e4d0d4fd1b849980c4331c2951\"},\"alternateName\":\"ND58\",\"potentialAction\":[{\"@type\":\"SearchAction\",\"target\":{\"@type\":\"EntryPoint\",\"urlTemplate\":\"https:\\\/\\\/digital58.com.ve\\\/site\\\/?s={search_term_string}\"},\"query-input\":{\"@type\":\"PropertyValueSpecification\",\"valueRequired\":true,\"valueName\":\"search_term_string\"}}],\"inLanguage\":\"es\"},{\"@type\":[\"Person\",\"Organization\"],\"@id\":\"https:\\\/\\\/digital58.com.ve\\\/site\\\/#\\\/schema\\\/person\\\/64d1c2e4d0d4fd1b849980c4331c2951\",\"name\":\"Villasmil Henry\",\"image\":{\"@type\":\"ImageObject\",\"inLanguage\":\"es\",\"@id\":\"https:\\\/\\\/secure.gravatar.com\\\/avatar\\\/bb0c4a2fcb7970138239f7e404ea75757b1b507b28b5ce4c53fbd62d797c5a7c?s=96&d=mm&r=g\",\"url\":\"https:\\\/\\\/secure.gravatar.com\\\/avatar\\\/bb0c4a2fcb7970138239f7e404ea75757b1b507b28b5ce4c53fbd62d797c5a7c?s=96&d=mm&r=g\",\"contentUrl\":\"https:\\\/\\\/secure.gravatar.com\\\/avatar\\\/bb0c4a2fcb7970138239f7e404ea75757b1b507b28b5ce4c53fbd62d797c5a7c?s=96&d=mm&r=g\",\"caption\":\"Villasmil Henry\"},\"logo\":{\"@id\":\"https:\\\/\\\/secure.gravatar.com\\\/avatar\\\/bb0c4a2fcb7970138239f7e404ea75757b1b507b28b5ce4c53fbd62d797c5a7c?s=96&d=mm&r=g\"},\"sameAs\":[\"http:\\\/\\\/www.henryvillasmil.com.ve\",\"https:\\\/\\\/www.instagram.com\\\/villasmilhfoto\\\/\",\"https:\\\/\\\/x.com\\\/https:\\\/\\\/twitter.com\\\/villasmilhfoto\"]},{\"@type\":\"Person\",\"@id\":\"https:\\\/\\\/digital58.com.ve\\\/site\\\/#\\\/schema\\\/person\\\/c61667ce6845137620ee3f0aaabade17\",\"name\":\"Molero Luis\",\"image\":{\"@type\":\"ImageObject\",\"inLanguage\":\"es\",\"@id\":\"https:\\\/\\\/secure.gravatar.com\\\/avatar\\\/bf041ec637e3e7405449807deb2f7cf3d2de7c6fa755dd56e985201de9863f2b?s=96&d=mm&r=g\",\"url\":\"https:\\\/\\\/secure.gravatar.com\\\/avatar\\\/bf041ec637e3e7405449807deb2f7cf3d2de7c6fa755dd56e985201de9863f2b?s=96&d=mm&r=g\",\"contentUrl\":\"https:\\\/\\\/secure.gravatar.com\\\/avatar\\\/bf041ec637e3e7405449807deb2f7cf3d2de7c6fa755dd56e985201de9863f2b?s=96&d=mm&r=g\",\"caption\":\"Molero Luis\"},\"url\":\"https:\\\/\\\/digital58.com.ve\\\/site\\\/author\\\/luismolero\\\/\"}]}<\/script>\n<!-- \/ Yoast SEO plugin. -->","yoast_head_json":{"title":"Carora prepara protesta por escasez de agua","description":"Venezuela","robots":{"index":"index","follow":"follow","max-snippet":"max-snippet:-1","max-image-preview":"max-image-preview:large","max-video-preview":"max-video-preview:-1"},"canonical":"https:\/\/digital58.com.ve\/site\/2021\/04\/26\/carora-prepara-protestara-por-escasez-de-agua\/","og_locale":"es_ES","og_type":"article","og_title":"Carora prepara protesta por escasez de agua","og_description":"Venezuela","og_url":"https:\/\/digital58.com.ve\/site\/2021\/04\/26\/carora-prepara-protestara-por-escasez-de-agua\/","og_site_name":"Noticias Digital58","article_published_time":"2021-04-26T23:55:18+00:00","article_modified_time":"2021-04-27T01:59:55+00:00","og_image":[{"width":800,"height":600,"url":"https:\/\/digital58.com.ve\/site\/wp-content\/uploads\/2021\/04\/NO-MEJORA-EL-SUMINISTRO-DE-AGUA-PARA-LA-ZONA-BAJA-DE-CARORA.jpeg","type":"image\/jpeg"}],"author":"Molero Luis","twitter_card":"summary_large_image","twitter_creator":"@Digital_58","twitter_site":"@villasmilhfoto","twitter_misc":{"Escrito por":"Molero Luis","Tiempo estimado de lectura":"2 minutos"},"schema":{"@context":"https:\/\/schema.org","@graph":[{"@type":"Article","@id":"https:\/\/digital58.com.ve\/site\/2021\/04\/26\/carora-prepara-protestara-por-escasez-de-agua\/#article","isPartOf":{"@id":"https:\/\/digital58.com.ve\/site\/2021\/04\/26\/carora-prepara-protestara-por-escasez-de-agua\/"},"author":{"name":"Molero Luis","@id":"https:\/\/digital58.com.ve\/site\/#\/schema\/person\/c61667ce6845137620ee3f0aaabade17"},"headline":"Carora prepara protesta por escasez de agua","datePublished":"2021-04-26T23:55:18+00:00","dateModified":"2021-04-27T01:59:55+00:00","mainEntityOfPage":{"@id":"https:\/\/digital58.com.ve\/site\/2021\/04\/26\/carora-prepara-protestara-por-escasez-de-agua\/"},"wordCount":439,"commentCount":0,"publisher":{"@id":"https:\/\/digital58.com.ve\/site\/#\/schema\/person\/64d1c2e4d0d4fd1b849980c4331c2951"},"image":{"@id":"https:\/\/digital58.com.ve\/site\/2021\/04\/26\/carora-prepara-protestara-por-escasez-de-agua\/#primaryimage"},"thumbnailUrl":"https:\/\/digital58.com.ve\/site\/wp-content\/uploads\/2021\/04\/NO-MEJORA-EL-SUMINISTRO-DE-AGUA-PARA-LA-ZONA-BAJA-DE-CARORA.jpeg","keywords":["Adolfo Pereira","Alcalde Edgar Carrasco","Carora","Comunidades","Escasez de agua","Lara","Nacionales","Plaza Lara"],"articleSection":["Venezuela"],"inLanguage":"es","potentialAction":[{"@type":"CommentAction","name":"Comment","target":["https:\/\/digital58.com.ve\/site\/2021\/04\/26\/carora-prepara-protestara-por-escasez-de-agua\/#respond"]}]},{"@type":"WebPage","@id":"https:\/\/digital58.com.ve\/site\/2021\/04\/26\/carora-prepara-protestara-por-escasez-de-agua\/","url":"https:\/\/digital58.com.ve\/site\/2021\/04\/26\/carora-prepara-protestara-por-escasez-de-agua\/","name":"Carora prepara protesta por escasez de agua","isPartOf":{"@id":"https:\/\/digital58.com.ve\/site\/#website"},"primaryImageOfPage":{"@id":"https:\/\/digital58.com.ve\/site\/2021\/04\/26\/carora-prepara-protestara-por-escasez-de-agua\/#primaryimage"},"image":{"@id":"https:\/\/digital58.com.ve\/site\/2021\/04\/26\/carora-prepara-protestara-por-escasez-de-agua\/#primaryimage"},"thumbnailUrl":"https:\/\/digital58.com.ve\/site\/wp-content\/uploads\/2021\/04\/NO-MEJORA-EL-SUMINISTRO-DE-AGUA-PARA-LA-ZONA-BAJA-DE-CARORA.jpeg","datePublished":"2021-04-26T23:55:18+00:00","dateModified":"2021-04-27T01:59:55+00:00","description":"Venezuela","breadcrumb":{"@id":"https:\/\/digital58.com.ve\/site\/2021\/04\/26\/carora-prepara-protestara-por-escasez-de-agua\/#breadcrumb"},"inLanguage":"es","potentialAction":[{"@type":"ReadAction","target":["https:\/\/digital58.com.ve\/site\/2021\/04\/26\/carora-prepara-protestara-por-escasez-de-agua\/"]}]},{"@type":"ImageObject","inLanguage":"es","@id":"https:\/\/digital58.com.ve\/site\/2021\/04\/26\/carora-prepara-protestara-por-escasez-de-agua\/#primaryimage","url":"https:\/\/digital58.com.ve\/site\/wp-content\/uploads\/2021\/04\/NO-MEJORA-EL-SUMINISTRO-DE-AGUA-PARA-LA-ZONA-BAJA-DE-CARORA.jpeg","contentUrl":"https:\/\/digital58.com.ve\/site\/wp-content\/uploads\/2021\/04\/NO-MEJORA-EL-SUMINISTRO-DE-AGUA-PARA-LA-ZONA-BAJA-DE-CARORA.jpeg","width":800,"height":600},{"@type":"BreadcrumbList","@id":"https:\/\/digital58.com.ve\/site\/2021\/04\/26\/carora-prepara-protestara-por-escasez-de-agua\/#breadcrumb","itemListElement":[{"@type":"ListItem","position":1,"name":"Home","item":"https:\/\/digital58.com.ve\/site\/"},{"@type":"ListItem","position":2,"name":"Carora prepara protesta por escasez de agua"}]},{"@type":"WebSite","@id":"https:\/\/digital58.com.ve\/site\/#website","url":"https:\/\/digital58.com.ve\/site\/","name":"Noticias Digital58","description":"Portal de Noticias \u00a1Periodismo web de verdad! Lanzamiento web 22.11.2005 \/ Maracaibo, Venezuela","publisher":{"@id":"https:\/\/digital58.com.ve\/site\/#\/schema\/person\/64d1c2e4d0d4fd1b849980c4331c2951"},"alternateName":"ND58","potentialAction":[{"@type":"SearchAction","target":{"@type":"EntryPoint","urlTemplate":"https:\/\/digital58.com.ve\/site\/?s={search_term_string}"},"query-input":{"@type":"PropertyValueSpecification","valueRequired":true,"valueName":"search_term_string"}}],"inLanguage":"es"},{"@type":["Person","Organization"],"@id":"https:\/\/digital58.com.ve\/site\/#\/schema\/person\/64d1c2e4d0d4fd1b849980c4331c2951","name":"Villasmil Henry","image":{"@type":"ImageObject","inLanguage":"es","@id":"https:\/\/secure.gravatar.com\/avatar\/bb0c4a2fcb7970138239f7e404ea75757b1b507b28b5ce4c53fbd62d797c5a7c?s=96&d=mm&r=g","url":"https:\/\/secure.gravatar.com\/avatar\/bb0c4a2fcb7970138239f7e404ea75757b1b507b28b5ce4c53fbd62d797c5a7c?s=96&d=mm&r=g","contentUrl":"https:\/\/secure.gravatar.com\/avatar\/bb0c4a2fcb7970138239f7e404ea75757b1b507b28b5ce4c53fbd62d797c5a7c?s=96&d=mm&r=g","caption":"Villasmil Henry"},"logo":{"@id":"https:\/\/secure.gravatar.com\/avatar\/bb0c4a2fcb7970138239f7e404ea75757b1b507b28b5ce4c53fbd62d797c5a7c?s=96&d=mm&r=g"},"sameAs":["http:\/\/www.henryvillasmil.com.ve","https:\/\/www.instagram.com\/villasmilhfoto\/","https:\/\/x.com\/https:\/\/twitter.com\/villasmilhfoto"]},{"@type":"Person","@id":"https:\/\/digital58.com.ve\/site\/#\/schema\/person\/c61667ce6845137620ee3f0aaabade17","name":"Molero Luis","image":{"@type":"ImageObject","inLanguage":"es","@id":"https:\/\/secure.gravatar.com\/avatar\/bf041ec637e3e7405449807deb2f7cf3d2de7c6fa755dd56e985201de9863f2b?s=96&d=mm&r=g","url":"https:\/\/secure.gravatar.com\/avatar\/bf041ec637e3e7405449807deb2f7cf3d2de7c6fa755dd56e985201de9863f2b?s=96&d=mm&r=g","contentUrl":"https:\/\/secure.gravatar.com\/avatar\/bf041ec637e3e7405449807deb2f7cf3d2de7c6fa755dd56e985201de9863f2b?s=96&d=mm&r=g","caption":"Molero Luis"},"url":"https:\/\/digital58.com.ve\/site\/author\/luismolero\/"}]}},"uagb_featured_image_src":{"full":["https:\/\/digital58.com.ve\/site\/wp-content\/uploads\/2021\/04\/NO-MEJORA-EL-SUMINISTRO-DE-AGUA-PARA-LA-ZONA-BAJA-DE-CARORA.jpeg",800,600,false],"thumbnail":["https:\/\/digital58.com.ve\/site\/wp-content\/uploads\/2021\/04\/NO-MEJORA-EL-SUMINISTRO-DE-AGUA-PARA-LA-ZONA-BAJA-DE-CARORA-150x150.jpeg",150,150,true],"medium":["https:\/\/digital58.com.ve\/site\/wp-content\/uploads\/2021\/04\/NO-MEJORA-EL-SUMINISTRO-DE-AGUA-PARA-LA-ZONA-BAJA-DE-CARORA-300x225.jpeg",300,225,true],"medium_large":["https:\/\/digital58.com.ve\/site\/wp-content\/uploads\/2021\/04\/NO-MEJORA-EL-SUMINISTRO-DE-AGUA-PARA-LA-ZONA-BAJA-DE-CARORA-768x576.jpeg",768,576,true],"large":["https:\/\/digital58.com.ve\/site\/wp-content\/uploads\/2021\/04\/NO-MEJORA-EL-SUMINISTRO-DE-AGUA-PARA-LA-ZONA-BAJA-DE-CARORA.jpeg",800,600,false],"1536x1536":["https:\/\/digital58.com.ve\/site\/wp-content\/uploads\/2021\/04\/NO-MEJORA-EL-SUMINISTRO-DE-AGUA-PARA-LA-ZONA-BAJA-DE-CARORA.jpeg",800,600,false],"2048x2048":["https:\/\/digital58.com.ve\/site\/wp-content\/uploads\/2021\/04\/NO-MEJORA-EL-SUMINISTRO-DE-AGUA-PARA-LA-ZONA-BAJA-DE-CARORA.jpeg",800,600,false],"colormag-highlighted-post":["https:\/\/digital58.com.ve\/site\/wp-content\/uploads\/2021\/04\/NO-MEJORA-EL-SUMINISTRO-DE-AGUA-PARA-LA-ZONA-BAJA-DE-CARORA.jpeg",363,272,false],"colormag-featured-post-medium":["https:\/\/digital58.com.ve\/site\/wp-content\/uploads\/2021\/04\/NO-MEJORA-EL-SUMINISTRO-DE-AGUA-PARA-LA-ZONA-BAJA-DE-CARORA.jpeg",273,205,false],"colormag-featured-post-small":["https:\/\/digital58.com.ve\/site\/wp-content\/uploads\/2021\/04\/NO-MEJORA-EL-SUMINISTRO-DE-AGUA-PARA-LA-ZONA-BAJA-DE-CARORA.jpeg",120,90,false],"colormag-featured-image":["https:\/\/digital58.com.ve\/site\/wp-content\/uploads\/2021\/04\/NO-MEJORA-EL-SUMINISTRO-DE-AGUA-PARA-LA-ZONA-BAJA-DE-CARORA.jpeg",593,445,false],"colormag-default-news":["https:\/\/digital58.com.ve\/site\/wp-content\/uploads\/2021\/04\/NO-MEJORA-EL-SUMINISTRO-DE-AGUA-PARA-LA-ZONA-BAJA-DE-CARORA.jpeg",150,113,false],"colormag-featured-image-large":["https:\/\/digital58.com.ve\/site\/wp-content\/uploads\/2021\/04\/NO-MEJORA-EL-SUMINISTRO-DE-AGUA-PARA-LA-ZONA-BAJA-DE-CARORA.jpeg",800,600,false]},"uagb_author_info":{"display_name":"Molero Luis","author_link":"https:\/\/digital58.com.ve\/site\/author\/luismolero\/"},"uagb_comment_info":0,"uagb_excerpt":"Comunidades afectadas por la ausencia del vital l\u00edquido preparan una protesta para que sus quejas sean escuchadas. Carora,Lara, Venezuela, 26","_links":{"self":[{"href":"https:\/\/digital58.com.ve\/site\/wp-json\/wp\/v2\/posts\/137744","targetHints":{"allow":["GET"]}}],"collection":[{"href":"https:\/\/digital58.com.ve\/site\/wp-json\/wp\/v2\/posts"}],"about":[{"href":"https:\/\/digital58.com.ve\/site\/wp-json\/wp\/v2\/types\/post"}],"author":[{"embeddable":true,"href":"https:\/\/digital58.com.ve\/site\/wp-json\/wp\/v2\/users\/26"}],"replies":[{"embeddable":true,"href":"https:\/\/digital58.com.ve\/site\/wp-json\/wp\/v2\/comments?post=137744"}],"version-history":[{"count":0,"href":"https:\/\/digital58.com.ve\/site\/wp-json\/wp\/v2\/posts\/137744\/revisions"}],"wp:featuredmedia":[{"embeddable":true,"href":"https:\/\/digital58.com.ve\/site\/wp-json\/wp\/v2\/media\/137748"}],"wp:attachment":[{"href":"https:\/\/digital58.com.ve\/site\/wp-json\/wp\/v2\/media?parent=137744"}],"wp:term":[{"taxonomy":"category","embeddable":true,"href":"https:\/\/digital58.com.ve\/site\/wp-json\/wp\/v2\/categories?post=137744"},{"taxonomy":"post_tag","embeddable":true,"href":"https:\/\/digital58.com.ve\/site\/wp-json\/wp\/v2\/tags?post=137744"}],"curies":[{"name":"wp","href":"https:\/\/api.w.org\/{rel}","templated":true}]}}