{"id":137935,"date":"2021-04-27T23:45:51","date_gmt":"2021-04-28T03:45:51","guid":{"rendered":"https:\/\/digital58.com.ve\/site\/?p=137935"},"modified":"2021-04-28T00:44:15","modified_gmt":"2021-04-28T04:44:15","slug":"muere-aristobulo-isturiz-ultima-hora","status":"publish","type":"post","link":"https:\/\/digital58.com.ve\/site\/2021\/04\/27\/muere-aristobulo-isturiz-ultima-hora\/","title":{"rendered":"Muere Arist\u00f3bulo Ist\u00fariz, ministro de Educaci\u00f3n de Venezuela"},"content":{"rendered":"<p><a href=\"https:\/\/digital58.com.ve\/site\/wp-content\/uploads\/2021\/04\/Aristobulo-Isturiz.jpg\"><img loading=\"lazy\" decoding=\"async\" class=\"aligncenter size-full wp-image-137936\" src=\"https:\/\/digital58.com.ve\/site\/wp-content\/uploads\/2021\/04\/Aristobulo-Isturiz.jpg\" alt=\"\" width=\"900\" height=\"600\" srcset=\"https:\/\/digital58.com.ve\/site\/wp-content\/uploads\/2021\/04\/Aristobulo-Isturiz.jpg 900w, https:\/\/digital58.com.ve\/site\/wp-content\/uploads\/2021\/04\/Aristobulo-Isturiz-300x200.jpg 300w, https:\/\/digital58.com.ve\/site\/wp-content\/uploads\/2021\/04\/Aristobulo-Isturiz-768x512.jpg 768w, https:\/\/digital58.com.ve\/site\/wp-content\/uploads\/2021\/04\/Aristobulo-Isturiz-720x480.jpg 720w, https:\/\/digital58.com.ve\/site\/wp-content\/uploads\/2021\/04\/Aristobulo-Isturiz-480x320.jpg 480w\" sizes=\"auto, (max-width: 900px) 100vw, 900px\" \/><\/a><\/p>\n<p>Se desconoce la causa de la muerte de Arist\u00f3bulo por el momento, aunque algunas fuentes la atribuyen a un problema card\u00edaco.<\/p>\n<p><strong>Caracas, DC, Venezuela, 27 de abril de 2021 (ND58).-<\/strong> La noche de este martes, la Vicepresidenta de la Rep\u00fablica Bolivariana de Venezuela Delcy y Elo\u00edna Rodr\u00edguez inform\u00f3 que el ministro de Educaci\u00f3n Arist\u00f3bulo Ist\u00fariz de 74 a\u00f1os, muri\u00f3.<\/p>\n<p>\u00abCon profundo pesar lamentamos informar la partida de nuestro Profe, Arist\u00f3bulo Ist\u00fariz, Combatiente de esta Patria a la que dedic\u00f3 su vida. Lo acompa\u00f1\u00f3 hasta \u00faltimo momento su sonrisa esperanzadora. Nuestras condolencias a su esposa, hijos, amigos. El profe vivir\u00e1 en nosotros\u00bb, expres\u00f3 la funcionaria en un tuit.<\/p>\n<p>Diosdado Cabello tambi\u00e9n hizo una publicaci\u00f3n sobre el deceso del ministro a quien describi\u00f3 como \u00abun grande\u00bb , lamentando \u00abla triste noticia\u00bb.<\/p>\n<p>Varios funcionarios del Gobierno venezolano han expresado sus palabras de condolencia a trav\u00e9s de las redes sociales, sin embargo, el Presidente Nicol\u00e1s Maduro no ha emitido ning\u00fan comentario al respecto, no obstante comparti\u00f3 las publicaci\u00f3n de Delcy Rodr\u00edguez.<\/p>\n<blockquote class=\"twitter-tweet\">\n<p dir=\"ltr\" lang=\"es\">Con profundo pesar lamentamos informar la partida de nuestro Profe, Arist\u00f3bulo Isturiz, combatiente de esta Patria a la que dedic\u00f3 su vida. Lo acompa\u00f1\u00f3 hasta \u00faltimo momento su sonrisa esperanzadora. Nuestras condolencias a su esposa, hijos, amigos. El profe vivir\u00e1 en nosotros <a href=\"https:\/\/t.co\/SST5wwlUHE\">pic.twitter.com\/SST5wwlUHE<\/a><\/p>\n<p>\u2014 Delcy Rodr\u00edguez (@delcyrodriguezv) <a href=\"https:\/\/twitter.com\/delcyrodriguezv\/status\/1387250223790051332?ref_src=twsrc%5Etfw\">April 28, 2021<\/a><\/p><\/blockquote>\n<p><script async src=\"https:\/\/platform.twitter.com\/widgets.js\" charset=\"utf-8\"><\/script><br \/>\nIst\u00fariz, quien tambi\u00e9n era vicepresidente sectorial para el Socialismo Social y Territorial de Venezuela, hab\u00eda desempe\u00f1ado anteriormente diversos cargos, tanto con el Gobierno presidido por Nicol\u00e1s Maduro, como en los mandatos del fallecido Hugo Ch\u00e1vez, con quien ya hab\u00eda sido ministro de Educaci\u00f3n.<\/p>\n<p>De enero de 2016 a junio de 2017, fue vicepresidente de la Rep\u00fablica y, posteriormente, ministro del Poder Popular para las Comunas y los Movimientos Sociales.<\/p>\n<p>En su dilatada carrera pol\u00edtica, fue tambi\u00e9n gobernador de estado Anzo\u00e1tegui, vicepresidente de la Asamblea Nacional (AN, Parlamento), diputado y alcalde del municipio Libertador, en Caracas.<\/p>\n<p>Actualmente, miembro destacado del oficialista Partido Socialista Unido de Venezuela (PSUV), despu\u00e9s de haber militado en la formaci\u00f3n Acci\u00f3n Democr\u00e1tica.<\/p>\n<p>Este maestro de profesi\u00f3n y sindicalista por vocaci\u00f3n fue presidente fundador del Sindicato Unitario del Magisterio (SUMA) del Distrito Federal y miembro fundador de Fetramagisterio.<\/p>\n<p>Adem\u00e1s, fue un activo dirigente nacional de la Federaci\u00f3n Venezolana de Maestros (FVM) y del Colegio de Profesores de Venezuela (CPV). Su activa participaci\u00f3n en las luchas sociales y pol\u00edticas lo llevaron a ser designado en distintos cargos de representaci\u00f3n popular.<\/p><div class=\"gdnwn69ee5044aabab\" ><p style=\"text-align: center;\"><a href=\"https:\/\/t.me\/noticiasdigital58\" target=\"_blank\" rel=\"noopener\"><img class=\"aligncenter size-full wp-image-125363\" src=\"https:\/\/digital58.com.ve\/site\/wp-content\/uploads\/2021\/04\/banner-telegram-web-2021.png\" alt=\"\" width=\"600\" height=\"90\" \/><\/a><\/p><\/div><style type=\"text\/css\">\r\n@media screen and (min-width: 1201px) {\r\n.gdnwn69ee5044aabab {\r\ndisplay: block;\r\n}\r\n}\r\n@media screen and (min-width: 993px) and (max-width: 1200px) {\r\n.gdnwn69ee5044aabab {\r\ndisplay: block;\r\n}\r\n}\r\n@media screen and (min-width: 769px) and (max-width: 992px) {\r\n.gdnwn69ee5044aabab {\r\ndisplay: block;\r\n}\r\n}\r\n@media screen and (min-width: 768px) and (max-width: 768px) {\r\n.gdnwn69ee5044aabab {\r\ndisplay: block;\r\n}\r\n}\r\n@media screen and (max-width: 767px) {\r\n.gdnwn69ee5044aabab {\r\ndisplay: block;\r\n}\r\n}\r\n<\/style>\r\n\n<p><strong>Redacci\u00f3n ND58: Urbina, Lorena | Fuente: @delcyrodriguezv), EFE<\/strong><br \/>\n<strong>Edici\u00f3n: Villasmil, Henry<\/strong><br \/>\n<strong>Gr\u00e1fica: Cortes\u00eda<\/strong><\/p>\n<div style=\"margin-top: 0px; margin-bottom: 0px;\" class=\"sharethis-inline-share-buttons\" ><\/div>","protected":false},"excerpt":{"rendered":"<p>Se desconoce la causa de la muerte de Arist\u00f3bulo por el momento, aunque algunas fuentes la atribuyen a un problema<\/p>\n","protected":false},"author":1,"featured_media":137936,"comment_status":"open","ping_status":"closed","sticky":false,"template":"","format":"standard","meta":{"colormag_page_container_layout":"default_layout","colormag_page_sidebar_layout":"default_layout","_uag_custom_page_level_css":"","footnotes":""},"categories":[16454],"tags":[13960,29,11386,207,233,23681],"class_list":["post-137935","post","type-post","status-publish","format-standard","has-post-thumbnail","hentry","category-venezuela","tag-aristobulo-isturiz","tag-caracas","tag-delcy-rodriguez","tag-fallecimientos","tag-nacionales","tag-vicepresidencia-de-venezuela"],"yoast_head":"<!-- This site is optimized with the Yoast SEO plugin v27.4 - https:\/\/yoast.com\/product\/yoast-seo-wordpress\/ -->\n<title>Muere Arist\u00f3bulo Ist\u00fariz, ministro de Educaci\u00f3n de Venezuela<\/title>\n<meta name=\"description\" content=\"Venezuela\" \/>\n<meta name=\"robots\" content=\"index, follow, max-snippet:-1, max-image-preview:large, max-video-preview:-1\" \/>\n<link rel=\"canonical\" href=\"https:\/\/digital58.com.ve\/site\/2021\/04\/27\/muere-aristobulo-isturiz-ultima-hora\/\" \/>\n<meta property=\"og:locale\" content=\"es_ES\" \/>\n<meta property=\"og:type\" content=\"article\" \/>\n<meta property=\"og:title\" content=\"Muere Arist\u00f3bulo Ist\u00fariz, ministro de Educaci\u00f3n de Venezuela\" \/>\n<meta property=\"og:description\" content=\"Venezuela\" \/>\n<meta property=\"og:url\" content=\"https:\/\/digital58.com.ve\/site\/2021\/04\/27\/muere-aristobulo-isturiz-ultima-hora\/\" \/>\n<meta property=\"og:site_name\" content=\"Noticias Digital58\" \/>\n<meta property=\"article:published_time\" content=\"2021-04-28T03:45:51+00:00\" \/>\n<meta property=\"article:modified_time\" content=\"2021-04-28T04:44:15+00:00\" \/>\n<meta property=\"og:image\" content=\"https:\/\/digital58.com.ve\/site\/wp-content\/uploads\/2021\/04\/Aristobulo-Isturiz.jpg\" \/>\n\t<meta property=\"og:image:width\" content=\"900\" \/>\n\t<meta property=\"og:image:height\" content=\"600\" \/>\n\t<meta property=\"og:image:type\" content=\"image\/jpeg\" \/>\n<meta name=\"author\" content=\"Villasmil Henry\" \/>\n<meta name=\"twitter:card\" content=\"summary_large_image\" \/>\n<meta name=\"twitter:creator\" content=\"@https:\/\/twitter.com\/villasmilhfoto\" \/>\n<meta name=\"twitter:site\" content=\"@villasmilhfoto\" \/>\n<meta name=\"twitter:label1\" content=\"Escrito por\" \/>\n\t<meta name=\"twitter:data1\" content=\"Villasmil Henry\" \/>\n\t<meta name=\"twitter:label2\" content=\"Tiempo estimado de lectura\" \/>\n\t<meta name=\"twitter:data2\" content=\"2 minutos\" \/>\n<script type=\"application\/ld+json\" class=\"yoast-schema-graph\">{\"@context\":\"https:\\\/\\\/schema.org\",\"@graph\":[{\"@type\":\"Article\",\"@id\":\"https:\\\/\\\/digital58.com.ve\\\/site\\\/2021\\\/04\\\/27\\\/muere-aristobulo-isturiz-ultima-hora\\\/#article\",\"isPartOf\":{\"@id\":\"https:\\\/\\\/digital58.com.ve\\\/site\\\/2021\\\/04\\\/27\\\/muere-aristobulo-isturiz-ultima-hora\\\/\"},\"author\":{\"name\":\"Villasmil Henry\",\"@id\":\"https:\\\/\\\/digital58.com.ve\\\/site\\\/#\\\/schema\\\/person\\\/64d1c2e4d0d4fd1b849980c4331c2951\"},\"headline\":\"Muere Arist\u00f3bulo Ist\u00fariz, ministro de Educaci\u00f3n de Venezuela\",\"datePublished\":\"2021-04-28T03:45:51+00:00\",\"dateModified\":\"2021-04-28T04:44:15+00:00\",\"mainEntityOfPage\":{\"@id\":\"https:\\\/\\\/digital58.com.ve\\\/site\\\/2021\\\/04\\\/27\\\/muere-aristobulo-isturiz-ultima-hora\\\/\"},\"wordCount\":464,\"commentCount\":0,\"publisher\":{\"@id\":\"https:\\\/\\\/digital58.com.ve\\\/site\\\/#\\\/schema\\\/person\\\/64d1c2e4d0d4fd1b849980c4331c2951\"},\"image\":{\"@id\":\"https:\\\/\\\/digital58.com.ve\\\/site\\\/2021\\\/04\\\/27\\\/muere-aristobulo-isturiz-ultima-hora\\\/#primaryimage\"},\"thumbnailUrl\":\"https:\\\/\\\/digital58.com.ve\\\/site\\\/wp-content\\\/uploads\\\/2021\\\/04\\\/Aristobulo-Isturiz.jpg\",\"keywords\":[\"Arist\u00f3bulo Ist\u00fariz\",\"Caracas\",\"Delcy Rodr\u00edguez\",\"Fallecimientos\",\"Nacionales\",\"Vicepresidencia de Venezuela\"],\"articleSection\":[\"Venezuela\"],\"inLanguage\":\"es\",\"potentialAction\":[{\"@type\":\"CommentAction\",\"name\":\"Comment\",\"target\":[\"https:\\\/\\\/digital58.com.ve\\\/site\\\/2021\\\/04\\\/27\\\/muere-aristobulo-isturiz-ultima-hora\\\/#respond\"]}]},{\"@type\":\"WebPage\",\"@id\":\"https:\\\/\\\/digital58.com.ve\\\/site\\\/2021\\\/04\\\/27\\\/muere-aristobulo-isturiz-ultima-hora\\\/\",\"url\":\"https:\\\/\\\/digital58.com.ve\\\/site\\\/2021\\\/04\\\/27\\\/muere-aristobulo-isturiz-ultima-hora\\\/\",\"name\":\"Muere Arist\u00f3bulo Ist\u00fariz, ministro de Educaci\u00f3n de Venezuela\",\"isPartOf\":{\"@id\":\"https:\\\/\\\/digital58.com.ve\\\/site\\\/#website\"},\"primaryImageOfPage\":{\"@id\":\"https:\\\/\\\/digital58.com.ve\\\/site\\\/2021\\\/04\\\/27\\\/muere-aristobulo-isturiz-ultima-hora\\\/#primaryimage\"},\"image\":{\"@id\":\"https:\\\/\\\/digital58.com.ve\\\/site\\\/2021\\\/04\\\/27\\\/muere-aristobulo-isturiz-ultima-hora\\\/#primaryimage\"},\"thumbnailUrl\":\"https:\\\/\\\/digital58.com.ve\\\/site\\\/wp-content\\\/uploads\\\/2021\\\/04\\\/Aristobulo-Isturiz.jpg\",\"datePublished\":\"2021-04-28T03:45:51+00:00\",\"dateModified\":\"2021-04-28T04:44:15+00:00\",\"description\":\"Venezuela\",\"breadcrumb\":{\"@id\":\"https:\\\/\\\/digital58.com.ve\\\/site\\\/2021\\\/04\\\/27\\\/muere-aristobulo-isturiz-ultima-hora\\\/#breadcrumb\"},\"inLanguage\":\"es\",\"potentialAction\":[{\"@type\":\"ReadAction\",\"target\":[\"https:\\\/\\\/digital58.com.ve\\\/site\\\/2021\\\/04\\\/27\\\/muere-aristobulo-isturiz-ultima-hora\\\/\"]}]},{\"@type\":\"ImageObject\",\"inLanguage\":\"es\",\"@id\":\"https:\\\/\\\/digital58.com.ve\\\/site\\\/2021\\\/04\\\/27\\\/muere-aristobulo-isturiz-ultima-hora\\\/#primaryimage\",\"url\":\"https:\\\/\\\/digital58.com.ve\\\/site\\\/wp-content\\\/uploads\\\/2021\\\/04\\\/Aristobulo-Isturiz.jpg\",\"contentUrl\":\"https:\\\/\\\/digital58.com.ve\\\/site\\\/wp-content\\\/uploads\\\/2021\\\/04\\\/Aristobulo-Isturiz.jpg\",\"width\":900,\"height\":600},{\"@type\":\"BreadcrumbList\",\"@id\":\"https:\\\/\\\/digital58.com.ve\\\/site\\\/2021\\\/04\\\/27\\\/muere-aristobulo-isturiz-ultima-hora\\\/#breadcrumb\",\"itemListElement\":[{\"@type\":\"ListItem\",\"position\":1,\"name\":\"Home\",\"item\":\"https:\\\/\\\/digital58.com.ve\\\/site\\\/\"},{\"@type\":\"ListItem\",\"position\":2,\"name\":\"Muere Arist\u00f3bulo Ist\u00fariz, ministro de Educaci\u00f3n de Venezuela\"}]},{\"@type\":\"WebSite\",\"@id\":\"https:\\\/\\\/digital58.com.ve\\\/site\\\/#website\",\"url\":\"https:\\\/\\\/digital58.com.ve\\\/site\\\/\",\"name\":\"Noticias Digital58\",\"description\":\"Portal de Noticias \u00a1Periodismo web de verdad! Lanzamiento web 22.11.2005 \\\/ Maracaibo, Venezuela\",\"publisher\":{\"@id\":\"https:\\\/\\\/digital58.com.ve\\\/site\\\/#\\\/schema\\\/person\\\/64d1c2e4d0d4fd1b849980c4331c2951\"},\"alternateName\":\"ND58\",\"potentialAction\":[{\"@type\":\"SearchAction\",\"target\":{\"@type\":\"EntryPoint\",\"urlTemplate\":\"https:\\\/\\\/digital58.com.ve\\\/site\\\/?s={search_term_string}\"},\"query-input\":{\"@type\":\"PropertyValueSpecification\",\"valueRequired\":true,\"valueName\":\"search_term_string\"}}],\"inLanguage\":\"es\"},{\"@type\":[\"Person\",\"Organization\"],\"@id\":\"https:\\\/\\\/digital58.com.ve\\\/site\\\/#\\\/schema\\\/person\\\/64d1c2e4d0d4fd1b849980c4331c2951\",\"name\":\"Villasmil Henry\",\"image\":{\"@type\":\"ImageObject\",\"inLanguage\":\"es\",\"@id\":\"https:\\\/\\\/secure.gravatar.com\\\/avatar\\\/bb0c4a2fcb7970138239f7e404ea75757b1b507b28b5ce4c53fbd62d797c5a7c?s=96&d=mm&r=g\",\"url\":\"https:\\\/\\\/secure.gravatar.com\\\/avatar\\\/bb0c4a2fcb7970138239f7e404ea75757b1b507b28b5ce4c53fbd62d797c5a7c?s=96&d=mm&r=g\",\"contentUrl\":\"https:\\\/\\\/secure.gravatar.com\\\/avatar\\\/bb0c4a2fcb7970138239f7e404ea75757b1b507b28b5ce4c53fbd62d797c5a7c?s=96&d=mm&r=g\",\"caption\":\"Villasmil Henry\"},\"logo\":{\"@id\":\"https:\\\/\\\/secure.gravatar.com\\\/avatar\\\/bb0c4a2fcb7970138239f7e404ea75757b1b507b28b5ce4c53fbd62d797c5a7c?s=96&d=mm&r=g\"},\"sameAs\":[\"http:\\\/\\\/www.henryvillasmil.com.ve\",\"https:\\\/\\\/www.instagram.com\\\/villasmilhfoto\\\/\",\"https:\\\/\\\/x.com\\\/https:\\\/\\\/twitter.com\\\/villasmilhfoto\"],\"url\":\"https:\\\/\\\/digital58.com.ve\\\/site\\\/author\\\/droopy_68\\\/\"}]}<\/script>\n<!-- \/ Yoast SEO plugin. -->","yoast_head_json":{"title":"Muere Arist\u00f3bulo Ist\u00fariz, ministro de Educaci\u00f3n de Venezuela","description":"Venezuela","robots":{"index":"index","follow":"follow","max-snippet":"max-snippet:-1","max-image-preview":"max-image-preview:large","max-video-preview":"max-video-preview:-1"},"canonical":"https:\/\/digital58.com.ve\/site\/2021\/04\/27\/muere-aristobulo-isturiz-ultima-hora\/","og_locale":"es_ES","og_type":"article","og_title":"Muere Arist\u00f3bulo Ist\u00fariz, ministro de Educaci\u00f3n de Venezuela","og_description":"Venezuela","og_url":"https:\/\/digital58.com.ve\/site\/2021\/04\/27\/muere-aristobulo-isturiz-ultima-hora\/","og_site_name":"Noticias Digital58","article_published_time":"2021-04-28T03:45:51+00:00","article_modified_time":"2021-04-28T04:44:15+00:00","og_image":[{"width":900,"height":600,"url":"https:\/\/digital58.com.ve\/site\/wp-content\/uploads\/2021\/04\/Aristobulo-Isturiz.jpg","type":"image\/jpeg"}],"author":"Villasmil Henry","twitter_card":"summary_large_image","twitter_creator":"@https:\/\/twitter.com\/villasmilhfoto","twitter_site":"@villasmilhfoto","twitter_misc":{"Escrito por":"Villasmil Henry","Tiempo estimado de lectura":"2 minutos"},"schema":{"@context":"https:\/\/schema.org","@graph":[{"@type":"Article","@id":"https:\/\/digital58.com.ve\/site\/2021\/04\/27\/muere-aristobulo-isturiz-ultima-hora\/#article","isPartOf":{"@id":"https:\/\/digital58.com.ve\/site\/2021\/04\/27\/muere-aristobulo-isturiz-ultima-hora\/"},"author":{"name":"Villasmil Henry","@id":"https:\/\/digital58.com.ve\/site\/#\/schema\/person\/64d1c2e4d0d4fd1b849980c4331c2951"},"headline":"Muere Arist\u00f3bulo Ist\u00fariz, ministro de Educaci\u00f3n de Venezuela","datePublished":"2021-04-28T03:45:51+00:00","dateModified":"2021-04-28T04:44:15+00:00","mainEntityOfPage":{"@id":"https:\/\/digital58.com.ve\/site\/2021\/04\/27\/muere-aristobulo-isturiz-ultima-hora\/"},"wordCount":464,"commentCount":0,"publisher":{"@id":"https:\/\/digital58.com.ve\/site\/#\/schema\/person\/64d1c2e4d0d4fd1b849980c4331c2951"},"image":{"@id":"https:\/\/digital58.com.ve\/site\/2021\/04\/27\/muere-aristobulo-isturiz-ultima-hora\/#primaryimage"},"thumbnailUrl":"https:\/\/digital58.com.ve\/site\/wp-content\/uploads\/2021\/04\/Aristobulo-Isturiz.jpg","keywords":["Arist\u00f3bulo Ist\u00fariz","Caracas","Delcy Rodr\u00edguez","Fallecimientos","Nacionales","Vicepresidencia de Venezuela"],"articleSection":["Venezuela"],"inLanguage":"es","potentialAction":[{"@type":"CommentAction","name":"Comment","target":["https:\/\/digital58.com.ve\/site\/2021\/04\/27\/muere-aristobulo-isturiz-ultima-hora\/#respond"]}]},{"@type":"WebPage","@id":"https:\/\/digital58.com.ve\/site\/2021\/04\/27\/muere-aristobulo-isturiz-ultima-hora\/","url":"https:\/\/digital58.com.ve\/site\/2021\/04\/27\/muere-aristobulo-isturiz-ultima-hora\/","name":"Muere Arist\u00f3bulo Ist\u00fariz, ministro de Educaci\u00f3n de Venezuela","isPartOf":{"@id":"https:\/\/digital58.com.ve\/site\/#website"},"primaryImageOfPage":{"@id":"https:\/\/digital58.com.ve\/site\/2021\/04\/27\/muere-aristobulo-isturiz-ultima-hora\/#primaryimage"},"image":{"@id":"https:\/\/digital58.com.ve\/site\/2021\/04\/27\/muere-aristobulo-isturiz-ultima-hora\/#primaryimage"},"thumbnailUrl":"https:\/\/digital58.com.ve\/site\/wp-content\/uploads\/2021\/04\/Aristobulo-Isturiz.jpg","datePublished":"2021-04-28T03:45:51+00:00","dateModified":"2021-04-28T04:44:15+00:00","description":"Venezuela","breadcrumb":{"@id":"https:\/\/digital58.com.ve\/site\/2021\/04\/27\/muere-aristobulo-isturiz-ultima-hora\/#breadcrumb"},"inLanguage":"es","potentialAction":[{"@type":"ReadAction","target":["https:\/\/digital58.com.ve\/site\/2021\/04\/27\/muere-aristobulo-isturiz-ultima-hora\/"]}]},{"@type":"ImageObject","inLanguage":"es","@id":"https:\/\/digital58.com.ve\/site\/2021\/04\/27\/muere-aristobulo-isturiz-ultima-hora\/#primaryimage","url":"https:\/\/digital58.com.ve\/site\/wp-content\/uploads\/2021\/04\/Aristobulo-Isturiz.jpg","contentUrl":"https:\/\/digital58.com.ve\/site\/wp-content\/uploads\/2021\/04\/Aristobulo-Isturiz.jpg","width":900,"height":600},{"@type":"BreadcrumbList","@id":"https:\/\/digital58.com.ve\/site\/2021\/04\/27\/muere-aristobulo-isturiz-ultima-hora\/#breadcrumb","itemListElement":[{"@type":"ListItem","position":1,"name":"Home","item":"https:\/\/digital58.com.ve\/site\/"},{"@type":"ListItem","position":2,"name":"Muere Arist\u00f3bulo Ist\u00fariz, ministro de Educaci\u00f3n de Venezuela"}]},{"@type":"WebSite","@id":"https:\/\/digital58.com.ve\/site\/#website","url":"https:\/\/digital58.com.ve\/site\/","name":"Noticias Digital58","description":"Portal de Noticias \u00a1Periodismo web de verdad! Lanzamiento web 22.11.2005 \/ Maracaibo, Venezuela","publisher":{"@id":"https:\/\/digital58.com.ve\/site\/#\/schema\/person\/64d1c2e4d0d4fd1b849980c4331c2951"},"alternateName":"ND58","potentialAction":[{"@type":"SearchAction","target":{"@type":"EntryPoint","urlTemplate":"https:\/\/digital58.com.ve\/site\/?s={search_term_string}"},"query-input":{"@type":"PropertyValueSpecification","valueRequired":true,"valueName":"search_term_string"}}],"inLanguage":"es"},{"@type":["Person","Organization"],"@id":"https:\/\/digital58.com.ve\/site\/#\/schema\/person\/64d1c2e4d0d4fd1b849980c4331c2951","name":"Villasmil Henry","image":{"@type":"ImageObject","inLanguage":"es","@id":"https:\/\/secure.gravatar.com\/avatar\/bb0c4a2fcb7970138239f7e404ea75757b1b507b28b5ce4c53fbd62d797c5a7c?s=96&d=mm&r=g","url":"https:\/\/secure.gravatar.com\/avatar\/bb0c4a2fcb7970138239f7e404ea75757b1b507b28b5ce4c53fbd62d797c5a7c?s=96&d=mm&r=g","contentUrl":"https:\/\/secure.gravatar.com\/avatar\/bb0c4a2fcb7970138239f7e404ea75757b1b507b28b5ce4c53fbd62d797c5a7c?s=96&d=mm&r=g","caption":"Villasmil Henry"},"logo":{"@id":"https:\/\/secure.gravatar.com\/avatar\/bb0c4a2fcb7970138239f7e404ea75757b1b507b28b5ce4c53fbd62d797c5a7c?s=96&d=mm&r=g"},"sameAs":["http:\/\/www.henryvillasmil.com.ve","https:\/\/www.instagram.com\/villasmilhfoto\/","https:\/\/x.com\/https:\/\/twitter.com\/villasmilhfoto"],"url":"https:\/\/digital58.com.ve\/site\/author\/droopy_68\/"}]}},"uagb_featured_image_src":{"full":["https:\/\/digital58.com.ve\/site\/wp-content\/uploads\/2021\/04\/Aristobulo-Isturiz.jpg",900,600,false],"thumbnail":["https:\/\/digital58.com.ve\/site\/wp-content\/uploads\/2021\/04\/Aristobulo-Isturiz-150x150.jpg",150,150,true],"medium":["https:\/\/digital58.com.ve\/site\/wp-content\/uploads\/2021\/04\/Aristobulo-Isturiz-300x200.jpg",300,200,true],"medium_large":["https:\/\/digital58.com.ve\/site\/wp-content\/uploads\/2021\/04\/Aristobulo-Isturiz-768x512.jpg",768,512,true],"large":["https:\/\/digital58.com.ve\/site\/wp-content\/uploads\/2021\/04\/Aristobulo-Isturiz.jpg",800,533,false],"1536x1536":["https:\/\/digital58.com.ve\/site\/wp-content\/uploads\/2021\/04\/Aristobulo-Isturiz.jpg",900,600,false],"2048x2048":["https:\/\/digital58.com.ve\/site\/wp-content\/uploads\/2021\/04\/Aristobulo-Isturiz.jpg",900,600,false],"colormag-highlighted-post":["https:\/\/digital58.com.ve\/site\/wp-content\/uploads\/2021\/04\/Aristobulo-Isturiz.jpg",392,261,false],"colormag-featured-post-medium":["https:\/\/digital58.com.ve\/site\/wp-content\/uploads\/2021\/04\/Aristobulo-Isturiz.jpg",308,205,false],"colormag-featured-post-small":["https:\/\/digital58.com.ve\/site\/wp-content\/uploads\/2021\/04\/Aristobulo-Isturiz.jpg",130,87,false],"colormag-featured-image":["https:\/\/digital58.com.ve\/site\/wp-content\/uploads\/2021\/04\/Aristobulo-Isturiz.jpg",668,445,false],"colormag-default-news":["https:\/\/digital58.com.ve\/site\/wp-content\/uploads\/2021\/04\/Aristobulo-Isturiz.jpg",150,100,false],"colormag-featured-image-large":["https:\/\/digital58.com.ve\/site\/wp-content\/uploads\/2021\/04\/Aristobulo-Isturiz.jpg",900,600,false]},"uagb_author_info":{"display_name":"Villasmil Henry","author_link":"https:\/\/digital58.com.ve\/site\/author\/droopy_68\/"},"uagb_comment_info":0,"uagb_excerpt":"Se desconoce la causa de la muerte de Arist\u00f3bulo por el momento, aunque algunas fuentes la atribuyen a un problema","_links":{"self":[{"href":"https:\/\/digital58.com.ve\/site\/wp-json\/wp\/v2\/posts\/137935","targetHints":{"allow":["GET"]}}],"collection":[{"href":"https:\/\/digital58.com.ve\/site\/wp-json\/wp\/v2\/posts"}],"about":[{"href":"https:\/\/digital58.com.ve\/site\/wp-json\/wp\/v2\/types\/post"}],"author":[{"embeddable":true,"href":"https:\/\/digital58.com.ve\/site\/wp-json\/wp\/v2\/users\/1"}],"replies":[{"embeddable":true,"href":"https:\/\/digital58.com.ve\/site\/wp-json\/wp\/v2\/comments?post=137935"}],"version-history":[{"count":0,"href":"https:\/\/digital58.com.ve\/site\/wp-json\/wp\/v2\/posts\/137935\/revisions"}],"wp:featuredmedia":[{"embeddable":true,"href":"https:\/\/digital58.com.ve\/site\/wp-json\/wp\/v2\/media\/137936"}],"wp:attachment":[{"href":"https:\/\/digital58.com.ve\/site\/wp-json\/wp\/v2\/media?parent=137935"}],"wp:term":[{"taxonomy":"category","embeddable":true,"href":"https:\/\/digital58.com.ve\/site\/wp-json\/wp\/v2\/categories?post=137935"},{"taxonomy":"post_tag","embeddable":true,"href":"https:\/\/digital58.com.ve\/site\/wp-json\/wp\/v2\/tags?post=137935"}],"curies":[{"name":"wp","href":"https:\/\/api.w.org\/{rel}","templated":true}]}}