{"id":138127,"date":"2021-04-30T23:03:19","date_gmt":"2021-05-01T03:03:19","guid":{"rendered":"https:\/\/digital58.com.ve\/site\/?p=138127"},"modified":"2021-04-30T23:03:19","modified_gmt":"2021-05-01T03:03:19","slug":"segun-el-nuncio-apostolico-aldo-giordano-el-papa-desea-visitar-venezuela","status":"publish","type":"post","link":"https:\/\/digital58.com.ve\/site\/2021\/04\/30\/segun-el-nuncio-apostolico-aldo-giordano-el-papa-desea-visitar-venezuela\/","title":{"rendered":"Seg\u00fan el nuncio apost\u00f3lico  Aldo Giordano El Papa desea visitar Venezuela"},"content":{"rendered":"<p>&nbsp;<\/p>\n<p><img loading=\"lazy\" decoding=\"async\" class=\"size-full wp-image-138128 aligncenter\" src=\"https:\/\/digital58.com.ve\/site\/wp-content\/uploads\/2021\/04\/65LQQTVGGNDD7DNZNPKRWPJGE4.jpg\" alt=\"\" width=\"800\" height=\"431\" srcset=\"https:\/\/digital58.com.ve\/site\/wp-content\/uploads\/2021\/04\/65LQQTVGGNDD7DNZNPKRWPJGE4.jpg 800w, https:\/\/digital58.com.ve\/site\/wp-content\/uploads\/2021\/04\/65LQQTVGGNDD7DNZNPKRWPJGE4-300x162.jpg 300w, https:\/\/digital58.com.ve\/site\/wp-content\/uploads\/2021\/04\/65LQQTVGGNDD7DNZNPKRWPJGE4-768x414.jpg 768w\" sizes=\"auto, (max-width: 800px) 100vw, 800px\" \/><\/p>\n<p>Las palabras del nuncio fueron respondidas un sonoro y prolongado aplauso del centenar de personas que asistieron al acto, celebrado en la iglesia del colegio La Salle de Caracas.<\/p>\n<p><strong>Caracas, DC, Venezuela,\u00a0 30 de abril de 2021 (ND58).-<\/strong>El nuncio Apost\u00f3lico, Aldo Giordano inform\u00f3 este viernes 30 de abril en el marco de la beatificaci\u00f3n de Jose Gregorio Hern\u00e1ndez, que el Papa Francisco desea visitar Venezuela.<\/p>\n<p>En la ceremonia, Giordano record\u00f3 que el secretario de Estado del Vaticano, cardenal Pietro Parolin, quer\u00eda viajar a Caracas para presidir el acto, pero finalmente no pudo hacerlo debido a la pandemia de la COVID-19.<\/p>\n<p>\u00abLamentablemente no fue posible. Esperemos que pueda volver pronto a Venezuela, quiz\u00e1s acompa\u00f1ando al papa Francisco, quien nos confi\u00f3 que tiene muchas ganas de visitar nuestro pa\u00eds\u00bb, dijo Giordano.<\/p>\n<p>Las palabras del nuncio fueron respondidas un sonoro y prolongado aplauso del centenar de personas que asistieron al acto, celebrado en la iglesia del colegio La Salle de Caracas.<\/p>\n<p>\u00abVoy a transmitir al Papa este aplauso\u00bb, respondi\u00f3 Giordano.<\/p>\n<p>Jos\u00e9 Gregorio Hern\u00e1ndez, conocido popularmente como el m\u00e9dico de los pobres, fue beatificado este viernes en Caracas en una reducida ceremonia acorde con las medidas de seguridad que marca la pandemia.<\/p>\n<p>\u00abDe ahora en adelante sea llamado beato y que sea celebrado cada a\u00f1o en los lugares y seg\u00fan las reglas establecidas por el derecho el 26 de octubre\u00bb. As\u00ed lo dijo Giordano al leer una carta de Francisco que confirma la beatificaci\u00f3n.<\/p>\n<p>La beatificaci\u00f3n se efectu\u00f3 despu\u00e9s de que el papa Francisco reconoci\u00f3 el milagro concedido a la ni\u00f1a Yaxury Sol\u00f3rzano Ortega. Ella vivi\u00f3 tras recibir un tiro en la cabeza durante un asalto mientras se encontraba con su padre y a quien los m\u00e9dicos que la atendieron hab\u00edan desahuciado.<\/p><div class=\"txxou69eead1e6a9ba\" ><p style=\"text-align: center;\"><a href=\"https:\/\/t.me\/noticiasdigital58\" target=\"_blank\" rel=\"noopener\"><img class=\"aligncenter size-full wp-image-125363\" src=\"https:\/\/digital58.com.ve\/site\/wp-content\/uploads\/2021\/04\/banner-telegram-web-2021.png\" alt=\"\" width=\"600\" height=\"90\" \/><\/a><\/p><\/div><style type=\"text\/css\">\r\n@media screen and (min-width: 1201px) {\r\n.txxou69eead1e6a9ba {\r\ndisplay: block;\r\n}\r\n}\r\n@media screen and (min-width: 993px) and (max-width: 1200px) {\r\n.txxou69eead1e6a9ba {\r\ndisplay: block;\r\n}\r\n}\r\n@media screen and (min-width: 769px) and (max-width: 992px) {\r\n.txxou69eead1e6a9ba {\r\ndisplay: block;\r\n}\r\n}\r\n@media screen and (min-width: 768px) and (max-width: 768px) {\r\n.txxou69eead1e6a9ba {\r\ndisplay: block;\r\n}\r\n}\r\n@media screen and (max-width: 767px) {\r\n.txxou69eead1e6a9ba {\r\ndisplay: block;\r\n}\r\n}\r\n<\/style>\r\n\n<p><b>Redacci\u00f3n ND58 | Fuente: Agencias<\/b><br \/>\n<strong>Edici\u00f3n: Villasmil, Henry<\/strong><br \/>\n<strong>Gr\u00e1fica: Archivo\u00a0<\/strong><\/p>\n<div style=\"margin-top: 0px; margin-bottom: 0px;\" class=\"sharethis-inline-share-buttons\" ><\/div>","protected":false},"excerpt":{"rendered":"<p>&nbsp; Las palabras del nuncio fueron respondidas un sonoro y prolongado aplauso del centenar de personas que asistieron al acto,<\/p>\n","protected":false},"author":26,"featured_media":138128,"comment_status":"open","ping_status":"closed","sticky":false,"template":"","format":"standard","meta":{"colormag_page_container_layout":"default_layout","colormag_page_sidebar_layout":"default_layout","_uag_custom_page_level_css":"","footnotes":""},"categories":[16454],"tags":[23771,1692,5971,233,1035,23772,23773,23770],"class_list":["post-138127","post","type-post","status-publish","format-standard","has-post-thumbnail","hentry","category-venezuela","tag-aldo-giordano","tag-iglesia-catolica","tag-jose-gregorio-hernandez","tag-nacionales","tag-papa-francisco","tag-pietro-parolin","tag-visita","tag-yaxury-solorzano"],"yoast_head":"<!-- This site is optimized with the Yoast SEO plugin v27.4 - https:\/\/yoast.com\/product\/yoast-seo-wordpress\/ -->\n<title>Seg\u00fan el nuncio apost\u00f3lico Aldo Giordano El Papa desea visitar Venezuela<\/title>\n<meta name=\"description\" content=\"Venezuela\" \/>\n<meta name=\"robots\" content=\"index, follow, max-snippet:-1, max-image-preview:large, max-video-preview:-1\" \/>\n<link rel=\"canonical\" href=\"https:\/\/digital58.com.ve\/site\/2021\/04\/30\/segun-el-nuncio-apostolico-aldo-giordano-el-papa-desea-visitar-venezuela\/\" \/>\n<meta property=\"og:locale\" content=\"es_ES\" \/>\n<meta property=\"og:type\" content=\"article\" \/>\n<meta property=\"og:title\" content=\"Seg\u00fan el nuncio apost\u00f3lico Aldo Giordano El Papa desea visitar Venezuela\" \/>\n<meta property=\"og:description\" content=\"Venezuela\" \/>\n<meta property=\"og:url\" content=\"https:\/\/digital58.com.ve\/site\/2021\/04\/30\/segun-el-nuncio-apostolico-aldo-giordano-el-papa-desea-visitar-venezuela\/\" \/>\n<meta property=\"og:site_name\" content=\"Noticias Digital58\" \/>\n<meta property=\"article:published_time\" content=\"2021-05-01T03:03:19+00:00\" \/>\n<meta property=\"og:image\" content=\"https:\/\/digital58.com.ve\/site\/wp-content\/uploads\/2021\/04\/65LQQTVGGNDD7DNZNPKRWPJGE4.jpg\" \/>\n\t<meta property=\"og:image:width\" content=\"800\" \/>\n\t<meta property=\"og:image:height\" content=\"431\" \/>\n\t<meta property=\"og:image:type\" content=\"image\/jpeg\" \/>\n<meta name=\"author\" content=\"Molero Luis\" \/>\n<meta name=\"twitter:card\" content=\"summary_large_image\" \/>\n<meta name=\"twitter:creator\" content=\"@Digital_58\" \/>\n<meta name=\"twitter:site\" content=\"@villasmilhfoto\" \/>\n<meta name=\"twitter:label1\" content=\"Escrito por\" \/>\n\t<meta name=\"twitter:data1\" content=\"Molero Luis\" \/>\n\t<meta name=\"twitter:label2\" content=\"Tiempo estimado de lectura\" \/>\n\t<meta name=\"twitter:data2\" content=\"2 minutos\" \/>\n<script type=\"application\/ld+json\" class=\"yoast-schema-graph\">{\"@context\":\"https:\\\/\\\/schema.org\",\"@graph\":[{\"@type\":\"Article\",\"@id\":\"https:\\\/\\\/digital58.com.ve\\\/site\\\/2021\\\/04\\\/30\\\/segun-el-nuncio-apostolico-aldo-giordano-el-papa-desea-visitar-venezuela\\\/#article\",\"isPartOf\":{\"@id\":\"https:\\\/\\\/digital58.com.ve\\\/site\\\/2021\\\/04\\\/30\\\/segun-el-nuncio-apostolico-aldo-giordano-el-papa-desea-visitar-venezuela\\\/\"},\"author\":{\"name\":\"Molero Luis\",\"@id\":\"https:\\\/\\\/digital58.com.ve\\\/site\\\/#\\\/schema\\\/person\\\/c61667ce6845137620ee3f0aaabade17\"},\"headline\":\"Seg\u00fan el nuncio apost\u00f3lico Aldo Giordano El Papa desea visitar Venezuela\",\"datePublished\":\"2021-05-01T03:03:19+00:00\",\"mainEntityOfPage\":{\"@id\":\"https:\\\/\\\/digital58.com.ve\\\/site\\\/2021\\\/04\\\/30\\\/segun-el-nuncio-apostolico-aldo-giordano-el-papa-desea-visitar-venezuela\\\/\"},\"wordCount\":329,\"commentCount\":0,\"publisher\":{\"@id\":\"https:\\\/\\\/digital58.com.ve\\\/site\\\/#\\\/schema\\\/person\\\/64d1c2e4d0d4fd1b849980c4331c2951\"},\"image\":{\"@id\":\"https:\\\/\\\/digital58.com.ve\\\/site\\\/2021\\\/04\\\/30\\\/segun-el-nuncio-apostolico-aldo-giordano-el-papa-desea-visitar-venezuela\\\/#primaryimage\"},\"thumbnailUrl\":\"https:\\\/\\\/digital58.com.ve\\\/site\\\/wp-content\\\/uploads\\\/2021\\\/04\\\/65LQQTVGGNDD7DNZNPKRWPJGE4.jpg\",\"keywords\":[\"Aldo Giordano\",\"Iglesia Cat\u00f3lica\",\"Jos\u00e9 Gregorio Hern\u00e1ndez\",\"Nacionales\",\"Papa Francisco\",\"Pietro Parolin\",\"Visita\",\"Yaxury Sol\u00f3rzano\"],\"articleSection\":[\"Venezuela\"],\"inLanguage\":\"es\",\"potentialAction\":[{\"@type\":\"CommentAction\",\"name\":\"Comment\",\"target\":[\"https:\\\/\\\/digital58.com.ve\\\/site\\\/2021\\\/04\\\/30\\\/segun-el-nuncio-apostolico-aldo-giordano-el-papa-desea-visitar-venezuela\\\/#respond\"]}]},{\"@type\":\"WebPage\",\"@id\":\"https:\\\/\\\/digital58.com.ve\\\/site\\\/2021\\\/04\\\/30\\\/segun-el-nuncio-apostolico-aldo-giordano-el-papa-desea-visitar-venezuela\\\/\",\"url\":\"https:\\\/\\\/digital58.com.ve\\\/site\\\/2021\\\/04\\\/30\\\/segun-el-nuncio-apostolico-aldo-giordano-el-papa-desea-visitar-venezuela\\\/\",\"name\":\"Seg\u00fan el nuncio apost\u00f3lico Aldo Giordano El Papa desea visitar Venezuela\",\"isPartOf\":{\"@id\":\"https:\\\/\\\/digital58.com.ve\\\/site\\\/#website\"},\"primaryImageOfPage\":{\"@id\":\"https:\\\/\\\/digital58.com.ve\\\/site\\\/2021\\\/04\\\/30\\\/segun-el-nuncio-apostolico-aldo-giordano-el-papa-desea-visitar-venezuela\\\/#primaryimage\"},\"image\":{\"@id\":\"https:\\\/\\\/digital58.com.ve\\\/site\\\/2021\\\/04\\\/30\\\/segun-el-nuncio-apostolico-aldo-giordano-el-papa-desea-visitar-venezuela\\\/#primaryimage\"},\"thumbnailUrl\":\"https:\\\/\\\/digital58.com.ve\\\/site\\\/wp-content\\\/uploads\\\/2021\\\/04\\\/65LQQTVGGNDD7DNZNPKRWPJGE4.jpg\",\"datePublished\":\"2021-05-01T03:03:19+00:00\",\"description\":\"Venezuela\",\"breadcrumb\":{\"@id\":\"https:\\\/\\\/digital58.com.ve\\\/site\\\/2021\\\/04\\\/30\\\/segun-el-nuncio-apostolico-aldo-giordano-el-papa-desea-visitar-venezuela\\\/#breadcrumb\"},\"inLanguage\":\"es\",\"potentialAction\":[{\"@type\":\"ReadAction\",\"target\":[\"https:\\\/\\\/digital58.com.ve\\\/site\\\/2021\\\/04\\\/30\\\/segun-el-nuncio-apostolico-aldo-giordano-el-papa-desea-visitar-venezuela\\\/\"]}]},{\"@type\":\"ImageObject\",\"inLanguage\":\"es\",\"@id\":\"https:\\\/\\\/digital58.com.ve\\\/site\\\/2021\\\/04\\\/30\\\/segun-el-nuncio-apostolico-aldo-giordano-el-papa-desea-visitar-venezuela\\\/#primaryimage\",\"url\":\"https:\\\/\\\/digital58.com.ve\\\/site\\\/wp-content\\\/uploads\\\/2021\\\/04\\\/65LQQTVGGNDD7DNZNPKRWPJGE4.jpg\",\"contentUrl\":\"https:\\\/\\\/digital58.com.ve\\\/site\\\/wp-content\\\/uploads\\\/2021\\\/04\\\/65LQQTVGGNDD7DNZNPKRWPJGE4.jpg\",\"width\":800,\"height\":431},{\"@type\":\"BreadcrumbList\",\"@id\":\"https:\\\/\\\/digital58.com.ve\\\/site\\\/2021\\\/04\\\/30\\\/segun-el-nuncio-apostolico-aldo-giordano-el-papa-desea-visitar-venezuela\\\/#breadcrumb\",\"itemListElement\":[{\"@type\":\"ListItem\",\"position\":1,\"name\":\"Home\",\"item\":\"https:\\\/\\\/digital58.com.ve\\\/site\\\/\"},{\"@type\":\"ListItem\",\"position\":2,\"name\":\"Seg\u00fan el nuncio apost\u00f3lico Aldo Giordano El Papa desea visitar Venezuela\"}]},{\"@type\":\"WebSite\",\"@id\":\"https:\\\/\\\/digital58.com.ve\\\/site\\\/#website\",\"url\":\"https:\\\/\\\/digital58.com.ve\\\/site\\\/\",\"name\":\"Noticias Digital58\",\"description\":\"Portal de Noticias \u00a1Periodismo web de verdad! Lanzamiento web 22.11.2005 \\\/ Maracaibo, Venezuela\",\"publisher\":{\"@id\":\"https:\\\/\\\/digital58.com.ve\\\/site\\\/#\\\/schema\\\/person\\\/64d1c2e4d0d4fd1b849980c4331c2951\"},\"alternateName\":\"ND58\",\"potentialAction\":[{\"@type\":\"SearchAction\",\"target\":{\"@type\":\"EntryPoint\",\"urlTemplate\":\"https:\\\/\\\/digital58.com.ve\\\/site\\\/?s={search_term_string}\"},\"query-input\":{\"@type\":\"PropertyValueSpecification\",\"valueRequired\":true,\"valueName\":\"search_term_string\"}}],\"inLanguage\":\"es\"},{\"@type\":[\"Person\",\"Organization\"],\"@id\":\"https:\\\/\\\/digital58.com.ve\\\/site\\\/#\\\/schema\\\/person\\\/64d1c2e4d0d4fd1b849980c4331c2951\",\"name\":\"Villasmil Henry\",\"image\":{\"@type\":\"ImageObject\",\"inLanguage\":\"es\",\"@id\":\"https:\\\/\\\/secure.gravatar.com\\\/avatar\\\/bb0c4a2fcb7970138239f7e404ea75757b1b507b28b5ce4c53fbd62d797c5a7c?s=96&d=mm&r=g\",\"url\":\"https:\\\/\\\/secure.gravatar.com\\\/avatar\\\/bb0c4a2fcb7970138239f7e404ea75757b1b507b28b5ce4c53fbd62d797c5a7c?s=96&d=mm&r=g\",\"contentUrl\":\"https:\\\/\\\/secure.gravatar.com\\\/avatar\\\/bb0c4a2fcb7970138239f7e404ea75757b1b507b28b5ce4c53fbd62d797c5a7c?s=96&d=mm&r=g\",\"caption\":\"Villasmil Henry\"},\"logo\":{\"@id\":\"https:\\\/\\\/secure.gravatar.com\\\/avatar\\\/bb0c4a2fcb7970138239f7e404ea75757b1b507b28b5ce4c53fbd62d797c5a7c?s=96&d=mm&r=g\"},\"sameAs\":[\"http:\\\/\\\/www.henryvillasmil.com.ve\",\"https:\\\/\\\/www.instagram.com\\\/villasmilhfoto\\\/\",\"https:\\\/\\\/x.com\\\/https:\\\/\\\/twitter.com\\\/villasmilhfoto\"]},{\"@type\":\"Person\",\"@id\":\"https:\\\/\\\/digital58.com.ve\\\/site\\\/#\\\/schema\\\/person\\\/c61667ce6845137620ee3f0aaabade17\",\"name\":\"Molero Luis\",\"image\":{\"@type\":\"ImageObject\",\"inLanguage\":\"es\",\"@id\":\"https:\\\/\\\/secure.gravatar.com\\\/avatar\\\/bf041ec637e3e7405449807deb2f7cf3d2de7c6fa755dd56e985201de9863f2b?s=96&d=mm&r=g\",\"url\":\"https:\\\/\\\/secure.gravatar.com\\\/avatar\\\/bf041ec637e3e7405449807deb2f7cf3d2de7c6fa755dd56e985201de9863f2b?s=96&d=mm&r=g\",\"contentUrl\":\"https:\\\/\\\/secure.gravatar.com\\\/avatar\\\/bf041ec637e3e7405449807deb2f7cf3d2de7c6fa755dd56e985201de9863f2b?s=96&d=mm&r=g\",\"caption\":\"Molero Luis\"},\"url\":\"https:\\\/\\\/digital58.com.ve\\\/site\\\/author\\\/luismolero\\\/\"}]}<\/script>\n<!-- \/ Yoast SEO plugin. -->","yoast_head_json":{"title":"Seg\u00fan el nuncio apost\u00f3lico Aldo Giordano El Papa desea visitar Venezuela","description":"Venezuela","robots":{"index":"index","follow":"follow","max-snippet":"max-snippet:-1","max-image-preview":"max-image-preview:large","max-video-preview":"max-video-preview:-1"},"canonical":"https:\/\/digital58.com.ve\/site\/2021\/04\/30\/segun-el-nuncio-apostolico-aldo-giordano-el-papa-desea-visitar-venezuela\/","og_locale":"es_ES","og_type":"article","og_title":"Seg\u00fan el nuncio apost\u00f3lico Aldo Giordano El Papa desea visitar Venezuela","og_description":"Venezuela","og_url":"https:\/\/digital58.com.ve\/site\/2021\/04\/30\/segun-el-nuncio-apostolico-aldo-giordano-el-papa-desea-visitar-venezuela\/","og_site_name":"Noticias Digital58","article_published_time":"2021-05-01T03:03:19+00:00","og_image":[{"width":800,"height":431,"url":"https:\/\/digital58.com.ve\/site\/wp-content\/uploads\/2021\/04\/65LQQTVGGNDD7DNZNPKRWPJGE4.jpg","type":"image\/jpeg"}],"author":"Molero Luis","twitter_card":"summary_large_image","twitter_creator":"@Digital_58","twitter_site":"@villasmilhfoto","twitter_misc":{"Escrito por":"Molero Luis","Tiempo estimado de lectura":"2 minutos"},"schema":{"@context":"https:\/\/schema.org","@graph":[{"@type":"Article","@id":"https:\/\/digital58.com.ve\/site\/2021\/04\/30\/segun-el-nuncio-apostolico-aldo-giordano-el-papa-desea-visitar-venezuela\/#article","isPartOf":{"@id":"https:\/\/digital58.com.ve\/site\/2021\/04\/30\/segun-el-nuncio-apostolico-aldo-giordano-el-papa-desea-visitar-venezuela\/"},"author":{"name":"Molero Luis","@id":"https:\/\/digital58.com.ve\/site\/#\/schema\/person\/c61667ce6845137620ee3f0aaabade17"},"headline":"Seg\u00fan el nuncio apost\u00f3lico Aldo Giordano El Papa desea visitar Venezuela","datePublished":"2021-05-01T03:03:19+00:00","mainEntityOfPage":{"@id":"https:\/\/digital58.com.ve\/site\/2021\/04\/30\/segun-el-nuncio-apostolico-aldo-giordano-el-papa-desea-visitar-venezuela\/"},"wordCount":329,"commentCount":0,"publisher":{"@id":"https:\/\/digital58.com.ve\/site\/#\/schema\/person\/64d1c2e4d0d4fd1b849980c4331c2951"},"image":{"@id":"https:\/\/digital58.com.ve\/site\/2021\/04\/30\/segun-el-nuncio-apostolico-aldo-giordano-el-papa-desea-visitar-venezuela\/#primaryimage"},"thumbnailUrl":"https:\/\/digital58.com.ve\/site\/wp-content\/uploads\/2021\/04\/65LQQTVGGNDD7DNZNPKRWPJGE4.jpg","keywords":["Aldo Giordano","Iglesia Cat\u00f3lica","Jos\u00e9 Gregorio Hern\u00e1ndez","Nacionales","Papa Francisco","Pietro Parolin","Visita","Yaxury Sol\u00f3rzano"],"articleSection":["Venezuela"],"inLanguage":"es","potentialAction":[{"@type":"CommentAction","name":"Comment","target":["https:\/\/digital58.com.ve\/site\/2021\/04\/30\/segun-el-nuncio-apostolico-aldo-giordano-el-papa-desea-visitar-venezuela\/#respond"]}]},{"@type":"WebPage","@id":"https:\/\/digital58.com.ve\/site\/2021\/04\/30\/segun-el-nuncio-apostolico-aldo-giordano-el-papa-desea-visitar-venezuela\/","url":"https:\/\/digital58.com.ve\/site\/2021\/04\/30\/segun-el-nuncio-apostolico-aldo-giordano-el-papa-desea-visitar-venezuela\/","name":"Seg\u00fan el nuncio apost\u00f3lico Aldo Giordano El Papa desea visitar Venezuela","isPartOf":{"@id":"https:\/\/digital58.com.ve\/site\/#website"},"primaryImageOfPage":{"@id":"https:\/\/digital58.com.ve\/site\/2021\/04\/30\/segun-el-nuncio-apostolico-aldo-giordano-el-papa-desea-visitar-venezuela\/#primaryimage"},"image":{"@id":"https:\/\/digital58.com.ve\/site\/2021\/04\/30\/segun-el-nuncio-apostolico-aldo-giordano-el-papa-desea-visitar-venezuela\/#primaryimage"},"thumbnailUrl":"https:\/\/digital58.com.ve\/site\/wp-content\/uploads\/2021\/04\/65LQQTVGGNDD7DNZNPKRWPJGE4.jpg","datePublished":"2021-05-01T03:03:19+00:00","description":"Venezuela","breadcrumb":{"@id":"https:\/\/digital58.com.ve\/site\/2021\/04\/30\/segun-el-nuncio-apostolico-aldo-giordano-el-papa-desea-visitar-venezuela\/#breadcrumb"},"inLanguage":"es","potentialAction":[{"@type":"ReadAction","target":["https:\/\/digital58.com.ve\/site\/2021\/04\/30\/segun-el-nuncio-apostolico-aldo-giordano-el-papa-desea-visitar-venezuela\/"]}]},{"@type":"ImageObject","inLanguage":"es","@id":"https:\/\/digital58.com.ve\/site\/2021\/04\/30\/segun-el-nuncio-apostolico-aldo-giordano-el-papa-desea-visitar-venezuela\/#primaryimage","url":"https:\/\/digital58.com.ve\/site\/wp-content\/uploads\/2021\/04\/65LQQTVGGNDD7DNZNPKRWPJGE4.jpg","contentUrl":"https:\/\/digital58.com.ve\/site\/wp-content\/uploads\/2021\/04\/65LQQTVGGNDD7DNZNPKRWPJGE4.jpg","width":800,"height":431},{"@type":"BreadcrumbList","@id":"https:\/\/digital58.com.ve\/site\/2021\/04\/30\/segun-el-nuncio-apostolico-aldo-giordano-el-papa-desea-visitar-venezuela\/#breadcrumb","itemListElement":[{"@type":"ListItem","position":1,"name":"Home","item":"https:\/\/digital58.com.ve\/site\/"},{"@type":"ListItem","position":2,"name":"Seg\u00fan el nuncio apost\u00f3lico Aldo Giordano El Papa desea visitar Venezuela"}]},{"@type":"WebSite","@id":"https:\/\/digital58.com.ve\/site\/#website","url":"https:\/\/digital58.com.ve\/site\/","name":"Noticias Digital58","description":"Portal de Noticias \u00a1Periodismo web de verdad! Lanzamiento web 22.11.2005 \/ Maracaibo, Venezuela","publisher":{"@id":"https:\/\/digital58.com.ve\/site\/#\/schema\/person\/64d1c2e4d0d4fd1b849980c4331c2951"},"alternateName":"ND58","potentialAction":[{"@type":"SearchAction","target":{"@type":"EntryPoint","urlTemplate":"https:\/\/digital58.com.ve\/site\/?s={search_term_string}"},"query-input":{"@type":"PropertyValueSpecification","valueRequired":true,"valueName":"search_term_string"}}],"inLanguage":"es"},{"@type":["Person","Organization"],"@id":"https:\/\/digital58.com.ve\/site\/#\/schema\/person\/64d1c2e4d0d4fd1b849980c4331c2951","name":"Villasmil Henry","image":{"@type":"ImageObject","inLanguage":"es","@id":"https:\/\/secure.gravatar.com\/avatar\/bb0c4a2fcb7970138239f7e404ea75757b1b507b28b5ce4c53fbd62d797c5a7c?s=96&d=mm&r=g","url":"https:\/\/secure.gravatar.com\/avatar\/bb0c4a2fcb7970138239f7e404ea75757b1b507b28b5ce4c53fbd62d797c5a7c?s=96&d=mm&r=g","contentUrl":"https:\/\/secure.gravatar.com\/avatar\/bb0c4a2fcb7970138239f7e404ea75757b1b507b28b5ce4c53fbd62d797c5a7c?s=96&d=mm&r=g","caption":"Villasmil Henry"},"logo":{"@id":"https:\/\/secure.gravatar.com\/avatar\/bb0c4a2fcb7970138239f7e404ea75757b1b507b28b5ce4c53fbd62d797c5a7c?s=96&d=mm&r=g"},"sameAs":["http:\/\/www.henryvillasmil.com.ve","https:\/\/www.instagram.com\/villasmilhfoto\/","https:\/\/x.com\/https:\/\/twitter.com\/villasmilhfoto"]},{"@type":"Person","@id":"https:\/\/digital58.com.ve\/site\/#\/schema\/person\/c61667ce6845137620ee3f0aaabade17","name":"Molero Luis","image":{"@type":"ImageObject","inLanguage":"es","@id":"https:\/\/secure.gravatar.com\/avatar\/bf041ec637e3e7405449807deb2f7cf3d2de7c6fa755dd56e985201de9863f2b?s=96&d=mm&r=g","url":"https:\/\/secure.gravatar.com\/avatar\/bf041ec637e3e7405449807deb2f7cf3d2de7c6fa755dd56e985201de9863f2b?s=96&d=mm&r=g","contentUrl":"https:\/\/secure.gravatar.com\/avatar\/bf041ec637e3e7405449807deb2f7cf3d2de7c6fa755dd56e985201de9863f2b?s=96&d=mm&r=g","caption":"Molero Luis"},"url":"https:\/\/digital58.com.ve\/site\/author\/luismolero\/"}]}},"uagb_featured_image_src":{"full":["https:\/\/digital58.com.ve\/site\/wp-content\/uploads\/2021\/04\/65LQQTVGGNDD7DNZNPKRWPJGE4.jpg",800,431,false],"thumbnail":["https:\/\/digital58.com.ve\/site\/wp-content\/uploads\/2021\/04\/65LQQTVGGNDD7DNZNPKRWPJGE4-150x150.jpg",150,150,true],"medium":["https:\/\/digital58.com.ve\/site\/wp-content\/uploads\/2021\/04\/65LQQTVGGNDD7DNZNPKRWPJGE4-300x162.jpg",300,162,true],"medium_large":["https:\/\/digital58.com.ve\/site\/wp-content\/uploads\/2021\/04\/65LQQTVGGNDD7DNZNPKRWPJGE4-768x414.jpg",768,414,true],"large":["https:\/\/digital58.com.ve\/site\/wp-content\/uploads\/2021\/04\/65LQQTVGGNDD7DNZNPKRWPJGE4.jpg",800,431,false],"1536x1536":["https:\/\/digital58.com.ve\/site\/wp-content\/uploads\/2021\/04\/65LQQTVGGNDD7DNZNPKRWPJGE4.jpg",800,431,false],"2048x2048":["https:\/\/digital58.com.ve\/site\/wp-content\/uploads\/2021\/04\/65LQQTVGGNDD7DNZNPKRWPJGE4.jpg",800,431,false],"colormag-highlighted-post":["https:\/\/digital58.com.ve\/site\/wp-content\/uploads\/2021\/04\/65LQQTVGGNDD7DNZNPKRWPJGE4.jpg",392,211,false],"colormag-featured-post-medium":["https:\/\/digital58.com.ve\/site\/wp-content\/uploads\/2021\/04\/65LQQTVGGNDD7DNZNPKRWPJGE4.jpg",381,205,false],"colormag-featured-post-small":["https:\/\/digital58.com.ve\/site\/wp-content\/uploads\/2021\/04\/65LQQTVGGNDD7DNZNPKRWPJGE4.jpg",130,70,false],"colormag-featured-image":["https:\/\/digital58.com.ve\/site\/wp-content\/uploads\/2021\/04\/65LQQTVGGNDD7DNZNPKRWPJGE4.jpg",800,431,false],"colormag-default-news":["https:\/\/digital58.com.ve\/site\/wp-content\/uploads\/2021\/04\/65LQQTVGGNDD7DNZNPKRWPJGE4.jpg",150,81,false],"colormag-featured-image-large":["https:\/\/digital58.com.ve\/site\/wp-content\/uploads\/2021\/04\/65LQQTVGGNDD7DNZNPKRWPJGE4.jpg",800,431,false]},"uagb_author_info":{"display_name":"Molero Luis","author_link":"https:\/\/digital58.com.ve\/site\/author\/luismolero\/"},"uagb_comment_info":0,"uagb_excerpt":"&nbsp; Las palabras del nuncio fueron respondidas un sonoro y prolongado aplauso del centenar de personas que asistieron al acto,","_links":{"self":[{"href":"https:\/\/digital58.com.ve\/site\/wp-json\/wp\/v2\/posts\/138127","targetHints":{"allow":["GET"]}}],"collection":[{"href":"https:\/\/digital58.com.ve\/site\/wp-json\/wp\/v2\/posts"}],"about":[{"href":"https:\/\/digital58.com.ve\/site\/wp-json\/wp\/v2\/types\/post"}],"author":[{"embeddable":true,"href":"https:\/\/digital58.com.ve\/site\/wp-json\/wp\/v2\/users\/26"}],"replies":[{"embeddable":true,"href":"https:\/\/digital58.com.ve\/site\/wp-json\/wp\/v2\/comments?post=138127"}],"version-history":[{"count":0,"href":"https:\/\/digital58.com.ve\/site\/wp-json\/wp\/v2\/posts\/138127\/revisions"}],"wp:featuredmedia":[{"embeddable":true,"href":"https:\/\/digital58.com.ve\/site\/wp-json\/wp\/v2\/media\/138128"}],"wp:attachment":[{"href":"https:\/\/digital58.com.ve\/site\/wp-json\/wp\/v2\/media?parent=138127"}],"wp:term":[{"taxonomy":"category","embeddable":true,"href":"https:\/\/digital58.com.ve\/site\/wp-json\/wp\/v2\/categories?post=138127"},{"taxonomy":"post_tag","embeddable":true,"href":"https:\/\/digital58.com.ve\/site\/wp-json\/wp\/v2\/tags?post=138127"}],"curies":[{"name":"wp","href":"https:\/\/api.w.org\/{rel}","templated":true}]}}