{"id":138805,"date":"2021-05-09T13:06:25","date_gmt":"2021-05-09T17:06:25","guid":{"rendered":"https:\/\/digital58.com.ve\/site\/?p=138805"},"modified":"2021-05-09T13:06:25","modified_gmt":"2021-05-09T17:06:25","slug":"jose-luis-rodriguez-regresare-a-venezuela-cuando-el-cambio-politico-me-lo-permita","status":"publish","type":"post","link":"https:\/\/digital58.com.ve\/site\/2021\/05\/09\/jose-luis-rodriguez-regresare-a-venezuela-cuando-el-cambio-politico-me-lo-permita\/","title":{"rendered":"Jos\u00e9 Luis Rodr\u00edguez: \u00abRegresar\u00e9 a Venezuela cuando el cambio pol\u00edtico me lo permita\u00bb"},"content":{"rendered":"<p><img loading=\"lazy\" decoding=\"async\" class=\"size-full wp-image-138806 aligncenter\" src=\"https:\/\/digital58.com.ve\/site\/wp-content\/uploads\/2021\/05\/1513640837_760691_1513642717_noticia_normal.jpg\" alt=\"\" width=\"980\" height=\"649\" srcset=\"https:\/\/digital58.com.ve\/site\/wp-content\/uploads\/2021\/05\/1513640837_760691_1513642717_noticia_normal.jpg 980w, https:\/\/digital58.com.ve\/site\/wp-content\/uploads\/2021\/05\/1513640837_760691_1513642717_noticia_normal-300x199.jpg 300w, https:\/\/digital58.com.ve\/site\/wp-content\/uploads\/2021\/05\/1513640837_760691_1513642717_noticia_normal-768x509.jpg 768w\" sizes=\"auto, (max-width: 980px) 100vw, 980px\" \/><\/p>\n<p>La producci\u00f3n tambi\u00e9n incluye la versi\u00f3n de otro gran \u00e9xito de Manuel Alejandro, \u00abDesde aquel d\u00eda\u00bb. Asimismo, el Puma recurre a Cuba y al fallecido compositor \u00d1ico Saquito para una versi\u00f3n de cumbia de la divertida canci\u00f3n \u00abNi hablar del peluqu\u00edn\u00bb.<\/p>\n<p><b>Estados Unidos, 09 <\/b><strong>de mayo de 2021 (ND58).-<\/strong>El cantautor venezolano Jos\u00e9 Luis Rodr\u00edguez, el Puma, vuelve a la carga con una nueva producci\u00f3n discogr\u00e1fica que lanzar\u00e1 este domingo 9 de mayo, cuando en Venezuela se celebra el D\u00eda de las Madres.<\/p>\n<p>\u00abYo regresar\u00e9\u00bb, el tema que da t\u00edtulo al disco, lo estren\u00f3 en la pasada gala de los Latin American Music Award, en el cual fue galardonado con el Premio Leyenda. La canci\u00f3n, escrita por el cubano Amaury Guti\u00e9rrez, es un canto a su natal Caracas, adonde asegura que regresar\u00e1 cuando el cambio pol\u00edtico se lo permita. El Puma ha sido un duro cr\u00edtico del gobierno \u00a0de Nicol\u00e1s Maduro.<\/p>\n<p>Su conmovedora interpretaci\u00f3n en vivo del tema durante los premios recibi\u00f3 entusiastas cr\u00edticas. Tambi\u00e9n durante el show, el Puma recibi\u00f3 un tributo en el que participaron artistas de la talla de Carlos Vives y Carlos Rivera, entre otros, que unieron sus voces para interpretar temas que han sido \u00e9xitos internacionales de este reconocido artista.<\/p>\n<p>Yo Regresar\u00e9 consta de siete canciones. El trabajo fue producido por el virtuoso m\u00fasico venezolano Yasmil Marrufo, quien asimismo est\u00e1 a cargo de la mayor\u00eda de los instrumentos que forman parte del disco. Marrufo tambi\u00e9n fungi\u00f3 como productor del \u00e1lbum anterior del Puma, Agradecido.<\/p>\n<p>Excepto por el tema que da t\u00edtulo al \u00e1lbum y que es una canci\u00f3n original, las selecciones de Yo Regresar\u00e9 le dan un hermoso giro venezolano a los cl\u00e1sicos del cancionero en espa\u00f1ol, arreglados con instrumentaci\u00f3n ac\u00fasticos como el cuatro venezolano, en el cual la ic\u00f3nica voz del cantautor vuelve a brillar,\u00a0 se inform\u00f3 en comunicado de prensa. Yo Regresar\u00e9 es un tierno y atemporal homenaje a la tradici\u00f3n venezolana.<\/p>\n<p>El disco incluye la versi\u00f3n del cl\u00e1sico \u00abSi A Veces Hablo De Ti\u00bb, del compositor espa\u00f1ol Manuel Alejandro, tema que el Puma grab\u00f3 originalmente para su legendario \u00e1lbum Due\u00f1o De Nada, en 1982.<\/p>\n<p>La producci\u00f3n tambi\u00e9n incluye la versi\u00f3n de otro gran \u00e9xito de Manuel Alejandro, \u00abDesde aquel d\u00eda\u00bb. Asimismo, el Puma recurre a Cuba y al fallecido compositor \u00d1ico Saquito para una versi\u00f3n de cumbia de la divertida canci\u00f3n \u00abNi hablar del peluqu\u00edn\u00bb.<\/p>\n<p>Aclamado como uno de los principales int\u00e9rpretes de la m\u00fasica latina, el Puma es reconocido por muchos de sus contempor\u00e1neos como el primer cantante venezolano en alcanzar el estrellato, que les abri\u00f3 las puertas a la internalizaci\u00f3n de sus talentos.<\/p><div class=\"mmizz69ee4a1057fbf\" ><p style=\"text-align: center;\"><a href=\"https:\/\/t.me\/noticiasdigital58\" target=\"_blank\" rel=\"noopener\"><img class=\"aligncenter size-full wp-image-125363\" src=\"https:\/\/digital58.com.ve\/site\/wp-content\/uploads\/2021\/04\/banner-telegram-web-2021.png\" alt=\"\" width=\"600\" height=\"90\" \/><\/a><\/p><\/div><style type=\"text\/css\">\r\n@media screen and (min-width: 1201px) {\r\n.mmizz69ee4a1057fbf {\r\ndisplay: block;\r\n}\r\n}\r\n@media screen and (min-width: 993px) and (max-width: 1200px) {\r\n.mmizz69ee4a1057fbf {\r\ndisplay: block;\r\n}\r\n}\r\n@media screen and (min-width: 769px) and (max-width: 992px) {\r\n.mmizz69ee4a1057fbf {\r\ndisplay: block;\r\n}\r\n}\r\n@media screen and (min-width: 768px) and (max-width: 768px) {\r\n.mmizz69ee4a1057fbf {\r\ndisplay: block;\r\n}\r\n}\r\n@media screen and (max-width: 767px) {\r\n.mmizz69ee4a1057fbf {\r\ndisplay: block;\r\n}\r\n}\r\n<\/style>\r\n\n<p><strong>Redacci\u00f3n ND58 \/ Fuente: Agencias<\/strong><br \/>\n<strong>Edici\u00f3n: Villasmil, Henry<\/strong><br \/>\n<strong>Gr\u00e1fica: Cortes\u00eda.<\/strong><\/p>\n<div style=\"margin-top: 0px; margin-bottom: 0px;\" class=\"sharethis-inline-share-buttons\" ><\/div>","protected":false},"excerpt":{"rendered":"<p>La producci\u00f3n tambi\u00e9n incluye la versi\u00f3n de otro gran \u00e9xito de Manuel Alejandro, \u00abDesde aquel d\u00eda\u00bb. Asimismo, el Puma recurre<\/p>\n","protected":false},"author":26,"featured_media":138806,"comment_status":"open","ping_status":"closed","sticky":false,"template":"","format":"standard","meta":{"colormag_page_container_layout":"default_layout","colormag_page_sidebar_layout":"default_layout","_uag_custom_page_level_css":"","footnotes":""},"categories":[1],"tags":[24053,29,211,8,15955,24054,120,7669,2190],"class_list":["post-138805","post","type-post","status-publish","format-standard","has-post-thumbnail","hentry","category-fama","tag-amaury-gutierrez","tag-caracas","tag-espectaculos","tag-internacionales","tag-jose-luis-rodriguez","tag-regresare","tag-talento-nacional","tag-veenzuela","tag-yasmil-marrufo"],"yoast_head":"<!-- This site is optimized with the Yoast SEO plugin v27.4 - https:\/\/yoast.com\/product\/yoast-seo-wordpress\/ -->\n<title>Jos\u00e9 Luis Rodr\u00edguez: \u00abRegresar\u00e9 a Venezuela cuando el cambio pol\u00edtico me lo permita\u00bb<\/title>\n<meta name=\"description\" content=\"Fama\" \/>\n<meta name=\"robots\" content=\"index, follow, max-snippet:-1, max-image-preview:large, max-video-preview:-1\" \/>\n<link rel=\"canonical\" href=\"https:\/\/digital58.com.ve\/site\/2021\/05\/09\/jose-luis-rodriguez-regresare-a-venezuela-cuando-el-cambio-politico-me-lo-permita\/\" \/>\n<meta property=\"og:locale\" content=\"es_ES\" \/>\n<meta property=\"og:type\" content=\"article\" \/>\n<meta property=\"og:title\" content=\"Jos\u00e9 Luis Rodr\u00edguez: \u00abRegresar\u00e9 a Venezuela cuando el cambio pol\u00edtico me lo permita\u00bb\" \/>\n<meta property=\"og:description\" content=\"Fama\" \/>\n<meta property=\"og:url\" content=\"https:\/\/digital58.com.ve\/site\/2021\/05\/09\/jose-luis-rodriguez-regresare-a-venezuela-cuando-el-cambio-politico-me-lo-permita\/\" \/>\n<meta property=\"og:site_name\" content=\"Noticias Digital58\" \/>\n<meta property=\"article:published_time\" content=\"2021-05-09T17:06:25+00:00\" \/>\n<meta property=\"og:image\" content=\"https:\/\/digital58.com.ve\/site\/wp-content\/uploads\/2021\/05\/1513640837_760691_1513642717_noticia_normal.jpg\" \/>\n\t<meta property=\"og:image:width\" content=\"980\" \/>\n\t<meta property=\"og:image:height\" content=\"649\" \/>\n\t<meta property=\"og:image:type\" content=\"image\/jpeg\" \/>\n<meta name=\"author\" content=\"Molero Luis\" \/>\n<meta name=\"twitter:card\" content=\"summary_large_image\" \/>\n<meta name=\"twitter:creator\" content=\"@Digital_58\" \/>\n<meta name=\"twitter:site\" content=\"@villasmilhfoto\" \/>\n<meta name=\"twitter:label1\" content=\"Escrito por\" \/>\n\t<meta name=\"twitter:data1\" content=\"Molero Luis\" \/>\n\t<meta name=\"twitter:label2\" content=\"Tiempo estimado de lectura\" \/>\n\t<meta name=\"twitter:data2\" content=\"3 minutos\" \/>\n<script type=\"application\/ld+json\" class=\"yoast-schema-graph\">{\"@context\":\"https:\\\/\\\/schema.org\",\"@graph\":[{\"@type\":\"Article\",\"@id\":\"https:\\\/\\\/digital58.com.ve\\\/site\\\/2021\\\/05\\\/09\\\/jose-luis-rodriguez-regresare-a-venezuela-cuando-el-cambio-politico-me-lo-permita\\\/#article\",\"isPartOf\":{\"@id\":\"https:\\\/\\\/digital58.com.ve\\\/site\\\/2021\\\/05\\\/09\\\/jose-luis-rodriguez-regresare-a-venezuela-cuando-el-cambio-politico-me-lo-permita\\\/\"},\"author\":{\"name\":\"Molero Luis\",\"@id\":\"https:\\\/\\\/digital58.com.ve\\\/site\\\/#\\\/schema\\\/person\\\/c61667ce6845137620ee3f0aaabade17\"},\"headline\":\"Jos\u00e9 Luis Rodr\u00edguez: \u00abRegresar\u00e9 a Venezuela cuando el cambio pol\u00edtico me lo permita\u00bb\",\"datePublished\":\"2021-05-09T17:06:25+00:00\",\"mainEntityOfPage\":{\"@id\":\"https:\\\/\\\/digital58.com.ve\\\/site\\\/2021\\\/05\\\/09\\\/jose-luis-rodriguez-regresare-a-venezuela-cuando-el-cambio-politico-me-lo-permita\\\/\"},\"wordCount\":503,\"commentCount\":0,\"publisher\":{\"@id\":\"https:\\\/\\\/digital58.com.ve\\\/site\\\/#\\\/schema\\\/person\\\/64d1c2e4d0d4fd1b849980c4331c2951\"},\"image\":{\"@id\":\"https:\\\/\\\/digital58.com.ve\\\/site\\\/2021\\\/05\\\/09\\\/jose-luis-rodriguez-regresare-a-venezuela-cuando-el-cambio-politico-me-lo-permita\\\/#primaryimage\"},\"thumbnailUrl\":\"https:\\\/\\\/digital58.com.ve\\\/site\\\/wp-content\\\/uploads\\\/2021\\\/05\\\/1513640837_760691_1513642717_noticia_normal.jpg\",\"keywords\":[\"Amaury Guti\u00e9rrez\",\"Caracas\",\"Espect\u00e1culos\",\"Internacionales\",\"Jos\u00e9 Luis Rodr\u00edguez\",\"Regresare\",\"Talento Nacional\",\"Veenzuela\",\"Yasmil Marrufo\"],\"articleSection\":[\"Fama\"],\"inLanguage\":\"es\",\"potentialAction\":[{\"@type\":\"CommentAction\",\"name\":\"Comment\",\"target\":[\"https:\\\/\\\/digital58.com.ve\\\/site\\\/2021\\\/05\\\/09\\\/jose-luis-rodriguez-regresare-a-venezuela-cuando-el-cambio-politico-me-lo-permita\\\/#respond\"]}]},{\"@type\":\"WebPage\",\"@id\":\"https:\\\/\\\/digital58.com.ve\\\/site\\\/2021\\\/05\\\/09\\\/jose-luis-rodriguez-regresare-a-venezuela-cuando-el-cambio-politico-me-lo-permita\\\/\",\"url\":\"https:\\\/\\\/digital58.com.ve\\\/site\\\/2021\\\/05\\\/09\\\/jose-luis-rodriguez-regresare-a-venezuela-cuando-el-cambio-politico-me-lo-permita\\\/\",\"name\":\"Jos\u00e9 Luis Rodr\u00edguez: \u00abRegresar\u00e9 a Venezuela cuando el cambio pol\u00edtico me lo permita\u00bb\",\"isPartOf\":{\"@id\":\"https:\\\/\\\/digital58.com.ve\\\/site\\\/#website\"},\"primaryImageOfPage\":{\"@id\":\"https:\\\/\\\/digital58.com.ve\\\/site\\\/2021\\\/05\\\/09\\\/jose-luis-rodriguez-regresare-a-venezuela-cuando-el-cambio-politico-me-lo-permita\\\/#primaryimage\"},\"image\":{\"@id\":\"https:\\\/\\\/digital58.com.ve\\\/site\\\/2021\\\/05\\\/09\\\/jose-luis-rodriguez-regresare-a-venezuela-cuando-el-cambio-politico-me-lo-permita\\\/#primaryimage\"},\"thumbnailUrl\":\"https:\\\/\\\/digital58.com.ve\\\/site\\\/wp-content\\\/uploads\\\/2021\\\/05\\\/1513640837_760691_1513642717_noticia_normal.jpg\",\"datePublished\":\"2021-05-09T17:06:25+00:00\",\"description\":\"Fama\",\"breadcrumb\":{\"@id\":\"https:\\\/\\\/digital58.com.ve\\\/site\\\/2021\\\/05\\\/09\\\/jose-luis-rodriguez-regresare-a-venezuela-cuando-el-cambio-politico-me-lo-permita\\\/#breadcrumb\"},\"inLanguage\":\"es\",\"potentialAction\":[{\"@type\":\"ReadAction\",\"target\":[\"https:\\\/\\\/digital58.com.ve\\\/site\\\/2021\\\/05\\\/09\\\/jose-luis-rodriguez-regresare-a-venezuela-cuando-el-cambio-politico-me-lo-permita\\\/\"]}]},{\"@type\":\"ImageObject\",\"inLanguage\":\"es\",\"@id\":\"https:\\\/\\\/digital58.com.ve\\\/site\\\/2021\\\/05\\\/09\\\/jose-luis-rodriguez-regresare-a-venezuela-cuando-el-cambio-politico-me-lo-permita\\\/#primaryimage\",\"url\":\"https:\\\/\\\/digital58.com.ve\\\/site\\\/wp-content\\\/uploads\\\/2021\\\/05\\\/1513640837_760691_1513642717_noticia_normal.jpg\",\"contentUrl\":\"https:\\\/\\\/digital58.com.ve\\\/site\\\/wp-content\\\/uploads\\\/2021\\\/05\\\/1513640837_760691_1513642717_noticia_normal.jpg\",\"width\":980,\"height\":649},{\"@type\":\"BreadcrumbList\",\"@id\":\"https:\\\/\\\/digital58.com.ve\\\/site\\\/2021\\\/05\\\/09\\\/jose-luis-rodriguez-regresare-a-venezuela-cuando-el-cambio-politico-me-lo-permita\\\/#breadcrumb\",\"itemListElement\":[{\"@type\":\"ListItem\",\"position\":1,\"name\":\"Home\",\"item\":\"https:\\\/\\\/digital58.com.ve\\\/site\\\/\"},{\"@type\":\"ListItem\",\"position\":2,\"name\":\"Jos\u00e9 Luis Rodr\u00edguez: \u00abRegresar\u00e9 a Venezuela cuando el cambio pol\u00edtico me lo permita\u00bb\"}]},{\"@type\":\"WebSite\",\"@id\":\"https:\\\/\\\/digital58.com.ve\\\/site\\\/#website\",\"url\":\"https:\\\/\\\/digital58.com.ve\\\/site\\\/\",\"name\":\"Noticias Digital58\",\"description\":\"Portal de Noticias \u00a1Periodismo web de verdad! Lanzamiento web 22.11.2005 \\\/ Maracaibo, Venezuela\",\"publisher\":{\"@id\":\"https:\\\/\\\/digital58.com.ve\\\/site\\\/#\\\/schema\\\/person\\\/64d1c2e4d0d4fd1b849980c4331c2951\"},\"alternateName\":\"ND58\",\"potentialAction\":[{\"@type\":\"SearchAction\",\"target\":{\"@type\":\"EntryPoint\",\"urlTemplate\":\"https:\\\/\\\/digital58.com.ve\\\/site\\\/?s={search_term_string}\"},\"query-input\":{\"@type\":\"PropertyValueSpecification\",\"valueRequired\":true,\"valueName\":\"search_term_string\"}}],\"inLanguage\":\"es\"},{\"@type\":[\"Person\",\"Organization\"],\"@id\":\"https:\\\/\\\/digital58.com.ve\\\/site\\\/#\\\/schema\\\/person\\\/64d1c2e4d0d4fd1b849980c4331c2951\",\"name\":\"Villasmil Henry\",\"image\":{\"@type\":\"ImageObject\",\"inLanguage\":\"es\",\"@id\":\"https:\\\/\\\/secure.gravatar.com\\\/avatar\\\/bb0c4a2fcb7970138239f7e404ea75757b1b507b28b5ce4c53fbd62d797c5a7c?s=96&d=mm&r=g\",\"url\":\"https:\\\/\\\/secure.gravatar.com\\\/avatar\\\/bb0c4a2fcb7970138239f7e404ea75757b1b507b28b5ce4c53fbd62d797c5a7c?s=96&d=mm&r=g\",\"contentUrl\":\"https:\\\/\\\/secure.gravatar.com\\\/avatar\\\/bb0c4a2fcb7970138239f7e404ea75757b1b507b28b5ce4c53fbd62d797c5a7c?s=96&d=mm&r=g\",\"caption\":\"Villasmil Henry\"},\"logo\":{\"@id\":\"https:\\\/\\\/secure.gravatar.com\\\/avatar\\\/bb0c4a2fcb7970138239f7e404ea75757b1b507b28b5ce4c53fbd62d797c5a7c?s=96&d=mm&r=g\"},\"sameAs\":[\"http:\\\/\\\/www.henryvillasmil.com.ve\",\"https:\\\/\\\/www.instagram.com\\\/villasmilhfoto\\\/\",\"https:\\\/\\\/x.com\\\/https:\\\/\\\/twitter.com\\\/villasmilhfoto\"]},{\"@type\":\"Person\",\"@id\":\"https:\\\/\\\/digital58.com.ve\\\/site\\\/#\\\/schema\\\/person\\\/c61667ce6845137620ee3f0aaabade17\",\"name\":\"Molero Luis\",\"image\":{\"@type\":\"ImageObject\",\"inLanguage\":\"es\",\"@id\":\"https:\\\/\\\/secure.gravatar.com\\\/avatar\\\/bf041ec637e3e7405449807deb2f7cf3d2de7c6fa755dd56e985201de9863f2b?s=96&d=mm&r=g\",\"url\":\"https:\\\/\\\/secure.gravatar.com\\\/avatar\\\/bf041ec637e3e7405449807deb2f7cf3d2de7c6fa755dd56e985201de9863f2b?s=96&d=mm&r=g\",\"contentUrl\":\"https:\\\/\\\/secure.gravatar.com\\\/avatar\\\/bf041ec637e3e7405449807deb2f7cf3d2de7c6fa755dd56e985201de9863f2b?s=96&d=mm&r=g\",\"caption\":\"Molero Luis\"},\"url\":\"https:\\\/\\\/digital58.com.ve\\\/site\\\/author\\\/luismolero\\\/\"}]}<\/script>\n<!-- \/ Yoast SEO plugin. -->","yoast_head_json":{"title":"Jos\u00e9 Luis Rodr\u00edguez: \u00abRegresar\u00e9 a Venezuela cuando el cambio pol\u00edtico me lo permita\u00bb","description":"Fama","robots":{"index":"index","follow":"follow","max-snippet":"max-snippet:-1","max-image-preview":"max-image-preview:large","max-video-preview":"max-video-preview:-1"},"canonical":"https:\/\/digital58.com.ve\/site\/2021\/05\/09\/jose-luis-rodriguez-regresare-a-venezuela-cuando-el-cambio-politico-me-lo-permita\/","og_locale":"es_ES","og_type":"article","og_title":"Jos\u00e9 Luis Rodr\u00edguez: \u00abRegresar\u00e9 a Venezuela cuando el cambio pol\u00edtico me lo permita\u00bb","og_description":"Fama","og_url":"https:\/\/digital58.com.ve\/site\/2021\/05\/09\/jose-luis-rodriguez-regresare-a-venezuela-cuando-el-cambio-politico-me-lo-permita\/","og_site_name":"Noticias Digital58","article_published_time":"2021-05-09T17:06:25+00:00","og_image":[{"width":980,"height":649,"url":"https:\/\/digital58.com.ve\/site\/wp-content\/uploads\/2021\/05\/1513640837_760691_1513642717_noticia_normal.jpg","type":"image\/jpeg"}],"author":"Molero Luis","twitter_card":"summary_large_image","twitter_creator":"@Digital_58","twitter_site":"@villasmilhfoto","twitter_misc":{"Escrito por":"Molero Luis","Tiempo estimado de lectura":"3 minutos"},"schema":{"@context":"https:\/\/schema.org","@graph":[{"@type":"Article","@id":"https:\/\/digital58.com.ve\/site\/2021\/05\/09\/jose-luis-rodriguez-regresare-a-venezuela-cuando-el-cambio-politico-me-lo-permita\/#article","isPartOf":{"@id":"https:\/\/digital58.com.ve\/site\/2021\/05\/09\/jose-luis-rodriguez-regresare-a-venezuela-cuando-el-cambio-politico-me-lo-permita\/"},"author":{"name":"Molero Luis","@id":"https:\/\/digital58.com.ve\/site\/#\/schema\/person\/c61667ce6845137620ee3f0aaabade17"},"headline":"Jos\u00e9 Luis Rodr\u00edguez: \u00abRegresar\u00e9 a Venezuela cuando el cambio pol\u00edtico me lo permita\u00bb","datePublished":"2021-05-09T17:06:25+00:00","mainEntityOfPage":{"@id":"https:\/\/digital58.com.ve\/site\/2021\/05\/09\/jose-luis-rodriguez-regresare-a-venezuela-cuando-el-cambio-politico-me-lo-permita\/"},"wordCount":503,"commentCount":0,"publisher":{"@id":"https:\/\/digital58.com.ve\/site\/#\/schema\/person\/64d1c2e4d0d4fd1b849980c4331c2951"},"image":{"@id":"https:\/\/digital58.com.ve\/site\/2021\/05\/09\/jose-luis-rodriguez-regresare-a-venezuela-cuando-el-cambio-politico-me-lo-permita\/#primaryimage"},"thumbnailUrl":"https:\/\/digital58.com.ve\/site\/wp-content\/uploads\/2021\/05\/1513640837_760691_1513642717_noticia_normal.jpg","keywords":["Amaury Guti\u00e9rrez","Caracas","Espect\u00e1culos","Internacionales","Jos\u00e9 Luis Rodr\u00edguez","Regresare","Talento Nacional","Veenzuela","Yasmil Marrufo"],"articleSection":["Fama"],"inLanguage":"es","potentialAction":[{"@type":"CommentAction","name":"Comment","target":["https:\/\/digital58.com.ve\/site\/2021\/05\/09\/jose-luis-rodriguez-regresare-a-venezuela-cuando-el-cambio-politico-me-lo-permita\/#respond"]}]},{"@type":"WebPage","@id":"https:\/\/digital58.com.ve\/site\/2021\/05\/09\/jose-luis-rodriguez-regresare-a-venezuela-cuando-el-cambio-politico-me-lo-permita\/","url":"https:\/\/digital58.com.ve\/site\/2021\/05\/09\/jose-luis-rodriguez-regresare-a-venezuela-cuando-el-cambio-politico-me-lo-permita\/","name":"Jos\u00e9 Luis Rodr\u00edguez: \u00abRegresar\u00e9 a Venezuela cuando el cambio pol\u00edtico me lo permita\u00bb","isPartOf":{"@id":"https:\/\/digital58.com.ve\/site\/#website"},"primaryImageOfPage":{"@id":"https:\/\/digital58.com.ve\/site\/2021\/05\/09\/jose-luis-rodriguez-regresare-a-venezuela-cuando-el-cambio-politico-me-lo-permita\/#primaryimage"},"image":{"@id":"https:\/\/digital58.com.ve\/site\/2021\/05\/09\/jose-luis-rodriguez-regresare-a-venezuela-cuando-el-cambio-politico-me-lo-permita\/#primaryimage"},"thumbnailUrl":"https:\/\/digital58.com.ve\/site\/wp-content\/uploads\/2021\/05\/1513640837_760691_1513642717_noticia_normal.jpg","datePublished":"2021-05-09T17:06:25+00:00","description":"Fama","breadcrumb":{"@id":"https:\/\/digital58.com.ve\/site\/2021\/05\/09\/jose-luis-rodriguez-regresare-a-venezuela-cuando-el-cambio-politico-me-lo-permita\/#breadcrumb"},"inLanguage":"es","potentialAction":[{"@type":"ReadAction","target":["https:\/\/digital58.com.ve\/site\/2021\/05\/09\/jose-luis-rodriguez-regresare-a-venezuela-cuando-el-cambio-politico-me-lo-permita\/"]}]},{"@type":"ImageObject","inLanguage":"es","@id":"https:\/\/digital58.com.ve\/site\/2021\/05\/09\/jose-luis-rodriguez-regresare-a-venezuela-cuando-el-cambio-politico-me-lo-permita\/#primaryimage","url":"https:\/\/digital58.com.ve\/site\/wp-content\/uploads\/2021\/05\/1513640837_760691_1513642717_noticia_normal.jpg","contentUrl":"https:\/\/digital58.com.ve\/site\/wp-content\/uploads\/2021\/05\/1513640837_760691_1513642717_noticia_normal.jpg","width":980,"height":649},{"@type":"BreadcrumbList","@id":"https:\/\/digital58.com.ve\/site\/2021\/05\/09\/jose-luis-rodriguez-regresare-a-venezuela-cuando-el-cambio-politico-me-lo-permita\/#breadcrumb","itemListElement":[{"@type":"ListItem","position":1,"name":"Home","item":"https:\/\/digital58.com.ve\/site\/"},{"@type":"ListItem","position":2,"name":"Jos\u00e9 Luis Rodr\u00edguez: \u00abRegresar\u00e9 a Venezuela cuando el cambio pol\u00edtico me lo permita\u00bb"}]},{"@type":"WebSite","@id":"https:\/\/digital58.com.ve\/site\/#website","url":"https:\/\/digital58.com.ve\/site\/","name":"Noticias Digital58","description":"Portal de Noticias \u00a1Periodismo web de verdad! Lanzamiento web 22.11.2005 \/ Maracaibo, Venezuela","publisher":{"@id":"https:\/\/digital58.com.ve\/site\/#\/schema\/person\/64d1c2e4d0d4fd1b849980c4331c2951"},"alternateName":"ND58","potentialAction":[{"@type":"SearchAction","target":{"@type":"EntryPoint","urlTemplate":"https:\/\/digital58.com.ve\/site\/?s={search_term_string}"},"query-input":{"@type":"PropertyValueSpecification","valueRequired":true,"valueName":"search_term_string"}}],"inLanguage":"es"},{"@type":["Person","Organization"],"@id":"https:\/\/digital58.com.ve\/site\/#\/schema\/person\/64d1c2e4d0d4fd1b849980c4331c2951","name":"Villasmil Henry","image":{"@type":"ImageObject","inLanguage":"es","@id":"https:\/\/secure.gravatar.com\/avatar\/bb0c4a2fcb7970138239f7e404ea75757b1b507b28b5ce4c53fbd62d797c5a7c?s=96&d=mm&r=g","url":"https:\/\/secure.gravatar.com\/avatar\/bb0c4a2fcb7970138239f7e404ea75757b1b507b28b5ce4c53fbd62d797c5a7c?s=96&d=mm&r=g","contentUrl":"https:\/\/secure.gravatar.com\/avatar\/bb0c4a2fcb7970138239f7e404ea75757b1b507b28b5ce4c53fbd62d797c5a7c?s=96&d=mm&r=g","caption":"Villasmil Henry"},"logo":{"@id":"https:\/\/secure.gravatar.com\/avatar\/bb0c4a2fcb7970138239f7e404ea75757b1b507b28b5ce4c53fbd62d797c5a7c?s=96&d=mm&r=g"},"sameAs":["http:\/\/www.henryvillasmil.com.ve","https:\/\/www.instagram.com\/villasmilhfoto\/","https:\/\/x.com\/https:\/\/twitter.com\/villasmilhfoto"]},{"@type":"Person","@id":"https:\/\/digital58.com.ve\/site\/#\/schema\/person\/c61667ce6845137620ee3f0aaabade17","name":"Molero Luis","image":{"@type":"ImageObject","inLanguage":"es","@id":"https:\/\/secure.gravatar.com\/avatar\/bf041ec637e3e7405449807deb2f7cf3d2de7c6fa755dd56e985201de9863f2b?s=96&d=mm&r=g","url":"https:\/\/secure.gravatar.com\/avatar\/bf041ec637e3e7405449807deb2f7cf3d2de7c6fa755dd56e985201de9863f2b?s=96&d=mm&r=g","contentUrl":"https:\/\/secure.gravatar.com\/avatar\/bf041ec637e3e7405449807deb2f7cf3d2de7c6fa755dd56e985201de9863f2b?s=96&d=mm&r=g","caption":"Molero Luis"},"url":"https:\/\/digital58.com.ve\/site\/author\/luismolero\/"}]}},"uagb_featured_image_src":{"full":["https:\/\/digital58.com.ve\/site\/wp-content\/uploads\/2021\/05\/1513640837_760691_1513642717_noticia_normal.jpg",980,649,false],"thumbnail":["https:\/\/digital58.com.ve\/site\/wp-content\/uploads\/2021\/05\/1513640837_760691_1513642717_noticia_normal-150x150.jpg",150,150,true],"medium":["https:\/\/digital58.com.ve\/site\/wp-content\/uploads\/2021\/05\/1513640837_760691_1513642717_noticia_normal-300x199.jpg",300,199,true],"medium_large":["https:\/\/digital58.com.ve\/site\/wp-content\/uploads\/2021\/05\/1513640837_760691_1513642717_noticia_normal-768x509.jpg",768,509,true],"large":["https:\/\/digital58.com.ve\/site\/wp-content\/uploads\/2021\/05\/1513640837_760691_1513642717_noticia_normal.jpg",800,530,false],"1536x1536":["https:\/\/digital58.com.ve\/site\/wp-content\/uploads\/2021\/05\/1513640837_760691_1513642717_noticia_normal.jpg",980,649,false],"2048x2048":["https:\/\/digital58.com.ve\/site\/wp-content\/uploads\/2021\/05\/1513640837_760691_1513642717_noticia_normal.jpg",980,649,false],"colormag-highlighted-post":["https:\/\/digital58.com.ve\/site\/wp-content\/uploads\/2021\/05\/1513640837_760691_1513642717_noticia_normal.jpg",392,260,false],"colormag-featured-post-medium":["https:\/\/digital58.com.ve\/site\/wp-content\/uploads\/2021\/05\/1513640837_760691_1513642717_noticia_normal.jpg",310,205,false],"colormag-featured-post-small":["https:\/\/digital58.com.ve\/site\/wp-content\/uploads\/2021\/05\/1513640837_760691_1513642717_noticia_normal.jpg",130,86,false],"colormag-featured-image":["https:\/\/digital58.com.ve\/site\/wp-content\/uploads\/2021\/05\/1513640837_760691_1513642717_noticia_normal.jpg",672,445,false],"colormag-default-news":["https:\/\/digital58.com.ve\/site\/wp-content\/uploads\/2021\/05\/1513640837_760691_1513642717_noticia_normal.jpg",150,99,false],"colormag-featured-image-large":["https:\/\/digital58.com.ve\/site\/wp-content\/uploads\/2021\/05\/1513640837_760691_1513642717_noticia_normal.jpg",906,600,false]},"uagb_author_info":{"display_name":"Molero Luis","author_link":"https:\/\/digital58.com.ve\/site\/author\/luismolero\/"},"uagb_comment_info":0,"uagb_excerpt":"La producci\u00f3n tambi\u00e9n incluye la versi\u00f3n de otro gran \u00e9xito de Manuel Alejandro, \u00abDesde aquel d\u00eda\u00bb. Asimismo, el Puma recurre","_links":{"self":[{"href":"https:\/\/digital58.com.ve\/site\/wp-json\/wp\/v2\/posts\/138805","targetHints":{"allow":["GET"]}}],"collection":[{"href":"https:\/\/digital58.com.ve\/site\/wp-json\/wp\/v2\/posts"}],"about":[{"href":"https:\/\/digital58.com.ve\/site\/wp-json\/wp\/v2\/types\/post"}],"author":[{"embeddable":true,"href":"https:\/\/digital58.com.ve\/site\/wp-json\/wp\/v2\/users\/26"}],"replies":[{"embeddable":true,"href":"https:\/\/digital58.com.ve\/site\/wp-json\/wp\/v2\/comments?post=138805"}],"version-history":[{"count":0,"href":"https:\/\/digital58.com.ve\/site\/wp-json\/wp\/v2\/posts\/138805\/revisions"}],"wp:featuredmedia":[{"embeddable":true,"href":"https:\/\/digital58.com.ve\/site\/wp-json\/wp\/v2\/media\/138806"}],"wp:attachment":[{"href":"https:\/\/digital58.com.ve\/site\/wp-json\/wp\/v2\/media?parent=138805"}],"wp:term":[{"taxonomy":"category","embeddable":true,"href":"https:\/\/digital58.com.ve\/site\/wp-json\/wp\/v2\/categories?post=138805"},{"taxonomy":"post_tag","embeddable":true,"href":"https:\/\/digital58.com.ve\/site\/wp-json\/wp\/v2\/tags?post=138805"}],"curies":[{"name":"wp","href":"https:\/\/api.w.org\/{rel}","templated":true}]}}