{"id":138813,"date":"2021-05-09T13:43:50","date_gmt":"2021-05-09T17:43:50","guid":{"rendered":"https:\/\/digital58.com.ve\/site\/?p=138813"},"modified":"2021-05-09T14:14:27","modified_gmt":"2021-05-09T18:14:27","slug":"bundeslida-bayer-munich-se-proclamo-campeon-por-novena-vez-consecutiva-en-alemania","status":"publish","type":"post","link":"https:\/\/digital58.com.ve\/site\/2021\/05\/09\/bundeslida-bayer-munich-se-proclamo-campeon-por-novena-vez-consecutiva-en-alemania\/","title":{"rendered":"#Bundesliga | Bayer M\u00fanich se proclam\u00f3 campe\u00f3n por novena vez consecutiva en Alemania"},"content":{"rendered":"<p><img loading=\"lazy\" decoding=\"async\" class=\"size-full wp-image-138815\" src=\"https:\/\/digital58.com.ve\/site\/wp-content\/uploads\/2021\/05\/imago40404330h-scaled-1.jpg\" alt=\"\" width=\"800\" height=\"450\" srcset=\"https:\/\/digital58.com.ve\/site\/wp-content\/uploads\/2021\/05\/imago40404330h-scaled-1.jpg 800w, https:\/\/digital58.com.ve\/site\/wp-content\/uploads\/2021\/05\/imago40404330h-scaled-1-300x169.jpg 300w, https:\/\/digital58.com.ve\/site\/wp-content\/uploads\/2021\/05\/imago40404330h-scaled-1-768x432.jpg 768w\" sizes=\"auto, (max-width: 800px) 100vw, 800px\" \/><\/p>\n<p>Esta Bundesliga ser\u00e1 el \u00fanico t\u00edtulo para el Bayern en este final de temporada, ya que qued\u00f3 apeado en la Copa de Alemania y la Liga de Campeones europea, dos competiciones que s\u00ed pudo conquistar el a\u00f1o pasado.<\/p>\n<p><b>Alemania, 09 <\/b><strong>de mayo de 2021 (ND58).- <\/strong>El Bayern M\u00fanich se convirti\u00f3 este s\u00e1bado, 8 de mayo, en el campe\u00f3n de la Bundesliga por novena vez consecutiva, despu\u00e9s de que el RB Leipzig perdiera 3-2 ante el Borussia Dortmund\u00a0 en la jornada 32 de la primera divisi\u00f3n alemana.<\/p>\n<p>El Leipzig, a siete puntos del Bayern, solo tiene dos partidos por disputar en la temporada 2020-2021, por lo que ya no puede dar alcance al Bayern.<\/p>\n<p>\u00abSer campe\u00f3n, haber trabajado todo el a\u00f1o para verte recompensado al final con un t\u00edtulo, es algo extraordinario. Algo a lo que no te acostumbras\u00bb, expres\u00f3 a la televisora Sky el exarquero Oliver Kahn, mano derecha del director general del club, Karl-Heinz Rummenigge, del que ser\u00e1 el sucesor.<\/p>\n<p>Igualamos el r\u00e9cord de la Juventus de nueve t\u00edtulos nacionales consecutivos y ahora nuestra meta es batir ese r\u00e9cord logrando diez t\u00edtulos, agreg\u00f3.<\/p>\n<p>Este el t\u00edtulo n\u00famero 31 de la historia del Bayern en la liga \u00e9lite alemana y el segundo y \u00faltimo con su entrenador Hansi Flick, que abandona el equipo al t\u00e9rmino de este curso y ser\u00e1 reemplazado para la pr\u00f3xima temporada por Julian Nagelsmann, el joven t\u00e9cnico del RB Leipzig.<\/p>\n<p>Esta Bundesliga ser\u00e1 el \u00fanico t\u00edtulo para el Bayern en este final de temporada, ya que qued\u00f3 apeado en la Copa de Alemania y la Liga de Campeones europea, dos competiciones que s\u00ed pudo conquistar el a\u00f1o pasado.<\/p>\n<p><strong>Redacci\u00f3n ND58 \/ Fuente: Agencias<\/strong><br \/>\n<strong>Edici\u00f3n: Villasmil, Henry<\/strong><br \/>\n<strong>Gr\u00e1fica: Cortes\u00eda.<\/strong><\/p><div class=\"gmnzn69ef7a4868012\" ><p style=\"text-align: center;\"><a href=\"https:\/\/t.me\/noticiasdigital58\" target=\"_blank\" rel=\"noopener\"><img class=\"aligncenter size-full wp-image-125363\" src=\"https:\/\/digital58.com.ve\/site\/wp-content\/uploads\/2021\/04\/banner-telegram-web-2021.png\" alt=\"\" width=\"600\" height=\"90\" \/><\/a><\/p><\/div><style type=\"text\/css\">\r\n@media screen and (min-width: 1201px) {\r\n.gmnzn69ef7a4868012 {\r\ndisplay: block;\r\n}\r\n}\r\n@media screen and (min-width: 993px) and (max-width: 1200px) {\r\n.gmnzn69ef7a4868012 {\r\ndisplay: block;\r\n}\r\n}\r\n@media screen and (min-width: 769px) and (max-width: 992px) {\r\n.gmnzn69ef7a4868012 {\r\ndisplay: block;\r\n}\r\n}\r\n@media screen and (min-width: 768px) and (max-width: 768px) {\r\n.gmnzn69ef7a4868012 {\r\ndisplay: block;\r\n}\r\n}\r\n@media screen and (max-width: 767px) {\r\n.gmnzn69ef7a4868012 {\r\ndisplay: block;\r\n}\r\n}\r\n<\/style>\r\n\n<p>&nbsp;<\/p>\n<div style=\"margin-top: 0px; margin-bottom: 0px;\" class=\"sharethis-inline-share-buttons\" ><\/div>","protected":false},"excerpt":{"rendered":"<p>Esta Bundesliga ser\u00e1 el \u00fanico t\u00edtulo para el Bayern en este final de temporada, ya que qued\u00f3 apeado en la<\/p>\n","protected":false},"author":26,"featured_media":138815,"comment_status":"open","ping_status":"closed","sticky":false,"template":"","format":"standard","meta":{"colormag_page_container_layout":"default_layout","colormag_page_sidebar_layout":"default_layout","_uag_custom_page_level_css":"","footnotes":""},"categories":[5402],"tags":[38,24058,9393,14144,24071,23804,13,14143,41,8,13564],"class_list":["post-138813","post","type-post","status-publish","format-standard","has-post-thumbnail","hentry","category-deportes","tag-alemania","tag-bayer-munich","tag-borussia-dortmund","tag-bundesliga","tag-bundesliga-2021","tag-campeon","tag-futbol","tag-futbol-aleman","tag-futbol-internacional","tag-internacionales","tag-rb-leipzig"],"yoast_head":"<!-- This site is optimized with the Yoast SEO plugin v27.4 - https:\/\/yoast.com\/product\/yoast-seo-wordpress\/ -->\n<title>#Bundesliga | Bayer M\u00fanich se proclam\u00f3 campe\u00f3n por novena vez consecutiva en Alemania<\/title>\n<meta name=\"description\" content=\"Deportes\" \/>\n<meta name=\"robots\" content=\"index, follow, max-snippet:-1, max-image-preview:large, max-video-preview:-1\" \/>\n<link rel=\"canonical\" href=\"https:\/\/digital58.com.ve\/site\/2021\/05\/09\/bundeslida-bayer-munich-se-proclamo-campeon-por-novena-vez-consecutiva-en-alemania\/\" \/>\n<meta property=\"og:locale\" content=\"es_ES\" \/>\n<meta property=\"og:type\" content=\"article\" \/>\n<meta property=\"og:title\" content=\"#Bundesliga | Bayer M\u00fanich se proclam\u00f3 campe\u00f3n por novena vez consecutiva en Alemania\" \/>\n<meta property=\"og:description\" content=\"Deportes\" \/>\n<meta property=\"og:url\" content=\"https:\/\/digital58.com.ve\/site\/2021\/05\/09\/bundeslida-bayer-munich-se-proclamo-campeon-por-novena-vez-consecutiva-en-alemania\/\" \/>\n<meta property=\"og:site_name\" content=\"Noticias Digital58\" \/>\n<meta property=\"article:published_time\" content=\"2021-05-09T17:43:50+00:00\" \/>\n<meta property=\"article:modified_time\" content=\"2021-05-09T18:14:27+00:00\" \/>\n<meta property=\"og:image\" content=\"https:\/\/digital58.com.ve\/site\/wp-content\/uploads\/2021\/05\/imago40404330h-scaled-1.jpg\" \/>\n\t<meta property=\"og:image:width\" content=\"800\" \/>\n\t<meta property=\"og:image:height\" content=\"450\" \/>\n\t<meta property=\"og:image:type\" content=\"image\/jpeg\" \/>\n<meta name=\"author\" content=\"Molero Luis\" \/>\n<meta name=\"twitter:card\" content=\"summary_large_image\" \/>\n<meta name=\"twitter:creator\" content=\"@Digital_58\" \/>\n<meta name=\"twitter:site\" content=\"@villasmilhfoto\" \/>\n<meta name=\"twitter:label1\" content=\"Escrito por\" \/>\n\t<meta name=\"twitter:data1\" content=\"Molero Luis\" \/>\n\t<meta name=\"twitter:label2\" content=\"Tiempo estimado de lectura\" \/>\n\t<meta name=\"twitter:data2\" content=\"2 minutos\" \/>\n<script type=\"application\/ld+json\" class=\"yoast-schema-graph\">{\"@context\":\"https:\\\/\\\/schema.org\",\"@graph\":[{\"@type\":\"Article\",\"@id\":\"https:\\\/\\\/digital58.com.ve\\\/site\\\/2021\\\/05\\\/09\\\/bundeslida-bayer-munich-se-proclamo-campeon-por-novena-vez-consecutiva-en-alemania\\\/#article\",\"isPartOf\":{\"@id\":\"https:\\\/\\\/digital58.com.ve\\\/site\\\/2021\\\/05\\\/09\\\/bundeslida-bayer-munich-se-proclamo-campeon-por-novena-vez-consecutiva-en-alemania\\\/\"},\"author\":{\"name\":\"Molero Luis\",\"@id\":\"https:\\\/\\\/digital58.com.ve\\\/site\\\/#\\\/schema\\\/person\\\/c61667ce6845137620ee3f0aaabade17\"},\"headline\":\"#Bundesliga | Bayer M\u00fanich se proclam\u00f3 campe\u00f3n por novena vez consecutiva en Alemania\",\"datePublished\":\"2021-05-09T17:43:50+00:00\",\"dateModified\":\"2021-05-09T18:14:27+00:00\",\"mainEntityOfPage\":{\"@id\":\"https:\\\/\\\/digital58.com.ve\\\/site\\\/2021\\\/05\\\/09\\\/bundeslida-bayer-munich-se-proclamo-campeon-por-novena-vez-consecutiva-en-alemania\\\/\"},\"wordCount\":317,\"commentCount\":0,\"publisher\":{\"@id\":\"https:\\\/\\\/digital58.com.ve\\\/site\\\/#\\\/schema\\\/person\\\/64d1c2e4d0d4fd1b849980c4331c2951\"},\"image\":{\"@id\":\"https:\\\/\\\/digital58.com.ve\\\/site\\\/2021\\\/05\\\/09\\\/bundeslida-bayer-munich-se-proclamo-campeon-por-novena-vez-consecutiva-en-alemania\\\/#primaryimage\"},\"thumbnailUrl\":\"https:\\\/\\\/digital58.com.ve\\\/site\\\/wp-content\\\/uploads\\\/2021\\\/05\\\/imago40404330h-scaled-1.jpg\",\"keywords\":[\"Alemania\",\"Bayer Munich\",\"Borussia Dortmund\",\"Bundesliga\",\"Bundesliga 2021\",\"Campe\u00f3n\",\"F\u00fatbol\",\"F\u00fatbol Alem\u00e1n\",\"F\u00fatbol Internacional\",\"Internacionales\",\"RB Leipzig\"],\"articleSection\":[\"Deportes\"],\"inLanguage\":\"es\",\"potentialAction\":[{\"@type\":\"CommentAction\",\"name\":\"Comment\",\"target\":[\"https:\\\/\\\/digital58.com.ve\\\/site\\\/2021\\\/05\\\/09\\\/bundeslida-bayer-munich-se-proclamo-campeon-por-novena-vez-consecutiva-en-alemania\\\/#respond\"]}]},{\"@type\":\"WebPage\",\"@id\":\"https:\\\/\\\/digital58.com.ve\\\/site\\\/2021\\\/05\\\/09\\\/bundeslida-bayer-munich-se-proclamo-campeon-por-novena-vez-consecutiva-en-alemania\\\/\",\"url\":\"https:\\\/\\\/digital58.com.ve\\\/site\\\/2021\\\/05\\\/09\\\/bundeslida-bayer-munich-se-proclamo-campeon-por-novena-vez-consecutiva-en-alemania\\\/\",\"name\":\"#Bundesliga | Bayer M\u00fanich se proclam\u00f3 campe\u00f3n por novena vez consecutiva en Alemania\",\"isPartOf\":{\"@id\":\"https:\\\/\\\/digital58.com.ve\\\/site\\\/#website\"},\"primaryImageOfPage\":{\"@id\":\"https:\\\/\\\/digital58.com.ve\\\/site\\\/2021\\\/05\\\/09\\\/bundeslida-bayer-munich-se-proclamo-campeon-por-novena-vez-consecutiva-en-alemania\\\/#primaryimage\"},\"image\":{\"@id\":\"https:\\\/\\\/digital58.com.ve\\\/site\\\/2021\\\/05\\\/09\\\/bundeslida-bayer-munich-se-proclamo-campeon-por-novena-vez-consecutiva-en-alemania\\\/#primaryimage\"},\"thumbnailUrl\":\"https:\\\/\\\/digital58.com.ve\\\/site\\\/wp-content\\\/uploads\\\/2021\\\/05\\\/imago40404330h-scaled-1.jpg\",\"datePublished\":\"2021-05-09T17:43:50+00:00\",\"dateModified\":\"2021-05-09T18:14:27+00:00\",\"description\":\"Deportes\",\"breadcrumb\":{\"@id\":\"https:\\\/\\\/digital58.com.ve\\\/site\\\/2021\\\/05\\\/09\\\/bundeslida-bayer-munich-se-proclamo-campeon-por-novena-vez-consecutiva-en-alemania\\\/#breadcrumb\"},\"inLanguage\":\"es\",\"potentialAction\":[{\"@type\":\"ReadAction\",\"target\":[\"https:\\\/\\\/digital58.com.ve\\\/site\\\/2021\\\/05\\\/09\\\/bundeslida-bayer-munich-se-proclamo-campeon-por-novena-vez-consecutiva-en-alemania\\\/\"]}]},{\"@type\":\"ImageObject\",\"inLanguage\":\"es\",\"@id\":\"https:\\\/\\\/digital58.com.ve\\\/site\\\/2021\\\/05\\\/09\\\/bundeslida-bayer-munich-se-proclamo-campeon-por-novena-vez-consecutiva-en-alemania\\\/#primaryimage\",\"url\":\"https:\\\/\\\/digital58.com.ve\\\/site\\\/wp-content\\\/uploads\\\/2021\\\/05\\\/imago40404330h-scaled-1.jpg\",\"contentUrl\":\"https:\\\/\\\/digital58.com.ve\\\/site\\\/wp-content\\\/uploads\\\/2021\\\/05\\\/imago40404330h-scaled-1.jpg\",\"width\":800,\"height\":450,\"caption\":\"Thiago ALCANTARA (FCB) mit Meisterschale,Schale, Teamfoto,Team,Mannschaft, Mannschaftsfoto. Siegerehrung, Fussball 1. Bundesliga, 34.Spieltag,Spieltag34, Deutscher Meister, FC Bayern Muenchen (M) - Eintracht Frankfurt (F) 5-1,,am 18.05.2019 in Muenchen A L L I A N Z A R E N A, DFL REGULATIONS PROHIBIT ANY USE OF PHOTOGRAPHS AS IMAGE SEQUENCES AND\\\/OR QUASI-VIDEO. *** Thiago ALCANTARA FCB with championship bowl, bowl, team photo, team, team photo, team award ceremony, football 1 Bundesliga, 34 matchday, matchday34, German champion, FC Bayern Muenchen M Eintracht Frankfurt F 5 1,,on 18 05 2019 in Munich A L L I A A N Z A R E A, DFL REGULATIONS PROHIBIT ANY USE OF PHOTOGRAPHS AS IMAGE SEQUENCES AND OR QUASI VIDEO\"},{\"@type\":\"BreadcrumbList\",\"@id\":\"https:\\\/\\\/digital58.com.ve\\\/site\\\/2021\\\/05\\\/09\\\/bundeslida-bayer-munich-se-proclamo-campeon-por-novena-vez-consecutiva-en-alemania\\\/#breadcrumb\",\"itemListElement\":[{\"@type\":\"ListItem\",\"position\":1,\"name\":\"Home\",\"item\":\"https:\\\/\\\/digital58.com.ve\\\/site\\\/\"},{\"@type\":\"ListItem\",\"position\":2,\"name\":\"#Bundesliga | Bayer M\u00fanich se proclam\u00f3 campe\u00f3n por novena vez consecutiva en Alemania\"}]},{\"@type\":\"WebSite\",\"@id\":\"https:\\\/\\\/digital58.com.ve\\\/site\\\/#website\",\"url\":\"https:\\\/\\\/digital58.com.ve\\\/site\\\/\",\"name\":\"Noticias Digital58\",\"description\":\"Portal de Noticias \u00a1Periodismo web de verdad! Lanzamiento web 22.11.2005 \\\/ Maracaibo, Venezuela\",\"publisher\":{\"@id\":\"https:\\\/\\\/digital58.com.ve\\\/site\\\/#\\\/schema\\\/person\\\/64d1c2e4d0d4fd1b849980c4331c2951\"},\"alternateName\":\"ND58\",\"potentialAction\":[{\"@type\":\"SearchAction\",\"target\":{\"@type\":\"EntryPoint\",\"urlTemplate\":\"https:\\\/\\\/digital58.com.ve\\\/site\\\/?s={search_term_string}\"},\"query-input\":{\"@type\":\"PropertyValueSpecification\",\"valueRequired\":true,\"valueName\":\"search_term_string\"}}],\"inLanguage\":\"es\"},{\"@type\":[\"Person\",\"Organization\"],\"@id\":\"https:\\\/\\\/digital58.com.ve\\\/site\\\/#\\\/schema\\\/person\\\/64d1c2e4d0d4fd1b849980c4331c2951\",\"name\":\"Villasmil Henry\",\"image\":{\"@type\":\"ImageObject\",\"inLanguage\":\"es\",\"@id\":\"https:\\\/\\\/secure.gravatar.com\\\/avatar\\\/bb0c4a2fcb7970138239f7e404ea75757b1b507b28b5ce4c53fbd62d797c5a7c?s=96&d=mm&r=g\",\"url\":\"https:\\\/\\\/secure.gravatar.com\\\/avatar\\\/bb0c4a2fcb7970138239f7e404ea75757b1b507b28b5ce4c53fbd62d797c5a7c?s=96&d=mm&r=g\",\"contentUrl\":\"https:\\\/\\\/secure.gravatar.com\\\/avatar\\\/bb0c4a2fcb7970138239f7e404ea75757b1b507b28b5ce4c53fbd62d797c5a7c?s=96&d=mm&r=g\",\"caption\":\"Villasmil Henry\"},\"logo\":{\"@id\":\"https:\\\/\\\/secure.gravatar.com\\\/avatar\\\/bb0c4a2fcb7970138239f7e404ea75757b1b507b28b5ce4c53fbd62d797c5a7c?s=96&d=mm&r=g\"},\"sameAs\":[\"http:\\\/\\\/www.henryvillasmil.com.ve\",\"https:\\\/\\\/www.instagram.com\\\/villasmilhfoto\\\/\",\"https:\\\/\\\/x.com\\\/https:\\\/\\\/twitter.com\\\/villasmilhfoto\"]},{\"@type\":\"Person\",\"@id\":\"https:\\\/\\\/digital58.com.ve\\\/site\\\/#\\\/schema\\\/person\\\/c61667ce6845137620ee3f0aaabade17\",\"name\":\"Molero Luis\",\"image\":{\"@type\":\"ImageObject\",\"inLanguage\":\"es\",\"@id\":\"https:\\\/\\\/secure.gravatar.com\\\/avatar\\\/bf041ec637e3e7405449807deb2f7cf3d2de7c6fa755dd56e985201de9863f2b?s=96&d=mm&r=g\",\"url\":\"https:\\\/\\\/secure.gravatar.com\\\/avatar\\\/bf041ec637e3e7405449807deb2f7cf3d2de7c6fa755dd56e985201de9863f2b?s=96&d=mm&r=g\",\"contentUrl\":\"https:\\\/\\\/secure.gravatar.com\\\/avatar\\\/bf041ec637e3e7405449807deb2f7cf3d2de7c6fa755dd56e985201de9863f2b?s=96&d=mm&r=g\",\"caption\":\"Molero Luis\"},\"url\":\"https:\\\/\\\/digital58.com.ve\\\/site\\\/author\\\/luismolero\\\/\"}]}<\/script>\n<!-- \/ Yoast SEO plugin. -->","yoast_head_json":{"title":"#Bundesliga | Bayer M\u00fanich se proclam\u00f3 campe\u00f3n por novena vez consecutiva en Alemania","description":"Deportes","robots":{"index":"index","follow":"follow","max-snippet":"max-snippet:-1","max-image-preview":"max-image-preview:large","max-video-preview":"max-video-preview:-1"},"canonical":"https:\/\/digital58.com.ve\/site\/2021\/05\/09\/bundeslida-bayer-munich-se-proclamo-campeon-por-novena-vez-consecutiva-en-alemania\/","og_locale":"es_ES","og_type":"article","og_title":"#Bundesliga | Bayer M\u00fanich se proclam\u00f3 campe\u00f3n por novena vez consecutiva en Alemania","og_description":"Deportes","og_url":"https:\/\/digital58.com.ve\/site\/2021\/05\/09\/bundeslida-bayer-munich-se-proclamo-campeon-por-novena-vez-consecutiva-en-alemania\/","og_site_name":"Noticias Digital58","article_published_time":"2021-05-09T17:43:50+00:00","article_modified_time":"2021-05-09T18:14:27+00:00","og_image":[{"width":800,"height":450,"url":"https:\/\/digital58.com.ve\/site\/wp-content\/uploads\/2021\/05\/imago40404330h-scaled-1.jpg","type":"image\/jpeg"}],"author":"Molero Luis","twitter_card":"summary_large_image","twitter_creator":"@Digital_58","twitter_site":"@villasmilhfoto","twitter_misc":{"Escrito por":"Molero Luis","Tiempo estimado de lectura":"2 minutos"},"schema":{"@context":"https:\/\/schema.org","@graph":[{"@type":"Article","@id":"https:\/\/digital58.com.ve\/site\/2021\/05\/09\/bundeslida-bayer-munich-se-proclamo-campeon-por-novena-vez-consecutiva-en-alemania\/#article","isPartOf":{"@id":"https:\/\/digital58.com.ve\/site\/2021\/05\/09\/bundeslida-bayer-munich-se-proclamo-campeon-por-novena-vez-consecutiva-en-alemania\/"},"author":{"name":"Molero Luis","@id":"https:\/\/digital58.com.ve\/site\/#\/schema\/person\/c61667ce6845137620ee3f0aaabade17"},"headline":"#Bundesliga | Bayer M\u00fanich se proclam\u00f3 campe\u00f3n por novena vez consecutiva en Alemania","datePublished":"2021-05-09T17:43:50+00:00","dateModified":"2021-05-09T18:14:27+00:00","mainEntityOfPage":{"@id":"https:\/\/digital58.com.ve\/site\/2021\/05\/09\/bundeslida-bayer-munich-se-proclamo-campeon-por-novena-vez-consecutiva-en-alemania\/"},"wordCount":317,"commentCount":0,"publisher":{"@id":"https:\/\/digital58.com.ve\/site\/#\/schema\/person\/64d1c2e4d0d4fd1b849980c4331c2951"},"image":{"@id":"https:\/\/digital58.com.ve\/site\/2021\/05\/09\/bundeslida-bayer-munich-se-proclamo-campeon-por-novena-vez-consecutiva-en-alemania\/#primaryimage"},"thumbnailUrl":"https:\/\/digital58.com.ve\/site\/wp-content\/uploads\/2021\/05\/imago40404330h-scaled-1.jpg","keywords":["Alemania","Bayer Munich","Borussia Dortmund","Bundesliga","Bundesliga 2021","Campe\u00f3n","F\u00fatbol","F\u00fatbol Alem\u00e1n","F\u00fatbol Internacional","Internacionales","RB Leipzig"],"articleSection":["Deportes"],"inLanguage":"es","potentialAction":[{"@type":"CommentAction","name":"Comment","target":["https:\/\/digital58.com.ve\/site\/2021\/05\/09\/bundeslida-bayer-munich-se-proclamo-campeon-por-novena-vez-consecutiva-en-alemania\/#respond"]}]},{"@type":"WebPage","@id":"https:\/\/digital58.com.ve\/site\/2021\/05\/09\/bundeslida-bayer-munich-se-proclamo-campeon-por-novena-vez-consecutiva-en-alemania\/","url":"https:\/\/digital58.com.ve\/site\/2021\/05\/09\/bundeslida-bayer-munich-se-proclamo-campeon-por-novena-vez-consecutiva-en-alemania\/","name":"#Bundesliga | Bayer M\u00fanich se proclam\u00f3 campe\u00f3n por novena vez consecutiva en Alemania","isPartOf":{"@id":"https:\/\/digital58.com.ve\/site\/#website"},"primaryImageOfPage":{"@id":"https:\/\/digital58.com.ve\/site\/2021\/05\/09\/bundeslida-bayer-munich-se-proclamo-campeon-por-novena-vez-consecutiva-en-alemania\/#primaryimage"},"image":{"@id":"https:\/\/digital58.com.ve\/site\/2021\/05\/09\/bundeslida-bayer-munich-se-proclamo-campeon-por-novena-vez-consecutiva-en-alemania\/#primaryimage"},"thumbnailUrl":"https:\/\/digital58.com.ve\/site\/wp-content\/uploads\/2021\/05\/imago40404330h-scaled-1.jpg","datePublished":"2021-05-09T17:43:50+00:00","dateModified":"2021-05-09T18:14:27+00:00","description":"Deportes","breadcrumb":{"@id":"https:\/\/digital58.com.ve\/site\/2021\/05\/09\/bundeslida-bayer-munich-se-proclamo-campeon-por-novena-vez-consecutiva-en-alemania\/#breadcrumb"},"inLanguage":"es","potentialAction":[{"@type":"ReadAction","target":["https:\/\/digital58.com.ve\/site\/2021\/05\/09\/bundeslida-bayer-munich-se-proclamo-campeon-por-novena-vez-consecutiva-en-alemania\/"]}]},{"@type":"ImageObject","inLanguage":"es","@id":"https:\/\/digital58.com.ve\/site\/2021\/05\/09\/bundeslida-bayer-munich-se-proclamo-campeon-por-novena-vez-consecutiva-en-alemania\/#primaryimage","url":"https:\/\/digital58.com.ve\/site\/wp-content\/uploads\/2021\/05\/imago40404330h-scaled-1.jpg","contentUrl":"https:\/\/digital58.com.ve\/site\/wp-content\/uploads\/2021\/05\/imago40404330h-scaled-1.jpg","width":800,"height":450,"caption":"Thiago ALCANTARA (FCB) mit Meisterschale,Schale, Teamfoto,Team,Mannschaft, Mannschaftsfoto. Siegerehrung, Fussball 1. Bundesliga, 34.Spieltag,Spieltag34, Deutscher Meister, FC Bayern Muenchen (M) - Eintracht Frankfurt (F) 5-1,,am 18.05.2019 in Muenchen A L L I A N Z A R E N A, DFL REGULATIONS PROHIBIT ANY USE OF PHOTOGRAPHS AS IMAGE SEQUENCES AND\/OR QUASI-VIDEO. *** Thiago ALCANTARA FCB with championship bowl, bowl, team photo, team, team photo, team award ceremony, football 1 Bundesliga, 34 matchday, matchday34, German champion, FC Bayern Muenchen M Eintracht Frankfurt F 5 1,,on 18 05 2019 in Munich A L L I A A N Z A R E A, DFL REGULATIONS PROHIBIT ANY USE OF PHOTOGRAPHS AS IMAGE SEQUENCES AND OR QUASI VIDEO"},{"@type":"BreadcrumbList","@id":"https:\/\/digital58.com.ve\/site\/2021\/05\/09\/bundeslida-bayer-munich-se-proclamo-campeon-por-novena-vez-consecutiva-en-alemania\/#breadcrumb","itemListElement":[{"@type":"ListItem","position":1,"name":"Home","item":"https:\/\/digital58.com.ve\/site\/"},{"@type":"ListItem","position":2,"name":"#Bundesliga | Bayer M\u00fanich se proclam\u00f3 campe\u00f3n por novena vez consecutiva en Alemania"}]},{"@type":"WebSite","@id":"https:\/\/digital58.com.ve\/site\/#website","url":"https:\/\/digital58.com.ve\/site\/","name":"Noticias Digital58","description":"Portal de Noticias \u00a1Periodismo web de verdad! Lanzamiento web 22.11.2005 \/ Maracaibo, Venezuela","publisher":{"@id":"https:\/\/digital58.com.ve\/site\/#\/schema\/person\/64d1c2e4d0d4fd1b849980c4331c2951"},"alternateName":"ND58","potentialAction":[{"@type":"SearchAction","target":{"@type":"EntryPoint","urlTemplate":"https:\/\/digital58.com.ve\/site\/?s={search_term_string}"},"query-input":{"@type":"PropertyValueSpecification","valueRequired":true,"valueName":"search_term_string"}}],"inLanguage":"es"},{"@type":["Person","Organization"],"@id":"https:\/\/digital58.com.ve\/site\/#\/schema\/person\/64d1c2e4d0d4fd1b849980c4331c2951","name":"Villasmil Henry","image":{"@type":"ImageObject","inLanguage":"es","@id":"https:\/\/secure.gravatar.com\/avatar\/bb0c4a2fcb7970138239f7e404ea75757b1b507b28b5ce4c53fbd62d797c5a7c?s=96&d=mm&r=g","url":"https:\/\/secure.gravatar.com\/avatar\/bb0c4a2fcb7970138239f7e404ea75757b1b507b28b5ce4c53fbd62d797c5a7c?s=96&d=mm&r=g","contentUrl":"https:\/\/secure.gravatar.com\/avatar\/bb0c4a2fcb7970138239f7e404ea75757b1b507b28b5ce4c53fbd62d797c5a7c?s=96&d=mm&r=g","caption":"Villasmil Henry"},"logo":{"@id":"https:\/\/secure.gravatar.com\/avatar\/bb0c4a2fcb7970138239f7e404ea75757b1b507b28b5ce4c53fbd62d797c5a7c?s=96&d=mm&r=g"},"sameAs":["http:\/\/www.henryvillasmil.com.ve","https:\/\/www.instagram.com\/villasmilhfoto\/","https:\/\/x.com\/https:\/\/twitter.com\/villasmilhfoto"]},{"@type":"Person","@id":"https:\/\/digital58.com.ve\/site\/#\/schema\/person\/c61667ce6845137620ee3f0aaabade17","name":"Molero Luis","image":{"@type":"ImageObject","inLanguage":"es","@id":"https:\/\/secure.gravatar.com\/avatar\/bf041ec637e3e7405449807deb2f7cf3d2de7c6fa755dd56e985201de9863f2b?s=96&d=mm&r=g","url":"https:\/\/secure.gravatar.com\/avatar\/bf041ec637e3e7405449807deb2f7cf3d2de7c6fa755dd56e985201de9863f2b?s=96&d=mm&r=g","contentUrl":"https:\/\/secure.gravatar.com\/avatar\/bf041ec637e3e7405449807deb2f7cf3d2de7c6fa755dd56e985201de9863f2b?s=96&d=mm&r=g","caption":"Molero Luis"},"url":"https:\/\/digital58.com.ve\/site\/author\/luismolero\/"}]}},"uagb_featured_image_src":{"full":["https:\/\/digital58.com.ve\/site\/wp-content\/uploads\/2021\/05\/imago40404330h-scaled-1.jpg",800,450,false],"thumbnail":["https:\/\/digital58.com.ve\/site\/wp-content\/uploads\/2021\/05\/imago40404330h-scaled-1-150x150.jpg",150,150,true],"medium":["https:\/\/digital58.com.ve\/site\/wp-content\/uploads\/2021\/05\/imago40404330h-scaled-1-300x169.jpg",300,169,true],"medium_large":["https:\/\/digital58.com.ve\/site\/wp-content\/uploads\/2021\/05\/imago40404330h-scaled-1-768x432.jpg",768,432,true],"large":["https:\/\/digital58.com.ve\/site\/wp-content\/uploads\/2021\/05\/imago40404330h-scaled-1.jpg",800,450,false],"1536x1536":["https:\/\/digital58.com.ve\/site\/wp-content\/uploads\/2021\/05\/imago40404330h-scaled-1.jpg",800,450,false],"2048x2048":["https:\/\/digital58.com.ve\/site\/wp-content\/uploads\/2021\/05\/imago40404330h-scaled-1.jpg",800,450,false],"colormag-highlighted-post":["https:\/\/digital58.com.ve\/site\/wp-content\/uploads\/2021\/05\/imago40404330h-scaled-1.jpg",392,221,false],"colormag-featured-post-medium":["https:\/\/digital58.com.ve\/site\/wp-content\/uploads\/2021\/05\/imago40404330h-scaled-1.jpg",364,205,false],"colormag-featured-post-small":["https:\/\/digital58.com.ve\/site\/wp-content\/uploads\/2021\/05\/imago40404330h-scaled-1.jpg",130,73,false],"colormag-featured-image":["https:\/\/digital58.com.ve\/site\/wp-content\/uploads\/2021\/05\/imago40404330h-scaled-1.jpg",791,445,false],"colormag-default-news":["https:\/\/digital58.com.ve\/site\/wp-content\/uploads\/2021\/05\/imago40404330h-scaled-1.jpg",150,84,false],"colormag-featured-image-large":["https:\/\/digital58.com.ve\/site\/wp-content\/uploads\/2021\/05\/imago40404330h-scaled-1.jpg",800,450,false]},"uagb_author_info":{"display_name":"Molero Luis","author_link":"https:\/\/digital58.com.ve\/site\/author\/luismolero\/"},"uagb_comment_info":0,"uagb_excerpt":"Esta Bundesliga ser\u00e1 el \u00fanico t\u00edtulo para el Bayern en este final de temporada, ya que qued\u00f3 apeado en la","_links":{"self":[{"href":"https:\/\/digital58.com.ve\/site\/wp-json\/wp\/v2\/posts\/138813","targetHints":{"allow":["GET"]}}],"collection":[{"href":"https:\/\/digital58.com.ve\/site\/wp-json\/wp\/v2\/posts"}],"about":[{"href":"https:\/\/digital58.com.ve\/site\/wp-json\/wp\/v2\/types\/post"}],"author":[{"embeddable":true,"href":"https:\/\/digital58.com.ve\/site\/wp-json\/wp\/v2\/users\/26"}],"replies":[{"embeddable":true,"href":"https:\/\/digital58.com.ve\/site\/wp-json\/wp\/v2\/comments?post=138813"}],"version-history":[{"count":0,"href":"https:\/\/digital58.com.ve\/site\/wp-json\/wp\/v2\/posts\/138813\/revisions"}],"wp:featuredmedia":[{"embeddable":true,"href":"https:\/\/digital58.com.ve\/site\/wp-json\/wp\/v2\/media\/138815"}],"wp:attachment":[{"href":"https:\/\/digital58.com.ve\/site\/wp-json\/wp\/v2\/media?parent=138813"}],"wp:term":[{"taxonomy":"category","embeddable":true,"href":"https:\/\/digital58.com.ve\/site\/wp-json\/wp\/v2\/categories?post=138813"},{"taxonomy":"post_tag","embeddable":true,"href":"https:\/\/digital58.com.ve\/site\/wp-json\/wp\/v2\/tags?post=138813"}],"curies":[{"name":"wp","href":"https:\/\/api.w.org\/{rel}","templated":true}]}}