{"id":138930,"date":"2021-05-11T20:07:04","date_gmt":"2021-05-12T00:07:04","guid":{"rendered":"https:\/\/digital58.com.ve\/site\/?p=138930"},"modified":"2021-05-11T20:07:04","modified_gmt":"2021-05-12T00:07:04","slug":"guaido-propuso-un-acuerdo-de-salvacion-nacional","status":"publish","type":"post","link":"https:\/\/digital58.com.ve\/site\/2021\/05\/11\/guaido-propuso-un-acuerdo-de-salvacion-nacional\/","title":{"rendered":"Guaid\u00f3 propuso un \u00abAcuerdo de Salvaci\u00f3n Nacional\u00bb"},"content":{"rendered":"<p><img loading=\"lazy\" decoding=\"async\" class=\"size-full wp-image-138931 aligncenter\" src=\"https:\/\/digital58.com.ve\/site\/wp-content\/uploads\/2021\/05\/juan-guaido-1.jpg\" alt=\"\" width=\"800\" height=\"533\" srcset=\"https:\/\/digital58.com.ve\/site\/wp-content\/uploads\/2021\/05\/juan-guaido-1.jpg 800w, https:\/\/digital58.com.ve\/site\/wp-content\/uploads\/2021\/05\/juan-guaido-1-300x200.jpg 300w, https:\/\/digital58.com.ve\/site\/wp-content\/uploads\/2021\/05\/juan-guaido-1-768x512.jpg 768w, https:\/\/digital58.com.ve\/site\/wp-content\/uploads\/2021\/05\/juan-guaido-1-720x480.jpg 720w, https:\/\/digital58.com.ve\/site\/wp-content\/uploads\/2021\/05\/juan-guaido-1-480x320.jpg 480w\" sizes=\"auto, (max-width: 800px) 100vw, 800px\" \/><\/p>\n<p>Los comentarios de Guaid\u00f3 se produjeron una semana despu\u00e9s que la actual Asamblea Nacional, con abrumadora mayor\u00eda oficialista, design\u00f3 como miembros de la nueva directiva del Consejo Nacional Electoral (CNE) a dos reconocidos opositores,<\/p>\n<p><strong>Caracas,DC, Venezuela 11 de mayo de 2021 (ND58).-<\/strong>\u00a0Juan Guaid\u00f3, a quien Estados Unidos y decenas de aliados reconocen como el l\u00edder leg\u00edtimo de Venezuela, indic\u00f3 que ante la grave crisis social, econ\u00f3mica y pol\u00edtica que azota a Venezuela se hace necesario buscar \u00absoluciones realistas y viables\u00bb. Al parecer el opositor, que sostenidamente rechaz\u00f3 cualquier coexistencia con Maduro, dej\u00f3 en el olvido la postura de no negociar con el gobernante socialista y plante\u00f3 la conveniencia de levantar gradualmente las sanciones contra el gobierno como incentivo para llegar a un acuerdo.<\/p>\n<p>\u00c9ste deber\u00eda darse mediante un proceso de negociaci\u00f3n en el que participen las fuerzas opositoras que lo respaldan, entre otras organizaciones, adem\u00e1s \u00abde \u201clos actores que conforman y sostienen al r\u00e9gimen y la comunidad internacional, especialmente las potencias internacionales\u00bb, dijo Guaid\u00f3 en un video divulgado a trav\u00e9s de Twitter.<\/p>\n<p>Consider\u00f3 esencial \u00abel compromiso de la comunidad internacional para lograr esta recuperaci\u00f3n de Venezuela y ofrecer incentivos al r\u00e9gimen, incluyendo el levantamiento progresivo de sanciones\u00bb \u00a0impuestas por Estados Unidos, entre otros pa\u00edses, condicionado, por supuesto, al cumplimiento de los objetivos fundamentales del acuerdo.<\/p>\n<p>Los comentarios de Guaid\u00f3 se produjeron una semana despu\u00e9s que la actual Asamblea Nacional, con abrumadora mayor\u00eda oficialista, design\u00f3 como miembros de la nueva directiva del Consejo Nacional Electoral (CNE) a dos reconocidos opositores, incluido un activista que estuvo preso acusado de participar en supuestas acciones para desestabilizar el gobierno socialista. Esa concesi\u00f3n ser\u00eda parte de una serie de medidas recientemente adoptadas por la administraci\u00f3n de Maduro que apuntar\u00edan a mejorar las relaciones con el gobierno del mandatario estadounidense Joe Biden.<\/p>\n<p>Los nombramientos se materializaron luego de varias semanas de negociaciones tras bastidores entre representantes del gobierno de Maduro y adversarios moderados, algunos de ellos alineados con el excandidato presidencial opositor Henrique Capriles.<\/p>\n<p>En aparente alusi\u00f3n a esa iniciativa de di\u00e1logo entre el gobierno y esos grupos opositores moderados, Guaid\u00f3 expres\u00f3 que est\u00e1 \u00abdispuesto a construir y participar en cualquier mecanismo que permita construir la mayor y mejor unidad posible y que legitime nuestra lucha; pero conspirar con la dictadura para legitimarse mutuamente como tiran\u00eda y oposici\u00f3n leal a esa tiran\u00eda no conduce a la libertad, s\u00ed a la sumisi\u00f3n y a la normalizaci\u00f3n de la peor tragedia que ha vivido nuestro pa\u00eds\u00bb.<\/p>\n<p>En el nuevo directorio del CNE, tres de los cinco de ese \u00f3rgano colegiado rectores son cercanos al gobierno, por lo que est\u00e1 lejos de ser equilibrado. Empero, se percibe como un avance. Es la primera vez desde 2005 que la oposici\u00f3n tiene dos miembros en la c\u00fapula del organismo electoral, que se encarga de realizar las elecciones nacionales, estatales y municipales en Venezuela.<\/p>\n<p>La designaci\u00f3n es vista por algunos como una se\u00f1al de la voluntad de Maduro de alcanzar compromisos con aquellos que lo adversan y dar un primer paso con el prop\u00f3sito que Biden alivie las devastadoras sanciones petroleras que hered\u00f3 de su predecesor.<\/p>\n<p>Los nombramientos siguen a una serie de gestos similares de Maduro, incluida la concesi\u00f3n del arresto domiciliario a seis ejecutivos petroleros estadounidenses encarcelados en 2017 por cargos de corrupci\u00f3n y su reciente acuerdo que permite que el Programa Mundial de Alimentos comience a operar dentro de Venezuela.<\/p><div class=\"qeoaa69f5e9653ff80\" ><p style=\"text-align: center;\"><a href=\"https:\/\/t.me\/noticiasdigital58\" target=\"_blank\" rel=\"noopener\"><img class=\"aligncenter size-full wp-image-125363\" src=\"https:\/\/digital58.com.ve\/site\/wp-content\/uploads\/2021\/04\/banner-telegram-web-2021.png\" alt=\"\" width=\"600\" height=\"90\" \/><\/a><\/p><\/div><style type=\"text\/css\">\r\n@media screen and (min-width: 1201px) {\r\n.qeoaa69f5e9653ff80 {\r\ndisplay: block;\r\n}\r\n}\r\n@media screen and (min-width: 993px) and (max-width: 1200px) {\r\n.qeoaa69f5e9653ff80 {\r\ndisplay: block;\r\n}\r\n}\r\n@media screen and (min-width: 769px) and (max-width: 992px) {\r\n.qeoaa69f5e9653ff80 {\r\ndisplay: block;\r\n}\r\n}\r\n@media screen and (min-width: 768px) and (max-width: 768px) {\r\n.qeoaa69f5e9653ff80 {\r\ndisplay: block;\r\n}\r\n}\r\n@media screen and (max-width: 767px) {\r\n.qeoaa69f5e9653ff80 {\r\ndisplay: block;\r\n}\r\n}\r\n<\/style>\r\n\n<p><strong>Redacci\u00f3n ND58 | Fuente: Agencias<\/strong><br \/>\n<strong>Edici\u00f3n: Villasmil, Henry<\/strong><br \/>\n<strong>Gr\u00e1fica: Cortes\u00eda.<\/strong><\/p>\n<div style=\"margin-top: 0px; margin-bottom: 0px;\" class=\"sharethis-inline-share-buttons\" ><\/div>","protected":false},"excerpt":{"rendered":"<p>Los comentarios de Guaid\u00f3 se produjeron una semana despu\u00e9s que la actual Asamblea Nacional, con abrumadora mayor\u00eda oficialista, design\u00f3 como<\/p>\n","protected":false},"author":26,"featured_media":138931,"comment_status":"open","ping_status":"closed","sticky":false,"template":"","format":"standard","meta":{"colormag_page_container_layout":"default_layout","colormag_page_sidebar_layout":"default_layout","_uag_custom_page_level_css":"","footnotes":""},"categories":[8610],"tags":[24122,29,2723,961,11949,233,32],"class_list":["post-138930","post","type-post","status-publish","format-standard","has-post-thumbnail","hentry","category-politica","tag-acuerdo-de-salvacion-nacional","tag-caracas","tag-cne","tag-joe-biden","tag-juan-guaido","tag-nacionales","tag-venezuela"],"yoast_head":"<!-- This site is optimized with the Yoast SEO plugin v27.5 - https:\/\/yoast.com\/product\/yoast-seo-wordpress\/ -->\n<title>Guaid\u00f3 propuso un \u00abAcuerdo de Salvaci\u00f3n Nacional\u00bb<\/title>\n<meta name=\"description\" content=\"Pol\u00edtica\" \/>\n<meta name=\"robots\" content=\"index, follow, max-snippet:-1, max-image-preview:large, max-video-preview:-1\" \/>\n<link rel=\"canonical\" href=\"https:\/\/digital58.com.ve\/site\/2021\/05\/11\/guaido-propuso-un-acuerdo-de-salvacion-nacional\/\" \/>\n<meta property=\"og:locale\" content=\"es_ES\" \/>\n<meta property=\"og:type\" content=\"article\" \/>\n<meta property=\"og:title\" content=\"Guaid\u00f3 propuso un \u00abAcuerdo de Salvaci\u00f3n Nacional\u00bb\" \/>\n<meta property=\"og:description\" content=\"Pol\u00edtica\" \/>\n<meta property=\"og:url\" content=\"https:\/\/digital58.com.ve\/site\/2021\/05\/11\/guaido-propuso-un-acuerdo-de-salvacion-nacional\/\" \/>\n<meta property=\"og:site_name\" content=\"Noticias Digital58\" \/>\n<meta property=\"article:published_time\" content=\"2021-05-12T00:07:04+00:00\" \/>\n<meta property=\"og:image\" content=\"https:\/\/digital58.com.ve\/site\/wp-content\/uploads\/2021\/05\/juan-guaido-1.jpg\" \/>\n\t<meta property=\"og:image:width\" content=\"800\" \/>\n\t<meta property=\"og:image:height\" content=\"533\" \/>\n\t<meta property=\"og:image:type\" content=\"image\/jpeg\" \/>\n<meta name=\"author\" content=\"Molero Luis\" \/>\n<meta name=\"twitter:card\" content=\"summary_large_image\" \/>\n<meta name=\"twitter:creator\" content=\"@Digital_58\" \/>\n<meta name=\"twitter:site\" content=\"@villasmilhfoto\" \/>\n<meta name=\"twitter:label1\" content=\"Escrito por\" \/>\n\t<meta name=\"twitter:data1\" content=\"Molero Luis\" \/>\n\t<meta name=\"twitter:label2\" content=\"Tiempo estimado de lectura\" \/>\n\t<meta name=\"twitter:data2\" content=\"3 minutos\" \/>\n<script type=\"application\/ld+json\" class=\"yoast-schema-graph\">{\"@context\":\"https:\\\/\\\/schema.org\",\"@graph\":[{\"@type\":\"Article\",\"@id\":\"https:\\\/\\\/digital58.com.ve\\\/site\\\/2021\\\/05\\\/11\\\/guaido-propuso-un-acuerdo-de-salvacion-nacional\\\/#article\",\"isPartOf\":{\"@id\":\"https:\\\/\\\/digital58.com.ve\\\/site\\\/2021\\\/05\\\/11\\\/guaido-propuso-un-acuerdo-de-salvacion-nacional\\\/\"},\"author\":{\"name\":\"Molero Luis\",\"@id\":\"https:\\\/\\\/digital58.com.ve\\\/site\\\/#\\\/schema\\\/person\\\/c61667ce6845137620ee3f0aaabade17\"},\"headline\":\"Guaid\u00f3 propuso un \u00abAcuerdo de Salvaci\u00f3n Nacional\u00bb\",\"datePublished\":\"2021-05-12T00:07:04+00:00\",\"mainEntityOfPage\":{\"@id\":\"https:\\\/\\\/digital58.com.ve\\\/site\\\/2021\\\/05\\\/11\\\/guaido-propuso-un-acuerdo-de-salvacion-nacional\\\/\"},\"wordCount\":616,\"commentCount\":0,\"publisher\":{\"@id\":\"https:\\\/\\\/digital58.com.ve\\\/site\\\/#\\\/schema\\\/person\\\/64d1c2e4d0d4fd1b849980c4331c2951\"},\"image\":{\"@id\":\"https:\\\/\\\/digital58.com.ve\\\/site\\\/2021\\\/05\\\/11\\\/guaido-propuso-un-acuerdo-de-salvacion-nacional\\\/#primaryimage\"},\"thumbnailUrl\":\"https:\\\/\\\/digital58.com.ve\\\/site\\\/wp-content\\\/uploads\\\/2021\\\/05\\\/juan-guaido-1.jpg\",\"keywords\":[\"Acuerdo de Salvaci\u00f3n Nacional\",\"Caracas\",\"CNE\",\"Joe Biden\",\"Juan Guaid\u00f3\",\"Nacionales\",\"Venezuela\"],\"articleSection\":[\"Pol\u00edtica\"],\"inLanguage\":\"es\",\"potentialAction\":[{\"@type\":\"CommentAction\",\"name\":\"Comment\",\"target\":[\"https:\\\/\\\/digital58.com.ve\\\/site\\\/2021\\\/05\\\/11\\\/guaido-propuso-un-acuerdo-de-salvacion-nacional\\\/#respond\"]}]},{\"@type\":\"WebPage\",\"@id\":\"https:\\\/\\\/digital58.com.ve\\\/site\\\/2021\\\/05\\\/11\\\/guaido-propuso-un-acuerdo-de-salvacion-nacional\\\/\",\"url\":\"https:\\\/\\\/digital58.com.ve\\\/site\\\/2021\\\/05\\\/11\\\/guaido-propuso-un-acuerdo-de-salvacion-nacional\\\/\",\"name\":\"Guaid\u00f3 propuso un \u00abAcuerdo de Salvaci\u00f3n Nacional\u00bb\",\"isPartOf\":{\"@id\":\"https:\\\/\\\/digital58.com.ve\\\/site\\\/#website\"},\"primaryImageOfPage\":{\"@id\":\"https:\\\/\\\/digital58.com.ve\\\/site\\\/2021\\\/05\\\/11\\\/guaido-propuso-un-acuerdo-de-salvacion-nacional\\\/#primaryimage\"},\"image\":{\"@id\":\"https:\\\/\\\/digital58.com.ve\\\/site\\\/2021\\\/05\\\/11\\\/guaido-propuso-un-acuerdo-de-salvacion-nacional\\\/#primaryimage\"},\"thumbnailUrl\":\"https:\\\/\\\/digital58.com.ve\\\/site\\\/wp-content\\\/uploads\\\/2021\\\/05\\\/juan-guaido-1.jpg\",\"datePublished\":\"2021-05-12T00:07:04+00:00\",\"description\":\"Pol\u00edtica\",\"breadcrumb\":{\"@id\":\"https:\\\/\\\/digital58.com.ve\\\/site\\\/2021\\\/05\\\/11\\\/guaido-propuso-un-acuerdo-de-salvacion-nacional\\\/#breadcrumb\"},\"inLanguage\":\"es\",\"potentialAction\":[{\"@type\":\"ReadAction\",\"target\":[\"https:\\\/\\\/digital58.com.ve\\\/site\\\/2021\\\/05\\\/11\\\/guaido-propuso-un-acuerdo-de-salvacion-nacional\\\/\"]}]},{\"@type\":\"ImageObject\",\"inLanguage\":\"es\",\"@id\":\"https:\\\/\\\/digital58.com.ve\\\/site\\\/2021\\\/05\\\/11\\\/guaido-propuso-un-acuerdo-de-salvacion-nacional\\\/#primaryimage\",\"url\":\"https:\\\/\\\/digital58.com.ve\\\/site\\\/wp-content\\\/uploads\\\/2021\\\/05\\\/juan-guaido-1.jpg\",\"contentUrl\":\"https:\\\/\\\/digital58.com.ve\\\/site\\\/wp-content\\\/uploads\\\/2021\\\/05\\\/juan-guaido-1.jpg\",\"width\":800,\"height\":533},{\"@type\":\"BreadcrumbList\",\"@id\":\"https:\\\/\\\/digital58.com.ve\\\/site\\\/2021\\\/05\\\/11\\\/guaido-propuso-un-acuerdo-de-salvacion-nacional\\\/#breadcrumb\",\"itemListElement\":[{\"@type\":\"ListItem\",\"position\":1,\"name\":\"Home\",\"item\":\"https:\\\/\\\/digital58.com.ve\\\/site\\\/\"},{\"@type\":\"ListItem\",\"position\":2,\"name\":\"Guaid\u00f3 propuso un \u00abAcuerdo de Salvaci\u00f3n Nacional\u00bb\"}]},{\"@type\":\"WebSite\",\"@id\":\"https:\\\/\\\/digital58.com.ve\\\/site\\\/#website\",\"url\":\"https:\\\/\\\/digital58.com.ve\\\/site\\\/\",\"name\":\"Noticias Digital58\",\"description\":\"Portal de Noticias \u00a1Periodismo web de verdad! Lanzamiento web 22.11.2005 \\\/ Maracaibo, Venezuela\",\"publisher\":{\"@id\":\"https:\\\/\\\/digital58.com.ve\\\/site\\\/#\\\/schema\\\/person\\\/64d1c2e4d0d4fd1b849980c4331c2951\"},\"alternateName\":\"ND58\",\"potentialAction\":[{\"@type\":\"SearchAction\",\"target\":{\"@type\":\"EntryPoint\",\"urlTemplate\":\"https:\\\/\\\/digital58.com.ve\\\/site\\\/?s={search_term_string}\"},\"query-input\":{\"@type\":\"PropertyValueSpecification\",\"valueRequired\":true,\"valueName\":\"search_term_string\"}}],\"inLanguage\":\"es\"},{\"@type\":[\"Person\",\"Organization\"],\"@id\":\"https:\\\/\\\/digital58.com.ve\\\/site\\\/#\\\/schema\\\/person\\\/64d1c2e4d0d4fd1b849980c4331c2951\",\"name\":\"Villasmil Henry\",\"image\":{\"@type\":\"ImageObject\",\"inLanguage\":\"es\",\"@id\":\"https:\\\/\\\/secure.gravatar.com\\\/avatar\\\/bb0c4a2fcb7970138239f7e404ea75757b1b507b28b5ce4c53fbd62d797c5a7c?s=96&d=mm&r=g\",\"url\":\"https:\\\/\\\/secure.gravatar.com\\\/avatar\\\/bb0c4a2fcb7970138239f7e404ea75757b1b507b28b5ce4c53fbd62d797c5a7c?s=96&d=mm&r=g\",\"contentUrl\":\"https:\\\/\\\/secure.gravatar.com\\\/avatar\\\/bb0c4a2fcb7970138239f7e404ea75757b1b507b28b5ce4c53fbd62d797c5a7c?s=96&d=mm&r=g\",\"caption\":\"Villasmil Henry\"},\"logo\":{\"@id\":\"https:\\\/\\\/secure.gravatar.com\\\/avatar\\\/bb0c4a2fcb7970138239f7e404ea75757b1b507b28b5ce4c53fbd62d797c5a7c?s=96&d=mm&r=g\"},\"sameAs\":[\"http:\\\/\\\/www.henryvillasmil.com.ve\",\"https:\\\/\\\/www.instagram.com\\\/villasmilhfoto\\\/\",\"https:\\\/\\\/x.com\\\/https:\\\/\\\/twitter.com\\\/villasmilhfoto\"]},{\"@type\":\"Person\",\"@id\":\"https:\\\/\\\/digital58.com.ve\\\/site\\\/#\\\/schema\\\/person\\\/c61667ce6845137620ee3f0aaabade17\",\"name\":\"Molero Luis\",\"image\":{\"@type\":\"ImageObject\",\"inLanguage\":\"es\",\"@id\":\"https:\\\/\\\/secure.gravatar.com\\\/avatar\\\/bf041ec637e3e7405449807deb2f7cf3d2de7c6fa755dd56e985201de9863f2b?s=96&d=mm&r=g\",\"url\":\"https:\\\/\\\/secure.gravatar.com\\\/avatar\\\/bf041ec637e3e7405449807deb2f7cf3d2de7c6fa755dd56e985201de9863f2b?s=96&d=mm&r=g\",\"contentUrl\":\"https:\\\/\\\/secure.gravatar.com\\\/avatar\\\/bf041ec637e3e7405449807deb2f7cf3d2de7c6fa755dd56e985201de9863f2b?s=96&d=mm&r=g\",\"caption\":\"Molero Luis\"},\"url\":\"https:\\\/\\\/digital58.com.ve\\\/site\\\/author\\\/luismolero\\\/\"}]}<\/script>\n<!-- \/ Yoast SEO plugin. -->","yoast_head_json":{"title":"Guaid\u00f3 propuso un \u00abAcuerdo de Salvaci\u00f3n Nacional\u00bb","description":"Pol\u00edtica","robots":{"index":"index","follow":"follow","max-snippet":"max-snippet:-1","max-image-preview":"max-image-preview:large","max-video-preview":"max-video-preview:-1"},"canonical":"https:\/\/digital58.com.ve\/site\/2021\/05\/11\/guaido-propuso-un-acuerdo-de-salvacion-nacional\/","og_locale":"es_ES","og_type":"article","og_title":"Guaid\u00f3 propuso un \u00abAcuerdo de Salvaci\u00f3n Nacional\u00bb","og_description":"Pol\u00edtica","og_url":"https:\/\/digital58.com.ve\/site\/2021\/05\/11\/guaido-propuso-un-acuerdo-de-salvacion-nacional\/","og_site_name":"Noticias Digital58","article_published_time":"2021-05-12T00:07:04+00:00","og_image":[{"width":800,"height":533,"url":"https:\/\/digital58.com.ve\/site\/wp-content\/uploads\/2021\/05\/juan-guaido-1.jpg","type":"image\/jpeg"}],"author":"Molero Luis","twitter_card":"summary_large_image","twitter_creator":"@Digital_58","twitter_site":"@villasmilhfoto","twitter_misc":{"Escrito por":"Molero Luis","Tiempo estimado de lectura":"3 minutos"},"schema":{"@context":"https:\/\/schema.org","@graph":[{"@type":"Article","@id":"https:\/\/digital58.com.ve\/site\/2021\/05\/11\/guaido-propuso-un-acuerdo-de-salvacion-nacional\/#article","isPartOf":{"@id":"https:\/\/digital58.com.ve\/site\/2021\/05\/11\/guaido-propuso-un-acuerdo-de-salvacion-nacional\/"},"author":{"name":"Molero Luis","@id":"https:\/\/digital58.com.ve\/site\/#\/schema\/person\/c61667ce6845137620ee3f0aaabade17"},"headline":"Guaid\u00f3 propuso un \u00abAcuerdo de Salvaci\u00f3n Nacional\u00bb","datePublished":"2021-05-12T00:07:04+00:00","mainEntityOfPage":{"@id":"https:\/\/digital58.com.ve\/site\/2021\/05\/11\/guaido-propuso-un-acuerdo-de-salvacion-nacional\/"},"wordCount":616,"commentCount":0,"publisher":{"@id":"https:\/\/digital58.com.ve\/site\/#\/schema\/person\/64d1c2e4d0d4fd1b849980c4331c2951"},"image":{"@id":"https:\/\/digital58.com.ve\/site\/2021\/05\/11\/guaido-propuso-un-acuerdo-de-salvacion-nacional\/#primaryimage"},"thumbnailUrl":"https:\/\/digital58.com.ve\/site\/wp-content\/uploads\/2021\/05\/juan-guaido-1.jpg","keywords":["Acuerdo de Salvaci\u00f3n Nacional","Caracas","CNE","Joe Biden","Juan Guaid\u00f3","Nacionales","Venezuela"],"articleSection":["Pol\u00edtica"],"inLanguage":"es","potentialAction":[{"@type":"CommentAction","name":"Comment","target":["https:\/\/digital58.com.ve\/site\/2021\/05\/11\/guaido-propuso-un-acuerdo-de-salvacion-nacional\/#respond"]}]},{"@type":"WebPage","@id":"https:\/\/digital58.com.ve\/site\/2021\/05\/11\/guaido-propuso-un-acuerdo-de-salvacion-nacional\/","url":"https:\/\/digital58.com.ve\/site\/2021\/05\/11\/guaido-propuso-un-acuerdo-de-salvacion-nacional\/","name":"Guaid\u00f3 propuso un \u00abAcuerdo de Salvaci\u00f3n Nacional\u00bb","isPartOf":{"@id":"https:\/\/digital58.com.ve\/site\/#website"},"primaryImageOfPage":{"@id":"https:\/\/digital58.com.ve\/site\/2021\/05\/11\/guaido-propuso-un-acuerdo-de-salvacion-nacional\/#primaryimage"},"image":{"@id":"https:\/\/digital58.com.ve\/site\/2021\/05\/11\/guaido-propuso-un-acuerdo-de-salvacion-nacional\/#primaryimage"},"thumbnailUrl":"https:\/\/digital58.com.ve\/site\/wp-content\/uploads\/2021\/05\/juan-guaido-1.jpg","datePublished":"2021-05-12T00:07:04+00:00","description":"Pol\u00edtica","breadcrumb":{"@id":"https:\/\/digital58.com.ve\/site\/2021\/05\/11\/guaido-propuso-un-acuerdo-de-salvacion-nacional\/#breadcrumb"},"inLanguage":"es","potentialAction":[{"@type":"ReadAction","target":["https:\/\/digital58.com.ve\/site\/2021\/05\/11\/guaido-propuso-un-acuerdo-de-salvacion-nacional\/"]}]},{"@type":"ImageObject","inLanguage":"es","@id":"https:\/\/digital58.com.ve\/site\/2021\/05\/11\/guaido-propuso-un-acuerdo-de-salvacion-nacional\/#primaryimage","url":"https:\/\/digital58.com.ve\/site\/wp-content\/uploads\/2021\/05\/juan-guaido-1.jpg","contentUrl":"https:\/\/digital58.com.ve\/site\/wp-content\/uploads\/2021\/05\/juan-guaido-1.jpg","width":800,"height":533},{"@type":"BreadcrumbList","@id":"https:\/\/digital58.com.ve\/site\/2021\/05\/11\/guaido-propuso-un-acuerdo-de-salvacion-nacional\/#breadcrumb","itemListElement":[{"@type":"ListItem","position":1,"name":"Home","item":"https:\/\/digital58.com.ve\/site\/"},{"@type":"ListItem","position":2,"name":"Guaid\u00f3 propuso un \u00abAcuerdo de Salvaci\u00f3n Nacional\u00bb"}]},{"@type":"WebSite","@id":"https:\/\/digital58.com.ve\/site\/#website","url":"https:\/\/digital58.com.ve\/site\/","name":"Noticias Digital58","description":"Portal de Noticias \u00a1Periodismo web de verdad! Lanzamiento web 22.11.2005 \/ Maracaibo, Venezuela","publisher":{"@id":"https:\/\/digital58.com.ve\/site\/#\/schema\/person\/64d1c2e4d0d4fd1b849980c4331c2951"},"alternateName":"ND58","potentialAction":[{"@type":"SearchAction","target":{"@type":"EntryPoint","urlTemplate":"https:\/\/digital58.com.ve\/site\/?s={search_term_string}"},"query-input":{"@type":"PropertyValueSpecification","valueRequired":true,"valueName":"search_term_string"}}],"inLanguage":"es"},{"@type":["Person","Organization"],"@id":"https:\/\/digital58.com.ve\/site\/#\/schema\/person\/64d1c2e4d0d4fd1b849980c4331c2951","name":"Villasmil Henry","image":{"@type":"ImageObject","inLanguage":"es","@id":"https:\/\/secure.gravatar.com\/avatar\/bb0c4a2fcb7970138239f7e404ea75757b1b507b28b5ce4c53fbd62d797c5a7c?s=96&d=mm&r=g","url":"https:\/\/secure.gravatar.com\/avatar\/bb0c4a2fcb7970138239f7e404ea75757b1b507b28b5ce4c53fbd62d797c5a7c?s=96&d=mm&r=g","contentUrl":"https:\/\/secure.gravatar.com\/avatar\/bb0c4a2fcb7970138239f7e404ea75757b1b507b28b5ce4c53fbd62d797c5a7c?s=96&d=mm&r=g","caption":"Villasmil Henry"},"logo":{"@id":"https:\/\/secure.gravatar.com\/avatar\/bb0c4a2fcb7970138239f7e404ea75757b1b507b28b5ce4c53fbd62d797c5a7c?s=96&d=mm&r=g"},"sameAs":["http:\/\/www.henryvillasmil.com.ve","https:\/\/www.instagram.com\/villasmilhfoto\/","https:\/\/x.com\/https:\/\/twitter.com\/villasmilhfoto"]},{"@type":"Person","@id":"https:\/\/digital58.com.ve\/site\/#\/schema\/person\/c61667ce6845137620ee3f0aaabade17","name":"Molero Luis","image":{"@type":"ImageObject","inLanguage":"es","@id":"https:\/\/secure.gravatar.com\/avatar\/bf041ec637e3e7405449807deb2f7cf3d2de7c6fa755dd56e985201de9863f2b?s=96&d=mm&r=g","url":"https:\/\/secure.gravatar.com\/avatar\/bf041ec637e3e7405449807deb2f7cf3d2de7c6fa755dd56e985201de9863f2b?s=96&d=mm&r=g","contentUrl":"https:\/\/secure.gravatar.com\/avatar\/bf041ec637e3e7405449807deb2f7cf3d2de7c6fa755dd56e985201de9863f2b?s=96&d=mm&r=g","caption":"Molero Luis"},"url":"https:\/\/digital58.com.ve\/site\/author\/luismolero\/"}]}},"uagb_featured_image_src":{"full":["https:\/\/digital58.com.ve\/site\/wp-content\/uploads\/2021\/05\/juan-guaido-1.jpg",800,533,false],"thumbnail":["https:\/\/digital58.com.ve\/site\/wp-content\/uploads\/2021\/05\/juan-guaido-1-150x150.jpg",150,150,true],"medium":["https:\/\/digital58.com.ve\/site\/wp-content\/uploads\/2021\/05\/juan-guaido-1-300x200.jpg",300,200,true],"medium_large":["https:\/\/digital58.com.ve\/site\/wp-content\/uploads\/2021\/05\/juan-guaido-1-768x512.jpg",768,512,true],"large":["https:\/\/digital58.com.ve\/site\/wp-content\/uploads\/2021\/05\/juan-guaido-1.jpg",800,533,false],"1536x1536":["https:\/\/digital58.com.ve\/site\/wp-content\/uploads\/2021\/05\/juan-guaido-1.jpg",800,533,false],"2048x2048":["https:\/\/digital58.com.ve\/site\/wp-content\/uploads\/2021\/05\/juan-guaido-1.jpg",800,533,false],"colormag-highlighted-post":["https:\/\/digital58.com.ve\/site\/wp-content\/uploads\/2021\/05\/juan-guaido-1.jpg",392,261,false],"colormag-featured-post-medium":["https:\/\/digital58.com.ve\/site\/wp-content\/uploads\/2021\/05\/juan-guaido-1.jpg",308,205,false],"colormag-featured-post-small":["https:\/\/digital58.com.ve\/site\/wp-content\/uploads\/2021\/05\/juan-guaido-1.jpg",130,87,false],"colormag-featured-image":["https:\/\/digital58.com.ve\/site\/wp-content\/uploads\/2021\/05\/juan-guaido-1.jpg",668,445,false],"colormag-default-news":["https:\/\/digital58.com.ve\/site\/wp-content\/uploads\/2021\/05\/juan-guaido-1.jpg",150,100,false],"colormag-featured-image-large":["https:\/\/digital58.com.ve\/site\/wp-content\/uploads\/2021\/05\/juan-guaido-1.jpg",800,533,false]},"uagb_author_info":{"display_name":"Molero Luis","author_link":"https:\/\/digital58.com.ve\/site\/author\/luismolero\/"},"uagb_comment_info":0,"uagb_excerpt":"Los comentarios de Guaid\u00f3 se produjeron una semana despu\u00e9s que la actual Asamblea Nacional, con abrumadora mayor\u00eda oficialista, design\u00f3 como","_links":{"self":[{"href":"https:\/\/digital58.com.ve\/site\/wp-json\/wp\/v2\/posts\/138930","targetHints":{"allow":["GET"]}}],"collection":[{"href":"https:\/\/digital58.com.ve\/site\/wp-json\/wp\/v2\/posts"}],"about":[{"href":"https:\/\/digital58.com.ve\/site\/wp-json\/wp\/v2\/types\/post"}],"author":[{"embeddable":true,"href":"https:\/\/digital58.com.ve\/site\/wp-json\/wp\/v2\/users\/26"}],"replies":[{"embeddable":true,"href":"https:\/\/digital58.com.ve\/site\/wp-json\/wp\/v2\/comments?post=138930"}],"version-history":[{"count":0,"href":"https:\/\/digital58.com.ve\/site\/wp-json\/wp\/v2\/posts\/138930\/revisions"}],"wp:featuredmedia":[{"embeddable":true,"href":"https:\/\/digital58.com.ve\/site\/wp-json\/wp\/v2\/media\/138931"}],"wp:attachment":[{"href":"https:\/\/digital58.com.ve\/site\/wp-json\/wp\/v2\/media?parent=138930"}],"wp:term":[{"taxonomy":"category","embeddable":true,"href":"https:\/\/digital58.com.ve\/site\/wp-json\/wp\/v2\/categories?post=138930"},{"taxonomy":"post_tag","embeddable":true,"href":"https:\/\/digital58.com.ve\/site\/wp-json\/wp\/v2\/tags?post=138930"}],"curies":[{"name":"wp","href":"https:\/\/api.w.org\/{rel}","templated":true}]}}