{"id":139261,"date":"2021-05-17T14:24:27","date_gmt":"2021-05-17T18:24:27","guid":{"rendered":"https:\/\/digital58.com.ve\/site\/?p=139261"},"modified":"2021-05-17T14:24:27","modified_gmt":"2021-05-17T18:24:27","slug":"enrique-marquez-espero-que-el-dialogo-resuelva-las-inhabilitaciones-politicas","status":"publish","type":"post","link":"https:\/\/digital58.com.ve\/site\/2021\/05\/17\/enrique-marquez-espero-que-el-dialogo-resuelva-las-inhabilitaciones-politicas\/","title":{"rendered":"Enrique M\u00e1rquez: \u00abespero que el di\u00e1logo resuelva las inhabilitaciones pol\u00edticas\u00bb"},"content":{"rendered":"<p><img loading=\"lazy\" decoding=\"async\" class=\"size-full wp-image-139262 aligncenter\" src=\"https:\/\/digital58.com.ve\/site\/wp-content\/uploads\/2021\/05\/Enrique-Ma\u0301rquez-1-1.jpg\" alt=\"\" width=\"892\" height=\"501\" srcset=\"https:\/\/digital58.com.ve\/site\/wp-content\/uploads\/2021\/05\/Enrique-Ma\u0301rquez-1-1.jpg 892w, https:\/\/digital58.com.ve\/site\/wp-content\/uploads\/2021\/05\/Enrique-Ma\u0301rquez-1-1-300x168.jpg 300w, https:\/\/digital58.com.ve\/site\/wp-content\/uploads\/2021\/05\/Enrique-Ma\u0301rquez-1-1-768x431.jpg 768w\" sizes=\"auto, (max-width: 892px) 100vw, 892px\" \/><\/p>\n<p>Venezuela celebrar\u00e1 el pr\u00f3ximo 21 de noviembre elecciones locales y regionales en medio de un escenario en el que la oposici\u00f3n, liderada por Guaid\u00f3, rechaz\u00f3 la designaci\u00f3n de los rectores del CNE por considerar que fueron\u00ab impuestos\u00bb.<\/p>\n<p><strong>Caracas,DC, Venezuela, 17 de mayo de 2021 (ND58).-<\/strong>Uno de los rectores del Consejo Nacional Electoral (CNE), Enrique M\u00e1rquez, dijo este lunes que espera que las inhabilitaciones pol\u00edticas sean resueltas en el proceso de negociaci\u00f3n previsto, sin fecha definida, entre la oposici\u00f3n liderada por Juan Guaid\u00f3 y el gobierno de Nicol\u00e1s Maduro.<\/p>\n<p>\u00abQuisi\u00e9ramos que estos procesos de negociaci\u00f3n y entendimiento puedan concretarse en el muy corto plazo para resolver estos problemas\u00bb, indic\u00f3 en una entrevista a la emisora Uni\u00f3n Radio tras ser preguntado sobre las inhabilitaciones pol\u00edticas y la situaci\u00f3n en la que se encuentran algunos partidos cuyas directivas fueron despojadas por el Tribunal Supremo de Justicia (TSJ).<\/p>\n<p>Algunos de estos partidos intervenidos por el TSJ son la formaci\u00f3n pol\u00edtica en la que militaba Juan Guaid\u00f3, Voluntad Popular (VP), y el tradicional Acci\u00f3n Democr\u00e1tica (AD).<\/p>\n<p>Pero tambi\u00e9n contra el propio Guaid\u00f3 o el excandidato presidencial Henrique Capriles y otros 27 exdiputados opositores pesa una inhabilitaci\u00f3n pol\u00edtica por 15 a\u00f1os.<\/p>\n<p>M\u00e1rquez dijo este lunes que la participaci\u00f3n democr\u00e1tica en Venezuela no est\u00e1 completa sin que los partidos sean libres para decidir su propio gobierno interno, por lo que indic\u00f3 que es indispensable que estos casos se resuelvan.<\/p>\n<p>\u00abEs un proceso complejo en este caso (\u2026), para los rectores del CNE, porque eso no est\u00e1 en nuestras manos en este momento sino que est\u00e1 en organismo de alzada judicial\u00bb, agreg\u00f3.<\/p>\n<p>El tambi\u00e9n exparlamentario se\u00f1al\u00f3 adem\u00e1s que el proceso electoral en Venezuela enfrenta otros obst\u00e1culos, como el de la \u00abcredibilidad\u00bb que, dijo, trabajar\u00e1n para recuperarla, aunque destac\u00f3 que un factor importante para ello es el trabajo que hagan los factores pol\u00edticos.<\/p>\n<p>\u00abNo es cierto que la gente no vaya a votar solo porque no crea en el CNE, sino tambi\u00e9n porque los actores pol\u00edticos hacen uso de la posibilidad de que la gente no crea en el CNE para decirle: mira, no vayas a votar\u00bb, sostuvo.<\/p>\n<p>Venezuela celebrar\u00e1 el pr\u00f3ximo 21 de noviembre elecciones locales y regionales en medio de un escenario en el que la oposici\u00f3n, liderada por Guaid\u00f3, rechaz\u00f3 la designaci\u00f3n de los rectores del CNE por considerar que fueron \u00abimpuestos\u00bb.<\/p>\n<p>Seg\u00fan sostiene, la designaci\u00f3n de estos rectores debi\u00f3 hacerse por un acuerdo entre el gobierno y su grupo.<\/p>\n<p>El l\u00edder opositor plante\u00f3, adem\u00e1s, el establecimiento de lo que denomin\u00f3 como \u00abacuerdo de salvaci\u00f3n nacional\u00bb a trav\u00e9s de un proceso de negociaci\u00f3n con Maduro, una propuesta a la que el l\u00edder socialista respondi\u00f3 diciendo que est\u00e1 listo para sentarse a dialogar.<\/p><div class=\"ptyea69f4d13bb2299\" ><p style=\"text-align: center;\"><a href=\"https:\/\/t.me\/noticiasdigital58\" target=\"_blank\" rel=\"noopener\"><img class=\"aligncenter size-full wp-image-125363\" src=\"https:\/\/digital58.com.ve\/site\/wp-content\/uploads\/2021\/04\/banner-telegram-web-2021.png\" alt=\"\" width=\"600\" height=\"90\" \/><\/a><\/p><\/div><style type=\"text\/css\">\r\n@media screen and (min-width: 1201px) {\r\n.ptyea69f4d13bb2299 {\r\ndisplay: block;\r\n}\r\n}\r\n@media screen and (min-width: 993px) and (max-width: 1200px) {\r\n.ptyea69f4d13bb2299 {\r\ndisplay: block;\r\n}\r\n}\r\n@media screen and (min-width: 769px) and (max-width: 992px) {\r\n.ptyea69f4d13bb2299 {\r\ndisplay: block;\r\n}\r\n}\r\n@media screen and (min-width: 768px) and (max-width: 768px) {\r\n.ptyea69f4d13bb2299 {\r\ndisplay: block;\r\n}\r\n}\r\n@media screen and (max-width: 767px) {\r\n.ptyea69f4d13bb2299 {\r\ndisplay: block;\r\n}\r\n}\r\n<\/style>\r\n\n<p><strong>Redacci\u00f3n ND58 | Fuente: Agencias<\/strong><br \/>\n<strong>Edici\u00f3n: Villasmil, Henry<\/strong><br \/>\n<strong>Gr\u00e1fica: Cortes\u00eda.<\/strong><\/p>\n<div style=\"margin-top: 0px; margin-bottom: 0px;\" class=\"sharethis-inline-share-buttons\" ><\/div>","protected":false},"excerpt":{"rendered":"<p>Venezuela celebrar\u00e1 el pr\u00f3ximo 21 de noviembre elecciones locales y regionales en medio de un escenario en el que la<\/p>\n","protected":false},"author":26,"featured_media":139262,"comment_status":"open","ping_status":"closed","sticky":false,"template":"","format":"standard","meta":{"colormag_page_container_layout":"default_layout","colormag_page_sidebar_layout":"default_layout","_uag_custom_page_level_css":"","footnotes":""},"categories":[16454],"tags":[16011,2723,24285,24286,24284,11949,233,2716,14961,10706],"class_list":["post-139261","post","type-post","status-publish","format-standard","has-post-thumbnail","hentry","category-venezuela","tag-accion-democratica","tag-cne","tag-dialogo","tag-henrique-capriles-radonsky","tag-inhabilitaciones-politicas","tag-juan-guaido","tag-nacionales","tag-politica","tag-tsj","tag-voluntad-popular"],"yoast_head":"<!-- This site is optimized with the Yoast SEO plugin v27.5 - https:\/\/yoast.com\/product\/yoast-seo-wordpress\/ -->\n<title>Enrique M\u00e1rquez: \u00abespero que el di\u00e1logo resuelva las inhabilitaciones pol\u00edticas\u00bb<\/title>\n<meta name=\"description\" content=\"Venezuela\" \/>\n<meta name=\"robots\" content=\"index, follow, max-snippet:-1, max-image-preview:large, max-video-preview:-1\" \/>\n<link rel=\"canonical\" href=\"https:\/\/digital58.com.ve\/site\/2021\/05\/17\/enrique-marquez-espero-que-el-dialogo-resuelva-las-inhabilitaciones-politicas\/\" \/>\n<meta property=\"og:locale\" content=\"es_ES\" \/>\n<meta property=\"og:type\" content=\"article\" \/>\n<meta property=\"og:title\" content=\"Enrique M\u00e1rquez: \u00abespero que el di\u00e1logo resuelva las inhabilitaciones pol\u00edticas\u00bb\" \/>\n<meta property=\"og:description\" content=\"Venezuela\" \/>\n<meta property=\"og:url\" content=\"https:\/\/digital58.com.ve\/site\/2021\/05\/17\/enrique-marquez-espero-que-el-dialogo-resuelva-las-inhabilitaciones-politicas\/\" \/>\n<meta property=\"og:site_name\" content=\"Noticias Digital58\" \/>\n<meta property=\"article:published_time\" content=\"2021-05-17T18:24:27+00:00\" \/>\n<meta property=\"og:image\" content=\"https:\/\/digital58.com.ve\/site\/wp-content\/uploads\/2021\/05\/Enrique-Ma\u0301rquez-1-1.jpg\" \/>\n\t<meta property=\"og:image:width\" content=\"892\" \/>\n\t<meta property=\"og:image:height\" content=\"501\" \/>\n\t<meta property=\"og:image:type\" content=\"image\/jpeg\" \/>\n<meta name=\"author\" content=\"Molero Luis\" \/>\n<meta name=\"twitter:card\" content=\"summary_large_image\" \/>\n<meta name=\"twitter:creator\" content=\"@Digital_58\" \/>\n<meta name=\"twitter:site\" content=\"@villasmilhfoto\" \/>\n<meta name=\"twitter:label1\" content=\"Escrito por\" \/>\n\t<meta name=\"twitter:data1\" content=\"Molero Luis\" \/>\n\t<meta name=\"twitter:label2\" content=\"Tiempo estimado de lectura\" \/>\n\t<meta name=\"twitter:data2\" content=\"3 minutos\" \/>\n<script type=\"application\/ld+json\" class=\"yoast-schema-graph\">{\"@context\":\"https:\\\/\\\/schema.org\",\"@graph\":[{\"@type\":\"Article\",\"@id\":\"https:\\\/\\\/digital58.com.ve\\\/site\\\/2021\\\/05\\\/17\\\/enrique-marquez-espero-que-el-dialogo-resuelva-las-inhabilitaciones-politicas\\\/#article\",\"isPartOf\":{\"@id\":\"https:\\\/\\\/digital58.com.ve\\\/site\\\/2021\\\/05\\\/17\\\/enrique-marquez-espero-que-el-dialogo-resuelva-las-inhabilitaciones-politicas\\\/\"},\"author\":{\"name\":\"Molero Luis\",\"@id\":\"https:\\\/\\\/digital58.com.ve\\\/site\\\/#\\\/schema\\\/person\\\/c61667ce6845137620ee3f0aaabade17\"},\"headline\":\"Enrique M\u00e1rquez: \u00abespero que el di\u00e1logo resuelva las inhabilitaciones pol\u00edticas\u00bb\",\"datePublished\":\"2021-05-17T18:24:27+00:00\",\"mainEntityOfPage\":{\"@id\":\"https:\\\/\\\/digital58.com.ve\\\/site\\\/2021\\\/05\\\/17\\\/enrique-marquez-espero-que-el-dialogo-resuelva-las-inhabilitaciones-politicas\\\/\"},\"wordCount\":510,\"commentCount\":0,\"publisher\":{\"@id\":\"https:\\\/\\\/digital58.com.ve\\\/site\\\/#\\\/schema\\\/person\\\/64d1c2e4d0d4fd1b849980c4331c2951\"},\"image\":{\"@id\":\"https:\\\/\\\/digital58.com.ve\\\/site\\\/2021\\\/05\\\/17\\\/enrique-marquez-espero-que-el-dialogo-resuelva-las-inhabilitaciones-politicas\\\/#primaryimage\"},\"thumbnailUrl\":\"https:\\\/\\\/digital58.com.ve\\\/site\\\/wp-content\\\/uploads\\\/2021\\\/05\\\/Enrique-Ma\u0301rquez-1-1.jpg\",\"keywords\":[\"Acci\u00f3n Democr\u00e1tica\",\"CNE\",\"di\u00e1logo\",\"Henrique Capriles Radonsky\",\"inhabilitaciones pol\u00edticas\",\"Juan Guaid\u00f3\",\"Nacionales\",\"Pol\u00edtica\",\"TSJ\",\"Voluntad Popular\"],\"articleSection\":[\"Venezuela\"],\"inLanguage\":\"es\",\"potentialAction\":[{\"@type\":\"CommentAction\",\"name\":\"Comment\",\"target\":[\"https:\\\/\\\/digital58.com.ve\\\/site\\\/2021\\\/05\\\/17\\\/enrique-marquez-espero-que-el-dialogo-resuelva-las-inhabilitaciones-politicas\\\/#respond\"]}]},{\"@type\":\"WebPage\",\"@id\":\"https:\\\/\\\/digital58.com.ve\\\/site\\\/2021\\\/05\\\/17\\\/enrique-marquez-espero-que-el-dialogo-resuelva-las-inhabilitaciones-politicas\\\/\",\"url\":\"https:\\\/\\\/digital58.com.ve\\\/site\\\/2021\\\/05\\\/17\\\/enrique-marquez-espero-que-el-dialogo-resuelva-las-inhabilitaciones-politicas\\\/\",\"name\":\"Enrique M\u00e1rquez: \u00abespero que el di\u00e1logo resuelva las inhabilitaciones pol\u00edticas\u00bb\",\"isPartOf\":{\"@id\":\"https:\\\/\\\/digital58.com.ve\\\/site\\\/#website\"},\"primaryImageOfPage\":{\"@id\":\"https:\\\/\\\/digital58.com.ve\\\/site\\\/2021\\\/05\\\/17\\\/enrique-marquez-espero-que-el-dialogo-resuelva-las-inhabilitaciones-politicas\\\/#primaryimage\"},\"image\":{\"@id\":\"https:\\\/\\\/digital58.com.ve\\\/site\\\/2021\\\/05\\\/17\\\/enrique-marquez-espero-que-el-dialogo-resuelva-las-inhabilitaciones-politicas\\\/#primaryimage\"},\"thumbnailUrl\":\"https:\\\/\\\/digital58.com.ve\\\/site\\\/wp-content\\\/uploads\\\/2021\\\/05\\\/Enrique-Ma\u0301rquez-1-1.jpg\",\"datePublished\":\"2021-05-17T18:24:27+00:00\",\"description\":\"Venezuela\",\"breadcrumb\":{\"@id\":\"https:\\\/\\\/digital58.com.ve\\\/site\\\/2021\\\/05\\\/17\\\/enrique-marquez-espero-que-el-dialogo-resuelva-las-inhabilitaciones-politicas\\\/#breadcrumb\"},\"inLanguage\":\"es\",\"potentialAction\":[{\"@type\":\"ReadAction\",\"target\":[\"https:\\\/\\\/digital58.com.ve\\\/site\\\/2021\\\/05\\\/17\\\/enrique-marquez-espero-que-el-dialogo-resuelva-las-inhabilitaciones-politicas\\\/\"]}]},{\"@type\":\"ImageObject\",\"inLanguage\":\"es\",\"@id\":\"https:\\\/\\\/digital58.com.ve\\\/site\\\/2021\\\/05\\\/17\\\/enrique-marquez-espero-que-el-dialogo-resuelva-las-inhabilitaciones-politicas\\\/#primaryimage\",\"url\":\"https:\\\/\\\/digital58.com.ve\\\/site\\\/wp-content\\\/uploads\\\/2021\\\/05\\\/Enrique-Ma\u0301rquez-1-1.jpg\",\"contentUrl\":\"https:\\\/\\\/digital58.com.ve\\\/site\\\/wp-content\\\/uploads\\\/2021\\\/05\\\/Enrique-Ma\u0301rquez-1-1.jpg\",\"width\":892,\"height\":501},{\"@type\":\"BreadcrumbList\",\"@id\":\"https:\\\/\\\/digital58.com.ve\\\/site\\\/2021\\\/05\\\/17\\\/enrique-marquez-espero-que-el-dialogo-resuelva-las-inhabilitaciones-politicas\\\/#breadcrumb\",\"itemListElement\":[{\"@type\":\"ListItem\",\"position\":1,\"name\":\"Home\",\"item\":\"https:\\\/\\\/digital58.com.ve\\\/site\\\/\"},{\"@type\":\"ListItem\",\"position\":2,\"name\":\"Enrique M\u00e1rquez: \u00abespero que el di\u00e1logo resuelva las inhabilitaciones pol\u00edticas\u00bb\"}]},{\"@type\":\"WebSite\",\"@id\":\"https:\\\/\\\/digital58.com.ve\\\/site\\\/#website\",\"url\":\"https:\\\/\\\/digital58.com.ve\\\/site\\\/\",\"name\":\"Noticias Digital58\",\"description\":\"Portal de Noticias \u00a1Periodismo web de verdad! Lanzamiento web 22.11.2005 \\\/ Maracaibo, Venezuela\",\"publisher\":{\"@id\":\"https:\\\/\\\/digital58.com.ve\\\/site\\\/#\\\/schema\\\/person\\\/64d1c2e4d0d4fd1b849980c4331c2951\"},\"alternateName\":\"ND58\",\"potentialAction\":[{\"@type\":\"SearchAction\",\"target\":{\"@type\":\"EntryPoint\",\"urlTemplate\":\"https:\\\/\\\/digital58.com.ve\\\/site\\\/?s={search_term_string}\"},\"query-input\":{\"@type\":\"PropertyValueSpecification\",\"valueRequired\":true,\"valueName\":\"search_term_string\"}}],\"inLanguage\":\"es\"},{\"@type\":[\"Person\",\"Organization\"],\"@id\":\"https:\\\/\\\/digital58.com.ve\\\/site\\\/#\\\/schema\\\/person\\\/64d1c2e4d0d4fd1b849980c4331c2951\",\"name\":\"Villasmil Henry\",\"image\":{\"@type\":\"ImageObject\",\"inLanguage\":\"es\",\"@id\":\"https:\\\/\\\/secure.gravatar.com\\\/avatar\\\/bb0c4a2fcb7970138239f7e404ea75757b1b507b28b5ce4c53fbd62d797c5a7c?s=96&d=mm&r=g\",\"url\":\"https:\\\/\\\/secure.gravatar.com\\\/avatar\\\/bb0c4a2fcb7970138239f7e404ea75757b1b507b28b5ce4c53fbd62d797c5a7c?s=96&d=mm&r=g\",\"contentUrl\":\"https:\\\/\\\/secure.gravatar.com\\\/avatar\\\/bb0c4a2fcb7970138239f7e404ea75757b1b507b28b5ce4c53fbd62d797c5a7c?s=96&d=mm&r=g\",\"caption\":\"Villasmil Henry\"},\"logo\":{\"@id\":\"https:\\\/\\\/secure.gravatar.com\\\/avatar\\\/bb0c4a2fcb7970138239f7e404ea75757b1b507b28b5ce4c53fbd62d797c5a7c?s=96&d=mm&r=g\"},\"sameAs\":[\"http:\\\/\\\/www.henryvillasmil.com.ve\",\"https:\\\/\\\/www.instagram.com\\\/villasmilhfoto\\\/\",\"https:\\\/\\\/x.com\\\/https:\\\/\\\/twitter.com\\\/villasmilhfoto\"]},{\"@type\":\"Person\",\"@id\":\"https:\\\/\\\/digital58.com.ve\\\/site\\\/#\\\/schema\\\/person\\\/c61667ce6845137620ee3f0aaabade17\",\"name\":\"Molero Luis\",\"image\":{\"@type\":\"ImageObject\",\"inLanguage\":\"es\",\"@id\":\"https:\\\/\\\/secure.gravatar.com\\\/avatar\\\/bf041ec637e3e7405449807deb2f7cf3d2de7c6fa755dd56e985201de9863f2b?s=96&d=mm&r=g\",\"url\":\"https:\\\/\\\/secure.gravatar.com\\\/avatar\\\/bf041ec637e3e7405449807deb2f7cf3d2de7c6fa755dd56e985201de9863f2b?s=96&d=mm&r=g\",\"contentUrl\":\"https:\\\/\\\/secure.gravatar.com\\\/avatar\\\/bf041ec637e3e7405449807deb2f7cf3d2de7c6fa755dd56e985201de9863f2b?s=96&d=mm&r=g\",\"caption\":\"Molero Luis\"},\"url\":\"https:\\\/\\\/digital58.com.ve\\\/site\\\/author\\\/luismolero\\\/\"}]}<\/script>\n<!-- \/ Yoast SEO plugin. -->","yoast_head_json":{"title":"Enrique M\u00e1rquez: \u00abespero que el di\u00e1logo resuelva las inhabilitaciones pol\u00edticas\u00bb","description":"Venezuela","robots":{"index":"index","follow":"follow","max-snippet":"max-snippet:-1","max-image-preview":"max-image-preview:large","max-video-preview":"max-video-preview:-1"},"canonical":"https:\/\/digital58.com.ve\/site\/2021\/05\/17\/enrique-marquez-espero-que-el-dialogo-resuelva-las-inhabilitaciones-politicas\/","og_locale":"es_ES","og_type":"article","og_title":"Enrique M\u00e1rquez: \u00abespero que el di\u00e1logo resuelva las inhabilitaciones pol\u00edticas\u00bb","og_description":"Venezuela","og_url":"https:\/\/digital58.com.ve\/site\/2021\/05\/17\/enrique-marquez-espero-que-el-dialogo-resuelva-las-inhabilitaciones-politicas\/","og_site_name":"Noticias Digital58","article_published_time":"2021-05-17T18:24:27+00:00","og_image":[{"width":892,"height":501,"url":"https:\/\/digital58.com.ve\/site\/wp-content\/uploads\/2021\/05\/Enrique-Ma\u0301rquez-1-1.jpg","type":"image\/jpeg"}],"author":"Molero Luis","twitter_card":"summary_large_image","twitter_creator":"@Digital_58","twitter_site":"@villasmilhfoto","twitter_misc":{"Escrito por":"Molero Luis","Tiempo estimado de lectura":"3 minutos"},"schema":{"@context":"https:\/\/schema.org","@graph":[{"@type":"Article","@id":"https:\/\/digital58.com.ve\/site\/2021\/05\/17\/enrique-marquez-espero-que-el-dialogo-resuelva-las-inhabilitaciones-politicas\/#article","isPartOf":{"@id":"https:\/\/digital58.com.ve\/site\/2021\/05\/17\/enrique-marquez-espero-que-el-dialogo-resuelva-las-inhabilitaciones-politicas\/"},"author":{"name":"Molero Luis","@id":"https:\/\/digital58.com.ve\/site\/#\/schema\/person\/c61667ce6845137620ee3f0aaabade17"},"headline":"Enrique M\u00e1rquez: \u00abespero que el di\u00e1logo resuelva las inhabilitaciones pol\u00edticas\u00bb","datePublished":"2021-05-17T18:24:27+00:00","mainEntityOfPage":{"@id":"https:\/\/digital58.com.ve\/site\/2021\/05\/17\/enrique-marquez-espero-que-el-dialogo-resuelva-las-inhabilitaciones-politicas\/"},"wordCount":510,"commentCount":0,"publisher":{"@id":"https:\/\/digital58.com.ve\/site\/#\/schema\/person\/64d1c2e4d0d4fd1b849980c4331c2951"},"image":{"@id":"https:\/\/digital58.com.ve\/site\/2021\/05\/17\/enrique-marquez-espero-que-el-dialogo-resuelva-las-inhabilitaciones-politicas\/#primaryimage"},"thumbnailUrl":"https:\/\/digital58.com.ve\/site\/wp-content\/uploads\/2021\/05\/Enrique-Ma\u0301rquez-1-1.jpg","keywords":["Acci\u00f3n Democr\u00e1tica","CNE","di\u00e1logo","Henrique Capriles Radonsky","inhabilitaciones pol\u00edticas","Juan Guaid\u00f3","Nacionales","Pol\u00edtica","TSJ","Voluntad Popular"],"articleSection":["Venezuela"],"inLanguage":"es","potentialAction":[{"@type":"CommentAction","name":"Comment","target":["https:\/\/digital58.com.ve\/site\/2021\/05\/17\/enrique-marquez-espero-que-el-dialogo-resuelva-las-inhabilitaciones-politicas\/#respond"]}]},{"@type":"WebPage","@id":"https:\/\/digital58.com.ve\/site\/2021\/05\/17\/enrique-marquez-espero-que-el-dialogo-resuelva-las-inhabilitaciones-politicas\/","url":"https:\/\/digital58.com.ve\/site\/2021\/05\/17\/enrique-marquez-espero-que-el-dialogo-resuelva-las-inhabilitaciones-politicas\/","name":"Enrique M\u00e1rquez: \u00abespero que el di\u00e1logo resuelva las inhabilitaciones pol\u00edticas\u00bb","isPartOf":{"@id":"https:\/\/digital58.com.ve\/site\/#website"},"primaryImageOfPage":{"@id":"https:\/\/digital58.com.ve\/site\/2021\/05\/17\/enrique-marquez-espero-que-el-dialogo-resuelva-las-inhabilitaciones-politicas\/#primaryimage"},"image":{"@id":"https:\/\/digital58.com.ve\/site\/2021\/05\/17\/enrique-marquez-espero-que-el-dialogo-resuelva-las-inhabilitaciones-politicas\/#primaryimage"},"thumbnailUrl":"https:\/\/digital58.com.ve\/site\/wp-content\/uploads\/2021\/05\/Enrique-Ma\u0301rquez-1-1.jpg","datePublished":"2021-05-17T18:24:27+00:00","description":"Venezuela","breadcrumb":{"@id":"https:\/\/digital58.com.ve\/site\/2021\/05\/17\/enrique-marquez-espero-que-el-dialogo-resuelva-las-inhabilitaciones-politicas\/#breadcrumb"},"inLanguage":"es","potentialAction":[{"@type":"ReadAction","target":["https:\/\/digital58.com.ve\/site\/2021\/05\/17\/enrique-marquez-espero-que-el-dialogo-resuelva-las-inhabilitaciones-politicas\/"]}]},{"@type":"ImageObject","inLanguage":"es","@id":"https:\/\/digital58.com.ve\/site\/2021\/05\/17\/enrique-marquez-espero-que-el-dialogo-resuelva-las-inhabilitaciones-politicas\/#primaryimage","url":"https:\/\/digital58.com.ve\/site\/wp-content\/uploads\/2021\/05\/Enrique-Ma\u0301rquez-1-1.jpg","contentUrl":"https:\/\/digital58.com.ve\/site\/wp-content\/uploads\/2021\/05\/Enrique-Ma\u0301rquez-1-1.jpg","width":892,"height":501},{"@type":"BreadcrumbList","@id":"https:\/\/digital58.com.ve\/site\/2021\/05\/17\/enrique-marquez-espero-que-el-dialogo-resuelva-las-inhabilitaciones-politicas\/#breadcrumb","itemListElement":[{"@type":"ListItem","position":1,"name":"Home","item":"https:\/\/digital58.com.ve\/site\/"},{"@type":"ListItem","position":2,"name":"Enrique M\u00e1rquez: \u00abespero que el di\u00e1logo resuelva las inhabilitaciones pol\u00edticas\u00bb"}]},{"@type":"WebSite","@id":"https:\/\/digital58.com.ve\/site\/#website","url":"https:\/\/digital58.com.ve\/site\/","name":"Noticias Digital58","description":"Portal de Noticias \u00a1Periodismo web de verdad! Lanzamiento web 22.11.2005 \/ Maracaibo, Venezuela","publisher":{"@id":"https:\/\/digital58.com.ve\/site\/#\/schema\/person\/64d1c2e4d0d4fd1b849980c4331c2951"},"alternateName":"ND58","potentialAction":[{"@type":"SearchAction","target":{"@type":"EntryPoint","urlTemplate":"https:\/\/digital58.com.ve\/site\/?s={search_term_string}"},"query-input":{"@type":"PropertyValueSpecification","valueRequired":true,"valueName":"search_term_string"}}],"inLanguage":"es"},{"@type":["Person","Organization"],"@id":"https:\/\/digital58.com.ve\/site\/#\/schema\/person\/64d1c2e4d0d4fd1b849980c4331c2951","name":"Villasmil Henry","image":{"@type":"ImageObject","inLanguage":"es","@id":"https:\/\/secure.gravatar.com\/avatar\/bb0c4a2fcb7970138239f7e404ea75757b1b507b28b5ce4c53fbd62d797c5a7c?s=96&d=mm&r=g","url":"https:\/\/secure.gravatar.com\/avatar\/bb0c4a2fcb7970138239f7e404ea75757b1b507b28b5ce4c53fbd62d797c5a7c?s=96&d=mm&r=g","contentUrl":"https:\/\/secure.gravatar.com\/avatar\/bb0c4a2fcb7970138239f7e404ea75757b1b507b28b5ce4c53fbd62d797c5a7c?s=96&d=mm&r=g","caption":"Villasmil Henry"},"logo":{"@id":"https:\/\/secure.gravatar.com\/avatar\/bb0c4a2fcb7970138239f7e404ea75757b1b507b28b5ce4c53fbd62d797c5a7c?s=96&d=mm&r=g"},"sameAs":["http:\/\/www.henryvillasmil.com.ve","https:\/\/www.instagram.com\/villasmilhfoto\/","https:\/\/x.com\/https:\/\/twitter.com\/villasmilhfoto"]},{"@type":"Person","@id":"https:\/\/digital58.com.ve\/site\/#\/schema\/person\/c61667ce6845137620ee3f0aaabade17","name":"Molero Luis","image":{"@type":"ImageObject","inLanguage":"es","@id":"https:\/\/secure.gravatar.com\/avatar\/bf041ec637e3e7405449807deb2f7cf3d2de7c6fa755dd56e985201de9863f2b?s=96&d=mm&r=g","url":"https:\/\/secure.gravatar.com\/avatar\/bf041ec637e3e7405449807deb2f7cf3d2de7c6fa755dd56e985201de9863f2b?s=96&d=mm&r=g","contentUrl":"https:\/\/secure.gravatar.com\/avatar\/bf041ec637e3e7405449807deb2f7cf3d2de7c6fa755dd56e985201de9863f2b?s=96&d=mm&r=g","caption":"Molero Luis"},"url":"https:\/\/digital58.com.ve\/site\/author\/luismolero\/"}]}},"uagb_featured_image_src":{"full":["https:\/\/digital58.com.ve\/site\/wp-content\/uploads\/2021\/05\/Enrique-Ma\u0301rquez-1-1.jpg",892,501,false],"thumbnail":["https:\/\/digital58.com.ve\/site\/wp-content\/uploads\/2021\/05\/Enrique-Ma\u0301rquez-1-1-150x150.jpg",150,150,true],"medium":["https:\/\/digital58.com.ve\/site\/wp-content\/uploads\/2021\/05\/Enrique-Ma\u0301rquez-1-1-300x168.jpg",300,168,true],"medium_large":["https:\/\/digital58.com.ve\/site\/wp-content\/uploads\/2021\/05\/Enrique-Ma\u0301rquez-1-1-768x431.jpg",768,431,true],"large":["https:\/\/digital58.com.ve\/site\/wp-content\/uploads\/2021\/05\/Enrique-Ma\u0301rquez-1-1.jpg",800,449,false],"1536x1536":["https:\/\/digital58.com.ve\/site\/wp-content\/uploads\/2021\/05\/Enrique-Ma\u0301rquez-1-1.jpg",892,501,false],"2048x2048":["https:\/\/digital58.com.ve\/site\/wp-content\/uploads\/2021\/05\/Enrique-Ma\u0301rquez-1-1.jpg",892,501,false],"colormag-highlighted-post":["https:\/\/digital58.com.ve\/site\/wp-content\/uploads\/2021\/05\/Enrique-Ma\u0301rquez-1-1.jpg",392,220,false],"colormag-featured-post-medium":["https:\/\/digital58.com.ve\/site\/wp-content\/uploads\/2021\/05\/Enrique-Ma\u0301rquez-1-1.jpg",365,205,false],"colormag-featured-post-small":["https:\/\/digital58.com.ve\/site\/wp-content\/uploads\/2021\/05\/Enrique-Ma\u0301rquez-1-1.jpg",130,73,false],"colormag-featured-image":["https:\/\/digital58.com.ve\/site\/wp-content\/uploads\/2021\/05\/Enrique-Ma\u0301rquez-1-1.jpg",792,445,false],"colormag-default-news":["https:\/\/digital58.com.ve\/site\/wp-content\/uploads\/2021\/05\/Enrique-Ma\u0301rquez-1-1.jpg",150,84,false],"colormag-featured-image-large":["https:\/\/digital58.com.ve\/site\/wp-content\/uploads\/2021\/05\/Enrique-Ma\u0301rquez-1-1.jpg",892,501,false]},"uagb_author_info":{"display_name":"Molero Luis","author_link":"https:\/\/digital58.com.ve\/site\/author\/luismolero\/"},"uagb_comment_info":0,"uagb_excerpt":"Venezuela celebrar\u00e1 el pr\u00f3ximo 21 de noviembre elecciones locales y regionales en medio de un escenario en el que la","_links":{"self":[{"href":"https:\/\/digital58.com.ve\/site\/wp-json\/wp\/v2\/posts\/139261","targetHints":{"allow":["GET"]}}],"collection":[{"href":"https:\/\/digital58.com.ve\/site\/wp-json\/wp\/v2\/posts"}],"about":[{"href":"https:\/\/digital58.com.ve\/site\/wp-json\/wp\/v2\/types\/post"}],"author":[{"embeddable":true,"href":"https:\/\/digital58.com.ve\/site\/wp-json\/wp\/v2\/users\/26"}],"replies":[{"embeddable":true,"href":"https:\/\/digital58.com.ve\/site\/wp-json\/wp\/v2\/comments?post=139261"}],"version-history":[{"count":0,"href":"https:\/\/digital58.com.ve\/site\/wp-json\/wp\/v2\/posts\/139261\/revisions"}],"wp:featuredmedia":[{"embeddable":true,"href":"https:\/\/digital58.com.ve\/site\/wp-json\/wp\/v2\/media\/139262"}],"wp:attachment":[{"href":"https:\/\/digital58.com.ve\/site\/wp-json\/wp\/v2\/media?parent=139261"}],"wp:term":[{"taxonomy":"category","embeddable":true,"href":"https:\/\/digital58.com.ve\/site\/wp-json\/wp\/v2\/categories?post=139261"},{"taxonomy":"post_tag","embeddable":true,"href":"https:\/\/digital58.com.ve\/site\/wp-json\/wp\/v2\/tags?post=139261"}],"curies":[{"name":"wp","href":"https:\/\/api.w.org\/{rel}","templated":true}]}}