{"id":139397,"date":"2021-05-22T21:30:29","date_gmt":"2021-05-23T01:30:29","guid":{"rendered":"https:\/\/digital58.com.ve\/site\/?p=139397"},"modified":"2021-05-22T21:30:29","modified_gmt":"2021-05-23T01:30:29","slug":"yulimar-rojas-logra-salto-1543-metros-y-quedo-a-siete-centimetros-de-tumbar-la-marca-mundial-de-1550","status":"publish","type":"post","link":"https:\/\/digital58.com.ve\/site\/2021\/05\/22\/yulimar-rojas-logra-salto-1543-metros-y-quedo-a-siete-centimetros-de-tumbar-la-marca-mundial-de-1550\/","title":{"rendered":"Yulimar Rojas logra salto 15,43 metros y qued\u00f3 a siete cent\u00edmetros de tumbar la marca mundial de 15,50"},"content":{"rendered":"<p><img loading=\"lazy\" decoding=\"async\" class=\"aligncenter wp-image-139398 size-full\" src=\"https:\/\/digital58.com.ve\/site\/wp-content\/uploads\/2021\/05\/yulimar_rojas_revalida_oro_mundial_con_salto_de_15_2C37_metros_en_doha.jpg\" alt=\"\" width=\"1320\" height=\"900\" srcset=\"https:\/\/digital58.com.ve\/site\/wp-content\/uploads\/2021\/05\/yulimar_rojas_revalida_oro_mundial_con_salto_de_15_2C37_metros_en_doha.jpg 800w, https:\/\/digital58.com.ve\/site\/wp-content\/uploads\/2021\/05\/yulimar_rojas_revalida_oro_mundial_con_salto_de_15_2C37_metros_en_doha-300x205.jpg 300w, https:\/\/digital58.com.ve\/site\/wp-content\/uploads\/2021\/05\/yulimar_rojas_revalida_oro_mundial_con_salto_de_15_2C37_metros_en_doha-768x524.jpg 768w\" sizes=\"auto, (max-width: 1320px) 100vw, 1320px\" \/><\/p>\n<p>Yulimar Rojas sigue imponiendo marcas personales como saltadora de saltos triples.<\/p>\n<p><strong>Internacional, 22 de mayo de 2021 (ND58).-<\/strong>\u00a0 La saltadora triple venezolana Yulimar Rojas logr\u00f3 esta noche en el Mitin Ja\u00e9n Para\u00edso Interior la segunda mejor marca de la historia al aire libre en triple salto con una marca de 15,43 metros, a solo siete cent\u00edmetros del r\u00e9cord de la ucraniana Inessa Kravets con 15,50<\/p>\n<p>Rojas ya lleg\u00f3 a los 15,41 metros hace dos a\u00f1os en And\u00fajar (Ja\u00e9n) antes de conseguir su segundo t\u00edtulo mundial en Doha (Catar).<\/p><div class=\"mvstg69f1bce9552e5\" ><p style=\"text-align: center;\"><a href=\"https:\/\/t.me\/noticiasdigital58\" target=\"_blank\" rel=\"noopener\"><img class=\"aligncenter size-full wp-image-125363\" src=\"https:\/\/digital58.com.ve\/site\/wp-content\/uploads\/2021\/04\/banner-telegram-web-2021.png\" alt=\"\" width=\"600\" height=\"90\" \/><\/a><\/p><\/div><style type=\"text\/css\">\r\n@media screen and (min-width: 1201px) {\r\n.mvstg69f1bce9552e5 {\r\ndisplay: block;\r\n}\r\n}\r\n@media screen and (min-width: 993px) and (max-width: 1200px) {\r\n.mvstg69f1bce9552e5 {\r\ndisplay: block;\r\n}\r\n}\r\n@media screen and (min-width: 769px) and (max-width: 992px) {\r\n.mvstg69f1bce9552e5 {\r\ndisplay: block;\r\n}\r\n}\r\n@media screen and (min-width: 768px) and (max-width: 768px) {\r\n.mvstg69f1bce9552e5 {\r\ndisplay: block;\r\n}\r\n}\r\n@media screen and (max-width: 767px) {\r\n.mvstg69f1bce9552e5 {\r\ndisplay: block;\r\n}\r\n}\r\n<\/style>\r\n\n<p><strong>Redacci\u00f3n ND58 | Fuente: Agencias<\/strong><br \/>\n<strong>Edici\u00f3n: Villasmil, Henry<\/strong><br \/>\n<strong>Gr\u00e1fica: Cortes\u00eda.<\/strong><\/p>\n<div style=\"margin-top: 0px; margin-bottom: 0px;\" class=\"sharethis-inline-share-buttons\" ><\/div>","protected":false},"excerpt":{"rendered":"<p>Yulimar Rojas sigue imponiendo marcas personales como saltadora de saltos triples. Internacional, 22 de mayo de 2021 (ND58).-\u00a0 La saltadora<\/p>\n","protected":false},"author":26,"featured_media":139398,"comment_status":"open","ping_status":"closed","sticky":false,"template":"","format":"standard","meta":{"colormag_page_container_layout":"default_layout","colormag_page_sidebar_layout":"default_layout","_uag_custom_page_level_css":"","footnotes":""},"categories":[5402],"tags":[2581,8418,24313,5629,5628],"class_list":["post-139397","post","type-post","status-publish","format-standard","has-post-thumbnail","hentry","category-deportes","tag-atletismo","tag-atletismo-internacional","tag-inessa-kravets","tag-salto-triple","tag-yulimar-rojas"],"yoast_head":"<!-- This site is optimized with the Yoast SEO plugin v27.5 - https:\/\/yoast.com\/product\/yoast-seo-wordpress\/ -->\n<title>Yulimar Rojas logra salto 15,43 metros y qued\u00f3 a siete cent\u00edmetros de tumbar la marca mundial de 15,50<\/title>\n<meta name=\"description\" content=\"Deportes\" \/>\n<meta name=\"robots\" content=\"index, follow, max-snippet:-1, max-image-preview:large, max-video-preview:-1\" \/>\n<link rel=\"canonical\" href=\"https:\/\/digital58.com.ve\/site\/2021\/05\/22\/yulimar-rojas-logra-salto-1543-metros-y-quedo-a-siete-centimetros-de-tumbar-la-marca-mundial-de-1550\/\" \/>\n<meta property=\"og:locale\" content=\"es_ES\" \/>\n<meta property=\"og:type\" content=\"article\" \/>\n<meta property=\"og:title\" content=\"Yulimar Rojas logra salto 15,43 metros y qued\u00f3 a siete cent\u00edmetros de tumbar la marca mundial de 15,50\" \/>\n<meta property=\"og:description\" content=\"Deportes\" \/>\n<meta property=\"og:url\" content=\"https:\/\/digital58.com.ve\/site\/2021\/05\/22\/yulimar-rojas-logra-salto-1543-metros-y-quedo-a-siete-centimetros-de-tumbar-la-marca-mundial-de-1550\/\" \/>\n<meta property=\"og:site_name\" content=\"Noticias Digital58\" \/>\n<meta property=\"article:published_time\" content=\"2021-05-23T01:30:29+00:00\" \/>\n<meta property=\"og:image\" content=\"https:\/\/digital58.com.ve\/site\/wp-content\/uploads\/2021\/05\/yulimar_rojas_revalida_oro_mundial_con_salto_de_15_2C37_metros_en_doha.jpg\" \/>\n\t<meta property=\"og:image:width\" content=\"1320\" \/>\n\t<meta property=\"og:image:height\" content=\"900\" \/>\n\t<meta property=\"og:image:type\" content=\"image\/jpeg\" \/>\n<meta name=\"author\" content=\"Molero Luis\" \/>\n<meta name=\"twitter:card\" content=\"summary_large_image\" \/>\n<meta name=\"twitter:creator\" content=\"@Digital_58\" \/>\n<meta name=\"twitter:site\" content=\"@villasmilhfoto\" \/>\n<meta name=\"twitter:label1\" content=\"Escrito por\" \/>\n\t<meta name=\"twitter:data1\" content=\"Molero Luis\" \/>\n\t<meta name=\"twitter:label2\" content=\"Tiempo estimado de lectura\" \/>\n\t<meta name=\"twitter:data2\" content=\"1 minuto\" \/>\n<script type=\"application\/ld+json\" class=\"yoast-schema-graph\">{\"@context\":\"https:\\\/\\\/schema.org\",\"@graph\":[{\"@type\":\"Article\",\"@id\":\"https:\\\/\\\/digital58.com.ve\\\/site\\\/2021\\\/05\\\/22\\\/yulimar-rojas-logra-salto-1543-metros-y-quedo-a-siete-centimetros-de-tumbar-la-marca-mundial-de-1550\\\/#article\",\"isPartOf\":{\"@id\":\"https:\\\/\\\/digital58.com.ve\\\/site\\\/2021\\\/05\\\/22\\\/yulimar-rojas-logra-salto-1543-metros-y-quedo-a-siete-centimetros-de-tumbar-la-marca-mundial-de-1550\\\/\"},\"author\":{\"name\":\"Molero Luis\",\"@id\":\"https:\\\/\\\/digital58.com.ve\\\/site\\\/#\\\/schema\\\/person\\\/c61667ce6845137620ee3f0aaabade17\"},\"headline\":\"Yulimar Rojas logra salto 15,43 metros y qued\u00f3 a siete cent\u00edmetros de tumbar la marca mundial de 15,50\",\"datePublished\":\"2021-05-23T01:30:29+00:00\",\"mainEntityOfPage\":{\"@id\":\"https:\\\/\\\/digital58.com.ve\\\/site\\\/2021\\\/05\\\/22\\\/yulimar-rojas-logra-salto-1543-metros-y-quedo-a-siete-centimetros-de-tumbar-la-marca-mundial-de-1550\\\/\"},\"wordCount\":122,\"commentCount\":0,\"publisher\":{\"@id\":\"https:\\\/\\\/digital58.com.ve\\\/site\\\/#\\\/schema\\\/person\\\/64d1c2e4d0d4fd1b849980c4331c2951\"},\"image\":{\"@id\":\"https:\\\/\\\/digital58.com.ve\\\/site\\\/2021\\\/05\\\/22\\\/yulimar-rojas-logra-salto-1543-metros-y-quedo-a-siete-centimetros-de-tumbar-la-marca-mundial-de-1550\\\/#primaryimage\"},\"thumbnailUrl\":\"https:\\\/\\\/digital58.com.ve\\\/site\\\/wp-content\\\/uploads\\\/2021\\\/05\\\/yulimar_rojas_revalida_oro_mundial_con_salto_de_15_2C37_metros_en_doha.jpg\",\"keywords\":[\"Atletismo\",\"Atletismo Internacional\",\"Inessa Kravets\",\"Salto Triple\",\"Yulimar Rojas\"],\"articleSection\":[\"Deportes\"],\"inLanguage\":\"es\",\"potentialAction\":[{\"@type\":\"CommentAction\",\"name\":\"Comment\",\"target\":[\"https:\\\/\\\/digital58.com.ve\\\/site\\\/2021\\\/05\\\/22\\\/yulimar-rojas-logra-salto-1543-metros-y-quedo-a-siete-centimetros-de-tumbar-la-marca-mundial-de-1550\\\/#respond\"]}]},{\"@type\":\"WebPage\",\"@id\":\"https:\\\/\\\/digital58.com.ve\\\/site\\\/2021\\\/05\\\/22\\\/yulimar-rojas-logra-salto-1543-metros-y-quedo-a-siete-centimetros-de-tumbar-la-marca-mundial-de-1550\\\/\",\"url\":\"https:\\\/\\\/digital58.com.ve\\\/site\\\/2021\\\/05\\\/22\\\/yulimar-rojas-logra-salto-1543-metros-y-quedo-a-siete-centimetros-de-tumbar-la-marca-mundial-de-1550\\\/\",\"name\":\"Yulimar Rojas logra salto 15,43 metros y qued\u00f3 a siete cent\u00edmetros de tumbar la marca mundial de 15,50\",\"isPartOf\":{\"@id\":\"https:\\\/\\\/digital58.com.ve\\\/site\\\/#website\"},\"primaryImageOfPage\":{\"@id\":\"https:\\\/\\\/digital58.com.ve\\\/site\\\/2021\\\/05\\\/22\\\/yulimar-rojas-logra-salto-1543-metros-y-quedo-a-siete-centimetros-de-tumbar-la-marca-mundial-de-1550\\\/#primaryimage\"},\"image\":{\"@id\":\"https:\\\/\\\/digital58.com.ve\\\/site\\\/2021\\\/05\\\/22\\\/yulimar-rojas-logra-salto-1543-metros-y-quedo-a-siete-centimetros-de-tumbar-la-marca-mundial-de-1550\\\/#primaryimage\"},\"thumbnailUrl\":\"https:\\\/\\\/digital58.com.ve\\\/site\\\/wp-content\\\/uploads\\\/2021\\\/05\\\/yulimar_rojas_revalida_oro_mundial_con_salto_de_15_2C37_metros_en_doha.jpg\",\"datePublished\":\"2021-05-23T01:30:29+00:00\",\"description\":\"Deportes\",\"breadcrumb\":{\"@id\":\"https:\\\/\\\/digital58.com.ve\\\/site\\\/2021\\\/05\\\/22\\\/yulimar-rojas-logra-salto-1543-metros-y-quedo-a-siete-centimetros-de-tumbar-la-marca-mundial-de-1550\\\/#breadcrumb\"},\"inLanguage\":\"es\",\"potentialAction\":[{\"@type\":\"ReadAction\",\"target\":[\"https:\\\/\\\/digital58.com.ve\\\/site\\\/2021\\\/05\\\/22\\\/yulimar-rojas-logra-salto-1543-metros-y-quedo-a-siete-centimetros-de-tumbar-la-marca-mundial-de-1550\\\/\"]}]},{\"@type\":\"ImageObject\",\"inLanguage\":\"es\",\"@id\":\"https:\\\/\\\/digital58.com.ve\\\/site\\\/2021\\\/05\\\/22\\\/yulimar-rojas-logra-salto-1543-metros-y-quedo-a-siete-centimetros-de-tumbar-la-marca-mundial-de-1550\\\/#primaryimage\",\"url\":\"https:\\\/\\\/digital58.com.ve\\\/site\\\/wp-content\\\/uploads\\\/2021\\\/05\\\/yulimar_rojas_revalida_oro_mundial_con_salto_de_15_2C37_metros_en_doha.jpg\",\"contentUrl\":\"https:\\\/\\\/digital58.com.ve\\\/site\\\/wp-content\\\/uploads\\\/2021\\\/05\\\/yulimar_rojas_revalida_oro_mundial_con_salto_de_15_2C37_metros_en_doha.jpg\",\"width\":800,\"height\":545},{\"@type\":\"BreadcrumbList\",\"@id\":\"https:\\\/\\\/digital58.com.ve\\\/site\\\/2021\\\/05\\\/22\\\/yulimar-rojas-logra-salto-1543-metros-y-quedo-a-siete-centimetros-de-tumbar-la-marca-mundial-de-1550\\\/#breadcrumb\",\"itemListElement\":[{\"@type\":\"ListItem\",\"position\":1,\"name\":\"Home\",\"item\":\"https:\\\/\\\/digital58.com.ve\\\/site\\\/\"},{\"@type\":\"ListItem\",\"position\":2,\"name\":\"Yulimar Rojas logra salto 15,43 metros y qued\u00f3 a siete cent\u00edmetros de tumbar la marca mundial de 15,50\"}]},{\"@type\":\"WebSite\",\"@id\":\"https:\\\/\\\/digital58.com.ve\\\/site\\\/#website\",\"url\":\"https:\\\/\\\/digital58.com.ve\\\/site\\\/\",\"name\":\"Noticias Digital58\",\"description\":\"Portal de Noticias \u00a1Periodismo web de verdad! Lanzamiento web 22.11.2005 \\\/ Maracaibo, Venezuela\",\"publisher\":{\"@id\":\"https:\\\/\\\/digital58.com.ve\\\/site\\\/#\\\/schema\\\/person\\\/64d1c2e4d0d4fd1b849980c4331c2951\"},\"alternateName\":\"ND58\",\"potentialAction\":[{\"@type\":\"SearchAction\",\"target\":{\"@type\":\"EntryPoint\",\"urlTemplate\":\"https:\\\/\\\/digital58.com.ve\\\/site\\\/?s={search_term_string}\"},\"query-input\":{\"@type\":\"PropertyValueSpecification\",\"valueRequired\":true,\"valueName\":\"search_term_string\"}}],\"inLanguage\":\"es\"},{\"@type\":[\"Person\",\"Organization\"],\"@id\":\"https:\\\/\\\/digital58.com.ve\\\/site\\\/#\\\/schema\\\/person\\\/64d1c2e4d0d4fd1b849980c4331c2951\",\"name\":\"Villasmil Henry\",\"image\":{\"@type\":\"ImageObject\",\"inLanguage\":\"es\",\"@id\":\"https:\\\/\\\/secure.gravatar.com\\\/avatar\\\/bb0c4a2fcb7970138239f7e404ea75757b1b507b28b5ce4c53fbd62d797c5a7c?s=96&d=mm&r=g\",\"url\":\"https:\\\/\\\/secure.gravatar.com\\\/avatar\\\/bb0c4a2fcb7970138239f7e404ea75757b1b507b28b5ce4c53fbd62d797c5a7c?s=96&d=mm&r=g\",\"contentUrl\":\"https:\\\/\\\/secure.gravatar.com\\\/avatar\\\/bb0c4a2fcb7970138239f7e404ea75757b1b507b28b5ce4c53fbd62d797c5a7c?s=96&d=mm&r=g\",\"caption\":\"Villasmil Henry\"},\"logo\":{\"@id\":\"https:\\\/\\\/secure.gravatar.com\\\/avatar\\\/bb0c4a2fcb7970138239f7e404ea75757b1b507b28b5ce4c53fbd62d797c5a7c?s=96&d=mm&r=g\"},\"sameAs\":[\"http:\\\/\\\/www.henryvillasmil.com.ve\",\"https:\\\/\\\/www.instagram.com\\\/villasmilhfoto\\\/\",\"https:\\\/\\\/x.com\\\/https:\\\/\\\/twitter.com\\\/villasmilhfoto\"]},{\"@type\":\"Person\",\"@id\":\"https:\\\/\\\/digital58.com.ve\\\/site\\\/#\\\/schema\\\/person\\\/c61667ce6845137620ee3f0aaabade17\",\"name\":\"Molero Luis\",\"image\":{\"@type\":\"ImageObject\",\"inLanguage\":\"es\",\"@id\":\"https:\\\/\\\/secure.gravatar.com\\\/avatar\\\/bf041ec637e3e7405449807deb2f7cf3d2de7c6fa755dd56e985201de9863f2b?s=96&d=mm&r=g\",\"url\":\"https:\\\/\\\/secure.gravatar.com\\\/avatar\\\/bf041ec637e3e7405449807deb2f7cf3d2de7c6fa755dd56e985201de9863f2b?s=96&d=mm&r=g\",\"contentUrl\":\"https:\\\/\\\/secure.gravatar.com\\\/avatar\\\/bf041ec637e3e7405449807deb2f7cf3d2de7c6fa755dd56e985201de9863f2b?s=96&d=mm&r=g\",\"caption\":\"Molero Luis\"},\"url\":\"https:\\\/\\\/digital58.com.ve\\\/site\\\/author\\\/luismolero\\\/\"}]}<\/script>\n<!-- \/ Yoast SEO plugin. -->","yoast_head_json":{"title":"Yulimar Rojas logra salto 15,43 metros y qued\u00f3 a siete cent\u00edmetros de tumbar la marca mundial de 15,50","description":"Deportes","robots":{"index":"index","follow":"follow","max-snippet":"max-snippet:-1","max-image-preview":"max-image-preview:large","max-video-preview":"max-video-preview:-1"},"canonical":"https:\/\/digital58.com.ve\/site\/2021\/05\/22\/yulimar-rojas-logra-salto-1543-metros-y-quedo-a-siete-centimetros-de-tumbar-la-marca-mundial-de-1550\/","og_locale":"es_ES","og_type":"article","og_title":"Yulimar Rojas logra salto 15,43 metros y qued\u00f3 a siete cent\u00edmetros de tumbar la marca mundial de 15,50","og_description":"Deportes","og_url":"https:\/\/digital58.com.ve\/site\/2021\/05\/22\/yulimar-rojas-logra-salto-1543-metros-y-quedo-a-siete-centimetros-de-tumbar-la-marca-mundial-de-1550\/","og_site_name":"Noticias Digital58","article_published_time":"2021-05-23T01:30:29+00:00","og_image":[{"width":1320,"height":900,"url":"https:\/\/digital58.com.ve\/site\/wp-content\/uploads\/2021\/05\/yulimar_rojas_revalida_oro_mundial_con_salto_de_15_2C37_metros_en_doha.jpg","type":"image\/jpeg"}],"author":"Molero Luis","twitter_card":"summary_large_image","twitter_creator":"@Digital_58","twitter_site":"@villasmilhfoto","twitter_misc":{"Escrito por":"Molero Luis","Tiempo estimado de lectura":"1 minuto"},"schema":{"@context":"https:\/\/schema.org","@graph":[{"@type":"Article","@id":"https:\/\/digital58.com.ve\/site\/2021\/05\/22\/yulimar-rojas-logra-salto-1543-metros-y-quedo-a-siete-centimetros-de-tumbar-la-marca-mundial-de-1550\/#article","isPartOf":{"@id":"https:\/\/digital58.com.ve\/site\/2021\/05\/22\/yulimar-rojas-logra-salto-1543-metros-y-quedo-a-siete-centimetros-de-tumbar-la-marca-mundial-de-1550\/"},"author":{"name":"Molero Luis","@id":"https:\/\/digital58.com.ve\/site\/#\/schema\/person\/c61667ce6845137620ee3f0aaabade17"},"headline":"Yulimar Rojas logra salto 15,43 metros y qued\u00f3 a siete cent\u00edmetros de tumbar la marca mundial de 15,50","datePublished":"2021-05-23T01:30:29+00:00","mainEntityOfPage":{"@id":"https:\/\/digital58.com.ve\/site\/2021\/05\/22\/yulimar-rojas-logra-salto-1543-metros-y-quedo-a-siete-centimetros-de-tumbar-la-marca-mundial-de-1550\/"},"wordCount":122,"commentCount":0,"publisher":{"@id":"https:\/\/digital58.com.ve\/site\/#\/schema\/person\/64d1c2e4d0d4fd1b849980c4331c2951"},"image":{"@id":"https:\/\/digital58.com.ve\/site\/2021\/05\/22\/yulimar-rojas-logra-salto-1543-metros-y-quedo-a-siete-centimetros-de-tumbar-la-marca-mundial-de-1550\/#primaryimage"},"thumbnailUrl":"https:\/\/digital58.com.ve\/site\/wp-content\/uploads\/2021\/05\/yulimar_rojas_revalida_oro_mundial_con_salto_de_15_2C37_metros_en_doha.jpg","keywords":["Atletismo","Atletismo Internacional","Inessa Kravets","Salto Triple","Yulimar Rojas"],"articleSection":["Deportes"],"inLanguage":"es","potentialAction":[{"@type":"CommentAction","name":"Comment","target":["https:\/\/digital58.com.ve\/site\/2021\/05\/22\/yulimar-rojas-logra-salto-1543-metros-y-quedo-a-siete-centimetros-de-tumbar-la-marca-mundial-de-1550\/#respond"]}]},{"@type":"WebPage","@id":"https:\/\/digital58.com.ve\/site\/2021\/05\/22\/yulimar-rojas-logra-salto-1543-metros-y-quedo-a-siete-centimetros-de-tumbar-la-marca-mundial-de-1550\/","url":"https:\/\/digital58.com.ve\/site\/2021\/05\/22\/yulimar-rojas-logra-salto-1543-metros-y-quedo-a-siete-centimetros-de-tumbar-la-marca-mundial-de-1550\/","name":"Yulimar Rojas logra salto 15,43 metros y qued\u00f3 a siete cent\u00edmetros de tumbar la marca mundial de 15,50","isPartOf":{"@id":"https:\/\/digital58.com.ve\/site\/#website"},"primaryImageOfPage":{"@id":"https:\/\/digital58.com.ve\/site\/2021\/05\/22\/yulimar-rojas-logra-salto-1543-metros-y-quedo-a-siete-centimetros-de-tumbar-la-marca-mundial-de-1550\/#primaryimage"},"image":{"@id":"https:\/\/digital58.com.ve\/site\/2021\/05\/22\/yulimar-rojas-logra-salto-1543-metros-y-quedo-a-siete-centimetros-de-tumbar-la-marca-mundial-de-1550\/#primaryimage"},"thumbnailUrl":"https:\/\/digital58.com.ve\/site\/wp-content\/uploads\/2021\/05\/yulimar_rojas_revalida_oro_mundial_con_salto_de_15_2C37_metros_en_doha.jpg","datePublished":"2021-05-23T01:30:29+00:00","description":"Deportes","breadcrumb":{"@id":"https:\/\/digital58.com.ve\/site\/2021\/05\/22\/yulimar-rojas-logra-salto-1543-metros-y-quedo-a-siete-centimetros-de-tumbar-la-marca-mundial-de-1550\/#breadcrumb"},"inLanguage":"es","potentialAction":[{"@type":"ReadAction","target":["https:\/\/digital58.com.ve\/site\/2021\/05\/22\/yulimar-rojas-logra-salto-1543-metros-y-quedo-a-siete-centimetros-de-tumbar-la-marca-mundial-de-1550\/"]}]},{"@type":"ImageObject","inLanguage":"es","@id":"https:\/\/digital58.com.ve\/site\/2021\/05\/22\/yulimar-rojas-logra-salto-1543-metros-y-quedo-a-siete-centimetros-de-tumbar-la-marca-mundial-de-1550\/#primaryimage","url":"https:\/\/digital58.com.ve\/site\/wp-content\/uploads\/2021\/05\/yulimar_rojas_revalida_oro_mundial_con_salto_de_15_2C37_metros_en_doha.jpg","contentUrl":"https:\/\/digital58.com.ve\/site\/wp-content\/uploads\/2021\/05\/yulimar_rojas_revalida_oro_mundial_con_salto_de_15_2C37_metros_en_doha.jpg","width":800,"height":545},{"@type":"BreadcrumbList","@id":"https:\/\/digital58.com.ve\/site\/2021\/05\/22\/yulimar-rojas-logra-salto-1543-metros-y-quedo-a-siete-centimetros-de-tumbar-la-marca-mundial-de-1550\/#breadcrumb","itemListElement":[{"@type":"ListItem","position":1,"name":"Home","item":"https:\/\/digital58.com.ve\/site\/"},{"@type":"ListItem","position":2,"name":"Yulimar Rojas logra salto 15,43 metros y qued\u00f3 a siete cent\u00edmetros de tumbar la marca mundial de 15,50"}]},{"@type":"WebSite","@id":"https:\/\/digital58.com.ve\/site\/#website","url":"https:\/\/digital58.com.ve\/site\/","name":"Noticias Digital58","description":"Portal de Noticias \u00a1Periodismo web de verdad! Lanzamiento web 22.11.2005 \/ Maracaibo, Venezuela","publisher":{"@id":"https:\/\/digital58.com.ve\/site\/#\/schema\/person\/64d1c2e4d0d4fd1b849980c4331c2951"},"alternateName":"ND58","potentialAction":[{"@type":"SearchAction","target":{"@type":"EntryPoint","urlTemplate":"https:\/\/digital58.com.ve\/site\/?s={search_term_string}"},"query-input":{"@type":"PropertyValueSpecification","valueRequired":true,"valueName":"search_term_string"}}],"inLanguage":"es"},{"@type":["Person","Organization"],"@id":"https:\/\/digital58.com.ve\/site\/#\/schema\/person\/64d1c2e4d0d4fd1b849980c4331c2951","name":"Villasmil Henry","image":{"@type":"ImageObject","inLanguage":"es","@id":"https:\/\/secure.gravatar.com\/avatar\/bb0c4a2fcb7970138239f7e404ea75757b1b507b28b5ce4c53fbd62d797c5a7c?s=96&d=mm&r=g","url":"https:\/\/secure.gravatar.com\/avatar\/bb0c4a2fcb7970138239f7e404ea75757b1b507b28b5ce4c53fbd62d797c5a7c?s=96&d=mm&r=g","contentUrl":"https:\/\/secure.gravatar.com\/avatar\/bb0c4a2fcb7970138239f7e404ea75757b1b507b28b5ce4c53fbd62d797c5a7c?s=96&d=mm&r=g","caption":"Villasmil Henry"},"logo":{"@id":"https:\/\/secure.gravatar.com\/avatar\/bb0c4a2fcb7970138239f7e404ea75757b1b507b28b5ce4c53fbd62d797c5a7c?s=96&d=mm&r=g"},"sameAs":["http:\/\/www.henryvillasmil.com.ve","https:\/\/www.instagram.com\/villasmilhfoto\/","https:\/\/x.com\/https:\/\/twitter.com\/villasmilhfoto"]},{"@type":"Person","@id":"https:\/\/digital58.com.ve\/site\/#\/schema\/person\/c61667ce6845137620ee3f0aaabade17","name":"Molero Luis","image":{"@type":"ImageObject","inLanguage":"es","@id":"https:\/\/secure.gravatar.com\/avatar\/bf041ec637e3e7405449807deb2f7cf3d2de7c6fa755dd56e985201de9863f2b?s=96&d=mm&r=g","url":"https:\/\/secure.gravatar.com\/avatar\/bf041ec637e3e7405449807deb2f7cf3d2de7c6fa755dd56e985201de9863f2b?s=96&d=mm&r=g","contentUrl":"https:\/\/secure.gravatar.com\/avatar\/bf041ec637e3e7405449807deb2f7cf3d2de7c6fa755dd56e985201de9863f2b?s=96&d=mm&r=g","caption":"Molero Luis"},"url":"https:\/\/digital58.com.ve\/site\/author\/luismolero\/"}]}},"uagb_featured_image_src":{"full":["https:\/\/digital58.com.ve\/site\/wp-content\/uploads\/2021\/05\/yulimar_rojas_revalida_oro_mundial_con_salto_de_15_2C37_metros_en_doha.jpg",800,545,false],"thumbnail":["https:\/\/digital58.com.ve\/site\/wp-content\/uploads\/2021\/05\/yulimar_rojas_revalida_oro_mundial_con_salto_de_15_2C37_metros_en_doha-150x150.jpg",150,150,true],"medium":["https:\/\/digital58.com.ve\/site\/wp-content\/uploads\/2021\/05\/yulimar_rojas_revalida_oro_mundial_con_salto_de_15_2C37_metros_en_doha-300x205.jpg",300,205,true],"medium_large":["https:\/\/digital58.com.ve\/site\/wp-content\/uploads\/2021\/05\/yulimar_rojas_revalida_oro_mundial_con_salto_de_15_2C37_metros_en_doha-768x524.jpg",768,524,true],"large":["https:\/\/digital58.com.ve\/site\/wp-content\/uploads\/2021\/05\/yulimar_rojas_revalida_oro_mundial_con_salto_de_15_2C37_metros_en_doha.jpg",800,545,false],"1536x1536":["https:\/\/digital58.com.ve\/site\/wp-content\/uploads\/2021\/05\/yulimar_rojas_revalida_oro_mundial_con_salto_de_15_2C37_metros_en_doha.jpg",800,545,false],"2048x2048":["https:\/\/digital58.com.ve\/site\/wp-content\/uploads\/2021\/05\/yulimar_rojas_revalida_oro_mundial_con_salto_de_15_2C37_metros_en_doha.jpg",800,545,false],"colormag-highlighted-post":["https:\/\/digital58.com.ve\/site\/wp-content\/uploads\/2021\/05\/yulimar_rojas_revalida_oro_mundial_con_salto_de_15_2C37_metros_en_doha.jpg",392,267,false],"colormag-featured-post-medium":["https:\/\/digital58.com.ve\/site\/wp-content\/uploads\/2021\/05\/yulimar_rojas_revalida_oro_mundial_con_salto_de_15_2C37_metros_en_doha.jpg",301,205,false],"colormag-featured-post-small":["https:\/\/digital58.com.ve\/site\/wp-content\/uploads\/2021\/05\/yulimar_rojas_revalida_oro_mundial_con_salto_de_15_2C37_metros_en_doha.jpg",130,90,false],"colormag-featured-image":["https:\/\/digital58.com.ve\/site\/wp-content\/uploads\/2021\/05\/yulimar_rojas_revalida_oro_mundial_con_salto_de_15_2C37_metros_en_doha.jpg",653,445,false],"colormag-default-news":["https:\/\/digital58.com.ve\/site\/wp-content\/uploads\/2021\/05\/yulimar_rojas_revalida_oro_mundial_con_salto_de_15_2C37_metros_en_doha.jpg",150,102,false],"colormag-featured-image-large":["https:\/\/digital58.com.ve\/site\/wp-content\/uploads\/2021\/05\/yulimar_rojas_revalida_oro_mundial_con_salto_de_15_2C37_metros_en_doha.jpg",800,545,false]},"uagb_author_info":{"display_name":"Molero Luis","author_link":"https:\/\/digital58.com.ve\/site\/author\/luismolero\/"},"uagb_comment_info":0,"uagb_excerpt":"Yulimar Rojas sigue imponiendo marcas personales como saltadora de saltos triples. Internacional, 22 de mayo de 2021 (ND58).-\u00a0 La saltadora","_links":{"self":[{"href":"https:\/\/digital58.com.ve\/site\/wp-json\/wp\/v2\/posts\/139397","targetHints":{"allow":["GET"]}}],"collection":[{"href":"https:\/\/digital58.com.ve\/site\/wp-json\/wp\/v2\/posts"}],"about":[{"href":"https:\/\/digital58.com.ve\/site\/wp-json\/wp\/v2\/types\/post"}],"author":[{"embeddable":true,"href":"https:\/\/digital58.com.ve\/site\/wp-json\/wp\/v2\/users\/26"}],"replies":[{"embeddable":true,"href":"https:\/\/digital58.com.ve\/site\/wp-json\/wp\/v2\/comments?post=139397"}],"version-history":[{"count":0,"href":"https:\/\/digital58.com.ve\/site\/wp-json\/wp\/v2\/posts\/139397\/revisions"}],"wp:featuredmedia":[{"embeddable":true,"href":"https:\/\/digital58.com.ve\/site\/wp-json\/wp\/v2\/media\/139398"}],"wp:attachment":[{"href":"https:\/\/digital58.com.ve\/site\/wp-json\/wp\/v2\/media?parent=139397"}],"wp:term":[{"taxonomy":"category","embeddable":true,"href":"https:\/\/digital58.com.ve\/site\/wp-json\/wp\/v2\/categories?post=139397"},{"taxonomy":"post_tag","embeddable":true,"href":"https:\/\/digital58.com.ve\/site\/wp-json\/wp\/v2\/tags?post=139397"}],"curies":[{"name":"wp","href":"https:\/\/api.w.org\/{rel}","templated":true}]}}