{"id":139400,"date":"2021-05-22T21:53:55","date_gmt":"2021-05-23T01:53:55","guid":{"rendered":"https:\/\/digital58.com.ve\/site\/?p=139400"},"modified":"2021-05-22T21:53:55","modified_gmt":"2021-05-23T01:53:55","slug":"presidente-bolsonaro-fue-multado-por-provocar-aglomeracion-en-plena-pandemia","status":"publish","type":"post","link":"https:\/\/digital58.com.ve\/site\/2021\/05\/22\/presidente-bolsonaro-fue-multado-por-provocar-aglomeracion-en-plena-pandemia\/","title":{"rendered":"Presidente Bolsonaro fue multado por provocar aglomeraci\u00f3n en plena pandemia"},"content":{"rendered":"<p><img loading=\"lazy\" decoding=\"async\" class=\"aligncenter wp-image-139401 size-full\" src=\"https:\/\/digital58.com.ve\/site\/wp-content\/uploads\/2021\/05\/1112434339_0_0_2549_1433_1920x0_80_0_0_3cf9053651ec6b581f2812e154457cc1.jpg\" alt=\"\" width=\"800\" height=\"450\" srcset=\"https:\/\/digital58.com.ve\/site\/wp-content\/uploads\/2021\/05\/1112434339_0_0_2549_1433_1920x0_80_0_0_3cf9053651ec6b581f2812e154457cc1.jpg 800w, https:\/\/digital58.com.ve\/site\/wp-content\/uploads\/2021\/05\/1112434339_0_0_2549_1433_1920x0_80_0_0_3cf9053651ec6b581f2812e154457cc1-300x169.jpg 300w, https:\/\/digital58.com.ve\/site\/wp-content\/uploads\/2021\/05\/1112434339_0_0_2549_1433_1920x0_80_0_0_3cf9053651ec6b581f2812e154457cc1-768x432.jpg 768w\" sizes=\"auto, (max-width: 800px) 100vw, 800px\" \/><\/p>\n<p>Bolsonaro encabez\u00f3\u00a0 un acto en A\u00e7ailandia, a 500 kil\u00f3metros de la capital regional Sao Luis, en el que volvi\u00f3 a cargar contra las medidas de distanciamiento social impuestas por gobernadores y alcaldes para contener la pandemia.<\/p>\n<p><strong>Brasil, 22 de mayo de 2021 (ND58).-<\/strong>El gobierno del estado brasile\u00f1o de Maranh\u00e3o mult\u00f3 al presidente de Brasil, Jair Bolsonaro, por no usar m\u00e1scara y provocar una aglomeraci\u00f3n durante un acto celebrado \u00a0en el municipio de A\u00e7ailandia.<\/p>\n<p>La multa fue impuesta por las autoridades sanitarias del estado de Maranhao por \u00abincumplir la obligaci\u00f3n del uso de m\u00e1scaras\u00bb. Tambi\u00e9n por \u00abprovocar aglomeraciones sin control sanitario\u00bb en un evento con m\u00e1s de 100 personas, se\u00f1al\u00f3 el documento al que tuvo acceso el diario Folha de Sao Paulo.<\/p>\n<p>La sanci\u00f3n se envi\u00f3 al Palacio de Planalto, sede del gobierno. El valor de la misma var\u00eda entre 2.000 reales, unos 380 d\u00f3lares, y 1,5 millones de reales, 283.000 d\u00f3lares, monto que ser\u00e1 definido una vez que sea presentada la defensa de Bolsonaro.<\/p>\n<p>Bolsonaro encabez\u00f3 \u00a0un acto en A\u00e7ailandia, a 500 kil\u00f3metros de la capital regional Sao Luis, en el que volvi\u00f3 a cargar contra las medidas de distanciamiento social impuestas por gobernadores y alcaldes para contener la pandemia.<\/p>\n<p>Dichas medidas, insisti\u00f3, \u00abno tienen eficacia cient\u00edfica comprobada\u00bb y se aplican para \u00aboprimir al pueblo\u00bb.<\/p>\n<p>Durante su discurso el l\u00edder de la ultraderecha brasile\u00f1a critic\u00f3 al gobernador del estado, Flavio Dino, del Partido Comunista. Esto por la imposici\u00f3n de medidas especialmente duras para frenar el alza de los contagios.<\/p>\n<p>\u00abTienen que tener aversi\u00f3n al comunismo\u00bb, que \u00absolo crea igualdad en la desesperanza, el hambre y la miseria, destruye las familias y las religiones\u00bb, dijo Bolsonaro. Adem\u00e1s, asegur\u00f3 que en 2022, cuando tambi\u00e9n ser\u00e1n elegidos nuevos gobernadores, \u00abel estado de Maranhao ser\u00e1 liberado de esa plaga\u00bb.<\/p>\n<p>El presidente no hizo alusi\u00f3n alguna a la situaci\u00f3n sanitaria del pa\u00eds, que tiene 446.000 muertos por la COVID-19. Adem\u00e1s, seg\u00fan los especialistas, pa\u00eds que est\u00e1 al borde de enfrentar una nueva ola de la pandemia.<\/p><div class=\"irrjm69f1cc73b09a0\" ><p style=\"text-align: center;\"><a href=\"https:\/\/t.me\/noticiasdigital58\" target=\"_blank\" rel=\"noopener\"><img class=\"aligncenter size-full wp-image-125363\" src=\"https:\/\/digital58.com.ve\/site\/wp-content\/uploads\/2021\/04\/banner-telegram-web-2021.png\" alt=\"\" width=\"600\" height=\"90\" \/><\/a><\/p><\/div><style type=\"text\/css\">\r\n@media screen and (min-width: 1201px) {\r\n.irrjm69f1cc73b09a0 {\r\ndisplay: block;\r\n}\r\n}\r\n@media screen and (min-width: 993px) and (max-width: 1200px) {\r\n.irrjm69f1cc73b09a0 {\r\ndisplay: block;\r\n}\r\n}\r\n@media screen and (min-width: 769px) and (max-width: 992px) {\r\n.irrjm69f1cc73b09a0 {\r\ndisplay: block;\r\n}\r\n}\r\n@media screen and (min-width: 768px) and (max-width: 768px) {\r\n.irrjm69f1cc73b09a0 {\r\ndisplay: block;\r\n}\r\n}\r\n@media screen and (max-width: 767px) {\r\n.irrjm69f1cc73b09a0 {\r\ndisplay: block;\r\n}\r\n}\r\n<\/style>\r\n\n<p><strong>Redacci\u00f3n ND58 | Fuente: Agencias<\/strong><br \/>\n<strong>Edici\u00f3n: Villasmil, Henry<\/strong><br \/>\n<strong>Gr\u00e1fica: Cortes\u00eda.<\/strong><\/p>\n<div style=\"margin-top: 0px; margin-bottom: 0px;\" class=\"sharethis-inline-share-buttons\" ><\/div>","protected":false},"excerpt":{"rendered":"<p>Bolsonaro encabez\u00f3\u00a0 un acto en A\u00e7ailandia, a 500 kil\u00f3metros de la capital regional Sao Luis, en el que volvi\u00f3 a<\/p>\n","protected":false},"author":26,"featured_media":139401,"comment_status":"open","ping_status":"closed","sticky":false,"template":"","format":"standard","meta":{"colormag_page_container_layout":"default_layout","colormag_page_sidebar_layout":"default_layout","_uag_custom_page_level_css":"","footnotes":""},"categories":[16451],"tags":[24315,13352,13648,24314,24316,16211,13723],"class_list":["post-139400","post","type-post","status-publish","format-standard","has-post-thumbnail","hentry","category-mundo","tag-aglomeracion","tag-coronavirus","tag-covid-19","tag-jhair-bolsonaro","tag-maranhao","tag-multa","tag-pandemia"],"yoast_head":"<!-- This site is optimized with the Yoast SEO plugin v27.5 - https:\/\/yoast.com\/product\/yoast-seo-wordpress\/ -->\n<title>Presidente Bolsonaro fue multado por provocar aglomeraci\u00f3n en plena pandemia<\/title>\n<meta name=\"description\" content=\"Mundo\" \/>\n<meta name=\"robots\" content=\"index, follow, max-snippet:-1, max-image-preview:large, max-video-preview:-1\" \/>\n<link rel=\"canonical\" href=\"https:\/\/digital58.com.ve\/site\/2021\/05\/22\/presidente-bolsonaro-fue-multado-por-provocar-aglomeracion-en-plena-pandemia\/\" \/>\n<meta property=\"og:locale\" content=\"es_ES\" \/>\n<meta property=\"og:type\" content=\"article\" \/>\n<meta property=\"og:title\" content=\"Presidente Bolsonaro fue multado por provocar aglomeraci\u00f3n en plena pandemia\" \/>\n<meta property=\"og:description\" content=\"Mundo\" \/>\n<meta property=\"og:url\" content=\"https:\/\/digital58.com.ve\/site\/2021\/05\/22\/presidente-bolsonaro-fue-multado-por-provocar-aglomeracion-en-plena-pandemia\/\" \/>\n<meta property=\"og:site_name\" content=\"Noticias Digital58\" \/>\n<meta property=\"article:published_time\" content=\"2021-05-23T01:53:55+00:00\" \/>\n<meta property=\"og:image\" content=\"https:\/\/digital58.com.ve\/site\/wp-content\/uploads\/2021\/05\/1112434339_0_0_2549_1433_1920x0_80_0_0_3cf9053651ec6b581f2812e154457cc1.jpg\" \/>\n\t<meta property=\"og:image:width\" content=\"800\" \/>\n\t<meta property=\"og:image:height\" content=\"450\" \/>\n\t<meta property=\"og:image:type\" content=\"image\/jpeg\" \/>\n<meta name=\"author\" content=\"Molero Luis\" \/>\n<meta name=\"twitter:card\" content=\"summary_large_image\" \/>\n<meta name=\"twitter:creator\" content=\"@Digital_58\" \/>\n<meta name=\"twitter:site\" content=\"@villasmilhfoto\" \/>\n<meta name=\"twitter:label1\" content=\"Escrito por\" \/>\n\t<meta name=\"twitter:data1\" content=\"Molero Luis\" \/>\n\t<meta name=\"twitter:label2\" content=\"Tiempo estimado de lectura\" \/>\n\t<meta name=\"twitter:data2\" content=\"2 minutos\" \/>\n<script type=\"application\/ld+json\" class=\"yoast-schema-graph\">{\"@context\":\"https:\\\/\\\/schema.org\",\"@graph\":[{\"@type\":\"Article\",\"@id\":\"https:\\\/\\\/digital58.com.ve\\\/site\\\/2021\\\/05\\\/22\\\/presidente-bolsonaro-fue-multado-por-provocar-aglomeracion-en-plena-pandemia\\\/#article\",\"isPartOf\":{\"@id\":\"https:\\\/\\\/digital58.com.ve\\\/site\\\/2021\\\/05\\\/22\\\/presidente-bolsonaro-fue-multado-por-provocar-aglomeracion-en-plena-pandemia\\\/\"},\"author\":{\"name\":\"Molero Luis\",\"@id\":\"https:\\\/\\\/digital58.com.ve\\\/site\\\/#\\\/schema\\\/person\\\/c61667ce6845137620ee3f0aaabade17\"},\"headline\":\"Presidente Bolsonaro fue multado por provocar aglomeraci\u00f3n en plena pandemia\",\"datePublished\":\"2021-05-23T01:53:55+00:00\",\"mainEntityOfPage\":{\"@id\":\"https:\\\/\\\/digital58.com.ve\\\/site\\\/2021\\\/05\\\/22\\\/presidente-bolsonaro-fue-multado-por-provocar-aglomeracion-en-plena-pandemia\\\/\"},\"wordCount\":377,\"commentCount\":0,\"publisher\":{\"@id\":\"https:\\\/\\\/digital58.com.ve\\\/site\\\/#\\\/schema\\\/person\\\/64d1c2e4d0d4fd1b849980c4331c2951\"},\"image\":{\"@id\":\"https:\\\/\\\/digital58.com.ve\\\/site\\\/2021\\\/05\\\/22\\\/presidente-bolsonaro-fue-multado-por-provocar-aglomeracion-en-plena-pandemia\\\/#primaryimage\"},\"thumbnailUrl\":\"https:\\\/\\\/digital58.com.ve\\\/site\\\/wp-content\\\/uploads\\\/2021\\\/05\\\/1112434339_0_0_2549_1433_1920x0_80_0_0_3cf9053651ec6b581f2812e154457cc1.jpg\",\"keywords\":[\"Aglomeraci\u00f3n\",\"Coronavirus\",\"COVID-19\",\"Jhair Bolsonaro\",\"Maranh\u00e3o\",\"Multa\",\"Pandemia\"],\"articleSection\":[\"Mundo\"],\"inLanguage\":\"es\",\"potentialAction\":[{\"@type\":\"CommentAction\",\"name\":\"Comment\",\"target\":[\"https:\\\/\\\/digital58.com.ve\\\/site\\\/2021\\\/05\\\/22\\\/presidente-bolsonaro-fue-multado-por-provocar-aglomeracion-en-plena-pandemia\\\/#respond\"]}]},{\"@type\":\"WebPage\",\"@id\":\"https:\\\/\\\/digital58.com.ve\\\/site\\\/2021\\\/05\\\/22\\\/presidente-bolsonaro-fue-multado-por-provocar-aglomeracion-en-plena-pandemia\\\/\",\"url\":\"https:\\\/\\\/digital58.com.ve\\\/site\\\/2021\\\/05\\\/22\\\/presidente-bolsonaro-fue-multado-por-provocar-aglomeracion-en-plena-pandemia\\\/\",\"name\":\"Presidente Bolsonaro fue multado por provocar aglomeraci\u00f3n en plena pandemia\",\"isPartOf\":{\"@id\":\"https:\\\/\\\/digital58.com.ve\\\/site\\\/#website\"},\"primaryImageOfPage\":{\"@id\":\"https:\\\/\\\/digital58.com.ve\\\/site\\\/2021\\\/05\\\/22\\\/presidente-bolsonaro-fue-multado-por-provocar-aglomeracion-en-plena-pandemia\\\/#primaryimage\"},\"image\":{\"@id\":\"https:\\\/\\\/digital58.com.ve\\\/site\\\/2021\\\/05\\\/22\\\/presidente-bolsonaro-fue-multado-por-provocar-aglomeracion-en-plena-pandemia\\\/#primaryimage\"},\"thumbnailUrl\":\"https:\\\/\\\/digital58.com.ve\\\/site\\\/wp-content\\\/uploads\\\/2021\\\/05\\\/1112434339_0_0_2549_1433_1920x0_80_0_0_3cf9053651ec6b581f2812e154457cc1.jpg\",\"datePublished\":\"2021-05-23T01:53:55+00:00\",\"description\":\"Mundo\",\"breadcrumb\":{\"@id\":\"https:\\\/\\\/digital58.com.ve\\\/site\\\/2021\\\/05\\\/22\\\/presidente-bolsonaro-fue-multado-por-provocar-aglomeracion-en-plena-pandemia\\\/#breadcrumb\"},\"inLanguage\":\"es\",\"potentialAction\":[{\"@type\":\"ReadAction\",\"target\":[\"https:\\\/\\\/digital58.com.ve\\\/site\\\/2021\\\/05\\\/22\\\/presidente-bolsonaro-fue-multado-por-provocar-aglomeracion-en-plena-pandemia\\\/\"]}]},{\"@type\":\"ImageObject\",\"inLanguage\":\"es\",\"@id\":\"https:\\\/\\\/digital58.com.ve\\\/site\\\/2021\\\/05\\\/22\\\/presidente-bolsonaro-fue-multado-por-provocar-aglomeracion-en-plena-pandemia\\\/#primaryimage\",\"url\":\"https:\\\/\\\/digital58.com.ve\\\/site\\\/wp-content\\\/uploads\\\/2021\\\/05\\\/1112434339_0_0_2549_1433_1920x0_80_0_0_3cf9053651ec6b581f2812e154457cc1.jpg\",\"contentUrl\":\"https:\\\/\\\/digital58.com.ve\\\/site\\\/wp-content\\\/uploads\\\/2021\\\/05\\\/1112434339_0_0_2549_1433_1920x0_80_0_0_3cf9053651ec6b581f2812e154457cc1.jpg\",\"width\":800,\"height\":450},{\"@type\":\"BreadcrumbList\",\"@id\":\"https:\\\/\\\/digital58.com.ve\\\/site\\\/2021\\\/05\\\/22\\\/presidente-bolsonaro-fue-multado-por-provocar-aglomeracion-en-plena-pandemia\\\/#breadcrumb\",\"itemListElement\":[{\"@type\":\"ListItem\",\"position\":1,\"name\":\"Home\",\"item\":\"https:\\\/\\\/digital58.com.ve\\\/site\\\/\"},{\"@type\":\"ListItem\",\"position\":2,\"name\":\"Presidente Bolsonaro fue multado por provocar aglomeraci\u00f3n en plena pandemia\"}]},{\"@type\":\"WebSite\",\"@id\":\"https:\\\/\\\/digital58.com.ve\\\/site\\\/#website\",\"url\":\"https:\\\/\\\/digital58.com.ve\\\/site\\\/\",\"name\":\"Noticias Digital58\",\"description\":\"Portal de Noticias \u00a1Periodismo web de verdad! Lanzamiento web 22.11.2005 \\\/ Maracaibo, Venezuela\",\"publisher\":{\"@id\":\"https:\\\/\\\/digital58.com.ve\\\/site\\\/#\\\/schema\\\/person\\\/64d1c2e4d0d4fd1b849980c4331c2951\"},\"alternateName\":\"ND58\",\"potentialAction\":[{\"@type\":\"SearchAction\",\"target\":{\"@type\":\"EntryPoint\",\"urlTemplate\":\"https:\\\/\\\/digital58.com.ve\\\/site\\\/?s={search_term_string}\"},\"query-input\":{\"@type\":\"PropertyValueSpecification\",\"valueRequired\":true,\"valueName\":\"search_term_string\"}}],\"inLanguage\":\"es\"},{\"@type\":[\"Person\",\"Organization\"],\"@id\":\"https:\\\/\\\/digital58.com.ve\\\/site\\\/#\\\/schema\\\/person\\\/64d1c2e4d0d4fd1b849980c4331c2951\",\"name\":\"Villasmil Henry\",\"image\":{\"@type\":\"ImageObject\",\"inLanguage\":\"es\",\"@id\":\"https:\\\/\\\/secure.gravatar.com\\\/avatar\\\/bb0c4a2fcb7970138239f7e404ea75757b1b507b28b5ce4c53fbd62d797c5a7c?s=96&d=mm&r=g\",\"url\":\"https:\\\/\\\/secure.gravatar.com\\\/avatar\\\/bb0c4a2fcb7970138239f7e404ea75757b1b507b28b5ce4c53fbd62d797c5a7c?s=96&d=mm&r=g\",\"contentUrl\":\"https:\\\/\\\/secure.gravatar.com\\\/avatar\\\/bb0c4a2fcb7970138239f7e404ea75757b1b507b28b5ce4c53fbd62d797c5a7c?s=96&d=mm&r=g\",\"caption\":\"Villasmil Henry\"},\"logo\":{\"@id\":\"https:\\\/\\\/secure.gravatar.com\\\/avatar\\\/bb0c4a2fcb7970138239f7e404ea75757b1b507b28b5ce4c53fbd62d797c5a7c?s=96&d=mm&r=g\"},\"sameAs\":[\"http:\\\/\\\/www.henryvillasmil.com.ve\",\"https:\\\/\\\/www.instagram.com\\\/villasmilhfoto\\\/\",\"https:\\\/\\\/x.com\\\/https:\\\/\\\/twitter.com\\\/villasmilhfoto\"]},{\"@type\":\"Person\",\"@id\":\"https:\\\/\\\/digital58.com.ve\\\/site\\\/#\\\/schema\\\/person\\\/c61667ce6845137620ee3f0aaabade17\",\"name\":\"Molero Luis\",\"image\":{\"@type\":\"ImageObject\",\"inLanguage\":\"es\",\"@id\":\"https:\\\/\\\/secure.gravatar.com\\\/avatar\\\/bf041ec637e3e7405449807deb2f7cf3d2de7c6fa755dd56e985201de9863f2b?s=96&d=mm&r=g\",\"url\":\"https:\\\/\\\/secure.gravatar.com\\\/avatar\\\/bf041ec637e3e7405449807deb2f7cf3d2de7c6fa755dd56e985201de9863f2b?s=96&d=mm&r=g\",\"contentUrl\":\"https:\\\/\\\/secure.gravatar.com\\\/avatar\\\/bf041ec637e3e7405449807deb2f7cf3d2de7c6fa755dd56e985201de9863f2b?s=96&d=mm&r=g\",\"caption\":\"Molero Luis\"},\"url\":\"https:\\\/\\\/digital58.com.ve\\\/site\\\/author\\\/luismolero\\\/\"}]}<\/script>\n<!-- \/ Yoast SEO plugin. -->","yoast_head_json":{"title":"Presidente Bolsonaro fue multado por provocar aglomeraci\u00f3n en plena pandemia","description":"Mundo","robots":{"index":"index","follow":"follow","max-snippet":"max-snippet:-1","max-image-preview":"max-image-preview:large","max-video-preview":"max-video-preview:-1"},"canonical":"https:\/\/digital58.com.ve\/site\/2021\/05\/22\/presidente-bolsonaro-fue-multado-por-provocar-aglomeracion-en-plena-pandemia\/","og_locale":"es_ES","og_type":"article","og_title":"Presidente Bolsonaro fue multado por provocar aglomeraci\u00f3n en plena pandemia","og_description":"Mundo","og_url":"https:\/\/digital58.com.ve\/site\/2021\/05\/22\/presidente-bolsonaro-fue-multado-por-provocar-aglomeracion-en-plena-pandemia\/","og_site_name":"Noticias Digital58","article_published_time":"2021-05-23T01:53:55+00:00","og_image":[{"width":800,"height":450,"url":"https:\/\/digital58.com.ve\/site\/wp-content\/uploads\/2021\/05\/1112434339_0_0_2549_1433_1920x0_80_0_0_3cf9053651ec6b581f2812e154457cc1.jpg","type":"image\/jpeg"}],"author":"Molero Luis","twitter_card":"summary_large_image","twitter_creator":"@Digital_58","twitter_site":"@villasmilhfoto","twitter_misc":{"Escrito por":"Molero Luis","Tiempo estimado de lectura":"2 minutos"},"schema":{"@context":"https:\/\/schema.org","@graph":[{"@type":"Article","@id":"https:\/\/digital58.com.ve\/site\/2021\/05\/22\/presidente-bolsonaro-fue-multado-por-provocar-aglomeracion-en-plena-pandemia\/#article","isPartOf":{"@id":"https:\/\/digital58.com.ve\/site\/2021\/05\/22\/presidente-bolsonaro-fue-multado-por-provocar-aglomeracion-en-plena-pandemia\/"},"author":{"name":"Molero Luis","@id":"https:\/\/digital58.com.ve\/site\/#\/schema\/person\/c61667ce6845137620ee3f0aaabade17"},"headline":"Presidente Bolsonaro fue multado por provocar aglomeraci\u00f3n en plena pandemia","datePublished":"2021-05-23T01:53:55+00:00","mainEntityOfPage":{"@id":"https:\/\/digital58.com.ve\/site\/2021\/05\/22\/presidente-bolsonaro-fue-multado-por-provocar-aglomeracion-en-plena-pandemia\/"},"wordCount":377,"commentCount":0,"publisher":{"@id":"https:\/\/digital58.com.ve\/site\/#\/schema\/person\/64d1c2e4d0d4fd1b849980c4331c2951"},"image":{"@id":"https:\/\/digital58.com.ve\/site\/2021\/05\/22\/presidente-bolsonaro-fue-multado-por-provocar-aglomeracion-en-plena-pandemia\/#primaryimage"},"thumbnailUrl":"https:\/\/digital58.com.ve\/site\/wp-content\/uploads\/2021\/05\/1112434339_0_0_2549_1433_1920x0_80_0_0_3cf9053651ec6b581f2812e154457cc1.jpg","keywords":["Aglomeraci\u00f3n","Coronavirus","COVID-19","Jhair Bolsonaro","Maranh\u00e3o","Multa","Pandemia"],"articleSection":["Mundo"],"inLanguage":"es","potentialAction":[{"@type":"CommentAction","name":"Comment","target":["https:\/\/digital58.com.ve\/site\/2021\/05\/22\/presidente-bolsonaro-fue-multado-por-provocar-aglomeracion-en-plena-pandemia\/#respond"]}]},{"@type":"WebPage","@id":"https:\/\/digital58.com.ve\/site\/2021\/05\/22\/presidente-bolsonaro-fue-multado-por-provocar-aglomeracion-en-plena-pandemia\/","url":"https:\/\/digital58.com.ve\/site\/2021\/05\/22\/presidente-bolsonaro-fue-multado-por-provocar-aglomeracion-en-plena-pandemia\/","name":"Presidente Bolsonaro fue multado por provocar aglomeraci\u00f3n en plena pandemia","isPartOf":{"@id":"https:\/\/digital58.com.ve\/site\/#website"},"primaryImageOfPage":{"@id":"https:\/\/digital58.com.ve\/site\/2021\/05\/22\/presidente-bolsonaro-fue-multado-por-provocar-aglomeracion-en-plena-pandemia\/#primaryimage"},"image":{"@id":"https:\/\/digital58.com.ve\/site\/2021\/05\/22\/presidente-bolsonaro-fue-multado-por-provocar-aglomeracion-en-plena-pandemia\/#primaryimage"},"thumbnailUrl":"https:\/\/digital58.com.ve\/site\/wp-content\/uploads\/2021\/05\/1112434339_0_0_2549_1433_1920x0_80_0_0_3cf9053651ec6b581f2812e154457cc1.jpg","datePublished":"2021-05-23T01:53:55+00:00","description":"Mundo","breadcrumb":{"@id":"https:\/\/digital58.com.ve\/site\/2021\/05\/22\/presidente-bolsonaro-fue-multado-por-provocar-aglomeracion-en-plena-pandemia\/#breadcrumb"},"inLanguage":"es","potentialAction":[{"@type":"ReadAction","target":["https:\/\/digital58.com.ve\/site\/2021\/05\/22\/presidente-bolsonaro-fue-multado-por-provocar-aglomeracion-en-plena-pandemia\/"]}]},{"@type":"ImageObject","inLanguage":"es","@id":"https:\/\/digital58.com.ve\/site\/2021\/05\/22\/presidente-bolsonaro-fue-multado-por-provocar-aglomeracion-en-plena-pandemia\/#primaryimage","url":"https:\/\/digital58.com.ve\/site\/wp-content\/uploads\/2021\/05\/1112434339_0_0_2549_1433_1920x0_80_0_0_3cf9053651ec6b581f2812e154457cc1.jpg","contentUrl":"https:\/\/digital58.com.ve\/site\/wp-content\/uploads\/2021\/05\/1112434339_0_0_2549_1433_1920x0_80_0_0_3cf9053651ec6b581f2812e154457cc1.jpg","width":800,"height":450},{"@type":"BreadcrumbList","@id":"https:\/\/digital58.com.ve\/site\/2021\/05\/22\/presidente-bolsonaro-fue-multado-por-provocar-aglomeracion-en-plena-pandemia\/#breadcrumb","itemListElement":[{"@type":"ListItem","position":1,"name":"Home","item":"https:\/\/digital58.com.ve\/site\/"},{"@type":"ListItem","position":2,"name":"Presidente Bolsonaro fue multado por provocar aglomeraci\u00f3n en plena pandemia"}]},{"@type":"WebSite","@id":"https:\/\/digital58.com.ve\/site\/#website","url":"https:\/\/digital58.com.ve\/site\/","name":"Noticias Digital58","description":"Portal de Noticias \u00a1Periodismo web de verdad! Lanzamiento web 22.11.2005 \/ Maracaibo, Venezuela","publisher":{"@id":"https:\/\/digital58.com.ve\/site\/#\/schema\/person\/64d1c2e4d0d4fd1b849980c4331c2951"},"alternateName":"ND58","potentialAction":[{"@type":"SearchAction","target":{"@type":"EntryPoint","urlTemplate":"https:\/\/digital58.com.ve\/site\/?s={search_term_string}"},"query-input":{"@type":"PropertyValueSpecification","valueRequired":true,"valueName":"search_term_string"}}],"inLanguage":"es"},{"@type":["Person","Organization"],"@id":"https:\/\/digital58.com.ve\/site\/#\/schema\/person\/64d1c2e4d0d4fd1b849980c4331c2951","name":"Villasmil Henry","image":{"@type":"ImageObject","inLanguage":"es","@id":"https:\/\/secure.gravatar.com\/avatar\/bb0c4a2fcb7970138239f7e404ea75757b1b507b28b5ce4c53fbd62d797c5a7c?s=96&d=mm&r=g","url":"https:\/\/secure.gravatar.com\/avatar\/bb0c4a2fcb7970138239f7e404ea75757b1b507b28b5ce4c53fbd62d797c5a7c?s=96&d=mm&r=g","contentUrl":"https:\/\/secure.gravatar.com\/avatar\/bb0c4a2fcb7970138239f7e404ea75757b1b507b28b5ce4c53fbd62d797c5a7c?s=96&d=mm&r=g","caption":"Villasmil Henry"},"logo":{"@id":"https:\/\/secure.gravatar.com\/avatar\/bb0c4a2fcb7970138239f7e404ea75757b1b507b28b5ce4c53fbd62d797c5a7c?s=96&d=mm&r=g"},"sameAs":["http:\/\/www.henryvillasmil.com.ve","https:\/\/www.instagram.com\/villasmilhfoto\/","https:\/\/x.com\/https:\/\/twitter.com\/villasmilhfoto"]},{"@type":"Person","@id":"https:\/\/digital58.com.ve\/site\/#\/schema\/person\/c61667ce6845137620ee3f0aaabade17","name":"Molero Luis","image":{"@type":"ImageObject","inLanguage":"es","@id":"https:\/\/secure.gravatar.com\/avatar\/bf041ec637e3e7405449807deb2f7cf3d2de7c6fa755dd56e985201de9863f2b?s=96&d=mm&r=g","url":"https:\/\/secure.gravatar.com\/avatar\/bf041ec637e3e7405449807deb2f7cf3d2de7c6fa755dd56e985201de9863f2b?s=96&d=mm&r=g","contentUrl":"https:\/\/secure.gravatar.com\/avatar\/bf041ec637e3e7405449807deb2f7cf3d2de7c6fa755dd56e985201de9863f2b?s=96&d=mm&r=g","caption":"Molero Luis"},"url":"https:\/\/digital58.com.ve\/site\/author\/luismolero\/"}]}},"uagb_featured_image_src":{"full":["https:\/\/digital58.com.ve\/site\/wp-content\/uploads\/2021\/05\/1112434339_0_0_2549_1433_1920x0_80_0_0_3cf9053651ec6b581f2812e154457cc1.jpg",800,450,false],"thumbnail":["https:\/\/digital58.com.ve\/site\/wp-content\/uploads\/2021\/05\/1112434339_0_0_2549_1433_1920x0_80_0_0_3cf9053651ec6b581f2812e154457cc1-150x150.jpg",150,150,true],"medium":["https:\/\/digital58.com.ve\/site\/wp-content\/uploads\/2021\/05\/1112434339_0_0_2549_1433_1920x0_80_0_0_3cf9053651ec6b581f2812e154457cc1-300x169.jpg",300,169,true],"medium_large":["https:\/\/digital58.com.ve\/site\/wp-content\/uploads\/2021\/05\/1112434339_0_0_2549_1433_1920x0_80_0_0_3cf9053651ec6b581f2812e154457cc1-768x432.jpg",768,432,true],"large":["https:\/\/digital58.com.ve\/site\/wp-content\/uploads\/2021\/05\/1112434339_0_0_2549_1433_1920x0_80_0_0_3cf9053651ec6b581f2812e154457cc1.jpg",800,450,false],"1536x1536":["https:\/\/digital58.com.ve\/site\/wp-content\/uploads\/2021\/05\/1112434339_0_0_2549_1433_1920x0_80_0_0_3cf9053651ec6b581f2812e154457cc1.jpg",800,450,false],"2048x2048":["https:\/\/digital58.com.ve\/site\/wp-content\/uploads\/2021\/05\/1112434339_0_0_2549_1433_1920x0_80_0_0_3cf9053651ec6b581f2812e154457cc1.jpg",800,450,false],"colormag-highlighted-post":["https:\/\/digital58.com.ve\/site\/wp-content\/uploads\/2021\/05\/1112434339_0_0_2549_1433_1920x0_80_0_0_3cf9053651ec6b581f2812e154457cc1.jpg",392,221,false],"colormag-featured-post-medium":["https:\/\/digital58.com.ve\/site\/wp-content\/uploads\/2021\/05\/1112434339_0_0_2549_1433_1920x0_80_0_0_3cf9053651ec6b581f2812e154457cc1.jpg",364,205,false],"colormag-featured-post-small":["https:\/\/digital58.com.ve\/site\/wp-content\/uploads\/2021\/05\/1112434339_0_0_2549_1433_1920x0_80_0_0_3cf9053651ec6b581f2812e154457cc1.jpg",130,73,false],"colormag-featured-image":["https:\/\/digital58.com.ve\/site\/wp-content\/uploads\/2021\/05\/1112434339_0_0_2549_1433_1920x0_80_0_0_3cf9053651ec6b581f2812e154457cc1.jpg",791,445,false],"colormag-default-news":["https:\/\/digital58.com.ve\/site\/wp-content\/uploads\/2021\/05\/1112434339_0_0_2549_1433_1920x0_80_0_0_3cf9053651ec6b581f2812e154457cc1.jpg",150,84,false],"colormag-featured-image-large":["https:\/\/digital58.com.ve\/site\/wp-content\/uploads\/2021\/05\/1112434339_0_0_2549_1433_1920x0_80_0_0_3cf9053651ec6b581f2812e154457cc1.jpg",800,450,false]},"uagb_author_info":{"display_name":"Molero Luis","author_link":"https:\/\/digital58.com.ve\/site\/author\/luismolero\/"},"uagb_comment_info":0,"uagb_excerpt":"Bolsonaro encabez\u00f3\u00a0 un acto en A\u00e7ailandia, a 500 kil\u00f3metros de la capital regional Sao Luis, en el que volvi\u00f3 a","_links":{"self":[{"href":"https:\/\/digital58.com.ve\/site\/wp-json\/wp\/v2\/posts\/139400","targetHints":{"allow":["GET"]}}],"collection":[{"href":"https:\/\/digital58.com.ve\/site\/wp-json\/wp\/v2\/posts"}],"about":[{"href":"https:\/\/digital58.com.ve\/site\/wp-json\/wp\/v2\/types\/post"}],"author":[{"embeddable":true,"href":"https:\/\/digital58.com.ve\/site\/wp-json\/wp\/v2\/users\/26"}],"replies":[{"embeddable":true,"href":"https:\/\/digital58.com.ve\/site\/wp-json\/wp\/v2\/comments?post=139400"}],"version-history":[{"count":0,"href":"https:\/\/digital58.com.ve\/site\/wp-json\/wp\/v2\/posts\/139400\/revisions"}],"wp:featuredmedia":[{"embeddable":true,"href":"https:\/\/digital58.com.ve\/site\/wp-json\/wp\/v2\/media\/139401"}],"wp:attachment":[{"href":"https:\/\/digital58.com.ve\/site\/wp-json\/wp\/v2\/media?parent=139400"}],"wp:term":[{"taxonomy":"category","embeddable":true,"href":"https:\/\/digital58.com.ve\/site\/wp-json\/wp\/v2\/categories?post=139400"},{"taxonomy":"post_tag","embeddable":true,"href":"https:\/\/digital58.com.ve\/site\/wp-json\/wp\/v2\/tags?post=139400"}],"curies":[{"name":"wp","href":"https:\/\/api.w.org\/{rel}","templated":true}]}}