{"id":139484,"date":"2021-05-27T17:22:42","date_gmt":"2021-05-27T21:22:42","guid":{"rendered":"https:\/\/digital58.com.ve\/site\/?p=139484"},"modified":"2021-05-27T17:22:42","modified_gmt":"2021-05-27T21:22:42","slug":"jose-manuel-suarez-maldonado-fue-juramentado-como-nuevo-gobernador-del-estado-vargas","status":"publish","type":"post","link":"https:\/\/digital58.com.ve\/site\/2021\/05\/27\/jose-manuel-suarez-maldonado-fue-juramentado-como-nuevo-gobernador-del-estado-vargas\/","title":{"rendered":"Jos\u00e9 Manuel Su\u00e1rez Maldonado fue juramentado como nuevo gobernador del estado Vargas"},"content":{"rendered":"<p><img loading=\"lazy\" decoding=\"async\" class=\"size-full wp-image-139485 aligncenter\" src=\"https:\/\/digital58.com.ve\/site\/wp-content\/uploads\/2021\/05\/Jose\u0301ManuelSua\u0301rezo-600x400-1.jpg\" alt=\"\" width=\"600\" height=\"400\" srcset=\"https:\/\/digital58.com.ve\/site\/wp-content\/uploads\/2021\/05\/Jose\u0301ManuelSua\u0301rezo-600x400-1.jpg 600w, https:\/\/digital58.com.ve\/site\/wp-content\/uploads\/2021\/05\/Jose\u0301ManuelSua\u0301rezo-600x400-1-300x200.jpg 300w, https:\/\/digital58.com.ve\/site\/wp-content\/uploads\/2021\/05\/Jose\u0301ManuelSua\u0301rezo-600x400-1-480x320.jpg 480w\" sizes=\"auto, (max-width: 600px) 100vw, 600px\" \/><\/p>\n<p>Maldonado design\u00f3 a su equipo de gobierno, comenzando por Pedro Rodr\u00edguez. Como Secretario de Gobierno; Juan Carlos Fidalgo asume la Procuradur\u00eda del estado; y Mar\u00eda del Valle Garc\u00eda de Carneiro, viuda del exgobernador, para que lidere las \u00e1reas sociales y poder popular.<\/p>\n<p><strong>Vargas, Venezuela, 27 de mayo de 2021 (ND58).-<\/strong>\u00a0El secretario de Gobierno del estado Vargas, Jos\u00e9 Manuel Su\u00e1rez Maldonado, fue juramentado por el Consejo Legislativo de la entidad, como Gobernador encargado por la falta absoluta del fallecido Jorge Luis Garc\u00eda Carneiro.<\/p>\n<p>La juramentaci\u00f3n, fue realizada por el diputado de la Asamblea Hermann Escarr\u00e1, en una sesi\u00f3n especial del Consejo Legislativo, presidido Roybert Sojo, en la plaza Bol\u00edvar de La Guaira.<\/p>\n<p>Su\u00e1rez Maldonado asumir\u00e1 el cargo tal como lo establece el art\u00edculo 52 de la Constituci\u00f3n del estado Vargas, hasta que se realice la farsa electoral que pretende desmantelar a los actuales mandatarios regionales.<\/p>\n<p>Maldonado design\u00f3 a su equipo de gobierno, comenzando por Pedro Rodr\u00edguez. como Secretario de Gobierno; Juan Carlos Fidalgo asume la Procuradur\u00eda del estado; y Mar\u00eda del Valle Garc\u00eda de Carneiro, viuda del exgobernador, para que lidere las \u00e1reas social y poder popular.<\/p>\n<p><strong>Redacci\u00f3n ND58 | Fuente: Agencias<\/strong><br \/>\n<strong>Edici\u00f3n: Villasmil, Henry<\/strong><br \/>\n<strong>Gr\u00e1fica: Cortes\u00eda<\/strong><\/p>\n<p>&nbsp;<\/p>\n<p>&nbsp;<\/p>\n<p>&nbsp;<\/p><div class=\"lczmj6a97d101419a0\" ><p style=\"text-align: center;\"><a href=\"https:\/\/t.me\/noticiasdigital58\" target=\"_blank\" rel=\"noopener\"><img class=\"aligncenter size-full wp-image-125363\" src=\"https:\/\/digital58.com.ve\/site\/wp-content\/uploads\/2021\/04\/banner-telegram-web-2021.png\" alt=\"\" width=\"600\" height=\"90\" \/><\/a><\/p><\/div><style type=\"text\/css\">\r\n@media screen and (min-width: 1201px) {\r\n.lczmj6a97d101419a0 {\r\ndisplay: block;\r\n}\r\n}\r\n@media screen and (min-width: 993px) and (max-width: 1200px) {\r\n.lczmj6a97d101419a0 {\r\ndisplay: block;\r\n}\r\n}\r\n@media screen and (min-width: 769px) and (max-width: 992px) {\r\n.lczmj6a97d101419a0 {\r\ndisplay: block;\r\n}\r\n}\r\n@media screen and (min-width: 768px) and (max-width: 768px) {\r\n.lczmj6a97d101419a0 {\r\ndisplay: block;\r\n}\r\n}\r\n@media screen and (max-width: 767px) {\r\n.lczmj6a97d101419a0 {\r\ndisplay: block;\r\n}\r\n}\r\n<\/style>\r\n\n<p>&nbsp;<\/p>\n<div style=\"margin-top: 0px; margin-bottom: 0px;\" class=\"sharethis-inline-share-buttons\" ><\/div>","protected":false},"excerpt":{"rendered":"<p>Maldonado design\u00f3 a su equipo de gobierno, comenzando por Pedro Rodr\u00edguez. Como Secretario de Gobierno; Juan Carlos Fidalgo asume la<\/p>\n","protected":false},"author":26,"featured_media":139485,"comment_status":"open","ping_status":"closed","sticky":false,"template":"","format":"standard","meta":{"colormag_page_container_layout":"default_layout","colormag_page_sidebar_layout":"default_layout","_uag_custom_page_level_css":"","footnotes":""},"categories":[8610],"tags":[24348,20341,24347,16105,6826],"class_list":["post-139484","post","type-post","status-publish","format-standard","has-post-thumbnail","hentry","category-politica","tag-gobernador-de-vargas","tag-jorge-luis-garcia-carneiro","tag-jose-manuel-suarez-maldonado","tag-juramentacion","tag-vargas"],"yoast_head":"<!-- This site is optimized with the Yoast SEO plugin v28.4 - https:\/\/yoast.com\/product\/yoast-seo-wordpress\/ -->\n<title>Jos\u00e9 Manuel Su\u00e1rez Maldonado fue juramentado como nuevo gobernador del estado Vargas<\/title>\n<meta name=\"description\" content=\"Pol\u00edtica\" \/>\n<meta name=\"robots\" content=\"index, follow, max-snippet:-1, max-image-preview:large, max-video-preview:-1\" \/>\n<link rel=\"canonical\" href=\"https:\/\/digital58.com.ve\/site\/2021\/05\/27\/jose-manuel-suarez-maldonado-fue-juramentado-como-nuevo-gobernador-del-estado-vargas\/\" \/>\n<meta property=\"og:locale\" content=\"es_ES\" \/>\n<meta property=\"og:type\" content=\"article\" \/>\n<meta property=\"og:title\" content=\"Jos\u00e9 Manuel Su\u00e1rez Maldonado fue juramentado como nuevo gobernador del estado Vargas\" \/>\n<meta property=\"og:description\" content=\"Pol\u00edtica\" \/>\n<meta property=\"og:url\" content=\"https:\/\/digital58.com.ve\/site\/2021\/05\/27\/jose-manuel-suarez-maldonado-fue-juramentado-como-nuevo-gobernador-del-estado-vargas\/\" \/>\n<meta property=\"og:site_name\" content=\"Noticias Digital58\" \/>\n<meta property=\"article:published_time\" content=\"2021-05-27T21:22:42+00:00\" \/>\n<meta property=\"og:image\" content=\"https:\/\/digital58.com.ve\/site\/wp-content\/uploads\/2021\/05\/Jose\u0301ManuelSua\u0301rezo-600x400-1.jpg\" \/>\n\t<meta property=\"og:image:width\" content=\"600\" \/>\n\t<meta property=\"og:image:height\" content=\"400\" \/>\n\t<meta property=\"og:image:type\" content=\"image\/jpeg\" \/>\n<meta name=\"author\" content=\"Molero Luis\" \/>\n<meta name=\"twitter:card\" content=\"summary_large_image\" \/>\n<meta name=\"twitter:creator\" content=\"@Digital_58\" \/>\n<meta name=\"twitter:site\" content=\"@villasmilhfoto\" \/>\n<meta name=\"twitter:label1\" content=\"Escrito por\" \/>\n\t<meta name=\"twitter:data1\" content=\"Molero Luis\" \/>\n\t<meta name=\"twitter:label2\" content=\"Tiempo estimado de lectura\" \/>\n\t<meta name=\"twitter:data2\" content=\"2 minutos\" \/>\n<script type=\"application\/ld+json\" class=\"yoast-schema-graph\">{\"@context\":\"https:\\\/\\\/schema.org\",\"@graph\":[{\"@type\":\"Article\",\"@id\":\"https:\\\/\\\/digital58.com.ve\\\/site\\\/2021\\\/05\\\/27\\\/jose-manuel-suarez-maldonado-fue-juramentado-como-nuevo-gobernador-del-estado-vargas\\\/#article\",\"isPartOf\":{\"@id\":\"https:\\\/\\\/digital58.com.ve\\\/site\\\/2021\\\/05\\\/27\\\/jose-manuel-suarez-maldonado-fue-juramentado-como-nuevo-gobernador-del-estado-vargas\\\/\"},\"author\":{\"name\":\"Molero Luis\",\"@id\":\"https:\\\/\\\/digital58.com.ve\\\/site\\\/#\\\/schema\\\/person\\\/c61667ce6845137620ee3f0aaabade17\"},\"headline\":\"Jos\u00e9 Manuel Su\u00e1rez Maldonado fue juramentado como nuevo gobernador del estado Vargas\",\"datePublished\":\"2021-05-27T21:22:42+00:00\",\"mainEntityOfPage\":{\"@id\":\"https:\\\/\\\/digital58.com.ve\\\/site\\\/2021\\\/05\\\/27\\\/jose-manuel-suarez-maldonado-fue-juramentado-como-nuevo-gobernador-del-estado-vargas\\\/\"},\"wordCount\":231,\"commentCount\":0,\"publisher\":{\"@id\":\"https:\\\/\\\/digital58.com.ve\\\/site\\\/#\\\/schema\\\/person\\\/64d1c2e4d0d4fd1b849980c4331c2951\"},\"image\":{\"@id\":\"https:\\\/\\\/digital58.com.ve\\\/site\\\/2021\\\/05\\\/27\\\/jose-manuel-suarez-maldonado-fue-juramentado-como-nuevo-gobernador-del-estado-vargas\\\/#primaryimage\"},\"thumbnailUrl\":\"https:\\\/\\\/digital58.com.ve\\\/site\\\/wp-content\\\/uploads\\\/2021\\\/05\\\/Jose\u0301ManuelSua\u0301rezo-600x400-1.jpg\",\"keywords\":[\"Gobernador de Vargas\",\"Jorge Luis Garc\u00eda Carneiro\",\"Jos\u00e9 Manuel Su\u00e1rez Maldonado\",\"Juramentaci\u00f3n\",\"Vargas\"],\"articleSection\":[\"Pol\u00edtica\"],\"inLanguage\":\"es\",\"potentialAction\":[{\"@type\":\"CommentAction\",\"name\":\"Comment\",\"target\":[\"https:\\\/\\\/digital58.com.ve\\\/site\\\/2021\\\/05\\\/27\\\/jose-manuel-suarez-maldonado-fue-juramentado-como-nuevo-gobernador-del-estado-vargas\\\/#respond\"]}]},{\"@type\":\"WebPage\",\"@id\":\"https:\\\/\\\/digital58.com.ve\\\/site\\\/2021\\\/05\\\/27\\\/jose-manuel-suarez-maldonado-fue-juramentado-como-nuevo-gobernador-del-estado-vargas\\\/\",\"url\":\"https:\\\/\\\/digital58.com.ve\\\/site\\\/2021\\\/05\\\/27\\\/jose-manuel-suarez-maldonado-fue-juramentado-como-nuevo-gobernador-del-estado-vargas\\\/\",\"name\":\"Jos\u00e9 Manuel Su\u00e1rez Maldonado fue juramentado como nuevo gobernador del estado Vargas\",\"isPartOf\":{\"@id\":\"https:\\\/\\\/digital58.com.ve\\\/site\\\/#website\"},\"primaryImageOfPage\":{\"@id\":\"https:\\\/\\\/digital58.com.ve\\\/site\\\/2021\\\/05\\\/27\\\/jose-manuel-suarez-maldonado-fue-juramentado-como-nuevo-gobernador-del-estado-vargas\\\/#primaryimage\"},\"image\":{\"@id\":\"https:\\\/\\\/digital58.com.ve\\\/site\\\/2021\\\/05\\\/27\\\/jose-manuel-suarez-maldonado-fue-juramentado-como-nuevo-gobernador-del-estado-vargas\\\/#primaryimage\"},\"thumbnailUrl\":\"https:\\\/\\\/digital58.com.ve\\\/site\\\/wp-content\\\/uploads\\\/2021\\\/05\\\/Jose\u0301ManuelSua\u0301rezo-600x400-1.jpg\",\"datePublished\":\"2021-05-27T21:22:42+00:00\",\"description\":\"Pol\u00edtica\",\"breadcrumb\":{\"@id\":\"https:\\\/\\\/digital58.com.ve\\\/site\\\/2021\\\/05\\\/27\\\/jose-manuel-suarez-maldonado-fue-juramentado-como-nuevo-gobernador-del-estado-vargas\\\/#breadcrumb\"},\"inLanguage\":\"es\",\"potentialAction\":[{\"@type\":\"ReadAction\",\"target\":[\"https:\\\/\\\/digital58.com.ve\\\/site\\\/2021\\\/05\\\/27\\\/jose-manuel-suarez-maldonado-fue-juramentado-como-nuevo-gobernador-del-estado-vargas\\\/\"]}]},{\"@type\":\"ImageObject\",\"inLanguage\":\"es\",\"@id\":\"https:\\\/\\\/digital58.com.ve\\\/site\\\/2021\\\/05\\\/27\\\/jose-manuel-suarez-maldonado-fue-juramentado-como-nuevo-gobernador-del-estado-vargas\\\/#primaryimage\",\"url\":\"https:\\\/\\\/digital58.com.ve\\\/site\\\/wp-content\\\/uploads\\\/2021\\\/05\\\/Jose\u0301ManuelSua\u0301rezo-600x400-1.jpg\",\"contentUrl\":\"https:\\\/\\\/digital58.com.ve\\\/site\\\/wp-content\\\/uploads\\\/2021\\\/05\\\/Jose\u0301ManuelSua\u0301rezo-600x400-1.jpg\",\"width\":600,\"height\":400},{\"@type\":\"BreadcrumbList\",\"@id\":\"https:\\\/\\\/digital58.com.ve\\\/site\\\/2021\\\/05\\\/27\\\/jose-manuel-suarez-maldonado-fue-juramentado-como-nuevo-gobernador-del-estado-vargas\\\/#breadcrumb\",\"itemListElement\":[{\"@type\":\"ListItem\",\"position\":1,\"name\":\"Home\",\"item\":\"https:\\\/\\\/digital58.com.ve\\\/site\\\/\"},{\"@type\":\"ListItem\",\"position\":2,\"name\":\"Jos\u00e9 Manuel Su\u00e1rez Maldonado fue juramentado como nuevo gobernador del estado Vargas\"}]},{\"@type\":\"WebSite\",\"@id\":\"https:\\\/\\\/digital58.com.ve\\\/site\\\/#website\",\"url\":\"https:\\\/\\\/digital58.com.ve\\\/site\\\/\",\"name\":\"Noticias Digital58\",\"description\":\"Portal de Noticias \u00a1Periodismo web de verdad! Lanzamiento web 22.11.2005 \\\/ Maracaibo, Venezuela\",\"publisher\":{\"@id\":\"https:\\\/\\\/digital58.com.ve\\\/site\\\/#\\\/schema\\\/person\\\/64d1c2e4d0d4fd1b849980c4331c2951\"},\"alternateName\":\"ND58\",\"potentialAction\":[{\"@type\":\"SearchAction\",\"target\":{\"@type\":\"EntryPoint\",\"urlTemplate\":\"https:\\\/\\\/digital58.com.ve\\\/site\\\/?s={search_term_string}\"},\"query-input\":{\"@type\":\"PropertyValueSpecification\",\"valueRequired\":true,\"valueName\":\"search_term_string\"}}],\"inLanguage\":\"es\"},{\"@type\":[\"Person\",\"Organization\"],\"@id\":\"https:\\\/\\\/digital58.com.ve\\\/site\\\/#\\\/schema\\\/person\\\/64d1c2e4d0d4fd1b849980c4331c2951\",\"name\":\"Villasmil Henry\",\"image\":{\"@type\":\"ImageObject\",\"inLanguage\":\"es\",\"@id\":\"https:\\\/\\\/secure.gravatar.com\\\/avatar\\\/bb0c4a2fcb7970138239f7e404ea75757b1b507b28b5ce4c53fbd62d797c5a7c?s=96&d=mm&r=g\",\"url\":\"https:\\\/\\\/secure.gravatar.com\\\/avatar\\\/bb0c4a2fcb7970138239f7e404ea75757b1b507b28b5ce4c53fbd62d797c5a7c?s=96&d=mm&r=g\",\"contentUrl\":\"https:\\\/\\\/secure.gravatar.com\\\/avatar\\\/bb0c4a2fcb7970138239f7e404ea75757b1b507b28b5ce4c53fbd62d797c5a7c?s=96&d=mm&r=g\",\"caption\":\"Villasmil Henry\"},\"logo\":{\"@id\":\"https:\\\/\\\/secure.gravatar.com\\\/avatar\\\/bb0c4a2fcb7970138239f7e404ea75757b1b507b28b5ce4c53fbd62d797c5a7c?s=96&d=mm&r=g\"},\"sameAs\":[\"http:\\\/\\\/www.henryvillasmil.com.ve\",\"https:\\\/\\\/www.instagram.com\\\/villasmilhfoto\\\/\",\"https:\\\/\\\/x.com\\\/https:\\\/\\\/twitter.com\\\/villasmilhfoto\"]},{\"@type\":\"Person\",\"@id\":\"https:\\\/\\\/digital58.com.ve\\\/site\\\/#\\\/schema\\\/person\\\/c61667ce6845137620ee3f0aaabade17\",\"name\":\"Molero Luis\",\"image\":{\"@type\":\"ImageObject\",\"inLanguage\":\"es\",\"@id\":\"https:\\\/\\\/secure.gravatar.com\\\/avatar\\\/bf041ec637e3e7405449807deb2f7cf3d2de7c6fa755dd56e985201de9863f2b?s=96&d=mm&r=g\",\"url\":\"https:\\\/\\\/secure.gravatar.com\\\/avatar\\\/bf041ec637e3e7405449807deb2f7cf3d2de7c6fa755dd56e985201de9863f2b?s=96&d=mm&r=g\",\"contentUrl\":\"https:\\\/\\\/secure.gravatar.com\\\/avatar\\\/bf041ec637e3e7405449807deb2f7cf3d2de7c6fa755dd56e985201de9863f2b?s=96&d=mm&r=g\",\"caption\":\"Molero Luis\"},\"url\":\"https:\\\/\\\/digital58.com.ve\\\/site\\\/author\\\/luismolero\\\/\"}]}<\/script>\n<!-- \/ Yoast SEO plugin. -->","yoast_head_json":{"title":"Jos\u00e9 Manuel Su\u00e1rez Maldonado fue juramentado como nuevo gobernador del estado Vargas","description":"Pol\u00edtica","robots":{"index":"index","follow":"follow","max-snippet":"max-snippet:-1","max-image-preview":"max-image-preview:large","max-video-preview":"max-video-preview:-1"},"canonical":"https:\/\/digital58.com.ve\/site\/2021\/05\/27\/jose-manuel-suarez-maldonado-fue-juramentado-como-nuevo-gobernador-del-estado-vargas\/","og_locale":"es_ES","og_type":"article","og_title":"Jos\u00e9 Manuel Su\u00e1rez Maldonado fue juramentado como nuevo gobernador del estado Vargas","og_description":"Pol\u00edtica","og_url":"https:\/\/digital58.com.ve\/site\/2021\/05\/27\/jose-manuel-suarez-maldonado-fue-juramentado-como-nuevo-gobernador-del-estado-vargas\/","og_site_name":"Noticias Digital58","article_published_time":"2021-05-27T21:22:42+00:00","og_image":[{"width":600,"height":400,"url":"https:\/\/digital58.com.ve\/site\/wp-content\/uploads\/2021\/05\/Jose\u0301ManuelSua\u0301rezo-600x400-1.jpg","type":"image\/jpeg"}],"author":"Molero Luis","twitter_card":"summary_large_image","twitter_creator":"@Digital_58","twitter_site":"@villasmilhfoto","twitter_misc":{"Escrito por":"Molero Luis","Tiempo estimado de lectura":"2 minutos"},"schema":{"@context":"https:\/\/schema.org","@graph":[{"@type":"Article","@id":"https:\/\/digital58.com.ve\/site\/2021\/05\/27\/jose-manuel-suarez-maldonado-fue-juramentado-como-nuevo-gobernador-del-estado-vargas\/#article","isPartOf":{"@id":"https:\/\/digital58.com.ve\/site\/2021\/05\/27\/jose-manuel-suarez-maldonado-fue-juramentado-como-nuevo-gobernador-del-estado-vargas\/"},"author":{"name":"Molero Luis","@id":"https:\/\/digital58.com.ve\/site\/#\/schema\/person\/c61667ce6845137620ee3f0aaabade17"},"headline":"Jos\u00e9 Manuel Su\u00e1rez Maldonado fue juramentado como nuevo gobernador del estado Vargas","datePublished":"2021-05-27T21:22:42+00:00","mainEntityOfPage":{"@id":"https:\/\/digital58.com.ve\/site\/2021\/05\/27\/jose-manuel-suarez-maldonado-fue-juramentado-como-nuevo-gobernador-del-estado-vargas\/"},"wordCount":231,"commentCount":0,"publisher":{"@id":"https:\/\/digital58.com.ve\/site\/#\/schema\/person\/64d1c2e4d0d4fd1b849980c4331c2951"},"image":{"@id":"https:\/\/digital58.com.ve\/site\/2021\/05\/27\/jose-manuel-suarez-maldonado-fue-juramentado-como-nuevo-gobernador-del-estado-vargas\/#primaryimage"},"thumbnailUrl":"https:\/\/digital58.com.ve\/site\/wp-content\/uploads\/2021\/05\/Jose\u0301ManuelSua\u0301rezo-600x400-1.jpg","keywords":["Gobernador de Vargas","Jorge Luis Garc\u00eda Carneiro","Jos\u00e9 Manuel Su\u00e1rez Maldonado","Juramentaci\u00f3n","Vargas"],"articleSection":["Pol\u00edtica"],"inLanguage":"es","potentialAction":[{"@type":"CommentAction","name":"Comment","target":["https:\/\/digital58.com.ve\/site\/2021\/05\/27\/jose-manuel-suarez-maldonado-fue-juramentado-como-nuevo-gobernador-del-estado-vargas\/#respond"]}]},{"@type":"WebPage","@id":"https:\/\/digital58.com.ve\/site\/2021\/05\/27\/jose-manuel-suarez-maldonado-fue-juramentado-como-nuevo-gobernador-del-estado-vargas\/","url":"https:\/\/digital58.com.ve\/site\/2021\/05\/27\/jose-manuel-suarez-maldonado-fue-juramentado-como-nuevo-gobernador-del-estado-vargas\/","name":"Jos\u00e9 Manuel Su\u00e1rez Maldonado fue juramentado como nuevo gobernador del estado Vargas","isPartOf":{"@id":"https:\/\/digital58.com.ve\/site\/#website"},"primaryImageOfPage":{"@id":"https:\/\/digital58.com.ve\/site\/2021\/05\/27\/jose-manuel-suarez-maldonado-fue-juramentado-como-nuevo-gobernador-del-estado-vargas\/#primaryimage"},"image":{"@id":"https:\/\/digital58.com.ve\/site\/2021\/05\/27\/jose-manuel-suarez-maldonado-fue-juramentado-como-nuevo-gobernador-del-estado-vargas\/#primaryimage"},"thumbnailUrl":"https:\/\/digital58.com.ve\/site\/wp-content\/uploads\/2021\/05\/Jose\u0301ManuelSua\u0301rezo-600x400-1.jpg","datePublished":"2021-05-27T21:22:42+00:00","description":"Pol\u00edtica","breadcrumb":{"@id":"https:\/\/digital58.com.ve\/site\/2021\/05\/27\/jose-manuel-suarez-maldonado-fue-juramentado-como-nuevo-gobernador-del-estado-vargas\/#breadcrumb"},"inLanguage":"es","potentialAction":[{"@type":"ReadAction","target":["https:\/\/digital58.com.ve\/site\/2021\/05\/27\/jose-manuel-suarez-maldonado-fue-juramentado-como-nuevo-gobernador-del-estado-vargas\/"]}]},{"@type":"ImageObject","inLanguage":"es","@id":"https:\/\/digital58.com.ve\/site\/2021\/05\/27\/jose-manuel-suarez-maldonado-fue-juramentado-como-nuevo-gobernador-del-estado-vargas\/#primaryimage","url":"https:\/\/digital58.com.ve\/site\/wp-content\/uploads\/2021\/05\/Jose\u0301ManuelSua\u0301rezo-600x400-1.jpg","contentUrl":"https:\/\/digital58.com.ve\/site\/wp-content\/uploads\/2021\/05\/Jose\u0301ManuelSua\u0301rezo-600x400-1.jpg","width":600,"height":400},{"@type":"BreadcrumbList","@id":"https:\/\/digital58.com.ve\/site\/2021\/05\/27\/jose-manuel-suarez-maldonado-fue-juramentado-como-nuevo-gobernador-del-estado-vargas\/#breadcrumb","itemListElement":[{"@type":"ListItem","position":1,"name":"Home","item":"https:\/\/digital58.com.ve\/site\/"},{"@type":"ListItem","position":2,"name":"Jos\u00e9 Manuel Su\u00e1rez Maldonado fue juramentado como nuevo gobernador del estado Vargas"}]},{"@type":"WebSite","@id":"https:\/\/digital58.com.ve\/site\/#website","url":"https:\/\/digital58.com.ve\/site\/","name":"Noticias Digital58","description":"Portal de Noticias \u00a1Periodismo web de verdad! Lanzamiento web 22.11.2005 \/ Maracaibo, Venezuela","publisher":{"@id":"https:\/\/digital58.com.ve\/site\/#\/schema\/person\/64d1c2e4d0d4fd1b849980c4331c2951"},"alternateName":"ND58","potentialAction":[{"@type":"SearchAction","target":{"@type":"EntryPoint","urlTemplate":"https:\/\/digital58.com.ve\/site\/?s={search_term_string}"},"query-input":{"@type":"PropertyValueSpecification","valueRequired":true,"valueName":"search_term_string"}}],"inLanguage":"es"},{"@type":["Person","Organization"],"@id":"https:\/\/digital58.com.ve\/site\/#\/schema\/person\/64d1c2e4d0d4fd1b849980c4331c2951","name":"Villasmil Henry","image":{"@type":"ImageObject","inLanguage":"es","@id":"https:\/\/secure.gravatar.com\/avatar\/bb0c4a2fcb7970138239f7e404ea75757b1b507b28b5ce4c53fbd62d797c5a7c?s=96&d=mm&r=g","url":"https:\/\/secure.gravatar.com\/avatar\/bb0c4a2fcb7970138239f7e404ea75757b1b507b28b5ce4c53fbd62d797c5a7c?s=96&d=mm&r=g","contentUrl":"https:\/\/secure.gravatar.com\/avatar\/bb0c4a2fcb7970138239f7e404ea75757b1b507b28b5ce4c53fbd62d797c5a7c?s=96&d=mm&r=g","caption":"Villasmil Henry"},"logo":{"@id":"https:\/\/secure.gravatar.com\/avatar\/bb0c4a2fcb7970138239f7e404ea75757b1b507b28b5ce4c53fbd62d797c5a7c?s=96&d=mm&r=g"},"sameAs":["http:\/\/www.henryvillasmil.com.ve","https:\/\/www.instagram.com\/villasmilhfoto\/","https:\/\/x.com\/https:\/\/twitter.com\/villasmilhfoto"]},{"@type":"Person","@id":"https:\/\/digital58.com.ve\/site\/#\/schema\/person\/c61667ce6845137620ee3f0aaabade17","name":"Molero Luis","image":{"@type":"ImageObject","inLanguage":"es","@id":"https:\/\/secure.gravatar.com\/avatar\/bf041ec637e3e7405449807deb2f7cf3d2de7c6fa755dd56e985201de9863f2b?s=96&d=mm&r=g","url":"https:\/\/secure.gravatar.com\/avatar\/bf041ec637e3e7405449807deb2f7cf3d2de7c6fa755dd56e985201de9863f2b?s=96&d=mm&r=g","contentUrl":"https:\/\/secure.gravatar.com\/avatar\/bf041ec637e3e7405449807deb2f7cf3d2de7c6fa755dd56e985201de9863f2b?s=96&d=mm&r=g","caption":"Molero Luis"},"url":"https:\/\/digital58.com.ve\/site\/author\/luismolero\/"}]}},"uagb_featured_image_src":{"full":["https:\/\/digital58.com.ve\/site\/wp-content\/uploads\/2021\/05\/Jose\u0301ManuelSua\u0301rezo-600x400-1.jpg",600,400,false],"thumbnail":["https:\/\/digital58.com.ve\/site\/wp-content\/uploads\/2021\/05\/Jose\u0301ManuelSua\u0301rezo-600x400-1-150x150.jpg",150,150,true],"medium":["https:\/\/digital58.com.ve\/site\/wp-content\/uploads\/2021\/05\/Jose\u0301ManuelSua\u0301rezo-600x400-1-300x200.jpg",300,200,true],"medium_large":["https:\/\/digital58.com.ve\/site\/wp-content\/uploads\/2021\/05\/Jose\u0301ManuelSua\u0301rezo-600x400-1.jpg",600,400,false],"large":["https:\/\/digital58.com.ve\/site\/wp-content\/uploads\/2021\/05\/Jose\u0301ManuelSua\u0301rezo-600x400-1.jpg",600,400,false],"1536x1536":["https:\/\/digital58.com.ve\/site\/wp-content\/uploads\/2021\/05\/Jose\u0301ManuelSua\u0301rezo-600x400-1.jpg",600,400,false],"2048x2048":["https:\/\/digital58.com.ve\/site\/wp-content\/uploads\/2021\/05\/Jose\u0301ManuelSua\u0301rezo-600x400-1.jpg",600,400,false],"colormag-highlighted-post":["https:\/\/digital58.com.ve\/site\/wp-content\/uploads\/2021\/05\/Jose\u0301ManuelSua\u0301rezo-600x400-1.jpg",392,261,false],"colormag-featured-post-medium":["https:\/\/digital58.com.ve\/site\/wp-content\/uploads\/2021\/05\/Jose\u0301ManuelSua\u0301rezo-600x400-1.jpg",308,205,false],"colormag-featured-post-small":["https:\/\/digital58.com.ve\/site\/wp-content\/uploads\/2021\/05\/Jose\u0301ManuelSua\u0301rezo-600x400-1.jpg",130,87,false],"colormag-featured-image":["https:\/\/digital58.com.ve\/site\/wp-content\/uploads\/2021\/05\/Jose\u0301ManuelSua\u0301rezo-600x400-1.jpg",600,400,false],"colormag-default-news":["https:\/\/digital58.com.ve\/site\/wp-content\/uploads\/2021\/05\/Jose\u0301ManuelSua\u0301rezo-600x400-1.jpg",150,100,false],"colormag-featured-image-large":["https:\/\/digital58.com.ve\/site\/wp-content\/uploads\/2021\/05\/Jose\u0301ManuelSua\u0301rezo-600x400-1.jpg",600,400,false]},"uagb_author_info":{"display_name":"Molero Luis","author_link":"https:\/\/digital58.com.ve\/site\/author\/luismolero\/"},"uagb_comment_info":0,"uagb_excerpt":"Maldonado design\u00f3 a su equipo de gobierno, comenzando por Pedro Rodr\u00edguez. Como Secretario de Gobierno; Juan Carlos Fidalgo asume la","_links":{"self":[{"href":"https:\/\/digital58.com.ve\/site\/wp-json\/wp\/v2\/posts\/139484","targetHints":{"allow":["GET"]}}],"collection":[{"href":"https:\/\/digital58.com.ve\/site\/wp-json\/wp\/v2\/posts"}],"about":[{"href":"https:\/\/digital58.com.ve\/site\/wp-json\/wp\/v2\/types\/post"}],"author":[{"embeddable":true,"href":"https:\/\/digital58.com.ve\/site\/wp-json\/wp\/v2\/users\/26"}],"replies":[{"embeddable":true,"href":"https:\/\/digital58.com.ve\/site\/wp-json\/wp\/v2\/comments?post=139484"}],"version-history":[{"count":0,"href":"https:\/\/digital58.com.ve\/site\/wp-json\/wp\/v2\/posts\/139484\/revisions"}],"wp:featuredmedia":[{"embeddable":true,"href":"https:\/\/digital58.com.ve\/site\/wp-json\/wp\/v2\/media\/139485"}],"wp:attachment":[{"href":"https:\/\/digital58.com.ve\/site\/wp-json\/wp\/v2\/media?parent=139484"}],"wp:term":[{"taxonomy":"category","embeddable":true,"href":"https:\/\/digital58.com.ve\/site\/wp-json\/wp\/v2\/categories?post=139484"},{"taxonomy":"post_tag","embeddable":true,"href":"https:\/\/digital58.com.ve\/site\/wp-json\/wp\/v2\/tags?post=139484"}],"curies":[{"name":"wp","href":"https:\/\/api.w.org\/{rel}","templated":true}]}}