{"id":139498,"date":"2021-05-27T19:05:00","date_gmt":"2021-05-27T23:05:00","guid":{"rendered":"https:\/\/digital58.com.ve\/site\/?p=139498"},"modified":"2021-05-27T19:05:00","modified_gmt":"2021-05-27T23:05:00","slug":"zinedine-zidane-es-despedido-por-jugadores-del-real-madrid","status":"publish","type":"post","link":"https:\/\/digital58.com.ve\/site\/2021\/05\/27\/zinedine-zidane-es-despedido-por-jugadores-del-real-madrid\/","title":{"rendered":"Zinedine Zidane es despedido por jugadores del Real Madrid"},"content":{"rendered":"<p><img loading=\"lazy\" decoding=\"async\" class=\"aligncenter wp-image-139499 size-full\" src=\"https:\/\/digital58.com.ve\/site\/wp-content\/uploads\/2021\/05\/16220671617400.jpg\" alt=\"\" width=\"990\" height=\"557\" srcset=\"https:\/\/digital58.com.ve\/site\/wp-content\/uploads\/2021\/05\/16220671617400.jpg 800w, https:\/\/digital58.com.ve\/site\/wp-content\/uploads\/2021\/05\/16220671617400-300x169.jpg 300w, https:\/\/digital58.com.ve\/site\/wp-content\/uploads\/2021\/05\/16220671617400-768x432.jpg 768w\" sizes=\"auto, (max-width: 990px) 100vw, 990px\" \/><\/p>\n<p>Zidane se marcha del Real Madrid como segundo t\u00e9cnico m\u00e1s laureado de la historia del Real Madrid con 11 t\u00edtulos (3 \u2018Champions\u2019, 2 Mundiales de Clubes, 2 Supercopas de Europa, 2 Ligas y 2 Supercopas de Espa\u00f1a) por detr\u00e1s de Miguel Mu\u00f1oz.<\/p>\n<p><strong>Madrid, Espa\u00f1a 27 de mayo de 2021 (ND58).-<\/strong>\u00a0Durante la ma\u00f1ana de este jueves se hizo oficial la renuncia del franc\u00e9s Zinedine Zidane a continuar siendo entrenador del Real Madrid, a pesar de que le quedaba un a\u00f1o m\u00e1s de contrato, y tras esta se sucedieron las cari\u00f1osas despedidas de los jugadores que han estado a su cargo durante sus dos etapas en el banquillo.<\/p>\n<p>Las redes sociales de los futbolistas se llenaron de fotos junto a \u2018Zizou\u2019 y de mensajes de aprecio y agradecimiento por los logros cosechados juntos, adem\u00e1s de ponderar el trato humano del ya ext\u00e9cnico del Real Madrid. El primero fue el capit\u00e1n, Sergio Ramos.<\/p>\n<p>\u00abZZ, \u00fanico e irrepetible. Te deseo todo lo mejor. Te lo mereces, te lo has ganado. Disfruta de la vida, disfruta de la familia. Fuerte abrazo, m\u00edster\u00bb, escribi\u00f3 el central en su cuenta oficial de Instagram.<\/p>\n<p>Ramos acompa\u00f1\u00f3 el mensaje con una foto junto a Zidane posando con el \u00faltimo trofeo conseguido por ambos, la Liga de la temporada 2019\/2020, la 34\u00aa en la historia del club.<\/p>\n<p>El siguiente fue Carvajal, quien destac\u00f3 el impacto que tuvo en su carrera: \u00abM\u00edster, solo tengo palabras de agradecimiento por este tiempo en el que te he tenido como entrenador. Muchas gracias por tu entrega, dedicaci\u00f3n y por hacerme mejor jugador cada d\u00eda\u00bb, escribi\u00f3.<\/p>\n<p>\u00abGracias a todo el \u2018staff\u2019 que ha estado a nuestro lado todos estos a\u00f1os, os deseo lo mejor. Seguro que volvemos a coincidir en el futuro\u00bb, concluy\u00f3.<\/p>\n<p>Despedida especial para sus dos compatriotas, Raphael Varane y Karim Benzema. El primero lleg\u00f3 al Real Madrid en 2011 con tan solo 18 a\u00f1os por recomendaci\u00f3n expresa de Zidane al club.<\/p>\n<p>\u00abZZ. El maestro. Desde que llegu\u00e9 a Madrid hace 10 a\u00f1os, has sido m\u00e1s que un entrenador, un mentor. Me ayudaste a desarrollarme como jugador y como persona\u00bb, public\u00f3.<\/p>\n<p>\u00abHas sabido llevar con clase a esta generaci\u00f3n dorada hacia las cumbres (\u00a1y varias veces!). Nunca podr\u00eda agradecerte lo suficiente todos los consejos que me has dado, ya sea en el campo o fuera de \u00e9l. \u00a1Gracias de nuevo, jefe! Suerte en el futuro y nos vemos pronto\u00bb, complet\u00f3.<\/p>\n<p>Por su parte, Benzema despidi\u00f3 a su\u00ab hermano\u00bb desde la concentraci\u00f3n de la selecci\u00f3n francesa a la que volvi\u00f3 casi seis a\u00f1os despu\u00e9s.<\/p>\n<p>\u00abGracias hermano por todo lo que me has aportado en el plano colectivo e individual. Estoy orgulloso de haber podido avanzar y crecer junto a la persona que eres. Nos vemos\u00bb.<\/p>\n<p>Courtois, portero titular del Real Madrid, dese\u00f3 volver a ser entrenado por Zidane en el futuro: \u00abHa sido un honor tener de entrenador a una leyenda como t\u00fa. Gracias por lo que me has ense\u00f1ado, por la confianza que siempre has tenido en m\u00ed y por lo que hemos ganado juntos. Ojal\u00e1 nos volvamos a encontrar. \u00a1Te deseo lo mejor!\u00bb.<\/p>\n<p>Algo que comparti\u00f3 tambi\u00e9n Lucas V\u00e1zquez: \u00abGracias m\u00edster, qu\u00e9 honor estar a tus \u00f3rdenes todo este tiempo. Gracias por la confianza que has mostrado siempre en m\u00ed, en el equipo, por todo lo aprendido y por todo lo conseguido juntos. \u00a1Ojal\u00e1 nos volvamos a encontrar! Te deseo lo mejor, disfruta\u00bb.<\/p>\n<p>Por su parte, Kroos, Vinicius, Marcelo y Nacho fueron m\u00e1s escuetos en sus mensajes, dese\u00e1ndole suerte y agradeci\u00e9ndole su estancia en el Real Madrid.<\/p>\n<p>Gui\u00f3n que sigui\u00f3 Casemiro, pero a\u00f1adiendo una dedicatoria especial junto a una de sus primeras fotos juntos en un entrenamiento: \u00abTe debo gran parte de lo que soy\u00bb, escribi\u00f3.<\/p>\n<p>Un compa\u00f1ero habitual del brasile\u00f1o en el centro del campo, el croata Luka Modric, tambi\u00e9n se despidi\u00f3: \u00abM\u00edster, ha sido un placer jugar para ti y ganar contigo. Eres muy grande. Mucha suerte\u00bb.<\/p>\n<p>Los mensajes de Valverde y Asensio llegaron algo m\u00e1s tarde, pero no por ello fueron menos especiales. El uruguayo se encontr\u00f3 con la oficialidad de la noticia nada m\u00e1s aterrizar en Uruguay para concentrarse con su selecci\u00f3n.<\/p>\n<p>\u00abHaberte tenido como entrenador fue sin duda uno de los honores m\u00e1s grandes. Gracias por la confianza, los consejos, y sobre todo por el respeto. No s\u00f3lo en lo deportivo, sino en lo personal, te aprecio mucho y siempre voy a estar agradecido. Te deseo lo mejor\u00bb, expres\u00f3 \u2018el pajarito\u2019.<\/p>\n<p>Por su parte, Asensio comparti\u00f3 un v\u00eddeo en un momento muy especial para \u00e9l. El balear volv\u00eda tras una larga lesi\u00f3n de rodilla y \u00e9l y Zidane se re\u00edan antes de que este saltara al campo. Segundos m\u00e1s tarde, anotar\u00eda un gol frente al Valencia.<\/p>\n<p>\u00abGracias por todo lo que me has ense\u00f1ado. Te deseo lo mejor en tus nuevos retos Zidane\u00bb, dijo junto a los hashtags #Respeto y #Leyenda.<\/p>\n<p>Los canteranos que han debutado esta temporada tambi\u00e9n quisieron dedicarle unas emotivas palabras despu\u00e9s de que Zidane les permitiera cumplir su sue\u00f1o.<\/p>\n<p>\u00abHa sido un honor. Gracias por lo que me has ense\u00f1ado, por la confianza y, por supuesto, por darme la oportunidad de debutar\u00bb, cit\u00f3 Miguel Guti\u00e9rrez junto al comunicado oficial del club en el que anunciaba la marcha de Zidane.<\/p>\n<p>\u00abConfiaste en m\u00ed y me diste la oportunidad de cumplir el sue\u00f1o de debutar con el primer equipo. Eternamente agradecido por todo lo que nos has dado, m\u00edster. Te deseo todo lo mejor, \u00a1mucha suerte! \u00bb, Escribi\u00f3 V\u00edctor Chust.<\/p>\n<p>Adem\u00e1s, Antonio Blanco, reci\u00e9n incorporado a la selecci\u00f3n espa\u00f1ola sub-21 para la segunda fase del europeo de la categor\u00eda, sigui\u00f3 la misma t\u00f3nica: \u00abGracias por darme la oportunidad de debutar con el primer equipo y cumplir mi sue\u00f1o. Agradecido por todo y por todo lo que le has dado al club. Mucha suerte en el futuro, te deseo lo mejor\u00bb.<\/p>\n<p>Zidane se marcha del Real Madrid como segundo t\u00e9cnico m\u00e1s laureado de la historia del Real Madrid con 11 t\u00edtulos (3 \u2018Champions\u2019, 2 Mundiales de Clubes, 2 Supercopas de Europa, 2 Ligas y 2 Supercopas de Espa\u00f1a) por detr\u00e1s de Miguel Mu\u00f1oz.<\/p>\n<p><strong>Redacci\u00f3n ND58 | Fuente: Agencias<\/strong><br \/>\n<strong>Edici\u00f3n: Villasmil, Henry<\/strong><br \/>\n<strong>Gr\u00e1fica: Cortes\u00eda<\/strong><\/p><div class=\"wpmpk69f0192ca3aca\" ><p style=\"text-align: center;\"><a href=\"https:\/\/t.me\/noticiasdigital58\" target=\"_blank\" rel=\"noopener\"><img class=\"aligncenter size-full wp-image-125363\" src=\"https:\/\/digital58.com.ve\/site\/wp-content\/uploads\/2021\/04\/banner-telegram-web-2021.png\" alt=\"\" width=\"600\" height=\"90\" \/><\/a><\/p><\/div><style type=\"text\/css\">\r\n@media screen and (min-width: 1201px) {\r\n.wpmpk69f0192ca3aca {\r\ndisplay: block;\r\n}\r\n}\r\n@media screen and (min-width: 993px) and (max-width: 1200px) {\r\n.wpmpk69f0192ca3aca {\r\ndisplay: block;\r\n}\r\n}\r\n@media screen and (min-width: 769px) and (max-width: 992px) {\r\n.wpmpk69f0192ca3aca {\r\ndisplay: block;\r\n}\r\n}\r\n@media screen and (min-width: 768px) and (max-width: 768px) {\r\n.wpmpk69f0192ca3aca {\r\ndisplay: block;\r\n}\r\n}\r\n@media screen and (max-width: 767px) {\r\n.wpmpk69f0192ca3aca {\r\ndisplay: block;\r\n}\r\n}\r\n<\/style>\r\n\n<p>&nbsp;<\/p>\n<div style=\"margin-top: 0px; margin-bottom: 0px;\" class=\"sharethis-inline-share-buttons\" ><\/div>","protected":false},"excerpt":{"rendered":"<p>Zidane se marcha del Real Madrid como segundo t\u00e9cnico m\u00e1s laureado de la historia del Real Madrid con 11 t\u00edtulos<\/p>\n","protected":false},"author":26,"featured_media":139499,"comment_status":"open","ping_status":"closed","sticky":false,"template":"","format":"standard","meta":{"colormag_page_container_layout":"default_layout","colormag_page_sidebar_layout":"default_layout","_uag_custom_page_level_css":"","footnotes":""},"categories":[5402],"tags":[23967,13,499,4130,426,15860,6500],"class_list":["post-139498","post","type-post","status-publish","format-standard","has-post-thumbnail","hentry","category-deportes","tag-despedido","tag-futbol","tag-futbol-espanol","tag-jugadores","tag-real-madrid","tag-renuncia","tag-zinedine-zidane"],"yoast_head":"<!-- This site is optimized with the Yoast SEO plugin v27.4 - https:\/\/yoast.com\/product\/yoast-seo-wordpress\/ -->\n<title>Zinedine Zidane es despedido por jugadores del Real Madrid<\/title>\n<meta name=\"description\" content=\"Deportes\" \/>\n<meta name=\"robots\" content=\"index, follow, max-snippet:-1, max-image-preview:large, max-video-preview:-1\" \/>\n<link rel=\"canonical\" href=\"https:\/\/digital58.com.ve\/site\/2021\/05\/27\/zinedine-zidane-es-despedido-por-jugadores-del-real-madrid\/\" \/>\n<meta property=\"og:locale\" content=\"es_ES\" \/>\n<meta property=\"og:type\" content=\"article\" \/>\n<meta property=\"og:title\" content=\"Zinedine Zidane es despedido por jugadores del Real Madrid\" \/>\n<meta property=\"og:description\" content=\"Deportes\" \/>\n<meta property=\"og:url\" content=\"https:\/\/digital58.com.ve\/site\/2021\/05\/27\/zinedine-zidane-es-despedido-por-jugadores-del-real-madrid\/\" \/>\n<meta property=\"og:site_name\" content=\"Noticias Digital58\" \/>\n<meta property=\"article:published_time\" content=\"2021-05-27T23:05:00+00:00\" \/>\n<meta property=\"og:image\" content=\"https:\/\/digital58.com.ve\/site\/wp-content\/uploads\/2021\/05\/16220671617400.jpg\" \/>\n\t<meta property=\"og:image:width\" content=\"990\" \/>\n\t<meta property=\"og:image:height\" content=\"557\" \/>\n\t<meta property=\"og:image:type\" content=\"image\/jpeg\" \/>\n<meta name=\"author\" content=\"Molero Luis\" \/>\n<meta name=\"twitter:card\" content=\"summary_large_image\" \/>\n<meta name=\"twitter:creator\" content=\"@Digital_58\" \/>\n<meta name=\"twitter:site\" content=\"@villasmilhfoto\" \/>\n<meta name=\"twitter:label1\" content=\"Escrito por\" \/>\n\t<meta name=\"twitter:data1\" content=\"Molero Luis\" \/>\n\t<meta name=\"twitter:label2\" content=\"Tiempo estimado de lectura\" \/>\n\t<meta name=\"twitter:data2\" content=\"5 minutos\" \/>\n<script type=\"application\/ld+json\" class=\"yoast-schema-graph\">{\"@context\":\"https:\\\/\\\/schema.org\",\"@graph\":[{\"@type\":\"Article\",\"@id\":\"https:\\\/\\\/digital58.com.ve\\\/site\\\/2021\\\/05\\\/27\\\/zinedine-zidane-es-despedido-por-jugadores-del-real-madrid\\\/#article\",\"isPartOf\":{\"@id\":\"https:\\\/\\\/digital58.com.ve\\\/site\\\/2021\\\/05\\\/27\\\/zinedine-zidane-es-despedido-por-jugadores-del-real-madrid\\\/\"},\"author\":{\"name\":\"Molero Luis\",\"@id\":\"https:\\\/\\\/digital58.com.ve\\\/site\\\/#\\\/schema\\\/person\\\/c61667ce6845137620ee3f0aaabade17\"},\"headline\":\"Zinedine Zidane es despedido por jugadores del Real Madrid\",\"datePublished\":\"2021-05-27T23:05:00+00:00\",\"mainEntityOfPage\":{\"@id\":\"https:\\\/\\\/digital58.com.ve\\\/site\\\/2021\\\/05\\\/27\\\/zinedine-zidane-es-despedido-por-jugadores-del-real-madrid\\\/\"},\"wordCount\":1088,\"commentCount\":0,\"publisher\":{\"@id\":\"https:\\\/\\\/digital58.com.ve\\\/site\\\/#\\\/schema\\\/person\\\/64d1c2e4d0d4fd1b849980c4331c2951\"},\"image\":{\"@id\":\"https:\\\/\\\/digital58.com.ve\\\/site\\\/2021\\\/05\\\/27\\\/zinedine-zidane-es-despedido-por-jugadores-del-real-madrid\\\/#primaryimage\"},\"thumbnailUrl\":\"https:\\\/\\\/digital58.com.ve\\\/site\\\/wp-content\\\/uploads\\\/2021\\\/05\\\/16220671617400.jpg\",\"keywords\":[\"Despedido\",\"F\u00fatbol\",\"F\u00fatbol Espa\u00f1ol\",\"Jugadores\",\"Real Madrid\",\"Renuncia\",\"Zinedine Zidane\"],\"articleSection\":[\"Deportes\"],\"inLanguage\":\"es\",\"potentialAction\":[{\"@type\":\"CommentAction\",\"name\":\"Comment\",\"target\":[\"https:\\\/\\\/digital58.com.ve\\\/site\\\/2021\\\/05\\\/27\\\/zinedine-zidane-es-despedido-por-jugadores-del-real-madrid\\\/#respond\"]}]},{\"@type\":\"WebPage\",\"@id\":\"https:\\\/\\\/digital58.com.ve\\\/site\\\/2021\\\/05\\\/27\\\/zinedine-zidane-es-despedido-por-jugadores-del-real-madrid\\\/\",\"url\":\"https:\\\/\\\/digital58.com.ve\\\/site\\\/2021\\\/05\\\/27\\\/zinedine-zidane-es-despedido-por-jugadores-del-real-madrid\\\/\",\"name\":\"Zinedine Zidane es despedido por jugadores del Real Madrid\",\"isPartOf\":{\"@id\":\"https:\\\/\\\/digital58.com.ve\\\/site\\\/#website\"},\"primaryImageOfPage\":{\"@id\":\"https:\\\/\\\/digital58.com.ve\\\/site\\\/2021\\\/05\\\/27\\\/zinedine-zidane-es-despedido-por-jugadores-del-real-madrid\\\/#primaryimage\"},\"image\":{\"@id\":\"https:\\\/\\\/digital58.com.ve\\\/site\\\/2021\\\/05\\\/27\\\/zinedine-zidane-es-despedido-por-jugadores-del-real-madrid\\\/#primaryimage\"},\"thumbnailUrl\":\"https:\\\/\\\/digital58.com.ve\\\/site\\\/wp-content\\\/uploads\\\/2021\\\/05\\\/16220671617400.jpg\",\"datePublished\":\"2021-05-27T23:05:00+00:00\",\"description\":\"Deportes\",\"breadcrumb\":{\"@id\":\"https:\\\/\\\/digital58.com.ve\\\/site\\\/2021\\\/05\\\/27\\\/zinedine-zidane-es-despedido-por-jugadores-del-real-madrid\\\/#breadcrumb\"},\"inLanguage\":\"es\",\"potentialAction\":[{\"@type\":\"ReadAction\",\"target\":[\"https:\\\/\\\/digital58.com.ve\\\/site\\\/2021\\\/05\\\/27\\\/zinedine-zidane-es-despedido-por-jugadores-del-real-madrid\\\/\"]}]},{\"@type\":\"ImageObject\",\"inLanguage\":\"es\",\"@id\":\"https:\\\/\\\/digital58.com.ve\\\/site\\\/2021\\\/05\\\/27\\\/zinedine-zidane-es-despedido-por-jugadores-del-real-madrid\\\/#primaryimage\",\"url\":\"https:\\\/\\\/digital58.com.ve\\\/site\\\/wp-content\\\/uploads\\\/2021\\\/05\\\/16220671617400.jpg\",\"contentUrl\":\"https:\\\/\\\/digital58.com.ve\\\/site\\\/wp-content\\\/uploads\\\/2021\\\/05\\\/16220671617400.jpg\",\"width\":800,\"height\":450},{\"@type\":\"BreadcrumbList\",\"@id\":\"https:\\\/\\\/digital58.com.ve\\\/site\\\/2021\\\/05\\\/27\\\/zinedine-zidane-es-despedido-por-jugadores-del-real-madrid\\\/#breadcrumb\",\"itemListElement\":[{\"@type\":\"ListItem\",\"position\":1,\"name\":\"Home\",\"item\":\"https:\\\/\\\/digital58.com.ve\\\/site\\\/\"},{\"@type\":\"ListItem\",\"position\":2,\"name\":\"Zinedine Zidane es despedido por jugadores del Real Madrid\"}]},{\"@type\":\"WebSite\",\"@id\":\"https:\\\/\\\/digital58.com.ve\\\/site\\\/#website\",\"url\":\"https:\\\/\\\/digital58.com.ve\\\/site\\\/\",\"name\":\"Noticias Digital58\",\"description\":\"Portal de Noticias \u00a1Periodismo web de verdad! Lanzamiento web 22.11.2005 \\\/ Maracaibo, Venezuela\",\"publisher\":{\"@id\":\"https:\\\/\\\/digital58.com.ve\\\/site\\\/#\\\/schema\\\/person\\\/64d1c2e4d0d4fd1b849980c4331c2951\"},\"alternateName\":\"ND58\",\"potentialAction\":[{\"@type\":\"SearchAction\",\"target\":{\"@type\":\"EntryPoint\",\"urlTemplate\":\"https:\\\/\\\/digital58.com.ve\\\/site\\\/?s={search_term_string}\"},\"query-input\":{\"@type\":\"PropertyValueSpecification\",\"valueRequired\":true,\"valueName\":\"search_term_string\"}}],\"inLanguage\":\"es\"},{\"@type\":[\"Person\",\"Organization\"],\"@id\":\"https:\\\/\\\/digital58.com.ve\\\/site\\\/#\\\/schema\\\/person\\\/64d1c2e4d0d4fd1b849980c4331c2951\",\"name\":\"Villasmil Henry\",\"image\":{\"@type\":\"ImageObject\",\"inLanguage\":\"es\",\"@id\":\"https:\\\/\\\/secure.gravatar.com\\\/avatar\\\/bb0c4a2fcb7970138239f7e404ea75757b1b507b28b5ce4c53fbd62d797c5a7c?s=96&d=mm&r=g\",\"url\":\"https:\\\/\\\/secure.gravatar.com\\\/avatar\\\/bb0c4a2fcb7970138239f7e404ea75757b1b507b28b5ce4c53fbd62d797c5a7c?s=96&d=mm&r=g\",\"contentUrl\":\"https:\\\/\\\/secure.gravatar.com\\\/avatar\\\/bb0c4a2fcb7970138239f7e404ea75757b1b507b28b5ce4c53fbd62d797c5a7c?s=96&d=mm&r=g\",\"caption\":\"Villasmil Henry\"},\"logo\":{\"@id\":\"https:\\\/\\\/secure.gravatar.com\\\/avatar\\\/bb0c4a2fcb7970138239f7e404ea75757b1b507b28b5ce4c53fbd62d797c5a7c?s=96&d=mm&r=g\"},\"sameAs\":[\"http:\\\/\\\/www.henryvillasmil.com.ve\",\"https:\\\/\\\/www.instagram.com\\\/villasmilhfoto\\\/\",\"https:\\\/\\\/x.com\\\/https:\\\/\\\/twitter.com\\\/villasmilhfoto\"]},{\"@type\":\"Person\",\"@id\":\"https:\\\/\\\/digital58.com.ve\\\/site\\\/#\\\/schema\\\/person\\\/c61667ce6845137620ee3f0aaabade17\",\"name\":\"Molero Luis\",\"image\":{\"@type\":\"ImageObject\",\"inLanguage\":\"es\",\"@id\":\"https:\\\/\\\/secure.gravatar.com\\\/avatar\\\/bf041ec637e3e7405449807deb2f7cf3d2de7c6fa755dd56e985201de9863f2b?s=96&d=mm&r=g\",\"url\":\"https:\\\/\\\/secure.gravatar.com\\\/avatar\\\/bf041ec637e3e7405449807deb2f7cf3d2de7c6fa755dd56e985201de9863f2b?s=96&d=mm&r=g\",\"contentUrl\":\"https:\\\/\\\/secure.gravatar.com\\\/avatar\\\/bf041ec637e3e7405449807deb2f7cf3d2de7c6fa755dd56e985201de9863f2b?s=96&d=mm&r=g\",\"caption\":\"Molero Luis\"},\"url\":\"https:\\\/\\\/digital58.com.ve\\\/site\\\/author\\\/luismolero\\\/\"}]}<\/script>\n<!-- \/ Yoast SEO plugin. -->","yoast_head_json":{"title":"Zinedine Zidane es despedido por jugadores del Real Madrid","description":"Deportes","robots":{"index":"index","follow":"follow","max-snippet":"max-snippet:-1","max-image-preview":"max-image-preview:large","max-video-preview":"max-video-preview:-1"},"canonical":"https:\/\/digital58.com.ve\/site\/2021\/05\/27\/zinedine-zidane-es-despedido-por-jugadores-del-real-madrid\/","og_locale":"es_ES","og_type":"article","og_title":"Zinedine Zidane es despedido por jugadores del Real Madrid","og_description":"Deportes","og_url":"https:\/\/digital58.com.ve\/site\/2021\/05\/27\/zinedine-zidane-es-despedido-por-jugadores-del-real-madrid\/","og_site_name":"Noticias Digital58","article_published_time":"2021-05-27T23:05:00+00:00","og_image":[{"width":990,"height":557,"url":"https:\/\/digital58.com.ve\/site\/wp-content\/uploads\/2021\/05\/16220671617400.jpg","type":"image\/jpeg"}],"author":"Molero Luis","twitter_card":"summary_large_image","twitter_creator":"@Digital_58","twitter_site":"@villasmilhfoto","twitter_misc":{"Escrito por":"Molero Luis","Tiempo estimado de lectura":"5 minutos"},"schema":{"@context":"https:\/\/schema.org","@graph":[{"@type":"Article","@id":"https:\/\/digital58.com.ve\/site\/2021\/05\/27\/zinedine-zidane-es-despedido-por-jugadores-del-real-madrid\/#article","isPartOf":{"@id":"https:\/\/digital58.com.ve\/site\/2021\/05\/27\/zinedine-zidane-es-despedido-por-jugadores-del-real-madrid\/"},"author":{"name":"Molero Luis","@id":"https:\/\/digital58.com.ve\/site\/#\/schema\/person\/c61667ce6845137620ee3f0aaabade17"},"headline":"Zinedine Zidane es despedido por jugadores del Real Madrid","datePublished":"2021-05-27T23:05:00+00:00","mainEntityOfPage":{"@id":"https:\/\/digital58.com.ve\/site\/2021\/05\/27\/zinedine-zidane-es-despedido-por-jugadores-del-real-madrid\/"},"wordCount":1088,"commentCount":0,"publisher":{"@id":"https:\/\/digital58.com.ve\/site\/#\/schema\/person\/64d1c2e4d0d4fd1b849980c4331c2951"},"image":{"@id":"https:\/\/digital58.com.ve\/site\/2021\/05\/27\/zinedine-zidane-es-despedido-por-jugadores-del-real-madrid\/#primaryimage"},"thumbnailUrl":"https:\/\/digital58.com.ve\/site\/wp-content\/uploads\/2021\/05\/16220671617400.jpg","keywords":["Despedido","F\u00fatbol","F\u00fatbol Espa\u00f1ol","Jugadores","Real Madrid","Renuncia","Zinedine Zidane"],"articleSection":["Deportes"],"inLanguage":"es","potentialAction":[{"@type":"CommentAction","name":"Comment","target":["https:\/\/digital58.com.ve\/site\/2021\/05\/27\/zinedine-zidane-es-despedido-por-jugadores-del-real-madrid\/#respond"]}]},{"@type":"WebPage","@id":"https:\/\/digital58.com.ve\/site\/2021\/05\/27\/zinedine-zidane-es-despedido-por-jugadores-del-real-madrid\/","url":"https:\/\/digital58.com.ve\/site\/2021\/05\/27\/zinedine-zidane-es-despedido-por-jugadores-del-real-madrid\/","name":"Zinedine Zidane es despedido por jugadores del Real Madrid","isPartOf":{"@id":"https:\/\/digital58.com.ve\/site\/#website"},"primaryImageOfPage":{"@id":"https:\/\/digital58.com.ve\/site\/2021\/05\/27\/zinedine-zidane-es-despedido-por-jugadores-del-real-madrid\/#primaryimage"},"image":{"@id":"https:\/\/digital58.com.ve\/site\/2021\/05\/27\/zinedine-zidane-es-despedido-por-jugadores-del-real-madrid\/#primaryimage"},"thumbnailUrl":"https:\/\/digital58.com.ve\/site\/wp-content\/uploads\/2021\/05\/16220671617400.jpg","datePublished":"2021-05-27T23:05:00+00:00","description":"Deportes","breadcrumb":{"@id":"https:\/\/digital58.com.ve\/site\/2021\/05\/27\/zinedine-zidane-es-despedido-por-jugadores-del-real-madrid\/#breadcrumb"},"inLanguage":"es","potentialAction":[{"@type":"ReadAction","target":["https:\/\/digital58.com.ve\/site\/2021\/05\/27\/zinedine-zidane-es-despedido-por-jugadores-del-real-madrid\/"]}]},{"@type":"ImageObject","inLanguage":"es","@id":"https:\/\/digital58.com.ve\/site\/2021\/05\/27\/zinedine-zidane-es-despedido-por-jugadores-del-real-madrid\/#primaryimage","url":"https:\/\/digital58.com.ve\/site\/wp-content\/uploads\/2021\/05\/16220671617400.jpg","contentUrl":"https:\/\/digital58.com.ve\/site\/wp-content\/uploads\/2021\/05\/16220671617400.jpg","width":800,"height":450},{"@type":"BreadcrumbList","@id":"https:\/\/digital58.com.ve\/site\/2021\/05\/27\/zinedine-zidane-es-despedido-por-jugadores-del-real-madrid\/#breadcrumb","itemListElement":[{"@type":"ListItem","position":1,"name":"Home","item":"https:\/\/digital58.com.ve\/site\/"},{"@type":"ListItem","position":2,"name":"Zinedine Zidane es despedido por jugadores del Real Madrid"}]},{"@type":"WebSite","@id":"https:\/\/digital58.com.ve\/site\/#website","url":"https:\/\/digital58.com.ve\/site\/","name":"Noticias Digital58","description":"Portal de Noticias \u00a1Periodismo web de verdad! Lanzamiento web 22.11.2005 \/ Maracaibo, Venezuela","publisher":{"@id":"https:\/\/digital58.com.ve\/site\/#\/schema\/person\/64d1c2e4d0d4fd1b849980c4331c2951"},"alternateName":"ND58","potentialAction":[{"@type":"SearchAction","target":{"@type":"EntryPoint","urlTemplate":"https:\/\/digital58.com.ve\/site\/?s={search_term_string}"},"query-input":{"@type":"PropertyValueSpecification","valueRequired":true,"valueName":"search_term_string"}}],"inLanguage":"es"},{"@type":["Person","Organization"],"@id":"https:\/\/digital58.com.ve\/site\/#\/schema\/person\/64d1c2e4d0d4fd1b849980c4331c2951","name":"Villasmil Henry","image":{"@type":"ImageObject","inLanguage":"es","@id":"https:\/\/secure.gravatar.com\/avatar\/bb0c4a2fcb7970138239f7e404ea75757b1b507b28b5ce4c53fbd62d797c5a7c?s=96&d=mm&r=g","url":"https:\/\/secure.gravatar.com\/avatar\/bb0c4a2fcb7970138239f7e404ea75757b1b507b28b5ce4c53fbd62d797c5a7c?s=96&d=mm&r=g","contentUrl":"https:\/\/secure.gravatar.com\/avatar\/bb0c4a2fcb7970138239f7e404ea75757b1b507b28b5ce4c53fbd62d797c5a7c?s=96&d=mm&r=g","caption":"Villasmil Henry"},"logo":{"@id":"https:\/\/secure.gravatar.com\/avatar\/bb0c4a2fcb7970138239f7e404ea75757b1b507b28b5ce4c53fbd62d797c5a7c?s=96&d=mm&r=g"},"sameAs":["http:\/\/www.henryvillasmil.com.ve","https:\/\/www.instagram.com\/villasmilhfoto\/","https:\/\/x.com\/https:\/\/twitter.com\/villasmilhfoto"]},{"@type":"Person","@id":"https:\/\/digital58.com.ve\/site\/#\/schema\/person\/c61667ce6845137620ee3f0aaabade17","name":"Molero Luis","image":{"@type":"ImageObject","inLanguage":"es","@id":"https:\/\/secure.gravatar.com\/avatar\/bf041ec637e3e7405449807deb2f7cf3d2de7c6fa755dd56e985201de9863f2b?s=96&d=mm&r=g","url":"https:\/\/secure.gravatar.com\/avatar\/bf041ec637e3e7405449807deb2f7cf3d2de7c6fa755dd56e985201de9863f2b?s=96&d=mm&r=g","contentUrl":"https:\/\/secure.gravatar.com\/avatar\/bf041ec637e3e7405449807deb2f7cf3d2de7c6fa755dd56e985201de9863f2b?s=96&d=mm&r=g","caption":"Molero Luis"},"url":"https:\/\/digital58.com.ve\/site\/author\/luismolero\/"}]}},"uagb_featured_image_src":{"full":["https:\/\/digital58.com.ve\/site\/wp-content\/uploads\/2021\/05\/16220671617400.jpg",800,450,false],"thumbnail":["https:\/\/digital58.com.ve\/site\/wp-content\/uploads\/2021\/05\/16220671617400-150x150.jpg",150,150,true],"medium":["https:\/\/digital58.com.ve\/site\/wp-content\/uploads\/2021\/05\/16220671617400-300x169.jpg",300,169,true],"medium_large":["https:\/\/digital58.com.ve\/site\/wp-content\/uploads\/2021\/05\/16220671617400-768x432.jpg",768,432,true],"large":["https:\/\/digital58.com.ve\/site\/wp-content\/uploads\/2021\/05\/16220671617400.jpg",800,450,false],"1536x1536":["https:\/\/digital58.com.ve\/site\/wp-content\/uploads\/2021\/05\/16220671617400.jpg",800,450,false],"2048x2048":["https:\/\/digital58.com.ve\/site\/wp-content\/uploads\/2021\/05\/16220671617400.jpg",800,450,false],"colormag-highlighted-post":["https:\/\/digital58.com.ve\/site\/wp-content\/uploads\/2021\/05\/16220671617400.jpg",392,221,false],"colormag-featured-post-medium":["https:\/\/digital58.com.ve\/site\/wp-content\/uploads\/2021\/05\/16220671617400.jpg",364,205,false],"colormag-featured-post-small":["https:\/\/digital58.com.ve\/site\/wp-content\/uploads\/2021\/05\/16220671617400.jpg",130,73,false],"colormag-featured-image":["https:\/\/digital58.com.ve\/site\/wp-content\/uploads\/2021\/05\/16220671617400.jpg",791,445,false],"colormag-default-news":["https:\/\/digital58.com.ve\/site\/wp-content\/uploads\/2021\/05\/16220671617400.jpg",150,84,false],"colormag-featured-image-large":["https:\/\/digital58.com.ve\/site\/wp-content\/uploads\/2021\/05\/16220671617400.jpg",800,450,false]},"uagb_author_info":{"display_name":"Molero Luis","author_link":"https:\/\/digital58.com.ve\/site\/author\/luismolero\/"},"uagb_comment_info":0,"uagb_excerpt":"Zidane se marcha del Real Madrid como segundo t\u00e9cnico m\u00e1s laureado de la historia del Real Madrid con 11 t\u00edtulos","_links":{"self":[{"href":"https:\/\/digital58.com.ve\/site\/wp-json\/wp\/v2\/posts\/139498","targetHints":{"allow":["GET"]}}],"collection":[{"href":"https:\/\/digital58.com.ve\/site\/wp-json\/wp\/v2\/posts"}],"about":[{"href":"https:\/\/digital58.com.ve\/site\/wp-json\/wp\/v2\/types\/post"}],"author":[{"embeddable":true,"href":"https:\/\/digital58.com.ve\/site\/wp-json\/wp\/v2\/users\/26"}],"replies":[{"embeddable":true,"href":"https:\/\/digital58.com.ve\/site\/wp-json\/wp\/v2\/comments?post=139498"}],"version-history":[{"count":0,"href":"https:\/\/digital58.com.ve\/site\/wp-json\/wp\/v2\/posts\/139498\/revisions"}],"wp:featuredmedia":[{"embeddable":true,"href":"https:\/\/digital58.com.ve\/site\/wp-json\/wp\/v2\/media\/139499"}],"wp:attachment":[{"href":"https:\/\/digital58.com.ve\/site\/wp-json\/wp\/v2\/media?parent=139498"}],"wp:term":[{"taxonomy":"category","embeddable":true,"href":"https:\/\/digital58.com.ve\/site\/wp-json\/wp\/v2\/categories?post=139498"},{"taxonomy":"post_tag","embeddable":true,"href":"https:\/\/digital58.com.ve\/site\/wp-json\/wp\/v2\/tags?post=139498"}],"curies":[{"name":"wp","href":"https:\/\/api.w.org\/{rel}","templated":true}]}}