{"id":139589,"date":"2021-05-29T19:50:46","date_gmt":"2021-05-29T23:50:46","guid":{"rendered":"https:\/\/digital58.com.ve\/site\/?p=139589"},"modified":"2021-05-29T19:50:46","modified_gmt":"2021-05-29T23:50:46","slug":"mil-200-familias-del-sector-bajo-seco-en-maracaibo-seran-beneficiadas-con-la-reconexion-a-la-red-de-gas","status":"publish","type":"post","link":"https:\/\/digital58.com.ve\/site\/2021\/05\/29\/mil-200-familias-del-sector-bajo-seco-en-maracaibo-seran-beneficiadas-con-la-reconexion-a-la-red-de-gas\/","title":{"rendered":"Mil 200 familias del sector Bajo Seco en Maracaibo ser\u00e1n beneficiadas con la reconexi\u00f3n a la red de gas"},"content":{"rendered":"<p><img loading=\"lazy\" decoding=\"async\" class=\"size-full wp-image-139591 aligncenter\" src=\"https:\/\/digital58.com.ve\/site\/wp-content\/uploads\/2021\/05\/9915f803-ea1a-475c-b124-c4ad245a3ac6.jpg\" alt=\"\" width=\"800\" height=\"533\" srcset=\"https:\/\/digital58.com.ve\/site\/wp-content\/uploads\/2021\/05\/9915f803-ea1a-475c-b124-c4ad245a3ac6.jpg 800w, https:\/\/digital58.com.ve\/site\/wp-content\/uploads\/2021\/05\/9915f803-ea1a-475c-b124-c4ad245a3ac6-300x200.jpg 300w, https:\/\/digital58.com.ve\/site\/wp-content\/uploads\/2021\/05\/9915f803-ea1a-475c-b124-c4ad245a3ac6-768x512.jpg 768w, https:\/\/digital58.com.ve\/site\/wp-content\/uploads\/2021\/05\/9915f803-ea1a-475c-b124-c4ad245a3ac6-720x480.jpg 720w, https:\/\/digital58.com.ve\/site\/wp-content\/uploads\/2021\/05\/9915f803-ea1a-475c-b124-c4ad245a3ac6-480x320.jpg 480w\" sizes=\"auto, (max-width: 800px) 100vw, 800px\" \/><\/p>\n<p>El director del Sagas, H\u00e9ctor Bracho, se\u00f1al\u00f3 que este sector padec\u00eda por el volumen del gas insuficiente y detall\u00f3 que fue necesaria la alianza con PDVSA Gas para realizar una derivaci\u00f3n de la tuber\u00eda de 12 pulgadas.<\/p>\n<p><strong>Maracaibo, Zulia, Venezuela, 29 de mayo de 2021 (ND58).-<\/strong>M\u00e1s de mil 200 familias del sector Bajo Seco, parroquia Caracciolo Parra P\u00e9rez, ser\u00e1n beneficiadas al concluir con la reconexi\u00f3n a la red de gas dom\u00e9stico ejecutada por la Alcald\u00eda de Maracaibo por medio del Servicio Aut\u00f3nomo para el Suministro de Gas e Infraestructura (Sagas).<\/p>\n<p>El alcalde de Maracaibo, Willy Casanova, se encarg\u00f3 de encender la llama en el hogar de Betty Morillo, quien, como muchos vecinos del sector, recurr\u00eda a la hornilla el\u00e9ctrica y a la cocina a le\u00f1a para poder alimentar a su familia debido a los altos costos de las bombonas de gas.<\/p>\n<p>Desde all\u00ed, Casanova recalc\u00f3 que esta obra que forma parte del fortalecimiento permanente de los servicios p\u00fablicos de Maracaibo, y se\u00f1al\u00f3 que el Sagas lleva a cabo 65 obras en este momento, incluyendo el mantenimiento preventivo y correctivo en las 35 Estaciones de Distribuci\u00f3n y Regulaci\u00f3n de Gas, adem\u00e1s de la restituci\u00f3n del servicio para 50 mil familias y la conexi\u00f3n por primera vez de nuevos sectores.<\/p>\n<p>Record\u00f3 que la distribuci\u00f3n del gas por tuber\u00eda es una responsabilidad directa de la Alcald\u00eda, incorporado al plan Maracaibo Bella para la recuperaci\u00f3n de los corredores viales, infraestructura y los servicios p\u00fablicos del municipio.<\/p>\n<p>El director del Sagas, H\u00e9ctor Bracho, se\u00f1al\u00f3 que este sector padec\u00eda por el volumen del gas insuficiente y detall\u00f3 que fue necesaria la alianza con PDVSA Gas para realizar una derivaci\u00f3n de la tuber\u00eda de 12 pulgadas llamada anillo perif\u00e9rico de distribuci\u00f3n, mediante un proceso de soldadura en caliente aunada a las labores en el corredor vial Panamericano.<\/p>\n<p>Bracho indic\u00f3 que las primeras 60 familias ya fueron reconectadas a la red, y que progresivamente se les ir\u00e1 reactivando el servicio a cada una de las viviendas de la comunidad de Bajo Seco, pues la obra contempla la correcci\u00f3n de cientos de fugas internas y externas en los 16 mil 527 metros de tuber\u00eda.<\/p>\n<p>Subray\u00f3 que, adem\u00e1s de aumentar el volumen del servicio, el Sagas garantiza el buen funcionamiento de la red con las inspecciones, el mantenimiento correctivo y la revisi\u00f3n permanente apoyada por las cuadrillas territoriales.<\/p>\n<p>Por su parte, el concejal Alberto Hern\u00e1ndez agradeci\u00f3 en nombre de la comunidad que desde hace siete a\u00f1os padece por el servicio de gas por tuber\u00eda debido a la falta de mantenimiento a la red.<\/p>\n<p><strong>Redacci\u00f3n ND58 | Fuente: Nota de Prensa<\/strong><br \/>\n<strong>Edici\u00f3n: Villasmil, Henry<\/strong><br \/>\n<strong>Gr\u00e1fica: Cortes\u00eda<\/strong><\/p>\n<p>&nbsp;<\/p><div class=\"opbtv69efbcb0792f5\" ><p style=\"text-align: center;\"><a href=\"https:\/\/t.me\/noticiasdigital58\" target=\"_blank\" rel=\"noopener\"><img class=\"aligncenter size-full wp-image-125363\" src=\"https:\/\/digital58.com.ve\/site\/wp-content\/uploads\/2021\/04\/banner-telegram-web-2021.png\" alt=\"\" width=\"600\" height=\"90\" \/><\/a><\/p><\/div><style type=\"text\/css\">\r\n@media screen and (min-width: 1201px) {\r\n.opbtv69efbcb0792f5 {\r\ndisplay: block;\r\n}\r\n}\r\n@media screen and (min-width: 993px) and (max-width: 1200px) {\r\n.opbtv69efbcb0792f5 {\r\ndisplay: block;\r\n}\r\n}\r\n@media screen and (min-width: 769px) and (max-width: 992px) {\r\n.opbtv69efbcb0792f5 {\r\ndisplay: block;\r\n}\r\n}\r\n@media screen and (min-width: 768px) and (max-width: 768px) {\r\n.opbtv69efbcb0792f5 {\r\ndisplay: block;\r\n}\r\n}\r\n@media screen and (max-width: 767px) {\r\n.opbtv69efbcb0792f5 {\r\ndisplay: block;\r\n}\r\n}\r\n<\/style>\r\n\n<p>&nbsp;<\/p>\n<div style=\"margin-top: 0px; margin-bottom: 0px;\" class=\"sharethis-inline-share-buttons\" ><\/div>","protected":false},"excerpt":{"rendered":"<p>El director del Sagas, H\u00e9ctor Bracho, se\u00f1al\u00f3 que este sector padec\u00eda por el volumen del gas insuficiente y detall\u00f3 que<\/p>\n","protected":false},"author":26,"featured_media":139591,"comment_status":"open","ping_status":"closed","sticky":false,"template":"","format":"standard","meta":{"colormag_page_container_layout":"default_layout","colormag_page_sidebar_layout":"default_layout","_uag_custom_page_level_css":"","footnotes":""},"categories":[14504],"tags":[24385,15164,24383,24384,19677,73,13925,19481,2354,7588],"class_list":["post-139589","post","type-post","status-publish","format-standard","has-post-thumbnail","hentry","category-zulia","tag-alberto-hernandez","tag-alcalde-willy-casanova","tag-bajo-seco","tag-betty-morillo","tag-hector-bracho","tag-maracaibo","tag-pdvsa-gas","tag-red-de-gas","tag-regionales","tag-sagas"],"yoast_head":"<!-- This site is optimized with the Yoast SEO plugin v27.4 - https:\/\/yoast.com\/product\/yoast-seo-wordpress\/ -->\n<title>Mil 200 familias del sector Bajo Seco en Maracaibo ser\u00e1n beneficiadas con la reconexi\u00f3n a la red de gas<\/title>\n<meta name=\"description\" content=\"Zulia\" \/>\n<meta name=\"robots\" content=\"index, follow, max-snippet:-1, max-image-preview:large, max-video-preview:-1\" \/>\n<link rel=\"canonical\" href=\"https:\/\/digital58.com.ve\/site\/2021\/05\/29\/mil-200-familias-del-sector-bajo-seco-en-maracaibo-seran-beneficiadas-con-la-reconexion-a-la-red-de-gas\/\" \/>\n<meta property=\"og:locale\" content=\"es_ES\" \/>\n<meta property=\"og:type\" content=\"article\" \/>\n<meta property=\"og:title\" content=\"Mil 200 familias del sector Bajo Seco en Maracaibo ser\u00e1n beneficiadas con la reconexi\u00f3n a la red de gas\" \/>\n<meta property=\"og:description\" content=\"Zulia\" \/>\n<meta property=\"og:url\" content=\"https:\/\/digital58.com.ve\/site\/2021\/05\/29\/mil-200-familias-del-sector-bajo-seco-en-maracaibo-seran-beneficiadas-con-la-reconexion-a-la-red-de-gas\/\" \/>\n<meta property=\"og:site_name\" content=\"Noticias Digital58\" \/>\n<meta property=\"article:published_time\" content=\"2021-05-29T23:50:46+00:00\" \/>\n<meta property=\"og:image\" content=\"https:\/\/digital58.com.ve\/site\/wp-content\/uploads\/2021\/05\/9915f803-ea1a-475c-b124-c4ad245a3ac6.jpg\" \/>\n\t<meta property=\"og:image:width\" content=\"800\" \/>\n\t<meta property=\"og:image:height\" content=\"533\" \/>\n\t<meta property=\"og:image:type\" content=\"image\/jpeg\" \/>\n<meta name=\"author\" content=\"Molero Luis\" \/>\n<meta name=\"twitter:card\" content=\"summary_large_image\" \/>\n<meta name=\"twitter:creator\" content=\"@Digital_58\" \/>\n<meta name=\"twitter:site\" content=\"@villasmilhfoto\" \/>\n<meta name=\"twitter:label1\" content=\"Escrito por\" \/>\n\t<meta name=\"twitter:data1\" content=\"Molero Luis\" \/>\n\t<meta name=\"twitter:label2\" content=\"Tiempo estimado de lectura\" \/>\n\t<meta name=\"twitter:data2\" content=\"3 minutos\" \/>\n<script type=\"application\/ld+json\" class=\"yoast-schema-graph\">{\"@context\":\"https:\\\/\\\/schema.org\",\"@graph\":[{\"@type\":\"Article\",\"@id\":\"https:\\\/\\\/digital58.com.ve\\\/site\\\/2021\\\/05\\\/29\\\/mil-200-familias-del-sector-bajo-seco-en-maracaibo-seran-beneficiadas-con-la-reconexion-a-la-red-de-gas\\\/#article\",\"isPartOf\":{\"@id\":\"https:\\\/\\\/digital58.com.ve\\\/site\\\/2021\\\/05\\\/29\\\/mil-200-familias-del-sector-bajo-seco-en-maracaibo-seran-beneficiadas-con-la-reconexion-a-la-red-de-gas\\\/\"},\"author\":{\"name\":\"Molero Luis\",\"@id\":\"https:\\\/\\\/digital58.com.ve\\\/site\\\/#\\\/schema\\\/person\\\/c61667ce6845137620ee3f0aaabade17\"},\"headline\":\"Mil 200 familias del sector Bajo Seco en Maracaibo ser\u00e1n beneficiadas con la reconexi\u00f3n a la red de gas\",\"datePublished\":\"2021-05-29T23:50:46+00:00\",\"mainEntityOfPage\":{\"@id\":\"https:\\\/\\\/digital58.com.ve\\\/site\\\/2021\\\/05\\\/29\\\/mil-200-familias-del-sector-bajo-seco-en-maracaibo-seran-beneficiadas-con-la-reconexion-a-la-red-de-gas\\\/\"},\"wordCount\":491,\"commentCount\":0,\"publisher\":{\"@id\":\"https:\\\/\\\/digital58.com.ve\\\/site\\\/#\\\/schema\\\/person\\\/64d1c2e4d0d4fd1b849980c4331c2951\"},\"image\":{\"@id\":\"https:\\\/\\\/digital58.com.ve\\\/site\\\/2021\\\/05\\\/29\\\/mil-200-familias-del-sector-bajo-seco-en-maracaibo-seran-beneficiadas-con-la-reconexion-a-la-red-de-gas\\\/#primaryimage\"},\"thumbnailUrl\":\"https:\\\/\\\/digital58.com.ve\\\/site\\\/wp-content\\\/uploads\\\/2021\\\/05\\\/9915f803-ea1a-475c-b124-c4ad245a3ac6.jpg\",\"keywords\":[\"Alberto Hern\u00e1ndez\",\"Alcalde Willy Casanova\",\"Bajo Seco\",\"Betty Morillo\",\"H\u00e9ctor Bracho\",\"Maracaibo\",\"Pdvsa Gas\",\"Red de Gas\",\"Regionales\",\"Sagas\"],\"articleSection\":[\"Zulia\"],\"inLanguage\":\"es\",\"potentialAction\":[{\"@type\":\"CommentAction\",\"name\":\"Comment\",\"target\":[\"https:\\\/\\\/digital58.com.ve\\\/site\\\/2021\\\/05\\\/29\\\/mil-200-familias-del-sector-bajo-seco-en-maracaibo-seran-beneficiadas-con-la-reconexion-a-la-red-de-gas\\\/#respond\"]}]},{\"@type\":\"WebPage\",\"@id\":\"https:\\\/\\\/digital58.com.ve\\\/site\\\/2021\\\/05\\\/29\\\/mil-200-familias-del-sector-bajo-seco-en-maracaibo-seran-beneficiadas-con-la-reconexion-a-la-red-de-gas\\\/\",\"url\":\"https:\\\/\\\/digital58.com.ve\\\/site\\\/2021\\\/05\\\/29\\\/mil-200-familias-del-sector-bajo-seco-en-maracaibo-seran-beneficiadas-con-la-reconexion-a-la-red-de-gas\\\/\",\"name\":\"Mil 200 familias del sector Bajo Seco en Maracaibo ser\u00e1n beneficiadas con la reconexi\u00f3n a la red de gas\",\"isPartOf\":{\"@id\":\"https:\\\/\\\/digital58.com.ve\\\/site\\\/#website\"},\"primaryImageOfPage\":{\"@id\":\"https:\\\/\\\/digital58.com.ve\\\/site\\\/2021\\\/05\\\/29\\\/mil-200-familias-del-sector-bajo-seco-en-maracaibo-seran-beneficiadas-con-la-reconexion-a-la-red-de-gas\\\/#primaryimage\"},\"image\":{\"@id\":\"https:\\\/\\\/digital58.com.ve\\\/site\\\/2021\\\/05\\\/29\\\/mil-200-familias-del-sector-bajo-seco-en-maracaibo-seran-beneficiadas-con-la-reconexion-a-la-red-de-gas\\\/#primaryimage\"},\"thumbnailUrl\":\"https:\\\/\\\/digital58.com.ve\\\/site\\\/wp-content\\\/uploads\\\/2021\\\/05\\\/9915f803-ea1a-475c-b124-c4ad245a3ac6.jpg\",\"datePublished\":\"2021-05-29T23:50:46+00:00\",\"description\":\"Zulia\",\"breadcrumb\":{\"@id\":\"https:\\\/\\\/digital58.com.ve\\\/site\\\/2021\\\/05\\\/29\\\/mil-200-familias-del-sector-bajo-seco-en-maracaibo-seran-beneficiadas-con-la-reconexion-a-la-red-de-gas\\\/#breadcrumb\"},\"inLanguage\":\"es\",\"potentialAction\":[{\"@type\":\"ReadAction\",\"target\":[\"https:\\\/\\\/digital58.com.ve\\\/site\\\/2021\\\/05\\\/29\\\/mil-200-familias-del-sector-bajo-seco-en-maracaibo-seran-beneficiadas-con-la-reconexion-a-la-red-de-gas\\\/\"]}]},{\"@type\":\"ImageObject\",\"inLanguage\":\"es\",\"@id\":\"https:\\\/\\\/digital58.com.ve\\\/site\\\/2021\\\/05\\\/29\\\/mil-200-familias-del-sector-bajo-seco-en-maracaibo-seran-beneficiadas-con-la-reconexion-a-la-red-de-gas\\\/#primaryimage\",\"url\":\"https:\\\/\\\/digital58.com.ve\\\/site\\\/wp-content\\\/uploads\\\/2021\\\/05\\\/9915f803-ea1a-475c-b124-c4ad245a3ac6.jpg\",\"contentUrl\":\"https:\\\/\\\/digital58.com.ve\\\/site\\\/wp-content\\\/uploads\\\/2021\\\/05\\\/9915f803-ea1a-475c-b124-c4ad245a3ac6.jpg\",\"width\":800,\"height\":533},{\"@type\":\"BreadcrumbList\",\"@id\":\"https:\\\/\\\/digital58.com.ve\\\/site\\\/2021\\\/05\\\/29\\\/mil-200-familias-del-sector-bajo-seco-en-maracaibo-seran-beneficiadas-con-la-reconexion-a-la-red-de-gas\\\/#breadcrumb\",\"itemListElement\":[{\"@type\":\"ListItem\",\"position\":1,\"name\":\"Home\",\"item\":\"https:\\\/\\\/digital58.com.ve\\\/site\\\/\"},{\"@type\":\"ListItem\",\"position\":2,\"name\":\"Mil 200 familias del sector Bajo Seco en Maracaibo ser\u00e1n beneficiadas con la reconexi\u00f3n a la red de gas\"}]},{\"@type\":\"WebSite\",\"@id\":\"https:\\\/\\\/digital58.com.ve\\\/site\\\/#website\",\"url\":\"https:\\\/\\\/digital58.com.ve\\\/site\\\/\",\"name\":\"Noticias Digital58\",\"description\":\"Portal de Noticias \u00a1Periodismo web de verdad! Lanzamiento web 22.11.2005 \\\/ Maracaibo, Venezuela\",\"publisher\":{\"@id\":\"https:\\\/\\\/digital58.com.ve\\\/site\\\/#\\\/schema\\\/person\\\/64d1c2e4d0d4fd1b849980c4331c2951\"},\"alternateName\":\"ND58\",\"potentialAction\":[{\"@type\":\"SearchAction\",\"target\":{\"@type\":\"EntryPoint\",\"urlTemplate\":\"https:\\\/\\\/digital58.com.ve\\\/site\\\/?s={search_term_string}\"},\"query-input\":{\"@type\":\"PropertyValueSpecification\",\"valueRequired\":true,\"valueName\":\"search_term_string\"}}],\"inLanguage\":\"es\"},{\"@type\":[\"Person\",\"Organization\"],\"@id\":\"https:\\\/\\\/digital58.com.ve\\\/site\\\/#\\\/schema\\\/person\\\/64d1c2e4d0d4fd1b849980c4331c2951\",\"name\":\"Villasmil Henry\",\"image\":{\"@type\":\"ImageObject\",\"inLanguage\":\"es\",\"@id\":\"https:\\\/\\\/secure.gravatar.com\\\/avatar\\\/bb0c4a2fcb7970138239f7e404ea75757b1b507b28b5ce4c53fbd62d797c5a7c?s=96&d=mm&r=g\",\"url\":\"https:\\\/\\\/secure.gravatar.com\\\/avatar\\\/bb0c4a2fcb7970138239f7e404ea75757b1b507b28b5ce4c53fbd62d797c5a7c?s=96&d=mm&r=g\",\"contentUrl\":\"https:\\\/\\\/secure.gravatar.com\\\/avatar\\\/bb0c4a2fcb7970138239f7e404ea75757b1b507b28b5ce4c53fbd62d797c5a7c?s=96&d=mm&r=g\",\"caption\":\"Villasmil Henry\"},\"logo\":{\"@id\":\"https:\\\/\\\/secure.gravatar.com\\\/avatar\\\/bb0c4a2fcb7970138239f7e404ea75757b1b507b28b5ce4c53fbd62d797c5a7c?s=96&d=mm&r=g\"},\"sameAs\":[\"http:\\\/\\\/www.henryvillasmil.com.ve\",\"https:\\\/\\\/www.instagram.com\\\/villasmilhfoto\\\/\",\"https:\\\/\\\/x.com\\\/https:\\\/\\\/twitter.com\\\/villasmilhfoto\"]},{\"@type\":\"Person\",\"@id\":\"https:\\\/\\\/digital58.com.ve\\\/site\\\/#\\\/schema\\\/person\\\/c61667ce6845137620ee3f0aaabade17\",\"name\":\"Molero Luis\",\"image\":{\"@type\":\"ImageObject\",\"inLanguage\":\"es\",\"@id\":\"https:\\\/\\\/secure.gravatar.com\\\/avatar\\\/bf041ec637e3e7405449807deb2f7cf3d2de7c6fa755dd56e985201de9863f2b?s=96&d=mm&r=g\",\"url\":\"https:\\\/\\\/secure.gravatar.com\\\/avatar\\\/bf041ec637e3e7405449807deb2f7cf3d2de7c6fa755dd56e985201de9863f2b?s=96&d=mm&r=g\",\"contentUrl\":\"https:\\\/\\\/secure.gravatar.com\\\/avatar\\\/bf041ec637e3e7405449807deb2f7cf3d2de7c6fa755dd56e985201de9863f2b?s=96&d=mm&r=g\",\"caption\":\"Molero Luis\"},\"url\":\"https:\\\/\\\/digital58.com.ve\\\/site\\\/author\\\/luismolero\\\/\"}]}<\/script>\n<!-- \/ Yoast SEO plugin. -->","yoast_head_json":{"title":"Mil 200 familias del sector Bajo Seco en Maracaibo ser\u00e1n beneficiadas con la reconexi\u00f3n a la red de gas","description":"Zulia","robots":{"index":"index","follow":"follow","max-snippet":"max-snippet:-1","max-image-preview":"max-image-preview:large","max-video-preview":"max-video-preview:-1"},"canonical":"https:\/\/digital58.com.ve\/site\/2021\/05\/29\/mil-200-familias-del-sector-bajo-seco-en-maracaibo-seran-beneficiadas-con-la-reconexion-a-la-red-de-gas\/","og_locale":"es_ES","og_type":"article","og_title":"Mil 200 familias del sector Bajo Seco en Maracaibo ser\u00e1n beneficiadas con la reconexi\u00f3n a la red de gas","og_description":"Zulia","og_url":"https:\/\/digital58.com.ve\/site\/2021\/05\/29\/mil-200-familias-del-sector-bajo-seco-en-maracaibo-seran-beneficiadas-con-la-reconexion-a-la-red-de-gas\/","og_site_name":"Noticias Digital58","article_published_time":"2021-05-29T23:50:46+00:00","og_image":[{"width":800,"height":533,"url":"https:\/\/digital58.com.ve\/site\/wp-content\/uploads\/2021\/05\/9915f803-ea1a-475c-b124-c4ad245a3ac6.jpg","type":"image\/jpeg"}],"author":"Molero Luis","twitter_card":"summary_large_image","twitter_creator":"@Digital_58","twitter_site":"@villasmilhfoto","twitter_misc":{"Escrito por":"Molero Luis","Tiempo estimado de lectura":"3 minutos"},"schema":{"@context":"https:\/\/schema.org","@graph":[{"@type":"Article","@id":"https:\/\/digital58.com.ve\/site\/2021\/05\/29\/mil-200-familias-del-sector-bajo-seco-en-maracaibo-seran-beneficiadas-con-la-reconexion-a-la-red-de-gas\/#article","isPartOf":{"@id":"https:\/\/digital58.com.ve\/site\/2021\/05\/29\/mil-200-familias-del-sector-bajo-seco-en-maracaibo-seran-beneficiadas-con-la-reconexion-a-la-red-de-gas\/"},"author":{"name":"Molero Luis","@id":"https:\/\/digital58.com.ve\/site\/#\/schema\/person\/c61667ce6845137620ee3f0aaabade17"},"headline":"Mil 200 familias del sector Bajo Seco en Maracaibo ser\u00e1n beneficiadas con la reconexi\u00f3n a la red de gas","datePublished":"2021-05-29T23:50:46+00:00","mainEntityOfPage":{"@id":"https:\/\/digital58.com.ve\/site\/2021\/05\/29\/mil-200-familias-del-sector-bajo-seco-en-maracaibo-seran-beneficiadas-con-la-reconexion-a-la-red-de-gas\/"},"wordCount":491,"commentCount":0,"publisher":{"@id":"https:\/\/digital58.com.ve\/site\/#\/schema\/person\/64d1c2e4d0d4fd1b849980c4331c2951"},"image":{"@id":"https:\/\/digital58.com.ve\/site\/2021\/05\/29\/mil-200-familias-del-sector-bajo-seco-en-maracaibo-seran-beneficiadas-con-la-reconexion-a-la-red-de-gas\/#primaryimage"},"thumbnailUrl":"https:\/\/digital58.com.ve\/site\/wp-content\/uploads\/2021\/05\/9915f803-ea1a-475c-b124-c4ad245a3ac6.jpg","keywords":["Alberto Hern\u00e1ndez","Alcalde Willy Casanova","Bajo Seco","Betty Morillo","H\u00e9ctor Bracho","Maracaibo","Pdvsa Gas","Red de Gas","Regionales","Sagas"],"articleSection":["Zulia"],"inLanguage":"es","potentialAction":[{"@type":"CommentAction","name":"Comment","target":["https:\/\/digital58.com.ve\/site\/2021\/05\/29\/mil-200-familias-del-sector-bajo-seco-en-maracaibo-seran-beneficiadas-con-la-reconexion-a-la-red-de-gas\/#respond"]}]},{"@type":"WebPage","@id":"https:\/\/digital58.com.ve\/site\/2021\/05\/29\/mil-200-familias-del-sector-bajo-seco-en-maracaibo-seran-beneficiadas-con-la-reconexion-a-la-red-de-gas\/","url":"https:\/\/digital58.com.ve\/site\/2021\/05\/29\/mil-200-familias-del-sector-bajo-seco-en-maracaibo-seran-beneficiadas-con-la-reconexion-a-la-red-de-gas\/","name":"Mil 200 familias del sector Bajo Seco en Maracaibo ser\u00e1n beneficiadas con la reconexi\u00f3n a la red de gas","isPartOf":{"@id":"https:\/\/digital58.com.ve\/site\/#website"},"primaryImageOfPage":{"@id":"https:\/\/digital58.com.ve\/site\/2021\/05\/29\/mil-200-familias-del-sector-bajo-seco-en-maracaibo-seran-beneficiadas-con-la-reconexion-a-la-red-de-gas\/#primaryimage"},"image":{"@id":"https:\/\/digital58.com.ve\/site\/2021\/05\/29\/mil-200-familias-del-sector-bajo-seco-en-maracaibo-seran-beneficiadas-con-la-reconexion-a-la-red-de-gas\/#primaryimage"},"thumbnailUrl":"https:\/\/digital58.com.ve\/site\/wp-content\/uploads\/2021\/05\/9915f803-ea1a-475c-b124-c4ad245a3ac6.jpg","datePublished":"2021-05-29T23:50:46+00:00","description":"Zulia","breadcrumb":{"@id":"https:\/\/digital58.com.ve\/site\/2021\/05\/29\/mil-200-familias-del-sector-bajo-seco-en-maracaibo-seran-beneficiadas-con-la-reconexion-a-la-red-de-gas\/#breadcrumb"},"inLanguage":"es","potentialAction":[{"@type":"ReadAction","target":["https:\/\/digital58.com.ve\/site\/2021\/05\/29\/mil-200-familias-del-sector-bajo-seco-en-maracaibo-seran-beneficiadas-con-la-reconexion-a-la-red-de-gas\/"]}]},{"@type":"ImageObject","inLanguage":"es","@id":"https:\/\/digital58.com.ve\/site\/2021\/05\/29\/mil-200-familias-del-sector-bajo-seco-en-maracaibo-seran-beneficiadas-con-la-reconexion-a-la-red-de-gas\/#primaryimage","url":"https:\/\/digital58.com.ve\/site\/wp-content\/uploads\/2021\/05\/9915f803-ea1a-475c-b124-c4ad245a3ac6.jpg","contentUrl":"https:\/\/digital58.com.ve\/site\/wp-content\/uploads\/2021\/05\/9915f803-ea1a-475c-b124-c4ad245a3ac6.jpg","width":800,"height":533},{"@type":"BreadcrumbList","@id":"https:\/\/digital58.com.ve\/site\/2021\/05\/29\/mil-200-familias-del-sector-bajo-seco-en-maracaibo-seran-beneficiadas-con-la-reconexion-a-la-red-de-gas\/#breadcrumb","itemListElement":[{"@type":"ListItem","position":1,"name":"Home","item":"https:\/\/digital58.com.ve\/site\/"},{"@type":"ListItem","position":2,"name":"Mil 200 familias del sector Bajo Seco en Maracaibo ser\u00e1n beneficiadas con la reconexi\u00f3n a la red de gas"}]},{"@type":"WebSite","@id":"https:\/\/digital58.com.ve\/site\/#website","url":"https:\/\/digital58.com.ve\/site\/","name":"Noticias Digital58","description":"Portal de Noticias \u00a1Periodismo web de verdad! Lanzamiento web 22.11.2005 \/ Maracaibo, Venezuela","publisher":{"@id":"https:\/\/digital58.com.ve\/site\/#\/schema\/person\/64d1c2e4d0d4fd1b849980c4331c2951"},"alternateName":"ND58","potentialAction":[{"@type":"SearchAction","target":{"@type":"EntryPoint","urlTemplate":"https:\/\/digital58.com.ve\/site\/?s={search_term_string}"},"query-input":{"@type":"PropertyValueSpecification","valueRequired":true,"valueName":"search_term_string"}}],"inLanguage":"es"},{"@type":["Person","Organization"],"@id":"https:\/\/digital58.com.ve\/site\/#\/schema\/person\/64d1c2e4d0d4fd1b849980c4331c2951","name":"Villasmil Henry","image":{"@type":"ImageObject","inLanguage":"es","@id":"https:\/\/secure.gravatar.com\/avatar\/bb0c4a2fcb7970138239f7e404ea75757b1b507b28b5ce4c53fbd62d797c5a7c?s=96&d=mm&r=g","url":"https:\/\/secure.gravatar.com\/avatar\/bb0c4a2fcb7970138239f7e404ea75757b1b507b28b5ce4c53fbd62d797c5a7c?s=96&d=mm&r=g","contentUrl":"https:\/\/secure.gravatar.com\/avatar\/bb0c4a2fcb7970138239f7e404ea75757b1b507b28b5ce4c53fbd62d797c5a7c?s=96&d=mm&r=g","caption":"Villasmil Henry"},"logo":{"@id":"https:\/\/secure.gravatar.com\/avatar\/bb0c4a2fcb7970138239f7e404ea75757b1b507b28b5ce4c53fbd62d797c5a7c?s=96&d=mm&r=g"},"sameAs":["http:\/\/www.henryvillasmil.com.ve","https:\/\/www.instagram.com\/villasmilhfoto\/","https:\/\/x.com\/https:\/\/twitter.com\/villasmilhfoto"]},{"@type":"Person","@id":"https:\/\/digital58.com.ve\/site\/#\/schema\/person\/c61667ce6845137620ee3f0aaabade17","name":"Molero Luis","image":{"@type":"ImageObject","inLanguage":"es","@id":"https:\/\/secure.gravatar.com\/avatar\/bf041ec637e3e7405449807deb2f7cf3d2de7c6fa755dd56e985201de9863f2b?s=96&d=mm&r=g","url":"https:\/\/secure.gravatar.com\/avatar\/bf041ec637e3e7405449807deb2f7cf3d2de7c6fa755dd56e985201de9863f2b?s=96&d=mm&r=g","contentUrl":"https:\/\/secure.gravatar.com\/avatar\/bf041ec637e3e7405449807deb2f7cf3d2de7c6fa755dd56e985201de9863f2b?s=96&d=mm&r=g","caption":"Molero Luis"},"url":"https:\/\/digital58.com.ve\/site\/author\/luismolero\/"}]}},"uagb_featured_image_src":{"full":["https:\/\/digital58.com.ve\/site\/wp-content\/uploads\/2021\/05\/9915f803-ea1a-475c-b124-c4ad245a3ac6.jpg",800,533,false],"thumbnail":["https:\/\/digital58.com.ve\/site\/wp-content\/uploads\/2021\/05\/9915f803-ea1a-475c-b124-c4ad245a3ac6-150x150.jpg",150,150,true],"medium":["https:\/\/digital58.com.ve\/site\/wp-content\/uploads\/2021\/05\/9915f803-ea1a-475c-b124-c4ad245a3ac6-300x200.jpg",300,200,true],"medium_large":["https:\/\/digital58.com.ve\/site\/wp-content\/uploads\/2021\/05\/9915f803-ea1a-475c-b124-c4ad245a3ac6-768x512.jpg",768,512,true],"large":["https:\/\/digital58.com.ve\/site\/wp-content\/uploads\/2021\/05\/9915f803-ea1a-475c-b124-c4ad245a3ac6.jpg",800,533,false],"1536x1536":["https:\/\/digital58.com.ve\/site\/wp-content\/uploads\/2021\/05\/9915f803-ea1a-475c-b124-c4ad245a3ac6.jpg",800,533,false],"2048x2048":["https:\/\/digital58.com.ve\/site\/wp-content\/uploads\/2021\/05\/9915f803-ea1a-475c-b124-c4ad245a3ac6.jpg",800,533,false],"colormag-highlighted-post":["https:\/\/digital58.com.ve\/site\/wp-content\/uploads\/2021\/05\/9915f803-ea1a-475c-b124-c4ad245a3ac6.jpg",392,261,false],"colormag-featured-post-medium":["https:\/\/digital58.com.ve\/site\/wp-content\/uploads\/2021\/05\/9915f803-ea1a-475c-b124-c4ad245a3ac6.jpg",308,205,false],"colormag-featured-post-small":["https:\/\/digital58.com.ve\/site\/wp-content\/uploads\/2021\/05\/9915f803-ea1a-475c-b124-c4ad245a3ac6.jpg",130,87,false],"colormag-featured-image":["https:\/\/digital58.com.ve\/site\/wp-content\/uploads\/2021\/05\/9915f803-ea1a-475c-b124-c4ad245a3ac6.jpg",668,445,false],"colormag-default-news":["https:\/\/digital58.com.ve\/site\/wp-content\/uploads\/2021\/05\/9915f803-ea1a-475c-b124-c4ad245a3ac6.jpg",150,100,false],"colormag-featured-image-large":["https:\/\/digital58.com.ve\/site\/wp-content\/uploads\/2021\/05\/9915f803-ea1a-475c-b124-c4ad245a3ac6.jpg",800,533,false]},"uagb_author_info":{"display_name":"Molero Luis","author_link":"https:\/\/digital58.com.ve\/site\/author\/luismolero\/"},"uagb_comment_info":0,"uagb_excerpt":"El director del Sagas, H\u00e9ctor Bracho, se\u00f1al\u00f3 que este sector padec\u00eda por el volumen del gas insuficiente y detall\u00f3 que","_links":{"self":[{"href":"https:\/\/digital58.com.ve\/site\/wp-json\/wp\/v2\/posts\/139589","targetHints":{"allow":["GET"]}}],"collection":[{"href":"https:\/\/digital58.com.ve\/site\/wp-json\/wp\/v2\/posts"}],"about":[{"href":"https:\/\/digital58.com.ve\/site\/wp-json\/wp\/v2\/types\/post"}],"author":[{"embeddable":true,"href":"https:\/\/digital58.com.ve\/site\/wp-json\/wp\/v2\/users\/26"}],"replies":[{"embeddable":true,"href":"https:\/\/digital58.com.ve\/site\/wp-json\/wp\/v2\/comments?post=139589"}],"version-history":[{"count":0,"href":"https:\/\/digital58.com.ve\/site\/wp-json\/wp\/v2\/posts\/139589\/revisions"}],"wp:featuredmedia":[{"embeddable":true,"href":"https:\/\/digital58.com.ve\/site\/wp-json\/wp\/v2\/media\/139591"}],"wp:attachment":[{"href":"https:\/\/digital58.com.ve\/site\/wp-json\/wp\/v2\/media?parent=139589"}],"wp:term":[{"taxonomy":"category","embeddable":true,"href":"https:\/\/digital58.com.ve\/site\/wp-json\/wp\/v2\/categories?post=139589"},{"taxonomy":"post_tag","embeddable":true,"href":"https:\/\/digital58.com.ve\/site\/wp-json\/wp\/v2\/tags?post=139589"}],"curies":[{"name":"wp","href":"https:\/\/api.w.org\/{rel}","templated":true}]}}