{"id":139990,"date":"2021-06-09T22:00:41","date_gmt":"2021-06-10T02:00:41","guid":{"rendered":"https:\/\/digital58.com.ve\/site\/?p=139990"},"modified":"2021-06-09T22:00:41","modified_gmt":"2021-06-10T02:00:41","slug":"defensa-de-saab-celebra-la-solicitud-de-onu-para-frenar-su-extradicion-a-eeuu","status":"publish","type":"post","link":"https:\/\/digital58.com.ve\/site\/2021\/06\/09\/defensa-de-saab-celebra-la-solicitud-de-onu-para-frenar-su-extradicion-a-eeuu\/","title":{"rendered":"Defensa de Saab celebra la solicitud de ONU para frenar su extradici\u00f3n a EEUU"},"content":{"rendered":"<p><a href=\"https:\/\/digital58.com.ve\/site\/wp-content\/uploads\/2020\/09\/Alex-Saab.jpg\"><img loading=\"lazy\" decoding=\"async\" class=\"aligncenter size-full wp-image-128383\" src=\"https:\/\/digital58.com.ve\/site\/wp-content\/uploads\/2020\/09\/Alex-Saab.jpg\" alt=\"\" width=\"800\" height=\"533\" srcset=\"https:\/\/digital58.com.ve\/site\/wp-content\/uploads\/2020\/09\/Alex-Saab.jpg 800w, https:\/\/digital58.com.ve\/site\/wp-content\/uploads\/2020\/09\/Alex-Saab-300x200.jpg 300w, https:\/\/digital58.com.ve\/site\/wp-content\/uploads\/2020\/09\/Alex-Saab-768x512.jpg 768w, https:\/\/digital58.com.ve\/site\/wp-content\/uploads\/2020\/09\/Alex-Saab-720x480.jpg 720w, https:\/\/digital58.com.ve\/site\/wp-content\/uploads\/2020\/09\/Alex-Saab-480x320.jpg 480w\" sizes=\"auto, (max-width: 800px) 100vw, 800px\" \/><\/a><\/p>\n<p>\u00abLa decisi\u00f3n del CDHNU me congratula porque paraliza la extradici\u00f3n\u00bb, afirm\u00f3 el exjuez espa\u00f1ol Baltasar Garz\u00f3n, coordinador del equipo legal internacional del empresario colombiano, en un comunicado remitido a Efe al filo de la pasada medianoche.<\/p>\n<p><strong>Internacionales, 09 de junio de 2021 (ND58).-<\/strong> El equipo legal del empresario colombiano \u00c1lex Saab, presunto testaferro del presidente venezolano, Nicol\u00e1s Maduro, celebr\u00f3 la solicitud que el Comit\u00e9 de Derechos Humanos de Naciones Unidas (CDHNU) hizo a Cabo Verde, donde lleva detenido casi un a\u00f1o, para que detenga su extradici\u00f3n a EEUU.<\/p>\n<p>Esa decisi\u00f3n consta en una carta firmada en Ginebra y publicada este martes por los relatores especiales del Comit\u00e9 de Derechos Humanos sobre Nuevas Comunicaciones y Medidas Provisionales, Helene Tigroudja y Arif Bulkan.<\/p>\n<p>\u00abDe conformidad con el art\u00edculo 94 del reglamento del Comit\u00e9, se ha pedido al Estado miembro que se abstenga de extraditar al se\u00f1or \u00c1lex Nain Saab Moran a los Estados Unidos de Am\u00e9rica mientras su caso sea examinado por el Comit\u00e9 o hasta nuevo aviso\u00bb, se\u00f1alan los relatores, que piden al pa\u00eds africano que adopte medidas para garantizar el \u00abacceso a atenci\u00f3n m\u00e9dica adecuada\u00bb para Saab.<\/p>\n<p>\u00abEl Comit\u00e9 \u2014advierten\u2014 puede revisar su decisi\u00f3n sobre la base de la informaci\u00f3n proporcionada\u00bb por Cabo Verde y Saab, que interpuso una denuncia ante ese organismo que alega \u00abtortura y malos tratos\u00bb en el momento de su arresto, as\u00ed como \u00abcondiciones inhumanas y degradantes de la detenci\u00f3n debido a la falta de cuidados m\u00e9dicos\u00bb.<\/p>\n<p>Seg\u00fan Garz\u00f3n, la decisi\u00f3n del CDHNU \u00abexige la atenci\u00f3n m\u00e9dica de confianza y permite entrar a valorar el fondo de la cuesti\u00f3n\u00bb.<\/p>\n<p>\u00abEsperamos que Cabo Verde tome nota, cumpla el mandato del Comit\u00e9 y que la Corte Constitucional (caboverdiana) decida la improcedencia de la extradici\u00f3n de \u00c1lex Saab a Estados Unidos\u00bb, agreg\u00f3 el exjuez espa\u00f1ol, en alusi\u00f3n al veredicto que ese alto tribunal debe emitir sobre la suerte del supuesto testaferro.<\/p>\n<p>El empresario, de 49 a\u00f1os, fue detenido el 12 de junio del a\u00f1o pasado cuando su avi\u00f3n hizo escala para repostar en el Aeropuerto Internacional Amilcar Cabral de la isla de Sal (el m\u00e1s importante de Cabo Verde), en respuesta a una petici\u00f3n de Estados Unidos cursada a trav\u00e9s de Interpol por supuestos delitos de blanqueo de dinero.<\/p>\n<p>Tras su detenci\u00f3n, Venezuela subray\u00f3 que Saab es un ciudadano venezolano y un \u00abagente\u00bb del Gobierno, que se hallaba \u00aben tr\u00e1nsito\u00bb en Cabo Verde, por lo que sus abogados sostienen que \u00abten\u00eda derecho a la inviolabilidad personal como enviado especial de Venezuela\u00bb.<\/p>\n<p>El nombre del empresario apareci\u00f3 en los medios cuando la exfiscal venezolana Luisa Ortega D\u00edaz lo acus\u00f3 en 2017 de ser uno de los testaferros del presidente venezolano.<\/p>\n<p>Saab, nacido en la ciudad colombiana de Barranquilla y de origen liban\u00e9s, est\u00e1 relacionado con varias empresas, entre ellas Group Grand Limited (GGL), acusada de suministrar alimentos y v\u00edveres con sobreprecios a la Administraci\u00f3n de Maduro.<\/p>\n<p>Seg\u00fan el Gobierno estadounidense, el empresario colombiano y tres hijastros de Maduro se lucraron de estas operaciones con \u00abcientos de millones de d\u00f3lares\u00bb.<\/p><div class=\"viizk69f33adda23f6\" ><p style=\"text-align: center;\"><a href=\"https:\/\/t.me\/noticiasdigital58\" target=\"_blank\" rel=\"noopener\"><img class=\"aligncenter size-full wp-image-125363\" src=\"https:\/\/digital58.com.ve\/site\/wp-content\/uploads\/2021\/04\/banner-telegram-web-2021.png\" alt=\"\" width=\"600\" height=\"90\" \/><\/a><\/p><\/div><style type=\"text\/css\">\r\n@media screen and (min-width: 1201px) {\r\n.viizk69f33adda23f6 {\r\ndisplay: block;\r\n}\r\n}\r\n@media screen and (min-width: 993px) and (max-width: 1200px) {\r\n.viizk69f33adda23f6 {\r\ndisplay: block;\r\n}\r\n}\r\n@media screen and (min-width: 769px) and (max-width: 992px) {\r\n.viizk69f33adda23f6 {\r\ndisplay: block;\r\n}\r\n}\r\n@media screen and (min-width: 768px) and (max-width: 768px) {\r\n.viizk69f33adda23f6 {\r\ndisplay: block;\r\n}\r\n}\r\n@media screen and (max-width: 767px) {\r\n.viizk69f33adda23f6 {\r\ndisplay: block;\r\n}\r\n}\r\n<\/style>\r\n\n<p><strong>Redacci\u00f3n ND58 | Fuente: EFE<\/strong><br \/>\n<strong>Edici\u00f3n: Villasmil, Henry<\/strong><br \/>\n<strong>Gr\u00e1fica: Archivo<\/strong><\/p>\n<div style=\"margin-top: 0px; margin-bottom: 0px;\" class=\"sharethis-inline-share-buttons\" ><\/div>","protected":false},"excerpt":{"rendered":"<p>\u00abLa decisi\u00f3n del CDHNU me congratula porque paraliza la extradici\u00f3n\u00bb, afirm\u00f3 el exjuez espa\u00f1ol Baltasar Garz\u00f3n, coordinador del equipo legal<\/p>\n","protected":false},"author":1,"featured_media":128383,"comment_status":"open","ping_status":"closed","sticky":false,"template":"","format":"standard","meta":{"colormag_page_container_layout":"default_layout","colormag_page_sidebar_layout":"default_layout","_uag_custom_page_level_css":"","footnotes":""},"categories":[16451],"tags":[15997,17654,15999,24543,24545,13879,24544,8,2724,32],"class_list":["post-139990","post","type-post","status-publish","format-standard","has-post-thumbnail","hentry","category-mundo","tag-alex-saab","tag-baltasar-garzon","tag-cabo-verde","tag-cdhnu","tag-estados-unidos-de-america","tag-extradicion","tag-helene-tigroudja-y-arif-bulkan","tag-internacionales","tag-nicolas-maduro","tag-venezuela"],"yoast_head":"<!-- This site is optimized with the Yoast SEO plugin v27.5 - https:\/\/yoast.com\/product\/yoast-seo-wordpress\/ -->\n<title>Defensa de Saab celebra la solicitud de ONU para frenar su extradici\u00f3n a EEUU<\/title>\n<meta name=\"description\" content=\"Mundo\" \/>\n<meta name=\"robots\" content=\"index, follow, max-snippet:-1, max-image-preview:large, max-video-preview:-1\" \/>\n<link rel=\"canonical\" href=\"https:\/\/digital58.com.ve\/site\/2021\/06\/09\/defensa-de-saab-celebra-la-solicitud-de-onu-para-frenar-su-extradicion-a-eeuu\/\" \/>\n<meta property=\"og:locale\" content=\"es_ES\" \/>\n<meta property=\"og:type\" content=\"article\" \/>\n<meta property=\"og:title\" content=\"Defensa de Saab celebra la solicitud de ONU para frenar su extradici\u00f3n a EEUU\" \/>\n<meta property=\"og:description\" content=\"Mundo\" \/>\n<meta property=\"og:url\" content=\"https:\/\/digital58.com.ve\/site\/2021\/06\/09\/defensa-de-saab-celebra-la-solicitud-de-onu-para-frenar-su-extradicion-a-eeuu\/\" \/>\n<meta property=\"og:site_name\" content=\"Noticias Digital58\" \/>\n<meta property=\"article:published_time\" content=\"2021-06-10T02:00:41+00:00\" \/>\n<meta property=\"og:image\" content=\"https:\/\/digital58.com.ve\/site\/wp-content\/uploads\/2020\/09\/Alex-Saab.jpg\" \/>\n\t<meta property=\"og:image:width\" content=\"800\" \/>\n\t<meta property=\"og:image:height\" content=\"533\" \/>\n\t<meta property=\"og:image:type\" content=\"image\/jpeg\" \/>\n<meta name=\"author\" content=\"Villasmil Henry\" \/>\n<meta name=\"twitter:card\" content=\"summary_large_image\" \/>\n<meta name=\"twitter:creator\" content=\"@https:\/\/twitter.com\/villasmilhfoto\" \/>\n<meta name=\"twitter:site\" content=\"@villasmilhfoto\" \/>\n<meta name=\"twitter:label1\" content=\"Escrito por\" \/>\n\t<meta name=\"twitter:data1\" content=\"Villasmil Henry\" \/>\n\t<meta name=\"twitter:label2\" content=\"Tiempo estimado de lectura\" \/>\n\t<meta name=\"twitter:data2\" content=\"3 minutos\" \/>\n<script type=\"application\/ld+json\" class=\"yoast-schema-graph\">{\"@context\":\"https:\\\/\\\/schema.org\",\"@graph\":[{\"@type\":\"Article\",\"@id\":\"https:\\\/\\\/digital58.com.ve\\\/site\\\/2021\\\/06\\\/09\\\/defensa-de-saab-celebra-la-solicitud-de-onu-para-frenar-su-extradicion-a-eeuu\\\/#article\",\"isPartOf\":{\"@id\":\"https:\\\/\\\/digital58.com.ve\\\/site\\\/2021\\\/06\\\/09\\\/defensa-de-saab-celebra-la-solicitud-de-onu-para-frenar-su-extradicion-a-eeuu\\\/\"},\"author\":{\"name\":\"Villasmil Henry\",\"@id\":\"https:\\\/\\\/digital58.com.ve\\\/site\\\/#\\\/schema\\\/person\\\/64d1c2e4d0d4fd1b849980c4331c2951\"},\"headline\":\"Defensa de Saab celebra la solicitud de ONU para frenar su extradici\u00f3n a EEUU\",\"datePublished\":\"2021-06-10T02:00:41+00:00\",\"mainEntityOfPage\":{\"@id\":\"https:\\\/\\\/digital58.com.ve\\\/site\\\/2021\\\/06\\\/09\\\/defensa-de-saab-celebra-la-solicitud-de-onu-para-frenar-su-extradicion-a-eeuu\\\/\"},\"wordCount\":564,\"commentCount\":0,\"publisher\":{\"@id\":\"https:\\\/\\\/digital58.com.ve\\\/site\\\/#\\\/schema\\\/person\\\/64d1c2e4d0d4fd1b849980c4331c2951\"},\"image\":{\"@id\":\"https:\\\/\\\/digital58.com.ve\\\/site\\\/2021\\\/06\\\/09\\\/defensa-de-saab-celebra-la-solicitud-de-onu-para-frenar-su-extradicion-a-eeuu\\\/#primaryimage\"},\"thumbnailUrl\":\"https:\\\/\\\/digital58.com.ve\\\/site\\\/wp-content\\\/uploads\\\/2020\\\/09\\\/Alex-Saab.jpg\",\"keywords\":[\"Alex Saab\",\"Baltasar Garz\u00f3n\",\"Cabo Verde\",\"CDHNU\",\"Estados Unidos de Am\u00e9rica\",\"Extradici\u00f3n\",\"Helene Tigroudja y Arif Bulkan\",\"Internacionales\",\"Nicol\u00e1s Maduro\",\"Venezuela\"],\"articleSection\":[\"Mundo\"],\"inLanguage\":\"es\",\"potentialAction\":[{\"@type\":\"CommentAction\",\"name\":\"Comment\",\"target\":[\"https:\\\/\\\/digital58.com.ve\\\/site\\\/2021\\\/06\\\/09\\\/defensa-de-saab-celebra-la-solicitud-de-onu-para-frenar-su-extradicion-a-eeuu\\\/#respond\"]}]},{\"@type\":\"WebPage\",\"@id\":\"https:\\\/\\\/digital58.com.ve\\\/site\\\/2021\\\/06\\\/09\\\/defensa-de-saab-celebra-la-solicitud-de-onu-para-frenar-su-extradicion-a-eeuu\\\/\",\"url\":\"https:\\\/\\\/digital58.com.ve\\\/site\\\/2021\\\/06\\\/09\\\/defensa-de-saab-celebra-la-solicitud-de-onu-para-frenar-su-extradicion-a-eeuu\\\/\",\"name\":\"Defensa de Saab celebra la solicitud de ONU para frenar su extradici\u00f3n a EEUU\",\"isPartOf\":{\"@id\":\"https:\\\/\\\/digital58.com.ve\\\/site\\\/#website\"},\"primaryImageOfPage\":{\"@id\":\"https:\\\/\\\/digital58.com.ve\\\/site\\\/2021\\\/06\\\/09\\\/defensa-de-saab-celebra-la-solicitud-de-onu-para-frenar-su-extradicion-a-eeuu\\\/#primaryimage\"},\"image\":{\"@id\":\"https:\\\/\\\/digital58.com.ve\\\/site\\\/2021\\\/06\\\/09\\\/defensa-de-saab-celebra-la-solicitud-de-onu-para-frenar-su-extradicion-a-eeuu\\\/#primaryimage\"},\"thumbnailUrl\":\"https:\\\/\\\/digital58.com.ve\\\/site\\\/wp-content\\\/uploads\\\/2020\\\/09\\\/Alex-Saab.jpg\",\"datePublished\":\"2021-06-10T02:00:41+00:00\",\"description\":\"Mundo\",\"breadcrumb\":{\"@id\":\"https:\\\/\\\/digital58.com.ve\\\/site\\\/2021\\\/06\\\/09\\\/defensa-de-saab-celebra-la-solicitud-de-onu-para-frenar-su-extradicion-a-eeuu\\\/#breadcrumb\"},\"inLanguage\":\"es\",\"potentialAction\":[{\"@type\":\"ReadAction\",\"target\":[\"https:\\\/\\\/digital58.com.ve\\\/site\\\/2021\\\/06\\\/09\\\/defensa-de-saab-celebra-la-solicitud-de-onu-para-frenar-su-extradicion-a-eeuu\\\/\"]}]},{\"@type\":\"ImageObject\",\"inLanguage\":\"es\",\"@id\":\"https:\\\/\\\/digital58.com.ve\\\/site\\\/2021\\\/06\\\/09\\\/defensa-de-saab-celebra-la-solicitud-de-onu-para-frenar-su-extradicion-a-eeuu\\\/#primaryimage\",\"url\":\"https:\\\/\\\/digital58.com.ve\\\/site\\\/wp-content\\\/uploads\\\/2020\\\/09\\\/Alex-Saab.jpg\",\"contentUrl\":\"https:\\\/\\\/digital58.com.ve\\\/site\\\/wp-content\\\/uploads\\\/2020\\\/09\\\/Alex-Saab.jpg\",\"width\":800,\"height\":533},{\"@type\":\"BreadcrumbList\",\"@id\":\"https:\\\/\\\/digital58.com.ve\\\/site\\\/2021\\\/06\\\/09\\\/defensa-de-saab-celebra-la-solicitud-de-onu-para-frenar-su-extradicion-a-eeuu\\\/#breadcrumb\",\"itemListElement\":[{\"@type\":\"ListItem\",\"position\":1,\"name\":\"Home\",\"item\":\"https:\\\/\\\/digital58.com.ve\\\/site\\\/\"},{\"@type\":\"ListItem\",\"position\":2,\"name\":\"Defensa de Saab celebra la solicitud de ONU para frenar su extradici\u00f3n a EEUU\"}]},{\"@type\":\"WebSite\",\"@id\":\"https:\\\/\\\/digital58.com.ve\\\/site\\\/#website\",\"url\":\"https:\\\/\\\/digital58.com.ve\\\/site\\\/\",\"name\":\"Noticias Digital58\",\"description\":\"Portal de Noticias \u00a1Periodismo web de verdad! Lanzamiento web 22.11.2005 \\\/ Maracaibo, Venezuela\",\"publisher\":{\"@id\":\"https:\\\/\\\/digital58.com.ve\\\/site\\\/#\\\/schema\\\/person\\\/64d1c2e4d0d4fd1b849980c4331c2951\"},\"alternateName\":\"ND58\",\"potentialAction\":[{\"@type\":\"SearchAction\",\"target\":{\"@type\":\"EntryPoint\",\"urlTemplate\":\"https:\\\/\\\/digital58.com.ve\\\/site\\\/?s={search_term_string}\"},\"query-input\":{\"@type\":\"PropertyValueSpecification\",\"valueRequired\":true,\"valueName\":\"search_term_string\"}}],\"inLanguage\":\"es\"},{\"@type\":[\"Person\",\"Organization\"],\"@id\":\"https:\\\/\\\/digital58.com.ve\\\/site\\\/#\\\/schema\\\/person\\\/64d1c2e4d0d4fd1b849980c4331c2951\",\"name\":\"Villasmil Henry\",\"image\":{\"@type\":\"ImageObject\",\"inLanguage\":\"es\",\"@id\":\"https:\\\/\\\/secure.gravatar.com\\\/avatar\\\/bb0c4a2fcb7970138239f7e404ea75757b1b507b28b5ce4c53fbd62d797c5a7c?s=96&d=mm&r=g\",\"url\":\"https:\\\/\\\/secure.gravatar.com\\\/avatar\\\/bb0c4a2fcb7970138239f7e404ea75757b1b507b28b5ce4c53fbd62d797c5a7c?s=96&d=mm&r=g\",\"contentUrl\":\"https:\\\/\\\/secure.gravatar.com\\\/avatar\\\/bb0c4a2fcb7970138239f7e404ea75757b1b507b28b5ce4c53fbd62d797c5a7c?s=96&d=mm&r=g\",\"caption\":\"Villasmil Henry\"},\"logo\":{\"@id\":\"https:\\\/\\\/secure.gravatar.com\\\/avatar\\\/bb0c4a2fcb7970138239f7e404ea75757b1b507b28b5ce4c53fbd62d797c5a7c?s=96&d=mm&r=g\"},\"sameAs\":[\"http:\\\/\\\/www.henryvillasmil.com.ve\",\"https:\\\/\\\/www.instagram.com\\\/villasmilhfoto\\\/\",\"https:\\\/\\\/x.com\\\/https:\\\/\\\/twitter.com\\\/villasmilhfoto\"],\"url\":\"https:\\\/\\\/digital58.com.ve\\\/site\\\/author\\\/droopy_68\\\/\"}]}<\/script>\n<!-- \/ Yoast SEO plugin. -->","yoast_head_json":{"title":"Defensa de Saab celebra la solicitud de ONU para frenar su extradici\u00f3n a EEUU","description":"Mundo","robots":{"index":"index","follow":"follow","max-snippet":"max-snippet:-1","max-image-preview":"max-image-preview:large","max-video-preview":"max-video-preview:-1"},"canonical":"https:\/\/digital58.com.ve\/site\/2021\/06\/09\/defensa-de-saab-celebra-la-solicitud-de-onu-para-frenar-su-extradicion-a-eeuu\/","og_locale":"es_ES","og_type":"article","og_title":"Defensa de Saab celebra la solicitud de ONU para frenar su extradici\u00f3n a EEUU","og_description":"Mundo","og_url":"https:\/\/digital58.com.ve\/site\/2021\/06\/09\/defensa-de-saab-celebra-la-solicitud-de-onu-para-frenar-su-extradicion-a-eeuu\/","og_site_name":"Noticias Digital58","article_published_time":"2021-06-10T02:00:41+00:00","og_image":[{"width":800,"height":533,"url":"https:\/\/digital58.com.ve\/site\/wp-content\/uploads\/2020\/09\/Alex-Saab.jpg","type":"image\/jpeg"}],"author":"Villasmil Henry","twitter_card":"summary_large_image","twitter_creator":"@https:\/\/twitter.com\/villasmilhfoto","twitter_site":"@villasmilhfoto","twitter_misc":{"Escrito por":"Villasmil Henry","Tiempo estimado de lectura":"3 minutos"},"schema":{"@context":"https:\/\/schema.org","@graph":[{"@type":"Article","@id":"https:\/\/digital58.com.ve\/site\/2021\/06\/09\/defensa-de-saab-celebra-la-solicitud-de-onu-para-frenar-su-extradicion-a-eeuu\/#article","isPartOf":{"@id":"https:\/\/digital58.com.ve\/site\/2021\/06\/09\/defensa-de-saab-celebra-la-solicitud-de-onu-para-frenar-su-extradicion-a-eeuu\/"},"author":{"name":"Villasmil Henry","@id":"https:\/\/digital58.com.ve\/site\/#\/schema\/person\/64d1c2e4d0d4fd1b849980c4331c2951"},"headline":"Defensa de Saab celebra la solicitud de ONU para frenar su extradici\u00f3n a EEUU","datePublished":"2021-06-10T02:00:41+00:00","mainEntityOfPage":{"@id":"https:\/\/digital58.com.ve\/site\/2021\/06\/09\/defensa-de-saab-celebra-la-solicitud-de-onu-para-frenar-su-extradicion-a-eeuu\/"},"wordCount":564,"commentCount":0,"publisher":{"@id":"https:\/\/digital58.com.ve\/site\/#\/schema\/person\/64d1c2e4d0d4fd1b849980c4331c2951"},"image":{"@id":"https:\/\/digital58.com.ve\/site\/2021\/06\/09\/defensa-de-saab-celebra-la-solicitud-de-onu-para-frenar-su-extradicion-a-eeuu\/#primaryimage"},"thumbnailUrl":"https:\/\/digital58.com.ve\/site\/wp-content\/uploads\/2020\/09\/Alex-Saab.jpg","keywords":["Alex Saab","Baltasar Garz\u00f3n","Cabo Verde","CDHNU","Estados Unidos de Am\u00e9rica","Extradici\u00f3n","Helene Tigroudja y Arif Bulkan","Internacionales","Nicol\u00e1s Maduro","Venezuela"],"articleSection":["Mundo"],"inLanguage":"es","potentialAction":[{"@type":"CommentAction","name":"Comment","target":["https:\/\/digital58.com.ve\/site\/2021\/06\/09\/defensa-de-saab-celebra-la-solicitud-de-onu-para-frenar-su-extradicion-a-eeuu\/#respond"]}]},{"@type":"WebPage","@id":"https:\/\/digital58.com.ve\/site\/2021\/06\/09\/defensa-de-saab-celebra-la-solicitud-de-onu-para-frenar-su-extradicion-a-eeuu\/","url":"https:\/\/digital58.com.ve\/site\/2021\/06\/09\/defensa-de-saab-celebra-la-solicitud-de-onu-para-frenar-su-extradicion-a-eeuu\/","name":"Defensa de Saab celebra la solicitud de ONU para frenar su extradici\u00f3n a EEUU","isPartOf":{"@id":"https:\/\/digital58.com.ve\/site\/#website"},"primaryImageOfPage":{"@id":"https:\/\/digital58.com.ve\/site\/2021\/06\/09\/defensa-de-saab-celebra-la-solicitud-de-onu-para-frenar-su-extradicion-a-eeuu\/#primaryimage"},"image":{"@id":"https:\/\/digital58.com.ve\/site\/2021\/06\/09\/defensa-de-saab-celebra-la-solicitud-de-onu-para-frenar-su-extradicion-a-eeuu\/#primaryimage"},"thumbnailUrl":"https:\/\/digital58.com.ve\/site\/wp-content\/uploads\/2020\/09\/Alex-Saab.jpg","datePublished":"2021-06-10T02:00:41+00:00","description":"Mundo","breadcrumb":{"@id":"https:\/\/digital58.com.ve\/site\/2021\/06\/09\/defensa-de-saab-celebra-la-solicitud-de-onu-para-frenar-su-extradicion-a-eeuu\/#breadcrumb"},"inLanguage":"es","potentialAction":[{"@type":"ReadAction","target":["https:\/\/digital58.com.ve\/site\/2021\/06\/09\/defensa-de-saab-celebra-la-solicitud-de-onu-para-frenar-su-extradicion-a-eeuu\/"]}]},{"@type":"ImageObject","inLanguage":"es","@id":"https:\/\/digital58.com.ve\/site\/2021\/06\/09\/defensa-de-saab-celebra-la-solicitud-de-onu-para-frenar-su-extradicion-a-eeuu\/#primaryimage","url":"https:\/\/digital58.com.ve\/site\/wp-content\/uploads\/2020\/09\/Alex-Saab.jpg","contentUrl":"https:\/\/digital58.com.ve\/site\/wp-content\/uploads\/2020\/09\/Alex-Saab.jpg","width":800,"height":533},{"@type":"BreadcrumbList","@id":"https:\/\/digital58.com.ve\/site\/2021\/06\/09\/defensa-de-saab-celebra-la-solicitud-de-onu-para-frenar-su-extradicion-a-eeuu\/#breadcrumb","itemListElement":[{"@type":"ListItem","position":1,"name":"Home","item":"https:\/\/digital58.com.ve\/site\/"},{"@type":"ListItem","position":2,"name":"Defensa de Saab celebra la solicitud de ONU para frenar su extradici\u00f3n a EEUU"}]},{"@type":"WebSite","@id":"https:\/\/digital58.com.ve\/site\/#website","url":"https:\/\/digital58.com.ve\/site\/","name":"Noticias Digital58","description":"Portal de Noticias \u00a1Periodismo web de verdad! Lanzamiento web 22.11.2005 \/ Maracaibo, Venezuela","publisher":{"@id":"https:\/\/digital58.com.ve\/site\/#\/schema\/person\/64d1c2e4d0d4fd1b849980c4331c2951"},"alternateName":"ND58","potentialAction":[{"@type":"SearchAction","target":{"@type":"EntryPoint","urlTemplate":"https:\/\/digital58.com.ve\/site\/?s={search_term_string}"},"query-input":{"@type":"PropertyValueSpecification","valueRequired":true,"valueName":"search_term_string"}}],"inLanguage":"es"},{"@type":["Person","Organization"],"@id":"https:\/\/digital58.com.ve\/site\/#\/schema\/person\/64d1c2e4d0d4fd1b849980c4331c2951","name":"Villasmil Henry","image":{"@type":"ImageObject","inLanguage":"es","@id":"https:\/\/secure.gravatar.com\/avatar\/bb0c4a2fcb7970138239f7e404ea75757b1b507b28b5ce4c53fbd62d797c5a7c?s=96&d=mm&r=g","url":"https:\/\/secure.gravatar.com\/avatar\/bb0c4a2fcb7970138239f7e404ea75757b1b507b28b5ce4c53fbd62d797c5a7c?s=96&d=mm&r=g","contentUrl":"https:\/\/secure.gravatar.com\/avatar\/bb0c4a2fcb7970138239f7e404ea75757b1b507b28b5ce4c53fbd62d797c5a7c?s=96&d=mm&r=g","caption":"Villasmil Henry"},"logo":{"@id":"https:\/\/secure.gravatar.com\/avatar\/bb0c4a2fcb7970138239f7e404ea75757b1b507b28b5ce4c53fbd62d797c5a7c?s=96&d=mm&r=g"},"sameAs":["http:\/\/www.henryvillasmil.com.ve","https:\/\/www.instagram.com\/villasmilhfoto\/","https:\/\/x.com\/https:\/\/twitter.com\/villasmilhfoto"],"url":"https:\/\/digital58.com.ve\/site\/author\/droopy_68\/"}]}},"uagb_featured_image_src":{"full":["https:\/\/digital58.com.ve\/site\/wp-content\/uploads\/2020\/09\/Alex-Saab.jpg",800,533,false],"thumbnail":["https:\/\/digital58.com.ve\/site\/wp-content\/uploads\/2020\/09\/Alex-Saab-150x150.jpg",150,150,true],"medium":["https:\/\/digital58.com.ve\/site\/wp-content\/uploads\/2020\/09\/Alex-Saab-300x200.jpg",300,200,true],"medium_large":["https:\/\/digital58.com.ve\/site\/wp-content\/uploads\/2020\/09\/Alex-Saab-768x512.jpg",768,512,true],"large":["https:\/\/digital58.com.ve\/site\/wp-content\/uploads\/2020\/09\/Alex-Saab.jpg",800,533,false],"1536x1536":["https:\/\/digital58.com.ve\/site\/wp-content\/uploads\/2020\/09\/Alex-Saab.jpg",800,533,false],"2048x2048":["https:\/\/digital58.com.ve\/site\/wp-content\/uploads\/2020\/09\/Alex-Saab.jpg",800,533,false],"colormag-highlighted-post":["https:\/\/digital58.com.ve\/site\/wp-content\/uploads\/2020\/09\/Alex-Saab.jpg",392,261,false],"colormag-featured-post-medium":["https:\/\/digital58.com.ve\/site\/wp-content\/uploads\/2020\/09\/Alex-Saab.jpg",308,205,false],"colormag-featured-post-small":["https:\/\/digital58.com.ve\/site\/wp-content\/uploads\/2020\/09\/Alex-Saab.jpg",130,87,false],"colormag-featured-image":["https:\/\/digital58.com.ve\/site\/wp-content\/uploads\/2020\/09\/Alex-Saab.jpg",668,445,false],"colormag-default-news":["https:\/\/digital58.com.ve\/site\/wp-content\/uploads\/2020\/09\/Alex-Saab.jpg",150,100,false],"colormag-featured-image-large":["https:\/\/digital58.com.ve\/site\/wp-content\/uploads\/2020\/09\/Alex-Saab.jpg",800,533,false]},"uagb_author_info":{"display_name":"Villasmil Henry","author_link":"https:\/\/digital58.com.ve\/site\/author\/droopy_68\/"},"uagb_comment_info":0,"uagb_excerpt":"\u00abLa decisi\u00f3n del CDHNU me congratula porque paraliza la extradici\u00f3n\u00bb, afirm\u00f3 el exjuez espa\u00f1ol Baltasar Garz\u00f3n, coordinador del equipo legal","_links":{"self":[{"href":"https:\/\/digital58.com.ve\/site\/wp-json\/wp\/v2\/posts\/139990","targetHints":{"allow":["GET"]}}],"collection":[{"href":"https:\/\/digital58.com.ve\/site\/wp-json\/wp\/v2\/posts"}],"about":[{"href":"https:\/\/digital58.com.ve\/site\/wp-json\/wp\/v2\/types\/post"}],"author":[{"embeddable":true,"href":"https:\/\/digital58.com.ve\/site\/wp-json\/wp\/v2\/users\/1"}],"replies":[{"embeddable":true,"href":"https:\/\/digital58.com.ve\/site\/wp-json\/wp\/v2\/comments?post=139990"}],"version-history":[{"count":0,"href":"https:\/\/digital58.com.ve\/site\/wp-json\/wp\/v2\/posts\/139990\/revisions"}],"wp:featuredmedia":[{"embeddable":true,"href":"https:\/\/digital58.com.ve\/site\/wp-json\/wp\/v2\/media\/128383"}],"wp:attachment":[{"href":"https:\/\/digital58.com.ve\/site\/wp-json\/wp\/v2\/media?parent=139990"}],"wp:term":[{"taxonomy":"category","embeddable":true,"href":"https:\/\/digital58.com.ve\/site\/wp-json\/wp\/v2\/categories?post=139990"},{"taxonomy":"post_tag","embeddable":true,"href":"https:\/\/digital58.com.ve\/site\/wp-json\/wp\/v2\/tags?post=139990"}],"curies":[{"name":"wp","href":"https:\/\/api.w.org\/{rel}","templated":true}]}}