{"id":140081,"date":"2021-06-12T12:13:28","date_gmt":"2021-06-12T16:13:28","guid":{"rendered":"https:\/\/digital58.com.ve\/site\/?p=140081"},"modified":"2021-06-12T12:13:28","modified_gmt":"2021-06-12T16:13:28","slug":"zulia-inicia-plan-masivo-de-vacunacion-contra-la-covid-19-en-la-canada-de-urdaneta","status":"publish","type":"post","link":"https:\/\/digital58.com.ve\/site\/2021\/06\/12\/zulia-inicia-plan-masivo-de-vacunacion-contra-la-covid-19-en-la-canada-de-urdaneta\/","title":{"rendered":"#Zulia | Inicia Plan Masivo de vacunaci\u00f3n contra la COVID-19 en La Ca\u00f1ada de Urdaneta"},"content":{"rendered":"<p><a href=\"https:\/\/digital58.com.ve\/site\/wp-content\/uploads\/2021\/06\/vacunacion-la-canada.jpg\"><img loading=\"lazy\" decoding=\"async\" class=\"aligncenter size-full wp-image-140082\" src=\"https:\/\/digital58.com.ve\/site\/wp-content\/uploads\/2021\/06\/vacunacion-la-canada.jpg\" alt=\"\" width=\"900\" height=\"495\" srcset=\"https:\/\/digital58.com.ve\/site\/wp-content\/uploads\/2021\/06\/vacunacion-la-canada.jpg 900w, https:\/\/digital58.com.ve\/site\/wp-content\/uploads\/2021\/06\/vacunacion-la-canada-300x165.jpg 300w, https:\/\/digital58.com.ve\/site\/wp-content\/uploads\/2021\/06\/vacunacion-la-canada-768x422.jpg 768w\" sizes=\"auto, (max-width: 900px) 100vw, 900px\" \/><\/a><\/p>\n<p>El modo de asistencia para la colocaci\u00f3n de la vacuna China Vero Cell, recomendada por la OMS, es bajo el Registro Patria, las personas que se deseen vacunar deben esperar su cita por medio de un mensaje de texto emitido por el Sistema Patria.<\/p>\n<p><strong>La Ca\u00f1ada de Urdaneta, Zulia, Venezuela, 12 de junio de 2021 (ND58).-<\/strong> Este viernes 11 de junio, inici\u00f3 el Plan Masivo de vacunaci\u00f3n contra la COVID-19 en el Municipio La Ca\u00f1ada de Urdaneta, de la mano del Gobernador del Zulia Econ. Omar Prieto y siguiendo las pol\u00edtica de salud que viene ejecutando el Gobierno Nacional. El punto de vacunaci\u00f3n est\u00e1 instaurado en el Centro Asistencial Cimsafam, ubicado en el sector Los Pozos, parroquia Concepci\u00f3n.<\/p>\n<p>El Alcalde Lcdo. Orlando Urdaneta, agradeci\u00f3 al Presidente Nicol\u00e1s Maduro y al Gobernador Omar Prieto por el apoyo incondicional: \u00abGracias al gran esfuerzo realizado de la mano de nuestros l\u00edderes, consolidamos un punto de vacunaci\u00f3n contra la COVID-19 en nuestro municipio\u00bb, expres\u00f3 el burgomaestre.<\/p>\n<p><strong>Redacci\u00f3n ND58 | Fuente: Ana Virginia Bosc\u00e1n\/Prensa ALC<\/strong><br \/>\n<strong>Edici\u00f3n: Villasmil, Henry<\/strong><br \/>\n<strong>Gr\u00e1fica: Cortes\u00eda Prensa ALC<\/strong><\/p><div class=\"afgzq69f2bdfe9f1bb\" ><p style=\"text-align: center;\"><a href=\"https:\/\/t.me\/noticiasdigital58\" target=\"_blank\" rel=\"noopener\"><img class=\"aligncenter size-full wp-image-125363\" src=\"https:\/\/digital58.com.ve\/site\/wp-content\/uploads\/2021\/04\/banner-telegram-web-2021.png\" alt=\"\" width=\"600\" height=\"90\" \/><\/a><\/p><\/div><style type=\"text\/css\">\r\n@media screen and (min-width: 1201px) {\r\n.afgzq69f2bdfe9f1bb {\r\ndisplay: block;\r\n}\r\n}\r\n@media screen and (min-width: 993px) and (max-width: 1200px) {\r\n.afgzq69f2bdfe9f1bb {\r\ndisplay: block;\r\n}\r\n}\r\n@media screen and (min-width: 769px) and (max-width: 992px) {\r\n.afgzq69f2bdfe9f1bb {\r\ndisplay: block;\r\n}\r\n}\r\n@media screen and (min-width: 768px) and (max-width: 768px) {\r\n.afgzq69f2bdfe9f1bb {\r\ndisplay: block;\r\n}\r\n}\r\n@media screen and (max-width: 767px) {\r\n.afgzq69f2bdfe9f1bb {\r\ndisplay: block;\r\n}\r\n}\r\n<\/style>\r\n\n<p>&nbsp;<\/p>\n<div style=\"margin-top: 0px; margin-bottom: 0px;\" class=\"sharethis-inline-share-buttons\" ><\/div>","protected":false},"excerpt":{"rendered":"<p>El modo de asistencia para la colocaci\u00f3n de la vacuna China Vero Cell, recomendada por la OMS, es bajo el<\/p>\n","protected":false},"author":1,"featured_media":140082,"comment_status":"open","ping_status":"closed","sticky":false,"template":"","format":"standard","meta":{"colormag_page_container_layout":"default_layout","colormag_page_sidebar_layout":"default_layout","_uag_custom_page_level_css":"","footnotes":""},"categories":[14504],"tags":[15176,24587,13352,13648,13579,15175,233,2724,12162,13723,24589,2354,24588,24428,32,761],"class_list":["post-140081","post","type-post","status-publish","format-standard","has-post-thumbnail","hentry","category-zulia","tag-alcalde-orlando-urdaneta","tag-centro-asistencial-cimsafam","tag-coronavirus","tag-covid-19","tag-gobierno-del-zulia","tag-municipio-la-canada-de-urdaneta","tag-nacionales","tag-nicolas-maduro","tag-omar-prieto","tag-pandemia","tag-parroquia-concepcion","tag-regionales","tag-sector-los-pozos","tag-vacunacion-anticovid","tag-venezuela","tag-zulia"],"yoast_head":"<!-- This site is optimized with the Yoast SEO plugin v27.5 - https:\/\/yoast.com\/product\/yoast-seo-wordpress\/ -->\n<title>#Zulia | Inicia Plan Masivo de vacunaci\u00f3n contra la COVID-19 en La Ca\u00f1ada de Urdaneta<\/title>\n<meta name=\"description\" content=\"Zulia\" \/>\n<meta name=\"robots\" content=\"index, follow, max-snippet:-1, max-image-preview:large, max-video-preview:-1\" \/>\n<link rel=\"canonical\" href=\"https:\/\/digital58.com.ve\/site\/2021\/06\/12\/zulia-inicia-plan-masivo-de-vacunacion-contra-la-covid-19-en-la-canada-de-urdaneta\/\" \/>\n<meta property=\"og:locale\" content=\"es_ES\" \/>\n<meta property=\"og:type\" content=\"article\" \/>\n<meta property=\"og:title\" content=\"#Zulia | Inicia Plan Masivo de vacunaci\u00f3n contra la COVID-19 en La Ca\u00f1ada de Urdaneta\" \/>\n<meta property=\"og:description\" content=\"Zulia\" \/>\n<meta property=\"og:url\" content=\"https:\/\/digital58.com.ve\/site\/2021\/06\/12\/zulia-inicia-plan-masivo-de-vacunacion-contra-la-covid-19-en-la-canada-de-urdaneta\/\" \/>\n<meta property=\"og:site_name\" content=\"Noticias Digital58\" \/>\n<meta property=\"article:published_time\" content=\"2021-06-12T16:13:28+00:00\" \/>\n<meta property=\"og:image\" content=\"https:\/\/digital58.com.ve\/site\/wp-content\/uploads\/2021\/06\/vacunacion-la-canada.jpg\" \/>\n\t<meta property=\"og:image:width\" content=\"900\" \/>\n\t<meta property=\"og:image:height\" content=\"495\" \/>\n\t<meta property=\"og:image:type\" content=\"image\/jpeg\" \/>\n<meta name=\"author\" content=\"Villasmil Henry\" \/>\n<meta name=\"twitter:card\" content=\"summary_large_image\" \/>\n<meta name=\"twitter:creator\" content=\"@https:\/\/twitter.com\/villasmilhfoto\" \/>\n<meta name=\"twitter:site\" content=\"@villasmilhfoto\" \/>\n<meta name=\"twitter:label1\" content=\"Escrito por\" \/>\n\t<meta name=\"twitter:data1\" content=\"Villasmil Henry\" \/>\n\t<meta name=\"twitter:label2\" content=\"Tiempo estimado de lectura\" \/>\n\t<meta name=\"twitter:data2\" content=\"1 minuto\" \/>\n<script type=\"application\/ld+json\" class=\"yoast-schema-graph\">{\"@context\":\"https:\\\/\\\/schema.org\",\"@graph\":[{\"@type\":\"Article\",\"@id\":\"https:\\\/\\\/digital58.com.ve\\\/site\\\/2021\\\/06\\\/12\\\/zulia-inicia-plan-masivo-de-vacunacion-contra-la-covid-19-en-la-canada-de-urdaneta\\\/#article\",\"isPartOf\":{\"@id\":\"https:\\\/\\\/digital58.com.ve\\\/site\\\/2021\\\/06\\\/12\\\/zulia-inicia-plan-masivo-de-vacunacion-contra-la-covid-19-en-la-canada-de-urdaneta\\\/\"},\"author\":{\"name\":\"Villasmil Henry\",\"@id\":\"https:\\\/\\\/digital58.com.ve\\\/site\\\/#\\\/schema\\\/person\\\/64d1c2e4d0d4fd1b849980c4331c2951\"},\"headline\":\"#Zulia | Inicia Plan Masivo de vacunaci\u00f3n contra la COVID-19 en La Ca\u00f1ada de Urdaneta\",\"datePublished\":\"2021-06-12T16:13:28+00:00\",\"mainEntityOfPage\":{\"@id\":\"https:\\\/\\\/digital58.com.ve\\\/site\\\/2021\\\/06\\\/12\\\/zulia-inicia-plan-masivo-de-vacunacion-contra-la-covid-19-en-la-canada-de-urdaneta\\\/\"},\"wordCount\":207,\"commentCount\":0,\"publisher\":{\"@id\":\"https:\\\/\\\/digital58.com.ve\\\/site\\\/#\\\/schema\\\/person\\\/64d1c2e4d0d4fd1b849980c4331c2951\"},\"image\":{\"@id\":\"https:\\\/\\\/digital58.com.ve\\\/site\\\/2021\\\/06\\\/12\\\/zulia-inicia-plan-masivo-de-vacunacion-contra-la-covid-19-en-la-canada-de-urdaneta\\\/#primaryimage\"},\"thumbnailUrl\":\"https:\\\/\\\/digital58.com.ve\\\/site\\\/wp-content\\\/uploads\\\/2021\\\/06\\\/vacunacion-la-canada.jpg\",\"keywords\":[\"Alcalde Orlando Urdaneta\",\"Centro Asistencial Cimsafam\",\"Coronavirus\",\"COVID-19\",\"Gobierno del Zulia\",\"Municipio La Ca\u00f1ada de Urdaneta\",\"Nacionales\",\"Nicol\u00e1s Maduro\",\"Omar Prieto\",\"Pandemia\",\"parroquia Concepci\u00f3n\",\"Regionales\",\"Sector Los Pozos\",\"Vacunaci\u00f2n Anticovid\",\"Venezuela\",\"Zulia\"],\"articleSection\":[\"Zulia\"],\"inLanguage\":\"es\",\"potentialAction\":[{\"@type\":\"CommentAction\",\"name\":\"Comment\",\"target\":[\"https:\\\/\\\/digital58.com.ve\\\/site\\\/2021\\\/06\\\/12\\\/zulia-inicia-plan-masivo-de-vacunacion-contra-la-covid-19-en-la-canada-de-urdaneta\\\/#respond\"]}]},{\"@type\":\"WebPage\",\"@id\":\"https:\\\/\\\/digital58.com.ve\\\/site\\\/2021\\\/06\\\/12\\\/zulia-inicia-plan-masivo-de-vacunacion-contra-la-covid-19-en-la-canada-de-urdaneta\\\/\",\"url\":\"https:\\\/\\\/digital58.com.ve\\\/site\\\/2021\\\/06\\\/12\\\/zulia-inicia-plan-masivo-de-vacunacion-contra-la-covid-19-en-la-canada-de-urdaneta\\\/\",\"name\":\"#Zulia | Inicia Plan Masivo de vacunaci\u00f3n contra la COVID-19 en La Ca\u00f1ada de Urdaneta\",\"isPartOf\":{\"@id\":\"https:\\\/\\\/digital58.com.ve\\\/site\\\/#website\"},\"primaryImageOfPage\":{\"@id\":\"https:\\\/\\\/digital58.com.ve\\\/site\\\/2021\\\/06\\\/12\\\/zulia-inicia-plan-masivo-de-vacunacion-contra-la-covid-19-en-la-canada-de-urdaneta\\\/#primaryimage\"},\"image\":{\"@id\":\"https:\\\/\\\/digital58.com.ve\\\/site\\\/2021\\\/06\\\/12\\\/zulia-inicia-plan-masivo-de-vacunacion-contra-la-covid-19-en-la-canada-de-urdaneta\\\/#primaryimage\"},\"thumbnailUrl\":\"https:\\\/\\\/digital58.com.ve\\\/site\\\/wp-content\\\/uploads\\\/2021\\\/06\\\/vacunacion-la-canada.jpg\",\"datePublished\":\"2021-06-12T16:13:28+00:00\",\"description\":\"Zulia\",\"breadcrumb\":{\"@id\":\"https:\\\/\\\/digital58.com.ve\\\/site\\\/2021\\\/06\\\/12\\\/zulia-inicia-plan-masivo-de-vacunacion-contra-la-covid-19-en-la-canada-de-urdaneta\\\/#breadcrumb\"},\"inLanguage\":\"es\",\"potentialAction\":[{\"@type\":\"ReadAction\",\"target\":[\"https:\\\/\\\/digital58.com.ve\\\/site\\\/2021\\\/06\\\/12\\\/zulia-inicia-plan-masivo-de-vacunacion-contra-la-covid-19-en-la-canada-de-urdaneta\\\/\"]}]},{\"@type\":\"ImageObject\",\"inLanguage\":\"es\",\"@id\":\"https:\\\/\\\/digital58.com.ve\\\/site\\\/2021\\\/06\\\/12\\\/zulia-inicia-plan-masivo-de-vacunacion-contra-la-covid-19-en-la-canada-de-urdaneta\\\/#primaryimage\",\"url\":\"https:\\\/\\\/digital58.com.ve\\\/site\\\/wp-content\\\/uploads\\\/2021\\\/06\\\/vacunacion-la-canada.jpg\",\"contentUrl\":\"https:\\\/\\\/digital58.com.ve\\\/site\\\/wp-content\\\/uploads\\\/2021\\\/06\\\/vacunacion-la-canada.jpg\",\"width\":900,\"height\":495},{\"@type\":\"BreadcrumbList\",\"@id\":\"https:\\\/\\\/digital58.com.ve\\\/site\\\/2021\\\/06\\\/12\\\/zulia-inicia-plan-masivo-de-vacunacion-contra-la-covid-19-en-la-canada-de-urdaneta\\\/#breadcrumb\",\"itemListElement\":[{\"@type\":\"ListItem\",\"position\":1,\"name\":\"Home\",\"item\":\"https:\\\/\\\/digital58.com.ve\\\/site\\\/\"},{\"@type\":\"ListItem\",\"position\":2,\"name\":\"#Zulia | Inicia Plan Masivo de vacunaci\u00f3n contra la COVID-19 en La Ca\u00f1ada de Urdaneta\"}]},{\"@type\":\"WebSite\",\"@id\":\"https:\\\/\\\/digital58.com.ve\\\/site\\\/#website\",\"url\":\"https:\\\/\\\/digital58.com.ve\\\/site\\\/\",\"name\":\"Noticias Digital58\",\"description\":\"Portal de Noticias \u00a1Periodismo web de verdad! Lanzamiento web 22.11.2005 \\\/ Maracaibo, Venezuela\",\"publisher\":{\"@id\":\"https:\\\/\\\/digital58.com.ve\\\/site\\\/#\\\/schema\\\/person\\\/64d1c2e4d0d4fd1b849980c4331c2951\"},\"alternateName\":\"ND58\",\"potentialAction\":[{\"@type\":\"SearchAction\",\"target\":{\"@type\":\"EntryPoint\",\"urlTemplate\":\"https:\\\/\\\/digital58.com.ve\\\/site\\\/?s={search_term_string}\"},\"query-input\":{\"@type\":\"PropertyValueSpecification\",\"valueRequired\":true,\"valueName\":\"search_term_string\"}}],\"inLanguage\":\"es\"},{\"@type\":[\"Person\",\"Organization\"],\"@id\":\"https:\\\/\\\/digital58.com.ve\\\/site\\\/#\\\/schema\\\/person\\\/64d1c2e4d0d4fd1b849980c4331c2951\",\"name\":\"Villasmil Henry\",\"image\":{\"@type\":\"ImageObject\",\"inLanguage\":\"es\",\"@id\":\"https:\\\/\\\/secure.gravatar.com\\\/avatar\\\/bb0c4a2fcb7970138239f7e404ea75757b1b507b28b5ce4c53fbd62d797c5a7c?s=96&d=mm&r=g\",\"url\":\"https:\\\/\\\/secure.gravatar.com\\\/avatar\\\/bb0c4a2fcb7970138239f7e404ea75757b1b507b28b5ce4c53fbd62d797c5a7c?s=96&d=mm&r=g\",\"contentUrl\":\"https:\\\/\\\/secure.gravatar.com\\\/avatar\\\/bb0c4a2fcb7970138239f7e404ea75757b1b507b28b5ce4c53fbd62d797c5a7c?s=96&d=mm&r=g\",\"caption\":\"Villasmil Henry\"},\"logo\":{\"@id\":\"https:\\\/\\\/secure.gravatar.com\\\/avatar\\\/bb0c4a2fcb7970138239f7e404ea75757b1b507b28b5ce4c53fbd62d797c5a7c?s=96&d=mm&r=g\"},\"sameAs\":[\"http:\\\/\\\/www.henryvillasmil.com.ve\",\"https:\\\/\\\/www.instagram.com\\\/villasmilhfoto\\\/\",\"https:\\\/\\\/x.com\\\/https:\\\/\\\/twitter.com\\\/villasmilhfoto\"],\"url\":\"https:\\\/\\\/digital58.com.ve\\\/site\\\/author\\\/droopy_68\\\/\"}]}<\/script>\n<!-- \/ Yoast SEO plugin. -->","yoast_head_json":{"title":"#Zulia | Inicia Plan Masivo de vacunaci\u00f3n contra la COVID-19 en La Ca\u00f1ada de Urdaneta","description":"Zulia","robots":{"index":"index","follow":"follow","max-snippet":"max-snippet:-1","max-image-preview":"max-image-preview:large","max-video-preview":"max-video-preview:-1"},"canonical":"https:\/\/digital58.com.ve\/site\/2021\/06\/12\/zulia-inicia-plan-masivo-de-vacunacion-contra-la-covid-19-en-la-canada-de-urdaneta\/","og_locale":"es_ES","og_type":"article","og_title":"#Zulia | Inicia Plan Masivo de vacunaci\u00f3n contra la COVID-19 en La Ca\u00f1ada de Urdaneta","og_description":"Zulia","og_url":"https:\/\/digital58.com.ve\/site\/2021\/06\/12\/zulia-inicia-plan-masivo-de-vacunacion-contra-la-covid-19-en-la-canada-de-urdaneta\/","og_site_name":"Noticias Digital58","article_published_time":"2021-06-12T16:13:28+00:00","og_image":[{"width":900,"height":495,"url":"https:\/\/digital58.com.ve\/site\/wp-content\/uploads\/2021\/06\/vacunacion-la-canada.jpg","type":"image\/jpeg"}],"author":"Villasmil Henry","twitter_card":"summary_large_image","twitter_creator":"@https:\/\/twitter.com\/villasmilhfoto","twitter_site":"@villasmilhfoto","twitter_misc":{"Escrito por":"Villasmil Henry","Tiempo estimado de lectura":"1 minuto"},"schema":{"@context":"https:\/\/schema.org","@graph":[{"@type":"Article","@id":"https:\/\/digital58.com.ve\/site\/2021\/06\/12\/zulia-inicia-plan-masivo-de-vacunacion-contra-la-covid-19-en-la-canada-de-urdaneta\/#article","isPartOf":{"@id":"https:\/\/digital58.com.ve\/site\/2021\/06\/12\/zulia-inicia-plan-masivo-de-vacunacion-contra-la-covid-19-en-la-canada-de-urdaneta\/"},"author":{"name":"Villasmil Henry","@id":"https:\/\/digital58.com.ve\/site\/#\/schema\/person\/64d1c2e4d0d4fd1b849980c4331c2951"},"headline":"#Zulia | Inicia Plan Masivo de vacunaci\u00f3n contra la COVID-19 en La Ca\u00f1ada de Urdaneta","datePublished":"2021-06-12T16:13:28+00:00","mainEntityOfPage":{"@id":"https:\/\/digital58.com.ve\/site\/2021\/06\/12\/zulia-inicia-plan-masivo-de-vacunacion-contra-la-covid-19-en-la-canada-de-urdaneta\/"},"wordCount":207,"commentCount":0,"publisher":{"@id":"https:\/\/digital58.com.ve\/site\/#\/schema\/person\/64d1c2e4d0d4fd1b849980c4331c2951"},"image":{"@id":"https:\/\/digital58.com.ve\/site\/2021\/06\/12\/zulia-inicia-plan-masivo-de-vacunacion-contra-la-covid-19-en-la-canada-de-urdaneta\/#primaryimage"},"thumbnailUrl":"https:\/\/digital58.com.ve\/site\/wp-content\/uploads\/2021\/06\/vacunacion-la-canada.jpg","keywords":["Alcalde Orlando Urdaneta","Centro Asistencial Cimsafam","Coronavirus","COVID-19","Gobierno del Zulia","Municipio La Ca\u00f1ada de Urdaneta","Nacionales","Nicol\u00e1s Maduro","Omar Prieto","Pandemia","parroquia Concepci\u00f3n","Regionales","Sector Los Pozos","Vacunaci\u00f2n Anticovid","Venezuela","Zulia"],"articleSection":["Zulia"],"inLanguage":"es","potentialAction":[{"@type":"CommentAction","name":"Comment","target":["https:\/\/digital58.com.ve\/site\/2021\/06\/12\/zulia-inicia-plan-masivo-de-vacunacion-contra-la-covid-19-en-la-canada-de-urdaneta\/#respond"]}]},{"@type":"WebPage","@id":"https:\/\/digital58.com.ve\/site\/2021\/06\/12\/zulia-inicia-plan-masivo-de-vacunacion-contra-la-covid-19-en-la-canada-de-urdaneta\/","url":"https:\/\/digital58.com.ve\/site\/2021\/06\/12\/zulia-inicia-plan-masivo-de-vacunacion-contra-la-covid-19-en-la-canada-de-urdaneta\/","name":"#Zulia | Inicia Plan Masivo de vacunaci\u00f3n contra la COVID-19 en La Ca\u00f1ada de Urdaneta","isPartOf":{"@id":"https:\/\/digital58.com.ve\/site\/#website"},"primaryImageOfPage":{"@id":"https:\/\/digital58.com.ve\/site\/2021\/06\/12\/zulia-inicia-plan-masivo-de-vacunacion-contra-la-covid-19-en-la-canada-de-urdaneta\/#primaryimage"},"image":{"@id":"https:\/\/digital58.com.ve\/site\/2021\/06\/12\/zulia-inicia-plan-masivo-de-vacunacion-contra-la-covid-19-en-la-canada-de-urdaneta\/#primaryimage"},"thumbnailUrl":"https:\/\/digital58.com.ve\/site\/wp-content\/uploads\/2021\/06\/vacunacion-la-canada.jpg","datePublished":"2021-06-12T16:13:28+00:00","description":"Zulia","breadcrumb":{"@id":"https:\/\/digital58.com.ve\/site\/2021\/06\/12\/zulia-inicia-plan-masivo-de-vacunacion-contra-la-covid-19-en-la-canada-de-urdaneta\/#breadcrumb"},"inLanguage":"es","potentialAction":[{"@type":"ReadAction","target":["https:\/\/digital58.com.ve\/site\/2021\/06\/12\/zulia-inicia-plan-masivo-de-vacunacion-contra-la-covid-19-en-la-canada-de-urdaneta\/"]}]},{"@type":"ImageObject","inLanguage":"es","@id":"https:\/\/digital58.com.ve\/site\/2021\/06\/12\/zulia-inicia-plan-masivo-de-vacunacion-contra-la-covid-19-en-la-canada-de-urdaneta\/#primaryimage","url":"https:\/\/digital58.com.ve\/site\/wp-content\/uploads\/2021\/06\/vacunacion-la-canada.jpg","contentUrl":"https:\/\/digital58.com.ve\/site\/wp-content\/uploads\/2021\/06\/vacunacion-la-canada.jpg","width":900,"height":495},{"@type":"BreadcrumbList","@id":"https:\/\/digital58.com.ve\/site\/2021\/06\/12\/zulia-inicia-plan-masivo-de-vacunacion-contra-la-covid-19-en-la-canada-de-urdaneta\/#breadcrumb","itemListElement":[{"@type":"ListItem","position":1,"name":"Home","item":"https:\/\/digital58.com.ve\/site\/"},{"@type":"ListItem","position":2,"name":"#Zulia | Inicia Plan Masivo de vacunaci\u00f3n contra la COVID-19 en La Ca\u00f1ada de Urdaneta"}]},{"@type":"WebSite","@id":"https:\/\/digital58.com.ve\/site\/#website","url":"https:\/\/digital58.com.ve\/site\/","name":"Noticias Digital58","description":"Portal de Noticias \u00a1Periodismo web de verdad! Lanzamiento web 22.11.2005 \/ Maracaibo, Venezuela","publisher":{"@id":"https:\/\/digital58.com.ve\/site\/#\/schema\/person\/64d1c2e4d0d4fd1b849980c4331c2951"},"alternateName":"ND58","potentialAction":[{"@type":"SearchAction","target":{"@type":"EntryPoint","urlTemplate":"https:\/\/digital58.com.ve\/site\/?s={search_term_string}"},"query-input":{"@type":"PropertyValueSpecification","valueRequired":true,"valueName":"search_term_string"}}],"inLanguage":"es"},{"@type":["Person","Organization"],"@id":"https:\/\/digital58.com.ve\/site\/#\/schema\/person\/64d1c2e4d0d4fd1b849980c4331c2951","name":"Villasmil Henry","image":{"@type":"ImageObject","inLanguage":"es","@id":"https:\/\/secure.gravatar.com\/avatar\/bb0c4a2fcb7970138239f7e404ea75757b1b507b28b5ce4c53fbd62d797c5a7c?s=96&d=mm&r=g","url":"https:\/\/secure.gravatar.com\/avatar\/bb0c4a2fcb7970138239f7e404ea75757b1b507b28b5ce4c53fbd62d797c5a7c?s=96&d=mm&r=g","contentUrl":"https:\/\/secure.gravatar.com\/avatar\/bb0c4a2fcb7970138239f7e404ea75757b1b507b28b5ce4c53fbd62d797c5a7c?s=96&d=mm&r=g","caption":"Villasmil Henry"},"logo":{"@id":"https:\/\/secure.gravatar.com\/avatar\/bb0c4a2fcb7970138239f7e404ea75757b1b507b28b5ce4c53fbd62d797c5a7c?s=96&d=mm&r=g"},"sameAs":["http:\/\/www.henryvillasmil.com.ve","https:\/\/www.instagram.com\/villasmilhfoto\/","https:\/\/x.com\/https:\/\/twitter.com\/villasmilhfoto"],"url":"https:\/\/digital58.com.ve\/site\/author\/droopy_68\/"}]}},"uagb_featured_image_src":{"full":["https:\/\/digital58.com.ve\/site\/wp-content\/uploads\/2021\/06\/vacunacion-la-canada.jpg",900,495,false],"thumbnail":["https:\/\/digital58.com.ve\/site\/wp-content\/uploads\/2021\/06\/vacunacion-la-canada-150x150.jpg",150,150,true],"medium":["https:\/\/digital58.com.ve\/site\/wp-content\/uploads\/2021\/06\/vacunacion-la-canada-300x165.jpg",300,165,true],"medium_large":["https:\/\/digital58.com.ve\/site\/wp-content\/uploads\/2021\/06\/vacunacion-la-canada-768x422.jpg",768,422,true],"large":["https:\/\/digital58.com.ve\/site\/wp-content\/uploads\/2021\/06\/vacunacion-la-canada.jpg",800,440,false],"1536x1536":["https:\/\/digital58.com.ve\/site\/wp-content\/uploads\/2021\/06\/vacunacion-la-canada.jpg",900,495,false],"2048x2048":["https:\/\/digital58.com.ve\/site\/wp-content\/uploads\/2021\/06\/vacunacion-la-canada.jpg",900,495,false],"colormag-highlighted-post":["https:\/\/digital58.com.ve\/site\/wp-content\/uploads\/2021\/06\/vacunacion-la-canada.jpg",392,216,false],"colormag-featured-post-medium":["https:\/\/digital58.com.ve\/site\/wp-content\/uploads\/2021\/06\/vacunacion-la-canada.jpg",373,205,false],"colormag-featured-post-small":["https:\/\/digital58.com.ve\/site\/wp-content\/uploads\/2021\/06\/vacunacion-la-canada.jpg",130,72,false],"colormag-featured-image":["https:\/\/digital58.com.ve\/site\/wp-content\/uploads\/2021\/06\/vacunacion-la-canada.jpg",800,440,false],"colormag-default-news":["https:\/\/digital58.com.ve\/site\/wp-content\/uploads\/2021\/06\/vacunacion-la-canada.jpg",150,83,false],"colormag-featured-image-large":["https:\/\/digital58.com.ve\/site\/wp-content\/uploads\/2021\/06\/vacunacion-la-canada.jpg",900,495,false]},"uagb_author_info":{"display_name":"Villasmil Henry","author_link":"https:\/\/digital58.com.ve\/site\/author\/droopy_68\/"},"uagb_comment_info":0,"uagb_excerpt":"El modo de asistencia para la colocaci\u00f3n de la vacuna China Vero Cell, recomendada por la OMS, es bajo el","_links":{"self":[{"href":"https:\/\/digital58.com.ve\/site\/wp-json\/wp\/v2\/posts\/140081","targetHints":{"allow":["GET"]}}],"collection":[{"href":"https:\/\/digital58.com.ve\/site\/wp-json\/wp\/v2\/posts"}],"about":[{"href":"https:\/\/digital58.com.ve\/site\/wp-json\/wp\/v2\/types\/post"}],"author":[{"embeddable":true,"href":"https:\/\/digital58.com.ve\/site\/wp-json\/wp\/v2\/users\/1"}],"replies":[{"embeddable":true,"href":"https:\/\/digital58.com.ve\/site\/wp-json\/wp\/v2\/comments?post=140081"}],"version-history":[{"count":0,"href":"https:\/\/digital58.com.ve\/site\/wp-json\/wp\/v2\/posts\/140081\/revisions"}],"wp:featuredmedia":[{"embeddable":true,"href":"https:\/\/digital58.com.ve\/site\/wp-json\/wp\/v2\/media\/140082"}],"wp:attachment":[{"href":"https:\/\/digital58.com.ve\/site\/wp-json\/wp\/v2\/media?parent=140081"}],"wp:term":[{"taxonomy":"category","embeddable":true,"href":"https:\/\/digital58.com.ve\/site\/wp-json\/wp\/v2\/categories?post=140081"},{"taxonomy":"post_tag","embeddable":true,"href":"https:\/\/digital58.com.ve\/site\/wp-json\/wp\/v2\/tags?post=140081"}],"curies":[{"name":"wp","href":"https:\/\/api.w.org\/{rel}","templated":true}]}}