{"id":140127,"date":"2021-06-12T23:55:25","date_gmt":"2021-06-13T03:55:25","guid":{"rendered":"https:\/\/digital58.com.ve\/site\/?p=140127"},"modified":"2021-06-12T23:55:25","modified_gmt":"2021-06-13T03:55:25","slug":"venezuela-supera-los-250-000-casos-por-la-covid-19-desde-el-inicio-de-la-pandemia","status":"publish","type":"post","link":"https:\/\/digital58.com.ve\/site\/2021\/06\/12\/venezuela-supera-los-250-000-casos-por-la-covid-19-desde-el-inicio-de-la-pandemia\/","title":{"rendered":"Venezuela supera los 250.000 casos por la COVID-19 desde el inicio de la pandemia"},"content":{"rendered":"<p><a href=\"https:\/\/digital58.com.ve\/site\/wp-content\/uploads\/2020\/12\/china-covid-19.jpg\"><img loading=\"lazy\" decoding=\"async\" class=\"aligncenter size-full wp-image-134037\" src=\"https:\/\/digital58.com.ve\/site\/wp-content\/uploads\/2020\/12\/china-covid-19.jpg\" alt=\"\" width=\"900\" height=\"600\" srcset=\"https:\/\/digital58.com.ve\/site\/wp-content\/uploads\/2020\/12\/china-covid-19.jpg 800w, https:\/\/digital58.com.ve\/site\/wp-content\/uploads\/2020\/12\/china-covid-19-300x200.jpg 300w, https:\/\/digital58.com.ve\/site\/wp-content\/uploads\/2020\/12\/china-covid-19-768x512.jpg 768w, https:\/\/digital58.com.ve\/site\/wp-content\/uploads\/2020\/12\/china-covid-19-720x480.jpg 720w, https:\/\/digital58.com.ve\/site\/wp-content\/uploads\/2020\/12\/china-covid-19-480x320.jpg 480w\" sizes=\"auto, (max-width: 900px) 100vw, 900px\" \/><\/a><\/p>\n<p>La vicepresidenta de Venezuela, Delcy Rodr\u00edguez, afirm\u00f3 recientemente que \u00abcerca del 11 % de los venezolanos han sido vacunados contra la COVID-19\u00bb \u2014unas 3.300.000 personas\u2014, aunque no detall\u00f3 cu\u00e1ntos ciudadanos han recibido una sola dosis y cu\u00e1ntos han completado el tratamiento.<\/p>\n<p><strong>Caracas, DC, Venezuela, 12 de junio de 2021 (ND58).-<\/strong> Las autoridades venezolanas detectaron 1.489 contagios m\u00e1s del nuevo coronavirus en las \u00faltimas 24 horas, todos de transmisi\u00f3n comunitaria, por lo que la cifra total de casos desde el inicio de la pandemia se elev\u00f3 a 250.309, inform\u00f3 este s\u00e1bado la vicepresidenta Ejecutiva, Delcy Rodr\u00edguez.<\/p>\n<p>A trav\u00e9s de su cuenta de Twitter, Rodr\u00edguez detall\u00f3 que el estado con m\u00e1s contagios nuevos es Lara (238), de los que 84 fueron detectados en el municipio Iribarren y 35 en Palavecino.<\/p>\n<p>Por detr\u00e1s se ubica el estado Anzo\u00e1tegui (156), seguido de Yaracuy (143), Barinas (133), Caracas (115), Aragua (106), Apure (104), Nueva Esparta (100), M\u00e9rida (64), La Guaira (52), Miranda (47), T\u00e1chira (43), Bol\u00edvar (43), Trujillo (35), Zulia (27), Delta Amacuro (26), Sucre (18), Monagas (18), Amazonas (14), Gu\u00e1rico (6) y Carabobo (1).<\/p>\n<p>Por otra parte, la vicepresidenta a\u00f1adi\u00f3 que, en las \u00faltimas 24 horas, 17 personas fallecieron por la COVID-19 en Venezuela, de los que cinco eran del noroccidental estado Zulia (fronterizo con Colombia).<\/p>\n<p>Tambi\u00e9n murieron tres personas de Caracas, dos del insular Nueva Esparta, dos de Barinas y dos de Delta Amacuro.<\/p>\n<p>La lista de fallecidos de este s\u00e1bado la completan tres personas de los estados Anzo\u00e1tegui, Miranda y Trujillo.<\/p>\n<p>De este modo, el n\u00famero total de fallecidos por la COVID-19 desde el inicio de la pandemia crece hasta los 2.814.<\/p>\n<p>Venezuela recibi\u00f3 hoy <strong><a href=\"https:\/\/digital58.com.ve\/site\/2021\/06\/12\/venezuela-recibe-un-nuevo-lote-de-500-000-vacunas-sputnik-v-contra-la-covid-19\/\" target=\"_blank\" rel=\"noopener\">un nuevo lote de 500.000 dosis de Sputnik V contra la COVID-19<\/a><\/strong> con lo que, sumadas a las que llegaron anteriormente, el pa\u00eds caribe\u00f1o ha recibido ya 3,23 millones de vacunas contra la enfermedad que provoca el nuevo coronavirus.<\/p>\n<p>Para la inmunizaci\u00f3n del 11 % de la poblaci\u00f3n se necesitan 6.600.000 unidades de vacunas, ya que tanto la rusa Sputnik V como la china VeroCell, de los laboratorios Sinopharm \u2014que son las que ha recibido Venezuela\u2014, son de doble aplicaci\u00f3n.<\/p>\n<p>No obstante, el Gobierno solo hab\u00eda informado hasta este s\u00e1bado de la llegada de 2.730.000 dosis repartidas en 9 cargamentos \u20147 de Rusia y 2 de China\u2014, por lo que no se conoce cu\u00e1ndo se han recibido las 570.000 que faltar\u00edan para completar medio tratamiento a 3.300.000 personas, equivalentes al 11 % de la poblaci\u00f3n referido por Rodr\u00edguez.<\/p>\n<p>Al respecto, Alvarado asegur\u00f3 este s\u00e1bado que, con el nuevo lote, Venezuela ya tiene \u00abvacunas suficientes para vacunar al 13 % de la meta, que son 22 millones de personas\u00bb.<\/p>\n<p>De ese modo, esperan llegar a las 22 millones de vacunas que van a servir para inmunizar al 70 % de la poblaci\u00f3n venezolana y as\u00ed llegar a la inmunidad de reba\u00f1o.<\/p><div class=\"kdxub69f2261d88fac\" ><p style=\"text-align: center;\"><a href=\"https:\/\/t.me\/noticiasdigital58\" target=\"_blank\" rel=\"noopener\"><img class=\"aligncenter size-full wp-image-125363\" src=\"https:\/\/digital58.com.ve\/site\/wp-content\/uploads\/2021\/04\/banner-telegram-web-2021.png\" alt=\"\" width=\"600\" height=\"90\" \/><\/a><\/p><\/div><style type=\"text\/css\">\r\n@media screen and (min-width: 1201px) {\r\n.kdxub69f2261d88fac {\r\ndisplay: block;\r\n}\r\n}\r\n@media screen and (min-width: 993px) and (max-width: 1200px) {\r\n.kdxub69f2261d88fac {\r\ndisplay: block;\r\n}\r\n}\r\n@media screen and (min-width: 769px) and (max-width: 992px) {\r\n.kdxub69f2261d88fac {\r\ndisplay: block;\r\n}\r\n}\r\n@media screen and (min-width: 768px) and (max-width: 768px) {\r\n.kdxub69f2261d88fac {\r\ndisplay: block;\r\n}\r\n}\r\n@media screen and (max-width: 767px) {\r\n.kdxub69f2261d88fac {\r\ndisplay: block;\r\n}\r\n}\r\n<\/style>\r\n\n<p><strong>Redacci\u00f3n ND58 | Fuente: EFE<\/strong><br \/>\n<strong>Edici\u00f3n: Villasmil, Henry<\/strong><br \/>\n<strong>Gr\u00e1fica: Archivo<\/strong><\/p>\n<div style=\"margin-top: 0px; margin-bottom: 0px;\" class=\"sharethis-inline-share-buttons\" ><\/div>","protected":false},"excerpt":{"rendered":"<p>La vicepresidenta de Venezuela, Delcy Rodr\u00edguez, afirm\u00f3 recientemente que \u00abcerca del 11 % de los venezolanos han sido vacunados contra<\/p>\n","protected":false},"author":1,"featured_media":134037,"comment_status":"open","ping_status":"closed","sticky":false,"template":"","format":"standard","meta":{"colormag_page_container_layout":"default_layout","colormag_page_sidebar_layout":"default_layout","_uag_custom_page_level_css":"","footnotes":""},"categories":[16454],"tags":[13352,13648,233,13723,14457],"class_list":["post-140127","post","type-post","status-publish","format-standard","has-post-thumbnail","hentry","category-venezuela","tag-coronavirus","tag-covid-19","tag-nacionales","tag-pandemia","tag-reporte-diario-covid-19"],"yoast_head":"<!-- This site is optimized with the Yoast SEO plugin v27.5 - https:\/\/yoast.com\/product\/yoast-seo-wordpress\/ -->\n<title>Venezuela supera los 250.000 casos por la COVID-19 desde el inicio de la pandemia<\/title>\n<meta name=\"description\" content=\"Venezuela\" \/>\n<meta name=\"robots\" content=\"index, follow, max-snippet:-1, max-image-preview:large, max-video-preview:-1\" \/>\n<link rel=\"canonical\" href=\"https:\/\/digital58.com.ve\/site\/2021\/06\/12\/venezuela-supera-los-250-000-casos-por-la-covid-19-desde-el-inicio-de-la-pandemia\/\" \/>\n<meta property=\"og:locale\" content=\"es_ES\" \/>\n<meta property=\"og:type\" content=\"article\" \/>\n<meta property=\"og:title\" content=\"Venezuela supera los 250.000 casos por la COVID-19 desde el inicio de la pandemia\" \/>\n<meta property=\"og:description\" content=\"Venezuela\" \/>\n<meta property=\"og:url\" content=\"https:\/\/digital58.com.ve\/site\/2021\/06\/12\/venezuela-supera-los-250-000-casos-por-la-covid-19-desde-el-inicio-de-la-pandemia\/\" \/>\n<meta property=\"og:site_name\" content=\"Noticias Digital58\" \/>\n<meta property=\"article:published_time\" content=\"2021-06-13T03:55:25+00:00\" \/>\n<meta property=\"og:image\" content=\"https:\/\/digital58.com.ve\/site\/wp-content\/uploads\/2020\/12\/china-covid-19.jpg\" \/>\n\t<meta property=\"og:image:width\" content=\"900\" \/>\n\t<meta property=\"og:image:height\" content=\"600\" \/>\n\t<meta property=\"og:image:type\" content=\"image\/jpeg\" \/>\n<meta name=\"author\" content=\"Villasmil Henry\" \/>\n<meta name=\"twitter:card\" content=\"summary_large_image\" \/>\n<meta name=\"twitter:creator\" content=\"@https:\/\/twitter.com\/villasmilhfoto\" \/>\n<meta name=\"twitter:site\" content=\"@villasmilhfoto\" \/>\n<meta name=\"twitter:label1\" content=\"Escrito por\" \/>\n\t<meta name=\"twitter:data1\" content=\"Villasmil Henry\" \/>\n\t<meta name=\"twitter:label2\" content=\"Tiempo estimado de lectura\" \/>\n\t<meta name=\"twitter:data2\" content=\"3 minutos\" \/>\n<script type=\"application\/ld+json\" class=\"yoast-schema-graph\">{\"@context\":\"https:\\\/\\\/schema.org\",\"@graph\":[{\"@type\":\"Article\",\"@id\":\"https:\\\/\\\/digital58.com.ve\\\/site\\\/2021\\\/06\\\/12\\\/venezuela-supera-los-250-000-casos-por-la-covid-19-desde-el-inicio-de-la-pandemia\\\/#article\",\"isPartOf\":{\"@id\":\"https:\\\/\\\/digital58.com.ve\\\/site\\\/2021\\\/06\\\/12\\\/venezuela-supera-los-250-000-casos-por-la-covid-19-desde-el-inicio-de-la-pandemia\\\/\"},\"author\":{\"name\":\"Villasmil Henry\",\"@id\":\"https:\\\/\\\/digital58.com.ve\\\/site\\\/#\\\/schema\\\/person\\\/64d1c2e4d0d4fd1b849980c4331c2951\"},\"headline\":\"Venezuela supera los 250.000 casos por la COVID-19 desde el inicio de la pandemia\",\"datePublished\":\"2021-06-13T03:55:25+00:00\",\"mainEntityOfPage\":{\"@id\":\"https:\\\/\\\/digital58.com.ve\\\/site\\\/2021\\\/06\\\/12\\\/venezuela-supera-los-250-000-casos-por-la-covid-19-desde-el-inicio-de-la-pandemia\\\/\"},\"wordCount\":481,\"commentCount\":0,\"publisher\":{\"@id\":\"https:\\\/\\\/digital58.com.ve\\\/site\\\/#\\\/schema\\\/person\\\/64d1c2e4d0d4fd1b849980c4331c2951\"},\"image\":{\"@id\":\"https:\\\/\\\/digital58.com.ve\\\/site\\\/2021\\\/06\\\/12\\\/venezuela-supera-los-250-000-casos-por-la-covid-19-desde-el-inicio-de-la-pandemia\\\/#primaryimage\"},\"thumbnailUrl\":\"https:\\\/\\\/digital58.com.ve\\\/site\\\/wp-content\\\/uploads\\\/2020\\\/12\\\/china-covid-19.jpg\",\"keywords\":[\"Coronavirus\",\"COVID-19\",\"Nacionales\",\"Pandemia\",\"Reporte Diario COVID-19\"],\"articleSection\":[\"Venezuela\"],\"inLanguage\":\"es\",\"potentialAction\":[{\"@type\":\"CommentAction\",\"name\":\"Comment\",\"target\":[\"https:\\\/\\\/digital58.com.ve\\\/site\\\/2021\\\/06\\\/12\\\/venezuela-supera-los-250-000-casos-por-la-covid-19-desde-el-inicio-de-la-pandemia\\\/#respond\"]}]},{\"@type\":\"WebPage\",\"@id\":\"https:\\\/\\\/digital58.com.ve\\\/site\\\/2021\\\/06\\\/12\\\/venezuela-supera-los-250-000-casos-por-la-covid-19-desde-el-inicio-de-la-pandemia\\\/\",\"url\":\"https:\\\/\\\/digital58.com.ve\\\/site\\\/2021\\\/06\\\/12\\\/venezuela-supera-los-250-000-casos-por-la-covid-19-desde-el-inicio-de-la-pandemia\\\/\",\"name\":\"Venezuela supera los 250.000 casos por la COVID-19 desde el inicio de la pandemia\",\"isPartOf\":{\"@id\":\"https:\\\/\\\/digital58.com.ve\\\/site\\\/#website\"},\"primaryImageOfPage\":{\"@id\":\"https:\\\/\\\/digital58.com.ve\\\/site\\\/2021\\\/06\\\/12\\\/venezuela-supera-los-250-000-casos-por-la-covid-19-desde-el-inicio-de-la-pandemia\\\/#primaryimage\"},\"image\":{\"@id\":\"https:\\\/\\\/digital58.com.ve\\\/site\\\/2021\\\/06\\\/12\\\/venezuela-supera-los-250-000-casos-por-la-covid-19-desde-el-inicio-de-la-pandemia\\\/#primaryimage\"},\"thumbnailUrl\":\"https:\\\/\\\/digital58.com.ve\\\/site\\\/wp-content\\\/uploads\\\/2020\\\/12\\\/china-covid-19.jpg\",\"datePublished\":\"2021-06-13T03:55:25+00:00\",\"description\":\"Venezuela\",\"breadcrumb\":{\"@id\":\"https:\\\/\\\/digital58.com.ve\\\/site\\\/2021\\\/06\\\/12\\\/venezuela-supera-los-250-000-casos-por-la-covid-19-desde-el-inicio-de-la-pandemia\\\/#breadcrumb\"},\"inLanguage\":\"es\",\"potentialAction\":[{\"@type\":\"ReadAction\",\"target\":[\"https:\\\/\\\/digital58.com.ve\\\/site\\\/2021\\\/06\\\/12\\\/venezuela-supera-los-250-000-casos-por-la-covid-19-desde-el-inicio-de-la-pandemia\\\/\"]}]},{\"@type\":\"ImageObject\",\"inLanguage\":\"es\",\"@id\":\"https:\\\/\\\/digital58.com.ve\\\/site\\\/2021\\\/06\\\/12\\\/venezuela-supera-los-250-000-casos-por-la-covid-19-desde-el-inicio-de-la-pandemia\\\/#primaryimage\",\"url\":\"https:\\\/\\\/digital58.com.ve\\\/site\\\/wp-content\\\/uploads\\\/2020\\\/12\\\/china-covid-19.jpg\",\"contentUrl\":\"https:\\\/\\\/digital58.com.ve\\\/site\\\/wp-content\\\/uploads\\\/2020\\\/12\\\/china-covid-19.jpg\",\"width\":800,\"height\":533},{\"@type\":\"BreadcrumbList\",\"@id\":\"https:\\\/\\\/digital58.com.ve\\\/site\\\/2021\\\/06\\\/12\\\/venezuela-supera-los-250-000-casos-por-la-covid-19-desde-el-inicio-de-la-pandemia\\\/#breadcrumb\",\"itemListElement\":[{\"@type\":\"ListItem\",\"position\":1,\"name\":\"Home\",\"item\":\"https:\\\/\\\/digital58.com.ve\\\/site\\\/\"},{\"@type\":\"ListItem\",\"position\":2,\"name\":\"Venezuela supera los 250.000 casos por la COVID-19 desde el inicio de la pandemia\"}]},{\"@type\":\"WebSite\",\"@id\":\"https:\\\/\\\/digital58.com.ve\\\/site\\\/#website\",\"url\":\"https:\\\/\\\/digital58.com.ve\\\/site\\\/\",\"name\":\"Noticias Digital58\",\"description\":\"Portal de Noticias \u00a1Periodismo web de verdad! Lanzamiento web 22.11.2005 \\\/ Maracaibo, Venezuela\",\"publisher\":{\"@id\":\"https:\\\/\\\/digital58.com.ve\\\/site\\\/#\\\/schema\\\/person\\\/64d1c2e4d0d4fd1b849980c4331c2951\"},\"alternateName\":\"ND58\",\"potentialAction\":[{\"@type\":\"SearchAction\",\"target\":{\"@type\":\"EntryPoint\",\"urlTemplate\":\"https:\\\/\\\/digital58.com.ve\\\/site\\\/?s={search_term_string}\"},\"query-input\":{\"@type\":\"PropertyValueSpecification\",\"valueRequired\":true,\"valueName\":\"search_term_string\"}}],\"inLanguage\":\"es\"},{\"@type\":[\"Person\",\"Organization\"],\"@id\":\"https:\\\/\\\/digital58.com.ve\\\/site\\\/#\\\/schema\\\/person\\\/64d1c2e4d0d4fd1b849980c4331c2951\",\"name\":\"Villasmil Henry\",\"image\":{\"@type\":\"ImageObject\",\"inLanguage\":\"es\",\"@id\":\"https:\\\/\\\/secure.gravatar.com\\\/avatar\\\/bb0c4a2fcb7970138239f7e404ea75757b1b507b28b5ce4c53fbd62d797c5a7c?s=96&d=mm&r=g\",\"url\":\"https:\\\/\\\/secure.gravatar.com\\\/avatar\\\/bb0c4a2fcb7970138239f7e404ea75757b1b507b28b5ce4c53fbd62d797c5a7c?s=96&d=mm&r=g\",\"contentUrl\":\"https:\\\/\\\/secure.gravatar.com\\\/avatar\\\/bb0c4a2fcb7970138239f7e404ea75757b1b507b28b5ce4c53fbd62d797c5a7c?s=96&d=mm&r=g\",\"caption\":\"Villasmil Henry\"},\"logo\":{\"@id\":\"https:\\\/\\\/secure.gravatar.com\\\/avatar\\\/bb0c4a2fcb7970138239f7e404ea75757b1b507b28b5ce4c53fbd62d797c5a7c?s=96&d=mm&r=g\"},\"sameAs\":[\"http:\\\/\\\/www.henryvillasmil.com.ve\",\"https:\\\/\\\/www.instagram.com\\\/villasmilhfoto\\\/\",\"https:\\\/\\\/x.com\\\/https:\\\/\\\/twitter.com\\\/villasmilhfoto\"],\"url\":\"https:\\\/\\\/digital58.com.ve\\\/site\\\/author\\\/droopy_68\\\/\"}]}<\/script>\n<!-- \/ Yoast SEO plugin. -->","yoast_head_json":{"title":"Venezuela supera los 250.000 casos por la COVID-19 desde el inicio de la pandemia","description":"Venezuela","robots":{"index":"index","follow":"follow","max-snippet":"max-snippet:-1","max-image-preview":"max-image-preview:large","max-video-preview":"max-video-preview:-1"},"canonical":"https:\/\/digital58.com.ve\/site\/2021\/06\/12\/venezuela-supera-los-250-000-casos-por-la-covid-19-desde-el-inicio-de-la-pandemia\/","og_locale":"es_ES","og_type":"article","og_title":"Venezuela supera los 250.000 casos por la COVID-19 desde el inicio de la pandemia","og_description":"Venezuela","og_url":"https:\/\/digital58.com.ve\/site\/2021\/06\/12\/venezuela-supera-los-250-000-casos-por-la-covid-19-desde-el-inicio-de-la-pandemia\/","og_site_name":"Noticias Digital58","article_published_time":"2021-06-13T03:55:25+00:00","og_image":[{"width":900,"height":600,"url":"https:\/\/digital58.com.ve\/site\/wp-content\/uploads\/2020\/12\/china-covid-19.jpg","type":"image\/jpeg"}],"author":"Villasmil Henry","twitter_card":"summary_large_image","twitter_creator":"@https:\/\/twitter.com\/villasmilhfoto","twitter_site":"@villasmilhfoto","twitter_misc":{"Escrito por":"Villasmil Henry","Tiempo estimado de lectura":"3 minutos"},"schema":{"@context":"https:\/\/schema.org","@graph":[{"@type":"Article","@id":"https:\/\/digital58.com.ve\/site\/2021\/06\/12\/venezuela-supera-los-250-000-casos-por-la-covid-19-desde-el-inicio-de-la-pandemia\/#article","isPartOf":{"@id":"https:\/\/digital58.com.ve\/site\/2021\/06\/12\/venezuela-supera-los-250-000-casos-por-la-covid-19-desde-el-inicio-de-la-pandemia\/"},"author":{"name":"Villasmil Henry","@id":"https:\/\/digital58.com.ve\/site\/#\/schema\/person\/64d1c2e4d0d4fd1b849980c4331c2951"},"headline":"Venezuela supera los 250.000 casos por la COVID-19 desde el inicio de la pandemia","datePublished":"2021-06-13T03:55:25+00:00","mainEntityOfPage":{"@id":"https:\/\/digital58.com.ve\/site\/2021\/06\/12\/venezuela-supera-los-250-000-casos-por-la-covid-19-desde-el-inicio-de-la-pandemia\/"},"wordCount":481,"commentCount":0,"publisher":{"@id":"https:\/\/digital58.com.ve\/site\/#\/schema\/person\/64d1c2e4d0d4fd1b849980c4331c2951"},"image":{"@id":"https:\/\/digital58.com.ve\/site\/2021\/06\/12\/venezuela-supera-los-250-000-casos-por-la-covid-19-desde-el-inicio-de-la-pandemia\/#primaryimage"},"thumbnailUrl":"https:\/\/digital58.com.ve\/site\/wp-content\/uploads\/2020\/12\/china-covid-19.jpg","keywords":["Coronavirus","COVID-19","Nacionales","Pandemia","Reporte Diario COVID-19"],"articleSection":["Venezuela"],"inLanguage":"es","potentialAction":[{"@type":"CommentAction","name":"Comment","target":["https:\/\/digital58.com.ve\/site\/2021\/06\/12\/venezuela-supera-los-250-000-casos-por-la-covid-19-desde-el-inicio-de-la-pandemia\/#respond"]}]},{"@type":"WebPage","@id":"https:\/\/digital58.com.ve\/site\/2021\/06\/12\/venezuela-supera-los-250-000-casos-por-la-covid-19-desde-el-inicio-de-la-pandemia\/","url":"https:\/\/digital58.com.ve\/site\/2021\/06\/12\/venezuela-supera-los-250-000-casos-por-la-covid-19-desde-el-inicio-de-la-pandemia\/","name":"Venezuela supera los 250.000 casos por la COVID-19 desde el inicio de la pandemia","isPartOf":{"@id":"https:\/\/digital58.com.ve\/site\/#website"},"primaryImageOfPage":{"@id":"https:\/\/digital58.com.ve\/site\/2021\/06\/12\/venezuela-supera-los-250-000-casos-por-la-covid-19-desde-el-inicio-de-la-pandemia\/#primaryimage"},"image":{"@id":"https:\/\/digital58.com.ve\/site\/2021\/06\/12\/venezuela-supera-los-250-000-casos-por-la-covid-19-desde-el-inicio-de-la-pandemia\/#primaryimage"},"thumbnailUrl":"https:\/\/digital58.com.ve\/site\/wp-content\/uploads\/2020\/12\/china-covid-19.jpg","datePublished":"2021-06-13T03:55:25+00:00","description":"Venezuela","breadcrumb":{"@id":"https:\/\/digital58.com.ve\/site\/2021\/06\/12\/venezuela-supera-los-250-000-casos-por-la-covid-19-desde-el-inicio-de-la-pandemia\/#breadcrumb"},"inLanguage":"es","potentialAction":[{"@type":"ReadAction","target":["https:\/\/digital58.com.ve\/site\/2021\/06\/12\/venezuela-supera-los-250-000-casos-por-la-covid-19-desde-el-inicio-de-la-pandemia\/"]}]},{"@type":"ImageObject","inLanguage":"es","@id":"https:\/\/digital58.com.ve\/site\/2021\/06\/12\/venezuela-supera-los-250-000-casos-por-la-covid-19-desde-el-inicio-de-la-pandemia\/#primaryimage","url":"https:\/\/digital58.com.ve\/site\/wp-content\/uploads\/2020\/12\/china-covid-19.jpg","contentUrl":"https:\/\/digital58.com.ve\/site\/wp-content\/uploads\/2020\/12\/china-covid-19.jpg","width":800,"height":533},{"@type":"BreadcrumbList","@id":"https:\/\/digital58.com.ve\/site\/2021\/06\/12\/venezuela-supera-los-250-000-casos-por-la-covid-19-desde-el-inicio-de-la-pandemia\/#breadcrumb","itemListElement":[{"@type":"ListItem","position":1,"name":"Home","item":"https:\/\/digital58.com.ve\/site\/"},{"@type":"ListItem","position":2,"name":"Venezuela supera los 250.000 casos por la COVID-19 desde el inicio de la pandemia"}]},{"@type":"WebSite","@id":"https:\/\/digital58.com.ve\/site\/#website","url":"https:\/\/digital58.com.ve\/site\/","name":"Noticias Digital58","description":"Portal de Noticias \u00a1Periodismo web de verdad! Lanzamiento web 22.11.2005 \/ Maracaibo, Venezuela","publisher":{"@id":"https:\/\/digital58.com.ve\/site\/#\/schema\/person\/64d1c2e4d0d4fd1b849980c4331c2951"},"alternateName":"ND58","potentialAction":[{"@type":"SearchAction","target":{"@type":"EntryPoint","urlTemplate":"https:\/\/digital58.com.ve\/site\/?s={search_term_string}"},"query-input":{"@type":"PropertyValueSpecification","valueRequired":true,"valueName":"search_term_string"}}],"inLanguage":"es"},{"@type":["Person","Organization"],"@id":"https:\/\/digital58.com.ve\/site\/#\/schema\/person\/64d1c2e4d0d4fd1b849980c4331c2951","name":"Villasmil Henry","image":{"@type":"ImageObject","inLanguage":"es","@id":"https:\/\/secure.gravatar.com\/avatar\/bb0c4a2fcb7970138239f7e404ea75757b1b507b28b5ce4c53fbd62d797c5a7c?s=96&d=mm&r=g","url":"https:\/\/secure.gravatar.com\/avatar\/bb0c4a2fcb7970138239f7e404ea75757b1b507b28b5ce4c53fbd62d797c5a7c?s=96&d=mm&r=g","contentUrl":"https:\/\/secure.gravatar.com\/avatar\/bb0c4a2fcb7970138239f7e404ea75757b1b507b28b5ce4c53fbd62d797c5a7c?s=96&d=mm&r=g","caption":"Villasmil Henry"},"logo":{"@id":"https:\/\/secure.gravatar.com\/avatar\/bb0c4a2fcb7970138239f7e404ea75757b1b507b28b5ce4c53fbd62d797c5a7c?s=96&d=mm&r=g"},"sameAs":["http:\/\/www.henryvillasmil.com.ve","https:\/\/www.instagram.com\/villasmilhfoto\/","https:\/\/x.com\/https:\/\/twitter.com\/villasmilhfoto"],"url":"https:\/\/digital58.com.ve\/site\/author\/droopy_68\/"}]}},"uagb_featured_image_src":{"full":["https:\/\/digital58.com.ve\/site\/wp-content\/uploads\/2020\/12\/china-covid-19.jpg",800,533,false],"thumbnail":["https:\/\/digital58.com.ve\/site\/wp-content\/uploads\/2020\/12\/china-covid-19-150x150.jpg",150,150,true],"medium":["https:\/\/digital58.com.ve\/site\/wp-content\/uploads\/2020\/12\/china-covid-19-300x200.jpg",300,200,true],"medium_large":["https:\/\/digital58.com.ve\/site\/wp-content\/uploads\/2020\/12\/china-covid-19-768x512.jpg",768,512,true],"large":["https:\/\/digital58.com.ve\/site\/wp-content\/uploads\/2020\/12\/china-covid-19.jpg",800,533,false],"1536x1536":["https:\/\/digital58.com.ve\/site\/wp-content\/uploads\/2020\/12\/china-covid-19.jpg",800,533,false],"2048x2048":["https:\/\/digital58.com.ve\/site\/wp-content\/uploads\/2020\/12\/china-covid-19.jpg",800,533,false],"colormag-highlighted-post":["https:\/\/digital58.com.ve\/site\/wp-content\/uploads\/2020\/12\/china-covid-19.jpg",392,261,false],"colormag-featured-post-medium":["https:\/\/digital58.com.ve\/site\/wp-content\/uploads\/2020\/12\/china-covid-19.jpg",308,205,false],"colormag-featured-post-small":["https:\/\/digital58.com.ve\/site\/wp-content\/uploads\/2020\/12\/china-covid-19.jpg",130,87,false],"colormag-featured-image":["https:\/\/digital58.com.ve\/site\/wp-content\/uploads\/2020\/12\/china-covid-19.jpg",668,445,false],"colormag-default-news":["https:\/\/digital58.com.ve\/site\/wp-content\/uploads\/2020\/12\/china-covid-19.jpg",150,100,false],"colormag-featured-image-large":["https:\/\/digital58.com.ve\/site\/wp-content\/uploads\/2020\/12\/china-covid-19.jpg",800,533,false]},"uagb_author_info":{"display_name":"Villasmil Henry","author_link":"https:\/\/digital58.com.ve\/site\/author\/droopy_68\/"},"uagb_comment_info":0,"uagb_excerpt":"La vicepresidenta de Venezuela, Delcy Rodr\u00edguez, afirm\u00f3 recientemente que \u00abcerca del 11 % de los venezolanos han sido vacunados contra","_links":{"self":[{"href":"https:\/\/digital58.com.ve\/site\/wp-json\/wp\/v2\/posts\/140127","targetHints":{"allow":["GET"]}}],"collection":[{"href":"https:\/\/digital58.com.ve\/site\/wp-json\/wp\/v2\/posts"}],"about":[{"href":"https:\/\/digital58.com.ve\/site\/wp-json\/wp\/v2\/types\/post"}],"author":[{"embeddable":true,"href":"https:\/\/digital58.com.ve\/site\/wp-json\/wp\/v2\/users\/1"}],"replies":[{"embeddable":true,"href":"https:\/\/digital58.com.ve\/site\/wp-json\/wp\/v2\/comments?post=140127"}],"version-history":[{"count":0,"href":"https:\/\/digital58.com.ve\/site\/wp-json\/wp\/v2\/posts\/140127\/revisions"}],"wp:featuredmedia":[{"embeddable":true,"href":"https:\/\/digital58.com.ve\/site\/wp-json\/wp\/v2\/media\/134037"}],"wp:attachment":[{"href":"https:\/\/digital58.com.ve\/site\/wp-json\/wp\/v2\/media?parent=140127"}],"wp:term":[{"taxonomy":"category","embeddable":true,"href":"https:\/\/digital58.com.ve\/site\/wp-json\/wp\/v2\/categories?post=140127"},{"taxonomy":"post_tag","embeddable":true,"href":"https:\/\/digital58.com.ve\/site\/wp-json\/wp\/v2\/tags?post=140127"}],"curies":[{"name":"wp","href":"https:\/\/api.w.org\/{rel}","templated":true}]}}