{"id":140222,"date":"2021-06-13T23:14:33","date_gmt":"2021-06-14T03:14:33","guid":{"rendered":"https:\/\/digital58.com.ve\/site\/?p=140222"},"modified":"2021-06-13T23:14:33","modified_gmt":"2021-06-14T03:14:33","slug":"raphael-sigue-siendo-aquel-con-mayuscula-tras-el-paron-de-la-pandemia","status":"publish","type":"post","link":"https:\/\/digital58.com.ve\/site\/2021\/06\/13\/raphael-sigue-siendo-aquel-con-mayuscula-tras-el-paron-de-la-pandemia\/","title":{"rendered":"Raphael sigue siendo Aquel, con may\u00fascula, tras el par\u00f3n de la pandemia"},"content":{"rendered":"<p><a href=\"https:\/\/digital58.com.ve\/site\/wp-content\/uploads\/2021\/06\/Raphael.jpg\"><img loading=\"lazy\" decoding=\"async\" class=\"aligncenter size-full wp-image-140224\" src=\"https:\/\/digital58.com.ve\/site\/wp-content\/uploads\/2021\/06\/Raphael.jpg\" alt=\"\" width=\"900\" height=\"600\" srcset=\"https:\/\/digital58.com.ve\/site\/wp-content\/uploads\/2021\/06\/Raphael.jpg 900w, https:\/\/digital58.com.ve\/site\/wp-content\/uploads\/2021\/06\/Raphael-300x200.jpg 300w, https:\/\/digital58.com.ve\/site\/wp-content\/uploads\/2021\/06\/Raphael-768x512.jpg 768w, https:\/\/digital58.com.ve\/site\/wp-content\/uploads\/2021\/06\/Raphael-720x480.jpg 720w, https:\/\/digital58.com.ve\/site\/wp-content\/uploads\/2021\/06\/Raphael-480x320.jpg 480w\" sizes=\"auto, (max-width: 900px) 100vw, 900px\" \/><\/a><\/p>\n<p>Intenso, seductor, excesivo&#8230;. Raphael \u00absigue siendo aquel que siempre vuelve a levantarse\u00bb, tambi\u00e9n despu\u00e9s de la pandemia, y que, como dice la canci\u00f3n, \u00abama con la fuerza de un loco\u00bb a su p\u00fablico, con el que este domingo se ha reencontrado en Barcelona, y que le ha correspondido con pasi\u00f3n.<\/p>\n<p><strong>Barcelona, Espa\u00f1a, 13 de junio de 2021 (ND58).-<\/strong> Lo ha dicho el director del Festival Jardines Pedralbes, Mart\u00edn P\u00e9rez, antes de empezar el concierto: \u00abRaphael es de otra dimensi\u00f3n\u00bb, y es que s\u00f3lo alguien as\u00ed puede convertir un concierto con 1.800 personas en el reencuentro de dos enamorados.<\/p>\n<p>As\u00ed se han sentido esta noche Raphael y su p\u00fablico, como dos enamorados a los que se les ha erizado la piel cuando han sonado los primeros acordes de \u00abYo soy aquel\u00bb y ha aparecido sobre el escenario este artista de 78 a\u00f1os, que desde el pasado mes de noviembre intenta celebrar su 60 aniversario sobre los escenarios, pero que hasta ahora no ha podido retomar la gira que inici\u00f3 en el Wizink Center de Madrid, por las restricciones impuestas por la COVID-19.<\/p>\n<p>Esta vez sin pol\u00e9micas, el divo de Linares ha actuado al aire libre, ante un p\u00fablico que ocupaba el 70 % del aforo y que no se ha quitado en ning\u00fan momento la mascarilla para que la velada no pudiera quedar enturbiada por las cr\u00edticas, como pas\u00f3 en Madrid hace medio a\u00f1o.<\/p>\n<p>Tras los acordes de \u00abYo soy aquel\u00bb, el primer tema que ha sonado completo ha sido \u00abAve F\u00e9nix\u00bb, un t\u00edtulo con un significado especial tras la pandemia, porque el reencuentro de hoy no ha sido s\u00f3lo el del artista y su p\u00fablico, ha sido tambi\u00e9n el del artista y su p\u00fablico con la m\u00fasica en directo, los festivales de verano y esos placeres de la vida que este \u00faltimo a\u00f1o y medio han sido tan escasos.<\/p>\n<p>Realmente, el oasis de los Jardines de Pedralbes ha logrado transmitir esta noche la m\u00e1gica sensaci\u00f3n de que el peligro ha pesado, y realmente, aunque la pandemia todav\u00eda no est\u00e1 vencida, para muchos de los presentes si lo est\u00e1 porque, atendiendo a la edad media del p\u00fablico, el porcentaje de personas vacunadas era alto.<\/p>\n<p>Raphael atrae seguidores de todas las generaciones, pero los m\u00e1s mayores lo son tanto que la media sube r\u00e1pidamente y es una alegr\u00eda escuchar entre el p\u00fablico a una octogenaria que le dice a su marido \u00abf\u00edjate, ayer estaba mal\u00edsima y ahora nada\u00bb.<\/p>\n<p>Un reencuentro como \u00e9ste merece una fiesta por todo lo alto, as\u00ed que Raphael, que ya de por si es de los que hace las cosas a lo grande, se ha rodeado para la ocasi\u00f3n de trece m\u00fasicos, ha preparado un repertorio lleno de grandes \u00e9xitos y ha cantado sin descanso durante m\u00e1s de dos horas.<\/p>\n<p>El primer gran \u00e9xito ha sido \u00abVivir as\u00ed es morir de amor\u00bb, el tema que populariz\u00f3 Camilo Sesto y que \u00e9l versiona en su \u00faltimo disco \u00abRaphael 6.0\u00bb, un \u00e1lbum de duetos en el que interpreta sin complejos temas que han marcado la carrera de otros, como \u00abMe olvid\u00e9 de vivir\u00bb (Julio Iglesias) \u00abSe nos rompi\u00f3 el amor\u00bb (Roc\u00edo Jurado) \u00abFrente a frente\u00bb (Jeanette) o \u00abResistir\u00e9\u00bb (D\u00fao Din\u00e1mico), que esta noche han sonado en directo.<\/p>\n<p>En \u00abDigan lo que digan\u00bb ha dado sus primeros pasos de bailes, con un estilazo que muchos j\u00f3venes querr\u00edan para ellos, y la ovaci\u00f3n ha sido un\u00e1nime.<\/p>\n<p><a href=\"https:\/\/digital58.com.ve\/site\/wp-content\/uploads\/2021\/06\/Raphael-2.jpg\"><img loading=\"lazy\" decoding=\"async\" class=\"aligncenter size-full wp-image-140223\" src=\"https:\/\/digital58.com.ve\/site\/wp-content\/uploads\/2021\/06\/Raphael-2.jpg\" alt=\"\" width=\"900\" height=\"600\" srcset=\"https:\/\/digital58.com.ve\/site\/wp-content\/uploads\/2021\/06\/Raphael-2.jpg 900w, https:\/\/digital58.com.ve\/site\/wp-content\/uploads\/2021\/06\/Raphael-2-300x200.jpg 300w, https:\/\/digital58.com.ve\/site\/wp-content\/uploads\/2021\/06\/Raphael-2-768x512.jpg 768w, https:\/\/digital58.com.ve\/site\/wp-content\/uploads\/2021\/06\/Raphael-2-720x480.jpg 720w, https:\/\/digital58.com.ve\/site\/wp-content\/uploads\/2021\/06\/Raphael-2-480x320.jpg 480w\" sizes=\"auto, (max-width: 900px) 100vw, 900px\" \/><\/a><\/p>\n<p>En \u00abMi gran noche\u00bb el p\u00fablico ha cantado desde la primera hasta la \u00faltima estrofa; en \u00abNostalgia\u00bb, el astro ha demostrado que tener 13 m\u00fasicos est\u00e1 muy bien, pero \u00e9l se basta y se sobra con un piano y su voz; y en \u00ab\u00c1mame\u00bb el p\u00fablico ha dicho \u00abte quiero\u00bb con convencimiento.<\/p>\n<p>El amor flot\u00f3 en el aire durante todo el concierto y m\u00e1s de una pareja no ha podido reprimirse y se ha besado con la mascarilla puesta, que no es f\u00e1cil\u00bb.<\/p>\n<p>Tras un \u00abResistir\u00e9\u00bb con connotaciones pand\u00e9micas, un \u00abQu\u00e9 sabe nadie\u00bb muy sentido, en el que el expresivo y gesticulante rostro de Raphael llen\u00f3 la pantalla grande del escenario, y un \u00abEsc\u00e1ndalo\u00bb muy bailado, a pesar de las sillas y las distancias, Raphael se despidi\u00f3 con \u00abComo yo te amo\u00bb y ha lanzado un \u00abBarcelona, \u00a1les amo tanto!\u00bb que ha llegado hasta el \u00faltimo de los corazones reunidos.<\/p>\n<p>Con la mano en el pecho, el veterano divo de la canci\u00f3n rom\u00e1ntica se march\u00f3 por el lateral del escenario sonriendo y con el p\u00fablico en el bolsillo, una vez m\u00e1s.<\/p>\n<p><strong>Redacci\u00f3n ND58 | Fuente: EFE<\/strong><br \/>\n<strong>Edici\u00f3n: Villasmil, Henry<\/strong><br \/>\n<strong>Gr\u00e1fica: EFE<\/strong><\/p><div class=\"rmzna69edd24812096\" ><p style=\"text-align: center;\"><a href=\"https:\/\/t.me\/noticiasdigital58\" target=\"_blank\" rel=\"noopener\"><img class=\"aligncenter size-full wp-image-125363\" src=\"https:\/\/digital58.com.ve\/site\/wp-content\/uploads\/2021\/04\/banner-telegram-web-2021.png\" alt=\"\" width=\"600\" height=\"90\" \/><\/a><\/p><\/div><style type=\"text\/css\">\r\n@media screen and (min-width: 1201px) {\r\n.rmzna69edd24812096 {\r\ndisplay: block;\r\n}\r\n}\r\n@media screen and (min-width: 993px) and (max-width: 1200px) {\r\n.rmzna69edd24812096 {\r\ndisplay: block;\r\n}\r\n}\r\n@media screen and (min-width: 769px) and (max-width: 992px) {\r\n.rmzna69edd24812096 {\r\ndisplay: block;\r\n}\r\n}\r\n@media screen and (min-width: 768px) and (max-width: 768px) {\r\n.rmzna69edd24812096 {\r\ndisplay: block;\r\n}\r\n}\r\n@media screen and (max-width: 767px) {\r\n.rmzna69edd24812096 {\r\ndisplay: block;\r\n}\r\n}\r\n<\/style>\r\n\n<p>&nbsp;<\/p>\n<div style=\"margin-top: 0px; margin-bottom: 0px;\" class=\"sharethis-inline-share-buttons\" ><\/div>","protected":false},"excerpt":{"rendered":"<p>Intenso, seductor, excesivo&#8230;. Raphael \u00absigue siendo aquel que siempre vuelve a levantarse\u00bb, tambi\u00e9n despu\u00e9s de la pandemia, y que, como<\/p>\n","protected":false},"author":1,"featured_media":140223,"comment_status":"open","ping_status":"closed","sticky":false,"template":"","format":"standard","meta":{"colormag_page_container_layout":"default_layout","colormag_page_sidebar_layout":"default_layout","_uag_custom_page_level_css":"","footnotes":""},"categories":[1],"tags":[1517,78,83,50,115,8,61,24651],"class_list":["post-140222","post","type-post","status-publish","format-standard","has-post-thumbnail","hentry","category-fama","tag-barcelona","tag-cantantes","tag-conciertos","tag-entretenimiento","tag-espana","tag-internacionales","tag-musica","tag-raphael"],"yoast_head":"<!-- This site is optimized with the Yoast SEO plugin v27.4 - https:\/\/yoast.com\/product\/yoast-seo-wordpress\/ -->\n<title>Raphael sigue siendo Aquel, con may\u00fascula, tras el par\u00f3n de la pandemia<\/title>\n<meta name=\"description\" content=\"Fama\" \/>\n<meta name=\"robots\" content=\"index, follow, max-snippet:-1, max-image-preview:large, max-video-preview:-1\" \/>\n<link rel=\"canonical\" href=\"https:\/\/digital58.com.ve\/site\/2021\/06\/13\/raphael-sigue-siendo-aquel-con-mayuscula-tras-el-paron-de-la-pandemia\/\" \/>\n<meta property=\"og:locale\" content=\"es_ES\" \/>\n<meta property=\"og:type\" content=\"article\" \/>\n<meta property=\"og:title\" content=\"Raphael sigue siendo Aquel, con may\u00fascula, tras el par\u00f3n de la pandemia\" \/>\n<meta property=\"og:description\" content=\"Fama\" \/>\n<meta property=\"og:url\" content=\"https:\/\/digital58.com.ve\/site\/2021\/06\/13\/raphael-sigue-siendo-aquel-con-mayuscula-tras-el-paron-de-la-pandemia\/\" \/>\n<meta property=\"og:site_name\" content=\"Noticias Digital58\" \/>\n<meta property=\"article:published_time\" content=\"2021-06-14T03:14:33+00:00\" \/>\n<meta property=\"og:image\" content=\"https:\/\/digital58.com.ve\/site\/wp-content\/uploads\/2021\/06\/Raphael-2.jpg\" \/>\n\t<meta property=\"og:image:width\" content=\"900\" \/>\n\t<meta property=\"og:image:height\" content=\"600\" \/>\n\t<meta property=\"og:image:type\" content=\"image\/jpeg\" \/>\n<meta name=\"author\" content=\"Villasmil Henry\" \/>\n<meta name=\"twitter:card\" content=\"summary_large_image\" \/>\n<meta name=\"twitter:creator\" content=\"@https:\/\/twitter.com\/villasmilhfoto\" \/>\n<meta name=\"twitter:site\" content=\"@villasmilhfoto\" \/>\n<meta name=\"twitter:label1\" content=\"Escrito por\" \/>\n\t<meta name=\"twitter:data1\" content=\"Villasmil Henry\" \/>\n\t<meta name=\"twitter:label2\" content=\"Tiempo estimado de lectura\" \/>\n\t<meta name=\"twitter:data2\" content=\"4 minutos\" \/>\n<script type=\"application\/ld+json\" class=\"yoast-schema-graph\">{\"@context\":\"https:\\\/\\\/schema.org\",\"@graph\":[{\"@type\":\"Article\",\"@id\":\"https:\\\/\\\/digital58.com.ve\\\/site\\\/2021\\\/06\\\/13\\\/raphael-sigue-siendo-aquel-con-mayuscula-tras-el-paron-de-la-pandemia\\\/#article\",\"isPartOf\":{\"@id\":\"https:\\\/\\\/digital58.com.ve\\\/site\\\/2021\\\/06\\\/13\\\/raphael-sigue-siendo-aquel-con-mayuscula-tras-el-paron-de-la-pandemia\\\/\"},\"author\":{\"name\":\"Villasmil Henry\",\"@id\":\"https:\\\/\\\/digital58.com.ve\\\/site\\\/#\\\/schema\\\/person\\\/64d1c2e4d0d4fd1b849980c4331c2951\"},\"headline\":\"Raphael sigue siendo Aquel, con may\u00fascula, tras el par\u00f3n de la pandemia\",\"datePublished\":\"2021-06-14T03:14:33+00:00\",\"mainEntityOfPage\":{\"@id\":\"https:\\\/\\\/digital58.com.ve\\\/site\\\/2021\\\/06\\\/13\\\/raphael-sigue-siendo-aquel-con-mayuscula-tras-el-paron-de-la-pandemia\\\/\"},\"wordCount\":820,\"commentCount\":0,\"publisher\":{\"@id\":\"https:\\\/\\\/digital58.com.ve\\\/site\\\/#\\\/schema\\\/person\\\/64d1c2e4d0d4fd1b849980c4331c2951\"},\"image\":{\"@id\":\"https:\\\/\\\/digital58.com.ve\\\/site\\\/2021\\\/06\\\/13\\\/raphael-sigue-siendo-aquel-con-mayuscula-tras-el-paron-de-la-pandemia\\\/#primaryimage\"},\"thumbnailUrl\":\"https:\\\/\\\/digital58.com.ve\\\/site\\\/wp-content\\\/uploads\\\/2021\\\/06\\\/Raphael-2.jpg\",\"keywords\":[\"Barcelona\",\"Cantantes\",\"Conciertos\",\"Entretenimiento\",\"Espa\u00f1a\",\"Internacionales\",\"M\u00fasica\",\"Raphael\"],\"articleSection\":[\"Fama\"],\"inLanguage\":\"es\",\"potentialAction\":[{\"@type\":\"CommentAction\",\"name\":\"Comment\",\"target\":[\"https:\\\/\\\/digital58.com.ve\\\/site\\\/2021\\\/06\\\/13\\\/raphael-sigue-siendo-aquel-con-mayuscula-tras-el-paron-de-la-pandemia\\\/#respond\"]}]},{\"@type\":\"WebPage\",\"@id\":\"https:\\\/\\\/digital58.com.ve\\\/site\\\/2021\\\/06\\\/13\\\/raphael-sigue-siendo-aquel-con-mayuscula-tras-el-paron-de-la-pandemia\\\/\",\"url\":\"https:\\\/\\\/digital58.com.ve\\\/site\\\/2021\\\/06\\\/13\\\/raphael-sigue-siendo-aquel-con-mayuscula-tras-el-paron-de-la-pandemia\\\/\",\"name\":\"Raphael sigue siendo Aquel, con may\u00fascula, tras el par\u00f3n de la pandemia\",\"isPartOf\":{\"@id\":\"https:\\\/\\\/digital58.com.ve\\\/site\\\/#website\"},\"primaryImageOfPage\":{\"@id\":\"https:\\\/\\\/digital58.com.ve\\\/site\\\/2021\\\/06\\\/13\\\/raphael-sigue-siendo-aquel-con-mayuscula-tras-el-paron-de-la-pandemia\\\/#primaryimage\"},\"image\":{\"@id\":\"https:\\\/\\\/digital58.com.ve\\\/site\\\/2021\\\/06\\\/13\\\/raphael-sigue-siendo-aquel-con-mayuscula-tras-el-paron-de-la-pandemia\\\/#primaryimage\"},\"thumbnailUrl\":\"https:\\\/\\\/digital58.com.ve\\\/site\\\/wp-content\\\/uploads\\\/2021\\\/06\\\/Raphael-2.jpg\",\"datePublished\":\"2021-06-14T03:14:33+00:00\",\"description\":\"Fama\",\"breadcrumb\":{\"@id\":\"https:\\\/\\\/digital58.com.ve\\\/site\\\/2021\\\/06\\\/13\\\/raphael-sigue-siendo-aquel-con-mayuscula-tras-el-paron-de-la-pandemia\\\/#breadcrumb\"},\"inLanguage\":\"es\",\"potentialAction\":[{\"@type\":\"ReadAction\",\"target\":[\"https:\\\/\\\/digital58.com.ve\\\/site\\\/2021\\\/06\\\/13\\\/raphael-sigue-siendo-aquel-con-mayuscula-tras-el-paron-de-la-pandemia\\\/\"]}]},{\"@type\":\"ImageObject\",\"inLanguage\":\"es\",\"@id\":\"https:\\\/\\\/digital58.com.ve\\\/site\\\/2021\\\/06\\\/13\\\/raphael-sigue-siendo-aquel-con-mayuscula-tras-el-paron-de-la-pandemia\\\/#primaryimage\",\"url\":\"https:\\\/\\\/digital58.com.ve\\\/site\\\/wp-content\\\/uploads\\\/2021\\\/06\\\/Raphael-2.jpg\",\"contentUrl\":\"https:\\\/\\\/digital58.com.ve\\\/site\\\/wp-content\\\/uploads\\\/2021\\\/06\\\/Raphael-2.jpg\",\"width\":900,\"height\":600},{\"@type\":\"BreadcrumbList\",\"@id\":\"https:\\\/\\\/digital58.com.ve\\\/site\\\/2021\\\/06\\\/13\\\/raphael-sigue-siendo-aquel-con-mayuscula-tras-el-paron-de-la-pandemia\\\/#breadcrumb\",\"itemListElement\":[{\"@type\":\"ListItem\",\"position\":1,\"name\":\"Home\",\"item\":\"https:\\\/\\\/digital58.com.ve\\\/site\\\/\"},{\"@type\":\"ListItem\",\"position\":2,\"name\":\"Raphael sigue siendo Aquel, con may\u00fascula, tras el par\u00f3n de la pandemia\"}]},{\"@type\":\"WebSite\",\"@id\":\"https:\\\/\\\/digital58.com.ve\\\/site\\\/#website\",\"url\":\"https:\\\/\\\/digital58.com.ve\\\/site\\\/\",\"name\":\"Noticias Digital58\",\"description\":\"Portal de Noticias \u00a1Periodismo web de verdad! Lanzamiento web 22.11.2005 \\\/ Maracaibo, Venezuela\",\"publisher\":{\"@id\":\"https:\\\/\\\/digital58.com.ve\\\/site\\\/#\\\/schema\\\/person\\\/64d1c2e4d0d4fd1b849980c4331c2951\"},\"alternateName\":\"ND58\",\"potentialAction\":[{\"@type\":\"SearchAction\",\"target\":{\"@type\":\"EntryPoint\",\"urlTemplate\":\"https:\\\/\\\/digital58.com.ve\\\/site\\\/?s={search_term_string}\"},\"query-input\":{\"@type\":\"PropertyValueSpecification\",\"valueRequired\":true,\"valueName\":\"search_term_string\"}}],\"inLanguage\":\"es\"},{\"@type\":[\"Person\",\"Organization\"],\"@id\":\"https:\\\/\\\/digital58.com.ve\\\/site\\\/#\\\/schema\\\/person\\\/64d1c2e4d0d4fd1b849980c4331c2951\",\"name\":\"Villasmil Henry\",\"image\":{\"@type\":\"ImageObject\",\"inLanguage\":\"es\",\"@id\":\"https:\\\/\\\/secure.gravatar.com\\\/avatar\\\/bb0c4a2fcb7970138239f7e404ea75757b1b507b28b5ce4c53fbd62d797c5a7c?s=96&d=mm&r=g\",\"url\":\"https:\\\/\\\/secure.gravatar.com\\\/avatar\\\/bb0c4a2fcb7970138239f7e404ea75757b1b507b28b5ce4c53fbd62d797c5a7c?s=96&d=mm&r=g\",\"contentUrl\":\"https:\\\/\\\/secure.gravatar.com\\\/avatar\\\/bb0c4a2fcb7970138239f7e404ea75757b1b507b28b5ce4c53fbd62d797c5a7c?s=96&d=mm&r=g\",\"caption\":\"Villasmil Henry\"},\"logo\":{\"@id\":\"https:\\\/\\\/secure.gravatar.com\\\/avatar\\\/bb0c4a2fcb7970138239f7e404ea75757b1b507b28b5ce4c53fbd62d797c5a7c?s=96&d=mm&r=g\"},\"sameAs\":[\"http:\\\/\\\/www.henryvillasmil.com.ve\",\"https:\\\/\\\/www.instagram.com\\\/villasmilhfoto\\\/\",\"https:\\\/\\\/x.com\\\/https:\\\/\\\/twitter.com\\\/villasmilhfoto\"],\"url\":\"https:\\\/\\\/digital58.com.ve\\\/site\\\/author\\\/droopy_68\\\/\"}]}<\/script>\n<!-- \/ Yoast SEO plugin. -->","yoast_head_json":{"title":"Raphael sigue siendo Aquel, con may\u00fascula, tras el par\u00f3n de la pandemia","description":"Fama","robots":{"index":"index","follow":"follow","max-snippet":"max-snippet:-1","max-image-preview":"max-image-preview:large","max-video-preview":"max-video-preview:-1"},"canonical":"https:\/\/digital58.com.ve\/site\/2021\/06\/13\/raphael-sigue-siendo-aquel-con-mayuscula-tras-el-paron-de-la-pandemia\/","og_locale":"es_ES","og_type":"article","og_title":"Raphael sigue siendo Aquel, con may\u00fascula, tras el par\u00f3n de la pandemia","og_description":"Fama","og_url":"https:\/\/digital58.com.ve\/site\/2021\/06\/13\/raphael-sigue-siendo-aquel-con-mayuscula-tras-el-paron-de-la-pandemia\/","og_site_name":"Noticias Digital58","article_published_time":"2021-06-14T03:14:33+00:00","og_image":[{"width":900,"height":600,"url":"https:\/\/digital58.com.ve\/site\/wp-content\/uploads\/2021\/06\/Raphael-2.jpg","type":"image\/jpeg"}],"author":"Villasmil Henry","twitter_card":"summary_large_image","twitter_creator":"@https:\/\/twitter.com\/villasmilhfoto","twitter_site":"@villasmilhfoto","twitter_misc":{"Escrito por":"Villasmil Henry","Tiempo estimado de lectura":"4 minutos"},"schema":{"@context":"https:\/\/schema.org","@graph":[{"@type":"Article","@id":"https:\/\/digital58.com.ve\/site\/2021\/06\/13\/raphael-sigue-siendo-aquel-con-mayuscula-tras-el-paron-de-la-pandemia\/#article","isPartOf":{"@id":"https:\/\/digital58.com.ve\/site\/2021\/06\/13\/raphael-sigue-siendo-aquel-con-mayuscula-tras-el-paron-de-la-pandemia\/"},"author":{"name":"Villasmil Henry","@id":"https:\/\/digital58.com.ve\/site\/#\/schema\/person\/64d1c2e4d0d4fd1b849980c4331c2951"},"headline":"Raphael sigue siendo Aquel, con may\u00fascula, tras el par\u00f3n de la pandemia","datePublished":"2021-06-14T03:14:33+00:00","mainEntityOfPage":{"@id":"https:\/\/digital58.com.ve\/site\/2021\/06\/13\/raphael-sigue-siendo-aquel-con-mayuscula-tras-el-paron-de-la-pandemia\/"},"wordCount":820,"commentCount":0,"publisher":{"@id":"https:\/\/digital58.com.ve\/site\/#\/schema\/person\/64d1c2e4d0d4fd1b849980c4331c2951"},"image":{"@id":"https:\/\/digital58.com.ve\/site\/2021\/06\/13\/raphael-sigue-siendo-aquel-con-mayuscula-tras-el-paron-de-la-pandemia\/#primaryimage"},"thumbnailUrl":"https:\/\/digital58.com.ve\/site\/wp-content\/uploads\/2021\/06\/Raphael-2.jpg","keywords":["Barcelona","Cantantes","Conciertos","Entretenimiento","Espa\u00f1a","Internacionales","M\u00fasica","Raphael"],"articleSection":["Fama"],"inLanguage":"es","potentialAction":[{"@type":"CommentAction","name":"Comment","target":["https:\/\/digital58.com.ve\/site\/2021\/06\/13\/raphael-sigue-siendo-aquel-con-mayuscula-tras-el-paron-de-la-pandemia\/#respond"]}]},{"@type":"WebPage","@id":"https:\/\/digital58.com.ve\/site\/2021\/06\/13\/raphael-sigue-siendo-aquel-con-mayuscula-tras-el-paron-de-la-pandemia\/","url":"https:\/\/digital58.com.ve\/site\/2021\/06\/13\/raphael-sigue-siendo-aquel-con-mayuscula-tras-el-paron-de-la-pandemia\/","name":"Raphael sigue siendo Aquel, con may\u00fascula, tras el par\u00f3n de la pandemia","isPartOf":{"@id":"https:\/\/digital58.com.ve\/site\/#website"},"primaryImageOfPage":{"@id":"https:\/\/digital58.com.ve\/site\/2021\/06\/13\/raphael-sigue-siendo-aquel-con-mayuscula-tras-el-paron-de-la-pandemia\/#primaryimage"},"image":{"@id":"https:\/\/digital58.com.ve\/site\/2021\/06\/13\/raphael-sigue-siendo-aquel-con-mayuscula-tras-el-paron-de-la-pandemia\/#primaryimage"},"thumbnailUrl":"https:\/\/digital58.com.ve\/site\/wp-content\/uploads\/2021\/06\/Raphael-2.jpg","datePublished":"2021-06-14T03:14:33+00:00","description":"Fama","breadcrumb":{"@id":"https:\/\/digital58.com.ve\/site\/2021\/06\/13\/raphael-sigue-siendo-aquel-con-mayuscula-tras-el-paron-de-la-pandemia\/#breadcrumb"},"inLanguage":"es","potentialAction":[{"@type":"ReadAction","target":["https:\/\/digital58.com.ve\/site\/2021\/06\/13\/raphael-sigue-siendo-aquel-con-mayuscula-tras-el-paron-de-la-pandemia\/"]}]},{"@type":"ImageObject","inLanguage":"es","@id":"https:\/\/digital58.com.ve\/site\/2021\/06\/13\/raphael-sigue-siendo-aquel-con-mayuscula-tras-el-paron-de-la-pandemia\/#primaryimage","url":"https:\/\/digital58.com.ve\/site\/wp-content\/uploads\/2021\/06\/Raphael-2.jpg","contentUrl":"https:\/\/digital58.com.ve\/site\/wp-content\/uploads\/2021\/06\/Raphael-2.jpg","width":900,"height":600},{"@type":"BreadcrumbList","@id":"https:\/\/digital58.com.ve\/site\/2021\/06\/13\/raphael-sigue-siendo-aquel-con-mayuscula-tras-el-paron-de-la-pandemia\/#breadcrumb","itemListElement":[{"@type":"ListItem","position":1,"name":"Home","item":"https:\/\/digital58.com.ve\/site\/"},{"@type":"ListItem","position":2,"name":"Raphael sigue siendo Aquel, con may\u00fascula, tras el par\u00f3n de la pandemia"}]},{"@type":"WebSite","@id":"https:\/\/digital58.com.ve\/site\/#website","url":"https:\/\/digital58.com.ve\/site\/","name":"Noticias Digital58","description":"Portal de Noticias \u00a1Periodismo web de verdad! Lanzamiento web 22.11.2005 \/ Maracaibo, Venezuela","publisher":{"@id":"https:\/\/digital58.com.ve\/site\/#\/schema\/person\/64d1c2e4d0d4fd1b849980c4331c2951"},"alternateName":"ND58","potentialAction":[{"@type":"SearchAction","target":{"@type":"EntryPoint","urlTemplate":"https:\/\/digital58.com.ve\/site\/?s={search_term_string}"},"query-input":{"@type":"PropertyValueSpecification","valueRequired":true,"valueName":"search_term_string"}}],"inLanguage":"es"},{"@type":["Person","Organization"],"@id":"https:\/\/digital58.com.ve\/site\/#\/schema\/person\/64d1c2e4d0d4fd1b849980c4331c2951","name":"Villasmil Henry","image":{"@type":"ImageObject","inLanguage":"es","@id":"https:\/\/secure.gravatar.com\/avatar\/bb0c4a2fcb7970138239f7e404ea75757b1b507b28b5ce4c53fbd62d797c5a7c?s=96&d=mm&r=g","url":"https:\/\/secure.gravatar.com\/avatar\/bb0c4a2fcb7970138239f7e404ea75757b1b507b28b5ce4c53fbd62d797c5a7c?s=96&d=mm&r=g","contentUrl":"https:\/\/secure.gravatar.com\/avatar\/bb0c4a2fcb7970138239f7e404ea75757b1b507b28b5ce4c53fbd62d797c5a7c?s=96&d=mm&r=g","caption":"Villasmil Henry"},"logo":{"@id":"https:\/\/secure.gravatar.com\/avatar\/bb0c4a2fcb7970138239f7e404ea75757b1b507b28b5ce4c53fbd62d797c5a7c?s=96&d=mm&r=g"},"sameAs":["http:\/\/www.henryvillasmil.com.ve","https:\/\/www.instagram.com\/villasmilhfoto\/","https:\/\/x.com\/https:\/\/twitter.com\/villasmilhfoto"],"url":"https:\/\/digital58.com.ve\/site\/author\/droopy_68\/"}]}},"uagb_featured_image_src":{"full":["https:\/\/digital58.com.ve\/site\/wp-content\/uploads\/2021\/06\/Raphael-2.jpg",900,600,false],"thumbnail":["https:\/\/digital58.com.ve\/site\/wp-content\/uploads\/2021\/06\/Raphael-2-150x150.jpg",150,150,true],"medium":["https:\/\/digital58.com.ve\/site\/wp-content\/uploads\/2021\/06\/Raphael-2-300x200.jpg",300,200,true],"medium_large":["https:\/\/digital58.com.ve\/site\/wp-content\/uploads\/2021\/06\/Raphael-2-768x512.jpg",768,512,true],"large":["https:\/\/digital58.com.ve\/site\/wp-content\/uploads\/2021\/06\/Raphael-2.jpg",800,533,false],"1536x1536":["https:\/\/digital58.com.ve\/site\/wp-content\/uploads\/2021\/06\/Raphael-2.jpg",900,600,false],"2048x2048":["https:\/\/digital58.com.ve\/site\/wp-content\/uploads\/2021\/06\/Raphael-2.jpg",900,600,false],"colormag-highlighted-post":["https:\/\/digital58.com.ve\/site\/wp-content\/uploads\/2021\/06\/Raphael-2.jpg",392,261,false],"colormag-featured-post-medium":["https:\/\/digital58.com.ve\/site\/wp-content\/uploads\/2021\/06\/Raphael-2.jpg",308,205,false],"colormag-featured-post-small":["https:\/\/digital58.com.ve\/site\/wp-content\/uploads\/2021\/06\/Raphael-2.jpg",130,87,false],"colormag-featured-image":["https:\/\/digital58.com.ve\/site\/wp-content\/uploads\/2021\/06\/Raphael-2.jpg",668,445,false],"colormag-default-news":["https:\/\/digital58.com.ve\/site\/wp-content\/uploads\/2021\/06\/Raphael-2.jpg",150,100,false],"colormag-featured-image-large":["https:\/\/digital58.com.ve\/site\/wp-content\/uploads\/2021\/06\/Raphael-2.jpg",900,600,false]},"uagb_author_info":{"display_name":"Villasmil Henry","author_link":"https:\/\/digital58.com.ve\/site\/author\/droopy_68\/"},"uagb_comment_info":0,"uagb_excerpt":"Intenso, seductor, excesivo&#8230;. Raphael \u00absigue siendo aquel que siempre vuelve a levantarse\u00bb, tambi\u00e9n despu\u00e9s de la pandemia, y que, como","_links":{"self":[{"href":"https:\/\/digital58.com.ve\/site\/wp-json\/wp\/v2\/posts\/140222","targetHints":{"allow":["GET"]}}],"collection":[{"href":"https:\/\/digital58.com.ve\/site\/wp-json\/wp\/v2\/posts"}],"about":[{"href":"https:\/\/digital58.com.ve\/site\/wp-json\/wp\/v2\/types\/post"}],"author":[{"embeddable":true,"href":"https:\/\/digital58.com.ve\/site\/wp-json\/wp\/v2\/users\/1"}],"replies":[{"embeddable":true,"href":"https:\/\/digital58.com.ve\/site\/wp-json\/wp\/v2\/comments?post=140222"}],"version-history":[{"count":0,"href":"https:\/\/digital58.com.ve\/site\/wp-json\/wp\/v2\/posts\/140222\/revisions"}],"wp:featuredmedia":[{"embeddable":true,"href":"https:\/\/digital58.com.ve\/site\/wp-json\/wp\/v2\/media\/140223"}],"wp:attachment":[{"href":"https:\/\/digital58.com.ve\/site\/wp-json\/wp\/v2\/media?parent=140222"}],"wp:term":[{"taxonomy":"category","embeddable":true,"href":"https:\/\/digital58.com.ve\/site\/wp-json\/wp\/v2\/categories?post=140222"},{"taxonomy":"post_tag","embeddable":true,"href":"https:\/\/digital58.com.ve\/site\/wp-json\/wp\/v2\/tags?post=140222"}],"curies":[{"name":"wp","href":"https:\/\/api.w.org\/{rel}","templated":true}]}}