{"id":140623,"date":"2021-07-03T14:19:53","date_gmt":"2021-07-03T18:19:53","guid":{"rendered":"https:\/\/digital58.com.ve\/site\/?p=140623"},"modified":"2021-07-03T14:19:53","modified_gmt":"2021-07-03T18:19:53","slug":"recuperan-bohios-de-la-vereda-del-lago-para-el-disfrute-de-las-familias-maracaiberas","status":"publish","type":"post","link":"https:\/\/digital58.com.ve\/site\/2021\/07\/03\/recuperan-bohios-de-la-vereda-del-lago-para-el-disfrute-de-las-familias-maracaiberas\/","title":{"rendered":"Recuperan boh\u00edos de la Vereda del Lago para el disfrute de las familias maracaiberas"},"content":{"rendered":"<p><a href=\"https:\/\/digital58.com.ve\/site\/wp-content\/uploads\/2021\/07\/willy-casanova.jpg\"><img loading=\"lazy\" decoding=\"async\" class=\"aligncenter size-full wp-image-140625\" src=\"https:\/\/digital58.com.ve\/site\/wp-content\/uploads\/2021\/07\/willy-casanova.jpg\" alt=\"\" width=\"900\" height=\"600\" srcset=\"https:\/\/digital58.com.ve\/site\/wp-content\/uploads\/2021\/07\/willy-casanova.jpg 900w, https:\/\/digital58.com.ve\/site\/wp-content\/uploads\/2021\/07\/willy-casanova-300x200.jpg 300w, https:\/\/digital58.com.ve\/site\/wp-content\/uploads\/2021\/07\/willy-casanova-768x512.jpg 768w, https:\/\/digital58.com.ve\/site\/wp-content\/uploads\/2021\/07\/willy-casanova-720x480.jpg 720w, https:\/\/digital58.com.ve\/site\/wp-content\/uploads\/2021\/07\/willy-casanova-480x320.jpg 480w\" sizes=\"auto, (max-width: 900px) 100vw, 900px\" \/><\/a><\/p>\n<p>La directora del Servicio Desconcentrado de Plazas y Parques (Sedepar), Mariell Ben\u00edtez, calific\u00f3 como una prioridad la recuperaci\u00f3n de estos techos proveedores de sombra, ya que en su mayor\u00eda se encontraban destruidos.<\/p>\n<p><strong>Maracaibo, Zulia, Venezuela, 03 de julio de 2021 (ND58).-<\/strong> El alcalde de Maracaibo, Willy Casanova, inici\u00f3 este 2 de julio la rehabilitaci\u00f3n integral de los 60 boh\u00edos de la Vereda del Lago, espacios p\u00fablicos que se espera est\u00e9n listos en septiembre para el disfrute de celebraciones y momentos especiales de las familias maracaiberas.<\/p>\n<p>Casanova hizo \u00e9nfasis en que la transformaci\u00f3n de Vereda del Lago se ejecuta gracias a la inversi\u00f3n permanente por parte de la Alcald\u00eda Bolivariana de Maracaibo, que ha mejorado la captaci\u00f3n de recursos propios para recuperar progresivamente este parque.<\/p>\n<p>El plan contempla la sustituci\u00f3n de techos, la reparaci\u00f3n de bases, bancas y mesas de concreto, la sustituci\u00f3n de instalaciones el\u00e9ctricas y el acondicionamiento de las parrilleras, adem\u00e1s de las labores de pintura, poda, desmalezamiento y limpieza en general.<\/p>\n<p>Agreg\u00f3 que tambi\u00e9n se trabaja en la recuperaci\u00f3n de los parques infantiles aleda\u00f1os a estos espacios, y en la restituci\u00f3n de los 56 postes de iluminaci\u00f3n que mejorar\u00e1n la seguridad de las familias que siempre se ha acercado a estos espacios para reunirse y celebrar.<\/p>\n<p><a href=\"https:\/\/digital58.com.ve\/site\/wp-content\/uploads\/2021\/07\/bohios-vereda-del-lago.jpg\"><img loading=\"lazy\" decoding=\"async\" class=\"aligncenter size-full wp-image-140624\" src=\"https:\/\/digital58.com.ve\/site\/wp-content\/uploads\/2021\/07\/bohios-vereda-del-lago.jpg\" alt=\"\" width=\"900\" height=\"599\" srcset=\"https:\/\/digital58.com.ve\/site\/wp-content\/uploads\/2021\/07\/bohios-vereda-del-lago.jpg 900w, https:\/\/digital58.com.ve\/site\/wp-content\/uploads\/2021\/07\/bohios-vereda-del-lago-300x200.jpg 300w, https:\/\/digital58.com.ve\/site\/wp-content\/uploads\/2021\/07\/bohios-vereda-del-lago-768x511.jpg 768w, https:\/\/digital58.com.ve\/site\/wp-content\/uploads\/2021\/07\/bohios-vereda-del-lago-720x480.jpg 720w, https:\/\/digital58.com.ve\/site\/wp-content\/uploads\/2021\/07\/bohios-vereda-del-lago-480x320.jpg 480w\" sizes=\"auto, (max-width: 900px) 100vw, 900px\" \/><\/a><\/p>\n<p>Cabe recordar que el estado de alerta surgido por la pandemia en 2020 oblig\u00f3 a cerrar el parque y concentrar los esfuerzos para el combate por la vida. Pero este a\u00f1o se han logrado avances en la Franja Costera, con la recuperaci\u00f3n de la caminer\u00eda y barandas, as\u00ed como del puente y \u00e1reas verdes.<\/p>\n<p>En el recorrido tambi\u00e9n participaron la directora de Turismo, Michelle Mendoza, encargada de promover los atractivos para los visitantes, tanto p\u00fablicos como los impulsados por la empresa privada, como el proyecto Playa Lago para la venta de alimentos y la reactivaci\u00f3n del parque acu\u00e1tico.<\/p>\n<p><strong>Redacci\u00f3n ND58 | Fuente: Mar\u00eda Arellano\/ADM<\/strong><br \/>\n<strong>Edici\u00f3n: Villasmil, Henry<\/strong><br \/>\n<strong>Gr\u00e1ficas: Cortes\u00eda Alcald\u00eda de Maracaibo<\/strong><\/p><div class=\"pgmpl69f22eba829a7\" ><p style=\"text-align: center;\"><a href=\"https:\/\/t.me\/noticiasdigital58\" target=\"_blank\" rel=\"noopener\"><img class=\"aligncenter size-full wp-image-125363\" src=\"https:\/\/digital58.com.ve\/site\/wp-content\/uploads\/2021\/04\/banner-telegram-web-2021.png\" alt=\"\" width=\"600\" height=\"90\" \/><\/a><\/p><\/div><style type=\"text\/css\">\r\n@media screen and (min-width: 1201px) {\r\n.pgmpl69f22eba829a7 {\r\ndisplay: block;\r\n}\r\n}\r\n@media screen and (min-width: 993px) and (max-width: 1200px) {\r\n.pgmpl69f22eba829a7 {\r\ndisplay: block;\r\n}\r\n}\r\n@media screen and (min-width: 769px) and (max-width: 992px) {\r\n.pgmpl69f22eba829a7 {\r\ndisplay: block;\r\n}\r\n}\r\n@media screen and (min-width: 768px) and (max-width: 768px) {\r\n.pgmpl69f22eba829a7 {\r\ndisplay: block;\r\n}\r\n}\r\n@media screen and (max-width: 767px) {\r\n.pgmpl69f22eba829a7 {\r\ndisplay: block;\r\n}\r\n}\r\n<\/style>\r\n\n<p>&nbsp;<\/p>\n<div style=\"margin-top: 0px; margin-bottom: 0px;\" class=\"sharethis-inline-share-buttons\" ><\/div>","protected":false},"excerpt":{"rendered":"<p>La directora del Servicio Desconcentrado de Plazas y Parques (Sedepar), Mariell Ben\u00edtez, calific\u00f3 como una prioridad la recuperaci\u00f3n de estos<\/p>\n","protected":false},"author":1,"featured_media":140624,"comment_status":"open","ping_status":"closed","sticky":false,"template":"","format":"standard","meta":{"colormag_page_container_layout":"default_layout","colormag_page_sidebar_layout":"default_layout","_uag_custom_page_level_css":"","footnotes":""},"categories":[14504],"tags":[290,24761,24763,756,73,24760,24762,233,658,2354,13910,32,358,12655,761],"class_list":["post-140623","post","type-post","status-publish","format-standard","has-post-thumbnail","hentry","category-zulia","tag-alcaldia-de-maracaibo","tag-bohios","tag-directora-de-turismo","tag-espacios-publicos","tag-maracaibo","tag-mariell-benitez","tag-michelle-mendoza","tag-nacionales","tag-parques","tag-regionales","tag-sedepar","tag-venezuela","tag-vereda-del-lago","tag-willy-casanova","tag-zulia"],"yoast_head":"<!-- This site is optimized with the Yoast SEO plugin v27.5 - https:\/\/yoast.com\/product\/yoast-seo-wordpress\/ -->\n<title>Recuperan boh\u00edos de la Vereda del Lago para el disfrute de las familias maracaiberas<\/title>\n<meta name=\"description\" content=\"Zulia\" \/>\n<meta name=\"robots\" content=\"index, follow, max-snippet:-1, max-image-preview:large, max-video-preview:-1\" \/>\n<link rel=\"canonical\" href=\"https:\/\/digital58.com.ve\/site\/2021\/07\/03\/recuperan-bohios-de-la-vereda-del-lago-para-el-disfrute-de-las-familias-maracaiberas\/\" \/>\n<meta property=\"og:locale\" content=\"es_ES\" \/>\n<meta property=\"og:type\" content=\"article\" \/>\n<meta property=\"og:title\" content=\"Recuperan boh\u00edos de la Vereda del Lago para el disfrute de las familias maracaiberas\" \/>\n<meta property=\"og:description\" content=\"Zulia\" \/>\n<meta property=\"og:url\" content=\"https:\/\/digital58.com.ve\/site\/2021\/07\/03\/recuperan-bohios-de-la-vereda-del-lago-para-el-disfrute-de-las-familias-maracaiberas\/\" \/>\n<meta property=\"og:site_name\" content=\"Noticias Digital58\" \/>\n<meta property=\"article:published_time\" content=\"2021-07-03T18:19:53+00:00\" \/>\n<meta property=\"og:image\" content=\"https:\/\/digital58.com.ve\/site\/wp-content\/uploads\/2021\/07\/bohios-vereda-del-lago.jpg\" \/>\n\t<meta property=\"og:image:width\" content=\"900\" \/>\n\t<meta property=\"og:image:height\" content=\"599\" \/>\n\t<meta property=\"og:image:type\" content=\"image\/jpeg\" \/>\n<meta name=\"author\" content=\"Villasmil Henry\" \/>\n<meta name=\"twitter:card\" content=\"summary_large_image\" \/>\n<meta name=\"twitter:creator\" content=\"@https:\/\/twitter.com\/villasmilhfoto\" \/>\n<meta name=\"twitter:site\" content=\"@villasmilhfoto\" \/>\n<meta name=\"twitter:label1\" content=\"Escrito por\" \/>\n\t<meta name=\"twitter:data1\" content=\"Villasmil Henry\" \/>\n\t<meta name=\"twitter:label2\" content=\"Tiempo estimado de lectura\" \/>\n\t<meta name=\"twitter:data2\" content=\"2 minutos\" \/>\n<script type=\"application\/ld+json\" class=\"yoast-schema-graph\">{\"@context\":\"https:\\\/\\\/schema.org\",\"@graph\":[{\"@type\":\"Article\",\"@id\":\"https:\\\/\\\/digital58.com.ve\\\/site\\\/2021\\\/07\\\/03\\\/recuperan-bohios-de-la-vereda-del-lago-para-el-disfrute-de-las-familias-maracaiberas\\\/#article\",\"isPartOf\":{\"@id\":\"https:\\\/\\\/digital58.com.ve\\\/site\\\/2021\\\/07\\\/03\\\/recuperan-bohios-de-la-vereda-del-lago-para-el-disfrute-de-las-familias-maracaiberas\\\/\"},\"author\":{\"name\":\"Villasmil Henry\",\"@id\":\"https:\\\/\\\/digital58.com.ve\\\/site\\\/#\\\/schema\\\/person\\\/64d1c2e4d0d4fd1b849980c4331c2951\"},\"headline\":\"Recuperan boh\u00edos de la Vereda del Lago para el disfrute de las familias maracaiberas\",\"datePublished\":\"2021-07-03T18:19:53+00:00\",\"mainEntityOfPage\":{\"@id\":\"https:\\\/\\\/digital58.com.ve\\\/site\\\/2021\\\/07\\\/03\\\/recuperan-bohios-de-la-vereda-del-lago-para-el-disfrute-de-las-familias-maracaiberas\\\/\"},\"wordCount\":366,\"commentCount\":0,\"publisher\":{\"@id\":\"https:\\\/\\\/digital58.com.ve\\\/site\\\/#\\\/schema\\\/person\\\/64d1c2e4d0d4fd1b849980c4331c2951\"},\"image\":{\"@id\":\"https:\\\/\\\/digital58.com.ve\\\/site\\\/2021\\\/07\\\/03\\\/recuperan-bohios-de-la-vereda-del-lago-para-el-disfrute-de-las-familias-maracaiberas\\\/#primaryimage\"},\"thumbnailUrl\":\"https:\\\/\\\/digital58.com.ve\\\/site\\\/wp-content\\\/uploads\\\/2021\\\/07\\\/bohios-vereda-del-lago.jpg\",\"keywords\":[\"Alcald\u00eda de Maracaibo\",\"Boh\u00edos\",\"Directora de Turismo\",\"Espacios P\u00fablicos\",\"Maracaibo\",\"Mariell Ben\u00edtez\",\"Michelle Mendoza\",\"Nacionales\",\"Parques\",\"Regionales\",\"Sedepar\",\"Venezuela\",\"Vereda del Lago\",\"Willy Casanova\",\"Zulia\"],\"articleSection\":[\"Zulia\"],\"inLanguage\":\"es\",\"potentialAction\":[{\"@type\":\"CommentAction\",\"name\":\"Comment\",\"target\":[\"https:\\\/\\\/digital58.com.ve\\\/site\\\/2021\\\/07\\\/03\\\/recuperan-bohios-de-la-vereda-del-lago-para-el-disfrute-de-las-familias-maracaiberas\\\/#respond\"]}]},{\"@type\":\"WebPage\",\"@id\":\"https:\\\/\\\/digital58.com.ve\\\/site\\\/2021\\\/07\\\/03\\\/recuperan-bohios-de-la-vereda-del-lago-para-el-disfrute-de-las-familias-maracaiberas\\\/\",\"url\":\"https:\\\/\\\/digital58.com.ve\\\/site\\\/2021\\\/07\\\/03\\\/recuperan-bohios-de-la-vereda-del-lago-para-el-disfrute-de-las-familias-maracaiberas\\\/\",\"name\":\"Recuperan boh\u00edos de la Vereda del Lago para el disfrute de las familias maracaiberas\",\"isPartOf\":{\"@id\":\"https:\\\/\\\/digital58.com.ve\\\/site\\\/#website\"},\"primaryImageOfPage\":{\"@id\":\"https:\\\/\\\/digital58.com.ve\\\/site\\\/2021\\\/07\\\/03\\\/recuperan-bohios-de-la-vereda-del-lago-para-el-disfrute-de-las-familias-maracaiberas\\\/#primaryimage\"},\"image\":{\"@id\":\"https:\\\/\\\/digital58.com.ve\\\/site\\\/2021\\\/07\\\/03\\\/recuperan-bohios-de-la-vereda-del-lago-para-el-disfrute-de-las-familias-maracaiberas\\\/#primaryimage\"},\"thumbnailUrl\":\"https:\\\/\\\/digital58.com.ve\\\/site\\\/wp-content\\\/uploads\\\/2021\\\/07\\\/bohios-vereda-del-lago.jpg\",\"datePublished\":\"2021-07-03T18:19:53+00:00\",\"description\":\"Zulia\",\"breadcrumb\":{\"@id\":\"https:\\\/\\\/digital58.com.ve\\\/site\\\/2021\\\/07\\\/03\\\/recuperan-bohios-de-la-vereda-del-lago-para-el-disfrute-de-las-familias-maracaiberas\\\/#breadcrumb\"},\"inLanguage\":\"es\",\"potentialAction\":[{\"@type\":\"ReadAction\",\"target\":[\"https:\\\/\\\/digital58.com.ve\\\/site\\\/2021\\\/07\\\/03\\\/recuperan-bohios-de-la-vereda-del-lago-para-el-disfrute-de-las-familias-maracaiberas\\\/\"]}]},{\"@type\":\"ImageObject\",\"inLanguage\":\"es\",\"@id\":\"https:\\\/\\\/digital58.com.ve\\\/site\\\/2021\\\/07\\\/03\\\/recuperan-bohios-de-la-vereda-del-lago-para-el-disfrute-de-las-familias-maracaiberas\\\/#primaryimage\",\"url\":\"https:\\\/\\\/digital58.com.ve\\\/site\\\/wp-content\\\/uploads\\\/2021\\\/07\\\/bohios-vereda-del-lago.jpg\",\"contentUrl\":\"https:\\\/\\\/digital58.com.ve\\\/site\\\/wp-content\\\/uploads\\\/2021\\\/07\\\/bohios-vereda-del-lago.jpg\",\"width\":900,\"height\":599},{\"@type\":\"BreadcrumbList\",\"@id\":\"https:\\\/\\\/digital58.com.ve\\\/site\\\/2021\\\/07\\\/03\\\/recuperan-bohios-de-la-vereda-del-lago-para-el-disfrute-de-las-familias-maracaiberas\\\/#breadcrumb\",\"itemListElement\":[{\"@type\":\"ListItem\",\"position\":1,\"name\":\"Home\",\"item\":\"https:\\\/\\\/digital58.com.ve\\\/site\\\/\"},{\"@type\":\"ListItem\",\"position\":2,\"name\":\"Recuperan boh\u00edos de la Vereda del Lago para el disfrute de las familias maracaiberas\"}]},{\"@type\":\"WebSite\",\"@id\":\"https:\\\/\\\/digital58.com.ve\\\/site\\\/#website\",\"url\":\"https:\\\/\\\/digital58.com.ve\\\/site\\\/\",\"name\":\"Noticias Digital58\",\"description\":\"Portal de Noticias \u00a1Periodismo web de verdad! Lanzamiento web 22.11.2005 \\\/ Maracaibo, Venezuela\",\"publisher\":{\"@id\":\"https:\\\/\\\/digital58.com.ve\\\/site\\\/#\\\/schema\\\/person\\\/64d1c2e4d0d4fd1b849980c4331c2951\"},\"alternateName\":\"ND58\",\"potentialAction\":[{\"@type\":\"SearchAction\",\"target\":{\"@type\":\"EntryPoint\",\"urlTemplate\":\"https:\\\/\\\/digital58.com.ve\\\/site\\\/?s={search_term_string}\"},\"query-input\":{\"@type\":\"PropertyValueSpecification\",\"valueRequired\":true,\"valueName\":\"search_term_string\"}}],\"inLanguage\":\"es\"},{\"@type\":[\"Person\",\"Organization\"],\"@id\":\"https:\\\/\\\/digital58.com.ve\\\/site\\\/#\\\/schema\\\/person\\\/64d1c2e4d0d4fd1b849980c4331c2951\",\"name\":\"Villasmil Henry\",\"image\":{\"@type\":\"ImageObject\",\"inLanguage\":\"es\",\"@id\":\"https:\\\/\\\/secure.gravatar.com\\\/avatar\\\/bb0c4a2fcb7970138239f7e404ea75757b1b507b28b5ce4c53fbd62d797c5a7c?s=96&d=mm&r=g\",\"url\":\"https:\\\/\\\/secure.gravatar.com\\\/avatar\\\/bb0c4a2fcb7970138239f7e404ea75757b1b507b28b5ce4c53fbd62d797c5a7c?s=96&d=mm&r=g\",\"contentUrl\":\"https:\\\/\\\/secure.gravatar.com\\\/avatar\\\/bb0c4a2fcb7970138239f7e404ea75757b1b507b28b5ce4c53fbd62d797c5a7c?s=96&d=mm&r=g\",\"caption\":\"Villasmil Henry\"},\"logo\":{\"@id\":\"https:\\\/\\\/secure.gravatar.com\\\/avatar\\\/bb0c4a2fcb7970138239f7e404ea75757b1b507b28b5ce4c53fbd62d797c5a7c?s=96&d=mm&r=g\"},\"sameAs\":[\"http:\\\/\\\/www.henryvillasmil.com.ve\",\"https:\\\/\\\/www.instagram.com\\\/villasmilhfoto\\\/\",\"https:\\\/\\\/x.com\\\/https:\\\/\\\/twitter.com\\\/villasmilhfoto\"],\"url\":\"https:\\\/\\\/digital58.com.ve\\\/site\\\/author\\\/droopy_68\\\/\"}]}<\/script>\n<!-- \/ Yoast SEO plugin. -->","yoast_head_json":{"title":"Recuperan boh\u00edos de la Vereda del Lago para el disfrute de las familias maracaiberas","description":"Zulia","robots":{"index":"index","follow":"follow","max-snippet":"max-snippet:-1","max-image-preview":"max-image-preview:large","max-video-preview":"max-video-preview:-1"},"canonical":"https:\/\/digital58.com.ve\/site\/2021\/07\/03\/recuperan-bohios-de-la-vereda-del-lago-para-el-disfrute-de-las-familias-maracaiberas\/","og_locale":"es_ES","og_type":"article","og_title":"Recuperan boh\u00edos de la Vereda del Lago para el disfrute de las familias maracaiberas","og_description":"Zulia","og_url":"https:\/\/digital58.com.ve\/site\/2021\/07\/03\/recuperan-bohios-de-la-vereda-del-lago-para-el-disfrute-de-las-familias-maracaiberas\/","og_site_name":"Noticias Digital58","article_published_time":"2021-07-03T18:19:53+00:00","og_image":[{"width":900,"height":599,"url":"https:\/\/digital58.com.ve\/site\/wp-content\/uploads\/2021\/07\/bohios-vereda-del-lago.jpg","type":"image\/jpeg"}],"author":"Villasmil Henry","twitter_card":"summary_large_image","twitter_creator":"@https:\/\/twitter.com\/villasmilhfoto","twitter_site":"@villasmilhfoto","twitter_misc":{"Escrito por":"Villasmil Henry","Tiempo estimado de lectura":"2 minutos"},"schema":{"@context":"https:\/\/schema.org","@graph":[{"@type":"Article","@id":"https:\/\/digital58.com.ve\/site\/2021\/07\/03\/recuperan-bohios-de-la-vereda-del-lago-para-el-disfrute-de-las-familias-maracaiberas\/#article","isPartOf":{"@id":"https:\/\/digital58.com.ve\/site\/2021\/07\/03\/recuperan-bohios-de-la-vereda-del-lago-para-el-disfrute-de-las-familias-maracaiberas\/"},"author":{"name":"Villasmil Henry","@id":"https:\/\/digital58.com.ve\/site\/#\/schema\/person\/64d1c2e4d0d4fd1b849980c4331c2951"},"headline":"Recuperan boh\u00edos de la Vereda del Lago para el disfrute de las familias maracaiberas","datePublished":"2021-07-03T18:19:53+00:00","mainEntityOfPage":{"@id":"https:\/\/digital58.com.ve\/site\/2021\/07\/03\/recuperan-bohios-de-la-vereda-del-lago-para-el-disfrute-de-las-familias-maracaiberas\/"},"wordCount":366,"commentCount":0,"publisher":{"@id":"https:\/\/digital58.com.ve\/site\/#\/schema\/person\/64d1c2e4d0d4fd1b849980c4331c2951"},"image":{"@id":"https:\/\/digital58.com.ve\/site\/2021\/07\/03\/recuperan-bohios-de-la-vereda-del-lago-para-el-disfrute-de-las-familias-maracaiberas\/#primaryimage"},"thumbnailUrl":"https:\/\/digital58.com.ve\/site\/wp-content\/uploads\/2021\/07\/bohios-vereda-del-lago.jpg","keywords":["Alcald\u00eda de Maracaibo","Boh\u00edos","Directora de Turismo","Espacios P\u00fablicos","Maracaibo","Mariell Ben\u00edtez","Michelle Mendoza","Nacionales","Parques","Regionales","Sedepar","Venezuela","Vereda del Lago","Willy Casanova","Zulia"],"articleSection":["Zulia"],"inLanguage":"es","potentialAction":[{"@type":"CommentAction","name":"Comment","target":["https:\/\/digital58.com.ve\/site\/2021\/07\/03\/recuperan-bohios-de-la-vereda-del-lago-para-el-disfrute-de-las-familias-maracaiberas\/#respond"]}]},{"@type":"WebPage","@id":"https:\/\/digital58.com.ve\/site\/2021\/07\/03\/recuperan-bohios-de-la-vereda-del-lago-para-el-disfrute-de-las-familias-maracaiberas\/","url":"https:\/\/digital58.com.ve\/site\/2021\/07\/03\/recuperan-bohios-de-la-vereda-del-lago-para-el-disfrute-de-las-familias-maracaiberas\/","name":"Recuperan boh\u00edos de la Vereda del Lago para el disfrute de las familias maracaiberas","isPartOf":{"@id":"https:\/\/digital58.com.ve\/site\/#website"},"primaryImageOfPage":{"@id":"https:\/\/digital58.com.ve\/site\/2021\/07\/03\/recuperan-bohios-de-la-vereda-del-lago-para-el-disfrute-de-las-familias-maracaiberas\/#primaryimage"},"image":{"@id":"https:\/\/digital58.com.ve\/site\/2021\/07\/03\/recuperan-bohios-de-la-vereda-del-lago-para-el-disfrute-de-las-familias-maracaiberas\/#primaryimage"},"thumbnailUrl":"https:\/\/digital58.com.ve\/site\/wp-content\/uploads\/2021\/07\/bohios-vereda-del-lago.jpg","datePublished":"2021-07-03T18:19:53+00:00","description":"Zulia","breadcrumb":{"@id":"https:\/\/digital58.com.ve\/site\/2021\/07\/03\/recuperan-bohios-de-la-vereda-del-lago-para-el-disfrute-de-las-familias-maracaiberas\/#breadcrumb"},"inLanguage":"es","potentialAction":[{"@type":"ReadAction","target":["https:\/\/digital58.com.ve\/site\/2021\/07\/03\/recuperan-bohios-de-la-vereda-del-lago-para-el-disfrute-de-las-familias-maracaiberas\/"]}]},{"@type":"ImageObject","inLanguage":"es","@id":"https:\/\/digital58.com.ve\/site\/2021\/07\/03\/recuperan-bohios-de-la-vereda-del-lago-para-el-disfrute-de-las-familias-maracaiberas\/#primaryimage","url":"https:\/\/digital58.com.ve\/site\/wp-content\/uploads\/2021\/07\/bohios-vereda-del-lago.jpg","contentUrl":"https:\/\/digital58.com.ve\/site\/wp-content\/uploads\/2021\/07\/bohios-vereda-del-lago.jpg","width":900,"height":599},{"@type":"BreadcrumbList","@id":"https:\/\/digital58.com.ve\/site\/2021\/07\/03\/recuperan-bohios-de-la-vereda-del-lago-para-el-disfrute-de-las-familias-maracaiberas\/#breadcrumb","itemListElement":[{"@type":"ListItem","position":1,"name":"Home","item":"https:\/\/digital58.com.ve\/site\/"},{"@type":"ListItem","position":2,"name":"Recuperan boh\u00edos de la Vereda del Lago para el disfrute de las familias maracaiberas"}]},{"@type":"WebSite","@id":"https:\/\/digital58.com.ve\/site\/#website","url":"https:\/\/digital58.com.ve\/site\/","name":"Noticias Digital58","description":"Portal de Noticias \u00a1Periodismo web de verdad! Lanzamiento web 22.11.2005 \/ Maracaibo, Venezuela","publisher":{"@id":"https:\/\/digital58.com.ve\/site\/#\/schema\/person\/64d1c2e4d0d4fd1b849980c4331c2951"},"alternateName":"ND58","potentialAction":[{"@type":"SearchAction","target":{"@type":"EntryPoint","urlTemplate":"https:\/\/digital58.com.ve\/site\/?s={search_term_string}"},"query-input":{"@type":"PropertyValueSpecification","valueRequired":true,"valueName":"search_term_string"}}],"inLanguage":"es"},{"@type":["Person","Organization"],"@id":"https:\/\/digital58.com.ve\/site\/#\/schema\/person\/64d1c2e4d0d4fd1b849980c4331c2951","name":"Villasmil Henry","image":{"@type":"ImageObject","inLanguage":"es","@id":"https:\/\/secure.gravatar.com\/avatar\/bb0c4a2fcb7970138239f7e404ea75757b1b507b28b5ce4c53fbd62d797c5a7c?s=96&d=mm&r=g","url":"https:\/\/secure.gravatar.com\/avatar\/bb0c4a2fcb7970138239f7e404ea75757b1b507b28b5ce4c53fbd62d797c5a7c?s=96&d=mm&r=g","contentUrl":"https:\/\/secure.gravatar.com\/avatar\/bb0c4a2fcb7970138239f7e404ea75757b1b507b28b5ce4c53fbd62d797c5a7c?s=96&d=mm&r=g","caption":"Villasmil Henry"},"logo":{"@id":"https:\/\/secure.gravatar.com\/avatar\/bb0c4a2fcb7970138239f7e404ea75757b1b507b28b5ce4c53fbd62d797c5a7c?s=96&d=mm&r=g"},"sameAs":["http:\/\/www.henryvillasmil.com.ve","https:\/\/www.instagram.com\/villasmilhfoto\/","https:\/\/x.com\/https:\/\/twitter.com\/villasmilhfoto"],"url":"https:\/\/digital58.com.ve\/site\/author\/droopy_68\/"}]}},"uagb_featured_image_src":{"full":["https:\/\/digital58.com.ve\/site\/wp-content\/uploads\/2021\/07\/bohios-vereda-del-lago.jpg",900,599,false],"thumbnail":["https:\/\/digital58.com.ve\/site\/wp-content\/uploads\/2021\/07\/bohios-vereda-del-lago-150x150.jpg",150,150,true],"medium":["https:\/\/digital58.com.ve\/site\/wp-content\/uploads\/2021\/07\/bohios-vereda-del-lago-300x200.jpg",300,200,true],"medium_large":["https:\/\/digital58.com.ve\/site\/wp-content\/uploads\/2021\/07\/bohios-vereda-del-lago-768x511.jpg",768,511,true],"large":["https:\/\/digital58.com.ve\/site\/wp-content\/uploads\/2021\/07\/bohios-vereda-del-lago.jpg",800,532,false],"1536x1536":["https:\/\/digital58.com.ve\/site\/wp-content\/uploads\/2021\/07\/bohios-vereda-del-lago.jpg",900,599,false],"2048x2048":["https:\/\/digital58.com.ve\/site\/wp-content\/uploads\/2021\/07\/bohios-vereda-del-lago.jpg",900,599,false],"colormag-highlighted-post":["https:\/\/digital58.com.ve\/site\/wp-content\/uploads\/2021\/07\/bohios-vereda-del-lago.jpg",392,261,false],"colormag-featured-post-medium":["https:\/\/digital58.com.ve\/site\/wp-content\/uploads\/2021\/07\/bohios-vereda-del-lago.jpg",308,205,false],"colormag-featured-post-small":["https:\/\/digital58.com.ve\/site\/wp-content\/uploads\/2021\/07\/bohios-vereda-del-lago.jpg",130,87,false],"colormag-featured-image":["https:\/\/digital58.com.ve\/site\/wp-content\/uploads\/2021\/07\/bohios-vereda-del-lago.jpg",669,445,false],"colormag-default-news":["https:\/\/digital58.com.ve\/site\/wp-content\/uploads\/2021\/07\/bohios-vereda-del-lago.jpg",150,100,false],"colormag-featured-image-large":["https:\/\/digital58.com.ve\/site\/wp-content\/uploads\/2021\/07\/bohios-vereda-del-lago.jpg",900,599,false]},"uagb_author_info":{"display_name":"Villasmil Henry","author_link":"https:\/\/digital58.com.ve\/site\/author\/droopy_68\/"},"uagb_comment_info":0,"uagb_excerpt":"La directora del Servicio Desconcentrado de Plazas y Parques (Sedepar), Mariell Ben\u00edtez, calific\u00f3 como una prioridad la recuperaci\u00f3n de estos","_links":{"self":[{"href":"https:\/\/digital58.com.ve\/site\/wp-json\/wp\/v2\/posts\/140623","targetHints":{"allow":["GET"]}}],"collection":[{"href":"https:\/\/digital58.com.ve\/site\/wp-json\/wp\/v2\/posts"}],"about":[{"href":"https:\/\/digital58.com.ve\/site\/wp-json\/wp\/v2\/types\/post"}],"author":[{"embeddable":true,"href":"https:\/\/digital58.com.ve\/site\/wp-json\/wp\/v2\/users\/1"}],"replies":[{"embeddable":true,"href":"https:\/\/digital58.com.ve\/site\/wp-json\/wp\/v2\/comments?post=140623"}],"version-history":[{"count":0,"href":"https:\/\/digital58.com.ve\/site\/wp-json\/wp\/v2\/posts\/140623\/revisions"}],"wp:featuredmedia":[{"embeddable":true,"href":"https:\/\/digital58.com.ve\/site\/wp-json\/wp\/v2\/media\/140624"}],"wp:attachment":[{"href":"https:\/\/digital58.com.ve\/site\/wp-json\/wp\/v2\/media?parent=140623"}],"wp:term":[{"taxonomy":"category","embeddable":true,"href":"https:\/\/digital58.com.ve\/site\/wp-json\/wp\/v2\/categories?post=140623"},{"taxonomy":"post_tag","embeddable":true,"href":"https:\/\/digital58.com.ve\/site\/wp-json\/wp\/v2\/tags?post=140623"}],"curies":[{"name":"wp","href":"https:\/\/api.w.org\/{rel}","templated":true}]}}