{"id":140651,"date":"2021-07-03T20:50:55","date_gmt":"2021-07-04T00:50:55","guid":{"rendered":"https:\/\/digital58.com.ve\/site\/?p=140651"},"modified":"2021-07-03T20:50:55","modified_gmt":"2021-07-04T00:50:55","slug":"eurocopa-dinamarca-recupera-el-aroma-del-92","status":"publish","type":"post","link":"https:\/\/digital58.com.ve\/site\/2021\/07\/03\/eurocopa-dinamarca-recupera-el-aroma-del-92\/","title":{"rendered":"#Eurocopa | Dinamarca recupera el aroma del 92"},"content":{"rendered":"<p><a href=\"https:\/\/digital58.com.ve\/site\/wp-content\/uploads\/2021\/07\/dinamarca.jpg\"><img loading=\"lazy\" decoding=\"async\" class=\"aligncenter size-full wp-image-140652\" src=\"https:\/\/digital58.com.ve\/site\/wp-content\/uploads\/2021\/07\/dinamarca.jpg\" alt=\"\" width=\"900\" height=\"600\" srcset=\"https:\/\/digital58.com.ve\/site\/wp-content\/uploads\/2021\/07\/dinamarca.jpg 900w, https:\/\/digital58.com.ve\/site\/wp-content\/uploads\/2021\/07\/dinamarca-300x200.jpg 300w, https:\/\/digital58.com.ve\/site\/wp-content\/uploads\/2021\/07\/dinamarca-768x512.jpg 768w, https:\/\/digital58.com.ve\/site\/wp-content\/uploads\/2021\/07\/dinamarca-720x480.jpg 720w, https:\/\/digital58.com.ve\/site\/wp-content\/uploads\/2021\/07\/dinamarca-480x320.jpg 480w\" sizes=\"auto, (max-width: 900px) 100vw, 900px\" \/><\/a><\/p>\n<p>El esp\u00edritu de la Eurocopa de Suecia 1992 se instal\u00f3 en la selecci\u00f3n de Dinamarca del a\u00f1o 2021, semifinalista sorprendente tras eliminar a la Rep\u00fablica Checa despu\u00e9s de ganar 1-2 y alcanzar una ronda in\u00e9dita en el cuadro escandinavo desde hace casi treinta a\u00f1os.<\/p>\n<p><strong>Internacionales, 03 de julio de 2021 (ND58).-<\/strong> Dinamarca acab\u00f3 con el sue\u00f1o de la Rep\u00fablica Checa y aliment\u00f3 el suyo propio en el duelo de las sorpresas de los cuartos de final. Hu\u00e9rfanos de emociones desde hace d\u00e9cadas, el premio de las semifinales se lo llev\u00f3 la selecci\u00f3n que comenz\u00f3 el torneo con un amago de tragedia y que continu\u00f3 de \u00e9xito en \u00e9xito hasta alcanzar una ronda seguramente inimaginable para muchos.<\/p>\n<p>Sufri\u00f3 para conseguirlo. La Rep\u00fablica Checa vendi\u00f3 cara su derrota con una reacci\u00f3n inesperada cuando parec\u00eda acabada. El 0-2 de la primera parte no hizo hincar la rodilla a un grupo de jugadores que se levant\u00f3 cuando parec\u00eda ca\u00eddo para engrandecer la eliminatoria de las selecciones sorpresa.<\/p>\n<p>Como en las Eurocopas de 1992 y 1996, pocos esperaban el concurso de ambos equipos en las rondas finales. En Suecia 1992, la Dinamarca de Richard Moller Nielsen demostr\u00f3 que era posible ganar algo grande pese a tener todo en contra. Clasificados de rebote para la fase final tras la expulsi\u00f3n de Yugoslavia y despu\u00e9s de citar a jugadores que estaban de vacaciones, se llev\u00f3 el gato al agua.<\/p>\n<p>En Inglaterra 1996, fue la Rep\u00fablica Checa la que estuvo a punto de dar la campanada tras plantarse en la final. Perdi\u00f3 con el famoso gol de oro de Oliver Bierhoff, pero rozaron una gloria. El retrovisor de la historia presagiaba un duelo nost\u00e1lgico ba\u00f1ado de presente. El ganador, volver\u00eda a agitar las emociones de dos pa\u00edses que han caminado por el desierto demasiados a\u00f1os.<\/p>\n<p>Dinamarca fue la encargada de golpear primero. Muy pronto, a los cinco minutos, se adelant\u00f3 en el marcador con un cabezazo de Thomas Delaney a la salida de un c\u00f3rner. S\u00f3lo entre las torres checas, se encontr\u00f3 con un regalo que no desperdici\u00f3.<\/p>\n<p>Su tanto fortaleci\u00f3 la idea danesa, que salt\u00f3 al terreno de juegos con los mismos que arrasaron a Gales 0-4 pese a recuperar a Yussuf Poulsen y a Daniel Weiss. El t\u00e9cnico Kasper Hjulmand decidi\u00f3 no tocar aquello que funcion\u00f3 y Dinamarca mantuvo el nivel pese a la resistencia de sus rivales.<\/p>\n<p>Compactos, serios en defensa y, sobre todo, muy r\u00e1pidos al contragolpe se erigieron como los due\u00f1os del partido. Los grandes jugadores daneses de la Eurocopa carburaron a las mil maravillas. La consistencia de Simon Kjaer, la imaginaci\u00f3n de Mikkel Damsgaard, la insistencia de Joakim Maehle y el acierto de Kasper Dolberg, cimentaron un equipo serio para acercarse a las semifinales.<\/p>\n<p>Damsgaard, en dos ocasiones, y Delaney, pudieron hacer el segundo antes del descanso, pero fue Dolberg, al l\u00edmite del final de los 45 primeros minutos, quien dej\u00f3 muy encarrilado el partido con una volea tras una asistencia de Maehle con el exterior del pie derecho. El lateral del Atalanta, con su espectacular pase, volvi\u00f3 a pedir a gritos un hueco en el once del conjunto italiano.<\/p>\n<p>Enfrente, con Patrik Schick desaparecido, el cuadro checo solo pudo intimidar a Kasper Schmeichel con una volea de Petr Sevcik y un remate de Tom\u00e1s Holes. El delantero del Leverkusen no tuvo ninguna presencia en el acto inicial, pero en la reanudaci\u00f3n, con un solo toque, igual\u00f3 a Cristiano Ronaldo con cinco goles en la Eurocopa y meti\u00f3 a su selecci\u00f3n en el partido.<\/p>\n<p>La Rep\u00fablica Checa sali\u00f3 en tromba del vestuario, a por la remontada. No ten\u00eda tiempo que perder y a los dos minutos Schick puso picante al duelo tras rematar un centro de Vladimir Coufal desde la banda derecha. Los hombres de Jaroslav Silhavy se encontraron con una oportunidad, pero no pudieron aprovecharla.<\/p>\n<p>Dinamarca no se relaj\u00f3, aguant\u00f3 bien a su rival, sufri\u00f3 alg\u00fan que otro susto e inquiet\u00f3 con Poulsen a la cabeza. Al final, la Rep\u00fablica Checa no pudo cambiar el destino. Estaba escrito que el equipo de Hjulmand, como la Dinamarca de 1992, comenzar\u00eda con un sobresalto, en su caso el desmayo de Eriksen, y acabar\u00eda so\u00f1ando con un t\u00edtulo que hace casi tres d\u00e9cadas consigui\u00f3 por sorpresa.<\/p>\n<p><strong>Ficha t\u00e9cnica:<\/strong><\/p>\n<p><strong>1.- Rep\u00fablica Checa:<\/strong> Vacl\u00edk; Coufal, Celustka (Brabec, min. 65), Kalas, Boril; Holes (Jankto, min. 46), Soucek; Masopust (Krmencik, min. 46), Bar\u00e1k, Sevcik (Darida, min. 80); y Schick (Vydra, min. 79).<\/p>\n<p><strong>2.- Dinamarca:<\/strong> Schmeichel; Stryger (Wass, min. 71), Christensen (Andersen, min. 81), Kjaer, Vestergaard, Maehle; Hojbjerg, Delaney (Jensen, min. 81); Damsgaard (Norgaard, min. 60), Dolberg (Poulsen, min. 59) y Braithwaite.<\/p>\n<p><strong>Goles:<\/strong> 0-1, min. 5: Delaney; 0-2, min. 42: Dolberg; 1-2: Schick, min. 49.<\/p>\n<p><strong>\u00c1rbitro:<\/strong> Bj\u00f6rn Kuipers (Pa\u00edses Bajos). Amonest\u00f3 a Krmencik (min. 84) y a Kalas (min. 86) por parte de la Rep\u00fablica Checa.<\/p>\n<p><strong>Incidencias:<\/strong> partido correspondiente a los cuartos de final de la Eurocopa disputado en el Bak\u00fa Olympic Stadium (Azerbaiy\u00e1n) ante 16.306 espectadores. El capit\u00e1n de la Rep\u00fablica Checa, Soucek, entreg\u00f3 al capit\u00e1n de Dinamarca, Kjaer, una camiseta firmada por todos los jugadores de su equipo para Christian Eriksen.<\/p><div class=\"wklzf69f10e62b9b19\" ><p style=\"text-align: center;\"><a href=\"https:\/\/t.me\/noticiasdigital58\" target=\"_blank\" rel=\"noopener\"><img class=\"aligncenter size-full wp-image-125363\" src=\"https:\/\/digital58.com.ve\/site\/wp-content\/uploads\/2021\/04\/banner-telegram-web-2021.png\" alt=\"\" width=\"600\" height=\"90\" \/><\/a><\/p><\/div><style type=\"text\/css\">\r\n@media screen and (min-width: 1201px) {\r\n.wklzf69f10e62b9b19 {\r\ndisplay: block;\r\n}\r\n}\r\n@media screen and (min-width: 993px) and (max-width: 1200px) {\r\n.wklzf69f10e62b9b19 {\r\ndisplay: block;\r\n}\r\n}\r\n@media screen and (min-width: 769px) and (max-width: 992px) {\r\n.wklzf69f10e62b9b19 {\r\ndisplay: block;\r\n}\r\n}\r\n@media screen and (min-width: 768px) and (max-width: 768px) {\r\n.wklzf69f10e62b9b19 {\r\ndisplay: block;\r\n}\r\n}\r\n@media screen and (max-width: 767px) {\r\n.wklzf69f10e62b9b19 {\r\ndisplay: block;\r\n}\r\n}\r\n<\/style>\r\n\n<p><strong>Redacci\u00f3n ND58 | Fuente: EFE<\/strong><br \/>\n<strong>Edici\u00f3n: Villasmil, Henry<\/strong><br \/>\n<strong>Gr\u00e1fica: EFE<\/strong><\/p>\n<div style=\"margin-top: 0px; margin-bottom: 0px;\" class=\"sharethis-inline-share-buttons\" ><\/div>","protected":false},"excerpt":{"rendered":"<p>El esp\u00edritu de la Eurocopa de Suecia 1992 se instal\u00f3 en la selecci\u00f3n de Dinamarca del a\u00f1o 2021, semifinalista sorprendente<\/p>\n","protected":false},"author":1,"featured_media":140652,"comment_status":"open","ping_status":"closed","sticky":false,"template":"","format":"standard","meta":{"colormag_page_container_layout":"default_layout","colormag_page_sidebar_layout":"default_layout","_uag_custom_page_level_css":"","footnotes":""},"categories":[5402],"tags":[11304,5353,24582,13,41,8,177,43],"class_list":["post-140651","post","type-post","status-publish","format-standard","has-post-thumbnail","hentry","category-deportes","tag-dinamarca","tag-eurocopa","tag-eurocopa-2020","tag-futbol","tag-futbol-internacional","tag-internacionales","tag-republica-checa","tag-uefa"],"yoast_head":"<!-- This site is optimized with the Yoast SEO plugin v27.5 - https:\/\/yoast.com\/product\/yoast-seo-wordpress\/ -->\n<title>#Eurocopa | Dinamarca recupera el aroma del 92<\/title>\n<meta name=\"description\" content=\"Deportes\" \/>\n<meta name=\"robots\" content=\"index, follow, max-snippet:-1, max-image-preview:large, max-video-preview:-1\" \/>\n<link rel=\"canonical\" href=\"https:\/\/digital58.com.ve\/site\/2021\/07\/03\/eurocopa-dinamarca-recupera-el-aroma-del-92\/\" \/>\n<meta property=\"og:locale\" content=\"es_ES\" \/>\n<meta property=\"og:type\" content=\"article\" \/>\n<meta property=\"og:title\" content=\"#Eurocopa | Dinamarca recupera el aroma del 92\" \/>\n<meta property=\"og:description\" content=\"Deportes\" \/>\n<meta property=\"og:url\" content=\"https:\/\/digital58.com.ve\/site\/2021\/07\/03\/eurocopa-dinamarca-recupera-el-aroma-del-92\/\" \/>\n<meta property=\"og:site_name\" content=\"Noticias Digital58\" \/>\n<meta property=\"article:published_time\" content=\"2021-07-04T00:50:55+00:00\" \/>\n<meta property=\"og:image\" content=\"https:\/\/digital58.com.ve\/site\/wp-content\/uploads\/2021\/07\/dinamarca.jpg\" \/>\n\t<meta property=\"og:image:width\" content=\"900\" \/>\n\t<meta property=\"og:image:height\" content=\"600\" \/>\n\t<meta property=\"og:image:type\" content=\"image\/jpeg\" \/>\n<meta name=\"author\" content=\"Villasmil Henry\" \/>\n<meta name=\"twitter:card\" content=\"summary_large_image\" \/>\n<meta name=\"twitter:creator\" content=\"@https:\/\/twitter.com\/villasmilhfoto\" \/>\n<meta name=\"twitter:site\" content=\"@villasmilhfoto\" \/>\n<meta name=\"twitter:label1\" content=\"Escrito por\" \/>\n\t<meta name=\"twitter:data1\" content=\"Villasmil Henry\" \/>\n\t<meta name=\"twitter:label2\" content=\"Tiempo estimado de lectura\" \/>\n\t<meta name=\"twitter:data2\" content=\"4 minutos\" \/>\n<script type=\"application\/ld+json\" class=\"yoast-schema-graph\">{\"@context\":\"https:\\\/\\\/schema.org\",\"@graph\":[{\"@type\":\"Article\",\"@id\":\"https:\\\/\\\/digital58.com.ve\\\/site\\\/2021\\\/07\\\/03\\\/eurocopa-dinamarca-recupera-el-aroma-del-92\\\/#article\",\"isPartOf\":{\"@id\":\"https:\\\/\\\/digital58.com.ve\\\/site\\\/2021\\\/07\\\/03\\\/eurocopa-dinamarca-recupera-el-aroma-del-92\\\/\"},\"author\":{\"name\":\"Villasmil Henry\",\"@id\":\"https:\\\/\\\/digital58.com.ve\\\/site\\\/#\\\/schema\\\/person\\\/64d1c2e4d0d4fd1b849980c4331c2951\"},\"headline\":\"#Eurocopa | Dinamarca recupera el aroma del 92\",\"datePublished\":\"2021-07-04T00:50:55+00:00\",\"mainEntityOfPage\":{\"@id\":\"https:\\\/\\\/digital58.com.ve\\\/site\\\/2021\\\/07\\\/03\\\/eurocopa-dinamarca-recupera-el-aroma-del-92\\\/\"},\"wordCount\":892,\"commentCount\":0,\"publisher\":{\"@id\":\"https:\\\/\\\/digital58.com.ve\\\/site\\\/#\\\/schema\\\/person\\\/64d1c2e4d0d4fd1b849980c4331c2951\"},\"image\":{\"@id\":\"https:\\\/\\\/digital58.com.ve\\\/site\\\/2021\\\/07\\\/03\\\/eurocopa-dinamarca-recupera-el-aroma-del-92\\\/#primaryimage\"},\"thumbnailUrl\":\"https:\\\/\\\/digital58.com.ve\\\/site\\\/wp-content\\\/uploads\\\/2021\\\/07\\\/dinamarca.jpg\",\"keywords\":[\"Dinamarca\",\"EUROCOPA\",\"Eurocopa 2020\",\"F\u00fatbol\",\"F\u00fatbol Internacional\",\"Internacionales\",\"Rep\u00fablica Checa\",\"UEFA\"],\"articleSection\":[\"Deportes\"],\"inLanguage\":\"es\",\"potentialAction\":[{\"@type\":\"CommentAction\",\"name\":\"Comment\",\"target\":[\"https:\\\/\\\/digital58.com.ve\\\/site\\\/2021\\\/07\\\/03\\\/eurocopa-dinamarca-recupera-el-aroma-del-92\\\/#respond\"]}]},{\"@type\":\"WebPage\",\"@id\":\"https:\\\/\\\/digital58.com.ve\\\/site\\\/2021\\\/07\\\/03\\\/eurocopa-dinamarca-recupera-el-aroma-del-92\\\/\",\"url\":\"https:\\\/\\\/digital58.com.ve\\\/site\\\/2021\\\/07\\\/03\\\/eurocopa-dinamarca-recupera-el-aroma-del-92\\\/\",\"name\":\"#Eurocopa | Dinamarca recupera el aroma del 92\",\"isPartOf\":{\"@id\":\"https:\\\/\\\/digital58.com.ve\\\/site\\\/#website\"},\"primaryImageOfPage\":{\"@id\":\"https:\\\/\\\/digital58.com.ve\\\/site\\\/2021\\\/07\\\/03\\\/eurocopa-dinamarca-recupera-el-aroma-del-92\\\/#primaryimage\"},\"image\":{\"@id\":\"https:\\\/\\\/digital58.com.ve\\\/site\\\/2021\\\/07\\\/03\\\/eurocopa-dinamarca-recupera-el-aroma-del-92\\\/#primaryimage\"},\"thumbnailUrl\":\"https:\\\/\\\/digital58.com.ve\\\/site\\\/wp-content\\\/uploads\\\/2021\\\/07\\\/dinamarca.jpg\",\"datePublished\":\"2021-07-04T00:50:55+00:00\",\"description\":\"Deportes\",\"breadcrumb\":{\"@id\":\"https:\\\/\\\/digital58.com.ve\\\/site\\\/2021\\\/07\\\/03\\\/eurocopa-dinamarca-recupera-el-aroma-del-92\\\/#breadcrumb\"},\"inLanguage\":\"es\",\"potentialAction\":[{\"@type\":\"ReadAction\",\"target\":[\"https:\\\/\\\/digital58.com.ve\\\/site\\\/2021\\\/07\\\/03\\\/eurocopa-dinamarca-recupera-el-aroma-del-92\\\/\"]}]},{\"@type\":\"ImageObject\",\"inLanguage\":\"es\",\"@id\":\"https:\\\/\\\/digital58.com.ve\\\/site\\\/2021\\\/07\\\/03\\\/eurocopa-dinamarca-recupera-el-aroma-del-92\\\/#primaryimage\",\"url\":\"https:\\\/\\\/digital58.com.ve\\\/site\\\/wp-content\\\/uploads\\\/2021\\\/07\\\/dinamarca.jpg\",\"contentUrl\":\"https:\\\/\\\/digital58.com.ve\\\/site\\\/wp-content\\\/uploads\\\/2021\\\/07\\\/dinamarca.jpg\",\"width\":900,\"height\":600},{\"@type\":\"BreadcrumbList\",\"@id\":\"https:\\\/\\\/digital58.com.ve\\\/site\\\/2021\\\/07\\\/03\\\/eurocopa-dinamarca-recupera-el-aroma-del-92\\\/#breadcrumb\",\"itemListElement\":[{\"@type\":\"ListItem\",\"position\":1,\"name\":\"Home\",\"item\":\"https:\\\/\\\/digital58.com.ve\\\/site\\\/\"},{\"@type\":\"ListItem\",\"position\":2,\"name\":\"#Eurocopa | Dinamarca recupera el aroma del 92\"}]},{\"@type\":\"WebSite\",\"@id\":\"https:\\\/\\\/digital58.com.ve\\\/site\\\/#website\",\"url\":\"https:\\\/\\\/digital58.com.ve\\\/site\\\/\",\"name\":\"Noticias Digital58\",\"description\":\"Portal de Noticias \u00a1Periodismo web de verdad! Lanzamiento web 22.11.2005 \\\/ Maracaibo, Venezuela\",\"publisher\":{\"@id\":\"https:\\\/\\\/digital58.com.ve\\\/site\\\/#\\\/schema\\\/person\\\/64d1c2e4d0d4fd1b849980c4331c2951\"},\"alternateName\":\"ND58\",\"potentialAction\":[{\"@type\":\"SearchAction\",\"target\":{\"@type\":\"EntryPoint\",\"urlTemplate\":\"https:\\\/\\\/digital58.com.ve\\\/site\\\/?s={search_term_string}\"},\"query-input\":{\"@type\":\"PropertyValueSpecification\",\"valueRequired\":true,\"valueName\":\"search_term_string\"}}],\"inLanguage\":\"es\"},{\"@type\":[\"Person\",\"Organization\"],\"@id\":\"https:\\\/\\\/digital58.com.ve\\\/site\\\/#\\\/schema\\\/person\\\/64d1c2e4d0d4fd1b849980c4331c2951\",\"name\":\"Villasmil Henry\",\"image\":{\"@type\":\"ImageObject\",\"inLanguage\":\"es\",\"@id\":\"https:\\\/\\\/secure.gravatar.com\\\/avatar\\\/bb0c4a2fcb7970138239f7e404ea75757b1b507b28b5ce4c53fbd62d797c5a7c?s=96&d=mm&r=g\",\"url\":\"https:\\\/\\\/secure.gravatar.com\\\/avatar\\\/bb0c4a2fcb7970138239f7e404ea75757b1b507b28b5ce4c53fbd62d797c5a7c?s=96&d=mm&r=g\",\"contentUrl\":\"https:\\\/\\\/secure.gravatar.com\\\/avatar\\\/bb0c4a2fcb7970138239f7e404ea75757b1b507b28b5ce4c53fbd62d797c5a7c?s=96&d=mm&r=g\",\"caption\":\"Villasmil Henry\"},\"logo\":{\"@id\":\"https:\\\/\\\/secure.gravatar.com\\\/avatar\\\/bb0c4a2fcb7970138239f7e404ea75757b1b507b28b5ce4c53fbd62d797c5a7c?s=96&d=mm&r=g\"},\"sameAs\":[\"http:\\\/\\\/www.henryvillasmil.com.ve\",\"https:\\\/\\\/www.instagram.com\\\/villasmilhfoto\\\/\",\"https:\\\/\\\/x.com\\\/https:\\\/\\\/twitter.com\\\/villasmilhfoto\"],\"url\":\"https:\\\/\\\/digital58.com.ve\\\/site\\\/author\\\/droopy_68\\\/\"}]}<\/script>\n<!-- \/ Yoast SEO plugin. -->","yoast_head_json":{"title":"#Eurocopa | Dinamarca recupera el aroma del 92","description":"Deportes","robots":{"index":"index","follow":"follow","max-snippet":"max-snippet:-1","max-image-preview":"max-image-preview:large","max-video-preview":"max-video-preview:-1"},"canonical":"https:\/\/digital58.com.ve\/site\/2021\/07\/03\/eurocopa-dinamarca-recupera-el-aroma-del-92\/","og_locale":"es_ES","og_type":"article","og_title":"#Eurocopa | Dinamarca recupera el aroma del 92","og_description":"Deportes","og_url":"https:\/\/digital58.com.ve\/site\/2021\/07\/03\/eurocopa-dinamarca-recupera-el-aroma-del-92\/","og_site_name":"Noticias Digital58","article_published_time":"2021-07-04T00:50:55+00:00","og_image":[{"width":900,"height":600,"url":"https:\/\/digital58.com.ve\/site\/wp-content\/uploads\/2021\/07\/dinamarca.jpg","type":"image\/jpeg"}],"author":"Villasmil Henry","twitter_card":"summary_large_image","twitter_creator":"@https:\/\/twitter.com\/villasmilhfoto","twitter_site":"@villasmilhfoto","twitter_misc":{"Escrito por":"Villasmil Henry","Tiempo estimado de lectura":"4 minutos"},"schema":{"@context":"https:\/\/schema.org","@graph":[{"@type":"Article","@id":"https:\/\/digital58.com.ve\/site\/2021\/07\/03\/eurocopa-dinamarca-recupera-el-aroma-del-92\/#article","isPartOf":{"@id":"https:\/\/digital58.com.ve\/site\/2021\/07\/03\/eurocopa-dinamarca-recupera-el-aroma-del-92\/"},"author":{"name":"Villasmil Henry","@id":"https:\/\/digital58.com.ve\/site\/#\/schema\/person\/64d1c2e4d0d4fd1b849980c4331c2951"},"headline":"#Eurocopa | Dinamarca recupera el aroma del 92","datePublished":"2021-07-04T00:50:55+00:00","mainEntityOfPage":{"@id":"https:\/\/digital58.com.ve\/site\/2021\/07\/03\/eurocopa-dinamarca-recupera-el-aroma-del-92\/"},"wordCount":892,"commentCount":0,"publisher":{"@id":"https:\/\/digital58.com.ve\/site\/#\/schema\/person\/64d1c2e4d0d4fd1b849980c4331c2951"},"image":{"@id":"https:\/\/digital58.com.ve\/site\/2021\/07\/03\/eurocopa-dinamarca-recupera-el-aroma-del-92\/#primaryimage"},"thumbnailUrl":"https:\/\/digital58.com.ve\/site\/wp-content\/uploads\/2021\/07\/dinamarca.jpg","keywords":["Dinamarca","EUROCOPA","Eurocopa 2020","F\u00fatbol","F\u00fatbol Internacional","Internacionales","Rep\u00fablica Checa","UEFA"],"articleSection":["Deportes"],"inLanguage":"es","potentialAction":[{"@type":"CommentAction","name":"Comment","target":["https:\/\/digital58.com.ve\/site\/2021\/07\/03\/eurocopa-dinamarca-recupera-el-aroma-del-92\/#respond"]}]},{"@type":"WebPage","@id":"https:\/\/digital58.com.ve\/site\/2021\/07\/03\/eurocopa-dinamarca-recupera-el-aroma-del-92\/","url":"https:\/\/digital58.com.ve\/site\/2021\/07\/03\/eurocopa-dinamarca-recupera-el-aroma-del-92\/","name":"#Eurocopa | Dinamarca recupera el aroma del 92","isPartOf":{"@id":"https:\/\/digital58.com.ve\/site\/#website"},"primaryImageOfPage":{"@id":"https:\/\/digital58.com.ve\/site\/2021\/07\/03\/eurocopa-dinamarca-recupera-el-aroma-del-92\/#primaryimage"},"image":{"@id":"https:\/\/digital58.com.ve\/site\/2021\/07\/03\/eurocopa-dinamarca-recupera-el-aroma-del-92\/#primaryimage"},"thumbnailUrl":"https:\/\/digital58.com.ve\/site\/wp-content\/uploads\/2021\/07\/dinamarca.jpg","datePublished":"2021-07-04T00:50:55+00:00","description":"Deportes","breadcrumb":{"@id":"https:\/\/digital58.com.ve\/site\/2021\/07\/03\/eurocopa-dinamarca-recupera-el-aroma-del-92\/#breadcrumb"},"inLanguage":"es","potentialAction":[{"@type":"ReadAction","target":["https:\/\/digital58.com.ve\/site\/2021\/07\/03\/eurocopa-dinamarca-recupera-el-aroma-del-92\/"]}]},{"@type":"ImageObject","inLanguage":"es","@id":"https:\/\/digital58.com.ve\/site\/2021\/07\/03\/eurocopa-dinamarca-recupera-el-aroma-del-92\/#primaryimage","url":"https:\/\/digital58.com.ve\/site\/wp-content\/uploads\/2021\/07\/dinamarca.jpg","contentUrl":"https:\/\/digital58.com.ve\/site\/wp-content\/uploads\/2021\/07\/dinamarca.jpg","width":900,"height":600},{"@type":"BreadcrumbList","@id":"https:\/\/digital58.com.ve\/site\/2021\/07\/03\/eurocopa-dinamarca-recupera-el-aroma-del-92\/#breadcrumb","itemListElement":[{"@type":"ListItem","position":1,"name":"Home","item":"https:\/\/digital58.com.ve\/site\/"},{"@type":"ListItem","position":2,"name":"#Eurocopa | Dinamarca recupera el aroma del 92"}]},{"@type":"WebSite","@id":"https:\/\/digital58.com.ve\/site\/#website","url":"https:\/\/digital58.com.ve\/site\/","name":"Noticias Digital58","description":"Portal de Noticias \u00a1Periodismo web de verdad! Lanzamiento web 22.11.2005 \/ Maracaibo, Venezuela","publisher":{"@id":"https:\/\/digital58.com.ve\/site\/#\/schema\/person\/64d1c2e4d0d4fd1b849980c4331c2951"},"alternateName":"ND58","potentialAction":[{"@type":"SearchAction","target":{"@type":"EntryPoint","urlTemplate":"https:\/\/digital58.com.ve\/site\/?s={search_term_string}"},"query-input":{"@type":"PropertyValueSpecification","valueRequired":true,"valueName":"search_term_string"}}],"inLanguage":"es"},{"@type":["Person","Organization"],"@id":"https:\/\/digital58.com.ve\/site\/#\/schema\/person\/64d1c2e4d0d4fd1b849980c4331c2951","name":"Villasmil Henry","image":{"@type":"ImageObject","inLanguage":"es","@id":"https:\/\/secure.gravatar.com\/avatar\/bb0c4a2fcb7970138239f7e404ea75757b1b507b28b5ce4c53fbd62d797c5a7c?s=96&d=mm&r=g","url":"https:\/\/secure.gravatar.com\/avatar\/bb0c4a2fcb7970138239f7e404ea75757b1b507b28b5ce4c53fbd62d797c5a7c?s=96&d=mm&r=g","contentUrl":"https:\/\/secure.gravatar.com\/avatar\/bb0c4a2fcb7970138239f7e404ea75757b1b507b28b5ce4c53fbd62d797c5a7c?s=96&d=mm&r=g","caption":"Villasmil Henry"},"logo":{"@id":"https:\/\/secure.gravatar.com\/avatar\/bb0c4a2fcb7970138239f7e404ea75757b1b507b28b5ce4c53fbd62d797c5a7c?s=96&d=mm&r=g"},"sameAs":["http:\/\/www.henryvillasmil.com.ve","https:\/\/www.instagram.com\/villasmilhfoto\/","https:\/\/x.com\/https:\/\/twitter.com\/villasmilhfoto"],"url":"https:\/\/digital58.com.ve\/site\/author\/droopy_68\/"}]}},"uagb_featured_image_src":{"full":["https:\/\/digital58.com.ve\/site\/wp-content\/uploads\/2021\/07\/dinamarca.jpg",900,600,false],"thumbnail":["https:\/\/digital58.com.ve\/site\/wp-content\/uploads\/2021\/07\/dinamarca-150x150.jpg",150,150,true],"medium":["https:\/\/digital58.com.ve\/site\/wp-content\/uploads\/2021\/07\/dinamarca-300x200.jpg",300,200,true],"medium_large":["https:\/\/digital58.com.ve\/site\/wp-content\/uploads\/2021\/07\/dinamarca-768x512.jpg",768,512,true],"large":["https:\/\/digital58.com.ve\/site\/wp-content\/uploads\/2021\/07\/dinamarca.jpg",800,533,false],"1536x1536":["https:\/\/digital58.com.ve\/site\/wp-content\/uploads\/2021\/07\/dinamarca.jpg",900,600,false],"2048x2048":["https:\/\/digital58.com.ve\/site\/wp-content\/uploads\/2021\/07\/dinamarca.jpg",900,600,false],"colormag-highlighted-post":["https:\/\/digital58.com.ve\/site\/wp-content\/uploads\/2021\/07\/dinamarca.jpg",392,261,false],"colormag-featured-post-medium":["https:\/\/digital58.com.ve\/site\/wp-content\/uploads\/2021\/07\/dinamarca.jpg",308,205,false],"colormag-featured-post-small":["https:\/\/digital58.com.ve\/site\/wp-content\/uploads\/2021\/07\/dinamarca.jpg",130,87,false],"colormag-featured-image":["https:\/\/digital58.com.ve\/site\/wp-content\/uploads\/2021\/07\/dinamarca.jpg",668,445,false],"colormag-default-news":["https:\/\/digital58.com.ve\/site\/wp-content\/uploads\/2021\/07\/dinamarca.jpg",150,100,false],"colormag-featured-image-large":["https:\/\/digital58.com.ve\/site\/wp-content\/uploads\/2021\/07\/dinamarca.jpg",900,600,false]},"uagb_author_info":{"display_name":"Villasmil Henry","author_link":"https:\/\/digital58.com.ve\/site\/author\/droopy_68\/"},"uagb_comment_info":0,"uagb_excerpt":"El esp\u00edritu de la Eurocopa de Suecia 1992 se instal\u00f3 en la selecci\u00f3n de Dinamarca del a\u00f1o 2021, semifinalista sorprendente","_links":{"self":[{"href":"https:\/\/digital58.com.ve\/site\/wp-json\/wp\/v2\/posts\/140651","targetHints":{"allow":["GET"]}}],"collection":[{"href":"https:\/\/digital58.com.ve\/site\/wp-json\/wp\/v2\/posts"}],"about":[{"href":"https:\/\/digital58.com.ve\/site\/wp-json\/wp\/v2\/types\/post"}],"author":[{"embeddable":true,"href":"https:\/\/digital58.com.ve\/site\/wp-json\/wp\/v2\/users\/1"}],"replies":[{"embeddable":true,"href":"https:\/\/digital58.com.ve\/site\/wp-json\/wp\/v2\/comments?post=140651"}],"version-history":[{"count":0,"href":"https:\/\/digital58.com.ve\/site\/wp-json\/wp\/v2\/posts\/140651\/revisions"}],"wp:featuredmedia":[{"embeddable":true,"href":"https:\/\/digital58.com.ve\/site\/wp-json\/wp\/v2\/media\/140652"}],"wp:attachment":[{"href":"https:\/\/digital58.com.ve\/site\/wp-json\/wp\/v2\/media?parent=140651"}],"wp:term":[{"taxonomy":"category","embeddable":true,"href":"https:\/\/digital58.com.ve\/site\/wp-json\/wp\/v2\/categories?post=140651"},{"taxonomy":"post_tag","embeddable":true,"href":"https:\/\/digital58.com.ve\/site\/wp-json\/wp\/v2\/tags?post=140651"}],"curies":[{"name":"wp","href":"https:\/\/api.w.org\/{rel}","templated":true}]}}