{"id":140745,"date":"2021-07-05T23:44:46","date_gmt":"2021-07-06T03:44:46","guid":{"rendered":"https:\/\/digital58.com.ve\/site\/?p=140745"},"modified":"2021-07-05T23:44:46","modified_gmt":"2021-07-06T03:44:46","slug":"omar-prieto-encabezo-actos-de-celebracion-de-los-210-anos-de-la-declaracion-de-independencia-de-venezuela-y-dia-de-la-fanb","status":"publish","type":"post","link":"https:\/\/digital58.com.ve\/site\/2021\/07\/05\/omar-prieto-encabezo-actos-de-celebracion-de-los-210-anos-de-la-declaracion-de-independencia-de-venezuela-y-dia-de-la-fanb\/","title":{"rendered":"Omar Prieto encabez\u00f3 actos de celebraci\u00f3n de los 210 a\u00f1os de la declaraci\u00f3n de Independencia de Venezuela y D\u00eda de la FANB"},"content":{"rendered":"<p><a href=\"https:\/\/digital58.com.ve\/site\/wp-content\/uploads\/2021\/07\/omar-prieto-5.jpg\"><img loading=\"lazy\" decoding=\"async\" class=\"aligncenter size-full wp-image-140746\" src=\"https:\/\/digital58.com.ve\/site\/wp-content\/uploads\/2021\/07\/omar-prieto-5.jpg\" alt=\"\" width=\"900\" height=\"600\" srcset=\"https:\/\/digital58.com.ve\/site\/wp-content\/uploads\/2021\/07\/omar-prieto-5.jpg 900w, https:\/\/digital58.com.ve\/site\/wp-content\/uploads\/2021\/07\/omar-prieto-5-300x200.jpg 300w, https:\/\/digital58.com.ve\/site\/wp-content\/uploads\/2021\/07\/omar-prieto-5-768x512.jpg 768w, https:\/\/digital58.com.ve\/site\/wp-content\/uploads\/2021\/07\/omar-prieto-5-720x480.jpg 720w, https:\/\/digital58.com.ve\/site\/wp-content\/uploads\/2021\/07\/omar-prieto-5-480x320.jpg 480w\" sizes=\"auto, (max-width: 900px) 100vw, 900px\" \/><\/a><\/p>\n<p>En la celebraci\u00f3n Patria m\u00e1s de 200 combatientes de los diferentes componentes que integran la FANB, rindieron honor al nacimiento de la Venezuela independiente y soberana, primera colonia en Am\u00e9rica que logr\u00f3 emanciparse de la corona espa\u00f1ola y posteriormente bajo la conducci\u00f3n del padre de la patria Sim\u00f3n Bol\u00edvar libertar 5 naciones latinoamericanas.<\/p>\n<p><strong>Maracaibo, Zulia, Venezuela, 05 de julio de 2021 (ND58).-<\/strong> El Gobernador Econ. Omar Prieto Fern\u00e1ndez, junto a la Primera Combatiente Jesica Lucena y el G\/D Manuel Castillo Rengifo, Comandante de la Zona Operativa de Defensa Integral (ZODI), encabez\u00f3 este lunes la conmemoraci\u00f3n de los 210 a\u00f1os de la declaraci\u00f3n de la Independencia de Venezuela y D\u00eda de la Fuerza Armada Nacional Bolivariana, actividad que cont\u00f3 con la participaci\u00f3n de Alcald\u00eda Bolivariana de Maracaibo, el Consejo Legislativo del estado Zulia (CLEZ), integrantes de la FANB y el pueblo zuliano quienes efectuaron una parada militar y entrega de ofrenda de hojas verdes a la estatua ecuestre del Libertador en la Plaza Bol\u00edvar de Maracaibo.<\/p>\n<p>Durante el evento, el mandatario regional expres\u00f3 que luego de arduas batallas los pr\u00f3ceres venezolanos lograron vencer el yugo espa\u00f1ol: \u00abhoy m\u00e1s que nunca estamos levantando la bandera de la independencia, al frente de nuestro presidente Nicol\u00e1s Maduro, conduciendo la patria que heredamos de nuestros h\u00e9roes\u00bb.<\/p>\n<p><a href=\"https:\/\/digital58.com.ve\/site\/wp-content\/uploads\/2021\/07\/omar-prieto-4.jpg\"><img loading=\"lazy\" decoding=\"async\" class=\"aligncenter size-full wp-image-140747\" src=\"https:\/\/digital58.com.ve\/site\/wp-content\/uploads\/2021\/07\/omar-prieto-4.jpg\" alt=\"\" width=\"900\" height=\"600\" srcset=\"https:\/\/digital58.com.ve\/site\/wp-content\/uploads\/2021\/07\/omar-prieto-4.jpg 900w, https:\/\/digital58.com.ve\/site\/wp-content\/uploads\/2021\/07\/omar-prieto-4-300x200.jpg 300w, https:\/\/digital58.com.ve\/site\/wp-content\/uploads\/2021\/07\/omar-prieto-4-768x512.jpg 768w, https:\/\/digital58.com.ve\/site\/wp-content\/uploads\/2021\/07\/omar-prieto-4-720x480.jpg 720w, https:\/\/digital58.com.ve\/site\/wp-content\/uploads\/2021\/07\/omar-prieto-4-480x320.jpg 480w\" sizes=\"auto, (max-width: 900px) 100vw, 900px\" \/><\/a><\/p>\n<p>Asimismo, Prieto Fern\u00e1ndez resalt\u00f3 que ante las grandes dificultades que el actual imperio norteamericano impone a los venezolanos existe un pueblo hecho soldado dispuesto a batallar por la patria libre y soberana, \u00abHoy somos m\u00e1s independientes que nunca, m\u00e1s soberanos que nunca, nosotros decidimos nuestro destino\u00bb, puntualiz\u00f3.<\/p>\n<p>Durante el acto el Gobernador Omar Prieto, tambi\u00e9n estuvo acompa\u00f1ado por el Alcalde de Maracaibo, Willy Casanova, Dirwings Arrieta, Alcalde de San Francisco, Pedro Duarte, Alcalde de Cabimas, Orlando Urdaneta, Alcalde de La Ca\u00f1ada de Urdaneta, la Presidenta del CLEZ, Diputada \u00c1ngela Fern\u00e1ndez, entre otras personalidades de gobierno y militares.<\/p><div class=\"baplx69efb2c494f9c\" ><p style=\"text-align: center;\"><a href=\"https:\/\/t.me\/noticiasdigital58\" target=\"_blank\" rel=\"noopener\"><img class=\"aligncenter size-full wp-image-125363\" src=\"https:\/\/digital58.com.ve\/site\/wp-content\/uploads\/2021\/04\/banner-telegram-web-2021.png\" alt=\"\" width=\"600\" height=\"90\" \/><\/a><\/p><\/div><style type=\"text\/css\">\r\n@media screen and (min-width: 1201px) {\r\n.baplx69efb2c494f9c {\r\ndisplay: block;\r\n}\r\n}\r\n@media screen and (min-width: 993px) and (max-width: 1200px) {\r\n.baplx69efb2c494f9c {\r\ndisplay: block;\r\n}\r\n}\r\n@media screen and (min-width: 769px) and (max-width: 992px) {\r\n.baplx69efb2c494f9c {\r\ndisplay: block;\r\n}\r\n}\r\n@media screen and (min-width: 768px) and (max-width: 768px) {\r\n.baplx69efb2c494f9c {\r\ndisplay: block;\r\n}\r\n}\r\n@media screen and (max-width: 767px) {\r\n.baplx69efb2c494f9c {\r\ndisplay: block;\r\n}\r\n}\r\n<\/style>\r\n\n<p><strong>Redacci\u00f3n ND58 | Fuente: Esthefany Medina\/Oipeez<\/strong><br \/>\n<strong>Edici\u00f3n: Villasmil, Henry<\/strong><br \/>\n<strong>Gr\u00e1fica: Cortes\u00eda Zulia M\u00eda<\/strong><\/p>\n<div style=\"margin-top: 0px; margin-bottom: 0px;\" class=\"sharethis-inline-share-buttons\" ><\/div>","protected":false},"excerpt":{"rendered":"<p>En la celebraci\u00f3n Patria m\u00e1s de 200 combatientes de los diferentes componentes que integran la FANB, rindieron honor al nacimiento<\/p>\n","protected":false},"author":1,"featured_media":140747,"comment_status":"open","ping_status":"closed","sticky":false,"template":"","format":"standard","meta":{"colormag_page_container_layout":"default_layout","colormag_page_sidebar_layout":"default_layout","_uag_custom_page_level_css":"","footnotes":""},"categories":[14504],"tags":[3449,16972,18102,13579,73,233,2354,32,761],"class_list":["post-140745","post","type-post","status-publish","format-standard","has-post-thumbnail","hentry","category-zulia","tag-5-de-julio","tag-dia-de-la-independencia-de-venezuela","tag-gobernador-omar-prieto-fernandez","tag-gobierno-del-zulia","tag-maracaibo","tag-nacionales","tag-regionales","tag-venezuela","tag-zulia"],"yoast_head":"<!-- This site is optimized with the Yoast SEO plugin v27.4 - https:\/\/yoast.com\/product\/yoast-seo-wordpress\/ -->\n<title>Omar Prieto encabez\u00f3 actos de celebraci\u00f3n de los 210 a\u00f1os de la declaraci\u00f3n de Independencia de Venezuela y D\u00eda de la FANB<\/title>\n<meta name=\"description\" content=\"Zulia\" \/>\n<meta name=\"robots\" content=\"index, follow, max-snippet:-1, max-image-preview:large, max-video-preview:-1\" \/>\n<link rel=\"canonical\" href=\"https:\/\/digital58.com.ve\/site\/2021\/07\/05\/omar-prieto-encabezo-actos-de-celebracion-de-los-210-anos-de-la-declaracion-de-independencia-de-venezuela-y-dia-de-la-fanb\/\" \/>\n<meta property=\"og:locale\" content=\"es_ES\" \/>\n<meta property=\"og:type\" content=\"article\" \/>\n<meta property=\"og:title\" content=\"Omar Prieto encabez\u00f3 actos de celebraci\u00f3n de los 210 a\u00f1os de la declaraci\u00f3n de Independencia de Venezuela y D\u00eda de la FANB\" \/>\n<meta property=\"og:description\" content=\"Zulia\" \/>\n<meta property=\"og:url\" content=\"https:\/\/digital58.com.ve\/site\/2021\/07\/05\/omar-prieto-encabezo-actos-de-celebracion-de-los-210-anos-de-la-declaracion-de-independencia-de-venezuela-y-dia-de-la-fanb\/\" \/>\n<meta property=\"og:site_name\" content=\"Noticias Digital58\" \/>\n<meta property=\"article:published_time\" content=\"2021-07-06T03:44:46+00:00\" \/>\n<meta property=\"og:image\" content=\"https:\/\/digital58.com.ve\/site\/wp-content\/uploads\/2021\/07\/omar-prieto-4.jpg\" \/>\n\t<meta property=\"og:image:width\" content=\"900\" \/>\n\t<meta property=\"og:image:height\" content=\"600\" \/>\n\t<meta property=\"og:image:type\" content=\"image\/jpeg\" \/>\n<meta name=\"author\" content=\"Villasmil Henry\" \/>\n<meta name=\"twitter:card\" content=\"summary_large_image\" \/>\n<meta name=\"twitter:creator\" content=\"@https:\/\/twitter.com\/villasmilhfoto\" \/>\n<meta name=\"twitter:site\" content=\"@villasmilhfoto\" \/>\n<meta name=\"twitter:label1\" content=\"Escrito por\" \/>\n\t<meta name=\"twitter:data1\" content=\"Villasmil Henry\" \/>\n\t<meta name=\"twitter:label2\" content=\"Tiempo estimado de lectura\" \/>\n\t<meta name=\"twitter:data2\" content=\"2 minutos\" \/>\n<script type=\"application\/ld+json\" class=\"yoast-schema-graph\">{\"@context\":\"https:\\\/\\\/schema.org\",\"@graph\":[{\"@type\":\"Article\",\"@id\":\"https:\\\/\\\/digital58.com.ve\\\/site\\\/2021\\\/07\\\/05\\\/omar-prieto-encabezo-actos-de-celebracion-de-los-210-anos-de-la-declaracion-de-independencia-de-venezuela-y-dia-de-la-fanb\\\/#article\",\"isPartOf\":{\"@id\":\"https:\\\/\\\/digital58.com.ve\\\/site\\\/2021\\\/07\\\/05\\\/omar-prieto-encabezo-actos-de-celebracion-de-los-210-anos-de-la-declaracion-de-independencia-de-venezuela-y-dia-de-la-fanb\\\/\"},\"author\":{\"name\":\"Villasmil Henry\",\"@id\":\"https:\\\/\\\/digital58.com.ve\\\/site\\\/#\\\/schema\\\/person\\\/64d1c2e4d0d4fd1b849980c4331c2951\"},\"headline\":\"Omar Prieto encabez\u00f3 actos de celebraci\u00f3n de los 210 a\u00f1os de la declaraci\u00f3n de Independencia de Venezuela y D\u00eda de la FANB\",\"datePublished\":\"2021-07-06T03:44:46+00:00\",\"mainEntityOfPage\":{\"@id\":\"https:\\\/\\\/digital58.com.ve\\\/site\\\/2021\\\/07\\\/05\\\/omar-prieto-encabezo-actos-de-celebracion-de-los-210-anos-de-la-declaracion-de-independencia-de-venezuela-y-dia-de-la-fanb\\\/\"},\"wordCount\":375,\"commentCount\":0,\"publisher\":{\"@id\":\"https:\\\/\\\/digital58.com.ve\\\/site\\\/#\\\/schema\\\/person\\\/64d1c2e4d0d4fd1b849980c4331c2951\"},\"image\":{\"@id\":\"https:\\\/\\\/digital58.com.ve\\\/site\\\/2021\\\/07\\\/05\\\/omar-prieto-encabezo-actos-de-celebracion-de-los-210-anos-de-la-declaracion-de-independencia-de-venezuela-y-dia-de-la-fanb\\\/#primaryimage\"},\"thumbnailUrl\":\"https:\\\/\\\/digital58.com.ve\\\/site\\\/wp-content\\\/uploads\\\/2021\\\/07\\\/omar-prieto-4.jpg\",\"keywords\":[\"5 de julio\",\"D\u00eda de la independencia de Venezuela\",\"Gobernador Omar Prieto Fern\u00e1ndez\",\"Gobierno del Zulia\",\"Maracaibo\",\"Nacionales\",\"Regionales\",\"Venezuela\",\"Zulia\"],\"articleSection\":[\"Zulia\"],\"inLanguage\":\"es\",\"potentialAction\":[{\"@type\":\"CommentAction\",\"name\":\"Comment\",\"target\":[\"https:\\\/\\\/digital58.com.ve\\\/site\\\/2021\\\/07\\\/05\\\/omar-prieto-encabezo-actos-de-celebracion-de-los-210-anos-de-la-declaracion-de-independencia-de-venezuela-y-dia-de-la-fanb\\\/#respond\"]}]},{\"@type\":\"WebPage\",\"@id\":\"https:\\\/\\\/digital58.com.ve\\\/site\\\/2021\\\/07\\\/05\\\/omar-prieto-encabezo-actos-de-celebracion-de-los-210-anos-de-la-declaracion-de-independencia-de-venezuela-y-dia-de-la-fanb\\\/\",\"url\":\"https:\\\/\\\/digital58.com.ve\\\/site\\\/2021\\\/07\\\/05\\\/omar-prieto-encabezo-actos-de-celebracion-de-los-210-anos-de-la-declaracion-de-independencia-de-venezuela-y-dia-de-la-fanb\\\/\",\"name\":\"Omar Prieto encabez\u00f3 actos de celebraci\u00f3n de los 210 a\u00f1os de la declaraci\u00f3n de Independencia de Venezuela y D\u00eda de la FANB\",\"isPartOf\":{\"@id\":\"https:\\\/\\\/digital58.com.ve\\\/site\\\/#website\"},\"primaryImageOfPage\":{\"@id\":\"https:\\\/\\\/digital58.com.ve\\\/site\\\/2021\\\/07\\\/05\\\/omar-prieto-encabezo-actos-de-celebracion-de-los-210-anos-de-la-declaracion-de-independencia-de-venezuela-y-dia-de-la-fanb\\\/#primaryimage\"},\"image\":{\"@id\":\"https:\\\/\\\/digital58.com.ve\\\/site\\\/2021\\\/07\\\/05\\\/omar-prieto-encabezo-actos-de-celebracion-de-los-210-anos-de-la-declaracion-de-independencia-de-venezuela-y-dia-de-la-fanb\\\/#primaryimage\"},\"thumbnailUrl\":\"https:\\\/\\\/digital58.com.ve\\\/site\\\/wp-content\\\/uploads\\\/2021\\\/07\\\/omar-prieto-4.jpg\",\"datePublished\":\"2021-07-06T03:44:46+00:00\",\"description\":\"Zulia\",\"breadcrumb\":{\"@id\":\"https:\\\/\\\/digital58.com.ve\\\/site\\\/2021\\\/07\\\/05\\\/omar-prieto-encabezo-actos-de-celebracion-de-los-210-anos-de-la-declaracion-de-independencia-de-venezuela-y-dia-de-la-fanb\\\/#breadcrumb\"},\"inLanguage\":\"es\",\"potentialAction\":[{\"@type\":\"ReadAction\",\"target\":[\"https:\\\/\\\/digital58.com.ve\\\/site\\\/2021\\\/07\\\/05\\\/omar-prieto-encabezo-actos-de-celebracion-de-los-210-anos-de-la-declaracion-de-independencia-de-venezuela-y-dia-de-la-fanb\\\/\"]}]},{\"@type\":\"ImageObject\",\"inLanguage\":\"es\",\"@id\":\"https:\\\/\\\/digital58.com.ve\\\/site\\\/2021\\\/07\\\/05\\\/omar-prieto-encabezo-actos-de-celebracion-de-los-210-anos-de-la-declaracion-de-independencia-de-venezuela-y-dia-de-la-fanb\\\/#primaryimage\",\"url\":\"https:\\\/\\\/digital58.com.ve\\\/site\\\/wp-content\\\/uploads\\\/2021\\\/07\\\/omar-prieto-4.jpg\",\"contentUrl\":\"https:\\\/\\\/digital58.com.ve\\\/site\\\/wp-content\\\/uploads\\\/2021\\\/07\\\/omar-prieto-4.jpg\",\"width\":900,\"height\":600},{\"@type\":\"BreadcrumbList\",\"@id\":\"https:\\\/\\\/digital58.com.ve\\\/site\\\/2021\\\/07\\\/05\\\/omar-prieto-encabezo-actos-de-celebracion-de-los-210-anos-de-la-declaracion-de-independencia-de-venezuela-y-dia-de-la-fanb\\\/#breadcrumb\",\"itemListElement\":[{\"@type\":\"ListItem\",\"position\":1,\"name\":\"Home\",\"item\":\"https:\\\/\\\/digital58.com.ve\\\/site\\\/\"},{\"@type\":\"ListItem\",\"position\":2,\"name\":\"Omar Prieto encabez\u00f3 actos de celebraci\u00f3n de los 210 a\u00f1os de la declaraci\u00f3n de Independencia de Venezuela y D\u00eda de la FANB\"}]},{\"@type\":\"WebSite\",\"@id\":\"https:\\\/\\\/digital58.com.ve\\\/site\\\/#website\",\"url\":\"https:\\\/\\\/digital58.com.ve\\\/site\\\/\",\"name\":\"Noticias Digital58\",\"description\":\"Portal de Noticias \u00a1Periodismo web de verdad! Lanzamiento web 22.11.2005 \\\/ Maracaibo, Venezuela\",\"publisher\":{\"@id\":\"https:\\\/\\\/digital58.com.ve\\\/site\\\/#\\\/schema\\\/person\\\/64d1c2e4d0d4fd1b849980c4331c2951\"},\"alternateName\":\"ND58\",\"potentialAction\":[{\"@type\":\"SearchAction\",\"target\":{\"@type\":\"EntryPoint\",\"urlTemplate\":\"https:\\\/\\\/digital58.com.ve\\\/site\\\/?s={search_term_string}\"},\"query-input\":{\"@type\":\"PropertyValueSpecification\",\"valueRequired\":true,\"valueName\":\"search_term_string\"}}],\"inLanguage\":\"es\"},{\"@type\":[\"Person\",\"Organization\"],\"@id\":\"https:\\\/\\\/digital58.com.ve\\\/site\\\/#\\\/schema\\\/person\\\/64d1c2e4d0d4fd1b849980c4331c2951\",\"name\":\"Villasmil Henry\",\"image\":{\"@type\":\"ImageObject\",\"inLanguage\":\"es\",\"@id\":\"https:\\\/\\\/secure.gravatar.com\\\/avatar\\\/bb0c4a2fcb7970138239f7e404ea75757b1b507b28b5ce4c53fbd62d797c5a7c?s=96&d=mm&r=g\",\"url\":\"https:\\\/\\\/secure.gravatar.com\\\/avatar\\\/bb0c4a2fcb7970138239f7e404ea75757b1b507b28b5ce4c53fbd62d797c5a7c?s=96&d=mm&r=g\",\"contentUrl\":\"https:\\\/\\\/secure.gravatar.com\\\/avatar\\\/bb0c4a2fcb7970138239f7e404ea75757b1b507b28b5ce4c53fbd62d797c5a7c?s=96&d=mm&r=g\",\"caption\":\"Villasmil Henry\"},\"logo\":{\"@id\":\"https:\\\/\\\/secure.gravatar.com\\\/avatar\\\/bb0c4a2fcb7970138239f7e404ea75757b1b507b28b5ce4c53fbd62d797c5a7c?s=96&d=mm&r=g\"},\"sameAs\":[\"http:\\\/\\\/www.henryvillasmil.com.ve\",\"https:\\\/\\\/www.instagram.com\\\/villasmilhfoto\\\/\",\"https:\\\/\\\/x.com\\\/https:\\\/\\\/twitter.com\\\/villasmilhfoto\"],\"url\":\"https:\\\/\\\/digital58.com.ve\\\/site\\\/author\\\/droopy_68\\\/\"}]}<\/script>\n<!-- \/ Yoast SEO plugin. -->","yoast_head_json":{"title":"Omar Prieto encabez\u00f3 actos de celebraci\u00f3n de los 210 a\u00f1os de la declaraci\u00f3n de Independencia de Venezuela y D\u00eda de la FANB","description":"Zulia","robots":{"index":"index","follow":"follow","max-snippet":"max-snippet:-1","max-image-preview":"max-image-preview:large","max-video-preview":"max-video-preview:-1"},"canonical":"https:\/\/digital58.com.ve\/site\/2021\/07\/05\/omar-prieto-encabezo-actos-de-celebracion-de-los-210-anos-de-la-declaracion-de-independencia-de-venezuela-y-dia-de-la-fanb\/","og_locale":"es_ES","og_type":"article","og_title":"Omar Prieto encabez\u00f3 actos de celebraci\u00f3n de los 210 a\u00f1os de la declaraci\u00f3n de Independencia de Venezuela y D\u00eda de la FANB","og_description":"Zulia","og_url":"https:\/\/digital58.com.ve\/site\/2021\/07\/05\/omar-prieto-encabezo-actos-de-celebracion-de-los-210-anos-de-la-declaracion-de-independencia-de-venezuela-y-dia-de-la-fanb\/","og_site_name":"Noticias Digital58","article_published_time":"2021-07-06T03:44:46+00:00","og_image":[{"width":900,"height":600,"url":"https:\/\/digital58.com.ve\/site\/wp-content\/uploads\/2021\/07\/omar-prieto-4.jpg","type":"image\/jpeg"}],"author":"Villasmil Henry","twitter_card":"summary_large_image","twitter_creator":"@https:\/\/twitter.com\/villasmilhfoto","twitter_site":"@villasmilhfoto","twitter_misc":{"Escrito por":"Villasmil Henry","Tiempo estimado de lectura":"2 minutos"},"schema":{"@context":"https:\/\/schema.org","@graph":[{"@type":"Article","@id":"https:\/\/digital58.com.ve\/site\/2021\/07\/05\/omar-prieto-encabezo-actos-de-celebracion-de-los-210-anos-de-la-declaracion-de-independencia-de-venezuela-y-dia-de-la-fanb\/#article","isPartOf":{"@id":"https:\/\/digital58.com.ve\/site\/2021\/07\/05\/omar-prieto-encabezo-actos-de-celebracion-de-los-210-anos-de-la-declaracion-de-independencia-de-venezuela-y-dia-de-la-fanb\/"},"author":{"name":"Villasmil Henry","@id":"https:\/\/digital58.com.ve\/site\/#\/schema\/person\/64d1c2e4d0d4fd1b849980c4331c2951"},"headline":"Omar Prieto encabez\u00f3 actos de celebraci\u00f3n de los 210 a\u00f1os de la declaraci\u00f3n de Independencia de Venezuela y D\u00eda de la FANB","datePublished":"2021-07-06T03:44:46+00:00","mainEntityOfPage":{"@id":"https:\/\/digital58.com.ve\/site\/2021\/07\/05\/omar-prieto-encabezo-actos-de-celebracion-de-los-210-anos-de-la-declaracion-de-independencia-de-venezuela-y-dia-de-la-fanb\/"},"wordCount":375,"commentCount":0,"publisher":{"@id":"https:\/\/digital58.com.ve\/site\/#\/schema\/person\/64d1c2e4d0d4fd1b849980c4331c2951"},"image":{"@id":"https:\/\/digital58.com.ve\/site\/2021\/07\/05\/omar-prieto-encabezo-actos-de-celebracion-de-los-210-anos-de-la-declaracion-de-independencia-de-venezuela-y-dia-de-la-fanb\/#primaryimage"},"thumbnailUrl":"https:\/\/digital58.com.ve\/site\/wp-content\/uploads\/2021\/07\/omar-prieto-4.jpg","keywords":["5 de julio","D\u00eda de la independencia de Venezuela","Gobernador Omar Prieto Fern\u00e1ndez","Gobierno del Zulia","Maracaibo","Nacionales","Regionales","Venezuela","Zulia"],"articleSection":["Zulia"],"inLanguage":"es","potentialAction":[{"@type":"CommentAction","name":"Comment","target":["https:\/\/digital58.com.ve\/site\/2021\/07\/05\/omar-prieto-encabezo-actos-de-celebracion-de-los-210-anos-de-la-declaracion-de-independencia-de-venezuela-y-dia-de-la-fanb\/#respond"]}]},{"@type":"WebPage","@id":"https:\/\/digital58.com.ve\/site\/2021\/07\/05\/omar-prieto-encabezo-actos-de-celebracion-de-los-210-anos-de-la-declaracion-de-independencia-de-venezuela-y-dia-de-la-fanb\/","url":"https:\/\/digital58.com.ve\/site\/2021\/07\/05\/omar-prieto-encabezo-actos-de-celebracion-de-los-210-anos-de-la-declaracion-de-independencia-de-venezuela-y-dia-de-la-fanb\/","name":"Omar Prieto encabez\u00f3 actos de celebraci\u00f3n de los 210 a\u00f1os de la declaraci\u00f3n de Independencia de Venezuela y D\u00eda de la FANB","isPartOf":{"@id":"https:\/\/digital58.com.ve\/site\/#website"},"primaryImageOfPage":{"@id":"https:\/\/digital58.com.ve\/site\/2021\/07\/05\/omar-prieto-encabezo-actos-de-celebracion-de-los-210-anos-de-la-declaracion-de-independencia-de-venezuela-y-dia-de-la-fanb\/#primaryimage"},"image":{"@id":"https:\/\/digital58.com.ve\/site\/2021\/07\/05\/omar-prieto-encabezo-actos-de-celebracion-de-los-210-anos-de-la-declaracion-de-independencia-de-venezuela-y-dia-de-la-fanb\/#primaryimage"},"thumbnailUrl":"https:\/\/digital58.com.ve\/site\/wp-content\/uploads\/2021\/07\/omar-prieto-4.jpg","datePublished":"2021-07-06T03:44:46+00:00","description":"Zulia","breadcrumb":{"@id":"https:\/\/digital58.com.ve\/site\/2021\/07\/05\/omar-prieto-encabezo-actos-de-celebracion-de-los-210-anos-de-la-declaracion-de-independencia-de-venezuela-y-dia-de-la-fanb\/#breadcrumb"},"inLanguage":"es","potentialAction":[{"@type":"ReadAction","target":["https:\/\/digital58.com.ve\/site\/2021\/07\/05\/omar-prieto-encabezo-actos-de-celebracion-de-los-210-anos-de-la-declaracion-de-independencia-de-venezuela-y-dia-de-la-fanb\/"]}]},{"@type":"ImageObject","inLanguage":"es","@id":"https:\/\/digital58.com.ve\/site\/2021\/07\/05\/omar-prieto-encabezo-actos-de-celebracion-de-los-210-anos-de-la-declaracion-de-independencia-de-venezuela-y-dia-de-la-fanb\/#primaryimage","url":"https:\/\/digital58.com.ve\/site\/wp-content\/uploads\/2021\/07\/omar-prieto-4.jpg","contentUrl":"https:\/\/digital58.com.ve\/site\/wp-content\/uploads\/2021\/07\/omar-prieto-4.jpg","width":900,"height":600},{"@type":"BreadcrumbList","@id":"https:\/\/digital58.com.ve\/site\/2021\/07\/05\/omar-prieto-encabezo-actos-de-celebracion-de-los-210-anos-de-la-declaracion-de-independencia-de-venezuela-y-dia-de-la-fanb\/#breadcrumb","itemListElement":[{"@type":"ListItem","position":1,"name":"Home","item":"https:\/\/digital58.com.ve\/site\/"},{"@type":"ListItem","position":2,"name":"Omar Prieto encabez\u00f3 actos de celebraci\u00f3n de los 210 a\u00f1os de la declaraci\u00f3n de Independencia de Venezuela y D\u00eda de la FANB"}]},{"@type":"WebSite","@id":"https:\/\/digital58.com.ve\/site\/#website","url":"https:\/\/digital58.com.ve\/site\/","name":"Noticias Digital58","description":"Portal de Noticias \u00a1Periodismo web de verdad! Lanzamiento web 22.11.2005 \/ Maracaibo, Venezuela","publisher":{"@id":"https:\/\/digital58.com.ve\/site\/#\/schema\/person\/64d1c2e4d0d4fd1b849980c4331c2951"},"alternateName":"ND58","potentialAction":[{"@type":"SearchAction","target":{"@type":"EntryPoint","urlTemplate":"https:\/\/digital58.com.ve\/site\/?s={search_term_string}"},"query-input":{"@type":"PropertyValueSpecification","valueRequired":true,"valueName":"search_term_string"}}],"inLanguage":"es"},{"@type":["Person","Organization"],"@id":"https:\/\/digital58.com.ve\/site\/#\/schema\/person\/64d1c2e4d0d4fd1b849980c4331c2951","name":"Villasmil Henry","image":{"@type":"ImageObject","inLanguage":"es","@id":"https:\/\/secure.gravatar.com\/avatar\/bb0c4a2fcb7970138239f7e404ea75757b1b507b28b5ce4c53fbd62d797c5a7c?s=96&d=mm&r=g","url":"https:\/\/secure.gravatar.com\/avatar\/bb0c4a2fcb7970138239f7e404ea75757b1b507b28b5ce4c53fbd62d797c5a7c?s=96&d=mm&r=g","contentUrl":"https:\/\/secure.gravatar.com\/avatar\/bb0c4a2fcb7970138239f7e404ea75757b1b507b28b5ce4c53fbd62d797c5a7c?s=96&d=mm&r=g","caption":"Villasmil Henry"},"logo":{"@id":"https:\/\/secure.gravatar.com\/avatar\/bb0c4a2fcb7970138239f7e404ea75757b1b507b28b5ce4c53fbd62d797c5a7c?s=96&d=mm&r=g"},"sameAs":["http:\/\/www.henryvillasmil.com.ve","https:\/\/www.instagram.com\/villasmilhfoto\/","https:\/\/x.com\/https:\/\/twitter.com\/villasmilhfoto"],"url":"https:\/\/digital58.com.ve\/site\/author\/droopy_68\/"}]}},"uagb_featured_image_src":{"full":["https:\/\/digital58.com.ve\/site\/wp-content\/uploads\/2021\/07\/omar-prieto-4.jpg",900,600,false],"thumbnail":["https:\/\/digital58.com.ve\/site\/wp-content\/uploads\/2021\/07\/omar-prieto-4-150x150.jpg",150,150,true],"medium":["https:\/\/digital58.com.ve\/site\/wp-content\/uploads\/2021\/07\/omar-prieto-4-300x200.jpg",300,200,true],"medium_large":["https:\/\/digital58.com.ve\/site\/wp-content\/uploads\/2021\/07\/omar-prieto-4-768x512.jpg",768,512,true],"large":["https:\/\/digital58.com.ve\/site\/wp-content\/uploads\/2021\/07\/omar-prieto-4.jpg",800,533,false],"1536x1536":["https:\/\/digital58.com.ve\/site\/wp-content\/uploads\/2021\/07\/omar-prieto-4.jpg",900,600,false],"2048x2048":["https:\/\/digital58.com.ve\/site\/wp-content\/uploads\/2021\/07\/omar-prieto-4.jpg",900,600,false],"colormag-highlighted-post":["https:\/\/digital58.com.ve\/site\/wp-content\/uploads\/2021\/07\/omar-prieto-4.jpg",392,261,false],"colormag-featured-post-medium":["https:\/\/digital58.com.ve\/site\/wp-content\/uploads\/2021\/07\/omar-prieto-4.jpg",308,205,false],"colormag-featured-post-small":["https:\/\/digital58.com.ve\/site\/wp-content\/uploads\/2021\/07\/omar-prieto-4.jpg",130,87,false],"colormag-featured-image":["https:\/\/digital58.com.ve\/site\/wp-content\/uploads\/2021\/07\/omar-prieto-4.jpg",668,445,false],"colormag-default-news":["https:\/\/digital58.com.ve\/site\/wp-content\/uploads\/2021\/07\/omar-prieto-4.jpg",150,100,false],"colormag-featured-image-large":["https:\/\/digital58.com.ve\/site\/wp-content\/uploads\/2021\/07\/omar-prieto-4.jpg",900,600,false]},"uagb_author_info":{"display_name":"Villasmil Henry","author_link":"https:\/\/digital58.com.ve\/site\/author\/droopy_68\/"},"uagb_comment_info":0,"uagb_excerpt":"En la celebraci\u00f3n Patria m\u00e1s de 200 combatientes de los diferentes componentes que integran la FANB, rindieron honor al nacimiento","_links":{"self":[{"href":"https:\/\/digital58.com.ve\/site\/wp-json\/wp\/v2\/posts\/140745","targetHints":{"allow":["GET"]}}],"collection":[{"href":"https:\/\/digital58.com.ve\/site\/wp-json\/wp\/v2\/posts"}],"about":[{"href":"https:\/\/digital58.com.ve\/site\/wp-json\/wp\/v2\/types\/post"}],"author":[{"embeddable":true,"href":"https:\/\/digital58.com.ve\/site\/wp-json\/wp\/v2\/users\/1"}],"replies":[{"embeddable":true,"href":"https:\/\/digital58.com.ve\/site\/wp-json\/wp\/v2\/comments?post=140745"}],"version-history":[{"count":0,"href":"https:\/\/digital58.com.ve\/site\/wp-json\/wp\/v2\/posts\/140745\/revisions"}],"wp:featuredmedia":[{"embeddable":true,"href":"https:\/\/digital58.com.ve\/site\/wp-json\/wp\/v2\/media\/140747"}],"wp:attachment":[{"href":"https:\/\/digital58.com.ve\/site\/wp-json\/wp\/v2\/media?parent=140745"}],"wp:term":[{"taxonomy":"category","embeddable":true,"href":"https:\/\/digital58.com.ve\/site\/wp-json\/wp\/v2\/categories?post=140745"},{"taxonomy":"post_tag","embeddable":true,"href":"https:\/\/digital58.com.ve\/site\/wp-json\/wp\/v2\/tags?post=140745"}],"curies":[{"name":"wp","href":"https:\/\/api.w.org\/{rel}","templated":true}]}}