{"id":140782,"date":"2021-07-06T14:40:25","date_gmt":"2021-07-06T18:40:25","guid":{"rendered":"https:\/\/digital58.com.ve\/site\/?p=140782"},"modified":"2021-07-06T14:40:25","modified_gmt":"2021-07-06T18:40:25","slug":"eurocopa-el-italia-espana-en-5-focos","status":"publish","type":"post","link":"https:\/\/digital58.com.ve\/site\/2021\/07\/06\/eurocopa-el-italia-espana-en-5-focos\/","title":{"rendered":"#Eurocopa | El Italia-Espa\u00f1a, en 5 focos"},"content":{"rendered":"<p><a href=\"https:\/\/digital58.com.ve\/site\/wp-content\/uploads\/2021\/07\/espana-italia.jpg\"><img loading=\"lazy\" decoding=\"async\" class=\"aligncenter size-full wp-image-140783\" src=\"https:\/\/digital58.com.ve\/site\/wp-content\/uploads\/2021\/07\/espana-italia.jpg\" alt=\"\" width=\"900\" height=\"600\" srcset=\"https:\/\/digital58.com.ve\/site\/wp-content\/uploads\/2021\/07\/espana-italia.jpg 900w, https:\/\/digital58.com.ve\/site\/wp-content\/uploads\/2021\/07\/espana-italia-300x200.jpg 300w, https:\/\/digital58.com.ve\/site\/wp-content\/uploads\/2021\/07\/espana-italia-768x512.jpg 768w, https:\/\/digital58.com.ve\/site\/wp-content\/uploads\/2021\/07\/espana-italia-720x480.jpg 720w, https:\/\/digital58.com.ve\/site\/wp-content\/uploads\/2021\/07\/espana-italia-480x320.jpg 480w\" sizes=\"auto, (max-width: 900px) 100vw, 900px\" \/><\/a><\/p>\n<p>Luis Enrique Mart\u00ednez, seleccionador espa\u00f1ol, confirm\u00f3 la ausencia de Pablo Sarabia en el partido de semifinales que Espa\u00f1a disputa en Wembley ante Italia, por la molestia muscular que arrastra desde los cuartos de final.<\/p>\n<p><strong>Londres, 06 de julio de 2021 (ND58).-<\/strong> La cita con la historia de \u00c1lvaro Morata, a un tanto de transformarse en el mejor goleador de la selecci\u00f3n espa\u00f1ola en la Eurocopa; el examen constante sobre Unai Sim\u00f3n, los contrastes de Aymeric Laporte, la posible titularidad de Dani Olmo y el pulso por la presi\u00f3n y la posesi\u00f3n son cinco focos del partido de las semifinales del torneo entre Italia y Espa\u00f1a en el Wembley:<\/p>\n<p><strong>1 &#8211; La cita con la historia de Morata<\/strong><\/p>\n<p>Sus cinco goles en dos fases finales de la Eurocopa lo postulan ahora para ser el futbolista m\u00e1s goleador de la historia de la selecci\u00f3n en esta competici\u00f3n. De momento est\u00e1 igualado con Fernando Torres, con cinco dianas cada uno; el hombre r\u00e9cord en solitario hasta el tanto de Morata contra Croacia en los octavos de final.<\/p>\n<p>Quiere m\u00e1s el delantero madrile\u00f1o, se\u00f1alado en los dos empates iniciales, pero el goleador indudable en el esquema de Luis Enrique Mart\u00ednez. Ha comenzado cada partido desde el once titular en el torneo, por delante de cualquier otra opci\u00f3n, y se ha reivindicado en los \u00faltimos dos duelos antes de medirse a sus amigos y compa\u00f1eros en el Juventus Giorgio Chiellini o Leonardo Bonucci.<\/p>\n<p><strong>2 &#8211; El examen constante de Uani Sim\u00f3n<\/strong><\/p>\n<p>En el f\u00fatbol, el pasado no existe, s\u00f3lo se valora el presente. Es una circunstancia no escrita del balompi\u00e9, que supone un desaf\u00edo y que somete a un examen constante a cada jugador, como siempre lo ha sentido Unai Sim\u00f3n en la selecci\u00f3n espa\u00f1ola, inamovible del once titular en cada uno de los \u00faltimos doce encuentros disputados.<\/p>\n<p>A su error contra Croacia respondi\u00f3 con paradas determinantes y con el papel de h\u00e9roe en la tanda de penaltis ante Suiza. \u00abCabeza fr\u00eda y ser de hielo\u00bb son dos m\u00e1ximas del guardameta, admirador de Buffon, por su lealtad, por su compa\u00f1erismo, e Iker Casillas, por \u00absu capacidad mental para llevar situaciones\u00bb; los dos guardametas que han marcado la historia m\u00e1s reciente de los Italia-Espa\u00f1a.<\/p>\n<p><strong>3 &#8211; Los contrastes de Laporte<\/strong><\/p>\n<p>Aymeric Laporte es el defensa m\u00e1s titular de todos para Luis Enrique Mart\u00ednez. No hay mejor demostraci\u00f3n que los cinco partidos ya disputados en la Eurocopa 2020; el \u00fanico futbolista no s\u00f3lo de esa l\u00ednea sino de todo el campo que lo ha jugado todo, cada uno de los 510 minutos de recorrido de Espa\u00f1a en la actual fase final.<\/p>\n<p>Goleador ante Eslovaquia, clave en la salida de bal\u00f3n, a\u00fan necesita crecer m\u00e1s con la selecci\u00f3n. Dos fallos \u2014contra Polonia en el 1-0 de Robert Lewandowski y contra Suiza en el 1-1\u2014 contrastan con su rol de indiscutible para Luis Enrique y con su aportaci\u00f3n global, mucho mejor por su perfil natural, el izquierdo, que por el derecho, dependiendo de su acompa\u00f1ante (Eric Garc\u00eda en el primer caso o Pau Torres en el segundo). Enfrente tendr\u00e1 la exigencia de una tan determinante como el de Italia.<\/p>\n<p><strong>4 &#8211; El desborde de Dani Olmo<\/strong><\/p>\n<p>La baja de Pablo Sarabia, aquejado de una leve contractura, fuera del entrenamiento de este lunes en la Ciudad del F\u00fatbol de Las Rozas y descartado en rueda de prensa para el partido por Luis Enrique, abre una puerta del once titular en el ataque, previsiblemente para Dani Olmo; las dos primeras citas en la alineaci\u00f3n inicial, las dos \u00faltimas como recurso y agitador concluyente desde el banquillo.<\/p>\n<p>Ante Croacia, en los octavos de final, sali\u00f3 al terreno de juego para dar las dos asistencias de la victoria, una a \u00c1lvaro Morata y otra a Mikel Oyarzabal, para el 3-4 y el 3-5, respectivamente, en la pr\u00f3rroga; frente a Suiza tambi\u00e9n fue protagonista, desbordante primero y goleador despu\u00e9s en la tanda de penaltis ante Suiza.<\/p>\n<p><strong>5 &#8211; El pulso por la presi\u00f3n y la posesi\u00f3n<\/strong><\/p>\n<p>La presi\u00f3n centra la atenci\u00f3n en el choque entre Italia y Espa\u00f1a por una plaza en la final. Es un aspecto crucial del partido de este martes en el estadio de Wembley, tal y como se desenvuelven dos selecciones que apuestan por esta destreza para dominar cada sector del campo, cada momento del partido y cada instante del bal\u00f3n.<\/p>\n<p>Porque la posesi\u00f3n tambi\u00e9n es fundamental para Espa\u00f1a, en mayor medida, en ella basa su juego de ataque, e Italia, aunque la selecci\u00f3n \u00abAzzurra\u00bb es m\u00e1s vertical, genera m\u00e1s v\u00e9rtigo cuando encara los \u00faltimos metros, m\u00e1s incisiva y aparentemente m\u00e1s poderosa que la selecci\u00f3n espa\u00f1ola, que necesita m\u00e1s profundidad y decisi\u00f3n.<\/p><div class=\"wlgrw69edd98e4211e\" ><p style=\"text-align: center;\"><a href=\"https:\/\/t.me\/noticiasdigital58\" target=\"_blank\" rel=\"noopener\"><img class=\"aligncenter size-full wp-image-125363\" src=\"https:\/\/digital58.com.ve\/site\/wp-content\/uploads\/2021\/04\/banner-telegram-web-2021.png\" alt=\"\" width=\"600\" height=\"90\" \/><\/a><\/p><\/div><style type=\"text\/css\">\r\n@media screen and (min-width: 1201px) {\r\n.wlgrw69edd98e4211e {\r\ndisplay: block;\r\n}\r\n}\r\n@media screen and (min-width: 993px) and (max-width: 1200px) {\r\n.wlgrw69edd98e4211e {\r\ndisplay: block;\r\n}\r\n}\r\n@media screen and (min-width: 769px) and (max-width: 992px) {\r\n.wlgrw69edd98e4211e {\r\ndisplay: block;\r\n}\r\n}\r\n@media screen and (min-width: 768px) and (max-width: 768px) {\r\n.wlgrw69edd98e4211e {\r\ndisplay: block;\r\n}\r\n}\r\n@media screen and (max-width: 767px) {\r\n.wlgrw69edd98e4211e {\r\ndisplay: block;\r\n}\r\n}\r\n<\/style>\r\n\n<p><strong>Redacci\u00f3n ND58 | Fuente: EFE<\/strong><br \/>\n<strong>Edici\u00f3n: Villasmil, Henry<\/strong><br \/>\n<strong>Gr\u00e1fica: EFE<\/strong><\/p>\n<div style=\"margin-top: 0px; margin-bottom: 0px;\" class=\"sharethis-inline-share-buttons\" ><\/div>","protected":false},"excerpt":{"rendered":"<p>Luis Enrique Mart\u00ednez, seleccionador espa\u00f1ol, confirm\u00f3 la ausencia de Pablo Sarabia en el partido de semifinales que Espa\u00f1a disputa en<\/p>\n","protected":false},"author":1,"featured_media":140783,"comment_status":"open","ping_status":"closed","sticky":false,"template":"","format":"standard","meta":{"colormag_page_container_layout":"default_layout","colormag_page_sidebar_layout":"default_layout","_uag_custom_page_level_css":"","footnotes":""},"categories":[5402],"tags":[115,5353,24582,13,41,8,42,1215,24828,43,24094],"class_list":["post-140782","post","type-post","status-publish","format-standard","has-post-thumbnail","hentry","category-deportes","tag-espana","tag-eurocopa","tag-eurocopa-2020","tag-futbol","tag-futbol-internacional","tag-internacionales","tag-italia","tag-londres","tag-semifinales-eurocopa-2020","tag-uefa","tag-wembley"],"yoast_head":"<!-- This site is optimized with the Yoast SEO plugin v27.4 - https:\/\/yoast.com\/product\/yoast-seo-wordpress\/ -->\n<title>#Eurocopa | El Italia-Espa\u00f1a, en 5 focos<\/title>\n<meta name=\"description\" content=\"Deportes\" \/>\n<meta name=\"robots\" content=\"index, follow, max-snippet:-1, max-image-preview:large, max-video-preview:-1\" \/>\n<link rel=\"canonical\" href=\"https:\/\/digital58.com.ve\/site\/2021\/07\/06\/eurocopa-el-italia-espana-en-5-focos\/\" \/>\n<meta property=\"og:locale\" content=\"es_ES\" \/>\n<meta property=\"og:type\" content=\"article\" \/>\n<meta property=\"og:title\" content=\"#Eurocopa | El Italia-Espa\u00f1a, en 5 focos\" \/>\n<meta property=\"og:description\" content=\"Deportes\" \/>\n<meta property=\"og:url\" content=\"https:\/\/digital58.com.ve\/site\/2021\/07\/06\/eurocopa-el-italia-espana-en-5-focos\/\" \/>\n<meta property=\"og:site_name\" content=\"Noticias Digital58\" \/>\n<meta property=\"article:published_time\" content=\"2021-07-06T18:40:25+00:00\" \/>\n<meta property=\"og:image\" content=\"https:\/\/digital58.com.ve\/site\/wp-content\/uploads\/2021\/07\/espana-italia.jpg\" \/>\n\t<meta property=\"og:image:width\" content=\"900\" \/>\n\t<meta property=\"og:image:height\" content=\"600\" \/>\n\t<meta property=\"og:image:type\" content=\"image\/jpeg\" \/>\n<meta name=\"author\" content=\"Villasmil Henry\" \/>\n<meta name=\"twitter:card\" content=\"summary_large_image\" \/>\n<meta name=\"twitter:creator\" content=\"@https:\/\/twitter.com\/villasmilhfoto\" \/>\n<meta name=\"twitter:site\" content=\"@villasmilhfoto\" \/>\n<meta name=\"twitter:label1\" content=\"Escrito por\" \/>\n\t<meta name=\"twitter:data1\" content=\"Villasmil Henry\" \/>\n\t<meta name=\"twitter:label2\" content=\"Tiempo estimado de lectura\" \/>\n\t<meta name=\"twitter:data2\" content=\"4 minutos\" \/>\n<script type=\"application\/ld+json\" class=\"yoast-schema-graph\">{\"@context\":\"https:\\\/\\\/schema.org\",\"@graph\":[{\"@type\":\"Article\",\"@id\":\"https:\\\/\\\/digital58.com.ve\\\/site\\\/2021\\\/07\\\/06\\\/eurocopa-el-italia-espana-en-5-focos\\\/#article\",\"isPartOf\":{\"@id\":\"https:\\\/\\\/digital58.com.ve\\\/site\\\/2021\\\/07\\\/06\\\/eurocopa-el-italia-espana-en-5-focos\\\/\"},\"author\":{\"name\":\"Villasmil Henry\",\"@id\":\"https:\\\/\\\/digital58.com.ve\\\/site\\\/#\\\/schema\\\/person\\\/64d1c2e4d0d4fd1b849980c4331c2951\"},\"headline\":\"#Eurocopa | El Italia-Espa\u00f1a, en 5 focos\",\"datePublished\":\"2021-07-06T18:40:25+00:00\",\"mainEntityOfPage\":{\"@id\":\"https:\\\/\\\/digital58.com.ve\\\/site\\\/2021\\\/07\\\/06\\\/eurocopa-el-italia-espana-en-5-focos\\\/\"},\"wordCount\":851,\"commentCount\":0,\"publisher\":{\"@id\":\"https:\\\/\\\/digital58.com.ve\\\/site\\\/#\\\/schema\\\/person\\\/64d1c2e4d0d4fd1b849980c4331c2951\"},\"image\":{\"@id\":\"https:\\\/\\\/digital58.com.ve\\\/site\\\/2021\\\/07\\\/06\\\/eurocopa-el-italia-espana-en-5-focos\\\/#primaryimage\"},\"thumbnailUrl\":\"https:\\\/\\\/digital58.com.ve\\\/site\\\/wp-content\\\/uploads\\\/2021\\\/07\\\/espana-italia.jpg\",\"keywords\":[\"Espa\u00f1a\",\"EUROCOPA\",\"Eurocopa 2020\",\"F\u00fatbol\",\"F\u00fatbol Internacional\",\"Internacionales\",\"Italia\",\"Londres\",\"Semifinales Eurocopa 2020\",\"UEFA\",\"Wembley\"],\"articleSection\":[\"Deportes\"],\"inLanguage\":\"es\",\"potentialAction\":[{\"@type\":\"CommentAction\",\"name\":\"Comment\",\"target\":[\"https:\\\/\\\/digital58.com.ve\\\/site\\\/2021\\\/07\\\/06\\\/eurocopa-el-italia-espana-en-5-focos\\\/#respond\"]}]},{\"@type\":\"WebPage\",\"@id\":\"https:\\\/\\\/digital58.com.ve\\\/site\\\/2021\\\/07\\\/06\\\/eurocopa-el-italia-espana-en-5-focos\\\/\",\"url\":\"https:\\\/\\\/digital58.com.ve\\\/site\\\/2021\\\/07\\\/06\\\/eurocopa-el-italia-espana-en-5-focos\\\/\",\"name\":\"#Eurocopa | El Italia-Espa\u00f1a, en 5 focos\",\"isPartOf\":{\"@id\":\"https:\\\/\\\/digital58.com.ve\\\/site\\\/#website\"},\"primaryImageOfPage\":{\"@id\":\"https:\\\/\\\/digital58.com.ve\\\/site\\\/2021\\\/07\\\/06\\\/eurocopa-el-italia-espana-en-5-focos\\\/#primaryimage\"},\"image\":{\"@id\":\"https:\\\/\\\/digital58.com.ve\\\/site\\\/2021\\\/07\\\/06\\\/eurocopa-el-italia-espana-en-5-focos\\\/#primaryimage\"},\"thumbnailUrl\":\"https:\\\/\\\/digital58.com.ve\\\/site\\\/wp-content\\\/uploads\\\/2021\\\/07\\\/espana-italia.jpg\",\"datePublished\":\"2021-07-06T18:40:25+00:00\",\"description\":\"Deportes\",\"breadcrumb\":{\"@id\":\"https:\\\/\\\/digital58.com.ve\\\/site\\\/2021\\\/07\\\/06\\\/eurocopa-el-italia-espana-en-5-focos\\\/#breadcrumb\"},\"inLanguage\":\"es\",\"potentialAction\":[{\"@type\":\"ReadAction\",\"target\":[\"https:\\\/\\\/digital58.com.ve\\\/site\\\/2021\\\/07\\\/06\\\/eurocopa-el-italia-espana-en-5-focos\\\/\"]}]},{\"@type\":\"ImageObject\",\"inLanguage\":\"es\",\"@id\":\"https:\\\/\\\/digital58.com.ve\\\/site\\\/2021\\\/07\\\/06\\\/eurocopa-el-italia-espana-en-5-focos\\\/#primaryimage\",\"url\":\"https:\\\/\\\/digital58.com.ve\\\/site\\\/wp-content\\\/uploads\\\/2021\\\/07\\\/espana-italia.jpg\",\"contentUrl\":\"https:\\\/\\\/digital58.com.ve\\\/site\\\/wp-content\\\/uploads\\\/2021\\\/07\\\/espana-italia.jpg\",\"width\":900,\"height\":600},{\"@type\":\"BreadcrumbList\",\"@id\":\"https:\\\/\\\/digital58.com.ve\\\/site\\\/2021\\\/07\\\/06\\\/eurocopa-el-italia-espana-en-5-focos\\\/#breadcrumb\",\"itemListElement\":[{\"@type\":\"ListItem\",\"position\":1,\"name\":\"Home\",\"item\":\"https:\\\/\\\/digital58.com.ve\\\/site\\\/\"},{\"@type\":\"ListItem\",\"position\":2,\"name\":\"#Eurocopa | El Italia-Espa\u00f1a, en 5 focos\"}]},{\"@type\":\"WebSite\",\"@id\":\"https:\\\/\\\/digital58.com.ve\\\/site\\\/#website\",\"url\":\"https:\\\/\\\/digital58.com.ve\\\/site\\\/\",\"name\":\"Noticias Digital58\",\"description\":\"Portal de Noticias \u00a1Periodismo web de verdad! Lanzamiento web 22.11.2005 \\\/ Maracaibo, Venezuela\",\"publisher\":{\"@id\":\"https:\\\/\\\/digital58.com.ve\\\/site\\\/#\\\/schema\\\/person\\\/64d1c2e4d0d4fd1b849980c4331c2951\"},\"alternateName\":\"ND58\",\"potentialAction\":[{\"@type\":\"SearchAction\",\"target\":{\"@type\":\"EntryPoint\",\"urlTemplate\":\"https:\\\/\\\/digital58.com.ve\\\/site\\\/?s={search_term_string}\"},\"query-input\":{\"@type\":\"PropertyValueSpecification\",\"valueRequired\":true,\"valueName\":\"search_term_string\"}}],\"inLanguage\":\"es\"},{\"@type\":[\"Person\",\"Organization\"],\"@id\":\"https:\\\/\\\/digital58.com.ve\\\/site\\\/#\\\/schema\\\/person\\\/64d1c2e4d0d4fd1b849980c4331c2951\",\"name\":\"Villasmil Henry\",\"image\":{\"@type\":\"ImageObject\",\"inLanguage\":\"es\",\"@id\":\"https:\\\/\\\/secure.gravatar.com\\\/avatar\\\/bb0c4a2fcb7970138239f7e404ea75757b1b507b28b5ce4c53fbd62d797c5a7c?s=96&d=mm&r=g\",\"url\":\"https:\\\/\\\/secure.gravatar.com\\\/avatar\\\/bb0c4a2fcb7970138239f7e404ea75757b1b507b28b5ce4c53fbd62d797c5a7c?s=96&d=mm&r=g\",\"contentUrl\":\"https:\\\/\\\/secure.gravatar.com\\\/avatar\\\/bb0c4a2fcb7970138239f7e404ea75757b1b507b28b5ce4c53fbd62d797c5a7c?s=96&d=mm&r=g\",\"caption\":\"Villasmil Henry\"},\"logo\":{\"@id\":\"https:\\\/\\\/secure.gravatar.com\\\/avatar\\\/bb0c4a2fcb7970138239f7e404ea75757b1b507b28b5ce4c53fbd62d797c5a7c?s=96&d=mm&r=g\"},\"sameAs\":[\"http:\\\/\\\/www.henryvillasmil.com.ve\",\"https:\\\/\\\/www.instagram.com\\\/villasmilhfoto\\\/\",\"https:\\\/\\\/x.com\\\/https:\\\/\\\/twitter.com\\\/villasmilhfoto\"],\"url\":\"https:\\\/\\\/digital58.com.ve\\\/site\\\/author\\\/droopy_68\\\/\"}]}<\/script>\n<!-- \/ Yoast SEO plugin. -->","yoast_head_json":{"title":"#Eurocopa | El Italia-Espa\u00f1a, en 5 focos","description":"Deportes","robots":{"index":"index","follow":"follow","max-snippet":"max-snippet:-1","max-image-preview":"max-image-preview:large","max-video-preview":"max-video-preview:-1"},"canonical":"https:\/\/digital58.com.ve\/site\/2021\/07\/06\/eurocopa-el-italia-espana-en-5-focos\/","og_locale":"es_ES","og_type":"article","og_title":"#Eurocopa | El Italia-Espa\u00f1a, en 5 focos","og_description":"Deportes","og_url":"https:\/\/digital58.com.ve\/site\/2021\/07\/06\/eurocopa-el-italia-espana-en-5-focos\/","og_site_name":"Noticias Digital58","article_published_time":"2021-07-06T18:40:25+00:00","og_image":[{"width":900,"height":600,"url":"https:\/\/digital58.com.ve\/site\/wp-content\/uploads\/2021\/07\/espana-italia.jpg","type":"image\/jpeg"}],"author":"Villasmil Henry","twitter_card":"summary_large_image","twitter_creator":"@https:\/\/twitter.com\/villasmilhfoto","twitter_site":"@villasmilhfoto","twitter_misc":{"Escrito por":"Villasmil Henry","Tiempo estimado de lectura":"4 minutos"},"schema":{"@context":"https:\/\/schema.org","@graph":[{"@type":"Article","@id":"https:\/\/digital58.com.ve\/site\/2021\/07\/06\/eurocopa-el-italia-espana-en-5-focos\/#article","isPartOf":{"@id":"https:\/\/digital58.com.ve\/site\/2021\/07\/06\/eurocopa-el-italia-espana-en-5-focos\/"},"author":{"name":"Villasmil Henry","@id":"https:\/\/digital58.com.ve\/site\/#\/schema\/person\/64d1c2e4d0d4fd1b849980c4331c2951"},"headline":"#Eurocopa | El Italia-Espa\u00f1a, en 5 focos","datePublished":"2021-07-06T18:40:25+00:00","mainEntityOfPage":{"@id":"https:\/\/digital58.com.ve\/site\/2021\/07\/06\/eurocopa-el-italia-espana-en-5-focos\/"},"wordCount":851,"commentCount":0,"publisher":{"@id":"https:\/\/digital58.com.ve\/site\/#\/schema\/person\/64d1c2e4d0d4fd1b849980c4331c2951"},"image":{"@id":"https:\/\/digital58.com.ve\/site\/2021\/07\/06\/eurocopa-el-italia-espana-en-5-focos\/#primaryimage"},"thumbnailUrl":"https:\/\/digital58.com.ve\/site\/wp-content\/uploads\/2021\/07\/espana-italia.jpg","keywords":["Espa\u00f1a","EUROCOPA","Eurocopa 2020","F\u00fatbol","F\u00fatbol Internacional","Internacionales","Italia","Londres","Semifinales Eurocopa 2020","UEFA","Wembley"],"articleSection":["Deportes"],"inLanguage":"es","potentialAction":[{"@type":"CommentAction","name":"Comment","target":["https:\/\/digital58.com.ve\/site\/2021\/07\/06\/eurocopa-el-italia-espana-en-5-focos\/#respond"]}]},{"@type":"WebPage","@id":"https:\/\/digital58.com.ve\/site\/2021\/07\/06\/eurocopa-el-italia-espana-en-5-focos\/","url":"https:\/\/digital58.com.ve\/site\/2021\/07\/06\/eurocopa-el-italia-espana-en-5-focos\/","name":"#Eurocopa | El Italia-Espa\u00f1a, en 5 focos","isPartOf":{"@id":"https:\/\/digital58.com.ve\/site\/#website"},"primaryImageOfPage":{"@id":"https:\/\/digital58.com.ve\/site\/2021\/07\/06\/eurocopa-el-italia-espana-en-5-focos\/#primaryimage"},"image":{"@id":"https:\/\/digital58.com.ve\/site\/2021\/07\/06\/eurocopa-el-italia-espana-en-5-focos\/#primaryimage"},"thumbnailUrl":"https:\/\/digital58.com.ve\/site\/wp-content\/uploads\/2021\/07\/espana-italia.jpg","datePublished":"2021-07-06T18:40:25+00:00","description":"Deportes","breadcrumb":{"@id":"https:\/\/digital58.com.ve\/site\/2021\/07\/06\/eurocopa-el-italia-espana-en-5-focos\/#breadcrumb"},"inLanguage":"es","potentialAction":[{"@type":"ReadAction","target":["https:\/\/digital58.com.ve\/site\/2021\/07\/06\/eurocopa-el-italia-espana-en-5-focos\/"]}]},{"@type":"ImageObject","inLanguage":"es","@id":"https:\/\/digital58.com.ve\/site\/2021\/07\/06\/eurocopa-el-italia-espana-en-5-focos\/#primaryimage","url":"https:\/\/digital58.com.ve\/site\/wp-content\/uploads\/2021\/07\/espana-italia.jpg","contentUrl":"https:\/\/digital58.com.ve\/site\/wp-content\/uploads\/2021\/07\/espana-italia.jpg","width":900,"height":600},{"@type":"BreadcrumbList","@id":"https:\/\/digital58.com.ve\/site\/2021\/07\/06\/eurocopa-el-italia-espana-en-5-focos\/#breadcrumb","itemListElement":[{"@type":"ListItem","position":1,"name":"Home","item":"https:\/\/digital58.com.ve\/site\/"},{"@type":"ListItem","position":2,"name":"#Eurocopa | El Italia-Espa\u00f1a, en 5 focos"}]},{"@type":"WebSite","@id":"https:\/\/digital58.com.ve\/site\/#website","url":"https:\/\/digital58.com.ve\/site\/","name":"Noticias Digital58","description":"Portal de Noticias \u00a1Periodismo web de verdad! Lanzamiento web 22.11.2005 \/ Maracaibo, Venezuela","publisher":{"@id":"https:\/\/digital58.com.ve\/site\/#\/schema\/person\/64d1c2e4d0d4fd1b849980c4331c2951"},"alternateName":"ND58","potentialAction":[{"@type":"SearchAction","target":{"@type":"EntryPoint","urlTemplate":"https:\/\/digital58.com.ve\/site\/?s={search_term_string}"},"query-input":{"@type":"PropertyValueSpecification","valueRequired":true,"valueName":"search_term_string"}}],"inLanguage":"es"},{"@type":["Person","Organization"],"@id":"https:\/\/digital58.com.ve\/site\/#\/schema\/person\/64d1c2e4d0d4fd1b849980c4331c2951","name":"Villasmil Henry","image":{"@type":"ImageObject","inLanguage":"es","@id":"https:\/\/secure.gravatar.com\/avatar\/bb0c4a2fcb7970138239f7e404ea75757b1b507b28b5ce4c53fbd62d797c5a7c?s=96&d=mm&r=g","url":"https:\/\/secure.gravatar.com\/avatar\/bb0c4a2fcb7970138239f7e404ea75757b1b507b28b5ce4c53fbd62d797c5a7c?s=96&d=mm&r=g","contentUrl":"https:\/\/secure.gravatar.com\/avatar\/bb0c4a2fcb7970138239f7e404ea75757b1b507b28b5ce4c53fbd62d797c5a7c?s=96&d=mm&r=g","caption":"Villasmil Henry"},"logo":{"@id":"https:\/\/secure.gravatar.com\/avatar\/bb0c4a2fcb7970138239f7e404ea75757b1b507b28b5ce4c53fbd62d797c5a7c?s=96&d=mm&r=g"},"sameAs":["http:\/\/www.henryvillasmil.com.ve","https:\/\/www.instagram.com\/villasmilhfoto\/","https:\/\/x.com\/https:\/\/twitter.com\/villasmilhfoto"],"url":"https:\/\/digital58.com.ve\/site\/author\/droopy_68\/"}]}},"uagb_featured_image_src":{"full":["https:\/\/digital58.com.ve\/site\/wp-content\/uploads\/2021\/07\/espana-italia.jpg",900,600,false],"thumbnail":["https:\/\/digital58.com.ve\/site\/wp-content\/uploads\/2021\/07\/espana-italia-150x150.jpg",150,150,true],"medium":["https:\/\/digital58.com.ve\/site\/wp-content\/uploads\/2021\/07\/espana-italia-300x200.jpg",300,200,true],"medium_large":["https:\/\/digital58.com.ve\/site\/wp-content\/uploads\/2021\/07\/espana-italia-768x512.jpg",768,512,true],"large":["https:\/\/digital58.com.ve\/site\/wp-content\/uploads\/2021\/07\/espana-italia.jpg",800,533,false],"1536x1536":["https:\/\/digital58.com.ve\/site\/wp-content\/uploads\/2021\/07\/espana-italia.jpg",900,600,false],"2048x2048":["https:\/\/digital58.com.ve\/site\/wp-content\/uploads\/2021\/07\/espana-italia.jpg",900,600,false],"colormag-highlighted-post":["https:\/\/digital58.com.ve\/site\/wp-content\/uploads\/2021\/07\/espana-italia.jpg",392,261,false],"colormag-featured-post-medium":["https:\/\/digital58.com.ve\/site\/wp-content\/uploads\/2021\/07\/espana-italia.jpg",308,205,false],"colormag-featured-post-small":["https:\/\/digital58.com.ve\/site\/wp-content\/uploads\/2021\/07\/espana-italia.jpg",130,87,false],"colormag-featured-image":["https:\/\/digital58.com.ve\/site\/wp-content\/uploads\/2021\/07\/espana-italia.jpg",668,445,false],"colormag-default-news":["https:\/\/digital58.com.ve\/site\/wp-content\/uploads\/2021\/07\/espana-italia.jpg",150,100,false],"colormag-featured-image-large":["https:\/\/digital58.com.ve\/site\/wp-content\/uploads\/2021\/07\/espana-italia.jpg",900,600,false]},"uagb_author_info":{"display_name":"Villasmil Henry","author_link":"https:\/\/digital58.com.ve\/site\/author\/droopy_68\/"},"uagb_comment_info":0,"uagb_excerpt":"Luis Enrique Mart\u00ednez, seleccionador espa\u00f1ol, confirm\u00f3 la ausencia de Pablo Sarabia en el partido de semifinales que Espa\u00f1a disputa en","_links":{"self":[{"href":"https:\/\/digital58.com.ve\/site\/wp-json\/wp\/v2\/posts\/140782","targetHints":{"allow":["GET"]}}],"collection":[{"href":"https:\/\/digital58.com.ve\/site\/wp-json\/wp\/v2\/posts"}],"about":[{"href":"https:\/\/digital58.com.ve\/site\/wp-json\/wp\/v2\/types\/post"}],"author":[{"embeddable":true,"href":"https:\/\/digital58.com.ve\/site\/wp-json\/wp\/v2\/users\/1"}],"replies":[{"embeddable":true,"href":"https:\/\/digital58.com.ve\/site\/wp-json\/wp\/v2\/comments?post=140782"}],"version-history":[{"count":0,"href":"https:\/\/digital58.com.ve\/site\/wp-json\/wp\/v2\/posts\/140782\/revisions"}],"wp:featuredmedia":[{"embeddable":true,"href":"https:\/\/digital58.com.ve\/site\/wp-json\/wp\/v2\/media\/140783"}],"wp:attachment":[{"href":"https:\/\/digital58.com.ve\/site\/wp-json\/wp\/v2\/media?parent=140782"}],"wp:term":[{"taxonomy":"category","embeddable":true,"href":"https:\/\/digital58.com.ve\/site\/wp-json\/wp\/v2\/categories?post=140782"},{"taxonomy":"post_tag","embeddable":true,"href":"https:\/\/digital58.com.ve\/site\/wp-json\/wp\/v2\/tags?post=140782"}],"curies":[{"name":"wp","href":"https:\/\/api.w.org\/{rel}","templated":true}]}}