{"id":140949,"date":"2021-07-10T11:13:28","date_gmt":"2021-07-10T15:13:28","guid":{"rendered":"https:\/\/digital58.com.ve\/site\/?p=140949"},"modified":"2021-07-10T11:39:59","modified_gmt":"2021-07-10T15:39:59","slug":"venezuela-suma-llega-a-282-940-casos-de-la-covid-19","status":"publish","type":"post","link":"https:\/\/digital58.com.ve\/site\/2021\/07\/10\/venezuela-suma-llega-a-282-940-casos-de-la-covid-19\/","title":{"rendered":"Venezuela llega a 282.940 casos de la COVID-19"},"content":{"rendered":"<p><a href=\"https:\/\/digital58.com.ve\/site\/wp-content\/uploads\/2021\/04\/covid-venezuela-2.jpg\"><img loading=\"lazy\" decoding=\"async\" class=\"aligncenter size-full wp-image-137670\" src=\"https:\/\/digital58.com.ve\/site\/wp-content\/uploads\/2021\/04\/covid-venezuela-2.jpg\" alt=\"\" width=\"900\" height=\"599\" srcset=\"https:\/\/digital58.com.ve\/site\/wp-content\/uploads\/2021\/04\/covid-venezuela-2.jpg 900w, https:\/\/digital58.com.ve\/site\/wp-content\/uploads\/2021\/04\/covid-venezuela-2-300x200.jpg 300w, https:\/\/digital58.com.ve\/site\/wp-content\/uploads\/2021\/04\/covid-venezuela-2-768x511.jpg 768w, https:\/\/digital58.com.ve\/site\/wp-content\/uploads\/2021\/04\/covid-venezuela-2-720x480.jpg 720w, https:\/\/digital58.com.ve\/site\/wp-content\/uploads\/2021\/04\/covid-venezuela-2-480x320.jpg 480w\" sizes=\"auto, (max-width: 900px) 100vw, 900px\" \/><\/a><\/p>\n<p>El Gobierno venezolano denunci\u00f3 que debido a las sanciones comerciales y financieras de Estados Unidos contra el pa\u00eds, una parte de su pago a Covax hab\u00eda quedado bloqueado, lo que imped\u00eda la llegada de 11 millones de vacunas del programa humanitario ya comprometidas en abril.<\/p>\n<p><strong>Caracas, DC, Venezuela, 10 de julio de 2021 (ND58).-<\/strong> Las autoridades venezolanas detectaron durante las \u00faltimas 24 horas 1.033 contagios del nuevo coronavirus, 1.023 por transmisi\u00f3n comunitaria y 10 \u00abimportados\u00bb, inform\u00f3 el ministro de Comunicaci\u00f3n, Freddy \u00d1\u00e1\u00f1ez.<\/p>\n<p>\u00abA 481 d\u00edas de la pandemia, informamos que durante las \u00faltimas 24 horas el pa\u00eds registr\u00f3 1.033 nuevos contagios, 1.023 por transmisi\u00f3n comunitaria, 10 casos importados\u00bb, escribi\u00f3 \u00d1\u00e1\u00f1ez en su cuenta de Twitter.<\/p>\n<p>El estado con m\u00e1s nuevos casos es M\u00e9rida (295), de los que 197 fueron ubicados en su capital hom\u00f3nima, 62 en el municipio Campo El\u00edas, 32 en Sucre, 3 en Santos Marquina y uno en Alberto Adriani.<\/p>\n<p>Por detr\u00e1s se sit\u00faa el estado Aragua (95), seguido de Caracas (84), Zulia (83), Yaracuy (81), Miranda (70), La Guaira (62), Nueva Esparta (57), Carabobo (52), Sucre (41), Cojedes (37), T\u00e1chira (31), Anzo\u00e1tegui (9), Delta Amacuro (7), Falc\u00f3n (7), Trujillo (6), Barinas (4), Lara (1) y Monagas (1).<\/p>\n<p>Por otra parte, los casos \u00abimportados\u00bb son viajeros llegados de Rep\u00fablica Dominicana (7), Chile (1), Panam\u00e1 (1) y M\u00e9xico (1).<\/p>\n<p>De este modo, Venezuela llega a 282.940 casos de la COVID-19 confirmados desde el inicio de la pandemia, si bien 264.921 pacientes ya se han recuperado de la enfermedad que provoca el nuevo coronavirus, lo que supone el 93 % del total.<\/p>\n<p>Actualmente, hay 14.755 casos activos, de los que 7.547 pacientes son asintom\u00e1ticos, 5.703 padecen una insuficiencia respiratoria aguda leve, 1.092 tiene insuficiencia respiratoria aguda moderada y 413 est\u00e1n ingresados en unidades de cuidados intensivos.<\/p>\n<p>Por otra parte, \u00d1\u00e1\u00f1ez detall\u00f3 que tambi\u00e9n fallecieron 11 personas por la COVID-19, con lo que la cifra total de muertos se eleva hasta 3.264.<\/p>\n<p>Entre los fallecidos, hay tres personas del estado Apure, dos del estado Miranda (que alberga parte del \u00e1rea metropolitana de la capital), y una persona de Caracas.<\/p>\n<p>La lista la completan cinco personas de los estados La Guaira, M\u00e9rida, Portuguesa, Sucre y Zulia.<\/p>\n<p>La Fundaci\u00f3n GAVI, administradora junto a la Organizaci\u00f3n Mundial de la Salud (OMS) del programa Covax para la distribuci\u00f3n global de vacunas anticovid, confirm\u00f3 este jueves a Efe que han recibido ya los fondos de Venezuela para el env\u00edo de dosis a ese pa\u00eds.<\/p>\n<p>\u00abVenezuela se ha unido recientemente a Covax y ha pagado sus obligaciones financieras, esperamos poder distribuirles dosis en cuanto tengamos disponibles las del tipo que escoja\u00bb, se\u00f1al\u00f3 un portavoz de GAVI.<\/p>\n<p><strong>Redacci\u00f3n ND58 | Fuente: EFE<\/strong><br \/>\n<strong>Edici\u00f3n: Villasmil, Henry<\/strong><br \/>\n<strong>Gr\u00e1fica:<\/strong><\/p>\n<p>&nbsp;<\/p><div class=\"gcxsl69f49943956d5\" ><p style=\"text-align: center;\"><a href=\"https:\/\/t.me\/noticiasdigital58\" target=\"_blank\" rel=\"noopener\"><img class=\"aligncenter size-full wp-image-125363\" src=\"https:\/\/digital58.com.ve\/site\/wp-content\/uploads\/2021\/04\/banner-telegram-web-2021.png\" alt=\"\" width=\"600\" height=\"90\" \/><\/a><\/p><\/div><style type=\"text\/css\">\r\n@media screen and (min-width: 1201px) {\r\n.gcxsl69f49943956d5 {\r\ndisplay: block;\r\n}\r\n}\r\n@media screen and (min-width: 993px) and (max-width: 1200px) {\r\n.gcxsl69f49943956d5 {\r\ndisplay: block;\r\n}\r\n}\r\n@media screen and (min-width: 769px) and (max-width: 992px) {\r\n.gcxsl69f49943956d5 {\r\ndisplay: block;\r\n}\r\n}\r\n@media screen and (min-width: 768px) and (max-width: 768px) {\r\n.gcxsl69f49943956d5 {\r\ndisplay: block;\r\n}\r\n}\r\n@media screen and (max-width: 767px) {\r\n.gcxsl69f49943956d5 {\r\ndisplay: block;\r\n}\r\n}\r\n<\/style>\r\n\n<p>&nbsp;<\/p>\n<div style=\"margin-top: 0px; margin-bottom: 0px;\" class=\"sharethis-inline-share-buttons\" ><\/div>","protected":false},"excerpt":{"rendered":"<p>El Gobierno venezolano denunci\u00f3 que debido a las sanciones comerciales y financieras de Estados Unidos contra el pa\u00eds, una parte<\/p>\n","protected":false},"author":1,"featured_media":137725,"comment_status":"open","ping_status":"closed","sticky":false,"template":"","format":"standard","meta":{"colormag_page_container_layout":"default_layout","colormag_page_sidebar_layout":"default_layout","_uag_custom_page_level_css":"","footnotes":""},"categories":[16454],"tags":[29,13352,13648,233,13723,14457,13793],"class_list":["post-140949","post","type-post","status-publish","format-standard","has-post-thumbnail","hentry","category-venezuela","tag-caracas","tag-coronavirus","tag-covid-19","tag-nacionales","tag-pandemia","tag-reporte-diario-covid-19","tag-sars-cov-2"],"yoast_head":"<!-- This site is optimized with the Yoast SEO plugin v27.5 - https:\/\/yoast.com\/product\/yoast-seo-wordpress\/ -->\n<title>Venezuela llega a 282.940 casos de la COVID-19<\/title>\n<meta name=\"description\" content=\"Venezuela\" \/>\n<meta name=\"robots\" content=\"index, follow, max-snippet:-1, max-image-preview:large, max-video-preview:-1\" \/>\n<link rel=\"canonical\" href=\"https:\/\/digital58.com.ve\/site\/2021\/07\/10\/venezuela-suma-llega-a-282-940-casos-de-la-covid-19\/\" \/>\n<meta property=\"og:locale\" content=\"es_ES\" \/>\n<meta property=\"og:type\" content=\"article\" \/>\n<meta property=\"og:title\" content=\"Venezuela llega a 282.940 casos de la COVID-19\" \/>\n<meta property=\"og:description\" content=\"Venezuela\" \/>\n<meta property=\"og:url\" content=\"https:\/\/digital58.com.ve\/site\/2021\/07\/10\/venezuela-suma-llega-a-282-940-casos-de-la-covid-19\/\" \/>\n<meta property=\"og:site_name\" content=\"Noticias Digital58\" \/>\n<meta property=\"article:published_time\" content=\"2021-07-10T15:13:28+00:00\" \/>\n<meta property=\"article:modified_time\" content=\"2021-07-10T15:39:59+00:00\" \/>\n<meta property=\"og:image\" content=\"https:\/\/digital58.com.ve\/site\/wp-content\/uploads\/2021\/04\/covid-19-26.04.21.jpg\" \/>\n\t<meta property=\"og:image:width\" content=\"900\" \/>\n\t<meta property=\"og:image:height\" content=\"600\" \/>\n\t<meta property=\"og:image:type\" content=\"image\/jpeg\" \/>\n<meta name=\"author\" content=\"Villasmil Henry\" \/>\n<meta name=\"twitter:card\" content=\"summary_large_image\" \/>\n<meta name=\"twitter:creator\" content=\"@https:\/\/twitter.com\/villasmilhfoto\" \/>\n<meta name=\"twitter:site\" content=\"@villasmilhfoto\" \/>\n<meta name=\"twitter:label1\" content=\"Escrito por\" \/>\n\t<meta name=\"twitter:data1\" content=\"Villasmil Henry\" \/>\n\t<meta name=\"twitter:label2\" content=\"Tiempo estimado de lectura\" \/>\n\t<meta name=\"twitter:data2\" content=\"3 minutos\" \/>\n<script type=\"application\/ld+json\" class=\"yoast-schema-graph\">{\"@context\":\"https:\\\/\\\/schema.org\",\"@graph\":[{\"@type\":\"Article\",\"@id\":\"https:\\\/\\\/digital58.com.ve\\\/site\\\/2021\\\/07\\\/10\\\/venezuela-suma-llega-a-282-940-casos-de-la-covid-19\\\/#article\",\"isPartOf\":{\"@id\":\"https:\\\/\\\/digital58.com.ve\\\/site\\\/2021\\\/07\\\/10\\\/venezuela-suma-llega-a-282-940-casos-de-la-covid-19\\\/\"},\"author\":{\"name\":\"Villasmil Henry\",\"@id\":\"https:\\\/\\\/digital58.com.ve\\\/site\\\/#\\\/schema\\\/person\\\/64d1c2e4d0d4fd1b849980c4331c2951\"},\"headline\":\"Venezuela llega a 282.940 casos de la COVID-19\",\"datePublished\":\"2021-07-10T15:13:28+00:00\",\"dateModified\":\"2021-07-10T15:39:59+00:00\",\"mainEntityOfPage\":{\"@id\":\"https:\\\/\\\/digital58.com.ve\\\/site\\\/2021\\\/07\\\/10\\\/venezuela-suma-llega-a-282-940-casos-de-la-covid-19\\\/\"},\"wordCount\":439,\"commentCount\":0,\"publisher\":{\"@id\":\"https:\\\/\\\/digital58.com.ve\\\/site\\\/#\\\/schema\\\/person\\\/64d1c2e4d0d4fd1b849980c4331c2951\"},\"image\":{\"@id\":\"https:\\\/\\\/digital58.com.ve\\\/site\\\/2021\\\/07\\\/10\\\/venezuela-suma-llega-a-282-940-casos-de-la-covid-19\\\/#primaryimage\"},\"thumbnailUrl\":\"https:\\\/\\\/digital58.com.ve\\\/site\\\/wp-content\\\/uploads\\\/2021\\\/04\\\/covid-19-26.04.21.jpg\",\"keywords\":[\"Caracas\",\"Coronavirus\",\"COVID-19\",\"Nacionales\",\"Pandemia\",\"Reporte Diario COVID-19\",\"SARS-CoV-2\"],\"articleSection\":[\"Venezuela\"],\"inLanguage\":\"es\",\"potentialAction\":[{\"@type\":\"CommentAction\",\"name\":\"Comment\",\"target\":[\"https:\\\/\\\/digital58.com.ve\\\/site\\\/2021\\\/07\\\/10\\\/venezuela-suma-llega-a-282-940-casos-de-la-covid-19\\\/#respond\"]}]},{\"@type\":\"WebPage\",\"@id\":\"https:\\\/\\\/digital58.com.ve\\\/site\\\/2021\\\/07\\\/10\\\/venezuela-suma-llega-a-282-940-casos-de-la-covid-19\\\/\",\"url\":\"https:\\\/\\\/digital58.com.ve\\\/site\\\/2021\\\/07\\\/10\\\/venezuela-suma-llega-a-282-940-casos-de-la-covid-19\\\/\",\"name\":\"Venezuela llega a 282.940 casos de la COVID-19\",\"isPartOf\":{\"@id\":\"https:\\\/\\\/digital58.com.ve\\\/site\\\/#website\"},\"primaryImageOfPage\":{\"@id\":\"https:\\\/\\\/digital58.com.ve\\\/site\\\/2021\\\/07\\\/10\\\/venezuela-suma-llega-a-282-940-casos-de-la-covid-19\\\/#primaryimage\"},\"image\":{\"@id\":\"https:\\\/\\\/digital58.com.ve\\\/site\\\/2021\\\/07\\\/10\\\/venezuela-suma-llega-a-282-940-casos-de-la-covid-19\\\/#primaryimage\"},\"thumbnailUrl\":\"https:\\\/\\\/digital58.com.ve\\\/site\\\/wp-content\\\/uploads\\\/2021\\\/04\\\/covid-19-26.04.21.jpg\",\"datePublished\":\"2021-07-10T15:13:28+00:00\",\"dateModified\":\"2021-07-10T15:39:59+00:00\",\"description\":\"Venezuela\",\"breadcrumb\":{\"@id\":\"https:\\\/\\\/digital58.com.ve\\\/site\\\/2021\\\/07\\\/10\\\/venezuela-suma-llega-a-282-940-casos-de-la-covid-19\\\/#breadcrumb\"},\"inLanguage\":\"es\",\"potentialAction\":[{\"@type\":\"ReadAction\",\"target\":[\"https:\\\/\\\/digital58.com.ve\\\/site\\\/2021\\\/07\\\/10\\\/venezuela-suma-llega-a-282-940-casos-de-la-covid-19\\\/\"]}]},{\"@type\":\"ImageObject\",\"inLanguage\":\"es\",\"@id\":\"https:\\\/\\\/digital58.com.ve\\\/site\\\/2021\\\/07\\\/10\\\/venezuela-suma-llega-a-282-940-casos-de-la-covid-19\\\/#primaryimage\",\"url\":\"https:\\\/\\\/digital58.com.ve\\\/site\\\/wp-content\\\/uploads\\\/2021\\\/04\\\/covid-19-26.04.21.jpg\",\"contentUrl\":\"https:\\\/\\\/digital58.com.ve\\\/site\\\/wp-content\\\/uploads\\\/2021\\\/04\\\/covid-19-26.04.21.jpg\",\"width\":900,\"height\":600},{\"@type\":\"BreadcrumbList\",\"@id\":\"https:\\\/\\\/digital58.com.ve\\\/site\\\/2021\\\/07\\\/10\\\/venezuela-suma-llega-a-282-940-casos-de-la-covid-19\\\/#breadcrumb\",\"itemListElement\":[{\"@type\":\"ListItem\",\"position\":1,\"name\":\"Home\",\"item\":\"https:\\\/\\\/digital58.com.ve\\\/site\\\/\"},{\"@type\":\"ListItem\",\"position\":2,\"name\":\"Venezuela llega a 282.940 casos de la COVID-19\"}]},{\"@type\":\"WebSite\",\"@id\":\"https:\\\/\\\/digital58.com.ve\\\/site\\\/#website\",\"url\":\"https:\\\/\\\/digital58.com.ve\\\/site\\\/\",\"name\":\"Noticias Digital58\",\"description\":\"Portal de Noticias \u00a1Periodismo web de verdad! Lanzamiento web 22.11.2005 \\\/ Maracaibo, Venezuela\",\"publisher\":{\"@id\":\"https:\\\/\\\/digital58.com.ve\\\/site\\\/#\\\/schema\\\/person\\\/64d1c2e4d0d4fd1b849980c4331c2951\"},\"alternateName\":\"ND58\",\"potentialAction\":[{\"@type\":\"SearchAction\",\"target\":{\"@type\":\"EntryPoint\",\"urlTemplate\":\"https:\\\/\\\/digital58.com.ve\\\/site\\\/?s={search_term_string}\"},\"query-input\":{\"@type\":\"PropertyValueSpecification\",\"valueRequired\":true,\"valueName\":\"search_term_string\"}}],\"inLanguage\":\"es\"},{\"@type\":[\"Person\",\"Organization\"],\"@id\":\"https:\\\/\\\/digital58.com.ve\\\/site\\\/#\\\/schema\\\/person\\\/64d1c2e4d0d4fd1b849980c4331c2951\",\"name\":\"Villasmil Henry\",\"image\":{\"@type\":\"ImageObject\",\"inLanguage\":\"es\",\"@id\":\"https:\\\/\\\/secure.gravatar.com\\\/avatar\\\/bb0c4a2fcb7970138239f7e404ea75757b1b507b28b5ce4c53fbd62d797c5a7c?s=96&d=mm&r=g\",\"url\":\"https:\\\/\\\/secure.gravatar.com\\\/avatar\\\/bb0c4a2fcb7970138239f7e404ea75757b1b507b28b5ce4c53fbd62d797c5a7c?s=96&d=mm&r=g\",\"contentUrl\":\"https:\\\/\\\/secure.gravatar.com\\\/avatar\\\/bb0c4a2fcb7970138239f7e404ea75757b1b507b28b5ce4c53fbd62d797c5a7c?s=96&d=mm&r=g\",\"caption\":\"Villasmil Henry\"},\"logo\":{\"@id\":\"https:\\\/\\\/secure.gravatar.com\\\/avatar\\\/bb0c4a2fcb7970138239f7e404ea75757b1b507b28b5ce4c53fbd62d797c5a7c?s=96&d=mm&r=g\"},\"sameAs\":[\"http:\\\/\\\/www.henryvillasmil.com.ve\",\"https:\\\/\\\/www.instagram.com\\\/villasmilhfoto\\\/\",\"https:\\\/\\\/x.com\\\/https:\\\/\\\/twitter.com\\\/villasmilhfoto\"],\"url\":\"https:\\\/\\\/digital58.com.ve\\\/site\\\/author\\\/droopy_68\\\/\"}]}<\/script>\n<!-- \/ Yoast SEO plugin. -->","yoast_head_json":{"title":"Venezuela llega a 282.940 casos de la COVID-19","description":"Venezuela","robots":{"index":"index","follow":"follow","max-snippet":"max-snippet:-1","max-image-preview":"max-image-preview:large","max-video-preview":"max-video-preview:-1"},"canonical":"https:\/\/digital58.com.ve\/site\/2021\/07\/10\/venezuela-suma-llega-a-282-940-casos-de-la-covid-19\/","og_locale":"es_ES","og_type":"article","og_title":"Venezuela llega a 282.940 casos de la COVID-19","og_description":"Venezuela","og_url":"https:\/\/digital58.com.ve\/site\/2021\/07\/10\/venezuela-suma-llega-a-282-940-casos-de-la-covid-19\/","og_site_name":"Noticias Digital58","article_published_time":"2021-07-10T15:13:28+00:00","article_modified_time":"2021-07-10T15:39:59+00:00","og_image":[{"width":900,"height":600,"url":"https:\/\/digital58.com.ve\/site\/wp-content\/uploads\/2021\/04\/covid-19-26.04.21.jpg","type":"image\/jpeg"}],"author":"Villasmil Henry","twitter_card":"summary_large_image","twitter_creator":"@https:\/\/twitter.com\/villasmilhfoto","twitter_site":"@villasmilhfoto","twitter_misc":{"Escrito por":"Villasmil Henry","Tiempo estimado de lectura":"3 minutos"},"schema":{"@context":"https:\/\/schema.org","@graph":[{"@type":"Article","@id":"https:\/\/digital58.com.ve\/site\/2021\/07\/10\/venezuela-suma-llega-a-282-940-casos-de-la-covid-19\/#article","isPartOf":{"@id":"https:\/\/digital58.com.ve\/site\/2021\/07\/10\/venezuela-suma-llega-a-282-940-casos-de-la-covid-19\/"},"author":{"name":"Villasmil Henry","@id":"https:\/\/digital58.com.ve\/site\/#\/schema\/person\/64d1c2e4d0d4fd1b849980c4331c2951"},"headline":"Venezuela llega a 282.940 casos de la COVID-19","datePublished":"2021-07-10T15:13:28+00:00","dateModified":"2021-07-10T15:39:59+00:00","mainEntityOfPage":{"@id":"https:\/\/digital58.com.ve\/site\/2021\/07\/10\/venezuela-suma-llega-a-282-940-casos-de-la-covid-19\/"},"wordCount":439,"commentCount":0,"publisher":{"@id":"https:\/\/digital58.com.ve\/site\/#\/schema\/person\/64d1c2e4d0d4fd1b849980c4331c2951"},"image":{"@id":"https:\/\/digital58.com.ve\/site\/2021\/07\/10\/venezuela-suma-llega-a-282-940-casos-de-la-covid-19\/#primaryimage"},"thumbnailUrl":"https:\/\/digital58.com.ve\/site\/wp-content\/uploads\/2021\/04\/covid-19-26.04.21.jpg","keywords":["Caracas","Coronavirus","COVID-19","Nacionales","Pandemia","Reporte Diario COVID-19","SARS-CoV-2"],"articleSection":["Venezuela"],"inLanguage":"es","potentialAction":[{"@type":"CommentAction","name":"Comment","target":["https:\/\/digital58.com.ve\/site\/2021\/07\/10\/venezuela-suma-llega-a-282-940-casos-de-la-covid-19\/#respond"]}]},{"@type":"WebPage","@id":"https:\/\/digital58.com.ve\/site\/2021\/07\/10\/venezuela-suma-llega-a-282-940-casos-de-la-covid-19\/","url":"https:\/\/digital58.com.ve\/site\/2021\/07\/10\/venezuela-suma-llega-a-282-940-casos-de-la-covid-19\/","name":"Venezuela llega a 282.940 casos de la COVID-19","isPartOf":{"@id":"https:\/\/digital58.com.ve\/site\/#website"},"primaryImageOfPage":{"@id":"https:\/\/digital58.com.ve\/site\/2021\/07\/10\/venezuela-suma-llega-a-282-940-casos-de-la-covid-19\/#primaryimage"},"image":{"@id":"https:\/\/digital58.com.ve\/site\/2021\/07\/10\/venezuela-suma-llega-a-282-940-casos-de-la-covid-19\/#primaryimage"},"thumbnailUrl":"https:\/\/digital58.com.ve\/site\/wp-content\/uploads\/2021\/04\/covid-19-26.04.21.jpg","datePublished":"2021-07-10T15:13:28+00:00","dateModified":"2021-07-10T15:39:59+00:00","description":"Venezuela","breadcrumb":{"@id":"https:\/\/digital58.com.ve\/site\/2021\/07\/10\/venezuela-suma-llega-a-282-940-casos-de-la-covid-19\/#breadcrumb"},"inLanguage":"es","potentialAction":[{"@type":"ReadAction","target":["https:\/\/digital58.com.ve\/site\/2021\/07\/10\/venezuela-suma-llega-a-282-940-casos-de-la-covid-19\/"]}]},{"@type":"ImageObject","inLanguage":"es","@id":"https:\/\/digital58.com.ve\/site\/2021\/07\/10\/venezuela-suma-llega-a-282-940-casos-de-la-covid-19\/#primaryimage","url":"https:\/\/digital58.com.ve\/site\/wp-content\/uploads\/2021\/04\/covid-19-26.04.21.jpg","contentUrl":"https:\/\/digital58.com.ve\/site\/wp-content\/uploads\/2021\/04\/covid-19-26.04.21.jpg","width":900,"height":600},{"@type":"BreadcrumbList","@id":"https:\/\/digital58.com.ve\/site\/2021\/07\/10\/venezuela-suma-llega-a-282-940-casos-de-la-covid-19\/#breadcrumb","itemListElement":[{"@type":"ListItem","position":1,"name":"Home","item":"https:\/\/digital58.com.ve\/site\/"},{"@type":"ListItem","position":2,"name":"Venezuela llega a 282.940 casos de la COVID-19"}]},{"@type":"WebSite","@id":"https:\/\/digital58.com.ve\/site\/#website","url":"https:\/\/digital58.com.ve\/site\/","name":"Noticias Digital58","description":"Portal de Noticias \u00a1Periodismo web de verdad! Lanzamiento web 22.11.2005 \/ Maracaibo, Venezuela","publisher":{"@id":"https:\/\/digital58.com.ve\/site\/#\/schema\/person\/64d1c2e4d0d4fd1b849980c4331c2951"},"alternateName":"ND58","potentialAction":[{"@type":"SearchAction","target":{"@type":"EntryPoint","urlTemplate":"https:\/\/digital58.com.ve\/site\/?s={search_term_string}"},"query-input":{"@type":"PropertyValueSpecification","valueRequired":true,"valueName":"search_term_string"}}],"inLanguage":"es"},{"@type":["Person","Organization"],"@id":"https:\/\/digital58.com.ve\/site\/#\/schema\/person\/64d1c2e4d0d4fd1b849980c4331c2951","name":"Villasmil Henry","image":{"@type":"ImageObject","inLanguage":"es","@id":"https:\/\/secure.gravatar.com\/avatar\/bb0c4a2fcb7970138239f7e404ea75757b1b507b28b5ce4c53fbd62d797c5a7c?s=96&d=mm&r=g","url":"https:\/\/secure.gravatar.com\/avatar\/bb0c4a2fcb7970138239f7e404ea75757b1b507b28b5ce4c53fbd62d797c5a7c?s=96&d=mm&r=g","contentUrl":"https:\/\/secure.gravatar.com\/avatar\/bb0c4a2fcb7970138239f7e404ea75757b1b507b28b5ce4c53fbd62d797c5a7c?s=96&d=mm&r=g","caption":"Villasmil Henry"},"logo":{"@id":"https:\/\/secure.gravatar.com\/avatar\/bb0c4a2fcb7970138239f7e404ea75757b1b507b28b5ce4c53fbd62d797c5a7c?s=96&d=mm&r=g"},"sameAs":["http:\/\/www.henryvillasmil.com.ve","https:\/\/www.instagram.com\/villasmilhfoto\/","https:\/\/x.com\/https:\/\/twitter.com\/villasmilhfoto"],"url":"https:\/\/digital58.com.ve\/site\/author\/droopy_68\/"}]}},"uagb_featured_image_src":{"full":["https:\/\/digital58.com.ve\/site\/wp-content\/uploads\/2021\/04\/covid-19-26.04.21.jpg",900,600,false],"thumbnail":["https:\/\/digital58.com.ve\/site\/wp-content\/uploads\/2021\/04\/covid-19-26.04.21-150x150.jpg",150,150,true],"medium":["https:\/\/digital58.com.ve\/site\/wp-content\/uploads\/2021\/04\/covid-19-26.04.21-300x200.jpg",300,200,true],"medium_large":["https:\/\/digital58.com.ve\/site\/wp-content\/uploads\/2021\/04\/covid-19-26.04.21-768x512.jpg",768,512,true],"large":["https:\/\/digital58.com.ve\/site\/wp-content\/uploads\/2021\/04\/covid-19-26.04.21.jpg",800,533,false],"1536x1536":["https:\/\/digital58.com.ve\/site\/wp-content\/uploads\/2021\/04\/covid-19-26.04.21.jpg",900,600,false],"2048x2048":["https:\/\/digital58.com.ve\/site\/wp-content\/uploads\/2021\/04\/covid-19-26.04.21.jpg",900,600,false],"colormag-highlighted-post":["https:\/\/digital58.com.ve\/site\/wp-content\/uploads\/2021\/04\/covid-19-26.04.21.jpg",392,261,false],"colormag-featured-post-medium":["https:\/\/digital58.com.ve\/site\/wp-content\/uploads\/2021\/04\/covid-19-26.04.21.jpg",308,205,false],"colormag-featured-post-small":["https:\/\/digital58.com.ve\/site\/wp-content\/uploads\/2021\/04\/covid-19-26.04.21.jpg",130,87,false],"colormag-featured-image":["https:\/\/digital58.com.ve\/site\/wp-content\/uploads\/2021\/04\/covid-19-26.04.21.jpg",668,445,false],"colormag-default-news":["https:\/\/digital58.com.ve\/site\/wp-content\/uploads\/2021\/04\/covid-19-26.04.21.jpg",150,100,false],"colormag-featured-image-large":["https:\/\/digital58.com.ve\/site\/wp-content\/uploads\/2021\/04\/covid-19-26.04.21.jpg",900,600,false]},"uagb_author_info":{"display_name":"Villasmil Henry","author_link":"https:\/\/digital58.com.ve\/site\/author\/droopy_68\/"},"uagb_comment_info":0,"uagb_excerpt":"El Gobierno venezolano denunci\u00f3 que debido a las sanciones comerciales y financieras de Estados Unidos contra el pa\u00eds, una parte","_links":{"self":[{"href":"https:\/\/digital58.com.ve\/site\/wp-json\/wp\/v2\/posts\/140949","targetHints":{"allow":["GET"]}}],"collection":[{"href":"https:\/\/digital58.com.ve\/site\/wp-json\/wp\/v2\/posts"}],"about":[{"href":"https:\/\/digital58.com.ve\/site\/wp-json\/wp\/v2\/types\/post"}],"author":[{"embeddable":true,"href":"https:\/\/digital58.com.ve\/site\/wp-json\/wp\/v2\/users\/1"}],"replies":[{"embeddable":true,"href":"https:\/\/digital58.com.ve\/site\/wp-json\/wp\/v2\/comments?post=140949"}],"version-history":[{"count":0,"href":"https:\/\/digital58.com.ve\/site\/wp-json\/wp\/v2\/posts\/140949\/revisions"}],"wp:featuredmedia":[{"embeddable":true,"href":"https:\/\/digital58.com.ve\/site\/wp-json\/wp\/v2\/media\/137725"}],"wp:attachment":[{"href":"https:\/\/digital58.com.ve\/site\/wp-json\/wp\/v2\/media?parent=140949"}],"wp:term":[{"taxonomy":"category","embeddable":true,"href":"https:\/\/digital58.com.ve\/site\/wp-json\/wp\/v2\/categories?post=140949"},{"taxonomy":"post_tag","embeddable":true,"href":"https:\/\/digital58.com.ve\/site\/wp-json\/wp\/v2\/tags?post=140949"}],"curies":[{"name":"wp","href":"https:\/\/api.w.org\/{rel}","templated":true}]}}