{"id":141042,"date":"2021-07-12T12:20:52","date_gmt":"2021-07-12T16:20:52","guid":{"rendered":"https:\/\/digital58.com.ve\/site\/?p=141042"},"modified":"2021-07-12T12:20:52","modified_gmt":"2021-07-12T16:20:52","slug":"los-abogados-de-saab-solicitan-su-libertad-a-la-justicia-de-cabo-verde","status":"publish","type":"post","link":"https:\/\/digital58.com.ve\/site\/2021\/07\/12\/los-abogados-de-saab-solicitan-su-libertad-a-la-justicia-de-cabo-verde\/","title":{"rendered":"Los abogados de Saab solicitan su libertad a la Justicia de Cabo Verde"},"content":{"rendered":"<p><a href=\"https:\/\/digital58.com.ve\/site\/wp-content\/uploads\/2020\/09\/Alex-Saab.jpg\"><img loading=\"lazy\" decoding=\"async\" class=\"aligncenter size-full wp-image-128383\" src=\"https:\/\/digital58.com.ve\/site\/wp-content\/uploads\/2020\/09\/Alex-Saab.jpg\" alt=\"\" width=\"800\" height=\"533\" srcset=\"https:\/\/digital58.com.ve\/site\/wp-content\/uploads\/2020\/09\/Alex-Saab.jpg 800w, https:\/\/digital58.com.ve\/site\/wp-content\/uploads\/2020\/09\/Alex-Saab-300x200.jpg 300w, https:\/\/digital58.com.ve\/site\/wp-content\/uploads\/2020\/09\/Alex-Saab-768x512.jpg 768w, https:\/\/digital58.com.ve\/site\/wp-content\/uploads\/2020\/09\/Alex-Saab-720x480.jpg 720w, https:\/\/digital58.com.ve\/site\/wp-content\/uploads\/2020\/09\/Alex-Saab-480x320.jpg 480w\" sizes=\"auto, (max-width: 800px) 100vw, 800px\" \/><\/a><\/p>\n<p>Los abogados del empresario colombiano \u00c1lex Saab, supuesto testaferro del presidente venezolano, Nicol\u00e1s Maduro, detenido en Cabo Verde y reclamado por EE.UU. por delitos de blanqueo de dinero, solicitaron a la Justicia de ese pa\u00eds africano que sea puesto en libertad, inform\u00f3 este lunes su equipo defensor.<\/p>\n<p><strong>Internacionales, 12 de julio de 2021 (ND58).-<\/strong> A trav\u00e9s de un comunicado, recuerdan que la Corte de Apelaciones de Barlavento \u00aba\u00fan no ha ordenado la liberaci\u00f3n\u00bb de Saab, \u00abdespu\u00e9s de que hayan expirado todos los plazos de prevenci\u00f3n y domiciliaci\u00f3n establecidos para cada fase del proceso, y de que haya expirado el tiempo del que dispon\u00eda el Tribunal Constitucional para pronunciarse sobre el recurso presentado por la defensa\u00bb.<\/p>\n<p>Explican que el vencimiento de estos plazos fue el 1 de julio y los abogados del empresario entregaron ese d\u00eda al tribunal una petici\u00f3n solicitando su liberaci\u00f3n inmediata.<\/p>\n<p>Sin embargo, el tribunal \u00abno cumpli\u00f3 con lo que las leyes caboverdianas determinan\u00bb y \u00abni siquiera respondi\u00f3 a la solicitud de los abogados, ignorando el plazo de cinco d\u00edas que ten\u00eda para hacerlo\u00bb.<\/p>\n<p>Por eso, presentaron una nueva solicitud el pasado viernes en la que recuerdan que \u00ablas medidas de coacci\u00f3n, incluida la obligaci\u00f3n de permanecer en casa y la prohibici\u00f3n de contactos con determinadas personas\u00bb aplicadas a Saab \u00abcesan autom\u00e1ticamente tras la expiraci\u00f3n del plazo m\u00e1ximo en el Tribunal Constitucional para la decisi\u00f3n\u00bb.<\/p>\n<p>\u00abHoy en d\u00eda, no hay ninguna raz\u00f3n para mantener la detenci\u00f3n del solicitante bajo arresto domiciliario, habi\u00e9ndose agotado todas las l\u00edneas de cada fase del procedimiento, as\u00ed como el plazo m\u00e1ximo para la duraci\u00f3n del proceso de extradici\u00f3n. De hecho, el solicitante ha estado detenido durante m\u00e1s de 12 meses sin ning\u00fan cambio objetivo en las condiciones de detenci\u00f3n\u00bb, se\u00f1alan los abogados.<\/p>\n<p>Tambi\u00e9n recuerdan que Saab \u00abest\u00e1 efectivamente privado de su libertad y no puede salir del lugar donde se encuentra bajo arresto domiciliario\u00bb y que \u00abes vigilado las 24 horas del d\u00eda por agentes de la Polic\u00eda Nacional y elementos de las fuerzas militares\u00bb.<\/p>\n<p>Por todo ello, solicitan al tribunal \u00abque ordene la puesta en libertad\u00bb de Saab, \u00abya que se han excedido todos los plazos m\u00e1ximos previstos por la ley\u00bb.<\/p>\n<p>El empresario colombiano fue detenido el 12 de junio del a\u00f1o pasado cuando su avi\u00f3n hizo escala para repostar en el Aeropuerto Internacional Amilcar Cabral de la isla de Sal (el m\u00e1s importante de Cabo Verde), en respuesta a una petici\u00f3n de Estados Unidos cursada a trav\u00e9s de Interpol por supuestos delitos de blanqueo de dinero.<\/p>\n<p>Tras su detenci\u00f3n, Venezuela se\u00f1al\u00f3 que Saab es un ciudadano venezolano y un \u00abagente\u00bb del Gobierno, que se encontraba \u00aben tr\u00e1nsito\u00bb en Cabo Verde para volver al pa\u00eds.<\/p>\n<p>El nombre de Saab apareci\u00f3 en los medios cuando la exfiscal venezolana Luisa Ortega D\u00edaz lo acus\u00f3 en 2017 de ser uno de los supuestos testaferros del presidente venezolano.<\/p>\n<p>Saab, nacido en la ciudad colombiana de Barranquilla y de origen liban\u00e9s, est\u00e1 relacionado con varias empresas, entre ellas Group Grand Limited (GGL), acusada de suministrar alimentos y v\u00edveres con sobreprecios a la Administraci\u00f3n de Maduro.<\/p>\n<p>Seg\u00fan un funcionario del Gobierno estadounidense, el empresario colombiano y tres hijastros de Maduro se lucraron de estas operaciones con \u00abcientos de millones de d\u00f3lares\u00bb.<\/p><div class=\"jgzwb69f2ba0a1a06c\" ><p style=\"text-align: center;\"><a href=\"https:\/\/t.me\/noticiasdigital58\" target=\"_blank\" rel=\"noopener\"><img class=\"aligncenter size-full wp-image-125363\" src=\"https:\/\/digital58.com.ve\/site\/wp-content\/uploads\/2021\/04\/banner-telegram-web-2021.png\" alt=\"\" width=\"600\" height=\"90\" \/><\/a><\/p><\/div><style type=\"text\/css\">\r\n@media screen and (min-width: 1201px) {\r\n.jgzwb69f2ba0a1a06c {\r\ndisplay: block;\r\n}\r\n}\r\n@media screen and (min-width: 993px) and (max-width: 1200px) {\r\n.jgzwb69f2ba0a1a06c {\r\ndisplay: block;\r\n}\r\n}\r\n@media screen and (min-width: 769px) and (max-width: 992px) {\r\n.jgzwb69f2ba0a1a06c {\r\ndisplay: block;\r\n}\r\n}\r\n@media screen and (min-width: 768px) and (max-width: 768px) {\r\n.jgzwb69f2ba0a1a06c {\r\ndisplay: block;\r\n}\r\n}\r\n@media screen and (max-width: 767px) {\r\n.jgzwb69f2ba0a1a06c {\r\ndisplay: block;\r\n}\r\n}\r\n<\/style>\r\n\n<p><strong>Redacci\u00f3n ND58 | Fuente: EFE<\/strong><br \/>\n<strong>Edici\u00f3n: Villasmil, Henry<\/strong><br \/>\n<strong>Gr\u00e1fica: Archivo<\/strong><\/p>\n<div style=\"margin-top: 0px; margin-bottom: 0px;\" class=\"sharethis-inline-share-buttons\" ><\/div>","protected":false},"excerpt":{"rendered":"<p>Los abogados del empresario colombiano \u00c1lex Saab, supuesto testaferro del presidente venezolano, Nicol\u00e1s Maduro, detenido en Cabo Verde y reclamado<\/p>\n","protected":false},"author":1,"featured_media":128383,"comment_status":"open","ping_status":"closed","sticky":false,"template":"","format":"standard","meta":{"colormag_page_container_layout":"default_layout","colormag_page_sidebar_layout":"default_layout","_uag_custom_page_level_css":"","footnotes":""},"categories":[16451],"tags":[1162,15997,15999,1304,13879,8,16632,14182,32],"class_list":["post-141042","post","type-post","status-publish","format-standard","has-post-thumbnail","hentry","category-mundo","tag-africa","tag-alex-saab","tag-cabo-verde","tag-estados-unidos","tag-extradicion","tag-internacionales","tag-interpol","tag-nicolas-maduro-moros","tag-venezuela"],"yoast_head":"<!-- This site is optimized with the Yoast SEO plugin v27.5 - https:\/\/yoast.com\/product\/yoast-seo-wordpress\/ -->\n<title>Los abogados de Saab solicitan su libertad a la Justicia de Cabo Verde<\/title>\n<meta name=\"description\" content=\"Mundo\" \/>\n<meta name=\"robots\" content=\"index, follow, max-snippet:-1, max-image-preview:large, max-video-preview:-1\" \/>\n<link rel=\"canonical\" href=\"https:\/\/digital58.com.ve\/site\/2021\/07\/12\/los-abogados-de-saab-solicitan-su-libertad-a-la-justicia-de-cabo-verde\/\" \/>\n<meta property=\"og:locale\" content=\"es_ES\" \/>\n<meta property=\"og:type\" content=\"article\" \/>\n<meta property=\"og:title\" content=\"Los abogados de Saab solicitan su libertad a la Justicia de Cabo Verde\" \/>\n<meta property=\"og:description\" content=\"Mundo\" \/>\n<meta property=\"og:url\" content=\"https:\/\/digital58.com.ve\/site\/2021\/07\/12\/los-abogados-de-saab-solicitan-su-libertad-a-la-justicia-de-cabo-verde\/\" \/>\n<meta property=\"og:site_name\" content=\"Noticias Digital58\" \/>\n<meta property=\"article:published_time\" content=\"2021-07-12T16:20:52+00:00\" \/>\n<meta property=\"og:image\" content=\"https:\/\/digital58.com.ve\/site\/wp-content\/uploads\/2020\/09\/Alex-Saab.jpg\" \/>\n\t<meta property=\"og:image:width\" content=\"800\" \/>\n\t<meta property=\"og:image:height\" content=\"533\" \/>\n\t<meta property=\"og:image:type\" content=\"image\/jpeg\" \/>\n<meta name=\"author\" content=\"Villasmil Henry\" \/>\n<meta name=\"twitter:card\" content=\"summary_large_image\" \/>\n<meta name=\"twitter:creator\" content=\"@https:\/\/twitter.com\/villasmilhfoto\" \/>\n<meta name=\"twitter:site\" content=\"@villasmilhfoto\" \/>\n<meta name=\"twitter:label1\" content=\"Escrito por\" \/>\n\t<meta name=\"twitter:data1\" content=\"Villasmil Henry\" \/>\n\t<meta name=\"twitter:label2\" content=\"Tiempo estimado de lectura\" \/>\n\t<meta name=\"twitter:data2\" content=\"3 minutos\" \/>\n<script type=\"application\/ld+json\" class=\"yoast-schema-graph\">{\"@context\":\"https:\\\/\\\/schema.org\",\"@graph\":[{\"@type\":\"Article\",\"@id\":\"https:\\\/\\\/digital58.com.ve\\\/site\\\/2021\\\/07\\\/12\\\/los-abogados-de-saab-solicitan-su-libertad-a-la-justicia-de-cabo-verde\\\/#article\",\"isPartOf\":{\"@id\":\"https:\\\/\\\/digital58.com.ve\\\/site\\\/2021\\\/07\\\/12\\\/los-abogados-de-saab-solicitan-su-libertad-a-la-justicia-de-cabo-verde\\\/\"},\"author\":{\"name\":\"Villasmil Henry\",\"@id\":\"https:\\\/\\\/digital58.com.ve\\\/site\\\/#\\\/schema\\\/person\\\/64d1c2e4d0d4fd1b849980c4331c2951\"},\"headline\":\"Los abogados de Saab solicitan su libertad a la Justicia de Cabo Verde\",\"datePublished\":\"2021-07-12T16:20:52+00:00\",\"mainEntityOfPage\":{\"@id\":\"https:\\\/\\\/digital58.com.ve\\\/site\\\/2021\\\/07\\\/12\\\/los-abogados-de-saab-solicitan-su-libertad-a-la-justicia-de-cabo-verde\\\/\"},\"wordCount\":605,\"commentCount\":0,\"publisher\":{\"@id\":\"https:\\\/\\\/digital58.com.ve\\\/site\\\/#\\\/schema\\\/person\\\/64d1c2e4d0d4fd1b849980c4331c2951\"},\"image\":{\"@id\":\"https:\\\/\\\/digital58.com.ve\\\/site\\\/2021\\\/07\\\/12\\\/los-abogados-de-saab-solicitan-su-libertad-a-la-justicia-de-cabo-verde\\\/#primaryimage\"},\"thumbnailUrl\":\"https:\\\/\\\/digital58.com.ve\\\/site\\\/wp-content\\\/uploads\\\/2020\\\/09\\\/Alex-Saab.jpg\",\"keywords\":[\"\u00c1frica\",\"Alex Saab\",\"Cabo Verde\",\"Estados Unidos\",\"Extradici\u00f3n\",\"Internacionales\",\"Interpol\",\"Nicol\u00e1s Maduro Moros\",\"Venezuela\"],\"articleSection\":[\"Mundo\"],\"inLanguage\":\"es\",\"potentialAction\":[{\"@type\":\"CommentAction\",\"name\":\"Comment\",\"target\":[\"https:\\\/\\\/digital58.com.ve\\\/site\\\/2021\\\/07\\\/12\\\/los-abogados-de-saab-solicitan-su-libertad-a-la-justicia-de-cabo-verde\\\/#respond\"]}]},{\"@type\":\"WebPage\",\"@id\":\"https:\\\/\\\/digital58.com.ve\\\/site\\\/2021\\\/07\\\/12\\\/los-abogados-de-saab-solicitan-su-libertad-a-la-justicia-de-cabo-verde\\\/\",\"url\":\"https:\\\/\\\/digital58.com.ve\\\/site\\\/2021\\\/07\\\/12\\\/los-abogados-de-saab-solicitan-su-libertad-a-la-justicia-de-cabo-verde\\\/\",\"name\":\"Los abogados de Saab solicitan su libertad a la Justicia de Cabo Verde\",\"isPartOf\":{\"@id\":\"https:\\\/\\\/digital58.com.ve\\\/site\\\/#website\"},\"primaryImageOfPage\":{\"@id\":\"https:\\\/\\\/digital58.com.ve\\\/site\\\/2021\\\/07\\\/12\\\/los-abogados-de-saab-solicitan-su-libertad-a-la-justicia-de-cabo-verde\\\/#primaryimage\"},\"image\":{\"@id\":\"https:\\\/\\\/digital58.com.ve\\\/site\\\/2021\\\/07\\\/12\\\/los-abogados-de-saab-solicitan-su-libertad-a-la-justicia-de-cabo-verde\\\/#primaryimage\"},\"thumbnailUrl\":\"https:\\\/\\\/digital58.com.ve\\\/site\\\/wp-content\\\/uploads\\\/2020\\\/09\\\/Alex-Saab.jpg\",\"datePublished\":\"2021-07-12T16:20:52+00:00\",\"description\":\"Mundo\",\"breadcrumb\":{\"@id\":\"https:\\\/\\\/digital58.com.ve\\\/site\\\/2021\\\/07\\\/12\\\/los-abogados-de-saab-solicitan-su-libertad-a-la-justicia-de-cabo-verde\\\/#breadcrumb\"},\"inLanguage\":\"es\",\"potentialAction\":[{\"@type\":\"ReadAction\",\"target\":[\"https:\\\/\\\/digital58.com.ve\\\/site\\\/2021\\\/07\\\/12\\\/los-abogados-de-saab-solicitan-su-libertad-a-la-justicia-de-cabo-verde\\\/\"]}]},{\"@type\":\"ImageObject\",\"inLanguage\":\"es\",\"@id\":\"https:\\\/\\\/digital58.com.ve\\\/site\\\/2021\\\/07\\\/12\\\/los-abogados-de-saab-solicitan-su-libertad-a-la-justicia-de-cabo-verde\\\/#primaryimage\",\"url\":\"https:\\\/\\\/digital58.com.ve\\\/site\\\/wp-content\\\/uploads\\\/2020\\\/09\\\/Alex-Saab.jpg\",\"contentUrl\":\"https:\\\/\\\/digital58.com.ve\\\/site\\\/wp-content\\\/uploads\\\/2020\\\/09\\\/Alex-Saab.jpg\",\"width\":800,\"height\":533},{\"@type\":\"BreadcrumbList\",\"@id\":\"https:\\\/\\\/digital58.com.ve\\\/site\\\/2021\\\/07\\\/12\\\/los-abogados-de-saab-solicitan-su-libertad-a-la-justicia-de-cabo-verde\\\/#breadcrumb\",\"itemListElement\":[{\"@type\":\"ListItem\",\"position\":1,\"name\":\"Home\",\"item\":\"https:\\\/\\\/digital58.com.ve\\\/site\\\/\"},{\"@type\":\"ListItem\",\"position\":2,\"name\":\"Los abogados de Saab solicitan su libertad a la Justicia de Cabo Verde\"}]},{\"@type\":\"WebSite\",\"@id\":\"https:\\\/\\\/digital58.com.ve\\\/site\\\/#website\",\"url\":\"https:\\\/\\\/digital58.com.ve\\\/site\\\/\",\"name\":\"Noticias Digital58\",\"description\":\"Portal de Noticias \u00a1Periodismo web de verdad! Lanzamiento web 22.11.2005 \\\/ Maracaibo, Venezuela\",\"publisher\":{\"@id\":\"https:\\\/\\\/digital58.com.ve\\\/site\\\/#\\\/schema\\\/person\\\/64d1c2e4d0d4fd1b849980c4331c2951\"},\"alternateName\":\"ND58\",\"potentialAction\":[{\"@type\":\"SearchAction\",\"target\":{\"@type\":\"EntryPoint\",\"urlTemplate\":\"https:\\\/\\\/digital58.com.ve\\\/site\\\/?s={search_term_string}\"},\"query-input\":{\"@type\":\"PropertyValueSpecification\",\"valueRequired\":true,\"valueName\":\"search_term_string\"}}],\"inLanguage\":\"es\"},{\"@type\":[\"Person\",\"Organization\"],\"@id\":\"https:\\\/\\\/digital58.com.ve\\\/site\\\/#\\\/schema\\\/person\\\/64d1c2e4d0d4fd1b849980c4331c2951\",\"name\":\"Villasmil Henry\",\"image\":{\"@type\":\"ImageObject\",\"inLanguage\":\"es\",\"@id\":\"https:\\\/\\\/secure.gravatar.com\\\/avatar\\\/bb0c4a2fcb7970138239f7e404ea75757b1b507b28b5ce4c53fbd62d797c5a7c?s=96&d=mm&r=g\",\"url\":\"https:\\\/\\\/secure.gravatar.com\\\/avatar\\\/bb0c4a2fcb7970138239f7e404ea75757b1b507b28b5ce4c53fbd62d797c5a7c?s=96&d=mm&r=g\",\"contentUrl\":\"https:\\\/\\\/secure.gravatar.com\\\/avatar\\\/bb0c4a2fcb7970138239f7e404ea75757b1b507b28b5ce4c53fbd62d797c5a7c?s=96&d=mm&r=g\",\"caption\":\"Villasmil Henry\"},\"logo\":{\"@id\":\"https:\\\/\\\/secure.gravatar.com\\\/avatar\\\/bb0c4a2fcb7970138239f7e404ea75757b1b507b28b5ce4c53fbd62d797c5a7c?s=96&d=mm&r=g\"},\"sameAs\":[\"http:\\\/\\\/www.henryvillasmil.com.ve\",\"https:\\\/\\\/www.instagram.com\\\/villasmilhfoto\\\/\",\"https:\\\/\\\/x.com\\\/https:\\\/\\\/twitter.com\\\/villasmilhfoto\"],\"url\":\"https:\\\/\\\/digital58.com.ve\\\/site\\\/author\\\/droopy_68\\\/\"}]}<\/script>\n<!-- \/ Yoast SEO plugin. -->","yoast_head_json":{"title":"Los abogados de Saab solicitan su libertad a la Justicia de Cabo Verde","description":"Mundo","robots":{"index":"index","follow":"follow","max-snippet":"max-snippet:-1","max-image-preview":"max-image-preview:large","max-video-preview":"max-video-preview:-1"},"canonical":"https:\/\/digital58.com.ve\/site\/2021\/07\/12\/los-abogados-de-saab-solicitan-su-libertad-a-la-justicia-de-cabo-verde\/","og_locale":"es_ES","og_type":"article","og_title":"Los abogados de Saab solicitan su libertad a la Justicia de Cabo Verde","og_description":"Mundo","og_url":"https:\/\/digital58.com.ve\/site\/2021\/07\/12\/los-abogados-de-saab-solicitan-su-libertad-a-la-justicia-de-cabo-verde\/","og_site_name":"Noticias Digital58","article_published_time":"2021-07-12T16:20:52+00:00","og_image":[{"width":800,"height":533,"url":"https:\/\/digital58.com.ve\/site\/wp-content\/uploads\/2020\/09\/Alex-Saab.jpg","type":"image\/jpeg"}],"author":"Villasmil Henry","twitter_card":"summary_large_image","twitter_creator":"@https:\/\/twitter.com\/villasmilhfoto","twitter_site":"@villasmilhfoto","twitter_misc":{"Escrito por":"Villasmil Henry","Tiempo estimado de lectura":"3 minutos"},"schema":{"@context":"https:\/\/schema.org","@graph":[{"@type":"Article","@id":"https:\/\/digital58.com.ve\/site\/2021\/07\/12\/los-abogados-de-saab-solicitan-su-libertad-a-la-justicia-de-cabo-verde\/#article","isPartOf":{"@id":"https:\/\/digital58.com.ve\/site\/2021\/07\/12\/los-abogados-de-saab-solicitan-su-libertad-a-la-justicia-de-cabo-verde\/"},"author":{"name":"Villasmil Henry","@id":"https:\/\/digital58.com.ve\/site\/#\/schema\/person\/64d1c2e4d0d4fd1b849980c4331c2951"},"headline":"Los abogados de Saab solicitan su libertad a la Justicia de Cabo Verde","datePublished":"2021-07-12T16:20:52+00:00","mainEntityOfPage":{"@id":"https:\/\/digital58.com.ve\/site\/2021\/07\/12\/los-abogados-de-saab-solicitan-su-libertad-a-la-justicia-de-cabo-verde\/"},"wordCount":605,"commentCount":0,"publisher":{"@id":"https:\/\/digital58.com.ve\/site\/#\/schema\/person\/64d1c2e4d0d4fd1b849980c4331c2951"},"image":{"@id":"https:\/\/digital58.com.ve\/site\/2021\/07\/12\/los-abogados-de-saab-solicitan-su-libertad-a-la-justicia-de-cabo-verde\/#primaryimage"},"thumbnailUrl":"https:\/\/digital58.com.ve\/site\/wp-content\/uploads\/2020\/09\/Alex-Saab.jpg","keywords":["\u00c1frica","Alex Saab","Cabo Verde","Estados Unidos","Extradici\u00f3n","Internacionales","Interpol","Nicol\u00e1s Maduro Moros","Venezuela"],"articleSection":["Mundo"],"inLanguage":"es","potentialAction":[{"@type":"CommentAction","name":"Comment","target":["https:\/\/digital58.com.ve\/site\/2021\/07\/12\/los-abogados-de-saab-solicitan-su-libertad-a-la-justicia-de-cabo-verde\/#respond"]}]},{"@type":"WebPage","@id":"https:\/\/digital58.com.ve\/site\/2021\/07\/12\/los-abogados-de-saab-solicitan-su-libertad-a-la-justicia-de-cabo-verde\/","url":"https:\/\/digital58.com.ve\/site\/2021\/07\/12\/los-abogados-de-saab-solicitan-su-libertad-a-la-justicia-de-cabo-verde\/","name":"Los abogados de Saab solicitan su libertad a la Justicia de Cabo Verde","isPartOf":{"@id":"https:\/\/digital58.com.ve\/site\/#website"},"primaryImageOfPage":{"@id":"https:\/\/digital58.com.ve\/site\/2021\/07\/12\/los-abogados-de-saab-solicitan-su-libertad-a-la-justicia-de-cabo-verde\/#primaryimage"},"image":{"@id":"https:\/\/digital58.com.ve\/site\/2021\/07\/12\/los-abogados-de-saab-solicitan-su-libertad-a-la-justicia-de-cabo-verde\/#primaryimage"},"thumbnailUrl":"https:\/\/digital58.com.ve\/site\/wp-content\/uploads\/2020\/09\/Alex-Saab.jpg","datePublished":"2021-07-12T16:20:52+00:00","description":"Mundo","breadcrumb":{"@id":"https:\/\/digital58.com.ve\/site\/2021\/07\/12\/los-abogados-de-saab-solicitan-su-libertad-a-la-justicia-de-cabo-verde\/#breadcrumb"},"inLanguage":"es","potentialAction":[{"@type":"ReadAction","target":["https:\/\/digital58.com.ve\/site\/2021\/07\/12\/los-abogados-de-saab-solicitan-su-libertad-a-la-justicia-de-cabo-verde\/"]}]},{"@type":"ImageObject","inLanguage":"es","@id":"https:\/\/digital58.com.ve\/site\/2021\/07\/12\/los-abogados-de-saab-solicitan-su-libertad-a-la-justicia-de-cabo-verde\/#primaryimage","url":"https:\/\/digital58.com.ve\/site\/wp-content\/uploads\/2020\/09\/Alex-Saab.jpg","contentUrl":"https:\/\/digital58.com.ve\/site\/wp-content\/uploads\/2020\/09\/Alex-Saab.jpg","width":800,"height":533},{"@type":"BreadcrumbList","@id":"https:\/\/digital58.com.ve\/site\/2021\/07\/12\/los-abogados-de-saab-solicitan-su-libertad-a-la-justicia-de-cabo-verde\/#breadcrumb","itemListElement":[{"@type":"ListItem","position":1,"name":"Home","item":"https:\/\/digital58.com.ve\/site\/"},{"@type":"ListItem","position":2,"name":"Los abogados de Saab solicitan su libertad a la Justicia de Cabo Verde"}]},{"@type":"WebSite","@id":"https:\/\/digital58.com.ve\/site\/#website","url":"https:\/\/digital58.com.ve\/site\/","name":"Noticias Digital58","description":"Portal de Noticias \u00a1Periodismo web de verdad! Lanzamiento web 22.11.2005 \/ Maracaibo, Venezuela","publisher":{"@id":"https:\/\/digital58.com.ve\/site\/#\/schema\/person\/64d1c2e4d0d4fd1b849980c4331c2951"},"alternateName":"ND58","potentialAction":[{"@type":"SearchAction","target":{"@type":"EntryPoint","urlTemplate":"https:\/\/digital58.com.ve\/site\/?s={search_term_string}"},"query-input":{"@type":"PropertyValueSpecification","valueRequired":true,"valueName":"search_term_string"}}],"inLanguage":"es"},{"@type":["Person","Organization"],"@id":"https:\/\/digital58.com.ve\/site\/#\/schema\/person\/64d1c2e4d0d4fd1b849980c4331c2951","name":"Villasmil Henry","image":{"@type":"ImageObject","inLanguage":"es","@id":"https:\/\/secure.gravatar.com\/avatar\/bb0c4a2fcb7970138239f7e404ea75757b1b507b28b5ce4c53fbd62d797c5a7c?s=96&d=mm&r=g","url":"https:\/\/secure.gravatar.com\/avatar\/bb0c4a2fcb7970138239f7e404ea75757b1b507b28b5ce4c53fbd62d797c5a7c?s=96&d=mm&r=g","contentUrl":"https:\/\/secure.gravatar.com\/avatar\/bb0c4a2fcb7970138239f7e404ea75757b1b507b28b5ce4c53fbd62d797c5a7c?s=96&d=mm&r=g","caption":"Villasmil Henry"},"logo":{"@id":"https:\/\/secure.gravatar.com\/avatar\/bb0c4a2fcb7970138239f7e404ea75757b1b507b28b5ce4c53fbd62d797c5a7c?s=96&d=mm&r=g"},"sameAs":["http:\/\/www.henryvillasmil.com.ve","https:\/\/www.instagram.com\/villasmilhfoto\/","https:\/\/x.com\/https:\/\/twitter.com\/villasmilhfoto"],"url":"https:\/\/digital58.com.ve\/site\/author\/droopy_68\/"}]}},"uagb_featured_image_src":{"full":["https:\/\/digital58.com.ve\/site\/wp-content\/uploads\/2020\/09\/Alex-Saab.jpg",800,533,false],"thumbnail":["https:\/\/digital58.com.ve\/site\/wp-content\/uploads\/2020\/09\/Alex-Saab-150x150.jpg",150,150,true],"medium":["https:\/\/digital58.com.ve\/site\/wp-content\/uploads\/2020\/09\/Alex-Saab-300x200.jpg",300,200,true],"medium_large":["https:\/\/digital58.com.ve\/site\/wp-content\/uploads\/2020\/09\/Alex-Saab-768x512.jpg",768,512,true],"large":["https:\/\/digital58.com.ve\/site\/wp-content\/uploads\/2020\/09\/Alex-Saab.jpg",800,533,false],"1536x1536":["https:\/\/digital58.com.ve\/site\/wp-content\/uploads\/2020\/09\/Alex-Saab.jpg",800,533,false],"2048x2048":["https:\/\/digital58.com.ve\/site\/wp-content\/uploads\/2020\/09\/Alex-Saab.jpg",800,533,false],"colormag-highlighted-post":["https:\/\/digital58.com.ve\/site\/wp-content\/uploads\/2020\/09\/Alex-Saab.jpg",392,261,false],"colormag-featured-post-medium":["https:\/\/digital58.com.ve\/site\/wp-content\/uploads\/2020\/09\/Alex-Saab.jpg",308,205,false],"colormag-featured-post-small":["https:\/\/digital58.com.ve\/site\/wp-content\/uploads\/2020\/09\/Alex-Saab.jpg",130,87,false],"colormag-featured-image":["https:\/\/digital58.com.ve\/site\/wp-content\/uploads\/2020\/09\/Alex-Saab.jpg",668,445,false],"colormag-default-news":["https:\/\/digital58.com.ve\/site\/wp-content\/uploads\/2020\/09\/Alex-Saab.jpg",150,100,false],"colormag-featured-image-large":["https:\/\/digital58.com.ve\/site\/wp-content\/uploads\/2020\/09\/Alex-Saab.jpg",800,533,false]},"uagb_author_info":{"display_name":"Villasmil Henry","author_link":"https:\/\/digital58.com.ve\/site\/author\/droopy_68\/"},"uagb_comment_info":0,"uagb_excerpt":"Los abogados del empresario colombiano \u00c1lex Saab, supuesto testaferro del presidente venezolano, Nicol\u00e1s Maduro, detenido en Cabo Verde y reclamado","_links":{"self":[{"href":"https:\/\/digital58.com.ve\/site\/wp-json\/wp\/v2\/posts\/141042","targetHints":{"allow":["GET"]}}],"collection":[{"href":"https:\/\/digital58.com.ve\/site\/wp-json\/wp\/v2\/posts"}],"about":[{"href":"https:\/\/digital58.com.ve\/site\/wp-json\/wp\/v2\/types\/post"}],"author":[{"embeddable":true,"href":"https:\/\/digital58.com.ve\/site\/wp-json\/wp\/v2\/users\/1"}],"replies":[{"embeddable":true,"href":"https:\/\/digital58.com.ve\/site\/wp-json\/wp\/v2\/comments?post=141042"}],"version-history":[{"count":0,"href":"https:\/\/digital58.com.ve\/site\/wp-json\/wp\/v2\/posts\/141042\/revisions"}],"wp:featuredmedia":[{"embeddable":true,"href":"https:\/\/digital58.com.ve\/site\/wp-json\/wp\/v2\/media\/128383"}],"wp:attachment":[{"href":"https:\/\/digital58.com.ve\/site\/wp-json\/wp\/v2\/media?parent=141042"}],"wp:term":[{"taxonomy":"category","embeddable":true,"href":"https:\/\/digital58.com.ve\/site\/wp-json\/wp\/v2\/categories?post=141042"},{"taxonomy":"post_tag","embeddable":true,"href":"https:\/\/digital58.com.ve\/site\/wp-json\/wp\/v2\/tags?post=141042"}],"curies":[{"name":"wp","href":"https:\/\/api.w.org\/{rel}","templated":true}]}}