{"id":141084,"date":"2021-07-12T20:07:25","date_gmt":"2021-07-13T00:07:25","guid":{"rendered":"https:\/\/digital58.com.ve\/site\/?p=141084"},"modified":"2021-07-12T20:07:25","modified_gmt":"2021-07-13T00:07:25","slug":"fiscalia-venezolana-acusa-a-exdiputado-preso-de-vinculos-con-paramilitares","status":"publish","type":"post","link":"https:\/\/digital58.com.ve\/site\/2021\/07\/12\/fiscalia-venezolana-acusa-a-exdiputado-preso-de-vinculos-con-paramilitares\/","title":{"rendered":"Fiscal\u00eda venezolana acusa a exdiputado preso de v\u00ednculos con paramilitares"},"content":{"rendered":"<p><a href=\"https:\/\/digital58.com.ve\/site\/wp-content\/uploads\/2020\/07\/Tatuajes-de-tarek-william-saab-03.jpg\"><img loading=\"lazy\" decoding=\"async\" class=\"aligncenter size-full wp-image-115579\" src=\"https:\/\/digital58.com.ve\/site\/wp-content\/uploads\/2020\/07\/Tatuajes-de-tarek-william-saab-03.jpg\" alt=\"\" width=\"800\" height=\"450\" srcset=\"https:\/\/digital58.com.ve\/site\/wp-content\/uploads\/2020\/07\/Tatuajes-de-tarek-william-saab-03.jpg 800w, https:\/\/digital58.com.ve\/site\/wp-content\/uploads\/2020\/07\/Tatuajes-de-tarek-william-saab-03-300x169.jpg 300w, https:\/\/digital58.com.ve\/site\/wp-content\/uploads\/2020\/07\/Tatuajes-de-tarek-william-saab-03-768x432.jpg 768w\" sizes=\"auto, (max-width: 800px) 100vw, 800px\" \/><\/a><\/p>\n<p>La Fiscal\u00eda tambi\u00e9n asegur\u00f3 que, junto a todas las instituciones del pa\u00eds, \u00abreitera su compromiso con la justicia en defensa de la paz y la tranquilidad de toda la poblaci\u00f3n ante los ataques violentos que buscan desestabilizar y generar zozobra\u00bb.<\/p>\n<p><strong>Caracas, DC, Venezuela, 12 de julio de 2021 (ND58).-<\/strong> El fiscal general de Venezuela, Tarek William Saab, afirm\u00f3 este lunes que el exdiputado Freddy Guevara, detenido horas antes en Caracas, tiene v\u00ednculos \u00abcon grupos extremistas y paramilitares asociados al Gobierno colombiano\u00bb, por lo que le acus\u00f3 de los delitos de terrorismo y \u00abtraici\u00f3n a la patria\u00bb.<\/p>\n<p>\u00abEste lunes (&#8230;) el Ministerio P\u00fablico ha solicitado orden de aprehensi\u00f3n contra Freddy Guevara, quien fue detenido por el Sebin (Servicio de Inteligencia) debido a su vinculaci\u00f3n con grupos extremistas y paramilitares asociados al Gobierno colombiano\u00bb, reza un breve mensaje firmado por Saab y publicado en su Twitter.<\/p>\n<p>A Guevara, prosigue el escueto comunicado, \u00abque ha tenido una p\u00fablica trayectoria en la participaci\u00f3n de hechos de violencia en el pasado, le ser\u00e1n imputados los delitos de terrorismo, atentado contra el orden constitucional, concierto para delinquir y traici\u00f3n a la patria\u00bb.<\/p>\n<p>Sobre Guevara, que transmiti\u00f3 en vivo en sus redes sociales los momentos previos al arresto, habl\u00f3 la vicepresidenta Ejecutiva, Delcy Rodr\u00edguez, quien le mencion\u00f3 durante el balance que ofreci\u00f3 acerca de los tiroteos que se vivieron en parte del occidente de Caracas la semana pasada, especialmente alrededor de Cota 905.<\/p>\n<p>Rodr\u00edguez se refiri\u00f3 a un tuit que Guevara public\u00f3 durante los enfrentamientos entre bandas criminales y polic\u00edas que paralizaron parte de la vida en el oeste de la capital entre el mi\u00e9rcoles y el viernes.<\/p>\n<p>\u00ab\u00bfQu\u00e9 tiene que ver el Acuerdo de Salvaci\u00f3n Nacional con este mega drama que se vive en Caracas con las bandas armadas, Apure y el Arco Minero? Todo: solo con un acuerdo pol\u00edtico avalado por la comunidad internacional el Estado podr\u00e1 recuperar el control territorial del pa\u00eds\u00bb, public\u00f3 el exlegislador.<\/p>\n<p>El domingo, durante su discurso, el presidente Nicol\u00e1s Maduro se refiri\u00f3 a los enfrentamientos en los que fallecieron tres agentes de la Polic\u00eda Nacional Bolivariana (PNB) y uno de la Guardia Nacional Bolivariana (GNB, polic\u00eda militarizada).<\/p>\n<p>\u00abSe conocer\u00e1n, en las pr\u00f3ximas horas, m\u00e1s elementos y m\u00e1s pruebas de la articulaci\u00f3n de la ultraderecha golpista con este plan de violencia desatada, de terrorismo desatado para tratar de generar lo que ellos dec\u00edan \u00abuna insurrecci\u00f3n popular armada desde los barrios de Caracas\u00bb\u00bb, prometi\u00f3 el gobernante.<\/p>\n<p>Al respecto, subray\u00f3 que buscaban generar \u00abuna guerra civil entre venezolanos\u00bb.<\/p><div class=\"ytyfq69f2b140ccd0f\" ><p style=\"text-align: center;\"><a href=\"https:\/\/t.me\/noticiasdigital58\" target=\"_blank\" rel=\"noopener\"><img class=\"aligncenter size-full wp-image-125363\" src=\"https:\/\/digital58.com.ve\/site\/wp-content\/uploads\/2021\/04\/banner-telegram-web-2021.png\" alt=\"\" width=\"600\" height=\"90\" \/><\/a><\/p><\/div><style type=\"text\/css\">\r\n@media screen and (min-width: 1201px) {\r\n.ytyfq69f2b140ccd0f {\r\ndisplay: block;\r\n}\r\n}\r\n@media screen and (min-width: 993px) and (max-width: 1200px) {\r\n.ytyfq69f2b140ccd0f {\r\ndisplay: block;\r\n}\r\n}\r\n@media screen and (min-width: 769px) and (max-width: 992px) {\r\n.ytyfq69f2b140ccd0f {\r\ndisplay: block;\r\n}\r\n}\r\n@media screen and (min-width: 768px) and (max-width: 768px) {\r\n.ytyfq69f2b140ccd0f {\r\ndisplay: block;\r\n}\r\n}\r\n@media screen and (max-width: 767px) {\r\n.ytyfq69f2b140ccd0f {\r\ndisplay: block;\r\n}\r\n}\r\n<\/style>\r\n\n<p><strong>Redacci\u00f3n ND58 | Fuente: EFE<\/strong><br \/>\n<strong>Edici\u00f3n: Villasmil, Henry<\/strong><br \/>\n<strong>Gr\u00e1fica: Archivo<\/strong><\/p>\n<div style=\"margin-top: 0px; margin-bottom: 0px;\" class=\"sharethis-inline-share-buttons\" ><\/div>","protected":false},"excerpt":{"rendered":"<p>La Fiscal\u00eda tambi\u00e9n asegur\u00f3 que, junto a todas las instituciones del pa\u00eds, \u00abreitera su compromiso con la justicia en defensa<\/p>\n","protected":false},"author":1,"featured_media":115579,"comment_status":"open","ping_status":"closed","sticky":false,"template":"","format":"standard","meta":{"colormag_page_container_layout":"default_layout","colormag_page_sidebar_layout":"default_layout","_uag_custom_page_level_css":"","footnotes":""},"categories":[16454],"tags":[18054,13809,24934,24952,10621,24953,233,13915,13963],"class_list":["post-141084","post","type-post","status-publish","format-standard","has-post-thumbnail","hentry","category-venezuela","tag-delitos","tag-detenciones","tag-exdiputado-opositor","tag-fiscalia-venezolana","tag-freddy-guevara","tag-grupos-extremistas-y-paramilitares","tag-nacionales","tag-tarek-william-saab","tag-terrorismo"],"yoast_head":"<!-- This site is optimized with the Yoast SEO plugin v27.5 - https:\/\/yoast.com\/product\/yoast-seo-wordpress\/ -->\n<title>Fiscal\u00eda venezolana acusa a exdiputado preso de v\u00ednculos con paramilitares<\/title>\n<meta name=\"description\" content=\"Venezuela\" \/>\n<meta name=\"robots\" content=\"index, follow, max-snippet:-1, max-image-preview:large, max-video-preview:-1\" \/>\n<link rel=\"canonical\" href=\"https:\/\/digital58.com.ve\/site\/2021\/07\/12\/fiscalia-venezolana-acusa-a-exdiputado-preso-de-vinculos-con-paramilitares\/\" \/>\n<meta property=\"og:locale\" content=\"es_ES\" \/>\n<meta property=\"og:type\" content=\"article\" \/>\n<meta property=\"og:title\" content=\"Fiscal\u00eda venezolana acusa a exdiputado preso de v\u00ednculos con paramilitares\" \/>\n<meta property=\"og:description\" content=\"Venezuela\" \/>\n<meta property=\"og:url\" content=\"https:\/\/digital58.com.ve\/site\/2021\/07\/12\/fiscalia-venezolana-acusa-a-exdiputado-preso-de-vinculos-con-paramilitares\/\" \/>\n<meta property=\"og:site_name\" content=\"Noticias Digital58\" \/>\n<meta property=\"article:published_time\" content=\"2021-07-13T00:07:25+00:00\" \/>\n<meta property=\"og:image\" content=\"https:\/\/digital58.com.ve\/site\/wp-content\/uploads\/2020\/07\/Tatuajes-de-tarek-william-saab-03.jpg\" \/>\n\t<meta property=\"og:image:width\" content=\"800\" \/>\n\t<meta property=\"og:image:height\" content=\"450\" \/>\n\t<meta property=\"og:image:type\" content=\"image\/jpeg\" \/>\n<meta name=\"author\" content=\"Villasmil Henry\" \/>\n<meta name=\"twitter:card\" content=\"summary_large_image\" \/>\n<meta name=\"twitter:creator\" content=\"@https:\/\/twitter.com\/villasmilhfoto\" \/>\n<meta name=\"twitter:site\" content=\"@villasmilhfoto\" \/>\n<meta name=\"twitter:label1\" content=\"Escrito por\" \/>\n\t<meta name=\"twitter:data1\" content=\"Villasmil Henry\" \/>\n\t<meta name=\"twitter:label2\" content=\"Tiempo estimado de lectura\" \/>\n\t<meta name=\"twitter:data2\" content=\"3 minutos\" \/>\n<script type=\"application\/ld+json\" class=\"yoast-schema-graph\">{\"@context\":\"https:\\\/\\\/schema.org\",\"@graph\":[{\"@type\":\"Article\",\"@id\":\"https:\\\/\\\/digital58.com.ve\\\/site\\\/2021\\\/07\\\/12\\\/fiscalia-venezolana-acusa-a-exdiputado-preso-de-vinculos-con-paramilitares\\\/#article\",\"isPartOf\":{\"@id\":\"https:\\\/\\\/digital58.com.ve\\\/site\\\/2021\\\/07\\\/12\\\/fiscalia-venezolana-acusa-a-exdiputado-preso-de-vinculos-con-paramilitares\\\/\"},\"author\":{\"name\":\"Villasmil Henry\",\"@id\":\"https:\\\/\\\/digital58.com.ve\\\/site\\\/#\\\/schema\\\/person\\\/64d1c2e4d0d4fd1b849980c4331c2951\"},\"headline\":\"Fiscal\u00eda venezolana acusa a exdiputado preso de v\u00ednculos con paramilitares\",\"datePublished\":\"2021-07-13T00:07:25+00:00\",\"mainEntityOfPage\":{\"@id\":\"https:\\\/\\\/digital58.com.ve\\\/site\\\/2021\\\/07\\\/12\\\/fiscalia-venezolana-acusa-a-exdiputado-preso-de-vinculos-con-paramilitares\\\/\"},\"wordCount\":466,\"commentCount\":0,\"publisher\":{\"@id\":\"https:\\\/\\\/digital58.com.ve\\\/site\\\/#\\\/schema\\\/person\\\/64d1c2e4d0d4fd1b849980c4331c2951\"},\"image\":{\"@id\":\"https:\\\/\\\/digital58.com.ve\\\/site\\\/2021\\\/07\\\/12\\\/fiscalia-venezolana-acusa-a-exdiputado-preso-de-vinculos-con-paramilitares\\\/#primaryimage\"},\"thumbnailUrl\":\"https:\\\/\\\/digital58.com.ve\\\/site\\\/wp-content\\\/uploads\\\/2020\\\/07\\\/Tatuajes-de-tarek-william-saab-03.jpg\",\"keywords\":[\"Delitos\",\"Detenciones\",\"Exdiputado opositor\",\"Fiscal\u00eda venezolana\",\"Freddy Guevara\",\"Grupos extremistas y paramilitares\",\"Nacionales\",\"Tarek William Saab\",\"Terrorismo\"],\"articleSection\":[\"Venezuela\"],\"inLanguage\":\"es\",\"potentialAction\":[{\"@type\":\"CommentAction\",\"name\":\"Comment\",\"target\":[\"https:\\\/\\\/digital58.com.ve\\\/site\\\/2021\\\/07\\\/12\\\/fiscalia-venezolana-acusa-a-exdiputado-preso-de-vinculos-con-paramilitares\\\/#respond\"]}]},{\"@type\":\"WebPage\",\"@id\":\"https:\\\/\\\/digital58.com.ve\\\/site\\\/2021\\\/07\\\/12\\\/fiscalia-venezolana-acusa-a-exdiputado-preso-de-vinculos-con-paramilitares\\\/\",\"url\":\"https:\\\/\\\/digital58.com.ve\\\/site\\\/2021\\\/07\\\/12\\\/fiscalia-venezolana-acusa-a-exdiputado-preso-de-vinculos-con-paramilitares\\\/\",\"name\":\"Fiscal\u00eda venezolana acusa a exdiputado preso de v\u00ednculos con paramilitares\",\"isPartOf\":{\"@id\":\"https:\\\/\\\/digital58.com.ve\\\/site\\\/#website\"},\"primaryImageOfPage\":{\"@id\":\"https:\\\/\\\/digital58.com.ve\\\/site\\\/2021\\\/07\\\/12\\\/fiscalia-venezolana-acusa-a-exdiputado-preso-de-vinculos-con-paramilitares\\\/#primaryimage\"},\"image\":{\"@id\":\"https:\\\/\\\/digital58.com.ve\\\/site\\\/2021\\\/07\\\/12\\\/fiscalia-venezolana-acusa-a-exdiputado-preso-de-vinculos-con-paramilitares\\\/#primaryimage\"},\"thumbnailUrl\":\"https:\\\/\\\/digital58.com.ve\\\/site\\\/wp-content\\\/uploads\\\/2020\\\/07\\\/Tatuajes-de-tarek-william-saab-03.jpg\",\"datePublished\":\"2021-07-13T00:07:25+00:00\",\"description\":\"Venezuela\",\"breadcrumb\":{\"@id\":\"https:\\\/\\\/digital58.com.ve\\\/site\\\/2021\\\/07\\\/12\\\/fiscalia-venezolana-acusa-a-exdiputado-preso-de-vinculos-con-paramilitares\\\/#breadcrumb\"},\"inLanguage\":\"es\",\"potentialAction\":[{\"@type\":\"ReadAction\",\"target\":[\"https:\\\/\\\/digital58.com.ve\\\/site\\\/2021\\\/07\\\/12\\\/fiscalia-venezolana-acusa-a-exdiputado-preso-de-vinculos-con-paramilitares\\\/\"]}]},{\"@type\":\"ImageObject\",\"inLanguage\":\"es\",\"@id\":\"https:\\\/\\\/digital58.com.ve\\\/site\\\/2021\\\/07\\\/12\\\/fiscalia-venezolana-acusa-a-exdiputado-preso-de-vinculos-con-paramilitares\\\/#primaryimage\",\"url\":\"https:\\\/\\\/digital58.com.ve\\\/site\\\/wp-content\\\/uploads\\\/2020\\\/07\\\/Tatuajes-de-tarek-william-saab-03.jpg\",\"contentUrl\":\"https:\\\/\\\/digital58.com.ve\\\/site\\\/wp-content\\\/uploads\\\/2020\\\/07\\\/Tatuajes-de-tarek-william-saab-03.jpg\",\"width\":800,\"height\":450},{\"@type\":\"BreadcrumbList\",\"@id\":\"https:\\\/\\\/digital58.com.ve\\\/site\\\/2021\\\/07\\\/12\\\/fiscalia-venezolana-acusa-a-exdiputado-preso-de-vinculos-con-paramilitares\\\/#breadcrumb\",\"itemListElement\":[{\"@type\":\"ListItem\",\"position\":1,\"name\":\"Home\",\"item\":\"https:\\\/\\\/digital58.com.ve\\\/site\\\/\"},{\"@type\":\"ListItem\",\"position\":2,\"name\":\"Fiscal\u00eda venezolana acusa a exdiputado preso de v\u00ednculos con paramilitares\"}]},{\"@type\":\"WebSite\",\"@id\":\"https:\\\/\\\/digital58.com.ve\\\/site\\\/#website\",\"url\":\"https:\\\/\\\/digital58.com.ve\\\/site\\\/\",\"name\":\"Noticias Digital58\",\"description\":\"Portal de Noticias \u00a1Periodismo web de verdad! Lanzamiento web 22.11.2005 \\\/ Maracaibo, Venezuela\",\"publisher\":{\"@id\":\"https:\\\/\\\/digital58.com.ve\\\/site\\\/#\\\/schema\\\/person\\\/64d1c2e4d0d4fd1b849980c4331c2951\"},\"alternateName\":\"ND58\",\"potentialAction\":[{\"@type\":\"SearchAction\",\"target\":{\"@type\":\"EntryPoint\",\"urlTemplate\":\"https:\\\/\\\/digital58.com.ve\\\/site\\\/?s={search_term_string}\"},\"query-input\":{\"@type\":\"PropertyValueSpecification\",\"valueRequired\":true,\"valueName\":\"search_term_string\"}}],\"inLanguage\":\"es\"},{\"@type\":[\"Person\",\"Organization\"],\"@id\":\"https:\\\/\\\/digital58.com.ve\\\/site\\\/#\\\/schema\\\/person\\\/64d1c2e4d0d4fd1b849980c4331c2951\",\"name\":\"Villasmil Henry\",\"image\":{\"@type\":\"ImageObject\",\"inLanguage\":\"es\",\"@id\":\"https:\\\/\\\/secure.gravatar.com\\\/avatar\\\/bb0c4a2fcb7970138239f7e404ea75757b1b507b28b5ce4c53fbd62d797c5a7c?s=96&d=mm&r=g\",\"url\":\"https:\\\/\\\/secure.gravatar.com\\\/avatar\\\/bb0c4a2fcb7970138239f7e404ea75757b1b507b28b5ce4c53fbd62d797c5a7c?s=96&d=mm&r=g\",\"contentUrl\":\"https:\\\/\\\/secure.gravatar.com\\\/avatar\\\/bb0c4a2fcb7970138239f7e404ea75757b1b507b28b5ce4c53fbd62d797c5a7c?s=96&d=mm&r=g\",\"caption\":\"Villasmil Henry\"},\"logo\":{\"@id\":\"https:\\\/\\\/secure.gravatar.com\\\/avatar\\\/bb0c4a2fcb7970138239f7e404ea75757b1b507b28b5ce4c53fbd62d797c5a7c?s=96&d=mm&r=g\"},\"sameAs\":[\"http:\\\/\\\/www.henryvillasmil.com.ve\",\"https:\\\/\\\/www.instagram.com\\\/villasmilhfoto\\\/\",\"https:\\\/\\\/x.com\\\/https:\\\/\\\/twitter.com\\\/villasmilhfoto\"],\"url\":\"https:\\\/\\\/digital58.com.ve\\\/site\\\/author\\\/droopy_68\\\/\"}]}<\/script>\n<!-- \/ Yoast SEO plugin. -->","yoast_head_json":{"title":"Fiscal\u00eda venezolana acusa a exdiputado preso de v\u00ednculos con paramilitares","description":"Venezuela","robots":{"index":"index","follow":"follow","max-snippet":"max-snippet:-1","max-image-preview":"max-image-preview:large","max-video-preview":"max-video-preview:-1"},"canonical":"https:\/\/digital58.com.ve\/site\/2021\/07\/12\/fiscalia-venezolana-acusa-a-exdiputado-preso-de-vinculos-con-paramilitares\/","og_locale":"es_ES","og_type":"article","og_title":"Fiscal\u00eda venezolana acusa a exdiputado preso de v\u00ednculos con paramilitares","og_description":"Venezuela","og_url":"https:\/\/digital58.com.ve\/site\/2021\/07\/12\/fiscalia-venezolana-acusa-a-exdiputado-preso-de-vinculos-con-paramilitares\/","og_site_name":"Noticias Digital58","article_published_time":"2021-07-13T00:07:25+00:00","og_image":[{"width":800,"height":450,"url":"https:\/\/digital58.com.ve\/site\/wp-content\/uploads\/2020\/07\/Tatuajes-de-tarek-william-saab-03.jpg","type":"image\/jpeg"}],"author":"Villasmil Henry","twitter_card":"summary_large_image","twitter_creator":"@https:\/\/twitter.com\/villasmilhfoto","twitter_site":"@villasmilhfoto","twitter_misc":{"Escrito por":"Villasmil Henry","Tiempo estimado de lectura":"3 minutos"},"schema":{"@context":"https:\/\/schema.org","@graph":[{"@type":"Article","@id":"https:\/\/digital58.com.ve\/site\/2021\/07\/12\/fiscalia-venezolana-acusa-a-exdiputado-preso-de-vinculos-con-paramilitares\/#article","isPartOf":{"@id":"https:\/\/digital58.com.ve\/site\/2021\/07\/12\/fiscalia-venezolana-acusa-a-exdiputado-preso-de-vinculos-con-paramilitares\/"},"author":{"name":"Villasmil Henry","@id":"https:\/\/digital58.com.ve\/site\/#\/schema\/person\/64d1c2e4d0d4fd1b849980c4331c2951"},"headline":"Fiscal\u00eda venezolana acusa a exdiputado preso de v\u00ednculos con paramilitares","datePublished":"2021-07-13T00:07:25+00:00","mainEntityOfPage":{"@id":"https:\/\/digital58.com.ve\/site\/2021\/07\/12\/fiscalia-venezolana-acusa-a-exdiputado-preso-de-vinculos-con-paramilitares\/"},"wordCount":466,"commentCount":0,"publisher":{"@id":"https:\/\/digital58.com.ve\/site\/#\/schema\/person\/64d1c2e4d0d4fd1b849980c4331c2951"},"image":{"@id":"https:\/\/digital58.com.ve\/site\/2021\/07\/12\/fiscalia-venezolana-acusa-a-exdiputado-preso-de-vinculos-con-paramilitares\/#primaryimage"},"thumbnailUrl":"https:\/\/digital58.com.ve\/site\/wp-content\/uploads\/2020\/07\/Tatuajes-de-tarek-william-saab-03.jpg","keywords":["Delitos","Detenciones","Exdiputado opositor","Fiscal\u00eda venezolana","Freddy Guevara","Grupos extremistas y paramilitares","Nacionales","Tarek William Saab","Terrorismo"],"articleSection":["Venezuela"],"inLanguage":"es","potentialAction":[{"@type":"CommentAction","name":"Comment","target":["https:\/\/digital58.com.ve\/site\/2021\/07\/12\/fiscalia-venezolana-acusa-a-exdiputado-preso-de-vinculos-con-paramilitares\/#respond"]}]},{"@type":"WebPage","@id":"https:\/\/digital58.com.ve\/site\/2021\/07\/12\/fiscalia-venezolana-acusa-a-exdiputado-preso-de-vinculos-con-paramilitares\/","url":"https:\/\/digital58.com.ve\/site\/2021\/07\/12\/fiscalia-venezolana-acusa-a-exdiputado-preso-de-vinculos-con-paramilitares\/","name":"Fiscal\u00eda venezolana acusa a exdiputado preso de v\u00ednculos con paramilitares","isPartOf":{"@id":"https:\/\/digital58.com.ve\/site\/#website"},"primaryImageOfPage":{"@id":"https:\/\/digital58.com.ve\/site\/2021\/07\/12\/fiscalia-venezolana-acusa-a-exdiputado-preso-de-vinculos-con-paramilitares\/#primaryimage"},"image":{"@id":"https:\/\/digital58.com.ve\/site\/2021\/07\/12\/fiscalia-venezolana-acusa-a-exdiputado-preso-de-vinculos-con-paramilitares\/#primaryimage"},"thumbnailUrl":"https:\/\/digital58.com.ve\/site\/wp-content\/uploads\/2020\/07\/Tatuajes-de-tarek-william-saab-03.jpg","datePublished":"2021-07-13T00:07:25+00:00","description":"Venezuela","breadcrumb":{"@id":"https:\/\/digital58.com.ve\/site\/2021\/07\/12\/fiscalia-venezolana-acusa-a-exdiputado-preso-de-vinculos-con-paramilitares\/#breadcrumb"},"inLanguage":"es","potentialAction":[{"@type":"ReadAction","target":["https:\/\/digital58.com.ve\/site\/2021\/07\/12\/fiscalia-venezolana-acusa-a-exdiputado-preso-de-vinculos-con-paramilitares\/"]}]},{"@type":"ImageObject","inLanguage":"es","@id":"https:\/\/digital58.com.ve\/site\/2021\/07\/12\/fiscalia-venezolana-acusa-a-exdiputado-preso-de-vinculos-con-paramilitares\/#primaryimage","url":"https:\/\/digital58.com.ve\/site\/wp-content\/uploads\/2020\/07\/Tatuajes-de-tarek-william-saab-03.jpg","contentUrl":"https:\/\/digital58.com.ve\/site\/wp-content\/uploads\/2020\/07\/Tatuajes-de-tarek-william-saab-03.jpg","width":800,"height":450},{"@type":"BreadcrumbList","@id":"https:\/\/digital58.com.ve\/site\/2021\/07\/12\/fiscalia-venezolana-acusa-a-exdiputado-preso-de-vinculos-con-paramilitares\/#breadcrumb","itemListElement":[{"@type":"ListItem","position":1,"name":"Home","item":"https:\/\/digital58.com.ve\/site\/"},{"@type":"ListItem","position":2,"name":"Fiscal\u00eda venezolana acusa a exdiputado preso de v\u00ednculos con paramilitares"}]},{"@type":"WebSite","@id":"https:\/\/digital58.com.ve\/site\/#website","url":"https:\/\/digital58.com.ve\/site\/","name":"Noticias Digital58","description":"Portal de Noticias \u00a1Periodismo web de verdad! Lanzamiento web 22.11.2005 \/ Maracaibo, Venezuela","publisher":{"@id":"https:\/\/digital58.com.ve\/site\/#\/schema\/person\/64d1c2e4d0d4fd1b849980c4331c2951"},"alternateName":"ND58","potentialAction":[{"@type":"SearchAction","target":{"@type":"EntryPoint","urlTemplate":"https:\/\/digital58.com.ve\/site\/?s={search_term_string}"},"query-input":{"@type":"PropertyValueSpecification","valueRequired":true,"valueName":"search_term_string"}}],"inLanguage":"es"},{"@type":["Person","Organization"],"@id":"https:\/\/digital58.com.ve\/site\/#\/schema\/person\/64d1c2e4d0d4fd1b849980c4331c2951","name":"Villasmil Henry","image":{"@type":"ImageObject","inLanguage":"es","@id":"https:\/\/secure.gravatar.com\/avatar\/bb0c4a2fcb7970138239f7e404ea75757b1b507b28b5ce4c53fbd62d797c5a7c?s=96&d=mm&r=g","url":"https:\/\/secure.gravatar.com\/avatar\/bb0c4a2fcb7970138239f7e404ea75757b1b507b28b5ce4c53fbd62d797c5a7c?s=96&d=mm&r=g","contentUrl":"https:\/\/secure.gravatar.com\/avatar\/bb0c4a2fcb7970138239f7e404ea75757b1b507b28b5ce4c53fbd62d797c5a7c?s=96&d=mm&r=g","caption":"Villasmil Henry"},"logo":{"@id":"https:\/\/secure.gravatar.com\/avatar\/bb0c4a2fcb7970138239f7e404ea75757b1b507b28b5ce4c53fbd62d797c5a7c?s=96&d=mm&r=g"},"sameAs":["http:\/\/www.henryvillasmil.com.ve","https:\/\/www.instagram.com\/villasmilhfoto\/","https:\/\/x.com\/https:\/\/twitter.com\/villasmilhfoto"],"url":"https:\/\/digital58.com.ve\/site\/author\/droopy_68\/"}]}},"uagb_featured_image_src":{"full":["https:\/\/digital58.com.ve\/site\/wp-content\/uploads\/2020\/07\/Tatuajes-de-tarek-william-saab-03.jpg",800,450,false],"thumbnail":["https:\/\/digital58.com.ve\/site\/wp-content\/uploads\/2020\/07\/Tatuajes-de-tarek-william-saab-03-150x150.jpg",150,150,true],"medium":["https:\/\/digital58.com.ve\/site\/wp-content\/uploads\/2020\/07\/Tatuajes-de-tarek-william-saab-03-300x169.jpg",300,169,true],"medium_large":["https:\/\/digital58.com.ve\/site\/wp-content\/uploads\/2020\/07\/Tatuajes-de-tarek-william-saab-03-768x432.jpg",768,432,true],"large":["https:\/\/digital58.com.ve\/site\/wp-content\/uploads\/2020\/07\/Tatuajes-de-tarek-william-saab-03.jpg",800,450,false],"1536x1536":["https:\/\/digital58.com.ve\/site\/wp-content\/uploads\/2020\/07\/Tatuajes-de-tarek-william-saab-03.jpg",800,450,false],"2048x2048":["https:\/\/digital58.com.ve\/site\/wp-content\/uploads\/2020\/07\/Tatuajes-de-tarek-william-saab-03.jpg",800,450,false],"colormag-highlighted-post":["https:\/\/digital58.com.ve\/site\/wp-content\/uploads\/2020\/07\/Tatuajes-de-tarek-william-saab-03.jpg",392,221,false],"colormag-featured-post-medium":["https:\/\/digital58.com.ve\/site\/wp-content\/uploads\/2020\/07\/Tatuajes-de-tarek-william-saab-03.jpg",364,205,false],"colormag-featured-post-small":["https:\/\/digital58.com.ve\/site\/wp-content\/uploads\/2020\/07\/Tatuajes-de-tarek-william-saab-03.jpg",130,73,false],"colormag-featured-image":["https:\/\/digital58.com.ve\/site\/wp-content\/uploads\/2020\/07\/Tatuajes-de-tarek-william-saab-03.jpg",791,445,false],"colormag-default-news":["https:\/\/digital58.com.ve\/site\/wp-content\/uploads\/2020\/07\/Tatuajes-de-tarek-william-saab-03.jpg",150,84,false],"colormag-featured-image-large":["https:\/\/digital58.com.ve\/site\/wp-content\/uploads\/2020\/07\/Tatuajes-de-tarek-william-saab-03.jpg",800,450,false]},"uagb_author_info":{"display_name":"Villasmil Henry","author_link":"https:\/\/digital58.com.ve\/site\/author\/droopy_68\/"},"uagb_comment_info":0,"uagb_excerpt":"La Fiscal\u00eda tambi\u00e9n asegur\u00f3 que, junto a todas las instituciones del pa\u00eds, \u00abreitera su compromiso con la justicia en defensa","_links":{"self":[{"href":"https:\/\/digital58.com.ve\/site\/wp-json\/wp\/v2\/posts\/141084","targetHints":{"allow":["GET"]}}],"collection":[{"href":"https:\/\/digital58.com.ve\/site\/wp-json\/wp\/v2\/posts"}],"about":[{"href":"https:\/\/digital58.com.ve\/site\/wp-json\/wp\/v2\/types\/post"}],"author":[{"embeddable":true,"href":"https:\/\/digital58.com.ve\/site\/wp-json\/wp\/v2\/users\/1"}],"replies":[{"embeddable":true,"href":"https:\/\/digital58.com.ve\/site\/wp-json\/wp\/v2\/comments?post=141084"}],"version-history":[{"count":0,"href":"https:\/\/digital58.com.ve\/site\/wp-json\/wp\/v2\/posts\/141084\/revisions"}],"wp:featuredmedia":[{"embeddable":true,"href":"https:\/\/digital58.com.ve\/site\/wp-json\/wp\/v2\/media\/115579"}],"wp:attachment":[{"href":"https:\/\/digital58.com.ve\/site\/wp-json\/wp\/v2\/media?parent=141084"}],"wp:term":[{"taxonomy":"category","embeddable":true,"href":"https:\/\/digital58.com.ve\/site\/wp-json\/wp\/v2\/categories?post=141084"},{"taxonomy":"post_tag","embeddable":true,"href":"https:\/\/digital58.com.ve\/site\/wp-json\/wp\/v2\/tags?post=141084"}],"curies":[{"name":"wp","href":"https:\/\/api.w.org\/{rel}","templated":true}]}}