{"id":141160,"date":"2021-07-17T22:01:45","date_gmt":"2021-07-18T02:01:45","guid":{"rendered":"https:\/\/digital58.com.ve\/site\/?p=141160"},"modified":"2021-07-20T20:18:10","modified_gmt":"2021-07-21T00:18:10","slug":"zulianasprotagonistas-francelys-urdaneta-una-guerrera-con-alma","status":"publish","type":"post","link":"https:\/\/digital58.com.ve\/site\/2021\/07\/17\/zulianasprotagonistas-francelys-urdaneta-una-guerrera-con-alma\/","title":{"rendered":"#ZulianasProtagonistas | Francelys Urdaneta, una guerrera con alma"},"content":{"rendered":"<p><a href=\"https:\/\/digital58.com.ve\/site\/wp-content\/uploads\/2021\/07\/francelys-urdaneta-6.jpg\"><img loading=\"lazy\" decoding=\"async\" class=\"aligncenter size-full wp-image-141239\" src=\"https:\/\/digital58.com.ve\/site\/wp-content\/uploads\/2021\/07\/francelys-urdaneta-6.jpg\" alt=\"\" width=\"636\" height=\"734\" srcset=\"https:\/\/digital58.com.ve\/site\/wp-content\/uploads\/2021\/07\/francelys-urdaneta-6.jpg 520w, https:\/\/digital58.com.ve\/site\/wp-content\/uploads\/2021\/07\/francelys-urdaneta-6-260x300.jpg 260w\" sizes=\"auto, (max-width: 636px) 100vw, 636px\" \/><\/a><\/p>\n<p style=\"text-align: left;\">\u00abMe gusta el conflicto, soy buena, pero me gusta ver el mundo arder, no de mala forma aclaro\u00bb, confiesa esta genuina maracaibera quien ha sabido sopesar los desmadres de la vida.<\/p>\n<p><strong>Maracaibo, Zulia, Venezuela, 16 de julio de 2021 (ND58).-<\/strong> Una de las historia que m\u00e1s me ha impactado hasta el momento en la serie Zulianas Protagonistas es la de Francelys Beatriz Urdaneta Lara: guerrera, espont\u00e1nea, extrovertida, amable, p\u00edcara, guachafitera, a veces bondadosa, pero con un toque mal\u00e9fico, as\u00ed mismo se define.<\/p>\n<p>\u00abFran\u00bb, como la conocemos sus amigos, naci\u00f3 en Maracaibo hace 32 a\u00f1os, su infancia \u2014te\u00f1ida de infortunio\u2014 transcurri\u00f3 en el populoso sector de los Postes Negros en La Limpia. Su madre la abandon\u00f3 junto a su hermana menor y fue criada por dos hombres.<\/p>\n<p>Francelys Urdaneta no permiti\u00f3 que la mala fortuna le socavara su futuro, al contrario, la hizo una mujer de mucho temple y segura de s\u00ed misma.<\/p>\n<p>Hoy d\u00eda, es una exitosa emprendedora en la capital zuliana, sus \u00abtrapos\u00bb \u2014como llama a sus prendas de vestir\u2014 la catapultan en un vertiginoso crecimiento en la preferencia y gusto de las f\u00e9minas contempor\u00e1neas y de talla plus, quienes se sienten atra\u00eddas e identificadas con sus dise\u00f1os de la marca Una Tal Fran.<\/p>\n<p>Desnudamos y conocimos a esta guerrera zuliana que adem\u00e1s de visionaria e inteligente, posee una belleza sin igual.<\/p>\n<p><a href=\"https:\/\/digital58.com.ve\/site\/wp-content\/uploads\/2021\/07\/francelys-urdaneta-4.jpg\"><img loading=\"lazy\" decoding=\"async\" class=\"aligncenter size-full wp-image-141232\" src=\"https:\/\/digital58.com.ve\/site\/wp-content\/uploads\/2021\/07\/francelys-urdaneta-4.jpg\" alt=\"\" width=\"900\" height=\"600\" srcset=\"https:\/\/digital58.com.ve\/site\/wp-content\/uploads\/2021\/07\/francelys-urdaneta-4.jpg 900w, https:\/\/digital58.com.ve\/site\/wp-content\/uploads\/2021\/07\/francelys-urdaneta-4-300x200.jpg 300w, https:\/\/digital58.com.ve\/site\/wp-content\/uploads\/2021\/07\/francelys-urdaneta-4-768x512.jpg 768w, https:\/\/digital58.com.ve\/site\/wp-content\/uploads\/2021\/07\/francelys-urdaneta-4-720x480.jpg 720w, https:\/\/digital58.com.ve\/site\/wp-content\/uploads\/2021\/07\/francelys-urdaneta-4-480x320.jpg 480w\" sizes=\"auto, (max-width: 900px) 100vw, 900px\" \/><\/a><\/p>\n<p>Como en entrevistas anteriores\u2026 Citamos a \u00abFran\u00bb a un encuentro para tomar caf\u00e9 \u2014amo el caf\u00e9\u2014 y conversar sobre su vida, pero justo ped\u00ed dos negritos, ella me expres\u00f3 que ya hab\u00eda tomado su raci\u00f3n diaria de caf\u00e9 y que tendr\u00eda que tomarme los dos. \u00a1Yo feliz!.<\/p>\n<p>La cafeter\u00eda del centro comercial donde acordamos el encuentro, se hizo c\u00f3mplice para la tertulia. Literalmente est\u00e1bamos solos, \u00fanicamente la amable y esmerada atenci\u00f3n de una empleada \u2014a quien no le pregunt\u00e9 su nombre, mala m\u00eda\u2014, interrump\u00eda eventualmente.<\/p>\n<p>Pero entremos en materia&#8230;<\/p>\n<p>Comenc\u00e9 pregunt\u00e1ndole a mi entrevistada sobre sus primeros a\u00f1os de vida. Esta vez me llev\u00e9 una sorpresa, pues Francelys forma parte de los ni\u00f1os abandonados en el mundo y en su caso, abandono maternal.<\/p>\n<p>\u00abFui criada por dos hombres: mi pap\u00e1 y mi t\u00edo. Mi mam\u00e1 desapareci\u00f3 del planeta, nunca regres\u00f3, yo ten\u00eda cinco a\u00f1os y mi hermana, un a\u00f1ito. Sigo pensando en ella. No me \u201cpeg\u00f3\u201d tanto porque yo estaba peque\u00f1a, pero siempre he necesitado tener una respuesta, que al menos me dijera \u00bfpor qu\u00e9 se fue\u00bb, asever\u00f3 \u00abFran\u00bb de manera muy centrada.<\/p>\n<p>Pero la mala fortuna no hab\u00eda acabado. Luego de la ausencia materna, a las dos ni\u00f1as las tom\u00f3 la abuela paterna, quien aportaba el amor de una madre, pero cuando Francelys ten\u00eda nueve a\u00f1os, recibe un segundo golpe, su abuela fallece.<\/p>\n<p>Es entonces cuando los hombres de la casa asumen la crianza de Francelys y su hermana.<\/p>\n<p>\u00ab<span class=\"ILfuVd\"><span class=\"hgKElc\">Mi pap\u00e1 y mi t\u00edo, no me sab\u00edan vestir, parec\u00eda var\u00f3n, incluso pensaba como hombre\u00bb, parad\u00f3jicamente, pens\u00e9 por un momento ante tal aseveraci\u00f3n.<\/span><\/span><\/p>\n<p><a href=\"https:\/\/digital58.com.ve\/site\/wp-content\/uploads\/2021\/07\/francelys-urdaneta.jpg\"><img loading=\"lazy\" decoding=\"async\" class=\"aligncenter size-full wp-image-141235\" src=\"https:\/\/digital58.com.ve\/site\/wp-content\/uploads\/2021\/07\/francelys-urdaneta.jpg\" alt=\"\" width=\"900\" height=\"600\" srcset=\"https:\/\/digital58.com.ve\/site\/wp-content\/uploads\/2021\/07\/francelys-urdaneta.jpg 900w, https:\/\/digital58.com.ve\/site\/wp-content\/uploads\/2021\/07\/francelys-urdaneta-300x200.jpg 300w, https:\/\/digital58.com.ve\/site\/wp-content\/uploads\/2021\/07\/francelys-urdaneta-768x512.jpg 768w, https:\/\/digital58.com.ve\/site\/wp-content\/uploads\/2021\/07\/francelys-urdaneta-720x480.jpg 720w, https:\/\/digital58.com.ve\/site\/wp-content\/uploads\/2021\/07\/francelys-urdaneta-480x320.jpg 480w\" sizes=\"auto, (max-width: 900px) 100vw, 900px\" \/><\/a><\/p>\n<p>Contin\u00fae escuchando con atenci\u00f3n a \u00abFran\u00bb y a cada pausa, analizaba y comprend\u00eda m\u00e1s la fuerza y temple de esta incre\u00edble mujer. Realmente la infancia de \u00abFran\u00bb fue muy gris. \u00bfY qu\u00e9 paso luego? H\u00e1blame de tu juventud, \u2014intrigado le pregunt\u00e9\u2014.<\/p>\n<p>\u00abMe toc\u00f3 fuerte Henry, no tuve la adolescencia que tienen la mayor\u00eda de las ni\u00f1as hoy en d\u00eda, donde pap\u00e1 y mam\u00e1 te mantienen, y t\u00fa est\u00e1s pendiente de comprarte algo para ir a una fiesta. Yo ten\u00eda que largar la verga, para que en mi casa no nos muri\u00e9ramos de hambre\u00bb. Pero \u00bfc\u00f3mo era posible Fran? y \u00bfqu\u00e9 pasaba con tu pap\u00e1 y tu t\u00edo?<\/p>\n<p>\u00abAy, Henry, porque ellos eran \u201cachantados\u201d, a\u00fan lo son, no ve\u00edan m\u00e1s all\u00e1, o sea, tuve que salir a trabajar desde los 15 a\u00f1os y estudiaba, mi pap\u00e1 por el sobrepeso no trabajaba y mi t\u00edo era taxista, pero le chocaron el carro y qued\u00f3 sin fuente de ingreso. Se les jodi\u00f3 el trabajo y se quedaron ah\u00ed. Crec\u00ed con el pensamiento que no quer\u00eda ser como ellos\u00bb.<\/p>\n<p>Desde los 15 a\u00f1os, Francelys, pas\u00f3 por trabajos en el Callej\u00f3n de los Pobres, panader\u00edas, estaci\u00f3n de gasolina, pe\u00f1a h\u00edpica, discoteca y en otros tantos, para poder cubrir las necesidades b\u00e1sicas en el hogar, una responsabilidad que no merece ning\u00fan joven.<\/p>\n<p>Urdaneta encontr\u00f3 apoy\u00f3 al final de su pubertad. Con tan solo 17 a\u00f1os llevaba una relaci\u00f3n con un hombre que le doblaba en edad. \u00abYo ten\u00eda un novio \u2014Edwin Urdaneta\u2014 mucho mayor que yo, 34 a\u00f1os, \u00e9l ten\u00eda un dep\u00f3sito de licores, lamentablemente, lo asesinaron en un atraco dentro de su establecimiento. Luego de eso caigo a trabajar en la bomba (estaci\u00f3n de servicio), \u00e9l me apoyaba en todo, incluso me pagaba los estudios\u00bb<\/p>\n<p>\u00bfEs en serio? \u00bfC\u00f3mo puede una persona tener tanta mala suerte? Estas interrogantes pasaron por mi mente.<\/p>\n<p>La historia de \u00abFran\u00bb cada vez parece extra\u00edda de una novela de Corin Tellado. Contin\u00fao muy atento a su relato.<\/p>\n<p>Nuevamente \u00abFran\u00bb se queda sola con la partida f\u00edsica de su pareja, en ese momento es cuando le ofrecen el trabajo en una estaci\u00f3n de servicio, esa misma de la historia que m\u00e1s se ha difundido por conocidos y usuarios de las redes sociales.<\/p>\n<p>\u00abUna amiga \u2014Elena Arag\u00f3n\u2014, que hoy es mi comadre, me habl\u00f3 de un trabajo que se ganaba bien, y yo necesitaba trabajar, pens\u00e9 que ser\u00eda vendiendo o trabajando en administraci\u00f3n (\u2026)<\/p>\n<p>\u00a1No, mami!, me dijo ella, es de bombera echando gasolina. Lo acept\u00e9 porque qu\u00e9 m\u00e1s iba a hacer. La verdad, mi experiencia ah\u00ed fue horrible. Ten\u00eda muchas proposiciones indecorosas, casi rompo el vidrio de un autob\u00fas porque el ch\u00f3fer se baj\u00f3 de la unidad y me agarr\u00f3 una nalga. \u00a1No qu\u00e9 va!\u00bb.<\/p>\n<p style=\"text-align: left;\">Cuando el novio de Francelys muere, forzosamente tuvo que dejar sus estudios universitarios (Inform\u00e1tica), estudios que retomar\u00eda mientras laboraba en aquella estaci\u00f3n de servicio pero cambi\u00f3 la carrera por Dise\u00f1o Gr\u00e1fico en el Cunibe, aunque hoy se arrepiente.<\/p>\n<p>\u00abLa verdad nunca quise ejercer esa carrera, si hubiera visto el futuro, nunca hubiera estudiado Dise\u00f1o Gr\u00e1fico. Yo creo que me hubiera ido por Comunicaci\u00f3n Social\u00bb, \u00bfPor qu\u00e9? le pregunt\u00e9. Porque hoy d\u00eda me doy cuenta que lo m\u00edo no es eso, lo m\u00edo es estar en la calle, conversar, transmitir. Pienso que hubiera sido una buena comunicadora, ahora pago para que me hagan dise\u00f1os para las redes sociales\u00bb.<\/p>\n<p><a href=\"https:\/\/digital58.com.ve\/site\/wp-content\/uploads\/2021\/07\/francelys-urdaneta-2.jpg\"><img loading=\"lazy\" decoding=\"async\" class=\"aligncenter size-full wp-image-141234\" src=\"https:\/\/digital58.com.ve\/site\/wp-content\/uploads\/2021\/07\/francelys-urdaneta-2.jpg\" alt=\"\" width=\"900\" height=\"600\" srcset=\"https:\/\/digital58.com.ve\/site\/wp-content\/uploads\/2021\/07\/francelys-urdaneta-2.jpg 800w, https:\/\/digital58.com.ve\/site\/wp-content\/uploads\/2021\/07\/francelys-urdaneta-2-300x200.jpg 300w, https:\/\/digital58.com.ve\/site\/wp-content\/uploads\/2021\/07\/francelys-urdaneta-2-768x512.jpg 768w, https:\/\/digital58.com.ve\/site\/wp-content\/uploads\/2021\/07\/francelys-urdaneta-2-720x480.jpg 720w, https:\/\/digital58.com.ve\/site\/wp-content\/uploads\/2021\/07\/francelys-urdaneta-2-480x320.jpg 480w\" sizes=\"auto, (max-width: 900px) 100vw, 900px\" \/><\/a><\/p>\n<p><strong>El trabajo que nunca so\u00f1\u00f3 y que nunca va a dejar<\/strong><\/p>\n<p style=\"text-align: left;\">Hasta ahora, indudablemente el camino de Francelys me resultaba bastante escabroso. \u00bfCu\u00e1ndo comenzaron las buenas noticias?, atin\u00e9 a preguntarle a mi entrevistada.<\/p>\n<p>\u00abMira Henry, un d\u00eda despert\u00e9 y me dije: es el momento de dejar de trabajar para los dem\u00e1s, me sent\u00eda cansada, porque yo trabajaba en el d\u00eda en una pe\u00f1a h\u00edpica \u2014Doble Sena\u2014 y en la noche trabajaba en la discoteca South Beach.<\/p>\n<p>Decid\u00ed renunciar a esta \u00faltima y buscar otra forma de generar ingresos, paralelamente, realizaba otras actividades: vend\u00eda productos de bellezas y calzados de la marca Bell\u00edsima. El punto era que no me iba bien, la gente me quedaba debiendo y decid\u00ed cambiar de rubro y comenc\u00e9 a vender ropa. Me iba a Caracas, tra\u00eda mercanc\u00eda del mercado del Cementerio, y las vend\u00eda entre mis amigas de la universidad, pero el viajar tambi\u00e9n era cans\u00f3n, ten\u00eda que buscar otra opci\u00f3n\u00bb.<\/p>\n<p>\u00bfEntonces es en este cuadrante de tu vida que decides crear Una Tal Fran? \u00abNo Henry, quer\u00eda hacer algo en la ciudad, generar dinero y bienestar simplemente, pero no pensaba en marcas, ni en proyectos, nunca fue con estrategia, fue de la nada, por eso siempre digo que \u201cmi trabajo naci\u00f3 de la nada\u201d\u00bb.<\/p>\n<p>\u00abDejame explicarte bien\u00bb, me interrumpi\u00f3 \u00abFran\u00bb antes de realizarle la siguiente pregunta, mientras se acomodaba el cabello.<\/p>\n<p>\u00abResulta que, trabajando en Doble Sena quedo embarazada y quer\u00eda m\u00e1s tiempo para estar con mi hijo, esto aceler\u00f3 mi decisi\u00f3n de trabajar en algo que me permitiera mayor libertad. Por otro lado, analizaba \u00bfqu\u00e9 ejemplo le voy a dar mi hijo? Porque vamos a estar claros, aqu\u00ed, para nuestra sociedad, las promotoras y las que trabajan en pe\u00f1as son putas y de ah\u00ed no los vas a sacar y yo no fui puta, ni lo soy, era una opci\u00f3n f\u00e1cil para salir de mi situaci\u00f3n econ\u00f3mica, pero yo me fui por donde est\u00e1n las piedras\u00bb.<\/p>\n<p>Cuando estaba en la parte culminante de la entrevista, regres\u00f3 la mesera, para traerle un recado a nuestra protagonista. Un minuto despu\u00e9s se retira, mientras yo pensaba en su ni\u00f1o. \u00bfC\u00f3mo se llama tu hijo? y \u00bfqui\u00e9n es su pap\u00e1? \u00abMi hijo se llama Merilio Casilla, de su pap\u00e1 te dir\u00e9 que llevamos 13 a\u00f1os juntos y que mi hijo tiene el mejor pap\u00e1 del mundo, eso no lo puedo negar y nada m\u00e1s\u201d. La respuesta sobre su pareja me dej\u00f3 intrigado, pero hab\u00eda sido muy clara y tajante, por lo que decid\u00ed no meterme para lo hondo.<\/p>\n<p>Llevamos media hora o un poco m\u00e1s chachareando, era el momento de hablar sobre su marca \u00bfCu\u00e1ndo nace Una Tal Fran?<\/p>\n<p>\u00abSin planificar nada, no pensaba en marcas, ni nada, decido emprender un viaje hacia lo desconocido Henry, compr\u00e9 telas y me traje unos dise\u00f1os que me gustaron en Caracas en el \u00faltimo viaje y sin saber de telas, ni de costura, para emprender desde Maracaibo mi propio negocio\u00bb.<\/p>\n<p style=\"text-align: left;\">\u00abEn aquel momento me recomendaron a Yolanda, una modistas colombiana que vend\u00eda ropa en el Centro. Un d\u00eda le llegu\u00e9 como a las 5.00 de la tarde y le pregunt\u00e9 si coc\u00eda y si pod\u00eda hacerme unas prendas de vestir y me respondi\u00f3 que s\u00ed. Comenzamos a trabajar juntas. Ella fue la que me ense\u00f1\u00f3 a hacer la marca, comenz\u00f3 a explicarme qu\u00e9 tipo de telas deb\u00eda comprar para cada dise\u00f1o, c\u00f3mo pod\u00eda hacer una marca m\u00e1s bonita (\u2026), yo lo que vend\u00eda o ten\u00eda, lo alternaba con cosas que compraba, como leguis, pantalones (\u2026), las cosas se fueron dando solas, hac\u00edamos los trapitos y nos estaban quedando bonitos\u00bb.<\/p>\n<p><a href=\"https:\/\/digital58.com.ve\/site\/wp-content\/uploads\/2021\/07\/francelys-urdaneta-5.jpg\"><img loading=\"lazy\" decoding=\"async\" class=\"aligncenter size-full wp-image-141231\" src=\"https:\/\/digital58.com.ve\/site\/wp-content\/uploads\/2021\/07\/francelys-urdaneta-5.jpg\" alt=\"\" width=\"900\" height=\"605\" srcset=\"https:\/\/digital58.com.ve\/site\/wp-content\/uploads\/2021\/07\/francelys-urdaneta-5.jpg 800w, https:\/\/digital58.com.ve\/site\/wp-content\/uploads\/2021\/07\/francelys-urdaneta-5-300x202.jpg 300w, https:\/\/digital58.com.ve\/site\/wp-content\/uploads\/2021\/07\/francelys-urdaneta-5-768x516.jpg 768w\" sizes=\"auto, (max-width: 900px) 100vw, 900px\" \/><\/a><\/p>\n<p>\u00abEn los bazares es que caigo en cuenta que tengo que hacer una marca con todos los coroticos\u00bb.<\/p>\n<p>El nombre Una Tal Fran es muy original, obviamente combinado con su nombre \u00bfCu\u00e9ntame c\u00f3mo surge la idea?<\/p>\n<p>\u00abPrimero empec\u00e9 a escuchar de los bazares y fui a varios de ellos, es ah\u00ed cuando me doy cuenta que no ten\u00eda nada, observ\u00e9 que todos ten\u00edan sus marcas, que yo le pod\u00eda poner etiquetas a mis trapos y crear mi propia marca y comenc\u00e9 a pensar en un nombre, pero no me ven\u00eda uno bueno, no quer\u00eda algo com\u00fan, ve\u00eda que muchos eran boutique algo, que si fulanito store, todo era lo mismo. Un d\u00eda se me ocurri\u00f3 Una Tal Fran, es corto, f\u00e1cil de recordar, pod\u00eda pegar, nada usual, me gust\u00f3 y todo comenz\u00f3. El trabajo que nunca so\u00f1\u00e9 y que nunca voy a dejar\u00bb.<\/p>\n<p>Hasta ac\u00e1 muy bien la historia \u00bfcierto? Pero\u2026 \u00bfc\u00f3mo logras hacer que la marca despegara y con tanto \u00e9xito?<\/p>\n<p>\u00abComo te dije antes, Yolanda me ense\u00f1\u00f3 todo y me insist\u00eda que hiciera cosas para mujeres grandes, mujeres rellenitas. Las gorditas no consiguen ropa variada, solo ropa negra o unicolor \u201chaz cosas floreadas, por ejemplo\u201d, me dec\u00eda, le hice caso, comenc\u00e9 a fabricar trapos talla plus y estampados, gust\u00f3 mucho y r\u00e1pidamente me di a conocer\u00bb.<\/p>\n<p>\u00bfPiensas irte del pa\u00eds? \u00abNo, no me ir\u00e9 de Venezuela, no ha sido f\u00e1cil mantenernos en el pa\u00eds, pero busco siempre innovar y avanzar, luego de mes y medio de pandemia en el 2020, pensaba \u00bfqu\u00e9 voy a vender? nadie se va a vestir porque no pueden salir, entonces hice pijamas, nunca las hab\u00eda hecho y no me gustan, pero tenemos que seguir produciendo, hay que mantener la familia. Saqu\u00e9 la l\u00ednea de pijamas y se convirti\u00f3 en un \u00e9xito\u00bb.<\/p>\n<p>\u00bfCu\u00e1les son tus metas hoy? \u00abEstoy muy enfocada en ampliar mi tienda, una tienda m\u00e1s grande, para meter nuevas l\u00edneas y muchos modelos. Quiero hacer muchas cosas, a veces pienso, tengo 32 a\u00f1os y todav\u00eda me falta mucho. Siento que si he logrado mucho y que tengo que ser agradecida con la vida, porque vengo de no tener nada y sigo pr\u00e1cticamente sin tener nada, pero por lo menos estoy encaminada. Siento a veces frustraci\u00f3n porque como la mayor\u00eda, deseo estabilidad, una casa para mi hijo, algo que es muy importante para m\u00ed\u00bb.<\/p>\n<p>Sin duda, Francelys Urdaneta es ejemplo de lucha y tenacidad, una autentica mujer venezolana, orgullo regional, ha sorteado innumerables obst\u00e1culos en su corta, pero intensa vida y ha salido airosa. Debo confesarles que luego de esta entrevista, admiro y quiero a\u00fan m\u00e1s a esta genuina Zuliana Protagonista.<\/p>\n<p><strong>Redacci\u00f3n: Henry Villasmil<br \/>\nEdici\u00f3n:<a href=\"https:\/\/www.instagram.com\/audreyveraprieto\/\" target=\"_blank\" rel=\"noopener\"> Audrey Vera Prieto<\/a><\/strong><br \/>\n<strong>Gr\u00e1fica: <a href=\"https:\/\/www.instagram.com\/villasmilhfoto\/\" target=\"_blank\" rel=\"noopener\">@villasmilhfoto<\/a><\/strong><\/p><div class=\"zkyaq69f3997920030\" ><p style=\"text-align: center;\"><a href=\"https:\/\/t.me\/noticiasdigital58\" target=\"_blank\" rel=\"noopener\"><img class=\"aligncenter size-full wp-image-125363\" src=\"https:\/\/digital58.com.ve\/site\/wp-content\/uploads\/2021\/04\/banner-telegram-web-2021.png\" alt=\"\" width=\"600\" height=\"90\" \/><\/a><\/p><\/div><style type=\"text\/css\">\r\n@media screen and (min-width: 1201px) {\r\n.zkyaq69f3997920030 {\r\ndisplay: block;\r\n}\r\n}\r\n@media screen and (min-width: 993px) and (max-width: 1200px) {\r\n.zkyaq69f3997920030 {\r\ndisplay: block;\r\n}\r\n}\r\n@media screen and (min-width: 769px) and (max-width: 992px) {\r\n.zkyaq69f3997920030 {\r\ndisplay: block;\r\n}\r\n}\r\n@media screen and (min-width: 768px) and (max-width: 768px) {\r\n.zkyaq69f3997920030 {\r\ndisplay: block;\r\n}\r\n}\r\n@media screen and (max-width: 767px) {\r\n.zkyaq69f3997920030 {\r\ndisplay: block;\r\n}\r\n}\r\n<\/style>\r\n\n<p>&nbsp;<\/p>\n<div style=\"margin-top: 0px; margin-bottom: 0px;\" class=\"sharethis-inline-share-buttons\" ><\/div>","protected":false},"excerpt":{"rendered":"<p>\u00abMe gusta el conflicto, soy buena, pero me gusta ver el mundo arder, no de mala forma aclaro\u00bb, confiesa esta<\/p>\n","protected":false},"author":1,"featured_media":141231,"comment_status":"open","ping_status":"closed","sticky":false,"template":"","format":"standard","meta":{"colormag_page_container_layout":"default_layout","colormag_page_sidebar_layout":"default_layout","_uag_custom_page_level_css":"","footnotes":""},"categories":[25003],"tags":[369,25004,73,233,32,761],"class_list":["post-141160","post","type-post","status-publish","format-standard","has-post-thumbnail","hentry","category-zulianas-protagonistas","tag-entrevistas","tag-francelys-beatriz-urdaneta-lar","tag-maracaibo","tag-nacionales","tag-venezuela","tag-zulia"],"yoast_head":"<!-- This site is optimized with the Yoast SEO plugin v27.5 - https:\/\/yoast.com\/product\/yoast-seo-wordpress\/ -->\n<title>#ZulianasProtagonistas | Francelys Urdaneta, una guerrera con alma<\/title>\n<meta name=\"description\" content=\"Zulianas Protagonistas\" \/>\n<meta name=\"robots\" content=\"index, follow, max-snippet:-1, max-image-preview:large, max-video-preview:-1\" \/>\n<link rel=\"canonical\" href=\"https:\/\/digital58.com.ve\/site\/2021\/07\/17\/zulianasprotagonistas-francelys-urdaneta-una-guerrera-con-alma\/\" \/>\n<meta property=\"og:locale\" content=\"es_ES\" \/>\n<meta property=\"og:type\" content=\"article\" \/>\n<meta property=\"og:title\" content=\"#ZulianasProtagonistas | Francelys Urdaneta, una guerrera con alma\" \/>\n<meta property=\"og:description\" content=\"Zulianas Protagonistas\" \/>\n<meta property=\"og:url\" content=\"https:\/\/digital58.com.ve\/site\/2021\/07\/17\/zulianasprotagonistas-francelys-urdaneta-una-guerrera-con-alma\/\" \/>\n<meta property=\"og:site_name\" content=\"Noticias Digital58\" \/>\n<meta property=\"article:published_time\" content=\"2021-07-18T02:01:45+00:00\" \/>\n<meta property=\"article:modified_time\" content=\"2021-07-21T00:18:10+00:00\" \/>\n<meta property=\"og:image\" content=\"https:\/\/digital58.com.ve\/site\/wp-content\/uploads\/2021\/07\/francelys-urdaneta-5.jpg\" \/>\n\t<meta property=\"og:image:width\" content=\"900\" \/>\n\t<meta property=\"og:image:height\" content=\"605\" \/>\n\t<meta property=\"og:image:type\" content=\"image\/jpeg\" \/>\n<meta name=\"author\" content=\"Villasmil Henry\" \/>\n<meta name=\"twitter:card\" content=\"summary_large_image\" \/>\n<meta name=\"twitter:creator\" content=\"@https:\/\/twitter.com\/villasmilhfoto\" \/>\n<meta name=\"twitter:site\" content=\"@villasmilhfoto\" \/>\n<meta name=\"twitter:label1\" content=\"Escrito por\" \/>\n\t<meta name=\"twitter:data1\" content=\"Villasmil Henry\" \/>\n\t<meta name=\"twitter:label2\" content=\"Tiempo estimado de lectura\" \/>\n\t<meta name=\"twitter:data2\" content=\"11 minutos\" \/>\n<script type=\"application\/ld+json\" class=\"yoast-schema-graph\">{\"@context\":\"https:\\\/\\\/schema.org\",\"@graph\":[{\"@type\":\"Article\",\"@id\":\"https:\\\/\\\/digital58.com.ve\\\/site\\\/2021\\\/07\\\/17\\\/zulianasprotagonistas-francelys-urdaneta-una-guerrera-con-alma\\\/#article\",\"isPartOf\":{\"@id\":\"https:\\\/\\\/digital58.com.ve\\\/site\\\/2021\\\/07\\\/17\\\/zulianasprotagonistas-francelys-urdaneta-una-guerrera-con-alma\\\/\"},\"author\":{\"name\":\"Villasmil Henry\",\"@id\":\"https:\\\/\\\/digital58.com.ve\\\/site\\\/#\\\/schema\\\/person\\\/64d1c2e4d0d4fd1b849980c4331c2951\"},\"headline\":\"#ZulianasProtagonistas | Francelys Urdaneta, una guerrera con alma\",\"datePublished\":\"2021-07-18T02:01:45+00:00\",\"dateModified\":\"2021-07-21T00:18:10+00:00\",\"mainEntityOfPage\":{\"@id\":\"https:\\\/\\\/digital58.com.ve\\\/site\\\/2021\\\/07\\\/17\\\/zulianasprotagonistas-francelys-urdaneta-una-guerrera-con-alma\\\/\"},\"wordCount\":2269,\"commentCount\":0,\"publisher\":{\"@id\":\"https:\\\/\\\/digital58.com.ve\\\/site\\\/#\\\/schema\\\/person\\\/64d1c2e4d0d4fd1b849980c4331c2951\"},\"image\":{\"@id\":\"https:\\\/\\\/digital58.com.ve\\\/site\\\/2021\\\/07\\\/17\\\/zulianasprotagonistas-francelys-urdaneta-una-guerrera-con-alma\\\/#primaryimage\"},\"thumbnailUrl\":\"https:\\\/\\\/digital58.com.ve\\\/site\\\/wp-content\\\/uploads\\\/2021\\\/07\\\/francelys-urdaneta-5.jpg\",\"keywords\":[\"Entrevistas\",\"Francelys Beatriz Urdaneta Lar\",\"Maracaibo\",\"Nacionales\",\"Venezuela\",\"Zulia\"],\"articleSection\":[\"Zulianas Protagonistas\"],\"inLanguage\":\"es\",\"potentialAction\":[{\"@type\":\"CommentAction\",\"name\":\"Comment\",\"target\":[\"https:\\\/\\\/digital58.com.ve\\\/site\\\/2021\\\/07\\\/17\\\/zulianasprotagonistas-francelys-urdaneta-una-guerrera-con-alma\\\/#respond\"]}]},{\"@type\":\"WebPage\",\"@id\":\"https:\\\/\\\/digital58.com.ve\\\/site\\\/2021\\\/07\\\/17\\\/zulianasprotagonistas-francelys-urdaneta-una-guerrera-con-alma\\\/\",\"url\":\"https:\\\/\\\/digital58.com.ve\\\/site\\\/2021\\\/07\\\/17\\\/zulianasprotagonistas-francelys-urdaneta-una-guerrera-con-alma\\\/\",\"name\":\"#ZulianasProtagonistas | Francelys Urdaneta, una guerrera con alma\",\"isPartOf\":{\"@id\":\"https:\\\/\\\/digital58.com.ve\\\/site\\\/#website\"},\"primaryImageOfPage\":{\"@id\":\"https:\\\/\\\/digital58.com.ve\\\/site\\\/2021\\\/07\\\/17\\\/zulianasprotagonistas-francelys-urdaneta-una-guerrera-con-alma\\\/#primaryimage\"},\"image\":{\"@id\":\"https:\\\/\\\/digital58.com.ve\\\/site\\\/2021\\\/07\\\/17\\\/zulianasprotagonistas-francelys-urdaneta-una-guerrera-con-alma\\\/#primaryimage\"},\"thumbnailUrl\":\"https:\\\/\\\/digital58.com.ve\\\/site\\\/wp-content\\\/uploads\\\/2021\\\/07\\\/francelys-urdaneta-5.jpg\",\"datePublished\":\"2021-07-18T02:01:45+00:00\",\"dateModified\":\"2021-07-21T00:18:10+00:00\",\"description\":\"Zulianas Protagonistas\",\"breadcrumb\":{\"@id\":\"https:\\\/\\\/digital58.com.ve\\\/site\\\/2021\\\/07\\\/17\\\/zulianasprotagonistas-francelys-urdaneta-una-guerrera-con-alma\\\/#breadcrumb\"},\"inLanguage\":\"es\",\"potentialAction\":[{\"@type\":\"ReadAction\",\"target\":[\"https:\\\/\\\/digital58.com.ve\\\/site\\\/2021\\\/07\\\/17\\\/zulianasprotagonistas-francelys-urdaneta-una-guerrera-con-alma\\\/\"]}]},{\"@type\":\"ImageObject\",\"inLanguage\":\"es\",\"@id\":\"https:\\\/\\\/digital58.com.ve\\\/site\\\/2021\\\/07\\\/17\\\/zulianasprotagonistas-francelys-urdaneta-una-guerrera-con-alma\\\/#primaryimage\",\"url\":\"https:\\\/\\\/digital58.com.ve\\\/site\\\/wp-content\\\/uploads\\\/2021\\\/07\\\/francelys-urdaneta-5.jpg\",\"contentUrl\":\"https:\\\/\\\/digital58.com.ve\\\/site\\\/wp-content\\\/uploads\\\/2021\\\/07\\\/francelys-urdaneta-5.jpg\",\"width\":800,\"height\":538},{\"@type\":\"BreadcrumbList\",\"@id\":\"https:\\\/\\\/digital58.com.ve\\\/site\\\/2021\\\/07\\\/17\\\/zulianasprotagonistas-francelys-urdaneta-una-guerrera-con-alma\\\/#breadcrumb\",\"itemListElement\":[{\"@type\":\"ListItem\",\"position\":1,\"name\":\"Home\",\"item\":\"https:\\\/\\\/digital58.com.ve\\\/site\\\/\"},{\"@type\":\"ListItem\",\"position\":2,\"name\":\"#ZulianasProtagonistas | Francelys Urdaneta, una guerrera con alma\"}]},{\"@type\":\"WebSite\",\"@id\":\"https:\\\/\\\/digital58.com.ve\\\/site\\\/#website\",\"url\":\"https:\\\/\\\/digital58.com.ve\\\/site\\\/\",\"name\":\"Noticias Digital58\",\"description\":\"Portal de Noticias \u00a1Periodismo web de verdad! Lanzamiento web 22.11.2005 \\\/ Maracaibo, Venezuela\",\"publisher\":{\"@id\":\"https:\\\/\\\/digital58.com.ve\\\/site\\\/#\\\/schema\\\/person\\\/64d1c2e4d0d4fd1b849980c4331c2951\"},\"alternateName\":\"ND58\",\"potentialAction\":[{\"@type\":\"SearchAction\",\"target\":{\"@type\":\"EntryPoint\",\"urlTemplate\":\"https:\\\/\\\/digital58.com.ve\\\/site\\\/?s={search_term_string}\"},\"query-input\":{\"@type\":\"PropertyValueSpecification\",\"valueRequired\":true,\"valueName\":\"search_term_string\"}}],\"inLanguage\":\"es\"},{\"@type\":[\"Person\",\"Organization\"],\"@id\":\"https:\\\/\\\/digital58.com.ve\\\/site\\\/#\\\/schema\\\/person\\\/64d1c2e4d0d4fd1b849980c4331c2951\",\"name\":\"Villasmil Henry\",\"image\":{\"@type\":\"ImageObject\",\"inLanguage\":\"es\",\"@id\":\"https:\\\/\\\/secure.gravatar.com\\\/avatar\\\/bb0c4a2fcb7970138239f7e404ea75757b1b507b28b5ce4c53fbd62d797c5a7c?s=96&d=mm&r=g\",\"url\":\"https:\\\/\\\/secure.gravatar.com\\\/avatar\\\/bb0c4a2fcb7970138239f7e404ea75757b1b507b28b5ce4c53fbd62d797c5a7c?s=96&d=mm&r=g\",\"contentUrl\":\"https:\\\/\\\/secure.gravatar.com\\\/avatar\\\/bb0c4a2fcb7970138239f7e404ea75757b1b507b28b5ce4c53fbd62d797c5a7c?s=96&d=mm&r=g\",\"caption\":\"Villasmil Henry\"},\"logo\":{\"@id\":\"https:\\\/\\\/secure.gravatar.com\\\/avatar\\\/bb0c4a2fcb7970138239f7e404ea75757b1b507b28b5ce4c53fbd62d797c5a7c?s=96&d=mm&r=g\"},\"sameAs\":[\"http:\\\/\\\/www.henryvillasmil.com.ve\",\"https:\\\/\\\/www.instagram.com\\\/villasmilhfoto\\\/\",\"https:\\\/\\\/x.com\\\/https:\\\/\\\/twitter.com\\\/villasmilhfoto\"],\"url\":\"https:\\\/\\\/digital58.com.ve\\\/site\\\/author\\\/droopy_68\\\/\"}]}<\/script>\n<!-- \/ Yoast SEO plugin. -->","yoast_head_json":{"title":"#ZulianasProtagonistas | Francelys Urdaneta, una guerrera con alma","description":"Zulianas Protagonistas","robots":{"index":"index","follow":"follow","max-snippet":"max-snippet:-1","max-image-preview":"max-image-preview:large","max-video-preview":"max-video-preview:-1"},"canonical":"https:\/\/digital58.com.ve\/site\/2021\/07\/17\/zulianasprotagonistas-francelys-urdaneta-una-guerrera-con-alma\/","og_locale":"es_ES","og_type":"article","og_title":"#ZulianasProtagonistas | Francelys Urdaneta, una guerrera con alma","og_description":"Zulianas Protagonistas","og_url":"https:\/\/digital58.com.ve\/site\/2021\/07\/17\/zulianasprotagonistas-francelys-urdaneta-una-guerrera-con-alma\/","og_site_name":"Noticias Digital58","article_published_time":"2021-07-18T02:01:45+00:00","article_modified_time":"2021-07-21T00:18:10+00:00","og_image":[{"width":900,"height":605,"url":"https:\/\/digital58.com.ve\/site\/wp-content\/uploads\/2021\/07\/francelys-urdaneta-5.jpg","type":"image\/jpeg"}],"author":"Villasmil Henry","twitter_card":"summary_large_image","twitter_creator":"@https:\/\/twitter.com\/villasmilhfoto","twitter_site":"@villasmilhfoto","twitter_misc":{"Escrito por":"Villasmil Henry","Tiempo estimado de lectura":"11 minutos"},"schema":{"@context":"https:\/\/schema.org","@graph":[{"@type":"Article","@id":"https:\/\/digital58.com.ve\/site\/2021\/07\/17\/zulianasprotagonistas-francelys-urdaneta-una-guerrera-con-alma\/#article","isPartOf":{"@id":"https:\/\/digital58.com.ve\/site\/2021\/07\/17\/zulianasprotagonistas-francelys-urdaneta-una-guerrera-con-alma\/"},"author":{"name":"Villasmil Henry","@id":"https:\/\/digital58.com.ve\/site\/#\/schema\/person\/64d1c2e4d0d4fd1b849980c4331c2951"},"headline":"#ZulianasProtagonistas | Francelys Urdaneta, una guerrera con alma","datePublished":"2021-07-18T02:01:45+00:00","dateModified":"2021-07-21T00:18:10+00:00","mainEntityOfPage":{"@id":"https:\/\/digital58.com.ve\/site\/2021\/07\/17\/zulianasprotagonistas-francelys-urdaneta-una-guerrera-con-alma\/"},"wordCount":2269,"commentCount":0,"publisher":{"@id":"https:\/\/digital58.com.ve\/site\/#\/schema\/person\/64d1c2e4d0d4fd1b849980c4331c2951"},"image":{"@id":"https:\/\/digital58.com.ve\/site\/2021\/07\/17\/zulianasprotagonistas-francelys-urdaneta-una-guerrera-con-alma\/#primaryimage"},"thumbnailUrl":"https:\/\/digital58.com.ve\/site\/wp-content\/uploads\/2021\/07\/francelys-urdaneta-5.jpg","keywords":["Entrevistas","Francelys Beatriz Urdaneta Lar","Maracaibo","Nacionales","Venezuela","Zulia"],"articleSection":["Zulianas Protagonistas"],"inLanguage":"es","potentialAction":[{"@type":"CommentAction","name":"Comment","target":["https:\/\/digital58.com.ve\/site\/2021\/07\/17\/zulianasprotagonistas-francelys-urdaneta-una-guerrera-con-alma\/#respond"]}]},{"@type":"WebPage","@id":"https:\/\/digital58.com.ve\/site\/2021\/07\/17\/zulianasprotagonistas-francelys-urdaneta-una-guerrera-con-alma\/","url":"https:\/\/digital58.com.ve\/site\/2021\/07\/17\/zulianasprotagonistas-francelys-urdaneta-una-guerrera-con-alma\/","name":"#ZulianasProtagonistas | Francelys Urdaneta, una guerrera con alma","isPartOf":{"@id":"https:\/\/digital58.com.ve\/site\/#website"},"primaryImageOfPage":{"@id":"https:\/\/digital58.com.ve\/site\/2021\/07\/17\/zulianasprotagonistas-francelys-urdaneta-una-guerrera-con-alma\/#primaryimage"},"image":{"@id":"https:\/\/digital58.com.ve\/site\/2021\/07\/17\/zulianasprotagonistas-francelys-urdaneta-una-guerrera-con-alma\/#primaryimage"},"thumbnailUrl":"https:\/\/digital58.com.ve\/site\/wp-content\/uploads\/2021\/07\/francelys-urdaneta-5.jpg","datePublished":"2021-07-18T02:01:45+00:00","dateModified":"2021-07-21T00:18:10+00:00","description":"Zulianas Protagonistas","breadcrumb":{"@id":"https:\/\/digital58.com.ve\/site\/2021\/07\/17\/zulianasprotagonistas-francelys-urdaneta-una-guerrera-con-alma\/#breadcrumb"},"inLanguage":"es","potentialAction":[{"@type":"ReadAction","target":["https:\/\/digital58.com.ve\/site\/2021\/07\/17\/zulianasprotagonistas-francelys-urdaneta-una-guerrera-con-alma\/"]}]},{"@type":"ImageObject","inLanguage":"es","@id":"https:\/\/digital58.com.ve\/site\/2021\/07\/17\/zulianasprotagonistas-francelys-urdaneta-una-guerrera-con-alma\/#primaryimage","url":"https:\/\/digital58.com.ve\/site\/wp-content\/uploads\/2021\/07\/francelys-urdaneta-5.jpg","contentUrl":"https:\/\/digital58.com.ve\/site\/wp-content\/uploads\/2021\/07\/francelys-urdaneta-5.jpg","width":800,"height":538},{"@type":"BreadcrumbList","@id":"https:\/\/digital58.com.ve\/site\/2021\/07\/17\/zulianasprotagonistas-francelys-urdaneta-una-guerrera-con-alma\/#breadcrumb","itemListElement":[{"@type":"ListItem","position":1,"name":"Home","item":"https:\/\/digital58.com.ve\/site\/"},{"@type":"ListItem","position":2,"name":"#ZulianasProtagonistas | Francelys Urdaneta, una guerrera con alma"}]},{"@type":"WebSite","@id":"https:\/\/digital58.com.ve\/site\/#website","url":"https:\/\/digital58.com.ve\/site\/","name":"Noticias Digital58","description":"Portal de Noticias \u00a1Periodismo web de verdad! Lanzamiento web 22.11.2005 \/ Maracaibo, Venezuela","publisher":{"@id":"https:\/\/digital58.com.ve\/site\/#\/schema\/person\/64d1c2e4d0d4fd1b849980c4331c2951"},"alternateName":"ND58","potentialAction":[{"@type":"SearchAction","target":{"@type":"EntryPoint","urlTemplate":"https:\/\/digital58.com.ve\/site\/?s={search_term_string}"},"query-input":{"@type":"PropertyValueSpecification","valueRequired":true,"valueName":"search_term_string"}}],"inLanguage":"es"},{"@type":["Person","Organization"],"@id":"https:\/\/digital58.com.ve\/site\/#\/schema\/person\/64d1c2e4d0d4fd1b849980c4331c2951","name":"Villasmil Henry","image":{"@type":"ImageObject","inLanguage":"es","@id":"https:\/\/secure.gravatar.com\/avatar\/bb0c4a2fcb7970138239f7e404ea75757b1b507b28b5ce4c53fbd62d797c5a7c?s=96&d=mm&r=g","url":"https:\/\/secure.gravatar.com\/avatar\/bb0c4a2fcb7970138239f7e404ea75757b1b507b28b5ce4c53fbd62d797c5a7c?s=96&d=mm&r=g","contentUrl":"https:\/\/secure.gravatar.com\/avatar\/bb0c4a2fcb7970138239f7e404ea75757b1b507b28b5ce4c53fbd62d797c5a7c?s=96&d=mm&r=g","caption":"Villasmil Henry"},"logo":{"@id":"https:\/\/secure.gravatar.com\/avatar\/bb0c4a2fcb7970138239f7e404ea75757b1b507b28b5ce4c53fbd62d797c5a7c?s=96&d=mm&r=g"},"sameAs":["http:\/\/www.henryvillasmil.com.ve","https:\/\/www.instagram.com\/villasmilhfoto\/","https:\/\/x.com\/https:\/\/twitter.com\/villasmilhfoto"],"url":"https:\/\/digital58.com.ve\/site\/author\/droopy_68\/"}]}},"uagb_featured_image_src":{"full":["https:\/\/digital58.com.ve\/site\/wp-content\/uploads\/2021\/07\/francelys-urdaneta-5.jpg",800,538,false],"thumbnail":["https:\/\/digital58.com.ve\/site\/wp-content\/uploads\/2021\/07\/francelys-urdaneta-5-150x150.jpg",150,150,true],"medium":["https:\/\/digital58.com.ve\/site\/wp-content\/uploads\/2021\/07\/francelys-urdaneta-5-300x202.jpg",300,202,true],"medium_large":["https:\/\/digital58.com.ve\/site\/wp-content\/uploads\/2021\/07\/francelys-urdaneta-5-768x516.jpg",768,516,true],"large":["https:\/\/digital58.com.ve\/site\/wp-content\/uploads\/2021\/07\/francelys-urdaneta-5.jpg",800,538,false],"1536x1536":["https:\/\/digital58.com.ve\/site\/wp-content\/uploads\/2021\/07\/francelys-urdaneta-5.jpg",800,538,false],"2048x2048":["https:\/\/digital58.com.ve\/site\/wp-content\/uploads\/2021\/07\/francelys-urdaneta-5.jpg",800,538,false],"colormag-highlighted-post":["https:\/\/digital58.com.ve\/site\/wp-content\/uploads\/2021\/07\/francelys-urdaneta-5.jpg",392,264,false],"colormag-featured-post-medium":["https:\/\/digital58.com.ve\/site\/wp-content\/uploads\/2021\/07\/francelys-urdaneta-5.jpg",305,205,false],"colormag-featured-post-small":["https:\/\/digital58.com.ve\/site\/wp-content\/uploads\/2021\/07\/francelys-urdaneta-5.jpg",130,87,false],"colormag-featured-image":["https:\/\/digital58.com.ve\/site\/wp-content\/uploads\/2021\/07\/francelys-urdaneta-5.jpg",662,445,false],"colormag-default-news":["https:\/\/digital58.com.ve\/site\/wp-content\/uploads\/2021\/07\/francelys-urdaneta-5.jpg",150,101,false],"colormag-featured-image-large":["https:\/\/digital58.com.ve\/site\/wp-content\/uploads\/2021\/07\/francelys-urdaneta-5.jpg",800,538,false]},"uagb_author_info":{"display_name":"Villasmil Henry","author_link":"https:\/\/digital58.com.ve\/site\/author\/droopy_68\/"},"uagb_comment_info":0,"uagb_excerpt":"\u00abMe gusta el conflicto, soy buena, pero me gusta ver el mundo arder, no de mala forma aclaro\u00bb, confiesa esta","_links":{"self":[{"href":"https:\/\/digital58.com.ve\/site\/wp-json\/wp\/v2\/posts\/141160","targetHints":{"allow":["GET"]}}],"collection":[{"href":"https:\/\/digital58.com.ve\/site\/wp-json\/wp\/v2\/posts"}],"about":[{"href":"https:\/\/digital58.com.ve\/site\/wp-json\/wp\/v2\/types\/post"}],"author":[{"embeddable":true,"href":"https:\/\/digital58.com.ve\/site\/wp-json\/wp\/v2\/users\/1"}],"replies":[{"embeddable":true,"href":"https:\/\/digital58.com.ve\/site\/wp-json\/wp\/v2\/comments?post=141160"}],"version-history":[{"count":0,"href":"https:\/\/digital58.com.ve\/site\/wp-json\/wp\/v2\/posts\/141160\/revisions"}],"wp:featuredmedia":[{"embeddable":true,"href":"https:\/\/digital58.com.ve\/site\/wp-json\/wp\/v2\/media\/141231"}],"wp:attachment":[{"href":"https:\/\/digital58.com.ve\/site\/wp-json\/wp\/v2\/media?parent=141160"}],"wp:term":[{"taxonomy":"category","embeddable":true,"href":"https:\/\/digital58.com.ve\/site\/wp-json\/wp\/v2\/categories?post=141160"},{"taxonomy":"post_tag","embeddable":true,"href":"https:\/\/digital58.com.ve\/site\/wp-json\/wp\/v2\/tags?post=141160"}],"curies":[{"name":"wp","href":"https:\/\/api.w.org\/{rel}","templated":true}]}}