{"id":141282,"date":"2021-07-19T18:58:15","date_gmt":"2021-07-19T22:58:15","guid":{"rendered":"https:\/\/digital58.com.ve\/site\/?p=141282"},"modified":"2021-07-19T18:58:15","modified_gmt":"2021-07-19T22:58:15","slug":"la-causa-r-respalda-el-acuerdo-de-salvacion-nacional-y-no-participara-en-elecciones-de-noviembre","status":"publish","type":"post","link":"https:\/\/digital58.com.ve\/site\/2021\/07\/19\/la-causa-r-respalda-el-acuerdo-de-salvacion-nacional-y-no-participara-en-elecciones-de-noviembre\/","title":{"rendered":"La Causa R respalda el Acuerdo de Salvaci\u00f3n Nacional y no participar\u00e1 en elecciones de noviembre"},"content":{"rendered":"<p><img loading=\"lazy\" decoding=\"async\" class=\"aligncenter wp-image-126060\" src=\"https:\/\/digital58.com.ve\/site\/wp-content\/uploads\/2020\/09\/andres-velazquez.jpg\" alt=\"\" width=\"800\" height=\"450\" srcset=\"https:\/\/digital58.com.ve\/site\/wp-content\/uploads\/2020\/09\/andres-velazquez.jpg 800w, https:\/\/digital58.com.ve\/site\/wp-content\/uploads\/2020\/09\/andres-velazquez-300x169.jpg 300w, https:\/\/digital58.com.ve\/site\/wp-content\/uploads\/2020\/09\/andres-velazquez-768x432.jpg 768w\" sizes=\"auto, (max-width: 800px) 100vw, 800px\" \/><\/p>\n<p>El partido \u00abverdelaborista\u00bb, considera que en el pa\u00eds no existen condiciones que garanticen que los ciudadanos elijan \u00ablibremente a sus representantes y sea respetada su voluntad\u00bb.<\/p>\n<p><strong>Caracas, DC, Venezuela, 19 de julio de 2021 (ND58).- <\/strong>El partido pol\u00edtico opositor venezolano, La Causa Radical, emiti\u00f3 este lunes 19 de julio un comunicado en el cual informa su negativa a participar en las pr\u00f3ximas elecciones regionales y municipales pautadas para el 21 de noviembre.<\/p>\n<p>\u00abInformamos que por consenso hemos tomado la decisi\u00f3n de no convalidar las elecciones regionales convocadas fraudulentamente por el r\u00e9gimen tir\u00e1nico, raz\u00f3n por la cual no participaremos en las mismas ni postularemos candidatos\u00bb, se lee en el documento.<\/p>\n<p>El partido \u00abverdelaborista\u00bb, considera que en el pa\u00eds no existen condiciones que garanticen que los ciudadanos elijan \u00ablibremente a sus representantes y sea respetada su voluntad\u00bb.<\/p>\n<p>Por otra parte, se indica que dicho proceso electoral se convoca al margen de la propuesta opositora del Acuerdo de Salvaci\u00f3n Nacional, realizada por Juan Guaid\u00f3 y en la cual el \u00a0partido liderado por Andr\u00e9s Vel\u00e1zquez, ve una soluci\u00f3n integral a la crisis que atraviesa Venezuela.<\/p>\n<blockquote class=\"twitter-tweet\" data-width=\"550\" data-dnt=\"true\">\n<p lang=\"es\" dir=\"ltr\"><a href=\"https:\/\/twitter.com\/hashtag\/LaCausaR?src=hash&amp;ref_src=twsrc%5Etfw\">#LaCausaR<\/a> no convalidar\u00e1 la convocatoria de Maduro para el mes de Noviembre y, por lo tanto,  no participar\u00e1 ni presentar\u00e1 candidatos.<\/p>\n<p>Aqu\u00ed el texto de nuestro <a href=\"https:\/\/twitter.com\/hashtag\/Comunicado?src=hash&amp;ref_src=twsrc%5Etfw\">#Comunicado<\/a> al pa\u00eds. <a href=\"https:\/\/t.co\/Fl1OlTwhTa\">pic.twitter.com\/Fl1OlTwhTa<\/a><\/p>\n<p>&mdash; La Causa \u042f (@LaCausaRVe) <a href=\"https:\/\/twitter.com\/LaCausaRVe\/status\/1417215709604683778?ref_src=twsrc%5Etfw\">July 19, 2021<\/a><\/p><\/blockquote>\n<p><script async src=\"https:\/\/platform.twitter.com\/widgets.js\" charset=\"utf-8\"><\/script><\/p>\n<p>La organizaci\u00f3n tambi\u00e9n denuncia que en el pa\u00eds se ha incrementado la \u00abla persecuci\u00f3n pol\u00edtica\u00bb y que este proceso electoral es utilizado por el gobierno nacional como una especie de chantaje que busca dividir a las fuerzas opositoras.<\/p>\n<p>\u00abEn las actuales circunstancias ning\u00fan gobernador ni alcalde est\u00e1 en la capacidad de resolver los problemas de la ciudadan\u00eda y mucho menos de defenderla de la tiran\u00eda criminal, en virtud de la persecuci\u00f3n pol\u00edtica y la total destrucci\u00f3n del modelo de descentralizaci\u00f3n administrativa\u00bb, manifiesta el partido.<\/p>\n<p>Adem\u00e1s, la organizaci\u00f3n manifest\u00f3 que la crisis venezolana tambi\u00e9n toma dimensiones internacionales, al tiempo que consideran que Venezuela es en este momento un \u00abestado fallido\u00bb.<\/p>\n<p>Por \u00faltimo, hacen un llamado a la ciudadan\u00eda para continuar \u00abluchando\u00bb contra el gobierno venezolano, \u00abinspirados ahora en la rebeli\u00f3n del pueblo cubano\u00bb.<\/p><div class=\"cbdef6a9ab6b8c8ccf\" ><p style=\"text-align: center;\"><a href=\"https:\/\/t.me\/noticiasdigital58\" target=\"_blank\" rel=\"noopener\"><img class=\"aligncenter size-full wp-image-125363\" src=\"https:\/\/digital58.com.ve\/site\/wp-content\/uploads\/2021\/04\/banner-telegram-web-2021.png\" alt=\"\" width=\"600\" height=\"90\" \/><\/a><\/p><\/div><style type=\"text\/css\">\r\n@media screen and (min-width: 1201px) {\r\n.cbdef6a9ab6b8c8ccf {\r\ndisplay: block;\r\n}\r\n}\r\n@media screen and (min-width: 993px) and (max-width: 1200px) {\r\n.cbdef6a9ab6b8c8ccf {\r\ndisplay: block;\r\n}\r\n}\r\n@media screen and (min-width: 769px) and (max-width: 992px) {\r\n.cbdef6a9ab6b8c8ccf {\r\ndisplay: block;\r\n}\r\n}\r\n@media screen and (min-width: 768px) and (max-width: 768px) {\r\n.cbdef6a9ab6b8c8ccf {\r\ndisplay: block;\r\n}\r\n}\r\n@media screen and (max-width: 767px) {\r\n.cbdef6a9ab6b8c8ccf {\r\ndisplay: block;\r\n}\r\n}\r\n<\/style>\r\n\n<p><strong>Redacci\u00f3n: Morales, Joel (@joeldmc32)<br \/>\nEdici\u00f3n: Villasmil, Henry<br \/>\nGr\u00e1fica: Cortes\u00eda<\/strong><\/p>\n<div style=\"margin-top: 0px; margin-bottom: 0px;\" class=\"sharethis-inline-share-buttons\" ><\/div>","protected":false},"excerpt":{"rendered":"<p>El partido \u00abverdelaborista\u00bb, considera que en el pa\u00eds no existen condiciones que garanticen que los ciudadanos elijan \u00ablibremente a sus<\/p>\n","protected":false},"author":29,"featured_media":126060,"comment_status":"open","ping_status":"closed","sticky":false,"template":"","format":"standard","meta":{"colormag_page_container_layout":"default_layout","colormag_page_sidebar_layout":"default_layout","_uag_custom_page_level_css":"","footnotes":""},"categories":[16454],"tags":[29,24139,20937,233,32],"class_list":["post-141282","post","type-post","status-publish","format-standard","has-post-thumbnail","hentry","category-venezuela","tag-caracas","tag-elecciones-regionales-y-municipales","tag-la-causa-radical","tag-nacionales","tag-venezuela"],"yoast_head":"<!-- This site is optimized with the Yoast SEO plugin v28.4 - https:\/\/yoast.com\/product\/yoast-seo-wordpress\/ -->\n<title>La Causa R respalda el Acuerdo de Salvaci\u00f3n Nacional y no participar\u00e1 en elecciones de noviembre<\/title>\n<meta name=\"description\" content=\"Venezuela\" \/>\n<meta name=\"robots\" content=\"index, follow, max-snippet:-1, max-image-preview:large, max-video-preview:-1\" \/>\n<link rel=\"canonical\" href=\"https:\/\/digital58.com.ve\/site\/2021\/07\/19\/la-causa-r-respalda-el-acuerdo-de-salvacion-nacional-y-no-participara-en-elecciones-de-noviembre\/\" \/>\n<meta property=\"og:locale\" content=\"es_ES\" \/>\n<meta property=\"og:type\" content=\"article\" \/>\n<meta property=\"og:title\" content=\"La Causa R respalda el Acuerdo de Salvaci\u00f3n Nacional y no participar\u00e1 en elecciones de noviembre\" \/>\n<meta property=\"og:description\" content=\"Venezuela\" \/>\n<meta property=\"og:url\" content=\"https:\/\/digital58.com.ve\/site\/2021\/07\/19\/la-causa-r-respalda-el-acuerdo-de-salvacion-nacional-y-no-participara-en-elecciones-de-noviembre\/\" \/>\n<meta property=\"og:site_name\" content=\"Noticias Digital58\" \/>\n<meta property=\"article:published_time\" content=\"2021-07-19T22:58:15+00:00\" \/>\n<meta property=\"og:image\" content=\"https:\/\/digital58.com.ve\/site\/wp-content\/uploads\/2020\/09\/andres-velazquez.jpg\" \/>\n\t<meta property=\"og:image:width\" content=\"900\" \/>\n\t<meta property=\"og:image:height\" content=\"506\" \/>\n\t<meta property=\"og:image:type\" content=\"image\/jpeg\" \/>\n<meta name=\"author\" content=\"Morales Joel\" \/>\n<meta name=\"twitter:card\" content=\"summary_large_image\" \/>\n<meta name=\"twitter:creator\" content=\"@Digital_58\" \/>\n<meta name=\"twitter:site\" content=\"@villasmilhfoto\" \/>\n<meta name=\"twitter:label1\" content=\"Escrito por\" \/>\n\t<meta name=\"twitter:data1\" content=\"Morales Joel\" \/>\n\t<meta name=\"twitter:label2\" content=\"Tiempo estimado de lectura\" \/>\n\t<meta name=\"twitter:data2\" content=\"2 minutos\" \/>\n<script type=\"application\/ld+json\" class=\"yoast-schema-graph\">{\"@context\":\"https:\\\/\\\/schema.org\",\"@graph\":[{\"@type\":\"Article\",\"@id\":\"https:\\\/\\\/digital58.com.ve\\\/site\\\/2021\\\/07\\\/19\\\/la-causa-r-respalda-el-acuerdo-de-salvacion-nacional-y-no-participara-en-elecciones-de-noviembre\\\/#article\",\"isPartOf\":{\"@id\":\"https:\\\/\\\/digital58.com.ve\\\/site\\\/2021\\\/07\\\/19\\\/la-causa-r-respalda-el-acuerdo-de-salvacion-nacional-y-no-participara-en-elecciones-de-noviembre\\\/\"},\"author\":{\"name\":\"Morales Joel\",\"@id\":\"https:\\\/\\\/digital58.com.ve\\\/site\\\/#\\\/schema\\\/person\\\/8daf5f8bfd9ebdb98150c62bff195b72\"},\"headline\":\"La Causa R respalda el Acuerdo de Salvaci\u00f3n Nacional y no participar\u00e1 en elecciones de noviembre\",\"datePublished\":\"2021-07-19T22:58:15+00:00\",\"mainEntityOfPage\":{\"@id\":\"https:\\\/\\\/digital58.com.ve\\\/site\\\/2021\\\/07\\\/19\\\/la-causa-r-respalda-el-acuerdo-de-salvacion-nacional-y-no-participara-en-elecciones-de-noviembre\\\/\"},\"wordCount\":374,\"commentCount\":0,\"publisher\":{\"@id\":\"https:\\\/\\\/digital58.com.ve\\\/site\\\/#\\\/schema\\\/person\\\/64d1c2e4d0d4fd1b849980c4331c2951\"},\"image\":{\"@id\":\"https:\\\/\\\/digital58.com.ve\\\/site\\\/2021\\\/07\\\/19\\\/la-causa-r-respalda-el-acuerdo-de-salvacion-nacional-y-no-participara-en-elecciones-de-noviembre\\\/#primaryimage\"},\"thumbnailUrl\":\"https:\\\/\\\/digital58.com.ve\\\/site\\\/wp-content\\\/uploads\\\/2020\\\/09\\\/andres-velazquez.jpg\",\"keywords\":[\"Caracas\",\"Elecciones Regionales y Municipales\",\"La Causa Radical\",\"Nacionales\",\"Venezuela\"],\"articleSection\":[\"Venezuela\"],\"inLanguage\":\"es\",\"potentialAction\":[{\"@type\":\"CommentAction\",\"name\":\"Comment\",\"target\":[\"https:\\\/\\\/digital58.com.ve\\\/site\\\/2021\\\/07\\\/19\\\/la-causa-r-respalda-el-acuerdo-de-salvacion-nacional-y-no-participara-en-elecciones-de-noviembre\\\/#respond\"]}]},{\"@type\":\"WebPage\",\"@id\":\"https:\\\/\\\/digital58.com.ve\\\/site\\\/2021\\\/07\\\/19\\\/la-causa-r-respalda-el-acuerdo-de-salvacion-nacional-y-no-participara-en-elecciones-de-noviembre\\\/\",\"url\":\"https:\\\/\\\/digital58.com.ve\\\/site\\\/2021\\\/07\\\/19\\\/la-causa-r-respalda-el-acuerdo-de-salvacion-nacional-y-no-participara-en-elecciones-de-noviembre\\\/\",\"name\":\"La Causa R respalda el Acuerdo de Salvaci\u00f3n Nacional y no participar\u00e1 en elecciones de noviembre\",\"isPartOf\":{\"@id\":\"https:\\\/\\\/digital58.com.ve\\\/site\\\/#website\"},\"primaryImageOfPage\":{\"@id\":\"https:\\\/\\\/digital58.com.ve\\\/site\\\/2021\\\/07\\\/19\\\/la-causa-r-respalda-el-acuerdo-de-salvacion-nacional-y-no-participara-en-elecciones-de-noviembre\\\/#primaryimage\"},\"image\":{\"@id\":\"https:\\\/\\\/digital58.com.ve\\\/site\\\/2021\\\/07\\\/19\\\/la-causa-r-respalda-el-acuerdo-de-salvacion-nacional-y-no-participara-en-elecciones-de-noviembre\\\/#primaryimage\"},\"thumbnailUrl\":\"https:\\\/\\\/digital58.com.ve\\\/site\\\/wp-content\\\/uploads\\\/2020\\\/09\\\/andres-velazquez.jpg\",\"datePublished\":\"2021-07-19T22:58:15+00:00\",\"description\":\"Venezuela\",\"breadcrumb\":{\"@id\":\"https:\\\/\\\/digital58.com.ve\\\/site\\\/2021\\\/07\\\/19\\\/la-causa-r-respalda-el-acuerdo-de-salvacion-nacional-y-no-participara-en-elecciones-de-noviembre\\\/#breadcrumb\"},\"inLanguage\":\"es\",\"potentialAction\":[{\"@type\":\"ReadAction\",\"target\":[\"https:\\\/\\\/digital58.com.ve\\\/site\\\/2021\\\/07\\\/19\\\/la-causa-r-respalda-el-acuerdo-de-salvacion-nacional-y-no-participara-en-elecciones-de-noviembre\\\/\"]}]},{\"@type\":\"ImageObject\",\"inLanguage\":\"es\",\"@id\":\"https:\\\/\\\/digital58.com.ve\\\/site\\\/2021\\\/07\\\/19\\\/la-causa-r-respalda-el-acuerdo-de-salvacion-nacional-y-no-participara-en-elecciones-de-noviembre\\\/#primaryimage\",\"url\":\"https:\\\/\\\/digital58.com.ve\\\/site\\\/wp-content\\\/uploads\\\/2020\\\/09\\\/andres-velazquez.jpg\",\"contentUrl\":\"https:\\\/\\\/digital58.com.ve\\\/site\\\/wp-content\\\/uploads\\\/2020\\\/09\\\/andres-velazquez.jpg\",\"width\":800,\"height\":450},{\"@type\":\"BreadcrumbList\",\"@id\":\"https:\\\/\\\/digital58.com.ve\\\/site\\\/2021\\\/07\\\/19\\\/la-causa-r-respalda-el-acuerdo-de-salvacion-nacional-y-no-participara-en-elecciones-de-noviembre\\\/#breadcrumb\",\"itemListElement\":[{\"@type\":\"ListItem\",\"position\":1,\"name\":\"Home\",\"item\":\"https:\\\/\\\/digital58.com.ve\\\/site\\\/\"},{\"@type\":\"ListItem\",\"position\":2,\"name\":\"La Causa R respalda el Acuerdo de Salvaci\u00f3n Nacional y no participar\u00e1 en elecciones de noviembre\"}]},{\"@type\":\"WebSite\",\"@id\":\"https:\\\/\\\/digital58.com.ve\\\/site\\\/#website\",\"url\":\"https:\\\/\\\/digital58.com.ve\\\/site\\\/\",\"name\":\"Noticias Digital58\",\"description\":\"Portal de Noticias \u00a1Periodismo web de verdad! Lanzamiento web 22.11.2005 \\\/ Maracaibo, Venezuela\",\"publisher\":{\"@id\":\"https:\\\/\\\/digital58.com.ve\\\/site\\\/#\\\/schema\\\/person\\\/64d1c2e4d0d4fd1b849980c4331c2951\"},\"alternateName\":\"ND58\",\"potentialAction\":[{\"@type\":\"SearchAction\",\"target\":{\"@type\":\"EntryPoint\",\"urlTemplate\":\"https:\\\/\\\/digital58.com.ve\\\/site\\\/?s={search_term_string}\"},\"query-input\":{\"@type\":\"PropertyValueSpecification\",\"valueRequired\":true,\"valueName\":\"search_term_string\"}}],\"inLanguage\":\"es\"},{\"@type\":[\"Person\",\"Organization\"],\"@id\":\"https:\\\/\\\/digital58.com.ve\\\/site\\\/#\\\/schema\\\/person\\\/64d1c2e4d0d4fd1b849980c4331c2951\",\"name\":\"Villasmil Henry\",\"image\":{\"@type\":\"ImageObject\",\"inLanguage\":\"es\",\"@id\":\"https:\\\/\\\/secure.gravatar.com\\\/avatar\\\/bb0c4a2fcb7970138239f7e404ea75757b1b507b28b5ce4c53fbd62d797c5a7c?s=96&d=mm&r=g\",\"url\":\"https:\\\/\\\/secure.gravatar.com\\\/avatar\\\/bb0c4a2fcb7970138239f7e404ea75757b1b507b28b5ce4c53fbd62d797c5a7c?s=96&d=mm&r=g\",\"contentUrl\":\"https:\\\/\\\/secure.gravatar.com\\\/avatar\\\/bb0c4a2fcb7970138239f7e404ea75757b1b507b28b5ce4c53fbd62d797c5a7c?s=96&d=mm&r=g\",\"caption\":\"Villasmil Henry\"},\"logo\":{\"@id\":\"https:\\\/\\\/secure.gravatar.com\\\/avatar\\\/bb0c4a2fcb7970138239f7e404ea75757b1b507b28b5ce4c53fbd62d797c5a7c?s=96&d=mm&r=g\"},\"sameAs\":[\"http:\\\/\\\/www.henryvillasmil.com.ve\",\"https:\\\/\\\/www.instagram.com\\\/villasmilhfoto\\\/\",\"https:\\\/\\\/x.com\\\/https:\\\/\\\/twitter.com\\\/villasmilhfoto\"]},{\"@type\":\"Person\",\"@id\":\"https:\\\/\\\/digital58.com.ve\\\/site\\\/#\\\/schema\\\/person\\\/8daf5f8bfd9ebdb98150c62bff195b72\",\"name\":\"Morales Joel\",\"image\":{\"@type\":\"ImageObject\",\"inLanguage\":\"es\",\"@id\":\"https:\\\/\\\/secure.gravatar.com\\\/avatar\\\/e2cb5ce0e9279ab3c8e03d472e483f32e666716a18da3bfa7b0749a5465409f1?s=96&d=mm&r=g\",\"url\":\"https:\\\/\\\/secure.gravatar.com\\\/avatar\\\/e2cb5ce0e9279ab3c8e03d472e483f32e666716a18da3bfa7b0749a5465409f1?s=96&d=mm&r=g\",\"contentUrl\":\"https:\\\/\\\/secure.gravatar.com\\\/avatar\\\/e2cb5ce0e9279ab3c8e03d472e483f32e666716a18da3bfa7b0749a5465409f1?s=96&d=mm&r=g\",\"caption\":\"Morales Joel\"},\"url\":\"https:\\\/\\\/digital58.com.ve\\\/site\\\/author\\\/joelm\\\/\"}]}<\/script>\n<!-- \/ Yoast SEO plugin. -->","yoast_head_json":{"title":"La Causa R respalda el Acuerdo de Salvaci\u00f3n Nacional y no participar\u00e1 en elecciones de noviembre","description":"Venezuela","robots":{"index":"index","follow":"follow","max-snippet":"max-snippet:-1","max-image-preview":"max-image-preview:large","max-video-preview":"max-video-preview:-1"},"canonical":"https:\/\/digital58.com.ve\/site\/2021\/07\/19\/la-causa-r-respalda-el-acuerdo-de-salvacion-nacional-y-no-participara-en-elecciones-de-noviembre\/","og_locale":"es_ES","og_type":"article","og_title":"La Causa R respalda el Acuerdo de Salvaci\u00f3n Nacional y no participar\u00e1 en elecciones de noviembre","og_description":"Venezuela","og_url":"https:\/\/digital58.com.ve\/site\/2021\/07\/19\/la-causa-r-respalda-el-acuerdo-de-salvacion-nacional-y-no-participara-en-elecciones-de-noviembre\/","og_site_name":"Noticias Digital58","article_published_time":"2021-07-19T22:58:15+00:00","og_image":[{"width":900,"height":506,"url":"https:\/\/digital58.com.ve\/site\/wp-content\/uploads\/2020\/09\/andres-velazquez.jpg","type":"image\/jpeg"}],"author":"Morales Joel","twitter_card":"summary_large_image","twitter_creator":"@Digital_58","twitter_site":"@villasmilhfoto","twitter_misc":{"Escrito por":"Morales Joel","Tiempo estimado de lectura":"2 minutos"},"schema":{"@context":"https:\/\/schema.org","@graph":[{"@type":"Article","@id":"https:\/\/digital58.com.ve\/site\/2021\/07\/19\/la-causa-r-respalda-el-acuerdo-de-salvacion-nacional-y-no-participara-en-elecciones-de-noviembre\/#article","isPartOf":{"@id":"https:\/\/digital58.com.ve\/site\/2021\/07\/19\/la-causa-r-respalda-el-acuerdo-de-salvacion-nacional-y-no-participara-en-elecciones-de-noviembre\/"},"author":{"name":"Morales Joel","@id":"https:\/\/digital58.com.ve\/site\/#\/schema\/person\/8daf5f8bfd9ebdb98150c62bff195b72"},"headline":"La Causa R respalda el Acuerdo de Salvaci\u00f3n Nacional y no participar\u00e1 en elecciones de noviembre","datePublished":"2021-07-19T22:58:15+00:00","mainEntityOfPage":{"@id":"https:\/\/digital58.com.ve\/site\/2021\/07\/19\/la-causa-r-respalda-el-acuerdo-de-salvacion-nacional-y-no-participara-en-elecciones-de-noviembre\/"},"wordCount":374,"commentCount":0,"publisher":{"@id":"https:\/\/digital58.com.ve\/site\/#\/schema\/person\/64d1c2e4d0d4fd1b849980c4331c2951"},"image":{"@id":"https:\/\/digital58.com.ve\/site\/2021\/07\/19\/la-causa-r-respalda-el-acuerdo-de-salvacion-nacional-y-no-participara-en-elecciones-de-noviembre\/#primaryimage"},"thumbnailUrl":"https:\/\/digital58.com.ve\/site\/wp-content\/uploads\/2020\/09\/andres-velazquez.jpg","keywords":["Caracas","Elecciones Regionales y Municipales","La Causa Radical","Nacionales","Venezuela"],"articleSection":["Venezuela"],"inLanguage":"es","potentialAction":[{"@type":"CommentAction","name":"Comment","target":["https:\/\/digital58.com.ve\/site\/2021\/07\/19\/la-causa-r-respalda-el-acuerdo-de-salvacion-nacional-y-no-participara-en-elecciones-de-noviembre\/#respond"]}]},{"@type":"WebPage","@id":"https:\/\/digital58.com.ve\/site\/2021\/07\/19\/la-causa-r-respalda-el-acuerdo-de-salvacion-nacional-y-no-participara-en-elecciones-de-noviembre\/","url":"https:\/\/digital58.com.ve\/site\/2021\/07\/19\/la-causa-r-respalda-el-acuerdo-de-salvacion-nacional-y-no-participara-en-elecciones-de-noviembre\/","name":"La Causa R respalda el Acuerdo de Salvaci\u00f3n Nacional y no participar\u00e1 en elecciones de noviembre","isPartOf":{"@id":"https:\/\/digital58.com.ve\/site\/#website"},"primaryImageOfPage":{"@id":"https:\/\/digital58.com.ve\/site\/2021\/07\/19\/la-causa-r-respalda-el-acuerdo-de-salvacion-nacional-y-no-participara-en-elecciones-de-noviembre\/#primaryimage"},"image":{"@id":"https:\/\/digital58.com.ve\/site\/2021\/07\/19\/la-causa-r-respalda-el-acuerdo-de-salvacion-nacional-y-no-participara-en-elecciones-de-noviembre\/#primaryimage"},"thumbnailUrl":"https:\/\/digital58.com.ve\/site\/wp-content\/uploads\/2020\/09\/andres-velazquez.jpg","datePublished":"2021-07-19T22:58:15+00:00","description":"Venezuela","breadcrumb":{"@id":"https:\/\/digital58.com.ve\/site\/2021\/07\/19\/la-causa-r-respalda-el-acuerdo-de-salvacion-nacional-y-no-participara-en-elecciones-de-noviembre\/#breadcrumb"},"inLanguage":"es","potentialAction":[{"@type":"ReadAction","target":["https:\/\/digital58.com.ve\/site\/2021\/07\/19\/la-causa-r-respalda-el-acuerdo-de-salvacion-nacional-y-no-participara-en-elecciones-de-noviembre\/"]}]},{"@type":"ImageObject","inLanguage":"es","@id":"https:\/\/digital58.com.ve\/site\/2021\/07\/19\/la-causa-r-respalda-el-acuerdo-de-salvacion-nacional-y-no-participara-en-elecciones-de-noviembre\/#primaryimage","url":"https:\/\/digital58.com.ve\/site\/wp-content\/uploads\/2020\/09\/andres-velazquez.jpg","contentUrl":"https:\/\/digital58.com.ve\/site\/wp-content\/uploads\/2020\/09\/andres-velazquez.jpg","width":800,"height":450},{"@type":"BreadcrumbList","@id":"https:\/\/digital58.com.ve\/site\/2021\/07\/19\/la-causa-r-respalda-el-acuerdo-de-salvacion-nacional-y-no-participara-en-elecciones-de-noviembre\/#breadcrumb","itemListElement":[{"@type":"ListItem","position":1,"name":"Home","item":"https:\/\/digital58.com.ve\/site\/"},{"@type":"ListItem","position":2,"name":"La Causa R respalda el Acuerdo de Salvaci\u00f3n Nacional y no participar\u00e1 en elecciones de noviembre"}]},{"@type":"WebSite","@id":"https:\/\/digital58.com.ve\/site\/#website","url":"https:\/\/digital58.com.ve\/site\/","name":"Noticias Digital58","description":"Portal de Noticias \u00a1Periodismo web de verdad! Lanzamiento web 22.11.2005 \/ Maracaibo, Venezuela","publisher":{"@id":"https:\/\/digital58.com.ve\/site\/#\/schema\/person\/64d1c2e4d0d4fd1b849980c4331c2951"},"alternateName":"ND58","potentialAction":[{"@type":"SearchAction","target":{"@type":"EntryPoint","urlTemplate":"https:\/\/digital58.com.ve\/site\/?s={search_term_string}"},"query-input":{"@type":"PropertyValueSpecification","valueRequired":true,"valueName":"search_term_string"}}],"inLanguage":"es"},{"@type":["Person","Organization"],"@id":"https:\/\/digital58.com.ve\/site\/#\/schema\/person\/64d1c2e4d0d4fd1b849980c4331c2951","name":"Villasmil Henry","image":{"@type":"ImageObject","inLanguage":"es","@id":"https:\/\/secure.gravatar.com\/avatar\/bb0c4a2fcb7970138239f7e404ea75757b1b507b28b5ce4c53fbd62d797c5a7c?s=96&d=mm&r=g","url":"https:\/\/secure.gravatar.com\/avatar\/bb0c4a2fcb7970138239f7e404ea75757b1b507b28b5ce4c53fbd62d797c5a7c?s=96&d=mm&r=g","contentUrl":"https:\/\/secure.gravatar.com\/avatar\/bb0c4a2fcb7970138239f7e404ea75757b1b507b28b5ce4c53fbd62d797c5a7c?s=96&d=mm&r=g","caption":"Villasmil Henry"},"logo":{"@id":"https:\/\/secure.gravatar.com\/avatar\/bb0c4a2fcb7970138239f7e404ea75757b1b507b28b5ce4c53fbd62d797c5a7c?s=96&d=mm&r=g"},"sameAs":["http:\/\/www.henryvillasmil.com.ve","https:\/\/www.instagram.com\/villasmilhfoto\/","https:\/\/x.com\/https:\/\/twitter.com\/villasmilhfoto"]},{"@type":"Person","@id":"https:\/\/digital58.com.ve\/site\/#\/schema\/person\/8daf5f8bfd9ebdb98150c62bff195b72","name":"Morales Joel","image":{"@type":"ImageObject","inLanguage":"es","@id":"https:\/\/secure.gravatar.com\/avatar\/e2cb5ce0e9279ab3c8e03d472e483f32e666716a18da3bfa7b0749a5465409f1?s=96&d=mm&r=g","url":"https:\/\/secure.gravatar.com\/avatar\/e2cb5ce0e9279ab3c8e03d472e483f32e666716a18da3bfa7b0749a5465409f1?s=96&d=mm&r=g","contentUrl":"https:\/\/secure.gravatar.com\/avatar\/e2cb5ce0e9279ab3c8e03d472e483f32e666716a18da3bfa7b0749a5465409f1?s=96&d=mm&r=g","caption":"Morales Joel"},"url":"https:\/\/digital58.com.ve\/site\/author\/joelm\/"}]}},"uagb_featured_image_src":{"full":["https:\/\/digital58.com.ve\/site\/wp-content\/uploads\/2020\/09\/andres-velazquez.jpg",800,450,false],"thumbnail":["https:\/\/digital58.com.ve\/site\/wp-content\/uploads\/2020\/09\/andres-velazquez-150x150.jpg",150,150,true],"medium":["https:\/\/digital58.com.ve\/site\/wp-content\/uploads\/2020\/09\/andres-velazquez-300x169.jpg",300,169,true],"medium_large":["https:\/\/digital58.com.ve\/site\/wp-content\/uploads\/2020\/09\/andres-velazquez-768x432.jpg",768,432,true],"large":["https:\/\/digital58.com.ve\/site\/wp-content\/uploads\/2020\/09\/andres-velazquez.jpg",800,450,false],"1536x1536":["https:\/\/digital58.com.ve\/site\/wp-content\/uploads\/2020\/09\/andres-velazquez.jpg",800,450,false],"2048x2048":["https:\/\/digital58.com.ve\/site\/wp-content\/uploads\/2020\/09\/andres-velazquez.jpg",800,450,false],"colormag-highlighted-post":["https:\/\/digital58.com.ve\/site\/wp-content\/uploads\/2020\/09\/andres-velazquez.jpg",392,221,false],"colormag-featured-post-medium":["https:\/\/digital58.com.ve\/site\/wp-content\/uploads\/2020\/09\/andres-velazquez.jpg",364,205,false],"colormag-featured-post-small":["https:\/\/digital58.com.ve\/site\/wp-content\/uploads\/2020\/09\/andres-velazquez.jpg",130,73,false],"colormag-featured-image":["https:\/\/digital58.com.ve\/site\/wp-content\/uploads\/2020\/09\/andres-velazquez.jpg",791,445,false],"colormag-default-news":["https:\/\/digital58.com.ve\/site\/wp-content\/uploads\/2020\/09\/andres-velazquez.jpg",150,84,false],"colormag-featured-image-large":["https:\/\/digital58.com.ve\/site\/wp-content\/uploads\/2020\/09\/andres-velazquez.jpg",800,450,false]},"uagb_author_info":{"display_name":"Morales Joel","author_link":"https:\/\/digital58.com.ve\/site\/author\/joelm\/"},"uagb_comment_info":0,"uagb_excerpt":"El partido \u00abverdelaborista\u00bb, considera que en el pa\u00eds no existen condiciones que garanticen que los ciudadanos elijan \u00ablibremente a sus","_links":{"self":[{"href":"https:\/\/digital58.com.ve\/site\/wp-json\/wp\/v2\/posts\/141282","targetHints":{"allow":["GET"]}}],"collection":[{"href":"https:\/\/digital58.com.ve\/site\/wp-json\/wp\/v2\/posts"}],"about":[{"href":"https:\/\/digital58.com.ve\/site\/wp-json\/wp\/v2\/types\/post"}],"author":[{"embeddable":true,"href":"https:\/\/digital58.com.ve\/site\/wp-json\/wp\/v2\/users\/29"}],"replies":[{"embeddable":true,"href":"https:\/\/digital58.com.ve\/site\/wp-json\/wp\/v2\/comments?post=141282"}],"version-history":[{"count":0,"href":"https:\/\/digital58.com.ve\/site\/wp-json\/wp\/v2\/posts\/141282\/revisions"}],"wp:featuredmedia":[{"embeddable":true,"href":"https:\/\/digital58.com.ve\/site\/wp-json\/wp\/v2\/media\/126060"}],"wp:attachment":[{"href":"https:\/\/digital58.com.ve\/site\/wp-json\/wp\/v2\/media?parent=141282"}],"wp:term":[{"taxonomy":"category","embeddable":true,"href":"https:\/\/digital58.com.ve\/site\/wp-json\/wp\/v2\/categories?post=141282"},{"taxonomy":"post_tag","embeddable":true,"href":"https:\/\/digital58.com.ve\/site\/wp-json\/wp\/v2\/tags?post=141282"}],"curies":[{"name":"wp","href":"https:\/\/api.w.org\/{rel}","templated":true}]}}