{"id":141284,"date":"2021-07-19T19:27:26","date_gmt":"2021-07-19T23:27:26","guid":{"rendered":"https:\/\/digital58.com.ve\/site\/?p=141284"},"modified":"2021-07-19T19:27:26","modified_gmt":"2021-07-19T23:27:26","slug":"aeropuerto-internacional-la-chinita-reinicio-vuelos-nacionales-este-lunes-19-de-julio","status":"publish","type":"post","link":"https:\/\/digital58.com.ve\/site\/2021\/07\/19\/aeropuerto-internacional-la-chinita-reinicio-vuelos-nacionales-este-lunes-19-de-julio\/","title":{"rendered":"Aeropuerto Internacional La Chinita reinici\u00f3 vuelos nacionales este lunes 19 de julio"},"content":{"rendered":"<p><img loading=\"lazy\" decoding=\"async\" class=\"aligncenter size-full wp-image-141285\" src=\"https:\/\/digital58.com.ve\/site\/wp-content\/uploads\/2021\/07\/Aeropuerto-Internacional-La-Chinita.jpg\" alt=\"\" width=\"800\" height=\"480\" srcset=\"https:\/\/digital58.com.ve\/site\/wp-content\/uploads\/2021\/07\/Aeropuerto-Internacional-La-Chinita.jpg 800w, https:\/\/digital58.com.ve\/site\/wp-content\/uploads\/2021\/07\/Aeropuerto-Internacional-La-Chinita-300x180.jpg 300w, https:\/\/digital58.com.ve\/site\/wp-content\/uploads\/2021\/07\/Aeropuerto-Internacional-La-Chinita-768x461.jpg 768w\" sizes=\"auto, (max-width: 800px) 100vw, 800px\" \/><\/p>\n<p>Esta semana se efectuar\u00e1n un total de 20 operaciones a\u00e9reas hacia tres destinos nacionales.<\/p>\n<p><strong>Maracaibo, Zulia, Venezuela, 19 de julio de 2021 (ND58).- <\/strong>Tras m\u00e1s de un a\u00f1o sin recibir ni emitir vuelos con destinos nacionales, el Aeropuerto Internacional La Chinita (Maracaibo), reinici\u00f3 este lunes 19 de julio las operaciones a\u00e9reas hac\u00eda el Aeropuerto Internacional Sim\u00f3n Bol\u00edvar de Maiquet\u00eda, retomando la conexi\u00f3n a\u00e9rea entre la capital zuliana y otras ciudades del pa\u00eds.<\/p>\n<p>La informaci\u00f3n fue revelada por el general Alberto Jim\u00e9nez, director de la terminal a\u00e9rea, durante una corta intervenci\u00f3n en el programa de radio y televisi\u00f3n \u00abOmar a las 7\u00bb, conducido por el gobernador de la entidad, Omar Prieto.<\/p>\n<blockquote class=\"twitter-tweet\" data-width=\"550\" data-dnt=\"true\">\n<p lang=\"es\" dir=\"ltr\">En esta semana flexibilizada, tambi\u00e9n arrancaron las actividades en el <a href=\"https:\/\/twitter.com\/AeropuertoZulia?ref_src=twsrc%5Etfw\">@AeropuertoZulia<\/a> con 20 vuelos esta semana para Caracas, y Porlamar, Matur\u00edn; por supuesto con toda la bioseguridad, que ameritan estos tiempos de pandemia.<a href=\"https:\/\/twitter.com\/hashtag\/JuntosContraLaCovid19?src=hash&amp;ref_src=twsrc%5Etfw\">#JuntosContraLaCovid19<\/a> <a href=\"https:\/\/t.co\/oFb0JHDruH\">pic.twitter.com\/oFb0JHDruH<\/a><\/p>\n<p>&mdash; Econ. Omar Prieto (@Omar_PrietoPSUV) <a href=\"https:\/\/twitter.com\/Omar_PrietoPSUV\/status\/1417134121038516225?ref_src=twsrc%5Etfw\">July 19, 2021<\/a><\/p><\/blockquote>\n<p><script async src=\"https:\/\/platform.twitter.com\/widgets.js\" charset=\"utf-8\"><\/script><\/p>\n<p>La primera operaci\u00f3n a\u00e9rea se realiz\u00f3 este lunes a las 6:00 am, un vuelo de la aerol\u00ednea Venezolana, con destino a Maiquet\u00eda en el estado La Guaira, seg\u00fan inform\u00f3 Jim\u00e9nez.<\/p>\n<p>El funcionario tambi\u00e9n revel\u00f3 que para esta semana se estar\u00edan realizando 20 vuelos, de los cuales 16 tienen como destino la entidad guaire\u00f1a, dos m\u00e1s hacia Porlamar y otros dos hacia Matur\u00edn.<\/p>\n<p>Por \u00faltimo, indic\u00f3 que a partir del pr\u00f3ximo 03 de agosto ser\u00e1n reactivados los vuelos con destino a la ciudad de Valencia.<\/p><div class=\"vcsrf69ef602e0a1ac\" ><p style=\"text-align: center;\"><a href=\"https:\/\/t.me\/noticiasdigital58\" target=\"_blank\" rel=\"noopener\"><img class=\"aligncenter size-full wp-image-125363\" src=\"https:\/\/digital58.com.ve\/site\/wp-content\/uploads\/2021\/04\/banner-telegram-web-2021.png\" alt=\"\" width=\"600\" height=\"90\" \/><\/a><\/p><\/div><style type=\"text\/css\">\r\n@media screen and (min-width: 1201px) {\r\n.vcsrf69ef602e0a1ac {\r\ndisplay: block;\r\n}\r\n}\r\n@media screen and (min-width: 993px) and (max-width: 1200px) {\r\n.vcsrf69ef602e0a1ac {\r\ndisplay: block;\r\n}\r\n}\r\n@media screen and (min-width: 769px) and (max-width: 992px) {\r\n.vcsrf69ef602e0a1ac {\r\ndisplay: block;\r\n}\r\n}\r\n@media screen and (min-width: 768px) and (max-width: 768px) {\r\n.vcsrf69ef602e0a1ac {\r\ndisplay: block;\r\n}\r\n}\r\n@media screen and (max-width: 767px) {\r\n.vcsrf69ef602e0a1ac {\r\ndisplay: block;\r\n}\r\n}\r\n<\/style>\r\n\n<p><strong>Redacci\u00f3n: Morales, Joel (@joeldmc32)<br \/>\nEdici\u00f3n: Villasmil, Henry<br \/>\nGr\u00e1fica: Cortes\u00eda<\/strong><\/p>\n<div style=\"margin-top: 0px; margin-bottom: 0px;\" class=\"sharethis-inline-share-buttons\" ><\/div>","protected":false},"excerpt":{"rendered":"<p>Esta semana se efectuar\u00e1n un total de 20 operaciones a\u00e9reas hacia tres destinos nacionales. Maracaibo, Zulia, Venezuela, 19 de julio<\/p>\n","protected":false},"author":29,"featured_media":141285,"comment_status":"open","ping_status":"closed","sticky":false,"template":"","format":"standard","meta":{"colormag_page_container_layout":"default_layout","colormag_page_sidebar_layout":"default_layout","_uag_custom_page_level_css":"","footnotes":""},"categories":[14504],"tags":[15606,25016,15131,73,22941,2354,16803,761],"class_list":["post-141284","post","type-post","status-publish","format-standard","has-post-thumbnail","hentry","category-zulia","tag-aeropuerto-internacional-la-chinita","tag-general-alberto-jimenez","tag-gobernador-omar-prieto","tag-maracaibo","tag-omar-a-las-7","tag-regionales","tag-vuelos-nacionales","tag-zulia"],"yoast_head":"<!-- This site is optimized with the Yoast SEO plugin v27.4 - https:\/\/yoast.com\/product\/yoast-seo-wordpress\/ -->\n<title>Aeropuerto Internacional La Chinita reinici\u00f3 vuelos nacionales este lunes 19 de julio<\/title>\n<meta name=\"description\" content=\"Zulia\" \/>\n<meta name=\"robots\" content=\"index, follow, max-snippet:-1, max-image-preview:large, max-video-preview:-1\" \/>\n<link rel=\"canonical\" href=\"https:\/\/digital58.com.ve\/site\/2021\/07\/19\/aeropuerto-internacional-la-chinita-reinicio-vuelos-nacionales-este-lunes-19-de-julio\/\" \/>\n<meta property=\"og:locale\" content=\"es_ES\" \/>\n<meta property=\"og:type\" content=\"article\" \/>\n<meta property=\"og:title\" content=\"Aeropuerto Internacional La Chinita reinici\u00f3 vuelos nacionales este lunes 19 de julio\" \/>\n<meta property=\"og:description\" content=\"Zulia\" \/>\n<meta property=\"og:url\" content=\"https:\/\/digital58.com.ve\/site\/2021\/07\/19\/aeropuerto-internacional-la-chinita-reinicio-vuelos-nacionales-este-lunes-19-de-julio\/\" \/>\n<meta property=\"og:site_name\" content=\"Noticias Digital58\" \/>\n<meta property=\"article:published_time\" content=\"2021-07-19T23:27:26+00:00\" \/>\n<meta property=\"og:image\" content=\"https:\/\/digital58.com.ve\/site\/wp-content\/uploads\/2021\/07\/Aeropuerto-Internacional-La-Chinita.jpg\" \/>\n\t<meta property=\"og:image:width\" content=\"800\" \/>\n\t<meta property=\"og:image:height\" content=\"480\" \/>\n\t<meta property=\"og:image:type\" content=\"image\/jpeg\" \/>\n<meta name=\"author\" content=\"Morales Joel\" \/>\n<meta name=\"twitter:card\" content=\"summary_large_image\" \/>\n<meta name=\"twitter:creator\" content=\"@Digital_58\" \/>\n<meta name=\"twitter:site\" content=\"@villasmilhfoto\" \/>\n<meta name=\"twitter:label1\" content=\"Escrito por\" \/>\n\t<meta name=\"twitter:data1\" content=\"Morales Joel\" \/>\n\t<meta name=\"twitter:label2\" content=\"Tiempo estimado de lectura\" \/>\n\t<meta name=\"twitter:data2\" content=\"2 minutos\" \/>\n<script type=\"application\/ld+json\" class=\"yoast-schema-graph\">{\"@context\":\"https:\\\/\\\/schema.org\",\"@graph\":[{\"@type\":\"Article\",\"@id\":\"https:\\\/\\\/digital58.com.ve\\\/site\\\/2021\\\/07\\\/19\\\/aeropuerto-internacional-la-chinita-reinicio-vuelos-nacionales-este-lunes-19-de-julio\\\/#article\",\"isPartOf\":{\"@id\":\"https:\\\/\\\/digital58.com.ve\\\/site\\\/2021\\\/07\\\/19\\\/aeropuerto-internacional-la-chinita-reinicio-vuelos-nacionales-este-lunes-19-de-julio\\\/\"},\"author\":{\"name\":\"Morales Joel\",\"@id\":\"https:\\\/\\\/digital58.com.ve\\\/site\\\/#\\\/schema\\\/person\\\/8daf5f8bfd9ebdb98150c62bff195b72\"},\"headline\":\"Aeropuerto Internacional La Chinita reinici\u00f3 vuelos nacionales este lunes 19 de julio\",\"datePublished\":\"2021-07-19T23:27:26+00:00\",\"mainEntityOfPage\":{\"@id\":\"https:\\\/\\\/digital58.com.ve\\\/site\\\/2021\\\/07\\\/19\\\/aeropuerto-internacional-la-chinita-reinicio-vuelos-nacionales-este-lunes-19-de-julio\\\/\"},\"wordCount\":245,\"commentCount\":0,\"publisher\":{\"@id\":\"https:\\\/\\\/digital58.com.ve\\\/site\\\/#\\\/schema\\\/person\\\/64d1c2e4d0d4fd1b849980c4331c2951\"},\"image\":{\"@id\":\"https:\\\/\\\/digital58.com.ve\\\/site\\\/2021\\\/07\\\/19\\\/aeropuerto-internacional-la-chinita-reinicio-vuelos-nacionales-este-lunes-19-de-julio\\\/#primaryimage\"},\"thumbnailUrl\":\"https:\\\/\\\/digital58.com.ve\\\/site\\\/wp-content\\\/uploads\\\/2021\\\/07\\\/Aeropuerto-Internacional-La-Chinita.jpg\",\"keywords\":[\"Aeropuerto Internacional La Chinita\",\"General Alberto Jim\u00e9nez\",\"Gobernador Omar Prieto\",\"Maracaibo\",\"Omar a las 7\",\"Regionales\",\"vuelos nacionales\",\"Zulia\"],\"articleSection\":[\"Zulia\"],\"inLanguage\":\"es\",\"potentialAction\":[{\"@type\":\"CommentAction\",\"name\":\"Comment\",\"target\":[\"https:\\\/\\\/digital58.com.ve\\\/site\\\/2021\\\/07\\\/19\\\/aeropuerto-internacional-la-chinita-reinicio-vuelos-nacionales-este-lunes-19-de-julio\\\/#respond\"]}]},{\"@type\":\"WebPage\",\"@id\":\"https:\\\/\\\/digital58.com.ve\\\/site\\\/2021\\\/07\\\/19\\\/aeropuerto-internacional-la-chinita-reinicio-vuelos-nacionales-este-lunes-19-de-julio\\\/\",\"url\":\"https:\\\/\\\/digital58.com.ve\\\/site\\\/2021\\\/07\\\/19\\\/aeropuerto-internacional-la-chinita-reinicio-vuelos-nacionales-este-lunes-19-de-julio\\\/\",\"name\":\"Aeropuerto Internacional La Chinita reinici\u00f3 vuelos nacionales este lunes 19 de julio\",\"isPartOf\":{\"@id\":\"https:\\\/\\\/digital58.com.ve\\\/site\\\/#website\"},\"primaryImageOfPage\":{\"@id\":\"https:\\\/\\\/digital58.com.ve\\\/site\\\/2021\\\/07\\\/19\\\/aeropuerto-internacional-la-chinita-reinicio-vuelos-nacionales-este-lunes-19-de-julio\\\/#primaryimage\"},\"image\":{\"@id\":\"https:\\\/\\\/digital58.com.ve\\\/site\\\/2021\\\/07\\\/19\\\/aeropuerto-internacional-la-chinita-reinicio-vuelos-nacionales-este-lunes-19-de-julio\\\/#primaryimage\"},\"thumbnailUrl\":\"https:\\\/\\\/digital58.com.ve\\\/site\\\/wp-content\\\/uploads\\\/2021\\\/07\\\/Aeropuerto-Internacional-La-Chinita.jpg\",\"datePublished\":\"2021-07-19T23:27:26+00:00\",\"description\":\"Zulia\",\"breadcrumb\":{\"@id\":\"https:\\\/\\\/digital58.com.ve\\\/site\\\/2021\\\/07\\\/19\\\/aeropuerto-internacional-la-chinita-reinicio-vuelos-nacionales-este-lunes-19-de-julio\\\/#breadcrumb\"},\"inLanguage\":\"es\",\"potentialAction\":[{\"@type\":\"ReadAction\",\"target\":[\"https:\\\/\\\/digital58.com.ve\\\/site\\\/2021\\\/07\\\/19\\\/aeropuerto-internacional-la-chinita-reinicio-vuelos-nacionales-este-lunes-19-de-julio\\\/\"]}]},{\"@type\":\"ImageObject\",\"inLanguage\":\"es\",\"@id\":\"https:\\\/\\\/digital58.com.ve\\\/site\\\/2021\\\/07\\\/19\\\/aeropuerto-internacional-la-chinita-reinicio-vuelos-nacionales-este-lunes-19-de-julio\\\/#primaryimage\",\"url\":\"https:\\\/\\\/digital58.com.ve\\\/site\\\/wp-content\\\/uploads\\\/2021\\\/07\\\/Aeropuerto-Internacional-La-Chinita.jpg\",\"contentUrl\":\"https:\\\/\\\/digital58.com.ve\\\/site\\\/wp-content\\\/uploads\\\/2021\\\/07\\\/Aeropuerto-Internacional-La-Chinita.jpg\",\"width\":800,\"height\":480},{\"@type\":\"BreadcrumbList\",\"@id\":\"https:\\\/\\\/digital58.com.ve\\\/site\\\/2021\\\/07\\\/19\\\/aeropuerto-internacional-la-chinita-reinicio-vuelos-nacionales-este-lunes-19-de-julio\\\/#breadcrumb\",\"itemListElement\":[{\"@type\":\"ListItem\",\"position\":1,\"name\":\"Home\",\"item\":\"https:\\\/\\\/digital58.com.ve\\\/site\\\/\"},{\"@type\":\"ListItem\",\"position\":2,\"name\":\"Aeropuerto Internacional La Chinita reinici\u00f3 vuelos nacionales este lunes 19 de julio\"}]},{\"@type\":\"WebSite\",\"@id\":\"https:\\\/\\\/digital58.com.ve\\\/site\\\/#website\",\"url\":\"https:\\\/\\\/digital58.com.ve\\\/site\\\/\",\"name\":\"Noticias Digital58\",\"description\":\"Portal de Noticias \u00a1Periodismo web de verdad! Lanzamiento web 22.11.2005 \\\/ Maracaibo, Venezuela\",\"publisher\":{\"@id\":\"https:\\\/\\\/digital58.com.ve\\\/site\\\/#\\\/schema\\\/person\\\/64d1c2e4d0d4fd1b849980c4331c2951\"},\"alternateName\":\"ND58\",\"potentialAction\":[{\"@type\":\"SearchAction\",\"target\":{\"@type\":\"EntryPoint\",\"urlTemplate\":\"https:\\\/\\\/digital58.com.ve\\\/site\\\/?s={search_term_string}\"},\"query-input\":{\"@type\":\"PropertyValueSpecification\",\"valueRequired\":true,\"valueName\":\"search_term_string\"}}],\"inLanguage\":\"es\"},{\"@type\":[\"Person\",\"Organization\"],\"@id\":\"https:\\\/\\\/digital58.com.ve\\\/site\\\/#\\\/schema\\\/person\\\/64d1c2e4d0d4fd1b849980c4331c2951\",\"name\":\"Villasmil Henry\",\"image\":{\"@type\":\"ImageObject\",\"inLanguage\":\"es\",\"@id\":\"https:\\\/\\\/secure.gravatar.com\\\/avatar\\\/bb0c4a2fcb7970138239f7e404ea75757b1b507b28b5ce4c53fbd62d797c5a7c?s=96&d=mm&r=g\",\"url\":\"https:\\\/\\\/secure.gravatar.com\\\/avatar\\\/bb0c4a2fcb7970138239f7e404ea75757b1b507b28b5ce4c53fbd62d797c5a7c?s=96&d=mm&r=g\",\"contentUrl\":\"https:\\\/\\\/secure.gravatar.com\\\/avatar\\\/bb0c4a2fcb7970138239f7e404ea75757b1b507b28b5ce4c53fbd62d797c5a7c?s=96&d=mm&r=g\",\"caption\":\"Villasmil Henry\"},\"logo\":{\"@id\":\"https:\\\/\\\/secure.gravatar.com\\\/avatar\\\/bb0c4a2fcb7970138239f7e404ea75757b1b507b28b5ce4c53fbd62d797c5a7c?s=96&d=mm&r=g\"},\"sameAs\":[\"http:\\\/\\\/www.henryvillasmil.com.ve\",\"https:\\\/\\\/www.instagram.com\\\/villasmilhfoto\\\/\",\"https:\\\/\\\/x.com\\\/https:\\\/\\\/twitter.com\\\/villasmilhfoto\"]},{\"@type\":\"Person\",\"@id\":\"https:\\\/\\\/digital58.com.ve\\\/site\\\/#\\\/schema\\\/person\\\/8daf5f8bfd9ebdb98150c62bff195b72\",\"name\":\"Morales Joel\",\"image\":{\"@type\":\"ImageObject\",\"inLanguage\":\"es\",\"@id\":\"https:\\\/\\\/secure.gravatar.com\\\/avatar\\\/e2cb5ce0e9279ab3c8e03d472e483f32e666716a18da3bfa7b0749a5465409f1?s=96&d=mm&r=g\",\"url\":\"https:\\\/\\\/secure.gravatar.com\\\/avatar\\\/e2cb5ce0e9279ab3c8e03d472e483f32e666716a18da3bfa7b0749a5465409f1?s=96&d=mm&r=g\",\"contentUrl\":\"https:\\\/\\\/secure.gravatar.com\\\/avatar\\\/e2cb5ce0e9279ab3c8e03d472e483f32e666716a18da3bfa7b0749a5465409f1?s=96&d=mm&r=g\",\"caption\":\"Morales Joel\"},\"url\":\"https:\\\/\\\/digital58.com.ve\\\/site\\\/author\\\/joelm\\\/\"}]}<\/script>\n<!-- \/ Yoast SEO plugin. -->","yoast_head_json":{"title":"Aeropuerto Internacional La Chinita reinici\u00f3 vuelos nacionales este lunes 19 de julio","description":"Zulia","robots":{"index":"index","follow":"follow","max-snippet":"max-snippet:-1","max-image-preview":"max-image-preview:large","max-video-preview":"max-video-preview:-1"},"canonical":"https:\/\/digital58.com.ve\/site\/2021\/07\/19\/aeropuerto-internacional-la-chinita-reinicio-vuelos-nacionales-este-lunes-19-de-julio\/","og_locale":"es_ES","og_type":"article","og_title":"Aeropuerto Internacional La Chinita reinici\u00f3 vuelos nacionales este lunes 19 de julio","og_description":"Zulia","og_url":"https:\/\/digital58.com.ve\/site\/2021\/07\/19\/aeropuerto-internacional-la-chinita-reinicio-vuelos-nacionales-este-lunes-19-de-julio\/","og_site_name":"Noticias Digital58","article_published_time":"2021-07-19T23:27:26+00:00","og_image":[{"width":800,"height":480,"url":"https:\/\/digital58.com.ve\/site\/wp-content\/uploads\/2021\/07\/Aeropuerto-Internacional-La-Chinita.jpg","type":"image\/jpeg"}],"author":"Morales Joel","twitter_card":"summary_large_image","twitter_creator":"@Digital_58","twitter_site":"@villasmilhfoto","twitter_misc":{"Escrito por":"Morales Joel","Tiempo estimado de lectura":"2 minutos"},"schema":{"@context":"https:\/\/schema.org","@graph":[{"@type":"Article","@id":"https:\/\/digital58.com.ve\/site\/2021\/07\/19\/aeropuerto-internacional-la-chinita-reinicio-vuelos-nacionales-este-lunes-19-de-julio\/#article","isPartOf":{"@id":"https:\/\/digital58.com.ve\/site\/2021\/07\/19\/aeropuerto-internacional-la-chinita-reinicio-vuelos-nacionales-este-lunes-19-de-julio\/"},"author":{"name":"Morales Joel","@id":"https:\/\/digital58.com.ve\/site\/#\/schema\/person\/8daf5f8bfd9ebdb98150c62bff195b72"},"headline":"Aeropuerto Internacional La Chinita reinici\u00f3 vuelos nacionales este lunes 19 de julio","datePublished":"2021-07-19T23:27:26+00:00","mainEntityOfPage":{"@id":"https:\/\/digital58.com.ve\/site\/2021\/07\/19\/aeropuerto-internacional-la-chinita-reinicio-vuelos-nacionales-este-lunes-19-de-julio\/"},"wordCount":245,"commentCount":0,"publisher":{"@id":"https:\/\/digital58.com.ve\/site\/#\/schema\/person\/64d1c2e4d0d4fd1b849980c4331c2951"},"image":{"@id":"https:\/\/digital58.com.ve\/site\/2021\/07\/19\/aeropuerto-internacional-la-chinita-reinicio-vuelos-nacionales-este-lunes-19-de-julio\/#primaryimage"},"thumbnailUrl":"https:\/\/digital58.com.ve\/site\/wp-content\/uploads\/2021\/07\/Aeropuerto-Internacional-La-Chinita.jpg","keywords":["Aeropuerto Internacional La Chinita","General Alberto Jim\u00e9nez","Gobernador Omar Prieto","Maracaibo","Omar a las 7","Regionales","vuelos nacionales","Zulia"],"articleSection":["Zulia"],"inLanguage":"es","potentialAction":[{"@type":"CommentAction","name":"Comment","target":["https:\/\/digital58.com.ve\/site\/2021\/07\/19\/aeropuerto-internacional-la-chinita-reinicio-vuelos-nacionales-este-lunes-19-de-julio\/#respond"]}]},{"@type":"WebPage","@id":"https:\/\/digital58.com.ve\/site\/2021\/07\/19\/aeropuerto-internacional-la-chinita-reinicio-vuelos-nacionales-este-lunes-19-de-julio\/","url":"https:\/\/digital58.com.ve\/site\/2021\/07\/19\/aeropuerto-internacional-la-chinita-reinicio-vuelos-nacionales-este-lunes-19-de-julio\/","name":"Aeropuerto Internacional La Chinita reinici\u00f3 vuelos nacionales este lunes 19 de julio","isPartOf":{"@id":"https:\/\/digital58.com.ve\/site\/#website"},"primaryImageOfPage":{"@id":"https:\/\/digital58.com.ve\/site\/2021\/07\/19\/aeropuerto-internacional-la-chinita-reinicio-vuelos-nacionales-este-lunes-19-de-julio\/#primaryimage"},"image":{"@id":"https:\/\/digital58.com.ve\/site\/2021\/07\/19\/aeropuerto-internacional-la-chinita-reinicio-vuelos-nacionales-este-lunes-19-de-julio\/#primaryimage"},"thumbnailUrl":"https:\/\/digital58.com.ve\/site\/wp-content\/uploads\/2021\/07\/Aeropuerto-Internacional-La-Chinita.jpg","datePublished":"2021-07-19T23:27:26+00:00","description":"Zulia","breadcrumb":{"@id":"https:\/\/digital58.com.ve\/site\/2021\/07\/19\/aeropuerto-internacional-la-chinita-reinicio-vuelos-nacionales-este-lunes-19-de-julio\/#breadcrumb"},"inLanguage":"es","potentialAction":[{"@type":"ReadAction","target":["https:\/\/digital58.com.ve\/site\/2021\/07\/19\/aeropuerto-internacional-la-chinita-reinicio-vuelos-nacionales-este-lunes-19-de-julio\/"]}]},{"@type":"ImageObject","inLanguage":"es","@id":"https:\/\/digital58.com.ve\/site\/2021\/07\/19\/aeropuerto-internacional-la-chinita-reinicio-vuelos-nacionales-este-lunes-19-de-julio\/#primaryimage","url":"https:\/\/digital58.com.ve\/site\/wp-content\/uploads\/2021\/07\/Aeropuerto-Internacional-La-Chinita.jpg","contentUrl":"https:\/\/digital58.com.ve\/site\/wp-content\/uploads\/2021\/07\/Aeropuerto-Internacional-La-Chinita.jpg","width":800,"height":480},{"@type":"BreadcrumbList","@id":"https:\/\/digital58.com.ve\/site\/2021\/07\/19\/aeropuerto-internacional-la-chinita-reinicio-vuelos-nacionales-este-lunes-19-de-julio\/#breadcrumb","itemListElement":[{"@type":"ListItem","position":1,"name":"Home","item":"https:\/\/digital58.com.ve\/site\/"},{"@type":"ListItem","position":2,"name":"Aeropuerto Internacional La Chinita reinici\u00f3 vuelos nacionales este lunes 19 de julio"}]},{"@type":"WebSite","@id":"https:\/\/digital58.com.ve\/site\/#website","url":"https:\/\/digital58.com.ve\/site\/","name":"Noticias Digital58","description":"Portal de Noticias \u00a1Periodismo web de verdad! Lanzamiento web 22.11.2005 \/ Maracaibo, Venezuela","publisher":{"@id":"https:\/\/digital58.com.ve\/site\/#\/schema\/person\/64d1c2e4d0d4fd1b849980c4331c2951"},"alternateName":"ND58","potentialAction":[{"@type":"SearchAction","target":{"@type":"EntryPoint","urlTemplate":"https:\/\/digital58.com.ve\/site\/?s={search_term_string}"},"query-input":{"@type":"PropertyValueSpecification","valueRequired":true,"valueName":"search_term_string"}}],"inLanguage":"es"},{"@type":["Person","Organization"],"@id":"https:\/\/digital58.com.ve\/site\/#\/schema\/person\/64d1c2e4d0d4fd1b849980c4331c2951","name":"Villasmil Henry","image":{"@type":"ImageObject","inLanguage":"es","@id":"https:\/\/secure.gravatar.com\/avatar\/bb0c4a2fcb7970138239f7e404ea75757b1b507b28b5ce4c53fbd62d797c5a7c?s=96&d=mm&r=g","url":"https:\/\/secure.gravatar.com\/avatar\/bb0c4a2fcb7970138239f7e404ea75757b1b507b28b5ce4c53fbd62d797c5a7c?s=96&d=mm&r=g","contentUrl":"https:\/\/secure.gravatar.com\/avatar\/bb0c4a2fcb7970138239f7e404ea75757b1b507b28b5ce4c53fbd62d797c5a7c?s=96&d=mm&r=g","caption":"Villasmil Henry"},"logo":{"@id":"https:\/\/secure.gravatar.com\/avatar\/bb0c4a2fcb7970138239f7e404ea75757b1b507b28b5ce4c53fbd62d797c5a7c?s=96&d=mm&r=g"},"sameAs":["http:\/\/www.henryvillasmil.com.ve","https:\/\/www.instagram.com\/villasmilhfoto\/","https:\/\/x.com\/https:\/\/twitter.com\/villasmilhfoto"]},{"@type":"Person","@id":"https:\/\/digital58.com.ve\/site\/#\/schema\/person\/8daf5f8bfd9ebdb98150c62bff195b72","name":"Morales Joel","image":{"@type":"ImageObject","inLanguage":"es","@id":"https:\/\/secure.gravatar.com\/avatar\/e2cb5ce0e9279ab3c8e03d472e483f32e666716a18da3bfa7b0749a5465409f1?s=96&d=mm&r=g","url":"https:\/\/secure.gravatar.com\/avatar\/e2cb5ce0e9279ab3c8e03d472e483f32e666716a18da3bfa7b0749a5465409f1?s=96&d=mm&r=g","contentUrl":"https:\/\/secure.gravatar.com\/avatar\/e2cb5ce0e9279ab3c8e03d472e483f32e666716a18da3bfa7b0749a5465409f1?s=96&d=mm&r=g","caption":"Morales Joel"},"url":"https:\/\/digital58.com.ve\/site\/author\/joelm\/"}]}},"uagb_featured_image_src":{"full":["https:\/\/digital58.com.ve\/site\/wp-content\/uploads\/2021\/07\/Aeropuerto-Internacional-La-Chinita.jpg",800,480,false],"thumbnail":["https:\/\/digital58.com.ve\/site\/wp-content\/uploads\/2021\/07\/Aeropuerto-Internacional-La-Chinita-150x150.jpg",150,150,true],"medium":["https:\/\/digital58.com.ve\/site\/wp-content\/uploads\/2021\/07\/Aeropuerto-Internacional-La-Chinita-300x180.jpg",300,180,true],"medium_large":["https:\/\/digital58.com.ve\/site\/wp-content\/uploads\/2021\/07\/Aeropuerto-Internacional-La-Chinita-768x461.jpg",768,461,true],"large":["https:\/\/digital58.com.ve\/site\/wp-content\/uploads\/2021\/07\/Aeropuerto-Internacional-La-Chinita.jpg",800,480,false],"1536x1536":["https:\/\/digital58.com.ve\/site\/wp-content\/uploads\/2021\/07\/Aeropuerto-Internacional-La-Chinita.jpg",800,480,false],"2048x2048":["https:\/\/digital58.com.ve\/site\/wp-content\/uploads\/2021\/07\/Aeropuerto-Internacional-La-Chinita.jpg",800,480,false],"colormag-highlighted-post":["https:\/\/digital58.com.ve\/site\/wp-content\/uploads\/2021\/07\/Aeropuerto-Internacional-La-Chinita.jpg",392,235,false],"colormag-featured-post-medium":["https:\/\/digital58.com.ve\/site\/wp-content\/uploads\/2021\/07\/Aeropuerto-Internacional-La-Chinita.jpg",342,205,false],"colormag-featured-post-small":["https:\/\/digital58.com.ve\/site\/wp-content\/uploads\/2021\/07\/Aeropuerto-Internacional-La-Chinita.jpg",130,78,false],"colormag-featured-image":["https:\/\/digital58.com.ve\/site\/wp-content\/uploads\/2021\/07\/Aeropuerto-Internacional-La-Chinita.jpg",742,445,false],"colormag-default-news":["https:\/\/digital58.com.ve\/site\/wp-content\/uploads\/2021\/07\/Aeropuerto-Internacional-La-Chinita.jpg",150,90,false],"colormag-featured-image-large":["https:\/\/digital58.com.ve\/site\/wp-content\/uploads\/2021\/07\/Aeropuerto-Internacional-La-Chinita.jpg",800,480,false]},"uagb_author_info":{"display_name":"Morales Joel","author_link":"https:\/\/digital58.com.ve\/site\/author\/joelm\/"},"uagb_comment_info":0,"uagb_excerpt":"Esta semana se efectuar\u00e1n un total de 20 operaciones a\u00e9reas hacia tres destinos nacionales. Maracaibo, Zulia, Venezuela, 19 de julio","_links":{"self":[{"href":"https:\/\/digital58.com.ve\/site\/wp-json\/wp\/v2\/posts\/141284","targetHints":{"allow":["GET"]}}],"collection":[{"href":"https:\/\/digital58.com.ve\/site\/wp-json\/wp\/v2\/posts"}],"about":[{"href":"https:\/\/digital58.com.ve\/site\/wp-json\/wp\/v2\/types\/post"}],"author":[{"embeddable":true,"href":"https:\/\/digital58.com.ve\/site\/wp-json\/wp\/v2\/users\/29"}],"replies":[{"embeddable":true,"href":"https:\/\/digital58.com.ve\/site\/wp-json\/wp\/v2\/comments?post=141284"}],"version-history":[{"count":0,"href":"https:\/\/digital58.com.ve\/site\/wp-json\/wp\/v2\/posts\/141284\/revisions"}],"wp:featuredmedia":[{"embeddable":true,"href":"https:\/\/digital58.com.ve\/site\/wp-json\/wp\/v2\/media\/141285"}],"wp:attachment":[{"href":"https:\/\/digital58.com.ve\/site\/wp-json\/wp\/v2\/media?parent=141284"}],"wp:term":[{"taxonomy":"category","embeddable":true,"href":"https:\/\/digital58.com.ve\/site\/wp-json\/wp\/v2\/categories?post=141284"},{"taxonomy":"post_tag","embeddable":true,"href":"https:\/\/digital58.com.ve\/site\/wp-json\/wp\/v2\/tags?post=141284"}],"curies":[{"name":"wp","href":"https:\/\/api.w.org\/{rel}","templated":true}]}}