{"id":141289,"date":"2021-07-19T20:08:57","date_gmt":"2021-07-20T00:08:57","guid":{"rendered":"https:\/\/digital58.com.ve\/site\/?p=141289"},"modified":"2021-07-19T20:08:57","modified_gmt":"2021-07-20T00:08:57","slug":"observatorio-venezolano-de-conflictividad-social-registro-protestas-en-nueve-estados-este-19-de-julio","status":"publish","type":"post","link":"https:\/\/digital58.com.ve\/site\/2021\/07\/19\/observatorio-venezolano-de-conflictividad-social-registro-protestas-en-nueve-estados-este-19-de-julio\/","title":{"rendered":"Observatorio Venezolano de Conflictividad Social registr\u00f3 protestas en nueve estados este 19 de julio"},"content":{"rendered":"<p><img loading=\"lazy\" decoding=\"async\" class=\"aligncenter size-full wp-image-141290\" src=\"https:\/\/digital58.com.ve\/site\/wp-content\/uploads\/2021\/07\/Protestas.jpg\" alt=\"\" width=\"800\" height=\"650\" srcset=\"https:\/\/digital58.com.ve\/site\/wp-content\/uploads\/2021\/07\/Protestas.jpg 800w, https:\/\/digital58.com.ve\/site\/wp-content\/uploads\/2021\/07\/Protestas-300x244.jpg 300w, https:\/\/digital58.com.ve\/site\/wp-content\/uploads\/2021\/07\/Protestas-768x624.jpg 768w\" sizes=\"auto, (max-width: 800px) 100vw, 800px\" \/><\/p>\n<p>Los manifestantes exig\u00edan vacunas contra la COVID-19, as\u00ed como el respeto a los derechos pol\u00edticos, laborales y a la vida.<\/p>\n<p><strong>Caracas, DC, Venezuela, 19 de julio de 2021 (ND58).- <\/strong>El Observatorio Venezolano de Conflictividad Social registr\u00f3 un total de 11 protestas en nueve estados venezolanos este 19 de julio.<\/p>\n<p>Seg\u00fan inform\u00f3 la organizaci\u00f3n no gubernamental a trav\u00e9s de su cuenta de Twitter, las manifestaciones se efectuaron tanto en el Distrito Capital como en los estados Lara, M\u00e9rida, Nueva Esparta, Portuguesa, T\u00e1chira, Trujillo, Yaracuy y Zulia.<\/p>\n<blockquote class=\"twitter-tweet\" data-width=\"550\" data-dnt=\"true\">\n<p lang=\"es\" dir=\"ltr\"><a href=\"https:\/\/twitter.com\/hashtag\/19Jul?src=hash&amp;ref_src=twsrc%5Etfw\">#19Jul<\/a> Balance preliminar. Hasta las 7:30 pm hemos registrado 11 protestas en:<\/p>\n<p>-Distrito Capital<br \/>-Lara<br \/>-M\u00e9rida<br \/>-Nueva Esparta<br \/>-Portuguesa <br \/>-T\u00e1chira<br \/>-Trujillo<br \/>-Yaracuy<br \/>-Zulia<\/p>\n<p>Motivos<\/p>\n<p>\u25b6\ufe0fExigencia de vacunas<br \/>\u25b6\ufe0fDerecho a la vida<br \/>\u25b6\ufe0fDerechos pol\u00edticos<br \/>\u25b6\ufe0fDerechos laborales<a href=\"https:\/\/twitter.com\/hashtag\/OVCS?src=hash&amp;ref_src=twsrc%5Etfw\">#OVCS<\/a> <a href=\"https:\/\/t.co\/tEzyFBzM0y\">pic.twitter.com\/tEzyFBzM0y<\/a><\/p>\n<p>&mdash; Observatorio de Conflictos (@OVCSocial) <a href=\"https:\/\/twitter.com\/OVCSocial\/status\/1417267854869684224?ref_src=twsrc%5Etfw\">July 19, 2021<\/a><\/p><\/blockquote>\n<p><script async src=\"https:\/\/platform.twitter.com\/widgets.js\" charset=\"utf-8\"><\/script><\/p>\n<p>Las protestas ciudadanas, se habr\u00edan efectuado para exigir vacunas contra la COVID-19, as\u00ed como el respeto de los derechos pol\u00edticos, laborales y a la vida.<\/p><div class=\"jyezc69ef5f731edcb\" ><p style=\"text-align: center;\"><a href=\"https:\/\/t.me\/noticiasdigital58\" target=\"_blank\" rel=\"noopener\"><img class=\"aligncenter size-full wp-image-125363\" src=\"https:\/\/digital58.com.ve\/site\/wp-content\/uploads\/2021\/04\/banner-telegram-web-2021.png\" alt=\"\" width=\"600\" height=\"90\" \/><\/a><\/p><\/div><style type=\"text\/css\">\r\n@media screen and (min-width: 1201px) {\r\n.jyezc69ef5f731edcb {\r\ndisplay: block;\r\n}\r\n}\r\n@media screen and (min-width: 993px) and (max-width: 1200px) {\r\n.jyezc69ef5f731edcb {\r\ndisplay: block;\r\n}\r\n}\r\n@media screen and (min-width: 769px) and (max-width: 992px) {\r\n.jyezc69ef5f731edcb {\r\ndisplay: block;\r\n}\r\n}\r\n@media screen and (min-width: 768px) and (max-width: 768px) {\r\n.jyezc69ef5f731edcb {\r\ndisplay: block;\r\n}\r\n}\r\n@media screen and (max-width: 767px) {\r\n.jyezc69ef5f731edcb {\r\ndisplay: block;\r\n}\r\n}\r\n<\/style>\r\n\n<p><strong>Redacci\u00f3n: Morales, Joel (@joeldmc32)<br \/>\nEdici\u00f3n: Villasmil, Henry<br \/>\nGr\u00e1fica: OVCS<\/strong><\/p>\n<div style=\"margin-top: 0px; margin-bottom: 0px;\" class=\"sharethis-inline-share-buttons\" ><\/div>","protected":false},"excerpt":{"rendered":"<p>Los manifestantes exig\u00edan vacunas contra la COVID-19, as\u00ed como el respeto a los derechos pol\u00edticos, laborales y a la vida.<\/p>\n","protected":false},"author":29,"featured_media":141290,"comment_status":"open","ping_status":"closed","sticky":false,"template":"","format":"standard","meta":{"colormag_page_container_layout":"default_layout","colormag_page_sidebar_layout":"default_layout","_uag_custom_page_level_css":"","footnotes":""},"categories":[16454],"tags":[29,12003,233,17900,4296,32],"class_list":["post-141289","post","type-post","status-publish","format-standard","has-post-thumbnail","hentry","category-venezuela","tag-caracas","tag-manifestaciones","tag-nacionales","tag-observatorio-venezolano-de-conflictividad-social","tag-protestas","tag-venezuela"],"yoast_head":"<!-- This site is optimized with the Yoast SEO plugin v27.4 - https:\/\/yoast.com\/product\/yoast-seo-wordpress\/ -->\n<title>Observatorio Venezolano de Conflictividad Social registr\u00f3 protestas en nueve estados este 19 de julio<\/title>\n<meta name=\"description\" content=\"Venezuela\" \/>\n<meta name=\"robots\" content=\"index, follow, max-snippet:-1, max-image-preview:large, max-video-preview:-1\" \/>\n<link rel=\"canonical\" href=\"https:\/\/digital58.com.ve\/site\/2021\/07\/19\/observatorio-venezolano-de-conflictividad-social-registro-protestas-en-nueve-estados-este-19-de-julio\/\" \/>\n<meta property=\"og:locale\" content=\"es_ES\" \/>\n<meta property=\"og:type\" content=\"article\" \/>\n<meta property=\"og:title\" content=\"Observatorio Venezolano de Conflictividad Social registr\u00f3 protestas en nueve estados este 19 de julio\" \/>\n<meta property=\"og:description\" content=\"Venezuela\" \/>\n<meta property=\"og:url\" content=\"https:\/\/digital58.com.ve\/site\/2021\/07\/19\/observatorio-venezolano-de-conflictividad-social-registro-protestas-en-nueve-estados-este-19-de-julio\/\" \/>\n<meta property=\"og:site_name\" content=\"Noticias Digital58\" \/>\n<meta property=\"article:published_time\" content=\"2021-07-20T00:08:57+00:00\" \/>\n<meta property=\"og:image\" content=\"https:\/\/digital58.com.ve\/site\/wp-content\/uploads\/2021\/07\/Protestas.jpg\" \/>\n\t<meta property=\"og:image:width\" content=\"800\" \/>\n\t<meta property=\"og:image:height\" content=\"650\" \/>\n\t<meta property=\"og:image:type\" content=\"image\/jpeg\" \/>\n<meta name=\"author\" content=\"Morales Joel\" \/>\n<meta name=\"twitter:card\" content=\"summary_large_image\" \/>\n<meta name=\"twitter:creator\" content=\"@Digital_58\" \/>\n<meta name=\"twitter:site\" content=\"@villasmilhfoto\" \/>\n<meta name=\"twitter:label1\" content=\"Escrito por\" \/>\n\t<meta name=\"twitter:data1\" content=\"Morales Joel\" \/>\n\t<meta name=\"twitter:label2\" content=\"Tiempo estimado de lectura\" \/>\n\t<meta name=\"twitter:data2\" content=\"1 minuto\" \/>\n<script type=\"application\/ld+json\" class=\"yoast-schema-graph\">{\"@context\":\"https:\\\/\\\/schema.org\",\"@graph\":[{\"@type\":\"Article\",\"@id\":\"https:\\\/\\\/digital58.com.ve\\\/site\\\/2021\\\/07\\\/19\\\/observatorio-venezolano-de-conflictividad-social-registro-protestas-en-nueve-estados-este-19-de-julio\\\/#article\",\"isPartOf\":{\"@id\":\"https:\\\/\\\/digital58.com.ve\\\/site\\\/2021\\\/07\\\/19\\\/observatorio-venezolano-de-conflictividad-social-registro-protestas-en-nueve-estados-este-19-de-julio\\\/\"},\"author\":{\"name\":\"Morales Joel\",\"@id\":\"https:\\\/\\\/digital58.com.ve\\\/site\\\/#\\\/schema\\\/person\\\/8daf5f8bfd9ebdb98150c62bff195b72\"},\"headline\":\"Observatorio Venezolano de Conflictividad Social registr\u00f3 protestas en nueve estados este 19 de julio\",\"datePublished\":\"2021-07-20T00:08:57+00:00\",\"mainEntityOfPage\":{\"@id\":\"https:\\\/\\\/digital58.com.ve\\\/site\\\/2021\\\/07\\\/19\\\/observatorio-venezolano-de-conflictividad-social-registro-protestas-en-nueve-estados-este-19-de-julio\\\/\"},\"wordCount\":146,\"commentCount\":0,\"publisher\":{\"@id\":\"https:\\\/\\\/digital58.com.ve\\\/site\\\/#\\\/schema\\\/person\\\/64d1c2e4d0d4fd1b849980c4331c2951\"},\"image\":{\"@id\":\"https:\\\/\\\/digital58.com.ve\\\/site\\\/2021\\\/07\\\/19\\\/observatorio-venezolano-de-conflictividad-social-registro-protestas-en-nueve-estados-este-19-de-julio\\\/#primaryimage\"},\"thumbnailUrl\":\"https:\\\/\\\/digital58.com.ve\\\/site\\\/wp-content\\\/uploads\\\/2021\\\/07\\\/Protestas.jpg\",\"keywords\":[\"Caracas\",\"Manifestaciones\",\"Nacionales\",\"Observatorio Venezolano de Conflictividad Social\",\"Protestas\",\"Venezuela\"],\"articleSection\":[\"Venezuela\"],\"inLanguage\":\"es\",\"potentialAction\":[{\"@type\":\"CommentAction\",\"name\":\"Comment\",\"target\":[\"https:\\\/\\\/digital58.com.ve\\\/site\\\/2021\\\/07\\\/19\\\/observatorio-venezolano-de-conflictividad-social-registro-protestas-en-nueve-estados-este-19-de-julio\\\/#respond\"]}]},{\"@type\":\"WebPage\",\"@id\":\"https:\\\/\\\/digital58.com.ve\\\/site\\\/2021\\\/07\\\/19\\\/observatorio-venezolano-de-conflictividad-social-registro-protestas-en-nueve-estados-este-19-de-julio\\\/\",\"url\":\"https:\\\/\\\/digital58.com.ve\\\/site\\\/2021\\\/07\\\/19\\\/observatorio-venezolano-de-conflictividad-social-registro-protestas-en-nueve-estados-este-19-de-julio\\\/\",\"name\":\"Observatorio Venezolano de Conflictividad Social registr\u00f3 protestas en nueve estados este 19 de julio\",\"isPartOf\":{\"@id\":\"https:\\\/\\\/digital58.com.ve\\\/site\\\/#website\"},\"primaryImageOfPage\":{\"@id\":\"https:\\\/\\\/digital58.com.ve\\\/site\\\/2021\\\/07\\\/19\\\/observatorio-venezolano-de-conflictividad-social-registro-protestas-en-nueve-estados-este-19-de-julio\\\/#primaryimage\"},\"image\":{\"@id\":\"https:\\\/\\\/digital58.com.ve\\\/site\\\/2021\\\/07\\\/19\\\/observatorio-venezolano-de-conflictividad-social-registro-protestas-en-nueve-estados-este-19-de-julio\\\/#primaryimage\"},\"thumbnailUrl\":\"https:\\\/\\\/digital58.com.ve\\\/site\\\/wp-content\\\/uploads\\\/2021\\\/07\\\/Protestas.jpg\",\"datePublished\":\"2021-07-20T00:08:57+00:00\",\"description\":\"Venezuela\",\"breadcrumb\":{\"@id\":\"https:\\\/\\\/digital58.com.ve\\\/site\\\/2021\\\/07\\\/19\\\/observatorio-venezolano-de-conflictividad-social-registro-protestas-en-nueve-estados-este-19-de-julio\\\/#breadcrumb\"},\"inLanguage\":\"es\",\"potentialAction\":[{\"@type\":\"ReadAction\",\"target\":[\"https:\\\/\\\/digital58.com.ve\\\/site\\\/2021\\\/07\\\/19\\\/observatorio-venezolano-de-conflictividad-social-registro-protestas-en-nueve-estados-este-19-de-julio\\\/\"]}]},{\"@type\":\"ImageObject\",\"inLanguage\":\"es\",\"@id\":\"https:\\\/\\\/digital58.com.ve\\\/site\\\/2021\\\/07\\\/19\\\/observatorio-venezolano-de-conflictividad-social-registro-protestas-en-nueve-estados-este-19-de-julio\\\/#primaryimage\",\"url\":\"https:\\\/\\\/digital58.com.ve\\\/site\\\/wp-content\\\/uploads\\\/2021\\\/07\\\/Protestas.jpg\",\"contentUrl\":\"https:\\\/\\\/digital58.com.ve\\\/site\\\/wp-content\\\/uploads\\\/2021\\\/07\\\/Protestas.jpg\",\"width\":800,\"height\":650},{\"@type\":\"BreadcrumbList\",\"@id\":\"https:\\\/\\\/digital58.com.ve\\\/site\\\/2021\\\/07\\\/19\\\/observatorio-venezolano-de-conflictividad-social-registro-protestas-en-nueve-estados-este-19-de-julio\\\/#breadcrumb\",\"itemListElement\":[{\"@type\":\"ListItem\",\"position\":1,\"name\":\"Home\",\"item\":\"https:\\\/\\\/digital58.com.ve\\\/site\\\/\"},{\"@type\":\"ListItem\",\"position\":2,\"name\":\"Observatorio Venezolano de Conflictividad Social registr\u00f3 protestas en nueve estados este 19 de julio\"}]},{\"@type\":\"WebSite\",\"@id\":\"https:\\\/\\\/digital58.com.ve\\\/site\\\/#website\",\"url\":\"https:\\\/\\\/digital58.com.ve\\\/site\\\/\",\"name\":\"Noticias Digital58\",\"description\":\"Portal de Noticias \u00a1Periodismo web de verdad! Lanzamiento web 22.11.2005 \\\/ Maracaibo, Venezuela\",\"publisher\":{\"@id\":\"https:\\\/\\\/digital58.com.ve\\\/site\\\/#\\\/schema\\\/person\\\/64d1c2e4d0d4fd1b849980c4331c2951\"},\"alternateName\":\"ND58\",\"potentialAction\":[{\"@type\":\"SearchAction\",\"target\":{\"@type\":\"EntryPoint\",\"urlTemplate\":\"https:\\\/\\\/digital58.com.ve\\\/site\\\/?s={search_term_string}\"},\"query-input\":{\"@type\":\"PropertyValueSpecification\",\"valueRequired\":true,\"valueName\":\"search_term_string\"}}],\"inLanguage\":\"es\"},{\"@type\":[\"Person\",\"Organization\"],\"@id\":\"https:\\\/\\\/digital58.com.ve\\\/site\\\/#\\\/schema\\\/person\\\/64d1c2e4d0d4fd1b849980c4331c2951\",\"name\":\"Villasmil Henry\",\"image\":{\"@type\":\"ImageObject\",\"inLanguage\":\"es\",\"@id\":\"https:\\\/\\\/secure.gravatar.com\\\/avatar\\\/bb0c4a2fcb7970138239f7e404ea75757b1b507b28b5ce4c53fbd62d797c5a7c?s=96&d=mm&r=g\",\"url\":\"https:\\\/\\\/secure.gravatar.com\\\/avatar\\\/bb0c4a2fcb7970138239f7e404ea75757b1b507b28b5ce4c53fbd62d797c5a7c?s=96&d=mm&r=g\",\"contentUrl\":\"https:\\\/\\\/secure.gravatar.com\\\/avatar\\\/bb0c4a2fcb7970138239f7e404ea75757b1b507b28b5ce4c53fbd62d797c5a7c?s=96&d=mm&r=g\",\"caption\":\"Villasmil Henry\"},\"logo\":{\"@id\":\"https:\\\/\\\/secure.gravatar.com\\\/avatar\\\/bb0c4a2fcb7970138239f7e404ea75757b1b507b28b5ce4c53fbd62d797c5a7c?s=96&d=mm&r=g\"},\"sameAs\":[\"http:\\\/\\\/www.henryvillasmil.com.ve\",\"https:\\\/\\\/www.instagram.com\\\/villasmilhfoto\\\/\",\"https:\\\/\\\/x.com\\\/https:\\\/\\\/twitter.com\\\/villasmilhfoto\"]},{\"@type\":\"Person\",\"@id\":\"https:\\\/\\\/digital58.com.ve\\\/site\\\/#\\\/schema\\\/person\\\/8daf5f8bfd9ebdb98150c62bff195b72\",\"name\":\"Morales Joel\",\"image\":{\"@type\":\"ImageObject\",\"inLanguage\":\"es\",\"@id\":\"https:\\\/\\\/secure.gravatar.com\\\/avatar\\\/e2cb5ce0e9279ab3c8e03d472e483f32e666716a18da3bfa7b0749a5465409f1?s=96&d=mm&r=g\",\"url\":\"https:\\\/\\\/secure.gravatar.com\\\/avatar\\\/e2cb5ce0e9279ab3c8e03d472e483f32e666716a18da3bfa7b0749a5465409f1?s=96&d=mm&r=g\",\"contentUrl\":\"https:\\\/\\\/secure.gravatar.com\\\/avatar\\\/e2cb5ce0e9279ab3c8e03d472e483f32e666716a18da3bfa7b0749a5465409f1?s=96&d=mm&r=g\",\"caption\":\"Morales Joel\"},\"url\":\"https:\\\/\\\/digital58.com.ve\\\/site\\\/author\\\/joelm\\\/\"}]}<\/script>\n<!-- \/ Yoast SEO plugin. -->","yoast_head_json":{"title":"Observatorio Venezolano de Conflictividad Social registr\u00f3 protestas en nueve estados este 19 de julio","description":"Venezuela","robots":{"index":"index","follow":"follow","max-snippet":"max-snippet:-1","max-image-preview":"max-image-preview:large","max-video-preview":"max-video-preview:-1"},"canonical":"https:\/\/digital58.com.ve\/site\/2021\/07\/19\/observatorio-venezolano-de-conflictividad-social-registro-protestas-en-nueve-estados-este-19-de-julio\/","og_locale":"es_ES","og_type":"article","og_title":"Observatorio Venezolano de Conflictividad Social registr\u00f3 protestas en nueve estados este 19 de julio","og_description":"Venezuela","og_url":"https:\/\/digital58.com.ve\/site\/2021\/07\/19\/observatorio-venezolano-de-conflictividad-social-registro-protestas-en-nueve-estados-este-19-de-julio\/","og_site_name":"Noticias Digital58","article_published_time":"2021-07-20T00:08:57+00:00","og_image":[{"width":800,"height":650,"url":"https:\/\/digital58.com.ve\/site\/wp-content\/uploads\/2021\/07\/Protestas.jpg","type":"image\/jpeg"}],"author":"Morales Joel","twitter_card":"summary_large_image","twitter_creator":"@Digital_58","twitter_site":"@villasmilhfoto","twitter_misc":{"Escrito por":"Morales Joel","Tiempo estimado de lectura":"1 minuto"},"schema":{"@context":"https:\/\/schema.org","@graph":[{"@type":"Article","@id":"https:\/\/digital58.com.ve\/site\/2021\/07\/19\/observatorio-venezolano-de-conflictividad-social-registro-protestas-en-nueve-estados-este-19-de-julio\/#article","isPartOf":{"@id":"https:\/\/digital58.com.ve\/site\/2021\/07\/19\/observatorio-venezolano-de-conflictividad-social-registro-protestas-en-nueve-estados-este-19-de-julio\/"},"author":{"name":"Morales Joel","@id":"https:\/\/digital58.com.ve\/site\/#\/schema\/person\/8daf5f8bfd9ebdb98150c62bff195b72"},"headline":"Observatorio Venezolano de Conflictividad Social registr\u00f3 protestas en nueve estados este 19 de julio","datePublished":"2021-07-20T00:08:57+00:00","mainEntityOfPage":{"@id":"https:\/\/digital58.com.ve\/site\/2021\/07\/19\/observatorio-venezolano-de-conflictividad-social-registro-protestas-en-nueve-estados-este-19-de-julio\/"},"wordCount":146,"commentCount":0,"publisher":{"@id":"https:\/\/digital58.com.ve\/site\/#\/schema\/person\/64d1c2e4d0d4fd1b849980c4331c2951"},"image":{"@id":"https:\/\/digital58.com.ve\/site\/2021\/07\/19\/observatorio-venezolano-de-conflictividad-social-registro-protestas-en-nueve-estados-este-19-de-julio\/#primaryimage"},"thumbnailUrl":"https:\/\/digital58.com.ve\/site\/wp-content\/uploads\/2021\/07\/Protestas.jpg","keywords":["Caracas","Manifestaciones","Nacionales","Observatorio Venezolano de Conflictividad Social","Protestas","Venezuela"],"articleSection":["Venezuela"],"inLanguage":"es","potentialAction":[{"@type":"CommentAction","name":"Comment","target":["https:\/\/digital58.com.ve\/site\/2021\/07\/19\/observatorio-venezolano-de-conflictividad-social-registro-protestas-en-nueve-estados-este-19-de-julio\/#respond"]}]},{"@type":"WebPage","@id":"https:\/\/digital58.com.ve\/site\/2021\/07\/19\/observatorio-venezolano-de-conflictividad-social-registro-protestas-en-nueve-estados-este-19-de-julio\/","url":"https:\/\/digital58.com.ve\/site\/2021\/07\/19\/observatorio-venezolano-de-conflictividad-social-registro-protestas-en-nueve-estados-este-19-de-julio\/","name":"Observatorio Venezolano de Conflictividad Social registr\u00f3 protestas en nueve estados este 19 de julio","isPartOf":{"@id":"https:\/\/digital58.com.ve\/site\/#website"},"primaryImageOfPage":{"@id":"https:\/\/digital58.com.ve\/site\/2021\/07\/19\/observatorio-venezolano-de-conflictividad-social-registro-protestas-en-nueve-estados-este-19-de-julio\/#primaryimage"},"image":{"@id":"https:\/\/digital58.com.ve\/site\/2021\/07\/19\/observatorio-venezolano-de-conflictividad-social-registro-protestas-en-nueve-estados-este-19-de-julio\/#primaryimage"},"thumbnailUrl":"https:\/\/digital58.com.ve\/site\/wp-content\/uploads\/2021\/07\/Protestas.jpg","datePublished":"2021-07-20T00:08:57+00:00","description":"Venezuela","breadcrumb":{"@id":"https:\/\/digital58.com.ve\/site\/2021\/07\/19\/observatorio-venezolano-de-conflictividad-social-registro-protestas-en-nueve-estados-este-19-de-julio\/#breadcrumb"},"inLanguage":"es","potentialAction":[{"@type":"ReadAction","target":["https:\/\/digital58.com.ve\/site\/2021\/07\/19\/observatorio-venezolano-de-conflictividad-social-registro-protestas-en-nueve-estados-este-19-de-julio\/"]}]},{"@type":"ImageObject","inLanguage":"es","@id":"https:\/\/digital58.com.ve\/site\/2021\/07\/19\/observatorio-venezolano-de-conflictividad-social-registro-protestas-en-nueve-estados-este-19-de-julio\/#primaryimage","url":"https:\/\/digital58.com.ve\/site\/wp-content\/uploads\/2021\/07\/Protestas.jpg","contentUrl":"https:\/\/digital58.com.ve\/site\/wp-content\/uploads\/2021\/07\/Protestas.jpg","width":800,"height":650},{"@type":"BreadcrumbList","@id":"https:\/\/digital58.com.ve\/site\/2021\/07\/19\/observatorio-venezolano-de-conflictividad-social-registro-protestas-en-nueve-estados-este-19-de-julio\/#breadcrumb","itemListElement":[{"@type":"ListItem","position":1,"name":"Home","item":"https:\/\/digital58.com.ve\/site\/"},{"@type":"ListItem","position":2,"name":"Observatorio Venezolano de Conflictividad Social registr\u00f3 protestas en nueve estados este 19 de julio"}]},{"@type":"WebSite","@id":"https:\/\/digital58.com.ve\/site\/#website","url":"https:\/\/digital58.com.ve\/site\/","name":"Noticias Digital58","description":"Portal de Noticias \u00a1Periodismo web de verdad! Lanzamiento web 22.11.2005 \/ Maracaibo, Venezuela","publisher":{"@id":"https:\/\/digital58.com.ve\/site\/#\/schema\/person\/64d1c2e4d0d4fd1b849980c4331c2951"},"alternateName":"ND58","potentialAction":[{"@type":"SearchAction","target":{"@type":"EntryPoint","urlTemplate":"https:\/\/digital58.com.ve\/site\/?s={search_term_string}"},"query-input":{"@type":"PropertyValueSpecification","valueRequired":true,"valueName":"search_term_string"}}],"inLanguage":"es"},{"@type":["Person","Organization"],"@id":"https:\/\/digital58.com.ve\/site\/#\/schema\/person\/64d1c2e4d0d4fd1b849980c4331c2951","name":"Villasmil Henry","image":{"@type":"ImageObject","inLanguage":"es","@id":"https:\/\/secure.gravatar.com\/avatar\/bb0c4a2fcb7970138239f7e404ea75757b1b507b28b5ce4c53fbd62d797c5a7c?s=96&d=mm&r=g","url":"https:\/\/secure.gravatar.com\/avatar\/bb0c4a2fcb7970138239f7e404ea75757b1b507b28b5ce4c53fbd62d797c5a7c?s=96&d=mm&r=g","contentUrl":"https:\/\/secure.gravatar.com\/avatar\/bb0c4a2fcb7970138239f7e404ea75757b1b507b28b5ce4c53fbd62d797c5a7c?s=96&d=mm&r=g","caption":"Villasmil Henry"},"logo":{"@id":"https:\/\/secure.gravatar.com\/avatar\/bb0c4a2fcb7970138239f7e404ea75757b1b507b28b5ce4c53fbd62d797c5a7c?s=96&d=mm&r=g"},"sameAs":["http:\/\/www.henryvillasmil.com.ve","https:\/\/www.instagram.com\/villasmilhfoto\/","https:\/\/x.com\/https:\/\/twitter.com\/villasmilhfoto"]},{"@type":"Person","@id":"https:\/\/digital58.com.ve\/site\/#\/schema\/person\/8daf5f8bfd9ebdb98150c62bff195b72","name":"Morales Joel","image":{"@type":"ImageObject","inLanguage":"es","@id":"https:\/\/secure.gravatar.com\/avatar\/e2cb5ce0e9279ab3c8e03d472e483f32e666716a18da3bfa7b0749a5465409f1?s=96&d=mm&r=g","url":"https:\/\/secure.gravatar.com\/avatar\/e2cb5ce0e9279ab3c8e03d472e483f32e666716a18da3bfa7b0749a5465409f1?s=96&d=mm&r=g","contentUrl":"https:\/\/secure.gravatar.com\/avatar\/e2cb5ce0e9279ab3c8e03d472e483f32e666716a18da3bfa7b0749a5465409f1?s=96&d=mm&r=g","caption":"Morales Joel"},"url":"https:\/\/digital58.com.ve\/site\/author\/joelm\/"}]}},"uagb_featured_image_src":{"full":["https:\/\/digital58.com.ve\/site\/wp-content\/uploads\/2021\/07\/Protestas.jpg",800,650,false],"thumbnail":["https:\/\/digital58.com.ve\/site\/wp-content\/uploads\/2021\/07\/Protestas-150x150.jpg",150,150,true],"medium":["https:\/\/digital58.com.ve\/site\/wp-content\/uploads\/2021\/07\/Protestas-300x244.jpg",300,244,true],"medium_large":["https:\/\/digital58.com.ve\/site\/wp-content\/uploads\/2021\/07\/Protestas-768x624.jpg",768,624,true],"large":["https:\/\/digital58.com.ve\/site\/wp-content\/uploads\/2021\/07\/Protestas.jpg",800,650,false],"1536x1536":["https:\/\/digital58.com.ve\/site\/wp-content\/uploads\/2021\/07\/Protestas.jpg",800,650,false],"2048x2048":["https:\/\/digital58.com.ve\/site\/wp-content\/uploads\/2021\/07\/Protestas.jpg",800,650,false],"colormag-highlighted-post":["https:\/\/digital58.com.ve\/site\/wp-content\/uploads\/2021\/07\/Protestas.jpg",335,272,false],"colormag-featured-post-medium":["https:\/\/digital58.com.ve\/site\/wp-content\/uploads\/2021\/07\/Protestas.jpg",252,205,false],"colormag-featured-post-small":["https:\/\/digital58.com.ve\/site\/wp-content\/uploads\/2021\/07\/Protestas.jpg",111,90,false],"colormag-featured-image":["https:\/\/digital58.com.ve\/site\/wp-content\/uploads\/2021\/07\/Protestas.jpg",548,445,false],"colormag-default-news":["https:\/\/digital58.com.ve\/site\/wp-content\/uploads\/2021\/07\/Protestas.jpg",150,122,false],"colormag-featured-image-large":["https:\/\/digital58.com.ve\/site\/wp-content\/uploads\/2021\/07\/Protestas.jpg",738,600,false]},"uagb_author_info":{"display_name":"Morales Joel","author_link":"https:\/\/digital58.com.ve\/site\/author\/joelm\/"},"uagb_comment_info":0,"uagb_excerpt":"Los manifestantes exig\u00edan vacunas contra la COVID-19, as\u00ed como el respeto a los derechos pol\u00edticos, laborales y a la vida.","_links":{"self":[{"href":"https:\/\/digital58.com.ve\/site\/wp-json\/wp\/v2\/posts\/141289","targetHints":{"allow":["GET"]}}],"collection":[{"href":"https:\/\/digital58.com.ve\/site\/wp-json\/wp\/v2\/posts"}],"about":[{"href":"https:\/\/digital58.com.ve\/site\/wp-json\/wp\/v2\/types\/post"}],"author":[{"embeddable":true,"href":"https:\/\/digital58.com.ve\/site\/wp-json\/wp\/v2\/users\/29"}],"replies":[{"embeddable":true,"href":"https:\/\/digital58.com.ve\/site\/wp-json\/wp\/v2\/comments?post=141289"}],"version-history":[{"count":0,"href":"https:\/\/digital58.com.ve\/site\/wp-json\/wp\/v2\/posts\/141289\/revisions"}],"wp:featuredmedia":[{"embeddable":true,"href":"https:\/\/digital58.com.ve\/site\/wp-json\/wp\/v2\/media\/141290"}],"wp:attachment":[{"href":"https:\/\/digital58.com.ve\/site\/wp-json\/wp\/v2\/media?parent=141289"}],"wp:term":[{"taxonomy":"category","embeddable":true,"href":"https:\/\/digital58.com.ve\/site\/wp-json\/wp\/v2\/categories?post=141289"},{"taxonomy":"post_tag","embeddable":true,"href":"https:\/\/digital58.com.ve\/site\/wp-json\/wp\/v2\/tags?post=141289"}],"curies":[{"name":"wp","href":"https:\/\/api.w.org\/{rel}","templated":true}]}}