{"id":141508,"date":"2021-07-24T11:20:39","date_gmt":"2021-07-24T15:20:39","guid":{"rendered":"https:\/\/digital58.com.ve\/site\/?p=141508"},"modified":"2021-07-24T11:20:39","modified_gmt":"2021-07-24T15:20:39","slug":"justicia-de-cabo-verde-preve-tener-pronto-dictamen-sobre-los-recursos-de-saab","status":"publish","type":"post","link":"https:\/\/digital58.com.ve\/site\/2021\/07\/24\/justicia-de-cabo-verde-preve-tener-pronto-dictamen-sobre-los-recursos-de-saab\/","title":{"rendered":"Justicia de Cabo Verde prev\u00e9 tener pronto dictamen sobre los recursos de Saab"},"content":{"rendered":"<p><a href=\"https:\/\/digital58.com.ve\/site\/wp-content\/uploads\/2020\/07\/Saab-Moran.jpg\"><img loading=\"lazy\" decoding=\"async\" class=\"aligncenter size-full wp-image-117587\" src=\"https:\/\/digital58.com.ve\/site\/wp-content\/uploads\/2020\/07\/Saab-Moran.jpg\" alt=\"\" width=\"640\" height=\"355\" srcset=\"https:\/\/digital58.com.ve\/site\/wp-content\/uploads\/2020\/07\/Saab-Moran.jpg 640w, https:\/\/digital58.com.ve\/site\/wp-content\/uploads\/2020\/07\/Saab-Moran-300x166.jpg 300w\" sizes=\"auto, (max-width: 640px) 100vw, 640px\" \/><\/a><\/p>\n<p>El Tribunal Constitucional (TC) de Cabo Verde prev\u00e9 tener pronto su veredicto sobre los recursos a\u00fan por resolver presentados por la defensa del empresario colombiano \u00c1lex Saab, presunto testaferro del presidente de Venezuela, Nicol\u00e1s Maduro, en contra de su extradici\u00f3n a Estados Unidos.<\/p>\n<p><strong>Maracaibo, Zulia, Venezuela, 24 de julio de 2021 (ND58).-<\/strong> Seg\u00fan fuentes judiciales consultadas este viernes por Efe, las decisiones del TC sobre los recursos pendientes en el caso Saab \u2014quien fue arrestado en Cabo Verde el 12 de junio de 2020 mientras se dirig\u00eda a Ir\u00e1n en una misi\u00f3n del Gobierno de Caracas\u2014 llegar\u00e1n en los \u00abpr\u00f3ximos d\u00edas o semanas\u00bb.<\/p>\n<p>En concreto, el TC estudia a\u00fan una solicitud que defiende la inconstitucionalidad de la detenci\u00f3n de Saab (Inspecci\u00f3n Concreta de Constitucionalidad), tanto en lo relativo a la actuaci\u00f3n de la Polic\u00eda como de la Justicia caboverdiana.<\/p>\n<p>Este proceso, junto con un recurso de amparo presentado tambi\u00e9n ante el TC, es actualmente una de las pocas estrategias procesales restantes para evitar la extradici\u00f3n del empresario colombiano.<\/p>\n<p>El martes pasado, el propio TC rechaz\u00f3 ya otra solicitud de la defensa para que Cabo Verde aceptara y cumpliera una recomendaci\u00f3n del Comit\u00e9 de Derechos Humanos de Naciones Unidas (CDHNU) pidiendo suspender provisionalmente el proceso de extradici\u00f3n.<\/p>\n<p>El CDHNU hab\u00eda solicitado a Cabo Verde que se abstuviera de ejecutar la entrega e instaba a permitir a Saab el acceso a \u00abatenci\u00f3n m\u00e9dica adecuada\u00bb despu\u00e9s que el colombiano, de 49 a\u00f1os, interpusiera una denuncia ante ese organismo que alegaba \u00abtortura y malos tratos\u00bb en el momento de su arresto, as\u00ed como \u00abcondiciones inhumanas y degradantes de la detenci\u00f3n debido a la falta de cuidados m\u00e9dicos\u00bb.<\/p>\n<p>Pese a ello, m\u00e1ximo tribunal caboverdiano rechaz\u00f3 el martes pasado la petici\u00f3n alegando que las decisiones de ese comit\u00e9 ni tienen fuerza de ley, ni el pa\u00eds est\u00e1 obligado a acatarlas.<\/p>\n<p>M\u00e1s concretamente, el fallo argumentaba que \u00abla recomendaci\u00f3n del CDHNU es administrativa y no judicial\u00bb y que \u00abs\u00f3lo los actos jur\u00eddicos que emanan de \u00f3rganos judiciales competentes\u00bb supranacionales \u00abvinculan a Cabo Verde\u00bb.<\/p>\n<p>Superada esta instancia, actualmente quedan pendientes las decisiones del m\u00e1ximo tribunal caboverdiano sobre la citada solicitud de Inspecci\u00f3n Concreta de Constitucionalidad y el recurso de amparo.<\/p>\n<p>\u00abInvocan la vulneraci\u00f3n de ciertos derechos del interesado, ambos en tr\u00e1mite ante el TC, y es probable que el juzgado los resuelva en el los pr\u00f3ximos d\u00edas o semanas\u00bb, indicaron a Efe las citadas fuentes judiciales.<\/p>\n<h2>El arresto y las acusaciones contra Saab<\/h2>\n<p>Saab fue detenido el 12 de junio de 2020 cuando su avi\u00f3n hizo escala en el Aeropuerto Internacional Amilcar Cabral de la isla caboverdiana de Sal, en cumplimiento de una petici\u00f3n de EEUU a trav\u00e9s de INTERPOL, pero la defensa alega que esa alerta se emiti\u00f3 despu\u00e9s del arresto.<\/p>\n<p>Tras su detenci\u00f3n, Venezuela asever\u00f3 tambi\u00e9n que Saab es un ciudadano venezolano y un \u00abagente\u00bb del Gobierno, que se hallaba \u00aben tr\u00e1nsito\u00bb en Cabo Verde, por lo que sus abogados argumentan que \u00abten\u00eda derecho a la inviolabilidad personal como enviado especial de Venezuela\u00bb.<\/p>\n<p>El nombre del empresario, de 49 a\u00f1os, apareci\u00f3 en los medios cuando la exfiscal venezolana Luisa Ortega D\u00edaz lo acus\u00f3 en 2017 de ser uno de los testaferros del presidente venezolano.<\/p>\n<p>Saab, nacido en la ciudad colombiana de Barranquilla y de origen liban\u00e9s, est\u00e1 relacionado con varias empresas, entre ellas Group Grand Limited (GGL), acusada de suministrar alimentos y v\u00edveres con sobreprecios a la Administraci\u00f3n de Maduro.<\/p>\n<p>Seg\u00fan el Gobierno estadounidense, el empresario colombiano y tres hijastros de Maduro se lucraron de estas operaciones con \u00abcientos de millones de d\u00f3lares\u00bb.<\/p><div class=\"gtqyp69f47131893e2\" ><p style=\"text-align: center;\"><a href=\"https:\/\/t.me\/noticiasdigital58\" target=\"_blank\" rel=\"noopener\"><img class=\"aligncenter size-full wp-image-125363\" src=\"https:\/\/digital58.com.ve\/site\/wp-content\/uploads\/2021\/04\/banner-telegram-web-2021.png\" alt=\"\" width=\"600\" height=\"90\" \/><\/a><\/p><\/div><style type=\"text\/css\">\r\n@media screen and (min-width: 1201px) {\r\n.gtqyp69f47131893e2 {\r\ndisplay: block;\r\n}\r\n}\r\n@media screen and (min-width: 993px) and (max-width: 1200px) {\r\n.gtqyp69f47131893e2 {\r\ndisplay: block;\r\n}\r\n}\r\n@media screen and (min-width: 769px) and (max-width: 992px) {\r\n.gtqyp69f47131893e2 {\r\ndisplay: block;\r\n}\r\n}\r\n@media screen and (min-width: 768px) and (max-width: 768px) {\r\n.gtqyp69f47131893e2 {\r\ndisplay: block;\r\n}\r\n}\r\n@media screen and (max-width: 767px) {\r\n.gtqyp69f47131893e2 {\r\ndisplay: block;\r\n}\r\n}\r\n<\/style>\r\n\n<p><strong>Redacci\u00f3n ND58 | Fuente: EFE<\/strong><br \/>\n<strong>Edici\u00f3n: Villasmil, Henry<\/strong><br \/>\n<strong>Gr\u00e1fica: Archivo<\/strong><\/p>\n<div style=\"margin-top: 0px; margin-bottom: 0px;\" class=\"sharethis-inline-share-buttons\" ><\/div>","protected":false},"excerpt":{"rendered":"<p>El Tribunal Constitucional (TC) de Cabo Verde prev\u00e9 tener pronto su veredicto sobre los recursos a\u00fan por resolver presentados por<\/p>\n","protected":false},"author":1,"featured_media":128383,"comment_status":"open","ping_status":"closed","sticky":false,"template":"","format":"standard","meta":{"colormag_page_container_layout":"default_layout","colormag_page_sidebar_layout":"default_layout","_uag_custom_page_level_css":"","footnotes":""},"categories":[16451],"tags":[15997,15999,24543,13879,8,14182,25060,32,8351],"class_list":["post-141508","post","type-post","status-publish","format-standard","has-post-thumbnail","hentry","category-mundo","tag-alex-saab","tag-cabo-verde","tag-cdhnu","tag-extradicion","tag-internacionales","tag-nicolas-maduro-moros","tag-tribunal-constitucional-de-cabo-verde","tag-venezuela","tag-veredicto"],"yoast_head":"<!-- This site is optimized with the Yoast SEO plugin v27.5 - https:\/\/yoast.com\/product\/yoast-seo-wordpress\/ -->\n<title>Justicia de Cabo Verde prev\u00e9 tener pronto dictamen sobre los recursos de Saab<\/title>\n<meta name=\"description\" content=\"Mundo\" \/>\n<meta name=\"robots\" content=\"index, follow, max-snippet:-1, max-image-preview:large, max-video-preview:-1\" \/>\n<link rel=\"canonical\" href=\"https:\/\/digital58.com.ve\/site\/2021\/07\/24\/justicia-de-cabo-verde-preve-tener-pronto-dictamen-sobre-los-recursos-de-saab\/\" \/>\n<meta property=\"og:locale\" content=\"es_ES\" \/>\n<meta property=\"og:type\" content=\"article\" \/>\n<meta property=\"og:title\" content=\"Justicia de Cabo Verde prev\u00e9 tener pronto dictamen sobre los recursos de Saab\" \/>\n<meta property=\"og:description\" content=\"Mundo\" \/>\n<meta property=\"og:url\" content=\"https:\/\/digital58.com.ve\/site\/2021\/07\/24\/justicia-de-cabo-verde-preve-tener-pronto-dictamen-sobre-los-recursos-de-saab\/\" \/>\n<meta property=\"og:site_name\" content=\"Noticias Digital58\" \/>\n<meta property=\"article:published_time\" content=\"2021-07-24T15:20:39+00:00\" \/>\n<meta property=\"og:image\" content=\"https:\/\/digital58.com.ve\/site\/wp-content\/uploads\/2020\/09\/Alex-Saab.jpg\" \/>\n\t<meta property=\"og:image:width\" content=\"800\" \/>\n\t<meta property=\"og:image:height\" content=\"533\" \/>\n\t<meta property=\"og:image:type\" content=\"image\/jpeg\" \/>\n<meta name=\"author\" content=\"Villasmil Henry\" \/>\n<meta name=\"twitter:card\" content=\"summary_large_image\" \/>\n<meta name=\"twitter:creator\" content=\"@https:\/\/twitter.com\/villasmilhfoto\" \/>\n<meta name=\"twitter:site\" content=\"@villasmilhfoto\" \/>\n<meta name=\"twitter:label1\" content=\"Escrito por\" \/>\n\t<meta name=\"twitter:data1\" content=\"Villasmil Henry\" \/>\n\t<meta name=\"twitter:label2\" content=\"Tiempo estimado de lectura\" \/>\n\t<meta name=\"twitter:data2\" content=\"3 minutos\" \/>\n<script type=\"application\/ld+json\" class=\"yoast-schema-graph\">{\"@context\":\"https:\\\/\\\/schema.org\",\"@graph\":[{\"@type\":\"Article\",\"@id\":\"https:\\\/\\\/digital58.com.ve\\\/site\\\/2021\\\/07\\\/24\\\/justicia-de-cabo-verde-preve-tener-pronto-dictamen-sobre-los-recursos-de-saab\\\/#article\",\"isPartOf\":{\"@id\":\"https:\\\/\\\/digital58.com.ve\\\/site\\\/2021\\\/07\\\/24\\\/justicia-de-cabo-verde-preve-tener-pronto-dictamen-sobre-los-recursos-de-saab\\\/\"},\"author\":{\"name\":\"Villasmil Henry\",\"@id\":\"https:\\\/\\\/digital58.com.ve\\\/site\\\/#\\\/schema\\\/person\\\/64d1c2e4d0d4fd1b849980c4331c2951\"},\"headline\":\"Justicia de Cabo Verde prev\u00e9 tener pronto dictamen sobre los recursos de Saab\",\"datePublished\":\"2021-07-24T15:20:39+00:00\",\"mainEntityOfPage\":{\"@id\":\"https:\\\/\\\/digital58.com.ve\\\/site\\\/2021\\\/07\\\/24\\\/justicia-de-cabo-verde-preve-tener-pronto-dictamen-sobre-los-recursos-de-saab\\\/\"},\"wordCount\":658,\"commentCount\":0,\"publisher\":{\"@id\":\"https:\\\/\\\/digital58.com.ve\\\/site\\\/#\\\/schema\\\/person\\\/64d1c2e4d0d4fd1b849980c4331c2951\"},\"image\":{\"@id\":\"https:\\\/\\\/digital58.com.ve\\\/site\\\/2021\\\/07\\\/24\\\/justicia-de-cabo-verde-preve-tener-pronto-dictamen-sobre-los-recursos-de-saab\\\/#primaryimage\"},\"thumbnailUrl\":\"https:\\\/\\\/digital58.com.ve\\\/site\\\/wp-content\\\/uploads\\\/2020\\\/09\\\/Alex-Saab.jpg\",\"keywords\":[\"Alex Saab\",\"Cabo Verde\",\"CDHNU\",\"Extradici\u00f3n\",\"Internacionales\",\"Nicol\u00e1s Maduro Moros\",\"Tribunal Constitucional de Cabo Verde\",\"Venezuela\",\"Veredicto\"],\"articleSection\":[\"Mundo\"],\"inLanguage\":\"es\",\"potentialAction\":[{\"@type\":\"CommentAction\",\"name\":\"Comment\",\"target\":[\"https:\\\/\\\/digital58.com.ve\\\/site\\\/2021\\\/07\\\/24\\\/justicia-de-cabo-verde-preve-tener-pronto-dictamen-sobre-los-recursos-de-saab\\\/#respond\"]}]},{\"@type\":\"WebPage\",\"@id\":\"https:\\\/\\\/digital58.com.ve\\\/site\\\/2021\\\/07\\\/24\\\/justicia-de-cabo-verde-preve-tener-pronto-dictamen-sobre-los-recursos-de-saab\\\/\",\"url\":\"https:\\\/\\\/digital58.com.ve\\\/site\\\/2021\\\/07\\\/24\\\/justicia-de-cabo-verde-preve-tener-pronto-dictamen-sobre-los-recursos-de-saab\\\/\",\"name\":\"Justicia de Cabo Verde prev\u00e9 tener pronto dictamen sobre los recursos de Saab\",\"isPartOf\":{\"@id\":\"https:\\\/\\\/digital58.com.ve\\\/site\\\/#website\"},\"primaryImageOfPage\":{\"@id\":\"https:\\\/\\\/digital58.com.ve\\\/site\\\/2021\\\/07\\\/24\\\/justicia-de-cabo-verde-preve-tener-pronto-dictamen-sobre-los-recursos-de-saab\\\/#primaryimage\"},\"image\":{\"@id\":\"https:\\\/\\\/digital58.com.ve\\\/site\\\/2021\\\/07\\\/24\\\/justicia-de-cabo-verde-preve-tener-pronto-dictamen-sobre-los-recursos-de-saab\\\/#primaryimage\"},\"thumbnailUrl\":\"https:\\\/\\\/digital58.com.ve\\\/site\\\/wp-content\\\/uploads\\\/2020\\\/09\\\/Alex-Saab.jpg\",\"datePublished\":\"2021-07-24T15:20:39+00:00\",\"description\":\"Mundo\",\"breadcrumb\":{\"@id\":\"https:\\\/\\\/digital58.com.ve\\\/site\\\/2021\\\/07\\\/24\\\/justicia-de-cabo-verde-preve-tener-pronto-dictamen-sobre-los-recursos-de-saab\\\/#breadcrumb\"},\"inLanguage\":\"es\",\"potentialAction\":[{\"@type\":\"ReadAction\",\"target\":[\"https:\\\/\\\/digital58.com.ve\\\/site\\\/2021\\\/07\\\/24\\\/justicia-de-cabo-verde-preve-tener-pronto-dictamen-sobre-los-recursos-de-saab\\\/\"]}]},{\"@type\":\"ImageObject\",\"inLanguage\":\"es\",\"@id\":\"https:\\\/\\\/digital58.com.ve\\\/site\\\/2021\\\/07\\\/24\\\/justicia-de-cabo-verde-preve-tener-pronto-dictamen-sobre-los-recursos-de-saab\\\/#primaryimage\",\"url\":\"https:\\\/\\\/digital58.com.ve\\\/site\\\/wp-content\\\/uploads\\\/2020\\\/09\\\/Alex-Saab.jpg\",\"contentUrl\":\"https:\\\/\\\/digital58.com.ve\\\/site\\\/wp-content\\\/uploads\\\/2020\\\/09\\\/Alex-Saab.jpg\",\"width\":800,\"height\":533},{\"@type\":\"BreadcrumbList\",\"@id\":\"https:\\\/\\\/digital58.com.ve\\\/site\\\/2021\\\/07\\\/24\\\/justicia-de-cabo-verde-preve-tener-pronto-dictamen-sobre-los-recursos-de-saab\\\/#breadcrumb\",\"itemListElement\":[{\"@type\":\"ListItem\",\"position\":1,\"name\":\"Home\",\"item\":\"https:\\\/\\\/digital58.com.ve\\\/site\\\/\"},{\"@type\":\"ListItem\",\"position\":2,\"name\":\"Justicia de Cabo Verde prev\u00e9 tener pronto dictamen sobre los recursos de Saab\"}]},{\"@type\":\"WebSite\",\"@id\":\"https:\\\/\\\/digital58.com.ve\\\/site\\\/#website\",\"url\":\"https:\\\/\\\/digital58.com.ve\\\/site\\\/\",\"name\":\"Noticias Digital58\",\"description\":\"Portal de Noticias \u00a1Periodismo web de verdad! Lanzamiento web 22.11.2005 \\\/ Maracaibo, Venezuela\",\"publisher\":{\"@id\":\"https:\\\/\\\/digital58.com.ve\\\/site\\\/#\\\/schema\\\/person\\\/64d1c2e4d0d4fd1b849980c4331c2951\"},\"alternateName\":\"ND58\",\"potentialAction\":[{\"@type\":\"SearchAction\",\"target\":{\"@type\":\"EntryPoint\",\"urlTemplate\":\"https:\\\/\\\/digital58.com.ve\\\/site\\\/?s={search_term_string}\"},\"query-input\":{\"@type\":\"PropertyValueSpecification\",\"valueRequired\":true,\"valueName\":\"search_term_string\"}}],\"inLanguage\":\"es\"},{\"@type\":[\"Person\",\"Organization\"],\"@id\":\"https:\\\/\\\/digital58.com.ve\\\/site\\\/#\\\/schema\\\/person\\\/64d1c2e4d0d4fd1b849980c4331c2951\",\"name\":\"Villasmil Henry\",\"image\":{\"@type\":\"ImageObject\",\"inLanguage\":\"es\",\"@id\":\"https:\\\/\\\/secure.gravatar.com\\\/avatar\\\/bb0c4a2fcb7970138239f7e404ea75757b1b507b28b5ce4c53fbd62d797c5a7c?s=96&d=mm&r=g\",\"url\":\"https:\\\/\\\/secure.gravatar.com\\\/avatar\\\/bb0c4a2fcb7970138239f7e404ea75757b1b507b28b5ce4c53fbd62d797c5a7c?s=96&d=mm&r=g\",\"contentUrl\":\"https:\\\/\\\/secure.gravatar.com\\\/avatar\\\/bb0c4a2fcb7970138239f7e404ea75757b1b507b28b5ce4c53fbd62d797c5a7c?s=96&d=mm&r=g\",\"caption\":\"Villasmil Henry\"},\"logo\":{\"@id\":\"https:\\\/\\\/secure.gravatar.com\\\/avatar\\\/bb0c4a2fcb7970138239f7e404ea75757b1b507b28b5ce4c53fbd62d797c5a7c?s=96&d=mm&r=g\"},\"sameAs\":[\"http:\\\/\\\/www.henryvillasmil.com.ve\",\"https:\\\/\\\/www.instagram.com\\\/villasmilhfoto\\\/\",\"https:\\\/\\\/x.com\\\/https:\\\/\\\/twitter.com\\\/villasmilhfoto\"],\"url\":\"https:\\\/\\\/digital58.com.ve\\\/site\\\/author\\\/droopy_68\\\/\"}]}<\/script>\n<!-- \/ Yoast SEO plugin. -->","yoast_head_json":{"title":"Justicia de Cabo Verde prev\u00e9 tener pronto dictamen sobre los recursos de Saab","description":"Mundo","robots":{"index":"index","follow":"follow","max-snippet":"max-snippet:-1","max-image-preview":"max-image-preview:large","max-video-preview":"max-video-preview:-1"},"canonical":"https:\/\/digital58.com.ve\/site\/2021\/07\/24\/justicia-de-cabo-verde-preve-tener-pronto-dictamen-sobre-los-recursos-de-saab\/","og_locale":"es_ES","og_type":"article","og_title":"Justicia de Cabo Verde prev\u00e9 tener pronto dictamen sobre los recursos de Saab","og_description":"Mundo","og_url":"https:\/\/digital58.com.ve\/site\/2021\/07\/24\/justicia-de-cabo-verde-preve-tener-pronto-dictamen-sobre-los-recursos-de-saab\/","og_site_name":"Noticias Digital58","article_published_time":"2021-07-24T15:20:39+00:00","og_image":[{"width":800,"height":533,"url":"https:\/\/digital58.com.ve\/site\/wp-content\/uploads\/2020\/09\/Alex-Saab.jpg","type":"image\/jpeg"}],"author":"Villasmil Henry","twitter_card":"summary_large_image","twitter_creator":"@https:\/\/twitter.com\/villasmilhfoto","twitter_site":"@villasmilhfoto","twitter_misc":{"Escrito por":"Villasmil Henry","Tiempo estimado de lectura":"3 minutos"},"schema":{"@context":"https:\/\/schema.org","@graph":[{"@type":"Article","@id":"https:\/\/digital58.com.ve\/site\/2021\/07\/24\/justicia-de-cabo-verde-preve-tener-pronto-dictamen-sobre-los-recursos-de-saab\/#article","isPartOf":{"@id":"https:\/\/digital58.com.ve\/site\/2021\/07\/24\/justicia-de-cabo-verde-preve-tener-pronto-dictamen-sobre-los-recursos-de-saab\/"},"author":{"name":"Villasmil Henry","@id":"https:\/\/digital58.com.ve\/site\/#\/schema\/person\/64d1c2e4d0d4fd1b849980c4331c2951"},"headline":"Justicia de Cabo Verde prev\u00e9 tener pronto dictamen sobre los recursos de Saab","datePublished":"2021-07-24T15:20:39+00:00","mainEntityOfPage":{"@id":"https:\/\/digital58.com.ve\/site\/2021\/07\/24\/justicia-de-cabo-verde-preve-tener-pronto-dictamen-sobre-los-recursos-de-saab\/"},"wordCount":658,"commentCount":0,"publisher":{"@id":"https:\/\/digital58.com.ve\/site\/#\/schema\/person\/64d1c2e4d0d4fd1b849980c4331c2951"},"image":{"@id":"https:\/\/digital58.com.ve\/site\/2021\/07\/24\/justicia-de-cabo-verde-preve-tener-pronto-dictamen-sobre-los-recursos-de-saab\/#primaryimage"},"thumbnailUrl":"https:\/\/digital58.com.ve\/site\/wp-content\/uploads\/2020\/09\/Alex-Saab.jpg","keywords":["Alex Saab","Cabo Verde","CDHNU","Extradici\u00f3n","Internacionales","Nicol\u00e1s Maduro Moros","Tribunal Constitucional de Cabo Verde","Venezuela","Veredicto"],"articleSection":["Mundo"],"inLanguage":"es","potentialAction":[{"@type":"CommentAction","name":"Comment","target":["https:\/\/digital58.com.ve\/site\/2021\/07\/24\/justicia-de-cabo-verde-preve-tener-pronto-dictamen-sobre-los-recursos-de-saab\/#respond"]}]},{"@type":"WebPage","@id":"https:\/\/digital58.com.ve\/site\/2021\/07\/24\/justicia-de-cabo-verde-preve-tener-pronto-dictamen-sobre-los-recursos-de-saab\/","url":"https:\/\/digital58.com.ve\/site\/2021\/07\/24\/justicia-de-cabo-verde-preve-tener-pronto-dictamen-sobre-los-recursos-de-saab\/","name":"Justicia de Cabo Verde prev\u00e9 tener pronto dictamen sobre los recursos de Saab","isPartOf":{"@id":"https:\/\/digital58.com.ve\/site\/#website"},"primaryImageOfPage":{"@id":"https:\/\/digital58.com.ve\/site\/2021\/07\/24\/justicia-de-cabo-verde-preve-tener-pronto-dictamen-sobre-los-recursos-de-saab\/#primaryimage"},"image":{"@id":"https:\/\/digital58.com.ve\/site\/2021\/07\/24\/justicia-de-cabo-verde-preve-tener-pronto-dictamen-sobre-los-recursos-de-saab\/#primaryimage"},"thumbnailUrl":"https:\/\/digital58.com.ve\/site\/wp-content\/uploads\/2020\/09\/Alex-Saab.jpg","datePublished":"2021-07-24T15:20:39+00:00","description":"Mundo","breadcrumb":{"@id":"https:\/\/digital58.com.ve\/site\/2021\/07\/24\/justicia-de-cabo-verde-preve-tener-pronto-dictamen-sobre-los-recursos-de-saab\/#breadcrumb"},"inLanguage":"es","potentialAction":[{"@type":"ReadAction","target":["https:\/\/digital58.com.ve\/site\/2021\/07\/24\/justicia-de-cabo-verde-preve-tener-pronto-dictamen-sobre-los-recursos-de-saab\/"]}]},{"@type":"ImageObject","inLanguage":"es","@id":"https:\/\/digital58.com.ve\/site\/2021\/07\/24\/justicia-de-cabo-verde-preve-tener-pronto-dictamen-sobre-los-recursos-de-saab\/#primaryimage","url":"https:\/\/digital58.com.ve\/site\/wp-content\/uploads\/2020\/09\/Alex-Saab.jpg","contentUrl":"https:\/\/digital58.com.ve\/site\/wp-content\/uploads\/2020\/09\/Alex-Saab.jpg","width":800,"height":533},{"@type":"BreadcrumbList","@id":"https:\/\/digital58.com.ve\/site\/2021\/07\/24\/justicia-de-cabo-verde-preve-tener-pronto-dictamen-sobre-los-recursos-de-saab\/#breadcrumb","itemListElement":[{"@type":"ListItem","position":1,"name":"Home","item":"https:\/\/digital58.com.ve\/site\/"},{"@type":"ListItem","position":2,"name":"Justicia de Cabo Verde prev\u00e9 tener pronto dictamen sobre los recursos de Saab"}]},{"@type":"WebSite","@id":"https:\/\/digital58.com.ve\/site\/#website","url":"https:\/\/digital58.com.ve\/site\/","name":"Noticias Digital58","description":"Portal de Noticias \u00a1Periodismo web de verdad! Lanzamiento web 22.11.2005 \/ Maracaibo, Venezuela","publisher":{"@id":"https:\/\/digital58.com.ve\/site\/#\/schema\/person\/64d1c2e4d0d4fd1b849980c4331c2951"},"alternateName":"ND58","potentialAction":[{"@type":"SearchAction","target":{"@type":"EntryPoint","urlTemplate":"https:\/\/digital58.com.ve\/site\/?s={search_term_string}"},"query-input":{"@type":"PropertyValueSpecification","valueRequired":true,"valueName":"search_term_string"}}],"inLanguage":"es"},{"@type":["Person","Organization"],"@id":"https:\/\/digital58.com.ve\/site\/#\/schema\/person\/64d1c2e4d0d4fd1b849980c4331c2951","name":"Villasmil Henry","image":{"@type":"ImageObject","inLanguage":"es","@id":"https:\/\/secure.gravatar.com\/avatar\/bb0c4a2fcb7970138239f7e404ea75757b1b507b28b5ce4c53fbd62d797c5a7c?s=96&d=mm&r=g","url":"https:\/\/secure.gravatar.com\/avatar\/bb0c4a2fcb7970138239f7e404ea75757b1b507b28b5ce4c53fbd62d797c5a7c?s=96&d=mm&r=g","contentUrl":"https:\/\/secure.gravatar.com\/avatar\/bb0c4a2fcb7970138239f7e404ea75757b1b507b28b5ce4c53fbd62d797c5a7c?s=96&d=mm&r=g","caption":"Villasmil Henry"},"logo":{"@id":"https:\/\/secure.gravatar.com\/avatar\/bb0c4a2fcb7970138239f7e404ea75757b1b507b28b5ce4c53fbd62d797c5a7c?s=96&d=mm&r=g"},"sameAs":["http:\/\/www.henryvillasmil.com.ve","https:\/\/www.instagram.com\/villasmilhfoto\/","https:\/\/x.com\/https:\/\/twitter.com\/villasmilhfoto"],"url":"https:\/\/digital58.com.ve\/site\/author\/droopy_68\/"}]}},"uagb_featured_image_src":{"full":["https:\/\/digital58.com.ve\/site\/wp-content\/uploads\/2020\/09\/Alex-Saab.jpg",800,533,false],"thumbnail":["https:\/\/digital58.com.ve\/site\/wp-content\/uploads\/2020\/09\/Alex-Saab-150x150.jpg",150,150,true],"medium":["https:\/\/digital58.com.ve\/site\/wp-content\/uploads\/2020\/09\/Alex-Saab-300x200.jpg",300,200,true],"medium_large":["https:\/\/digital58.com.ve\/site\/wp-content\/uploads\/2020\/09\/Alex-Saab-768x512.jpg",768,512,true],"large":["https:\/\/digital58.com.ve\/site\/wp-content\/uploads\/2020\/09\/Alex-Saab.jpg",800,533,false],"1536x1536":["https:\/\/digital58.com.ve\/site\/wp-content\/uploads\/2020\/09\/Alex-Saab.jpg",800,533,false],"2048x2048":["https:\/\/digital58.com.ve\/site\/wp-content\/uploads\/2020\/09\/Alex-Saab.jpg",800,533,false],"colormag-highlighted-post":["https:\/\/digital58.com.ve\/site\/wp-content\/uploads\/2020\/09\/Alex-Saab.jpg",392,261,false],"colormag-featured-post-medium":["https:\/\/digital58.com.ve\/site\/wp-content\/uploads\/2020\/09\/Alex-Saab.jpg",308,205,false],"colormag-featured-post-small":["https:\/\/digital58.com.ve\/site\/wp-content\/uploads\/2020\/09\/Alex-Saab.jpg",130,87,false],"colormag-featured-image":["https:\/\/digital58.com.ve\/site\/wp-content\/uploads\/2020\/09\/Alex-Saab.jpg",668,445,false],"colormag-default-news":["https:\/\/digital58.com.ve\/site\/wp-content\/uploads\/2020\/09\/Alex-Saab.jpg",150,100,false],"colormag-featured-image-large":["https:\/\/digital58.com.ve\/site\/wp-content\/uploads\/2020\/09\/Alex-Saab.jpg",800,533,false]},"uagb_author_info":{"display_name":"Villasmil Henry","author_link":"https:\/\/digital58.com.ve\/site\/author\/droopy_68\/"},"uagb_comment_info":0,"uagb_excerpt":"El Tribunal Constitucional (TC) de Cabo Verde prev\u00e9 tener pronto su veredicto sobre los recursos a\u00fan por resolver presentados por","_links":{"self":[{"href":"https:\/\/digital58.com.ve\/site\/wp-json\/wp\/v2\/posts\/141508","targetHints":{"allow":["GET"]}}],"collection":[{"href":"https:\/\/digital58.com.ve\/site\/wp-json\/wp\/v2\/posts"}],"about":[{"href":"https:\/\/digital58.com.ve\/site\/wp-json\/wp\/v2\/types\/post"}],"author":[{"embeddable":true,"href":"https:\/\/digital58.com.ve\/site\/wp-json\/wp\/v2\/users\/1"}],"replies":[{"embeddable":true,"href":"https:\/\/digital58.com.ve\/site\/wp-json\/wp\/v2\/comments?post=141508"}],"version-history":[{"count":0,"href":"https:\/\/digital58.com.ve\/site\/wp-json\/wp\/v2\/posts\/141508\/revisions"}],"wp:featuredmedia":[{"embeddable":true,"href":"https:\/\/digital58.com.ve\/site\/wp-json\/wp\/v2\/media\/128383"}],"wp:attachment":[{"href":"https:\/\/digital58.com.ve\/site\/wp-json\/wp\/v2\/media?parent=141508"}],"wp:term":[{"taxonomy":"category","embeddable":true,"href":"https:\/\/digital58.com.ve\/site\/wp-json\/wp\/v2\/categories?post=141508"},{"taxonomy":"post_tag","embeddable":true,"href":"https:\/\/digital58.com.ve\/site\/wp-json\/wp\/v2\/tags?post=141508"}],"curies":[{"name":"wp","href":"https:\/\/api.w.org\/{rel}","templated":true}]}}