{"id":141609,"date":"2021-07-26T12:11:44","date_gmt":"2021-07-26T16:11:44","guid":{"rendered":"https:\/\/digital58.com.ve\/site\/?p=141609"},"modified":"2021-07-26T15:22:57","modified_gmt":"2021-07-26T19:22:57","slug":"zulia-prieto-anuncio-radicalizacion-de-las-medidas-de-bioseguridad-ante-la-llegada-de-la-variante-delta-a-venezuela","status":"publish","type":"post","link":"https:\/\/digital58.com.ve\/site\/2021\/07\/26\/zulia-prieto-anuncio-radicalizacion-de-las-medidas-de-bioseguridad-ante-la-llegada-de-la-variante-delta-a-venezuela\/","title":{"rendered":"#Zulia | Prieto anunci\u00f3 radicalizaci\u00f3n de las medidas de bioseguridad ante la llegada de la variante Delta a Venezuela"},"content":{"rendered":"<p><a href=\"https:\/\/digital58.com.ve\/site\/wp-content\/uploads\/2021\/07\/omar-prieto-9.jpg\"><img loading=\"lazy\" decoding=\"async\" class=\"aligncenter size-full wp-image-141610\" src=\"https:\/\/digital58.com.ve\/site\/wp-content\/uploads\/2021\/07\/omar-prieto-9.jpg\" alt=\"\" width=\"900\" height=\"618\" srcset=\"https:\/\/digital58.com.ve\/site\/wp-content\/uploads\/2021\/07\/omar-prieto-9.jpg 900w, https:\/\/digital58.com.ve\/site\/wp-content\/uploads\/2021\/07\/omar-prieto-9-300x206.jpg 300w, https:\/\/digital58.com.ve\/site\/wp-content\/uploads\/2021\/07\/omar-prieto-9-768x527.jpg 768w\" sizes=\"auto, (max-width: 900px) 100vw, 900px\" \/><\/a><\/p>\n<p>En relaci\u00f3n a la cifra actual de la COVID-19 en la regi\u00f3n zuliana, Prieto Fern\u00e1ndez report\u00f3 para este 26 de julio mil 251casos activos representando una leve alza de contagios.<\/p>\n<p><strong>Maracaibo, Zulia, Venezuela, 26 de julio de 2021 (ND58).-<\/strong> El Gobernador del estado Zulia, Econ. Omar Prieto Fern\u00e1ndez anunci\u00f3 el inicio de la semana de cuarentena radical en la entidad cumpliendo las directrices del Presidente Nicol\u00e1s Maduro quien inform\u00f3 la presencia en el pa\u00eds de la variante Delta de la COVID-19.<\/p>\n<p>En tal sentido explic\u00f3 que en el aspecto comercial s\u00f3lo podr\u00e1n funcionar los sectores de alimentaci\u00f3n y salud, de 8 de la ma\u00f1ana a 7 de la noche, restaurantes bajo la modalidad para llevar mientras que la circulaci\u00f3n esta permitida hasta las nueve de la noche.<\/p>\n<p>En este orden, el mandatario regional orden\u00f3 a los equipos de epidemiolog\u00eda en la regi\u00f3n a reforzar los cuidados de bioseguridad para evitar que se genere un foco de la variante Delta de alta peligrosidad, \u00abes muy probable que llegue al Zulia la variante Delta por la ubicaci\u00f3n geogr\u00e1fica que tenemos con Colombia donde ya ha sido detectada esta variante altamente virulenta y contagiosa\u00bb, coment\u00f3.<\/p>\n<p>Asimismo, la m\u00e1xima autoridad regional notific\u00f3 que se reforzar\u00e1 la vigilancia epidemiol\u00f3gica en los 64 Centros de Diagn\u00f3stico Integral (CDI) del Zulia para atender las recomendaciones de la Vicepresidenta Ejecutiva, Delcy Rodr\u00edguez, y ampliar la vacunaci\u00f3n contra el COVID-19 en la regi\u00f3n zuliana, que durante este fin de semana inmuniz\u00f3 a 300 transportistas p\u00fablicos y se extender\u00e1 a los motorizados.<\/p>\n<p>A su vez destac\u00f3 que la tasa ocupacional hospitalaria se mantiene en descenso con 983 camas disponibles, agreg\u00f3 que desde el inicio de la pandemia se han contabilizado 31 mil 869 casos de los cuales 30 mil 362 se han recuperado lo que se traduce en una tasa positiva de 95 por ciento.<\/p>\n<p>En materia m\u00e9dico-social el Gobernador Omar Prieto manifest\u00f3 que desde este lunes 26 de julio y hasta el pr\u00f3ximo jueves 29 de julio el programa BanZulia se desplegar\u00e1 en el municipio San Francisco a trav\u00e9s de 41 rutas de distribuci\u00f3n de medicamentos casa a casa en m\u00e1s de 500 sectores de la localidad sure\u00f1a.<\/p>\n<p>Asimismo, dijo que arribaron al Zulia dos equipos facos oftalmol\u00f3gicos para seguir afianzando la Misi\u00f3n Milagro en el Zulia en los hospitales Central, Universitario y Coromoto, donde se realizan operaciones de cataratas con una la proyecci\u00f3n de 100 intervenciones por semana y comenzar con los procedimientos de desprendimiento de retina.<\/p>\n<blockquote class=\"instagram-media\" style=\"background: #FFF; border: 0; border-radius: 3px; box-shadow: 0 0 1px 0 rgba(0,0,0,0.5),0 1px 10px 0 rgba(0,0,0,0.15); margin: 1px; max-width: 540px; min-width: 326px; padding: 0; width: calc(100% - 2px);\" data-instgrm-permalink=\"https:\/\/www.instagram.com\/tv\/CRzP4zyC1Ox\/?utm_source=ig_embed&amp;utm_campaign=loading\" data-instgrm-version=\"13\">\n<div style=\"padding: 16px;\">\n<p>&nbsp;<\/p>\n<div style=\"display: flex; flex-direction: row; align-items: center;\">\n<div style=\"background-color: #f4f4f4; border-radius: 50%; flex-grow: 0; height: 40px; margin-right: 14px; width: 40px;\"><\/div>\n<div style=\"display: flex; flex-direction: column; flex-grow: 1; justify-content: center;\">\n<div style=\"background-color: #f4f4f4; border-radius: 4px; flex-grow: 0; height: 14px; margin-bottom: 6px; width: 100px;\"><\/div>\n<div style=\"background-color: #f4f4f4; border-radius: 4px; flex-grow: 0; height: 14px; width: 60px;\"><\/div>\n<\/div>\n<\/div>\n<div style=\"padding: 19% 0;\"><\/div>\n<div style=\"display: block; height: 50px; margin: 0 auto 12px; width: 50px;\"><\/div>\n<div style=\"padding-top: 8px;\">\n<div style=\"color: #3897f0; font-family: Arial,sans-serif; font-size: 14px; font-style: normal; font-weight: 550; line-height: 18px;\">Ver esta publicaci\u00f3n en Instagram<\/div>\n<\/div>\n<div style=\"padding: 12.5% 0;\"><\/div>\n<div style=\"display: flex; flex-direction: row; margin-bottom: 14px; align-items: center;\">\n<div>\n<div style=\"background-color: #f4f4f4; border-radius: 50%; height: 12.5px; width: 12.5px; transform: translateX(0px) translateY(7px);\"><\/div>\n<div style=\"background-color: #f4f4f4; height: 12.5px; transform: rotate(-45deg) translateX(3px) translateY(1px); width: 12.5px; flex-grow: 0; margin-right: 14px; margin-left: 2px;\"><\/div>\n<div style=\"background-color: #f4f4f4; border-radius: 50%; height: 12.5px; width: 12.5px; transform: translateX(9px) translateY(-18px);\"><\/div>\n<\/div>\n<div style=\"margin-left: 8px;\">\n<div style=\"background-color: #f4f4f4; border-radius: 50%; flex-grow: 0; height: 20px; width: 20px;\"><\/div>\n<div style=\"width: 0; height: 0; border-top: 2px solid transparent; border-left: 6px solid #f4f4f4; border-bottom: 2px solid transparent; transform: translateX(16px) translateY(-4px) rotate(30deg);\"><\/div>\n<\/div>\n<div style=\"margin-left: auto;\">\n<div style=\"width: 0px; border-top: 8px solid #F4F4F4; border-right: 8px solid transparent; transform: translateY(16px);\"><\/div>\n<div style=\"background-color: #f4f4f4; flex-grow: 0; height: 12px; width: 16px; transform: translateY(-4px);\"><\/div>\n<div style=\"width: 0; height: 0; border-top: 8px solid #F4F4F4; border-left: 8px solid transparent; transform: translateY(-4px) translateX(8px);\"><\/div>\n<\/div>\n<\/div>\n<div style=\"display: flex; flex-direction: column; flex-grow: 1; justify-content: center; margin-bottom: 24px;\">\n<div style=\"background-color: #f4f4f4; border-radius: 4px; flex-grow: 0; height: 14px; margin-bottom: 6px; width: 224px;\"><\/div>\n<div style=\"background-color: #f4f4f4; border-radius: 4px; flex-grow: 0; height: 14px; width: 144px;\"><\/div>\n<\/div>\n<p>&nbsp;<\/p>\n<p style=\"color: #c9c8cd; font-family: Arial,sans-serif; font-size: 14px; line-height: 17px; margin-bottom: 0; margin-top: 8px; overflow: hidden; padding: 8px 0 7px; text-align: center; text-overflow: ellipsis; white-space: nowrap;\"><a style=\"color: #c9c8cd; font-family: Arial,sans-serif; font-size: 14px; font-style: normal; font-weight: normal; line-height: 17px; text-decoration: none;\" href=\"https:\/\/www.instagram.com\/tv\/CRzP4zyC1Ox\/?utm_source=ig_embed&amp;utm_campaign=loading\" target=\"_blank\" rel=\"noopener\">Una publicaci\u00f3n compartida por Noticias Digital58 \ud83c\uddfb\ud83c\uddea (@digital_58)<\/a><\/p>\n<\/div>\n<\/blockquote>\n<p><script async src=\"\/\/www.instagram.com\/embed.js\"><\/script><\/p>\n<p>Por otra parte, el tambi\u00e9n Vicepresidente del Partido Socialista Unido de Venezuela en el marco de la campa\u00f1a de las elecciones primarias abiertas (EPA) record\u00f3 a los precandidatos la importancia de la presencia de los movilizadores para afinar la militancia y el resto de la poblaci\u00f3n inscrita en el registro electoral permanente del CNE votar y afianzar la democracia revolucionaria.<\/p>\n<p>\u00abNo vamos a entregar los espacios de la revoluci\u00f3n en el Zulia, no existen fisuras en el PSUV, garantiz\u00f3 que seguir\u00e1 vivo el legado de Hugo Ch\u00e1vez y se continuar\u00e1 consolidando la victoria del chavismo en el pa\u00eds a partir del 21 de noviembre\u00bb, puntualiz\u00f3.<\/p>\n<p><strong>Redacci\u00f3n ND58 | V\u00edctor Paredes \/Oipeez<\/strong><br \/>\n<strong>Edici\u00f3n: Villasmil, Henry<\/strong><br \/>\n<strong>Gr\u00e1fica: Cortes\u00eda Oipeez<\/strong><\/p>\n<p>&nbsp;<\/p><div class=\"zkvyq69ef7a0e78eea\" ><p style=\"text-align: center;\"><a href=\"https:\/\/t.me\/noticiasdigital58\" target=\"_blank\" rel=\"noopener\"><img class=\"aligncenter size-full wp-image-125363\" src=\"https:\/\/digital58.com.ve\/site\/wp-content\/uploads\/2021\/04\/banner-telegram-web-2021.png\" alt=\"\" width=\"600\" height=\"90\" \/><\/a><\/p><\/div><style type=\"text\/css\">\r\n@media screen and (min-width: 1201px) {\r\n.zkvyq69ef7a0e78eea {\r\ndisplay: block;\r\n}\r\n}\r\n@media screen and (min-width: 993px) and (max-width: 1200px) {\r\n.zkvyq69ef7a0e78eea {\r\ndisplay: block;\r\n}\r\n}\r\n@media screen and (min-width: 769px) and (max-width: 992px) {\r\n.zkvyq69ef7a0e78eea {\r\ndisplay: block;\r\n}\r\n}\r\n@media screen and (min-width: 768px) and (max-width: 768px) {\r\n.zkvyq69ef7a0e78eea {\r\ndisplay: block;\r\n}\r\n}\r\n@media screen and (max-width: 767px) {\r\n.zkvyq69ef7a0e78eea {\r\ndisplay: block;\r\n}\r\n}\r\n<\/style>\r\n\n<p>&nbsp;<\/p>\n<div style=\"margin-top: 0px; margin-bottom: 0px;\" class=\"sharethis-inline-share-buttons\" ><\/div>","protected":false},"excerpt":{"rendered":"<p>En relaci\u00f3n a la cifra actual de la COVID-19 en la regi\u00f3n zuliana, Prieto Fern\u00e1ndez report\u00f3 para este 26 de<\/p>\n","protected":false},"author":1,"featured_media":141610,"comment_status":"open","ping_status":"closed","sticky":false,"template":"","format":"standard","meta":{"colormag_page_container_layout":"default_layout","colormag_page_sidebar_layout":"default_layout","_uag_custom_page_level_css":"","footnotes":""},"categories":[14504],"tags":[13352,13648,13579,73,233,15065,13723,25098,2354,23555,24942,32,761],"class_list":["post-141609","post","type-post","status-publish","format-standard","has-post-thumbnail","hentry","category-zulia","tag-coronavirus","tag-covid-19","tag-gobierno-del-zulia","tag-maracaibo","tag-nacionales","tag-omar-prieto-fernandez","tag-pandemia","tag-presidente-nicolas-maduro","tag-regionales","tag-semana-radical","tag-variante-delta-de-coronavirus","tag-venezuela","tag-zulia"],"yoast_head":"<!-- This site is optimized with the Yoast SEO plugin v27.4 - https:\/\/yoast.com\/product\/yoast-seo-wordpress\/ -->\n<title>#Zulia | Prieto anunci\u00f3 radicalizaci\u00f3n de las medidas de bioseguridad ante la llegada de la variante Delta a Venezuela<\/title>\n<meta name=\"description\" content=\"Zulia\" \/>\n<meta name=\"robots\" content=\"index, follow, max-snippet:-1, max-image-preview:large, max-video-preview:-1\" \/>\n<link rel=\"canonical\" href=\"https:\/\/digital58.com.ve\/site\/2021\/07\/26\/zulia-prieto-anuncio-radicalizacion-de-las-medidas-de-bioseguridad-ante-la-llegada-de-la-variante-delta-a-venezuela\/\" \/>\n<meta property=\"og:locale\" content=\"es_ES\" \/>\n<meta property=\"og:type\" content=\"article\" \/>\n<meta property=\"og:title\" content=\"#Zulia | Prieto anunci\u00f3 radicalizaci\u00f3n de las medidas de bioseguridad ante la llegada de la variante Delta a Venezuela\" \/>\n<meta property=\"og:description\" content=\"Zulia\" \/>\n<meta property=\"og:url\" content=\"https:\/\/digital58.com.ve\/site\/2021\/07\/26\/zulia-prieto-anuncio-radicalizacion-de-las-medidas-de-bioseguridad-ante-la-llegada-de-la-variante-delta-a-venezuela\/\" \/>\n<meta property=\"og:site_name\" content=\"Noticias Digital58\" \/>\n<meta property=\"article:published_time\" content=\"2021-07-26T16:11:44+00:00\" \/>\n<meta property=\"article:modified_time\" content=\"2021-07-26T19:22:57+00:00\" \/>\n<meta property=\"og:image\" content=\"https:\/\/digital58.com.ve\/site\/wp-content\/uploads\/2021\/07\/omar-prieto-9.jpg\" \/>\n\t<meta property=\"og:image:width\" content=\"900\" \/>\n\t<meta property=\"og:image:height\" content=\"618\" \/>\n\t<meta property=\"og:image:type\" content=\"image\/jpeg\" \/>\n<meta name=\"author\" content=\"Villasmil Henry\" \/>\n<meta name=\"twitter:card\" content=\"summary_large_image\" \/>\n<meta name=\"twitter:creator\" content=\"@https:\/\/twitter.com\/villasmilhfoto\" \/>\n<meta name=\"twitter:site\" content=\"@villasmilhfoto\" \/>\n<meta name=\"twitter:label1\" content=\"Escrito por\" \/>\n\t<meta name=\"twitter:data1\" content=\"Villasmil Henry\" \/>\n\t<meta name=\"twitter:label2\" content=\"Tiempo estimado de lectura\" \/>\n\t<meta name=\"twitter:data2\" content=\"3 minutos\" \/>\n<script type=\"application\/ld+json\" class=\"yoast-schema-graph\">{\"@context\":\"https:\\\/\\\/schema.org\",\"@graph\":[{\"@type\":\"Article\",\"@id\":\"https:\\\/\\\/digital58.com.ve\\\/site\\\/2021\\\/07\\\/26\\\/zulia-prieto-anuncio-radicalizacion-de-las-medidas-de-bioseguridad-ante-la-llegada-de-la-variante-delta-a-venezuela\\\/#article\",\"isPartOf\":{\"@id\":\"https:\\\/\\\/digital58.com.ve\\\/site\\\/2021\\\/07\\\/26\\\/zulia-prieto-anuncio-radicalizacion-de-las-medidas-de-bioseguridad-ante-la-llegada-de-la-variante-delta-a-venezuela\\\/\"},\"author\":{\"name\":\"Villasmil Henry\",\"@id\":\"https:\\\/\\\/digital58.com.ve\\\/site\\\/#\\\/schema\\\/person\\\/64d1c2e4d0d4fd1b849980c4331c2951\"},\"headline\":\"#Zulia | Prieto anunci\u00f3 radicalizaci\u00f3n de las medidas de bioseguridad ante la llegada de la variante Delta a Venezuela\",\"datePublished\":\"2021-07-26T16:11:44+00:00\",\"dateModified\":\"2021-07-26T19:22:57+00:00\",\"mainEntityOfPage\":{\"@id\":\"https:\\\/\\\/digital58.com.ve\\\/site\\\/2021\\\/07\\\/26\\\/zulia-prieto-anuncio-radicalizacion-de-las-medidas-de-bioseguridad-ante-la-llegada-de-la-variante-delta-a-venezuela\\\/\"},\"wordCount\":586,\"commentCount\":0,\"publisher\":{\"@id\":\"https:\\\/\\\/digital58.com.ve\\\/site\\\/#\\\/schema\\\/person\\\/64d1c2e4d0d4fd1b849980c4331c2951\"},\"image\":{\"@id\":\"https:\\\/\\\/digital58.com.ve\\\/site\\\/2021\\\/07\\\/26\\\/zulia-prieto-anuncio-radicalizacion-de-las-medidas-de-bioseguridad-ante-la-llegada-de-la-variante-delta-a-venezuela\\\/#primaryimage\"},\"thumbnailUrl\":\"https:\\\/\\\/digital58.com.ve\\\/site\\\/wp-content\\\/uploads\\\/2021\\\/07\\\/omar-prieto-9.jpg\",\"keywords\":[\"Coronavirus\",\"COVID-19\",\"Gobierno del Zulia\",\"Maracaibo\",\"Nacionales\",\"Omar Prieto Fernandez\",\"Pandemia\",\"Presidente Nicol\u00e1s Maduro\",\"Regionales\",\"Semana radical\",\"Variante Delta de coronavirus\",\"Venezuela\",\"Zulia\"],\"articleSection\":[\"Zulia\"],\"inLanguage\":\"es\",\"potentialAction\":[{\"@type\":\"CommentAction\",\"name\":\"Comment\",\"target\":[\"https:\\\/\\\/digital58.com.ve\\\/site\\\/2021\\\/07\\\/26\\\/zulia-prieto-anuncio-radicalizacion-de-las-medidas-de-bioseguridad-ante-la-llegada-de-la-variante-delta-a-venezuela\\\/#respond\"]}]},{\"@type\":\"WebPage\",\"@id\":\"https:\\\/\\\/digital58.com.ve\\\/site\\\/2021\\\/07\\\/26\\\/zulia-prieto-anuncio-radicalizacion-de-las-medidas-de-bioseguridad-ante-la-llegada-de-la-variante-delta-a-venezuela\\\/\",\"url\":\"https:\\\/\\\/digital58.com.ve\\\/site\\\/2021\\\/07\\\/26\\\/zulia-prieto-anuncio-radicalizacion-de-las-medidas-de-bioseguridad-ante-la-llegada-de-la-variante-delta-a-venezuela\\\/\",\"name\":\"#Zulia | Prieto anunci\u00f3 radicalizaci\u00f3n de las medidas de bioseguridad ante la llegada de la variante Delta a Venezuela\",\"isPartOf\":{\"@id\":\"https:\\\/\\\/digital58.com.ve\\\/site\\\/#website\"},\"primaryImageOfPage\":{\"@id\":\"https:\\\/\\\/digital58.com.ve\\\/site\\\/2021\\\/07\\\/26\\\/zulia-prieto-anuncio-radicalizacion-de-las-medidas-de-bioseguridad-ante-la-llegada-de-la-variante-delta-a-venezuela\\\/#primaryimage\"},\"image\":{\"@id\":\"https:\\\/\\\/digital58.com.ve\\\/site\\\/2021\\\/07\\\/26\\\/zulia-prieto-anuncio-radicalizacion-de-las-medidas-de-bioseguridad-ante-la-llegada-de-la-variante-delta-a-venezuela\\\/#primaryimage\"},\"thumbnailUrl\":\"https:\\\/\\\/digital58.com.ve\\\/site\\\/wp-content\\\/uploads\\\/2021\\\/07\\\/omar-prieto-9.jpg\",\"datePublished\":\"2021-07-26T16:11:44+00:00\",\"dateModified\":\"2021-07-26T19:22:57+00:00\",\"description\":\"Zulia\",\"breadcrumb\":{\"@id\":\"https:\\\/\\\/digital58.com.ve\\\/site\\\/2021\\\/07\\\/26\\\/zulia-prieto-anuncio-radicalizacion-de-las-medidas-de-bioseguridad-ante-la-llegada-de-la-variante-delta-a-venezuela\\\/#breadcrumb\"},\"inLanguage\":\"es\",\"potentialAction\":[{\"@type\":\"ReadAction\",\"target\":[\"https:\\\/\\\/digital58.com.ve\\\/site\\\/2021\\\/07\\\/26\\\/zulia-prieto-anuncio-radicalizacion-de-las-medidas-de-bioseguridad-ante-la-llegada-de-la-variante-delta-a-venezuela\\\/\"]}]},{\"@type\":\"ImageObject\",\"inLanguage\":\"es\",\"@id\":\"https:\\\/\\\/digital58.com.ve\\\/site\\\/2021\\\/07\\\/26\\\/zulia-prieto-anuncio-radicalizacion-de-las-medidas-de-bioseguridad-ante-la-llegada-de-la-variante-delta-a-venezuela\\\/#primaryimage\",\"url\":\"https:\\\/\\\/digital58.com.ve\\\/site\\\/wp-content\\\/uploads\\\/2021\\\/07\\\/omar-prieto-9.jpg\",\"contentUrl\":\"https:\\\/\\\/digital58.com.ve\\\/site\\\/wp-content\\\/uploads\\\/2021\\\/07\\\/omar-prieto-9.jpg\",\"width\":900,\"height\":618},{\"@type\":\"BreadcrumbList\",\"@id\":\"https:\\\/\\\/digital58.com.ve\\\/site\\\/2021\\\/07\\\/26\\\/zulia-prieto-anuncio-radicalizacion-de-las-medidas-de-bioseguridad-ante-la-llegada-de-la-variante-delta-a-venezuela\\\/#breadcrumb\",\"itemListElement\":[{\"@type\":\"ListItem\",\"position\":1,\"name\":\"Home\",\"item\":\"https:\\\/\\\/digital58.com.ve\\\/site\\\/\"},{\"@type\":\"ListItem\",\"position\":2,\"name\":\"#Zulia | Prieto anunci\u00f3 radicalizaci\u00f3n de las medidas de bioseguridad ante la llegada de la variante Delta a Venezuela\"}]},{\"@type\":\"WebSite\",\"@id\":\"https:\\\/\\\/digital58.com.ve\\\/site\\\/#website\",\"url\":\"https:\\\/\\\/digital58.com.ve\\\/site\\\/\",\"name\":\"Noticias Digital58\",\"description\":\"Portal de Noticias \u00a1Periodismo web de verdad! Lanzamiento web 22.11.2005 \\\/ Maracaibo, Venezuela\",\"publisher\":{\"@id\":\"https:\\\/\\\/digital58.com.ve\\\/site\\\/#\\\/schema\\\/person\\\/64d1c2e4d0d4fd1b849980c4331c2951\"},\"alternateName\":\"ND58\",\"potentialAction\":[{\"@type\":\"SearchAction\",\"target\":{\"@type\":\"EntryPoint\",\"urlTemplate\":\"https:\\\/\\\/digital58.com.ve\\\/site\\\/?s={search_term_string}\"},\"query-input\":{\"@type\":\"PropertyValueSpecification\",\"valueRequired\":true,\"valueName\":\"search_term_string\"}}],\"inLanguage\":\"es\"},{\"@type\":[\"Person\",\"Organization\"],\"@id\":\"https:\\\/\\\/digital58.com.ve\\\/site\\\/#\\\/schema\\\/person\\\/64d1c2e4d0d4fd1b849980c4331c2951\",\"name\":\"Villasmil Henry\",\"image\":{\"@type\":\"ImageObject\",\"inLanguage\":\"es\",\"@id\":\"https:\\\/\\\/secure.gravatar.com\\\/avatar\\\/bb0c4a2fcb7970138239f7e404ea75757b1b507b28b5ce4c53fbd62d797c5a7c?s=96&d=mm&r=g\",\"url\":\"https:\\\/\\\/secure.gravatar.com\\\/avatar\\\/bb0c4a2fcb7970138239f7e404ea75757b1b507b28b5ce4c53fbd62d797c5a7c?s=96&d=mm&r=g\",\"contentUrl\":\"https:\\\/\\\/secure.gravatar.com\\\/avatar\\\/bb0c4a2fcb7970138239f7e404ea75757b1b507b28b5ce4c53fbd62d797c5a7c?s=96&d=mm&r=g\",\"caption\":\"Villasmil Henry\"},\"logo\":{\"@id\":\"https:\\\/\\\/secure.gravatar.com\\\/avatar\\\/bb0c4a2fcb7970138239f7e404ea75757b1b507b28b5ce4c53fbd62d797c5a7c?s=96&d=mm&r=g\"},\"sameAs\":[\"http:\\\/\\\/www.henryvillasmil.com.ve\",\"https:\\\/\\\/www.instagram.com\\\/villasmilhfoto\\\/\",\"https:\\\/\\\/x.com\\\/https:\\\/\\\/twitter.com\\\/villasmilhfoto\"],\"url\":\"https:\\\/\\\/digital58.com.ve\\\/site\\\/author\\\/droopy_68\\\/\"}]}<\/script>\n<!-- \/ Yoast SEO plugin. -->","yoast_head_json":{"title":"#Zulia | Prieto anunci\u00f3 radicalizaci\u00f3n de las medidas de bioseguridad ante la llegada de la variante Delta a Venezuela","description":"Zulia","robots":{"index":"index","follow":"follow","max-snippet":"max-snippet:-1","max-image-preview":"max-image-preview:large","max-video-preview":"max-video-preview:-1"},"canonical":"https:\/\/digital58.com.ve\/site\/2021\/07\/26\/zulia-prieto-anuncio-radicalizacion-de-las-medidas-de-bioseguridad-ante-la-llegada-de-la-variante-delta-a-venezuela\/","og_locale":"es_ES","og_type":"article","og_title":"#Zulia | Prieto anunci\u00f3 radicalizaci\u00f3n de las medidas de bioseguridad ante la llegada de la variante Delta a Venezuela","og_description":"Zulia","og_url":"https:\/\/digital58.com.ve\/site\/2021\/07\/26\/zulia-prieto-anuncio-radicalizacion-de-las-medidas-de-bioseguridad-ante-la-llegada-de-la-variante-delta-a-venezuela\/","og_site_name":"Noticias Digital58","article_published_time":"2021-07-26T16:11:44+00:00","article_modified_time":"2021-07-26T19:22:57+00:00","og_image":[{"width":900,"height":618,"url":"https:\/\/digital58.com.ve\/site\/wp-content\/uploads\/2021\/07\/omar-prieto-9.jpg","type":"image\/jpeg"}],"author":"Villasmil Henry","twitter_card":"summary_large_image","twitter_creator":"@https:\/\/twitter.com\/villasmilhfoto","twitter_site":"@villasmilhfoto","twitter_misc":{"Escrito por":"Villasmil Henry","Tiempo estimado de lectura":"3 minutos"},"schema":{"@context":"https:\/\/schema.org","@graph":[{"@type":"Article","@id":"https:\/\/digital58.com.ve\/site\/2021\/07\/26\/zulia-prieto-anuncio-radicalizacion-de-las-medidas-de-bioseguridad-ante-la-llegada-de-la-variante-delta-a-venezuela\/#article","isPartOf":{"@id":"https:\/\/digital58.com.ve\/site\/2021\/07\/26\/zulia-prieto-anuncio-radicalizacion-de-las-medidas-de-bioseguridad-ante-la-llegada-de-la-variante-delta-a-venezuela\/"},"author":{"name":"Villasmil Henry","@id":"https:\/\/digital58.com.ve\/site\/#\/schema\/person\/64d1c2e4d0d4fd1b849980c4331c2951"},"headline":"#Zulia | Prieto anunci\u00f3 radicalizaci\u00f3n de las medidas de bioseguridad ante la llegada de la variante Delta a Venezuela","datePublished":"2021-07-26T16:11:44+00:00","dateModified":"2021-07-26T19:22:57+00:00","mainEntityOfPage":{"@id":"https:\/\/digital58.com.ve\/site\/2021\/07\/26\/zulia-prieto-anuncio-radicalizacion-de-las-medidas-de-bioseguridad-ante-la-llegada-de-la-variante-delta-a-venezuela\/"},"wordCount":586,"commentCount":0,"publisher":{"@id":"https:\/\/digital58.com.ve\/site\/#\/schema\/person\/64d1c2e4d0d4fd1b849980c4331c2951"},"image":{"@id":"https:\/\/digital58.com.ve\/site\/2021\/07\/26\/zulia-prieto-anuncio-radicalizacion-de-las-medidas-de-bioseguridad-ante-la-llegada-de-la-variante-delta-a-venezuela\/#primaryimage"},"thumbnailUrl":"https:\/\/digital58.com.ve\/site\/wp-content\/uploads\/2021\/07\/omar-prieto-9.jpg","keywords":["Coronavirus","COVID-19","Gobierno del Zulia","Maracaibo","Nacionales","Omar Prieto Fernandez","Pandemia","Presidente Nicol\u00e1s Maduro","Regionales","Semana radical","Variante Delta de coronavirus","Venezuela","Zulia"],"articleSection":["Zulia"],"inLanguage":"es","potentialAction":[{"@type":"CommentAction","name":"Comment","target":["https:\/\/digital58.com.ve\/site\/2021\/07\/26\/zulia-prieto-anuncio-radicalizacion-de-las-medidas-de-bioseguridad-ante-la-llegada-de-la-variante-delta-a-venezuela\/#respond"]}]},{"@type":"WebPage","@id":"https:\/\/digital58.com.ve\/site\/2021\/07\/26\/zulia-prieto-anuncio-radicalizacion-de-las-medidas-de-bioseguridad-ante-la-llegada-de-la-variante-delta-a-venezuela\/","url":"https:\/\/digital58.com.ve\/site\/2021\/07\/26\/zulia-prieto-anuncio-radicalizacion-de-las-medidas-de-bioseguridad-ante-la-llegada-de-la-variante-delta-a-venezuela\/","name":"#Zulia | Prieto anunci\u00f3 radicalizaci\u00f3n de las medidas de bioseguridad ante la llegada de la variante Delta a Venezuela","isPartOf":{"@id":"https:\/\/digital58.com.ve\/site\/#website"},"primaryImageOfPage":{"@id":"https:\/\/digital58.com.ve\/site\/2021\/07\/26\/zulia-prieto-anuncio-radicalizacion-de-las-medidas-de-bioseguridad-ante-la-llegada-de-la-variante-delta-a-venezuela\/#primaryimage"},"image":{"@id":"https:\/\/digital58.com.ve\/site\/2021\/07\/26\/zulia-prieto-anuncio-radicalizacion-de-las-medidas-de-bioseguridad-ante-la-llegada-de-la-variante-delta-a-venezuela\/#primaryimage"},"thumbnailUrl":"https:\/\/digital58.com.ve\/site\/wp-content\/uploads\/2021\/07\/omar-prieto-9.jpg","datePublished":"2021-07-26T16:11:44+00:00","dateModified":"2021-07-26T19:22:57+00:00","description":"Zulia","breadcrumb":{"@id":"https:\/\/digital58.com.ve\/site\/2021\/07\/26\/zulia-prieto-anuncio-radicalizacion-de-las-medidas-de-bioseguridad-ante-la-llegada-de-la-variante-delta-a-venezuela\/#breadcrumb"},"inLanguage":"es","potentialAction":[{"@type":"ReadAction","target":["https:\/\/digital58.com.ve\/site\/2021\/07\/26\/zulia-prieto-anuncio-radicalizacion-de-las-medidas-de-bioseguridad-ante-la-llegada-de-la-variante-delta-a-venezuela\/"]}]},{"@type":"ImageObject","inLanguage":"es","@id":"https:\/\/digital58.com.ve\/site\/2021\/07\/26\/zulia-prieto-anuncio-radicalizacion-de-las-medidas-de-bioseguridad-ante-la-llegada-de-la-variante-delta-a-venezuela\/#primaryimage","url":"https:\/\/digital58.com.ve\/site\/wp-content\/uploads\/2021\/07\/omar-prieto-9.jpg","contentUrl":"https:\/\/digital58.com.ve\/site\/wp-content\/uploads\/2021\/07\/omar-prieto-9.jpg","width":900,"height":618},{"@type":"BreadcrumbList","@id":"https:\/\/digital58.com.ve\/site\/2021\/07\/26\/zulia-prieto-anuncio-radicalizacion-de-las-medidas-de-bioseguridad-ante-la-llegada-de-la-variante-delta-a-venezuela\/#breadcrumb","itemListElement":[{"@type":"ListItem","position":1,"name":"Home","item":"https:\/\/digital58.com.ve\/site\/"},{"@type":"ListItem","position":2,"name":"#Zulia | Prieto anunci\u00f3 radicalizaci\u00f3n de las medidas de bioseguridad ante la llegada de la variante Delta a Venezuela"}]},{"@type":"WebSite","@id":"https:\/\/digital58.com.ve\/site\/#website","url":"https:\/\/digital58.com.ve\/site\/","name":"Noticias Digital58","description":"Portal de Noticias \u00a1Periodismo web de verdad! Lanzamiento web 22.11.2005 \/ Maracaibo, Venezuela","publisher":{"@id":"https:\/\/digital58.com.ve\/site\/#\/schema\/person\/64d1c2e4d0d4fd1b849980c4331c2951"},"alternateName":"ND58","potentialAction":[{"@type":"SearchAction","target":{"@type":"EntryPoint","urlTemplate":"https:\/\/digital58.com.ve\/site\/?s={search_term_string}"},"query-input":{"@type":"PropertyValueSpecification","valueRequired":true,"valueName":"search_term_string"}}],"inLanguage":"es"},{"@type":["Person","Organization"],"@id":"https:\/\/digital58.com.ve\/site\/#\/schema\/person\/64d1c2e4d0d4fd1b849980c4331c2951","name":"Villasmil Henry","image":{"@type":"ImageObject","inLanguage":"es","@id":"https:\/\/secure.gravatar.com\/avatar\/bb0c4a2fcb7970138239f7e404ea75757b1b507b28b5ce4c53fbd62d797c5a7c?s=96&d=mm&r=g","url":"https:\/\/secure.gravatar.com\/avatar\/bb0c4a2fcb7970138239f7e404ea75757b1b507b28b5ce4c53fbd62d797c5a7c?s=96&d=mm&r=g","contentUrl":"https:\/\/secure.gravatar.com\/avatar\/bb0c4a2fcb7970138239f7e404ea75757b1b507b28b5ce4c53fbd62d797c5a7c?s=96&d=mm&r=g","caption":"Villasmil Henry"},"logo":{"@id":"https:\/\/secure.gravatar.com\/avatar\/bb0c4a2fcb7970138239f7e404ea75757b1b507b28b5ce4c53fbd62d797c5a7c?s=96&d=mm&r=g"},"sameAs":["http:\/\/www.henryvillasmil.com.ve","https:\/\/www.instagram.com\/villasmilhfoto\/","https:\/\/x.com\/https:\/\/twitter.com\/villasmilhfoto"],"url":"https:\/\/digital58.com.ve\/site\/author\/droopy_68\/"}]}},"uagb_featured_image_src":{"full":["https:\/\/digital58.com.ve\/site\/wp-content\/uploads\/2021\/07\/omar-prieto-9.jpg",900,618,false],"thumbnail":["https:\/\/digital58.com.ve\/site\/wp-content\/uploads\/2021\/07\/omar-prieto-9-150x150.jpg",150,150,true],"medium":["https:\/\/digital58.com.ve\/site\/wp-content\/uploads\/2021\/07\/omar-prieto-9-300x206.jpg",300,206,true],"medium_large":["https:\/\/digital58.com.ve\/site\/wp-content\/uploads\/2021\/07\/omar-prieto-9-768x527.jpg",768,527,true],"large":["https:\/\/digital58.com.ve\/site\/wp-content\/uploads\/2021\/07\/omar-prieto-9.jpg",800,549,false],"1536x1536":["https:\/\/digital58.com.ve\/site\/wp-content\/uploads\/2021\/07\/omar-prieto-9.jpg",900,618,false],"2048x2048":["https:\/\/digital58.com.ve\/site\/wp-content\/uploads\/2021\/07\/omar-prieto-9.jpg",900,618,false],"colormag-highlighted-post":["https:\/\/digital58.com.ve\/site\/wp-content\/uploads\/2021\/07\/omar-prieto-9.jpg",392,269,false],"colormag-featured-post-medium":["https:\/\/digital58.com.ve\/site\/wp-content\/uploads\/2021\/07\/omar-prieto-9.jpg",299,205,false],"colormag-featured-post-small":["https:\/\/digital58.com.ve\/site\/wp-content\/uploads\/2021\/07\/omar-prieto-9.jpg",130,90,false],"colormag-featured-image":["https:\/\/digital58.com.ve\/site\/wp-content\/uploads\/2021\/07\/omar-prieto-9.jpg",648,445,false],"colormag-default-news":["https:\/\/digital58.com.ve\/site\/wp-content\/uploads\/2021\/07\/omar-prieto-9.jpg",150,103,false],"colormag-featured-image-large":["https:\/\/digital58.com.ve\/site\/wp-content\/uploads\/2021\/07\/omar-prieto-9.jpg",874,600,false]},"uagb_author_info":{"display_name":"Villasmil Henry","author_link":"https:\/\/digital58.com.ve\/site\/author\/droopy_68\/"},"uagb_comment_info":0,"uagb_excerpt":"En relaci\u00f3n a la cifra actual de la COVID-19 en la regi\u00f3n zuliana, Prieto Fern\u00e1ndez report\u00f3 para este 26 de","_links":{"self":[{"href":"https:\/\/digital58.com.ve\/site\/wp-json\/wp\/v2\/posts\/141609","targetHints":{"allow":["GET"]}}],"collection":[{"href":"https:\/\/digital58.com.ve\/site\/wp-json\/wp\/v2\/posts"}],"about":[{"href":"https:\/\/digital58.com.ve\/site\/wp-json\/wp\/v2\/types\/post"}],"author":[{"embeddable":true,"href":"https:\/\/digital58.com.ve\/site\/wp-json\/wp\/v2\/users\/1"}],"replies":[{"embeddable":true,"href":"https:\/\/digital58.com.ve\/site\/wp-json\/wp\/v2\/comments?post=141609"}],"version-history":[{"count":0,"href":"https:\/\/digital58.com.ve\/site\/wp-json\/wp\/v2\/posts\/141609\/revisions"}],"wp:featuredmedia":[{"embeddable":true,"href":"https:\/\/digital58.com.ve\/site\/wp-json\/wp\/v2\/media\/141610"}],"wp:attachment":[{"href":"https:\/\/digital58.com.ve\/site\/wp-json\/wp\/v2\/media?parent=141609"}],"wp:term":[{"taxonomy":"category","embeddable":true,"href":"https:\/\/digital58.com.ve\/site\/wp-json\/wp\/v2\/categories?post=141609"},{"taxonomy":"post_tag","embeddable":true,"href":"https:\/\/digital58.com.ve\/site\/wp-json\/wp\/v2\/tags?post=141609"}],"curies":[{"name":"wp","href":"https:\/\/api.w.org\/{rel}","templated":true}]}}