{"id":141625,"date":"2021-07-26T20:19:41","date_gmt":"2021-07-27T00:19:41","guid":{"rendered":"https:\/\/digital58.com.ve\/site\/?p=141625"},"modified":"2021-07-26T20:19:41","modified_gmt":"2021-07-27T00:19:41","slug":"maria-corina-estima-que-lideres-mundiales-deben-calificar-a-venezuela-como-estado-promotor-del-terrorismo","status":"publish","type":"post","link":"https:\/\/digital58.com.ve\/site\/2021\/07\/26\/maria-corina-estima-que-lideres-mundiales-deben-calificar-a-venezuela-como-estado-promotor-del-terrorismo\/","title":{"rendered":"Mar\u00eda Corina estima que l\u00edderes mundiales deben calificar a Venezuela como \u00abestado promotor del terrorismo\u00bb"},"content":{"rendered":"<p><img loading=\"lazy\" decoding=\"async\" class=\"aligncenter size-full wp-image-122983\" src=\"https:\/\/digital58.com.ve\/site\/wp-content\/uploads\/2020\/08\/Maria-Corina-1.jpg\" alt=\"\" width=\"900\" height=\"444\" srcset=\"https:\/\/digital58.com.ve\/site\/wp-content\/uploads\/2020\/08\/Maria-Corina-1.jpg 800w, https:\/\/digital58.com.ve\/site\/wp-content\/uploads\/2020\/08\/Maria-Corina-1-300x148.jpg 300w, https:\/\/digital58.com.ve\/site\/wp-content\/uploads\/2020\/08\/Maria-Corina-1-768x379.jpg 768w\" sizes=\"auto, (max-width: 900px) 100vw, 900px\" \/><\/p>\n<p>Asegura que el gobierno venezolano es aliado de grupos terroristas como las Fuerzas Armadas Revolucionarias de Colombia.<\/p>\n<p><strong>Caracas, DC, Venezuela, 26 de julio de 2021 (ND58).- <\/strong>Este lunes la dirigente opositora venezolana, Mar\u00eda Corina Machado, consider\u00f3 que es necesario que los l\u00edderes del llamado \u00abmundo occidental\u00bb, califiquen a Venezuela como estado promotor del terrorismo, tal como solicit\u00f3 horas antes el presidente de Colombia, Iv\u00e1n Duque.<\/p>\n<p>\u00abEs un momento en el cual se hace un llamado a la conciencia de los l\u00edderes de Occidente acerca de un proceso de desestabilizaci\u00f3n acelerado que fomenta, auspicia y financia el r\u00e9gimen venezolano y que tiene como principal campo de acci\u00f3n fuera de Venezuela al territorio colombiano\u00bb, declar\u00f3 machado al medio Blu Radio.<\/p>\n<p>La coordinadora nacional de Vente Venezuela, record\u00f3 que la solicitud del mandatario neogranadino, se efect\u00faa luego de que autoridades colombianas presuntamente descubrieran que el atentado contra la figura presidencial, se planificara en Venezuela por parte de miembros de las FARC.<\/p>\n<p>\u00abTanto el atentado contra el Presidente de Colombia como el atentado terrorista a una base militar en C\u00facuta tendr\u00edan por detr\u00e1s la mano y participaci\u00f3n del r\u00e9gimen venezolano\u00bb, precis\u00f3.<\/p>\n<p>La pol\u00edtica liberal, tambi\u00e9n se habl\u00f3 sobre el conflicto en el estado Apure, diciendo que a su juicio, estos eventos demuestran que el gobierno nacional es aliado del grupo terrorista colombiano.<\/p>\n<p>\u00abLa forma c\u00f3mo se est\u00e1 tratando de apaciguar la din\u00e1mica y situaci\u00f3n en Apure es la demostraci\u00f3n de que se est\u00e1 repartiendo este estado y entreg\u00e1ndoselo a grupos que disputan entre s\u00ed el negocio del narcotr\u00e1fico, y que por supuesto soportan actividades terroristas en Venezuela y otras partes del mundo\u00bb, concluy\u00f3.<\/p><div class=\"jcuee69f4ea5496707\" ><p style=\"text-align: center;\"><a href=\"https:\/\/t.me\/noticiasdigital58\" target=\"_blank\" rel=\"noopener\"><img class=\"aligncenter size-full wp-image-125363\" src=\"https:\/\/digital58.com.ve\/site\/wp-content\/uploads\/2021\/04\/banner-telegram-web-2021.png\" alt=\"\" width=\"600\" height=\"90\" \/><\/a><\/p><\/div><style type=\"text\/css\">\r\n@media screen and (min-width: 1201px) {\r\n.jcuee69f4ea5496707 {\r\ndisplay: block;\r\n}\r\n}\r\n@media screen and (min-width: 993px) and (max-width: 1200px) {\r\n.jcuee69f4ea5496707 {\r\ndisplay: block;\r\n}\r\n}\r\n@media screen and (min-width: 769px) and (max-width: 992px) {\r\n.jcuee69f4ea5496707 {\r\ndisplay: block;\r\n}\r\n}\r\n@media screen and (min-width: 768px) and (max-width: 768px) {\r\n.jcuee69f4ea5496707 {\r\ndisplay: block;\r\n}\r\n}\r\n@media screen and (max-width: 767px) {\r\n.jcuee69f4ea5496707 {\r\ndisplay: block;\r\n}\r\n}\r\n<\/style>\r\n\n<p><strong>Redacci\u00f3n: Morales, Joel (@joeldmc32) | Fuente: Vente Venezuela<br \/>\nEdici\u00f3n: Villasmil, Henry<br \/>\nGr\u00e1fica: Cortes\u00eda<\/strong><\/p>\n<div style=\"margin-top: 0px; margin-bottom: 0px;\" class=\"sharethis-inline-share-buttons\" ><\/div>","protected":false},"excerpt":{"rendered":"<p>Asegura que el gobierno venezolano es aliado de grupos terroristas como las Fuerzas Armadas Revolucionarias de Colombia. Caracas, DC, Venezuela,<\/p>\n","protected":false},"author":29,"featured_media":122983,"comment_status":"open","ping_status":"closed","sticky":false,"template":"","format":"standard","meta":{"colormag_page_container_layout":"default_layout","colormag_page_sidebar_layout":"default_layout","_uag_custom_page_level_css":"","footnotes":""},"categories":[16454],"tags":[29,15073,14491,233,23710,32,14492],"class_list":["post-141625","post","type-post","status-publish","format-standard","has-post-thumbnail","hentry","category-venezuela","tag-caracas","tag-farc","tag-maria-corina-machado","tag-nacionales","tag-presidente-ivan-duque","tag-venezuela","tag-vente-venezuela"],"yoast_head":"<!-- This site is optimized with the Yoast SEO plugin v27.5 - https:\/\/yoast.com\/product\/yoast-seo-wordpress\/ -->\n<title>Mar\u00eda Corina estima que l\u00edderes mundiales deben calificar a Venezuela como \u00abestado promotor del terrorismo\u00bb<\/title>\n<meta name=\"description\" content=\"Venezuela\" \/>\n<meta name=\"robots\" content=\"index, follow, max-snippet:-1, max-image-preview:large, max-video-preview:-1\" \/>\n<link rel=\"canonical\" href=\"https:\/\/digital58.com.ve\/site\/2021\/07\/26\/maria-corina-estima-que-lideres-mundiales-deben-calificar-a-venezuela-como-estado-promotor-del-terrorismo\/\" \/>\n<meta property=\"og:locale\" content=\"es_ES\" \/>\n<meta property=\"og:type\" content=\"article\" \/>\n<meta property=\"og:title\" content=\"Mar\u00eda Corina estima que l\u00edderes mundiales deben calificar a Venezuela como \u00abestado promotor del terrorismo\u00bb\" \/>\n<meta property=\"og:description\" content=\"Venezuela\" \/>\n<meta property=\"og:url\" content=\"https:\/\/digital58.com.ve\/site\/2021\/07\/26\/maria-corina-estima-que-lideres-mundiales-deben-calificar-a-venezuela-como-estado-promotor-del-terrorismo\/\" \/>\n<meta property=\"og:site_name\" content=\"Noticias Digital58\" \/>\n<meta property=\"article:published_time\" content=\"2021-07-27T00:19:41+00:00\" \/>\n<meta property=\"og:image\" content=\"https:\/\/digital58.com.ve\/site\/wp-content\/uploads\/2020\/08\/Maria-Corina-1.jpg\" \/>\n\t<meta property=\"og:image:width\" content=\"900\" \/>\n\t<meta property=\"og:image:height\" content=\"444\" \/>\n\t<meta property=\"og:image:type\" content=\"image\/jpeg\" \/>\n<meta name=\"author\" content=\"Morales Joel\" \/>\n<meta name=\"twitter:card\" content=\"summary_large_image\" \/>\n<meta name=\"twitter:creator\" content=\"@Digital_58\" \/>\n<meta name=\"twitter:site\" content=\"@villasmilhfoto\" \/>\n<meta name=\"twitter:label1\" content=\"Escrito por\" \/>\n\t<meta name=\"twitter:data1\" content=\"Morales Joel\" \/>\n\t<meta name=\"twitter:label2\" content=\"Tiempo estimado de lectura\" \/>\n\t<meta name=\"twitter:data2\" content=\"2 minutos\" \/>\n<script type=\"application\/ld+json\" class=\"yoast-schema-graph\">{\"@context\":\"https:\\\/\\\/schema.org\",\"@graph\":[{\"@type\":\"Article\",\"@id\":\"https:\\\/\\\/digital58.com.ve\\\/site\\\/2021\\\/07\\\/26\\\/maria-corina-estima-que-lideres-mundiales-deben-calificar-a-venezuela-como-estado-promotor-del-terrorismo\\\/#article\",\"isPartOf\":{\"@id\":\"https:\\\/\\\/digital58.com.ve\\\/site\\\/2021\\\/07\\\/26\\\/maria-corina-estima-que-lideres-mundiales-deben-calificar-a-venezuela-como-estado-promotor-del-terrorismo\\\/\"},\"author\":{\"name\":\"Morales Joel\",\"@id\":\"https:\\\/\\\/digital58.com.ve\\\/site\\\/#\\\/schema\\\/person\\\/8daf5f8bfd9ebdb98150c62bff195b72\"},\"headline\":\"Mar\u00eda Corina estima que l\u00edderes mundiales deben calificar a Venezuela como \u00abestado promotor del terrorismo\u00bb\",\"datePublished\":\"2021-07-27T00:19:41+00:00\",\"mainEntityOfPage\":{\"@id\":\"https:\\\/\\\/digital58.com.ve\\\/site\\\/2021\\\/07\\\/26\\\/maria-corina-estima-que-lideres-mundiales-deben-calificar-a-venezuela-como-estado-promotor-del-terrorismo\\\/\"},\"wordCount\":322,\"commentCount\":0,\"publisher\":{\"@id\":\"https:\\\/\\\/digital58.com.ve\\\/site\\\/#\\\/schema\\\/person\\\/64d1c2e4d0d4fd1b849980c4331c2951\"},\"image\":{\"@id\":\"https:\\\/\\\/digital58.com.ve\\\/site\\\/2021\\\/07\\\/26\\\/maria-corina-estima-que-lideres-mundiales-deben-calificar-a-venezuela-como-estado-promotor-del-terrorismo\\\/#primaryimage\"},\"thumbnailUrl\":\"https:\\\/\\\/digital58.com.ve\\\/site\\\/wp-content\\\/uploads\\\/2020\\\/08\\\/Maria-Corina-1.jpg\",\"keywords\":[\"Caracas\",\"FARC\",\"Mar\u00eda Corina Machado\",\"Nacionales\",\"Presidente Ivan Duque\",\"Venezuela\",\"Vente Venezuela\"],\"articleSection\":[\"Venezuela\"],\"inLanguage\":\"es\",\"potentialAction\":[{\"@type\":\"CommentAction\",\"name\":\"Comment\",\"target\":[\"https:\\\/\\\/digital58.com.ve\\\/site\\\/2021\\\/07\\\/26\\\/maria-corina-estima-que-lideres-mundiales-deben-calificar-a-venezuela-como-estado-promotor-del-terrorismo\\\/#respond\"]}]},{\"@type\":\"WebPage\",\"@id\":\"https:\\\/\\\/digital58.com.ve\\\/site\\\/2021\\\/07\\\/26\\\/maria-corina-estima-que-lideres-mundiales-deben-calificar-a-venezuela-como-estado-promotor-del-terrorismo\\\/\",\"url\":\"https:\\\/\\\/digital58.com.ve\\\/site\\\/2021\\\/07\\\/26\\\/maria-corina-estima-que-lideres-mundiales-deben-calificar-a-venezuela-como-estado-promotor-del-terrorismo\\\/\",\"name\":\"Mar\u00eda Corina estima que l\u00edderes mundiales deben calificar a Venezuela como \u00abestado promotor del terrorismo\u00bb\",\"isPartOf\":{\"@id\":\"https:\\\/\\\/digital58.com.ve\\\/site\\\/#website\"},\"primaryImageOfPage\":{\"@id\":\"https:\\\/\\\/digital58.com.ve\\\/site\\\/2021\\\/07\\\/26\\\/maria-corina-estima-que-lideres-mundiales-deben-calificar-a-venezuela-como-estado-promotor-del-terrorismo\\\/#primaryimage\"},\"image\":{\"@id\":\"https:\\\/\\\/digital58.com.ve\\\/site\\\/2021\\\/07\\\/26\\\/maria-corina-estima-que-lideres-mundiales-deben-calificar-a-venezuela-como-estado-promotor-del-terrorismo\\\/#primaryimage\"},\"thumbnailUrl\":\"https:\\\/\\\/digital58.com.ve\\\/site\\\/wp-content\\\/uploads\\\/2020\\\/08\\\/Maria-Corina-1.jpg\",\"datePublished\":\"2021-07-27T00:19:41+00:00\",\"description\":\"Venezuela\",\"breadcrumb\":{\"@id\":\"https:\\\/\\\/digital58.com.ve\\\/site\\\/2021\\\/07\\\/26\\\/maria-corina-estima-que-lideres-mundiales-deben-calificar-a-venezuela-como-estado-promotor-del-terrorismo\\\/#breadcrumb\"},\"inLanguage\":\"es\",\"potentialAction\":[{\"@type\":\"ReadAction\",\"target\":[\"https:\\\/\\\/digital58.com.ve\\\/site\\\/2021\\\/07\\\/26\\\/maria-corina-estima-que-lideres-mundiales-deben-calificar-a-venezuela-como-estado-promotor-del-terrorismo\\\/\"]}]},{\"@type\":\"ImageObject\",\"inLanguage\":\"es\",\"@id\":\"https:\\\/\\\/digital58.com.ve\\\/site\\\/2021\\\/07\\\/26\\\/maria-corina-estima-que-lideres-mundiales-deben-calificar-a-venezuela-como-estado-promotor-del-terrorismo\\\/#primaryimage\",\"url\":\"https:\\\/\\\/digital58.com.ve\\\/site\\\/wp-content\\\/uploads\\\/2020\\\/08\\\/Maria-Corina-1.jpg\",\"contentUrl\":\"https:\\\/\\\/digital58.com.ve\\\/site\\\/wp-content\\\/uploads\\\/2020\\\/08\\\/Maria-Corina-1.jpg\",\"width\":800,\"height\":395},{\"@type\":\"BreadcrumbList\",\"@id\":\"https:\\\/\\\/digital58.com.ve\\\/site\\\/2021\\\/07\\\/26\\\/maria-corina-estima-que-lideres-mundiales-deben-calificar-a-venezuela-como-estado-promotor-del-terrorismo\\\/#breadcrumb\",\"itemListElement\":[{\"@type\":\"ListItem\",\"position\":1,\"name\":\"Home\",\"item\":\"https:\\\/\\\/digital58.com.ve\\\/site\\\/\"},{\"@type\":\"ListItem\",\"position\":2,\"name\":\"Mar\u00eda Corina estima que l\u00edderes mundiales deben calificar a Venezuela como \u00abestado promotor del terrorismo\u00bb\"}]},{\"@type\":\"WebSite\",\"@id\":\"https:\\\/\\\/digital58.com.ve\\\/site\\\/#website\",\"url\":\"https:\\\/\\\/digital58.com.ve\\\/site\\\/\",\"name\":\"Noticias Digital58\",\"description\":\"Portal de Noticias \u00a1Periodismo web de verdad! Lanzamiento web 22.11.2005 \\\/ Maracaibo, Venezuela\",\"publisher\":{\"@id\":\"https:\\\/\\\/digital58.com.ve\\\/site\\\/#\\\/schema\\\/person\\\/64d1c2e4d0d4fd1b849980c4331c2951\"},\"alternateName\":\"ND58\",\"potentialAction\":[{\"@type\":\"SearchAction\",\"target\":{\"@type\":\"EntryPoint\",\"urlTemplate\":\"https:\\\/\\\/digital58.com.ve\\\/site\\\/?s={search_term_string}\"},\"query-input\":{\"@type\":\"PropertyValueSpecification\",\"valueRequired\":true,\"valueName\":\"search_term_string\"}}],\"inLanguage\":\"es\"},{\"@type\":[\"Person\",\"Organization\"],\"@id\":\"https:\\\/\\\/digital58.com.ve\\\/site\\\/#\\\/schema\\\/person\\\/64d1c2e4d0d4fd1b849980c4331c2951\",\"name\":\"Villasmil Henry\",\"image\":{\"@type\":\"ImageObject\",\"inLanguage\":\"es\",\"@id\":\"https:\\\/\\\/secure.gravatar.com\\\/avatar\\\/bb0c4a2fcb7970138239f7e404ea75757b1b507b28b5ce4c53fbd62d797c5a7c?s=96&d=mm&r=g\",\"url\":\"https:\\\/\\\/secure.gravatar.com\\\/avatar\\\/bb0c4a2fcb7970138239f7e404ea75757b1b507b28b5ce4c53fbd62d797c5a7c?s=96&d=mm&r=g\",\"contentUrl\":\"https:\\\/\\\/secure.gravatar.com\\\/avatar\\\/bb0c4a2fcb7970138239f7e404ea75757b1b507b28b5ce4c53fbd62d797c5a7c?s=96&d=mm&r=g\",\"caption\":\"Villasmil Henry\"},\"logo\":{\"@id\":\"https:\\\/\\\/secure.gravatar.com\\\/avatar\\\/bb0c4a2fcb7970138239f7e404ea75757b1b507b28b5ce4c53fbd62d797c5a7c?s=96&d=mm&r=g\"},\"sameAs\":[\"http:\\\/\\\/www.henryvillasmil.com.ve\",\"https:\\\/\\\/www.instagram.com\\\/villasmilhfoto\\\/\",\"https:\\\/\\\/x.com\\\/https:\\\/\\\/twitter.com\\\/villasmilhfoto\"]},{\"@type\":\"Person\",\"@id\":\"https:\\\/\\\/digital58.com.ve\\\/site\\\/#\\\/schema\\\/person\\\/8daf5f8bfd9ebdb98150c62bff195b72\",\"name\":\"Morales Joel\",\"image\":{\"@type\":\"ImageObject\",\"inLanguage\":\"es\",\"@id\":\"https:\\\/\\\/secure.gravatar.com\\\/avatar\\\/e2cb5ce0e9279ab3c8e03d472e483f32e666716a18da3bfa7b0749a5465409f1?s=96&d=mm&r=g\",\"url\":\"https:\\\/\\\/secure.gravatar.com\\\/avatar\\\/e2cb5ce0e9279ab3c8e03d472e483f32e666716a18da3bfa7b0749a5465409f1?s=96&d=mm&r=g\",\"contentUrl\":\"https:\\\/\\\/secure.gravatar.com\\\/avatar\\\/e2cb5ce0e9279ab3c8e03d472e483f32e666716a18da3bfa7b0749a5465409f1?s=96&d=mm&r=g\",\"caption\":\"Morales Joel\"},\"url\":\"https:\\\/\\\/digital58.com.ve\\\/site\\\/author\\\/joelm\\\/\"}]}<\/script>\n<!-- \/ Yoast SEO plugin. -->","yoast_head_json":{"title":"Mar\u00eda Corina estima que l\u00edderes mundiales deben calificar a Venezuela como \u00abestado promotor del terrorismo\u00bb","description":"Venezuela","robots":{"index":"index","follow":"follow","max-snippet":"max-snippet:-1","max-image-preview":"max-image-preview:large","max-video-preview":"max-video-preview:-1"},"canonical":"https:\/\/digital58.com.ve\/site\/2021\/07\/26\/maria-corina-estima-que-lideres-mundiales-deben-calificar-a-venezuela-como-estado-promotor-del-terrorismo\/","og_locale":"es_ES","og_type":"article","og_title":"Mar\u00eda Corina estima que l\u00edderes mundiales deben calificar a Venezuela como \u00abestado promotor del terrorismo\u00bb","og_description":"Venezuela","og_url":"https:\/\/digital58.com.ve\/site\/2021\/07\/26\/maria-corina-estima-que-lideres-mundiales-deben-calificar-a-venezuela-como-estado-promotor-del-terrorismo\/","og_site_name":"Noticias Digital58","article_published_time":"2021-07-27T00:19:41+00:00","og_image":[{"width":900,"height":444,"url":"https:\/\/digital58.com.ve\/site\/wp-content\/uploads\/2020\/08\/Maria-Corina-1.jpg","type":"image\/jpeg"}],"author":"Morales Joel","twitter_card":"summary_large_image","twitter_creator":"@Digital_58","twitter_site":"@villasmilhfoto","twitter_misc":{"Escrito por":"Morales Joel","Tiempo estimado de lectura":"2 minutos"},"schema":{"@context":"https:\/\/schema.org","@graph":[{"@type":"Article","@id":"https:\/\/digital58.com.ve\/site\/2021\/07\/26\/maria-corina-estima-que-lideres-mundiales-deben-calificar-a-venezuela-como-estado-promotor-del-terrorismo\/#article","isPartOf":{"@id":"https:\/\/digital58.com.ve\/site\/2021\/07\/26\/maria-corina-estima-que-lideres-mundiales-deben-calificar-a-venezuela-como-estado-promotor-del-terrorismo\/"},"author":{"name":"Morales Joel","@id":"https:\/\/digital58.com.ve\/site\/#\/schema\/person\/8daf5f8bfd9ebdb98150c62bff195b72"},"headline":"Mar\u00eda Corina estima que l\u00edderes mundiales deben calificar a Venezuela como \u00abestado promotor del terrorismo\u00bb","datePublished":"2021-07-27T00:19:41+00:00","mainEntityOfPage":{"@id":"https:\/\/digital58.com.ve\/site\/2021\/07\/26\/maria-corina-estima-que-lideres-mundiales-deben-calificar-a-venezuela-como-estado-promotor-del-terrorismo\/"},"wordCount":322,"commentCount":0,"publisher":{"@id":"https:\/\/digital58.com.ve\/site\/#\/schema\/person\/64d1c2e4d0d4fd1b849980c4331c2951"},"image":{"@id":"https:\/\/digital58.com.ve\/site\/2021\/07\/26\/maria-corina-estima-que-lideres-mundiales-deben-calificar-a-venezuela-como-estado-promotor-del-terrorismo\/#primaryimage"},"thumbnailUrl":"https:\/\/digital58.com.ve\/site\/wp-content\/uploads\/2020\/08\/Maria-Corina-1.jpg","keywords":["Caracas","FARC","Mar\u00eda Corina Machado","Nacionales","Presidente Ivan Duque","Venezuela","Vente Venezuela"],"articleSection":["Venezuela"],"inLanguage":"es","potentialAction":[{"@type":"CommentAction","name":"Comment","target":["https:\/\/digital58.com.ve\/site\/2021\/07\/26\/maria-corina-estima-que-lideres-mundiales-deben-calificar-a-venezuela-como-estado-promotor-del-terrorismo\/#respond"]}]},{"@type":"WebPage","@id":"https:\/\/digital58.com.ve\/site\/2021\/07\/26\/maria-corina-estima-que-lideres-mundiales-deben-calificar-a-venezuela-como-estado-promotor-del-terrorismo\/","url":"https:\/\/digital58.com.ve\/site\/2021\/07\/26\/maria-corina-estima-que-lideres-mundiales-deben-calificar-a-venezuela-como-estado-promotor-del-terrorismo\/","name":"Mar\u00eda Corina estima que l\u00edderes mundiales deben calificar a Venezuela como \u00abestado promotor del terrorismo\u00bb","isPartOf":{"@id":"https:\/\/digital58.com.ve\/site\/#website"},"primaryImageOfPage":{"@id":"https:\/\/digital58.com.ve\/site\/2021\/07\/26\/maria-corina-estima-que-lideres-mundiales-deben-calificar-a-venezuela-como-estado-promotor-del-terrorismo\/#primaryimage"},"image":{"@id":"https:\/\/digital58.com.ve\/site\/2021\/07\/26\/maria-corina-estima-que-lideres-mundiales-deben-calificar-a-venezuela-como-estado-promotor-del-terrorismo\/#primaryimage"},"thumbnailUrl":"https:\/\/digital58.com.ve\/site\/wp-content\/uploads\/2020\/08\/Maria-Corina-1.jpg","datePublished":"2021-07-27T00:19:41+00:00","description":"Venezuela","breadcrumb":{"@id":"https:\/\/digital58.com.ve\/site\/2021\/07\/26\/maria-corina-estima-que-lideres-mundiales-deben-calificar-a-venezuela-como-estado-promotor-del-terrorismo\/#breadcrumb"},"inLanguage":"es","potentialAction":[{"@type":"ReadAction","target":["https:\/\/digital58.com.ve\/site\/2021\/07\/26\/maria-corina-estima-que-lideres-mundiales-deben-calificar-a-venezuela-como-estado-promotor-del-terrorismo\/"]}]},{"@type":"ImageObject","inLanguage":"es","@id":"https:\/\/digital58.com.ve\/site\/2021\/07\/26\/maria-corina-estima-que-lideres-mundiales-deben-calificar-a-venezuela-como-estado-promotor-del-terrorismo\/#primaryimage","url":"https:\/\/digital58.com.ve\/site\/wp-content\/uploads\/2020\/08\/Maria-Corina-1.jpg","contentUrl":"https:\/\/digital58.com.ve\/site\/wp-content\/uploads\/2020\/08\/Maria-Corina-1.jpg","width":800,"height":395},{"@type":"BreadcrumbList","@id":"https:\/\/digital58.com.ve\/site\/2021\/07\/26\/maria-corina-estima-que-lideres-mundiales-deben-calificar-a-venezuela-como-estado-promotor-del-terrorismo\/#breadcrumb","itemListElement":[{"@type":"ListItem","position":1,"name":"Home","item":"https:\/\/digital58.com.ve\/site\/"},{"@type":"ListItem","position":2,"name":"Mar\u00eda Corina estima que l\u00edderes mundiales deben calificar a Venezuela como \u00abestado promotor del terrorismo\u00bb"}]},{"@type":"WebSite","@id":"https:\/\/digital58.com.ve\/site\/#website","url":"https:\/\/digital58.com.ve\/site\/","name":"Noticias Digital58","description":"Portal de Noticias \u00a1Periodismo web de verdad! Lanzamiento web 22.11.2005 \/ Maracaibo, Venezuela","publisher":{"@id":"https:\/\/digital58.com.ve\/site\/#\/schema\/person\/64d1c2e4d0d4fd1b849980c4331c2951"},"alternateName":"ND58","potentialAction":[{"@type":"SearchAction","target":{"@type":"EntryPoint","urlTemplate":"https:\/\/digital58.com.ve\/site\/?s={search_term_string}"},"query-input":{"@type":"PropertyValueSpecification","valueRequired":true,"valueName":"search_term_string"}}],"inLanguage":"es"},{"@type":["Person","Organization"],"@id":"https:\/\/digital58.com.ve\/site\/#\/schema\/person\/64d1c2e4d0d4fd1b849980c4331c2951","name":"Villasmil Henry","image":{"@type":"ImageObject","inLanguage":"es","@id":"https:\/\/secure.gravatar.com\/avatar\/bb0c4a2fcb7970138239f7e404ea75757b1b507b28b5ce4c53fbd62d797c5a7c?s=96&d=mm&r=g","url":"https:\/\/secure.gravatar.com\/avatar\/bb0c4a2fcb7970138239f7e404ea75757b1b507b28b5ce4c53fbd62d797c5a7c?s=96&d=mm&r=g","contentUrl":"https:\/\/secure.gravatar.com\/avatar\/bb0c4a2fcb7970138239f7e404ea75757b1b507b28b5ce4c53fbd62d797c5a7c?s=96&d=mm&r=g","caption":"Villasmil Henry"},"logo":{"@id":"https:\/\/secure.gravatar.com\/avatar\/bb0c4a2fcb7970138239f7e404ea75757b1b507b28b5ce4c53fbd62d797c5a7c?s=96&d=mm&r=g"},"sameAs":["http:\/\/www.henryvillasmil.com.ve","https:\/\/www.instagram.com\/villasmilhfoto\/","https:\/\/x.com\/https:\/\/twitter.com\/villasmilhfoto"]},{"@type":"Person","@id":"https:\/\/digital58.com.ve\/site\/#\/schema\/person\/8daf5f8bfd9ebdb98150c62bff195b72","name":"Morales Joel","image":{"@type":"ImageObject","inLanguage":"es","@id":"https:\/\/secure.gravatar.com\/avatar\/e2cb5ce0e9279ab3c8e03d472e483f32e666716a18da3bfa7b0749a5465409f1?s=96&d=mm&r=g","url":"https:\/\/secure.gravatar.com\/avatar\/e2cb5ce0e9279ab3c8e03d472e483f32e666716a18da3bfa7b0749a5465409f1?s=96&d=mm&r=g","contentUrl":"https:\/\/secure.gravatar.com\/avatar\/e2cb5ce0e9279ab3c8e03d472e483f32e666716a18da3bfa7b0749a5465409f1?s=96&d=mm&r=g","caption":"Morales Joel"},"url":"https:\/\/digital58.com.ve\/site\/author\/joelm\/"}]}},"uagb_featured_image_src":{"full":["https:\/\/digital58.com.ve\/site\/wp-content\/uploads\/2020\/08\/Maria-Corina-1.jpg",800,395,false],"thumbnail":["https:\/\/digital58.com.ve\/site\/wp-content\/uploads\/2020\/08\/Maria-Corina-1-150x150.jpg",150,150,true],"medium":["https:\/\/digital58.com.ve\/site\/wp-content\/uploads\/2020\/08\/Maria-Corina-1-300x148.jpg",300,148,true],"medium_large":["https:\/\/digital58.com.ve\/site\/wp-content\/uploads\/2020\/08\/Maria-Corina-1-768x379.jpg",768,379,true],"large":["https:\/\/digital58.com.ve\/site\/wp-content\/uploads\/2020\/08\/Maria-Corina-1.jpg",800,395,false],"1536x1536":["https:\/\/digital58.com.ve\/site\/wp-content\/uploads\/2020\/08\/Maria-Corina-1.jpg",800,395,false],"2048x2048":["https:\/\/digital58.com.ve\/site\/wp-content\/uploads\/2020\/08\/Maria-Corina-1.jpg",800,395,false],"colormag-highlighted-post":["https:\/\/digital58.com.ve\/site\/wp-content\/uploads\/2020\/08\/Maria-Corina-1.jpg",392,194,false],"colormag-featured-post-medium":["https:\/\/digital58.com.ve\/site\/wp-content\/uploads\/2020\/08\/Maria-Corina-1.jpg",390,193,false],"colormag-featured-post-small":["https:\/\/digital58.com.ve\/site\/wp-content\/uploads\/2020\/08\/Maria-Corina-1.jpg",130,64,false],"colormag-featured-image":["https:\/\/digital58.com.ve\/site\/wp-content\/uploads\/2020\/08\/Maria-Corina-1.jpg",800,395,false],"colormag-default-news":["https:\/\/digital58.com.ve\/site\/wp-content\/uploads\/2020\/08\/Maria-Corina-1.jpg",150,74,false],"colormag-featured-image-large":["https:\/\/digital58.com.ve\/site\/wp-content\/uploads\/2020\/08\/Maria-Corina-1.jpg",800,395,false]},"uagb_author_info":{"display_name":"Morales Joel","author_link":"https:\/\/digital58.com.ve\/site\/author\/joelm\/"},"uagb_comment_info":0,"uagb_excerpt":"Asegura que el gobierno venezolano es aliado de grupos terroristas como las Fuerzas Armadas Revolucionarias de Colombia. Caracas, DC, Venezuela,","_links":{"self":[{"href":"https:\/\/digital58.com.ve\/site\/wp-json\/wp\/v2\/posts\/141625","targetHints":{"allow":["GET"]}}],"collection":[{"href":"https:\/\/digital58.com.ve\/site\/wp-json\/wp\/v2\/posts"}],"about":[{"href":"https:\/\/digital58.com.ve\/site\/wp-json\/wp\/v2\/types\/post"}],"author":[{"embeddable":true,"href":"https:\/\/digital58.com.ve\/site\/wp-json\/wp\/v2\/users\/29"}],"replies":[{"embeddable":true,"href":"https:\/\/digital58.com.ve\/site\/wp-json\/wp\/v2\/comments?post=141625"}],"version-history":[{"count":0,"href":"https:\/\/digital58.com.ve\/site\/wp-json\/wp\/v2\/posts\/141625\/revisions"}],"wp:featuredmedia":[{"embeddable":true,"href":"https:\/\/digital58.com.ve\/site\/wp-json\/wp\/v2\/media\/122983"}],"wp:attachment":[{"href":"https:\/\/digital58.com.ve\/site\/wp-json\/wp\/v2\/media?parent=141625"}],"wp:term":[{"taxonomy":"category","embeddable":true,"href":"https:\/\/digital58.com.ve\/site\/wp-json\/wp\/v2\/categories?post=141625"},{"taxonomy":"post_tag","embeddable":true,"href":"https:\/\/digital58.com.ve\/site\/wp-json\/wp\/v2\/tags?post=141625"}],"curies":[{"name":"wp","href":"https:\/\/api.w.org\/{rel}","templated":true}]}}