{"id":141705,"date":"2021-07-28T23:46:12","date_gmt":"2021-07-29T03:46:12","guid":{"rendered":"https:\/\/digital58.com.ve\/site\/?p=141705"},"modified":"2021-07-28T23:46:12","modified_gmt":"2021-07-29T03:46:12","slug":"las-razones-por-las-que-mayora-gano-medalla-de-plata-en-tokio-2020","status":"publish","type":"post","link":"https:\/\/digital58.com.ve\/site\/2021\/07\/28\/las-razones-por-las-que-mayora-gano-medalla-de-plata-en-tokio-2020\/","title":{"rendered":"Las razones por las que Mayora gan\u00f3 medalla de plata en Tokio 2020"},"content":{"rendered":"<p><a href=\"https:\/\/digital58.com.ve\/site\/wp-content\/uploads\/2021\/07\/Mayora.jpg\"><img loading=\"lazy\" decoding=\"async\" class=\"aligncenter size-full wp-image-141706\" src=\"https:\/\/digital58.com.ve\/site\/wp-content\/uploads\/2021\/07\/Mayora.jpg\" alt=\"\" width=\"900\" height=\"636\" srcset=\"https:\/\/digital58.com.ve\/site\/wp-content\/uploads\/2021\/07\/Mayora.jpg 900w, https:\/\/digital58.com.ve\/site\/wp-content\/uploads\/2021\/07\/Mayora-300x212.jpg 300w, https:\/\/digital58.com.ve\/site\/wp-content\/uploads\/2021\/07\/Mayora-768x543.jpg 768w\" sizes=\"auto, (max-width: 900px) 100vw, 900px\" \/><\/a><\/p>\n<p>El pesista nacional no pod\u00eda aspirar a menos en su divisi\u00f3n de los 73 kilogramos. Con 24 a\u00f1os viene de subir al podio en el campeonato Panamericano de mayores por una medalla de oro y dos de plata celebrado este a\u00f1o.<\/p>\n<p><strong>Maracaibo, Zulia, Venezuela, 28 de julio de 2021 (ND58).-<\/strong> Los pron\u00f3sticos se quedaron cortos. De acuerdo a su marca de inscripci\u00f3n para los Juegos Ol\u00edmpicos Tokio 2020, Julio Mayora ten\u00eda reales posibilidades de colgarse la medalla de bronce, pero su gran condici\u00f3n f\u00edsica y excelente manejo de la t\u00e9cnica lo llev\u00f3 m\u00e1s all\u00e1 y, adem\u00e1s de ganar la medalla de plata, tuvo coraje para retar al n\u00famero de uno del mundo, el chino Shi Zhiyong, que finalmente gan\u00f3 el oro.<\/p>\n<p>En el Campeonato Suramericano, Iberoamericano y Open Clasificatorio Ol\u00edmpico \u2014que se desarroll\u00f3 en Cal\u00ed, Colombia, en mayo de 2021\u2014 el venezolano tambi\u00e9n destac\u00f3 en el arranque (150 kgs), envi\u00f3n (180 kgs) y total ol\u00edmpico (330 kgs).<\/p>\n<p>\u00abActualmente, el campe\u00f3n en los Juegos Panamericano de Lima 2019 ocupa el sitial n\u00famero cuatro de la clasificaci\u00f3n ol\u00edmpica por unidades, y el segundo del r\u00e1nking mundial por marcas de la Federaci\u00f3n Internacional de Halterofilia (IWF). Ambos d\u00edgitos lo ubican entre los mejores ocho de los 73 kgs\u00bb, publica El Diario.<\/p>\n<p>\u00abJulio Mayora llega en buena forma. Ha tenido un ciclo ol\u00edmpico perfecto, incluyendo medalla en campeonatos mundiales; entonces, es un gran candidato para subir al podio. Creo que \u00e9l puede seguir los pasos de Israel Rubio (bronce en halterofilia 62 kg, Atenas 2004) para estos juegos Ol\u00edmpicos\u00bb, dijo Vanessa Fereira, periodista especializada en olimpismo.<\/p><div class=\"jpxgo6a9d588d41920\" ><p style=\"text-align: center;\"><a href=\"https:\/\/t.me\/noticiasdigital58\" target=\"_blank\" rel=\"noopener\"><img class=\"aligncenter size-full wp-image-125363\" src=\"https:\/\/digital58.com.ve\/site\/wp-content\/uploads\/2021\/04\/banner-telegram-web-2021.png\" alt=\"\" width=\"600\" height=\"90\" \/><\/a><\/p><\/div><style type=\"text\/css\">\r\n@media screen and (min-width: 1201px) {\r\n.jpxgo6a9d588d41920 {\r\ndisplay: block;\r\n}\r\n}\r\n@media screen and (min-width: 993px) and (max-width: 1200px) {\r\n.jpxgo6a9d588d41920 {\r\ndisplay: block;\r\n}\r\n}\r\n@media screen and (min-width: 769px) and (max-width: 992px) {\r\n.jpxgo6a9d588d41920 {\r\ndisplay: block;\r\n}\r\n}\r\n@media screen and (min-width: 768px) and (max-width: 768px) {\r\n.jpxgo6a9d588d41920 {\r\ndisplay: block;\r\n}\r\n}\r\n@media screen and (max-width: 767px) {\r\n.jpxgo6a9d588d41920 {\r\ndisplay: block;\r\n}\r\n}\r\n<\/style>\r\n\n<p><strong>Redacci\u00f3n ND58 \/ Luis Bravo<\/strong><br \/>\n<strong>Edici\u00f3n: Villasmil, Henry<\/strong><br \/>\n<strong>Gr\u00e1fica: EFE<\/strong><\/p>\n<div style=\"margin-top: 0px; margin-bottom: 0px;\" class=\"sharethis-inline-share-buttons\" ><\/div>","protected":false},"excerpt":{"rendered":"<p>El pesista nacional no pod\u00eda aspirar a menos en su divisi\u00f3n de los 73 kilogramos. Con 24 a\u00f1os viene de<\/p>\n","protected":false},"author":1,"featured_media":141706,"comment_status":"open","ping_status":"closed","sticky":false,"template":"","format":"standard","meta":{"colormag_page_container_layout":"default_layout","colormag_page_sidebar_layout":"default_layout","_uag_custom_page_level_css":"","footnotes":""},"categories":[5402,25092],"tags":[5625,5346,2386,13897,5667,1335,23902,25114,25123,25122,6327,25072,32],"class_list":["post-141705","post","type-post","status-publish","format-standard","has-post-thumbnail","hentry","category-deportes","category-jjoo-tokio-2020","tag-coi","tag-halterofilia","tag-japon","tag-jjoo","tag-jjoo-2020","tag-juegos-olimpicos","tag-juegos-olimpicos-tokio-2020","tag-julio-ruben-mayora-pernia","tag-medalla-de-plata","tag-pesista","tag-tokio","tag-venezolanos-en-tokio-2020","tag-venezuela"],"yoast_head":"<!-- This site is optimized with the Yoast SEO plugin v28.4 - https:\/\/yoast.com\/product\/yoast-seo-wordpress\/ -->\n<title>Las razones por las que Mayora gan\u00f3 medalla de plata en Tokio 2020<\/title>\n<meta name=\"description\" content=\"Deportes\" \/>\n<meta name=\"robots\" content=\"index, follow, max-snippet:-1, max-image-preview:large, max-video-preview:-1\" \/>\n<link rel=\"canonical\" href=\"https:\/\/digital58.com.ve\/site\/2021\/07\/28\/las-razones-por-las-que-mayora-gano-medalla-de-plata-en-tokio-2020\/\" \/>\n<meta property=\"og:locale\" content=\"es_ES\" \/>\n<meta property=\"og:type\" content=\"article\" \/>\n<meta property=\"og:title\" content=\"Las razones por las que Mayora gan\u00f3 medalla de plata en Tokio 2020\" \/>\n<meta property=\"og:description\" content=\"Deportes\" \/>\n<meta property=\"og:url\" content=\"https:\/\/digital58.com.ve\/site\/2021\/07\/28\/las-razones-por-las-que-mayora-gano-medalla-de-plata-en-tokio-2020\/\" \/>\n<meta property=\"og:site_name\" content=\"Noticias Digital58\" \/>\n<meta property=\"article:published_time\" content=\"2021-07-29T03:46:12+00:00\" \/>\n<meta property=\"og:image\" content=\"https:\/\/digital58.com.ve\/site\/wp-content\/uploads\/2021\/07\/Mayora.jpg\" \/>\n\t<meta property=\"og:image:width\" content=\"900\" \/>\n\t<meta property=\"og:image:height\" content=\"636\" \/>\n\t<meta property=\"og:image:type\" content=\"image\/jpeg\" \/>\n<meta name=\"author\" content=\"Villasmil Henry\" \/>\n<meta name=\"twitter:card\" content=\"summary_large_image\" \/>\n<meta name=\"twitter:creator\" content=\"@https:\/\/twitter.com\/villasmilhfoto\" \/>\n<meta name=\"twitter:site\" content=\"@villasmilhfoto\" \/>\n<meta name=\"twitter:label1\" content=\"Escrito por\" \/>\n\t<meta name=\"twitter:data1\" content=\"Villasmil Henry\" \/>\n\t<meta name=\"twitter:label2\" content=\"Tiempo estimado de lectura\" \/>\n\t<meta name=\"twitter:data2\" content=\"2 minutos\" \/>\n<script type=\"application\/ld+json\" class=\"yoast-schema-graph\">{\"@context\":\"https:\\\/\\\/schema.org\",\"@graph\":[{\"@type\":\"Article\",\"@id\":\"https:\\\/\\\/digital58.com.ve\\\/site\\\/2021\\\/07\\\/28\\\/las-razones-por-las-que-mayora-gano-medalla-de-plata-en-tokio-2020\\\/#article\",\"isPartOf\":{\"@id\":\"https:\\\/\\\/digital58.com.ve\\\/site\\\/2021\\\/07\\\/28\\\/las-razones-por-las-que-mayora-gano-medalla-de-plata-en-tokio-2020\\\/\"},\"author\":{\"name\":\"Villasmil Henry\",\"@id\":\"https:\\\/\\\/digital58.com.ve\\\/site\\\/#\\\/schema\\\/person\\\/64d1c2e4d0d4fd1b849980c4331c2951\"},\"headline\":\"Las razones por las que Mayora gan\u00f3 medalla de plata en Tokio 2020\",\"datePublished\":\"2021-07-29T03:46:12+00:00\",\"mainEntityOfPage\":{\"@id\":\"https:\\\/\\\/digital58.com.ve\\\/site\\\/2021\\\/07\\\/28\\\/las-razones-por-las-que-mayora-gano-medalla-de-plata-en-tokio-2020\\\/\"},\"wordCount\":301,\"commentCount\":0,\"publisher\":{\"@id\":\"https:\\\/\\\/digital58.com.ve\\\/site\\\/#\\\/schema\\\/person\\\/64d1c2e4d0d4fd1b849980c4331c2951\"},\"image\":{\"@id\":\"https:\\\/\\\/digital58.com.ve\\\/site\\\/2021\\\/07\\\/28\\\/las-razones-por-las-que-mayora-gano-medalla-de-plata-en-tokio-2020\\\/#primaryimage\"},\"thumbnailUrl\":\"https:\\\/\\\/digital58.com.ve\\\/site\\\/wp-content\\\/uploads\\\/2021\\\/07\\\/Mayora.jpg\",\"keywords\":[\"COI\",\"Halterofilia\",\"Jap\u00f3n\",\"JJOO\",\"JJOO 2020\",\"Juegos Ol\u00edmpicos\",\"Juegos Ol\u00edmpicos Tokio 2020\",\"Julio Rub\u00e9n Mayora Pernia\",\"Medalla de plata\",\"Pesista\",\"Tokio\",\"Venezolanos en Tokio 2020\",\"Venezuela\"],\"articleSection\":[\"Deportes\",\"JJOO Tokio 2020\"],\"inLanguage\":\"es\",\"potentialAction\":[{\"@type\":\"CommentAction\",\"name\":\"Comment\",\"target\":[\"https:\\\/\\\/digital58.com.ve\\\/site\\\/2021\\\/07\\\/28\\\/las-razones-por-las-que-mayora-gano-medalla-de-plata-en-tokio-2020\\\/#respond\"]}]},{\"@type\":\"WebPage\",\"@id\":\"https:\\\/\\\/digital58.com.ve\\\/site\\\/2021\\\/07\\\/28\\\/las-razones-por-las-que-mayora-gano-medalla-de-plata-en-tokio-2020\\\/\",\"url\":\"https:\\\/\\\/digital58.com.ve\\\/site\\\/2021\\\/07\\\/28\\\/las-razones-por-las-que-mayora-gano-medalla-de-plata-en-tokio-2020\\\/\",\"name\":\"Las razones por las que Mayora gan\u00f3 medalla de plata en Tokio 2020\",\"isPartOf\":{\"@id\":\"https:\\\/\\\/digital58.com.ve\\\/site\\\/#website\"},\"primaryImageOfPage\":{\"@id\":\"https:\\\/\\\/digital58.com.ve\\\/site\\\/2021\\\/07\\\/28\\\/las-razones-por-las-que-mayora-gano-medalla-de-plata-en-tokio-2020\\\/#primaryimage\"},\"image\":{\"@id\":\"https:\\\/\\\/digital58.com.ve\\\/site\\\/2021\\\/07\\\/28\\\/las-razones-por-las-que-mayora-gano-medalla-de-plata-en-tokio-2020\\\/#primaryimage\"},\"thumbnailUrl\":\"https:\\\/\\\/digital58.com.ve\\\/site\\\/wp-content\\\/uploads\\\/2021\\\/07\\\/Mayora.jpg\",\"datePublished\":\"2021-07-29T03:46:12+00:00\",\"description\":\"Deportes\",\"breadcrumb\":{\"@id\":\"https:\\\/\\\/digital58.com.ve\\\/site\\\/2021\\\/07\\\/28\\\/las-razones-por-las-que-mayora-gano-medalla-de-plata-en-tokio-2020\\\/#breadcrumb\"},\"inLanguage\":\"es\",\"potentialAction\":[{\"@type\":\"ReadAction\",\"target\":[\"https:\\\/\\\/digital58.com.ve\\\/site\\\/2021\\\/07\\\/28\\\/las-razones-por-las-que-mayora-gano-medalla-de-plata-en-tokio-2020\\\/\"]}]},{\"@type\":\"ImageObject\",\"inLanguage\":\"es\",\"@id\":\"https:\\\/\\\/digital58.com.ve\\\/site\\\/2021\\\/07\\\/28\\\/las-razones-por-las-que-mayora-gano-medalla-de-plata-en-tokio-2020\\\/#primaryimage\",\"url\":\"https:\\\/\\\/digital58.com.ve\\\/site\\\/wp-content\\\/uploads\\\/2021\\\/07\\\/Mayora.jpg\",\"contentUrl\":\"https:\\\/\\\/digital58.com.ve\\\/site\\\/wp-content\\\/uploads\\\/2021\\\/07\\\/Mayora.jpg\",\"width\":900,\"height\":636},{\"@type\":\"BreadcrumbList\",\"@id\":\"https:\\\/\\\/digital58.com.ve\\\/site\\\/2021\\\/07\\\/28\\\/las-razones-por-las-que-mayora-gano-medalla-de-plata-en-tokio-2020\\\/#breadcrumb\",\"itemListElement\":[{\"@type\":\"ListItem\",\"position\":1,\"name\":\"Home\",\"item\":\"https:\\\/\\\/digital58.com.ve\\\/site\\\/\"},{\"@type\":\"ListItem\",\"position\":2,\"name\":\"Las razones por las que Mayora gan\u00f3 medalla de plata en Tokio 2020\"}]},{\"@type\":\"WebSite\",\"@id\":\"https:\\\/\\\/digital58.com.ve\\\/site\\\/#website\",\"url\":\"https:\\\/\\\/digital58.com.ve\\\/site\\\/\",\"name\":\"Noticias Digital58\",\"description\":\"Portal de Noticias \u00a1Periodismo web de verdad! Lanzamiento web 22.11.2005 \\\/ Maracaibo, Venezuela\",\"publisher\":{\"@id\":\"https:\\\/\\\/digital58.com.ve\\\/site\\\/#\\\/schema\\\/person\\\/64d1c2e4d0d4fd1b849980c4331c2951\"},\"alternateName\":\"ND58\",\"potentialAction\":[{\"@type\":\"SearchAction\",\"target\":{\"@type\":\"EntryPoint\",\"urlTemplate\":\"https:\\\/\\\/digital58.com.ve\\\/site\\\/?s={search_term_string}\"},\"query-input\":{\"@type\":\"PropertyValueSpecification\",\"valueRequired\":true,\"valueName\":\"search_term_string\"}}],\"inLanguage\":\"es\"},{\"@type\":[\"Person\",\"Organization\"],\"@id\":\"https:\\\/\\\/digital58.com.ve\\\/site\\\/#\\\/schema\\\/person\\\/64d1c2e4d0d4fd1b849980c4331c2951\",\"name\":\"Villasmil Henry\",\"image\":{\"@type\":\"ImageObject\",\"inLanguage\":\"es\",\"@id\":\"https:\\\/\\\/secure.gravatar.com\\\/avatar\\\/bb0c4a2fcb7970138239f7e404ea75757b1b507b28b5ce4c53fbd62d797c5a7c?s=96&d=mm&r=g\",\"url\":\"https:\\\/\\\/secure.gravatar.com\\\/avatar\\\/bb0c4a2fcb7970138239f7e404ea75757b1b507b28b5ce4c53fbd62d797c5a7c?s=96&d=mm&r=g\",\"contentUrl\":\"https:\\\/\\\/secure.gravatar.com\\\/avatar\\\/bb0c4a2fcb7970138239f7e404ea75757b1b507b28b5ce4c53fbd62d797c5a7c?s=96&d=mm&r=g\",\"caption\":\"Villasmil Henry\"},\"logo\":{\"@id\":\"https:\\\/\\\/secure.gravatar.com\\\/avatar\\\/bb0c4a2fcb7970138239f7e404ea75757b1b507b28b5ce4c53fbd62d797c5a7c?s=96&d=mm&r=g\"},\"sameAs\":[\"http:\\\/\\\/www.henryvillasmil.com.ve\",\"https:\\\/\\\/www.instagram.com\\\/villasmilhfoto\\\/\",\"https:\\\/\\\/x.com\\\/https:\\\/\\\/twitter.com\\\/villasmilhfoto\"],\"url\":\"https:\\\/\\\/digital58.com.ve\\\/site\\\/author\\\/droopy_68\\\/\"}]}<\/script>\n<!-- \/ Yoast SEO plugin. -->","yoast_head_json":{"title":"Las razones por las que Mayora gan\u00f3 medalla de plata en Tokio 2020","description":"Deportes","robots":{"index":"index","follow":"follow","max-snippet":"max-snippet:-1","max-image-preview":"max-image-preview:large","max-video-preview":"max-video-preview:-1"},"canonical":"https:\/\/digital58.com.ve\/site\/2021\/07\/28\/las-razones-por-las-que-mayora-gano-medalla-de-plata-en-tokio-2020\/","og_locale":"es_ES","og_type":"article","og_title":"Las razones por las que Mayora gan\u00f3 medalla de plata en Tokio 2020","og_description":"Deportes","og_url":"https:\/\/digital58.com.ve\/site\/2021\/07\/28\/las-razones-por-las-que-mayora-gano-medalla-de-plata-en-tokio-2020\/","og_site_name":"Noticias Digital58","article_published_time":"2021-07-29T03:46:12+00:00","og_image":[{"width":900,"height":636,"url":"https:\/\/digital58.com.ve\/site\/wp-content\/uploads\/2021\/07\/Mayora.jpg","type":"image\/jpeg"}],"author":"Villasmil Henry","twitter_card":"summary_large_image","twitter_creator":"@https:\/\/twitter.com\/villasmilhfoto","twitter_site":"@villasmilhfoto","twitter_misc":{"Escrito por":"Villasmil Henry","Tiempo estimado de lectura":"2 minutos"},"schema":{"@context":"https:\/\/schema.org","@graph":[{"@type":"Article","@id":"https:\/\/digital58.com.ve\/site\/2021\/07\/28\/las-razones-por-las-que-mayora-gano-medalla-de-plata-en-tokio-2020\/#article","isPartOf":{"@id":"https:\/\/digital58.com.ve\/site\/2021\/07\/28\/las-razones-por-las-que-mayora-gano-medalla-de-plata-en-tokio-2020\/"},"author":{"name":"Villasmil Henry","@id":"https:\/\/digital58.com.ve\/site\/#\/schema\/person\/64d1c2e4d0d4fd1b849980c4331c2951"},"headline":"Las razones por las que Mayora gan\u00f3 medalla de plata en Tokio 2020","datePublished":"2021-07-29T03:46:12+00:00","mainEntityOfPage":{"@id":"https:\/\/digital58.com.ve\/site\/2021\/07\/28\/las-razones-por-las-que-mayora-gano-medalla-de-plata-en-tokio-2020\/"},"wordCount":301,"commentCount":0,"publisher":{"@id":"https:\/\/digital58.com.ve\/site\/#\/schema\/person\/64d1c2e4d0d4fd1b849980c4331c2951"},"image":{"@id":"https:\/\/digital58.com.ve\/site\/2021\/07\/28\/las-razones-por-las-que-mayora-gano-medalla-de-plata-en-tokio-2020\/#primaryimage"},"thumbnailUrl":"https:\/\/digital58.com.ve\/site\/wp-content\/uploads\/2021\/07\/Mayora.jpg","keywords":["COI","Halterofilia","Jap\u00f3n","JJOO","JJOO 2020","Juegos Ol\u00edmpicos","Juegos Ol\u00edmpicos Tokio 2020","Julio Rub\u00e9n Mayora Pernia","Medalla de plata","Pesista","Tokio","Venezolanos en Tokio 2020","Venezuela"],"articleSection":["Deportes","JJOO Tokio 2020"],"inLanguage":"es","potentialAction":[{"@type":"CommentAction","name":"Comment","target":["https:\/\/digital58.com.ve\/site\/2021\/07\/28\/las-razones-por-las-que-mayora-gano-medalla-de-plata-en-tokio-2020\/#respond"]}]},{"@type":"WebPage","@id":"https:\/\/digital58.com.ve\/site\/2021\/07\/28\/las-razones-por-las-que-mayora-gano-medalla-de-plata-en-tokio-2020\/","url":"https:\/\/digital58.com.ve\/site\/2021\/07\/28\/las-razones-por-las-que-mayora-gano-medalla-de-plata-en-tokio-2020\/","name":"Las razones por las que Mayora gan\u00f3 medalla de plata en Tokio 2020","isPartOf":{"@id":"https:\/\/digital58.com.ve\/site\/#website"},"primaryImageOfPage":{"@id":"https:\/\/digital58.com.ve\/site\/2021\/07\/28\/las-razones-por-las-que-mayora-gano-medalla-de-plata-en-tokio-2020\/#primaryimage"},"image":{"@id":"https:\/\/digital58.com.ve\/site\/2021\/07\/28\/las-razones-por-las-que-mayora-gano-medalla-de-plata-en-tokio-2020\/#primaryimage"},"thumbnailUrl":"https:\/\/digital58.com.ve\/site\/wp-content\/uploads\/2021\/07\/Mayora.jpg","datePublished":"2021-07-29T03:46:12+00:00","description":"Deportes","breadcrumb":{"@id":"https:\/\/digital58.com.ve\/site\/2021\/07\/28\/las-razones-por-las-que-mayora-gano-medalla-de-plata-en-tokio-2020\/#breadcrumb"},"inLanguage":"es","potentialAction":[{"@type":"ReadAction","target":["https:\/\/digital58.com.ve\/site\/2021\/07\/28\/las-razones-por-las-que-mayora-gano-medalla-de-plata-en-tokio-2020\/"]}]},{"@type":"ImageObject","inLanguage":"es","@id":"https:\/\/digital58.com.ve\/site\/2021\/07\/28\/las-razones-por-las-que-mayora-gano-medalla-de-plata-en-tokio-2020\/#primaryimage","url":"https:\/\/digital58.com.ve\/site\/wp-content\/uploads\/2021\/07\/Mayora.jpg","contentUrl":"https:\/\/digital58.com.ve\/site\/wp-content\/uploads\/2021\/07\/Mayora.jpg","width":900,"height":636},{"@type":"BreadcrumbList","@id":"https:\/\/digital58.com.ve\/site\/2021\/07\/28\/las-razones-por-las-que-mayora-gano-medalla-de-plata-en-tokio-2020\/#breadcrumb","itemListElement":[{"@type":"ListItem","position":1,"name":"Home","item":"https:\/\/digital58.com.ve\/site\/"},{"@type":"ListItem","position":2,"name":"Las razones por las que Mayora gan\u00f3 medalla de plata en Tokio 2020"}]},{"@type":"WebSite","@id":"https:\/\/digital58.com.ve\/site\/#website","url":"https:\/\/digital58.com.ve\/site\/","name":"Noticias Digital58","description":"Portal de Noticias \u00a1Periodismo web de verdad! Lanzamiento web 22.11.2005 \/ Maracaibo, Venezuela","publisher":{"@id":"https:\/\/digital58.com.ve\/site\/#\/schema\/person\/64d1c2e4d0d4fd1b849980c4331c2951"},"alternateName":"ND58","potentialAction":[{"@type":"SearchAction","target":{"@type":"EntryPoint","urlTemplate":"https:\/\/digital58.com.ve\/site\/?s={search_term_string}"},"query-input":{"@type":"PropertyValueSpecification","valueRequired":true,"valueName":"search_term_string"}}],"inLanguage":"es"},{"@type":["Person","Organization"],"@id":"https:\/\/digital58.com.ve\/site\/#\/schema\/person\/64d1c2e4d0d4fd1b849980c4331c2951","name":"Villasmil Henry","image":{"@type":"ImageObject","inLanguage":"es","@id":"https:\/\/secure.gravatar.com\/avatar\/bb0c4a2fcb7970138239f7e404ea75757b1b507b28b5ce4c53fbd62d797c5a7c?s=96&d=mm&r=g","url":"https:\/\/secure.gravatar.com\/avatar\/bb0c4a2fcb7970138239f7e404ea75757b1b507b28b5ce4c53fbd62d797c5a7c?s=96&d=mm&r=g","contentUrl":"https:\/\/secure.gravatar.com\/avatar\/bb0c4a2fcb7970138239f7e404ea75757b1b507b28b5ce4c53fbd62d797c5a7c?s=96&d=mm&r=g","caption":"Villasmil Henry"},"logo":{"@id":"https:\/\/secure.gravatar.com\/avatar\/bb0c4a2fcb7970138239f7e404ea75757b1b507b28b5ce4c53fbd62d797c5a7c?s=96&d=mm&r=g"},"sameAs":["http:\/\/www.henryvillasmil.com.ve","https:\/\/www.instagram.com\/villasmilhfoto\/","https:\/\/x.com\/https:\/\/twitter.com\/villasmilhfoto"],"url":"https:\/\/digital58.com.ve\/site\/author\/droopy_68\/"}]}},"uagb_featured_image_src":{"full":["https:\/\/digital58.com.ve\/site\/wp-content\/uploads\/2021\/07\/Mayora.jpg",900,636,false],"thumbnail":["https:\/\/digital58.com.ve\/site\/wp-content\/uploads\/2021\/07\/Mayora-150x150.jpg",150,150,true],"medium":["https:\/\/digital58.com.ve\/site\/wp-content\/uploads\/2021\/07\/Mayora-300x212.jpg",300,212,true],"medium_large":["https:\/\/digital58.com.ve\/site\/wp-content\/uploads\/2021\/07\/Mayora-768x543.jpg",768,543,true],"large":["https:\/\/digital58.com.ve\/site\/wp-content\/uploads\/2021\/07\/Mayora.jpg",800,565,false],"1536x1536":["https:\/\/digital58.com.ve\/site\/wp-content\/uploads\/2021\/07\/Mayora.jpg",900,636,false],"2048x2048":["https:\/\/digital58.com.ve\/site\/wp-content\/uploads\/2021\/07\/Mayora.jpg",900,636,false],"colormag-highlighted-post":["https:\/\/digital58.com.ve\/site\/wp-content\/uploads\/2021\/07\/Mayora.jpg",385,272,false],"colormag-featured-post-medium":["https:\/\/digital58.com.ve\/site\/wp-content\/uploads\/2021\/07\/Mayora.jpg",290,205,false],"colormag-featured-post-small":["https:\/\/digital58.com.ve\/site\/wp-content\/uploads\/2021\/07\/Mayora.jpg",127,90,false],"colormag-featured-image":["https:\/\/digital58.com.ve\/site\/wp-content\/uploads\/2021\/07\/Mayora.jpg",630,445,false],"colormag-default-news":["https:\/\/digital58.com.ve\/site\/wp-content\/uploads\/2021\/07\/Mayora.jpg",150,106,false],"colormag-featured-image-large":["https:\/\/digital58.com.ve\/site\/wp-content\/uploads\/2021\/07\/Mayora.jpg",849,600,false]},"uagb_author_info":{"display_name":"Villasmil Henry","author_link":"https:\/\/digital58.com.ve\/site\/author\/droopy_68\/"},"uagb_comment_info":0,"uagb_excerpt":"El pesista nacional no pod\u00eda aspirar a menos en su divisi\u00f3n de los 73 kilogramos. Con 24 a\u00f1os viene de","_links":{"self":[{"href":"https:\/\/digital58.com.ve\/site\/wp-json\/wp\/v2\/posts\/141705","targetHints":{"allow":["GET"]}}],"collection":[{"href":"https:\/\/digital58.com.ve\/site\/wp-json\/wp\/v2\/posts"}],"about":[{"href":"https:\/\/digital58.com.ve\/site\/wp-json\/wp\/v2\/types\/post"}],"author":[{"embeddable":true,"href":"https:\/\/digital58.com.ve\/site\/wp-json\/wp\/v2\/users\/1"}],"replies":[{"embeddable":true,"href":"https:\/\/digital58.com.ve\/site\/wp-json\/wp\/v2\/comments?post=141705"}],"version-history":[{"count":0,"href":"https:\/\/digital58.com.ve\/site\/wp-json\/wp\/v2\/posts\/141705\/revisions"}],"wp:featuredmedia":[{"embeddable":true,"href":"https:\/\/digital58.com.ve\/site\/wp-json\/wp\/v2\/media\/141706"}],"wp:attachment":[{"href":"https:\/\/digital58.com.ve\/site\/wp-json\/wp\/v2\/media?parent=141705"}],"wp:term":[{"taxonomy":"category","embeddable":true,"href":"https:\/\/digital58.com.ve\/site\/wp-json\/wp\/v2\/categories?post=141705"},{"taxonomy":"post_tag","embeddable":true,"href":"https:\/\/digital58.com.ve\/site\/wp-json\/wp\/v2\/tags?post=141705"}],"curies":[{"name":"wp","href":"https:\/\/api.w.org\/{rel}","templated":true}]}}