{"id":141779,"date":"2021-07-31T10:44:26","date_gmt":"2021-07-31T14:44:26","guid":{"rendered":"https:\/\/digital58.com.ve\/site\/?p=141779"},"modified":"2021-07-31T10:44:26","modified_gmt":"2021-07-31T14:44:26","slug":"vibra-venezuela-keydomar-vallenilla-suma-otra-medalla-de-plata-olimpica-en-las-pesas-de-tokio-2020","status":"publish","type":"post","link":"https:\/\/digital58.com.ve\/site\/2021\/07\/31\/vibra-venezuela-keydomar-vallenilla-suma-otra-medalla-de-plata-olimpica-en-las-pesas-de-tokio-2020\/","title":{"rendered":"\u00a1Vibra Venezuela!: Keydomar Vallenilla suma otra medalla de plata ol\u00edmpica en las pesas de Tokio 2020"},"content":{"rendered":"<p><a href=\"https:\/\/digital58.com.ve\/site\/wp-content\/uploads\/2021\/07\/Keydomar-Vallenilla-2.jpg\"><img loading=\"lazy\" decoding=\"async\" class=\"aligncenter size-full wp-image-141780\" src=\"https:\/\/digital58.com.ve\/site\/wp-content\/uploads\/2021\/07\/Keydomar-Vallenilla-2.jpg\" alt=\"\" width=\"900\" height=\"631\" srcset=\"https:\/\/digital58.com.ve\/site\/wp-content\/uploads\/2021\/07\/Keydomar-Vallenilla-2.jpg 900w, https:\/\/digital58.com.ve\/site\/wp-content\/uploads\/2021\/07\/Keydomar-Vallenilla-2-300x210.jpg 300w, https:\/\/digital58.com.ve\/site\/wp-content\/uploads\/2021\/07\/Keydomar-Vallenilla-2-768x538.jpg 768w\" sizes=\"auto, (max-width: 900px) 100vw, 900px\" \/><\/a><\/p>\n<p>El segundo levantamiento en envi\u00f3n, con 215 kilos, result\u00f3 fallido y el tercero, con 220, fue invalidado, pero ya Vallenilla ten\u00eda en su cuello la presea de plata para alegr\u00eda de toda una naci\u00f3n que celebra su proeza.<\/p>\n<p><strong>Tokio, Jap\u00f3n, 31 de julio de 2021 (ND58).-<\/strong> El venezolano Keydomar Vallenilla elev\u00f3 de nuevo los niveles de adrenalina de todo un pa\u00eds e hizo vibrar el sentir patri\u00f3tico con su proeza al conquistar, este s\u00e1bado, la segunda medalla en los Juegos Ol\u00edmpicos Tokio 2020, nuevamente en levantamiento de pesas en la categor\u00eda de 96 kg.<\/p>\n<p>Un segundo lugar hist\u00f3rico que suma la sexta presea de plata para el medallero nacional a los largo de su participaci\u00f3n ol\u00edmpica.<\/p>\n<p>Keydomar Vallenilla, de 21 a\u00f1os y bronce en los Juegos Panamericanos de Lima 2019, debut\u00f3 en estos Juegos Ol\u00edmpicos alzando un total de 387 kg en categor\u00eda 96 kg, un peso que le otorg\u00f3 la plata con un arranque de 172 kg y 210 en envi\u00f3n.<\/p>\n<p><a href=\"https:\/\/digital58.com.ve\/site\/wp-content\/uploads\/2021\/07\/Keydomar-Vallenilla.jpg\"><img loading=\"lazy\" decoding=\"async\" class=\"aligncenter size-full wp-image-141781\" src=\"https:\/\/digital58.com.ve\/site\/wp-content\/uploads\/2021\/07\/Keydomar-Vallenilla.jpg\" alt=\"\" width=\"900\" height=\"600\" srcset=\"https:\/\/digital58.com.ve\/site\/wp-content\/uploads\/2021\/07\/Keydomar-Vallenilla.jpg 900w, https:\/\/digital58.com.ve\/site\/wp-content\/uploads\/2021\/07\/Keydomar-Vallenilla-300x200.jpg 300w, https:\/\/digital58.com.ve\/site\/wp-content\/uploads\/2021\/07\/Keydomar-Vallenilla-768x512.jpg 768w, https:\/\/digital58.com.ve\/site\/wp-content\/uploads\/2021\/07\/Keydomar-Vallenilla-720x480.jpg 720w, https:\/\/digital58.com.ve\/site\/wp-content\/uploads\/2021\/07\/Keydomar-Vallenilla-480x320.jpg 480w\" sizes=\"auto, (max-width: 900px) 100vw, 900px\" \/><\/a><\/p>\n<p>El criollo gener\u00f3 las m\u00e1s hermosas expectativas desde sus primeros movimientos en la plataforma en la modalidad arranque, donde levant\u00f3 impecablemente 172+175+177 kilogramos, esta \u00faltima, marca con la cual qued\u00f3 ocupando el segundo lugar para ir a la modalidad de envi\u00f3n.<\/p>\n<p>All\u00ed comenz\u00f3 con 210 kilogramos en un comienzo perfecto para sumar 392 kilogramos total, sumatoria suficiente para alzarse con el segundo lugar de la justa que llena de gloria en lo individual y de alegr\u00edas a toda Venezuela por esta proeza lograda en la misma disciplina donde d\u00edas atr\u00e1s, Julio Mayora, cop\u00f3 la escena con similar actuaci\u00f3n en la divisi\u00f3n de los 73 kilogramos.<\/p><div class=\"fwgdh69efa351e9e3f\" ><p style=\"text-align: center;\"><a href=\"https:\/\/t.me\/noticiasdigital58\" target=\"_blank\" rel=\"noopener\"><img class=\"aligncenter size-full wp-image-125363\" src=\"https:\/\/digital58.com.ve\/site\/wp-content\/uploads\/2021\/04\/banner-telegram-web-2021.png\" alt=\"\" width=\"600\" height=\"90\" \/><\/a><\/p><\/div><style type=\"text\/css\">\r\n@media screen and (min-width: 1201px) {\r\n.fwgdh69efa351e9e3f {\r\ndisplay: block;\r\n}\r\n}\r\n@media screen and (min-width: 993px) and (max-width: 1200px) {\r\n.fwgdh69efa351e9e3f {\r\ndisplay: block;\r\n}\r\n}\r\n@media screen and (min-width: 769px) and (max-width: 992px) {\r\n.fwgdh69efa351e9e3f {\r\ndisplay: block;\r\n}\r\n}\r\n@media screen and (min-width: 768px) and (max-width: 768px) {\r\n.fwgdh69efa351e9e3f {\r\ndisplay: block;\r\n}\r\n}\r\n@media screen and (max-width: 767px) {\r\n.fwgdh69efa351e9e3f {\r\ndisplay: block;\r\n}\r\n}\r\n<\/style>\r\n\n<p><strong>Redacci\u00f3n ND58 \/ Luis Bravo<\/strong><br \/>\n<strong>Edici\u00f3n: Villasmil, Henry<\/strong><br \/>\n<strong>Gr\u00e1fica: EFE<\/strong><\/p>\n<div style=\"margin-top: 0px; margin-bottom: 0px;\" class=\"sharethis-inline-share-buttons\" ><\/div>","protected":false},"excerpt":{"rendered":"<p>El segundo levantamiento en envi\u00f3n, con 215 kilos, result\u00f3 fallido y el tercero, con 220, fue invalidado, pero ya Vallenilla<\/p>\n","protected":false},"author":1,"featured_media":141781,"comment_status":"open","ping_status":"closed","sticky":false,"template":"","format":"standard","meta":{"colormag_page_container_layout":"default_layout","colormag_page_sidebar_layout":"default_layout","_uag_custom_page_level_css":"","footnotes":""},"categories":[5402,25092],"tags":[5346,8,2386,13897,5667,1335,23902,25138,25111,25123,6327,25072],"class_list":["post-141779","post","type-post","status-publish","format-standard","has-post-thumbnail","hentry","category-deportes","category-jjoo-tokio-2020","tag-halterofilia","tag-internacionales","tag-japon","tag-jjoo","tag-jjoo-2020","tag-juegos-olimpicos","tag-juegos-olimpicos-tokio-2020","tag-keydomar-vallenilla","tag-levantamientos-de-pesas","tag-medalla-de-plata","tag-tokio","tag-venezolanos-en-tokio-2020"],"yoast_head":"<!-- This site is optimized with the Yoast SEO plugin v27.4 - https:\/\/yoast.com\/product\/yoast-seo-wordpress\/ -->\n<title>\u00a1Vibra Venezuela!: Keydomar Vallenilla suma otra medalla de plata ol\u00edmpica en las pesas de Tokio 2020<\/title>\n<meta name=\"description\" content=\"Deportes\" \/>\n<meta name=\"robots\" content=\"index, follow, max-snippet:-1, max-image-preview:large, max-video-preview:-1\" \/>\n<link rel=\"canonical\" href=\"https:\/\/digital58.com.ve\/site\/2021\/07\/31\/vibra-venezuela-keydomar-vallenilla-suma-otra-medalla-de-plata-olimpica-en-las-pesas-de-tokio-2020\/\" \/>\n<meta property=\"og:locale\" content=\"es_ES\" \/>\n<meta property=\"og:type\" content=\"article\" \/>\n<meta property=\"og:title\" content=\"\u00a1Vibra Venezuela!: Keydomar Vallenilla suma otra medalla de plata ol\u00edmpica en las pesas de Tokio 2020\" \/>\n<meta property=\"og:description\" content=\"Deportes\" \/>\n<meta property=\"og:url\" content=\"https:\/\/digital58.com.ve\/site\/2021\/07\/31\/vibra-venezuela-keydomar-vallenilla-suma-otra-medalla-de-plata-olimpica-en-las-pesas-de-tokio-2020\/\" \/>\n<meta property=\"og:site_name\" content=\"Noticias Digital58\" \/>\n<meta property=\"article:published_time\" content=\"2021-07-31T14:44:26+00:00\" \/>\n<meta property=\"og:image\" content=\"https:\/\/digital58.com.ve\/site\/wp-content\/uploads\/2021\/07\/Keydomar-Vallenilla.jpg\" \/>\n\t<meta property=\"og:image:width\" content=\"900\" \/>\n\t<meta property=\"og:image:height\" content=\"600\" \/>\n\t<meta property=\"og:image:type\" content=\"image\/jpeg\" \/>\n<meta name=\"author\" content=\"Villasmil Henry\" \/>\n<meta name=\"twitter:card\" content=\"summary_large_image\" \/>\n<meta name=\"twitter:creator\" content=\"@https:\/\/twitter.com\/villasmilhfoto\" \/>\n<meta name=\"twitter:site\" content=\"@villasmilhfoto\" \/>\n<meta name=\"twitter:label1\" content=\"Escrito por\" \/>\n\t<meta name=\"twitter:data1\" content=\"Villasmil Henry\" \/>\n\t<meta name=\"twitter:label2\" content=\"Tiempo estimado de lectura\" \/>\n\t<meta name=\"twitter:data2\" content=\"2 minutos\" \/>\n<script type=\"application\/ld+json\" class=\"yoast-schema-graph\">{\"@context\":\"https:\\\/\\\/schema.org\",\"@graph\":[{\"@type\":\"Article\",\"@id\":\"https:\\\/\\\/digital58.com.ve\\\/site\\\/2021\\\/07\\\/31\\\/vibra-venezuela-keydomar-vallenilla-suma-otra-medalla-de-plata-olimpica-en-las-pesas-de-tokio-2020\\\/#article\",\"isPartOf\":{\"@id\":\"https:\\\/\\\/digital58.com.ve\\\/site\\\/2021\\\/07\\\/31\\\/vibra-venezuela-keydomar-vallenilla-suma-otra-medalla-de-plata-olimpica-en-las-pesas-de-tokio-2020\\\/\"},\"author\":{\"name\":\"Villasmil Henry\",\"@id\":\"https:\\\/\\\/digital58.com.ve\\\/site\\\/#\\\/schema\\\/person\\\/64d1c2e4d0d4fd1b849980c4331c2951\"},\"headline\":\"\u00a1Vibra Venezuela!: Keydomar Vallenilla suma otra medalla de plata ol\u00edmpica en las pesas de Tokio 2020\",\"datePublished\":\"2021-07-31T14:44:26+00:00\",\"mainEntityOfPage\":{\"@id\":\"https:\\\/\\\/digital58.com.ve\\\/site\\\/2021\\\/07\\\/31\\\/vibra-venezuela-keydomar-vallenilla-suma-otra-medalla-de-plata-olimpica-en-las-pesas-de-tokio-2020\\\/\"},\"wordCount\":304,\"commentCount\":0,\"publisher\":{\"@id\":\"https:\\\/\\\/digital58.com.ve\\\/site\\\/#\\\/schema\\\/person\\\/64d1c2e4d0d4fd1b849980c4331c2951\"},\"image\":{\"@id\":\"https:\\\/\\\/digital58.com.ve\\\/site\\\/2021\\\/07\\\/31\\\/vibra-venezuela-keydomar-vallenilla-suma-otra-medalla-de-plata-olimpica-en-las-pesas-de-tokio-2020\\\/#primaryimage\"},\"thumbnailUrl\":\"https:\\\/\\\/digital58.com.ve\\\/site\\\/wp-content\\\/uploads\\\/2021\\\/07\\\/Keydomar-Vallenilla.jpg\",\"keywords\":[\"Halterofilia\",\"Internacionales\",\"Jap\u00f3n\",\"JJOO\",\"JJOO 2020\",\"Juegos Ol\u00edmpicos\",\"Juegos Ol\u00edmpicos Tokio 2020\",\"Keydomar Vallenilla\",\"Levantamientos de pesas\",\"Medalla de plata\",\"Tokio\",\"Venezolanos en Tokio 2020\"],\"articleSection\":[\"Deportes\",\"JJOO Tokio 2020\"],\"inLanguage\":\"es\",\"potentialAction\":[{\"@type\":\"CommentAction\",\"name\":\"Comment\",\"target\":[\"https:\\\/\\\/digital58.com.ve\\\/site\\\/2021\\\/07\\\/31\\\/vibra-venezuela-keydomar-vallenilla-suma-otra-medalla-de-plata-olimpica-en-las-pesas-de-tokio-2020\\\/#respond\"]}]},{\"@type\":\"WebPage\",\"@id\":\"https:\\\/\\\/digital58.com.ve\\\/site\\\/2021\\\/07\\\/31\\\/vibra-venezuela-keydomar-vallenilla-suma-otra-medalla-de-plata-olimpica-en-las-pesas-de-tokio-2020\\\/\",\"url\":\"https:\\\/\\\/digital58.com.ve\\\/site\\\/2021\\\/07\\\/31\\\/vibra-venezuela-keydomar-vallenilla-suma-otra-medalla-de-plata-olimpica-en-las-pesas-de-tokio-2020\\\/\",\"name\":\"\u00a1Vibra Venezuela!: Keydomar Vallenilla suma otra medalla de plata ol\u00edmpica en las pesas de Tokio 2020\",\"isPartOf\":{\"@id\":\"https:\\\/\\\/digital58.com.ve\\\/site\\\/#website\"},\"primaryImageOfPage\":{\"@id\":\"https:\\\/\\\/digital58.com.ve\\\/site\\\/2021\\\/07\\\/31\\\/vibra-venezuela-keydomar-vallenilla-suma-otra-medalla-de-plata-olimpica-en-las-pesas-de-tokio-2020\\\/#primaryimage\"},\"image\":{\"@id\":\"https:\\\/\\\/digital58.com.ve\\\/site\\\/2021\\\/07\\\/31\\\/vibra-venezuela-keydomar-vallenilla-suma-otra-medalla-de-plata-olimpica-en-las-pesas-de-tokio-2020\\\/#primaryimage\"},\"thumbnailUrl\":\"https:\\\/\\\/digital58.com.ve\\\/site\\\/wp-content\\\/uploads\\\/2021\\\/07\\\/Keydomar-Vallenilla.jpg\",\"datePublished\":\"2021-07-31T14:44:26+00:00\",\"description\":\"Deportes\",\"breadcrumb\":{\"@id\":\"https:\\\/\\\/digital58.com.ve\\\/site\\\/2021\\\/07\\\/31\\\/vibra-venezuela-keydomar-vallenilla-suma-otra-medalla-de-plata-olimpica-en-las-pesas-de-tokio-2020\\\/#breadcrumb\"},\"inLanguage\":\"es\",\"potentialAction\":[{\"@type\":\"ReadAction\",\"target\":[\"https:\\\/\\\/digital58.com.ve\\\/site\\\/2021\\\/07\\\/31\\\/vibra-venezuela-keydomar-vallenilla-suma-otra-medalla-de-plata-olimpica-en-las-pesas-de-tokio-2020\\\/\"]}]},{\"@type\":\"ImageObject\",\"inLanguage\":\"es\",\"@id\":\"https:\\\/\\\/digital58.com.ve\\\/site\\\/2021\\\/07\\\/31\\\/vibra-venezuela-keydomar-vallenilla-suma-otra-medalla-de-plata-olimpica-en-las-pesas-de-tokio-2020\\\/#primaryimage\",\"url\":\"https:\\\/\\\/digital58.com.ve\\\/site\\\/wp-content\\\/uploads\\\/2021\\\/07\\\/Keydomar-Vallenilla.jpg\",\"contentUrl\":\"https:\\\/\\\/digital58.com.ve\\\/site\\\/wp-content\\\/uploads\\\/2021\\\/07\\\/Keydomar-Vallenilla.jpg\",\"width\":900,\"height\":600},{\"@type\":\"BreadcrumbList\",\"@id\":\"https:\\\/\\\/digital58.com.ve\\\/site\\\/2021\\\/07\\\/31\\\/vibra-venezuela-keydomar-vallenilla-suma-otra-medalla-de-plata-olimpica-en-las-pesas-de-tokio-2020\\\/#breadcrumb\",\"itemListElement\":[{\"@type\":\"ListItem\",\"position\":1,\"name\":\"Home\",\"item\":\"https:\\\/\\\/digital58.com.ve\\\/site\\\/\"},{\"@type\":\"ListItem\",\"position\":2,\"name\":\"\u00a1Vibra Venezuela!: Keydomar Vallenilla suma otra medalla de plata ol\u00edmpica en las pesas de Tokio 2020\"}]},{\"@type\":\"WebSite\",\"@id\":\"https:\\\/\\\/digital58.com.ve\\\/site\\\/#website\",\"url\":\"https:\\\/\\\/digital58.com.ve\\\/site\\\/\",\"name\":\"Noticias Digital58\",\"description\":\"Portal de Noticias \u00a1Periodismo web de verdad! Lanzamiento web 22.11.2005 \\\/ Maracaibo, Venezuela\",\"publisher\":{\"@id\":\"https:\\\/\\\/digital58.com.ve\\\/site\\\/#\\\/schema\\\/person\\\/64d1c2e4d0d4fd1b849980c4331c2951\"},\"alternateName\":\"ND58\",\"potentialAction\":[{\"@type\":\"SearchAction\",\"target\":{\"@type\":\"EntryPoint\",\"urlTemplate\":\"https:\\\/\\\/digital58.com.ve\\\/site\\\/?s={search_term_string}\"},\"query-input\":{\"@type\":\"PropertyValueSpecification\",\"valueRequired\":true,\"valueName\":\"search_term_string\"}}],\"inLanguage\":\"es\"},{\"@type\":[\"Person\",\"Organization\"],\"@id\":\"https:\\\/\\\/digital58.com.ve\\\/site\\\/#\\\/schema\\\/person\\\/64d1c2e4d0d4fd1b849980c4331c2951\",\"name\":\"Villasmil Henry\",\"image\":{\"@type\":\"ImageObject\",\"inLanguage\":\"es\",\"@id\":\"https:\\\/\\\/secure.gravatar.com\\\/avatar\\\/bb0c4a2fcb7970138239f7e404ea75757b1b507b28b5ce4c53fbd62d797c5a7c?s=96&d=mm&r=g\",\"url\":\"https:\\\/\\\/secure.gravatar.com\\\/avatar\\\/bb0c4a2fcb7970138239f7e404ea75757b1b507b28b5ce4c53fbd62d797c5a7c?s=96&d=mm&r=g\",\"contentUrl\":\"https:\\\/\\\/secure.gravatar.com\\\/avatar\\\/bb0c4a2fcb7970138239f7e404ea75757b1b507b28b5ce4c53fbd62d797c5a7c?s=96&d=mm&r=g\",\"caption\":\"Villasmil Henry\"},\"logo\":{\"@id\":\"https:\\\/\\\/secure.gravatar.com\\\/avatar\\\/bb0c4a2fcb7970138239f7e404ea75757b1b507b28b5ce4c53fbd62d797c5a7c?s=96&d=mm&r=g\"},\"sameAs\":[\"http:\\\/\\\/www.henryvillasmil.com.ve\",\"https:\\\/\\\/www.instagram.com\\\/villasmilhfoto\\\/\",\"https:\\\/\\\/x.com\\\/https:\\\/\\\/twitter.com\\\/villasmilhfoto\"],\"url\":\"https:\\\/\\\/digital58.com.ve\\\/site\\\/author\\\/droopy_68\\\/\"}]}<\/script>\n<!-- \/ Yoast SEO plugin. -->","yoast_head_json":{"title":"\u00a1Vibra Venezuela!: Keydomar Vallenilla suma otra medalla de plata ol\u00edmpica en las pesas de Tokio 2020","description":"Deportes","robots":{"index":"index","follow":"follow","max-snippet":"max-snippet:-1","max-image-preview":"max-image-preview:large","max-video-preview":"max-video-preview:-1"},"canonical":"https:\/\/digital58.com.ve\/site\/2021\/07\/31\/vibra-venezuela-keydomar-vallenilla-suma-otra-medalla-de-plata-olimpica-en-las-pesas-de-tokio-2020\/","og_locale":"es_ES","og_type":"article","og_title":"\u00a1Vibra Venezuela!: Keydomar Vallenilla suma otra medalla de plata ol\u00edmpica en las pesas de Tokio 2020","og_description":"Deportes","og_url":"https:\/\/digital58.com.ve\/site\/2021\/07\/31\/vibra-venezuela-keydomar-vallenilla-suma-otra-medalla-de-plata-olimpica-en-las-pesas-de-tokio-2020\/","og_site_name":"Noticias Digital58","article_published_time":"2021-07-31T14:44:26+00:00","og_image":[{"width":900,"height":600,"url":"https:\/\/digital58.com.ve\/site\/wp-content\/uploads\/2021\/07\/Keydomar-Vallenilla.jpg","type":"image\/jpeg"}],"author":"Villasmil Henry","twitter_card":"summary_large_image","twitter_creator":"@https:\/\/twitter.com\/villasmilhfoto","twitter_site":"@villasmilhfoto","twitter_misc":{"Escrito por":"Villasmil Henry","Tiempo estimado de lectura":"2 minutos"},"schema":{"@context":"https:\/\/schema.org","@graph":[{"@type":"Article","@id":"https:\/\/digital58.com.ve\/site\/2021\/07\/31\/vibra-venezuela-keydomar-vallenilla-suma-otra-medalla-de-plata-olimpica-en-las-pesas-de-tokio-2020\/#article","isPartOf":{"@id":"https:\/\/digital58.com.ve\/site\/2021\/07\/31\/vibra-venezuela-keydomar-vallenilla-suma-otra-medalla-de-plata-olimpica-en-las-pesas-de-tokio-2020\/"},"author":{"name":"Villasmil Henry","@id":"https:\/\/digital58.com.ve\/site\/#\/schema\/person\/64d1c2e4d0d4fd1b849980c4331c2951"},"headline":"\u00a1Vibra Venezuela!: Keydomar Vallenilla suma otra medalla de plata ol\u00edmpica en las pesas de Tokio 2020","datePublished":"2021-07-31T14:44:26+00:00","mainEntityOfPage":{"@id":"https:\/\/digital58.com.ve\/site\/2021\/07\/31\/vibra-venezuela-keydomar-vallenilla-suma-otra-medalla-de-plata-olimpica-en-las-pesas-de-tokio-2020\/"},"wordCount":304,"commentCount":0,"publisher":{"@id":"https:\/\/digital58.com.ve\/site\/#\/schema\/person\/64d1c2e4d0d4fd1b849980c4331c2951"},"image":{"@id":"https:\/\/digital58.com.ve\/site\/2021\/07\/31\/vibra-venezuela-keydomar-vallenilla-suma-otra-medalla-de-plata-olimpica-en-las-pesas-de-tokio-2020\/#primaryimage"},"thumbnailUrl":"https:\/\/digital58.com.ve\/site\/wp-content\/uploads\/2021\/07\/Keydomar-Vallenilla.jpg","keywords":["Halterofilia","Internacionales","Jap\u00f3n","JJOO","JJOO 2020","Juegos Ol\u00edmpicos","Juegos Ol\u00edmpicos Tokio 2020","Keydomar Vallenilla","Levantamientos de pesas","Medalla de plata","Tokio","Venezolanos en Tokio 2020"],"articleSection":["Deportes","JJOO Tokio 2020"],"inLanguage":"es","potentialAction":[{"@type":"CommentAction","name":"Comment","target":["https:\/\/digital58.com.ve\/site\/2021\/07\/31\/vibra-venezuela-keydomar-vallenilla-suma-otra-medalla-de-plata-olimpica-en-las-pesas-de-tokio-2020\/#respond"]}]},{"@type":"WebPage","@id":"https:\/\/digital58.com.ve\/site\/2021\/07\/31\/vibra-venezuela-keydomar-vallenilla-suma-otra-medalla-de-plata-olimpica-en-las-pesas-de-tokio-2020\/","url":"https:\/\/digital58.com.ve\/site\/2021\/07\/31\/vibra-venezuela-keydomar-vallenilla-suma-otra-medalla-de-plata-olimpica-en-las-pesas-de-tokio-2020\/","name":"\u00a1Vibra Venezuela!: Keydomar Vallenilla suma otra medalla de plata ol\u00edmpica en las pesas de Tokio 2020","isPartOf":{"@id":"https:\/\/digital58.com.ve\/site\/#website"},"primaryImageOfPage":{"@id":"https:\/\/digital58.com.ve\/site\/2021\/07\/31\/vibra-venezuela-keydomar-vallenilla-suma-otra-medalla-de-plata-olimpica-en-las-pesas-de-tokio-2020\/#primaryimage"},"image":{"@id":"https:\/\/digital58.com.ve\/site\/2021\/07\/31\/vibra-venezuela-keydomar-vallenilla-suma-otra-medalla-de-plata-olimpica-en-las-pesas-de-tokio-2020\/#primaryimage"},"thumbnailUrl":"https:\/\/digital58.com.ve\/site\/wp-content\/uploads\/2021\/07\/Keydomar-Vallenilla.jpg","datePublished":"2021-07-31T14:44:26+00:00","description":"Deportes","breadcrumb":{"@id":"https:\/\/digital58.com.ve\/site\/2021\/07\/31\/vibra-venezuela-keydomar-vallenilla-suma-otra-medalla-de-plata-olimpica-en-las-pesas-de-tokio-2020\/#breadcrumb"},"inLanguage":"es","potentialAction":[{"@type":"ReadAction","target":["https:\/\/digital58.com.ve\/site\/2021\/07\/31\/vibra-venezuela-keydomar-vallenilla-suma-otra-medalla-de-plata-olimpica-en-las-pesas-de-tokio-2020\/"]}]},{"@type":"ImageObject","inLanguage":"es","@id":"https:\/\/digital58.com.ve\/site\/2021\/07\/31\/vibra-venezuela-keydomar-vallenilla-suma-otra-medalla-de-plata-olimpica-en-las-pesas-de-tokio-2020\/#primaryimage","url":"https:\/\/digital58.com.ve\/site\/wp-content\/uploads\/2021\/07\/Keydomar-Vallenilla.jpg","contentUrl":"https:\/\/digital58.com.ve\/site\/wp-content\/uploads\/2021\/07\/Keydomar-Vallenilla.jpg","width":900,"height":600},{"@type":"BreadcrumbList","@id":"https:\/\/digital58.com.ve\/site\/2021\/07\/31\/vibra-venezuela-keydomar-vallenilla-suma-otra-medalla-de-plata-olimpica-en-las-pesas-de-tokio-2020\/#breadcrumb","itemListElement":[{"@type":"ListItem","position":1,"name":"Home","item":"https:\/\/digital58.com.ve\/site\/"},{"@type":"ListItem","position":2,"name":"\u00a1Vibra Venezuela!: Keydomar Vallenilla suma otra medalla de plata ol\u00edmpica en las pesas de Tokio 2020"}]},{"@type":"WebSite","@id":"https:\/\/digital58.com.ve\/site\/#website","url":"https:\/\/digital58.com.ve\/site\/","name":"Noticias Digital58","description":"Portal de Noticias \u00a1Periodismo web de verdad! Lanzamiento web 22.11.2005 \/ Maracaibo, Venezuela","publisher":{"@id":"https:\/\/digital58.com.ve\/site\/#\/schema\/person\/64d1c2e4d0d4fd1b849980c4331c2951"},"alternateName":"ND58","potentialAction":[{"@type":"SearchAction","target":{"@type":"EntryPoint","urlTemplate":"https:\/\/digital58.com.ve\/site\/?s={search_term_string}"},"query-input":{"@type":"PropertyValueSpecification","valueRequired":true,"valueName":"search_term_string"}}],"inLanguage":"es"},{"@type":["Person","Organization"],"@id":"https:\/\/digital58.com.ve\/site\/#\/schema\/person\/64d1c2e4d0d4fd1b849980c4331c2951","name":"Villasmil Henry","image":{"@type":"ImageObject","inLanguage":"es","@id":"https:\/\/secure.gravatar.com\/avatar\/bb0c4a2fcb7970138239f7e404ea75757b1b507b28b5ce4c53fbd62d797c5a7c?s=96&d=mm&r=g","url":"https:\/\/secure.gravatar.com\/avatar\/bb0c4a2fcb7970138239f7e404ea75757b1b507b28b5ce4c53fbd62d797c5a7c?s=96&d=mm&r=g","contentUrl":"https:\/\/secure.gravatar.com\/avatar\/bb0c4a2fcb7970138239f7e404ea75757b1b507b28b5ce4c53fbd62d797c5a7c?s=96&d=mm&r=g","caption":"Villasmil Henry"},"logo":{"@id":"https:\/\/secure.gravatar.com\/avatar\/bb0c4a2fcb7970138239f7e404ea75757b1b507b28b5ce4c53fbd62d797c5a7c?s=96&d=mm&r=g"},"sameAs":["http:\/\/www.henryvillasmil.com.ve","https:\/\/www.instagram.com\/villasmilhfoto\/","https:\/\/x.com\/https:\/\/twitter.com\/villasmilhfoto"],"url":"https:\/\/digital58.com.ve\/site\/author\/droopy_68\/"}]}},"uagb_featured_image_src":{"full":["https:\/\/digital58.com.ve\/site\/wp-content\/uploads\/2021\/07\/Keydomar-Vallenilla.jpg",900,600,false],"thumbnail":["https:\/\/digital58.com.ve\/site\/wp-content\/uploads\/2021\/07\/Keydomar-Vallenilla-150x150.jpg",150,150,true],"medium":["https:\/\/digital58.com.ve\/site\/wp-content\/uploads\/2021\/07\/Keydomar-Vallenilla-300x200.jpg",300,200,true],"medium_large":["https:\/\/digital58.com.ve\/site\/wp-content\/uploads\/2021\/07\/Keydomar-Vallenilla-768x512.jpg",768,512,true],"large":["https:\/\/digital58.com.ve\/site\/wp-content\/uploads\/2021\/07\/Keydomar-Vallenilla.jpg",800,533,false],"1536x1536":["https:\/\/digital58.com.ve\/site\/wp-content\/uploads\/2021\/07\/Keydomar-Vallenilla.jpg",900,600,false],"2048x2048":["https:\/\/digital58.com.ve\/site\/wp-content\/uploads\/2021\/07\/Keydomar-Vallenilla.jpg",900,600,false],"colormag-highlighted-post":["https:\/\/digital58.com.ve\/site\/wp-content\/uploads\/2021\/07\/Keydomar-Vallenilla.jpg",392,261,false],"colormag-featured-post-medium":["https:\/\/digital58.com.ve\/site\/wp-content\/uploads\/2021\/07\/Keydomar-Vallenilla.jpg",308,205,false],"colormag-featured-post-small":["https:\/\/digital58.com.ve\/site\/wp-content\/uploads\/2021\/07\/Keydomar-Vallenilla.jpg",130,87,false],"colormag-featured-image":["https:\/\/digital58.com.ve\/site\/wp-content\/uploads\/2021\/07\/Keydomar-Vallenilla.jpg",668,445,false],"colormag-default-news":["https:\/\/digital58.com.ve\/site\/wp-content\/uploads\/2021\/07\/Keydomar-Vallenilla.jpg",150,100,false],"colormag-featured-image-large":["https:\/\/digital58.com.ve\/site\/wp-content\/uploads\/2021\/07\/Keydomar-Vallenilla.jpg",900,600,false]},"uagb_author_info":{"display_name":"Villasmil Henry","author_link":"https:\/\/digital58.com.ve\/site\/author\/droopy_68\/"},"uagb_comment_info":0,"uagb_excerpt":"El segundo levantamiento en envi\u00f3n, con 215 kilos, result\u00f3 fallido y el tercero, con 220, fue invalidado, pero ya Vallenilla","_links":{"self":[{"href":"https:\/\/digital58.com.ve\/site\/wp-json\/wp\/v2\/posts\/141779","targetHints":{"allow":["GET"]}}],"collection":[{"href":"https:\/\/digital58.com.ve\/site\/wp-json\/wp\/v2\/posts"}],"about":[{"href":"https:\/\/digital58.com.ve\/site\/wp-json\/wp\/v2\/types\/post"}],"author":[{"embeddable":true,"href":"https:\/\/digital58.com.ve\/site\/wp-json\/wp\/v2\/users\/1"}],"replies":[{"embeddable":true,"href":"https:\/\/digital58.com.ve\/site\/wp-json\/wp\/v2\/comments?post=141779"}],"version-history":[{"count":0,"href":"https:\/\/digital58.com.ve\/site\/wp-json\/wp\/v2\/posts\/141779\/revisions"}],"wp:featuredmedia":[{"embeddable":true,"href":"https:\/\/digital58.com.ve\/site\/wp-json\/wp\/v2\/media\/141781"}],"wp:attachment":[{"href":"https:\/\/digital58.com.ve\/site\/wp-json\/wp\/v2\/media?parent=141779"}],"wp:term":[{"taxonomy":"category","embeddable":true,"href":"https:\/\/digital58.com.ve\/site\/wp-json\/wp\/v2\/categories?post=141779"},{"taxonomy":"post_tag","embeddable":true,"href":"https:\/\/digital58.com.ve\/site\/wp-json\/wp\/v2\/tags?post=141779"}],"curies":[{"name":"wp","href":"https:\/\/api.w.org\/{rel}","templated":true}]}}