{"id":142113,"date":"2021-08-11T15:03:53","date_gmt":"2021-08-11T19:03:53","guid":{"rendered":"https:\/\/digital58.com.ve\/site\/?p=142113"},"modified":"2021-08-11T15:03:53","modified_gmt":"2021-08-11T19:03:53","slug":"exigen-a-las-autoridades-que-permitan-una-visita-medica-para-freddy-guevara","status":"publish","type":"post","link":"https:\/\/digital58.com.ve\/site\/2021\/08\/11\/exigen-a-las-autoridades-que-permitan-una-visita-medica-para-freddy-guevara\/","title":{"rendered":"Exigen a las autoridades que permitan una visita m\u00e9dica para Freddy Guevara"},"content":{"rendered":"<p><img loading=\"lazy\" decoding=\"async\" class=\"aligncenter size-full wp-image-106895\" src=\"https:\/\/digital58.com.ve\/site\/wp-content\/uploads\/2020\/06\/freddyGuevaraAN-11.jpg\" alt=\"\" width=\"700\" height=\"430\" srcset=\"https:\/\/digital58.com.ve\/site\/wp-content\/uploads\/2020\/06\/freddyGuevaraAN-11.jpg 700w, https:\/\/digital58.com.ve\/site\/wp-content\/uploads\/2020\/06\/freddyGuevaraAN-11-300x184.jpg 300w\" sizes=\"auto, (max-width: 700px) 100vw, 700px\" \/><\/p>\n<p>El preso pol\u00edtico padece de arritmia cardiaca desde su ni\u00f1ez y en el 2016 debi\u00f3 ser sometido a cirug\u00eda. Familiares temen que su cuadro se agrave estando en prisi\u00f3n.<\/p>\n<p><strong>Caracas, DC, Venezuela, 11 de agosto de 2021 (ND58).- <\/strong>A \u00a0un mes de la detenci\u00f3n del dirigente opositor Freddy Guevara, sus familiares y abogados piden a las autoridades que le permitan que sea visitado por sus m\u00e9dicos.<\/p>\n<p>A trav\u00e9s de un mensaje difundido en redes sociales del pol\u00edtico, sus allegados revelaron que desde ni\u00f1o sufre arritmia card\u00edaca y que por este motivo debi\u00f3 ser sometido a cirug\u00eda en el a\u00f1o 2016.<\/p>\n<blockquote class=\"twitter-tweet\" data-width=\"550\" data-dnt=\"true\">\n<p lang=\"es\" dir=\"ltr\">El Diputado Freddy Guevara, padeci\u00f3 arritmia card\u00edaca de nacimiento y en el a\u00f1o 2016 fue sometido a una operaci\u00f3n. La arritmira reapareci\u00f3 luego del Covid-19 y podr\u00eda tener complicaciones severas. <a href=\"https:\/\/twitter.com\/hashtag\/LiberenAFreddyGuevara?src=hash&amp;ref_src=twsrc%5Etfw\">#LiberenAFreddyGuevara<\/a> <a href=\"https:\/\/t.co\/SjGmLSyKsG\">pic.twitter.com\/SjGmLSyKsG<\/a><\/p>\n<p>&mdash; Freddy Guevara (@FreddyGuevaraC) <a href=\"https:\/\/twitter.com\/FreddyGuevaraC\/status\/1425507318356234245?ref_src=twsrc%5Etfw\">August 11, 2021<\/a><\/p><\/blockquote>\n<p><script async src=\"https:\/\/platform.twitter.com\/widgets.js\" charset=\"utf-8\"><\/script><\/p>\n<p>Seg\u00fan exponen, el padecimiento reapareci\u00f3 luego de que el diputado se contagiara de COVID-19, lo cual podr\u00eda traerle nuevas complicaciones estando en prisi\u00f3n.<\/p>\n<p>\u00abExigimos que sea visto por sus m\u00e9dicos de confianza y que nos compartan sus ex\u00e1menes m\u00e9dicos\u00bb, manifiestan en un mensaje compartido en Twitter.<\/p>\n<p>Guevara fue detenido por las autoridades venezolanas el pasado 12 de julio, acusado por presuntamente tener lazos con bandas criminales del oeste de Caracas.<\/p><div class=\"hurwd69f35d6ee77f8\" ><p style=\"text-align: center;\"><a href=\"https:\/\/t.me\/noticiasdigital58\" target=\"_blank\" rel=\"noopener\"><img class=\"aligncenter size-full wp-image-125363\" src=\"https:\/\/digital58.com.ve\/site\/wp-content\/uploads\/2021\/04\/banner-telegram-web-2021.png\" alt=\"\" width=\"600\" height=\"90\" \/><\/a><\/p><\/div><style type=\"text\/css\">\r\n@media screen and (min-width: 1201px) {\r\n.hurwd69f35d6ee77f8 {\r\ndisplay: block;\r\n}\r\n}\r\n@media screen and (min-width: 993px) and (max-width: 1200px) {\r\n.hurwd69f35d6ee77f8 {\r\ndisplay: block;\r\n}\r\n}\r\n@media screen and (min-width: 769px) and (max-width: 992px) {\r\n.hurwd69f35d6ee77f8 {\r\ndisplay: block;\r\n}\r\n}\r\n@media screen and (min-width: 768px) and (max-width: 768px) {\r\n.hurwd69f35d6ee77f8 {\r\ndisplay: block;\r\n}\r\n}\r\n@media screen and (max-width: 767px) {\r\n.hurwd69f35d6ee77f8 {\r\ndisplay: block;\r\n}\r\n}\r\n<\/style>\r\n\n<p><strong>Redacci\u00f3n: Morales, Joel (@joeldmc32)<br \/>\nEdici\u00f3n: Villasmil, Henry<br \/>\nGr\u00e1fica: Cortes\u00eda <\/strong><\/p>\n<div style=\"margin-top: 0px; margin-bottom: 0px;\" class=\"sharethis-inline-share-buttons\" ><\/div>","protected":false},"excerpt":{"rendered":"<p>El preso pol\u00edtico padece de arritmia cardiaca desde su ni\u00f1ez y en el 2016 debi\u00f3 ser sometido a cirug\u00eda. Familiares<\/p>\n","protected":false},"author":29,"featured_media":106895,"comment_status":"open","ping_status":"closed","sticky":false,"template":"","format":"standard","meta":{"colormag_page_container_layout":"default_layout","colormag_page_sidebar_layout":"default_layout","_uag_custom_page_level_css":"","footnotes":""},"categories":[16454],"tags":[29,10621,233,8605,11062,32],"class_list":["post-142113","post","type-post","status-publish","format-standard","has-post-thumbnail","hentry","category-venezuela","tag-caracas","tag-freddy-guevara","tag-nacionales","tag-oposicion-venezolana","tag-presos-politicos","tag-venezuela"],"yoast_head":"<!-- This site is optimized with the Yoast SEO plugin v27.5 - https:\/\/yoast.com\/product\/yoast-seo-wordpress\/ -->\n<title>Exigen a las autoridades que permitan una visita m\u00e9dica para Freddy Guevara<\/title>\n<meta name=\"description\" content=\"Venezuela\" \/>\n<meta name=\"robots\" content=\"index, follow, max-snippet:-1, max-image-preview:large, max-video-preview:-1\" \/>\n<link rel=\"canonical\" href=\"https:\/\/digital58.com.ve\/site\/2021\/08\/11\/exigen-a-las-autoridades-que-permitan-una-visita-medica-para-freddy-guevara\/\" \/>\n<meta property=\"og:locale\" content=\"es_ES\" \/>\n<meta property=\"og:type\" content=\"article\" \/>\n<meta property=\"og:title\" content=\"Exigen a las autoridades que permitan una visita m\u00e9dica para Freddy Guevara\" \/>\n<meta property=\"og:description\" content=\"Venezuela\" \/>\n<meta property=\"og:url\" content=\"https:\/\/digital58.com.ve\/site\/2021\/08\/11\/exigen-a-las-autoridades-que-permitan-una-visita-medica-para-freddy-guevara\/\" \/>\n<meta property=\"og:site_name\" content=\"Noticias Digital58\" \/>\n<meta property=\"article:published_time\" content=\"2021-08-11T19:03:53+00:00\" \/>\n<meta property=\"og:image\" content=\"https:\/\/digital58.com.ve\/site\/wp-content\/uploads\/2020\/06\/freddyGuevaraAN-11.jpg\" \/>\n\t<meta property=\"og:image:width\" content=\"700\" \/>\n\t<meta property=\"og:image:height\" content=\"430\" \/>\n\t<meta property=\"og:image:type\" content=\"image\/jpeg\" \/>\n<meta name=\"author\" content=\"Morales Joel\" \/>\n<meta name=\"twitter:card\" content=\"summary_large_image\" \/>\n<meta name=\"twitter:creator\" content=\"@Digital_58\" \/>\n<meta name=\"twitter:site\" content=\"@villasmilhfoto\" \/>\n<meta name=\"twitter:label1\" content=\"Escrito por\" \/>\n\t<meta name=\"twitter:data1\" content=\"Morales Joel\" \/>\n\t<meta name=\"twitter:label2\" content=\"Tiempo estimado de lectura\" \/>\n\t<meta name=\"twitter:data2\" content=\"1 minuto\" \/>\n<script type=\"application\/ld+json\" class=\"yoast-schema-graph\">{\"@context\":\"https:\\\/\\\/schema.org\",\"@graph\":[{\"@type\":\"Article\",\"@id\":\"https:\\\/\\\/digital58.com.ve\\\/site\\\/2021\\\/08\\\/11\\\/exigen-a-las-autoridades-que-permitan-una-visita-medica-para-freddy-guevara\\\/#article\",\"isPartOf\":{\"@id\":\"https:\\\/\\\/digital58.com.ve\\\/site\\\/2021\\\/08\\\/11\\\/exigen-a-las-autoridades-que-permitan-una-visita-medica-para-freddy-guevara\\\/\"},\"author\":{\"name\":\"Morales Joel\",\"@id\":\"https:\\\/\\\/digital58.com.ve\\\/site\\\/#\\\/schema\\\/person\\\/8daf5f8bfd9ebdb98150c62bff195b72\"},\"headline\":\"Exigen a las autoridades que permitan una visita m\u00e9dica para Freddy Guevara\",\"datePublished\":\"2021-08-11T19:03:53+00:00\",\"mainEntityOfPage\":{\"@id\":\"https:\\\/\\\/digital58.com.ve\\\/site\\\/2021\\\/08\\\/11\\\/exigen-a-las-autoridades-que-permitan-una-visita-medica-para-freddy-guevara\\\/\"},\"wordCount\":215,\"commentCount\":0,\"publisher\":{\"@id\":\"https:\\\/\\\/digital58.com.ve\\\/site\\\/#\\\/schema\\\/person\\\/64d1c2e4d0d4fd1b849980c4331c2951\"},\"image\":{\"@id\":\"https:\\\/\\\/digital58.com.ve\\\/site\\\/2021\\\/08\\\/11\\\/exigen-a-las-autoridades-que-permitan-una-visita-medica-para-freddy-guevara\\\/#primaryimage\"},\"thumbnailUrl\":\"https:\\\/\\\/digital58.com.ve\\\/site\\\/wp-content\\\/uploads\\\/2020\\\/06\\\/freddyGuevaraAN-11.jpg\",\"keywords\":[\"Caracas\",\"Freddy Guevara\",\"Nacionales\",\"Oposici\u00f3n Venezolana\",\"Presos pol\u00edticos\",\"Venezuela\"],\"articleSection\":[\"Venezuela\"],\"inLanguage\":\"es\",\"potentialAction\":[{\"@type\":\"CommentAction\",\"name\":\"Comment\",\"target\":[\"https:\\\/\\\/digital58.com.ve\\\/site\\\/2021\\\/08\\\/11\\\/exigen-a-las-autoridades-que-permitan-una-visita-medica-para-freddy-guevara\\\/#respond\"]}]},{\"@type\":\"WebPage\",\"@id\":\"https:\\\/\\\/digital58.com.ve\\\/site\\\/2021\\\/08\\\/11\\\/exigen-a-las-autoridades-que-permitan-una-visita-medica-para-freddy-guevara\\\/\",\"url\":\"https:\\\/\\\/digital58.com.ve\\\/site\\\/2021\\\/08\\\/11\\\/exigen-a-las-autoridades-que-permitan-una-visita-medica-para-freddy-guevara\\\/\",\"name\":\"Exigen a las autoridades que permitan una visita m\u00e9dica para Freddy Guevara\",\"isPartOf\":{\"@id\":\"https:\\\/\\\/digital58.com.ve\\\/site\\\/#website\"},\"primaryImageOfPage\":{\"@id\":\"https:\\\/\\\/digital58.com.ve\\\/site\\\/2021\\\/08\\\/11\\\/exigen-a-las-autoridades-que-permitan-una-visita-medica-para-freddy-guevara\\\/#primaryimage\"},\"image\":{\"@id\":\"https:\\\/\\\/digital58.com.ve\\\/site\\\/2021\\\/08\\\/11\\\/exigen-a-las-autoridades-que-permitan-una-visita-medica-para-freddy-guevara\\\/#primaryimage\"},\"thumbnailUrl\":\"https:\\\/\\\/digital58.com.ve\\\/site\\\/wp-content\\\/uploads\\\/2020\\\/06\\\/freddyGuevaraAN-11.jpg\",\"datePublished\":\"2021-08-11T19:03:53+00:00\",\"description\":\"Venezuela\",\"breadcrumb\":{\"@id\":\"https:\\\/\\\/digital58.com.ve\\\/site\\\/2021\\\/08\\\/11\\\/exigen-a-las-autoridades-que-permitan-una-visita-medica-para-freddy-guevara\\\/#breadcrumb\"},\"inLanguage\":\"es\",\"potentialAction\":[{\"@type\":\"ReadAction\",\"target\":[\"https:\\\/\\\/digital58.com.ve\\\/site\\\/2021\\\/08\\\/11\\\/exigen-a-las-autoridades-que-permitan-una-visita-medica-para-freddy-guevara\\\/\"]}]},{\"@type\":\"ImageObject\",\"inLanguage\":\"es\",\"@id\":\"https:\\\/\\\/digital58.com.ve\\\/site\\\/2021\\\/08\\\/11\\\/exigen-a-las-autoridades-que-permitan-una-visita-medica-para-freddy-guevara\\\/#primaryimage\",\"url\":\"https:\\\/\\\/digital58.com.ve\\\/site\\\/wp-content\\\/uploads\\\/2020\\\/06\\\/freddyGuevaraAN-11.jpg\",\"contentUrl\":\"https:\\\/\\\/digital58.com.ve\\\/site\\\/wp-content\\\/uploads\\\/2020\\\/06\\\/freddyGuevaraAN-11.jpg\",\"width\":700,\"height\":430},{\"@type\":\"BreadcrumbList\",\"@id\":\"https:\\\/\\\/digital58.com.ve\\\/site\\\/2021\\\/08\\\/11\\\/exigen-a-las-autoridades-que-permitan-una-visita-medica-para-freddy-guevara\\\/#breadcrumb\",\"itemListElement\":[{\"@type\":\"ListItem\",\"position\":1,\"name\":\"Home\",\"item\":\"https:\\\/\\\/digital58.com.ve\\\/site\\\/\"},{\"@type\":\"ListItem\",\"position\":2,\"name\":\"Exigen a las autoridades que permitan una visita m\u00e9dica para Freddy Guevara\"}]},{\"@type\":\"WebSite\",\"@id\":\"https:\\\/\\\/digital58.com.ve\\\/site\\\/#website\",\"url\":\"https:\\\/\\\/digital58.com.ve\\\/site\\\/\",\"name\":\"Noticias Digital58\",\"description\":\"Portal de Noticias \u00a1Periodismo web de verdad! Lanzamiento web 22.11.2005 \\\/ Maracaibo, Venezuela\",\"publisher\":{\"@id\":\"https:\\\/\\\/digital58.com.ve\\\/site\\\/#\\\/schema\\\/person\\\/64d1c2e4d0d4fd1b849980c4331c2951\"},\"alternateName\":\"ND58\",\"potentialAction\":[{\"@type\":\"SearchAction\",\"target\":{\"@type\":\"EntryPoint\",\"urlTemplate\":\"https:\\\/\\\/digital58.com.ve\\\/site\\\/?s={search_term_string}\"},\"query-input\":{\"@type\":\"PropertyValueSpecification\",\"valueRequired\":true,\"valueName\":\"search_term_string\"}}],\"inLanguage\":\"es\"},{\"@type\":[\"Person\",\"Organization\"],\"@id\":\"https:\\\/\\\/digital58.com.ve\\\/site\\\/#\\\/schema\\\/person\\\/64d1c2e4d0d4fd1b849980c4331c2951\",\"name\":\"Villasmil Henry\",\"image\":{\"@type\":\"ImageObject\",\"inLanguage\":\"es\",\"@id\":\"https:\\\/\\\/secure.gravatar.com\\\/avatar\\\/bb0c4a2fcb7970138239f7e404ea75757b1b507b28b5ce4c53fbd62d797c5a7c?s=96&d=mm&r=g\",\"url\":\"https:\\\/\\\/secure.gravatar.com\\\/avatar\\\/bb0c4a2fcb7970138239f7e404ea75757b1b507b28b5ce4c53fbd62d797c5a7c?s=96&d=mm&r=g\",\"contentUrl\":\"https:\\\/\\\/secure.gravatar.com\\\/avatar\\\/bb0c4a2fcb7970138239f7e404ea75757b1b507b28b5ce4c53fbd62d797c5a7c?s=96&d=mm&r=g\",\"caption\":\"Villasmil Henry\"},\"logo\":{\"@id\":\"https:\\\/\\\/secure.gravatar.com\\\/avatar\\\/bb0c4a2fcb7970138239f7e404ea75757b1b507b28b5ce4c53fbd62d797c5a7c?s=96&d=mm&r=g\"},\"sameAs\":[\"http:\\\/\\\/www.henryvillasmil.com.ve\",\"https:\\\/\\\/www.instagram.com\\\/villasmilhfoto\\\/\",\"https:\\\/\\\/x.com\\\/https:\\\/\\\/twitter.com\\\/villasmilhfoto\"]},{\"@type\":\"Person\",\"@id\":\"https:\\\/\\\/digital58.com.ve\\\/site\\\/#\\\/schema\\\/person\\\/8daf5f8bfd9ebdb98150c62bff195b72\",\"name\":\"Morales Joel\",\"image\":{\"@type\":\"ImageObject\",\"inLanguage\":\"es\",\"@id\":\"https:\\\/\\\/secure.gravatar.com\\\/avatar\\\/e2cb5ce0e9279ab3c8e03d472e483f32e666716a18da3bfa7b0749a5465409f1?s=96&d=mm&r=g\",\"url\":\"https:\\\/\\\/secure.gravatar.com\\\/avatar\\\/e2cb5ce0e9279ab3c8e03d472e483f32e666716a18da3bfa7b0749a5465409f1?s=96&d=mm&r=g\",\"contentUrl\":\"https:\\\/\\\/secure.gravatar.com\\\/avatar\\\/e2cb5ce0e9279ab3c8e03d472e483f32e666716a18da3bfa7b0749a5465409f1?s=96&d=mm&r=g\",\"caption\":\"Morales Joel\"},\"url\":\"https:\\\/\\\/digital58.com.ve\\\/site\\\/author\\\/joelm\\\/\"}]}<\/script>\n<!-- \/ Yoast SEO plugin. -->","yoast_head_json":{"title":"Exigen a las autoridades que permitan una visita m\u00e9dica para Freddy Guevara","description":"Venezuela","robots":{"index":"index","follow":"follow","max-snippet":"max-snippet:-1","max-image-preview":"max-image-preview:large","max-video-preview":"max-video-preview:-1"},"canonical":"https:\/\/digital58.com.ve\/site\/2021\/08\/11\/exigen-a-las-autoridades-que-permitan-una-visita-medica-para-freddy-guevara\/","og_locale":"es_ES","og_type":"article","og_title":"Exigen a las autoridades que permitan una visita m\u00e9dica para Freddy Guevara","og_description":"Venezuela","og_url":"https:\/\/digital58.com.ve\/site\/2021\/08\/11\/exigen-a-las-autoridades-que-permitan-una-visita-medica-para-freddy-guevara\/","og_site_name":"Noticias Digital58","article_published_time":"2021-08-11T19:03:53+00:00","og_image":[{"width":700,"height":430,"url":"https:\/\/digital58.com.ve\/site\/wp-content\/uploads\/2020\/06\/freddyGuevaraAN-11.jpg","type":"image\/jpeg"}],"author":"Morales Joel","twitter_card":"summary_large_image","twitter_creator":"@Digital_58","twitter_site":"@villasmilhfoto","twitter_misc":{"Escrito por":"Morales Joel","Tiempo estimado de lectura":"1 minuto"},"schema":{"@context":"https:\/\/schema.org","@graph":[{"@type":"Article","@id":"https:\/\/digital58.com.ve\/site\/2021\/08\/11\/exigen-a-las-autoridades-que-permitan-una-visita-medica-para-freddy-guevara\/#article","isPartOf":{"@id":"https:\/\/digital58.com.ve\/site\/2021\/08\/11\/exigen-a-las-autoridades-que-permitan-una-visita-medica-para-freddy-guevara\/"},"author":{"name":"Morales Joel","@id":"https:\/\/digital58.com.ve\/site\/#\/schema\/person\/8daf5f8bfd9ebdb98150c62bff195b72"},"headline":"Exigen a las autoridades que permitan una visita m\u00e9dica para Freddy Guevara","datePublished":"2021-08-11T19:03:53+00:00","mainEntityOfPage":{"@id":"https:\/\/digital58.com.ve\/site\/2021\/08\/11\/exigen-a-las-autoridades-que-permitan-una-visita-medica-para-freddy-guevara\/"},"wordCount":215,"commentCount":0,"publisher":{"@id":"https:\/\/digital58.com.ve\/site\/#\/schema\/person\/64d1c2e4d0d4fd1b849980c4331c2951"},"image":{"@id":"https:\/\/digital58.com.ve\/site\/2021\/08\/11\/exigen-a-las-autoridades-que-permitan-una-visita-medica-para-freddy-guevara\/#primaryimage"},"thumbnailUrl":"https:\/\/digital58.com.ve\/site\/wp-content\/uploads\/2020\/06\/freddyGuevaraAN-11.jpg","keywords":["Caracas","Freddy Guevara","Nacionales","Oposici\u00f3n Venezolana","Presos pol\u00edticos","Venezuela"],"articleSection":["Venezuela"],"inLanguage":"es","potentialAction":[{"@type":"CommentAction","name":"Comment","target":["https:\/\/digital58.com.ve\/site\/2021\/08\/11\/exigen-a-las-autoridades-que-permitan-una-visita-medica-para-freddy-guevara\/#respond"]}]},{"@type":"WebPage","@id":"https:\/\/digital58.com.ve\/site\/2021\/08\/11\/exigen-a-las-autoridades-que-permitan-una-visita-medica-para-freddy-guevara\/","url":"https:\/\/digital58.com.ve\/site\/2021\/08\/11\/exigen-a-las-autoridades-que-permitan-una-visita-medica-para-freddy-guevara\/","name":"Exigen a las autoridades que permitan una visita m\u00e9dica para Freddy Guevara","isPartOf":{"@id":"https:\/\/digital58.com.ve\/site\/#website"},"primaryImageOfPage":{"@id":"https:\/\/digital58.com.ve\/site\/2021\/08\/11\/exigen-a-las-autoridades-que-permitan-una-visita-medica-para-freddy-guevara\/#primaryimage"},"image":{"@id":"https:\/\/digital58.com.ve\/site\/2021\/08\/11\/exigen-a-las-autoridades-que-permitan-una-visita-medica-para-freddy-guevara\/#primaryimage"},"thumbnailUrl":"https:\/\/digital58.com.ve\/site\/wp-content\/uploads\/2020\/06\/freddyGuevaraAN-11.jpg","datePublished":"2021-08-11T19:03:53+00:00","description":"Venezuela","breadcrumb":{"@id":"https:\/\/digital58.com.ve\/site\/2021\/08\/11\/exigen-a-las-autoridades-que-permitan-una-visita-medica-para-freddy-guevara\/#breadcrumb"},"inLanguage":"es","potentialAction":[{"@type":"ReadAction","target":["https:\/\/digital58.com.ve\/site\/2021\/08\/11\/exigen-a-las-autoridades-que-permitan-una-visita-medica-para-freddy-guevara\/"]}]},{"@type":"ImageObject","inLanguage":"es","@id":"https:\/\/digital58.com.ve\/site\/2021\/08\/11\/exigen-a-las-autoridades-que-permitan-una-visita-medica-para-freddy-guevara\/#primaryimage","url":"https:\/\/digital58.com.ve\/site\/wp-content\/uploads\/2020\/06\/freddyGuevaraAN-11.jpg","contentUrl":"https:\/\/digital58.com.ve\/site\/wp-content\/uploads\/2020\/06\/freddyGuevaraAN-11.jpg","width":700,"height":430},{"@type":"BreadcrumbList","@id":"https:\/\/digital58.com.ve\/site\/2021\/08\/11\/exigen-a-las-autoridades-que-permitan-una-visita-medica-para-freddy-guevara\/#breadcrumb","itemListElement":[{"@type":"ListItem","position":1,"name":"Home","item":"https:\/\/digital58.com.ve\/site\/"},{"@type":"ListItem","position":2,"name":"Exigen a las autoridades que permitan una visita m\u00e9dica para Freddy Guevara"}]},{"@type":"WebSite","@id":"https:\/\/digital58.com.ve\/site\/#website","url":"https:\/\/digital58.com.ve\/site\/","name":"Noticias Digital58","description":"Portal de Noticias \u00a1Periodismo web de verdad! Lanzamiento web 22.11.2005 \/ Maracaibo, Venezuela","publisher":{"@id":"https:\/\/digital58.com.ve\/site\/#\/schema\/person\/64d1c2e4d0d4fd1b849980c4331c2951"},"alternateName":"ND58","potentialAction":[{"@type":"SearchAction","target":{"@type":"EntryPoint","urlTemplate":"https:\/\/digital58.com.ve\/site\/?s={search_term_string}"},"query-input":{"@type":"PropertyValueSpecification","valueRequired":true,"valueName":"search_term_string"}}],"inLanguage":"es"},{"@type":["Person","Organization"],"@id":"https:\/\/digital58.com.ve\/site\/#\/schema\/person\/64d1c2e4d0d4fd1b849980c4331c2951","name":"Villasmil Henry","image":{"@type":"ImageObject","inLanguage":"es","@id":"https:\/\/secure.gravatar.com\/avatar\/bb0c4a2fcb7970138239f7e404ea75757b1b507b28b5ce4c53fbd62d797c5a7c?s=96&d=mm&r=g","url":"https:\/\/secure.gravatar.com\/avatar\/bb0c4a2fcb7970138239f7e404ea75757b1b507b28b5ce4c53fbd62d797c5a7c?s=96&d=mm&r=g","contentUrl":"https:\/\/secure.gravatar.com\/avatar\/bb0c4a2fcb7970138239f7e404ea75757b1b507b28b5ce4c53fbd62d797c5a7c?s=96&d=mm&r=g","caption":"Villasmil Henry"},"logo":{"@id":"https:\/\/secure.gravatar.com\/avatar\/bb0c4a2fcb7970138239f7e404ea75757b1b507b28b5ce4c53fbd62d797c5a7c?s=96&d=mm&r=g"},"sameAs":["http:\/\/www.henryvillasmil.com.ve","https:\/\/www.instagram.com\/villasmilhfoto\/","https:\/\/x.com\/https:\/\/twitter.com\/villasmilhfoto"]},{"@type":"Person","@id":"https:\/\/digital58.com.ve\/site\/#\/schema\/person\/8daf5f8bfd9ebdb98150c62bff195b72","name":"Morales Joel","image":{"@type":"ImageObject","inLanguage":"es","@id":"https:\/\/secure.gravatar.com\/avatar\/e2cb5ce0e9279ab3c8e03d472e483f32e666716a18da3bfa7b0749a5465409f1?s=96&d=mm&r=g","url":"https:\/\/secure.gravatar.com\/avatar\/e2cb5ce0e9279ab3c8e03d472e483f32e666716a18da3bfa7b0749a5465409f1?s=96&d=mm&r=g","contentUrl":"https:\/\/secure.gravatar.com\/avatar\/e2cb5ce0e9279ab3c8e03d472e483f32e666716a18da3bfa7b0749a5465409f1?s=96&d=mm&r=g","caption":"Morales Joel"},"url":"https:\/\/digital58.com.ve\/site\/author\/joelm\/"}]}},"uagb_featured_image_src":{"full":["https:\/\/digital58.com.ve\/site\/wp-content\/uploads\/2020\/06\/freddyGuevaraAN-11.jpg",700,430,false],"thumbnail":["https:\/\/digital58.com.ve\/site\/wp-content\/uploads\/2020\/06\/freddyGuevaraAN-11-150x150.jpg",150,150,true],"medium":["https:\/\/digital58.com.ve\/site\/wp-content\/uploads\/2020\/06\/freddyGuevaraAN-11-300x184.jpg",300,184,true],"medium_large":["https:\/\/digital58.com.ve\/site\/wp-content\/uploads\/2020\/06\/freddyGuevaraAN-11.jpg",700,430,false],"large":["https:\/\/digital58.com.ve\/site\/wp-content\/uploads\/2020\/06\/freddyGuevaraAN-11.jpg",700,430,false],"1536x1536":["https:\/\/digital58.com.ve\/site\/wp-content\/uploads\/2020\/06\/freddyGuevaraAN-11.jpg",700,430,false],"2048x2048":["https:\/\/digital58.com.ve\/site\/wp-content\/uploads\/2020\/06\/freddyGuevaraAN-11.jpg",700,430,false],"colormag-highlighted-post":["https:\/\/digital58.com.ve\/site\/wp-content\/uploads\/2020\/06\/freddyGuevaraAN-11.jpg",392,241,false],"colormag-featured-post-medium":["https:\/\/digital58.com.ve\/site\/wp-content\/uploads\/2020\/06\/freddyGuevaraAN-11.jpg",334,205,false],"colormag-featured-post-small":["https:\/\/digital58.com.ve\/site\/wp-content\/uploads\/2020\/06\/freddyGuevaraAN-11.jpg",130,80,false],"colormag-featured-image":["https:\/\/digital58.com.ve\/site\/wp-content\/uploads\/2020\/06\/freddyGuevaraAN-11.jpg",700,430,false],"colormag-default-news":["https:\/\/digital58.com.ve\/site\/wp-content\/uploads\/2020\/06\/freddyGuevaraAN-11.jpg",150,92,false],"colormag-featured-image-large":["https:\/\/digital58.com.ve\/site\/wp-content\/uploads\/2020\/06\/freddyGuevaraAN-11.jpg",700,430,false]},"uagb_author_info":{"display_name":"Morales Joel","author_link":"https:\/\/digital58.com.ve\/site\/author\/joelm\/"},"uagb_comment_info":0,"uagb_excerpt":"El preso pol\u00edtico padece de arritmia cardiaca desde su ni\u00f1ez y en el 2016 debi\u00f3 ser sometido a cirug\u00eda. Familiares","_links":{"self":[{"href":"https:\/\/digital58.com.ve\/site\/wp-json\/wp\/v2\/posts\/142113","targetHints":{"allow":["GET"]}}],"collection":[{"href":"https:\/\/digital58.com.ve\/site\/wp-json\/wp\/v2\/posts"}],"about":[{"href":"https:\/\/digital58.com.ve\/site\/wp-json\/wp\/v2\/types\/post"}],"author":[{"embeddable":true,"href":"https:\/\/digital58.com.ve\/site\/wp-json\/wp\/v2\/users\/29"}],"replies":[{"embeddable":true,"href":"https:\/\/digital58.com.ve\/site\/wp-json\/wp\/v2\/comments?post=142113"}],"version-history":[{"count":0,"href":"https:\/\/digital58.com.ve\/site\/wp-json\/wp\/v2\/posts\/142113\/revisions"}],"wp:featuredmedia":[{"embeddable":true,"href":"https:\/\/digital58.com.ve\/site\/wp-json\/wp\/v2\/media\/106895"}],"wp:attachment":[{"href":"https:\/\/digital58.com.ve\/site\/wp-json\/wp\/v2\/media?parent=142113"}],"wp:term":[{"taxonomy":"category","embeddable":true,"href":"https:\/\/digital58.com.ve\/site\/wp-json\/wp\/v2\/categories?post=142113"},{"taxonomy":"post_tag","embeddable":true,"href":"https:\/\/digital58.com.ve\/site\/wp-json\/wp\/v2\/tags?post=142113"}],"curies":[{"name":"wp","href":"https:\/\/api.w.org\/{rel}","templated":true}]}}