{"id":142115,"date":"2021-08-11T15:34:58","date_gmt":"2021-08-11T19:34:58","guid":{"rendered":"https:\/\/digital58.com.ve\/site\/?p=142115"},"modified":"2021-08-11T15:34:58","modified_gmt":"2021-08-11T19:34:58","slug":"juez-ordena-pasar-a-juicio-al-capitan-luis-de-la-sotta","status":"publish","type":"post","link":"https:\/\/digital58.com.ve\/site\/2021\/08\/11\/juez-ordena-pasar-a-juicio-al-capitan-luis-de-la-sotta\/","title":{"rendered":"Juez ordena pasar a juicio al capit\u00e1n Luis de la Sotta"},"content":{"rendered":"<p><img loading=\"lazy\" decoding=\"async\" class=\"aligncenter size-full wp-image-124046\" src=\"https:\/\/digital58.com.ve\/site\/wp-content\/uploads\/2020\/08\/Luis-de-la-Sotta.jpg\" alt=\"\" width=\"900\" height=\"506\" srcset=\"https:\/\/digital58.com.ve\/site\/wp-content\/uploads\/2020\/08\/Luis-de-la-Sotta.jpg 800w, https:\/\/digital58.com.ve\/site\/wp-content\/uploads\/2020\/08\/Luis-de-la-Sotta-300x169.jpg 300w, https:\/\/digital58.com.ve\/site\/wp-content\/uploads\/2020\/08\/Luis-de-la-Sotta-768x432.jpg 768w\" sizes=\"auto, (max-width: 900px) 100vw, 900px\" \/><\/p>\n<p>Al militar se le neg\u00f3 el traslado a la c\u00e1rcel de Ramo Verde y se le mantendr\u00e1 detenido en la sede del DGCIM en Fuerte Tiuna.<\/p>\n<p><strong>Caracas, DC, Venezuela, 11 de agosto de 2021 (ND58).- <\/strong>Familiares del capit\u00e1n de la Armada venezolana, Luis De La Sotta, denunciaron este martes que el juez Edward Pern\u00eda orden\u00f3 su pasar a juicio al detenido tras m\u00e1s de tres a\u00f1os en prisi\u00f3n.<\/p>\n<p>Seg\u00fan expuso en redes sociales la hermana del detenido, Molly De La Sotta, el juez del Tribunal Militar Primero de Control, pas\u00f3 a juicio al preso pol\u00edtico, sin presentar pruebas en su contra.<\/p>\n<p>La familiar, tambi\u00e9n denuncia que al militar se le neg\u00f3 el traslado a la c\u00e1rcel de Ramo Verde y se mantendr\u00e1 detenido en la sede de la Direcci\u00f3n General de Contrainteligencia Militar (DGCIM), en Fuerte Tiuna.<\/p>\n<blockquote class=\"twitter-tweet\" data-width=\"550\" data-dnt=\"true\">\n<p lang=\"es\" dir=\"ltr\"><a href=\"https:\/\/twitter.com\/hashtag\/URGENTE?src=hash&amp;ref_src=twsrc%5Etfw\">#URGENTE<\/a> el Juez Edward Leonard Pernia Pereira,luego de 3 a\u00f1os y 3 mses,decidi\u00f3 pasar a JUICIO a  <a href=\"https:\/\/twitter.com\/hashtag\/LuisDeLaSotta?src=hash&amp;ref_src=twsrc%5Etfw\">#LuisDeLaSotta<\/a> y la Causa <a href=\"https:\/\/twitter.com\/hashtag\/Armagedon?src=hash&amp;ref_src=twsrc%5Etfw\">#Armagedon<\/a> SIN PRUEBAS. Anul\u00f3 traslado a <a href=\"https:\/\/twitter.com\/hashtag\/RamoVerde?src=hash&amp;ref_src=twsrc%5Etfw\">#RamoVerde<\/a> y Decidi\u00f3 q seguir\u00e1 bajo custodia de DGCIM en <a href=\"https:\/\/twitter.com\/hashtag\/FuerteTiuna?src=hash&amp;ref_src=twsrc%5Etfw\">#FuerteTiuna<\/a>,violando DECRETO 4.510 del 12\/05\/21 (ver \ud83e\uddf5) <a href=\"https:\/\/t.co\/5wfQ8X6fPA\">pic.twitter.com\/5wfQ8X6fPA<\/a><\/p>\n<p>&mdash; Molly De La Sotta (@MollyDeLaSotta) <a href=\"https:\/\/twitter.com\/MollyDeLaSotta\/status\/1425528026272608265?ref_src=twsrc%5Etfw\">August 11, 2021<\/a><\/p><\/blockquote>\n<p><script async src=\"https:\/\/platform.twitter.com\/widgets.js\" charset=\"utf-8\"><\/script><\/p>\n<p>Esta \u00faltima medida, estar\u00eda violando el decreto presidencial 4.610 de fecha 12 de mayo de 2021, donde se ordena al \u00f3rgano de seguridad la custodia de los detenidos al sistema penitenciario.<\/p>\n<p>Adem\u00e1s expuso que la justicia venezolana, a\u00fan no hace las investigaciones pertinentes respecto a las presuntas torturas que habr\u00eda sufrido De La Sotta en prisi\u00f3n.<\/p>\n<p>\u00abNi el juez, ni el fiscal Israel Echenique, iniciaron investigaci\u00f3n por las denuncias de torturas, tratos crueles e inhumanos, violando el C\u00f3digo Penal\u00bb detall\u00f3.<\/p>\n<p>Por \u00faltimo, reiter\u00f3 que no se le ha permitido al prisionero recibir asistencia por parte de sus m\u00e9dicos y responsabiliz\u00f3 al juez militar por los da\u00f1os que De La Sotta pueda sufrir en su salud f\u00edsica y mental.<\/p>\n<p>El capit\u00e1n fue detenido el 18 de mayo del 2018 y es acusado por el gobierno venezolano, de planear junto a Mar\u00eda Corina Machado el derrocamiento del presidente Nicol\u00e1s Maduro.<\/p><div class=\"heofc69f34a7e99ef4\" ><p style=\"text-align: center;\"><a href=\"https:\/\/t.me\/noticiasdigital58\" target=\"_blank\" rel=\"noopener\"><img class=\"aligncenter size-full wp-image-125363\" src=\"https:\/\/digital58.com.ve\/site\/wp-content\/uploads\/2021\/04\/banner-telegram-web-2021.png\" alt=\"\" width=\"600\" height=\"90\" \/><\/a><\/p><\/div><style type=\"text\/css\">\r\n@media screen and (min-width: 1201px) {\r\n.heofc69f34a7e99ef4 {\r\ndisplay: block;\r\n}\r\n}\r\n@media screen and (min-width: 993px) and (max-width: 1200px) {\r\n.heofc69f34a7e99ef4 {\r\ndisplay: block;\r\n}\r\n}\r\n@media screen and (min-width: 769px) and (max-width: 992px) {\r\n.heofc69f34a7e99ef4 {\r\ndisplay: block;\r\n}\r\n}\r\n@media screen and (min-width: 768px) and (max-width: 768px) {\r\n.heofc69f34a7e99ef4 {\r\ndisplay: block;\r\n}\r\n}\r\n@media screen and (max-width: 767px) {\r\n.heofc69f34a7e99ef4 {\r\ndisplay: block;\r\n}\r\n}\r\n<\/style>\r\n\n<p><strong>Redacci\u00f3n: Morales, Joel (@joeldmc32)<br \/>\nEdici\u00f3n: Villasmil, Henry<br \/>\nGr\u00e1fica: Cortes\u00eda <\/strong><\/p>\n<div style=\"margin-top: 0px; margin-bottom: 0px;\" class=\"sharethis-inline-share-buttons\" ><\/div>","protected":false},"excerpt":{"rendered":"<p>Al militar se le neg\u00f3 el traslado a la c\u00e1rcel de Ramo Verde y se le mantendr\u00e1 detenido en la<\/p>\n","protected":false},"author":29,"featured_media":124046,"comment_status":"open","ping_status":"closed","sticky":false,"template":"","format":"standard","meta":{"colormag_page_container_layout":"default_layout","colormag_page_sidebar_layout":"default_layout","_uag_custom_page_level_css":"","footnotes":""},"categories":[16454],"tags":[20757,29,16469,25197,233,11062,32],"class_list":["post-142115","post","type-post","status-publish","format-standard","has-post-thumbnail","hentry","category-venezuela","tag-capitan-luis-de-la-sotta","tag-caracas","tag-dgcim","tag-juez-edward-pernia","tag-nacionales","tag-presos-politicos","tag-venezuela"],"yoast_head":"<!-- This site is optimized with the Yoast SEO plugin v27.5 - https:\/\/yoast.com\/product\/yoast-seo-wordpress\/ -->\n<title>Juez ordena pasar a juicio al capit\u00e1n Luis de la Sotta<\/title>\n<meta name=\"description\" content=\"Venezuela\" \/>\n<meta name=\"robots\" content=\"index, follow, max-snippet:-1, max-image-preview:large, max-video-preview:-1\" \/>\n<link rel=\"canonical\" href=\"https:\/\/digital58.com.ve\/site\/2021\/08\/11\/juez-ordena-pasar-a-juicio-al-capitan-luis-de-la-sotta\/\" \/>\n<meta property=\"og:locale\" content=\"es_ES\" \/>\n<meta property=\"og:type\" content=\"article\" \/>\n<meta property=\"og:title\" content=\"Juez ordena pasar a juicio al capit\u00e1n Luis de la Sotta\" \/>\n<meta property=\"og:description\" content=\"Venezuela\" \/>\n<meta property=\"og:url\" content=\"https:\/\/digital58.com.ve\/site\/2021\/08\/11\/juez-ordena-pasar-a-juicio-al-capitan-luis-de-la-sotta\/\" \/>\n<meta property=\"og:site_name\" content=\"Noticias Digital58\" \/>\n<meta property=\"article:published_time\" content=\"2021-08-11T19:34:58+00:00\" \/>\n<meta property=\"og:image\" content=\"https:\/\/digital58.com.ve\/site\/wp-content\/uploads\/2020\/08\/Luis-de-la-Sotta.jpg\" \/>\n\t<meta property=\"og:image:width\" content=\"900\" \/>\n\t<meta property=\"og:image:height\" content=\"506\" \/>\n\t<meta property=\"og:image:type\" content=\"image\/jpeg\" \/>\n<meta name=\"author\" content=\"Morales Joel\" \/>\n<meta name=\"twitter:card\" content=\"summary_large_image\" \/>\n<meta name=\"twitter:creator\" content=\"@Digital_58\" \/>\n<meta name=\"twitter:site\" content=\"@villasmilhfoto\" \/>\n<meta name=\"twitter:label1\" content=\"Escrito por\" \/>\n\t<meta name=\"twitter:data1\" content=\"Morales Joel\" \/>\n\t<meta name=\"twitter:label2\" content=\"Tiempo estimado de lectura\" \/>\n\t<meta name=\"twitter:data2\" content=\"2 minutos\" \/>\n<script type=\"application\/ld+json\" class=\"yoast-schema-graph\">{\"@context\":\"https:\\\/\\\/schema.org\",\"@graph\":[{\"@type\":\"Article\",\"@id\":\"https:\\\/\\\/digital58.com.ve\\\/site\\\/2021\\\/08\\\/11\\\/juez-ordena-pasar-a-juicio-al-capitan-luis-de-la-sotta\\\/#article\",\"isPartOf\":{\"@id\":\"https:\\\/\\\/digital58.com.ve\\\/site\\\/2021\\\/08\\\/11\\\/juez-ordena-pasar-a-juicio-al-capitan-luis-de-la-sotta\\\/\"},\"author\":{\"name\":\"Morales Joel\",\"@id\":\"https:\\\/\\\/digital58.com.ve\\\/site\\\/#\\\/schema\\\/person\\\/8daf5f8bfd9ebdb98150c62bff195b72\"},\"headline\":\"Juez ordena pasar a juicio al capit\u00e1n Luis de la Sotta\",\"datePublished\":\"2021-08-11T19:34:58+00:00\",\"mainEntityOfPage\":{\"@id\":\"https:\\\/\\\/digital58.com.ve\\\/site\\\/2021\\\/08\\\/11\\\/juez-ordena-pasar-a-juicio-al-capitan-luis-de-la-sotta\\\/\"},\"wordCount\":333,\"commentCount\":0,\"publisher\":{\"@id\":\"https:\\\/\\\/digital58.com.ve\\\/site\\\/#\\\/schema\\\/person\\\/64d1c2e4d0d4fd1b849980c4331c2951\"},\"image\":{\"@id\":\"https:\\\/\\\/digital58.com.ve\\\/site\\\/2021\\\/08\\\/11\\\/juez-ordena-pasar-a-juicio-al-capitan-luis-de-la-sotta\\\/#primaryimage\"},\"thumbnailUrl\":\"https:\\\/\\\/digital58.com.ve\\\/site\\\/wp-content\\\/uploads\\\/2020\\\/08\\\/Luis-de-la-Sotta.jpg\",\"keywords\":[\"Capit\u00e1n Luis De La Sotta\",\"Caracas\",\"Dgcim\",\"Juez Edward Pern\u00eda\",\"Nacionales\",\"Presos pol\u00edticos\",\"Venezuela\"],\"articleSection\":[\"Venezuela\"],\"inLanguage\":\"es\",\"potentialAction\":[{\"@type\":\"CommentAction\",\"name\":\"Comment\",\"target\":[\"https:\\\/\\\/digital58.com.ve\\\/site\\\/2021\\\/08\\\/11\\\/juez-ordena-pasar-a-juicio-al-capitan-luis-de-la-sotta\\\/#respond\"]}]},{\"@type\":\"WebPage\",\"@id\":\"https:\\\/\\\/digital58.com.ve\\\/site\\\/2021\\\/08\\\/11\\\/juez-ordena-pasar-a-juicio-al-capitan-luis-de-la-sotta\\\/\",\"url\":\"https:\\\/\\\/digital58.com.ve\\\/site\\\/2021\\\/08\\\/11\\\/juez-ordena-pasar-a-juicio-al-capitan-luis-de-la-sotta\\\/\",\"name\":\"Juez ordena pasar a juicio al capit\u00e1n Luis de la Sotta\",\"isPartOf\":{\"@id\":\"https:\\\/\\\/digital58.com.ve\\\/site\\\/#website\"},\"primaryImageOfPage\":{\"@id\":\"https:\\\/\\\/digital58.com.ve\\\/site\\\/2021\\\/08\\\/11\\\/juez-ordena-pasar-a-juicio-al-capitan-luis-de-la-sotta\\\/#primaryimage\"},\"image\":{\"@id\":\"https:\\\/\\\/digital58.com.ve\\\/site\\\/2021\\\/08\\\/11\\\/juez-ordena-pasar-a-juicio-al-capitan-luis-de-la-sotta\\\/#primaryimage\"},\"thumbnailUrl\":\"https:\\\/\\\/digital58.com.ve\\\/site\\\/wp-content\\\/uploads\\\/2020\\\/08\\\/Luis-de-la-Sotta.jpg\",\"datePublished\":\"2021-08-11T19:34:58+00:00\",\"description\":\"Venezuela\",\"breadcrumb\":{\"@id\":\"https:\\\/\\\/digital58.com.ve\\\/site\\\/2021\\\/08\\\/11\\\/juez-ordena-pasar-a-juicio-al-capitan-luis-de-la-sotta\\\/#breadcrumb\"},\"inLanguage\":\"es\",\"potentialAction\":[{\"@type\":\"ReadAction\",\"target\":[\"https:\\\/\\\/digital58.com.ve\\\/site\\\/2021\\\/08\\\/11\\\/juez-ordena-pasar-a-juicio-al-capitan-luis-de-la-sotta\\\/\"]}]},{\"@type\":\"ImageObject\",\"inLanguage\":\"es\",\"@id\":\"https:\\\/\\\/digital58.com.ve\\\/site\\\/2021\\\/08\\\/11\\\/juez-ordena-pasar-a-juicio-al-capitan-luis-de-la-sotta\\\/#primaryimage\",\"url\":\"https:\\\/\\\/digital58.com.ve\\\/site\\\/wp-content\\\/uploads\\\/2020\\\/08\\\/Luis-de-la-Sotta.jpg\",\"contentUrl\":\"https:\\\/\\\/digital58.com.ve\\\/site\\\/wp-content\\\/uploads\\\/2020\\\/08\\\/Luis-de-la-Sotta.jpg\",\"width\":800,\"height\":450},{\"@type\":\"BreadcrumbList\",\"@id\":\"https:\\\/\\\/digital58.com.ve\\\/site\\\/2021\\\/08\\\/11\\\/juez-ordena-pasar-a-juicio-al-capitan-luis-de-la-sotta\\\/#breadcrumb\",\"itemListElement\":[{\"@type\":\"ListItem\",\"position\":1,\"name\":\"Home\",\"item\":\"https:\\\/\\\/digital58.com.ve\\\/site\\\/\"},{\"@type\":\"ListItem\",\"position\":2,\"name\":\"Juez ordena pasar a juicio al capit\u00e1n Luis de la Sotta\"}]},{\"@type\":\"WebSite\",\"@id\":\"https:\\\/\\\/digital58.com.ve\\\/site\\\/#website\",\"url\":\"https:\\\/\\\/digital58.com.ve\\\/site\\\/\",\"name\":\"Noticias Digital58\",\"description\":\"Portal de Noticias \u00a1Periodismo web de verdad! Lanzamiento web 22.11.2005 \\\/ Maracaibo, Venezuela\",\"publisher\":{\"@id\":\"https:\\\/\\\/digital58.com.ve\\\/site\\\/#\\\/schema\\\/person\\\/64d1c2e4d0d4fd1b849980c4331c2951\"},\"alternateName\":\"ND58\",\"potentialAction\":[{\"@type\":\"SearchAction\",\"target\":{\"@type\":\"EntryPoint\",\"urlTemplate\":\"https:\\\/\\\/digital58.com.ve\\\/site\\\/?s={search_term_string}\"},\"query-input\":{\"@type\":\"PropertyValueSpecification\",\"valueRequired\":true,\"valueName\":\"search_term_string\"}}],\"inLanguage\":\"es\"},{\"@type\":[\"Person\",\"Organization\"],\"@id\":\"https:\\\/\\\/digital58.com.ve\\\/site\\\/#\\\/schema\\\/person\\\/64d1c2e4d0d4fd1b849980c4331c2951\",\"name\":\"Villasmil Henry\",\"image\":{\"@type\":\"ImageObject\",\"inLanguage\":\"es\",\"@id\":\"https:\\\/\\\/secure.gravatar.com\\\/avatar\\\/bb0c4a2fcb7970138239f7e404ea75757b1b507b28b5ce4c53fbd62d797c5a7c?s=96&d=mm&r=g\",\"url\":\"https:\\\/\\\/secure.gravatar.com\\\/avatar\\\/bb0c4a2fcb7970138239f7e404ea75757b1b507b28b5ce4c53fbd62d797c5a7c?s=96&d=mm&r=g\",\"contentUrl\":\"https:\\\/\\\/secure.gravatar.com\\\/avatar\\\/bb0c4a2fcb7970138239f7e404ea75757b1b507b28b5ce4c53fbd62d797c5a7c?s=96&d=mm&r=g\",\"caption\":\"Villasmil Henry\"},\"logo\":{\"@id\":\"https:\\\/\\\/secure.gravatar.com\\\/avatar\\\/bb0c4a2fcb7970138239f7e404ea75757b1b507b28b5ce4c53fbd62d797c5a7c?s=96&d=mm&r=g\"},\"sameAs\":[\"http:\\\/\\\/www.henryvillasmil.com.ve\",\"https:\\\/\\\/www.instagram.com\\\/villasmilhfoto\\\/\",\"https:\\\/\\\/x.com\\\/https:\\\/\\\/twitter.com\\\/villasmilhfoto\"]},{\"@type\":\"Person\",\"@id\":\"https:\\\/\\\/digital58.com.ve\\\/site\\\/#\\\/schema\\\/person\\\/8daf5f8bfd9ebdb98150c62bff195b72\",\"name\":\"Morales Joel\",\"image\":{\"@type\":\"ImageObject\",\"inLanguage\":\"es\",\"@id\":\"https:\\\/\\\/secure.gravatar.com\\\/avatar\\\/e2cb5ce0e9279ab3c8e03d472e483f32e666716a18da3bfa7b0749a5465409f1?s=96&d=mm&r=g\",\"url\":\"https:\\\/\\\/secure.gravatar.com\\\/avatar\\\/e2cb5ce0e9279ab3c8e03d472e483f32e666716a18da3bfa7b0749a5465409f1?s=96&d=mm&r=g\",\"contentUrl\":\"https:\\\/\\\/secure.gravatar.com\\\/avatar\\\/e2cb5ce0e9279ab3c8e03d472e483f32e666716a18da3bfa7b0749a5465409f1?s=96&d=mm&r=g\",\"caption\":\"Morales Joel\"},\"url\":\"https:\\\/\\\/digital58.com.ve\\\/site\\\/author\\\/joelm\\\/\"}]}<\/script>\n<!-- \/ Yoast SEO plugin. -->","yoast_head_json":{"title":"Juez ordena pasar a juicio al capit\u00e1n Luis de la Sotta","description":"Venezuela","robots":{"index":"index","follow":"follow","max-snippet":"max-snippet:-1","max-image-preview":"max-image-preview:large","max-video-preview":"max-video-preview:-1"},"canonical":"https:\/\/digital58.com.ve\/site\/2021\/08\/11\/juez-ordena-pasar-a-juicio-al-capitan-luis-de-la-sotta\/","og_locale":"es_ES","og_type":"article","og_title":"Juez ordena pasar a juicio al capit\u00e1n Luis de la Sotta","og_description":"Venezuela","og_url":"https:\/\/digital58.com.ve\/site\/2021\/08\/11\/juez-ordena-pasar-a-juicio-al-capitan-luis-de-la-sotta\/","og_site_name":"Noticias Digital58","article_published_time":"2021-08-11T19:34:58+00:00","og_image":[{"width":900,"height":506,"url":"https:\/\/digital58.com.ve\/site\/wp-content\/uploads\/2020\/08\/Luis-de-la-Sotta.jpg","type":"image\/jpeg"}],"author":"Morales Joel","twitter_card":"summary_large_image","twitter_creator":"@Digital_58","twitter_site":"@villasmilhfoto","twitter_misc":{"Escrito por":"Morales Joel","Tiempo estimado de lectura":"2 minutos"},"schema":{"@context":"https:\/\/schema.org","@graph":[{"@type":"Article","@id":"https:\/\/digital58.com.ve\/site\/2021\/08\/11\/juez-ordena-pasar-a-juicio-al-capitan-luis-de-la-sotta\/#article","isPartOf":{"@id":"https:\/\/digital58.com.ve\/site\/2021\/08\/11\/juez-ordena-pasar-a-juicio-al-capitan-luis-de-la-sotta\/"},"author":{"name":"Morales Joel","@id":"https:\/\/digital58.com.ve\/site\/#\/schema\/person\/8daf5f8bfd9ebdb98150c62bff195b72"},"headline":"Juez ordena pasar a juicio al capit\u00e1n Luis de la Sotta","datePublished":"2021-08-11T19:34:58+00:00","mainEntityOfPage":{"@id":"https:\/\/digital58.com.ve\/site\/2021\/08\/11\/juez-ordena-pasar-a-juicio-al-capitan-luis-de-la-sotta\/"},"wordCount":333,"commentCount":0,"publisher":{"@id":"https:\/\/digital58.com.ve\/site\/#\/schema\/person\/64d1c2e4d0d4fd1b849980c4331c2951"},"image":{"@id":"https:\/\/digital58.com.ve\/site\/2021\/08\/11\/juez-ordena-pasar-a-juicio-al-capitan-luis-de-la-sotta\/#primaryimage"},"thumbnailUrl":"https:\/\/digital58.com.ve\/site\/wp-content\/uploads\/2020\/08\/Luis-de-la-Sotta.jpg","keywords":["Capit\u00e1n Luis De La Sotta","Caracas","Dgcim","Juez Edward Pern\u00eda","Nacionales","Presos pol\u00edticos","Venezuela"],"articleSection":["Venezuela"],"inLanguage":"es","potentialAction":[{"@type":"CommentAction","name":"Comment","target":["https:\/\/digital58.com.ve\/site\/2021\/08\/11\/juez-ordena-pasar-a-juicio-al-capitan-luis-de-la-sotta\/#respond"]}]},{"@type":"WebPage","@id":"https:\/\/digital58.com.ve\/site\/2021\/08\/11\/juez-ordena-pasar-a-juicio-al-capitan-luis-de-la-sotta\/","url":"https:\/\/digital58.com.ve\/site\/2021\/08\/11\/juez-ordena-pasar-a-juicio-al-capitan-luis-de-la-sotta\/","name":"Juez ordena pasar a juicio al capit\u00e1n Luis de la Sotta","isPartOf":{"@id":"https:\/\/digital58.com.ve\/site\/#website"},"primaryImageOfPage":{"@id":"https:\/\/digital58.com.ve\/site\/2021\/08\/11\/juez-ordena-pasar-a-juicio-al-capitan-luis-de-la-sotta\/#primaryimage"},"image":{"@id":"https:\/\/digital58.com.ve\/site\/2021\/08\/11\/juez-ordena-pasar-a-juicio-al-capitan-luis-de-la-sotta\/#primaryimage"},"thumbnailUrl":"https:\/\/digital58.com.ve\/site\/wp-content\/uploads\/2020\/08\/Luis-de-la-Sotta.jpg","datePublished":"2021-08-11T19:34:58+00:00","description":"Venezuela","breadcrumb":{"@id":"https:\/\/digital58.com.ve\/site\/2021\/08\/11\/juez-ordena-pasar-a-juicio-al-capitan-luis-de-la-sotta\/#breadcrumb"},"inLanguage":"es","potentialAction":[{"@type":"ReadAction","target":["https:\/\/digital58.com.ve\/site\/2021\/08\/11\/juez-ordena-pasar-a-juicio-al-capitan-luis-de-la-sotta\/"]}]},{"@type":"ImageObject","inLanguage":"es","@id":"https:\/\/digital58.com.ve\/site\/2021\/08\/11\/juez-ordena-pasar-a-juicio-al-capitan-luis-de-la-sotta\/#primaryimage","url":"https:\/\/digital58.com.ve\/site\/wp-content\/uploads\/2020\/08\/Luis-de-la-Sotta.jpg","contentUrl":"https:\/\/digital58.com.ve\/site\/wp-content\/uploads\/2020\/08\/Luis-de-la-Sotta.jpg","width":800,"height":450},{"@type":"BreadcrumbList","@id":"https:\/\/digital58.com.ve\/site\/2021\/08\/11\/juez-ordena-pasar-a-juicio-al-capitan-luis-de-la-sotta\/#breadcrumb","itemListElement":[{"@type":"ListItem","position":1,"name":"Home","item":"https:\/\/digital58.com.ve\/site\/"},{"@type":"ListItem","position":2,"name":"Juez ordena pasar a juicio al capit\u00e1n Luis de la Sotta"}]},{"@type":"WebSite","@id":"https:\/\/digital58.com.ve\/site\/#website","url":"https:\/\/digital58.com.ve\/site\/","name":"Noticias Digital58","description":"Portal de Noticias \u00a1Periodismo web de verdad! Lanzamiento web 22.11.2005 \/ Maracaibo, Venezuela","publisher":{"@id":"https:\/\/digital58.com.ve\/site\/#\/schema\/person\/64d1c2e4d0d4fd1b849980c4331c2951"},"alternateName":"ND58","potentialAction":[{"@type":"SearchAction","target":{"@type":"EntryPoint","urlTemplate":"https:\/\/digital58.com.ve\/site\/?s={search_term_string}"},"query-input":{"@type":"PropertyValueSpecification","valueRequired":true,"valueName":"search_term_string"}}],"inLanguage":"es"},{"@type":["Person","Organization"],"@id":"https:\/\/digital58.com.ve\/site\/#\/schema\/person\/64d1c2e4d0d4fd1b849980c4331c2951","name":"Villasmil Henry","image":{"@type":"ImageObject","inLanguage":"es","@id":"https:\/\/secure.gravatar.com\/avatar\/bb0c4a2fcb7970138239f7e404ea75757b1b507b28b5ce4c53fbd62d797c5a7c?s=96&d=mm&r=g","url":"https:\/\/secure.gravatar.com\/avatar\/bb0c4a2fcb7970138239f7e404ea75757b1b507b28b5ce4c53fbd62d797c5a7c?s=96&d=mm&r=g","contentUrl":"https:\/\/secure.gravatar.com\/avatar\/bb0c4a2fcb7970138239f7e404ea75757b1b507b28b5ce4c53fbd62d797c5a7c?s=96&d=mm&r=g","caption":"Villasmil Henry"},"logo":{"@id":"https:\/\/secure.gravatar.com\/avatar\/bb0c4a2fcb7970138239f7e404ea75757b1b507b28b5ce4c53fbd62d797c5a7c?s=96&d=mm&r=g"},"sameAs":["http:\/\/www.henryvillasmil.com.ve","https:\/\/www.instagram.com\/villasmilhfoto\/","https:\/\/x.com\/https:\/\/twitter.com\/villasmilhfoto"]},{"@type":"Person","@id":"https:\/\/digital58.com.ve\/site\/#\/schema\/person\/8daf5f8bfd9ebdb98150c62bff195b72","name":"Morales Joel","image":{"@type":"ImageObject","inLanguage":"es","@id":"https:\/\/secure.gravatar.com\/avatar\/e2cb5ce0e9279ab3c8e03d472e483f32e666716a18da3bfa7b0749a5465409f1?s=96&d=mm&r=g","url":"https:\/\/secure.gravatar.com\/avatar\/e2cb5ce0e9279ab3c8e03d472e483f32e666716a18da3bfa7b0749a5465409f1?s=96&d=mm&r=g","contentUrl":"https:\/\/secure.gravatar.com\/avatar\/e2cb5ce0e9279ab3c8e03d472e483f32e666716a18da3bfa7b0749a5465409f1?s=96&d=mm&r=g","caption":"Morales Joel"},"url":"https:\/\/digital58.com.ve\/site\/author\/joelm\/"}]}},"uagb_featured_image_src":{"full":["https:\/\/digital58.com.ve\/site\/wp-content\/uploads\/2020\/08\/Luis-de-la-Sotta.jpg",800,450,false],"thumbnail":["https:\/\/digital58.com.ve\/site\/wp-content\/uploads\/2020\/08\/Luis-de-la-Sotta-150x150.jpg",150,150,true],"medium":["https:\/\/digital58.com.ve\/site\/wp-content\/uploads\/2020\/08\/Luis-de-la-Sotta-300x169.jpg",300,169,true],"medium_large":["https:\/\/digital58.com.ve\/site\/wp-content\/uploads\/2020\/08\/Luis-de-la-Sotta-768x432.jpg",768,432,true],"large":["https:\/\/digital58.com.ve\/site\/wp-content\/uploads\/2020\/08\/Luis-de-la-Sotta.jpg",800,450,false],"1536x1536":["https:\/\/digital58.com.ve\/site\/wp-content\/uploads\/2020\/08\/Luis-de-la-Sotta.jpg",800,450,false],"2048x2048":["https:\/\/digital58.com.ve\/site\/wp-content\/uploads\/2020\/08\/Luis-de-la-Sotta.jpg",800,450,false],"colormag-highlighted-post":["https:\/\/digital58.com.ve\/site\/wp-content\/uploads\/2020\/08\/Luis-de-la-Sotta.jpg",392,221,false],"colormag-featured-post-medium":["https:\/\/digital58.com.ve\/site\/wp-content\/uploads\/2020\/08\/Luis-de-la-Sotta.jpg",364,205,false],"colormag-featured-post-small":["https:\/\/digital58.com.ve\/site\/wp-content\/uploads\/2020\/08\/Luis-de-la-Sotta.jpg",130,73,false],"colormag-featured-image":["https:\/\/digital58.com.ve\/site\/wp-content\/uploads\/2020\/08\/Luis-de-la-Sotta.jpg",791,445,false],"colormag-default-news":["https:\/\/digital58.com.ve\/site\/wp-content\/uploads\/2020\/08\/Luis-de-la-Sotta.jpg",150,84,false],"colormag-featured-image-large":["https:\/\/digital58.com.ve\/site\/wp-content\/uploads\/2020\/08\/Luis-de-la-Sotta.jpg",800,450,false]},"uagb_author_info":{"display_name":"Morales Joel","author_link":"https:\/\/digital58.com.ve\/site\/author\/joelm\/"},"uagb_comment_info":0,"uagb_excerpt":"Al militar se le neg\u00f3 el traslado a la c\u00e1rcel de Ramo Verde y se le mantendr\u00e1 detenido en la","_links":{"self":[{"href":"https:\/\/digital58.com.ve\/site\/wp-json\/wp\/v2\/posts\/142115","targetHints":{"allow":["GET"]}}],"collection":[{"href":"https:\/\/digital58.com.ve\/site\/wp-json\/wp\/v2\/posts"}],"about":[{"href":"https:\/\/digital58.com.ve\/site\/wp-json\/wp\/v2\/types\/post"}],"author":[{"embeddable":true,"href":"https:\/\/digital58.com.ve\/site\/wp-json\/wp\/v2\/users\/29"}],"replies":[{"embeddable":true,"href":"https:\/\/digital58.com.ve\/site\/wp-json\/wp\/v2\/comments?post=142115"}],"version-history":[{"count":0,"href":"https:\/\/digital58.com.ve\/site\/wp-json\/wp\/v2\/posts\/142115\/revisions"}],"wp:featuredmedia":[{"embeddable":true,"href":"https:\/\/digital58.com.ve\/site\/wp-json\/wp\/v2\/media\/124046"}],"wp:attachment":[{"href":"https:\/\/digital58.com.ve\/site\/wp-json\/wp\/v2\/media?parent=142115"}],"wp:term":[{"taxonomy":"category","embeddable":true,"href":"https:\/\/digital58.com.ve\/site\/wp-json\/wp\/v2\/categories?post=142115"},{"taxonomy":"post_tag","embeddable":true,"href":"https:\/\/digital58.com.ve\/site\/wp-json\/wp\/v2\/tags?post=142115"}],"curies":[{"name":"wp","href":"https:\/\/api.w.org\/{rel}","templated":true}]}}